{"id":15886,"date":"2023-03-20T15:23:41","date_gmt":"2023-03-20T18:23:41","guid":{"rendered":"https:\/\/renatodias.online\/movimento\/?p=15886"},"modified":"2023-03-22T22:19:40","modified_gmt":"2023-03-23T01:19:40","slug":"defensoria-quer-reserva-de-5","status":"publish","type":"post","link":"https:\/\/renatodias.online\/movimento\/2023\/03\/20\/defensoria-quer-reserva-de-5\/","title":{"rendered":"Defensoria quer reserva de 5%"},"content":{"rendered":"<p><strong><img loading=\"lazy\" decoding=\"async\" class=\"size-full wp-image-11298 aligncenter\" src=\"https:\/\/renatodias.online\/movimento\/wp-content\/uploads\/2022\/03\/Entrevista-Especial.png\" alt=\"\" width=\"225\" height=\"225\" srcset=\"https:\/\/renatodias.online\/movimento\/wp-content\/uploads\/2022\/03\/Entrevista-Especial.png 225w, https:\/\/renatodias.online\/movimento\/wp-content\/uploads\/2022\/03\/Entrevista-Especial-150x150.png 150w\" sizes=\"auto, (max-width: 225px) 100vw, 225px\" \/><\/strong><\/p>\n<h1 style=\"text-align: center;\"><span style=\"color: #0000ff;\"><strong>A\u00e7\u00e3o contra veto do Pa\u00e7o<\/strong><\/span><\/h1>\n<p><img loading=\"lazy\" decoding=\"async\" class=\"size-medium wp-image-8228 aligncenter\" src=\"https:\/\/renatodias.online\/movimento\/wp-content\/uploads\/2021\/08\/Justica-do-Trabalho-300x166.jpg\" alt=\"\" width=\"300\" height=\"166\" srcset=\"https:\/\/renatodias.online\/movimento\/wp-content\/uploads\/2021\/08\/Justica-do-Trabalho-300x166.jpg 300w, https:\/\/renatodias.online\/movimento\/wp-content\/uploads\/2021\/08\/Justica-do-Trabalho.jpg 302w\" sizes=\"auto, (max-width: 300px) 100vw, 300px\" \/><\/p>\n<h1 style=\"text-align: center;\"><span style=\"color: #0000ff;\"><strong>Projeto de lei de Rom\u00e1rio Policarpo&nbsp;<\/strong><\/span><\/h1>\n<p><span style=\"color: #ff0000;\"><strong>Renato Dias&nbsp;<\/strong><\/span><\/p>\n<p>Documento assinado pelo Defensor P\u00fablico Geral do Estado de Goi\u00e1s,&nbsp;<strong>Tiago Greg\u00f3rio Fernandes<\/strong>, e j\u00e1 protocolado no Tribunal de Justi\u00e7a Estadual [TJ-GO]prop\u00f5e que o Poder Judici\u00e1rio recuse o recurso da Prefeitura de Goi\u00e2nia contra o projeto de lei de autoria de <strong>Rom\u00e1rio Policarpo<\/strong>. Mensagem aprovada em plen\u00e1rio da C\u00e2mara Municipal da capital que estabelece uma reserva, uma cota, de 5% de vagas em obras p\u00fablicas de infraestrutura a moradores em situa\u00e7\u00e3o de rua.<\/p>\n<blockquote>\n<h1><span style=\"color: #0000ff;\"><strong>Moradores em situa\u00e7\u00e3o de rua na Capital<\/strong><\/span><\/h1>\n<\/blockquote>\n<p>A demanda envolve o interesse de inclus\u00e3o de um setor da popula\u00e7\u00e3o em um quadro de vulnerabilidade social, para a sua reinser\u00e7\u00e3o cidad\u00e3 nos mercados de trabalho formal e de consumo, indispens\u00e1veis ao exerc\u00edcio da vida com dignidade, justifica a Defensoria P\u00fablica do Estado. Em tempo: na sociedade na primeira metade do s\u00e9culo 21. Presidente do Legislativo, <strong>Rom\u00e1rio Policarpo<\/strong> acredita que o veto do Pa\u00e7o ser\u00e1 derrubado. A lei tem amparo na Constitui\u00e7\u00e3o Federal, explica<\/p>\n<blockquote>\n<h1><span style=\"color: #0000ff;\"><strong>Lei tem amparo na Carta Magna de 1988<\/strong><\/span><\/h1>\n<\/blockquote>\n<figure id=\"attachment_15480\" aria-describedby=\"caption-attachment-15480\" style=\"width: 1518px\" class=\"wp-caption alignnone\"><img loading=\"lazy\" decoding=\"async\" class=\"wp-image-15480 size-full\" src=\"https:\/\/renatodias.online\/movimento\/wp-content\/uploads\/2023\/02\/Bruno-Peixoto-Ronaldo-Caiado-Daniel-Vilela-e-Romario-Policarpo.jpg\" alt=\"\" width=\"1518\" height=\"1010\"><figcaption id=\"caption-attachment-15480\" class=\"wp-caption-text\"><strong>Bruno Peixoto, Ronaldo Caiado, Daniel Vilela e Rom\u00e1rio Policarpo<\/strong><\/figcaption><\/figure>\n","protected":false},"excerpt":{"rendered":"<p>A\u00e7\u00e3o contra veto do Pa\u00e7o Projeto de lei de Rom\u00e1rio Policarpo&nbsp; Renato Dias&nbsp; Documento assinado pelo Defensor P\u00fablico Geral do Estado de Goi\u00e1s,&nbsp;Tiago Greg\u00f3rio Fernandes, e j\u00e1 protocolado no Tribunal de Justi\u00e7a Estadual [TJ-GO]prop\u00f5e que o Poder Judici\u00e1rio recuse o recurso da Prefeitura de Goi\u00e2nia contra o projeto de lei de autoria de Rom\u00e1rio Policarpo.<\/p>\n","protected":false},"author":2,"featured_media":12519,"comment_status":"open","ping_status":"open","sticky":false,"template":"","format":"standard","meta":{"_acf_changed":false,"_monsterinsights_skip_tracking":false,"_monsterinsights_sitenote_active":false,"_monsterinsights_sitenote_note":"","_monsterinsights_sitenote_category":0,"footnotes":""},"categories":[9],"tags":[],"class_list":["post-15886","post","type-post","status-publish","format-standard","has-post-thumbnail","hentry","category-cidade"],"acf":[],"yoast_head":"<!-- This site is optimized with the Yoast SEO plugin v27.4 - https:\/\/yoast.com\/product\/yoast-seo-wordpress\/ -->\n<title>Defensoria quer reserva de 5% -<\/title>\n<meta name=\"robots\" content=\"index, follow, max-snippet:-1, max-image-preview:large, max-video-preview:-1\" \/>\n<link rel=\"canonical\" href=\"https:\/\/renatodias.online\/movimento\/2023\/03\/20\/defensoria-quer-reserva-de-5\/\" \/>\n<meta property=\"og:locale\" content=\"pt_BR\" \/>\n<meta property=\"og:type\" content=\"article\" \/>\n<meta property=\"og:title\" content=\"Defensoria quer reserva de 5% -\" \/>\n<meta property=\"og:description\" content=\"A\u00e7\u00e3o contra veto do Pa\u00e7o Projeto de lei de Rom\u00e1rio Policarpo&nbsp; Renato Dias&nbsp; Documento assinado pelo Defensor P\u00fablico Geral do Estado de Goi\u00e1s,&nbsp;Tiago Greg\u00f3rio Fernandes, e j\u00e1 protocolado no Tribunal de Justi\u00e7a Estadual [TJ-GO]prop\u00f5e que o Poder Judici\u00e1rio recuse o recurso da Prefeitura de Goi\u00e2nia contra o projeto de lei de autoria de Rom\u00e1rio Policarpo.\" \/>\n<meta property=\"og:url\" content=\"https:\/\/renatodias.online\/movimento\/2023\/03\/20\/defensoria-quer-reserva-de-5\/\" \/>\n<meta property=\"article:publisher\" content=\"https:\/\/www.facebook.com\/renato.dias.37\" \/>\n<meta property=\"article:author\" content=\"https:\/\/www.facebook.com\/renato.dias.37\" \/>\n<meta property=\"article:published_time\" content=\"2023-03-20T18:23:41+00:00\" \/>\n<meta property=\"article:modified_time\" content=\"2023-03-23T01:19:40+00:00\" \/>\n<meta property=\"og:image\" content=\"https:\/\/renatodias.online\/movimento\/wp-content\/uploads\/2022\/05\/Romario-Policarpo-nova-e1679534370797.jpg\" \/>\n\t<meta property=\"og:image:width\" content=\"658\" \/>\n\t<meta property=\"og:image:height\" content=\"445\" \/>\n\t<meta property=\"og:image:type\" content=\"image\/jpeg\" \/>\n<meta name=\"author\" content=\"Renato Dias\" \/>\n<meta name=\"twitter:card\" content=\"summary_large_image\" \/>\n<meta name=\"twitter:creator\" content=\"@RenatoDiasBat\" \/>\n<meta name=\"twitter:site\" content=\"@RenatoDiasBat\" \/>\n<meta name=\"twitter:label1\" content=\"Escrito por\" \/>\n\t<meta name=\"twitter:data1\" content=\"Renato Dias\" \/>\n\t<meta name=\"twitter:label2\" content=\"Est. tempo de leitura\" \/>\n\t<meta name=\"twitter:data2\" content=\"2 minutos\" \/>\n<script type=\"application\/ld+json\" class=\"yoast-schema-graph\">{\"@context\":\"https:\\\/\\\/schema.org\",\"@graph\":[{\"@type\":\"Article\",\"@id\":\"https:\\\/\\\/renatodias.online\\\/movimento\\\/2023\\\/03\\\/20\\\/defensoria-quer-reserva-de-5\\\/#article\",\"isPartOf\":{\"@id\":\"https:\\\/\\\/renatodias.online\\\/movimento\\\/2023\\\/03\\\/20\\\/defensoria-quer-reserva-de-5\\\/\"},\"author\":{\"name\":\"Renato Dias\",\"@id\":\"https:\\\/\\\/renatodias.online\\\/movimento\\\/#\\\/schema\\\/person\\\/bbab28833b1725a20f4083f49f1fb2a9\"},\"headline\":\"Defensoria quer reserva de 5%\",\"datePublished\":\"2023-03-20T18:23:41+00:00\",\"dateModified\":\"2023-03-23T01:19:40+00:00\",\"mainEntityOfPage\":{\"@id\":\"https:\\\/\\\/renatodias.online\\\/movimento\\\/2023\\\/03\\\/20\\\/defensoria-quer-reserva-de-5\\\/\"},\"wordCount\":224,\"commentCount\":0,\"publisher\":{\"@id\":\"https:\\\/\\\/renatodias.online\\\/movimento\\\/#\\\/schema\\\/person\\\/bbab28833b1725a20f4083f49f1fb2a9\"},\"image\":{\"@id\":\"https:\\\/\\\/renatodias.online\\\/movimento\\\/2023\\\/03\\\/20\\\/defensoria-quer-reserva-de-5\\\/#primaryimage\"},\"thumbnailUrl\":\"https:\\\/\\\/renatodias.online\\\/movimento\\\/wp-content\\\/uploads\\\/2022\\\/05\\\/Romario-Policarpo-nova-e1687743075448.jpg\",\"articleSection\":[\"Cidade\"],\"inLanguage\":\"pt-BR\",\"potentialAction\":[{\"@type\":\"CommentAction\",\"name\":\"Comment\",\"target\":[\"https:\\\/\\\/renatodias.online\\\/movimento\\\/2023\\\/03\\\/20\\\/defensoria-quer-reserva-de-5\\\/#respond\"]}]},{\"@type\":\"WebPage\",\"@id\":\"https:\\\/\\\/renatodias.online\\\/movimento\\\/2023\\\/03\\\/20\\\/defensoria-quer-reserva-de-5\\\/\",\"url\":\"https:\\\/\\\/renatodias.online\\\/movimento\\\/2023\\\/03\\\/20\\\/defensoria-quer-reserva-de-5\\\/\",\"name\":\"Defensoria quer reserva de 5% -\",\"isPartOf\":{\"@id\":\"https:\\\/\\\/renatodias.online\\\/movimento\\\/#website\"},\"primaryImageOfPage\":{\"@id\":\"https:\\\/\\\/renatodias.online\\\/movimento\\\/2023\\\/03\\\/20\\\/defensoria-quer-reserva-de-5\\\/#primaryimage\"},\"image\":{\"@id\":\"https:\\\/\\\/renatodias.online\\\/movimento\\\/2023\\\/03\\\/20\\\/defensoria-quer-reserva-de-5\\\/#primaryimage\"},\"thumbnailUrl\":\"https:\\\/\\\/renatodias.online\\\/movimento\\\/wp-content\\\/uploads\\\/2022\\\/05\\\/Romario-Policarpo-nova-e1687743075448.jpg\",\"datePublished\":\"2023-03-20T18:23:41+00:00\",\"dateModified\":\"2023-03-23T01:19:40+00:00\",\"breadcrumb\":{\"@id\":\"https:\\\/\\\/renatodias.online\\\/movimento\\\/2023\\\/03\\\/20\\\/defensoria-quer-reserva-de-5\\\/#breadcrumb\"},\"inLanguage\":\"pt-BR\",\"potentialAction\":[{\"@type\":\"ReadAction\",\"target\":[\"https:\\\/\\\/renatodias.online\\\/movimento\\\/2023\\\/03\\\/20\\\/defensoria-quer-reserva-de-5\\\/\"]}]},{\"@type\":\"ImageObject\",\"inLanguage\":\"pt-BR\",\"@id\":\"https:\\\/\\\/renatodias.online\\\/movimento\\\/2023\\\/03\\\/20\\\/defensoria-quer-reserva-de-5\\\/#primaryimage\",\"url\":\"https:\\\/\\\/renatodias.online\\\/movimento\\\/wp-content\\\/uploads\\\/2022\\\/05\\\/Romario-Policarpo-nova-e1687743075448.jpg\",\"contentUrl\":\"https:\\\/\\\/renatodias.online\\\/movimento\\\/wp-content\\\/uploads\\\/2022\\\/05\\\/Romario-Policarpo-nova-e1687743075448.jpg\",\"width\":790,\"height\":535,\"caption\":\"Rom\u00e1rio Policarpo\"},{\"@type\":\"BreadcrumbList\",\"@id\":\"https:\\\/\\\/renatodias.online\\\/movimento\\\/2023\\\/03\\\/20\\\/defensoria-quer-reserva-de-5\\\/#breadcrumb\",\"itemListElement\":[{\"@type\":\"ListItem\",\"position\":1,\"name\":\"In\u00edcio\",\"item\":\"https:\\\/\\\/renatodias.online\\\/movimento\\\/\"},{\"@type\":\"ListItem\",\"position\":2,\"name\":\"Defensoria quer reserva de 5%\"}]},{\"@type\":\"WebSite\",\"@id\":\"https:\\\/\\\/renatodias.online\\\/movimento\\\/#website\",\"url\":\"https:\\\/\\\/renatodias.online\\\/movimento\\\/\",\"name\":\"\",\"description\":\"\",\"publisher\":{\"@id\":\"https:\\\/\\\/renatodias.online\\\/movimento\\\/#\\\/schema\\\/person\\\/bbab28833b1725a20f4083f49f1fb2a9\"},\"potentialAction\":[{\"@type\":\"SearchAction\",\"target\":{\"@type\":\"EntryPoint\",\"urlTemplate\":\"https:\\\/\\\/renatodias.online\\\/movimento\\\/?s={search_term_string}\"},\"query-input\":{\"@type\":\"PropertyValueSpecification\",\"valueRequired\":true,\"valueName\":\"search_term_string\"}}],\"inLanguage\":\"pt-BR\"},{\"@type\":[\"Person\",\"Organization\"],\"@id\":\"https:\\\/\\\/renatodias.online\\\/movimento\\\/#\\\/schema\\\/person\\\/bbab28833b1725a20f4083f49f1fb2a9\",\"name\":\"Renato Dias\",\"image\":{\"@type\":\"ImageObject\",\"inLanguage\":\"pt-BR\",\"@id\":\"https:\\\/\\\/renatodias.online\\\/movimento\\\/wp-content\\\/uploads\\\/2023\\\/03\\\/cropped-cropped-cropped-logofinal.jpeg\",\"url\":\"https:\\\/\\\/renatodias.online\\\/movimento\\\/wp-content\\\/uploads\\\/2023\\\/03\\\/cropped-cropped-cropped-logofinal.jpeg\",\"contentUrl\":\"https:\\\/\\\/renatodias.online\\\/movimento\\\/wp-content\\\/uploads\\\/2023\\\/03\\\/cropped-cropped-cropped-logofinal.jpeg\",\"width\":1280,\"height\":219,\"caption\":\"Renato Dias\"},\"logo\":{\"@id\":\"https:\\\/\\\/renatodias.online\\\/movimento\\\/wp-content\\\/uploads\\\/2023\\\/03\\\/cropped-cropped-cropped-logofinal.jpeg\"},\"description\":\"Renato Dias, 58 anos, \u00e9 graduado em Jornalismo, formado em Ci\u00eancias Sociais, com p\u00f3s-gradua\u00e7\u00e3o em Pol\u00edticas P\u00fablicas, mestre em Direito e Rela\u00e7\u00f5es Internacionais, ex-aluno extraordin\u00e1rio do Doutorado em Psicologia Social, ex-estudante do Curso de Psican\u00e1lise do Centro de Estudos Psicanal\u00edticos do Estado de Goi\u00e1s, ministrado pelo m\u00e9dico psiquiatra e psicanalista Daniel Em\u00eddio de Souza. \u00c9 autor de 30 livros-reportagem, oito document\u00e1rios, ganhou 30 pr\u00eamios e \u00e9 torcedor apaixonado do maior do Centro-Oeste, o Vila Nova Futebol Clube. Casado com Meirilane Dias, \u00e9 pai de Juliana Dias, jornalista; Daniel Dias, economista; e Maria Rosa Dias, estudante antifascista, socialista e trotskista.\u00a0Com tr\u00eas pets: Porquinho [Bull Dog Franc\u00eas], Dalila [Basset Hound] e Geleia [Basset Hound]. Al\u00e9m do eterno gato Tutuquinho, que virou estrela.\",\"sameAs\":[\"https:\\\/\\\/www.facebook.com\\\/renato.dias.37\",\"#breve\",\"https:\\\/\\\/renatodias.tumblr.com\\\/\"],\"url\":\"https:\\\/\\\/renatodias.online\\\/movimento\\\/author\\\/renatodias\\\/\"}]}<\/script>\n<!-- \/ Yoast SEO plugin. -->","yoast_head_json":{"title":"Defensoria quer reserva de 5% -","robots":{"index":"index","follow":"follow","max-snippet":"max-snippet:-1","max-image-preview":"max-image-preview:large","max-video-preview":"max-video-preview:-1"},"canonical":"https:\/\/renatodias.online\/movimento\/2023\/03\/20\/defensoria-quer-reserva-de-5\/","og_locale":"pt_BR","og_type":"article","og_title":"Defensoria quer reserva de 5% -","og_description":"A\u00e7\u00e3o contra veto do Pa\u00e7o Projeto de lei de Rom\u00e1rio Policarpo&nbsp; Renato Dias&nbsp; Documento assinado pelo Defensor P\u00fablico Geral do Estado de Goi\u00e1s,&nbsp;Tiago Greg\u00f3rio Fernandes, e j\u00e1 protocolado no Tribunal de Justi\u00e7a Estadual [TJ-GO]prop\u00f5e que o Poder Judici\u00e1rio recuse o recurso da Prefeitura de Goi\u00e2nia contra o projeto de lei de autoria de Rom\u00e1rio Policarpo.","og_url":"https:\/\/renatodias.online\/movimento\/2023\/03\/20\/defensoria-quer-reserva-de-5\/","article_publisher":"https:\/\/www.facebook.com\/renato.dias.37","article_author":"https:\/\/www.facebook.com\/renato.dias.37","article_published_time":"2023-03-20T18:23:41+00:00","article_modified_time":"2023-03-23T01:19:40+00:00","og_image":[{"width":658,"height":445,"url":"https:\/\/renatodias.online\/movimento\/wp-content\/uploads\/2022\/05\/Romario-Policarpo-nova-e1679534370797.jpg","type":"image\/jpeg"}],"author":"Renato Dias","twitter_card":"summary_large_image","twitter_creator":"@RenatoDiasBat","twitter_site":"@RenatoDiasBat","twitter_misc":{"Escrito por":"Renato Dias","Est. tempo de leitura":"2 minutos"},"schema":{"@context":"https:\/\/schema.org","@graph":[{"@type":"Article","@id":"https:\/\/renatodias.online\/movimento\/2023\/03\/20\/defensoria-quer-reserva-de-5\/#article","isPartOf":{"@id":"https:\/\/renatodias.online\/movimento\/2023\/03\/20\/defensoria-quer-reserva-de-5\/"},"author":{"name":"Renato Dias","@id":"https:\/\/renatodias.online\/movimento\/#\/schema\/person\/bbab28833b1725a20f4083f49f1fb2a9"},"headline":"Defensoria quer reserva de 5%","datePublished":"2023-03-20T18:23:41+00:00","dateModified":"2023-03-23T01:19:40+00:00","mainEntityOfPage":{"@id":"https:\/\/renatodias.online\/movimento\/2023\/03\/20\/defensoria-quer-reserva-de-5\/"},"wordCount":224,"commentCount":0,"publisher":{"@id":"https:\/\/renatodias.online\/movimento\/#\/schema\/person\/bbab28833b1725a20f4083f49f1fb2a9"},"image":{"@id":"https:\/\/renatodias.online\/movimento\/2023\/03\/20\/defensoria-quer-reserva-de-5\/#primaryimage"},"thumbnailUrl":"https:\/\/renatodias.online\/movimento\/wp-content\/uploads\/2022\/05\/Romario-Policarpo-nova-e1687743075448.jpg","articleSection":["Cidade"],"inLanguage":"pt-BR","potentialAction":[{"@type":"CommentAction","name":"Comment","target":["https:\/\/renatodias.online\/movimento\/2023\/03\/20\/defensoria-quer-reserva-de-5\/#respond"]}]},{"@type":"WebPage","@id":"https:\/\/renatodias.online\/movimento\/2023\/03\/20\/defensoria-quer-reserva-de-5\/","url":"https:\/\/renatodias.online\/movimento\/2023\/03\/20\/defensoria-quer-reserva-de-5\/","name":"Defensoria quer reserva de 5% -","isPartOf":{"@id":"https:\/\/renatodias.online\/movimento\/#website"},"primaryImageOfPage":{"@id":"https:\/\/renatodias.online\/movimento\/2023\/03\/20\/defensoria-quer-reserva-de-5\/#primaryimage"},"image":{"@id":"https:\/\/renatodias.online\/movimento\/2023\/03\/20\/defensoria-quer-reserva-de-5\/#primaryimage"},"thumbnailUrl":"https:\/\/renatodias.online\/movimento\/wp-content\/uploads\/2022\/05\/Romario-Policarpo-nova-e1687743075448.jpg","datePublished":"2023-03-20T18:23:41+00:00","dateModified":"2023-03-23T01:19:40+00:00","breadcrumb":{"@id":"https:\/\/renatodias.online\/movimento\/2023\/03\/20\/defensoria-quer-reserva-de-5\/#breadcrumb"},"inLanguage":"pt-BR","potentialAction":[{"@type":"ReadAction","target":["https:\/\/renatodias.online\/movimento\/2023\/03\/20\/defensoria-quer-reserva-de-5\/"]}]},{"@type":"ImageObject","inLanguage":"pt-BR","@id":"https:\/\/renatodias.online\/movimento\/2023\/03\/20\/defensoria-quer-reserva-de-5\/#primaryimage","url":"https:\/\/renatodias.online\/movimento\/wp-content\/uploads\/2022\/05\/Romario-Policarpo-nova-e1687743075448.jpg","contentUrl":"https:\/\/renatodias.online\/movimento\/wp-content\/uploads\/2022\/05\/Romario-Policarpo-nova-e1687743075448.jpg","width":790,"height":535,"caption":"Rom\u00e1rio Policarpo"},{"@type":"BreadcrumbList","@id":"https:\/\/renatodias.online\/movimento\/2023\/03\/20\/defensoria-quer-reserva-de-5\/#breadcrumb","itemListElement":[{"@type":"ListItem","position":1,"name":"In\u00edcio","item":"https:\/\/renatodias.online\/movimento\/"},{"@type":"ListItem","position":2,"name":"Defensoria quer reserva de 5%"}]},{"@type":"WebSite","@id":"https:\/\/renatodias.online\/movimento\/#website","url":"https:\/\/renatodias.online\/movimento\/","name":"","description":"","publisher":{"@id":"https:\/\/renatodias.online\/movimento\/#\/schema\/person\/bbab28833b1725a20f4083f49f1fb2a9"},"potentialAction":[{"@type":"SearchAction","target":{"@type":"EntryPoint","urlTemplate":"https:\/\/renatodias.online\/movimento\/?s={search_term_string}"},"query-input":{"@type":"PropertyValueSpecification","valueRequired":true,"valueName":"search_term_string"}}],"inLanguage":"pt-BR"},{"@type":["Person","Organization"],"@id":"https:\/\/renatodias.online\/movimento\/#\/schema\/person\/bbab28833b1725a20f4083f49f1fb2a9","name":"Renato Dias","image":{"@type":"ImageObject","inLanguage":"pt-BR","@id":"https:\/\/renatodias.online\/movimento\/wp-content\/uploads\/2023\/03\/cropped-cropped-cropped-logofinal.jpeg","url":"https:\/\/renatodias.online\/movimento\/wp-content\/uploads\/2023\/03\/cropped-cropped-cropped-logofinal.jpeg","contentUrl":"https:\/\/renatodias.online\/movimento\/wp-content\/uploads\/2023\/03\/cropped-cropped-cropped-logofinal.jpeg","width":1280,"height":219,"caption":"Renato Dias"},"logo":{"@id":"https:\/\/renatodias.online\/movimento\/wp-content\/uploads\/2023\/03\/cropped-cropped-cropped-logofinal.jpeg"},"description":"Renato Dias, 58 anos, \u00e9 graduado em Jornalismo, formado em Ci\u00eancias Sociais, com p\u00f3s-gradua\u00e7\u00e3o em Pol\u00edticas P\u00fablicas, mestre em Direito e Rela\u00e7\u00f5es Internacionais, ex-aluno extraordin\u00e1rio do Doutorado em Psicologia Social, ex-estudante do Curso de Psican\u00e1lise do Centro de Estudos Psicanal\u00edticos do Estado de Goi\u00e1s, ministrado pelo m\u00e9dico psiquiatra e psicanalista Daniel Em\u00eddio de Souza. \u00c9 autor de 30 livros-reportagem, oito document\u00e1rios, ganhou 30 pr\u00eamios e \u00e9 torcedor apaixonado do maior do Centro-Oeste, o Vila Nova Futebol Clube. Casado com Meirilane Dias, \u00e9 pai de Juliana Dias, jornalista; Daniel Dias, economista; e Maria Rosa Dias, estudante antifascista, socialista e trotskista.\u00a0Com tr\u00eas pets: Porquinho [Bull Dog Franc\u00eas], Dalila [Basset Hound] e Geleia [Basset Hound]. Al\u00e9m do eterno gato Tutuquinho, que virou estrela.","sameAs":["https:\/\/www.facebook.com\/renato.dias.37","#breve","https:\/\/renatodias.tumblr.com\/"],"url":"https:\/\/renatodias.online\/movimento\/author\/renatodias\/"}]}},"_links":{"self":[{"href":"https:\/\/renatodias.online\/movimento\/wp-json\/wp\/v2\/posts\/15886","targetHints":{"allow":["GET"]}}],"collection":[{"href":"https:\/\/renatodias.online\/movimento\/wp-json\/wp\/v2\/posts"}],"about":[{"href":"https:\/\/renatodias.online\/movimento\/wp-json\/wp\/v2\/types\/post"}],"author":[{"embeddable":true,"href":"https:\/\/renatodias.online\/movimento\/wp-json\/wp\/v2\/users\/2"}],"replies":[{"embeddable":true,"href":"https:\/\/renatodias.online\/movimento\/wp-json\/wp\/v2\/comments?post=15886"}],"version-history":[{"count":2,"href":"https:\/\/renatodias.online\/movimento\/wp-json\/wp\/v2\/posts\/15886\/revisions"}],"predecessor-version":[{"id":16151,"href":"https:\/\/renatodias.online\/movimento\/wp-json\/wp\/v2\/posts\/15886\/revisions\/16151"}],"wp:featuredmedia":[{"embeddable":true,"href":"https:\/\/renatodias.online\/movimento\/wp-json\/wp\/v2\/media\/12519"}],"wp:attachment":[{"href":"https:\/\/renatodias.online\/movimento\/wp-json\/wp\/v2\/media?parent=15886"}],"wp:term":[{"taxonomy":"category","embeddable":true,"href":"https:\/\/renatodias.online\/movimento\/wp-json\/wp\/v2\/categories?post=15886"},{"taxonomy":"post_tag","embeddable":true,"href":"https:\/\/renatodias.online\/movimento\/wp-json\/wp\/v2\/tags?post=15886"}],"curies":[{"name":"wp","href":"https:\/\/api.w.org\/{rel}","templated":true}]}}