{"id":15883,"date":"2023-03-20T15:14:09","date_gmt":"2023-03-20T18:14:09","guid":{"rendered":"https:\/\/renatodias.online\/movimento\/?p=15883"},"modified":"2023-03-22T22:20:51","modified_gmt":"2023-03-23T01:20:51","slug":"psdb-deve-lancar-gustavo-sebba","status":"publish","type":"post","link":"https:\/\/renatodias.online\/movimento\/2023\/03\/20\/psdb-deve-lancar-gustavo-sebba\/","title":{"rendered":"PSDB deve lan\u00e7ar Gustavo Sebba"},"content":{"rendered":"<p><strong><img loading=\"lazy\" decoding=\"async\" class=\"size-medium wp-image-5007 aligncenter\" src=\"https:\/\/renatodias.online\/movimento\/wp-content\/uploads\/2021\/01\/Alto-da-p\u00e1gina-Banner-Exclusivo-300x91.png\" alt=\"\" width=\"300\" height=\"91\"><\/strong><\/p>\n<h1 style=\"text-align: center;\"><span style=\"color: #008000;\"><strong>\u00c0 Prefeitura de Catal\u00e3o<\/strong><\/span><\/h1>\n<figure id=\"attachment_4514\" aria-describedby=\"caption-attachment-4514\" style=\"width: 2560px\" class=\"wp-caption alignnone\"><img loading=\"lazy\" decoding=\"async\" class=\"size-full wp-image-4514\" src=\"https:\/\/renatodias.online\/movimento\/wp-content\/uploads\/2020\/09\/Catal\u00e3o-6-scaled.jpg\" alt=\"\" width=\"2560\" height=\"1440\"><figcaption id=\"caption-attachment-4514\" class=\"wp-caption-text\"><span style=\"color: #800000;\"><strong>Catal\u00e3o, hoje<\/strong><\/span><\/figcaption><\/figure>\n<h1 style=\"text-align: center;\"><span style=\"color: #ff6600;\"><strong>Nas elei\u00e7\u00f5es de 2024<\/strong><\/span><\/h1>\n<figure id=\"attachment_2542\" aria-describedby=\"caption-attachment-2542\" style=\"width: 200px\" class=\"wp-caption aligncenter\"><img loading=\"lazy\" decoding=\"async\" class=\"size-full wp-image-2542\" src=\"https:\/\/renatodias.online\/movimento\/wp-content\/uploads\/2019\/09\/Tucano-e1637493554237.gif\" alt=\"\" width=\"200\" height=\"200\"><figcaption id=\"caption-attachment-2542\" class=\"wp-caption-text\"><span style=\"color: #0000ff;\"><strong>Tucano, o s\u00edmbolo do PSDB<\/strong><\/span><\/figcaption><\/figure>\n<p><strong>Renato Dias<\/strong><\/p>\n<p>O PSDB deve optar nas elei\u00e7\u00f5es de outubro de 2024 \u00e0 Prefeitura de Catal\u00e3o pelo nome do <strong>deputado estadual Gustavo Sebba<\/strong>. J\u00e1 no exerc\u00edcio do terceiro mandato na casa de leis. Com uma ampla coliga\u00e7\u00e3o pol\u00edtica.<\/p>\n<blockquote>\n<h1><span style=\"color: #0000ff;\"><strong>A ideia \u00e9 formar uma ampla coliga\u00e7\u00e3o<\/strong><\/span><\/h1>\n<p><img loading=\"lazy\" decoding=\"async\" class=\"size-medium wp-image-14125 aligncenter\" src=\"https:\/\/renatodias.online\/movimento\/wp-content\/uploads\/2022\/09\/Saiba-mais-300x103.png\" alt=\"\" width=\"300\" height=\"103\" srcset=\"https:\/\/renatodias.online\/movimento\/wp-content\/uploads\/2022\/09\/Saiba-mais-300x103.png 300w, https:\/\/renatodias.online\/movimento\/wp-content\/uploads\/2022\/09\/Saiba-mais.png 572w\" sizes=\"auto, (max-width: 300px) 100vw, 300px\" \/><\/p><\/blockquote>\n<p><strong>M\u00e9dico, produtor rural, empres\u00e1rio<\/strong>, 36 anos de Idade, casado, pai de duas filhas, ele hoje apresenta uma agenda republicana, n\u00e3o patrimonialista e moderna para o munic\u00edpio. De oposi\u00e7\u00e3o program\u00e1tica \u00e0 atual gest\u00e3o.<\/p>\n<blockquote>\n<h1><span style=\"color: #0000ff;\"><strong>Pol\u00edticas P\u00fablicas inclusivas e policlassistas<\/strong><\/span><\/h1>\n<p><img loading=\"lazy\" decoding=\"async\" class=\"size-full wp-image-13832 aligncenter\" src=\"https:\/\/renatodias.online\/movimento\/wp-content\/uploads\/2022\/08\/Veja.jpg\" alt=\"\" width=\"300\" height=\"150\"><\/p><\/blockquote>\n<p>O seu foco \u00e9 tamb\u00e9m a execu\u00e7\u00e3o de pol\u00edticas p\u00fablicas inclusivas e cidad\u00e3s. Para as \u00e1reas de <strong>Sa\u00fade, Educa\u00e7\u00e3o, Mobilidade Urbana, Transporte, Habita\u00e7\u00e3o, Emprego, Renda e aten\u00e7\u00e3o ao produtor e empres\u00e1rio<\/strong>.<\/p>\n<blockquote>\n<h1><span style=\"color: #0000ff;\"><strong>Um novo amanh\u00e3 em Catal\u00e3o \u00e9 poss\u00edvel&nbsp;<\/strong><\/span><\/h1>\n<p><img loading=\"lazy\" decoding=\"async\" class=\"size-medium wp-image-13781 aligncenter\" src=\"https:\/\/renatodias.online\/movimento\/wp-content\/uploads\/2022\/08\/Raio-X-especial-300x112.png\" alt=\"\" width=\"300\" height=\"112\"><\/p><\/blockquote>\n<p>Ele \u00e9 filho da melhor secret\u00e1ria de A\u00e7\u00e3o Social da Hist\u00f3ria da cidade, <strong>Anna Sebba<\/strong>, e de <strong>Jardel Sebba<\/strong>, deputado estadual por quatro mandatos consecutivos, ex-prefeito de Catal\u00e3o e ex-presidente da Assembleia.<\/p>\n<blockquote>\n<h1><span style=\"color: #0000ff;\"><strong>Oposi\u00e7\u00e3o program\u00e1tica e respons\u00e1vel<\/strong><\/span><\/h1>\n<figure id=\"attachment_9637\" aria-describedby=\"caption-attachment-9637\" style=\"width: 800px\" class=\"wp-caption alignnone\"><img loading=\"lazy\" decoding=\"async\" class=\"wp-image-9637 size-large\" src=\"https:\/\/renatodias.online\/movimento\/wp-content\/uploads\/2021\/11\/Anna-Sebba-e-Jardel-Sebba-898x1024.png\" alt=\"\" width=\"800\" height=\"912\" srcset=\"https:\/\/renatodias.online\/movimento\/wp-content\/uploads\/2021\/11\/Anna-Sebba-e-Jardel-Sebba-898x1024.png 898w, https:\/\/renatodias.online\/movimento\/wp-content\/uploads\/2021\/11\/Anna-Sebba-e-Jardel-Sebba-263x300.png 263w, https:\/\/renatodias.online\/movimento\/wp-content\/uploads\/2021\/11\/Anna-Sebba-e-Jardel-Sebba-768x876.png 768w, https:\/\/renatodias.online\/movimento\/wp-content\/uploads\/2021\/11\/Anna-Sebba-e-Jardel-Sebba-750x856.png 750w, https:\/\/renatodias.online\/movimento\/wp-content\/uploads\/2021\/11\/Anna-Sebba-e-Jardel-Sebba.png 1080w\" sizes=\"auto, (max-width: 800px) 100vw, 800px\" \/><figcaption id=\"caption-attachment-9637\" class=\"wp-caption-text\"><strong>Anna Sebba e Jardel Sebba<\/strong><\/figcaption><\/figure><\/blockquote>\n","protected":false},"excerpt":{"rendered":"<p>\u00c0 Prefeitura de Catal\u00e3o Nas elei\u00e7\u00f5es de 2024 Renato Dias O PSDB deve optar nas elei\u00e7\u00f5es de outubro de 2024 \u00e0 Prefeitura de Catal\u00e3o pelo nome do deputado estadual Gustavo Sebba. J\u00e1 no exerc\u00edcio do terceiro mandato na casa de leis. Com uma ampla coliga\u00e7\u00e3o pol\u00edtica. A ideia \u00e9 formar uma ampla coliga\u00e7\u00e3o M\u00e9dico, produtor<\/p>\n","protected":false},"author":2,"featured_media":15454,"comment_status":"open","ping_status":"open","sticky":false,"template":"","format":"standard","meta":{"_acf_changed":false,"_monsterinsights_skip_tracking":false,"_monsterinsights_sitenote_active":false,"_monsterinsights_sitenote_note":"","_monsterinsights_sitenote_category":0,"footnotes":""},"categories":[4],"tags":[],"class_list":["post-15883","post","type-post","status-publish","format-standard","has-post-thumbnail","hentry","category-politica"],"acf":[],"yoast_head":"<!-- This site is optimized with the Yoast SEO plugin v27.4 - https:\/\/yoast.com\/product\/yoast-seo-wordpress\/ -->\n<title>PSDB deve lan\u00e7ar Gustavo Sebba -<\/title>\n<meta name=\"robots\" content=\"index, follow, max-snippet:-1, max-image-preview:large, max-video-preview:-1\" \/>\n<link rel=\"canonical\" href=\"https:\/\/renatodias.online\/movimento\/2023\/03\/20\/psdb-deve-lancar-gustavo-sebba\/\" \/>\n<meta property=\"og:locale\" content=\"pt_BR\" \/>\n<meta property=\"og:type\" content=\"article\" \/>\n<meta property=\"og:title\" content=\"PSDB deve lan\u00e7ar Gustavo Sebba -\" \/>\n<meta property=\"og:description\" content=\"\u00c0 Prefeitura de Catal\u00e3o Nas elei\u00e7\u00f5es de 2024 Renato Dias O PSDB deve optar nas elei\u00e7\u00f5es de outubro de 2024 \u00e0 Prefeitura de Catal\u00e3o pelo nome do deputado estadual Gustavo Sebba. J\u00e1 no exerc\u00edcio do terceiro mandato na casa de leis. Com uma ampla coliga\u00e7\u00e3o pol\u00edtica. A ideia \u00e9 formar uma ampla coliga\u00e7\u00e3o M\u00e9dico, produtor\" \/>\n<meta property=\"og:url\" content=\"https:\/\/renatodias.online\/movimento\/2023\/03\/20\/psdb-deve-lancar-gustavo-sebba\/\" \/>\n<meta property=\"article:publisher\" content=\"https:\/\/www.facebook.com\/renato.dias.37\" \/>\n<meta property=\"article:author\" content=\"https:\/\/www.facebook.com\/renato.dias.37\" \/>\n<meta property=\"article:published_time\" content=\"2023-03-20T18:14:09+00:00\" \/>\n<meta property=\"article:modified_time\" content=\"2023-03-23T01:20:51+00:00\" \/>\n<meta property=\"og:image\" content=\"https:\/\/renatodias.online\/movimento\/wp-content\/uploads\/2023\/02\/Gustavo-Sebba-Posse-2-e1679534439474.png\" \/>\n\t<meta property=\"og:image:width\" content=\"682\" \/>\n\t<meta property=\"og:image:height\" content=\"445\" \/>\n\t<meta property=\"og:image:type\" content=\"image\/png\" \/>\n<meta name=\"author\" content=\"Renato Dias\" \/>\n<meta name=\"twitter:card\" content=\"summary_large_image\" \/>\n<meta name=\"twitter:creator\" content=\"@RenatoDiasBat\" \/>\n<meta name=\"twitter:site\" content=\"@RenatoDiasBat\" \/>\n<meta name=\"twitter:label1\" content=\"Escrito por\" \/>\n\t<meta name=\"twitter:data1\" content=\"Renato Dias\" \/>\n\t<meta name=\"twitter:label2\" content=\"Est. tempo de leitura\" \/>\n\t<meta name=\"twitter:data2\" content=\"3 minutos\" \/>\n<script type=\"application\/ld+json\" class=\"yoast-schema-graph\">{\"@context\":\"https:\\\/\\\/schema.org\",\"@graph\":[{\"@type\":\"Article\",\"@id\":\"https:\\\/\\\/renatodias.online\\\/movimento\\\/2023\\\/03\\\/20\\\/psdb-deve-lancar-gustavo-sebba\\\/#article\",\"isPartOf\":{\"@id\":\"https:\\\/\\\/renatodias.online\\\/movimento\\\/2023\\\/03\\\/20\\\/psdb-deve-lancar-gustavo-sebba\\\/\"},\"author\":{\"name\":\"Renato Dias\",\"@id\":\"https:\\\/\\\/renatodias.online\\\/movimento\\\/#\\\/schema\\\/person\\\/bbab28833b1725a20f4083f49f1fb2a9\"},\"headline\":\"PSDB deve lan\u00e7ar Gustavo Sebba\",\"datePublished\":\"2023-03-20T18:14:09+00:00\",\"dateModified\":\"2023-03-23T01:20:51+00:00\",\"mainEntityOfPage\":{\"@id\":\"https:\\\/\\\/renatodias.online\\\/movimento\\\/2023\\\/03\\\/20\\\/psdb-deve-lancar-gustavo-sebba\\\/\"},\"wordCount\":232,\"commentCount\":0,\"publisher\":{\"@id\":\"https:\\\/\\\/renatodias.online\\\/movimento\\\/#\\\/schema\\\/person\\\/bbab28833b1725a20f4083f49f1fb2a9\"},\"image\":{\"@id\":\"https:\\\/\\\/renatodias.online\\\/movimento\\\/2023\\\/03\\\/20\\\/psdb-deve-lancar-gustavo-sebba\\\/#primaryimage\"},\"thumbnailUrl\":\"https:\\\/\\\/renatodias.online\\\/movimento\\\/wp-content\\\/uploads\\\/2023\\\/02\\\/Gustavo-Sebba-Posse-2-e1679534439474.png\",\"articleSection\":[\"Pol\u00edtica\"],\"inLanguage\":\"pt-BR\",\"potentialAction\":[{\"@type\":\"CommentAction\",\"name\":\"Comment\",\"target\":[\"https:\\\/\\\/renatodias.online\\\/movimento\\\/2023\\\/03\\\/20\\\/psdb-deve-lancar-gustavo-sebba\\\/#respond\"]}]},{\"@type\":\"WebPage\",\"@id\":\"https:\\\/\\\/renatodias.online\\\/movimento\\\/2023\\\/03\\\/20\\\/psdb-deve-lancar-gustavo-sebba\\\/\",\"url\":\"https:\\\/\\\/renatodias.online\\\/movimento\\\/2023\\\/03\\\/20\\\/psdb-deve-lancar-gustavo-sebba\\\/\",\"name\":\"PSDB deve lan\u00e7ar Gustavo Sebba -\",\"isPartOf\":{\"@id\":\"https:\\\/\\\/renatodias.online\\\/movimento\\\/#website\"},\"primaryImageOfPage\":{\"@id\":\"https:\\\/\\\/renatodias.online\\\/movimento\\\/2023\\\/03\\\/20\\\/psdb-deve-lancar-gustavo-sebba\\\/#primaryimage\"},\"image\":{\"@id\":\"https:\\\/\\\/renatodias.online\\\/movimento\\\/2023\\\/03\\\/20\\\/psdb-deve-lancar-gustavo-sebba\\\/#primaryimage\"},\"thumbnailUrl\":\"https:\\\/\\\/renatodias.online\\\/movimento\\\/wp-content\\\/uploads\\\/2023\\\/02\\\/Gustavo-Sebba-Posse-2-e1679534439474.png\",\"datePublished\":\"2023-03-20T18:14:09+00:00\",\"dateModified\":\"2023-03-23T01:20:51+00:00\",\"breadcrumb\":{\"@id\":\"https:\\\/\\\/renatodias.online\\\/movimento\\\/2023\\\/03\\\/20\\\/psdb-deve-lancar-gustavo-sebba\\\/#breadcrumb\"},\"inLanguage\":\"pt-BR\",\"potentialAction\":[{\"@type\":\"ReadAction\",\"target\":[\"https:\\\/\\\/renatodias.online\\\/movimento\\\/2023\\\/03\\\/20\\\/psdb-deve-lancar-gustavo-sebba\\\/\"]}]},{\"@type\":\"ImageObject\",\"inLanguage\":\"pt-BR\",\"@id\":\"https:\\\/\\\/renatodias.online\\\/movimento\\\/2023\\\/03\\\/20\\\/psdb-deve-lancar-gustavo-sebba\\\/#primaryimage\",\"url\":\"https:\\\/\\\/renatodias.online\\\/movimento\\\/wp-content\\\/uploads\\\/2023\\\/02\\\/Gustavo-Sebba-Posse-2-e1679534439474.png\",\"contentUrl\":\"https:\\\/\\\/renatodias.online\\\/movimento\\\/wp-content\\\/uploads\\\/2023\\\/02\\\/Gustavo-Sebba-Posse-2-e1679534439474.png\",\"width\":682,\"height\":445,\"caption\":\"Gustavo Sebba\"},{\"@type\":\"BreadcrumbList\",\"@id\":\"https:\\\/\\\/renatodias.online\\\/movimento\\\/2023\\\/03\\\/20\\\/psdb-deve-lancar-gustavo-sebba\\\/#breadcrumb\",\"itemListElement\":[{\"@type\":\"ListItem\",\"position\":1,\"name\":\"In\u00edcio\",\"item\":\"https:\\\/\\\/renatodias.online\\\/movimento\\\/\"},{\"@type\":\"ListItem\",\"position\":2,\"name\":\"PSDB deve lan\u00e7ar Gustavo Sebba\"}]},{\"@type\":\"WebSite\",\"@id\":\"https:\\\/\\\/renatodias.online\\\/movimento\\\/#website\",\"url\":\"https:\\\/\\\/renatodias.online\\\/movimento\\\/\",\"name\":\"\",\"description\":\"\",\"publisher\":{\"@id\":\"https:\\\/\\\/renatodias.online\\\/movimento\\\/#\\\/schema\\\/person\\\/bbab28833b1725a20f4083f49f1fb2a9\"},\"potentialAction\":[{\"@type\":\"SearchAction\",\"target\":{\"@type\":\"EntryPoint\",\"urlTemplate\":\"https:\\\/\\\/renatodias.online\\\/movimento\\\/?s={search_term_string}\"},\"query-input\":{\"@type\":\"PropertyValueSpecification\",\"valueRequired\":true,\"valueName\":\"search_term_string\"}}],\"inLanguage\":\"pt-BR\"},{\"@type\":[\"Person\",\"Organization\"],\"@id\":\"https:\\\/\\\/renatodias.online\\\/movimento\\\/#\\\/schema\\\/person\\\/bbab28833b1725a20f4083f49f1fb2a9\",\"name\":\"Renato Dias\",\"image\":{\"@type\":\"ImageObject\",\"inLanguage\":\"pt-BR\",\"@id\":\"https:\\\/\\\/renatodias.online\\\/movimento\\\/wp-content\\\/uploads\\\/2023\\\/03\\\/cropped-cropped-cropped-logofinal.jpeg\",\"url\":\"https:\\\/\\\/renatodias.online\\\/movimento\\\/wp-content\\\/uploads\\\/2023\\\/03\\\/cropped-cropped-cropped-logofinal.jpeg\",\"contentUrl\":\"https:\\\/\\\/renatodias.online\\\/movimento\\\/wp-content\\\/uploads\\\/2023\\\/03\\\/cropped-cropped-cropped-logofinal.jpeg\",\"width\":1280,\"height\":219,\"caption\":\"Renato Dias\"},\"logo\":{\"@id\":\"https:\\\/\\\/renatodias.online\\\/movimento\\\/wp-content\\\/uploads\\\/2023\\\/03\\\/cropped-cropped-cropped-logofinal.jpeg\"},\"description\":\"Renato Dias, 58 anos, \u00e9 graduado em Jornalismo, formado em Ci\u00eancias Sociais, com p\u00f3s-gradua\u00e7\u00e3o em Pol\u00edticas P\u00fablicas, mestre em Direito e Rela\u00e7\u00f5es Internacionais, ex-aluno extraordin\u00e1rio do Doutorado em Psicologia Social, ex-estudante do Curso de Psican\u00e1lise do Centro de Estudos Psicanal\u00edticos do Estado de Goi\u00e1s, ministrado pelo m\u00e9dico psiquiatra e psicanalista Daniel Em\u00eddio de Souza. \u00c9 autor de 30 livros-reportagem, oito document\u00e1rios, ganhou 30 pr\u00eamios e \u00e9 torcedor apaixonado do maior do Centro-Oeste, o Vila Nova Futebol Clube. Casado com Meirilane Dias, \u00e9 pai de Juliana Dias, jornalista; Daniel Dias, economista; e Maria Rosa Dias, estudante antifascista, socialista e trotskista.\u00a0Com tr\u00eas pets: Porquinho [Bull Dog Franc\u00eas], Dalila [Basset Hound] e Geleia [Basset Hound]. Al\u00e9m do eterno gato Tutuquinho, que virou estrela.\",\"sameAs\":[\"https:\\\/\\\/www.facebook.com\\\/renato.dias.37\",\"#breve\",\"https:\\\/\\\/renatodias.tumblr.com\\\/\"],\"url\":\"https:\\\/\\\/renatodias.online\\\/movimento\\\/author\\\/renatodias\\\/\"}]}<\/script>\n<!-- \/ Yoast SEO plugin. -->","yoast_head_json":{"title":"PSDB deve lan\u00e7ar Gustavo Sebba -","robots":{"index":"index","follow":"follow","max-snippet":"max-snippet:-1","max-image-preview":"max-image-preview:large","max-video-preview":"max-video-preview:-1"},"canonical":"https:\/\/renatodias.online\/movimento\/2023\/03\/20\/psdb-deve-lancar-gustavo-sebba\/","og_locale":"pt_BR","og_type":"article","og_title":"PSDB deve lan\u00e7ar Gustavo Sebba -","og_description":"\u00c0 Prefeitura de Catal\u00e3o Nas elei\u00e7\u00f5es de 2024 Renato Dias O PSDB deve optar nas elei\u00e7\u00f5es de outubro de 2024 \u00e0 Prefeitura de Catal\u00e3o pelo nome do deputado estadual Gustavo Sebba. J\u00e1 no exerc\u00edcio do terceiro mandato na casa de leis. Com uma ampla coliga\u00e7\u00e3o pol\u00edtica. A ideia \u00e9 formar uma ampla coliga\u00e7\u00e3o M\u00e9dico, produtor","og_url":"https:\/\/renatodias.online\/movimento\/2023\/03\/20\/psdb-deve-lancar-gustavo-sebba\/","article_publisher":"https:\/\/www.facebook.com\/renato.dias.37","article_author":"https:\/\/www.facebook.com\/renato.dias.37","article_published_time":"2023-03-20T18:14:09+00:00","article_modified_time":"2023-03-23T01:20:51+00:00","og_image":[{"width":682,"height":445,"url":"https:\/\/renatodias.online\/movimento\/wp-content\/uploads\/2023\/02\/Gustavo-Sebba-Posse-2-e1679534439474.png","type":"image\/png"}],"author":"Renato Dias","twitter_card":"summary_large_image","twitter_creator":"@RenatoDiasBat","twitter_site":"@RenatoDiasBat","twitter_misc":{"Escrito por":"Renato Dias","Est. tempo de leitura":"3 minutos"},"schema":{"@context":"https:\/\/schema.org","@graph":[{"@type":"Article","@id":"https:\/\/renatodias.online\/movimento\/2023\/03\/20\/psdb-deve-lancar-gustavo-sebba\/#article","isPartOf":{"@id":"https:\/\/renatodias.online\/movimento\/2023\/03\/20\/psdb-deve-lancar-gustavo-sebba\/"},"author":{"name":"Renato Dias","@id":"https:\/\/renatodias.online\/movimento\/#\/schema\/person\/bbab28833b1725a20f4083f49f1fb2a9"},"headline":"PSDB deve lan\u00e7ar Gustavo Sebba","datePublished":"2023-03-20T18:14:09+00:00","dateModified":"2023-03-23T01:20:51+00:00","mainEntityOfPage":{"@id":"https:\/\/renatodias.online\/movimento\/2023\/03\/20\/psdb-deve-lancar-gustavo-sebba\/"},"wordCount":232,"commentCount":0,"publisher":{"@id":"https:\/\/renatodias.online\/movimento\/#\/schema\/person\/bbab28833b1725a20f4083f49f1fb2a9"},"image":{"@id":"https:\/\/renatodias.online\/movimento\/2023\/03\/20\/psdb-deve-lancar-gustavo-sebba\/#primaryimage"},"thumbnailUrl":"https:\/\/renatodias.online\/movimento\/wp-content\/uploads\/2023\/02\/Gustavo-Sebba-Posse-2-e1679534439474.png","articleSection":["Pol\u00edtica"],"inLanguage":"pt-BR","potentialAction":[{"@type":"CommentAction","name":"Comment","target":["https:\/\/renatodias.online\/movimento\/2023\/03\/20\/psdb-deve-lancar-gustavo-sebba\/#respond"]}]},{"@type":"WebPage","@id":"https:\/\/renatodias.online\/movimento\/2023\/03\/20\/psdb-deve-lancar-gustavo-sebba\/","url":"https:\/\/renatodias.online\/movimento\/2023\/03\/20\/psdb-deve-lancar-gustavo-sebba\/","name":"PSDB deve lan\u00e7ar Gustavo Sebba -","isPartOf":{"@id":"https:\/\/renatodias.online\/movimento\/#website"},"primaryImageOfPage":{"@id":"https:\/\/renatodias.online\/movimento\/2023\/03\/20\/psdb-deve-lancar-gustavo-sebba\/#primaryimage"},"image":{"@id":"https:\/\/renatodias.online\/movimento\/2023\/03\/20\/psdb-deve-lancar-gustavo-sebba\/#primaryimage"},"thumbnailUrl":"https:\/\/renatodias.online\/movimento\/wp-content\/uploads\/2023\/02\/Gustavo-Sebba-Posse-2-e1679534439474.png","datePublished":"2023-03-20T18:14:09+00:00","dateModified":"2023-03-23T01:20:51+00:00","breadcrumb":{"@id":"https:\/\/renatodias.online\/movimento\/2023\/03\/20\/psdb-deve-lancar-gustavo-sebba\/#breadcrumb"},"inLanguage":"pt-BR","potentialAction":[{"@type":"ReadAction","target":["https:\/\/renatodias.online\/movimento\/2023\/03\/20\/psdb-deve-lancar-gustavo-sebba\/"]}]},{"@type":"ImageObject","inLanguage":"pt-BR","@id":"https:\/\/renatodias.online\/movimento\/2023\/03\/20\/psdb-deve-lancar-gustavo-sebba\/#primaryimage","url":"https:\/\/renatodias.online\/movimento\/wp-content\/uploads\/2023\/02\/Gustavo-Sebba-Posse-2-e1679534439474.png","contentUrl":"https:\/\/renatodias.online\/movimento\/wp-content\/uploads\/2023\/02\/Gustavo-Sebba-Posse-2-e1679534439474.png","width":682,"height":445,"caption":"Gustavo Sebba"},{"@type":"BreadcrumbList","@id":"https:\/\/renatodias.online\/movimento\/2023\/03\/20\/psdb-deve-lancar-gustavo-sebba\/#breadcrumb","itemListElement":[{"@type":"ListItem","position":1,"name":"In\u00edcio","item":"https:\/\/renatodias.online\/movimento\/"},{"@type":"ListItem","position":2,"name":"PSDB deve lan\u00e7ar Gustavo Sebba"}]},{"@type":"WebSite","@id":"https:\/\/renatodias.online\/movimento\/#website","url":"https:\/\/renatodias.online\/movimento\/","name":"","description":"","publisher":{"@id":"https:\/\/renatodias.online\/movimento\/#\/schema\/person\/bbab28833b1725a20f4083f49f1fb2a9"},"potentialAction":[{"@type":"SearchAction","target":{"@type":"EntryPoint","urlTemplate":"https:\/\/renatodias.online\/movimento\/?s={search_term_string}"},"query-input":{"@type":"PropertyValueSpecification","valueRequired":true,"valueName":"search_term_string"}}],"inLanguage":"pt-BR"},{"@type":["Person","Organization"],"@id":"https:\/\/renatodias.online\/movimento\/#\/schema\/person\/bbab28833b1725a20f4083f49f1fb2a9","name":"Renato Dias","image":{"@type":"ImageObject","inLanguage":"pt-BR","@id":"https:\/\/renatodias.online\/movimento\/wp-content\/uploads\/2023\/03\/cropped-cropped-cropped-logofinal.jpeg","url":"https:\/\/renatodias.online\/movimento\/wp-content\/uploads\/2023\/03\/cropped-cropped-cropped-logofinal.jpeg","contentUrl":"https:\/\/renatodias.online\/movimento\/wp-content\/uploads\/2023\/03\/cropped-cropped-cropped-logofinal.jpeg","width":1280,"height":219,"caption":"Renato Dias"},"logo":{"@id":"https:\/\/renatodias.online\/movimento\/wp-content\/uploads\/2023\/03\/cropped-cropped-cropped-logofinal.jpeg"},"description":"Renato Dias, 58 anos, \u00e9 graduado em Jornalismo, formado em Ci\u00eancias Sociais, com p\u00f3s-gradua\u00e7\u00e3o em Pol\u00edticas P\u00fablicas, mestre em Direito e Rela\u00e7\u00f5es Internacionais, ex-aluno extraordin\u00e1rio do Doutorado em Psicologia Social, ex-estudante do Curso de Psican\u00e1lise do Centro de Estudos Psicanal\u00edticos do Estado de Goi\u00e1s, ministrado pelo m\u00e9dico psiquiatra e psicanalista Daniel Em\u00eddio de Souza. \u00c9 autor de 30 livros-reportagem, oito document\u00e1rios, ganhou 30 pr\u00eamios e \u00e9 torcedor apaixonado do maior do Centro-Oeste, o Vila Nova Futebol Clube. Casado com Meirilane Dias, \u00e9 pai de Juliana Dias, jornalista; Daniel Dias, economista; e Maria Rosa Dias, estudante antifascista, socialista e trotskista.\u00a0Com tr\u00eas pets: Porquinho [Bull Dog Franc\u00eas], Dalila [Basset Hound] e Geleia [Basset Hound]. Al\u00e9m do eterno gato Tutuquinho, que virou estrela.","sameAs":["https:\/\/www.facebook.com\/renato.dias.37","#breve","https:\/\/renatodias.tumblr.com\/"],"url":"https:\/\/renatodias.online\/movimento\/author\/renatodias\/"}]}},"_links":{"self":[{"href":"https:\/\/renatodias.online\/movimento\/wp-json\/wp\/v2\/posts\/15883","targetHints":{"allow":["GET"]}}],"collection":[{"href":"https:\/\/renatodias.online\/movimento\/wp-json\/wp\/v2\/posts"}],"about":[{"href":"https:\/\/renatodias.online\/movimento\/wp-json\/wp\/v2\/types\/post"}],"author":[{"embeddable":true,"href":"https:\/\/renatodias.online\/movimento\/wp-json\/wp\/v2\/users\/2"}],"replies":[{"embeddable":true,"href":"https:\/\/renatodias.online\/movimento\/wp-json\/wp\/v2\/comments?post=15883"}],"version-history":[{"count":2,"href":"https:\/\/renatodias.online\/movimento\/wp-json\/wp\/v2\/posts\/15883\/revisions"}],"predecessor-version":[{"id":16152,"href":"https:\/\/renatodias.online\/movimento\/wp-json\/wp\/v2\/posts\/15883\/revisions\/16152"}],"wp:featuredmedia":[{"embeddable":true,"href":"https:\/\/renatodias.online\/movimento\/wp-json\/wp\/v2\/media\/15454"}],"wp:attachment":[{"href":"https:\/\/renatodias.online\/movimento\/wp-json\/wp\/v2\/media?parent=15883"}],"wp:term":[{"taxonomy":"category","embeddable":true,"href":"https:\/\/renatodias.online\/movimento\/wp-json\/wp\/v2\/categories?post=15883"},{"taxonomy":"post_tag","embeddable":true,"href":"https:\/\/renatodias.online\/movimento\/wp-json\/wp\/v2\/tags?post=15883"}],"curies":[{"name":"wp","href":"https:\/\/api.w.org\/{rel}","templated":true}]}}