{"id":15848,"date":"2023-03-12T19:06:18","date_gmt":"2023-03-12T22:06:18","guid":{"rendered":"https:\/\/renatodias.online\/movimento\/?p=15848"},"modified":"2023-03-22T22:33:17","modified_gmt":"2023-03-23T01:33:17","slug":"os-aprovados-serao-convocados","status":"publish","type":"post","link":"https:\/\/renatodias.online\/movimento\/2023\/03\/12\/os-aprovados-serao-convocados\/","title":{"rendered":"Os aprovados ser\u00e3o convocados?"},"content":{"rendered":"<p><strong><img loading=\"lazy\" decoding=\"async\" class=\"size-medium wp-image-5007 aligncenter\" src=\"https:\/\/renatodias.online\/movimento\/wp-content\/uploads\/2021\/01\/Alto-da-p\u00e1gina-Banner-Exclusivo-300x91.png\" alt=\"\" width=\"300\" height=\"91\"><\/strong><\/p>\n<h2 style=\"text-align: center;\"><span style=\"color: #0000ff;\"><strong>Audi\u00eancia p\u00fablica na C\u00e2mara Municipal p\u00f5e tema em pauta<\/strong><\/span><\/h2>\n<h2 style=\"text-align: center;\"><span style=\"color: #808000;\"><strong>Prefeitura de Goi\u00e2nia<\/strong><\/span><\/h2>\n<p style=\"text-align: center;\"><strong>&nbsp;<\/strong><span style=\"color: #800000;\"><strong>L\u00e9o Razuk <\/strong><\/span><\/p>\n<p style=\"text-align: center;\"><span style=\"color: #800000;\"><strong>Especial para o Portal de Not\u00edcias<\/strong><\/span><\/p>\n<p style=\"text-align: center;\"><span style=\"color: #800000;\"><strong><a style=\"color: #800000;\" href=\"http:\/\/www.renatodias.online\">www.renatodias.online<\/a><\/strong><\/span><\/p>\n<p>A vereadora <strong>K\u00e1tia Maria<\/strong> (PT) promoveu audi\u00eancia p\u00fablica para discutir a situa\u00e7\u00e3o dos aprovados no concurso realizado pela prefeitura no ano passado para os setores de educa\u00e7\u00e3o, sa\u00fade, assist\u00eancia social, esportes, infraestrutura, planejamento e administra\u00e7\u00e3o e que ainda n\u00e3o foram nomeados. O evento contou com a participa\u00e7\u00e3o de dezenas de aprovados e representantes de entidades classistas, al\u00e9m da secret\u00e1ria municipal de Desenvolvimento Humano e Social, <strong>Maria Yvel\u00f4nia<\/strong>, e do procurador-geral do Minist\u00e9rio P\u00fablico de Contas, <strong>Henrique Landim<\/strong>.<\/p>\n<h1 style=\"text-align: center;\"><span style=\"color: #0000ff;\"><strong>5%<\/strong><\/span><\/h1>\n<h1 style=\"text-align: center;\"><span style=\"color: #0000ff;\"><strong>Para pessoas<\/strong><\/span><\/h1>\n<h1 style=\"text-align: center;\"><span style=\"color: #0000ff;\"><strong>com defici\u00eancia<\/strong><\/span><\/h1>\n<p>O deputado estadual Mauro Rubem, que vinha acompanhando o caso enquanto ocupava cadeira na C\u00e2mara Municipal, tamb\u00e9m participou da audi\u00eancia. Em janeiro, a prefeitura convocou 1.972 aprovados, mas n\u00e3o observou as determina\u00e7\u00f5es da lei de cotas e a convoca\u00e7\u00e3o foi barrada pelo Tribunal de Contas dos Munic\u00edpios (TCM). Em acordo feito com o tribunal, a prefeitura retificou o edital de convoca\u00e7\u00e3o com o objetivo de cumprir, rigorosamente, a lei municipal n\u00ba 9791, de 2016, e a federal n\u00ba 7853, de 1989, que reserva 20% das vagas para candidatos negros e 5% para pessoas com defici\u00eancia.<\/p>\n<h1 style=\"text-align: center;\"><span style=\"color: #0000ff;\"><strong>20% das vagas<\/strong><\/span><\/h1>\n<h1 style=\"text-align: center;\"><span style=\"color: #0000ff;\"><strong>para os negros<\/strong><\/span><\/h1>\n<p><img loading=\"lazy\" decoding=\"async\" class=\"size-full wp-image-13832 aligncenter\" src=\"https:\/\/renatodias.online\/movimento\/wp-content\/uploads\/2022\/08\/Veja.jpg\" alt=\"\" width=\"300\" height=\"150\"><\/p>\n<p>Com isso, mais 20 aprovados que se enquadram nas cotas foram acrescentados \u00e0 chamada. No entanto, os concursados ainda reclamam que a lei n\u00e3o est\u00e1 sendo cumprida. \u201cNum primeiro momento, a Semad disse que realmente tinha um erro e que seria realizada a retifica\u00e7\u00e3o da convoca\u00e7\u00e3o e 119 cotistas seriam convocados\u201d, afirma Eliane Silv\u00e9rio, que foi aprovada no concurso. \u201cA retifica\u00e7\u00e3o saiu dia 3 de mar\u00e7o, mas ainda n\u00e3o est\u00e1 de acordo com a lei\u201d, completa.<\/p>\n<h1 style=\"text-align: center;\"><span style=\"color: #0000ff;\"><strong>119 c<\/strong><strong>otistas <\/strong><\/span><\/h1>\n<h1 style=\"text-align: center;\"><span style=\"color: #0000ff;\"><strong>seriam <\/strong><strong>convocados<\/strong><\/span><\/h1>\n<p><img loading=\"lazy\" decoding=\"async\" class=\"size-medium wp-image-15364 aligncenter\" src=\"https:\/\/renatodias.online\/movimento\/wp-content\/uploads\/2023\/01\/Para-entender-logo-300x158.png\" alt=\"\" width=\"300\" height=\"158\"><\/p>\n<p>Segundo a vereadora K\u00e1tia Maria, \u201cna medida que a cautelar foi orientativa, ao inv\u00e9s de corrigir e fazer um novo edital, ela fez uma regress\u00e3o do que j\u00e1 estava em andamento e tirou \u00e1reas importantes, como sa\u00fade e educa\u00e7\u00e3o, fazendo apenas o chamamento da assist\u00eancia social e infraestrutura para se adequar \u00e0 quest\u00e3o das cotas\u201d. A vereadora refor\u00e7a ainda que o concurso p\u00fablico \u201c\u00e9 para garantir nos Cais, nas escolas, nas obras, servidores qualificados\u201d e que ir\u00e3o beneficiar a popula\u00e7\u00e3o.&nbsp; Presente na audi\u00eancia p\u00fablica, a secret\u00e1ria municipal de Desenvolvimento Humano e Social, Maria Yvel\u00f4nia, garante que as negocia\u00e7\u00f5es com o TCM v\u00e3o permitir uma resolu\u00e7\u00e3o r\u00e1pida para a quest\u00e3o. \u201cFizemos uma reuni\u00e3o com os conselheiros e est\u00e1 pacificada a situa\u00e7\u00e3o com rela\u00e7\u00e3o ao concurso. O concurso \u00e9 v\u00e1lido e teremos todas as condi\u00e7\u00f5es de receber os aprovados\u201d.<\/p>\n<blockquote>\n<h1><span style=\"color: #0000ff;\"><strong>\u00c9 indispens\u00e1vel um cronograma de convoca\u00e7\u00e3o definido<\/strong><\/span><\/h1>\n<\/blockquote>\n<p><span style=\"color: #ff00ff;\"><strong>K\u00e1tia Maria<\/strong><\/span><\/p>\n<p>No entanto, os aprovados reclamam que a prefeitura ainda n\u00e3o divulgou um cronograma de chamamento. \u201cDesde o fim do concurso n\u00e3o temos um calend\u00e1rio de nomea\u00e7\u00e3o, que \u00e9 de praxe em todos os concursos p\u00fablicos\u201d, reclama o professor Alexandre de Paula. A secret\u00e1ria se defende afirmando que \u201ca secretaria de Assist\u00eancia social j\u00e1 est\u00e1 fazendo um levantamento das vagas e acreditamos que em poucos dias as nomea\u00e7\u00f5es j\u00e1 comecem a ser feitas\u201d.&nbsp;\u201cA nossa cobran\u00e7a \u00e9 justamente para que a prefeitura cumpra as determina\u00e7\u00f5es da lei e convoque os aprovados de imediato\u201d, refor\u00e7a a vereadora K\u00e1tia Maria.<\/p>\n<blockquote>\n<h1><span style=\"color: #0000ff;\"><strong>A convoca\u00e7\u00e3o imediata dos aprovados<\/strong><\/span><\/h1>\n<\/blockquote>\n<p><span style=\"color: #ff00ff;\"><strong>K\u00e1tia Maria<\/strong><\/span><\/p>\n<p>&nbsp;<\/p>\n","protected":false},"excerpt":{"rendered":"<p>Audi\u00eancia p\u00fablica na C\u00e2mara Municipal p\u00f5e tema em pauta Prefeitura de Goi\u00e2nia &nbsp;L\u00e9o Razuk Especial para o Portal de Not\u00edcias www.renatodias.online A vereadora K\u00e1tia Maria (PT) promoveu audi\u00eancia p\u00fablica para discutir a situa\u00e7\u00e3o dos aprovados no concurso realizado pela prefeitura no ano passado para os setores de educa\u00e7\u00e3o, sa\u00fade, assist\u00eancia social, esportes, infraestrutura, planejamento e<\/p>\n","protected":false},"author":2,"featured_media":15850,"comment_status":"open","ping_status":"open","sticky":false,"template":"","format":"standard","meta":{"_acf_changed":false,"_monsterinsights_skip_tracking":false,"_monsterinsights_sitenote_active":false,"_monsterinsights_sitenote_note":"","_monsterinsights_sitenote_category":0,"footnotes":""},"categories":[9],"tags":[],"class_list":["post-15848","post","type-post","status-publish","format-standard","has-post-thumbnail","hentry","category-cidade"],"acf":[],"yoast_head":"<!-- This site is optimized with the Yoast SEO plugin v27.4 - https:\/\/yoast.com\/product\/yoast-seo-wordpress\/ -->\n<title>Os aprovados ser\u00e3o convocados? -<\/title>\n<meta name=\"robots\" content=\"index, follow, max-snippet:-1, max-image-preview:large, max-video-preview:-1\" \/>\n<link rel=\"canonical\" href=\"https:\/\/renatodias.online\/movimento\/2023\/03\/12\/os-aprovados-serao-convocados\/\" \/>\n<meta property=\"og:locale\" content=\"pt_BR\" \/>\n<meta property=\"og:type\" content=\"article\" \/>\n<meta property=\"og:title\" content=\"Os aprovados ser\u00e3o convocados? -\" \/>\n<meta property=\"og:description\" content=\"Audi\u00eancia p\u00fablica na C\u00e2mara Municipal p\u00f5e tema em pauta Prefeitura de Goi\u00e2nia &nbsp;L\u00e9o Razuk Especial para o Portal de Not\u00edcias www.renatodias.online A vereadora K\u00e1tia Maria (PT) promoveu audi\u00eancia p\u00fablica para discutir a situa\u00e7\u00e3o dos aprovados no concurso realizado pela prefeitura no ano passado para os setores de educa\u00e7\u00e3o, sa\u00fade, assist\u00eancia social, esportes, infraestrutura, planejamento e\" \/>\n<meta property=\"og:url\" content=\"https:\/\/renatodias.online\/movimento\/2023\/03\/12\/os-aprovados-serao-convocados\/\" \/>\n<meta property=\"article:publisher\" content=\"https:\/\/www.facebook.com\/renato.dias.37\" \/>\n<meta property=\"article:author\" content=\"https:\/\/www.facebook.com\/renato.dias.37\" \/>\n<meta property=\"article:published_time\" content=\"2023-03-12T22:06:18+00:00\" \/>\n<meta property=\"article:modified_time\" content=\"2023-03-23T01:33:17+00:00\" \/>\n<meta property=\"og:image\" content=\"https:\/\/renatodias.online\/movimento\/wp-content\/uploads\/2023\/03\/Katia-Maria-Concurso-e1679535191868.jpg\" \/>\n\t<meta property=\"og:image:width\" content=\"668\" \/>\n\t<meta property=\"og:image:height\" content=\"445\" \/>\n\t<meta property=\"og:image:type\" content=\"image\/jpeg\" \/>\n<meta name=\"author\" content=\"Renato Dias\" \/>\n<meta name=\"twitter:card\" content=\"summary_large_image\" \/>\n<meta name=\"twitter:creator\" content=\"@RenatoDiasBat\" \/>\n<meta name=\"twitter:site\" content=\"@RenatoDiasBat\" \/>\n<meta name=\"twitter:label1\" content=\"Escrito por\" \/>\n\t<meta name=\"twitter:data1\" content=\"Renato Dias\" \/>\n\t<meta name=\"twitter:label2\" content=\"Est. tempo de leitura\" \/>\n\t<meta name=\"twitter:data2\" content=\"4 minutos\" \/>\n<script type=\"application\/ld+json\" class=\"yoast-schema-graph\">{\"@context\":\"https:\\\/\\\/schema.org\",\"@graph\":[{\"@type\":\"Article\",\"@id\":\"https:\\\/\\\/renatodias.online\\\/movimento\\\/2023\\\/03\\\/12\\\/os-aprovados-serao-convocados\\\/#article\",\"isPartOf\":{\"@id\":\"https:\\\/\\\/renatodias.online\\\/movimento\\\/2023\\\/03\\\/12\\\/os-aprovados-serao-convocados\\\/\"},\"author\":{\"name\":\"Renato Dias\",\"@id\":\"https:\\\/\\\/renatodias.online\\\/movimento\\\/#\\\/schema\\\/person\\\/bbab28833b1725a20f4083f49f1fb2a9\"},\"headline\":\"Os aprovados ser\u00e3o convocados?\",\"datePublished\":\"2023-03-12T22:06:18+00:00\",\"dateModified\":\"2023-03-23T01:33:17+00:00\",\"mainEntityOfPage\":{\"@id\":\"https:\\\/\\\/renatodias.online\\\/movimento\\\/2023\\\/03\\\/12\\\/os-aprovados-serao-convocados\\\/\"},\"wordCount\":607,\"commentCount\":0,\"publisher\":{\"@id\":\"https:\\\/\\\/renatodias.online\\\/movimento\\\/#\\\/schema\\\/person\\\/bbab28833b1725a20f4083f49f1fb2a9\"},\"image\":{\"@id\":\"https:\\\/\\\/renatodias.online\\\/movimento\\\/2023\\\/03\\\/12\\\/os-aprovados-serao-convocados\\\/#primaryimage\"},\"thumbnailUrl\":\"https:\\\/\\\/renatodias.online\\\/movimento\\\/wp-content\\\/uploads\\\/2023\\\/03\\\/Katia-Maria-Concurso-e1679535191868.jpg\",\"articleSection\":[\"Cidade\"],\"inLanguage\":\"pt-BR\",\"potentialAction\":[{\"@type\":\"CommentAction\",\"name\":\"Comment\",\"target\":[\"https:\\\/\\\/renatodias.online\\\/movimento\\\/2023\\\/03\\\/12\\\/os-aprovados-serao-convocados\\\/#respond\"]}]},{\"@type\":\"WebPage\",\"@id\":\"https:\\\/\\\/renatodias.online\\\/movimento\\\/2023\\\/03\\\/12\\\/os-aprovados-serao-convocados\\\/\",\"url\":\"https:\\\/\\\/renatodias.online\\\/movimento\\\/2023\\\/03\\\/12\\\/os-aprovados-serao-convocados\\\/\",\"name\":\"Os aprovados ser\u00e3o convocados? -\",\"isPartOf\":{\"@id\":\"https:\\\/\\\/renatodias.online\\\/movimento\\\/#website\"},\"primaryImageOfPage\":{\"@id\":\"https:\\\/\\\/renatodias.online\\\/movimento\\\/2023\\\/03\\\/12\\\/os-aprovados-serao-convocados\\\/#primaryimage\"},\"image\":{\"@id\":\"https:\\\/\\\/renatodias.online\\\/movimento\\\/2023\\\/03\\\/12\\\/os-aprovados-serao-convocados\\\/#primaryimage\"},\"thumbnailUrl\":\"https:\\\/\\\/renatodias.online\\\/movimento\\\/wp-content\\\/uploads\\\/2023\\\/03\\\/Katia-Maria-Concurso-e1679535191868.jpg\",\"datePublished\":\"2023-03-12T22:06:18+00:00\",\"dateModified\":\"2023-03-23T01:33:17+00:00\",\"breadcrumb\":{\"@id\":\"https:\\\/\\\/renatodias.online\\\/movimento\\\/2023\\\/03\\\/12\\\/os-aprovados-serao-convocados\\\/#breadcrumb\"},\"inLanguage\":\"pt-BR\",\"potentialAction\":[{\"@type\":\"ReadAction\",\"target\":[\"https:\\\/\\\/renatodias.online\\\/movimento\\\/2023\\\/03\\\/12\\\/os-aprovados-serao-convocados\\\/\"]}]},{\"@type\":\"ImageObject\",\"inLanguage\":\"pt-BR\",\"@id\":\"https:\\\/\\\/renatodias.online\\\/movimento\\\/2023\\\/03\\\/12\\\/os-aprovados-serao-convocados\\\/#primaryimage\",\"url\":\"https:\\\/\\\/renatodias.online\\\/movimento\\\/wp-content\\\/uploads\\\/2023\\\/03\\\/Katia-Maria-Concurso-e1679535191868.jpg\",\"contentUrl\":\"https:\\\/\\\/renatodias.online\\\/movimento\\\/wp-content\\\/uploads\\\/2023\\\/03\\\/Katia-Maria-Concurso-e1679535191868.jpg\",\"width\":668,\"height\":445,\"caption\":\"Audi\u00eancia: Concurso p\u00fablico\"},{\"@type\":\"BreadcrumbList\",\"@id\":\"https:\\\/\\\/renatodias.online\\\/movimento\\\/2023\\\/03\\\/12\\\/os-aprovados-serao-convocados\\\/#breadcrumb\",\"itemListElement\":[{\"@type\":\"ListItem\",\"position\":1,\"name\":\"In\u00edcio\",\"item\":\"https:\\\/\\\/renatodias.online\\\/movimento\\\/\"},{\"@type\":\"ListItem\",\"position\":2,\"name\":\"Os aprovados ser\u00e3o convocados?\"}]},{\"@type\":\"WebSite\",\"@id\":\"https:\\\/\\\/renatodias.online\\\/movimento\\\/#website\",\"url\":\"https:\\\/\\\/renatodias.online\\\/movimento\\\/\",\"name\":\"\",\"description\":\"\",\"publisher\":{\"@id\":\"https:\\\/\\\/renatodias.online\\\/movimento\\\/#\\\/schema\\\/person\\\/bbab28833b1725a20f4083f49f1fb2a9\"},\"potentialAction\":[{\"@type\":\"SearchAction\",\"target\":{\"@type\":\"EntryPoint\",\"urlTemplate\":\"https:\\\/\\\/renatodias.online\\\/movimento\\\/?s={search_term_string}\"},\"query-input\":{\"@type\":\"PropertyValueSpecification\",\"valueRequired\":true,\"valueName\":\"search_term_string\"}}],\"inLanguage\":\"pt-BR\"},{\"@type\":[\"Person\",\"Organization\"],\"@id\":\"https:\\\/\\\/renatodias.online\\\/movimento\\\/#\\\/schema\\\/person\\\/bbab28833b1725a20f4083f49f1fb2a9\",\"name\":\"Renato Dias\",\"image\":{\"@type\":\"ImageObject\",\"inLanguage\":\"pt-BR\",\"@id\":\"https:\\\/\\\/renatodias.online\\\/movimento\\\/wp-content\\\/uploads\\\/2023\\\/03\\\/cropped-cropped-cropped-logofinal.jpeg\",\"url\":\"https:\\\/\\\/renatodias.online\\\/movimento\\\/wp-content\\\/uploads\\\/2023\\\/03\\\/cropped-cropped-cropped-logofinal.jpeg\",\"contentUrl\":\"https:\\\/\\\/renatodias.online\\\/movimento\\\/wp-content\\\/uploads\\\/2023\\\/03\\\/cropped-cropped-cropped-logofinal.jpeg\",\"width\":1280,\"height\":219,\"caption\":\"Renato Dias\"},\"logo\":{\"@id\":\"https:\\\/\\\/renatodias.online\\\/movimento\\\/wp-content\\\/uploads\\\/2023\\\/03\\\/cropped-cropped-cropped-logofinal.jpeg\"},\"description\":\"Renato Dias, 58 anos, \u00e9 graduado em Jornalismo, formado em Ci\u00eancias Sociais, com p\u00f3s-gradua\u00e7\u00e3o em Pol\u00edticas P\u00fablicas, mestre em Direito e Rela\u00e7\u00f5es Internacionais, ex-aluno extraordin\u00e1rio do Doutorado em Psicologia Social, ex-estudante do Curso de Psican\u00e1lise do Centro de Estudos Psicanal\u00edticos do Estado de Goi\u00e1s, ministrado pelo m\u00e9dico psiquiatra e psicanalista Daniel Em\u00eddio de Souza. \u00c9 autor de 30 livros-reportagem, oito document\u00e1rios, ganhou 30 pr\u00eamios e \u00e9 torcedor apaixonado do maior do Centro-Oeste, o Vila Nova Futebol Clube. Casado com Meirilane Dias, \u00e9 pai de Juliana Dias, jornalista; Daniel Dias, economista; e Maria Rosa Dias, estudante antifascista, socialista e trotskista.\u00a0Com tr\u00eas pets: Porquinho [Bull Dog Franc\u00eas], Dalila [Basset Hound] e Geleia [Basset Hound]. Al\u00e9m do eterno gato Tutuquinho, que virou estrela.\",\"sameAs\":[\"https:\\\/\\\/www.facebook.com\\\/renato.dias.37\",\"#breve\",\"https:\\\/\\\/renatodias.tumblr.com\\\/\"],\"url\":\"https:\\\/\\\/renatodias.online\\\/movimento\\\/author\\\/renatodias\\\/\"}]}<\/script>\n<!-- \/ Yoast SEO plugin. -->","yoast_head_json":{"title":"Os aprovados ser\u00e3o convocados? -","robots":{"index":"index","follow":"follow","max-snippet":"max-snippet:-1","max-image-preview":"max-image-preview:large","max-video-preview":"max-video-preview:-1"},"canonical":"https:\/\/renatodias.online\/movimento\/2023\/03\/12\/os-aprovados-serao-convocados\/","og_locale":"pt_BR","og_type":"article","og_title":"Os aprovados ser\u00e3o convocados? -","og_description":"Audi\u00eancia p\u00fablica na C\u00e2mara Municipal p\u00f5e tema em pauta Prefeitura de Goi\u00e2nia &nbsp;L\u00e9o Razuk Especial para o Portal de Not\u00edcias www.renatodias.online A vereadora K\u00e1tia Maria (PT) promoveu audi\u00eancia p\u00fablica para discutir a situa\u00e7\u00e3o dos aprovados no concurso realizado pela prefeitura no ano passado para os setores de educa\u00e7\u00e3o, sa\u00fade, assist\u00eancia social, esportes, infraestrutura, planejamento e","og_url":"https:\/\/renatodias.online\/movimento\/2023\/03\/12\/os-aprovados-serao-convocados\/","article_publisher":"https:\/\/www.facebook.com\/renato.dias.37","article_author":"https:\/\/www.facebook.com\/renato.dias.37","article_published_time":"2023-03-12T22:06:18+00:00","article_modified_time":"2023-03-23T01:33:17+00:00","og_image":[{"width":668,"height":445,"url":"https:\/\/renatodias.online\/movimento\/wp-content\/uploads\/2023\/03\/Katia-Maria-Concurso-e1679535191868.jpg","type":"image\/jpeg"}],"author":"Renato Dias","twitter_card":"summary_large_image","twitter_creator":"@RenatoDiasBat","twitter_site":"@RenatoDiasBat","twitter_misc":{"Escrito por":"Renato Dias","Est. tempo de leitura":"4 minutos"},"schema":{"@context":"https:\/\/schema.org","@graph":[{"@type":"Article","@id":"https:\/\/renatodias.online\/movimento\/2023\/03\/12\/os-aprovados-serao-convocados\/#article","isPartOf":{"@id":"https:\/\/renatodias.online\/movimento\/2023\/03\/12\/os-aprovados-serao-convocados\/"},"author":{"name":"Renato Dias","@id":"https:\/\/renatodias.online\/movimento\/#\/schema\/person\/bbab28833b1725a20f4083f49f1fb2a9"},"headline":"Os aprovados ser\u00e3o convocados?","datePublished":"2023-03-12T22:06:18+00:00","dateModified":"2023-03-23T01:33:17+00:00","mainEntityOfPage":{"@id":"https:\/\/renatodias.online\/movimento\/2023\/03\/12\/os-aprovados-serao-convocados\/"},"wordCount":607,"commentCount":0,"publisher":{"@id":"https:\/\/renatodias.online\/movimento\/#\/schema\/person\/bbab28833b1725a20f4083f49f1fb2a9"},"image":{"@id":"https:\/\/renatodias.online\/movimento\/2023\/03\/12\/os-aprovados-serao-convocados\/#primaryimage"},"thumbnailUrl":"https:\/\/renatodias.online\/movimento\/wp-content\/uploads\/2023\/03\/Katia-Maria-Concurso-e1679535191868.jpg","articleSection":["Cidade"],"inLanguage":"pt-BR","potentialAction":[{"@type":"CommentAction","name":"Comment","target":["https:\/\/renatodias.online\/movimento\/2023\/03\/12\/os-aprovados-serao-convocados\/#respond"]}]},{"@type":"WebPage","@id":"https:\/\/renatodias.online\/movimento\/2023\/03\/12\/os-aprovados-serao-convocados\/","url":"https:\/\/renatodias.online\/movimento\/2023\/03\/12\/os-aprovados-serao-convocados\/","name":"Os aprovados ser\u00e3o convocados? -","isPartOf":{"@id":"https:\/\/renatodias.online\/movimento\/#website"},"primaryImageOfPage":{"@id":"https:\/\/renatodias.online\/movimento\/2023\/03\/12\/os-aprovados-serao-convocados\/#primaryimage"},"image":{"@id":"https:\/\/renatodias.online\/movimento\/2023\/03\/12\/os-aprovados-serao-convocados\/#primaryimage"},"thumbnailUrl":"https:\/\/renatodias.online\/movimento\/wp-content\/uploads\/2023\/03\/Katia-Maria-Concurso-e1679535191868.jpg","datePublished":"2023-03-12T22:06:18+00:00","dateModified":"2023-03-23T01:33:17+00:00","breadcrumb":{"@id":"https:\/\/renatodias.online\/movimento\/2023\/03\/12\/os-aprovados-serao-convocados\/#breadcrumb"},"inLanguage":"pt-BR","potentialAction":[{"@type":"ReadAction","target":["https:\/\/renatodias.online\/movimento\/2023\/03\/12\/os-aprovados-serao-convocados\/"]}]},{"@type":"ImageObject","inLanguage":"pt-BR","@id":"https:\/\/renatodias.online\/movimento\/2023\/03\/12\/os-aprovados-serao-convocados\/#primaryimage","url":"https:\/\/renatodias.online\/movimento\/wp-content\/uploads\/2023\/03\/Katia-Maria-Concurso-e1679535191868.jpg","contentUrl":"https:\/\/renatodias.online\/movimento\/wp-content\/uploads\/2023\/03\/Katia-Maria-Concurso-e1679535191868.jpg","width":668,"height":445,"caption":"Audi\u00eancia: Concurso p\u00fablico"},{"@type":"BreadcrumbList","@id":"https:\/\/renatodias.online\/movimento\/2023\/03\/12\/os-aprovados-serao-convocados\/#breadcrumb","itemListElement":[{"@type":"ListItem","position":1,"name":"In\u00edcio","item":"https:\/\/renatodias.online\/movimento\/"},{"@type":"ListItem","position":2,"name":"Os aprovados ser\u00e3o convocados?"}]},{"@type":"WebSite","@id":"https:\/\/renatodias.online\/movimento\/#website","url":"https:\/\/renatodias.online\/movimento\/","name":"","description":"","publisher":{"@id":"https:\/\/renatodias.online\/movimento\/#\/schema\/person\/bbab28833b1725a20f4083f49f1fb2a9"},"potentialAction":[{"@type":"SearchAction","target":{"@type":"EntryPoint","urlTemplate":"https:\/\/renatodias.online\/movimento\/?s={search_term_string}"},"query-input":{"@type":"PropertyValueSpecification","valueRequired":true,"valueName":"search_term_string"}}],"inLanguage":"pt-BR"},{"@type":["Person","Organization"],"@id":"https:\/\/renatodias.online\/movimento\/#\/schema\/person\/bbab28833b1725a20f4083f49f1fb2a9","name":"Renato Dias","image":{"@type":"ImageObject","inLanguage":"pt-BR","@id":"https:\/\/renatodias.online\/movimento\/wp-content\/uploads\/2023\/03\/cropped-cropped-cropped-logofinal.jpeg","url":"https:\/\/renatodias.online\/movimento\/wp-content\/uploads\/2023\/03\/cropped-cropped-cropped-logofinal.jpeg","contentUrl":"https:\/\/renatodias.online\/movimento\/wp-content\/uploads\/2023\/03\/cropped-cropped-cropped-logofinal.jpeg","width":1280,"height":219,"caption":"Renato Dias"},"logo":{"@id":"https:\/\/renatodias.online\/movimento\/wp-content\/uploads\/2023\/03\/cropped-cropped-cropped-logofinal.jpeg"},"description":"Renato Dias, 58 anos, \u00e9 graduado em Jornalismo, formado em Ci\u00eancias Sociais, com p\u00f3s-gradua\u00e7\u00e3o em Pol\u00edticas P\u00fablicas, mestre em Direito e Rela\u00e7\u00f5es Internacionais, ex-aluno extraordin\u00e1rio do Doutorado em Psicologia Social, ex-estudante do Curso de Psican\u00e1lise do Centro de Estudos Psicanal\u00edticos do Estado de Goi\u00e1s, ministrado pelo m\u00e9dico psiquiatra e psicanalista Daniel Em\u00eddio de Souza. \u00c9 autor de 30 livros-reportagem, oito document\u00e1rios, ganhou 30 pr\u00eamios e \u00e9 torcedor apaixonado do maior do Centro-Oeste, o Vila Nova Futebol Clube. Casado com Meirilane Dias, \u00e9 pai de Juliana Dias, jornalista; Daniel Dias, economista; e Maria Rosa Dias, estudante antifascista, socialista e trotskista.\u00a0Com tr\u00eas pets: Porquinho [Bull Dog Franc\u00eas], Dalila [Basset Hound] e Geleia [Basset Hound]. Al\u00e9m do eterno gato Tutuquinho, que virou estrela.","sameAs":["https:\/\/www.facebook.com\/renato.dias.37","#breve","https:\/\/renatodias.tumblr.com\/"],"url":"https:\/\/renatodias.online\/movimento\/author\/renatodias\/"}]}},"_links":{"self":[{"href":"https:\/\/renatodias.online\/movimento\/wp-json\/wp\/v2\/posts\/15848","targetHints":{"allow":["GET"]}}],"collection":[{"href":"https:\/\/renatodias.online\/movimento\/wp-json\/wp\/v2\/posts"}],"about":[{"href":"https:\/\/renatodias.online\/movimento\/wp-json\/wp\/v2\/types\/post"}],"author":[{"embeddable":true,"href":"https:\/\/renatodias.online\/movimento\/wp-json\/wp\/v2\/users\/2"}],"replies":[{"embeddable":true,"href":"https:\/\/renatodias.online\/movimento\/wp-json\/wp\/v2\/comments?post=15848"}],"version-history":[{"count":2,"href":"https:\/\/renatodias.online\/movimento\/wp-json\/wp\/v2\/posts\/15848\/revisions"}],"predecessor-version":[{"id":16159,"href":"https:\/\/renatodias.online\/movimento\/wp-json\/wp\/v2\/posts\/15848\/revisions\/16159"}],"wp:featuredmedia":[{"embeddable":true,"href":"https:\/\/renatodias.online\/movimento\/wp-json\/wp\/v2\/media\/15850"}],"wp:attachment":[{"href":"https:\/\/renatodias.online\/movimento\/wp-json\/wp\/v2\/media?parent=15848"}],"wp:term":[{"taxonomy":"category","embeddable":true,"href":"https:\/\/renatodias.online\/movimento\/wp-json\/wp\/v2\/categories?post=15848"},{"taxonomy":"post_tag","embeddable":true,"href":"https:\/\/renatodias.online\/movimento\/wp-json\/wp\/v2\/tags?post=15848"}],"curies":[{"name":"wp","href":"https:\/\/api.w.org\/{rel}","templated":true}]}}