{"id":15758,"date":"2023-03-02T21:59:23","date_gmt":"2023-03-03T00:59:23","guid":{"rendered":"https:\/\/renatodias.online\/movimento\/?p=15758"},"modified":"2023-03-03T13:36:34","modified_gmt":"2023-03-03T16:36:34","slug":"katia-maria-ve-falhas-no-plano-diretor","status":"publish","type":"post","link":"https:\/\/renatodias.online\/movimento\/2023\/03\/02\/katia-maria-ve-falhas-no-plano-diretor\/","title":{"rendered":"K\u00e1tia Maria v\u00ea falhas no Plano Diretor  \u00a0"},"content":{"rendered":"<p><img loading=\"lazy\" decoding=\"async\" class=\"size-full wp-image-8404 aligncenter\" src=\"https:\/\/renatodias.online\/movimento\/wp-content\/uploads\/2021\/08\/Economia-verde.jpg\" alt=\"\" width=\"273\" height=\"184\" \/><\/p>\n<figure id=\"attachment_15761\" aria-describedby=\"caption-attachment-15761\" style=\"width: 1140px\" class=\"wp-caption aligncenter\"><img loading=\"lazy\" decoding=\"async\" class=\"wp-image-15761 size-large\" src=\"https:\/\/renatodias.online\/movimento\/wp-content\/uploads\/2023\/03\/Katia-Maria-Audiencia-3-1537x1024.jpg\" alt=\"\" width=\"1140\" height=\"760\" \/><figcaption id=\"caption-attachment-15761\" class=\"wp-caption-text\"><span style=\"color: #ff0000;\"><strong>K\u00e1tia Maria aponta erros<\/strong><\/span><\/figcaption><\/figure>\n<p><img loading=\"lazy\" decoding=\"async\" class=\"size-full wp-image-5929 aligncenter\" src=\"https:\/\/renatodias.online\/movimento\/wp-content\/uploads\/2021\/04\/Especial.jpg\" alt=\"\" width=\"200\" height=\"200\" srcset=\"https:\/\/renatodias.online\/movimento\/wp-content\/uploads\/2021\/04\/Especial.jpg 200w, https:\/\/renatodias.online\/movimento\/wp-content\/uploads\/2021\/04\/Especial-150x150.jpg 150w\" sizes=\"auto, (max-width: 200px) 100vw, 200px\" \/><\/p>\n<p style=\"text-align: center;\"><span style=\"color: #0000ff;\"><strong>Texto \u2013 Leo Razuk<\/strong><\/span><\/p>\n<p style=\"text-align: center;\"><span style=\"color: #0000ff;\"><strong>Fotos \u2013 Wesley Menezes<\/strong><\/span><\/p>\n<p style=\"text-align: center;\"><span style=\"color: #0000ff;\"><strong>Especial para <\/strong><\/span><\/p>\n<p style=\"text-align: center;\"><span style=\"color: #ff0000;\"><strong>www.renatodias.online<\/strong><\/span><\/p>\n<p>Preocupada com as falhas do <span style=\"color: #ff0000;\"><strong>Plano Diretor de Goi\u00e2nia<\/strong><\/span>, em rela\u00e7\u00e3o \u00e0s quest\u00f5es ambientais e de moradia popular, a vereadora <span style=\"color: #ff0000;\"><strong>K\u00e1tia Maria (PT)<\/strong><\/span> promoveu, ontem, na C\u00e2mara Municipal, audi\u00eancia p\u00fablica para debater e repensar a lei aprovada em outubro do ano passado. A audi\u00eancia contou com a participa\u00e7\u00e3o da professora da UFG Celene Barreira, coordenadora do Plano de Desenvolvimento Integrado da Regi\u00e3o Metropolitana; da assessora de rela\u00e7\u00f5es institucionais do Conselho de Arquitetura e Urbanismo de Goi\u00e1s (CAU-GO), Maria Ester de Souza; do engenheiro Ant\u00f4nio de P\u00e1dua, assessor institucional do Conselho de Engenharia (Crea-GO); do vereador Paulo Magalh\u00e3es (UB), do deputado estadual Mauro Rubem (PT) e do procurador-geral do Munic\u00edpio Marcos Aur\u00e9lio Eg\u00eddio, representando a Prefeitura de Goi\u00e2nia.<\/p>\n<p><img loading=\"lazy\" decoding=\"async\" class=\"size-medium wp-image-14125 aligncenter\" src=\"https:\/\/renatodias.online\/movimento\/wp-content\/uploads\/2022\/09\/Saiba-mais-300x103.png\" alt=\"\" width=\"300\" height=\"103\" srcset=\"https:\/\/renatodias.online\/movimento\/wp-content\/uploads\/2022\/09\/Saiba-mais-300x103.png 300w, https:\/\/renatodias.online\/movimento\/wp-content\/uploads\/2022\/09\/Saiba-mais.png 572w\" sizes=\"auto, (max-width: 300px) 100vw, 300px\" \/><\/p>\n<p>\u201cPrecisamos rever, como muita urg\u00eancia, os pontos fr\u00e1geis desse Plano Diretor\u201d, destaca a vereadora. \u201cTemos de repensar a quest\u00e3o das \u00e1reas de preserva\u00e7\u00e3o permanente, da drenagem urbana, das obras de infraestrutura e outros pontos para que, assim como foi feito no IPTU, que aprovaram, reconheceram o erro e corrigiram, seja feito o mesmo com esse Plano Diretor\u201d, comenta K\u00e1tia. <span style=\"color: #ff0000;\"><strong>Os estragos causados pelos recentes alagamentos e quedas de \u00e1rvores em Goi\u00e2nia, que provocaram v\u00edtimas e at\u00e9 morte<\/strong><\/span>, s\u00e3o apontados pela vereadora como exemplo dos problemas que podem ser agravados com o atual Plano Diretor. \u201cVivemos um momento em que as mudan\u00e7as clim\u00e1ticas s\u00e3o cada vez mais severas e o nosso Plano Diretor, ao inv\u00e9s de contribuir para amenizar, colabora para agravar essa situa\u00e7\u00e3o, adensando \u00e1reas e prejudicando \u00e1reas de preserva\u00e7\u00e3o\u201d, afirma K\u00e1tia Maria.<\/p>\n<p><img loading=\"lazy\" decoding=\"async\" class=\"size-medium wp-image-13781 aligncenter\" src=\"https:\/\/renatodias.online\/movimento\/wp-content\/uploads\/2022\/08\/Raio-X-especial-300x112.png\" alt=\"\" width=\"300\" height=\"112\" \/><\/p>\n<blockquote>\n<h1><span style=\"color: #808000;\">\u00b4Com a tend\u00eancia de agravar a crise clim\u00e1tica <\/span><span style=\"color: #808000;\">em Goi\u00e2nia<\/span><\/h1>\n<\/blockquote>\n<p><strong><span style=\"color: #ff0000;\">K\u00e1tia Maria<\/span><\/strong><\/p>\n<p>\u201cTemos um Plano Diretor que ir\u00e1 piorar <span style=\"color: #ff0000;\"><strong>a crise clim\u00e1tica em Goi\u00e2nia<\/strong><\/span>\u201d, completa.\u00a0Para a vereadora, aperfei\u00e7oar pontos em rela\u00e7\u00e3o \u00e0s \u00e1reas de preserva\u00e7\u00e3o permanente \u00e9 fundamental. \u201cO Plano estipula que s\u00e3o necess\u00e1rias as preserva\u00e7\u00f5es das nascentes, mas n\u00e3o apresenta sequer um mapa de onde est\u00e3o essas nascentes\u201d, alerta.\u00a0Na audi\u00eancia, as preocupa\u00e7\u00f5es da vereadora foram refor\u00e7adas pelos representantes das entidades de arquitetura e engenharia presentes e pela professora <strong>Celene Barreira<\/strong>, da UFG. \u201cEsse Plano Diretor, como foi aprovado, \u00e9 bastante preocupante, mas ainda \u00e9 poss\u00edvel fazer corre\u00e7\u00f5es e temos de buscar esses ajustes dentro do prazo legal para evitar maiores estragos em nossa cidade\u201d, afirma a professora.<\/p>\n<p><img loading=\"lazy\" decoding=\"async\" class=\"size-medium wp-image-15364 aligncenter\" src=\"https:\/\/renatodias.online\/movimento\/wp-content\/uploads\/2023\/01\/Para-entender-logo-300x158.png\" alt=\"\" width=\"300\" height=\"158\" \/><\/p>\n<blockquote>\n<h1><strong><span style=\"color: #808000;\">\u00b4\u00c9 poss\u00edvel fazer corre\u00e7\u00f5es e temos de buscar esses ajustes dentro do prazo legal<\/span><\/strong><\/h1>\n<\/blockquote>\n<p><span style=\"color: #ff0000;\"><strong>Celene Bezerra, professora da UFG<\/strong><\/span><\/p>\n<p>\u201cQueremos sensibilizar as pessoas da import\u00e2ncia de revermos esse Plano Diretor\u201d, ressalta K\u00e1tia. \u201cSe a \u00e1rvore cai com a chuva, se as ruas alagam, se a casa inunda, isso \u00e9 Plano Diretor. Se falta \u00e1gua na torneira na \u00e9poca da seca, isso \u00e9 Plano Diretor. Temos de mostrar para a popula\u00e7\u00e3o que esse Plano tem <strong><span style=\"color: #ff0000;\">falhas graves<\/span><\/strong> e que v\u00e3o impactar na qualidade de vida das pessoas e isso precisa ser corrigido. Essa audi\u00eancia \u00e9 um primeiro passo nesse sentido\u201d, disparou a vereadora.<\/p>\n<blockquote>\n<h1><span style=\"color: #808000;\">\u00b4O Plano tem falhas graves e que v\u00e3o impactar na qualidade de vida das pessoas<\/span><\/h1>\n<\/blockquote>\n<p><span style=\"color: #ff0000;\"><strong>K\u00e1tia Maria<\/strong><\/span><\/p>\n<figure id=\"attachment_15760\" aria-describedby=\"caption-attachment-15760\" style=\"width: 1140px\" class=\"wp-caption alignnone\"><img loading=\"lazy\" decoding=\"async\" class=\"wp-image-15760 size-large\" src=\"https:\/\/renatodias.online\/movimento\/wp-content\/uploads\/2023\/03\/Katia-Maria-Audiencia-2-1537x1024.jpg\" alt=\"\" width=\"1140\" height=\"760\" \/><figcaption id=\"caption-attachment-15760\" class=\"wp-caption-text\"><span style=\"color: #ff0000;\"><strong>K\u00e1tia Maria em Audi\u00eancia P\u00fablica<\/strong><\/span><\/figcaption><\/figure>\n","protected":false},"excerpt":{"rendered":"<p>Texto \u2013 Leo Razuk Fotos \u2013 Wesley Menezes Especial para www.renatodias.online Preocupada com as falhas do Plano Diretor de Goi\u00e2nia, em rela\u00e7\u00e3o \u00e0s quest\u00f5es ambientais e de moradia popular, a vereadora K\u00e1tia Maria (PT) promoveu, ontem, na C\u00e2mara Municipal, audi\u00eancia p\u00fablica para debater e repensar a lei aprovada em outubro do ano passado. A audi\u00eancia<\/p>\n","protected":false},"author":2,"featured_media":15760,"comment_status":"open","ping_status":"open","sticky":false,"template":"","format":"standard","meta":{"_acf_changed":false,"_monsterinsights_skip_tracking":false,"_monsterinsights_sitenote_active":false,"_monsterinsights_sitenote_note":"","_monsterinsights_sitenote_category":0,"footnotes":""},"categories":[9],"tags":[],"class_list":["post-15758","post","type-post","status-publish","format-standard","has-post-thumbnail","hentry","category-cidade"],"acf":[],"yoast_head":"<!-- This site is optimized with the Yoast SEO plugin v27.4 - https:\/\/yoast.com\/product\/yoast-seo-wordpress\/ -->\n<title>K\u00e1tia Maria v\u00ea falhas no Plano Diretor \u00a0 -<\/title>\n<meta name=\"robots\" content=\"index, follow, max-snippet:-1, max-image-preview:large, max-video-preview:-1\" \/>\n<link rel=\"canonical\" href=\"https:\/\/renatodias.online\/movimento\/2023\/03\/02\/katia-maria-ve-falhas-no-plano-diretor\/\" \/>\n<meta property=\"og:locale\" content=\"pt_BR\" \/>\n<meta property=\"og:type\" content=\"article\" \/>\n<meta property=\"og:title\" content=\"K\u00e1tia Maria v\u00ea falhas no Plano Diretor \u00a0 -\" \/>\n<meta property=\"og:description\" content=\"Texto \u2013 Leo Razuk Fotos \u2013 Wesley Menezes Especial para www.renatodias.online Preocupada com as falhas do Plano Diretor de Goi\u00e2nia, em rela\u00e7\u00e3o \u00e0s quest\u00f5es ambientais e de moradia popular, a vereadora K\u00e1tia Maria (PT) promoveu, ontem, na C\u00e2mara Municipal, audi\u00eancia p\u00fablica para debater e repensar a lei aprovada em outubro do ano passado. A audi\u00eancia\" \/>\n<meta property=\"og:url\" content=\"https:\/\/renatodias.online\/movimento\/2023\/03\/02\/katia-maria-ve-falhas-no-plano-diretor\/\" \/>\n<meta property=\"article:publisher\" content=\"https:\/\/www.facebook.com\/renato.dias.37\" \/>\n<meta property=\"article:author\" content=\"https:\/\/www.facebook.com\/renato.dias.37\" \/>\n<meta property=\"article:published_time\" content=\"2023-03-03T00:59:23+00:00\" \/>\n<meta property=\"article:modified_time\" content=\"2023-03-03T16:36:34+00:00\" \/>\n<meta property=\"og:image\" content=\"https:\/\/renatodias.online\/movimento\/wp-content\/uploads\/2023\/03\/Katia-Maria-Audiencia-2-e1677861386481.jpg\" \/>\n\t<meta property=\"og:image:width\" content=\"360\" \/>\n\t<meta property=\"og:image:height\" content=\"240\" \/>\n\t<meta property=\"og:image:type\" content=\"image\/jpeg\" \/>\n<meta name=\"author\" content=\"Renato Dias\" \/>\n<meta name=\"twitter:card\" content=\"summary_large_image\" \/>\n<meta name=\"twitter:creator\" content=\"@RenatoDiasBat\" \/>\n<meta name=\"twitter:site\" content=\"@RenatoDiasBat\" \/>\n<meta name=\"twitter:label1\" content=\"Escrito por\" \/>\n\t<meta name=\"twitter:data1\" content=\"Renato Dias\" \/>\n\t<meta name=\"twitter:label2\" content=\"Est. tempo de leitura\" \/>\n\t<meta name=\"twitter:data2\" content=\"3 minutos\" \/>\n<script type=\"application\/ld+json\" class=\"yoast-schema-graph\">{\"@context\":\"https:\\\/\\\/schema.org\",\"@graph\":[{\"@type\":\"Article\",\"@id\":\"https:\\\/\\\/renatodias.online\\\/movimento\\\/2023\\\/03\\\/02\\\/katia-maria-ve-falhas-no-plano-diretor\\\/#article\",\"isPartOf\":{\"@id\":\"https:\\\/\\\/renatodias.online\\\/movimento\\\/2023\\\/03\\\/02\\\/katia-maria-ve-falhas-no-plano-diretor\\\/\"},\"author\":{\"name\":\"Renato Dias\",\"@id\":\"https:\\\/\\\/renatodias.online\\\/movimento\\\/#\\\/schema\\\/person\\\/bbab28833b1725a20f4083f49f1fb2a9\"},\"headline\":\"K\u00e1tia Maria v\u00ea falhas no Plano Diretor \u00a0\",\"datePublished\":\"2023-03-03T00:59:23+00:00\",\"dateModified\":\"2023-03-03T16:36:34+00:00\",\"mainEntityOfPage\":{\"@id\":\"https:\\\/\\\/renatodias.online\\\/movimento\\\/2023\\\/03\\\/02\\\/katia-maria-ve-falhas-no-plano-diretor\\\/\"},\"wordCount\":590,\"commentCount\":0,\"publisher\":{\"@id\":\"https:\\\/\\\/renatodias.online\\\/movimento\\\/#\\\/schema\\\/person\\\/bbab28833b1725a20f4083f49f1fb2a9\"},\"image\":{\"@id\":\"https:\\\/\\\/renatodias.online\\\/movimento\\\/2023\\\/03\\\/02\\\/katia-maria-ve-falhas-no-plano-diretor\\\/#primaryimage\"},\"thumbnailUrl\":\"https:\\\/\\\/renatodias.online\\\/movimento\\\/wp-content\\\/uploads\\\/2023\\\/03\\\/Katia-Maria-Audiencia-2-e1677861386481.jpg\",\"articleSection\":[\"Cidade\"],\"inLanguage\":\"pt-BR\",\"potentialAction\":[{\"@type\":\"CommentAction\",\"name\":\"Comment\",\"target\":[\"https:\\\/\\\/renatodias.online\\\/movimento\\\/2023\\\/03\\\/02\\\/katia-maria-ve-falhas-no-plano-diretor\\\/#respond\"]}]},{\"@type\":\"WebPage\",\"@id\":\"https:\\\/\\\/renatodias.online\\\/movimento\\\/2023\\\/03\\\/02\\\/katia-maria-ve-falhas-no-plano-diretor\\\/\",\"url\":\"https:\\\/\\\/renatodias.online\\\/movimento\\\/2023\\\/03\\\/02\\\/katia-maria-ve-falhas-no-plano-diretor\\\/\",\"name\":\"K\u00e1tia Maria v\u00ea falhas no Plano Diretor \u00a0 -\",\"isPartOf\":{\"@id\":\"https:\\\/\\\/renatodias.online\\\/movimento\\\/#website\"},\"primaryImageOfPage\":{\"@id\":\"https:\\\/\\\/renatodias.online\\\/movimento\\\/2023\\\/03\\\/02\\\/katia-maria-ve-falhas-no-plano-diretor\\\/#primaryimage\"},\"image\":{\"@id\":\"https:\\\/\\\/renatodias.online\\\/movimento\\\/2023\\\/03\\\/02\\\/katia-maria-ve-falhas-no-plano-diretor\\\/#primaryimage\"},\"thumbnailUrl\":\"https:\\\/\\\/renatodias.online\\\/movimento\\\/wp-content\\\/uploads\\\/2023\\\/03\\\/Katia-Maria-Audiencia-2-e1677861386481.jpg\",\"datePublished\":\"2023-03-03T00:59:23+00:00\",\"dateModified\":\"2023-03-03T16:36:34+00:00\",\"breadcrumb\":{\"@id\":\"https:\\\/\\\/renatodias.online\\\/movimento\\\/2023\\\/03\\\/02\\\/katia-maria-ve-falhas-no-plano-diretor\\\/#breadcrumb\"},\"inLanguage\":\"pt-BR\",\"potentialAction\":[{\"@type\":\"ReadAction\",\"target\":[\"https:\\\/\\\/renatodias.online\\\/movimento\\\/2023\\\/03\\\/02\\\/katia-maria-ve-falhas-no-plano-diretor\\\/\"]}]},{\"@type\":\"ImageObject\",\"inLanguage\":\"pt-BR\",\"@id\":\"https:\\\/\\\/renatodias.online\\\/movimento\\\/2023\\\/03\\\/02\\\/katia-maria-ve-falhas-no-plano-diretor\\\/#primaryimage\",\"url\":\"https:\\\/\\\/renatodias.online\\\/movimento\\\/wp-content\\\/uploads\\\/2023\\\/03\\\/Katia-Maria-Audiencia-2-e1677861386481.jpg\",\"contentUrl\":\"https:\\\/\\\/renatodias.online\\\/movimento\\\/wp-content\\\/uploads\\\/2023\\\/03\\\/Katia-Maria-Audiencia-2-e1677861386481.jpg\",\"width\":360,\"height\":240,\"caption\":\"K\u00e1tia Maria em Audi\u00eancia P\u00fablica\"},{\"@type\":\"BreadcrumbList\",\"@id\":\"https:\\\/\\\/renatodias.online\\\/movimento\\\/2023\\\/03\\\/02\\\/katia-maria-ve-falhas-no-plano-diretor\\\/#breadcrumb\",\"itemListElement\":[{\"@type\":\"ListItem\",\"position\":1,\"name\":\"In\u00edcio\",\"item\":\"https:\\\/\\\/renatodias.online\\\/movimento\\\/\"},{\"@type\":\"ListItem\",\"position\":2,\"name\":\"K\u00e1tia Maria v\u00ea falhas no Plano Diretor \u00a0\"}]},{\"@type\":\"WebSite\",\"@id\":\"https:\\\/\\\/renatodias.online\\\/movimento\\\/#website\",\"url\":\"https:\\\/\\\/renatodias.online\\\/movimento\\\/\",\"name\":\"\",\"description\":\"\",\"publisher\":{\"@id\":\"https:\\\/\\\/renatodias.online\\\/movimento\\\/#\\\/schema\\\/person\\\/bbab28833b1725a20f4083f49f1fb2a9\"},\"potentialAction\":[{\"@type\":\"SearchAction\",\"target\":{\"@type\":\"EntryPoint\",\"urlTemplate\":\"https:\\\/\\\/renatodias.online\\\/movimento\\\/?s={search_term_string}\"},\"query-input\":{\"@type\":\"PropertyValueSpecification\",\"valueRequired\":true,\"valueName\":\"search_term_string\"}}],\"inLanguage\":\"pt-BR\"},{\"@type\":[\"Person\",\"Organization\"],\"@id\":\"https:\\\/\\\/renatodias.online\\\/movimento\\\/#\\\/schema\\\/person\\\/bbab28833b1725a20f4083f49f1fb2a9\",\"name\":\"Renato Dias\",\"image\":{\"@type\":\"ImageObject\",\"inLanguage\":\"pt-BR\",\"@id\":\"https:\\\/\\\/renatodias.online\\\/movimento\\\/wp-content\\\/uploads\\\/2023\\\/03\\\/cropped-cropped-cropped-logofinal.jpeg\",\"url\":\"https:\\\/\\\/renatodias.online\\\/movimento\\\/wp-content\\\/uploads\\\/2023\\\/03\\\/cropped-cropped-cropped-logofinal.jpeg\",\"contentUrl\":\"https:\\\/\\\/renatodias.online\\\/movimento\\\/wp-content\\\/uploads\\\/2023\\\/03\\\/cropped-cropped-cropped-logofinal.jpeg\",\"width\":1280,\"height\":219,\"caption\":\"Renato Dias\"},\"logo\":{\"@id\":\"https:\\\/\\\/renatodias.online\\\/movimento\\\/wp-content\\\/uploads\\\/2023\\\/03\\\/cropped-cropped-cropped-logofinal.jpeg\"},\"description\":\"Renato Dias, 58 anos, \u00e9 graduado em Jornalismo, formado em Ci\u00eancias Sociais, com p\u00f3s-gradua\u00e7\u00e3o em Pol\u00edticas P\u00fablicas, mestre em Direito e Rela\u00e7\u00f5es Internacionais, ex-aluno extraordin\u00e1rio do Doutorado em Psicologia Social, ex-estudante do Curso de Psican\u00e1lise do Centro de Estudos Psicanal\u00edticos do Estado de Goi\u00e1s, ministrado pelo m\u00e9dico psiquiatra e psicanalista Daniel Em\u00eddio de Souza. \u00c9 autor de 30 livros-reportagem, oito document\u00e1rios, ganhou 30 pr\u00eamios e \u00e9 torcedor apaixonado do maior do Centro-Oeste, o Vila Nova Futebol Clube. Casado com Meirilane Dias, \u00e9 pai de Juliana Dias, jornalista; Daniel Dias, economista; e Maria Rosa Dias, estudante antifascista, socialista e trotskista.\u00a0Com tr\u00eas pets: Porquinho [Bull Dog Franc\u00eas], Dalila [Basset Hound] e Geleia [Basset Hound]. Al\u00e9m do eterno gato Tutuquinho, que virou estrela.\",\"sameAs\":[\"https:\\\/\\\/www.facebook.com\\\/renato.dias.37\",\"#breve\",\"https:\\\/\\\/renatodias.tumblr.com\\\/\"],\"url\":\"https:\\\/\\\/renatodias.online\\\/movimento\\\/author\\\/renatodias\\\/\"}]}<\/script>\n<!-- \/ Yoast SEO plugin. -->","yoast_head_json":{"title":"K\u00e1tia Maria v\u00ea falhas no Plano Diretor \u00a0 -","robots":{"index":"index","follow":"follow","max-snippet":"max-snippet:-1","max-image-preview":"max-image-preview:large","max-video-preview":"max-video-preview:-1"},"canonical":"https:\/\/renatodias.online\/movimento\/2023\/03\/02\/katia-maria-ve-falhas-no-plano-diretor\/","og_locale":"pt_BR","og_type":"article","og_title":"K\u00e1tia Maria v\u00ea falhas no Plano Diretor \u00a0 -","og_description":"Texto \u2013 Leo Razuk Fotos \u2013 Wesley Menezes Especial para www.renatodias.online Preocupada com as falhas do Plano Diretor de Goi\u00e2nia, em rela\u00e7\u00e3o \u00e0s quest\u00f5es ambientais e de moradia popular, a vereadora K\u00e1tia Maria (PT) promoveu, ontem, na C\u00e2mara Municipal, audi\u00eancia p\u00fablica para debater e repensar a lei aprovada em outubro do ano passado. A audi\u00eancia","og_url":"https:\/\/renatodias.online\/movimento\/2023\/03\/02\/katia-maria-ve-falhas-no-plano-diretor\/","article_publisher":"https:\/\/www.facebook.com\/renato.dias.37","article_author":"https:\/\/www.facebook.com\/renato.dias.37","article_published_time":"2023-03-03T00:59:23+00:00","article_modified_time":"2023-03-03T16:36:34+00:00","og_image":[{"width":360,"height":240,"url":"https:\/\/renatodias.online\/movimento\/wp-content\/uploads\/2023\/03\/Katia-Maria-Audiencia-2-e1677861386481.jpg","type":"image\/jpeg"}],"author":"Renato Dias","twitter_card":"summary_large_image","twitter_creator":"@RenatoDiasBat","twitter_site":"@RenatoDiasBat","twitter_misc":{"Escrito por":"Renato Dias","Est. tempo de leitura":"3 minutos"},"schema":{"@context":"https:\/\/schema.org","@graph":[{"@type":"Article","@id":"https:\/\/renatodias.online\/movimento\/2023\/03\/02\/katia-maria-ve-falhas-no-plano-diretor\/#article","isPartOf":{"@id":"https:\/\/renatodias.online\/movimento\/2023\/03\/02\/katia-maria-ve-falhas-no-plano-diretor\/"},"author":{"name":"Renato Dias","@id":"https:\/\/renatodias.online\/movimento\/#\/schema\/person\/bbab28833b1725a20f4083f49f1fb2a9"},"headline":"K\u00e1tia Maria v\u00ea falhas no Plano Diretor \u00a0","datePublished":"2023-03-03T00:59:23+00:00","dateModified":"2023-03-03T16:36:34+00:00","mainEntityOfPage":{"@id":"https:\/\/renatodias.online\/movimento\/2023\/03\/02\/katia-maria-ve-falhas-no-plano-diretor\/"},"wordCount":590,"commentCount":0,"publisher":{"@id":"https:\/\/renatodias.online\/movimento\/#\/schema\/person\/bbab28833b1725a20f4083f49f1fb2a9"},"image":{"@id":"https:\/\/renatodias.online\/movimento\/2023\/03\/02\/katia-maria-ve-falhas-no-plano-diretor\/#primaryimage"},"thumbnailUrl":"https:\/\/renatodias.online\/movimento\/wp-content\/uploads\/2023\/03\/Katia-Maria-Audiencia-2-e1677861386481.jpg","articleSection":["Cidade"],"inLanguage":"pt-BR","potentialAction":[{"@type":"CommentAction","name":"Comment","target":["https:\/\/renatodias.online\/movimento\/2023\/03\/02\/katia-maria-ve-falhas-no-plano-diretor\/#respond"]}]},{"@type":"WebPage","@id":"https:\/\/renatodias.online\/movimento\/2023\/03\/02\/katia-maria-ve-falhas-no-plano-diretor\/","url":"https:\/\/renatodias.online\/movimento\/2023\/03\/02\/katia-maria-ve-falhas-no-plano-diretor\/","name":"K\u00e1tia Maria v\u00ea falhas no Plano Diretor \u00a0 -","isPartOf":{"@id":"https:\/\/renatodias.online\/movimento\/#website"},"primaryImageOfPage":{"@id":"https:\/\/renatodias.online\/movimento\/2023\/03\/02\/katia-maria-ve-falhas-no-plano-diretor\/#primaryimage"},"image":{"@id":"https:\/\/renatodias.online\/movimento\/2023\/03\/02\/katia-maria-ve-falhas-no-plano-diretor\/#primaryimage"},"thumbnailUrl":"https:\/\/renatodias.online\/movimento\/wp-content\/uploads\/2023\/03\/Katia-Maria-Audiencia-2-e1677861386481.jpg","datePublished":"2023-03-03T00:59:23+00:00","dateModified":"2023-03-03T16:36:34+00:00","breadcrumb":{"@id":"https:\/\/renatodias.online\/movimento\/2023\/03\/02\/katia-maria-ve-falhas-no-plano-diretor\/#breadcrumb"},"inLanguage":"pt-BR","potentialAction":[{"@type":"ReadAction","target":["https:\/\/renatodias.online\/movimento\/2023\/03\/02\/katia-maria-ve-falhas-no-plano-diretor\/"]}]},{"@type":"ImageObject","inLanguage":"pt-BR","@id":"https:\/\/renatodias.online\/movimento\/2023\/03\/02\/katia-maria-ve-falhas-no-plano-diretor\/#primaryimage","url":"https:\/\/renatodias.online\/movimento\/wp-content\/uploads\/2023\/03\/Katia-Maria-Audiencia-2-e1677861386481.jpg","contentUrl":"https:\/\/renatodias.online\/movimento\/wp-content\/uploads\/2023\/03\/Katia-Maria-Audiencia-2-e1677861386481.jpg","width":360,"height":240,"caption":"K\u00e1tia Maria em Audi\u00eancia P\u00fablica"},{"@type":"BreadcrumbList","@id":"https:\/\/renatodias.online\/movimento\/2023\/03\/02\/katia-maria-ve-falhas-no-plano-diretor\/#breadcrumb","itemListElement":[{"@type":"ListItem","position":1,"name":"In\u00edcio","item":"https:\/\/renatodias.online\/movimento\/"},{"@type":"ListItem","position":2,"name":"K\u00e1tia Maria v\u00ea falhas no Plano Diretor \u00a0"}]},{"@type":"WebSite","@id":"https:\/\/renatodias.online\/movimento\/#website","url":"https:\/\/renatodias.online\/movimento\/","name":"","description":"","publisher":{"@id":"https:\/\/renatodias.online\/movimento\/#\/schema\/person\/bbab28833b1725a20f4083f49f1fb2a9"},"potentialAction":[{"@type":"SearchAction","target":{"@type":"EntryPoint","urlTemplate":"https:\/\/renatodias.online\/movimento\/?s={search_term_string}"},"query-input":{"@type":"PropertyValueSpecification","valueRequired":true,"valueName":"search_term_string"}}],"inLanguage":"pt-BR"},{"@type":["Person","Organization"],"@id":"https:\/\/renatodias.online\/movimento\/#\/schema\/person\/bbab28833b1725a20f4083f49f1fb2a9","name":"Renato Dias","image":{"@type":"ImageObject","inLanguage":"pt-BR","@id":"https:\/\/renatodias.online\/movimento\/wp-content\/uploads\/2023\/03\/cropped-cropped-cropped-logofinal.jpeg","url":"https:\/\/renatodias.online\/movimento\/wp-content\/uploads\/2023\/03\/cropped-cropped-cropped-logofinal.jpeg","contentUrl":"https:\/\/renatodias.online\/movimento\/wp-content\/uploads\/2023\/03\/cropped-cropped-cropped-logofinal.jpeg","width":1280,"height":219,"caption":"Renato Dias"},"logo":{"@id":"https:\/\/renatodias.online\/movimento\/wp-content\/uploads\/2023\/03\/cropped-cropped-cropped-logofinal.jpeg"},"description":"Renato Dias, 58 anos, \u00e9 graduado em Jornalismo, formado em Ci\u00eancias Sociais, com p\u00f3s-gradua\u00e7\u00e3o em Pol\u00edticas P\u00fablicas, mestre em Direito e Rela\u00e7\u00f5es Internacionais, ex-aluno extraordin\u00e1rio do Doutorado em Psicologia Social, ex-estudante do Curso de Psican\u00e1lise do Centro de Estudos Psicanal\u00edticos do Estado de Goi\u00e1s, ministrado pelo m\u00e9dico psiquiatra e psicanalista Daniel Em\u00eddio de Souza. \u00c9 autor de 30 livros-reportagem, oito document\u00e1rios, ganhou 30 pr\u00eamios e \u00e9 torcedor apaixonado do maior do Centro-Oeste, o Vila Nova Futebol Clube. Casado com Meirilane Dias, \u00e9 pai de Juliana Dias, jornalista; Daniel Dias, economista; e Maria Rosa Dias, estudante antifascista, socialista e trotskista.\u00a0Com tr\u00eas pets: Porquinho [Bull Dog Franc\u00eas], Dalila [Basset Hound] e Geleia [Basset Hound]. Al\u00e9m do eterno gato Tutuquinho, que virou estrela.","sameAs":["https:\/\/www.facebook.com\/renato.dias.37","#breve","https:\/\/renatodias.tumblr.com\/"],"url":"https:\/\/renatodias.online\/movimento\/author\/renatodias\/"}]}},"_links":{"self":[{"href":"https:\/\/renatodias.online\/movimento\/wp-json\/wp\/v2\/posts\/15758","targetHints":{"allow":["GET"]}}],"collection":[{"href":"https:\/\/renatodias.online\/movimento\/wp-json\/wp\/v2\/posts"}],"about":[{"href":"https:\/\/renatodias.online\/movimento\/wp-json\/wp\/v2\/types\/post"}],"author":[{"embeddable":true,"href":"https:\/\/renatodias.online\/movimento\/wp-json\/wp\/v2\/users\/2"}],"replies":[{"embeddable":true,"href":"https:\/\/renatodias.online\/movimento\/wp-json\/wp\/v2\/comments?post=15758"}],"version-history":[{"count":4,"href":"https:\/\/renatodias.online\/movimento\/wp-json\/wp\/v2\/posts\/15758\/revisions"}],"predecessor-version":[{"id":15773,"href":"https:\/\/renatodias.online\/movimento\/wp-json\/wp\/v2\/posts\/15758\/revisions\/15773"}],"wp:featuredmedia":[{"embeddable":true,"href":"https:\/\/renatodias.online\/movimento\/wp-json\/wp\/v2\/media\/15760"}],"wp:attachment":[{"href":"https:\/\/renatodias.online\/movimento\/wp-json\/wp\/v2\/media?parent=15758"}],"wp:term":[{"taxonomy":"category","embeddable":true,"href":"https:\/\/renatodias.online\/movimento\/wp-json\/wp\/v2\/categories?post=15758"},{"taxonomy":"post_tag","embeddable":true,"href":"https:\/\/renatodias.online\/movimento\/wp-json\/wp\/v2\/tags?post=15758"}],"curies":[{"name":"wp","href":"https:\/\/api.w.org\/{rel}","templated":true}]}}