{"id":15725,"date":"2023-02-24T21:35:18","date_gmt":"2023-02-25T00:35:18","guid":{"rendered":"https:\/\/renatodias.online\/movimento\/?p=15725"},"modified":"2023-02-24T21:35:18","modified_gmt":"2023-02-25T00:35:18","slug":"um-ano-de-guerra-quais-os-proximos-capitulos","status":"publish","type":"post","link":"https:\/\/renatodias.online\/movimento\/2023\/02\/24\/um-ano-de-guerra-quais-os-proximos-capitulos\/","title":{"rendered":"Um ano de guerra: quais os pr\u00f3ximos cap\u00edtulos?"},"content":{"rendered":"<p><strong><img loading=\"lazy\" decoding=\"async\" class=\"size-medium wp-image-4894 aligncenter\" src=\"https:\/\/renatodias.online\/movimento\/wp-content\/uploads\/2020\/11\/Alto-da-p\u00e1gina-Banner-Exclusivo-1-300x91.png\" alt=\"\" width=\"300\" height=\"91\" \/><\/strong><\/p>\n<p><strong> <img loading=\"lazy\" decoding=\"async\" class=\"wp-image-11395 size-full aligncenter\" src=\"https:\/\/renatodias.online\/movimento\/wp-content\/uploads\/2022\/03\/Ucrania-e-Russia-logo.jpg\" alt=\"\" width=\"600\" height=\"60\" srcset=\"https:\/\/renatodias.online\/movimento\/wp-content\/uploads\/2022\/03\/Ucrania-e-Russia-logo.jpg 600w, https:\/\/renatodias.online\/movimento\/wp-content\/uploads\/2022\/03\/Ucrania-e-Russia-logo-300x30.jpg 300w\" sizes=\"auto, (max-width: 600px) 100vw, 600px\" \/><\/strong><\/p>\n<p><img loading=\"lazy\" decoding=\"async\" class=\"wp-image-15571 size-full aligncenter\" src=\"https:\/\/renatodias.online\/movimento\/wp-content\/uploads\/2023\/02\/Um-ano-de-guerra-Selo-Russia-e-Ucrania-e1676227731415.jpg\" alt=\"\" width=\"360\" height=\"240\" \/><\/p>\n<p style=\"text-align: center;\"><span style=\"color: #0000ff;\"><strong>Frederico Vitor de Oliveira<\/strong><\/span><\/p>\n<p style=\"text-align: center;\"><span style=\"color: #0000ff;\"><strong>Jornalista e historiador<\/strong><\/span><\/p>\n<p style=\"text-align: center;\"><span style=\"color: #0000ff;\"><strong>Especial para o Portal de Not\u00edcias<\/strong><\/span><\/p>\n<p style=\"text-align: center;\"><span style=\"color: #ff0000;\"><strong>www.renatodias.online<\/strong><\/span><\/p>\n<p>Neste dia 24 de fevereiro de 2023 marca um ano da invas\u00e3o militar russa sobre o territ\u00f3rio ucraniano. Para os pr\u00f3ximos dias \u00e9 esperado uma grande ofensiva russa com uma tropa de mais de 300 mil soldados. O que parecia ser, h\u00e1 um ano atr\u00e1s, uma incurs\u00e3o r\u00e1pida e fulminante, se transformou em um conflito de alta intensidade e de atrito. Estima-se que cerca de 100 mil russos e mais de 150 mil ucranianos perderam a vida nesses 12 meses de hostilidades. Cerca de 13 milh\u00f5es de ucranianos abandonaram suas casas em dire\u00e7\u00e3o \u00e0 Europa ocidental.<\/p>\n<figure id=\"attachment_11065\" aria-describedby=\"caption-attachment-11065\" style=\"width: 729px\" class=\"wp-caption aligncenter\"><img loading=\"lazy\" decoding=\"async\" class=\"size-full wp-image-11065\" src=\"https:\/\/renatodias.online\/movimento\/wp-content\/uploads\/2022\/03\/A-guerra-Russia-e-Ucrania-1.png\" alt=\"\" width=\"729\" height=\"414\" \/><figcaption id=\"caption-attachment-11065\" class=\"wp-caption-text\"><strong>A escalada da guerra R\u00fassia e Ucr\u00e2nia<\/strong><\/figcaption><\/figure>\n<p>Antes de mergulharmos em uma an\u00e1lise cr\u00edtica acerca de um ano da invas\u00e3o militar russa sobre o territ\u00f3rio ucraniano, devemos olhar para a quest\u00e3o, desde o ponto de vista de brasileiros, latino-americanos, habitantes de um pa\u00eds perif\u00e9rico, dependente e subdesenvolvido. \u00c9 necess\u00e1rio evocar a Teoria Marxista da Depend\u00eancia para tentar explicar o que levou o \u00edmpeto de Moscou a escalar um conflito de alta intensidade contra a vizinha Ucr\u00e2nia.<\/p>\n<figure id=\"attachment_4013\" aria-describedby=\"caption-attachment-4013\" style=\"width: 780px\" class=\"wp-caption aligncenter\"><img loading=\"lazy\" decoding=\"async\" class=\"wp-image-4013 size-full\" src=\"https:\/\/renatodias.online\/movimento\/wp-content\/uploads\/2020\/06\/Karl-Marx-2.jpg\" alt=\"\" width=\"780\" height=\"400\" srcset=\"https:\/\/renatodias.online\/movimento\/wp-content\/uploads\/2020\/06\/Karl-Marx-2.jpg 780w, https:\/\/renatodias.online\/movimento\/wp-content\/uploads\/2020\/06\/Karl-Marx-2-300x154.jpg 300w, https:\/\/renatodias.online\/movimento\/wp-content\/uploads\/2020\/06\/Karl-Marx-2-768x394.jpg 768w, https:\/\/renatodias.online\/movimento\/wp-content\/uploads\/2020\/06\/Karl-Marx-2-750x385.jpg 750w\" sizes=\"auto, (max-width: 780px) 100vw, 780px\" \/><figcaption id=\"caption-attachment-4013\" class=\"wp-caption-text\"><strong>Karl Marx<\/strong><\/figcaption><\/figure>\n<p>Tal como o Brasil, a R\u00fassia, a despeito de ser a principal herdeira (militar, tecnol\u00f3gica e pol\u00edtica) da extinta Uni\u00e3o das Rep\u00fablicas Socialistas Sovi\u00e9ticas, \u00e9 um pa\u00eds subdesenvolvido. Seus indicadores econ\u00f4micos e sociais s\u00e3o modestos para o seu gigantismo geopol\u00edtico e territorial. \u00a0Ao se inserir no mundo capitalista, ap\u00f3s o desmoronamento do imp\u00e9rio sovi\u00e9tico, no in\u00edcio da d\u00e9cada de 90 do s\u00e9culo passado, o povo russo se deparou com uma situa\u00e7\u00e3o que n\u00f3s, latino-americanos, j\u00e1 est\u00e1vamos secularmente imersos. Ou seja, estava reservado \u00e0 R\u00fassia, outrora l\u00edder do condom\u00ednio sovi\u00e9tico, o mesmo destino do Brasil e dos demais pa\u00edses da Am\u00e9rica Latina, \u00c1frica e \u00c1sia: a periferia do sistema.<\/p>\n<figure id=\"attachment_9966\" aria-describedby=\"caption-attachment-9966\" style=\"width: 1024px\" class=\"wp-caption alignnone\"><img loading=\"lazy\" decoding=\"async\" class=\"wp-image-9966 size-full\" src=\"https:\/\/renatodias.online\/movimento\/wp-content\/uploads\/2021\/12\/Boris-Ieltsin.jpg\" alt=\"\" width=\"1024\" height=\"746\" srcset=\"https:\/\/renatodias.online\/movimento\/wp-content\/uploads\/2021\/12\/Boris-Ieltsin.jpg 1024w, https:\/\/renatodias.online\/movimento\/wp-content\/uploads\/2021\/12\/Boris-Ieltsin-300x219.jpg 300w, https:\/\/renatodias.online\/movimento\/wp-content\/uploads\/2021\/12\/Boris-Ieltsin-768x560.jpg 768w, https:\/\/renatodias.online\/movimento\/wp-content\/uploads\/2021\/12\/Boris-Ieltsin-750x546.jpg 750w\" sizes=\"auto, (max-width: 1024px) 100vw, 1024px\" \/><figcaption id=\"caption-attachment-9966\" class=\"wp-caption-text\"><strong>Boris Ieltsin<\/strong><\/figcaption><\/figure>\n<p>Ao ser condicionada a mais um pa\u00eds perif\u00e9rico, a R\u00fassia, sob o tac\u00e3o do presidente Boris Yeltsin, experimentou um brutal processo de \u201cchoque de capitalismo\u201d. Na esperan\u00e7a de reverter o caos econ\u00f4mico e social, Moscou foi induzido a implementar uma avalanche de pol\u00edticas de privatiza\u00e7\u00f5es e financeiriza\u00e7\u00e3o de sua economia. O resultado final deste projeto foi um retumbante fracasso, em todos os sentidos.<\/p>\n<figure id=\"attachment_11032\" aria-describedby=\"caption-attachment-11032\" style=\"width: 759px\" class=\"wp-caption aligncenter\"><img loading=\"lazy\" decoding=\"async\" class=\"wp-image-11032 size-full\" src=\"https:\/\/renatodias.online\/movimento\/wp-content\/uploads\/2022\/02\/Vladimir-Putin-jovem-11.png\" alt=\"\" width=\"759\" height=\"755\" srcset=\"https:\/\/renatodias.online\/movimento\/wp-content\/uploads\/2022\/02\/Vladimir-Putin-jovem-11.png 759w, https:\/\/renatodias.online\/movimento\/wp-content\/uploads\/2022\/02\/Vladimir-Putin-jovem-11-300x298.png 300w, https:\/\/renatodias.online\/movimento\/wp-content\/uploads\/2022\/02\/Vladimir-Putin-jovem-11-150x150.png 150w, https:\/\/renatodias.online\/movimento\/wp-content\/uploads\/2022\/02\/Vladimir-Putin-jovem-11-750x746.png 750w\" sizes=\"auto, (max-width: 759px) 100vw, 759px\" \/><figcaption id=\"caption-attachment-11032\" class=\"wp-caption-text\"><strong>Vladimir Putin jovem<\/strong><\/figcaption><\/figure>\n<p>Eis que na virada do s\u00e9culo, se ascende ao poder na R\u00fassia, um ex-tenente-coronel da KGB, a organiza\u00e7\u00e3o mais letal e temida da extinta Uni\u00e3o Sovi\u00e9tica. Vladimir Putin j\u00e1 afirmou que a maior trag\u00e9dia do s\u00e9culo 20 foi o desmoronamento da Uni\u00e3o Sovi\u00e9tica. No entanto, ele n\u00e3o reivindica a sua ressurrei\u00e7\u00e3o. Ele vai mais al\u00e9m. Paira no horizonte de Putin a gl\u00f3ria do Imp\u00e9rio Russo, dos tempos dos Czares. De Vladivostok, passando pelos estados b\u00e1lticos at\u00e9 a Pol\u00f4nia.<\/p>\n<figure id=\"attachment_9347\" aria-describedby=\"caption-attachment-9347\" style=\"width: 1000px\" class=\"wp-caption alignnone\"><img loading=\"lazy\" decoding=\"async\" class=\"wp-image-9347 size-full\" src=\"https:\/\/renatodias.online\/movimento\/wp-content\/uploads\/2021\/10\/Kremlin-em-Moscou.jpg\" alt=\"\" width=\"1000\" height=\"716\" srcset=\"https:\/\/renatodias.online\/movimento\/wp-content\/uploads\/2021\/10\/Kremlin-em-Moscou.jpg 1000w, https:\/\/renatodias.online\/movimento\/wp-content\/uploads\/2021\/10\/Kremlin-em-Moscou-300x215.jpg 300w, https:\/\/renatodias.online\/movimento\/wp-content\/uploads\/2021\/10\/Kremlin-em-Moscou-768x550.jpg 768w, https:\/\/renatodias.online\/movimento\/wp-content\/uploads\/2021\/10\/Kremlin-em-Moscou-750x537.jpg 750w, https:\/\/renatodias.online\/movimento\/wp-content\/uploads\/2021\/10\/Kremlin-em-Moscou-85x60.jpg 85w\" sizes=\"auto, (max-width: 1000px) 100vw, 1000px\" \/><figcaption id=\"caption-attachment-9347\" class=\"wp-caption-text\"><strong>Kremlin<\/strong><\/figcaption><\/figure>\n<p>Para Putin, a R\u00fassia, convertida ao capitalista, com status de pot\u00eancia militar inconteste, jamais poder\u00e1 se contentar a aceitar uma condi\u00e7\u00e3o perif\u00e9rica do sistema. Para o mandat\u00e1rio do Kremlin, a p\u00e1tria de Tolst\u00f3i, G\u00f3gol e de Dostoi\u00e9vski, precisa ser grande, em todos os aspectos. \u00a0Para alcan\u00e7ar a desejada grandeza, Moscou precisa rever seu imp\u00e9rio, e o in\u00edcio desta jornada rumo \u00e0 gl\u00f3ria passa pela satelitiza\u00e7\u00e3o da Ucr\u00e2nia. Assim foi feito no passado, nos tempos de Pedro, o Grande (1682-1721), Catarina, a Grande (1762-1796) e de seu Pr\u00edncipe Potemkin, fundador de Kherson, cidade ucraniana localizada no Mar Negro e \u00e0s margens do Rio Dnieper, lar de uma importante ind\u00fastria de constru\u00e7\u00e3o naval e centro econ\u00f4mico regional.<\/p>\n<figure id=\"attachment_11403\" aria-describedby=\"caption-attachment-11403\" style=\"width: 1280px\" class=\"wp-caption alignnone\"><img loading=\"lazy\" decoding=\"async\" class=\"wp-image-11403 size-full\" src=\"https:\/\/renatodias.online\/movimento\/wp-content\/uploads\/2022\/03\/Ucrania.jpg\" alt=\"\" width=\"1280\" height=\"720\" srcset=\"https:\/\/renatodias.online\/movimento\/wp-content\/uploads\/2022\/03\/Ucrania.jpg 1280w, https:\/\/renatodias.online\/movimento\/wp-content\/uploads\/2022\/03\/Ucrania-300x169.jpg 300w, https:\/\/renatodias.online\/movimento\/wp-content\/uploads\/2022\/03\/Ucrania-768x432.jpg 768w, https:\/\/renatodias.online\/movimento\/wp-content\/uploads\/2022\/03\/Ucrania-750x422.jpg 750w\" sizes=\"auto, (max-width: 1280px) 100vw, 1280px\" \/><figcaption id=\"caption-attachment-11403\" class=\"wp-caption-text\"><strong>Ucr\u00e2nia, 2022<\/strong><\/figcaption><\/figure>\n<p>Mesmo sancionada e arremessada mais \u00e0 margem do sistema, a R\u00fassia se preparou frente ao cancelamento ocidental. Diferentemente dos tempos da Guerra Fria, ou seja, do mundo polarizado entre duas superpot\u00eancias, na atualidade se estabeleceu um mundo multipolar. Este mundo multipolarizado assiste ao crescente protagonismo de pa\u00edses da periferia do sistema, como China, \u00cdndia, Brasil e a pr\u00f3pria R\u00fassia. \u00c9 neste mundo multipolar que a R\u00fassia se agarra para n\u00e3o sofrer uma total bancarrota de sua economia. Pot\u00eancias como a \u00cdndia, Indon\u00e9sia, Turquia, Ir\u00e3 e principalmente a China, t\u00eam mantido rela\u00e7\u00f5es econ\u00f4micas, comerciais e pol\u00edticas com Moscou. Pequim, inclusive, cimentou um novo eixo de poder que mant\u00e9m de p\u00e9 a economia russa.<\/p>\n<blockquote>\n<h1><span style=\"color: #008000;\"> Pequim, inclusive, cimentou um novo eixo de poder<\/span><\/h1>\n<\/blockquote>\n<p>A economia russa encolheu 2,1% no ano passado por causa das san\u00e7\u00f5es ocidentais. A infla\u00e7\u00e3o saltou para mais de 11%. O rublo, apesar disto, est\u00e1 est\u00e1vel. A R\u00fassia parece n\u00e3o precisar tomar empr\u00e9stimos no exterior. Tudo que o governo russo precisa em termos de finan\u00e7as est\u00e1 dispon\u00edvel por meio da economia de mercado dom\u00e9stico e de seus vizinhos asi\u00e1ticos. As exporta\u00e7\u00f5es de energia desempenham um papel cada vez menor nas finan\u00e7as russas e foram orientadas para longe do Ocidente, ou seja, voltada em dire\u00e7\u00e3o \u00e0 \u00c1sia.<\/p>\n<p><img loading=\"lazy\" decoding=\"async\" class=\"size-medium wp-image-7457 aligncenter\" src=\"https:\/\/renatodias.online\/movimento\/wp-content\/uploads\/2021\/06\/Sangue-_-1-300x200.jpeg\" alt=\"\" width=\"300\" height=\"200\" \/><\/p>\n<blockquote>\n<h1><span style=\"color: #008000;\"><strong>Ucr\u00e2nia em chamas<\/strong><\/span><\/h1>\n<\/blockquote>\n<p>Com a queda do estado sovi\u00e9tico, a Alemanha \u00e9 reunificada e se tornou para a Europa atual, aquilo que a Inglaterra foi no come\u00e7o do s\u00e9culo 18. Isto \u00e9, um pa\u00eds central e hegem\u00f4nico, pot\u00eancia exportadora que criou uma periferia econ\u00f4mica a sua volta, a despeito de ela tamb\u00e9m ser industrializada. A R\u00fassia de Putin, por sua vez, n\u00e3o aceita tal proemin\u00eancia de Berlim sobre a Europa, mais especificamente em rela\u00e7\u00e3o \u00e0 Ucr\u00e2nia. Moscou n\u00e3o teme a Alemanha em termos geopol\u00edticos e, t\u00e3o pouco a enxerga como uma amea\u00e7a militar. Os russos consideram o estado germ\u00e2nico como um vassalo de primeira ordem \u2014 tal como o Reino Unido e Fran\u00e7a \u2014 dos Estados Unidos na Europa Central.N\u00e3o, por acaso, que sob o pretexto de cumprir compromissos com a Organiza\u00e7\u00e3o do Tratado do Atl\u00e2ntico Norte (OTAN), Washington mant\u00e9m cerca de 50 mil militares estadunidenses dentro do territ\u00f3rio alem\u00e3o. Tamb\u00e9m n\u00e3o \u00e9 coincid\u00eancia que a Alemanha vai doar tanques Leopard 2 \u00e0s tropas ucranianas. As doa\u00e7\u00f5es de ve\u00edculos blindados, muni\u00e7\u00f5es, radares, m\u00edsseis e demais artefatos b\u00e9licos n\u00e3o v\u00e3o alterar o jogo em favor da Ucr\u00e2nia.<\/p>\n<figure id=\"attachment_15565\" aria-describedby=\"caption-attachment-15565\" style=\"width: 1200px\" class=\"wp-caption alignnone\"><img loading=\"lazy\" decoding=\"async\" class=\"wp-image-15565 size-full\" src=\"https:\/\/renatodias.online\/movimento\/wp-content\/uploads\/2023\/02\/Um-ano-de-guerra-Olaf-Scholz.jpg\" alt=\"\" width=\"1200\" height=\"900\" srcset=\"https:\/\/renatodias.online\/movimento\/wp-content\/uploads\/2023\/02\/Um-ano-de-guerra-Olaf-Scholz.jpg 1200w, https:\/\/renatodias.online\/movimento\/wp-content\/uploads\/2023\/02\/Um-ano-de-guerra-Olaf-Scholz-300x225.jpg 300w, https:\/\/renatodias.online\/movimento\/wp-content\/uploads\/2023\/02\/Um-ano-de-guerra-Olaf-Scholz-768x576.jpg 768w, https:\/\/renatodias.online\/movimento\/wp-content\/uploads\/2023\/02\/Um-ano-de-guerra-Olaf-Scholz-750x563.jpg 750w\" sizes=\"auto, (max-width: 1200px) 100vw, 1200px\" \/><figcaption id=\"caption-attachment-15565\" class=\"wp-caption-text\"><strong>Olaf Scholz<\/strong><\/figcaption><\/figure>\n<p>A R\u00fassia desfruta de vantagens pessoais, tanques, artilharia, muni\u00e7\u00f5es, guerra eletr\u00f4nica, avi\u00f5es de combate, helic\u00f3pteros e m\u00edsseis hipers\u00f4nicos. N\u00e3o h\u00e1 evid\u00eancias de que a Ucr\u00e2nia tenha vantagem t\u00e1tica sobre os russos no campo de batalha. Na verdade, h\u00e1 uma assimetria. O Ex\u00e9rcito Russo tem mais soldados treinados do que a Ucr\u00e2nia por uma vasta margem. Mesmo assim, \u00e9 pauta priorit\u00e1ria do governo do chanceler social-democrata, Olaf Scholz, dar cabo ao plano dos falc\u00f5es de Washington de abduzir a Ucr\u00e2nia para o Ocidente. Os americanos sabem que, para arredar a R\u00fassia da Europa e enfraquec\u00ea-la ao ponto de transform\u00e1-la em um pa\u00eds perif\u00e9rico cl\u00e1ssico \u2014 dependente, subdesenvolvido e ref\u00e9m de exporta\u00e7\u00e3o de produtos prim\u00e1rios \u2014 \u00e9 necess\u00e1rio tirar dos russos sua proemin\u00eancia pol\u00edtica e militar de seu entorno estrat\u00e9gico.<\/p>\n<figure id=\"attachment_6087\" aria-describedby=\"caption-attachment-6087\" style=\"width: 1260px\" class=\"wp-caption alignnone\"><img loading=\"lazy\" decoding=\"async\" class=\"wp-image-6087 size-full\" src=\"https:\/\/renatodias.online\/movimento\/wp-content\/uploads\/2021\/04\/Mikhail-Gorbatchev-_-2.jpg\" alt=\"Mikhail Gorbatchev\" width=\"1260\" height=\"370\" \/><figcaption id=\"caption-attachment-6087\" class=\"wp-caption-text\"><strong>Mikhail Gorbatchev<\/strong><\/figcaption><\/figure>\n<p>N\u00e3o custa muito lembrar: sem a Ucr\u00e2nia, a R\u00fassia cessa de ser um imp\u00e9rio. Apartar a Ucr\u00e2nia da R\u00fassia, por meio de sua inser\u00e7\u00e3o \u00e0 Uni\u00e3o Europeia e, consequentemente, \u00e0 OTAN, \u00e9 matar o sonho russo da reconstru\u00e7\u00e3o de seu passado de esplendor e gl\u00f3ria. A Ucr\u00e2nia \u00e9 percebida pelos russos como a j\u00f3ia da coroa e, n\u00e3o se pode deixar este Pa\u00eds, deslizar em dire\u00e7\u00e3o ao Ocidente, custe o que custar. Nem que, se necess\u00e1rio, recorrer \u00e0s armas. E foi esta op\u00e7\u00e3o que, h\u00e1 um ano atr\u00e1s, Putin escolheu. \u00c9 preciso lembrar que durante o processo de dissolu\u00e7\u00e3o da Uni\u00e3o Sovi\u00e9tica, o \u00faltimo l\u00edder daquela superpot\u00eancia, Mikhail Gorbatchov, conseguiu um termo com os americanos que se comprometeram a n\u00e3o expandir a OTAN para o leste. Os estadunidenses quebraram todas as suas promessas e expandiram a OTAN em dire\u00e7\u00e3o \u00e0 fronteira da R\u00fassia.<\/p>\n<figure id=\"attachment_15561\" aria-describedby=\"caption-attachment-15561\" style=\"width: 1200px\" class=\"wp-caption alignnone\"><img loading=\"lazy\" decoding=\"async\" class=\"wp-image-15561 size-full\" src=\"https:\/\/renatodias.online\/movimento\/wp-content\/uploads\/2023\/02\/Um-ano-de-guerra-Aleksander-Duguin.jpg\" alt=\"\" width=\"1200\" height=\"630\" srcset=\"https:\/\/renatodias.online\/movimento\/wp-content\/uploads\/2023\/02\/Um-ano-de-guerra-Aleksander-Duguin.jpg 1200w, https:\/\/renatodias.online\/movimento\/wp-content\/uploads\/2023\/02\/Um-ano-de-guerra-Aleksander-Duguin-300x158.jpg 300w, https:\/\/renatodias.online\/movimento\/wp-content\/uploads\/2023\/02\/Um-ano-de-guerra-Aleksander-Duguin-768x403.jpg 768w, https:\/\/renatodias.online\/movimento\/wp-content\/uploads\/2023\/02\/Um-ano-de-guerra-Aleksander-Duguin-750x394.jpg 750w\" sizes=\"auto, (max-width: 1200px) 100vw, 1200px\" \/><figcaption id=\"caption-attachment-15561\" class=\"wp-caption-text\"><strong>Aleksander Duguin<\/strong><\/figcaption><\/figure>\n<p>Sob este pretexto que Putin, um czar sem imp\u00e9rio, precisa de uma vit\u00f3ria militar para garantir sua sobreviv\u00eancia. O presidente russo est\u00e1 criando uma sociedade militarizada e nacionalista, alimentada com propaganda e obcecada com uma eterna guerra existencial com os Estados Unidos e a OTAN. \u00c9 fato que em 2014, os Estados Unidos orquestraram e financiaram um golpe no Maidan (Pra\u00e7a central de Kiev) para instalar um governo fantoche que for\u00e7aria a eventual admiss\u00e3o da Ucr\u00e2nia na OTAN. Para os linha-dura em Washington, a ideia de poder instalar m\u00edsseis na fronteira Ucr\u00e2nia-R\u00fassia depois das bases de m\u00edsseis na Pol\u00f4nia e na Rom\u00eania, era muito tentadora.<\/p>\n<p><img loading=\"lazy\" decoding=\"async\" class=\"size-medium wp-image-2918 aligncenter\" src=\"https:\/\/renatodias.online\/movimento\/wp-content\/uploads\/2019\/11\/Marcas-de-tiros-300x225.png\" alt=\"\" width=\"300\" height=\"225\" \/><\/p>\n<blockquote>\n<h1><strong>\u00a0<span style=\"color: #008000;\">Paz distante<\/span><\/strong><\/h1>\n<\/blockquote>\n<p>O mundo est\u00e1 longe de uma hecatombe nuclear. Por\u00e9m, tal cat\u00e1strofe at\u00f4mica est\u00e1 menos distante. Nesta semana, que marca o primeiro anivers\u00e1rio da guerra contra a Ucr\u00e2nia, Vladimir Putin declarou que Moscou estava suspendendo sua participa\u00e7\u00e3o no novo tratado START \u2014 termo entre Estados Unidos e R\u00fassia para a redu\u00e7\u00e3o e limita\u00e7\u00e3o de armas estrat\u00e9gicas (nucleares).O tratado era o \u00faltimo pacto restante de controle de armas at\u00f4micas entre as duas pot\u00eancias nucleares. A decis\u00e3o de Putin fez aumentar drasticamente a aposta em meio \u00e0s tens\u00f5es com Washington sobre os combates na Ucr\u00e2nia. N\u00e3o h\u00e1 como cravar quando ser\u00e1 assinado um acordo de paz. O que \u00e9 mais prov\u00e1vel \u00e9 um aumento gradativo da intensidade dos combates com a chegada ao front de novos soldados russos e, por outro lado, o cumprimento da promessa da OTAN de somar mais armas ocidentais ao arsenal ucraniano.<\/p>\n<figure id=\"attachment_15445\" aria-describedby=\"caption-attachment-15445\" style=\"width: 2048px\" class=\"wp-caption alignnone\"><img loading=\"lazy\" decoding=\"async\" class=\"size-full wp-image-15445\" src=\"https:\/\/renatodias.online\/movimento\/wp-content\/uploads\/2023\/01\/Lula-e-Janja.jpeg\" alt=\"\" width=\"2048\" height=\"1259\" \/><figcaption id=\"caption-attachment-15445\" class=\"wp-caption-text\"><strong>Luiz In\u00e1cio Lula da Silva, presidente do Brasil<br \/><\/strong><\/figcaption><\/figure>\n<p>O presidente Lula deseja formar um f\u00f3rum internacional para discutir a paz na Ucr\u00e2nia, ideia muito bem recebida pelos demais l\u00edderes. Por sua vez, o l\u00edder chin\u00eas, Xi Jinping, viajar\u00e1 a Moscou para uma reuni\u00e3o com seu colega russo, Vladimir Putin, nos pr\u00f3ximos meses. Pequim busca assumir um papel de lideran\u00e7a na resolu\u00e7\u00e3o do conflito na Ucr\u00e2nia. A visita acontecer\u00e1 em algum momento de abril ou in\u00edcio de maio, disse o jornal americano Wall Street Journal. Xi usar\u00e1 a c\u00fapula com Putin para pressionar por negocia\u00e7\u00f5es de paz multipartid\u00e1rias com o objetivo de encerrar os combates na Ucr\u00e2nia. Sucessivas rodadas de negocia\u00e7\u00f5es de paz fracassaram no ano passado, com Kiev se retirando abruptamente das negocia\u00e7\u00f5es em Istambul em abril. Seja qual for o desfecho desta crise \u00e9 ineg\u00e1vel que nos \u00faltimos 365 dias, o mundo mudou. Falar desta guerra como uma luta em defesa da democracia cimentou a supremacia americana sobre a Europa, mas est\u00e1 longe de convencer cora\u00e7\u00f5es e mentes das elites pol\u00edticas da \u00cdndia, China ou na Turquia. Ao completar um ano de hostilidades, h\u00e1 mais perguntas do que respostas. Caminhamos para uma nova era de guerras? As guerras e os choques de civiliza\u00e7\u00f5es ser\u00e3o inevit\u00e1veis?<\/p>\n<figure id=\"attachment_8612\" aria-describedby=\"caption-attachment-8612\" style=\"width: 1250px\" class=\"wp-caption alignnone\"><img loading=\"lazy\" decoding=\"async\" class=\"wp-image-8612 size-full\" src=\"https:\/\/renatodias.online\/movimento\/wp-content\/uploads\/2021\/08\/Xi-Jinping.jpg\" alt=\"\" width=\"1250\" height=\"600\" \/><figcaption id=\"caption-attachment-8612\" class=\"wp-caption-text\"><strong>Xi Jinping, presidente da China<br \/><\/strong><\/figcaption><\/figure>\n","protected":false},"excerpt":{"rendered":"<p>Frederico Vitor de Oliveira Jornalista e historiador Especial para o Portal de Not\u00edcias www.renatodias.online Neste dia 24 de fevereiro de 2023 marca um ano da invas\u00e3o militar russa sobre o territ\u00f3rio ucraniano. Para os pr\u00f3ximos dias \u00e9 esperado uma grande ofensiva russa com uma tropa de mais de 300 mil soldados. O que parecia ser,<\/p>\n","protected":false},"author":2,"featured_media":15726,"comment_status":"open","ping_status":"open","sticky":false,"template":"","format":"standard","meta":{"_acf_changed":false,"_monsterinsights_skip_tracking":false,"_monsterinsights_sitenote_active":false,"_monsterinsights_sitenote_note":"","_monsterinsights_sitenote_category":0,"footnotes":""},"categories":[36],"tags":[],"class_list":["post-15725","post","type-post","status-publish","format-standard","has-post-thumbnail","hentry","category-internacional"],"acf":[],"yoast_head":"<!-- This site is optimized with the Yoast SEO plugin v27.4 - https:\/\/yoast.com\/product\/yoast-seo-wordpress\/ -->\n<title>Um ano de guerra: quais os pr\u00f3ximos cap\u00edtulos? -<\/title>\n<meta name=\"robots\" content=\"index, follow, max-snippet:-1, max-image-preview:large, max-video-preview:-1\" \/>\n<link rel=\"canonical\" href=\"https:\/\/renatodias.online\/movimento\/2023\/02\/24\/um-ano-de-guerra-quais-os-proximos-capitulos\/\" \/>\n<meta property=\"og:locale\" content=\"pt_BR\" \/>\n<meta property=\"og:type\" content=\"article\" \/>\n<meta property=\"og:title\" content=\"Um ano de guerra: quais os pr\u00f3ximos cap\u00edtulos? -\" \/>\n<meta property=\"og:description\" content=\"Frederico Vitor de Oliveira Jornalista e historiador Especial para o Portal de Not\u00edcias www.renatodias.online Neste dia 24 de fevereiro de 2023 marca um ano da invas\u00e3o militar russa sobre o territ\u00f3rio ucraniano. Para os pr\u00f3ximos dias \u00e9 esperado uma grande ofensiva russa com uma tropa de mais de 300 mil soldados. O que parecia ser,\" \/>\n<meta property=\"og:url\" content=\"https:\/\/renatodias.online\/movimento\/2023\/02\/24\/um-ano-de-guerra-quais-os-proximos-capitulos\/\" \/>\n<meta property=\"article:publisher\" content=\"https:\/\/www.facebook.com\/renato.dias.37\" \/>\n<meta property=\"article:author\" content=\"https:\/\/www.facebook.com\/renato.dias.37\" \/>\n<meta property=\"article:published_time\" content=\"2023-02-25T00:35:18+00:00\" \/>\n<meta property=\"og:image\" content=\"https:\/\/renatodias.online\/movimento\/wp-content\/uploads\/2023\/02\/Ucrania-Um-ano-e1677285278178.jpg\" \/>\n\t<meta property=\"og:image:width\" content=\"401\" \/>\n\t<meta property=\"og:image:height\" content=\"240\" \/>\n\t<meta property=\"og:image:type\" content=\"image\/jpeg\" \/>\n<meta name=\"author\" content=\"Renato Dias\" \/>\n<meta name=\"twitter:card\" content=\"summary_large_image\" \/>\n<meta name=\"twitter:creator\" content=\"@RenatoDiasBat\" \/>\n<meta name=\"twitter:site\" content=\"@RenatoDiasBat\" \/>\n<meta name=\"twitter:label1\" content=\"Escrito por\" \/>\n\t<meta name=\"twitter:data1\" content=\"Renato Dias\" \/>\n\t<meta name=\"twitter:label2\" content=\"Est. tempo de leitura\" \/>\n\t<meta name=\"twitter:data2\" content=\"10 minutos\" \/>\n<script type=\"application\/ld+json\" class=\"yoast-schema-graph\">{\"@context\":\"https:\\\/\\\/schema.org\",\"@graph\":[{\"@type\":\"Article\",\"@id\":\"https:\\\/\\\/renatodias.online\\\/movimento\\\/2023\\\/02\\\/24\\\/um-ano-de-guerra-quais-os-proximos-capitulos\\\/#article\",\"isPartOf\":{\"@id\":\"https:\\\/\\\/renatodias.online\\\/movimento\\\/2023\\\/02\\\/24\\\/um-ano-de-guerra-quais-os-proximos-capitulos\\\/\"},\"author\":{\"name\":\"Renato Dias\",\"@id\":\"https:\\\/\\\/renatodias.online\\\/movimento\\\/#\\\/schema\\\/person\\\/bbab28833b1725a20f4083f49f1fb2a9\"},\"headline\":\"Um ano de guerra: quais os pr\u00f3ximos cap\u00edtulos?\",\"datePublished\":\"2023-02-25T00:35:18+00:00\",\"mainEntityOfPage\":{\"@id\":\"https:\\\/\\\/renatodias.online\\\/movimento\\\/2023\\\/02\\\/24\\\/um-ano-de-guerra-quais-os-proximos-capitulos\\\/\"},\"wordCount\":1998,\"commentCount\":0,\"publisher\":{\"@id\":\"https:\\\/\\\/renatodias.online\\\/movimento\\\/#\\\/schema\\\/person\\\/bbab28833b1725a20f4083f49f1fb2a9\"},\"image\":{\"@id\":\"https:\\\/\\\/renatodias.online\\\/movimento\\\/2023\\\/02\\\/24\\\/um-ano-de-guerra-quais-os-proximos-capitulos\\\/#primaryimage\"},\"thumbnailUrl\":\"https:\\\/\\\/renatodias.online\\\/movimento\\\/wp-content\\\/uploads\\\/2023\\\/02\\\/Ucrania-Um-ano-e1680909637612.jpg\",\"articleSection\":[\"Internacional\"],\"inLanguage\":\"pt-BR\",\"potentialAction\":[{\"@type\":\"CommentAction\",\"name\":\"Comment\",\"target\":[\"https:\\\/\\\/renatodias.online\\\/movimento\\\/2023\\\/02\\\/24\\\/um-ano-de-guerra-quais-os-proximos-capitulos\\\/#respond\"]}]},{\"@type\":\"WebPage\",\"@id\":\"https:\\\/\\\/renatodias.online\\\/movimento\\\/2023\\\/02\\\/24\\\/um-ano-de-guerra-quais-os-proximos-capitulos\\\/\",\"url\":\"https:\\\/\\\/renatodias.online\\\/movimento\\\/2023\\\/02\\\/24\\\/um-ano-de-guerra-quais-os-proximos-capitulos\\\/\",\"name\":\"Um ano de guerra: quais os pr\u00f3ximos cap\u00edtulos? -\",\"isPartOf\":{\"@id\":\"https:\\\/\\\/renatodias.online\\\/movimento\\\/#website\"},\"primaryImageOfPage\":{\"@id\":\"https:\\\/\\\/renatodias.online\\\/movimento\\\/2023\\\/02\\\/24\\\/um-ano-de-guerra-quais-os-proximos-capitulos\\\/#primaryimage\"},\"image\":{\"@id\":\"https:\\\/\\\/renatodias.online\\\/movimento\\\/2023\\\/02\\\/24\\\/um-ano-de-guerra-quais-os-proximos-capitulos\\\/#primaryimage\"},\"thumbnailUrl\":\"https:\\\/\\\/renatodias.online\\\/movimento\\\/wp-content\\\/uploads\\\/2023\\\/02\\\/Ucrania-Um-ano-e1680909637612.jpg\",\"datePublished\":\"2023-02-25T00:35:18+00:00\",\"breadcrumb\":{\"@id\":\"https:\\\/\\\/renatodias.online\\\/movimento\\\/2023\\\/02\\\/24\\\/um-ano-de-guerra-quais-os-proximos-capitulos\\\/#breadcrumb\"},\"inLanguage\":\"pt-BR\",\"potentialAction\":[{\"@type\":\"ReadAction\",\"target\":[\"https:\\\/\\\/renatodias.online\\\/movimento\\\/2023\\\/02\\\/24\\\/um-ano-de-guerra-quais-os-proximos-capitulos\\\/\"]}]},{\"@type\":\"ImageObject\",\"inLanguage\":\"pt-BR\",\"@id\":\"https:\\\/\\\/renatodias.online\\\/movimento\\\/2023\\\/02\\\/24\\\/um-ano-de-guerra-quais-os-proximos-capitulos\\\/#primaryimage\",\"url\":\"https:\\\/\\\/renatodias.online\\\/movimento\\\/wp-content\\\/uploads\\\/2023\\\/02\\\/Ucrania-Um-ano-e1680909637612.jpg\",\"contentUrl\":\"https:\\\/\\\/renatodias.online\\\/movimento\\\/wp-content\\\/uploads\\\/2023\\\/02\\\/Ucrania-Um-ano-e1680909637612.jpg\",\"width\":800,\"height\":479,\"caption\":\"Ucr\u00e2nia - Um ano da guerra\"},{\"@type\":\"BreadcrumbList\",\"@id\":\"https:\\\/\\\/renatodias.online\\\/movimento\\\/2023\\\/02\\\/24\\\/um-ano-de-guerra-quais-os-proximos-capitulos\\\/#breadcrumb\",\"itemListElement\":[{\"@type\":\"ListItem\",\"position\":1,\"name\":\"In\u00edcio\",\"item\":\"https:\\\/\\\/renatodias.online\\\/movimento\\\/\"},{\"@type\":\"ListItem\",\"position\":2,\"name\":\"Um ano de guerra: quais os pr\u00f3ximos cap\u00edtulos?\"}]},{\"@type\":\"WebSite\",\"@id\":\"https:\\\/\\\/renatodias.online\\\/movimento\\\/#website\",\"url\":\"https:\\\/\\\/renatodias.online\\\/movimento\\\/\",\"name\":\"\",\"description\":\"\",\"publisher\":{\"@id\":\"https:\\\/\\\/renatodias.online\\\/movimento\\\/#\\\/schema\\\/person\\\/bbab28833b1725a20f4083f49f1fb2a9\"},\"potentialAction\":[{\"@type\":\"SearchAction\",\"target\":{\"@type\":\"EntryPoint\",\"urlTemplate\":\"https:\\\/\\\/renatodias.online\\\/movimento\\\/?s={search_term_string}\"},\"query-input\":{\"@type\":\"PropertyValueSpecification\",\"valueRequired\":true,\"valueName\":\"search_term_string\"}}],\"inLanguage\":\"pt-BR\"},{\"@type\":[\"Person\",\"Organization\"],\"@id\":\"https:\\\/\\\/renatodias.online\\\/movimento\\\/#\\\/schema\\\/person\\\/bbab28833b1725a20f4083f49f1fb2a9\",\"name\":\"Renato Dias\",\"image\":{\"@type\":\"ImageObject\",\"inLanguage\":\"pt-BR\",\"@id\":\"https:\\\/\\\/renatodias.online\\\/movimento\\\/wp-content\\\/uploads\\\/2023\\\/03\\\/cropped-cropped-cropped-logofinal.jpeg\",\"url\":\"https:\\\/\\\/renatodias.online\\\/movimento\\\/wp-content\\\/uploads\\\/2023\\\/03\\\/cropped-cropped-cropped-logofinal.jpeg\",\"contentUrl\":\"https:\\\/\\\/renatodias.online\\\/movimento\\\/wp-content\\\/uploads\\\/2023\\\/03\\\/cropped-cropped-cropped-logofinal.jpeg\",\"width\":1280,\"height\":219,\"caption\":\"Renato Dias\"},\"logo\":{\"@id\":\"https:\\\/\\\/renatodias.online\\\/movimento\\\/wp-content\\\/uploads\\\/2023\\\/03\\\/cropped-cropped-cropped-logofinal.jpeg\"},\"description\":\"Renato Dias, 58 anos, \u00e9 graduado em Jornalismo, formado em Ci\u00eancias Sociais, com p\u00f3s-gradua\u00e7\u00e3o em Pol\u00edticas P\u00fablicas, mestre em Direito e Rela\u00e7\u00f5es Internacionais, ex-aluno extraordin\u00e1rio do Doutorado em Psicologia Social, ex-estudante do Curso de Psican\u00e1lise do Centro de Estudos Psicanal\u00edticos do Estado de Goi\u00e1s, ministrado pelo m\u00e9dico psiquiatra e psicanalista Daniel Em\u00eddio de Souza. \u00c9 autor de 30 livros-reportagem, oito document\u00e1rios, ganhou 30 pr\u00eamios e \u00e9 torcedor apaixonado do maior do Centro-Oeste, o Vila Nova Futebol Clube. Casado com Meirilane Dias, \u00e9 pai de Juliana Dias, jornalista; Daniel Dias, economista; e Maria Rosa Dias, estudante antifascista, socialista e trotskista.\u00a0Com tr\u00eas pets: Porquinho [Bull Dog Franc\u00eas], Dalila [Basset Hound] e Geleia [Basset Hound]. Al\u00e9m do eterno gato Tutuquinho, que virou estrela.\",\"sameAs\":[\"https:\\\/\\\/www.facebook.com\\\/renato.dias.37\",\"#breve\",\"https:\\\/\\\/renatodias.tumblr.com\\\/\"],\"url\":\"https:\\\/\\\/renatodias.online\\\/movimento\\\/author\\\/renatodias\\\/\"}]}<\/script>\n<!-- \/ Yoast SEO plugin. -->","yoast_head_json":{"title":"Um ano de guerra: quais os pr\u00f3ximos cap\u00edtulos? -","robots":{"index":"index","follow":"follow","max-snippet":"max-snippet:-1","max-image-preview":"max-image-preview:large","max-video-preview":"max-video-preview:-1"},"canonical":"https:\/\/renatodias.online\/movimento\/2023\/02\/24\/um-ano-de-guerra-quais-os-proximos-capitulos\/","og_locale":"pt_BR","og_type":"article","og_title":"Um ano de guerra: quais os pr\u00f3ximos cap\u00edtulos? -","og_description":"Frederico Vitor de Oliveira Jornalista e historiador Especial para o Portal de Not\u00edcias www.renatodias.online Neste dia 24 de fevereiro de 2023 marca um ano da invas\u00e3o militar russa sobre o territ\u00f3rio ucraniano. Para os pr\u00f3ximos dias \u00e9 esperado uma grande ofensiva russa com uma tropa de mais de 300 mil soldados. O que parecia ser,","og_url":"https:\/\/renatodias.online\/movimento\/2023\/02\/24\/um-ano-de-guerra-quais-os-proximos-capitulos\/","article_publisher":"https:\/\/www.facebook.com\/renato.dias.37","article_author":"https:\/\/www.facebook.com\/renato.dias.37","article_published_time":"2023-02-25T00:35:18+00:00","og_image":[{"width":401,"height":240,"url":"https:\/\/renatodias.online\/movimento\/wp-content\/uploads\/2023\/02\/Ucrania-Um-ano-e1677285278178.jpg","type":"image\/jpeg"}],"author":"Renato Dias","twitter_card":"summary_large_image","twitter_creator":"@RenatoDiasBat","twitter_site":"@RenatoDiasBat","twitter_misc":{"Escrito por":"Renato Dias","Est. tempo de leitura":"10 minutos"},"schema":{"@context":"https:\/\/schema.org","@graph":[{"@type":"Article","@id":"https:\/\/renatodias.online\/movimento\/2023\/02\/24\/um-ano-de-guerra-quais-os-proximos-capitulos\/#article","isPartOf":{"@id":"https:\/\/renatodias.online\/movimento\/2023\/02\/24\/um-ano-de-guerra-quais-os-proximos-capitulos\/"},"author":{"name":"Renato Dias","@id":"https:\/\/renatodias.online\/movimento\/#\/schema\/person\/bbab28833b1725a20f4083f49f1fb2a9"},"headline":"Um ano de guerra: quais os pr\u00f3ximos cap\u00edtulos?","datePublished":"2023-02-25T00:35:18+00:00","mainEntityOfPage":{"@id":"https:\/\/renatodias.online\/movimento\/2023\/02\/24\/um-ano-de-guerra-quais-os-proximos-capitulos\/"},"wordCount":1998,"commentCount":0,"publisher":{"@id":"https:\/\/renatodias.online\/movimento\/#\/schema\/person\/bbab28833b1725a20f4083f49f1fb2a9"},"image":{"@id":"https:\/\/renatodias.online\/movimento\/2023\/02\/24\/um-ano-de-guerra-quais-os-proximos-capitulos\/#primaryimage"},"thumbnailUrl":"https:\/\/renatodias.online\/movimento\/wp-content\/uploads\/2023\/02\/Ucrania-Um-ano-e1680909637612.jpg","articleSection":["Internacional"],"inLanguage":"pt-BR","potentialAction":[{"@type":"CommentAction","name":"Comment","target":["https:\/\/renatodias.online\/movimento\/2023\/02\/24\/um-ano-de-guerra-quais-os-proximos-capitulos\/#respond"]}]},{"@type":"WebPage","@id":"https:\/\/renatodias.online\/movimento\/2023\/02\/24\/um-ano-de-guerra-quais-os-proximos-capitulos\/","url":"https:\/\/renatodias.online\/movimento\/2023\/02\/24\/um-ano-de-guerra-quais-os-proximos-capitulos\/","name":"Um ano de guerra: quais os pr\u00f3ximos cap\u00edtulos? -","isPartOf":{"@id":"https:\/\/renatodias.online\/movimento\/#website"},"primaryImageOfPage":{"@id":"https:\/\/renatodias.online\/movimento\/2023\/02\/24\/um-ano-de-guerra-quais-os-proximos-capitulos\/#primaryimage"},"image":{"@id":"https:\/\/renatodias.online\/movimento\/2023\/02\/24\/um-ano-de-guerra-quais-os-proximos-capitulos\/#primaryimage"},"thumbnailUrl":"https:\/\/renatodias.online\/movimento\/wp-content\/uploads\/2023\/02\/Ucrania-Um-ano-e1680909637612.jpg","datePublished":"2023-02-25T00:35:18+00:00","breadcrumb":{"@id":"https:\/\/renatodias.online\/movimento\/2023\/02\/24\/um-ano-de-guerra-quais-os-proximos-capitulos\/#breadcrumb"},"inLanguage":"pt-BR","potentialAction":[{"@type":"ReadAction","target":["https:\/\/renatodias.online\/movimento\/2023\/02\/24\/um-ano-de-guerra-quais-os-proximos-capitulos\/"]}]},{"@type":"ImageObject","inLanguage":"pt-BR","@id":"https:\/\/renatodias.online\/movimento\/2023\/02\/24\/um-ano-de-guerra-quais-os-proximos-capitulos\/#primaryimage","url":"https:\/\/renatodias.online\/movimento\/wp-content\/uploads\/2023\/02\/Ucrania-Um-ano-e1680909637612.jpg","contentUrl":"https:\/\/renatodias.online\/movimento\/wp-content\/uploads\/2023\/02\/Ucrania-Um-ano-e1680909637612.jpg","width":800,"height":479,"caption":"Ucr\u00e2nia - Um ano da guerra"},{"@type":"BreadcrumbList","@id":"https:\/\/renatodias.online\/movimento\/2023\/02\/24\/um-ano-de-guerra-quais-os-proximos-capitulos\/#breadcrumb","itemListElement":[{"@type":"ListItem","position":1,"name":"In\u00edcio","item":"https:\/\/renatodias.online\/movimento\/"},{"@type":"ListItem","position":2,"name":"Um ano de guerra: quais os pr\u00f3ximos cap\u00edtulos?"}]},{"@type":"WebSite","@id":"https:\/\/renatodias.online\/movimento\/#website","url":"https:\/\/renatodias.online\/movimento\/","name":"","description":"","publisher":{"@id":"https:\/\/renatodias.online\/movimento\/#\/schema\/person\/bbab28833b1725a20f4083f49f1fb2a9"},"potentialAction":[{"@type":"SearchAction","target":{"@type":"EntryPoint","urlTemplate":"https:\/\/renatodias.online\/movimento\/?s={search_term_string}"},"query-input":{"@type":"PropertyValueSpecification","valueRequired":true,"valueName":"search_term_string"}}],"inLanguage":"pt-BR"},{"@type":["Person","Organization"],"@id":"https:\/\/renatodias.online\/movimento\/#\/schema\/person\/bbab28833b1725a20f4083f49f1fb2a9","name":"Renato Dias","image":{"@type":"ImageObject","inLanguage":"pt-BR","@id":"https:\/\/renatodias.online\/movimento\/wp-content\/uploads\/2023\/03\/cropped-cropped-cropped-logofinal.jpeg","url":"https:\/\/renatodias.online\/movimento\/wp-content\/uploads\/2023\/03\/cropped-cropped-cropped-logofinal.jpeg","contentUrl":"https:\/\/renatodias.online\/movimento\/wp-content\/uploads\/2023\/03\/cropped-cropped-cropped-logofinal.jpeg","width":1280,"height":219,"caption":"Renato Dias"},"logo":{"@id":"https:\/\/renatodias.online\/movimento\/wp-content\/uploads\/2023\/03\/cropped-cropped-cropped-logofinal.jpeg"},"description":"Renato Dias, 58 anos, \u00e9 graduado em Jornalismo, formado em Ci\u00eancias Sociais, com p\u00f3s-gradua\u00e7\u00e3o em Pol\u00edticas P\u00fablicas, mestre em Direito e Rela\u00e7\u00f5es Internacionais, ex-aluno extraordin\u00e1rio do Doutorado em Psicologia Social, ex-estudante do Curso de Psican\u00e1lise do Centro de Estudos Psicanal\u00edticos do Estado de Goi\u00e1s, ministrado pelo m\u00e9dico psiquiatra e psicanalista Daniel Em\u00eddio de Souza. \u00c9 autor de 30 livros-reportagem, oito document\u00e1rios, ganhou 30 pr\u00eamios e \u00e9 torcedor apaixonado do maior do Centro-Oeste, o Vila Nova Futebol Clube. Casado com Meirilane Dias, \u00e9 pai de Juliana Dias, jornalista; Daniel Dias, economista; e Maria Rosa Dias, estudante antifascista, socialista e trotskista.\u00a0Com tr\u00eas pets: Porquinho [Bull Dog Franc\u00eas], Dalila [Basset Hound] e Geleia [Basset Hound]. Al\u00e9m do eterno gato Tutuquinho, que virou estrela.","sameAs":["https:\/\/www.facebook.com\/renato.dias.37","#breve","https:\/\/renatodias.tumblr.com\/"],"url":"https:\/\/renatodias.online\/movimento\/author\/renatodias\/"}]}},"_links":{"self":[{"href":"https:\/\/renatodias.online\/movimento\/wp-json\/wp\/v2\/posts\/15725","targetHints":{"allow":["GET"]}}],"collection":[{"href":"https:\/\/renatodias.online\/movimento\/wp-json\/wp\/v2\/posts"}],"about":[{"href":"https:\/\/renatodias.online\/movimento\/wp-json\/wp\/v2\/types\/post"}],"author":[{"embeddable":true,"href":"https:\/\/renatodias.online\/movimento\/wp-json\/wp\/v2\/users\/2"}],"replies":[{"embeddable":true,"href":"https:\/\/renatodias.online\/movimento\/wp-json\/wp\/v2\/comments?post=15725"}],"version-history":[{"count":1,"href":"https:\/\/renatodias.online\/movimento\/wp-json\/wp\/v2\/posts\/15725\/revisions"}],"predecessor-version":[{"id":15727,"href":"https:\/\/renatodias.online\/movimento\/wp-json\/wp\/v2\/posts\/15725\/revisions\/15727"}],"wp:featuredmedia":[{"embeddable":true,"href":"https:\/\/renatodias.online\/movimento\/wp-json\/wp\/v2\/media\/15726"}],"wp:attachment":[{"href":"https:\/\/renatodias.online\/movimento\/wp-json\/wp\/v2\/media?parent=15725"}],"wp:term":[{"taxonomy":"category","embeddable":true,"href":"https:\/\/renatodias.online\/movimento\/wp-json\/wp\/v2\/categories?post=15725"},{"taxonomy":"post_tag","embeddable":true,"href":"https:\/\/renatodias.online\/movimento\/wp-json\/wp\/v2\/tags?post=15725"}],"curies":[{"name":"wp","href":"https:\/\/api.w.org\/{rel}","templated":true}]}}