{"id":15715,"date":"2023-02-24T21:04:45","date_gmt":"2023-02-25T00:04:45","guid":{"rendered":"https:\/\/renatodias.online\/movimento\/?p=15715"},"modified":"2023-02-24T21:14:27","modified_gmt":"2023-02-25T00:14:27","slug":"julgamento-da-historia-na-argentina-1985","status":"publish","type":"post","link":"https:\/\/renatodias.online\/movimento\/2023\/02\/24\/julgamento-da-historia-na-argentina-1985\/","title":{"rendered":"Julgamento da Hist\u00f3ria, na Argentina: 1985"},"content":{"rendered":"<p><strong><img loading=\"lazy\" decoding=\"async\" class=\"size-medium wp-image-15667 aligncenter\" src=\"https:\/\/renatodias.online\/movimento\/wp-content\/uploads\/2023\/02\/Historia-300x300.jpg\" alt=\"\" width=\"300\" height=\"300\" \/><\/strong><\/p>\n<h1 style=\"text-align: center;\"><span style=\"color: #ff0000;\"><strong>Nunca M\u00e1s<\/strong><\/span><\/h1>\n<p><img loading=\"lazy\" decoding=\"async\" class=\"size-medium wp-image-15719 aligncenter\" src=\"https:\/\/renatodias.online\/movimento\/wp-content\/uploads\/2023\/02\/Julgamento-da-Historia-na-Argentina-1985-4-196x300.png\" alt=\"\" width=\"196\" height=\"300\" \/><\/p>\n<h1 style=\"text-align: center;\"><strong><span style=\"color: #008000;\">Jorge Rafael Videla, pris\u00e3o perp\u00e9tua<\/span>\u00a0<\/strong><\/h1>\n<figure id=\"attachment_5620\" aria-describedby=\"caption-attachment-5620\" style=\"width: 975px\" class=\"wp-caption alignnone\"><img loading=\"lazy\" decoding=\"async\" class=\"wp-image-5620 size-full\" src=\"https:\/\/renatodias.online\/movimento\/wp-content\/uploads\/2021\/03\/general.png\" alt=\"Jorge Rafael Vidade\" width=\"975\" height=\"762\" srcset=\"https:\/\/renatodias.online\/movimento\/wp-content\/uploads\/2021\/03\/general.png 975w, https:\/\/renatodias.online\/movimento\/wp-content\/uploads\/2021\/03\/general-300x234.png 300w, https:\/\/renatodias.online\/movimento\/wp-content\/uploads\/2021\/03\/general-768x600.png 768w, https:\/\/renatodias.online\/movimento\/wp-content\/uploads\/2021\/03\/general-750x586.png 750w\" sizes=\"auto, (max-width: 975px) 100vw, 975px\" \/><figcaption id=\"caption-attachment-5620\" class=\"wp-caption-text\"><strong>Jorge Rafael Videla: condenado \u00e0 pris\u00e3o perp\u00e9tua e morto na cadeia por crimes contra a humanidade<\/strong><\/figcaption><\/figure>\n<p style=\"text-align: center;\"><span style=\"color: #ff0000;\"><strong>Renato Dias\u00a0<\/strong><\/span><\/p>\n<p><strong> <img loading=\"lazy\" decoding=\"async\" class=\"aligncenter wp-image-15371 size-thumbnail\" src=\"https:\/\/renatodias.online\/movimento\/wp-content\/uploads\/2023\/01\/Lagrimas-150x150.jpg\" alt=\"\" width=\"150\" height=\"150\" \/><\/strong><\/p>\n<blockquote>\n<h1><strong>_ Aguardo, com ansiedade, a sua pe\u00e7a de acusa\u00e7\u00e3o.<\/strong><\/h1>\n<\/blockquote>\n<p>Assim, ponderado, \u00e0 \u00e9poca, o presidente da Rep\u00fablica da Argentina, <strong>Ra\u00fal Alfons\u00edn<\/strong>, eleito em 30 de outubro de 1983, com 7.724.559 votos, um percentual de 51,7%, dirigiu-se, na Casa Rosada, sede do poder, em Buenos Aires, a cidade mais charmosa do Cone-Sul, ao promotor de Justi\u00e7a, <strong>J\u00falio Cesar Strassera<\/strong>. Trata &#8211; se do respons\u00e1vel pelo julgamento civil dos nove integrantes das <strong>tr\u00eas juntas militares da ditadura civil e militar do Pa\u00eds<\/strong>.<\/p>\n<p><iframe loading=\"lazy\" title=\"Juicio a las Juntas - Alegato del Fiscal Julio C\u00e9sar Strassera\" width=\"960\" height=\"720\" src=\"https:\/\/www.youtube.com\/embed\/i18FQPnsyPc?feature=oembed\" frameborder=\"0\" allow=\"accelerometer; autoplay; clipboard-write; encrypted-media; gyroscope; picture-in-picture; web-share\" referrerpolicy=\"strict-origin-when-cross-origin\" allowfullscreen><\/iframe><\/p>\n<p><img loading=\"lazy\" decoding=\"async\" class=\"size-medium wp-image-14125 aligncenter\" src=\"https:\/\/renatodias.online\/movimento\/wp-content\/uploads\/2022\/09\/Saiba-mais-300x103.png\" alt=\"\" width=\"300\" height=\"103\" srcset=\"https:\/\/renatodias.online\/movimento\/wp-content\/uploads\/2022\/09\/Saiba-mais-300x103.png 300w, https:\/\/renatodias.online\/movimento\/wp-content\/uploads\/2022\/09\/Saiba-mais.png 572w\" sizes=\"auto, (max-width: 300px) 100vw, 300px\" \/><\/p>\n<blockquote>\n<h1><span style=\"color: #008000;\"><strong>A ditadura civil e militar na Argentina<\/strong><\/span><\/h1>\n<figure id=\"attachment_5869\" aria-describedby=\"caption-attachment-5869\" style=\"width: 1200px\" class=\"wp-caption alignnone\"><img loading=\"lazy\" decoding=\"async\" class=\"wp-image-5869 size-full\" src=\"https:\/\/renatodias.online\/movimento\/wp-content\/uploads\/2021\/04\/Golpe-na-Argentina-1976.png\" alt=\"\" width=\"1200\" height=\"832\" \/><figcaption id=\"caption-attachment-5869\" class=\"wp-caption-text\"><strong>Golpe na Argentina: 24 de mar\u00e7o de 1976<\/strong><\/figcaption><\/figure>\n<h1><strong> <img loading=\"lazy\" decoding=\"async\" class=\"size-medium wp-image-2918 aligncenter\" src=\"https:\/\/renatodias.online\/movimento\/wp-content\/uploads\/2019\/11\/Marcas-de-tiros-300x225.png\" alt=\"\" width=\"300\" height=\"225\" \/><\/strong><\/h1>\n<\/blockquote>\n<p><strong>Um golpe de Estado civil e militar, em 24 de mar\u00e7o do ano de 1976, com protagonismo das For\u00e7as Armadas, al\u00e9m do suporte do Deus &#8211; Mercado,<\/strong> a colabora\u00e7\u00e3o efetiva dos conglomerados de m\u00eddia, o apoio da Igreja Cat\u00f3lica e recursos dos Estados Unidos das Am\u00e9ricas, dep\u00f4s a presidente da Rep\u00fablica, Maria Estela Martinez de Per\u00f3n e instalou uma ditadura de sete anos. De 1976 a 1984. Mais: com 30 mil mortos e desaparecidos.<\/p>\n<blockquote>\n<h1><span style=\"color: #0000ff;\"><strong>Raul Alfons\u00edn abre o processo de Justi\u00e7a de Transi\u00e7\u00e3o\u00a0<\/strong><\/span><\/h1>\n<p><img loading=\"lazy\" decoding=\"async\" class=\"wp-image-5622 size-full aligncenter\" src=\"https:\/\/renatodias.online\/movimento\/wp-content\/uploads\/2021\/03\/Infografia-Golpe-na-Argentina-_-2.jpg\" alt=\"\" width=\"568\" height=\"1280\" \/><\/p><\/blockquote>\n<p>Ra\u00fal Alfons\u00edn, presidente da Rep\u00fablica da Argentina, enviou ao Congresso Nacional, um <strong>Projeto de Lei que prop\u00f4s a revoga\u00e7\u00e3o da autoanistia. Mais: a cria\u00e7\u00e3o da Comiss\u00e3o Nacional Sobre o Desaparecimento de Pessoas, a Conadep.<\/strong> Para investigar os crimes de viola\u00e7\u00f5es dos direitos humanos e de genoc\u00eddio. <strong>O relat\u00f3rio final \u00e9 assinado pelo escritor Ernesto S\u00e1bato<\/strong>. Hist\u00f3rico, o t\u00edtulo do documento \u00e9 <strong>&#8220;Nunca M\u00e1s&#8221;.<\/strong><\/p>\n<blockquote>\n<h1><span style=\"color: #808000;\"><strong>Presidente da Conadep, Ernesto S\u00e1bato: Nunca M\u00e1s<\/strong><\/span><\/h1>\n<figure id=\"attachment_15721\" aria-describedby=\"caption-attachment-15721\" style=\"width: 982px\" class=\"wp-caption alignnone\"><img loading=\"lazy\" decoding=\"async\" class=\"wp-image-15721 size-full\" src=\"https:\/\/renatodias.online\/movimento\/wp-content\/uploads\/2023\/02\/Julgamento-da-Historia-na-Argentina-1985.png\" alt=\"\" width=\"982\" height=\"551\" srcset=\"https:\/\/renatodias.online\/movimento\/wp-content\/uploads\/2023\/02\/Julgamento-da-Historia-na-Argentina-1985.png 982w, https:\/\/renatodias.online\/movimento\/wp-content\/uploads\/2023\/02\/Julgamento-da-Historia-na-Argentina-1985-300x168.png 300w, https:\/\/renatodias.online\/movimento\/wp-content\/uploads\/2023\/02\/Julgamento-da-Historia-na-Argentina-1985-768x431.png 768w, https:\/\/renatodias.online\/movimento\/wp-content\/uploads\/2023\/02\/Julgamento-da-Historia-na-Argentina-1985-750x421.png 750w\" sizes=\"auto, (max-width: 982px) 100vw, 982px\" \/><figcaption id=\"caption-attachment-15721\" class=\"wp-caption-text\"><strong>Ernesto S\u00e1bato entrega relat\u00f3rio final Nunca M\u00e1s a Ra\u00fal Alfons\u00edn<\/strong><\/figcaption><\/figure><\/blockquote>\n<p><img loading=\"lazy\" decoding=\"async\" class=\"size-medium wp-image-12360 aligncenter\" src=\"https:\/\/renatodias.online\/movimento\/wp-content\/uploads\/2022\/05\/Sangue-escorrendo-300x200.jpg\" alt=\"\" width=\"300\" height=\"200\" srcset=\"https:\/\/renatodias.online\/movimento\/wp-content\/uploads\/2022\/05\/Sangue-escorrendo-300x200.jpg 300w, https:\/\/renatodias.online\/movimento\/wp-content\/uploads\/2022\/05\/Sangue-escorrendo-768x512.jpg 768w, https:\/\/renatodias.online\/movimento\/wp-content\/uploads\/2022\/05\/Sangue-escorrendo-360x240.jpg 360w, https:\/\/renatodias.online\/movimento\/wp-content\/uploads\/2022\/05\/Sangue-escorrendo-750x500.jpg 750w, https:\/\/renatodias.online\/movimento\/wp-content\/uploads\/2022\/05\/Sangue-escorrendo.jpg 1024w\" sizes=\"auto, (max-width: 300px) 100vw, 300px\" \/><\/p>\n<p>Nascido em 24 de abril de 1911, em Rojas, Ernesto S\u00e1bato, ensa\u00edsta, romancista e artista pl\u00e1stico, Pr\u00eamio Cervantes, assume em 15 de dezembro de 1983 a miss\u00e3o de presidir a Comiss\u00e3o Nacional de Pessoas Desaparecidas. Sob a ditadura civil e militar na Argentina. <strong>A comiss\u00e3o especial entregou o explosivo Nunca M\u00e1s em 20 de setembro de 1984. Com crimes das juntas militares. <\/strong>Robusto material para o julgamento civil.<\/p>\n<blockquote>\n<h1><span style=\"color: #ff0000;\"><strong>Leitura da senten\u00e7a em 9 de dezembro de 1985<\/strong><\/span><\/h1>\n<\/blockquote>\n<figure id=\"attachment_15716\" aria-describedby=\"caption-attachment-15716\" style=\"width: 941px\" class=\"wp-caption alignnone\"><img loading=\"lazy\" decoding=\"async\" class=\"wp-image-15716 size-full\" src=\"https:\/\/renatodias.online\/movimento\/wp-content\/uploads\/2023\/02\/Julgamento-da-Historia-na-Argentina-1985-1.png\" alt=\"\" width=\"941\" height=\"641\" \/><figcaption id=\"caption-attachment-15716\" class=\"wp-caption-text\"><strong>A leitura da senten\u00e7a do julgamento da Hist\u00f3ria da Argentina em 9 de dezembro de 1985<\/strong><\/figcaption><\/figure>\n<p><img loading=\"lazy\" decoding=\"async\" class=\"size-medium wp-image-13781 aligncenter\" src=\"https:\/\/renatodias.online\/movimento\/wp-content\/uploads\/2022\/08\/Raio-X-especial-300x112.png\" alt=\"\" width=\"300\" height=\"112\" \/><\/p>\n<p><strong>A instru\u00e7\u00e3o criminal inicia &#8211; se em 22 de abril de 1985.<\/strong> Com os depoimentos de 833 pessoas. <strong>A sustenta\u00e7\u00e3o oral de J\u00falio Cesar Strassera ocorre em 18 de setembro.<\/strong> Com o aux\u00edlio de <strong>Lu\u00eds Moreno Ocampo. A leitura da senten\u00e7a \u00e9 feita em 9 de dezembro de 1985<\/strong>. Jorge mais: Rafael Videla Redondo e Emilio Eduardo Massera foram condenados \u00e0 pris\u00e3o perp\u00e9tua; Orlando Agosti, a quatro anos e seis meses de pris\u00e3o; Roberto Viola, a 17 anos; Armando Lambruschini, oito anos<\/p>\n<h1 style=\"text-align: center;\"><span style=\"color: #ff0000;\"><strong>Cronologia<\/strong><\/span><\/h1>\n<p><img loading=\"lazy\" decoding=\"async\" class=\"alignnone wp-image-5621 size-large\" src=\"https:\/\/renatodias.online\/movimento\/wp-content\/uploads\/2021\/03\/Infografia-Golpe-na-Argentina-_-1-1024x990.jpg\" alt=\"\" width=\"1024\" height=\"990\" srcset=\"https:\/\/renatodias.online\/movimento\/wp-content\/uploads\/2021\/03\/Infografia-Golpe-na-Argentina-_-1-1024x990.jpg 1024w, https:\/\/renatodias.online\/movimento\/wp-content\/uploads\/2021\/03\/Infografia-Golpe-na-Argentina-_-1-300x290.jpg 300w, https:\/\/renatodias.online\/movimento\/wp-content\/uploads\/2021\/03\/Infografia-Golpe-na-Argentina-_-1-768x743.jpg 768w, https:\/\/renatodias.online\/movimento\/wp-content\/uploads\/2021\/03\/Infografia-Golpe-na-Argentina-_-1-750x725.jpg 750w, https:\/\/renatodias.online\/movimento\/wp-content\/uploads\/2021\/03\/Infografia-Golpe-na-Argentina-_-1.jpg 1280w\" sizes=\"auto, (max-width: 1024px) 100vw, 1024px\" \/><\/p>\n","protected":false},"excerpt":{"rendered":"<p>Nunca M\u00e1s Jorge Rafael Videla, pris\u00e3o perp\u00e9tua\u00a0 Renato Dias\u00a0 _ Aguardo, com ansiedade, a sua pe\u00e7a de acusa\u00e7\u00e3o. Assim, ponderado, \u00e0 \u00e9poca, o presidente da Rep\u00fablica da Argentina, Ra\u00fal Alfons\u00edn, eleito em 30 de outubro de 1983, com 7.724.559 votos, um percentual de 51,7%, dirigiu-se, na Casa Rosada, sede do poder, em Buenos Aires, a<\/p>\n","protected":false},"author":2,"featured_media":15718,"comment_status":"open","ping_status":"open","sticky":false,"template":"","format":"standard","meta":{"_acf_changed":false,"_monsterinsights_skip_tracking":false,"_monsterinsights_sitenote_active":false,"_monsterinsights_sitenote_note":"","_monsterinsights_sitenote_category":0,"footnotes":""},"categories":[36],"tags":[],"class_list":["post-15715","post","type-post","status-publish","format-standard","has-post-thumbnail","hentry","category-internacional"],"acf":[],"yoast_head":"<!-- This site is optimized with the Yoast SEO plugin v27.4 - https:\/\/yoast.com\/product\/yoast-seo-wordpress\/ -->\n<title>Julgamento da Hist\u00f3ria, na Argentina: 1985 -<\/title>\n<meta name=\"robots\" content=\"index, follow, max-snippet:-1, max-image-preview:large, max-video-preview:-1\" \/>\n<link rel=\"canonical\" href=\"https:\/\/renatodias.online\/movimento\/2023\/02\/24\/julgamento-da-historia-na-argentina-1985\/\" \/>\n<meta property=\"og:locale\" content=\"pt_BR\" \/>\n<meta property=\"og:type\" content=\"article\" \/>\n<meta property=\"og:title\" content=\"Julgamento da Hist\u00f3ria, na Argentina: 1985 -\" \/>\n<meta property=\"og:description\" content=\"Nunca M\u00e1s Jorge Rafael Videla, pris\u00e3o perp\u00e9tua\u00a0 Renato Dias\u00a0 _ Aguardo, com ansiedade, a sua pe\u00e7a de acusa\u00e7\u00e3o. Assim, ponderado, \u00e0 \u00e9poca, o presidente da Rep\u00fablica da Argentina, Ra\u00fal Alfons\u00edn, eleito em 30 de outubro de 1983, com 7.724.559 votos, um percentual de 51,7%, dirigiu-se, na Casa Rosada, sede do poder, em Buenos Aires, a\" \/>\n<meta property=\"og:url\" content=\"https:\/\/renatodias.online\/movimento\/2023\/02\/24\/julgamento-da-historia-na-argentina-1985\/\" \/>\n<meta property=\"article:publisher\" content=\"https:\/\/www.facebook.com\/renato.dias.37\" \/>\n<meta property=\"article:author\" content=\"https:\/\/www.facebook.com\/renato.dias.37\" \/>\n<meta property=\"article:published_time\" content=\"2023-02-25T00:04:45+00:00\" \/>\n<meta property=\"article:modified_time\" content=\"2023-02-25T00:14:27+00:00\" \/>\n<meta property=\"og:image\" content=\"https:\/\/renatodias.online\/movimento\/wp-content\/uploads\/2023\/02\/Julgamento-da-Historia-na-Argentina-1985-3-e1677283379134.png\" \/>\n\t<meta property=\"og:image:width\" content=\"320\" \/>\n\t<meta property=\"og:image:height\" content=\"303\" \/>\n\t<meta property=\"og:image:type\" content=\"image\/png\" \/>\n<meta name=\"author\" content=\"Renato Dias\" \/>\n<meta name=\"twitter:card\" content=\"summary_large_image\" \/>\n<meta name=\"twitter:creator\" content=\"@RenatoDiasBat\" \/>\n<meta name=\"twitter:site\" content=\"@RenatoDiasBat\" \/>\n<meta name=\"twitter:label1\" content=\"Escrito por\" \/>\n\t<meta name=\"twitter:data1\" content=\"Renato Dias\" \/>\n\t<meta name=\"twitter:label2\" content=\"Est. tempo de leitura\" \/>\n\t<meta name=\"twitter:data2\" content=\"3 minutos\" \/>\n<script type=\"application\/ld+json\" class=\"yoast-schema-graph\">{\"@context\":\"https:\\\/\\\/schema.org\",\"@graph\":[{\"@type\":\"Article\",\"@id\":\"https:\\\/\\\/renatodias.online\\\/movimento\\\/2023\\\/02\\\/24\\\/julgamento-da-historia-na-argentina-1985\\\/#article\",\"isPartOf\":{\"@id\":\"https:\\\/\\\/renatodias.online\\\/movimento\\\/2023\\\/02\\\/24\\\/julgamento-da-historia-na-argentina-1985\\\/\"},\"author\":{\"name\":\"Renato Dias\",\"@id\":\"https:\\\/\\\/renatodias.online\\\/movimento\\\/#\\\/schema\\\/person\\\/bbab28833b1725a20f4083f49f1fb2a9\"},\"headline\":\"Julgamento da Hist\u00f3ria, na Argentina: 1985\",\"datePublished\":\"2023-02-25T00:04:45+00:00\",\"dateModified\":\"2023-02-25T00:14:27+00:00\",\"mainEntityOfPage\":{\"@id\":\"https:\\\/\\\/renatodias.online\\\/movimento\\\/2023\\\/02\\\/24\\\/julgamento-da-historia-na-argentina-1985\\\/\"},\"wordCount\":533,\"commentCount\":1,\"publisher\":{\"@id\":\"https:\\\/\\\/renatodias.online\\\/movimento\\\/#\\\/schema\\\/person\\\/bbab28833b1725a20f4083f49f1fb2a9\"},\"image\":{\"@id\":\"https:\\\/\\\/renatodias.online\\\/movimento\\\/2023\\\/02\\\/24\\\/julgamento-da-historia-na-argentina-1985\\\/#primaryimage\"},\"thumbnailUrl\":\"https:\\\/\\\/renatodias.online\\\/movimento\\\/wp-content\\\/uploads\\\/2023\\\/02\\\/Julgamento-da-Historia-na-Argentina-1985-3-e1677283379134.png\",\"articleSection\":[\"Internacional\"],\"inLanguage\":\"pt-BR\",\"potentialAction\":[{\"@type\":\"CommentAction\",\"name\":\"Comment\",\"target\":[\"https:\\\/\\\/renatodias.online\\\/movimento\\\/2023\\\/02\\\/24\\\/julgamento-da-historia-na-argentina-1985\\\/#respond\"]}]},{\"@type\":\"WebPage\",\"@id\":\"https:\\\/\\\/renatodias.online\\\/movimento\\\/2023\\\/02\\\/24\\\/julgamento-da-historia-na-argentina-1985\\\/\",\"url\":\"https:\\\/\\\/renatodias.online\\\/movimento\\\/2023\\\/02\\\/24\\\/julgamento-da-historia-na-argentina-1985\\\/\",\"name\":\"Julgamento da Hist\u00f3ria, na Argentina: 1985 -\",\"isPartOf\":{\"@id\":\"https:\\\/\\\/renatodias.online\\\/movimento\\\/#website\"},\"primaryImageOfPage\":{\"@id\":\"https:\\\/\\\/renatodias.online\\\/movimento\\\/2023\\\/02\\\/24\\\/julgamento-da-historia-na-argentina-1985\\\/#primaryimage\"},\"image\":{\"@id\":\"https:\\\/\\\/renatodias.online\\\/movimento\\\/2023\\\/02\\\/24\\\/julgamento-da-historia-na-argentina-1985\\\/#primaryimage\"},\"thumbnailUrl\":\"https:\\\/\\\/renatodias.online\\\/movimento\\\/wp-content\\\/uploads\\\/2023\\\/02\\\/Julgamento-da-Historia-na-Argentina-1985-3-e1677283379134.png\",\"datePublished\":\"2023-02-25T00:04:45+00:00\",\"dateModified\":\"2023-02-25T00:14:27+00:00\",\"breadcrumb\":{\"@id\":\"https:\\\/\\\/renatodias.online\\\/movimento\\\/2023\\\/02\\\/24\\\/julgamento-da-historia-na-argentina-1985\\\/#breadcrumb\"},\"inLanguage\":\"pt-BR\",\"potentialAction\":[{\"@type\":\"ReadAction\",\"target\":[\"https:\\\/\\\/renatodias.online\\\/movimento\\\/2023\\\/02\\\/24\\\/julgamento-da-historia-na-argentina-1985\\\/\"]}]},{\"@type\":\"ImageObject\",\"inLanguage\":\"pt-BR\",\"@id\":\"https:\\\/\\\/renatodias.online\\\/movimento\\\/2023\\\/02\\\/24\\\/julgamento-da-historia-na-argentina-1985\\\/#primaryimage\",\"url\":\"https:\\\/\\\/renatodias.online\\\/movimento\\\/wp-content\\\/uploads\\\/2023\\\/02\\\/Julgamento-da-Historia-na-Argentina-1985-3-e1677283379134.png\",\"contentUrl\":\"https:\\\/\\\/renatodias.online\\\/movimento\\\/wp-content\\\/uploads\\\/2023\\\/02\\\/Julgamento-da-Historia-na-Argentina-1985-3-e1677283379134.png\",\"width\":320,\"height\":303,\"caption\":\"O promotor de Justi\u00e7a J\u00falio Cesar Strassera e Lu\u00eds Moreno Ocampo\"},{\"@type\":\"BreadcrumbList\",\"@id\":\"https:\\\/\\\/renatodias.online\\\/movimento\\\/2023\\\/02\\\/24\\\/julgamento-da-historia-na-argentina-1985\\\/#breadcrumb\",\"itemListElement\":[{\"@type\":\"ListItem\",\"position\":1,\"name\":\"In\u00edcio\",\"item\":\"https:\\\/\\\/renatodias.online\\\/movimento\\\/\"},{\"@type\":\"ListItem\",\"position\":2,\"name\":\"Julgamento da Hist\u00f3ria, na Argentina: 1985\"}]},{\"@type\":\"WebSite\",\"@id\":\"https:\\\/\\\/renatodias.online\\\/movimento\\\/#website\",\"url\":\"https:\\\/\\\/renatodias.online\\\/movimento\\\/\",\"name\":\"\",\"description\":\"\",\"publisher\":{\"@id\":\"https:\\\/\\\/renatodias.online\\\/movimento\\\/#\\\/schema\\\/person\\\/bbab28833b1725a20f4083f49f1fb2a9\"},\"potentialAction\":[{\"@type\":\"SearchAction\",\"target\":{\"@type\":\"EntryPoint\",\"urlTemplate\":\"https:\\\/\\\/renatodias.online\\\/movimento\\\/?s={search_term_string}\"},\"query-input\":{\"@type\":\"PropertyValueSpecification\",\"valueRequired\":true,\"valueName\":\"search_term_string\"}}],\"inLanguage\":\"pt-BR\"},{\"@type\":[\"Person\",\"Organization\"],\"@id\":\"https:\\\/\\\/renatodias.online\\\/movimento\\\/#\\\/schema\\\/person\\\/bbab28833b1725a20f4083f49f1fb2a9\",\"name\":\"Renato Dias\",\"image\":{\"@type\":\"ImageObject\",\"inLanguage\":\"pt-BR\",\"@id\":\"https:\\\/\\\/renatodias.online\\\/movimento\\\/wp-content\\\/uploads\\\/2023\\\/03\\\/cropped-cropped-cropped-logofinal.jpeg\",\"url\":\"https:\\\/\\\/renatodias.online\\\/movimento\\\/wp-content\\\/uploads\\\/2023\\\/03\\\/cropped-cropped-cropped-logofinal.jpeg\",\"contentUrl\":\"https:\\\/\\\/renatodias.online\\\/movimento\\\/wp-content\\\/uploads\\\/2023\\\/03\\\/cropped-cropped-cropped-logofinal.jpeg\",\"width\":1280,\"height\":219,\"caption\":\"Renato Dias\"},\"logo\":{\"@id\":\"https:\\\/\\\/renatodias.online\\\/movimento\\\/wp-content\\\/uploads\\\/2023\\\/03\\\/cropped-cropped-cropped-logofinal.jpeg\"},\"description\":\"Renato Dias, 58 anos, \u00e9 graduado em Jornalismo, formado em Ci\u00eancias Sociais, com p\u00f3s-gradua\u00e7\u00e3o em Pol\u00edticas P\u00fablicas, mestre em Direito e Rela\u00e7\u00f5es Internacionais, ex-aluno extraordin\u00e1rio do Doutorado em Psicologia Social, ex-estudante do Curso de Psican\u00e1lise do Centro de Estudos Psicanal\u00edticos do Estado de Goi\u00e1s, ministrado pelo m\u00e9dico psiquiatra e psicanalista Daniel Em\u00eddio de Souza. \u00c9 autor de 30 livros-reportagem, oito document\u00e1rios, ganhou 30 pr\u00eamios e \u00e9 torcedor apaixonado do maior do Centro-Oeste, o Vila Nova Futebol Clube. Casado com Meirilane Dias, \u00e9 pai de Juliana Dias, jornalista; Daniel Dias, economista; e Maria Rosa Dias, estudante antifascista, socialista e trotskista.\u00a0Com tr\u00eas pets: Porquinho [Bull Dog Franc\u00eas], Dalila [Basset Hound] e Geleia [Basset Hound]. Al\u00e9m do eterno gato Tutuquinho, que virou estrela.\",\"sameAs\":[\"https:\\\/\\\/www.facebook.com\\\/renato.dias.37\",\"#breve\",\"https:\\\/\\\/renatodias.tumblr.com\\\/\"],\"url\":\"https:\\\/\\\/renatodias.online\\\/movimento\\\/author\\\/renatodias\\\/\"}]}<\/script>\n<!-- \/ Yoast SEO plugin. -->","yoast_head_json":{"title":"Julgamento da Hist\u00f3ria, na Argentina: 1985 -","robots":{"index":"index","follow":"follow","max-snippet":"max-snippet:-1","max-image-preview":"max-image-preview:large","max-video-preview":"max-video-preview:-1"},"canonical":"https:\/\/renatodias.online\/movimento\/2023\/02\/24\/julgamento-da-historia-na-argentina-1985\/","og_locale":"pt_BR","og_type":"article","og_title":"Julgamento da Hist\u00f3ria, na Argentina: 1985 -","og_description":"Nunca M\u00e1s Jorge Rafael Videla, pris\u00e3o perp\u00e9tua\u00a0 Renato Dias\u00a0 _ Aguardo, com ansiedade, a sua pe\u00e7a de acusa\u00e7\u00e3o. Assim, ponderado, \u00e0 \u00e9poca, o presidente da Rep\u00fablica da Argentina, Ra\u00fal Alfons\u00edn, eleito em 30 de outubro de 1983, com 7.724.559 votos, um percentual de 51,7%, dirigiu-se, na Casa Rosada, sede do poder, em Buenos Aires, a","og_url":"https:\/\/renatodias.online\/movimento\/2023\/02\/24\/julgamento-da-historia-na-argentina-1985\/","article_publisher":"https:\/\/www.facebook.com\/renato.dias.37","article_author":"https:\/\/www.facebook.com\/renato.dias.37","article_published_time":"2023-02-25T00:04:45+00:00","article_modified_time":"2023-02-25T00:14:27+00:00","og_image":[{"width":320,"height":303,"url":"https:\/\/renatodias.online\/movimento\/wp-content\/uploads\/2023\/02\/Julgamento-da-Historia-na-Argentina-1985-3-e1677283379134.png","type":"image\/png"}],"author":"Renato Dias","twitter_card":"summary_large_image","twitter_creator":"@RenatoDiasBat","twitter_site":"@RenatoDiasBat","twitter_misc":{"Escrito por":"Renato Dias","Est. tempo de leitura":"3 minutos"},"schema":{"@context":"https:\/\/schema.org","@graph":[{"@type":"Article","@id":"https:\/\/renatodias.online\/movimento\/2023\/02\/24\/julgamento-da-historia-na-argentina-1985\/#article","isPartOf":{"@id":"https:\/\/renatodias.online\/movimento\/2023\/02\/24\/julgamento-da-historia-na-argentina-1985\/"},"author":{"name":"Renato Dias","@id":"https:\/\/renatodias.online\/movimento\/#\/schema\/person\/bbab28833b1725a20f4083f49f1fb2a9"},"headline":"Julgamento da Hist\u00f3ria, na Argentina: 1985","datePublished":"2023-02-25T00:04:45+00:00","dateModified":"2023-02-25T00:14:27+00:00","mainEntityOfPage":{"@id":"https:\/\/renatodias.online\/movimento\/2023\/02\/24\/julgamento-da-historia-na-argentina-1985\/"},"wordCount":533,"commentCount":1,"publisher":{"@id":"https:\/\/renatodias.online\/movimento\/#\/schema\/person\/bbab28833b1725a20f4083f49f1fb2a9"},"image":{"@id":"https:\/\/renatodias.online\/movimento\/2023\/02\/24\/julgamento-da-historia-na-argentina-1985\/#primaryimage"},"thumbnailUrl":"https:\/\/renatodias.online\/movimento\/wp-content\/uploads\/2023\/02\/Julgamento-da-Historia-na-Argentina-1985-3-e1677283379134.png","articleSection":["Internacional"],"inLanguage":"pt-BR","potentialAction":[{"@type":"CommentAction","name":"Comment","target":["https:\/\/renatodias.online\/movimento\/2023\/02\/24\/julgamento-da-historia-na-argentina-1985\/#respond"]}]},{"@type":"WebPage","@id":"https:\/\/renatodias.online\/movimento\/2023\/02\/24\/julgamento-da-historia-na-argentina-1985\/","url":"https:\/\/renatodias.online\/movimento\/2023\/02\/24\/julgamento-da-historia-na-argentina-1985\/","name":"Julgamento da Hist\u00f3ria, na Argentina: 1985 -","isPartOf":{"@id":"https:\/\/renatodias.online\/movimento\/#website"},"primaryImageOfPage":{"@id":"https:\/\/renatodias.online\/movimento\/2023\/02\/24\/julgamento-da-historia-na-argentina-1985\/#primaryimage"},"image":{"@id":"https:\/\/renatodias.online\/movimento\/2023\/02\/24\/julgamento-da-historia-na-argentina-1985\/#primaryimage"},"thumbnailUrl":"https:\/\/renatodias.online\/movimento\/wp-content\/uploads\/2023\/02\/Julgamento-da-Historia-na-Argentina-1985-3-e1677283379134.png","datePublished":"2023-02-25T00:04:45+00:00","dateModified":"2023-02-25T00:14:27+00:00","breadcrumb":{"@id":"https:\/\/renatodias.online\/movimento\/2023\/02\/24\/julgamento-da-historia-na-argentina-1985\/#breadcrumb"},"inLanguage":"pt-BR","potentialAction":[{"@type":"ReadAction","target":["https:\/\/renatodias.online\/movimento\/2023\/02\/24\/julgamento-da-historia-na-argentina-1985\/"]}]},{"@type":"ImageObject","inLanguage":"pt-BR","@id":"https:\/\/renatodias.online\/movimento\/2023\/02\/24\/julgamento-da-historia-na-argentina-1985\/#primaryimage","url":"https:\/\/renatodias.online\/movimento\/wp-content\/uploads\/2023\/02\/Julgamento-da-Historia-na-Argentina-1985-3-e1677283379134.png","contentUrl":"https:\/\/renatodias.online\/movimento\/wp-content\/uploads\/2023\/02\/Julgamento-da-Historia-na-Argentina-1985-3-e1677283379134.png","width":320,"height":303,"caption":"O promotor de Justi\u00e7a J\u00falio Cesar Strassera e Lu\u00eds Moreno Ocampo"},{"@type":"BreadcrumbList","@id":"https:\/\/renatodias.online\/movimento\/2023\/02\/24\/julgamento-da-historia-na-argentina-1985\/#breadcrumb","itemListElement":[{"@type":"ListItem","position":1,"name":"In\u00edcio","item":"https:\/\/renatodias.online\/movimento\/"},{"@type":"ListItem","position":2,"name":"Julgamento da Hist\u00f3ria, na Argentina: 1985"}]},{"@type":"WebSite","@id":"https:\/\/renatodias.online\/movimento\/#website","url":"https:\/\/renatodias.online\/movimento\/","name":"","description":"","publisher":{"@id":"https:\/\/renatodias.online\/movimento\/#\/schema\/person\/bbab28833b1725a20f4083f49f1fb2a9"},"potentialAction":[{"@type":"SearchAction","target":{"@type":"EntryPoint","urlTemplate":"https:\/\/renatodias.online\/movimento\/?s={search_term_string}"},"query-input":{"@type":"PropertyValueSpecification","valueRequired":true,"valueName":"search_term_string"}}],"inLanguage":"pt-BR"},{"@type":["Person","Organization"],"@id":"https:\/\/renatodias.online\/movimento\/#\/schema\/person\/bbab28833b1725a20f4083f49f1fb2a9","name":"Renato Dias","image":{"@type":"ImageObject","inLanguage":"pt-BR","@id":"https:\/\/renatodias.online\/movimento\/wp-content\/uploads\/2023\/03\/cropped-cropped-cropped-logofinal.jpeg","url":"https:\/\/renatodias.online\/movimento\/wp-content\/uploads\/2023\/03\/cropped-cropped-cropped-logofinal.jpeg","contentUrl":"https:\/\/renatodias.online\/movimento\/wp-content\/uploads\/2023\/03\/cropped-cropped-cropped-logofinal.jpeg","width":1280,"height":219,"caption":"Renato Dias"},"logo":{"@id":"https:\/\/renatodias.online\/movimento\/wp-content\/uploads\/2023\/03\/cropped-cropped-cropped-logofinal.jpeg"},"description":"Renato Dias, 58 anos, \u00e9 graduado em Jornalismo, formado em Ci\u00eancias Sociais, com p\u00f3s-gradua\u00e7\u00e3o em Pol\u00edticas P\u00fablicas, mestre em Direito e Rela\u00e7\u00f5es Internacionais, ex-aluno extraordin\u00e1rio do Doutorado em Psicologia Social, ex-estudante do Curso de Psican\u00e1lise do Centro de Estudos Psicanal\u00edticos do Estado de Goi\u00e1s, ministrado pelo m\u00e9dico psiquiatra e psicanalista Daniel Em\u00eddio de Souza. \u00c9 autor de 30 livros-reportagem, oito document\u00e1rios, ganhou 30 pr\u00eamios e \u00e9 torcedor apaixonado do maior do Centro-Oeste, o Vila Nova Futebol Clube. Casado com Meirilane Dias, \u00e9 pai de Juliana Dias, jornalista; Daniel Dias, economista; e Maria Rosa Dias, estudante antifascista, socialista e trotskista.\u00a0Com tr\u00eas pets: Porquinho [Bull Dog Franc\u00eas], Dalila [Basset Hound] e Geleia [Basset Hound]. Al\u00e9m do eterno gato Tutuquinho, que virou estrela.","sameAs":["https:\/\/www.facebook.com\/renato.dias.37","#breve","https:\/\/renatodias.tumblr.com\/"],"url":"https:\/\/renatodias.online\/movimento\/author\/renatodias\/"}]}},"_links":{"self":[{"href":"https:\/\/renatodias.online\/movimento\/wp-json\/wp\/v2\/posts\/15715","targetHints":{"allow":["GET"]}}],"collection":[{"href":"https:\/\/renatodias.online\/movimento\/wp-json\/wp\/v2\/posts"}],"about":[{"href":"https:\/\/renatodias.online\/movimento\/wp-json\/wp\/v2\/types\/post"}],"author":[{"embeddable":true,"href":"https:\/\/renatodias.online\/movimento\/wp-json\/wp\/v2\/users\/2"}],"replies":[{"embeddable":true,"href":"https:\/\/renatodias.online\/movimento\/wp-json\/wp\/v2\/comments?post=15715"}],"version-history":[{"count":3,"href":"https:\/\/renatodias.online\/movimento\/wp-json\/wp\/v2\/posts\/15715\/revisions"}],"predecessor-version":[{"id":15724,"href":"https:\/\/renatodias.online\/movimento\/wp-json\/wp\/v2\/posts\/15715\/revisions\/15724"}],"wp:featuredmedia":[{"embeddable":true,"href":"https:\/\/renatodias.online\/movimento\/wp-json\/wp\/v2\/media\/15718"}],"wp:attachment":[{"href":"https:\/\/renatodias.online\/movimento\/wp-json\/wp\/v2\/media?parent=15715"}],"wp:term":[{"taxonomy":"category","embeddable":true,"href":"https:\/\/renatodias.online\/movimento\/wp-json\/wp\/v2\/categories?post=15715"},{"taxonomy":"post_tag","embeddable":true,"href":"https:\/\/renatodias.online\/movimento\/wp-json\/wp\/v2\/tags?post=15715"}],"curies":[{"name":"wp","href":"https:\/\/api.w.org\/{rel}","templated":true}]}}