{"id":15694,"date":"2023-02-22T23:13:10","date_gmt":"2023-02-23T02:13:10","guid":{"rendered":"https:\/\/renatodias.online\/movimento\/?p=15694"},"modified":"2023-02-22T23:49:33","modified_gmt":"2023-02-23T02:49:33","slug":"75-primaveras-de-lutas","status":"publish","type":"post","link":"https:\/\/renatodias.online\/movimento\/2023\/02\/22\/75-primaveras-de-lutas\/","title":{"rendered":"75 primaveras de lutas"},"content":{"rendered":"<p><img loading=\"lazy\" decoding=\"async\" class=\"size-medium wp-image-7955 aligncenter\" src=\"https:\/\/renatodias.online\/movimento\/wp-content\/uploads\/2021\/07\/Capa-do-livro-Camarada-210x300.jpg\" alt=\"\" width=\"210\" height=\"300\" srcset=\"https:\/\/renatodias.online\/movimento\/wp-content\/uploads\/2021\/07\/Capa-do-livro-Camarada-210x300.jpg 210w, https:\/\/renatodias.online\/movimento\/wp-content\/uploads\/2021\/07\/Capa-do-livro-Camarada.jpg 214w\" sizes=\"auto, (max-width: 210px) 100vw, 210px\" \/><\/p>\n<h1 style=\"text-align: center;\"><span style=\"color: #ff0000;\"><strong>T\u043e\u0432\u0430\u0440\u0438\u0449<\/strong><\/span><\/h1>\n<h1 style=\"text-align: center;\"><span style=\"color: #ff0000;\"><strong>Tovarishch<\/strong><\/span><\/h1>\n<h1 style=\"text-align: center;\"><span style=\"color: #ff0000;\"><strong>Russo<\/strong><\/span><\/h1>\n<h1 style=\"text-align: center;\"><span style=\"color: #ff0000;\"><strong>\u00a0<\/strong><\/span><\/h1>\n<h1 style=\"text-align: center;\"><span style=\"color: #ff0000;\"><strong>Compagno<\/strong><\/span><\/h1>\n<h1 style=\"text-align: center;\"><span style=\"color: #ff0000;\"><strong>Italiano<\/strong><\/span><\/h1>\n<h1><\/h1>\n<h1 style=\"text-align: center;\"><span style=\"color: #ff0000;\"><strong>Camarade<\/strong><\/span><\/h1>\n<h1 style=\"text-align: center;\"><span style=\"color: #ff0000;\"><strong>Franc\u00eas<\/strong><\/span><\/h1>\n<h1 style=\"text-align: center;\"><span style=\"color: #ff0000;\"><strong>\u00a0<\/strong><\/span><\/h1>\n<h1 style=\"text-align: center;\"><span style=\"color: #ff0000;\"><strong>Comrade<\/strong><\/span><\/h1>\n<h1 style=\"text-align: center;\"><span style=\"color: #ff0000;\"><strong>Ingl\u00eas<\/strong><\/span><\/h1>\n<h1 style=\"text-align: center;\"><span style=\"color: #808000;\"><strong>Ele que ama tanto a revolu\u00e7\u00e3o<\/strong><\/span><\/h1>\n<figure id=\"attachment_8352\" aria-describedby=\"caption-attachment-8352\" style=\"width: 150px\" class=\"wp-caption aligncenter\"><img loading=\"lazy\" decoding=\"async\" class=\"wp-image-8352 size-thumbnail\" src=\"https:\/\/renatodias.online\/movimento\/wp-content\/uploads\/2021\/08\/Estrela-do-PT-150x150.jpg\" alt=\"\" width=\"150\" height=\"150\" \/><figcaption id=\"caption-attachment-8352\" class=\"wp-caption-text\"><span style=\"color: #ff0000;\"><strong>Estrela do PT<\/strong><\/span><\/figcaption><\/figure>\n<h1 style=\"text-align: center;\"><span style=\"color: #0000ff;\">Fausto Jaime\u00a0<\/span><\/h1>\n<figure id=\"attachment_4179\" aria-describedby=\"caption-attachment-4179\" style=\"width: 300px\" class=\"wp-caption aligncenter\"><img loading=\"lazy\" decoding=\"async\" class=\"size-medium wp-image-4179\" src=\"https:\/\/renatodias.online\/movimento\/wp-content\/uploads\/2020\/08\/Fausto-Jaime-4-300x300.jpg\" alt=\"Fausto Jaime\" width=\"300\" height=\"300\" srcset=\"https:\/\/renatodias.online\/movimento\/wp-content\/uploads\/2020\/08\/Fausto-Jaime-4-300x300.jpg 300w, https:\/\/renatodias.online\/movimento\/wp-content\/uploads\/2020\/08\/Fausto-Jaime-4-150x150.jpg 150w, https:\/\/renatodias.online\/movimento\/wp-content\/uploads\/2020\/08\/Fausto-Jaime-4-50x50.jpg 50w, https:\/\/renatodias.online\/movimento\/wp-content\/uploads\/2020\/08\/Fausto-Jaime-4-125x125.jpg 125w, https:\/\/renatodias.online\/movimento\/wp-content\/uploads\/2020\/08\/Fausto-Jaime-4-100x100.jpg 100w, https:\/\/renatodias.online\/movimento\/wp-content\/uploads\/2020\/08\/Fausto-Jaime-4-250x250.jpg 250w, https:\/\/renatodias.online\/movimento\/wp-content\/uploads\/2020\/08\/Fausto-Jaime-4.jpg 400w\" sizes=\"auto, (max-width: 300px) 100vw, 300px\" \/><figcaption id=\"caption-attachment-4179\" class=\"wp-caption-text\"><strong><span style=\"color: #ff0000;\">Fausto Jaime<\/span><\/strong><\/figcaption><\/figure>\n<p><img loading=\"lazy\" decoding=\"async\" class=\"size-full wp-image-13381 aligncenter\" src=\"https:\/\/renatodias.online\/movimento\/wp-content\/uploads\/2022\/07\/Podcast.jpg\" alt=\"\" width=\"200\" height=\"200\" srcset=\"https:\/\/renatodias.online\/movimento\/wp-content\/uploads\/2022\/07\/Podcast.jpg 200w, https:\/\/renatodias.online\/movimento\/wp-content\/uploads\/2022\/07\/Podcast-150x150.jpg 150w\" sizes=\"auto, (max-width: 200px) 100vw, 200px\" \/><\/p>\n<!--[if lt IE 9]><script>document.createElement('audio');<\/script><![endif]-->\n<audio class=\"wp-audio-shortcode\" id=\"audio-15694-1\" preload=\"none\" style=\"width: 100%;\" controls=\"controls\"><source type=\"audio\/mpeg\" src=\"https:\/\/renatodias.online\/movimento\/wp-content\/uploads\/2023\/02\/PTT-20230222-WA0066-online-audio-converter.com_.mp3?_=1\" \/><a href=\"https:\/\/renatodias.online\/movimento\/wp-content\/uploads\/2023\/02\/PTT-20230222-WA0066-online-audio-converter.com_.mp3\">https:\/\/renatodias.online\/movimento\/wp-content\/uploads\/2023\/02\/PTT-20230222-WA0066-online-audio-converter.com_.mp3<\/a><\/audio>\n<p><span style=\"color: #ff0000;\"><strong>Jos\u00e9 Dirceu, ex-presidente nacional do PT, ex-ministro-chefe da Casa Civil<\/strong><\/span><\/p>\n<audio class=\"wp-audio-shortcode\" id=\"audio-15694-2\" preload=\"none\" style=\"width: 100%;\" controls=\"controls\"><source type=\"audio\/mpeg\" src=\"https:\/\/renatodias.online\/movimento\/wp-content\/uploads\/2023\/02\/PTT-20230222-WA0068-online-audio-converter.com_.mp3?_=2\" \/><a href=\"https:\/\/renatodias.online\/movimento\/wp-content\/uploads\/2023\/02\/PTT-20230222-WA0068-online-audio-converter.com_.mp3\">https:\/\/renatodias.online\/movimento\/wp-content\/uploads\/2023\/02\/PTT-20230222-WA0068-online-audio-converter.com_.mp3<\/a><\/audio>\n<p><span style=\"color: #ff0000;\"><strong>Renato Dias, jornalista, soci\u00f3logo, pesquisador da ditadura civil e militar<\/strong><\/span><\/p>\n<audio class=\"wp-audio-shortcode\" id=\"audio-15694-3\" preload=\"none\" style=\"width: 100%;\" controls=\"controls\"><source type=\"audio\/mpeg\" src=\"https:\/\/renatodias.online\/movimento\/wp-content\/uploads\/2023\/02\/PTT-20230222-WA0065-online-audio-converter.com_.mp3?_=3\" \/><a href=\"https:\/\/renatodias.online\/movimento\/wp-content\/uploads\/2023\/02\/PTT-20230222-WA0065-online-audio-converter.com_.mp3\">https:\/\/renatodias.online\/movimento\/wp-content\/uploads\/2023\/02\/PTT-20230222-WA0065-online-audio-converter.com_.mp3<\/a><\/audio>\n<p><span style=\"color: #ff0000;\"><strong>Erotides Borges, ex-guerrilheiro da VAR-Palmares, fundador do PT<\/strong><\/span><\/p>\n<audio class=\"wp-audio-shortcode\" id=\"audio-15694-4\" preload=\"none\" style=\"width: 100%;\" controls=\"controls\"><source type=\"audio\/mpeg\" src=\"https:\/\/renatodias.online\/movimento\/wp-content\/uploads\/2023\/02\/PTT-20230222-WA0067-online-audio-converter.com_.mp3?_=4\" \/><a href=\"https:\/\/renatodias.online\/movimento\/wp-content\/uploads\/2023\/02\/PTT-20230222-WA0067-online-audio-converter.com_.mp3\">https:\/\/renatodias.online\/movimento\/wp-content\/uploads\/2023\/02\/PTT-20230222-WA0067-online-audio-converter.com_.mp3<\/a><\/audio>\n<p><span style=\"color: #ff0000;\"><strong>Nilton Perillo, ex-presidente do SindiP\u00fablico e fundador do PT<\/strong><\/span><\/p>\n<audio class=\"wp-audio-shortcode\" id=\"audio-15694-5\" preload=\"none\" style=\"width: 100%;\" controls=\"controls\"><source type=\"audio\/mpeg\" src=\"https:\/\/renatodias.online\/movimento\/wp-content\/uploads\/2023\/02\/PTT-20230219-WA0086-online-audio-converter.com_.mp3?_=5\" \/><a href=\"https:\/\/renatodias.online\/movimento\/wp-content\/uploads\/2023\/02\/PTT-20230219-WA0086-online-audio-converter.com_.mp3\">https:\/\/renatodias.online\/movimento\/wp-content\/uploads\/2023\/02\/PTT-20230219-WA0086-online-audio-converter.com_.mp3<\/a><\/audio>\n<p><span style=\"color: #ff0000;\"><strong>Isaura Lemos, clandestina sob a ditadura, ex-presidente e ex-deputada estadual do PC do B<\/strong><\/span><\/p>\n<audio class=\"wp-audio-shortcode\" id=\"audio-15694-6\" preload=\"none\" style=\"width: 100%;\" controls=\"controls\"><source type=\"audio\/mpeg\" src=\"https:\/\/renatodias.online\/movimento\/wp-content\/uploads\/2023\/02\/PTT-20230220-WA0034-online-audio-converter.com_.mp3?_=6\" \/><a href=\"https:\/\/renatodias.online\/movimento\/wp-content\/uploads\/2023\/02\/PTT-20230220-WA0034-online-audio-converter.com_.mp3\">https:\/\/renatodias.online\/movimento\/wp-content\/uploads\/2023\/02\/PTT-20230220-WA0034-online-audio-converter.com_.mp3<\/a><\/audio>\n<p><span style=\"color: #ff0000;\"><strong>Reinaldo Pantale\u00e3o, candidato a governador da Unidade Popular<\/strong><\/span><\/p>\n<audio class=\"wp-audio-shortcode\" id=\"audio-15694-7\" preload=\"none\" style=\"width: 100%;\" controls=\"controls\"><source type=\"audio\/mpeg\" src=\"https:\/\/renatodias.online\/movimento\/wp-content\/uploads\/2023\/02\/PTT-20230222-WA0070-online-audio-converter.com_.mp3?_=7\" \/><a href=\"https:\/\/renatodias.online\/movimento\/wp-content\/uploads\/2023\/02\/PTT-20230222-WA0070-online-audio-converter.com_.mp3\">https:\/\/renatodias.online\/movimento\/wp-content\/uploads\/2023\/02\/PTT-20230222-WA0070-online-audio-converter.com_.mp3<\/a><\/audio>\n<p><span style=\"color: #ff0000;\"><strong>Tatiana Jaime, filha de Fausto Jaime e Anilzene Jaime, militante do PT, e \u00c2ngelo Neto<\/strong><\/span><\/p>\n<audio class=\"wp-audio-shortcode\" id=\"audio-15694-8\" preload=\"none\" style=\"width: 100%;\" controls=\"controls\"><source type=\"audio\/mpeg\" src=\"https:\/\/renatodias.online\/movimento\/wp-content\/uploads\/2023\/02\/PTT-20230222-WA0074-online-audio-converter.com_.mp3?_=8\" \/><a href=\"https:\/\/renatodias.online\/movimento\/wp-content\/uploads\/2023\/02\/PTT-20230222-WA0074-online-audio-converter.com_.mp3\">https:\/\/renatodias.online\/movimento\/wp-content\/uploads\/2023\/02\/PTT-20230222-WA0074-online-audio-converter.com_.mp3<\/a><\/audio>\n<p><span style=\"color: #ff0000;\"><strong>Welder Santos, genro<\/strong><\/span><\/p>\n<audio class=\"wp-audio-shortcode\" id=\"audio-15694-9\" preload=\"none\" style=\"width: 100%;\" controls=\"controls\"><source type=\"audio\/mpeg\" src=\"https:\/\/renatodias.online\/movimento\/wp-content\/uploads\/2023\/02\/AUD-20230222-WA0076-online-audio-converter.com_.mp3?_=9\" \/><a href=\"https:\/\/renatodias.online\/movimento\/wp-content\/uploads\/2023\/02\/AUD-20230222-WA0076-online-audio-converter.com_.mp3\">https:\/\/renatodias.online\/movimento\/wp-content\/uploads\/2023\/02\/AUD-20230222-WA0076-online-audio-converter.com_.mp3<\/a><\/audio>\n<p><strong><span style=\"color: #ff0000;\">Demiane Jaime, filha de Fausto Jaime e Anilzene Jaime, militante do PT<\/span><br \/>\n<\/strong><\/p>\n<p><iframe loading=\"lazy\" title=\"Ana Ca\u00f1as - Como Nossos Pais (Visualizer)\" width=\"960\" height=\"540\" src=\"https:\/\/www.youtube.com\/embed\/QwKI6SoEgSM?feature=oembed\" frameborder=\"0\" allow=\"accelerometer; autoplay; clipboard-write; encrypted-media; gyroscope; picture-in-picture; web-share\" referrerpolicy=\"strict-origin-when-cross-origin\" allowfullscreen><\/iframe><\/p>\n<p><img loading=\"lazy\" decoding=\"async\" class=\"size-medium wp-image-5007 aligncenter\" src=\"https:\/\/renatodias.online\/movimento\/wp-content\/uploads\/2021\/01\/Alto-da-p\u00e1gina-Banner-Exclusivo-300x91.png\" alt=\"\" width=\"300\" height=\"91\" \/><\/p>\n<figure id=\"attachment_15231\" aria-describedby=\"caption-attachment-15231\" style=\"width: 1080px\" class=\"wp-caption alignnone\"><img loading=\"lazy\" decoding=\"async\" class=\"size-full wp-image-15231\" src=\"https:\/\/renatodias.online\/movimento\/wp-content\/uploads\/2023\/01\/Lula-sobe-a-rampa-em-2023.png\" alt=\"\" width=\"1080\" height=\"661\" \/><figcaption id=\"caption-attachment-15231\" class=\"wp-caption-text\"><strong><span style=\"color: #ff0000;\">O Brasil sobe a rampa<\/span><\/strong><\/figcaption><\/figure>\n<h1 style=\"text-align: center;\"><span style=\"color: #ff0000;\"><strong>Renato Dias<\/strong><\/span><\/h1>\n<p>O ex-presidente do PT [GO] e ex-prefeito de Cumari <strong><span style=\"color: #ff0000;\">Fausto Jaime faz 75 anos de idade, hoje, quinta-feira,\u00a0 dia 23 de fevereiro de 2023<\/span>.<\/strong> Com um ato pol\u00edtico e festivo \u00e0s 20h. Mais: Fundador da estrela vermelha, em 1980, o m\u00e9dico graduado na Universidade de Bras\u00edlia [UnB], \u00e9 ainda mestre em Medicina Tropical e doutorando em Bio\u00e9tica. Trata-se de um antifascista radical.<\/p>\n<p><iframe loading=\"lazy\" title=\"Bella Ciao - reprise de Louise de CARAVANE GUINGUETTE\" width=\"960\" height=\"720\" src=\"https:\/\/www.youtube.com\/embed\/1-oHRmh1WW0?feature=oembed\" frameborder=\"0\" allow=\"accelerometer; autoplay; clipboard-write; encrypted-media; gyroscope; picture-in-picture; web-share\" referrerpolicy=\"strict-origin-when-cross-origin\" allowfullscreen><\/iframe><\/p>\n<p>Preso na invas\u00e3o da UnB em agosto de 1968, sob a ditadura civil e militar no Brasil, participou das revoltas estudantis do ano que n\u00e3o terminou. Ele fez a op\u00e7\u00e3o pela luta armada. Com o ingresso, em 1969, na A\u00e7\u00e3o Libertadora Nacional. A ALN foi fundada por Carlos Marighella. Um carbon\u00e1rio baiano. O formulador da tese de que <strong><span style=\"color: #ff0000;\">a a\u00e7\u00e3o revolucion\u00e1ria faz a vanguarda<\/span>.<\/strong><\/p>\n<p><img loading=\"lazy\" decoding=\"async\" class=\"alignnone wp-image-6515 size-full\" src=\"https:\/\/renatodias.online\/movimento\/wp-content\/uploads\/2021\/05\/Carlos-Marighella-_-Inimigo-Publico-Numero-1.jpeg\" alt=\"\" width=\"1217\" height=\"847\" srcset=\"https:\/\/renatodias.online\/movimento\/wp-content\/uploads\/2021\/05\/Carlos-Marighella-_-Inimigo-Publico-Numero-1.jpeg 1217w, https:\/\/renatodias.online\/movimento\/wp-content\/uploads\/2021\/05\/Carlos-Marighella-_-Inimigo-Publico-Numero-1-300x209.jpeg 300w, https:\/\/renatodias.online\/movimento\/wp-content\/uploads\/2021\/05\/Carlos-Marighella-_-Inimigo-Publico-Numero-1-768x535.jpeg 768w, https:\/\/renatodias.online\/movimento\/wp-content\/uploads\/2021\/05\/Carlos-Marighella-_-Inimigo-Publico-Numero-1-165x116.jpeg 165w, https:\/\/renatodias.online\/movimento\/wp-content\/uploads\/2021\/05\/Carlos-Marighella-_-Inimigo-Publico-Numero-1-750x522.jpeg 750w, https:\/\/renatodias.online\/movimento\/wp-content\/uploads\/2021\/05\/Carlos-Marighella-_-Inimigo-Publico-Numero-1-85x60.jpeg 85w\" sizes=\"auto, (max-width: 1217px) 100vw, 1217px\" \/><\/p>\n<p><strong><span style=\"color: #ff0000;\">Uma das miss\u00f5es executadas por Fausto Jaime terra sido a retirada do Brasil da dirigente da ALN Iara Xavier Pereira<\/span>.<\/strong> Com passagem pelo Uruguai, em 27 de junho de 1973, e o destino ao Chile. Sob Salvador Allende. Gr\u00e1vida, ela deixou Santiago rumo \u00e0 Havana, Cuba. Filha de Zilda Xavier Pereira e tamb\u00e9m irm\u00e3 de Alex Xavier e Iuri Xavier.<\/p>\n<figure id=\"attachment_6776\" aria-describedby=\"caption-attachment-6776\" style=\"width: 1200px\" class=\"wp-caption alignnone\"><img loading=\"lazy\" decoding=\"async\" class=\"wp-image-6776 size-full\" src=\"https:\/\/renatodias.online\/movimento\/wp-content\/uploads\/2021\/05\/Iara-Xavier-_-2.jpg\" alt=\"\" width=\"1200\" height=\"801\" srcset=\"https:\/\/renatodias.online\/movimento\/wp-content\/uploads\/2021\/05\/Iara-Xavier-_-2.jpg 1200w, https:\/\/renatodias.online\/movimento\/wp-content\/uploads\/2021\/05\/Iara-Xavier-_-2-300x200.jpg 300w, https:\/\/renatodias.online\/movimento\/wp-content\/uploads\/2021\/05\/Iara-Xavier-_-2-768x513.jpg 768w, https:\/\/renatodias.online\/movimento\/wp-content\/uploads\/2021\/05\/Iara-Xavier-_-2-360x240.jpg 360w, https:\/\/renatodias.online\/movimento\/wp-content\/uploads\/2021\/05\/Iara-Xavier-_-2-750x501.jpg 750w\" sizes=\"auto, (max-width: 1200px) 100vw, 1200px\" \/><figcaption id=\"caption-attachment-6776\" class=\"wp-caption-text\"><strong>Iara Xavier Pereira<\/strong><\/figcaption><\/figure>\n<p><span style=\"color: #ff0000;\"><strong>Alvo de um atentado em Cumari, Goi\u00e1s, ele, nascido na hist\u00f3rica Piren\u00f3polis, radicou-se em Goi\u00e2nia e montou a Gr\u00e1fica Liberta\u00e7\u00e3o, refer\u00eancia impl\u00edcita \u00e0 sua origem na ALN.<\/strong> <\/span>Integrante do Comit\u00ea Goiano Pela Anistia Ampla, Geral e Irrestrita. A entidade de luta e defesa dos direitos humanos funcionou no Edif\u00edcio do antigo Cine Capri, na capital.<\/p>\n<p><iframe loading=\"lazy\" title=\"Su\u00edte do Pescador - Dorival Caymmy\" width=\"960\" height=\"720\" src=\"https:\/\/www.youtube.com\/embed\/3zd0MJrSQxQ?feature=oembed\" frameborder=\"0\" allow=\"accelerometer; autoplay; clipboard-write; encrypted-media; gyroscope; picture-in-picture; web-share\" referrerpolicy=\"strict-origin-when-cross-origin\" allowfullscreen><\/iframe><\/p>\n<figure id=\"attachment_7121\" aria-describedby=\"caption-attachment-7121\" style=\"width: 1600px\" class=\"wp-caption alignnone\"><img loading=\"lazy\" decoding=\"async\" class=\"wp-image-7121 size-full\" src=\"https:\/\/renatodias.online\/movimento\/wp-content\/uploads\/2021\/06\/Lei-de-Anistia-de-1979-no-Brasil.jpg\" alt=\"\" width=\"1600\" height=\"800\" srcset=\"https:\/\/renatodias.online\/movimento\/wp-content\/uploads\/2021\/06\/Lei-de-Anistia-de-1979-no-Brasil.jpg 1600w, https:\/\/renatodias.online\/movimento\/wp-content\/uploads\/2021\/06\/Lei-de-Anistia-de-1979-no-Brasil-300x150.jpg 300w, https:\/\/renatodias.online\/movimento\/wp-content\/uploads\/2021\/06\/Lei-de-Anistia-de-1979-no-Brasil-768x384.jpg 768w, https:\/\/renatodias.online\/movimento\/wp-content\/uploads\/2021\/06\/Lei-de-Anistia-de-1979-no-Brasil-1536x768.jpg 1536w, https:\/\/renatodias.online\/movimento\/wp-content\/uploads\/2021\/06\/Lei-de-Anistia-de-1979-no-Brasil-555x278.jpg 555w, https:\/\/renatodias.online\/movimento\/wp-content\/uploads\/2021\/06\/Lei-de-Anistia-de-1979-no-Brasil-750x375.jpg 750w\" sizes=\"auto, (max-width: 1600px) 100vw, 1600px\" \/><figcaption id=\"caption-attachment-7121\" class=\"wp-caption-text\"><strong>Lei de Anistia de 1979 no Brasil<\/strong><\/figcaption><\/figure>\n<p>Casado com a esquerdista graduada em Direito, <span style=\"color: #ff0000;\"><strong>Anilzene Jaime,ele teve quatro filhos:\u00a0 Andrei Jaime [In memorian], Luana Jaime, Demiane Jaime e Tatiana Jaime.<\/strong><\/span> Ex-diretor do IDRH, exerceu o cargo pol\u00edtico de secret\u00e1rio de Administra\u00e7\u00e3o da Prefeitura de Goi\u00e2nia, \u00e0 \u00e9poca de Darci Accorsi [PT]. <strong>Em tempo: trouxe o SAMU para Goi\u00e1s.<\/strong><\/p>\n<p><iframe loading=\"lazy\" title=\"Jorge Mautner interpreta &quot;A internacional socialista&quot;\" width=\"960\" height=\"540\" src=\"https:\/\/www.youtube.com\/embed\/DOk_zwqEQAI?feature=oembed\" frameborder=\"0\" allow=\"accelerometer; autoplay; clipboard-write; encrypted-media; gyroscope; picture-in-picture; web-share\" referrerpolicy=\"strict-origin-when-cross-origin\" allowfullscreen><\/iframe><\/p>\n<p>&nbsp;<\/p>\n","protected":false},"excerpt":{"rendered":"<p>T\u043e\u0432\u0430\u0440\u0438\u0449 Tovarishch Russo \u00a0 Compagno Italiano Camarade Franc\u00eas \u00a0 Comrade Ingl\u00eas Ele que ama tanto a revolu\u00e7\u00e3o Fausto Jaime\u00a0 Jos\u00e9 Dirceu, ex-presidente nacional do PT, ex-ministro-chefe da Casa Civil Renato Dias, jornalista, soci\u00f3logo, pesquisador da ditadura civil e militar Erotides Borges, ex-guerrilheiro da VAR-Palmares, fundador do PT Nilton Perillo, ex-presidente do SindiP\u00fablico e fundador do<\/p>\n","protected":false},"author":2,"featured_media":15695,"comment_status":"open","ping_status":"open","sticky":false,"template":"","format":"standard","meta":{"_acf_changed":false,"_monsterinsights_skip_tracking":false,"_monsterinsights_sitenote_active":false,"_monsterinsights_sitenote_note":"","_monsterinsights_sitenote_category":0,"footnotes":""},"categories":[4],"tags":[],"class_list":["post-15694","post","type-post","status-publish","format-standard","has-post-thumbnail","hentry","category-politica"],"acf":[],"yoast_head":"<!-- This site is optimized with the Yoast SEO plugin v27.4 - https:\/\/yoast.com\/product\/yoast-seo-wordpress\/ -->\n<title>75 primaveras de lutas -<\/title>\n<meta name=\"robots\" content=\"index, follow, max-snippet:-1, max-image-preview:large, max-video-preview:-1\" \/>\n<link rel=\"canonical\" href=\"https:\/\/renatodias.online\/movimento\/2023\/02\/22\/75-primaveras-de-lutas\/\" \/>\n<meta property=\"og:locale\" content=\"pt_BR\" \/>\n<meta property=\"og:type\" content=\"article\" \/>\n<meta property=\"og:title\" content=\"75 primaveras de lutas -\" \/>\n<meta property=\"og:description\" content=\"T\u043e\u0432\u0430\u0440\u0438\u0449 Tovarishch Russo \u00a0 Compagno Italiano Camarade Franc\u00eas \u00a0 Comrade Ingl\u00eas Ele que ama tanto a revolu\u00e7\u00e3o Fausto Jaime\u00a0 Jos\u00e9 Dirceu, ex-presidente nacional do PT, ex-ministro-chefe da Casa Civil Renato Dias, jornalista, soci\u00f3logo, pesquisador da ditadura civil e militar Erotides Borges, ex-guerrilheiro da VAR-Palmares, fundador do PT Nilton Perillo, ex-presidente do SindiP\u00fablico e fundador do\" \/>\n<meta property=\"og:url\" content=\"https:\/\/renatodias.online\/movimento\/2023\/02\/22\/75-primaveras-de-lutas\/\" \/>\n<meta property=\"article:publisher\" content=\"https:\/\/www.facebook.com\/renato.dias.37\" \/>\n<meta property=\"article:author\" content=\"https:\/\/www.facebook.com\/renato.dias.37\" \/>\n<meta property=\"article:published_time\" content=\"2023-02-23T02:13:10+00:00\" \/>\n<meta property=\"article:modified_time\" content=\"2023-02-23T02:49:33+00:00\" \/>\n<meta property=\"og:image\" content=\"https:\/\/renatodias.online\/movimento\/wp-content\/uploads\/2023\/02\/Fausto-Jaime-selo-75-e1677116062373.jpg\" \/>\n\t<meta property=\"og:image:width\" content=\"320\" \/>\n\t<meta property=\"og:image:height\" content=\"400\" \/>\n\t<meta property=\"og:image:type\" content=\"image\/jpeg\" \/>\n<meta name=\"author\" content=\"Renato Dias\" \/>\n<meta name=\"twitter:card\" content=\"summary_large_image\" \/>\n<meta name=\"twitter:creator\" content=\"@RenatoDiasBat\" \/>\n<meta name=\"twitter:site\" content=\"@RenatoDiasBat\" \/>\n<meta name=\"twitter:label1\" content=\"Escrito por\" \/>\n\t<meta name=\"twitter:data1\" content=\"Renato Dias\" \/>\n\t<meta name=\"twitter:label2\" content=\"Est. tempo de leitura\" \/>\n\t<meta name=\"twitter:data2\" content=\"3 minutos\" \/>\n<script type=\"application\/ld+json\" class=\"yoast-schema-graph\">{\"@context\":\"https:\\\/\\\/schema.org\",\"@graph\":[{\"@type\":\"Article\",\"@id\":\"https:\\\/\\\/renatodias.online\\\/movimento\\\/2023\\\/02\\\/22\\\/75-primaveras-de-lutas\\\/#article\",\"isPartOf\":{\"@id\":\"https:\\\/\\\/renatodias.online\\\/movimento\\\/2023\\\/02\\\/22\\\/75-primaveras-de-lutas\\\/\"},\"author\":{\"name\":\"Renato Dias\",\"@id\":\"https:\\\/\\\/renatodias.online\\\/movimento\\\/#\\\/schema\\\/person\\\/bbab28833b1725a20f4083f49f1fb2a9\"},\"headline\":\"75 primaveras de lutas\",\"datePublished\":\"2023-02-23T02:13:10+00:00\",\"dateModified\":\"2023-02-23T02:49:33+00:00\",\"mainEntityOfPage\":{\"@id\":\"https:\\\/\\\/renatodias.online\\\/movimento\\\/2023\\\/02\\\/22\\\/75-primaveras-de-lutas\\\/\"},\"wordCount\":627,\"commentCount\":0,\"publisher\":{\"@id\":\"https:\\\/\\\/renatodias.online\\\/movimento\\\/#\\\/schema\\\/person\\\/bbab28833b1725a20f4083f49f1fb2a9\"},\"image\":{\"@id\":\"https:\\\/\\\/renatodias.online\\\/movimento\\\/2023\\\/02\\\/22\\\/75-primaveras-de-lutas\\\/#primaryimage\"},\"thumbnailUrl\":\"https:\\\/\\\/renatodias.online\\\/movimento\\\/wp-content\\\/uploads\\\/2023\\\/02\\\/Fausto-Jaime-selo-75-e1677116062373.jpg\",\"articleSection\":[\"Pol\u00edtica\"],\"inLanguage\":\"pt-BR\",\"potentialAction\":[{\"@type\":\"CommentAction\",\"name\":\"Comment\",\"target\":[\"https:\\\/\\\/renatodias.online\\\/movimento\\\/2023\\\/02\\\/22\\\/75-primaveras-de-lutas\\\/#respond\"]}]},{\"@type\":\"WebPage\",\"@id\":\"https:\\\/\\\/renatodias.online\\\/movimento\\\/2023\\\/02\\\/22\\\/75-primaveras-de-lutas\\\/\",\"url\":\"https:\\\/\\\/renatodias.online\\\/movimento\\\/2023\\\/02\\\/22\\\/75-primaveras-de-lutas\\\/\",\"name\":\"75 primaveras de lutas -\",\"isPartOf\":{\"@id\":\"https:\\\/\\\/renatodias.online\\\/movimento\\\/#website\"},\"primaryImageOfPage\":{\"@id\":\"https:\\\/\\\/renatodias.online\\\/movimento\\\/2023\\\/02\\\/22\\\/75-primaveras-de-lutas\\\/#primaryimage\"},\"image\":{\"@id\":\"https:\\\/\\\/renatodias.online\\\/movimento\\\/2023\\\/02\\\/22\\\/75-primaveras-de-lutas\\\/#primaryimage\"},\"thumbnailUrl\":\"https:\\\/\\\/renatodias.online\\\/movimento\\\/wp-content\\\/uploads\\\/2023\\\/02\\\/Fausto-Jaime-selo-75-e1677116062373.jpg\",\"datePublished\":\"2023-02-23T02:13:10+00:00\",\"dateModified\":\"2023-02-23T02:49:33+00:00\",\"breadcrumb\":{\"@id\":\"https:\\\/\\\/renatodias.online\\\/movimento\\\/2023\\\/02\\\/22\\\/75-primaveras-de-lutas\\\/#breadcrumb\"},\"inLanguage\":\"pt-BR\",\"potentialAction\":[{\"@type\":\"ReadAction\",\"target\":[\"https:\\\/\\\/renatodias.online\\\/movimento\\\/2023\\\/02\\\/22\\\/75-primaveras-de-lutas\\\/\"]}]},{\"@type\":\"ImageObject\",\"inLanguage\":\"pt-BR\",\"@id\":\"https:\\\/\\\/renatodias.online\\\/movimento\\\/2023\\\/02\\\/22\\\/75-primaveras-de-lutas\\\/#primaryimage\",\"url\":\"https:\\\/\\\/renatodias.online\\\/movimento\\\/wp-content\\\/uploads\\\/2023\\\/02\\\/Fausto-Jaime-selo-75-e1677116062373.jpg\",\"contentUrl\":\"https:\\\/\\\/renatodias.online\\\/movimento\\\/wp-content\\\/uploads\\\/2023\\\/02\\\/Fausto-Jaime-selo-75-e1677116062373.jpg\",\"width\":320,\"height\":400},{\"@type\":\"BreadcrumbList\",\"@id\":\"https:\\\/\\\/renatodias.online\\\/movimento\\\/2023\\\/02\\\/22\\\/75-primaveras-de-lutas\\\/#breadcrumb\",\"itemListElement\":[{\"@type\":\"ListItem\",\"position\":1,\"name\":\"In\u00edcio\",\"item\":\"https:\\\/\\\/renatodias.online\\\/movimento\\\/\"},{\"@type\":\"ListItem\",\"position\":2,\"name\":\"75 primaveras de lutas\"}]},{\"@type\":\"WebSite\",\"@id\":\"https:\\\/\\\/renatodias.online\\\/movimento\\\/#website\",\"url\":\"https:\\\/\\\/renatodias.online\\\/movimento\\\/\",\"name\":\"\",\"description\":\"\",\"publisher\":{\"@id\":\"https:\\\/\\\/renatodias.online\\\/movimento\\\/#\\\/schema\\\/person\\\/bbab28833b1725a20f4083f49f1fb2a9\"},\"potentialAction\":[{\"@type\":\"SearchAction\",\"target\":{\"@type\":\"EntryPoint\",\"urlTemplate\":\"https:\\\/\\\/renatodias.online\\\/movimento\\\/?s={search_term_string}\"},\"query-input\":{\"@type\":\"PropertyValueSpecification\",\"valueRequired\":true,\"valueName\":\"search_term_string\"}}],\"inLanguage\":\"pt-BR\"},{\"@type\":[\"Person\",\"Organization\"],\"@id\":\"https:\\\/\\\/renatodias.online\\\/movimento\\\/#\\\/schema\\\/person\\\/bbab28833b1725a20f4083f49f1fb2a9\",\"name\":\"Renato Dias\",\"image\":{\"@type\":\"ImageObject\",\"inLanguage\":\"pt-BR\",\"@id\":\"https:\\\/\\\/renatodias.online\\\/movimento\\\/wp-content\\\/uploads\\\/2023\\\/03\\\/cropped-cropped-cropped-logofinal.jpeg\",\"url\":\"https:\\\/\\\/renatodias.online\\\/movimento\\\/wp-content\\\/uploads\\\/2023\\\/03\\\/cropped-cropped-cropped-logofinal.jpeg\",\"contentUrl\":\"https:\\\/\\\/renatodias.online\\\/movimento\\\/wp-content\\\/uploads\\\/2023\\\/03\\\/cropped-cropped-cropped-logofinal.jpeg\",\"width\":1280,\"height\":219,\"caption\":\"Renato Dias\"},\"logo\":{\"@id\":\"https:\\\/\\\/renatodias.online\\\/movimento\\\/wp-content\\\/uploads\\\/2023\\\/03\\\/cropped-cropped-cropped-logofinal.jpeg\"},\"description\":\"Renato Dias, 58 anos, \u00e9 graduado em Jornalismo, formado em Ci\u00eancias Sociais, com p\u00f3s-gradua\u00e7\u00e3o em Pol\u00edticas P\u00fablicas, mestre em Direito e Rela\u00e7\u00f5es Internacionais, ex-aluno extraordin\u00e1rio do Doutorado em Psicologia Social, ex-estudante do Curso de Psican\u00e1lise do Centro de Estudos Psicanal\u00edticos do Estado de Goi\u00e1s, ministrado pelo m\u00e9dico psiquiatra e psicanalista Daniel Em\u00eddio de Souza. \u00c9 autor de 30 livros-reportagem, oito document\u00e1rios, ganhou 30 pr\u00eamios e \u00e9 torcedor apaixonado do maior do Centro-Oeste, o Vila Nova Futebol Clube. Casado com Meirilane Dias, \u00e9 pai de Juliana Dias, jornalista; Daniel Dias, economista; e Maria Rosa Dias, estudante antifascista, socialista e trotskista.\u00a0Com tr\u00eas pets: Porquinho [Bull Dog Franc\u00eas], Dalila [Basset Hound] e Geleia [Basset Hound]. Al\u00e9m do eterno gato Tutuquinho, que virou estrela.\",\"sameAs\":[\"https:\\\/\\\/www.facebook.com\\\/renato.dias.37\",\"#breve\",\"https:\\\/\\\/renatodias.tumblr.com\\\/\"],\"url\":\"https:\\\/\\\/renatodias.online\\\/movimento\\\/author\\\/renatodias\\\/\"}]}<\/script>\n<!-- \/ Yoast SEO plugin. -->","yoast_head_json":{"title":"75 primaveras de lutas -","robots":{"index":"index","follow":"follow","max-snippet":"max-snippet:-1","max-image-preview":"max-image-preview:large","max-video-preview":"max-video-preview:-1"},"canonical":"https:\/\/renatodias.online\/movimento\/2023\/02\/22\/75-primaveras-de-lutas\/","og_locale":"pt_BR","og_type":"article","og_title":"75 primaveras de lutas -","og_description":"T\u043e\u0432\u0430\u0440\u0438\u0449 Tovarishch Russo \u00a0 Compagno Italiano Camarade Franc\u00eas \u00a0 Comrade Ingl\u00eas Ele que ama tanto a revolu\u00e7\u00e3o Fausto Jaime\u00a0 Jos\u00e9 Dirceu, ex-presidente nacional do PT, ex-ministro-chefe da Casa Civil Renato Dias, jornalista, soci\u00f3logo, pesquisador da ditadura civil e militar Erotides Borges, ex-guerrilheiro da VAR-Palmares, fundador do PT Nilton Perillo, ex-presidente do SindiP\u00fablico e fundador do","og_url":"https:\/\/renatodias.online\/movimento\/2023\/02\/22\/75-primaveras-de-lutas\/","article_publisher":"https:\/\/www.facebook.com\/renato.dias.37","article_author":"https:\/\/www.facebook.com\/renato.dias.37","article_published_time":"2023-02-23T02:13:10+00:00","article_modified_time":"2023-02-23T02:49:33+00:00","og_image":[{"width":320,"height":400,"url":"https:\/\/renatodias.online\/movimento\/wp-content\/uploads\/2023\/02\/Fausto-Jaime-selo-75-e1677116062373.jpg","type":"image\/jpeg"}],"author":"Renato Dias","twitter_card":"summary_large_image","twitter_creator":"@RenatoDiasBat","twitter_site":"@RenatoDiasBat","twitter_misc":{"Escrito por":"Renato Dias","Est. tempo de leitura":"3 minutos"},"schema":{"@context":"https:\/\/schema.org","@graph":[{"@type":"Article","@id":"https:\/\/renatodias.online\/movimento\/2023\/02\/22\/75-primaveras-de-lutas\/#article","isPartOf":{"@id":"https:\/\/renatodias.online\/movimento\/2023\/02\/22\/75-primaveras-de-lutas\/"},"author":{"name":"Renato Dias","@id":"https:\/\/renatodias.online\/movimento\/#\/schema\/person\/bbab28833b1725a20f4083f49f1fb2a9"},"headline":"75 primaveras de lutas","datePublished":"2023-02-23T02:13:10+00:00","dateModified":"2023-02-23T02:49:33+00:00","mainEntityOfPage":{"@id":"https:\/\/renatodias.online\/movimento\/2023\/02\/22\/75-primaveras-de-lutas\/"},"wordCount":627,"commentCount":0,"publisher":{"@id":"https:\/\/renatodias.online\/movimento\/#\/schema\/person\/bbab28833b1725a20f4083f49f1fb2a9"},"image":{"@id":"https:\/\/renatodias.online\/movimento\/2023\/02\/22\/75-primaveras-de-lutas\/#primaryimage"},"thumbnailUrl":"https:\/\/renatodias.online\/movimento\/wp-content\/uploads\/2023\/02\/Fausto-Jaime-selo-75-e1677116062373.jpg","articleSection":["Pol\u00edtica"],"inLanguage":"pt-BR","potentialAction":[{"@type":"CommentAction","name":"Comment","target":["https:\/\/renatodias.online\/movimento\/2023\/02\/22\/75-primaveras-de-lutas\/#respond"]}]},{"@type":"WebPage","@id":"https:\/\/renatodias.online\/movimento\/2023\/02\/22\/75-primaveras-de-lutas\/","url":"https:\/\/renatodias.online\/movimento\/2023\/02\/22\/75-primaveras-de-lutas\/","name":"75 primaveras de lutas -","isPartOf":{"@id":"https:\/\/renatodias.online\/movimento\/#website"},"primaryImageOfPage":{"@id":"https:\/\/renatodias.online\/movimento\/2023\/02\/22\/75-primaveras-de-lutas\/#primaryimage"},"image":{"@id":"https:\/\/renatodias.online\/movimento\/2023\/02\/22\/75-primaveras-de-lutas\/#primaryimage"},"thumbnailUrl":"https:\/\/renatodias.online\/movimento\/wp-content\/uploads\/2023\/02\/Fausto-Jaime-selo-75-e1677116062373.jpg","datePublished":"2023-02-23T02:13:10+00:00","dateModified":"2023-02-23T02:49:33+00:00","breadcrumb":{"@id":"https:\/\/renatodias.online\/movimento\/2023\/02\/22\/75-primaveras-de-lutas\/#breadcrumb"},"inLanguage":"pt-BR","potentialAction":[{"@type":"ReadAction","target":["https:\/\/renatodias.online\/movimento\/2023\/02\/22\/75-primaveras-de-lutas\/"]}]},{"@type":"ImageObject","inLanguage":"pt-BR","@id":"https:\/\/renatodias.online\/movimento\/2023\/02\/22\/75-primaveras-de-lutas\/#primaryimage","url":"https:\/\/renatodias.online\/movimento\/wp-content\/uploads\/2023\/02\/Fausto-Jaime-selo-75-e1677116062373.jpg","contentUrl":"https:\/\/renatodias.online\/movimento\/wp-content\/uploads\/2023\/02\/Fausto-Jaime-selo-75-e1677116062373.jpg","width":320,"height":400},{"@type":"BreadcrumbList","@id":"https:\/\/renatodias.online\/movimento\/2023\/02\/22\/75-primaveras-de-lutas\/#breadcrumb","itemListElement":[{"@type":"ListItem","position":1,"name":"In\u00edcio","item":"https:\/\/renatodias.online\/movimento\/"},{"@type":"ListItem","position":2,"name":"75 primaveras de lutas"}]},{"@type":"WebSite","@id":"https:\/\/renatodias.online\/movimento\/#website","url":"https:\/\/renatodias.online\/movimento\/","name":"","description":"","publisher":{"@id":"https:\/\/renatodias.online\/movimento\/#\/schema\/person\/bbab28833b1725a20f4083f49f1fb2a9"},"potentialAction":[{"@type":"SearchAction","target":{"@type":"EntryPoint","urlTemplate":"https:\/\/renatodias.online\/movimento\/?s={search_term_string}"},"query-input":{"@type":"PropertyValueSpecification","valueRequired":true,"valueName":"search_term_string"}}],"inLanguage":"pt-BR"},{"@type":["Person","Organization"],"@id":"https:\/\/renatodias.online\/movimento\/#\/schema\/person\/bbab28833b1725a20f4083f49f1fb2a9","name":"Renato Dias","image":{"@type":"ImageObject","inLanguage":"pt-BR","@id":"https:\/\/renatodias.online\/movimento\/wp-content\/uploads\/2023\/03\/cropped-cropped-cropped-logofinal.jpeg","url":"https:\/\/renatodias.online\/movimento\/wp-content\/uploads\/2023\/03\/cropped-cropped-cropped-logofinal.jpeg","contentUrl":"https:\/\/renatodias.online\/movimento\/wp-content\/uploads\/2023\/03\/cropped-cropped-cropped-logofinal.jpeg","width":1280,"height":219,"caption":"Renato Dias"},"logo":{"@id":"https:\/\/renatodias.online\/movimento\/wp-content\/uploads\/2023\/03\/cropped-cropped-cropped-logofinal.jpeg"},"description":"Renato Dias, 58 anos, \u00e9 graduado em Jornalismo, formado em Ci\u00eancias Sociais, com p\u00f3s-gradua\u00e7\u00e3o em Pol\u00edticas P\u00fablicas, mestre em Direito e Rela\u00e7\u00f5es Internacionais, ex-aluno extraordin\u00e1rio do Doutorado em Psicologia Social, ex-estudante do Curso de Psican\u00e1lise do Centro de Estudos Psicanal\u00edticos do Estado de Goi\u00e1s, ministrado pelo m\u00e9dico psiquiatra e psicanalista Daniel Em\u00eddio de Souza. \u00c9 autor de 30 livros-reportagem, oito document\u00e1rios, ganhou 30 pr\u00eamios e \u00e9 torcedor apaixonado do maior do Centro-Oeste, o Vila Nova Futebol Clube. Casado com Meirilane Dias, \u00e9 pai de Juliana Dias, jornalista; Daniel Dias, economista; e Maria Rosa Dias, estudante antifascista, socialista e trotskista.\u00a0Com tr\u00eas pets: Porquinho [Bull Dog Franc\u00eas], Dalila [Basset Hound] e Geleia [Basset Hound]. Al\u00e9m do eterno gato Tutuquinho, que virou estrela.","sameAs":["https:\/\/www.facebook.com\/renato.dias.37","#breve","https:\/\/renatodias.tumblr.com\/"],"url":"https:\/\/renatodias.online\/movimento\/author\/renatodias\/"}]}},"_links":{"self":[{"href":"https:\/\/renatodias.online\/movimento\/wp-json\/wp\/v2\/posts\/15694","targetHints":{"allow":["GET"]}}],"collection":[{"href":"https:\/\/renatodias.online\/movimento\/wp-json\/wp\/v2\/posts"}],"about":[{"href":"https:\/\/renatodias.online\/movimento\/wp-json\/wp\/v2\/types\/post"}],"author":[{"embeddable":true,"href":"https:\/\/renatodias.online\/movimento\/wp-json\/wp\/v2\/users\/2"}],"replies":[{"embeddable":true,"href":"https:\/\/renatodias.online\/movimento\/wp-json\/wp\/v2\/comments?post=15694"}],"version-history":[{"count":4,"href":"https:\/\/renatodias.online\/movimento\/wp-json\/wp\/v2\/posts\/15694\/revisions"}],"predecessor-version":[{"id":15714,"href":"https:\/\/renatodias.online\/movimento\/wp-json\/wp\/v2\/posts\/15694\/revisions\/15714"}],"wp:featuredmedia":[{"embeddable":true,"href":"https:\/\/renatodias.online\/movimento\/wp-json\/wp\/v2\/media\/15695"}],"wp:attachment":[{"href":"https:\/\/renatodias.online\/movimento\/wp-json\/wp\/v2\/media?parent=15694"}],"wp:term":[{"taxonomy":"category","embeddable":true,"href":"https:\/\/renatodias.online\/movimento\/wp-json\/wp\/v2\/categories?post=15694"},{"taxonomy":"post_tag","embeddable":true,"href":"https:\/\/renatodias.online\/movimento\/wp-json\/wp\/v2\/tags?post=15694"}],"curies":[{"name":"wp","href":"https:\/\/api.w.org\/{rel}","templated":true}]}}