{"id":15627,"date":"2023-02-19T16:50:02","date_gmt":"2023-02-19T19:50:02","guid":{"rendered":"https:\/\/renatodias.online\/movimento\/?p=15627"},"modified":"2023-02-19T16:50:21","modified_gmt":"2023-02-19T19:50:21","slug":"lauriberto-reyes-e-madre-maurina","status":"publish","type":"post","link":"https:\/\/renatodias.online\/movimento\/2023\/02\/19\/lauriberto-reyes-e-madre-maurina\/","title":{"rendered":"Explosivo: Lauriberto Reyes e Madre Maurina"},"content":{"rendered":"<p><strong><img loading=\"lazy\" decoding=\"async\" class=\"size-medium wp-image-5007 aligncenter\" src=\"https:\/\/renatodias.online\/movimento\/wp-content\/uploads\/2021\/01\/Alto-da-p\u00e1gina-Banner-Exclusivo-300x91.png\" alt=\"\" width=\"300\" height=\"91\" \/><\/strong><\/p>\n<h1 style=\"text-align: center;\"><span style=\"color: #ff0000;\"><strong>\u00a0<\/strong><strong>Tortura e execu\u00e7\u00e3o a sangue frio<\/strong><\/span><\/h1>\n<p><img loading=\"lazy\" decoding=\"async\" class=\"size-full wp-image-15638 aligncenter\" src=\"https:\/\/renatodias.online\/movimento\/wp-content\/uploads\/2023\/02\/Tragedia.png\" alt=\"\" width=\"284\" height=\"178\" \/><\/p>\n<h1 style=\"text-align: center;\"><span style=\"color: #ff6600;\"><strong>\u00a0<\/strong><strong>Cinema e Hist\u00f3ria\u00a0<\/strong><\/span><\/h1>\n<p><img loading=\"lazy\" decoding=\"async\" class=\"aligncenter wp-image-10169 size-thumbnail\" src=\"https:\/\/renatodias.online\/movimento\/wp-content\/uploads\/2021\/12\/Explosivo-150x150.png\" alt=\"\" width=\"150\" height=\"150\" \/><\/p>\n<p><span style=\"color: #ff0000;\"><strong>Renato Dias\u00a0<\/strong><\/span><\/p>\n<p><strong>Cantor, compositor, poeta, ele teve que ir \u00e0 guerra.<\/strong> Nascido em S\u00e3o Carlos [SP], estudou no Diocesano, ingressou na USP, testemunhou &#8220;in loco&#8221; a revolu\u00e7\u00e3o estudantil de 1968, em S\u00e3o Paulo. Membro da Seguran\u00e7a do <strong>XXX\u00b0 Congresso da UNE<\/strong>, que caiu no dia 12 de outubro do ano que n\u00e3o terminou, saiu da cadeia para o vel\u00f3rio do pai, que havia sido atropelado por um delegado de Pol\u00edcia Civil.<\/p>\n<figure id=\"attachment_15630\" aria-describedby=\"caption-attachment-15630\" style=\"width: 528px\" class=\"wp-caption aligncenter\"><img loading=\"lazy\" decoding=\"async\" class=\"wp-image-15630 size-full\" src=\"https:\/\/renatodias.online\/movimento\/wp-content\/uploads\/2023\/02\/Lauriberto-Reyes-dialoga-especial.jpg\" alt=\"\" width=\"528\" height=\"368\" srcset=\"https:\/\/renatodias.online\/movimento\/wp-content\/uploads\/2023\/02\/Lauriberto-Reyes-dialoga-especial.jpg 528w, https:\/\/renatodias.online\/movimento\/wp-content\/uploads\/2023\/02\/Lauriberto-Reyes-dialoga-especial-300x209.jpg 300w, https:\/\/renatodias.online\/movimento\/wp-content\/uploads\/2023\/02\/Lauriberto-Reyes-dialoga-especial-165x116.jpg 165w, https:\/\/renatodias.online\/movimento\/wp-content\/uploads\/2023\/02\/Lauriberto-Reyes-dialoga-especial-85x60.jpg 85w\" sizes=\"auto, (max-width: 528px) 100vw, 528px\" \/><figcaption id=\"caption-attachment-15630\" class=\"wp-caption-text\"><strong>Lauriberto Jos\u00e9 Reyes dialoga<\/strong><\/figcaption><\/figure>\n<p>&nbsp;<\/p>\n<p>Depois, retorna \u00e0 pris\u00e3o. Para logo cair na clandestinidade, entrar na ALN, organiza\u00e7\u00e3o de luta armada contra a ditadura civil e militar no Brasil. <strong>Mais: em\u00a04 de novembro, de 1969, captura, com mais oito militantes, no Aeroporto de Ezeiza, em Buenos Aires, um avi\u00e3o, desvia-o para Havana, Cuba<\/strong>. O farol da revolu\u00e7\u00e3o. No pa\u00eds faz treinamento de guerrilha, funda o Molipo, Movimento de Liberta\u00e7\u00e3o Popular, ou Grupo dos 28.<\/p>\n<figure id=\"attachment_15631\" aria-describedby=\"caption-attachment-15631\" style=\"width: 825px\" class=\"wp-caption alignnone\"><img loading=\"lazy\" decoding=\"async\" class=\"wp-image-15631 size-full\" src=\"https:\/\/renatodias.online\/movimento\/wp-content\/uploads\/2023\/02\/Lauriberto-Reyes-Especial.jpg\" alt=\"\" width=\"825\" height=\"1024\" srcset=\"https:\/\/renatodias.online\/movimento\/wp-content\/uploads\/2023\/02\/Lauriberto-Reyes-Especial.jpg 825w, https:\/\/renatodias.online\/movimento\/wp-content\/uploads\/2023\/02\/Lauriberto-Reyes-Especial-242x300.jpg 242w, https:\/\/renatodias.online\/movimento\/wp-content\/uploads\/2023\/02\/Lauriberto-Reyes-Especial-768x953.jpg 768w, https:\/\/renatodias.online\/movimento\/wp-content\/uploads\/2023\/02\/Lauriberto-Reyes-Especial-750x931.jpg 750w\" sizes=\"auto, (max-width: 825px) 100vw, 825px\" \/><figcaption id=\"caption-attachment-15631\" class=\"wp-caption-text\"><strong>Lauriberto Jos\u00e9 Reyes<\/strong><\/figcaption><\/figure>\n<p>&nbsp;<\/p>\n<p>O retorno ao Brasil ocorre no ano turbulento de 1971. Por rotas que fugiam ao cerco da repress\u00e3o pol\u00edtica. A estrat\u00e9gia era deflagrar uma guerrilha rural. <strong>Projeto original de Carlos Marighella. <\/strong>Como Che Guevara na Bol\u00edvia. Mais: uma s\u00e9rie de quedas, pris\u00f5es ocorrem em novembro e dezembro de 1971 e janeiro e fevereiro de 1978. A revolu\u00e7\u00e3o faltou ao encontro com <strong>Lauriberto Jos\u00e9 Reyes<\/strong> e \u00e0 <strong>Gera\u00e7\u00e3o de 68<\/strong>.<\/p>\n<figure id=\"attachment_6514\" aria-describedby=\"caption-attachment-6514\" style=\"width: 940px\" class=\"wp-caption alignnone\"><img loading=\"lazy\" decoding=\"async\" class=\"wp-image-6514 size-full\" src=\"https:\/\/renatodias.online\/movimento\/wp-content\/uploads\/2021\/05\/Carlos-Marighella-_-executado.jpg\" alt=\"\" width=\"940\" height=\"504\" \/><figcaption id=\"caption-attachment-6514\" class=\"wp-caption-text\"><strong>Carlos Marighella _ executado<\/strong><\/figcaption><\/figure>\n<p>Dissid\u00eancia da ALN, liderada por <strong>Ant\u00f4nio Benetazzo<\/strong>, o <strong>Molipo<\/strong> era formado por 28 guerrilheiros. Quatro optaram pelo ex\u00edlio. N\u00e3o voltaram ao Brasil. Veja: somente tr\u00eas sobreviveram. Vinte e um foram executados. A sangue frio. Uma trag\u00e9dia. Tristeza. Sem fim. <strong>Lauriberto Reyes acabou assassinado no dia 27 de fevereiro de 1972.<\/strong> Ao lado de <strong>Alexander Ibsen Jos\u00e9 Voeroes<\/strong>, revolucion\u00e1rio nascido no Chile.<\/p>\n<p><img loading=\"lazy\" decoding=\"async\" class=\"size-full wp-image-6054 aligncenter\" src=\"https:\/\/renatodias.online\/movimento\/wp-content\/uploads\/2021\/04\/Imagem-de-sangue-e1657251646184.jpg\" alt=\"\" width=\"360\" height=\"240\" \/><\/p>\n<p>&nbsp;<\/p>\n<h1 style=\"text-align: center;\"><strong><span style=\"color: #ff00ff;\">A hist\u00f3ria de madre Maurina Borges<\/span>\u00a0<\/strong><\/h1>\n<p><span style=\"color: #ff0000;\"><strong>Renato Dias\u00a0<\/strong><\/span><\/p>\n<p><strong>Diretora do Orfanato Lar Santana, instalado em Ribeir\u00e3o Preto [SP], freira cat\u00f3lica, irm\u00e3 Maurina Borges da Silveira foi presa no m\u00eas de outubro do ano de 1969.<\/strong> Sob acusa\u00e7\u00e3o de subvers\u00e3o. Torturada, ela chegou a ser estuprada. Por agentes da repress\u00e3o.<\/p>\n<figure id=\"attachment_15633\" aria-describedby=\"caption-attachment-15633\" style=\"width: 752px\" class=\"wp-caption aligncenter\"><img loading=\"lazy\" decoding=\"async\" class=\"wp-image-15633 size-full\" src=\"https:\/\/renatodias.online\/movimento\/wp-content\/uploads\/2023\/02\/Madre-Maurina-Borges.jpg\" alt=\"\" width=\"752\" height=\"286\" srcset=\"https:\/\/renatodias.online\/movimento\/wp-content\/uploads\/2023\/02\/Madre-Maurina-Borges.jpg 752w, https:\/\/renatodias.online\/movimento\/wp-content\/uploads\/2023\/02\/Madre-Maurina-Borges-300x114.jpg 300w, https:\/\/renatodias.online\/movimento\/wp-content\/uploads\/2023\/02\/Madre-Maurina-Borges-750x285.jpg 750w\" sizes=\"auto, (max-width: 752px) 100vw, 752px\" \/><figcaption id=\"caption-attachment-15633\" class=\"wp-caption-text\"><strong>Madre Maurina Borges<\/strong><\/figcaption><\/figure>\n<p>Al\u00e9m de agress\u00f5es f\u00edsicas, sexuais e morais, a madre inspirou o cardeal arcebispo de S\u00e3o Paulo \u00e0 \u00e9poca, <strong>Dom Paulo Evaristo Arns<\/strong>, a lutar em defesa dos direitos humanos. Bispo de Ribeir\u00e3o Preto, <strong>Fel\u00edcio da Cunha<\/strong> teria excomungado dois delegados de pol\u00edcia.<\/p>\n<figure id=\"attachment_15636\" aria-describedby=\"caption-attachment-15636\" style=\"width: 291px\" class=\"wp-caption aligncenter\"><img loading=\"lazy\" decoding=\"async\" class=\"wp-image-15636 size-full\" src=\"https:\/\/renatodias.online\/movimento\/wp-content\/uploads\/2023\/02\/Madre-Mauirna-Borges-2.jpg\" alt=\"\" width=\"291\" height=\"173\" \/><figcaption id=\"caption-attachment-15636\" class=\"wp-caption-text\"><strong>Dom Paulo Evaristo Arns e Madre Maurina Borges<\/strong><\/figcaption><\/figure>\n<p>Presa, madre Maurina Borges foi coagida a assinar ainda um termo de confiss\u00e3o que informava ser uma suposta amante de um ativista revolucion\u00e1rio contra a ditadura civil e militar. Uma farsa. <strong>Para desmoralizar a religiosa. Um ato abjeto. Deplor\u00e1vel.<\/strong><\/p>\n<figure id=\"attachment_15634\" aria-describedby=\"caption-attachment-15634\" style=\"width: 171px\" class=\"wp-caption aligncenter\"><img loading=\"lazy\" decoding=\"async\" class=\"wp-image-15634 size-full\" src=\"https:\/\/renatodias.online\/movimento\/wp-content\/uploads\/2023\/02\/Madre-Maurina-1.jpg\" alt=\"\" width=\"171\" height=\"350\" srcset=\"https:\/\/renatodias.online\/movimento\/wp-content\/uploads\/2023\/02\/Madre-Maurina-1.jpg 171w, https:\/\/renatodias.online\/movimento\/wp-content\/uploads\/2023\/02\/Madre-Maurina-1-147x300.jpg 147w\" sizes=\"auto, (max-width: 171px) 100vw, 171px\" \/><figcaption id=\"caption-attachment-15634\" class=\"wp-caption-text\"><strong>Madre Maurina Borges<\/strong><\/figcaption><\/figure>\n<p><strong>A Vanguarda Popular Revolucion\u00e1ria, a VPR, captura, o que n\u00e3o \u00e9 sequestro, em S\u00e3o Paulo, o c\u00f4nsul do Jap\u00e3o no Brasil<\/strong>. O nome do diplomata: Nobuo Okuchi. Cinco presos pol\u00edticos s\u00e3o trocados por sua liberta\u00e7\u00e3o. Madre Maurina Borges integra a rela\u00e7\u00e3o.<\/p>\n<figure id=\"attachment_15639\" aria-describedby=\"caption-attachment-15639\" style=\"width: 238px\" class=\"wp-caption aligncenter\"><img loading=\"lazy\" decoding=\"async\" class=\"wp-image-15639 size-full\" src=\"https:\/\/renatodias.online\/movimento\/wp-content\/uploads\/2023\/02\/Madre-Maurina-Borges-3.jpg\" alt=\"\" width=\"238\" height=\"211\" \/><figcaption id=\"caption-attachment-15639\" class=\"wp-caption-text\"><strong>Madre Maurina Borges<\/strong><\/figcaption><\/figure>\n<p><strong>A irm\u00e3 exilou-se na Cidade do M\u00e9xico<\/strong>. Ap\u00f3s a san\u00e7\u00e3o da Lei de Anistia, assinada pela m\u00e3o esquerda do general Jo\u00e3o Baptista de Oliveira Figueiredo. Ela regressou ao Pa\u00eds e mudou-se para Araraquara [SP]. Doente de Alzheimer, morreu, em 2011, aos 86 anos.<\/p>\n<figure id=\"attachment_13773\" aria-describedby=\"caption-attachment-13773\" style=\"width: 1200px\" class=\"wp-caption alignnone\"><img loading=\"lazy\" decoding=\"async\" class=\"wp-image-13773 size-full\" src=\"https:\/\/renatodias.online\/movimento\/wp-content\/uploads\/2022\/08\/Joao-Figueiredo.jpg\" alt=\"\" width=\"1200\" height=\"900\" srcset=\"https:\/\/renatodias.online\/movimento\/wp-content\/uploads\/2022\/08\/Joao-Figueiredo.jpg 1200w, https:\/\/renatodias.online\/movimento\/wp-content\/uploads\/2022\/08\/Joao-Figueiredo-300x225.jpg 300w, https:\/\/renatodias.online\/movimento\/wp-content\/uploads\/2022\/08\/Joao-Figueiredo-768x576.jpg 768w, https:\/\/renatodias.online\/movimento\/wp-content\/uploads\/2022\/08\/Joao-Figueiredo-750x563.jpg 750w\" sizes=\"auto, (max-width: 1200px) 100vw, 1200px\" \/><figcaption id=\"caption-attachment-13773\" class=\"wp-caption-text\"><strong>Jo\u00e3o Baptista de Oliveira Figueiredo<\/strong><\/figcaption><\/figure>\n<p><strong><img loading=\"lazy\" decoding=\"async\" class=\"aligncenter wp-image-14714 size-full\" src=\"https:\/\/renatodias.online\/movimento\/wp-content\/uploads\/2022\/11\/Frases.jpg\" alt=\"\" width=\"450\" height=\"450\" \/><\/strong><\/p>\n<h1 style=\"text-align: center;\"><span style=\"color: #008000;\">\u2713Voc\u00eas pagar\u00e3o por seus crimes<\/span><\/h1>\n<p><span style=\"color: #ff0000;\"><strong>_ Declara\u00e7\u00e3o de Arthur Machado Scavone, em 1972, a um torturador, no DOI-CODI [SP], ap\u00f3s ser informado da morte de Lauriberto Jos\u00e9 Reyes. Os dois eram guerrilheiros do Molipo<\/strong><\/span><\/p>\n<p>&nbsp;<\/p>\n<h1 style=\"text-align: center;\"><span style=\"color: #008000;\">\u00a0\u2713Madre Maurina sofreu supl\u00edcios sexuais<\/span><\/h1>\n<p><span style=\"color: #ff0000;\"><strong>_ Leopoldo Paulino, ex-guerrilheiro da ALN, exilado no Chile<\/strong><\/span><\/p>\n<p><strong>\u00a0<\/strong><\/p>\n<p><img loading=\"lazy\" decoding=\"async\" class=\"size-full wp-image-13381 aligncenter\" src=\"https:\/\/renatodias.online\/movimento\/wp-content\/uploads\/2022\/07\/Podcast.jpg\" alt=\"\" width=\"200\" height=\"200\" srcset=\"https:\/\/renatodias.online\/movimento\/wp-content\/uploads\/2022\/07\/Podcast.jpg 200w, https:\/\/renatodias.online\/movimento\/wp-content\/uploads\/2022\/07\/Podcast-150x150.jpg 150w\" sizes=\"auto, (max-width: 200px) 100vw, 200px\" \/><\/p>\n<!--[if lt IE 9]><script>document.createElement('audio');<\/script><![endif]-->\n<audio class=\"wp-audio-shortcode\" id=\"audio-15627-1\" preload=\"none\" style=\"width: 100%;\" controls=\"controls\"><source type=\"audio\/mpeg\" src=\"https:\/\/renatodias.online\/movimento\/wp-content\/uploads\/2023\/02\/AUD-20230213-WA0037-online-audio-converter.com1_.mp3?_=1\" \/><a href=\"https:\/\/renatodias.online\/movimento\/wp-content\/uploads\/2023\/02\/AUD-20230213-WA0037-online-audio-converter.com1_.mp3\">https:\/\/renatodias.online\/movimento\/wp-content\/uploads\/2023\/02\/AUD-20230213-WA0037-online-audio-converter.com1_.mp3<\/a><\/audio>\n<h3 style=\"text-align: left;\"><strong><span style=\"color: #ff0000;\">Arthur Machado Scavone, ex-guerrilheiro do Molipo<\/span><br \/>\n<\/strong><\/h3>\n<audio class=\"wp-audio-shortcode\" id=\"audio-15627-2\" preload=\"none\" style=\"width: 100%;\" controls=\"controls\"><source type=\"audio\/mpeg\" src=\"https:\/\/renatodias.online\/movimento\/wp-content\/uploads\/2023\/02\/PTT-20230213-WA0048-online-audio-converter.com_.mp3?_=2\" \/><a href=\"https:\/\/renatodias.online\/movimento\/wp-content\/uploads\/2023\/02\/PTT-20230213-WA0048-online-audio-converter.com_.mp3\">https:\/\/renatodias.online\/movimento\/wp-content\/uploads\/2023\/02\/PTT-20230213-WA0048-online-audio-converter.com_.mp3<\/a><\/audio>\n<p><span style=\"color: #ff0000;\"><strong>Leopoldo Paulino, ex-guerrilheiro da ALN<\/strong><\/span><\/p>\n<p>&nbsp;<\/p>\n<p><img loading=\"lazy\" decoding=\"async\" class=\"size-medium wp-image-14125 aligncenter\" src=\"https:\/\/renatodias.online\/movimento\/wp-content\/uploads\/2022\/09\/Saiba-mais-300x103.png\" alt=\"\" width=\"300\" height=\"103\" srcset=\"https:\/\/renatodias.online\/movimento\/wp-content\/uploads\/2022\/09\/Saiba-mais-300x103.png 300w, https:\/\/renatodias.online\/movimento\/wp-content\/uploads\/2022\/09\/Saiba-mais.png 572w\" sizes=\"auto, (max-width: 300px) 100vw, 300px\" \/><\/p>\n<h1 style=\"text-align: center;\"><span style=\"color: #808000;\"><strong>O que foi a ditadura civil e militar?<\/strong><\/span><\/h1>\n<p><img loading=\"lazy\" decoding=\"async\" class=\"size-medium wp-image-7457 aligncenter\" src=\"https:\/\/renatodias.online\/movimento\/wp-content\/uploads\/2021\/06\/Sangue-_-1-300x200.jpeg\" alt=\"\" width=\"300\" height=\"200\" \/><\/p>\n<figure id=\"attachment_6032\" aria-describedby=\"caption-attachment-6032\" style=\"width: 1024px\" class=\"wp-caption alignnone\"><img loading=\"lazy\" decoding=\"async\" class=\"wp-image-6032 size-large\" src=\"https:\/\/renatodias.online\/movimento\/wp-content\/uploads\/2021\/04\/golpe-militar-de-1964-1024x487.png\" alt=\"Golpe de Estado de 1964\" width=\"1024\" height=\"487\" \/><figcaption id=\"caption-attachment-6032\" class=\"wp-caption-text\"><span style=\"color: #008000;\"><strong>Golpe de Estado de 1964<\/strong><\/span><\/figcaption><\/figure>\n<p><span style=\"color: #ff0000;\"><strong>Renato Dias<\/strong><\/span><\/p>\n<p><strong>Fardados e civis derrubaram em 31 de mar\u00e7o, 1\u00ba e 2 de abril de 1964 o presidente da Rep\u00fablica, Jo\u00e3o Belchior Marques Goulart. Com tanques e metralhadoras<\/strong>. Com o aval do Supremo Tribunal Federal, a corte suprema. O Congresso Nacional referendou a posse de Rani\u00e9\u00adre Mazzilli e a indica\u00e7\u00e3o do primeiro militar-presidente, marechal Humberto Castello Branco.<\/p>\n<p><img loading=\"lazy\" decoding=\"async\" class=\"wp-image-9550 size-full aligncenter\" src=\"https:\/\/renatodias.online\/movimento\/wp-content\/uploads\/2021\/11\/Infografico-A-ditadura-civil-e-militar-no-Brasil.jpg\" alt=\"\" width=\"624\" height=\"1600\" \/><\/p>\n<p><strong>Ga\u00facho de S\u00e3o Borja, ex-ministro do Trabalho, respons\u00e1vel pelo aumento real do sal\u00e1rio m\u00ednimo, Jango, como era conhecido, \u00e9 um herdeiro do nacional-estatismo<\/strong>. Em sua vers\u00e3o trabalhista. De Get\u00falio Vargas. O rotulado de \u2018Pai dos Pobres\u2019. Get\u00falio Vargas suicidou-se \u00e0s 8h30, do dia 24 de agosto de 1954, em seus aposentos presidenciais. No Pal\u00e1cio do Catete.<\/p>\n<p>A capital do Brasil, \u00e0 \u00e9poca, era o Rio de Janeiro, outrora Cidade Maravilhosa. Com a queda de Jango, 21 anos de ditadura civil e militar [1964-1985]. A opera\u00e7\u00e3o teve a ostensiva participa\u00e7\u00e3o dos Estados Unidos das Am\u00e9ricas. Um saldo societal tr\u00e1gico. <strong>Com 479 mortos e desaparecidos<\/strong> pol\u00edticos. Assim como <strong>1.700 trabalhadores rurais executados<\/strong>. Al\u00e9m de <strong>10 mil pessoas exiladas<\/strong>.<\/p>\n<blockquote>\n<h1><span style=\"color: #ff0000;\"><strong>Mortos e desaparecidos<\/strong><\/span><\/h1>\n<figure id=\"attachment_5748\" aria-describedby=\"caption-attachment-5748\" style=\"width: 542px\" class=\"wp-caption aligncenter\"><img loading=\"lazy\" decoding=\"async\" class=\"wp-image-5748 size-full\" src=\"https:\/\/renatodias.online\/movimento\/wp-content\/uploads\/2021\/03\/Cartaz-dos-mortos-e-desaparecidos-Quarta-reportagem-Saiba-mais.png\" alt=\"Cartaz dos mortos e desaparecidos - Quarta reportagem\" width=\"542\" height=\"790\" srcset=\"https:\/\/renatodias.online\/movimento\/wp-content\/uploads\/2021\/03\/Cartaz-dos-mortos-e-desaparecidos-Quarta-reportagem-Saiba-mais.png 542w, https:\/\/renatodias.online\/movimento\/wp-content\/uploads\/2021\/03\/Cartaz-dos-mortos-e-desaparecidos-Quarta-reportagem-Saiba-mais-206x300.png 206w\" sizes=\"auto, (max-width: 542px) 100vw, 542px\" \/><figcaption id=\"caption-attachment-5748\" class=\"wp-caption-text\"><strong>Cartaz dos mortos e desaparecidos <br \/><\/strong><\/figcaption><\/figure><\/blockquote>\n<p>O projeto Brasil Nunca Mais, organizado pelo Arcebispo Dom Paulo Evaristo Arns e pelo reverendo Jaime Wright, registra que <strong>duas mil pessoas, perante o Superior Tribunal Militar, o STM, denunciaram terem sido torturadas<\/strong>. Na cadeira-do-drag\u00e3o, socos, pontap\u00e9s, telefones, pau-de-arara. A jornalista M\u00edriam Leit\u00e3o teve de ficar em uma cela com uma cobra ao seu lado.<\/p>\n<p>Relat\u00f3rio da Comiss\u00e3o Nacional da Verdade, instalada em maio de 2012 e encerrada dia 10 de dezembro de 2014, aponta que <strong>seis mil membros do Ex\u00e9rcito, Marinha, Aeron\u00e1utica, For\u00e7a P\u00fablica foram demitidos ou reformados<\/strong>. Um Grupo de Trabalho da CNV diz que <strong>12 mil ind\u00ed\u00adgenas morreram sob a ditadura civil e militar <\/strong>e sua pol\u00edtica indigenista e de obras fara\u00f4nicas.<\/p>\n<h1 style=\"text-align: center;\"><span style=\"color: #ff0000;\"><strong>39 mil<\/strong><\/span><\/h1>\n<p><strong>Pasmem: 39 mil trabalhadores e trabalhadoras foram reconhecidas pela Comiss\u00e3o de Anistia, <\/strong>\u00f3rg\u00e3o do Minist\u00e9rio da Justi\u00e7a, na Esplanada dos Minist\u00e9rios, em Bras\u00edlia [DF], a Capital da Rep\u00fablica, a terem direito \u00e0 repara\u00e7\u00e3o econ\u00f4mica ou pens\u00f5es. Por danos materiais, pol\u00edticos, sociais e simb\u00f3licos. Medidas que prejudicaram as suas vidas. Tanto civis quanto militares.<\/p>\n<p>Mais: a ditadura civil e militar, no Brasil, promoveu uma <strong>violenta censura \u00e0s artes, publica\u00e7\u00e3o de livros, \u00e0 imprensa, aos filmes, pe\u00e7as de teatro. Artistas eram perseguidos<\/strong>, presos, espancados e exilados. Como Caetano Veloso e Gilberto Gil, exilados na Inglaterra; Chico Buarque, na It\u00e1lia; Geraldo \u2018Caminhando\u2019 Vandr\u00e9. Jornais destru\u00eddos. \u2018Empastelados\u2019.<\/p>\n<figure id=\"attachment_7120\" aria-describedby=\"caption-attachment-7120\" style=\"width: 1024px\" class=\"wp-caption alignnone\"><img loading=\"lazy\" decoding=\"async\" class=\"wp-image-7120 size-full\" src=\"https:\/\/renatodias.online\/movimento\/wp-content\/uploads\/2021\/06\/AI-5-_-Saiba-mais.jpg\" alt=\"\" width=\"1024\" height=\"682\" \/><figcaption id=\"caption-attachment-7120\" class=\"wp-caption-text\"><strong>AI-5<\/strong><\/figcaption><\/figure>\n<p><strong>O Ato Institucional N\u00famero 5, de 13 de dezembro de 1968<\/strong>, fechou o Congresso Nacional, C\u00e2\u00adma\u00adra Federal, Senado, as assembleias legislativas e as c\u00e2maras munici\u00adpais. \u00a0\u00a0Centenas de governadores, prefeitos, senadores da Rep\u00fablica, deputados federais, depu\u00adta\u00addos estaduais, vereadores foram cassados. Em 1980, <strong>Luiz In\u00e1cio Lula da Silva foi preso. Por greve oper\u00e1ria<\/strong>.<\/p>\n<figure id=\"attachment_15628\" aria-describedby=\"caption-attachment-15628\" style=\"width: 800px\" class=\"wp-caption aligncenter\"><img loading=\"lazy\" decoding=\"async\" class=\"wp-image-15628 size-full\" src=\"https:\/\/renatodias.online\/movimento\/wp-content\/uploads\/2023\/02\/Lula-e-preso-em-1980-por-greve-operaria.jpeg\" alt=\"\" width=\"800\" height=\"450\" \/><figcaption id=\"caption-attachment-15628\" class=\"wp-caption-text\"><strong>Lula \u00e9 preso em 1980 por greve oper\u00e1ria<\/strong><\/figcaption><\/figure>\n<p>O Congresso Nacional aprovou, em 26 de agosto de 1979, a Lei de Anistia. <strong>A medida sancionada n\u00e3o foi ampla, nem geral muito menos irrestrita.<\/strong> Os agentes do Estado pagos com o dinheiro do contribuinte para garantir a seguran\u00e7a p\u00fablica, respons\u00e1veis por viola\u00e7\u00f5es dos direitos humanos, assim como a sua cadeia de comando, receberam uma autoanistia da Uni\u00e3o.<\/p>\n<figure id=\"attachment_5888\" aria-describedby=\"caption-attachment-5888\" style=\"width: 150px\" class=\"wp-caption aligncenter\"><img loading=\"lazy\" decoding=\"async\" class=\"wp-image-5888 size-thumbnail\" src=\"https:\/\/renatodias.online\/movimento\/wp-content\/uploads\/2021\/04\/Bomba-A-morte-da-Politica-150x150.jpg\" alt=\"explosivo\" width=\"150\" height=\"150\" \/><figcaption id=\"caption-attachment-5888\" class=\"wp-caption-text\"><span style=\"color: #ff9900;\"><strong>Direita explosiva<\/strong><\/span><\/figcaption><\/figure>\n<p><strong>A direita explosiva matou, com uma bomba endere\u00e7ada \u00e0 OAB, a secret\u00e1ria da Ordem dos Advogados do Brasil, Lyda Monteiro, em 27 de agosto de 1980<\/strong>. Um atentado \u00e0 bomba no Riocentro, Rio de Janeiro, no show de Primeiro de maio de 1981, dia internacional dos trabalhadores, deixou os executores feridos. O crime permanece at\u00e9 hoje, 2023, impune.<\/p>\n<p><strong>O jornalista Alexandre Von Baumgarten, indigesto \u00e0 ditadura civil e militar, acabou assas\u00adsinado, no ano de 1982.<\/strong> A campanha das diretas de 1983 e 1983, que exigia o direito elementar de votar, caiu com a derrota da Emenda Dante de Oliveira, em 25 de abril de 1984. Contra o que poderia ser uma \u2018revolu\u00e7\u00e3o democr\u00e1tica\u2019, como aponta o soci\u00f3logo marxista Florestan Fernandes.<\/p>\n<p>O Col\u00e9gio Eleitoral \u00e9 instalado. Tancredo Neves morre. Jos\u00e9 Sarney, ex-presidente da Arena e do PDS, legendas de sustenta\u00e7\u00e3o da ditadura civil e militar, em ironia da Hist\u00f3ria, assume. A Carta Magna sai em 5 de outubro de 1988. Com a manuten\u00e7\u00e3o da tutela das For\u00e7as Armadas como garantidora da Ordem Pol\u00edtica e Social. Em 2022, oito mil militares estavam em 23 \u00f3rg\u00e3os da Uni\u00e3o.<\/p>\n<p><img loading=\"lazy\" decoding=\"async\" class=\"alignnone wp-image-13771 size-full\" src=\"https:\/\/renatodias.online\/movimento\/wp-content\/uploads\/2022\/08\/Infografico-A-cadeia-de-comando-da-impunidade-da-ditadura.jpg\" alt=\"\" width=\"914\" height=\"1280\" \/><\/p>\n<blockquote>\n<h1><strong>\u2013 Um passado que n\u00e3o passa.<\/strong><\/h1>\n<\/blockquote>\n<figure id=\"attachment_7395\" aria-describedby=\"caption-attachment-7395\" style=\"width: 750px\" class=\"wp-caption aligncenter\"><img loading=\"lazy\" decoding=\"async\" class=\"size-full wp-image-7395\" src=\"https:\/\/renatodias.online\/movimento\/wp-content\/uploads\/2021\/06\/Forcas-Armadas.jpg\" alt=\"\" width=\"750\" height=\"528\" \/><figcaption id=\"caption-attachment-7395\" class=\"wp-caption-text\"><strong>For\u00e7as Armadas no Brasil<\/strong><\/figcaption><\/figure>\n<p><strong> <img loading=\"lazy\" decoding=\"async\" class=\"size-full wp-image-5929 aligncenter\" src=\"https:\/\/renatodias.online\/movimento\/wp-content\/uploads\/2021\/04\/Especial.jpg\" alt=\"\" width=\"200\" height=\"200\" srcset=\"https:\/\/renatodias.online\/movimento\/wp-content\/uploads\/2021\/04\/Especial.jpg 200w, https:\/\/renatodias.online\/movimento\/wp-content\/uploads\/2021\/04\/Especial-150x150.jpg 150w\" sizes=\"auto, (max-width: 200px) 100vw, 200px\" \/><\/strong><\/p>\n<h1 style=\"text-align: center;\"><span style=\"color: #0000ff;\"><strong>Em luta pela hegemonia<br \/>\n<\/strong><\/span><\/h1>\n<p><img loading=\"lazy\" decoding=\"async\" class=\"size-full wp-image-15640 aligncenter\" src=\"https:\/\/renatodias.online\/movimento\/wp-content\/uploads\/2023\/02\/Narrativas.png\" alt=\"\" width=\"225\" height=\"225\" srcset=\"https:\/\/renatodias.online\/movimento\/wp-content\/uploads\/2023\/02\/Narrativas.png 225w, https:\/\/renatodias.online\/movimento\/wp-content\/uploads\/2023\/02\/Narrativas-150x150.png 150w\" sizes=\"auto, (max-width: 225px) 100vw, 225px\" \/><\/p>\n<p>&nbsp;<\/p>\n<h1 style=\"text-align: center;\"><span style=\"color: #ff00ff;\"><strong>A disputa pela mem\u00f3ria, verdade e justi\u00e7a<\/strong><\/span><\/h1>\n<p><span style=\"color: #ff0000;\"><strong>Renato Dias<\/strong><\/span><\/p>\n<p><strong>A disputa pela mem\u00f3ria \u00e9 permanente<\/strong>. Civil e militar, o golpe de Estado do ano de 1964 era para ter sido deflagrado, em 1954. Ele falhara com o suic\u00eddio de Get\u00falio Vargas. Em 24 de agosto, \u00e0s 8h30, nos aposentos presidenciais, do Pal\u00e1cio do Catete, Rio de Janeiro. A capital da Rep\u00fablica, \u00e0 \u00e9poca. Com um tiro no peito, acuado pelas For\u00e7as Armadas, deixa a vida e entra para a Hist\u00f3ria. Sem \u2018expiar a culpa\u2019 pelas viola\u00e7\u00f5es dos direitos humanos executadas sob o Estado Novo.<\/p>\n<p><strong>J\u00e2nio da Silva Quadros, a et\u00edlica vassoura, alega \u2018For\u00e7as Terr\u00edveis\u2019 para assinar a ren\u00fancia, em 25 de agosto, de 1961.<\/strong> Nada. Tratava-se de um autogolpe. N\u00e3o deu certo. Em tempos de guerra fria [1945-1991], o fantasma do comunismo \u00e9 disseminado no Brasil. Ex-zagueiro do Internacional de Porto Alegre, nas categorias de base, Jo\u00e3o Belchior Marques Goulart, que atendia m\u00faltiplas demandas de advers\u00e1rios, registradas em cartas, \u00e9 deposto. Em 1964.<\/p>\n<p><img loading=\"lazy\" decoding=\"async\" class=\"size-medium wp-image-13781 aligncenter\" src=\"https:\/\/renatodias.online\/movimento\/wp-content\/uploads\/2022\/08\/Raio-X-especial-300x112.png\" alt=\"\" width=\"300\" height=\"112\" \/><\/p>\n<p>A data exata n\u00e3o seria 31 de mar\u00e7o. As tropas de Ol\u00edmpio Mour\u00e3o Filho, a suposta \u2018vaca farda\u00adda\u2019, saem de Juiz de Fora, Estado de Minas Gerais, e chegam \u00e0 Cidade Maravilhosa apenas em 2 de abril. O general Amaury Kruel faz chantagem ainda com Jango. Auro Moro Andrade, pre\u00adsidente do Senado Federal e do Congresso Nacional, abre sess\u00e3o, declara vaga a presid\u00eancia da Rep\u00fablica, com o atingido ainda no Brasil, <strong>para Rani\u00e9re Mazzilli assumir o cargo\u00a0no dia 2<\/strong>.<\/p>\n<p><strong>Nacional-estatista, em sua vers\u00e3o trabalhista, herdeiro de Get\u00falio Vargas, \u2018O Pai dos Pobres\u2019,\u00a0 ele encontrava-se em solo.<\/strong> Documento, um bilhete de pr\u00f3prio punho do inquilino do Pal\u00e1cio do Planalto, com a data de 4 de abril de 1964, solicita o empenho de um aliado para que obte\u00adnha o seu asilo pol\u00edtico no Uruguai, pa\u00eds do Cone-Sul, que faz fronteira com o Brasil. Acusado de comunista, nunca foi um adepto de Karl Marx e Friedrich Engels. Muito menos um corrupto.<\/p>\n<p><strong>O \u2018Reino das Empreiteiras\u2019 tem in\u00edcio, sim, sob a ditadura civil e militar. <\/strong>Com a constru\u00e7\u00e3o de obras fara\u00f4nicas. Como a Transamaz\u00f4nica, a Usina de Itaipu, a Ponte Rio-Niter\u00f3i. Nascido no Uruguai, o embaixador do Brasil, no Chile, desde 1969, Ant\u00f4nio da C\u00e2mara Canto, nega ter ti\u00addo torturas, no Brasil. Registro imag\u00e9tico: j\u00e1 em 1\u00ba de abril, em Recife, o velho comunista Gre\u00adg\u00f3\u00adrio Bezerra \u00e9 torturado, com a sola dos p\u00e9s em carne viva, e exposto \u00e0 execra\u00e7\u00e3o p\u00fablica.<strong>\u00a0<\/strong><\/p>\n<h1 style=\"text-align: center;\"><strong><img loading=\"lazy\" decoding=\"async\" class=\"alignnone wp-image-9334 size-full\" src=\"https:\/\/renatodias.online\/movimento\/wp-content\/uploads\/2021\/10\/Personagens-da-luta-contra-a-ditadura-Card.jpg\" alt=\"\" width=\"1167\" height=\"341\" \/><\/strong><\/h1>\n<h1 style=\"text-align: center;\"><span style=\"color: #33cccc;\"><strong>As hist\u00f3rias no cinema<\/strong><\/span><\/h1>\n<figure id=\"attachment_15637\" aria-describedby=\"caption-attachment-15637\" style=\"width: 300px\" class=\"wp-caption aligncenter\"><img loading=\"lazy\" decoding=\"async\" class=\"size-medium wp-image-15637\" src=\"https:\/\/renatodias.online\/movimento\/wp-content\/uploads\/2023\/02\/Pelicula-de-filme-cinema-300x159.jpg\" alt=\"\" width=\"300\" height=\"159\" \/><figcaption id=\"caption-attachment-15637\" class=\"wp-caption-text\"><strong>Pel\u00edcula de filme &#8211; cinema<\/strong><\/figcaption><\/figure>\n<h1 style=\"text-align: center;\"><span style=\"color: #800000;\"><strong>Telona, streaming e YouTube<\/strong><\/span><\/h1>\n<p><span style=\"color: #ff0000;\"><strong>Renato Dias\u00a0<\/strong><\/span><\/p>\n<p>Duas hist\u00f3rias. Dois caminhos. Um rumo s\u00f3. Document\u00e1rios que registram trag\u00e9dias humanas. As graves viola\u00e7\u00f5es de direitos. Sob a ditadura civil e militar no Brasil.<\/p>\n<p><strong>Lauri<\/strong>, lan\u00e7ado em 2023, com o roteiro e a dire\u00e7\u00e3o de <strong>Beto Novaes<\/strong>, locu\u00e7\u00e3o de <strong>Bete Mendes, traz trechos de v\u00eddeos exclusivos de 1968, \u00e1udios de Lauriberto Jos\u00e9 Reyes.<\/strong><\/p>\n<figure id=\"attachment_15642\" aria-describedby=\"caption-attachment-15642\" style=\"width: 1140px\" class=\"wp-caption alignnone\"><img loading=\"lazy\" decoding=\"async\" class=\"wp-image-15642 size-large\" src=\"https:\/\/renatodias.online\/movimento\/wp-content\/uploads\/2023\/02\/Beto-Novaes-cineasta-1365x1024.jpg\" alt=\"\" width=\"1140\" height=\"855\" srcset=\"https:\/\/renatodias.online\/movimento\/wp-content\/uploads\/2023\/02\/Beto-Novaes-cineasta-1365x1024.jpg 1365w, https:\/\/renatodias.online\/movimento\/wp-content\/uploads\/2023\/02\/Beto-Novaes-cineasta-300x225.jpg 300w, https:\/\/renatodias.online\/movimento\/wp-content\/uploads\/2023\/02\/Beto-Novaes-cineasta-768x576.jpg 768w, https:\/\/renatodias.online\/movimento\/wp-content\/uploads\/2023\/02\/Beto-Novaes-cineasta-1536x1152.jpg 1536w, https:\/\/renatodias.online\/movimento\/wp-content\/uploads\/2023\/02\/Beto-Novaes-cineasta-2048x1536.jpg 2048w, https:\/\/renatodias.online\/movimento\/wp-content\/uploads\/2023\/02\/Beto-Novaes-cineasta-750x563.jpg 750w\" sizes=\"auto, (max-width: 1140px) 100vw, 1140px\" \/><figcaption id=\"caption-attachment-15642\" class=\"wp-caption-text\"><strong>Beto Novaes, cineasta<\/strong><\/figcaption><\/figure>\n<p>Poemas n\u00e3o publicados, letras de can\u00e7\u00f5es autorais de M\u00fasica Popular Brasileira, cartas in\u00e9ditas enviadas \u00e0 m\u00e3e e suas\u00a0irm\u00e3s da clandestinidade e depoimentos explosivos.<\/p>\n<p>Sob a dire\u00e7\u00e3o de Gabriel Silva Mendeleh, <strong>Maurina, o outono que n\u00e3o acabou<\/strong> faturou tr\u00eas pr\u00eamios no Festival de Cinema de Sevilla, Espanha. Um longa seminal.<\/p>\n<figure id=\"attachment_15641\" aria-describedby=\"caption-attachment-15641\" style=\"width: 600px\" class=\"wp-caption aligncenter\"><img loading=\"lazy\" decoding=\"async\" class=\"wp-image-15641 size-full\" src=\"https:\/\/renatodias.online\/movimento\/wp-content\/uploads\/2023\/02\/Madre-Maurina-Borges-Cena-do-filme.jpg\" alt=\"\" width=\"600\" height=\"376\" srcset=\"https:\/\/renatodias.online\/movimento\/wp-content\/uploads\/2023\/02\/Madre-Maurina-Borges-Cena-do-filme.jpg 600w, https:\/\/renatodias.online\/movimento\/wp-content\/uploads\/2023\/02\/Madre-Maurina-Borges-Cena-do-filme-300x188.jpg 300w\" sizes=\"auto, (max-width: 600px) 100vw, 600px\" \/><figcaption id=\"caption-attachment-15641\" class=\"wp-caption-text\"><strong>Madre Maurina Borges _ Cena do filme<\/strong><\/figcaption><\/figure>\n<p>Frei Manoel Borges da Silveira informa que a religiosa sofreu tamb\u00e9m choques nos seios. \u00c1udios, v\u00eddeos e fotografias exclusivas constroem a narrativa cinematogr\u00e1fica<\/p>\n<p>&nbsp;<\/p>\n<h1><img loading=\"lazy\" decoding=\"async\" class=\"size-full wp-image-13832 aligncenter\" src=\"https:\/\/renatodias.online\/movimento\/wp-content\/uploads\/2022\/08\/Veja.jpg\" alt=\"\" width=\"300\" height=\"150\" \/><\/h1>\n<h1 style=\"text-align: center;\"><span style=\"color: #ff0000;\"><strong>Lauri<\/strong><\/span><\/h1>\n<p>https:\/\/www.youtube.com\/watch?v=1YL1gz3DeZI&#038;t=4s<\/p>\n<h1 style=\"text-align: center;\"><span style=\"color: #ff0000;\"><strong>Maurina, o outono que n\u00e3o acabou<\/strong><\/span><\/h1>\n<p><iframe loading=\"lazy\" title=\"Maurina - O outono que n\u00e3o acabou (Trailer)\" width=\"960\" height=\"540\" src=\"https:\/\/www.youtube.com\/embed\/c3YFtPg2uos?feature=oembed\" frameborder=\"0\" allow=\"accelerometer; autoplay; clipboard-write; encrypted-media; gyroscope; picture-in-picture; web-share\" referrerpolicy=\"strict-origin-when-cross-origin\" allowfullscreen><\/iframe><\/p>\n","protected":false},"excerpt":{"rendered":"<p>\u00a0Tortura e execu\u00e7\u00e3o a sangue frio \u00a0Cinema e Hist\u00f3ria\u00a0 Renato Dias\u00a0 Cantor, compositor, poeta, ele teve que ir \u00e0 guerra. Nascido em S\u00e3o Carlos [SP], estudou no Diocesano, ingressou na USP, testemunhou &#8220;in loco&#8221; a revolu\u00e7\u00e3o estudantil de 1968, em S\u00e3o Paulo. Membro da Seguran\u00e7a do XXX\u00b0 Congresso da UNE, que caiu no dia 12<\/p>\n","protected":false},"author":2,"featured_media":15645,"comment_status":"open","ping_status":"open","sticky":false,"template":"","format":"standard","meta":{"_acf_changed":false,"_monsterinsights_skip_tracking":false,"_monsterinsights_sitenote_active":false,"_monsterinsights_sitenote_note":"","_monsterinsights_sitenote_category":0,"footnotes":""},"categories":[1],"tags":[],"class_list":["post-15627","post","type-post","status-publish","format-standard","has-post-thumbnail","hentry","category-cinema"],"acf":[],"yoast_head":"<!-- This site is optimized with the Yoast SEO plugin v27.4 - https:\/\/yoast.com\/product\/yoast-seo-wordpress\/ -->\n<title>Explosivo: Lauriberto Reyes e Madre Maurina -<\/title>\n<meta name=\"robots\" content=\"index, follow, max-snippet:-1, max-image-preview:large, max-video-preview:-1\" \/>\n<link rel=\"canonical\" href=\"https:\/\/renatodias.online\/movimento\/2023\/02\/19\/lauriberto-reyes-e-madre-maurina\/\" \/>\n<meta property=\"og:locale\" content=\"pt_BR\" \/>\n<meta property=\"og:type\" content=\"article\" \/>\n<meta property=\"og:title\" content=\"Explosivo: Lauriberto Reyes e Madre Maurina -\" \/>\n<meta property=\"og:description\" content=\"\u00a0Tortura e execu\u00e7\u00e3o a sangue frio \u00a0Cinema e Hist\u00f3ria\u00a0 Renato Dias\u00a0 Cantor, compositor, poeta, ele teve que ir \u00e0 guerra. Nascido em S\u00e3o Carlos [SP], estudou no Diocesano, ingressou na USP, testemunhou &#8220;in loco&#8221; a revolu\u00e7\u00e3o estudantil de 1968, em S\u00e3o Paulo. Membro da Seguran\u00e7a do XXX\u00b0 Congresso da UNE, que caiu no dia 12\" \/>\n<meta property=\"og:url\" content=\"https:\/\/renatodias.online\/movimento\/2023\/02\/19\/lauriberto-reyes-e-madre-maurina\/\" \/>\n<meta property=\"article:publisher\" content=\"https:\/\/www.facebook.com\/renato.dias.37\" \/>\n<meta property=\"article:author\" content=\"https:\/\/www.facebook.com\/renato.dias.37\" \/>\n<meta property=\"article:published_time\" content=\"2023-02-19T19:50:02+00:00\" \/>\n<meta property=\"article:modified_time\" content=\"2023-02-19T19:50:21+00:00\" \/>\n<meta property=\"og:image\" content=\"https:\/\/renatodias.online\/movimento\/wp-content\/uploads\/2023\/02\/Selo-Madre-Maurina-Borges-e-Lauriberto-Reyes-e1676836162971.jpg\" \/>\n\t<meta property=\"og:image:width\" content=\"360\" \/>\n\t<meta property=\"og:image:height\" content=\"240\" \/>\n\t<meta property=\"og:image:type\" content=\"image\/jpeg\" \/>\n<meta name=\"author\" content=\"Renato Dias\" \/>\n<meta name=\"twitter:card\" content=\"summary_large_image\" \/>\n<meta name=\"twitter:creator\" content=\"@RenatoDiasBat\" \/>\n<meta name=\"twitter:site\" content=\"@RenatoDiasBat\" \/>\n<meta name=\"twitter:label1\" content=\"Escrito por\" \/>\n\t<meta name=\"twitter:data1\" content=\"Renato Dias\" \/>\n\t<meta name=\"twitter:label2\" content=\"Est. tempo de leitura\" \/>\n\t<meta name=\"twitter:data2\" content=\"11 minutos\" \/>\n<script type=\"application\/ld+json\" class=\"yoast-schema-graph\">{\"@context\":\"https:\\\/\\\/schema.org\",\"@graph\":[{\"@type\":\"Article\",\"@id\":\"https:\\\/\\\/renatodias.online\\\/movimento\\\/2023\\\/02\\\/19\\\/lauriberto-reyes-e-madre-maurina\\\/#article\",\"isPartOf\":{\"@id\":\"https:\\\/\\\/renatodias.online\\\/movimento\\\/2023\\\/02\\\/19\\\/lauriberto-reyes-e-madre-maurina\\\/\"},\"author\":{\"name\":\"Renato Dias\",\"@id\":\"https:\\\/\\\/renatodias.online\\\/movimento\\\/#\\\/schema\\\/person\\\/bbab28833b1725a20f4083f49f1fb2a9\"},\"headline\":\"Explosivo: Lauriberto Reyes e Madre Maurina\",\"datePublished\":\"2023-02-19T19:50:02+00:00\",\"dateModified\":\"2023-02-19T19:50:21+00:00\",\"mainEntityOfPage\":{\"@id\":\"https:\\\/\\\/renatodias.online\\\/movimento\\\/2023\\\/02\\\/19\\\/lauriberto-reyes-e-madre-maurina\\\/\"},\"wordCount\":2190,\"commentCount\":0,\"publisher\":{\"@id\":\"https:\\\/\\\/renatodias.online\\\/movimento\\\/#\\\/schema\\\/person\\\/bbab28833b1725a20f4083f49f1fb2a9\"},\"image\":{\"@id\":\"https:\\\/\\\/renatodias.online\\\/movimento\\\/2023\\\/02\\\/19\\\/lauriberto-reyes-e-madre-maurina\\\/#primaryimage\"},\"thumbnailUrl\":\"https:\\\/\\\/renatodias.online\\\/movimento\\\/wp-content\\\/uploads\\\/2023\\\/02\\\/Selo-Madre-Maurina-Borges-e-Lauriberto-Reyes-e1676836162971.jpg\",\"articleSection\":[\"Cinema\"],\"inLanguage\":\"pt-BR\",\"potentialAction\":[{\"@type\":\"CommentAction\",\"name\":\"Comment\",\"target\":[\"https:\\\/\\\/renatodias.online\\\/movimento\\\/2023\\\/02\\\/19\\\/lauriberto-reyes-e-madre-maurina\\\/#respond\"]}]},{\"@type\":\"WebPage\",\"@id\":\"https:\\\/\\\/renatodias.online\\\/movimento\\\/2023\\\/02\\\/19\\\/lauriberto-reyes-e-madre-maurina\\\/\",\"url\":\"https:\\\/\\\/renatodias.online\\\/movimento\\\/2023\\\/02\\\/19\\\/lauriberto-reyes-e-madre-maurina\\\/\",\"name\":\"Explosivo: Lauriberto Reyes e Madre Maurina -\",\"isPartOf\":{\"@id\":\"https:\\\/\\\/renatodias.online\\\/movimento\\\/#website\"},\"primaryImageOfPage\":{\"@id\":\"https:\\\/\\\/renatodias.online\\\/movimento\\\/2023\\\/02\\\/19\\\/lauriberto-reyes-e-madre-maurina\\\/#primaryimage\"},\"image\":{\"@id\":\"https:\\\/\\\/renatodias.online\\\/movimento\\\/2023\\\/02\\\/19\\\/lauriberto-reyes-e-madre-maurina\\\/#primaryimage\"},\"thumbnailUrl\":\"https:\\\/\\\/renatodias.online\\\/movimento\\\/wp-content\\\/uploads\\\/2023\\\/02\\\/Selo-Madre-Maurina-Borges-e-Lauriberto-Reyes-e1676836162971.jpg\",\"datePublished\":\"2023-02-19T19:50:02+00:00\",\"dateModified\":\"2023-02-19T19:50:21+00:00\",\"breadcrumb\":{\"@id\":\"https:\\\/\\\/renatodias.online\\\/movimento\\\/2023\\\/02\\\/19\\\/lauriberto-reyes-e-madre-maurina\\\/#breadcrumb\"},\"inLanguage\":\"pt-BR\",\"potentialAction\":[{\"@type\":\"ReadAction\",\"target\":[\"https:\\\/\\\/renatodias.online\\\/movimento\\\/2023\\\/02\\\/19\\\/lauriberto-reyes-e-madre-maurina\\\/\"]}]},{\"@type\":\"ImageObject\",\"inLanguage\":\"pt-BR\",\"@id\":\"https:\\\/\\\/renatodias.online\\\/movimento\\\/2023\\\/02\\\/19\\\/lauriberto-reyes-e-madre-maurina\\\/#primaryimage\",\"url\":\"https:\\\/\\\/renatodias.online\\\/movimento\\\/wp-content\\\/uploads\\\/2023\\\/02\\\/Selo-Madre-Maurina-Borges-e-Lauriberto-Reyes-e1676836162971.jpg\",\"contentUrl\":\"https:\\\/\\\/renatodias.online\\\/movimento\\\/wp-content\\\/uploads\\\/2023\\\/02\\\/Selo-Madre-Maurina-Borges-e-Lauriberto-Reyes-e1676836162971.jpg\",\"width\":360,\"height\":240,\"caption\":\"Madre Maurina Borges e Lauriberto Reyes\"},{\"@type\":\"BreadcrumbList\",\"@id\":\"https:\\\/\\\/renatodias.online\\\/movimento\\\/2023\\\/02\\\/19\\\/lauriberto-reyes-e-madre-maurina\\\/#breadcrumb\",\"itemListElement\":[{\"@type\":\"ListItem\",\"position\":1,\"name\":\"In\u00edcio\",\"item\":\"https:\\\/\\\/renatodias.online\\\/movimento\\\/\"},{\"@type\":\"ListItem\",\"position\":2,\"name\":\"Explosivo: Lauriberto Reyes e Madre Maurina\"}]},{\"@type\":\"WebSite\",\"@id\":\"https:\\\/\\\/renatodias.online\\\/movimento\\\/#website\",\"url\":\"https:\\\/\\\/renatodias.online\\\/movimento\\\/\",\"name\":\"\",\"description\":\"\",\"publisher\":{\"@id\":\"https:\\\/\\\/renatodias.online\\\/movimento\\\/#\\\/schema\\\/person\\\/bbab28833b1725a20f4083f49f1fb2a9\"},\"potentialAction\":[{\"@type\":\"SearchAction\",\"target\":{\"@type\":\"EntryPoint\",\"urlTemplate\":\"https:\\\/\\\/renatodias.online\\\/movimento\\\/?s={search_term_string}\"},\"query-input\":{\"@type\":\"PropertyValueSpecification\",\"valueRequired\":true,\"valueName\":\"search_term_string\"}}],\"inLanguage\":\"pt-BR\"},{\"@type\":[\"Person\",\"Organization\"],\"@id\":\"https:\\\/\\\/renatodias.online\\\/movimento\\\/#\\\/schema\\\/person\\\/bbab28833b1725a20f4083f49f1fb2a9\",\"name\":\"Renato Dias\",\"image\":{\"@type\":\"ImageObject\",\"inLanguage\":\"pt-BR\",\"@id\":\"https:\\\/\\\/renatodias.online\\\/movimento\\\/wp-content\\\/uploads\\\/2023\\\/03\\\/cropped-cropped-cropped-logofinal.jpeg\",\"url\":\"https:\\\/\\\/renatodias.online\\\/movimento\\\/wp-content\\\/uploads\\\/2023\\\/03\\\/cropped-cropped-cropped-logofinal.jpeg\",\"contentUrl\":\"https:\\\/\\\/renatodias.online\\\/movimento\\\/wp-content\\\/uploads\\\/2023\\\/03\\\/cropped-cropped-cropped-logofinal.jpeg\",\"width\":1280,\"height\":219,\"caption\":\"Renato Dias\"},\"logo\":{\"@id\":\"https:\\\/\\\/renatodias.online\\\/movimento\\\/wp-content\\\/uploads\\\/2023\\\/03\\\/cropped-cropped-cropped-logofinal.jpeg\"},\"description\":\"Renato Dias, 58 anos, \u00e9 graduado em Jornalismo, formado em Ci\u00eancias Sociais, com p\u00f3s-gradua\u00e7\u00e3o em Pol\u00edticas P\u00fablicas, mestre em Direito e Rela\u00e7\u00f5es Internacionais, ex-aluno extraordin\u00e1rio do Doutorado em Psicologia Social, ex-estudante do Curso de Psican\u00e1lise do Centro de Estudos Psicanal\u00edticos do Estado de Goi\u00e1s, ministrado pelo m\u00e9dico psiquiatra e psicanalista Daniel Em\u00eddio de Souza. \u00c9 autor de 30 livros-reportagem, oito document\u00e1rios, ganhou 30 pr\u00eamios e \u00e9 torcedor apaixonado do maior do Centro-Oeste, o Vila Nova Futebol Clube. Casado com Meirilane Dias, \u00e9 pai de Juliana Dias, jornalista; Daniel Dias, economista; e Maria Rosa Dias, estudante antifascista, socialista e trotskista.\u00a0Com tr\u00eas pets: Porquinho [Bull Dog Franc\u00eas], Dalila [Basset Hound] e Geleia [Basset Hound]. Al\u00e9m do eterno gato Tutuquinho, que virou estrela.\",\"sameAs\":[\"https:\\\/\\\/www.facebook.com\\\/renato.dias.37\",\"#breve\",\"https:\\\/\\\/renatodias.tumblr.com\\\/\"],\"url\":\"https:\\\/\\\/renatodias.online\\\/movimento\\\/author\\\/renatodias\\\/\"}]}<\/script>\n<!-- \/ Yoast SEO plugin. -->","yoast_head_json":{"title":"Explosivo: Lauriberto Reyes e Madre Maurina -","robots":{"index":"index","follow":"follow","max-snippet":"max-snippet:-1","max-image-preview":"max-image-preview:large","max-video-preview":"max-video-preview:-1"},"canonical":"https:\/\/renatodias.online\/movimento\/2023\/02\/19\/lauriberto-reyes-e-madre-maurina\/","og_locale":"pt_BR","og_type":"article","og_title":"Explosivo: Lauriberto Reyes e Madre Maurina -","og_description":"\u00a0Tortura e execu\u00e7\u00e3o a sangue frio \u00a0Cinema e Hist\u00f3ria\u00a0 Renato Dias\u00a0 Cantor, compositor, poeta, ele teve que ir \u00e0 guerra. Nascido em S\u00e3o Carlos [SP], estudou no Diocesano, ingressou na USP, testemunhou &#8220;in loco&#8221; a revolu\u00e7\u00e3o estudantil de 1968, em S\u00e3o Paulo. Membro da Seguran\u00e7a do XXX\u00b0 Congresso da UNE, que caiu no dia 12","og_url":"https:\/\/renatodias.online\/movimento\/2023\/02\/19\/lauriberto-reyes-e-madre-maurina\/","article_publisher":"https:\/\/www.facebook.com\/renato.dias.37","article_author":"https:\/\/www.facebook.com\/renato.dias.37","article_published_time":"2023-02-19T19:50:02+00:00","article_modified_time":"2023-02-19T19:50:21+00:00","og_image":[{"width":360,"height":240,"url":"https:\/\/renatodias.online\/movimento\/wp-content\/uploads\/2023\/02\/Selo-Madre-Maurina-Borges-e-Lauriberto-Reyes-e1676836162971.jpg","type":"image\/jpeg"}],"author":"Renato Dias","twitter_card":"summary_large_image","twitter_creator":"@RenatoDiasBat","twitter_site":"@RenatoDiasBat","twitter_misc":{"Escrito por":"Renato Dias","Est. tempo de leitura":"11 minutos"},"schema":{"@context":"https:\/\/schema.org","@graph":[{"@type":"Article","@id":"https:\/\/renatodias.online\/movimento\/2023\/02\/19\/lauriberto-reyes-e-madre-maurina\/#article","isPartOf":{"@id":"https:\/\/renatodias.online\/movimento\/2023\/02\/19\/lauriberto-reyes-e-madre-maurina\/"},"author":{"name":"Renato Dias","@id":"https:\/\/renatodias.online\/movimento\/#\/schema\/person\/bbab28833b1725a20f4083f49f1fb2a9"},"headline":"Explosivo: Lauriberto Reyes e Madre Maurina","datePublished":"2023-02-19T19:50:02+00:00","dateModified":"2023-02-19T19:50:21+00:00","mainEntityOfPage":{"@id":"https:\/\/renatodias.online\/movimento\/2023\/02\/19\/lauriberto-reyes-e-madre-maurina\/"},"wordCount":2190,"commentCount":0,"publisher":{"@id":"https:\/\/renatodias.online\/movimento\/#\/schema\/person\/bbab28833b1725a20f4083f49f1fb2a9"},"image":{"@id":"https:\/\/renatodias.online\/movimento\/2023\/02\/19\/lauriberto-reyes-e-madre-maurina\/#primaryimage"},"thumbnailUrl":"https:\/\/renatodias.online\/movimento\/wp-content\/uploads\/2023\/02\/Selo-Madre-Maurina-Borges-e-Lauriberto-Reyes-e1676836162971.jpg","articleSection":["Cinema"],"inLanguage":"pt-BR","potentialAction":[{"@type":"CommentAction","name":"Comment","target":["https:\/\/renatodias.online\/movimento\/2023\/02\/19\/lauriberto-reyes-e-madre-maurina\/#respond"]}]},{"@type":"WebPage","@id":"https:\/\/renatodias.online\/movimento\/2023\/02\/19\/lauriberto-reyes-e-madre-maurina\/","url":"https:\/\/renatodias.online\/movimento\/2023\/02\/19\/lauriberto-reyes-e-madre-maurina\/","name":"Explosivo: Lauriberto Reyes e Madre Maurina -","isPartOf":{"@id":"https:\/\/renatodias.online\/movimento\/#website"},"primaryImageOfPage":{"@id":"https:\/\/renatodias.online\/movimento\/2023\/02\/19\/lauriberto-reyes-e-madre-maurina\/#primaryimage"},"image":{"@id":"https:\/\/renatodias.online\/movimento\/2023\/02\/19\/lauriberto-reyes-e-madre-maurina\/#primaryimage"},"thumbnailUrl":"https:\/\/renatodias.online\/movimento\/wp-content\/uploads\/2023\/02\/Selo-Madre-Maurina-Borges-e-Lauriberto-Reyes-e1676836162971.jpg","datePublished":"2023-02-19T19:50:02+00:00","dateModified":"2023-02-19T19:50:21+00:00","breadcrumb":{"@id":"https:\/\/renatodias.online\/movimento\/2023\/02\/19\/lauriberto-reyes-e-madre-maurina\/#breadcrumb"},"inLanguage":"pt-BR","potentialAction":[{"@type":"ReadAction","target":["https:\/\/renatodias.online\/movimento\/2023\/02\/19\/lauriberto-reyes-e-madre-maurina\/"]}]},{"@type":"ImageObject","inLanguage":"pt-BR","@id":"https:\/\/renatodias.online\/movimento\/2023\/02\/19\/lauriberto-reyes-e-madre-maurina\/#primaryimage","url":"https:\/\/renatodias.online\/movimento\/wp-content\/uploads\/2023\/02\/Selo-Madre-Maurina-Borges-e-Lauriberto-Reyes-e1676836162971.jpg","contentUrl":"https:\/\/renatodias.online\/movimento\/wp-content\/uploads\/2023\/02\/Selo-Madre-Maurina-Borges-e-Lauriberto-Reyes-e1676836162971.jpg","width":360,"height":240,"caption":"Madre Maurina Borges e Lauriberto Reyes"},{"@type":"BreadcrumbList","@id":"https:\/\/renatodias.online\/movimento\/2023\/02\/19\/lauriberto-reyes-e-madre-maurina\/#breadcrumb","itemListElement":[{"@type":"ListItem","position":1,"name":"In\u00edcio","item":"https:\/\/renatodias.online\/movimento\/"},{"@type":"ListItem","position":2,"name":"Explosivo: Lauriberto Reyes e Madre Maurina"}]},{"@type":"WebSite","@id":"https:\/\/renatodias.online\/movimento\/#website","url":"https:\/\/renatodias.online\/movimento\/","name":"","description":"","publisher":{"@id":"https:\/\/renatodias.online\/movimento\/#\/schema\/person\/bbab28833b1725a20f4083f49f1fb2a9"},"potentialAction":[{"@type":"SearchAction","target":{"@type":"EntryPoint","urlTemplate":"https:\/\/renatodias.online\/movimento\/?s={search_term_string}"},"query-input":{"@type":"PropertyValueSpecification","valueRequired":true,"valueName":"search_term_string"}}],"inLanguage":"pt-BR"},{"@type":["Person","Organization"],"@id":"https:\/\/renatodias.online\/movimento\/#\/schema\/person\/bbab28833b1725a20f4083f49f1fb2a9","name":"Renato Dias","image":{"@type":"ImageObject","inLanguage":"pt-BR","@id":"https:\/\/renatodias.online\/movimento\/wp-content\/uploads\/2023\/03\/cropped-cropped-cropped-logofinal.jpeg","url":"https:\/\/renatodias.online\/movimento\/wp-content\/uploads\/2023\/03\/cropped-cropped-cropped-logofinal.jpeg","contentUrl":"https:\/\/renatodias.online\/movimento\/wp-content\/uploads\/2023\/03\/cropped-cropped-cropped-logofinal.jpeg","width":1280,"height":219,"caption":"Renato Dias"},"logo":{"@id":"https:\/\/renatodias.online\/movimento\/wp-content\/uploads\/2023\/03\/cropped-cropped-cropped-logofinal.jpeg"},"description":"Renato Dias, 58 anos, \u00e9 graduado em Jornalismo, formado em Ci\u00eancias Sociais, com p\u00f3s-gradua\u00e7\u00e3o em Pol\u00edticas P\u00fablicas, mestre em Direito e Rela\u00e7\u00f5es Internacionais, ex-aluno extraordin\u00e1rio do Doutorado em Psicologia Social, ex-estudante do Curso de Psican\u00e1lise do Centro de Estudos Psicanal\u00edticos do Estado de Goi\u00e1s, ministrado pelo m\u00e9dico psiquiatra e psicanalista Daniel Em\u00eddio de Souza. \u00c9 autor de 30 livros-reportagem, oito document\u00e1rios, ganhou 30 pr\u00eamios e \u00e9 torcedor apaixonado do maior do Centro-Oeste, o Vila Nova Futebol Clube. Casado com Meirilane Dias, \u00e9 pai de Juliana Dias, jornalista; Daniel Dias, economista; e Maria Rosa Dias, estudante antifascista, socialista e trotskista.\u00a0Com tr\u00eas pets: Porquinho [Bull Dog Franc\u00eas], Dalila [Basset Hound] e Geleia [Basset Hound]. Al\u00e9m do eterno gato Tutuquinho, que virou estrela.","sameAs":["https:\/\/www.facebook.com\/renato.dias.37","#breve","https:\/\/renatodias.tumblr.com\/"],"url":"https:\/\/renatodias.online\/movimento\/author\/renatodias\/"}]}},"_links":{"self":[{"href":"https:\/\/renatodias.online\/movimento\/wp-json\/wp\/v2\/posts\/15627","targetHints":{"allow":["GET"]}}],"collection":[{"href":"https:\/\/renatodias.online\/movimento\/wp-json\/wp\/v2\/posts"}],"about":[{"href":"https:\/\/renatodias.online\/movimento\/wp-json\/wp\/v2\/types\/post"}],"author":[{"embeddable":true,"href":"https:\/\/renatodias.online\/movimento\/wp-json\/wp\/v2\/users\/2"}],"replies":[{"embeddable":true,"href":"https:\/\/renatodias.online\/movimento\/wp-json\/wp\/v2\/comments?post=15627"}],"version-history":[{"count":2,"href":"https:\/\/renatodias.online\/movimento\/wp-json\/wp\/v2\/posts\/15627\/revisions"}],"predecessor-version":[{"id":15647,"href":"https:\/\/renatodias.online\/movimento\/wp-json\/wp\/v2\/posts\/15627\/revisions\/15647"}],"wp:featuredmedia":[{"embeddable":true,"href":"https:\/\/renatodias.online\/movimento\/wp-json\/wp\/v2\/media\/15645"}],"wp:attachment":[{"href":"https:\/\/renatodias.online\/movimento\/wp-json\/wp\/v2\/media?parent=15627"}],"wp:term":[{"taxonomy":"category","embeddable":true,"href":"https:\/\/renatodias.online\/movimento\/wp-json\/wp\/v2\/categories?post=15627"},{"taxonomy":"post_tag","embeddable":true,"href":"https:\/\/renatodias.online\/movimento\/wp-json\/wp\/v2\/tags?post=15627"}],"curies":[{"name":"wp","href":"https:\/\/api.w.org\/{rel}","templated":true}]}}