{"id":15548,"date":"2023-02-10T20:22:45","date_gmt":"2023-02-10T23:22:45","guid":{"rendered":"https:\/\/renatodias.online\/movimento\/?p=15548"},"modified":"2023-02-10T20:22:45","modified_gmt":"2023-02-10T23:22:45","slug":"manzi-5-1-na-luta-de-classes","status":"publish","type":"post","link":"https:\/\/renatodias.online\/movimento\/2023\/02\/10\/manzi-5-1-na-luta-de-classes\/","title":{"rendered":"Manzi 5.1: na luta de classes"},"content":{"rendered":"<p><strong><img loading=\"lazy\" decoding=\"async\" class=\"aligncenter wp-image-15060 size-full\" src=\"https:\/\/renatodias.online\/movimento\/wp-content\/uploads\/2022\/12\/Dia-especial.jpg\" alt=\"\" width=\"1280\" height=\"720\" \/><\/strong><\/p>\n<h2 style=\"text-align: center;\"><span style=\"color: #0000ff;\"><strong>Presidente do Sindisa\u00fade, diretor da CUT e l\u00edder da EPS<\/strong><\/span><\/h2>\n<p><span style=\"color: #ff0000;\"><strong>Renato Dias<\/strong><\/span><\/p>\n<p><img loading=\"lazy\" decoding=\"async\" class=\"size-medium wp-image-15550 aligncenter\" src=\"https:\/\/renatodias.online\/movimento\/wp-content\/uploads\/2023\/02\/Ricardo-Manzi-5.1-300x300.jpg\" alt=\"\" width=\"300\" height=\"300\" srcset=\"https:\/\/renatodias.online\/movimento\/wp-content\/uploads\/2023\/02\/Ricardo-Manzi-5.1-300x300.jpg 300w, https:\/\/renatodias.online\/movimento\/wp-content\/uploads\/2023\/02\/Ricardo-Manzi-5.1-1024x1024.jpg 1024w, https:\/\/renatodias.online\/movimento\/wp-content\/uploads\/2023\/02\/Ricardo-Manzi-5.1-150x150.jpg 150w, https:\/\/renatodias.online\/movimento\/wp-content\/uploads\/2023\/02\/Ricardo-Manzi-5.1-768x768.jpg 768w, https:\/\/renatodias.online\/movimento\/wp-content\/uploads\/2023\/02\/Ricardo-Manzi-5.1-750x750.jpg 750w, https:\/\/renatodias.online\/movimento\/wp-content\/uploads\/2023\/02\/Ricardo-Manzi-5.1.jpg 1080w\" sizes=\"auto, (max-width: 300px) 100vw, 300px\" \/><\/p>\n<p>O presidente do <strong>Sindisa\u00fade<\/strong>, diretor da Central \u00danica dos Trabalhadores [<strong>CUT<\/strong>], se\u00e7\u00e3o de Goi\u00e1s, e dirigente da <strong>Esquerda Popular Socialista<\/strong>, tend\u00eancia gauche do <strong>PT<\/strong>, <span style=\"color: #ff0000;\"><strong>Ricardo Manzi<\/strong><\/span>, completa, hoje, <strong>10 de fevereiro de 2023<\/strong>, <strong>51 anos<\/strong> de idade. Protagonista na luta de classes no Brasil. Graduado em Farm\u00e1cia.<\/p>\n<p><img loading=\"lazy\" decoding=\"async\" class=\"size-medium wp-image-14125 aligncenter\" src=\"https:\/\/renatodias.online\/movimento\/wp-content\/uploads\/2022\/09\/Saiba-mais-300x103.png\" alt=\"\" width=\"300\" height=\"103\" srcset=\"https:\/\/renatodias.online\/movimento\/wp-content\/uploads\/2022\/09\/Saiba-mais-300x103.png 300w, https:\/\/renatodias.online\/movimento\/wp-content\/uploads\/2022\/09\/Saiba-mais.png 572w\" sizes=\"auto, (max-width: 300px) 100vw, 300px\" \/><\/p>\n<blockquote>\n<h1><span style=\"color: #ff0000;\"><strong>Trabalho contra a explora\u00e7\u00e3o do capital<\/strong><\/span><\/h1>\n<\/blockquote>\n<figure id=\"attachment_5301\" aria-describedby=\"caption-attachment-5301\" style=\"width: 248px\" class=\"wp-caption aligncenter\"><img loading=\"lazy\" decoding=\"async\" class=\"size-medium wp-image-5301\" src=\"https:\/\/renatodias.online\/movimento\/wp-content\/uploads\/2021\/03\/Caricatura-de-Karl-Marx-248x300.png\" alt=\"\" width=\"248\" height=\"300\" srcset=\"https:\/\/renatodias.online\/movimento\/wp-content\/uploads\/2021\/03\/Caricatura-de-Karl-Marx-248x300.png 248w, https:\/\/renatodias.online\/movimento\/wp-content\/uploads\/2021\/03\/Caricatura-de-Karl-Marx.png 300w\" sizes=\"auto, (max-width: 248px) 100vw, 248px\" \/><figcaption id=\"caption-attachment-5301\" class=\"wp-caption-text\"><span style=\"color: #ff00ff;\"><strong>Karl Marx<\/strong><\/span><\/figcaption><\/figure>\n<p>Adepto das ideias de Karl Marx, Friedrich Engels, Vladimir Ilich Ulianov, codinome L\u00eanin, e Liev Davidovich Bronstein, nom de guerre Leon Trotski, ele \u00e9 leitor de Antonio Gramsci e tem Che Guevara como refer\u00eancia. Mais: o sindicalista \u00e9 casado com a odont\u00f3loga <span style=\"color: #ff0000;\"><strong>Sulane Dias<\/strong><\/span>, da <strong>Rep\u00fablica de Rosel\u00e2ndia.<\/strong><\/p>\n<blockquote>\n<h1><span style=\"color: #008000;\"><strong>Sem anistia a Jair Messias Bolsonaro<\/strong><\/span><\/h1>\n<\/blockquote>\n<p><img loading=\"lazy\" decoding=\"async\" class=\"alignnone wp-image-15349 size-full\" src=\"https:\/\/renatodias.online\/movimento\/wp-content\/uploads\/2023\/01\/Yanomami-acerto-de-contas-com-Jair-Bolsonaro.png\" alt=\"\" width=\"963\" height=\"690\" \/><\/p>\n","protected":false},"excerpt":{"rendered":"<p>Presidente do Sindisa\u00fade, diretor da CUT e l\u00edder da EPS Renato Dias O presidente do Sindisa\u00fade, diretor da Central \u00danica dos Trabalhadores [CUT], se\u00e7\u00e3o de Goi\u00e1s, e dirigente da Esquerda Popular Socialista, tend\u00eancia gauche do PT, Ricardo Manzi, completa, hoje, 10 de fevereiro de 2023, 51 anos de idade. Protagonista na luta de classes no<\/p>\n","protected":false},"author":2,"featured_media":15549,"comment_status":"open","ping_status":"open","sticky":false,"template":"","format":"standard","meta":{"_acf_changed":false,"_monsterinsights_skip_tracking":false,"_monsterinsights_sitenote_active":false,"_monsterinsights_sitenote_note":"","_monsterinsights_sitenote_category":0,"footnotes":""},"categories":[4],"tags":[],"class_list":["post-15548","post","type-post","status-publish","format-standard","has-post-thumbnail","hentry","category-politica"],"acf":[],"yoast_head":"<!-- This site is optimized with the Yoast SEO plugin v27.4 - https:\/\/yoast.com\/product\/yoast-seo-wordpress\/ -->\n<title>Manzi 5.1: na luta de classes -<\/title>\n<meta name=\"robots\" content=\"index, follow, max-snippet:-1, max-image-preview:large, max-video-preview:-1\" \/>\n<link rel=\"canonical\" href=\"https:\/\/renatodias.online\/movimento\/2023\/02\/10\/manzi-5-1-na-luta-de-classes\/\" \/>\n<meta property=\"og:locale\" content=\"pt_BR\" \/>\n<meta property=\"og:type\" content=\"article\" \/>\n<meta property=\"og:title\" content=\"Manzi 5.1: na luta de classes -\" \/>\n<meta property=\"og:description\" content=\"Presidente do Sindisa\u00fade, diretor da CUT e l\u00edder da EPS Renato Dias O presidente do Sindisa\u00fade, diretor da Central \u00danica dos Trabalhadores [CUT], se\u00e7\u00e3o de Goi\u00e1s, e dirigente da Esquerda Popular Socialista, tend\u00eancia gauche do PT, Ricardo Manzi, completa, hoje, 10 de fevereiro de 2023, 51 anos de idade. Protagonista na luta de classes no\" \/>\n<meta property=\"og:url\" content=\"https:\/\/renatodias.online\/movimento\/2023\/02\/10\/manzi-5-1-na-luta-de-classes\/\" \/>\n<meta property=\"article:publisher\" content=\"https:\/\/www.facebook.com\/renato.dias.37\" \/>\n<meta property=\"article:author\" content=\"https:\/\/www.facebook.com\/renato.dias.37\" \/>\n<meta property=\"article:published_time\" content=\"2023-02-10T23:22:45+00:00\" \/>\n<meta property=\"og:image\" content=\"https:\/\/renatodias.online\/movimento\/wp-content\/uploads\/2023\/02\/Ricardo-Manzi-especial-e1676071244766.png\" \/>\n\t<meta property=\"og:image:width\" content=\"305\" \/>\n\t<meta property=\"og:image:height\" content=\"300\" \/>\n\t<meta property=\"og:image:type\" content=\"image\/png\" \/>\n<meta name=\"author\" content=\"Renato Dias\" \/>\n<meta name=\"twitter:card\" content=\"summary_large_image\" \/>\n<meta name=\"twitter:creator\" content=\"@RenatoDiasBat\" \/>\n<meta name=\"twitter:site\" content=\"@RenatoDiasBat\" \/>\n<meta name=\"twitter:label1\" content=\"Escrito por\" \/>\n\t<meta name=\"twitter:data1\" content=\"Renato Dias\" \/>\n\t<meta name=\"twitter:label2\" content=\"Est. tempo de leitura\" \/>\n\t<meta name=\"twitter:data2\" content=\"1 minuto\" \/>\n<script type=\"application\/ld+json\" class=\"yoast-schema-graph\">{\"@context\":\"https:\\\/\\\/schema.org\",\"@graph\":[{\"@type\":\"Article\",\"@id\":\"https:\\\/\\\/renatodias.online\\\/movimento\\\/2023\\\/02\\\/10\\\/manzi-5-1-na-luta-de-classes\\\/#article\",\"isPartOf\":{\"@id\":\"https:\\\/\\\/renatodias.online\\\/movimento\\\/2023\\\/02\\\/10\\\/manzi-5-1-na-luta-de-classes\\\/\"},\"author\":{\"name\":\"Renato Dias\",\"@id\":\"https:\\\/\\\/renatodias.online\\\/movimento\\\/#\\\/schema\\\/person\\\/bbab28833b1725a20f4083f49f1fb2a9\"},\"headline\":\"Manzi 5.1: na luta de classes\",\"datePublished\":\"2023-02-10T23:22:45+00:00\",\"mainEntityOfPage\":{\"@id\":\"https:\\\/\\\/renatodias.online\\\/movimento\\\/2023\\\/02\\\/10\\\/manzi-5-1-na-luta-de-classes\\\/\"},\"wordCount\":141,\"commentCount\":0,\"publisher\":{\"@id\":\"https:\\\/\\\/renatodias.online\\\/movimento\\\/#\\\/schema\\\/person\\\/bbab28833b1725a20f4083f49f1fb2a9\"},\"image\":{\"@id\":\"https:\\\/\\\/renatodias.online\\\/movimento\\\/2023\\\/02\\\/10\\\/manzi-5-1-na-luta-de-classes\\\/#primaryimage\"},\"thumbnailUrl\":\"https:\\\/\\\/renatodias.online\\\/movimento\\\/wp-content\\\/uploads\\\/2023\\\/02\\\/Ricardo-Manzi-especial-e1676071244766.png\",\"articleSection\":[\"Pol\u00edtica\"],\"inLanguage\":\"pt-BR\",\"potentialAction\":[{\"@type\":\"CommentAction\",\"name\":\"Comment\",\"target\":[\"https:\\\/\\\/renatodias.online\\\/movimento\\\/2023\\\/02\\\/10\\\/manzi-5-1-na-luta-de-classes\\\/#respond\"]}]},{\"@type\":\"WebPage\",\"@id\":\"https:\\\/\\\/renatodias.online\\\/movimento\\\/2023\\\/02\\\/10\\\/manzi-5-1-na-luta-de-classes\\\/\",\"url\":\"https:\\\/\\\/renatodias.online\\\/movimento\\\/2023\\\/02\\\/10\\\/manzi-5-1-na-luta-de-classes\\\/\",\"name\":\"Manzi 5.1: na luta de classes -\",\"isPartOf\":{\"@id\":\"https:\\\/\\\/renatodias.online\\\/movimento\\\/#website\"},\"primaryImageOfPage\":{\"@id\":\"https:\\\/\\\/renatodias.online\\\/movimento\\\/2023\\\/02\\\/10\\\/manzi-5-1-na-luta-de-classes\\\/#primaryimage\"},\"image\":{\"@id\":\"https:\\\/\\\/renatodias.online\\\/movimento\\\/2023\\\/02\\\/10\\\/manzi-5-1-na-luta-de-classes\\\/#primaryimage\"},\"thumbnailUrl\":\"https:\\\/\\\/renatodias.online\\\/movimento\\\/wp-content\\\/uploads\\\/2023\\\/02\\\/Ricardo-Manzi-especial-e1676071244766.png\",\"datePublished\":\"2023-02-10T23:22:45+00:00\",\"breadcrumb\":{\"@id\":\"https:\\\/\\\/renatodias.online\\\/movimento\\\/2023\\\/02\\\/10\\\/manzi-5-1-na-luta-de-classes\\\/#breadcrumb\"},\"inLanguage\":\"pt-BR\",\"potentialAction\":[{\"@type\":\"ReadAction\",\"target\":[\"https:\\\/\\\/renatodias.online\\\/movimento\\\/2023\\\/02\\\/10\\\/manzi-5-1-na-luta-de-classes\\\/\"]}]},{\"@type\":\"ImageObject\",\"inLanguage\":\"pt-BR\",\"@id\":\"https:\\\/\\\/renatodias.online\\\/movimento\\\/2023\\\/02\\\/10\\\/manzi-5-1-na-luta-de-classes\\\/#primaryimage\",\"url\":\"https:\\\/\\\/renatodias.online\\\/movimento\\\/wp-content\\\/uploads\\\/2023\\\/02\\\/Ricardo-Manzi-especial-e1676071244766.png\",\"contentUrl\":\"https:\\\/\\\/renatodias.online\\\/movimento\\\/wp-content\\\/uploads\\\/2023\\\/02\\\/Ricardo-Manzi-especial-e1676071244766.png\",\"width\":305,\"height\":300},{\"@type\":\"BreadcrumbList\",\"@id\":\"https:\\\/\\\/renatodias.online\\\/movimento\\\/2023\\\/02\\\/10\\\/manzi-5-1-na-luta-de-classes\\\/#breadcrumb\",\"itemListElement\":[{\"@type\":\"ListItem\",\"position\":1,\"name\":\"In\u00edcio\",\"item\":\"https:\\\/\\\/renatodias.online\\\/movimento\\\/\"},{\"@type\":\"ListItem\",\"position\":2,\"name\":\"Manzi 5.1: na luta de classes\"}]},{\"@type\":\"WebSite\",\"@id\":\"https:\\\/\\\/renatodias.online\\\/movimento\\\/#website\",\"url\":\"https:\\\/\\\/renatodias.online\\\/movimento\\\/\",\"name\":\"\",\"description\":\"\",\"publisher\":{\"@id\":\"https:\\\/\\\/renatodias.online\\\/movimento\\\/#\\\/schema\\\/person\\\/bbab28833b1725a20f4083f49f1fb2a9\"},\"potentialAction\":[{\"@type\":\"SearchAction\",\"target\":{\"@type\":\"EntryPoint\",\"urlTemplate\":\"https:\\\/\\\/renatodias.online\\\/movimento\\\/?s={search_term_string}\"},\"query-input\":{\"@type\":\"PropertyValueSpecification\",\"valueRequired\":true,\"valueName\":\"search_term_string\"}}],\"inLanguage\":\"pt-BR\"},{\"@type\":[\"Person\",\"Organization\"],\"@id\":\"https:\\\/\\\/renatodias.online\\\/movimento\\\/#\\\/schema\\\/person\\\/bbab28833b1725a20f4083f49f1fb2a9\",\"name\":\"Renato Dias\",\"image\":{\"@type\":\"ImageObject\",\"inLanguage\":\"pt-BR\",\"@id\":\"https:\\\/\\\/renatodias.online\\\/movimento\\\/wp-content\\\/uploads\\\/2023\\\/03\\\/cropped-cropped-cropped-logofinal.jpeg\",\"url\":\"https:\\\/\\\/renatodias.online\\\/movimento\\\/wp-content\\\/uploads\\\/2023\\\/03\\\/cropped-cropped-cropped-logofinal.jpeg\",\"contentUrl\":\"https:\\\/\\\/renatodias.online\\\/movimento\\\/wp-content\\\/uploads\\\/2023\\\/03\\\/cropped-cropped-cropped-logofinal.jpeg\",\"width\":1280,\"height\":219,\"caption\":\"Renato Dias\"},\"logo\":{\"@id\":\"https:\\\/\\\/renatodias.online\\\/movimento\\\/wp-content\\\/uploads\\\/2023\\\/03\\\/cropped-cropped-cropped-logofinal.jpeg\"},\"description\":\"Renato Dias, 58 anos, \u00e9 graduado em Jornalismo, formado em Ci\u00eancias Sociais, com p\u00f3s-gradua\u00e7\u00e3o em Pol\u00edticas P\u00fablicas, mestre em Direito e Rela\u00e7\u00f5es Internacionais, ex-aluno extraordin\u00e1rio do Doutorado em Psicologia Social, ex-estudante do Curso de Psican\u00e1lise do Centro de Estudos Psicanal\u00edticos do Estado de Goi\u00e1s, ministrado pelo m\u00e9dico psiquiatra e psicanalista Daniel Em\u00eddio de Souza. \u00c9 autor de 30 livros-reportagem, oito document\u00e1rios, ganhou 30 pr\u00eamios e \u00e9 torcedor apaixonado do maior do Centro-Oeste, o Vila Nova Futebol Clube. Casado com Meirilane Dias, \u00e9 pai de Juliana Dias, jornalista; Daniel Dias, economista; e Maria Rosa Dias, estudante antifascista, socialista e trotskista.\u00a0Com tr\u00eas pets: Porquinho [Bull Dog Franc\u00eas], Dalila [Basset Hound] e Geleia [Basset Hound]. Al\u00e9m do eterno gato Tutuquinho, que virou estrela.\",\"sameAs\":[\"https:\\\/\\\/www.facebook.com\\\/renato.dias.37\",\"#breve\",\"https:\\\/\\\/renatodias.tumblr.com\\\/\"],\"url\":\"https:\\\/\\\/renatodias.online\\\/movimento\\\/author\\\/renatodias\\\/\"}]}<\/script>\n<!-- \/ Yoast SEO plugin. -->","yoast_head_json":{"title":"Manzi 5.1: na luta de classes -","robots":{"index":"index","follow":"follow","max-snippet":"max-snippet:-1","max-image-preview":"max-image-preview:large","max-video-preview":"max-video-preview:-1"},"canonical":"https:\/\/renatodias.online\/movimento\/2023\/02\/10\/manzi-5-1-na-luta-de-classes\/","og_locale":"pt_BR","og_type":"article","og_title":"Manzi 5.1: na luta de classes -","og_description":"Presidente do Sindisa\u00fade, diretor da CUT e l\u00edder da EPS Renato Dias O presidente do Sindisa\u00fade, diretor da Central \u00danica dos Trabalhadores [CUT], se\u00e7\u00e3o de Goi\u00e1s, e dirigente da Esquerda Popular Socialista, tend\u00eancia gauche do PT, Ricardo Manzi, completa, hoje, 10 de fevereiro de 2023, 51 anos de idade. Protagonista na luta de classes no","og_url":"https:\/\/renatodias.online\/movimento\/2023\/02\/10\/manzi-5-1-na-luta-de-classes\/","article_publisher":"https:\/\/www.facebook.com\/renato.dias.37","article_author":"https:\/\/www.facebook.com\/renato.dias.37","article_published_time":"2023-02-10T23:22:45+00:00","og_image":[{"width":305,"height":300,"url":"https:\/\/renatodias.online\/movimento\/wp-content\/uploads\/2023\/02\/Ricardo-Manzi-especial-e1676071244766.png","type":"image\/png"}],"author":"Renato Dias","twitter_card":"summary_large_image","twitter_creator":"@RenatoDiasBat","twitter_site":"@RenatoDiasBat","twitter_misc":{"Escrito por":"Renato Dias","Est. tempo de leitura":"1 minuto"},"schema":{"@context":"https:\/\/schema.org","@graph":[{"@type":"Article","@id":"https:\/\/renatodias.online\/movimento\/2023\/02\/10\/manzi-5-1-na-luta-de-classes\/#article","isPartOf":{"@id":"https:\/\/renatodias.online\/movimento\/2023\/02\/10\/manzi-5-1-na-luta-de-classes\/"},"author":{"name":"Renato Dias","@id":"https:\/\/renatodias.online\/movimento\/#\/schema\/person\/bbab28833b1725a20f4083f49f1fb2a9"},"headline":"Manzi 5.1: na luta de classes","datePublished":"2023-02-10T23:22:45+00:00","mainEntityOfPage":{"@id":"https:\/\/renatodias.online\/movimento\/2023\/02\/10\/manzi-5-1-na-luta-de-classes\/"},"wordCount":141,"commentCount":0,"publisher":{"@id":"https:\/\/renatodias.online\/movimento\/#\/schema\/person\/bbab28833b1725a20f4083f49f1fb2a9"},"image":{"@id":"https:\/\/renatodias.online\/movimento\/2023\/02\/10\/manzi-5-1-na-luta-de-classes\/#primaryimage"},"thumbnailUrl":"https:\/\/renatodias.online\/movimento\/wp-content\/uploads\/2023\/02\/Ricardo-Manzi-especial-e1676071244766.png","articleSection":["Pol\u00edtica"],"inLanguage":"pt-BR","potentialAction":[{"@type":"CommentAction","name":"Comment","target":["https:\/\/renatodias.online\/movimento\/2023\/02\/10\/manzi-5-1-na-luta-de-classes\/#respond"]}]},{"@type":"WebPage","@id":"https:\/\/renatodias.online\/movimento\/2023\/02\/10\/manzi-5-1-na-luta-de-classes\/","url":"https:\/\/renatodias.online\/movimento\/2023\/02\/10\/manzi-5-1-na-luta-de-classes\/","name":"Manzi 5.1: na luta de classes -","isPartOf":{"@id":"https:\/\/renatodias.online\/movimento\/#website"},"primaryImageOfPage":{"@id":"https:\/\/renatodias.online\/movimento\/2023\/02\/10\/manzi-5-1-na-luta-de-classes\/#primaryimage"},"image":{"@id":"https:\/\/renatodias.online\/movimento\/2023\/02\/10\/manzi-5-1-na-luta-de-classes\/#primaryimage"},"thumbnailUrl":"https:\/\/renatodias.online\/movimento\/wp-content\/uploads\/2023\/02\/Ricardo-Manzi-especial-e1676071244766.png","datePublished":"2023-02-10T23:22:45+00:00","breadcrumb":{"@id":"https:\/\/renatodias.online\/movimento\/2023\/02\/10\/manzi-5-1-na-luta-de-classes\/#breadcrumb"},"inLanguage":"pt-BR","potentialAction":[{"@type":"ReadAction","target":["https:\/\/renatodias.online\/movimento\/2023\/02\/10\/manzi-5-1-na-luta-de-classes\/"]}]},{"@type":"ImageObject","inLanguage":"pt-BR","@id":"https:\/\/renatodias.online\/movimento\/2023\/02\/10\/manzi-5-1-na-luta-de-classes\/#primaryimage","url":"https:\/\/renatodias.online\/movimento\/wp-content\/uploads\/2023\/02\/Ricardo-Manzi-especial-e1676071244766.png","contentUrl":"https:\/\/renatodias.online\/movimento\/wp-content\/uploads\/2023\/02\/Ricardo-Manzi-especial-e1676071244766.png","width":305,"height":300},{"@type":"BreadcrumbList","@id":"https:\/\/renatodias.online\/movimento\/2023\/02\/10\/manzi-5-1-na-luta-de-classes\/#breadcrumb","itemListElement":[{"@type":"ListItem","position":1,"name":"In\u00edcio","item":"https:\/\/renatodias.online\/movimento\/"},{"@type":"ListItem","position":2,"name":"Manzi 5.1: na luta de classes"}]},{"@type":"WebSite","@id":"https:\/\/renatodias.online\/movimento\/#website","url":"https:\/\/renatodias.online\/movimento\/","name":"","description":"","publisher":{"@id":"https:\/\/renatodias.online\/movimento\/#\/schema\/person\/bbab28833b1725a20f4083f49f1fb2a9"},"potentialAction":[{"@type":"SearchAction","target":{"@type":"EntryPoint","urlTemplate":"https:\/\/renatodias.online\/movimento\/?s={search_term_string}"},"query-input":{"@type":"PropertyValueSpecification","valueRequired":true,"valueName":"search_term_string"}}],"inLanguage":"pt-BR"},{"@type":["Person","Organization"],"@id":"https:\/\/renatodias.online\/movimento\/#\/schema\/person\/bbab28833b1725a20f4083f49f1fb2a9","name":"Renato Dias","image":{"@type":"ImageObject","inLanguage":"pt-BR","@id":"https:\/\/renatodias.online\/movimento\/wp-content\/uploads\/2023\/03\/cropped-cropped-cropped-logofinal.jpeg","url":"https:\/\/renatodias.online\/movimento\/wp-content\/uploads\/2023\/03\/cropped-cropped-cropped-logofinal.jpeg","contentUrl":"https:\/\/renatodias.online\/movimento\/wp-content\/uploads\/2023\/03\/cropped-cropped-cropped-logofinal.jpeg","width":1280,"height":219,"caption":"Renato Dias"},"logo":{"@id":"https:\/\/renatodias.online\/movimento\/wp-content\/uploads\/2023\/03\/cropped-cropped-cropped-logofinal.jpeg"},"description":"Renato Dias, 58 anos, \u00e9 graduado em Jornalismo, formado em Ci\u00eancias Sociais, com p\u00f3s-gradua\u00e7\u00e3o em Pol\u00edticas P\u00fablicas, mestre em Direito e Rela\u00e7\u00f5es Internacionais, ex-aluno extraordin\u00e1rio do Doutorado em Psicologia Social, ex-estudante do Curso de Psican\u00e1lise do Centro de Estudos Psicanal\u00edticos do Estado de Goi\u00e1s, ministrado pelo m\u00e9dico psiquiatra e psicanalista Daniel Em\u00eddio de Souza. \u00c9 autor de 30 livros-reportagem, oito document\u00e1rios, ganhou 30 pr\u00eamios e \u00e9 torcedor apaixonado do maior do Centro-Oeste, o Vila Nova Futebol Clube. Casado com Meirilane Dias, \u00e9 pai de Juliana Dias, jornalista; Daniel Dias, economista; e Maria Rosa Dias, estudante antifascista, socialista e trotskista.\u00a0Com tr\u00eas pets: Porquinho [Bull Dog Franc\u00eas], Dalila [Basset Hound] e Geleia [Basset Hound]. Al\u00e9m do eterno gato Tutuquinho, que virou estrela.","sameAs":["https:\/\/www.facebook.com\/renato.dias.37","#breve","https:\/\/renatodias.tumblr.com\/"],"url":"https:\/\/renatodias.online\/movimento\/author\/renatodias\/"}]}},"_links":{"self":[{"href":"https:\/\/renatodias.online\/movimento\/wp-json\/wp\/v2\/posts\/15548","targetHints":{"allow":["GET"]}}],"collection":[{"href":"https:\/\/renatodias.online\/movimento\/wp-json\/wp\/v2\/posts"}],"about":[{"href":"https:\/\/renatodias.online\/movimento\/wp-json\/wp\/v2\/types\/post"}],"author":[{"embeddable":true,"href":"https:\/\/renatodias.online\/movimento\/wp-json\/wp\/v2\/users\/2"}],"replies":[{"embeddable":true,"href":"https:\/\/renatodias.online\/movimento\/wp-json\/wp\/v2\/comments?post=15548"}],"version-history":[{"count":1,"href":"https:\/\/renatodias.online\/movimento\/wp-json\/wp\/v2\/posts\/15548\/revisions"}],"predecessor-version":[{"id":15551,"href":"https:\/\/renatodias.online\/movimento\/wp-json\/wp\/v2\/posts\/15548\/revisions\/15551"}],"wp:featuredmedia":[{"embeddable":true,"href":"https:\/\/renatodias.online\/movimento\/wp-json\/wp\/v2\/media\/15549"}],"wp:attachment":[{"href":"https:\/\/renatodias.online\/movimento\/wp-json\/wp\/v2\/media?parent=15548"}],"wp:term":[{"taxonomy":"category","embeddable":true,"href":"https:\/\/renatodias.online\/movimento\/wp-json\/wp\/v2\/categories?post=15548"},{"taxonomy":"post_tag","embeddable":true,"href":"https:\/\/renatodias.online\/movimento\/wp-json\/wp\/v2\/tags?post=15548"}],"curies":[{"name":"wp","href":"https:\/\/api.w.org\/{rel}","templated":true}]}}