{"id":15519,"date":"2023-02-08T14:59:10","date_gmt":"2023-02-08T17:59:10","guid":{"rendered":"https:\/\/renatodias.online\/movimento\/?p=15519"},"modified":"2023-02-08T14:59:10","modified_gmt":"2023-02-08T17:59:10","slug":"pc-do-b-100-anos-de-lutas","status":"publish","type":"post","link":"https:\/\/renatodias.online\/movimento\/2023\/02\/08\/pc-do-b-100-anos-de-lutas\/","title":{"rendered":"PC do B: 100 anos de lutas"},"content":{"rendered":"<p><strong><img loading=\"lazy\" decoding=\"async\" class=\"size-medium wp-image-5007 aligncenter\" src=\"https:\/\/renatodias.online\/movimento\/wp-content\/uploads\/2021\/01\/Alto-da-p\u00e1gina-Banner-Exclusivo-300x91.png\" alt=\"\" width=\"300\" height=\"91\" \/><\/strong><\/p>\n<p style=\"text-align: center;\"><strong>\u00a0<\/strong><strong><span style=\"color: #ff0000;\">Os pr\u00f3ximos 100 anos ser\u00e3o de busca, conquista e pr\u00e1tica do poder pol\u00edtico socialista no Brasil<\/span> <\/strong><\/p>\n<h1 style=\"text-align: center;\"><span style=\"color: #008000;\"><strong>Euler Ivo Vieira<\/strong><\/span><\/h1>\n<p><span style=\"color: #0000ff;\"><strong>Queridos e queridas camaradas do PCdoB<\/strong><\/span><\/p>\n<p>Eu venho saudar a todos voc\u00eas militantes, quadros e dirigentes de nosso glorioso partido comunista, criado por orienta\u00e7\u00e3o direta de L\u00eanin, que nesse um s\u00e9culo lutou com resist\u00eancia, bravura e tenacidade por sua exist\u00eancia, sempre integrado na luta de nosso povo e nossa p\u00e1tria. Ao longo dos 100 anos de atua\u00e7\u00e3o ininterrupta na hist\u00f3ria, o PC do B foi se transformando numa esp\u00e9cie de institui\u00e7\u00e3o do povo. Ele caminha\u00a0para ser um partido sem dono, cacique ou coronel.\u00a0<strong>Acredito que nesses 100 anos fomos um partido da resist\u00eancia e da sobreviv\u00eancia.\u00a0<\/strong><\/p>\n<p>&nbsp;<\/p>\n<figure id=\"attachment_4014\" aria-describedby=\"caption-attachment-4014\" style=\"width: 224px\" class=\"wp-caption aligncenter\"><img loading=\"lazy\" decoding=\"async\" class=\"size-medium wp-image-4014\" src=\"https:\/\/renatodias.online\/movimento\/wp-content\/uploads\/2020\/06\/Vladimir-Ilich-Ulianov-L\u00eanin-4-224x300.jpg\" alt=\"\" width=\"224\" height=\"300\" \/><figcaption id=\"caption-attachment-4014\" class=\"wp-caption-text\"><span style=\"color: #800000;\"><strong>Vladimir Ilich Ulianov \u2013 L\u00eanin<\/strong><\/span><\/figcaption><\/figure>\n<p>Por\u00e9m agora, nesse momento de comemora\u00e7\u00e3o do passado, e tamb\u00e9m nesses <strong>primeiros passos de um novo s\u00e9culo<\/strong> que se inicia em sua hist\u00f3ria, ainda que lentamente e com algumas resist\u00eancias, haveremos de passar em revista nossa pr\u00e1tica, nosso rumo pol\u00edtico em que fomos metidos.\u00a0E tra\u00e7ar uma nova atua\u00e7\u00e3o, n\u00e3o apenas da continuidade da resist\u00eancia e da sobreviv\u00eancia e da atua\u00e7\u00e3o por reformas, que tivemos at\u00e9 agora, mas assumir com destemor, o papel que sempre foi esperado de n\u00f3s:\u00a0 A miss\u00e3o de organizar os assalariados.<\/p>\n<figure id=\"attachment_9076\" aria-describedby=\"caption-attachment-9076\" style=\"width: 900px\" class=\"wp-caption alignnone\"><img loading=\"lazy\" decoding=\"async\" class=\"size-full wp-image-9076\" src=\"https:\/\/renatodias.online\/movimento\/wp-content\/uploads\/2021\/09\/Fundacao-do-PCB-em-1922.jpg\" alt=\"\" width=\"900\" height=\"635\" \/><figcaption id=\"caption-attachment-9076\" class=\"wp-caption-text\"><span style=\"color: #800000;\"><strong>Funda\u00e7\u00e3o do PCB em 25 de mar\u00e7o do ano de 1922<\/strong><\/span><\/figcaption><\/figure>\n<p><strong>Os despossu\u00eddos e os exclu\u00eddos. Para buscar e tomar o poder pol\u00edtico em nosso pa\u00eds.<\/strong> Como a mais importante ferramenta para construir o socialismo no Brasil. O poder pol\u00edtico n\u00e3o vir\u00e1 da maior ou menor presen\u00e7a dos comunistas no parlamento e no estado burgu\u00eas brasileiro.\u00a0Ainda que importante, ela ser\u00e1 sempre min\u00fascula e impotente. O poder pol\u00edtico est\u00e1 nas armas e nas for\u00e7as armadas.\u00a0Se o queremos conquistar, teremos de encarar essa realidade de fren\u00adte.\u00a0Estudar e atuar nas quest\u00f5es e institui\u00e7\u00f5es n\u00e3o s\u00f3 pol\u00edticas e sociais, mas militares.<\/p>\n<blockquote>\n<h1><strong><span style=\"color: #ff0000;\">A luta contra a fome no Brasil<\/span><br \/>\n<\/strong><\/h1>\n<\/blockquote>\n<figure id=\"attachment_9483\" aria-describedby=\"caption-attachment-9483\" style=\"width: 981px\" class=\"wp-caption alignnone\"><img loading=\"lazy\" decoding=\"async\" class=\"wp-image-9483 size-full\" src=\"https:\/\/renatodias.online\/movimento\/wp-content\/uploads\/2021\/11\/A-fome.jpg\" alt=\"\" width=\"981\" height=\"654\" \/><figcaption id=\"caption-attachment-9483\" class=\"wp-caption-text\"><span style=\"color: #800000;\"><strong>A cara da fome<\/strong><\/span><\/figcaption><\/figure>\n<p><strong>Tomar consci\u00eancia, compreender e adotar medidas<\/strong> para que a sociedade tamb\u00e9m compreenda isso e nos ajude nessa tarefa. S\u00f3 grandes multid\u00f5es populares, previamente preparadas, poder\u00e3o ajudar que nossas for\u00e7as armadas mudem seu rumo. J\u00e1 \u00e9 hora de levantar um movimento pol\u00edtico e popular de ajuda e socorro, de controle e influ\u00eancia sobre nossas for\u00e7as armadas, hoje sucateadas e subservientes aos comandos estrangeiros, combatendo o entreguismo e o \u00f3dio aos movimentos sociais, e propagando o patriotismo e o amor ao pa\u00eds e nossa gente.<\/p>\n<figure id=\"attachment_6053\" aria-describedby=\"caption-attachment-6053\" style=\"width: 685px\" class=\"wp-caption aligncenter\"><img loading=\"lazy\" decoding=\"async\" class=\"wp-image-6053 size-full\" src=\"https:\/\/renatodias.online\/movimento\/wp-content\/uploads\/2021\/04\/Congresso-Nacional.jpg\" alt=\"Congresso Nacional\" width=\"685\" height=\"268\" \/><figcaption id=\"caption-attachment-6053\" class=\"wp-caption-text\"><span style=\"color: #800000;\"><strong>Congresso Nacional<\/strong><\/span><\/figcaption><\/figure>\n<p>Ainda que nosso partido, por esse um s\u00e9culo passado, tenha aprendido atuar com mais desenvoltura na chamada \u201cgrande pol\u00edtica\u201d, <strong>ela \u00e9 sempre prisioneira de uma a\u00e7\u00e3o nos limites de um capitalismo cada vez mais dependente.<\/strong> Mesmo que nossos poucos parlamentares comunistas sejam abnegados, e tenham grandes atua\u00e7\u00f5es, essa atua\u00e7\u00e3o se limita e se submete \u00e0 organiza\u00e7\u00e3o e ao car\u00e1ter de um parlamento profundamente elitista, contra as grandes massas do povo. Subalterno e servil aos monop\u00f3lios e bancos estrangeiros.<\/p>\n<p><img loading=\"lazy\" decoding=\"async\" class=\"size-full wp-image-5929 aligncenter\" src=\"https:\/\/renatodias.online\/movimento\/wp-content\/uploads\/2021\/04\/Especial.jpg\" alt=\"\" width=\"200\" height=\"200\" srcset=\"https:\/\/renatodias.online\/movimento\/wp-content\/uploads\/2021\/04\/Especial.jpg 200w, https:\/\/renatodias.online\/movimento\/wp-content\/uploads\/2021\/04\/Especial-150x150.jpg 150w\" sizes=\"auto, (max-width: 200px) 100vw, 200px\" \/><\/p>\n<figure id=\"attachment_15524\" aria-describedby=\"caption-attachment-15524\" style=\"width: 780px\" class=\"wp-caption aligncenter\"><img loading=\"lazy\" decoding=\"async\" class=\"wp-image-15524 size-full\" src=\"https:\/\/renatodias.online\/movimento\/wp-content\/uploads\/2023\/02\/Trabalhadores-rurais.jpg\" alt=\"\" width=\"780\" height=\"490\" srcset=\"https:\/\/renatodias.online\/movimento\/wp-content\/uploads\/2023\/02\/Trabalhadores-rurais.jpg 780w, https:\/\/renatodias.online\/movimento\/wp-content\/uploads\/2023\/02\/Trabalhadores-rurais-300x188.jpg 300w, https:\/\/renatodias.online\/movimento\/wp-content\/uploads\/2023\/02\/Trabalhadores-rurais-768x482.jpg 768w, https:\/\/renatodias.online\/movimento\/wp-content\/uploads\/2023\/02\/Trabalhadores-rurais-750x471.jpg 750w\" sizes=\"auto, (max-width: 780px) 100vw, 780px\" \/><figcaption id=\"caption-attachment-15524\" class=\"wp-caption-text\"><span style=\"color: #800000;\"><strong>Trabalhadores rurais<\/strong><\/span><\/figcaption><\/figure>\n<p><strong>Como preparo e parte da transforma\u00e7\u00e3o pol\u00edtica e social que o Brasil precisa<\/strong>, \u00e9 que se faz necess\u00e1rio alterar urgentemente, a nossa atua\u00e7\u00e3o partid\u00e1ria, colocando o centro de gravidade de nossa atua\u00e7\u00e3o, diretamente junto das massas populares, das classes sociais mais exploradas e oprimidas de nosso povo.\u00a0 Mobilizar o povo, diretamente e independentemente, por seus direitos. Organizar e libertar a a\u00e7\u00e3o e mente das grandes multid\u00f5es trabalhadoras abandonadas e hoje manobradas pelas elites. Esse \u00e9 o desafio.<\/p>\n<figure id=\"attachment_15523\" aria-describedby=\"caption-attachment-15523\" style=\"width: 656px\" class=\"wp-caption aligncenter\"><img loading=\"lazy\" decoding=\"async\" class=\"wp-image-15523 size-full\" src=\"https:\/\/renatodias.online\/movimento\/wp-content\/uploads\/2023\/02\/Operarios.jpeg\" alt=\"\" width=\"656\" height=\"437\" srcset=\"https:\/\/renatodias.online\/movimento\/wp-content\/uploads\/2023\/02\/Operarios.jpeg 656w, https:\/\/renatodias.online\/movimento\/wp-content\/uploads\/2023\/02\/Operarios-300x200.jpeg 300w, https:\/\/renatodias.online\/movimento\/wp-content\/uploads\/2023\/02\/Operarios-360x240.jpeg 360w\" sizes=\"auto, (max-width: 656px) 100vw, 656px\" \/><figcaption id=\"caption-attachment-15523\" class=\"wp-caption-text\"><span style=\"color: #800000;\"><strong>Oper\u00e1rios<\/strong><\/span><\/figcaption><\/figure>\n<p><strong>E com base na luta, organizar milh\u00f5es de associa\u00e7\u00f5es de massas de todo tipo, forma ou tamanho<\/strong> e orient\u00e1-las para a\u00e7\u00f5es e pr\u00e1ticas pol\u00edticas amplas, na conquista de objetivos concretos e vi\u00e1veis, num trabalho de acumula\u00e7\u00e3o de for\u00e7as, de conscientiza\u00e7\u00e3o e radicaliza\u00e7\u00e3o constante.\u00a0E integrar essa priorit\u00e1ria atividade de massas, com a conquista de cadeiras no parlamento burgu\u00eas hoje existente, como ferramenta auxiliar do movimento popular, atrav\u00e9s de atua\u00e7\u00e3o em frentes partid\u00e1rias.<\/p>\n<figure id=\"attachment_13365\" aria-describedby=\"caption-attachment-13365\" style=\"width: 750px\" class=\"wp-caption aligncenter\"><img loading=\"lazy\" decoding=\"async\" class=\"wp-image-13365 size-full\" src=\"https:\/\/renatodias.online\/movimento\/wp-content\/uploads\/2022\/07\/Federacao-Brasil-da-Esperanca.jpeg\" alt=\"\" width=\"750\" height=\"440\" \/><figcaption id=\"caption-attachment-13365\" class=\"wp-caption-text\"><span style=\"color: #800000;\"><strong>Federa\u00e7\u00e3o Brasil da Esperan\u00e7a<\/strong><\/span><\/figcaption><\/figure>\n<blockquote>\n<h1><span style=\"color: #ff0000;\"><strong>Federa\u00e7\u00e3o Brasil da Esperan\u00e7a?<\/strong><\/span><\/h1>\n<\/blockquote>\n<p><strong>Colocar na pr\u00e1tica a import\u00e2ncia e nossa atua\u00e7\u00e3o na luta popular, acima da luta parla\u00admentar.<\/strong> Conscientemente estudar e descobrir os ind\u00edcios de novas organiza\u00e7\u00f5es populares que est\u00e3o nascendo entre o povo. E propor e criar um grande movimento de solidariedade e ajuda m\u00fatua, que hoje cresce entre as massas das cidades e \u00e1reas rurais, para ajudar e socorrer as massas hoje abandonadas. Talvez organizar uma esp\u00e9cie de Irmandade Solid\u00e1ria, estruturada, que pode ser deliberadamente e metodicamente organizada em cada munic\u00edpio e estado.<\/p>\n<figure id=\"attachment_7574\" aria-describedby=\"caption-attachment-7574\" style=\"width: 960px\" class=\"wp-caption alignnone\"><img loading=\"lazy\" decoding=\"async\" class=\"wp-image-7574 size-full\" src=\"https:\/\/renatodias.online\/movimento\/wp-content\/uploads\/2021\/07\/Ato-do-dia-3-de-julho-de-2021-imagem-principal.jpg\" alt=\"\" width=\"960\" height=\"720\" \/><figcaption id=\"caption-attachment-7574\" class=\"wp-caption-text\"><span style=\"color: #800000;\"><strong>Ato do dia 3 de julho de 2021, em Goi\u00e2nia<\/strong><\/span><\/figcaption><\/figure>\n<blockquote>\n<h1><span style=\"color: #ff0000;\"><strong>Um partido do bem comum<\/strong><\/span><\/h1>\n<\/blockquote>\n<p><strong>Sob o lema de servir ao povo, com atua\u00e7\u00e3o e dire\u00e7\u00e3o ampla e diversificada<\/strong>, e integrar os dirigentes partid\u00e1rios dentro dela, na vida, no trabalho e na luta do povo. Realizar uma forte e massiva propaganda do socialismo e da revolu\u00e7\u00e3o entre as massas populares e n\u00e3o apenas para uma pequena elite intelectual. Criar e divulgar palavras de ordem do socialismo.\u00a0 Saber atualizar nossas palavras de ordem, para um partido do bem comum.<\/p>\n<p><strong>\u00a0<\/strong><img loading=\"lazy\" decoding=\"async\" class=\"wp-image-15522 size-full aligncenter\" src=\"https:\/\/renatodias.online\/movimento\/wp-content\/uploads\/2023\/02\/Socialismo-realmente-existente.jpg\" alt=\"\" width=\"348\" height=\"145\" srcset=\"https:\/\/renatodias.online\/movimento\/wp-content\/uploads\/2023\/02\/Socialismo-realmente-existente.jpg 348w, https:\/\/renatodias.online\/movimento\/wp-content\/uploads\/2023\/02\/Socialismo-realmente-existente-300x125.jpg 300w\" sizes=\"auto, (max-width: 348px) 100vw, 348px\" \/><\/p>\n<p><span style=\"color: #800000;\"><strong>Socialismo realmente existente<\/strong><\/span><strong>E explicar para toda a sociedade, os avan\u00e7os da superioridade socialista,<\/strong> inclusive na compreens\u00e3o de que s\u00f3 ele \u00e9 capaz de ter e aplicar um projeto nacional de desenvolvimento, que inclusive apoie e fortale\u00e7a at\u00e9 mesmo as for\u00e7as de mercado, que tentam prosperar e n\u00e3o avan\u00e7am, no atual sistema capitalista monopolista e rentista. Explicar e ganhar as massas para a bandeira do Socialismo de Mercado. E mais que isso.\u00a0No novo projeto de busca do poder pol\u00edtico, trazer para o partido milhares e dezenas de milhares de l\u00edderes populares inteligentes, destemidos e corajosos.<\/p>\n<figure id=\"attachment_8573\" aria-describedby=\"caption-attachment-8573\" style=\"width: 724px\" class=\"wp-caption aligncenter\"><img loading=\"lazy\" decoding=\"async\" class=\"wp-image-8573 size-large\" src=\"https:\/\/renatodias.online\/movimento\/wp-content\/uploads\/2021\/08\/Caricatura-de-Xi-Jinping-724x1024.jpg\" alt=\"\" width=\"724\" height=\"1024\" \/><figcaption id=\"caption-attachment-8573\" class=\"wp-caption-text\"><span style=\"color: #800000;\"><strong>Caricatura de Xi Jinping<\/strong><\/span><\/figcaption><\/figure>\n<p>N\u00e3o apenas para organismos de base, mas tamb\u00e9m para assumir os postos dirigentes do partido, e mergulh\u00e1-los no estudo do marxismo, da revolu\u00e7\u00e3o socialista e dos novos horizontes socialistas.\u00a0 <strong>Nosso partido precisa urgentemente mudar sua composi\u00e7\u00e3o social, particularmente dos que assumem postos dirigentes.<\/strong>\u00a0Aplicar a ci\u00eancia da luta de classes em nossa atua\u00e7\u00e3o e tamb\u00e9m na constru\u00e7\u00e3o partid\u00e1ria.\u00a0Prestigiar a classe operaria e demais assalariados, de prefer\u00eancia dos setores mais est\u00e1veis, inclusive como celeiro para quadros de dire\u00e7\u00e3o.<\/p>\n<p><img loading=\"lazy\" decoding=\"async\" class=\"wp-image-11529 size-full aligncenter\" src=\"https:\/\/renatodias.online\/movimento\/wp-content\/uploads\/2022\/03\/Revolucao.png\" alt=\"\" width=\"600\" height=\"348\" \/><\/p>\n<p><strong>Nosso partido precisa resgatar sua caracter\u00edstica leninista, de se estruturar em cima de organiza\u00e7\u00f5es coletivas<\/strong> de base, com reuni\u00f5es presenciais e de grande amizade e camaradagem entre seus membros.\u00a0N\u00e3o \u00e9 s\u00f3 rela\u00e7\u00f5es de interesses pol\u00edticos, mas tamb\u00e9m escolas de transforma\u00e7\u00e3o das pessoas, capaz de nos fazer mais humanos, amigos e camaradas.\u00a0O partido precisa ser disciplinado, ter vida coletiva presencial e pr\u00e1tica da cr\u00edtica e autocritica.\u00a0Nossa uni\u00e3o e a\u00e7\u00e3o comunista n\u00e3o se estrutura em cima de redes sociais de celulares.<\/p>\n<figure id=\"attachment_15521\" aria-describedby=\"caption-attachment-15521\" style=\"width: 1200px\" class=\"wp-caption alignnone\"><img loading=\"lazy\" decoding=\"async\" class=\"wp-image-15521 size-full\" src=\"https:\/\/renatodias.online\/movimento\/wp-content\/uploads\/2023\/02\/Redes-sociais.jpg\" alt=\"\" width=\"1200\" height=\"801\" \/><figcaption id=\"caption-attachment-15521\" class=\"wp-caption-text\"><span style=\"color: #800000;\"><strong>Redes sociais<\/strong><\/span><\/figcaption><\/figure>\n<p><strong>Precisamos voltar a ser partido de a\u00e7\u00e3o pol\u00edtica de bases de massas,<\/strong> onde cada um de seus militantes, quadros ou mesmo dirigentes, precisam estar vinculado com as massas, que conviva com as pessoas onde elas moram, trabalham ou estudam.\u00a0Toda pessoa do partido tem de ter uma atua\u00e7\u00e3o num organismo de base e entre as massas. Seja para ajud\u00e1-las, seja para compreend\u00ea-las, seja para se livrar da mentalidade ego\u00edsta capitalista, e se transformar em pessoas melhores, mais humanas, mais comunistas.<\/p>\n<figure id=\"attachment_15520\" aria-describedby=\"caption-attachment-15520\" style=\"width: 321px\" class=\"wp-caption aligncenter\"><img loading=\"lazy\" decoding=\"async\" class=\"wp-image-15520 size-full\" src=\"https:\/\/renatodias.online\/movimento\/wp-content\/uploads\/2023\/02\/Stalin-e-Geogry-Dimitrov.jpg\" alt=\"\" width=\"321\" height=\"600\" srcset=\"https:\/\/renatodias.online\/movimento\/wp-content\/uploads\/2023\/02\/Stalin-e-Geogry-Dimitrov.jpg 321w, https:\/\/renatodias.online\/movimento\/wp-content\/uploads\/2023\/02\/Stalin-e-Geogry-Dimitrov-161x300.jpg 161w\" sizes=\"auto, (max-width: 321px) 100vw, 321px\" \/><figcaption id=\"caption-attachment-15520\" class=\"wp-caption-text\"><strong>Joseph Stalin com Georgy Mikhailov Dimitrov<\/strong><\/figcaption><\/figure>\n<p><strong>\u00a0<\/strong><\/p>\n<p><strong><img loading=\"lazy\" decoding=\"async\" class=\"size-medium wp-image-13781 aligncenter\" src=\"https:\/\/renatodias.online\/movimento\/wp-content\/uploads\/2022\/08\/Raio-X-especial-300x112.png\" alt=\"\" width=\"300\" height=\"112\" \/>\u00a0<\/strong><\/p>\n<p><strong>Todo nosso partido precisa de livrar da maldi\u00e7\u00e3o do praticismo espontane\u00edsta<\/strong>.\u00a0 Jo\u00e3o Amazonas dizia que o grande dirigente internacional Dimitrov falava que os comunistas brasileiros eram resistentes ao estudo da teoria marxista leninista. E ainda somos. Dizia ele que \u00e9ramos uns \u201cmiser\u00e1veis praticistas\u201d.\u00a0 S\u00f3 a teoria do marxismo poder\u00e1 iluminar o partido e cada um de seus membros, na nova etapa que se inicia, da luta pelo poder pol\u00edtico socialista.\u00a0Sem a compreens\u00e3o te\u00f3rica disso, n\u00e3o romperemos o reformismo do capitalismo, que estamos habituados a fazer.<\/p>\n<figure id=\"attachment_9077\" aria-describedby=\"caption-attachment-9077\" style=\"width: 1280px\" class=\"wp-caption alignnone\"><img loading=\"lazy\" decoding=\"async\" class=\"wp-image-9077 size-full\" src=\"https:\/\/renatodias.online\/movimento\/wp-content\/uploads\/2021\/09\/Joao-Amazonas-PC-do-B.jpg\" alt=\"\" width=\"1280\" height=\"720\" \/><figcaption id=\"caption-attachment-9077\" class=\"wp-caption-text\"><span style=\"color: #800000;\"><strong>Jo\u00e3o Amazonas &#8211; PC do B<\/strong><\/span><\/figcaption><\/figure>\n<p>Enfim, que nos primeiros passos desse novo s\u00e9culo que se inicia para o PCdoB, <strong>nosso partido levante a bandeira da busca pelo poder pol\u00edtico socialista<\/strong>.\u00a0Essa decis\u00e3o \u00e9 estrat\u00e9gica e sacudir\u00e1 todo o partido, provocando mudan\u00e7as profundas em todos os setores de sua atua\u00e7\u00e3o.\u00a0Essa decis\u00e3o consciente n\u00e3o ser\u00e1 f\u00e1cil, at\u00e9 mesmo pela for\u00e7a do costume, tradi\u00e7\u00e3o e formas atuais de dire\u00e7\u00e3o e rela\u00e7\u00e3o entre os dirigentes partid\u00e1rios, constru\u00edda e continuada por tanto tempo.<\/p>\n<figure id=\"attachment_7406\" aria-describedby=\"caption-attachment-7406\" style=\"width: 826px\" class=\"wp-caption alignnone\"><img loading=\"lazy\" decoding=\"async\" class=\"wp-image-7406 size-large\" src=\"https:\/\/renatodias.online\/movimento\/wp-content\/uploads\/2021\/06\/Infografico-_-A-Guerrilha-do-Araguaia-_-1966-1975-826x1024.jpg\" alt=\"\" width=\"826\" height=\"1024\" \/><figcaption id=\"caption-attachment-7406\" class=\"wp-caption-text\"><span style=\"color: #800000;\"><strong>A Guerrilha do Araguaia _ 1966-1975<\/strong><\/span><\/figcaption><\/figure>\n<p><img loading=\"lazy\" decoding=\"async\" class=\"size-medium wp-image-14125 aligncenter\" src=\"https:\/\/renatodias.online\/movimento\/wp-content\/uploads\/2022\/09\/Saiba-mais-300x103.png\" alt=\"\" width=\"300\" height=\"103\" srcset=\"https:\/\/renatodias.online\/movimento\/wp-content\/uploads\/2022\/09\/Saiba-mais-300x103.png 300w, https:\/\/renatodias.online\/movimento\/wp-content\/uploads\/2022\/09\/Saiba-mais.png 572w\" sizes=\"auto, (max-width: 300px) 100vw, 300px\" \/><\/p>\n<p><strong>Colocar a luta pela busca e conquista do poder pol\u00edtico socialista ser\u00e1 um desafio<\/strong> que implicar\u00e1 na mobiliza\u00e7\u00e3o de todo o partido, para encontrar novos rumos, para pesquisar, mergulhar no estudo e na busca dos caminhos da luta popular, que hoje j\u00e1 existem dispersos e fracos entre as massas abandonadas.\u00a0Mas que por nossa atua\u00e7\u00e3o consciente, paciente e met\u00f3dica, precisamos transformar essas novas e incipientes organiza\u00e7\u00f5es de massas, numa grande for\u00e7a revolucion\u00e1ria transformadora.<\/p>\n<figure id=\"attachment_11468\" aria-describedby=\"caption-attachment-11468\" style=\"width: 600px\" class=\"wp-caption aligncenter\"><img loading=\"lazy\" decoding=\"async\" class=\"wp-image-11468 size-full\" src=\"https:\/\/renatodias.online\/movimento\/wp-content\/uploads\/2022\/03\/Centenario-do-PC-do-B.jpg\" alt=\"\" width=\"600\" height=\"282\" srcset=\"https:\/\/renatodias.online\/movimento\/wp-content\/uploads\/2022\/03\/Centenario-do-PC-do-B.jpg 600w, https:\/\/renatodias.online\/movimento\/wp-content\/uploads\/2022\/03\/Centenario-do-PC-do-B-300x141.jpg 300w\" sizes=\"auto, (max-width: 600px) 100vw, 600px\" \/><figcaption id=\"caption-attachment-11468\" class=\"wp-caption-text\"><span style=\"color: #800000;\"><strong>Centen\u00e1rio do PC do B<\/strong><\/span><\/figcaption><\/figure>\n<blockquote>\n<h1><span style=\"color: #ff0000;\"><strong>100 anos<\/strong><\/span><\/h1>\n<\/blockquote>\n<p>E que essa data 25 de mar\u00e7o de 2022 seja <strong>a linha divis\u00f3ria da pol\u00edtica da sobreviv\u00eancia, para uma nova pol\u00edtica<\/strong>, um novo rumo e uma nova pr\u00e1tica, da luta pela conquista do poder pol\u00edtico socialista. S\u00f3 a luta pelo poder pol\u00edtico socialista e sua conquista \u00e9 o verdadeiro caminho para socialismo, inclusive no Brasil. Viva o passado de lutas e sobreviv\u00eancia do PCdoB! Viva o futuro da busca, conquista e exerc\u00edcio do poder pol\u00edtico socialista do PCdoB<\/p>\n<p>&nbsp;<\/p>\n<p><img loading=\"lazy\" decoding=\"async\" class=\"wp-image-11561 size-full\" src=\"https:\/\/renatodias.online\/movimento\/wp-content\/uploads\/2022\/03\/Espetaculo-especial.jpg\" alt=\"\" width=\"800\" height=\"333\" \/><\/p>\n<p><iframe loading=\"lazy\" title=\"Chico Buarque - Apesar de Voc\u00ea (com Letra)\" width=\"960\" height=\"720\" src=\"https:\/\/www.youtube.com\/embed\/33-bMTOlvx0?feature=oembed\" frameborder=\"0\" allow=\"accelerometer; autoplay; clipboard-write; encrypted-media; gyroscope; picture-in-picture; web-share\" referrerpolicy=\"strict-origin-when-cross-origin\" allowfullscreen><\/iframe><\/p>\n","protected":false},"excerpt":{"rendered":"<p>\u00a0Os pr\u00f3ximos 100 anos ser\u00e3o de busca, conquista e pr\u00e1tica do poder pol\u00edtico socialista no Brasil Euler Ivo Vieira Queridos e queridas camaradas do PCdoB Eu venho saudar a todos voc\u00eas militantes, quadros e dirigentes de nosso glorioso partido comunista, criado por orienta\u00e7\u00e3o direta de L\u00eanin, que nesse um s\u00e9culo lutou com resist\u00eancia, bravura e<\/p>\n","protected":false},"author":2,"featured_media":11709,"comment_status":"open","ping_status":"open","sticky":false,"template":"","format":"standard","meta":{"_acf_changed":false,"_monsterinsights_skip_tracking":false,"_monsterinsights_sitenote_active":false,"_monsterinsights_sitenote_note":"","_monsterinsights_sitenote_category":0,"footnotes":""},"categories":[4],"tags":[],"class_list":["post-15519","post","type-post","status-publish","format-standard","has-post-thumbnail","hentry","category-politica"],"acf":[],"yoast_head":"<!-- This site is optimized with the Yoast SEO plugin v27.4 - https:\/\/yoast.com\/product\/yoast-seo-wordpress\/ -->\n<title>PC do B: 100 anos de lutas -<\/title>\n<meta name=\"robots\" content=\"index, follow, max-snippet:-1, max-image-preview:large, max-video-preview:-1\" \/>\n<link rel=\"canonical\" href=\"https:\/\/renatodias.online\/movimento\/2023\/02\/08\/pc-do-b-100-anos-de-lutas\/\" \/>\n<meta property=\"og:locale\" content=\"pt_BR\" \/>\n<meta property=\"og:type\" content=\"article\" \/>\n<meta property=\"og:title\" content=\"PC do B: 100 anos de lutas -\" \/>\n<meta property=\"og:description\" content=\"\u00a0Os pr\u00f3ximos 100 anos ser\u00e3o de busca, conquista e pr\u00e1tica do poder pol\u00edtico socialista no Brasil Euler Ivo Vieira Queridos e queridas camaradas do PCdoB Eu venho saudar a todos voc\u00eas militantes, quadros e dirigentes de nosso glorioso partido comunista, criado por orienta\u00e7\u00e3o direta de L\u00eanin, que nesse um s\u00e9culo lutou com resist\u00eancia, bravura e\" \/>\n<meta property=\"og:url\" content=\"https:\/\/renatodias.online\/movimento\/2023\/02\/08\/pc-do-b-100-anos-de-lutas\/\" \/>\n<meta property=\"article:publisher\" content=\"https:\/\/www.facebook.com\/renato.dias.37\" \/>\n<meta property=\"article:author\" content=\"https:\/\/www.facebook.com\/renato.dias.37\" \/>\n<meta property=\"article:published_time\" content=\"2023-02-08T17:59:10+00:00\" \/>\n<meta property=\"og:image\" content=\"https:\/\/renatodias.online\/movimento\/wp-content\/uploads\/2022\/04\/Sessao-Especial-Euler-Ivo-1-e1675879136873.jpg\" \/>\n\t<meta property=\"og:image:width\" content=\"360\" \/>\n\t<meta property=\"og:image:height\" content=\"240\" \/>\n\t<meta property=\"og:image:type\" content=\"image\/jpeg\" \/>\n<meta name=\"author\" content=\"Renato Dias\" \/>\n<meta name=\"twitter:card\" content=\"summary_large_image\" \/>\n<meta name=\"twitter:creator\" content=\"@RenatoDiasBat\" \/>\n<meta name=\"twitter:site\" content=\"@RenatoDiasBat\" \/>\n<meta name=\"twitter:label1\" content=\"Escrito por\" \/>\n\t<meta name=\"twitter:data1\" content=\"Renato Dias\" \/>\n\t<meta name=\"twitter:label2\" content=\"Est. tempo de leitura\" \/>\n\t<meta name=\"twitter:data2\" content=\"9 minutos\" \/>\n<script type=\"application\/ld+json\" class=\"yoast-schema-graph\">{\"@context\":\"https:\\\/\\\/schema.org\",\"@graph\":[{\"@type\":\"Article\",\"@id\":\"https:\\\/\\\/renatodias.online\\\/movimento\\\/2023\\\/02\\\/08\\\/pc-do-b-100-anos-de-lutas\\\/#article\",\"isPartOf\":{\"@id\":\"https:\\\/\\\/renatodias.online\\\/movimento\\\/2023\\\/02\\\/08\\\/pc-do-b-100-anos-de-lutas\\\/\"},\"author\":{\"name\":\"Renato Dias\",\"@id\":\"https:\\\/\\\/renatodias.online\\\/movimento\\\/#\\\/schema\\\/person\\\/bbab28833b1725a20f4083f49f1fb2a9\"},\"headline\":\"PC do B: 100 anos de lutas\",\"datePublished\":\"2023-02-08T17:59:10+00:00\",\"mainEntityOfPage\":{\"@id\":\"https:\\\/\\\/renatodias.online\\\/movimento\\\/2023\\\/02\\\/08\\\/pc-do-b-100-anos-de-lutas\\\/\"},\"wordCount\":1778,\"commentCount\":0,\"publisher\":{\"@id\":\"https:\\\/\\\/renatodias.online\\\/movimento\\\/#\\\/schema\\\/person\\\/bbab28833b1725a20f4083f49f1fb2a9\"},\"image\":{\"@id\":\"https:\\\/\\\/renatodias.online\\\/movimento\\\/2023\\\/02\\\/08\\\/pc-do-b-100-anos-de-lutas\\\/#primaryimage\"},\"thumbnailUrl\":\"https:\\\/\\\/renatodias.online\\\/movimento\\\/wp-content\\\/uploads\\\/2022\\\/04\\\/Sessao-Especial-Euler-Ivo-1-e1694391336516.jpg\",\"articleSection\":[\"Pol\u00edtica\"],\"inLanguage\":\"pt-BR\",\"potentialAction\":[{\"@type\":\"CommentAction\",\"name\":\"Comment\",\"target\":[\"https:\\\/\\\/renatodias.online\\\/movimento\\\/2023\\\/02\\\/08\\\/pc-do-b-100-anos-de-lutas\\\/#respond\"]}]},{\"@type\":\"WebPage\",\"@id\":\"https:\\\/\\\/renatodias.online\\\/movimento\\\/2023\\\/02\\\/08\\\/pc-do-b-100-anos-de-lutas\\\/\",\"url\":\"https:\\\/\\\/renatodias.online\\\/movimento\\\/2023\\\/02\\\/08\\\/pc-do-b-100-anos-de-lutas\\\/\",\"name\":\"PC do B: 100 anos de lutas -\",\"isPartOf\":{\"@id\":\"https:\\\/\\\/renatodias.online\\\/movimento\\\/#website\"},\"primaryImageOfPage\":{\"@id\":\"https:\\\/\\\/renatodias.online\\\/movimento\\\/2023\\\/02\\\/08\\\/pc-do-b-100-anos-de-lutas\\\/#primaryimage\"},\"image\":{\"@id\":\"https:\\\/\\\/renatodias.online\\\/movimento\\\/2023\\\/02\\\/08\\\/pc-do-b-100-anos-de-lutas\\\/#primaryimage\"},\"thumbnailUrl\":\"https:\\\/\\\/renatodias.online\\\/movimento\\\/wp-content\\\/uploads\\\/2022\\\/04\\\/Sessao-Especial-Euler-Ivo-1-e1694391336516.jpg\",\"datePublished\":\"2023-02-08T17:59:10+00:00\",\"breadcrumb\":{\"@id\":\"https:\\\/\\\/renatodias.online\\\/movimento\\\/2023\\\/02\\\/08\\\/pc-do-b-100-anos-de-lutas\\\/#breadcrumb\"},\"inLanguage\":\"pt-BR\",\"potentialAction\":[{\"@type\":\"ReadAction\",\"target\":[\"https:\\\/\\\/renatodias.online\\\/movimento\\\/2023\\\/02\\\/08\\\/pc-do-b-100-anos-de-lutas\\\/\"]}]},{\"@type\":\"ImageObject\",\"inLanguage\":\"pt-BR\",\"@id\":\"https:\\\/\\\/renatodias.online\\\/movimento\\\/2023\\\/02\\\/08\\\/pc-do-b-100-anos-de-lutas\\\/#primaryimage\",\"url\":\"https:\\\/\\\/renatodias.online\\\/movimento\\\/wp-content\\\/uploads\\\/2022\\\/04\\\/Sessao-Especial-Euler-Ivo-1-e1694391336516.jpg\",\"contentUrl\":\"https:\\\/\\\/renatodias.online\\\/movimento\\\/wp-content\\\/uploads\\\/2022\\\/04\\\/Sessao-Especial-Euler-Ivo-1-e1694391336516.jpg\",\"width\":400,\"height\":267,\"caption\":\"Euler Ivo Vieira discursa\"},{\"@type\":\"BreadcrumbList\",\"@id\":\"https:\\\/\\\/renatodias.online\\\/movimento\\\/2023\\\/02\\\/08\\\/pc-do-b-100-anos-de-lutas\\\/#breadcrumb\",\"itemListElement\":[{\"@type\":\"ListItem\",\"position\":1,\"name\":\"In\u00edcio\",\"item\":\"https:\\\/\\\/renatodias.online\\\/movimento\\\/\"},{\"@type\":\"ListItem\",\"position\":2,\"name\":\"PC do B: 100 anos de lutas\"}]},{\"@type\":\"WebSite\",\"@id\":\"https:\\\/\\\/renatodias.online\\\/movimento\\\/#website\",\"url\":\"https:\\\/\\\/renatodias.online\\\/movimento\\\/\",\"name\":\"\",\"description\":\"\",\"publisher\":{\"@id\":\"https:\\\/\\\/renatodias.online\\\/movimento\\\/#\\\/schema\\\/person\\\/bbab28833b1725a20f4083f49f1fb2a9\"},\"potentialAction\":[{\"@type\":\"SearchAction\",\"target\":{\"@type\":\"EntryPoint\",\"urlTemplate\":\"https:\\\/\\\/renatodias.online\\\/movimento\\\/?s={search_term_string}\"},\"query-input\":{\"@type\":\"PropertyValueSpecification\",\"valueRequired\":true,\"valueName\":\"search_term_string\"}}],\"inLanguage\":\"pt-BR\"},{\"@type\":[\"Person\",\"Organization\"],\"@id\":\"https:\\\/\\\/renatodias.online\\\/movimento\\\/#\\\/schema\\\/person\\\/bbab28833b1725a20f4083f49f1fb2a9\",\"name\":\"Renato Dias\",\"image\":{\"@type\":\"ImageObject\",\"inLanguage\":\"pt-BR\",\"@id\":\"https:\\\/\\\/renatodias.online\\\/movimento\\\/wp-content\\\/uploads\\\/2023\\\/03\\\/cropped-cropped-cropped-logofinal.jpeg\",\"url\":\"https:\\\/\\\/renatodias.online\\\/movimento\\\/wp-content\\\/uploads\\\/2023\\\/03\\\/cropped-cropped-cropped-logofinal.jpeg\",\"contentUrl\":\"https:\\\/\\\/renatodias.online\\\/movimento\\\/wp-content\\\/uploads\\\/2023\\\/03\\\/cropped-cropped-cropped-logofinal.jpeg\",\"width\":1280,\"height\":219,\"caption\":\"Renato Dias\"},\"logo\":{\"@id\":\"https:\\\/\\\/renatodias.online\\\/movimento\\\/wp-content\\\/uploads\\\/2023\\\/03\\\/cropped-cropped-cropped-logofinal.jpeg\"},\"description\":\"Renato Dias, 58 anos, \u00e9 graduado em Jornalismo, formado em Ci\u00eancias Sociais, com p\u00f3s-gradua\u00e7\u00e3o em Pol\u00edticas P\u00fablicas, mestre em Direito e Rela\u00e7\u00f5es Internacionais, ex-aluno extraordin\u00e1rio do Doutorado em Psicologia Social, ex-estudante do Curso de Psican\u00e1lise do Centro de Estudos Psicanal\u00edticos do Estado de Goi\u00e1s, ministrado pelo m\u00e9dico psiquiatra e psicanalista Daniel Em\u00eddio de Souza. \u00c9 autor de 30 livros-reportagem, oito document\u00e1rios, ganhou 30 pr\u00eamios e \u00e9 torcedor apaixonado do maior do Centro-Oeste, o Vila Nova Futebol Clube. Casado com Meirilane Dias, \u00e9 pai de Juliana Dias, jornalista; Daniel Dias, economista; e Maria Rosa Dias, estudante antifascista, socialista e trotskista.\u00a0Com tr\u00eas pets: Porquinho [Bull Dog Franc\u00eas], Dalila [Basset Hound] e Geleia [Basset Hound]. Al\u00e9m do eterno gato Tutuquinho, que virou estrela.\",\"sameAs\":[\"https:\\\/\\\/www.facebook.com\\\/renato.dias.37\",\"#breve\",\"https:\\\/\\\/renatodias.tumblr.com\\\/\"],\"url\":\"https:\\\/\\\/renatodias.online\\\/movimento\\\/author\\\/renatodias\\\/\"}]}<\/script>\n<!-- \/ Yoast SEO plugin. -->","yoast_head_json":{"title":"PC do B: 100 anos de lutas -","robots":{"index":"index","follow":"follow","max-snippet":"max-snippet:-1","max-image-preview":"max-image-preview:large","max-video-preview":"max-video-preview:-1"},"canonical":"https:\/\/renatodias.online\/movimento\/2023\/02\/08\/pc-do-b-100-anos-de-lutas\/","og_locale":"pt_BR","og_type":"article","og_title":"PC do B: 100 anos de lutas -","og_description":"\u00a0Os pr\u00f3ximos 100 anos ser\u00e3o de busca, conquista e pr\u00e1tica do poder pol\u00edtico socialista no Brasil Euler Ivo Vieira Queridos e queridas camaradas do PCdoB Eu venho saudar a todos voc\u00eas militantes, quadros e dirigentes de nosso glorioso partido comunista, criado por orienta\u00e7\u00e3o direta de L\u00eanin, que nesse um s\u00e9culo lutou com resist\u00eancia, bravura e","og_url":"https:\/\/renatodias.online\/movimento\/2023\/02\/08\/pc-do-b-100-anos-de-lutas\/","article_publisher":"https:\/\/www.facebook.com\/renato.dias.37","article_author":"https:\/\/www.facebook.com\/renato.dias.37","article_published_time":"2023-02-08T17:59:10+00:00","og_image":[{"width":360,"height":240,"url":"https:\/\/renatodias.online\/movimento\/wp-content\/uploads\/2022\/04\/Sessao-Especial-Euler-Ivo-1-e1675879136873.jpg","type":"image\/jpeg"}],"author":"Renato Dias","twitter_card":"summary_large_image","twitter_creator":"@RenatoDiasBat","twitter_site":"@RenatoDiasBat","twitter_misc":{"Escrito por":"Renato Dias","Est. tempo de leitura":"9 minutos"},"schema":{"@context":"https:\/\/schema.org","@graph":[{"@type":"Article","@id":"https:\/\/renatodias.online\/movimento\/2023\/02\/08\/pc-do-b-100-anos-de-lutas\/#article","isPartOf":{"@id":"https:\/\/renatodias.online\/movimento\/2023\/02\/08\/pc-do-b-100-anos-de-lutas\/"},"author":{"name":"Renato Dias","@id":"https:\/\/renatodias.online\/movimento\/#\/schema\/person\/bbab28833b1725a20f4083f49f1fb2a9"},"headline":"PC do B: 100 anos de lutas","datePublished":"2023-02-08T17:59:10+00:00","mainEntityOfPage":{"@id":"https:\/\/renatodias.online\/movimento\/2023\/02\/08\/pc-do-b-100-anos-de-lutas\/"},"wordCount":1778,"commentCount":0,"publisher":{"@id":"https:\/\/renatodias.online\/movimento\/#\/schema\/person\/bbab28833b1725a20f4083f49f1fb2a9"},"image":{"@id":"https:\/\/renatodias.online\/movimento\/2023\/02\/08\/pc-do-b-100-anos-de-lutas\/#primaryimage"},"thumbnailUrl":"https:\/\/renatodias.online\/movimento\/wp-content\/uploads\/2022\/04\/Sessao-Especial-Euler-Ivo-1-e1694391336516.jpg","articleSection":["Pol\u00edtica"],"inLanguage":"pt-BR","potentialAction":[{"@type":"CommentAction","name":"Comment","target":["https:\/\/renatodias.online\/movimento\/2023\/02\/08\/pc-do-b-100-anos-de-lutas\/#respond"]}]},{"@type":"WebPage","@id":"https:\/\/renatodias.online\/movimento\/2023\/02\/08\/pc-do-b-100-anos-de-lutas\/","url":"https:\/\/renatodias.online\/movimento\/2023\/02\/08\/pc-do-b-100-anos-de-lutas\/","name":"PC do B: 100 anos de lutas -","isPartOf":{"@id":"https:\/\/renatodias.online\/movimento\/#website"},"primaryImageOfPage":{"@id":"https:\/\/renatodias.online\/movimento\/2023\/02\/08\/pc-do-b-100-anos-de-lutas\/#primaryimage"},"image":{"@id":"https:\/\/renatodias.online\/movimento\/2023\/02\/08\/pc-do-b-100-anos-de-lutas\/#primaryimage"},"thumbnailUrl":"https:\/\/renatodias.online\/movimento\/wp-content\/uploads\/2022\/04\/Sessao-Especial-Euler-Ivo-1-e1694391336516.jpg","datePublished":"2023-02-08T17:59:10+00:00","breadcrumb":{"@id":"https:\/\/renatodias.online\/movimento\/2023\/02\/08\/pc-do-b-100-anos-de-lutas\/#breadcrumb"},"inLanguage":"pt-BR","potentialAction":[{"@type":"ReadAction","target":["https:\/\/renatodias.online\/movimento\/2023\/02\/08\/pc-do-b-100-anos-de-lutas\/"]}]},{"@type":"ImageObject","inLanguage":"pt-BR","@id":"https:\/\/renatodias.online\/movimento\/2023\/02\/08\/pc-do-b-100-anos-de-lutas\/#primaryimage","url":"https:\/\/renatodias.online\/movimento\/wp-content\/uploads\/2022\/04\/Sessao-Especial-Euler-Ivo-1-e1694391336516.jpg","contentUrl":"https:\/\/renatodias.online\/movimento\/wp-content\/uploads\/2022\/04\/Sessao-Especial-Euler-Ivo-1-e1694391336516.jpg","width":400,"height":267,"caption":"Euler Ivo Vieira discursa"},{"@type":"BreadcrumbList","@id":"https:\/\/renatodias.online\/movimento\/2023\/02\/08\/pc-do-b-100-anos-de-lutas\/#breadcrumb","itemListElement":[{"@type":"ListItem","position":1,"name":"In\u00edcio","item":"https:\/\/renatodias.online\/movimento\/"},{"@type":"ListItem","position":2,"name":"PC do B: 100 anos de lutas"}]},{"@type":"WebSite","@id":"https:\/\/renatodias.online\/movimento\/#website","url":"https:\/\/renatodias.online\/movimento\/","name":"","description":"","publisher":{"@id":"https:\/\/renatodias.online\/movimento\/#\/schema\/person\/bbab28833b1725a20f4083f49f1fb2a9"},"potentialAction":[{"@type":"SearchAction","target":{"@type":"EntryPoint","urlTemplate":"https:\/\/renatodias.online\/movimento\/?s={search_term_string}"},"query-input":{"@type":"PropertyValueSpecification","valueRequired":true,"valueName":"search_term_string"}}],"inLanguage":"pt-BR"},{"@type":["Person","Organization"],"@id":"https:\/\/renatodias.online\/movimento\/#\/schema\/person\/bbab28833b1725a20f4083f49f1fb2a9","name":"Renato Dias","image":{"@type":"ImageObject","inLanguage":"pt-BR","@id":"https:\/\/renatodias.online\/movimento\/wp-content\/uploads\/2023\/03\/cropped-cropped-cropped-logofinal.jpeg","url":"https:\/\/renatodias.online\/movimento\/wp-content\/uploads\/2023\/03\/cropped-cropped-cropped-logofinal.jpeg","contentUrl":"https:\/\/renatodias.online\/movimento\/wp-content\/uploads\/2023\/03\/cropped-cropped-cropped-logofinal.jpeg","width":1280,"height":219,"caption":"Renato Dias"},"logo":{"@id":"https:\/\/renatodias.online\/movimento\/wp-content\/uploads\/2023\/03\/cropped-cropped-cropped-logofinal.jpeg"},"description":"Renato Dias, 58 anos, \u00e9 graduado em Jornalismo, formado em Ci\u00eancias Sociais, com p\u00f3s-gradua\u00e7\u00e3o em Pol\u00edticas P\u00fablicas, mestre em Direito e Rela\u00e7\u00f5es Internacionais, ex-aluno extraordin\u00e1rio do Doutorado em Psicologia Social, ex-estudante do Curso de Psican\u00e1lise do Centro de Estudos Psicanal\u00edticos do Estado de Goi\u00e1s, ministrado pelo m\u00e9dico psiquiatra e psicanalista Daniel Em\u00eddio de Souza. \u00c9 autor de 30 livros-reportagem, oito document\u00e1rios, ganhou 30 pr\u00eamios e \u00e9 torcedor apaixonado do maior do Centro-Oeste, o Vila Nova Futebol Clube. Casado com Meirilane Dias, \u00e9 pai de Juliana Dias, jornalista; Daniel Dias, economista; e Maria Rosa Dias, estudante antifascista, socialista e trotskista.\u00a0Com tr\u00eas pets: Porquinho [Bull Dog Franc\u00eas], Dalila [Basset Hound] e Geleia [Basset Hound]. Al\u00e9m do eterno gato Tutuquinho, que virou estrela.","sameAs":["https:\/\/www.facebook.com\/renato.dias.37","#breve","https:\/\/renatodias.tumblr.com\/"],"url":"https:\/\/renatodias.online\/movimento\/author\/renatodias\/"}]}},"_links":{"self":[{"href":"https:\/\/renatodias.online\/movimento\/wp-json\/wp\/v2\/posts\/15519","targetHints":{"allow":["GET"]}}],"collection":[{"href":"https:\/\/renatodias.online\/movimento\/wp-json\/wp\/v2\/posts"}],"about":[{"href":"https:\/\/renatodias.online\/movimento\/wp-json\/wp\/v2\/types\/post"}],"author":[{"embeddable":true,"href":"https:\/\/renatodias.online\/movimento\/wp-json\/wp\/v2\/users\/2"}],"replies":[{"embeddable":true,"href":"https:\/\/renatodias.online\/movimento\/wp-json\/wp\/v2\/comments?post=15519"}],"version-history":[{"count":1,"href":"https:\/\/renatodias.online\/movimento\/wp-json\/wp\/v2\/posts\/15519\/revisions"}],"predecessor-version":[{"id":15525,"href":"https:\/\/renatodias.online\/movimento\/wp-json\/wp\/v2\/posts\/15519\/revisions\/15525"}],"wp:featuredmedia":[{"embeddable":true,"href":"https:\/\/renatodias.online\/movimento\/wp-json\/wp\/v2\/media\/11709"}],"wp:attachment":[{"href":"https:\/\/renatodias.online\/movimento\/wp-json\/wp\/v2\/media?parent=15519"}],"wp:term":[{"taxonomy":"category","embeddable":true,"href":"https:\/\/renatodias.online\/movimento\/wp-json\/wp\/v2\/categories?post=15519"},{"taxonomy":"post_tag","embeddable":true,"href":"https:\/\/renatodias.online\/movimento\/wp-json\/wp\/v2\/tags?post=15519"}],"curies":[{"name":"wp","href":"https:\/\/api.w.org\/{rel}","templated":true}]}}