{"id":15497,"date":"2023-02-07T14:26:09","date_gmt":"2023-02-07T17:26:09","guid":{"rendered":"https:\/\/renatodias.online\/movimento\/?p=15497"},"modified":"2023-02-07T14:26:09","modified_gmt":"2023-02-07T17:26:09","slug":"em-memoria-de-osvaldao","status":"publish","type":"post","link":"https:\/\/renatodias.online\/movimento\/2023\/02\/07\/em-memoria-de-osvaldao\/","title":{"rendered":"Em mem\u00f3ria de Osvald\u00e3o"},"content":{"rendered":"<h1><img loading=\"lazy\" decoding=\"async\" class=\"size-medium wp-image-5007 aligncenter\" src=\"https:\/\/renatodias.online\/movimento\/wp-content\/uploads\/2021\/01\/Alto-da-p\u00e1gina-Banner-Exclusivo-300x91.png\" alt=\"\" width=\"300\" height=\"91\" \/><\/h1>\n<h1 style=\"text-align: center;\"><strong><span style=\"color: #ff0000;\">Em mem\u00f3ria de Osvald\u00e3o<\/span> <\/strong><\/h1>\n<p><span style=\"color: #ff0000;\"><img loading=\"lazy\" decoding=\"async\" class=\"size-medium wp-image-7457 aligncenter\" src=\"https:\/\/renatodias.online\/movimento\/wp-content\/uploads\/2021\/06\/Sangue-_-1-300x200.jpeg\" alt=\"\" width=\"300\" height=\"200\" \/><\/span><\/p>\n<p><span style=\"color: #ff0000;\"><strong>Paulo Henrique Costa Mattos<\/strong><\/span><\/p>\n<p>Em 4 de fevereiro de 1974, um dia como hoje, era barbaramente assassinado Osvaldo Orlando da Costa, militante do PCdoB, que tive o prazer de estudar e relatar suas aventuras e a\u00e7\u00f5es no livro Vida Vermelha &#8211; Hist\u00f3ria da Esquerda e da Guerrilha do Araguaia, lan\u00e7ado em 1998. <strong>Osvald\u00e3o foi vitimado covardemente pelo Ex\u00e9rcito brasileiro nos est\u00e1gios finais da ofensiva militar que aniquilou a luta armada no Brasil e a Guerrilha do Araguaia<\/strong>, na regi\u00e3o do Sul do Par\u00e1 e Norte de Goi\u00e1s, hoje Estado do Tocantins.<\/p>\n<p><img loading=\"lazy\" decoding=\"async\" class=\"size-full wp-image-6054 aligncenter\" src=\"https:\/\/renatodias.online\/movimento\/wp-content\/uploads\/2021\/04\/Imagem-de-sangue-e1657251646184.jpg\" alt=\"\" width=\"360\" height=\"240\" \/><\/p>\n<p>Osvald\u00e3o \u00e9 uma das figuras mais emblem\u00e1ticas que j\u00e1 tive a felicidade de estudar e relatar em meus livros. Era um sujeito amado pela popula\u00e7\u00e3o ribeirinha do Araguaia, moradores de Xambio\u00e1 e regi\u00e3o, por isso mesmo foi massacrado junto com a maioria absoluta dos guerrilheiros do Araguaia, seu corpo foi pendurado em um helic\u00f3ptero que sobrevoou v\u00e1rias cidades do bico do Papagaio para mostrar aos ribeirinhos e caboclos locais que o &#8220;<strong>Neg\u00e3o&#8221;, o &#8220;Paulista&#8221;, o &#8220;Imortal&#8221; estava morto e sangrava como todos os outros supostos &#8220;herois do povo&#8221;.<\/strong><\/p>\n<figure id=\"attachment_7136\" aria-describedby=\"caption-attachment-7136\" style=\"width: 1280px\" class=\"wp-caption alignnone\"><img loading=\"lazy\" decoding=\"async\" class=\"wp-image-7136 size-full\" src=\"https:\/\/renatodias.online\/movimento\/wp-content\/uploads\/2021\/06\/Guerrilha-do-Araguaia-_-Imagem.jpg\" alt=\"\" width=\"1280\" height=\"640\" srcset=\"https:\/\/renatodias.online\/movimento\/wp-content\/uploads\/2021\/06\/Guerrilha-do-Araguaia-_-Imagem.jpg 1280w, https:\/\/renatodias.online\/movimento\/wp-content\/uploads\/2021\/06\/Guerrilha-do-Araguaia-_-Imagem-300x150.jpg 300w, https:\/\/renatodias.online\/movimento\/wp-content\/uploads\/2021\/06\/Guerrilha-do-Araguaia-_-Imagem-768x384.jpg 768w, https:\/\/renatodias.online\/movimento\/wp-content\/uploads\/2021\/06\/Guerrilha-do-Araguaia-_-Imagem-555x278.jpg 555w, https:\/\/renatodias.online\/movimento\/wp-content\/uploads\/2021\/06\/Guerrilha-do-Araguaia-_-Imagem-750x375.jpg 750w\" sizes=\"auto, (max-width: 1280px) 100vw, 1280px\" \/><figcaption id=\"caption-attachment-7136\" class=\"wp-caption-text\"><strong>Guerrilha do Araguaia<\/strong><\/figcaption><\/figure>\n<p>Em seguida, Osvald\u00e3o foi decapitado e suas m\u00e3os cortadas por um sargento do Ex\u00e9rcito, e seu corpo foi\u00a0deixado na mata <strong>&#8220;para os urubus comerem&#8221;.<\/strong> Como foi feito com o corpo de muitos campesinos e moradores da regi\u00e3o, at\u00e9 hoje considerados &#8220;desaparecido pol\u00edticos&#8221;, como as sete dezenas de corpos de militantes do PCdoB nunca recuperados e sem direito sequer a uma cova.<\/p>\n<p><img loading=\"lazy\" decoding=\"async\" class=\"aligncenter wp-image-7135 size-full\" src=\"https:\/\/renatodias.online\/movimento\/wp-content\/uploads\/2021\/06\/Mortos-e-desaparecidos-na-Guerrilha-do-Araguaia.jpg\" alt=\"\" width=\"768\" height=\"1114\" srcset=\"https:\/\/renatodias.online\/movimento\/wp-content\/uploads\/2021\/06\/Mortos-e-desaparecidos-na-Guerrilha-do-Araguaia.jpg 768w, https:\/\/renatodias.online\/movimento\/wp-content\/uploads\/2021\/06\/Mortos-e-desaparecidos-na-Guerrilha-do-Araguaia-207x300.jpg 207w, https:\/\/renatodias.online\/movimento\/wp-content\/uploads\/2021\/06\/Mortos-e-desaparecidos-na-Guerrilha-do-Araguaia-706x1024.jpg 706w, https:\/\/renatodias.online\/movimento\/wp-content\/uploads\/2021\/06\/Mortos-e-desaparecidos-na-Guerrilha-do-Araguaia-750x1088.jpg 750w\" sizes=\"auto, (max-width: 768px) 100vw, 768px\" \/><\/p>\n<p><strong>Essa era a forma que as &#8220;gloriosas For\u00e7as Armadas do Brasil&#8221; tratava quem era contra a ditadura e combatia seu nefasto Governo.<\/strong> Por isso,\u00a0 4\/02\/2023 \u00e9 um dia de mem\u00f3ria, \u00e9 um dia de dizer &#8220;Osvald\u00e3o Presente&#8221;. A luta por um pa\u00eds socialmente justo e democr\u00e1tico continua! Venceremos!<\/p>\n<figure id=\"attachment_7406\" aria-describedby=\"caption-attachment-7406\" style=\"width: 826px\" class=\"wp-caption alignnone\"><img loading=\"lazy\" decoding=\"async\" class=\"wp-image-7406 size-large\" src=\"https:\/\/renatodias.online\/movimento\/wp-content\/uploads\/2021\/06\/Infografico-_-A-Guerrilha-do-Araguaia-_-1966-1975-826x1024.jpg\" alt=\"\" width=\"826\" height=\"1024\" \/><figcaption id=\"caption-attachment-7406\" class=\"wp-caption-text\"><strong>A Guerrilha do Araguaia _ 1966-1975<\/strong><\/figcaption><\/figure>\n<p><span style=\"color: #ff0000;\"><strong>Professor Paulo Henrique Costa Mattos, Hist\u00f3riador e Soci\u00f3logo da Unirg &#8211; Universidade de Gurupi<\/strong><\/span><\/p>\n<figure id=\"attachment_5672\" aria-describedby=\"caption-attachment-5672\" style=\"width: 960px\" class=\"wp-caption alignnone\"><img loading=\"lazy\" decoding=\"async\" class=\"wp-image-5672 size-full\" src=\"https:\/\/renatodias.online\/movimento\/wp-content\/uploads\/2021\/03\/Paulo-Henrique-Costa-Mattos-1.jpg\" alt=\"Paulo Henrique Costa Mattos\" width=\"960\" height=\"640\" srcset=\"https:\/\/renatodias.online\/movimento\/wp-content\/uploads\/2021\/03\/Paulo-Henrique-Costa-Mattos-1.jpg 960w, https:\/\/renatodias.online\/movimento\/wp-content\/uploads\/2021\/03\/Paulo-Henrique-Costa-Mattos-1-300x200.jpg 300w, https:\/\/renatodias.online\/movimento\/wp-content\/uploads\/2021\/03\/Paulo-Henrique-Costa-Mattos-1-768x512.jpg 768w, https:\/\/renatodias.online\/movimento\/wp-content\/uploads\/2021\/03\/Paulo-Henrique-Costa-Mattos-1-360x240.jpg 360w, https:\/\/renatodias.online\/movimento\/wp-content\/uploads\/2021\/03\/Paulo-Henrique-Costa-Mattos-1-750x500.jpg 750w\" sizes=\"auto, (max-width: 960px) 100vw, 960px\" \/><figcaption id=\"caption-attachment-5672\" class=\"wp-caption-text\"><span style=\"color: #ff0000;\"><strong>Paulo Henrique Costa Mattos<\/strong><\/span><\/figcaption><\/figure>\n","protected":false},"excerpt":{"rendered":"<p>Em mem\u00f3ria de Osvald\u00e3o Paulo Henrique Costa Mattos Em 4 de fevereiro de 1974, um dia como hoje, era barbaramente assassinado Osvaldo Orlando da Costa, militante do PCdoB, que tive o prazer de estudar e relatar suas aventuras e a\u00e7\u00f5es no livro Vida Vermelha &#8211; Hist\u00f3ria da Esquerda e da Guerrilha do Araguaia, lan\u00e7ado em<\/p>\n","protected":false},"author":2,"featured_media":15498,"comment_status":"open","ping_status":"open","sticky":false,"template":"","format":"standard","meta":{"_acf_changed":false,"_monsterinsights_skip_tracking":false,"_monsterinsights_sitenote_active":false,"_monsterinsights_sitenote_note":"","_monsterinsights_sitenote_category":0,"footnotes":""},"categories":[4],"tags":[],"class_list":["post-15497","post","type-post","status-publish","format-standard","has-post-thumbnail","hentry","category-politica"],"acf":[],"yoast_head":"<!-- This site is optimized with the Yoast SEO plugin v27.4 - https:\/\/yoast.com\/product\/yoast-seo-wordpress\/ -->\n<title>Em mem\u00f3ria de Osvald\u00e3o -<\/title>\n<meta name=\"robots\" content=\"index, follow, max-snippet:-1, max-image-preview:large, max-video-preview:-1\" \/>\n<link rel=\"canonical\" href=\"https:\/\/renatodias.online\/movimento\/2023\/02\/07\/em-memoria-de-osvaldao\/\" \/>\n<meta property=\"og:locale\" content=\"pt_BR\" \/>\n<meta property=\"og:type\" content=\"article\" \/>\n<meta property=\"og:title\" content=\"Em mem\u00f3ria de Osvald\u00e3o -\" \/>\n<meta property=\"og:description\" content=\"Em mem\u00f3ria de Osvald\u00e3o Paulo Henrique Costa Mattos Em 4 de fevereiro de 1974, um dia como hoje, era barbaramente assassinado Osvaldo Orlando da Costa, militante do PCdoB, que tive o prazer de estudar e relatar suas aventuras e a\u00e7\u00f5es no livro Vida Vermelha &#8211; Hist\u00f3ria da Esquerda e da Guerrilha do Araguaia, lan\u00e7ado em\" \/>\n<meta property=\"og:url\" content=\"https:\/\/renatodias.online\/movimento\/2023\/02\/07\/em-memoria-de-osvaldao\/\" \/>\n<meta property=\"article:publisher\" content=\"https:\/\/www.facebook.com\/renato.dias.37\" \/>\n<meta property=\"article:author\" content=\"https:\/\/www.facebook.com\/renato.dias.37\" \/>\n<meta property=\"article:published_time\" content=\"2023-02-07T17:26:09+00:00\" \/>\n<meta property=\"og:image\" content=\"https:\/\/renatodias.online\/movimento\/wp-content\/uploads\/2023\/02\/Osvaldao-e1675790746620.jpg\" \/>\n\t<meta property=\"og:image:width\" content=\"310\" \/>\n\t<meta property=\"og:image:height\" content=\"386\" \/>\n\t<meta property=\"og:image:type\" content=\"image\/jpeg\" \/>\n<meta name=\"author\" content=\"Renato Dias\" \/>\n<meta name=\"twitter:card\" content=\"summary_large_image\" \/>\n<meta name=\"twitter:creator\" content=\"@RenatoDiasBat\" \/>\n<meta name=\"twitter:site\" content=\"@RenatoDiasBat\" \/>\n<meta name=\"twitter:label1\" content=\"Escrito por\" \/>\n\t<meta name=\"twitter:data1\" content=\"Renato Dias\" \/>\n\t<meta name=\"twitter:label2\" content=\"Est. tempo de leitura\" \/>\n\t<meta name=\"twitter:data2\" content=\"2 minutos\" \/>\n<script type=\"application\/ld+json\" class=\"yoast-schema-graph\">{\"@context\":\"https:\\\/\\\/schema.org\",\"@graph\":[{\"@type\":\"Article\",\"@id\":\"https:\\\/\\\/renatodias.online\\\/movimento\\\/2023\\\/02\\\/07\\\/em-memoria-de-osvaldao\\\/#article\",\"isPartOf\":{\"@id\":\"https:\\\/\\\/renatodias.online\\\/movimento\\\/2023\\\/02\\\/07\\\/em-memoria-de-osvaldao\\\/\"},\"author\":{\"name\":\"Renato Dias\",\"@id\":\"https:\\\/\\\/renatodias.online\\\/movimento\\\/#\\\/schema\\\/person\\\/bbab28833b1725a20f4083f49f1fb2a9\"},\"headline\":\"Em mem\u00f3ria de Osvald\u00e3o\",\"datePublished\":\"2023-02-07T17:26:09+00:00\",\"mainEntityOfPage\":{\"@id\":\"https:\\\/\\\/renatodias.online\\\/movimento\\\/2023\\\/02\\\/07\\\/em-memoria-de-osvaldao\\\/\"},\"wordCount\":368,\"commentCount\":0,\"publisher\":{\"@id\":\"https:\\\/\\\/renatodias.online\\\/movimento\\\/#\\\/schema\\\/person\\\/bbab28833b1725a20f4083f49f1fb2a9\"},\"image\":{\"@id\":\"https:\\\/\\\/renatodias.online\\\/movimento\\\/2023\\\/02\\\/07\\\/em-memoria-de-osvaldao\\\/#primaryimage\"},\"thumbnailUrl\":\"https:\\\/\\\/renatodias.online\\\/movimento\\\/wp-content\\\/uploads\\\/2023\\\/02\\\/Osvaldao-e1675790746620.jpg\",\"articleSection\":[\"Pol\u00edtica\"],\"inLanguage\":\"pt-BR\",\"potentialAction\":[{\"@type\":\"CommentAction\",\"name\":\"Comment\",\"target\":[\"https:\\\/\\\/renatodias.online\\\/movimento\\\/2023\\\/02\\\/07\\\/em-memoria-de-osvaldao\\\/#respond\"]}]},{\"@type\":\"WebPage\",\"@id\":\"https:\\\/\\\/renatodias.online\\\/movimento\\\/2023\\\/02\\\/07\\\/em-memoria-de-osvaldao\\\/\",\"url\":\"https:\\\/\\\/renatodias.online\\\/movimento\\\/2023\\\/02\\\/07\\\/em-memoria-de-osvaldao\\\/\",\"name\":\"Em mem\u00f3ria de Osvald\u00e3o -\",\"isPartOf\":{\"@id\":\"https:\\\/\\\/renatodias.online\\\/movimento\\\/#website\"},\"primaryImageOfPage\":{\"@id\":\"https:\\\/\\\/renatodias.online\\\/movimento\\\/2023\\\/02\\\/07\\\/em-memoria-de-osvaldao\\\/#primaryimage\"},\"image\":{\"@id\":\"https:\\\/\\\/renatodias.online\\\/movimento\\\/2023\\\/02\\\/07\\\/em-memoria-de-osvaldao\\\/#primaryimage\"},\"thumbnailUrl\":\"https:\\\/\\\/renatodias.online\\\/movimento\\\/wp-content\\\/uploads\\\/2023\\\/02\\\/Osvaldao-e1675790746620.jpg\",\"datePublished\":\"2023-02-07T17:26:09+00:00\",\"breadcrumb\":{\"@id\":\"https:\\\/\\\/renatodias.online\\\/movimento\\\/2023\\\/02\\\/07\\\/em-memoria-de-osvaldao\\\/#breadcrumb\"},\"inLanguage\":\"pt-BR\",\"potentialAction\":[{\"@type\":\"ReadAction\",\"target\":[\"https:\\\/\\\/renatodias.online\\\/movimento\\\/2023\\\/02\\\/07\\\/em-memoria-de-osvaldao\\\/\"]}]},{\"@type\":\"ImageObject\",\"inLanguage\":\"pt-BR\",\"@id\":\"https:\\\/\\\/renatodias.online\\\/movimento\\\/2023\\\/02\\\/07\\\/em-memoria-de-osvaldao\\\/#primaryimage\",\"url\":\"https:\\\/\\\/renatodias.online\\\/movimento\\\/wp-content\\\/uploads\\\/2023\\\/02\\\/Osvaldao-e1675790746620.jpg\",\"contentUrl\":\"https:\\\/\\\/renatodias.online\\\/movimento\\\/wp-content\\\/uploads\\\/2023\\\/02\\\/Osvaldao-e1675790746620.jpg\",\"width\":310,\"height\":386,\"caption\":\"Osvald\u00e3o\"},{\"@type\":\"BreadcrumbList\",\"@id\":\"https:\\\/\\\/renatodias.online\\\/movimento\\\/2023\\\/02\\\/07\\\/em-memoria-de-osvaldao\\\/#breadcrumb\",\"itemListElement\":[{\"@type\":\"ListItem\",\"position\":1,\"name\":\"In\u00edcio\",\"item\":\"https:\\\/\\\/renatodias.online\\\/movimento\\\/\"},{\"@type\":\"ListItem\",\"position\":2,\"name\":\"Em mem\u00f3ria de Osvald\u00e3o\"}]},{\"@type\":\"WebSite\",\"@id\":\"https:\\\/\\\/renatodias.online\\\/movimento\\\/#website\",\"url\":\"https:\\\/\\\/renatodias.online\\\/movimento\\\/\",\"name\":\"\",\"description\":\"\",\"publisher\":{\"@id\":\"https:\\\/\\\/renatodias.online\\\/movimento\\\/#\\\/schema\\\/person\\\/bbab28833b1725a20f4083f49f1fb2a9\"},\"potentialAction\":[{\"@type\":\"SearchAction\",\"target\":{\"@type\":\"EntryPoint\",\"urlTemplate\":\"https:\\\/\\\/renatodias.online\\\/movimento\\\/?s={search_term_string}\"},\"query-input\":{\"@type\":\"PropertyValueSpecification\",\"valueRequired\":true,\"valueName\":\"search_term_string\"}}],\"inLanguage\":\"pt-BR\"},{\"@type\":[\"Person\",\"Organization\"],\"@id\":\"https:\\\/\\\/renatodias.online\\\/movimento\\\/#\\\/schema\\\/person\\\/bbab28833b1725a20f4083f49f1fb2a9\",\"name\":\"Renato Dias\",\"image\":{\"@type\":\"ImageObject\",\"inLanguage\":\"pt-BR\",\"@id\":\"https:\\\/\\\/renatodias.online\\\/movimento\\\/wp-content\\\/uploads\\\/2023\\\/03\\\/cropped-cropped-cropped-logofinal.jpeg\",\"url\":\"https:\\\/\\\/renatodias.online\\\/movimento\\\/wp-content\\\/uploads\\\/2023\\\/03\\\/cropped-cropped-cropped-logofinal.jpeg\",\"contentUrl\":\"https:\\\/\\\/renatodias.online\\\/movimento\\\/wp-content\\\/uploads\\\/2023\\\/03\\\/cropped-cropped-cropped-logofinal.jpeg\",\"width\":1280,\"height\":219,\"caption\":\"Renato Dias\"},\"logo\":{\"@id\":\"https:\\\/\\\/renatodias.online\\\/movimento\\\/wp-content\\\/uploads\\\/2023\\\/03\\\/cropped-cropped-cropped-logofinal.jpeg\"},\"description\":\"Renato Dias, 58 anos, \u00e9 graduado em Jornalismo, formado em Ci\u00eancias Sociais, com p\u00f3s-gradua\u00e7\u00e3o em Pol\u00edticas P\u00fablicas, mestre em Direito e Rela\u00e7\u00f5es Internacionais, ex-aluno extraordin\u00e1rio do Doutorado em Psicologia Social, ex-estudante do Curso de Psican\u00e1lise do Centro de Estudos Psicanal\u00edticos do Estado de Goi\u00e1s, ministrado pelo m\u00e9dico psiquiatra e psicanalista Daniel Em\u00eddio de Souza. \u00c9 autor de 30 livros-reportagem, oito document\u00e1rios, ganhou 30 pr\u00eamios e \u00e9 torcedor apaixonado do maior do Centro-Oeste, o Vila Nova Futebol Clube. Casado com Meirilane Dias, \u00e9 pai de Juliana Dias, jornalista; Daniel Dias, economista; e Maria Rosa Dias, estudante antifascista, socialista e trotskista.\u00a0Com tr\u00eas pets: Porquinho [Bull Dog Franc\u00eas], Dalila [Basset Hound] e Geleia [Basset Hound]. Al\u00e9m do eterno gato Tutuquinho, que virou estrela.\",\"sameAs\":[\"https:\\\/\\\/www.facebook.com\\\/renato.dias.37\",\"#breve\",\"https:\\\/\\\/renatodias.tumblr.com\\\/\"],\"url\":\"https:\\\/\\\/renatodias.online\\\/movimento\\\/author\\\/renatodias\\\/\"}]}<\/script>\n<!-- \/ Yoast SEO plugin. -->","yoast_head_json":{"title":"Em mem\u00f3ria de Osvald\u00e3o -","robots":{"index":"index","follow":"follow","max-snippet":"max-snippet:-1","max-image-preview":"max-image-preview:large","max-video-preview":"max-video-preview:-1"},"canonical":"https:\/\/renatodias.online\/movimento\/2023\/02\/07\/em-memoria-de-osvaldao\/","og_locale":"pt_BR","og_type":"article","og_title":"Em mem\u00f3ria de Osvald\u00e3o -","og_description":"Em mem\u00f3ria de Osvald\u00e3o Paulo Henrique Costa Mattos Em 4 de fevereiro de 1974, um dia como hoje, era barbaramente assassinado Osvaldo Orlando da Costa, militante do PCdoB, que tive o prazer de estudar e relatar suas aventuras e a\u00e7\u00f5es no livro Vida Vermelha &#8211; Hist\u00f3ria da Esquerda e da Guerrilha do Araguaia, lan\u00e7ado em","og_url":"https:\/\/renatodias.online\/movimento\/2023\/02\/07\/em-memoria-de-osvaldao\/","article_publisher":"https:\/\/www.facebook.com\/renato.dias.37","article_author":"https:\/\/www.facebook.com\/renato.dias.37","article_published_time":"2023-02-07T17:26:09+00:00","og_image":[{"width":310,"height":386,"url":"https:\/\/renatodias.online\/movimento\/wp-content\/uploads\/2023\/02\/Osvaldao-e1675790746620.jpg","type":"image\/jpeg"}],"author":"Renato Dias","twitter_card":"summary_large_image","twitter_creator":"@RenatoDiasBat","twitter_site":"@RenatoDiasBat","twitter_misc":{"Escrito por":"Renato Dias","Est. tempo de leitura":"2 minutos"},"schema":{"@context":"https:\/\/schema.org","@graph":[{"@type":"Article","@id":"https:\/\/renatodias.online\/movimento\/2023\/02\/07\/em-memoria-de-osvaldao\/#article","isPartOf":{"@id":"https:\/\/renatodias.online\/movimento\/2023\/02\/07\/em-memoria-de-osvaldao\/"},"author":{"name":"Renato Dias","@id":"https:\/\/renatodias.online\/movimento\/#\/schema\/person\/bbab28833b1725a20f4083f49f1fb2a9"},"headline":"Em mem\u00f3ria de Osvald\u00e3o","datePublished":"2023-02-07T17:26:09+00:00","mainEntityOfPage":{"@id":"https:\/\/renatodias.online\/movimento\/2023\/02\/07\/em-memoria-de-osvaldao\/"},"wordCount":368,"commentCount":0,"publisher":{"@id":"https:\/\/renatodias.online\/movimento\/#\/schema\/person\/bbab28833b1725a20f4083f49f1fb2a9"},"image":{"@id":"https:\/\/renatodias.online\/movimento\/2023\/02\/07\/em-memoria-de-osvaldao\/#primaryimage"},"thumbnailUrl":"https:\/\/renatodias.online\/movimento\/wp-content\/uploads\/2023\/02\/Osvaldao-e1675790746620.jpg","articleSection":["Pol\u00edtica"],"inLanguage":"pt-BR","potentialAction":[{"@type":"CommentAction","name":"Comment","target":["https:\/\/renatodias.online\/movimento\/2023\/02\/07\/em-memoria-de-osvaldao\/#respond"]}]},{"@type":"WebPage","@id":"https:\/\/renatodias.online\/movimento\/2023\/02\/07\/em-memoria-de-osvaldao\/","url":"https:\/\/renatodias.online\/movimento\/2023\/02\/07\/em-memoria-de-osvaldao\/","name":"Em mem\u00f3ria de Osvald\u00e3o -","isPartOf":{"@id":"https:\/\/renatodias.online\/movimento\/#website"},"primaryImageOfPage":{"@id":"https:\/\/renatodias.online\/movimento\/2023\/02\/07\/em-memoria-de-osvaldao\/#primaryimage"},"image":{"@id":"https:\/\/renatodias.online\/movimento\/2023\/02\/07\/em-memoria-de-osvaldao\/#primaryimage"},"thumbnailUrl":"https:\/\/renatodias.online\/movimento\/wp-content\/uploads\/2023\/02\/Osvaldao-e1675790746620.jpg","datePublished":"2023-02-07T17:26:09+00:00","breadcrumb":{"@id":"https:\/\/renatodias.online\/movimento\/2023\/02\/07\/em-memoria-de-osvaldao\/#breadcrumb"},"inLanguage":"pt-BR","potentialAction":[{"@type":"ReadAction","target":["https:\/\/renatodias.online\/movimento\/2023\/02\/07\/em-memoria-de-osvaldao\/"]}]},{"@type":"ImageObject","inLanguage":"pt-BR","@id":"https:\/\/renatodias.online\/movimento\/2023\/02\/07\/em-memoria-de-osvaldao\/#primaryimage","url":"https:\/\/renatodias.online\/movimento\/wp-content\/uploads\/2023\/02\/Osvaldao-e1675790746620.jpg","contentUrl":"https:\/\/renatodias.online\/movimento\/wp-content\/uploads\/2023\/02\/Osvaldao-e1675790746620.jpg","width":310,"height":386,"caption":"Osvald\u00e3o"},{"@type":"BreadcrumbList","@id":"https:\/\/renatodias.online\/movimento\/2023\/02\/07\/em-memoria-de-osvaldao\/#breadcrumb","itemListElement":[{"@type":"ListItem","position":1,"name":"In\u00edcio","item":"https:\/\/renatodias.online\/movimento\/"},{"@type":"ListItem","position":2,"name":"Em mem\u00f3ria de Osvald\u00e3o"}]},{"@type":"WebSite","@id":"https:\/\/renatodias.online\/movimento\/#website","url":"https:\/\/renatodias.online\/movimento\/","name":"","description":"","publisher":{"@id":"https:\/\/renatodias.online\/movimento\/#\/schema\/person\/bbab28833b1725a20f4083f49f1fb2a9"},"potentialAction":[{"@type":"SearchAction","target":{"@type":"EntryPoint","urlTemplate":"https:\/\/renatodias.online\/movimento\/?s={search_term_string}"},"query-input":{"@type":"PropertyValueSpecification","valueRequired":true,"valueName":"search_term_string"}}],"inLanguage":"pt-BR"},{"@type":["Person","Organization"],"@id":"https:\/\/renatodias.online\/movimento\/#\/schema\/person\/bbab28833b1725a20f4083f49f1fb2a9","name":"Renato Dias","image":{"@type":"ImageObject","inLanguage":"pt-BR","@id":"https:\/\/renatodias.online\/movimento\/wp-content\/uploads\/2023\/03\/cropped-cropped-cropped-logofinal.jpeg","url":"https:\/\/renatodias.online\/movimento\/wp-content\/uploads\/2023\/03\/cropped-cropped-cropped-logofinal.jpeg","contentUrl":"https:\/\/renatodias.online\/movimento\/wp-content\/uploads\/2023\/03\/cropped-cropped-cropped-logofinal.jpeg","width":1280,"height":219,"caption":"Renato Dias"},"logo":{"@id":"https:\/\/renatodias.online\/movimento\/wp-content\/uploads\/2023\/03\/cropped-cropped-cropped-logofinal.jpeg"},"description":"Renato Dias, 58 anos, \u00e9 graduado em Jornalismo, formado em Ci\u00eancias Sociais, com p\u00f3s-gradua\u00e7\u00e3o em Pol\u00edticas P\u00fablicas, mestre em Direito e Rela\u00e7\u00f5es Internacionais, ex-aluno extraordin\u00e1rio do Doutorado em Psicologia Social, ex-estudante do Curso de Psican\u00e1lise do Centro de Estudos Psicanal\u00edticos do Estado de Goi\u00e1s, ministrado pelo m\u00e9dico psiquiatra e psicanalista Daniel Em\u00eddio de Souza. \u00c9 autor de 30 livros-reportagem, oito document\u00e1rios, ganhou 30 pr\u00eamios e \u00e9 torcedor apaixonado do maior do Centro-Oeste, o Vila Nova Futebol Clube. Casado com Meirilane Dias, \u00e9 pai de Juliana Dias, jornalista; Daniel Dias, economista; e Maria Rosa Dias, estudante antifascista, socialista e trotskista.\u00a0Com tr\u00eas pets: Porquinho [Bull Dog Franc\u00eas], Dalila [Basset Hound] e Geleia [Basset Hound]. Al\u00e9m do eterno gato Tutuquinho, que virou estrela.","sameAs":["https:\/\/www.facebook.com\/renato.dias.37","#breve","https:\/\/renatodias.tumblr.com\/"],"url":"https:\/\/renatodias.online\/movimento\/author\/renatodias\/"}]}},"_links":{"self":[{"href":"https:\/\/renatodias.online\/movimento\/wp-json\/wp\/v2\/posts\/15497","targetHints":{"allow":["GET"]}}],"collection":[{"href":"https:\/\/renatodias.online\/movimento\/wp-json\/wp\/v2\/posts"}],"about":[{"href":"https:\/\/renatodias.online\/movimento\/wp-json\/wp\/v2\/types\/post"}],"author":[{"embeddable":true,"href":"https:\/\/renatodias.online\/movimento\/wp-json\/wp\/v2\/users\/2"}],"replies":[{"embeddable":true,"href":"https:\/\/renatodias.online\/movimento\/wp-json\/wp\/v2\/comments?post=15497"}],"version-history":[{"count":1,"href":"https:\/\/renatodias.online\/movimento\/wp-json\/wp\/v2\/posts\/15497\/revisions"}],"predecessor-version":[{"id":15499,"href":"https:\/\/renatodias.online\/movimento\/wp-json\/wp\/v2\/posts\/15497\/revisions\/15499"}],"wp:featuredmedia":[{"embeddable":true,"href":"https:\/\/renatodias.online\/movimento\/wp-json\/wp\/v2\/media\/15498"}],"wp:attachment":[{"href":"https:\/\/renatodias.online\/movimento\/wp-json\/wp\/v2\/media?parent=15497"}],"wp:term":[{"taxonomy":"category","embeddable":true,"href":"https:\/\/renatodias.online\/movimento\/wp-json\/wp\/v2\/categories?post=15497"},{"taxonomy":"post_tag","embeddable":true,"href":"https:\/\/renatodias.online\/movimento\/wp-json\/wp\/v2\/tags?post=15497"}],"curies":[{"name":"wp","href":"https:\/\/api.w.org\/{rel}","templated":true}]}}