{"id":15479,"date":"2023-02-05T19:30:56","date_gmt":"2023-02-05T22:30:56","guid":{"rendered":"https:\/\/renatodias.online\/movimento\/?p=15479"},"modified":"2023-02-05T19:31:22","modified_gmt":"2023-02-05T22:31:22","slug":"peixoto-defende-alinhamento-a-caiado","status":"publish","type":"post","link":"https:\/\/renatodias.online\/movimento\/2023\/02\/05\/peixoto-defende-alinhamento-a-caiado\/","title":{"rendered":"Peixoto defende alinhamento a Caiado"},"content":{"rendered":"<p><strong><img loading=\"lazy\" decoding=\"async\" class=\"size-medium wp-image-5007 aligncenter\" src=\"https:\/\/renatodias.online\/movimento\/wp-content\/uploads\/2021\/01\/Alto-da-p\u00e1gina-Banner-Exclusivo-300x91.png\" alt=\"\" width=\"300\" height=\"91\" \/><\/strong><\/p>\n<h1 style=\"text-align: center;\"><span style=\"color: #008000;\"><strong>Da Assembleia com Governo do Estado<\/strong><\/span><\/h1>\n<figure id=\"attachment_15480\" aria-describedby=\"caption-attachment-15480\" style=\"width: 1518px\" class=\"wp-caption alignnone\"><img loading=\"lazy\" decoding=\"async\" class=\"wp-image-15480 size-full\" src=\"https:\/\/renatodias.online\/movimento\/wp-content\/uploads\/2023\/02\/Bruno-Peixoto-Ronaldo-Caiado-Daniel-Vilela-e-Romario-Policarpo.jpg\" alt=\"\" width=\"1518\" height=\"1010\" \/><figcaption id=\"caption-attachment-15480\" class=\"wp-caption-text\"><strong>Bruno Peixoto, Ronaldo Caiado, Daniel Vilela e Rom\u00e1rio Policarpo: unidade pol\u00edtica<br \/><\/strong><\/figcaption><\/figure>\n<p><strong><img loading=\"lazy\" decoding=\"async\" class=\"size-full wp-image-11298 aligncenter\" src=\"https:\/\/renatodias.online\/movimento\/wp-content\/uploads\/2022\/03\/Entrevista-Especial.png\" alt=\"\" width=\"225\" height=\"225\" srcset=\"https:\/\/renatodias.online\/movimento\/wp-content\/uploads\/2022\/03\/Entrevista-Especial.png 225w, https:\/\/renatodias.online\/movimento\/wp-content\/uploads\/2022\/03\/Entrevista-Especial-150x150.png 150w\" sizes=\"auto, (max-width: 225px) 100vw, 225px\" \/><\/strong><\/p>\n<h3 style=\"text-align: center;\"><span style=\"color: #0000ff;\"><strong>Liberal condena Terror e analisa cen\u00e1rios nacional e internacional\u00a0<\/strong><\/span><\/h3>\n<p><span style=\"color: #ff0000;\"><strong>Renato Dias\u00a0<\/strong><\/span><\/p>\n<p>O ex-vereador em Goi\u00e2nia, ex-presidente da Agetul e ex-gestor do Instituto Municipal de Assist\u00eancia \u00e0 Sa\u00fade [IMAS] da Prefeitura de Goi\u00e2nia <strong>Sebasti\u00e3o Peixoto<\/strong> frisa que Bruno Peixoto, o presidente eleito da Assembleia Legislativa, ter\u00e1 total independ\u00eancia or\u00e7ament\u00e1ria e administrativa, com alinhamento pol\u00edtico e social ao governador do Estado de Goi\u00e1s, Ronaldo Caiado. Os dois s\u00e3o do Uni\u00e3o Brasil.<\/p>\n<blockquote>\n<h2><strong><span style=\"color: #800000;\">Gestor p\u00fablico aprova Bruno Peixoto, Rom\u00e1rio Policarpo, Rodrigo Pacheco e Arthur Lira<\/span>\u00a0<\/strong><\/h2>\n<figure id=\"attachment_15481\" aria-describedby=\"caption-attachment-15481\" style=\"width: 1140px\" class=\"wp-caption alignnone\"><img loading=\"lazy\" decoding=\"async\" class=\"wp-image-15481 size-large\" src=\"https:\/\/renatodias.online\/movimento\/wp-content\/uploads\/2023\/02\/Rodrigo-Pacheco-e-Arthur-Lira-1427x1024.jpg\" alt=\"\" width=\"1140\" height=\"818\" srcset=\"https:\/\/renatodias.online\/movimento\/wp-content\/uploads\/2023\/02\/Rodrigo-Pacheco-e-Arthur-Lira-1427x1024.jpg 1427w, https:\/\/renatodias.online\/movimento\/wp-content\/uploads\/2023\/02\/Rodrigo-Pacheco-e-Arthur-Lira-300x215.jpg 300w, https:\/\/renatodias.online\/movimento\/wp-content\/uploads\/2023\/02\/Rodrigo-Pacheco-e-Arthur-Lira-768x551.jpg 768w, https:\/\/renatodias.online\/movimento\/wp-content\/uploads\/2023\/02\/Rodrigo-Pacheco-e-Arthur-Lira-1536x1102.jpg 1536w, https:\/\/renatodias.online\/movimento\/wp-content\/uploads\/2023\/02\/Rodrigo-Pacheco-e-Arthur-Lira-2048x1470.jpg 2048w, https:\/\/renatodias.online\/movimento\/wp-content\/uploads\/2023\/02\/Rodrigo-Pacheco-e-Arthur-Lira-750x538.jpg 750w, https:\/\/renatodias.online\/movimento\/wp-content\/uploads\/2023\/02\/Rodrigo-Pacheco-e-Arthur-Lira-85x60.jpg 85w\" sizes=\"auto, (max-width: 1140px) 100vw, 1140px\" \/><figcaption id=\"caption-attachment-15481\" class=\"wp-caption-text\"><strong>Rodrigo Pacheco e Arthur Lira<\/strong><\/figcaption><\/figure><\/blockquote>\n<p><img loading=\"lazy\" decoding=\"async\" class=\"size-full wp-image-13832 aligncenter\" src=\"https:\/\/renatodias.online\/movimento\/wp-content\/uploads\/2022\/08\/Veja.jpg\" alt=\"\" width=\"300\" height=\"150\" \/><\/p>\n<p>Operador do Direito, ele sai, hoje, em defesa do atual presidente da C\u00e2mara Municipal de Goi\u00e2nia, <strong>Rom\u00e1rio Policarpo<\/strong>. Pol\u00edtico com as ideias contempor\u00e2neas da modernidade, explica. O vereador tem feito cr\u00edticas \u00e0 atual gest\u00e3o do Pa\u00e7o Municipal. Ele exerce um mandato para fiscalizar, formular pol\u00edticas p\u00fablicas para serem executadas pelo Poder Executivo, informa ao <strong><span style=\"color: #ff0000;\">Portal de Not\u00edcias <a style=\"color: #ff0000;\" href=\"http:\/\/www.renatodias.online\">www.renatodias.online<\/a><\/span><\/strong><\/p>\n<blockquote>\n<h1><strong><span style=\"color: #800000;\">Atos contra o Estado Democr\u00e1tico de Direito s\u00e3o inaceit\u00e1veis<\/span>\u00a0<\/strong><\/h1>\n<figure id=\"attachment_15291\" aria-describedby=\"caption-attachment-15291\" style=\"width: 1080px\" class=\"wp-caption alignnone\"><img loading=\"lazy\" decoding=\"async\" class=\"size-full wp-image-15291\" src=\"https:\/\/renatodias.online\/movimento\/wp-content\/uploads\/2023\/01\/Terrorismo-4.png\" alt=\"\" width=\"1080\" height=\"650\" \/><figcaption id=\"caption-attachment-15291\" class=\"wp-caption-text\"><strong>Terror, viol\u00eancia e desestabiliza\u00e7\u00e3o<\/strong><\/figcaption><\/figure><\/blockquote>\n<p><strong>\u00a0<\/strong><strong><img loading=\"lazy\" decoding=\"async\" class=\"size-medium wp-image-13781 aligncenter\" src=\"https:\/\/renatodias.online\/movimento\/wp-content\/uploads\/2022\/08\/Raio-X-especial-300x112.png\" alt=\"\" width=\"300\" height=\"112\" \/><\/strong><\/p>\n<p>Pragm\u00e1tico, Sebasti\u00e3o Peixoto revela ainda condenar os atos antidemocr\u00e1ticos de 12 de dezembro de 2022 e 8 de janeiro de 2023, cobra a puni\u00e7\u00e3o dos v\u00e2ndalos e defende o Estado de Direito. O advogado aprova as elei\u00e7\u00f5es de <strong>Rodrigo Pacheco<\/strong> \u00e0 presid\u00eancia do Senado e de <strong>Arthur Lira<\/strong>, na C\u00e2mara dos Deputados. <strong>Luiz In\u00e1cio Lula da Silva<\/strong> far\u00e1 um excelente governo, acredita o liberal.<\/p>\n<blockquote>\n<h1><span style=\"color: #800000;\"><strong>Luiz In\u00e1cio Lula da Silva e Ronaldo Caiado far\u00e3o excelentes gest\u00f5es<\/strong><\/span><\/h1>\n<figure id=\"attachment_15482\" aria-describedby=\"caption-attachment-15482\" style=\"width: 1024px\" class=\"wp-caption alignnone\"><img loading=\"lazy\" decoding=\"async\" class=\"wp-image-15482 size-full\" src=\"https:\/\/renatodias.online\/movimento\/wp-content\/uploads\/2023\/02\/Lula-com-os-27-governadores.jpg\" alt=\"\" width=\"1024\" height=\"682\" \/><figcaption id=\"caption-attachment-15482\" class=\"wp-caption-text\"><strong>Luiz In\u00e1cio Lula da Silva com o 27 governadores _ Imagem: Ricardo Stuckert<\/strong><\/figcaption><\/figure><\/blockquote>\n<p>&nbsp;<\/p>\n<p><strong><img loading=\"lazy\" decoding=\"async\" class=\"size-medium wp-image-14125 aligncenter\" src=\"https:\/\/renatodias.online\/movimento\/wp-content\/uploads\/2022\/09\/Saiba-mais-300x103.png\" alt=\"\" width=\"300\" height=\"103\" srcset=\"https:\/\/renatodias.online\/movimento\/wp-content\/uploads\/2022\/09\/Saiba-mais-300x103.png 300w, https:\/\/renatodias.online\/movimento\/wp-content\/uploads\/2022\/09\/Saiba-mais.png 572w\" sizes=\"auto, (max-width: 300px) 100vw, 300px\" \/><\/strong><\/p>\n<h1 style=\"text-align: center;\"><span style=\"color: #ff0000;\"><strong>A geopol\u00edtica mundial<\/strong><\/span><\/h1>\n<p><span style=\"color: #ff0000;\"><img loading=\"lazy\" decoding=\"async\" class=\"aligncenter wp-image-7457 size-thumbnail\" src=\"https:\/\/renatodias.online\/movimento\/wp-content\/uploads\/2021\/06\/Sangue-_-1-150x150.jpeg\" alt=\"\" width=\"150\" height=\"150\" \/><\/span><\/p>\n<p><span style=\"color: #ff0000;\"><strong>Renato Dias<\/strong>\u00a0<\/span><\/p>\n<p>Antenado, o adepto da Escola de Economia de Chicago quer a realiza\u00e7\u00e3o de Confer\u00eancia Mundial Pela Paz. Com a miss\u00e3o de celebrar armist\u00edcio imediato entre R\u00fassia e Ucr\u00e2nia, distensionar as rela\u00e7\u00f5es China e os EUA, estabelecer um pacto duradouro com Israel e Palestina e acabar com o conflito na S\u00edria. Assim como encontrar acordos na \u00c1frica, Cuba e Venezuela, atira, hoje, o empres\u00e1rio e produtor rural.<\/p>\n<figure id=\"attachment_11065\" aria-describedby=\"caption-attachment-11065\" style=\"width: 729px\" class=\"wp-caption aligncenter\"><img loading=\"lazy\" decoding=\"async\" class=\"size-full wp-image-11065\" src=\"https:\/\/renatodias.online\/movimento\/wp-content\/uploads\/2022\/03\/A-guerra-Russia-e-Ucrania-1.png\" alt=\"\" width=\"729\" height=\"414\" \/><figcaption id=\"caption-attachment-11065\" class=\"wp-caption-text\"><strong>A escalada da guerra R\u00fassia e Ucr\u00e2nia<\/strong><\/figcaption><\/figure>\n","protected":false},"excerpt":{"rendered":"<p>Da Assembleia com Governo do Estado Liberal condena Terror e analisa cen\u00e1rios nacional e internacional\u00a0 Renato Dias\u00a0 O ex-vereador em Goi\u00e2nia, ex-presidente da Agetul e ex-gestor do Instituto Municipal de Assist\u00eancia \u00e0 Sa\u00fade [IMAS] da Prefeitura de Goi\u00e2nia Sebasti\u00e3o Peixoto frisa que Bruno Peixoto, o presidente eleito da Assembleia Legislativa, ter\u00e1 total independ\u00eancia or\u00e7ament\u00e1ria e<\/p>\n","protected":false},"author":2,"featured_media":9162,"comment_status":"open","ping_status":"open","sticky":false,"template":"","format":"standard","meta":{"_acf_changed":false,"_monsterinsights_skip_tracking":false,"_monsterinsights_sitenote_active":false,"_monsterinsights_sitenote_note":"","_monsterinsights_sitenote_category":0,"footnotes":""},"categories":[4],"tags":[],"class_list":["post-15479","post","type-post","status-publish","format-standard","has-post-thumbnail","hentry","category-politica"],"acf":[],"yoast_head":"<!-- This site is optimized with the Yoast SEO plugin v27.4 - https:\/\/yoast.com\/product\/yoast-seo-wordpress\/ -->\n<title>Peixoto defende alinhamento a Caiado -<\/title>\n<meta name=\"robots\" content=\"index, follow, max-snippet:-1, max-image-preview:large, max-video-preview:-1\" \/>\n<link rel=\"canonical\" href=\"https:\/\/renatodias.online\/movimento\/2023\/02\/05\/peixoto-defende-alinhamento-a-caiado\/\" \/>\n<meta property=\"og:locale\" content=\"pt_BR\" \/>\n<meta property=\"og:type\" content=\"article\" \/>\n<meta property=\"og:title\" content=\"Peixoto defende alinhamento a Caiado -\" \/>\n<meta property=\"og:description\" content=\"Da Assembleia com Governo do Estado Liberal condena Terror e analisa cen\u00e1rios nacional e internacional\u00a0 Renato Dias\u00a0 O ex-vereador em Goi\u00e2nia, ex-presidente da Agetul e ex-gestor do Instituto Municipal de Assist\u00eancia \u00e0 Sa\u00fade [IMAS] da Prefeitura de Goi\u00e2nia Sebasti\u00e3o Peixoto frisa que Bruno Peixoto, o presidente eleito da Assembleia Legislativa, ter\u00e1 total independ\u00eancia or\u00e7ament\u00e1ria e\" \/>\n<meta property=\"og:url\" content=\"https:\/\/renatodias.online\/movimento\/2023\/02\/05\/peixoto-defende-alinhamento-a-caiado\/\" \/>\n<meta property=\"article:publisher\" content=\"https:\/\/www.facebook.com\/renato.dias.37\" \/>\n<meta property=\"article:author\" content=\"https:\/\/www.facebook.com\/renato.dias.37\" \/>\n<meta property=\"article:published_time\" content=\"2023-02-05T22:30:56+00:00\" \/>\n<meta property=\"article:modified_time\" content=\"2023-02-05T22:31:22+00:00\" \/>\n<meta property=\"og:image\" content=\"https:\/\/renatodias.online\/movimento\/wp-content\/uploads\/2021\/09\/Suplente-de-vereador-Sebastiao-Peixoto-e1646620052462.jpeg\" \/>\n\t<meta property=\"og:image:width\" content=\"360\" \/>\n\t<meta property=\"og:image:height\" content=\"240\" \/>\n\t<meta property=\"og:image:type\" content=\"image\/jpeg\" \/>\n<meta name=\"author\" content=\"Renato Dias\" \/>\n<meta name=\"twitter:card\" content=\"summary_large_image\" \/>\n<meta name=\"twitter:creator\" content=\"@RenatoDiasBat\" \/>\n<meta name=\"twitter:site\" content=\"@RenatoDiasBat\" \/>\n<meta name=\"twitter:label1\" content=\"Escrito por\" \/>\n\t<meta name=\"twitter:data1\" content=\"Renato Dias\" \/>\n\t<meta name=\"twitter:label2\" content=\"Est. tempo de leitura\" \/>\n\t<meta name=\"twitter:data2\" content=\"2 minutos\" \/>\n<script type=\"application\/ld+json\" class=\"yoast-schema-graph\">{\"@context\":\"https:\\\/\\\/schema.org\",\"@graph\":[{\"@type\":\"Article\",\"@id\":\"https:\\\/\\\/renatodias.online\\\/movimento\\\/2023\\\/02\\\/05\\\/peixoto-defende-alinhamento-a-caiado\\\/#article\",\"isPartOf\":{\"@id\":\"https:\\\/\\\/renatodias.online\\\/movimento\\\/2023\\\/02\\\/05\\\/peixoto-defende-alinhamento-a-caiado\\\/\"},\"author\":{\"name\":\"Renato Dias\",\"@id\":\"https:\\\/\\\/renatodias.online\\\/movimento\\\/#\\\/schema\\\/person\\\/bbab28833b1725a20f4083f49f1fb2a9\"},\"headline\":\"Peixoto defende alinhamento a Caiado\",\"datePublished\":\"2023-02-05T22:30:56+00:00\",\"dateModified\":\"2023-02-05T22:31:22+00:00\",\"mainEntityOfPage\":{\"@id\":\"https:\\\/\\\/renatodias.online\\\/movimento\\\/2023\\\/02\\\/05\\\/peixoto-defende-alinhamento-a-caiado\\\/\"},\"wordCount\":432,\"commentCount\":0,\"publisher\":{\"@id\":\"https:\\\/\\\/renatodias.online\\\/movimento\\\/#\\\/schema\\\/person\\\/bbab28833b1725a20f4083f49f1fb2a9\"},\"image\":{\"@id\":\"https:\\\/\\\/renatodias.online\\\/movimento\\\/2023\\\/02\\\/05\\\/peixoto-defende-alinhamento-a-caiado\\\/#primaryimage\"},\"thumbnailUrl\":\"https:\\\/\\\/renatodias.online\\\/movimento\\\/wp-content\\\/uploads\\\/2021\\\/09\\\/Suplente-de-vereador-Sebastiao-Peixoto.jpeg\",\"articleSection\":[\"Pol\u00edtica\"],\"inLanguage\":\"pt-BR\",\"potentialAction\":[{\"@type\":\"CommentAction\",\"name\":\"Comment\",\"target\":[\"https:\\\/\\\/renatodias.online\\\/movimento\\\/2023\\\/02\\\/05\\\/peixoto-defende-alinhamento-a-caiado\\\/#respond\"]}]},{\"@type\":\"WebPage\",\"@id\":\"https:\\\/\\\/renatodias.online\\\/movimento\\\/2023\\\/02\\\/05\\\/peixoto-defende-alinhamento-a-caiado\\\/\",\"url\":\"https:\\\/\\\/renatodias.online\\\/movimento\\\/2023\\\/02\\\/05\\\/peixoto-defende-alinhamento-a-caiado\\\/\",\"name\":\"Peixoto defende alinhamento a Caiado -\",\"isPartOf\":{\"@id\":\"https:\\\/\\\/renatodias.online\\\/movimento\\\/#website\"},\"primaryImageOfPage\":{\"@id\":\"https:\\\/\\\/renatodias.online\\\/movimento\\\/2023\\\/02\\\/05\\\/peixoto-defende-alinhamento-a-caiado\\\/#primaryimage\"},\"image\":{\"@id\":\"https:\\\/\\\/renatodias.online\\\/movimento\\\/2023\\\/02\\\/05\\\/peixoto-defende-alinhamento-a-caiado\\\/#primaryimage\"},\"thumbnailUrl\":\"https:\\\/\\\/renatodias.online\\\/movimento\\\/wp-content\\\/uploads\\\/2021\\\/09\\\/Suplente-de-vereador-Sebastiao-Peixoto.jpeg\",\"datePublished\":\"2023-02-05T22:30:56+00:00\",\"dateModified\":\"2023-02-05T22:31:22+00:00\",\"breadcrumb\":{\"@id\":\"https:\\\/\\\/renatodias.online\\\/movimento\\\/2023\\\/02\\\/05\\\/peixoto-defende-alinhamento-a-caiado\\\/#breadcrumb\"},\"inLanguage\":\"pt-BR\",\"potentialAction\":[{\"@type\":\"ReadAction\",\"target\":[\"https:\\\/\\\/renatodias.online\\\/movimento\\\/2023\\\/02\\\/05\\\/peixoto-defende-alinhamento-a-caiado\\\/\"]}]},{\"@type\":\"ImageObject\",\"inLanguage\":\"pt-BR\",\"@id\":\"https:\\\/\\\/renatodias.online\\\/movimento\\\/2023\\\/02\\\/05\\\/peixoto-defende-alinhamento-a-caiado\\\/#primaryimage\",\"url\":\"https:\\\/\\\/renatodias.online\\\/movimento\\\/wp-content\\\/uploads\\\/2021\\\/09\\\/Suplente-de-vereador-Sebastiao-Peixoto.jpeg\",\"contentUrl\":\"https:\\\/\\\/renatodias.online\\\/movimento\\\/wp-content\\\/uploads\\\/2021\\\/09\\\/Suplente-de-vereador-Sebastiao-Peixoto.jpeg\",\"width\":768,\"height\":512,\"caption\":\"Sebasti\u00e3o Peixoto\"},{\"@type\":\"BreadcrumbList\",\"@id\":\"https:\\\/\\\/renatodias.online\\\/movimento\\\/2023\\\/02\\\/05\\\/peixoto-defende-alinhamento-a-caiado\\\/#breadcrumb\",\"itemListElement\":[{\"@type\":\"ListItem\",\"position\":1,\"name\":\"In\u00edcio\",\"item\":\"https:\\\/\\\/renatodias.online\\\/movimento\\\/\"},{\"@type\":\"ListItem\",\"position\":2,\"name\":\"Peixoto defende alinhamento a Caiado\"}]},{\"@type\":\"WebSite\",\"@id\":\"https:\\\/\\\/renatodias.online\\\/movimento\\\/#website\",\"url\":\"https:\\\/\\\/renatodias.online\\\/movimento\\\/\",\"name\":\"\",\"description\":\"\",\"publisher\":{\"@id\":\"https:\\\/\\\/renatodias.online\\\/movimento\\\/#\\\/schema\\\/person\\\/bbab28833b1725a20f4083f49f1fb2a9\"},\"potentialAction\":[{\"@type\":\"SearchAction\",\"target\":{\"@type\":\"EntryPoint\",\"urlTemplate\":\"https:\\\/\\\/renatodias.online\\\/movimento\\\/?s={search_term_string}\"},\"query-input\":{\"@type\":\"PropertyValueSpecification\",\"valueRequired\":true,\"valueName\":\"search_term_string\"}}],\"inLanguage\":\"pt-BR\"},{\"@type\":[\"Person\",\"Organization\"],\"@id\":\"https:\\\/\\\/renatodias.online\\\/movimento\\\/#\\\/schema\\\/person\\\/bbab28833b1725a20f4083f49f1fb2a9\",\"name\":\"Renato Dias\",\"image\":{\"@type\":\"ImageObject\",\"inLanguage\":\"pt-BR\",\"@id\":\"https:\\\/\\\/renatodias.online\\\/movimento\\\/wp-content\\\/uploads\\\/2023\\\/03\\\/cropped-cropped-cropped-logofinal.jpeg\",\"url\":\"https:\\\/\\\/renatodias.online\\\/movimento\\\/wp-content\\\/uploads\\\/2023\\\/03\\\/cropped-cropped-cropped-logofinal.jpeg\",\"contentUrl\":\"https:\\\/\\\/renatodias.online\\\/movimento\\\/wp-content\\\/uploads\\\/2023\\\/03\\\/cropped-cropped-cropped-logofinal.jpeg\",\"width\":1280,\"height\":219,\"caption\":\"Renato Dias\"},\"logo\":{\"@id\":\"https:\\\/\\\/renatodias.online\\\/movimento\\\/wp-content\\\/uploads\\\/2023\\\/03\\\/cropped-cropped-cropped-logofinal.jpeg\"},\"description\":\"Renato Dias, 58 anos, \u00e9 graduado em Jornalismo, formado em Ci\u00eancias Sociais, com p\u00f3s-gradua\u00e7\u00e3o em Pol\u00edticas P\u00fablicas, mestre em Direito e Rela\u00e7\u00f5es Internacionais, ex-aluno extraordin\u00e1rio do Doutorado em Psicologia Social, ex-estudante do Curso de Psican\u00e1lise do Centro de Estudos Psicanal\u00edticos do Estado de Goi\u00e1s, ministrado pelo m\u00e9dico psiquiatra e psicanalista Daniel Em\u00eddio de Souza. \u00c9 autor de 30 livros-reportagem, oito document\u00e1rios, ganhou 30 pr\u00eamios e \u00e9 torcedor apaixonado do maior do Centro-Oeste, o Vila Nova Futebol Clube. Casado com Meirilane Dias, \u00e9 pai de Juliana Dias, jornalista; Daniel Dias, economista; e Maria Rosa Dias, estudante antifascista, socialista e trotskista.\u00a0Com tr\u00eas pets: Porquinho [Bull Dog Franc\u00eas], Dalila [Basset Hound] e Geleia [Basset Hound]. Al\u00e9m do eterno gato Tutuquinho, que virou estrela.\",\"sameAs\":[\"https:\\\/\\\/www.facebook.com\\\/renato.dias.37\",\"#breve\",\"https:\\\/\\\/renatodias.tumblr.com\\\/\"],\"url\":\"https:\\\/\\\/renatodias.online\\\/movimento\\\/author\\\/renatodias\\\/\"}]}<\/script>\n<!-- \/ Yoast SEO plugin. -->","yoast_head_json":{"title":"Peixoto defende alinhamento a Caiado -","robots":{"index":"index","follow":"follow","max-snippet":"max-snippet:-1","max-image-preview":"max-image-preview:large","max-video-preview":"max-video-preview:-1"},"canonical":"https:\/\/renatodias.online\/movimento\/2023\/02\/05\/peixoto-defende-alinhamento-a-caiado\/","og_locale":"pt_BR","og_type":"article","og_title":"Peixoto defende alinhamento a Caiado -","og_description":"Da Assembleia com Governo do Estado Liberal condena Terror e analisa cen\u00e1rios nacional e internacional\u00a0 Renato Dias\u00a0 O ex-vereador em Goi\u00e2nia, ex-presidente da Agetul e ex-gestor do Instituto Municipal de Assist\u00eancia \u00e0 Sa\u00fade [IMAS] da Prefeitura de Goi\u00e2nia Sebasti\u00e3o Peixoto frisa que Bruno Peixoto, o presidente eleito da Assembleia Legislativa, ter\u00e1 total independ\u00eancia or\u00e7ament\u00e1ria e","og_url":"https:\/\/renatodias.online\/movimento\/2023\/02\/05\/peixoto-defende-alinhamento-a-caiado\/","article_publisher":"https:\/\/www.facebook.com\/renato.dias.37","article_author":"https:\/\/www.facebook.com\/renato.dias.37","article_published_time":"2023-02-05T22:30:56+00:00","article_modified_time":"2023-02-05T22:31:22+00:00","og_image":[{"width":360,"height":240,"url":"https:\/\/renatodias.online\/movimento\/wp-content\/uploads\/2021\/09\/Suplente-de-vereador-Sebastiao-Peixoto-e1646620052462.jpeg","type":"image\/jpeg"}],"author":"Renato Dias","twitter_card":"summary_large_image","twitter_creator":"@RenatoDiasBat","twitter_site":"@RenatoDiasBat","twitter_misc":{"Escrito por":"Renato Dias","Est. tempo de leitura":"2 minutos"},"schema":{"@context":"https:\/\/schema.org","@graph":[{"@type":"Article","@id":"https:\/\/renatodias.online\/movimento\/2023\/02\/05\/peixoto-defende-alinhamento-a-caiado\/#article","isPartOf":{"@id":"https:\/\/renatodias.online\/movimento\/2023\/02\/05\/peixoto-defende-alinhamento-a-caiado\/"},"author":{"name":"Renato Dias","@id":"https:\/\/renatodias.online\/movimento\/#\/schema\/person\/bbab28833b1725a20f4083f49f1fb2a9"},"headline":"Peixoto defende alinhamento a Caiado","datePublished":"2023-02-05T22:30:56+00:00","dateModified":"2023-02-05T22:31:22+00:00","mainEntityOfPage":{"@id":"https:\/\/renatodias.online\/movimento\/2023\/02\/05\/peixoto-defende-alinhamento-a-caiado\/"},"wordCount":432,"commentCount":0,"publisher":{"@id":"https:\/\/renatodias.online\/movimento\/#\/schema\/person\/bbab28833b1725a20f4083f49f1fb2a9"},"image":{"@id":"https:\/\/renatodias.online\/movimento\/2023\/02\/05\/peixoto-defende-alinhamento-a-caiado\/#primaryimage"},"thumbnailUrl":"https:\/\/renatodias.online\/movimento\/wp-content\/uploads\/2021\/09\/Suplente-de-vereador-Sebastiao-Peixoto.jpeg","articleSection":["Pol\u00edtica"],"inLanguage":"pt-BR","potentialAction":[{"@type":"CommentAction","name":"Comment","target":["https:\/\/renatodias.online\/movimento\/2023\/02\/05\/peixoto-defende-alinhamento-a-caiado\/#respond"]}]},{"@type":"WebPage","@id":"https:\/\/renatodias.online\/movimento\/2023\/02\/05\/peixoto-defende-alinhamento-a-caiado\/","url":"https:\/\/renatodias.online\/movimento\/2023\/02\/05\/peixoto-defende-alinhamento-a-caiado\/","name":"Peixoto defende alinhamento a Caiado -","isPartOf":{"@id":"https:\/\/renatodias.online\/movimento\/#website"},"primaryImageOfPage":{"@id":"https:\/\/renatodias.online\/movimento\/2023\/02\/05\/peixoto-defende-alinhamento-a-caiado\/#primaryimage"},"image":{"@id":"https:\/\/renatodias.online\/movimento\/2023\/02\/05\/peixoto-defende-alinhamento-a-caiado\/#primaryimage"},"thumbnailUrl":"https:\/\/renatodias.online\/movimento\/wp-content\/uploads\/2021\/09\/Suplente-de-vereador-Sebastiao-Peixoto.jpeg","datePublished":"2023-02-05T22:30:56+00:00","dateModified":"2023-02-05T22:31:22+00:00","breadcrumb":{"@id":"https:\/\/renatodias.online\/movimento\/2023\/02\/05\/peixoto-defende-alinhamento-a-caiado\/#breadcrumb"},"inLanguage":"pt-BR","potentialAction":[{"@type":"ReadAction","target":["https:\/\/renatodias.online\/movimento\/2023\/02\/05\/peixoto-defende-alinhamento-a-caiado\/"]}]},{"@type":"ImageObject","inLanguage":"pt-BR","@id":"https:\/\/renatodias.online\/movimento\/2023\/02\/05\/peixoto-defende-alinhamento-a-caiado\/#primaryimage","url":"https:\/\/renatodias.online\/movimento\/wp-content\/uploads\/2021\/09\/Suplente-de-vereador-Sebastiao-Peixoto.jpeg","contentUrl":"https:\/\/renatodias.online\/movimento\/wp-content\/uploads\/2021\/09\/Suplente-de-vereador-Sebastiao-Peixoto.jpeg","width":768,"height":512,"caption":"Sebasti\u00e3o Peixoto"},{"@type":"BreadcrumbList","@id":"https:\/\/renatodias.online\/movimento\/2023\/02\/05\/peixoto-defende-alinhamento-a-caiado\/#breadcrumb","itemListElement":[{"@type":"ListItem","position":1,"name":"In\u00edcio","item":"https:\/\/renatodias.online\/movimento\/"},{"@type":"ListItem","position":2,"name":"Peixoto defende alinhamento a Caiado"}]},{"@type":"WebSite","@id":"https:\/\/renatodias.online\/movimento\/#website","url":"https:\/\/renatodias.online\/movimento\/","name":"","description":"","publisher":{"@id":"https:\/\/renatodias.online\/movimento\/#\/schema\/person\/bbab28833b1725a20f4083f49f1fb2a9"},"potentialAction":[{"@type":"SearchAction","target":{"@type":"EntryPoint","urlTemplate":"https:\/\/renatodias.online\/movimento\/?s={search_term_string}"},"query-input":{"@type":"PropertyValueSpecification","valueRequired":true,"valueName":"search_term_string"}}],"inLanguage":"pt-BR"},{"@type":["Person","Organization"],"@id":"https:\/\/renatodias.online\/movimento\/#\/schema\/person\/bbab28833b1725a20f4083f49f1fb2a9","name":"Renato Dias","image":{"@type":"ImageObject","inLanguage":"pt-BR","@id":"https:\/\/renatodias.online\/movimento\/wp-content\/uploads\/2023\/03\/cropped-cropped-cropped-logofinal.jpeg","url":"https:\/\/renatodias.online\/movimento\/wp-content\/uploads\/2023\/03\/cropped-cropped-cropped-logofinal.jpeg","contentUrl":"https:\/\/renatodias.online\/movimento\/wp-content\/uploads\/2023\/03\/cropped-cropped-cropped-logofinal.jpeg","width":1280,"height":219,"caption":"Renato Dias"},"logo":{"@id":"https:\/\/renatodias.online\/movimento\/wp-content\/uploads\/2023\/03\/cropped-cropped-cropped-logofinal.jpeg"},"description":"Renato Dias, 58 anos, \u00e9 graduado em Jornalismo, formado em Ci\u00eancias Sociais, com p\u00f3s-gradua\u00e7\u00e3o em Pol\u00edticas P\u00fablicas, mestre em Direito e Rela\u00e7\u00f5es Internacionais, ex-aluno extraordin\u00e1rio do Doutorado em Psicologia Social, ex-estudante do Curso de Psican\u00e1lise do Centro de Estudos Psicanal\u00edticos do Estado de Goi\u00e1s, ministrado pelo m\u00e9dico psiquiatra e psicanalista Daniel Em\u00eddio de Souza. \u00c9 autor de 30 livros-reportagem, oito document\u00e1rios, ganhou 30 pr\u00eamios e \u00e9 torcedor apaixonado do maior do Centro-Oeste, o Vila Nova Futebol Clube. Casado com Meirilane Dias, \u00e9 pai de Juliana Dias, jornalista; Daniel Dias, economista; e Maria Rosa Dias, estudante antifascista, socialista e trotskista.\u00a0Com tr\u00eas pets: Porquinho [Bull Dog Franc\u00eas], Dalila [Basset Hound] e Geleia [Basset Hound]. Al\u00e9m do eterno gato Tutuquinho, que virou estrela.","sameAs":["https:\/\/www.facebook.com\/renato.dias.37","#breve","https:\/\/renatodias.tumblr.com\/"],"url":"https:\/\/renatodias.online\/movimento\/author\/renatodias\/"}]}},"_links":{"self":[{"href":"https:\/\/renatodias.online\/movimento\/wp-json\/wp\/v2\/posts\/15479","targetHints":{"allow":["GET"]}}],"collection":[{"href":"https:\/\/renatodias.online\/movimento\/wp-json\/wp\/v2\/posts"}],"about":[{"href":"https:\/\/renatodias.online\/movimento\/wp-json\/wp\/v2\/types\/post"}],"author":[{"embeddable":true,"href":"https:\/\/renatodias.online\/movimento\/wp-json\/wp\/v2\/users\/2"}],"replies":[{"embeddable":true,"href":"https:\/\/renatodias.online\/movimento\/wp-json\/wp\/v2\/comments?post=15479"}],"version-history":[{"count":1,"href":"https:\/\/renatodias.online\/movimento\/wp-json\/wp\/v2\/posts\/15479\/revisions"}],"predecessor-version":[{"id":15483,"href":"https:\/\/renatodias.online\/movimento\/wp-json\/wp\/v2\/posts\/15479\/revisions\/15483"}],"wp:featuredmedia":[{"embeddable":true,"href":"https:\/\/renatodias.online\/movimento\/wp-json\/wp\/v2\/media\/9162"}],"wp:attachment":[{"href":"https:\/\/renatodias.online\/movimento\/wp-json\/wp\/v2\/media?parent=15479"}],"wp:term":[{"taxonomy":"category","embeddable":true,"href":"https:\/\/renatodias.online\/movimento\/wp-json\/wp\/v2\/categories?post=15479"},{"taxonomy":"post_tag","embeddable":true,"href":"https:\/\/renatodias.online\/movimento\/wp-json\/wp\/v2\/tags?post=15479"}],"curies":[{"name":"wp","href":"https:\/\/api.w.org\/{rel}","templated":true}]}}