{"id":15473,"date":"2023-02-04T01:19:34","date_gmt":"2023-02-04T04:19:34","guid":{"rendered":"https:\/\/renatodias.online\/movimento\/?p=15473"},"modified":"2023-02-04T01:19:34","modified_gmt":"2023-02-04T04:19:34","slug":"74-primaveras-hoje","status":"publish","type":"post","link":"https:\/\/renatodias.online\/movimento\/2023\/02\/04\/74-primaveras-hoje\/","title":{"rendered":"74 primaveras hoje"},"content":{"rendered":"<p><strong><img loading=\"lazy\" decoding=\"async\" class=\"alignnone wp-image-15060 size-full\" src=\"https:\/\/renatodias.online\/movimento\/wp-content\/uploads\/2022\/12\/Dia-especial.jpg\" alt=\"\" width=\"1280\" height=\"720\" \/><\/strong><\/p>\n<h1 style=\"text-align: center;\"><span style=\"color: #ff00ff;\"><strong>\u00a0<\/strong><strong>4 de fevereiro de 2023<\/strong><\/span><\/h1>\n<figure id=\"attachment_2542\" aria-describedby=\"caption-attachment-2542\" style=\"width: 200px\" class=\"wp-caption aligncenter\"><img loading=\"lazy\" decoding=\"async\" class=\"size-full wp-image-2542\" src=\"https:\/\/renatodias.online\/movimento\/wp-content\/uploads\/2019\/09\/Tucano-e1637493554237.gif\" alt=\"\" width=\"200\" height=\"200\" \/><figcaption id=\"caption-attachment-2542\" class=\"wp-caption-text\"><span style=\"color: #ff6600;\"><strong>Tucano, o s\u00edmbolo do PSDB<\/strong><\/span><\/figcaption><\/figure>\n<h1 style=\"text-align: center;\"><strong>\u00a0<\/strong><span style=\"color: #0000ff;\"><strong>Jardel Sebba com energia de um menino<\/strong><\/span><\/h1>\n<figure id=\"attachment_15476\" aria-describedby=\"caption-attachment-15476\" style=\"width: 300px\" class=\"wp-caption aligncenter\"><img loading=\"lazy\" decoding=\"async\" class=\"size-medium wp-image-15476\" src=\"https:\/\/renatodias.online\/movimento\/wp-content\/uploads\/2023\/02\/Jardel-Sebba-com-a-neta-Mariana-Sebba-300x220.png\" alt=\"\" width=\"300\" height=\"220\" srcset=\"https:\/\/renatodias.online\/movimento\/wp-content\/uploads\/2023\/02\/Jardel-Sebba-com-a-neta-Mariana-Sebba-300x220.png 300w, https:\/\/renatodias.online\/movimento\/wp-content\/uploads\/2023\/02\/Jardel-Sebba-com-a-neta-Mariana-Sebba-768x563.png 768w, https:\/\/renatodias.online\/movimento\/wp-content\/uploads\/2023\/02\/Jardel-Sebba-com-a-neta-Mariana-Sebba-750x550.png 750w, https:\/\/renatodias.online\/movimento\/wp-content\/uploads\/2023\/02\/Jardel-Sebba-com-a-neta-Mariana-Sebba.png 1080w\" sizes=\"auto, (max-width: 300px) 100vw, 300px\" \/><figcaption id=\"caption-attachment-15476\" class=\"wp-caption-text\"><span style=\"color: #808000;\"><strong>Jardel Sebba com a neta Marianna Sebba<\/strong><\/span><\/figcaption><\/figure>\n<p><strong><span style=\"color: #ff0000;\">Renato Dias<\/span>\u00a0<\/strong><\/p>\n<p>Fam\u00edlia e amigos constituem uma elevada fonte de conforto. Inteligente, confi\u00e1vel e carinhoso. Os tra\u00e7os de seus elementos caracter\u00edsticos. Al\u00e9m de firmeza e solidez, uma capacidade natural para o exerc\u00edcio. Da miss\u00e3o de ser um l\u00edder. \u00c9 o que aponta o <strong>Zod\u00edaco Chin\u00eas<\/strong>. Para os nascidos em 1949 <strong>[Boi].<\/strong><\/p>\n<figure id=\"attachment_15477\" aria-describedby=\"caption-attachment-15477\" style=\"width: 1056px\" class=\"wp-caption alignnone\"><img loading=\"lazy\" decoding=\"async\" class=\"wp-image-15477 size-large\" src=\"https:\/\/renatodias.online\/movimento\/wp-content\/uploads\/2023\/02\/Jardel-Sebba-e-a-sua-familia-1056x1024.png\" alt=\"\" width=\"1056\" height=\"1024\" srcset=\"https:\/\/renatodias.online\/movimento\/wp-content\/uploads\/2023\/02\/Jardel-Sebba-e-a-sua-familia-1056x1024.png 1056w, https:\/\/renatodias.online\/movimento\/wp-content\/uploads\/2023\/02\/Jardel-Sebba-e-a-sua-familia-300x291.png 300w, https:\/\/renatodias.online\/movimento\/wp-content\/uploads\/2023\/02\/Jardel-Sebba-e-a-sua-familia-768x745.png 768w, https:\/\/renatodias.online\/movimento\/wp-content\/uploads\/2023\/02\/Jardel-Sebba-e-a-sua-familia-750x727.png 750w, https:\/\/renatodias.online\/movimento\/wp-content\/uploads\/2023\/02\/Jardel-Sebba-e-a-sua-familia.png 1080w\" sizes=\"auto, (max-width: 1056px) 100vw, 1056px\" \/><figcaption id=\"caption-attachment-15477\" class=\"wp-caption-text\"><span style=\"color: #0000ff;\"><strong>Jardel Sebba e a sua fam\u00edlia<\/strong><\/span><\/figcaption><\/figure>\n<p>&nbsp;<\/p>\n<p>O hor\u00f3scopo diz que os nasceram em 4 de fevereiro, do <strong>signo de Aqu\u00e1rio<\/strong>, possuem a vontade de mudar o mundo, n\u00e3o abrem m\u00e3o da sua liberdade, carregam preocupa\u00e7\u00f5es com a sociedade. Com o desenvolvimento cient\u00edfico e tecnol\u00f3gico e podem abusar da ironia refinada. Um ser racional e pr\u00e1tico.<\/p>\n<figure id=\"attachment_15475\" aria-describedby=\"caption-attachment-15475\" style=\"width: 960px\" class=\"wp-caption alignnone\"><img loading=\"lazy\" decoding=\"async\" class=\"wp-image-15475 size-large\" src=\"https:\/\/renatodias.online\/movimento\/wp-content\/uploads\/2023\/02\/Jardel-Sebba-e-familia-960x1024.png\" alt=\"\" width=\"960\" height=\"1024\" srcset=\"https:\/\/renatodias.online\/movimento\/wp-content\/uploads\/2023\/02\/Jardel-Sebba-e-familia-960x1024.png 960w, https:\/\/renatodias.online\/movimento\/wp-content\/uploads\/2023\/02\/Jardel-Sebba-e-familia-281x300.png 281w, https:\/\/renatodias.online\/movimento\/wp-content\/uploads\/2023\/02\/Jardel-Sebba-e-familia-768x819.png 768w, https:\/\/renatodias.online\/movimento\/wp-content\/uploads\/2023\/02\/Jardel-Sebba-e-familia-750x800.png 750w, https:\/\/renatodias.online\/movimento\/wp-content\/uploads\/2023\/02\/Jardel-Sebba-e-familia.png 1080w\" sizes=\"auto, (max-width: 960px) 100vw, 960px\" \/><figcaption id=\"caption-attachment-15475\" class=\"wp-caption-text\"><span style=\"color: #0000ff;\"><strong>Jardel Sebba, Jardel Sebba Filho, Anna Sebba, Gustavo Sebba<\/strong><\/span><\/figcaption><\/figure>\n<p>&nbsp;<\/p>\n<p><strong>Rebento de Catal\u00e3o<\/strong>, no Estado de Goi\u00e1s, Centro-Oeste do Brasil, filho de <strong>Jamil Sebba<\/strong>, m\u00e9dico, e de <strong>Odete Faiad<\/strong>, em 4 de fevereiro de 1949, ele obteve a influ\u00eancia do pai, na escolha e exerc\u00edcio da profiss\u00e3o. Da cultura \u00e1rabe. Contempor\u00e2neo de sua gera\u00e7\u00e3o. Rio de Janeiro. \u00c0 \u00e9poca em que fez Medicina.<\/p>\n<figure id=\"attachment_4514\" aria-describedby=\"caption-attachment-4514\" style=\"width: 2560px\" class=\"wp-caption alignnone\"><img loading=\"lazy\" decoding=\"async\" class=\"size-full wp-image-4514\" src=\"https:\/\/renatodias.online\/movimento\/wp-content\/uploads\/2020\/09\/Catal\u00e3o-6-scaled.jpg\" alt=\"\" width=\"2560\" height=\"1440\" \/><figcaption id=\"caption-attachment-4514\" class=\"wp-caption-text\"><span style=\"color: #0000ff;\"><strong>Catal\u00e3o, hoje<\/strong><\/span><\/figcaption><\/figure>\n<p>Sob o sol, o mar, o ambiente da cosmopolita Cidade Maravilhosa, desenvolveu a paix\u00e3o pelo Clube de Regatas Flamengo, curtiu e jogou basquete, com Jamil Sebba, seu irm\u00e3o, morto de forma precoce, viu surgir o Galinho de Quintino, Zico. Solteiro, diz a lenda, que namorou <strong>duas capas da Playboy.<\/strong><\/p>\n<figure id=\"attachment_9869\" aria-describedby=\"caption-attachment-9869\" style=\"width: 211px\" class=\"wp-caption aligncenter\"><img loading=\"lazy\" decoding=\"async\" class=\"size-medium wp-image-9869\" src=\"https:\/\/renatodias.online\/movimento\/wp-content\/uploads\/2021\/11\/Zico-1-211x300.jpeg\" alt=\"\" width=\"211\" height=\"300\" \/><figcaption id=\"caption-attachment-9869\" class=\"wp-caption-text\"><strong><span style=\"color: #ff0000;\">Zico, o Galinho<\/span> de Quintino<\/strong><\/figcaption><\/figure>\n<p>Formado, ele voltou \u00e0s origens. M\u00e9dico, o jovem fez mais de seis mil partos e assim concebeu o <strong>mandamento de Hip\u00f3crates como um sacerd\u00f3cio<\/strong>. Ao v\u00ea-la, apaixonou -se. O casal teve tr\u00eas filhos. A medicina ampliou a sua vis\u00e3o. Para transformar o mundo. <span style=\"color: #008000;\"><strong>O caminho? Trabalho e Pol\u00edtica.<\/strong><\/span><\/p>\n<figure id=\"attachment_15474\" aria-describedby=\"caption-attachment-15474\" style=\"width: 1140px\" class=\"wp-caption alignnone\"><img loading=\"lazy\" decoding=\"async\" class=\"wp-image-15474 size-large\" src=\"https:\/\/renatodias.online\/movimento\/wp-content\/uploads\/2023\/02\/Hipocrates-1820x1024.png\" alt=\"\" width=\"1140\" height=\"641\" srcset=\"https:\/\/renatodias.online\/movimento\/wp-content\/uploads\/2023\/02\/Hipocrates-1820x1024.png 1820w, https:\/\/renatodias.online\/movimento\/wp-content\/uploads\/2023\/02\/Hipocrates-300x169.png 300w, https:\/\/renatodias.online\/movimento\/wp-content\/uploads\/2023\/02\/Hipocrates-768x432.png 768w, https:\/\/renatodias.online\/movimento\/wp-content\/uploads\/2023\/02\/Hipocrates-1536x864.png 1536w, https:\/\/renatodias.online\/movimento\/wp-content\/uploads\/2023\/02\/Hipocrates-2048x1152.png 2048w, https:\/\/renatodias.online\/movimento\/wp-content\/uploads\/2023\/02\/Hipocrates-750x422.png 750w\" sizes=\"auto, (max-width: 1140px) 100vw, 1140px\" \/><figcaption id=\"caption-attachment-15474\" class=\"wp-caption-text\"><span style=\"color: #0000ff;\"><strong>Hip\u00f3crates, o Pai da Medicina<\/strong><\/span><\/figcaption><\/figure>\n<p>Nas urnas, um, dois, tr\u00eas, quatro mandatos de deputado estadual. Tr\u00eas vezes presidente da Assembleia. <strong>Governador interino em dois epis\u00f3dios. Prefeito eleito de Catal\u00e3o<\/strong>. Com uma expressiva vota\u00e7\u00e3o. Secret\u00e1rio de Estado. Membro da Executiva Estadual do PSDB. Aliado hist\u00f3rico de <span style=\"color: #0000ff;\"><strong>Marconi Perillo<\/strong><\/span>.<\/p>\n<figure id=\"attachment_15428\" aria-describedby=\"caption-attachment-15428\" style=\"width: 1080px\" class=\"wp-caption alignnone\"><img loading=\"lazy\" decoding=\"async\" class=\"size-full wp-image-15428\" src=\"https:\/\/renatodias.online\/movimento\/wp-content\/uploads\/2023\/01\/Eduardo-Leite-e-Jaardel-Sebba-1.png\" alt=\"\" width=\"1080\" height=\"688\" \/><figcaption id=\"caption-attachment-15428\" class=\"wp-caption-text\"><span style=\"color: #0000ff;\"><strong>Jardel Sebba, Eduardo Leite e Marconi Perillo<\/strong><\/span><\/figcaption><\/figure>\n<p><strong>\u00c9 o breve perfil de Jardel Sebba<\/strong>. Ele \u00e9 o cara! O aniversariante do dia. J\u00e1 com 74 anos de idade. A cara-metade de Anna Sebba. Pai de Jardel Sebba Filho, jornalista de raro talento. De Eveline Sebba, Mar\u00edlia Sebba e Gustavo Sebba, deputado estadual no exerc\u00edcio do terceiro mandato. O novo cardeal tucano.<\/p>\n<p><iframe loading=\"lazy\" title=\"HINO DO FLAMENGO\" width=\"960\" height=\"720\" src=\"https:\/\/www.youtube.com\/embed\/Sx86-18V3m8?feature=oembed\" frameborder=\"0\" allow=\"accelerometer; autoplay; clipboard-write; encrypted-media; gyroscope; picture-in-picture; web-share\" referrerpolicy=\"strict-origin-when-cross-origin\" allowfullscreen><\/iframe><\/p>\n","protected":false},"excerpt":{"rendered":"<p>\u00a04 de fevereiro de 2023 \u00a0Jardel Sebba com energia de um menino Renato Dias\u00a0 Fam\u00edlia e amigos constituem uma elevada fonte de conforto. Inteligente, confi\u00e1vel e carinhoso. Os tra\u00e7os de seus elementos caracter\u00edsticos. Al\u00e9m de firmeza e solidez, uma capacidade natural para o exerc\u00edcio. Da miss\u00e3o de ser um l\u00edder. \u00c9 o que aponta o<\/p>\n","protected":false},"author":2,"featured_media":14687,"comment_status":"open","ping_status":"open","sticky":false,"template":"","format":"standard","meta":{"_acf_changed":false,"_monsterinsights_skip_tracking":false,"_monsterinsights_sitenote_active":false,"_monsterinsights_sitenote_note":"","_monsterinsights_sitenote_category":0,"footnotes":""},"categories":[4],"tags":[],"class_list":["post-15473","post","type-post","status-publish","format-standard","has-post-thumbnail","hentry","category-politica"],"acf":[],"yoast_head":"<!-- This site is optimized with the Yoast SEO plugin v27.4 - https:\/\/yoast.com\/product\/yoast-seo-wordpress\/ -->\n<title>74 primaveras hoje -<\/title>\n<meta name=\"robots\" content=\"index, follow, max-snippet:-1, max-image-preview:large, max-video-preview:-1\" \/>\n<link rel=\"canonical\" href=\"https:\/\/renatodias.online\/movimento\/2023\/02\/04\/74-primaveras-hoje\/\" \/>\n<meta property=\"og:locale\" content=\"pt_BR\" \/>\n<meta property=\"og:type\" content=\"article\" \/>\n<meta property=\"og:title\" content=\"74 primaveras hoje -\" \/>\n<meta property=\"og:description\" content=\"\u00a04 de fevereiro de 2023 \u00a0Jardel Sebba com energia de um menino Renato Dias\u00a0 Fam\u00edlia e amigos constituem uma elevada fonte de conforto. Inteligente, confi\u00e1vel e carinhoso. Os tra\u00e7os de seus elementos caracter\u00edsticos. Al\u00e9m de firmeza e solidez, uma capacidade natural para o exerc\u00edcio. Da miss\u00e3o de ser um l\u00edder. \u00c9 o que aponta o\" \/>\n<meta property=\"og:url\" content=\"https:\/\/renatodias.online\/movimento\/2023\/02\/04\/74-primaveras-hoje\/\" \/>\n<meta property=\"article:publisher\" content=\"https:\/\/www.facebook.com\/renato.dias.37\" \/>\n<meta property=\"article:author\" content=\"https:\/\/www.facebook.com\/renato.dias.37\" \/>\n<meta property=\"article:published_time\" content=\"2023-02-04T04:19:34+00:00\" \/>\n<meta property=\"og:image\" content=\"https:\/\/renatodias.online\/movimento\/wp-content\/uploads\/2022\/10\/Jardel-Sebba_-Fla-campeao-e1675484345139.jpg\" \/>\n\t<meta property=\"og:image:width\" content=\"360\" \/>\n\t<meta property=\"og:image:height\" content=\"240\" \/>\n\t<meta property=\"og:image:type\" content=\"image\/jpeg\" \/>\n<meta name=\"author\" content=\"Renato Dias\" \/>\n<meta name=\"twitter:card\" content=\"summary_large_image\" \/>\n<meta name=\"twitter:creator\" content=\"@RenatoDiasBat\" \/>\n<meta name=\"twitter:site\" content=\"@RenatoDiasBat\" \/>\n<meta name=\"twitter:label1\" content=\"Escrito por\" \/>\n\t<meta name=\"twitter:data1\" content=\"Renato Dias\" \/>\n\t<meta name=\"twitter:label2\" content=\"Est. tempo de leitura\" \/>\n\t<meta name=\"twitter:data2\" content=\"3 minutos\" \/>\n<script type=\"application\/ld+json\" class=\"yoast-schema-graph\">{\"@context\":\"https:\\\/\\\/schema.org\",\"@graph\":[{\"@type\":\"Article\",\"@id\":\"https:\\\/\\\/renatodias.online\\\/movimento\\\/2023\\\/02\\\/04\\\/74-primaveras-hoje\\\/#article\",\"isPartOf\":{\"@id\":\"https:\\\/\\\/renatodias.online\\\/movimento\\\/2023\\\/02\\\/04\\\/74-primaveras-hoje\\\/\"},\"author\":{\"name\":\"Renato Dias\",\"@id\":\"https:\\\/\\\/renatodias.online\\\/movimento\\\/#\\\/schema\\\/person\\\/bbab28833b1725a20f4083f49f1fb2a9\"},\"headline\":\"74 primaveras hoje\",\"datePublished\":\"2023-02-04T04:19:34+00:00\",\"mainEntityOfPage\":{\"@id\":\"https:\\\/\\\/renatodias.online\\\/movimento\\\/2023\\\/02\\\/04\\\/74-primaveras-hoje\\\/\"},\"wordCount\":511,\"commentCount\":0,\"publisher\":{\"@id\":\"https:\\\/\\\/renatodias.online\\\/movimento\\\/#\\\/schema\\\/person\\\/bbab28833b1725a20f4083f49f1fb2a9\"},\"image\":{\"@id\":\"https:\\\/\\\/renatodias.online\\\/movimento\\\/2023\\\/02\\\/04\\\/74-primaveras-hoje\\\/#primaryimage\"},\"thumbnailUrl\":\"https:\\\/\\\/renatodias.online\\\/movimento\\\/wp-content\\\/uploads\\\/2022\\\/10\\\/Jardel-Sebba_-Fla-campeao-e1675484345139.jpg\",\"articleSection\":[\"Pol\u00edtica\"],\"inLanguage\":\"pt-BR\",\"potentialAction\":[{\"@type\":\"CommentAction\",\"name\":\"Comment\",\"target\":[\"https:\\\/\\\/renatodias.online\\\/movimento\\\/2023\\\/02\\\/04\\\/74-primaveras-hoje\\\/#respond\"]}]},{\"@type\":\"WebPage\",\"@id\":\"https:\\\/\\\/renatodias.online\\\/movimento\\\/2023\\\/02\\\/04\\\/74-primaveras-hoje\\\/\",\"url\":\"https:\\\/\\\/renatodias.online\\\/movimento\\\/2023\\\/02\\\/04\\\/74-primaveras-hoje\\\/\",\"name\":\"74 primaveras hoje -\",\"isPartOf\":{\"@id\":\"https:\\\/\\\/renatodias.online\\\/movimento\\\/#website\"},\"primaryImageOfPage\":{\"@id\":\"https:\\\/\\\/renatodias.online\\\/movimento\\\/2023\\\/02\\\/04\\\/74-primaveras-hoje\\\/#primaryimage\"},\"image\":{\"@id\":\"https:\\\/\\\/renatodias.online\\\/movimento\\\/2023\\\/02\\\/04\\\/74-primaveras-hoje\\\/#primaryimage\"},\"thumbnailUrl\":\"https:\\\/\\\/renatodias.online\\\/movimento\\\/wp-content\\\/uploads\\\/2022\\\/10\\\/Jardel-Sebba_-Fla-campeao-e1675484345139.jpg\",\"datePublished\":\"2023-02-04T04:19:34+00:00\",\"breadcrumb\":{\"@id\":\"https:\\\/\\\/renatodias.online\\\/movimento\\\/2023\\\/02\\\/04\\\/74-primaveras-hoje\\\/#breadcrumb\"},\"inLanguage\":\"pt-BR\",\"potentialAction\":[{\"@type\":\"ReadAction\",\"target\":[\"https:\\\/\\\/renatodias.online\\\/movimento\\\/2023\\\/02\\\/04\\\/74-primaveras-hoje\\\/\"]}]},{\"@type\":\"ImageObject\",\"inLanguage\":\"pt-BR\",\"@id\":\"https:\\\/\\\/renatodias.online\\\/movimento\\\/2023\\\/02\\\/04\\\/74-primaveras-hoje\\\/#primaryimage\",\"url\":\"https:\\\/\\\/renatodias.online\\\/movimento\\\/wp-content\\\/uploads\\\/2022\\\/10\\\/Jardel-Sebba_-Fla-campeao-e1675484345139.jpg\",\"contentUrl\":\"https:\\\/\\\/renatodias.online\\\/movimento\\\/wp-content\\\/uploads\\\/2022\\\/10\\\/Jardel-Sebba_-Fla-campeao-e1675484345139.jpg\",\"width\":360,\"height\":240,\"caption\":\"Jardel Sebba\"},{\"@type\":\"BreadcrumbList\",\"@id\":\"https:\\\/\\\/renatodias.online\\\/movimento\\\/2023\\\/02\\\/04\\\/74-primaveras-hoje\\\/#breadcrumb\",\"itemListElement\":[{\"@type\":\"ListItem\",\"position\":1,\"name\":\"In\u00edcio\",\"item\":\"https:\\\/\\\/renatodias.online\\\/movimento\\\/\"},{\"@type\":\"ListItem\",\"position\":2,\"name\":\"74 primaveras hoje\"}]},{\"@type\":\"WebSite\",\"@id\":\"https:\\\/\\\/renatodias.online\\\/movimento\\\/#website\",\"url\":\"https:\\\/\\\/renatodias.online\\\/movimento\\\/\",\"name\":\"\",\"description\":\"\",\"publisher\":{\"@id\":\"https:\\\/\\\/renatodias.online\\\/movimento\\\/#\\\/schema\\\/person\\\/bbab28833b1725a20f4083f49f1fb2a9\"},\"potentialAction\":[{\"@type\":\"SearchAction\",\"target\":{\"@type\":\"EntryPoint\",\"urlTemplate\":\"https:\\\/\\\/renatodias.online\\\/movimento\\\/?s={search_term_string}\"},\"query-input\":{\"@type\":\"PropertyValueSpecification\",\"valueRequired\":true,\"valueName\":\"search_term_string\"}}],\"inLanguage\":\"pt-BR\"},{\"@type\":[\"Person\",\"Organization\"],\"@id\":\"https:\\\/\\\/renatodias.online\\\/movimento\\\/#\\\/schema\\\/person\\\/bbab28833b1725a20f4083f49f1fb2a9\",\"name\":\"Renato Dias\",\"image\":{\"@type\":\"ImageObject\",\"inLanguage\":\"pt-BR\",\"@id\":\"https:\\\/\\\/renatodias.online\\\/movimento\\\/wp-content\\\/uploads\\\/2023\\\/03\\\/cropped-cropped-cropped-logofinal.jpeg\",\"url\":\"https:\\\/\\\/renatodias.online\\\/movimento\\\/wp-content\\\/uploads\\\/2023\\\/03\\\/cropped-cropped-cropped-logofinal.jpeg\",\"contentUrl\":\"https:\\\/\\\/renatodias.online\\\/movimento\\\/wp-content\\\/uploads\\\/2023\\\/03\\\/cropped-cropped-cropped-logofinal.jpeg\",\"width\":1280,\"height\":219,\"caption\":\"Renato Dias\"},\"logo\":{\"@id\":\"https:\\\/\\\/renatodias.online\\\/movimento\\\/wp-content\\\/uploads\\\/2023\\\/03\\\/cropped-cropped-cropped-logofinal.jpeg\"},\"description\":\"Renato Dias, 58 anos, \u00e9 graduado em Jornalismo, formado em Ci\u00eancias Sociais, com p\u00f3s-gradua\u00e7\u00e3o em Pol\u00edticas P\u00fablicas, mestre em Direito e Rela\u00e7\u00f5es Internacionais, ex-aluno extraordin\u00e1rio do Doutorado em Psicologia Social, ex-estudante do Curso de Psican\u00e1lise do Centro de Estudos Psicanal\u00edticos do Estado de Goi\u00e1s, ministrado pelo m\u00e9dico psiquiatra e psicanalista Daniel Em\u00eddio de Souza. \u00c9 autor de 30 livros-reportagem, oito document\u00e1rios, ganhou 30 pr\u00eamios e \u00e9 torcedor apaixonado do maior do Centro-Oeste, o Vila Nova Futebol Clube. Casado com Meirilane Dias, \u00e9 pai de Juliana Dias, jornalista; Daniel Dias, economista; e Maria Rosa Dias, estudante antifascista, socialista e trotskista.\u00a0Com tr\u00eas pets: Porquinho [Bull Dog Franc\u00eas], Dalila [Basset Hound] e Geleia [Basset Hound]. Al\u00e9m do eterno gato Tutuquinho, que virou estrela.\",\"sameAs\":[\"https:\\\/\\\/www.facebook.com\\\/renato.dias.37\",\"#breve\",\"https:\\\/\\\/renatodias.tumblr.com\\\/\"],\"url\":\"https:\\\/\\\/renatodias.online\\\/movimento\\\/author\\\/renatodias\\\/\"}]}<\/script>\n<!-- \/ Yoast SEO plugin. -->","yoast_head_json":{"title":"74 primaveras hoje -","robots":{"index":"index","follow":"follow","max-snippet":"max-snippet:-1","max-image-preview":"max-image-preview:large","max-video-preview":"max-video-preview:-1"},"canonical":"https:\/\/renatodias.online\/movimento\/2023\/02\/04\/74-primaveras-hoje\/","og_locale":"pt_BR","og_type":"article","og_title":"74 primaveras hoje -","og_description":"\u00a04 de fevereiro de 2023 \u00a0Jardel Sebba com energia de um menino Renato Dias\u00a0 Fam\u00edlia e amigos constituem uma elevada fonte de conforto. Inteligente, confi\u00e1vel e carinhoso. Os tra\u00e7os de seus elementos caracter\u00edsticos. Al\u00e9m de firmeza e solidez, uma capacidade natural para o exerc\u00edcio. Da miss\u00e3o de ser um l\u00edder. \u00c9 o que aponta o","og_url":"https:\/\/renatodias.online\/movimento\/2023\/02\/04\/74-primaveras-hoje\/","article_publisher":"https:\/\/www.facebook.com\/renato.dias.37","article_author":"https:\/\/www.facebook.com\/renato.dias.37","article_published_time":"2023-02-04T04:19:34+00:00","og_image":[{"width":360,"height":240,"url":"https:\/\/renatodias.online\/movimento\/wp-content\/uploads\/2022\/10\/Jardel-Sebba_-Fla-campeao-e1675484345139.jpg","type":"image\/jpeg"}],"author":"Renato Dias","twitter_card":"summary_large_image","twitter_creator":"@RenatoDiasBat","twitter_site":"@RenatoDiasBat","twitter_misc":{"Escrito por":"Renato Dias","Est. tempo de leitura":"3 minutos"},"schema":{"@context":"https:\/\/schema.org","@graph":[{"@type":"Article","@id":"https:\/\/renatodias.online\/movimento\/2023\/02\/04\/74-primaveras-hoje\/#article","isPartOf":{"@id":"https:\/\/renatodias.online\/movimento\/2023\/02\/04\/74-primaveras-hoje\/"},"author":{"name":"Renato Dias","@id":"https:\/\/renatodias.online\/movimento\/#\/schema\/person\/bbab28833b1725a20f4083f49f1fb2a9"},"headline":"74 primaveras hoje","datePublished":"2023-02-04T04:19:34+00:00","mainEntityOfPage":{"@id":"https:\/\/renatodias.online\/movimento\/2023\/02\/04\/74-primaveras-hoje\/"},"wordCount":511,"commentCount":0,"publisher":{"@id":"https:\/\/renatodias.online\/movimento\/#\/schema\/person\/bbab28833b1725a20f4083f49f1fb2a9"},"image":{"@id":"https:\/\/renatodias.online\/movimento\/2023\/02\/04\/74-primaveras-hoje\/#primaryimage"},"thumbnailUrl":"https:\/\/renatodias.online\/movimento\/wp-content\/uploads\/2022\/10\/Jardel-Sebba_-Fla-campeao-e1675484345139.jpg","articleSection":["Pol\u00edtica"],"inLanguage":"pt-BR","potentialAction":[{"@type":"CommentAction","name":"Comment","target":["https:\/\/renatodias.online\/movimento\/2023\/02\/04\/74-primaveras-hoje\/#respond"]}]},{"@type":"WebPage","@id":"https:\/\/renatodias.online\/movimento\/2023\/02\/04\/74-primaveras-hoje\/","url":"https:\/\/renatodias.online\/movimento\/2023\/02\/04\/74-primaveras-hoje\/","name":"74 primaveras hoje -","isPartOf":{"@id":"https:\/\/renatodias.online\/movimento\/#website"},"primaryImageOfPage":{"@id":"https:\/\/renatodias.online\/movimento\/2023\/02\/04\/74-primaveras-hoje\/#primaryimage"},"image":{"@id":"https:\/\/renatodias.online\/movimento\/2023\/02\/04\/74-primaveras-hoje\/#primaryimage"},"thumbnailUrl":"https:\/\/renatodias.online\/movimento\/wp-content\/uploads\/2022\/10\/Jardel-Sebba_-Fla-campeao-e1675484345139.jpg","datePublished":"2023-02-04T04:19:34+00:00","breadcrumb":{"@id":"https:\/\/renatodias.online\/movimento\/2023\/02\/04\/74-primaveras-hoje\/#breadcrumb"},"inLanguage":"pt-BR","potentialAction":[{"@type":"ReadAction","target":["https:\/\/renatodias.online\/movimento\/2023\/02\/04\/74-primaveras-hoje\/"]}]},{"@type":"ImageObject","inLanguage":"pt-BR","@id":"https:\/\/renatodias.online\/movimento\/2023\/02\/04\/74-primaveras-hoje\/#primaryimage","url":"https:\/\/renatodias.online\/movimento\/wp-content\/uploads\/2022\/10\/Jardel-Sebba_-Fla-campeao-e1675484345139.jpg","contentUrl":"https:\/\/renatodias.online\/movimento\/wp-content\/uploads\/2022\/10\/Jardel-Sebba_-Fla-campeao-e1675484345139.jpg","width":360,"height":240,"caption":"Jardel Sebba"},{"@type":"BreadcrumbList","@id":"https:\/\/renatodias.online\/movimento\/2023\/02\/04\/74-primaveras-hoje\/#breadcrumb","itemListElement":[{"@type":"ListItem","position":1,"name":"In\u00edcio","item":"https:\/\/renatodias.online\/movimento\/"},{"@type":"ListItem","position":2,"name":"74 primaveras hoje"}]},{"@type":"WebSite","@id":"https:\/\/renatodias.online\/movimento\/#website","url":"https:\/\/renatodias.online\/movimento\/","name":"","description":"","publisher":{"@id":"https:\/\/renatodias.online\/movimento\/#\/schema\/person\/bbab28833b1725a20f4083f49f1fb2a9"},"potentialAction":[{"@type":"SearchAction","target":{"@type":"EntryPoint","urlTemplate":"https:\/\/renatodias.online\/movimento\/?s={search_term_string}"},"query-input":{"@type":"PropertyValueSpecification","valueRequired":true,"valueName":"search_term_string"}}],"inLanguage":"pt-BR"},{"@type":["Person","Organization"],"@id":"https:\/\/renatodias.online\/movimento\/#\/schema\/person\/bbab28833b1725a20f4083f49f1fb2a9","name":"Renato Dias","image":{"@type":"ImageObject","inLanguage":"pt-BR","@id":"https:\/\/renatodias.online\/movimento\/wp-content\/uploads\/2023\/03\/cropped-cropped-cropped-logofinal.jpeg","url":"https:\/\/renatodias.online\/movimento\/wp-content\/uploads\/2023\/03\/cropped-cropped-cropped-logofinal.jpeg","contentUrl":"https:\/\/renatodias.online\/movimento\/wp-content\/uploads\/2023\/03\/cropped-cropped-cropped-logofinal.jpeg","width":1280,"height":219,"caption":"Renato Dias"},"logo":{"@id":"https:\/\/renatodias.online\/movimento\/wp-content\/uploads\/2023\/03\/cropped-cropped-cropped-logofinal.jpeg"},"description":"Renato Dias, 58 anos, \u00e9 graduado em Jornalismo, formado em Ci\u00eancias Sociais, com p\u00f3s-gradua\u00e7\u00e3o em Pol\u00edticas P\u00fablicas, mestre em Direito e Rela\u00e7\u00f5es Internacionais, ex-aluno extraordin\u00e1rio do Doutorado em Psicologia Social, ex-estudante do Curso de Psican\u00e1lise do Centro de Estudos Psicanal\u00edticos do Estado de Goi\u00e1s, ministrado pelo m\u00e9dico psiquiatra e psicanalista Daniel Em\u00eddio de Souza. \u00c9 autor de 30 livros-reportagem, oito document\u00e1rios, ganhou 30 pr\u00eamios e \u00e9 torcedor apaixonado do maior do Centro-Oeste, o Vila Nova Futebol Clube. Casado com Meirilane Dias, \u00e9 pai de Juliana Dias, jornalista; Daniel Dias, economista; e Maria Rosa Dias, estudante antifascista, socialista e trotskista.\u00a0Com tr\u00eas pets: Porquinho [Bull Dog Franc\u00eas], Dalila [Basset Hound] e Geleia [Basset Hound]. Al\u00e9m do eterno gato Tutuquinho, que virou estrela.","sameAs":["https:\/\/www.facebook.com\/renato.dias.37","#breve","https:\/\/renatodias.tumblr.com\/"],"url":"https:\/\/renatodias.online\/movimento\/author\/renatodias\/"}]}},"_links":{"self":[{"href":"https:\/\/renatodias.online\/movimento\/wp-json\/wp\/v2\/posts\/15473","targetHints":{"allow":["GET"]}}],"collection":[{"href":"https:\/\/renatodias.online\/movimento\/wp-json\/wp\/v2\/posts"}],"about":[{"href":"https:\/\/renatodias.online\/movimento\/wp-json\/wp\/v2\/types\/post"}],"author":[{"embeddable":true,"href":"https:\/\/renatodias.online\/movimento\/wp-json\/wp\/v2\/users\/2"}],"replies":[{"embeddable":true,"href":"https:\/\/renatodias.online\/movimento\/wp-json\/wp\/v2\/comments?post=15473"}],"version-history":[{"count":1,"href":"https:\/\/renatodias.online\/movimento\/wp-json\/wp\/v2\/posts\/15473\/revisions"}],"predecessor-version":[{"id":15478,"href":"https:\/\/renatodias.online\/movimento\/wp-json\/wp\/v2\/posts\/15473\/revisions\/15478"}],"wp:featuredmedia":[{"embeddable":true,"href":"https:\/\/renatodias.online\/movimento\/wp-json\/wp\/v2\/media\/14687"}],"wp:attachment":[{"href":"https:\/\/renatodias.online\/movimento\/wp-json\/wp\/v2\/media?parent=15473"}],"wp:term":[{"taxonomy":"category","embeddable":true,"href":"https:\/\/renatodias.online\/movimento\/wp-json\/wp\/v2\/categories?post=15473"},{"taxonomy":"post_tag","embeddable":true,"href":"https:\/\/renatodias.online\/movimento\/wp-json\/wp\/v2\/tags?post=15473"}],"curies":[{"name":"wp","href":"https:\/\/api.w.org\/{rel}","templated":true}]}}