{"id":15388,"date":"2023-01-26T19:07:17","date_gmt":"2023-01-26T22:07:17","guid":{"rendered":"https:\/\/renatodias.online\/movimento\/?p=15388"},"modified":"2023-01-26T19:28:01","modified_gmt":"2023-01-26T22:28:01","slug":"8-de-janeiro-de-2023-nao-acabou","status":"publish","type":"post","link":"https:\/\/renatodias.online\/movimento\/2023\/01\/26\/8-de-janeiro-de-2023-nao-acabou\/","title":{"rendered":"8 de janeiro de 2023 n\u00e3o acabou"},"content":{"rendered":"<figure id=\"attachment_15398\" aria-describedby=\"caption-attachment-15398\" style=\"width: 641px\" class=\"wp-caption aligncenter\"><img loading=\"lazy\" decoding=\"async\" class=\"wp-image-15398 size-full\" src=\"https:\/\/renatodias.online\/movimento\/wp-content\/uploads\/2023\/01\/Terrorismo-10-Publicacoes-mostram-a-premeditacao.png\" alt=\"\" width=\"641\" height=\"380\" srcset=\"https:\/\/renatodias.online\/movimento\/wp-content\/uploads\/2023\/01\/Terrorismo-10-Publicacoes-mostram-a-premeditacao.png 641w, https:\/\/renatodias.online\/movimento\/wp-content\/uploads\/2023\/01\/Terrorismo-10-Publicacoes-mostram-a-premeditacao-300x178.png 300w\" sizes=\"auto, (max-width: 641px) 100vw, 641px\" \/><figcaption id=\"caption-attachment-15398\" class=\"wp-caption-text\"><span style=\"color: #800000;\"><strong>Publica\u00e7\u00f5es mostram a premedita\u00e7\u00e3o<\/strong><\/span><\/figcaption><\/figure>\n<p><strong><img loading=\"lazy\" decoding=\"async\" class=\"aligncenter wp-image-10169 size-thumbnail\" src=\"https:\/\/renatodias.online\/movimento\/wp-content\/uploads\/2021\/12\/Explosivo-150x150.png\" alt=\"\" width=\"150\" height=\"150\" \/><\/strong><\/p>\n<p><strong>\u00a0<\/strong><\/p>\n<h2><span style=\"color: #008000;\"><strong>1 _ Planejamento, premedita\u00e7\u00e3o, mobiliza\u00e7\u00e3o, divulga\u00e7\u00e3o em c\u00f3digo, anu\u00eancia e financiamento privado<\/strong><\/span><\/h2>\n<h2><span style=\"color: #0000ff;\"><strong>2 _ Festa da Selma<\/strong><\/span><\/h2>\n<h2><span style=\"color: #808000;\"><strong>3 _ Ataques em Bras\u00edlia dia 12; bombas, 24, subesta\u00e7\u00e3o; trocas inesperadas, ativistas fascistas experientes<\/strong><\/span><\/h2>\n<p style=\"text-align: center;\"><strong><span style=\"color: #ff0000;\">Renato Dias<\/span>\u00a0<\/strong><\/p>\n<p>Os explosivos eram para ser colocados na \u00e1rea reservada de embarque do Aeroporto Interna\u00adcio\u00adnal de Bras\u00edlia [DF]. A capital da Rep\u00fablica. Por Alan Diego dos Santos. Os artefatos haviam si\u00addo montados por George Washington, dono de um posto de gasolina no Par\u00e1 e que teria apren\u00addido a manusear as bombas na cidade constru\u00edda por JK [1961]. O operador desistiu da miss\u00e3o e optou por instala-los em um caminh\u00e3o de combust\u00edvel. Os dois foram presos pela Pol\u00edcia Federal<\/p>\n<figure id=\"attachment_15396\" aria-describedby=\"caption-attachment-15396\" style=\"width: 985px\" class=\"wp-caption alignnone\"><img loading=\"lazy\" decoding=\"async\" class=\"wp-image-15396 size-full\" src=\"https:\/\/renatodias.online\/movimento\/wp-content\/uploads\/2023\/01\/Terrorismo-8-Bombas-em-Brasilia-dia-24-de-desembro-de-2022.png\" alt=\"\" width=\"985\" height=\"588\" srcset=\"https:\/\/renatodias.online\/movimento\/wp-content\/uploads\/2023\/01\/Terrorismo-8-Bombas-em-Brasilia-dia-24-de-desembro-de-2022.png 985w, https:\/\/renatodias.online\/movimento\/wp-content\/uploads\/2023\/01\/Terrorismo-8-Bombas-em-Brasilia-dia-24-de-desembro-de-2022-300x179.png 300w, https:\/\/renatodias.online\/movimento\/wp-content\/uploads\/2023\/01\/Terrorismo-8-Bombas-em-Brasilia-dia-24-de-desembro-de-2022-768x458.png 768w, https:\/\/renatodias.online\/movimento\/wp-content\/uploads\/2023\/01\/Terrorismo-8-Bombas-em-Brasilia-dia-24-de-desembro-de-2022-750x448.png 750w\" sizes=\"auto, (max-width: 985px) 100vw, 985px\" \/><figcaption id=\"caption-attachment-15396\" class=\"wp-caption-text\"><strong>Bombas em Bras\u00edlia dia 24 de dezembro de 2022<\/strong><\/figcaption><\/figure>\n<p>Quarenta quilos de materiais explosivos acabaram descobertos, antes da posse do presidente da Rep\u00fablica, Luiz In\u00e1cio Lula da Silva [PT], e de seu vice-presidente, Geraldo Alckmin [PSB], na regi\u00e3o do Gama, DF 290. As For\u00e7as Especiais de Seguran\u00e7a promoveram a detona\u00e7\u00e3o controlada do arsenal b\u00e9lico. Na noite de Natal _ 24 de dezembro de 2022 A bomba poderia ser acionada por controle remoto. Mais: a uma dist\u00e2ncia de 50 a 60 metros. O que poderia produzir uma trag\u00e9dia<\/p>\n<p><img loading=\"lazy\" decoding=\"async\" class=\"alignnone wp-image-15124 size-full\" src=\"https:\/\/renatodias.online\/movimento\/wp-content\/uploads\/2022\/12\/Charge-Vandalismo-1.jpg\" alt=\"\" width=\"881\" height=\"1024\" srcset=\"https:\/\/renatodias.online\/movimento\/wp-content\/uploads\/2022\/12\/Charge-Vandalismo-1.jpg 881w, https:\/\/renatodias.online\/movimento\/wp-content\/uploads\/2022\/12\/Charge-Vandalismo-1-258x300.jpg 258w, https:\/\/renatodias.online\/movimento\/wp-content\/uploads\/2022\/12\/Charge-Vandalismo-1-768x893.jpg 768w, https:\/\/renatodias.online\/movimento\/wp-content\/uploads\/2022\/12\/Charge-Vandalismo-1-750x872.jpg 750w\" sizes=\"auto, (max-width: 881px) 100vw, 881px\" \/><\/p>\n<p>O projeto original do homem oriundo de Xinguara, Par\u00e1,\u00a0consistia em explodir a subesta\u00e7\u00e3o de energia de Taguatinga. Para jogar o local no escuro, provocar o caos, exigir a interven\u00e7\u00e3o do Pal\u00e1cio do Planalto para cobrar uma interven\u00e7\u00e3o das For\u00e7as Armadas _ Ex\u00e9rcito, Marinha e Aeron\u00e1utica. Com a suposta Lei da Garantia e da Ordem [GLO]. O inconstitucional artigo 142. O ex &#8211; oper\u00e1rio metal\u00fargico Luiz In\u00e1cio Lula da Silva n\u00e3o deveria, em 1\u00b0 de janeiro de 2023, subir a rampa do Pal\u00e1cio do Planalto.<\/p>\n<p><figure id=\"attachment_15397\" aria-describedby=\"caption-attachment-15397\" style=\"width: 1046px\" class=\"wp-caption alignnone\"><img loading=\"lazy\" decoding=\"async\" class=\"wp-image-15397 size-full\" src=\"https:\/\/renatodias.online\/movimento\/wp-content\/uploads\/2023\/01\/Terrorismo-9-A-ideia-era-impedir-a-subida-da-rampa-por-Lula.png\" alt=\"\" width=\"1046\" height=\"676\" \/><figcaption id=\"caption-attachment-15397\" class=\"wp-caption-text\"><strong>A ideia era impedir a subida da rampa por Luiz In\u00e1cio Lula da Silva [PT] e Geraldo Alckmin [PSB]<br \/><\/strong><\/figcaption><\/figure>Acusados pelas tentativas de explos\u00f5es em Bras\u00edlia, George Washington e Alan Diego dos Santos teriam circulado pelo Congresso Nacional em novembro e dezembro de 2022 em supostas conversas com parlamentares. George Washington esteve com o deputado federal Joaquim Passarinho [PL-PA]. J\u00e1 Alan Diego dos Santos no gabinete do l\u00edder do Podemos. Bismark Fugazza teria dialogado ainda com Daniel Silveira [PTB-RJ], Carla Zambelli [PL-SP] e General Gir\u00e3o [PL-RN]. Observa\u00e7\u00e3o: Bismark Fugazza est\u00e1 foragido.<\/p>\n<figure id=\"attachment_15391\" aria-describedby=\"caption-attachment-15391\" style=\"width: 1007px\" class=\"wp-caption alignnone\"><img loading=\"lazy\" decoding=\"async\" class=\"wp-image-15391 size-full\" src=\"https:\/\/renatodias.online\/movimento\/wp-content\/uploads\/2023\/01\/Terrorismo-3-O-ensaio-do-dia-12.png\" alt=\"\" width=\"1007\" height=\"607\" srcset=\"https:\/\/renatodias.online\/movimento\/wp-content\/uploads\/2023\/01\/Terrorismo-3-O-ensaio-do-dia-12.png 1007w, https:\/\/renatodias.online\/movimento\/wp-content\/uploads\/2023\/01\/Terrorismo-3-O-ensaio-do-dia-12-300x181.png 300w, https:\/\/renatodias.online\/movimento\/wp-content\/uploads\/2023\/01\/Terrorismo-3-O-ensaio-do-dia-12-768x463.png 768w, https:\/\/renatodias.online\/movimento\/wp-content\/uploads\/2023\/01\/Terrorismo-3-O-ensaio-do-dia-12-750x452.png 750w\" sizes=\"auto, (max-width: 1007px) 100vw, 1007px\" \/><figcaption id=\"caption-attachment-15391\" class=\"wp-caption-text\"><strong>O ensaio, do dia 12 de dezembro de 2022, na Capital da Rep\u00fablica, com rastros de viol\u00eancia, destrui\u00e7\u00e3o e \u00f3dio<br \/><\/strong><\/figcaption><\/figure>\n<p>A tentativa de golpe teve um ensaio j\u00e1 em 12 de dezembro. Ap\u00f3s a diploma\u00e7\u00e3o dos eleitos. Bras\u00edlia virou de &#8220;ponta-cabe\u00e7a.&#8221; \u00d4nibus, vans, ve\u00edculos particulares, posto de gasolina foram incendiados. A sede da Pol\u00edcia Federal sofreu uma forte amea\u00e7a de invas\u00e3o. Mais: cidad\u00e3os comuns foram agredidos. Um sil\u00eancio sepulcral das For\u00e7as Armadas, da Guarda Presidencial, do Gabinete de Seguran\u00e7a Institucional, da Pol\u00edcia Militar do Distrito Federal [DF].<\/p>\n<figure id=\"attachment_15392\" aria-describedby=\"caption-attachment-15392\" style=\"width: 1019px\" class=\"wp-caption alignnone\"><img loading=\"lazy\" decoding=\"async\" class=\"wp-image-15392 size-full\" src=\"https:\/\/renatodias.online\/movimento\/wp-content\/uploads\/2023\/01\/Terrorismo-4-Anderson-Torres.png\" alt=\"\" width=\"1019\" height=\"549\" srcset=\"https:\/\/renatodias.online\/movimento\/wp-content\/uploads\/2023\/01\/Terrorismo-4-Anderson-Torres.png 1019w, https:\/\/renatodias.online\/movimento\/wp-content\/uploads\/2023\/01\/Terrorismo-4-Anderson-Torres-300x162.png 300w, https:\/\/renatodias.online\/movimento\/wp-content\/uploads\/2023\/01\/Terrorismo-4-Anderson-Torres-768x414.png 768w, https:\/\/renatodias.online\/movimento\/wp-content\/uploads\/2023\/01\/Terrorismo-4-Anderson-Torres-750x404.png 750w\" sizes=\"auto, (max-width: 1019px) 100vw, 1019px\" \/><figcaption id=\"caption-attachment-15392\" class=\"wp-caption-text\"><strong>Anderson Torres, ex-ministro da Justi\u00e7a e Seguran\u00e7a P\u00fablica e ex-secret\u00e1rio de Seguran\u00e7a P\u00fablica, do DF<br \/><\/strong><\/figcaption><\/figure>\n<p>A Opera\u00e7\u00e3o Foro de Miami \u00e9 colocada em movimento. Jair Messias Bolsonaro [PL] no exerc\u00edcio da presid\u00eancia da Rep\u00fablica voa para os EUA com recursos do er\u00e1rio. N\u00e3o transfere a faixa ao sucessor. Ato simb\u00f3lico para o n\u00facleo duro de seus adeptos. Ao lado de Michele Bolsonaro, Carlos Bolsonaro. O respons\u00e1vel pelo violento Gabinete do \u00d3dio. Anderson Torres, ex-ministro da Justi\u00e7a e Secret\u00e1rio de Seguran\u00e7a P\u00fablica do DF, adota o mesmo destino. At\u00e9 Ibaneis Rocha descansaria nas Terras do Tio Sam.<\/p>\n<figure id=\"attachment_15291\" aria-describedby=\"caption-attachment-15291\" style=\"width: 1080px\" class=\"wp-caption alignnone\"><img loading=\"lazy\" decoding=\"async\" class=\"size-full wp-image-15291\" src=\"https:\/\/renatodias.online\/movimento\/wp-content\/uploads\/2023\/01\/Terrorismo-4.png\" alt=\"\" width=\"1080\" height=\"650\" \/><figcaption id=\"caption-attachment-15291\" class=\"wp-caption-text\"><strong>Terror, viol\u00eancia e desestabiliza\u00e7\u00e3o<\/strong><\/figcaption><\/figure>\n<p>Com um mandado judicial para a busca e apreens\u00e3o expedido, a PF encontrou na casa do ex-ministro da Justi\u00e7a e Seguran\u00e7a P\u00fablica Anderson Torres uma minuta de um decreto para anula\u00e7\u00e3o somente do segundo turno das elei\u00e7\u00f5es presidenciais ocorrido no dia 30 de outubro do ano de 2022. Mais: o ent\u00e3o presidente da Rep\u00fablica Jair Messias Bolsonaro instauraria um Estado de Defesa na sede do Tribunal Superior Eleitoral [TSE]. Trata &#8211; se de uma medida inconstitucional. Atentado ao Estado de Direito, \u00e0 democracia<\/p>\n<p><img loading=\"lazy\" decoding=\"async\" class=\"alignnone wp-image-15390 size-full\" src=\"https:\/\/renatodias.online\/movimento\/wp-content\/uploads\/2023\/01\/Terrorismo-2-A-Festa-da-Selma-Locais-de-partida.png\" alt=\"\" width=\"1080\" height=\"993\" srcset=\"https:\/\/renatodias.online\/movimento\/wp-content\/uploads\/2023\/01\/Terrorismo-2-A-Festa-da-Selma-Locais-de-partida.png 1080w, https:\/\/renatodias.online\/movimento\/wp-content\/uploads\/2023\/01\/Terrorismo-2-A-Festa-da-Selma-Locais-de-partida-300x276.png 300w, https:\/\/renatodias.online\/movimento\/wp-content\/uploads\/2023\/01\/Terrorismo-2-A-Festa-da-Selma-Locais-de-partida-768x706.png 768w, https:\/\/renatodias.online\/movimento\/wp-content\/uploads\/2023\/01\/Terrorismo-2-A-Festa-da-Selma-Locais-de-partida-750x690.png 750w\" sizes=\"auto, (max-width: 1080px) 100vw, 1080px\" \/><\/p>\n<p><strong>O Globo<\/strong><\/p>\n<p>Sete dias ap\u00f3s a subida da rampa, em 8 de janeiro de 2023, de cinco a oito mil pessoas, mobilizadas por influencers, parlamentares, as supostas anu\u00eancias de Ibaneis Rocha, dos generais Augusto Heleno e Braga Neto, eventual colabora\u00e7\u00e3o da PM [DF], Guarda Presidencial e For\u00e7as Armadas, atacaram com terror STF, Congresso Nacional e at\u00e9 o Pal\u00e1cio do Planalto, as sedes, no Pa\u00eds, dos tr\u00eas poderes da Rep\u00fablica. A senha \u00e9 A Festa da Selva. Bem ao gosto da caserna.<\/p>\n<figure id=\"attachment_15399\" aria-describedby=\"caption-attachment-15399\" style=\"width: 1080px\" class=\"wp-caption alignnone\"><img loading=\"lazy\" decoding=\"async\" class=\"wp-image-15399 size-full\" src=\"https:\/\/renatodias.online\/movimento\/wp-content\/uploads\/2023\/01\/Terrorismo-11-Capa-link.png\" alt=\"\" width=\"1080\" height=\"682\" srcset=\"https:\/\/renatodias.online\/movimento\/wp-content\/uploads\/2023\/01\/Terrorismo-11-Capa-link.png 1080w, https:\/\/renatodias.online\/movimento\/wp-content\/uploads\/2023\/01\/Terrorismo-11-Capa-link-300x189.png 300w, https:\/\/renatodias.online\/movimento\/wp-content\/uploads\/2023\/01\/Terrorismo-11-Capa-link-768x485.png 768w, https:\/\/renatodias.online\/movimento\/wp-content\/uploads\/2023\/01\/Terrorismo-11-Capa-link-750x474.png 750w\" sizes=\"auto, (max-width: 1080px) 100vw, 1080px\" \/><figcaption id=\"caption-attachment-15399\" class=\"wp-caption-text\"><strong>Capit\u00f3lio ampliado com a invas\u00e3o da sede dos tr\u00eas poderes da Rep\u00fablica, n\u00e3o somente do Congresso Nacional<br \/><\/strong><\/figcaption><\/figure>\n<p>&nbsp;<\/p>\n<p>Putsch fracassado. Uma tentativa de golpe de Estado civil e militar. Capit\u00f3lio ampliado. Planejamento estrat\u00e9gico antecipado. Para destruir a democracia e implodir o Governo Federal empossado, Congresso Nacional e STF. Cenas de barb\u00e1rie e selvageria. Atos de vandalismo. Ensaio de aboli\u00e7\u00e3o violenta do Poder. Adeptos de ideias de extrema-direita, eleitores do ex-presidente da Rep\u00fablica Jair Messias Bolsonaro cometeram crimes, sim. De terrorismo, golpe de Estado, amea\u00e7a ao Estado de Direito, aboli\u00e7\u00e3o violenta do Poder<\/p>\n<blockquote>\n<h1><span style=\"color: #008000;\"><strong>Putsch fracassado. Uma tentativa de golpe de Estado civil e militar. Capit\u00f3lio ampliado<\/strong><\/span><\/h1>\n<p><img loading=\"lazy\" decoding=\"async\" class=\"alignnone wp-image-15293 size-full\" src=\"https:\/\/renatodias.online\/movimento\/wp-content\/uploads\/2023\/01\/Humor-terror-1.jpg\" alt=\"\" width=\"1080\" height=\"521\" \/><\/p><\/blockquote>\n<p>Assim como a vil destrui\u00e7\u00e3o do patrim\u00f4nio p\u00fablico do Pa\u00eds. Bens art\u00edsticos e culturais de inestim\u00e1vel valor hist\u00f3rico. Al\u00e9m de les\u00e3o corporal. Com as suspeitas de roubo aos transeuntes \u2014 no caso de jornalistas que tiveram os materiais de trabalho roubados. Registro: porte de arma branca e corrup\u00e7\u00e3o ativa. Presos: 1.500. Um golpe de Estado civil e militar j\u00e1 havia sido admitido desde o ano de 2019 por Jair Messias Bolsonaro. A opera\u00e7\u00e3o fracassou. Restam a abertura de processos, julgamentos e condena\u00e7\u00f5es.<\/p>\n<p>&nbsp;<\/p>\n<p><img loading=\"lazy\" decoding=\"async\" class=\"size-medium wp-image-8229 aligncenter\" src=\"https:\/\/renatodias.online\/movimento\/wp-content\/uploads\/2021\/08\/Justica-do-Trabalho-1-300x166.jpg\" alt=\"\" width=\"300\" height=\"166\" \/><\/p>\n<h1 style=\"text-align: center;\"><span style=\"color: #ff00ff;\"><strong>Direito e Justi\u00e7a<\/strong><\/span><\/h1>\n<h1 style=\"text-align: center;\"><span style=\"color: #666699;\"><strong>O que diz a Lei Antiterrorismo?<\/strong><\/span><\/h1>\n<p><img loading=\"lazy\" decoding=\"async\" class=\"alignnone wp-image-15394 size-large\" src=\"https:\/\/renatodias.online\/movimento\/wp-content\/uploads\/2023\/01\/Terrorismo-6-Lei-1029x1024.png\" alt=\"\" width=\"1029\" height=\"1024\" srcset=\"https:\/\/renatodias.online\/movimento\/wp-content\/uploads\/2023\/01\/Terrorismo-6-Lei-1029x1024.png 1029w, https:\/\/renatodias.online\/movimento\/wp-content\/uploads\/2023\/01\/Terrorismo-6-Lei-300x300.png 300w, https:\/\/renatodias.online\/movimento\/wp-content\/uploads\/2023\/01\/Terrorismo-6-Lei-150x150.png 150w, https:\/\/renatodias.online\/movimento\/wp-content\/uploads\/2023\/01\/Terrorismo-6-Lei-768x764.png 768w, https:\/\/renatodias.online\/movimento\/wp-content\/uploads\/2023\/01\/Terrorismo-6-Lei-750x747.png 750w, https:\/\/renatodias.online\/movimento\/wp-content\/uploads\/2023\/01\/Terrorismo-6-Lei.png 1080w\" sizes=\"auto, (max-width: 1029px) 100vw, 1029px\" \/><\/p>\n<h1 style=\"text-align: center;\"><span style=\"color: #ff6600;\"><strong>De 16 de mar\u00e7o de 2016<\/strong><\/span><\/h1>\n<p><span style=\"color: #ff6600;\"><strong>\u00a0<\/strong><\/span><\/p>\n<h1 style=\"text-align: center;\"><strong>13.260<\/strong><\/h1>\n<p>A lei 13.260, sancionada em 16 de mar\u00e7o do ano de 2016, define, no Brasil, o que \u00e9 crime de terrorismo. A\u00e7\u00f5es para provocar o terror social ou generalizado. Mais: expor a perigo pessoa, patrim\u00f4nio, a paz social ou a integridade p\u00fablica. Al\u00e9m de usar ou at\u00e9 amea\u00e7ar usar, transportar, guardar, portar ou trazer consigo explosivo, gases t\u00f3xicos, veneno, conte\u00fados biol\u00f3gicos, qu\u00edmicos, nucleares, meios para causar danos, destrui\u00e7\u00e3o em massa. Ainda sabotar o funcionamento, apoderar-se, com viol\u00eancia, grave amea\u00e7a \u00e0 pessoa, servir-se de mecanismos cibern\u00e9ticos, do controle total ou parcial de meio de comunica\u00e7\u00e3o ou de transporte, de portos, aeroportos. Atentar contra a vida ou a integridade f\u00edsica de uma pessoa. A legisla\u00e7\u00e3o de 2016 prev\u00ea penas que variam de reclus\u00e3o, de 12 a 30 anos, e as san\u00e7\u00f5es por amea\u00e7a e viol\u00eancia.<\/p>\n<p><img loading=\"lazy\" decoding=\"async\" class=\"size-medium wp-image-13781 aligncenter\" src=\"https:\/\/renatodias.online\/movimento\/wp-content\/uploads\/2022\/08\/Raio-X-especial-300x112.png\" alt=\"\" width=\"300\" height=\"112\" \/><\/p>\n<h1 style=\"text-align: center;\"><span style=\"color: #3366ff;\"><strong>Veja a colabora\u00e7\u00e3o das For\u00e7as de Seguran\u00e7a<\/strong><\/span><\/h1>\n<p><iframe loading=\"lazy\" title=\"Imagens de drones e de c\u00e2meras do STF mostram PM inerte a atos golpistas\" width=\"960\" height=\"540\" src=\"https:\/\/www.youtube.com\/embed\/bRSC9SOdIHw?feature=oembed\" frameborder=\"0\" allow=\"accelerometer; autoplay; clipboard-write; encrypted-media; gyroscope; picture-in-picture; web-share\" referrerpolicy=\"strict-origin-when-cross-origin\" allowfullscreen><\/iframe><\/p>\n<p><strong>Metr\u00f3poles<\/strong><\/p>\n<p><img loading=\"lazy\" decoding=\"async\" class=\"size-full wp-image-13381 aligncenter\" src=\"https:\/\/renatodias.online\/movimento\/wp-content\/uploads\/2022\/07\/Podcast.jpg\" alt=\"\" width=\"200\" height=\"200\" srcset=\"https:\/\/renatodias.online\/movimento\/wp-content\/uploads\/2022\/07\/Podcast.jpg 200w, https:\/\/renatodias.online\/movimento\/wp-content\/uploads\/2022\/07\/Podcast-150x150.jpg 150w\" sizes=\"auto, (max-width: 200px) 100vw, 200px\" \/><\/p>\n<h1 style=\"text-align: center;\"><span style=\"color: #008080;\"><strong>&#8216;Revolta popular e vandalismo&#8217;<\/strong><\/span><\/h1>\n<figure id=\"attachment_8003\" aria-describedby=\"caption-attachment-8003\" style=\"width: 400px\" class=\"wp-caption aligncenter\"><img loading=\"lazy\" decoding=\"async\" class=\"size-full wp-image-8003\" src=\"https:\/\/renatodias.online\/movimento\/wp-content\/uploads\/2021\/07\/Alex-Neder.jpg\" alt=\"\" width=\"400\" height=\"400\" \/><figcaption id=\"caption-attachment-8003\" class=\"wp-caption-text\"><strong>Alex Neder<\/strong><\/figcaption><\/figure>\n<h1 style=\"text-align: center;\"><strong><span style=\"color: #0000ff;\">N\u00e3o \u00e9 caso de crime de terrorismo, diz<\/span><br \/>\n<\/strong><\/h1>\n<h1 style=\"text-align: center;\"><span style=\"color: #808000;\"><strong>Alex Neder<\/strong><\/span><\/h1>\n<p><img loading=\"lazy\" decoding=\"async\" class=\"size-full wp-image-11298 aligncenter\" src=\"https:\/\/renatodias.online\/movimento\/wp-content\/uploads\/2022\/03\/Entrevista-Especial.png\" alt=\"\" width=\"225\" height=\"225\" srcset=\"https:\/\/renatodias.online\/movimento\/wp-content\/uploads\/2022\/03\/Entrevista-Especial.png 225w, https:\/\/renatodias.online\/movimento\/wp-content\/uploads\/2022\/03\/Entrevista-Especial-150x150.png 150w\" sizes=\"auto, (max-width: 225px) 100vw, 225px\" \/><\/p>\n<!--[if lt IE 9]><script>document.createElement('audio');<\/script><![endif]-->\n<audio class=\"wp-audio-shortcode\" id=\"audio-15388-1\" preload=\"none\" style=\"width: 100%;\" controls=\"controls\"><source type=\"audio\/mpeg\" src=\"https:\/\/renatodias.online\/movimento\/wp-content\/uploads\/2023\/01\/PTT-20230120-WA0087-online-audio-converter.com_.mp3?_=1\" \/><a href=\"https:\/\/renatodias.online\/movimento\/wp-content\/uploads\/2023\/01\/PTT-20230120-WA0087-online-audio-converter.com_.mp3\">https:\/\/renatodias.online\/movimento\/wp-content\/uploads\/2023\/01\/PTT-20230120-WA0087-online-audio-converter.com_.mp3<\/a><\/audio>\n<audio class=\"wp-audio-shortcode\" id=\"audio-15388-2\" preload=\"none\" style=\"width: 100%;\" controls=\"controls\"><source type=\"audio\/mpeg\" src=\"https:\/\/renatodias.online\/movimento\/wp-content\/uploads\/2023\/01\/PTT-20230120-WA0098-online-audio-converter.com_.mp3?_=2\" \/><a href=\"https:\/\/renatodias.online\/movimento\/wp-content\/uploads\/2023\/01\/PTT-20230120-WA0098-online-audio-converter.com_.mp3\">https:\/\/renatodias.online\/movimento\/wp-content\/uploads\/2023\/01\/PTT-20230120-WA0098-online-audio-converter.com_.mp3<\/a><\/audio>\n<audio class=\"wp-audio-shortcode\" id=\"audio-15388-3\" preload=\"none\" style=\"width: 100%;\" controls=\"controls\"><source type=\"audio\/mpeg\" src=\"https:\/\/renatodias.online\/movimento\/wp-content\/uploads\/2023\/01\/PTT-20230120-WA0175-online-audio-converter.com_.mp3?_=3\" \/><a href=\"https:\/\/renatodias.online\/movimento\/wp-content\/uploads\/2023\/01\/PTT-20230120-WA0175-online-audio-converter.com_.mp3\">https:\/\/renatodias.online\/movimento\/wp-content\/uploads\/2023\/01\/PTT-20230120-WA0175-online-audio-converter.com_.mp3<\/a><\/audio>\n<audio class=\"wp-audio-shortcode\" id=\"audio-15388-4\" preload=\"none\" style=\"width: 100%;\" controls=\"controls\"><source type=\"audio\/mpeg\" src=\"https:\/\/renatodias.online\/movimento\/wp-content\/uploads\/2023\/01\/PTT-20230120-WA0170-online-audio-converter.com_.mp3?_=4\" \/><a href=\"https:\/\/renatodias.online\/movimento\/wp-content\/uploads\/2023\/01\/PTT-20230120-WA0170-online-audio-converter.com_.mp3\">https:\/\/renatodias.online\/movimento\/wp-content\/uploads\/2023\/01\/PTT-20230120-WA0170-online-audio-converter.com_.mp3<\/a><\/audio>\n","protected":false},"excerpt":{"rendered":"<p>\u00a0 1 _ Planejamento, premedita\u00e7\u00e3o, mobiliza\u00e7\u00e3o, divulga\u00e7\u00e3o em c\u00f3digo, anu\u00eancia e financiamento privado 2 _ Festa da Selma 3 _ Ataques em Bras\u00edlia dia 12; bombas, 24, subesta\u00e7\u00e3o; trocas inesperadas, ativistas fascistas experientes Renato Dias\u00a0 Os explosivos eram para ser colocados na \u00e1rea reservada de embarque do Aeroporto Interna\u00adcio\u00adnal de Bras\u00edlia [DF]. A capital da<\/p>\n","protected":false},"author":2,"featured_media":15395,"comment_status":"open","ping_status":"open","sticky":false,"template":"","format":"standard","meta":{"_acf_changed":false,"_monsterinsights_skip_tracking":false,"_monsterinsights_sitenote_active":false,"_monsterinsights_sitenote_note":"","_monsterinsights_sitenote_category":0,"footnotes":""},"categories":[4],"tags":[],"class_list":["post-15388","post","type-post","status-publish","format-standard","has-post-thumbnail","hentry","category-politica"],"acf":[],"yoast_head":"<!-- This site is optimized with the Yoast SEO plugin v27.4 - https:\/\/yoast.com\/product\/yoast-seo-wordpress\/ -->\n<title>8 de janeiro de 2023 n\u00e3o acabou -<\/title>\n<meta name=\"robots\" content=\"index, follow, max-snippet:-1, max-image-preview:large, max-video-preview:-1\" \/>\n<link rel=\"canonical\" href=\"https:\/\/renatodias.online\/movimento\/2023\/01\/26\/8-de-janeiro-de-2023-nao-acabou\/\" \/>\n<meta property=\"og:locale\" content=\"pt_BR\" \/>\n<meta property=\"og:type\" content=\"article\" \/>\n<meta property=\"og:title\" content=\"8 de janeiro de 2023 n\u00e3o acabou -\" \/>\n<meta property=\"og:description\" content=\"\u00a0 1 _ Planejamento, premedita\u00e7\u00e3o, mobiliza\u00e7\u00e3o, divulga\u00e7\u00e3o em c\u00f3digo, anu\u00eancia e financiamento privado 2 _ Festa da Selma 3 _ Ataques em Bras\u00edlia dia 12; bombas, 24, subesta\u00e7\u00e3o; trocas inesperadas, ativistas fascistas experientes Renato Dias\u00a0 Os explosivos eram para ser colocados na \u00e1rea reservada de embarque do Aeroporto Interna\u00adcio\u00adnal de Bras\u00edlia [DF]. A capital da\" \/>\n<meta property=\"og:url\" content=\"https:\/\/renatodias.online\/movimento\/2023\/01\/26\/8-de-janeiro-de-2023-nao-acabou\/\" \/>\n<meta property=\"article:publisher\" content=\"https:\/\/www.facebook.com\/renato.dias.37\" \/>\n<meta property=\"article:author\" content=\"https:\/\/www.facebook.com\/renato.dias.37\" \/>\n<meta property=\"article:published_time\" content=\"2023-01-26T22:07:17+00:00\" \/>\n<meta property=\"article:modified_time\" content=\"2023-01-26T22:28:01+00:00\" \/>\n<meta property=\"og:image\" content=\"https:\/\/renatodias.online\/movimento\/wp-content\/uploads\/2023\/01\/Terrorismo-7-Jair-Messias-Bolsonaro-nos-EUA-e1674770199528.png\" \/>\n\t<meta property=\"og:image:width\" content=\"428\" \/>\n\t<meta property=\"og:image:height\" content=\"240\" \/>\n\t<meta property=\"og:image:type\" content=\"image\/png\" \/>\n<meta name=\"author\" content=\"Renato Dias\" \/>\n<meta name=\"twitter:card\" content=\"summary_large_image\" \/>\n<meta name=\"twitter:creator\" content=\"@RenatoDiasBat\" \/>\n<meta name=\"twitter:site\" content=\"@RenatoDiasBat\" \/>\n<meta name=\"twitter:label1\" content=\"Escrito por\" \/>\n\t<meta name=\"twitter:data1\" content=\"Renato Dias\" \/>\n\t<meta name=\"twitter:label2\" content=\"Est. tempo de leitura\" \/>\n\t<meta name=\"twitter:data2\" content=\"7 minutos\" \/>\n<script type=\"application\/ld+json\" class=\"yoast-schema-graph\">{\"@context\":\"https:\\\/\\\/schema.org\",\"@graph\":[{\"@type\":\"Article\",\"@id\":\"https:\\\/\\\/renatodias.online\\\/movimento\\\/2023\\\/01\\\/26\\\/8-de-janeiro-de-2023-nao-acabou\\\/#article\",\"isPartOf\":{\"@id\":\"https:\\\/\\\/renatodias.online\\\/movimento\\\/2023\\\/01\\\/26\\\/8-de-janeiro-de-2023-nao-acabou\\\/\"},\"author\":{\"name\":\"Renato Dias\",\"@id\":\"https:\\\/\\\/renatodias.online\\\/movimento\\\/#\\\/schema\\\/person\\\/bbab28833b1725a20f4083f49f1fb2a9\"},\"headline\":\"8 de janeiro de 2023 n\u00e3o acabou\",\"datePublished\":\"2023-01-26T22:07:17+00:00\",\"dateModified\":\"2023-01-26T22:28:01+00:00\",\"mainEntityOfPage\":{\"@id\":\"https:\\\/\\\/renatodias.online\\\/movimento\\\/2023\\\/01\\\/26\\\/8-de-janeiro-de-2023-nao-acabou\\\/\"},\"wordCount\":1320,\"commentCount\":0,\"publisher\":{\"@id\":\"https:\\\/\\\/renatodias.online\\\/movimento\\\/#\\\/schema\\\/person\\\/bbab28833b1725a20f4083f49f1fb2a9\"},\"image\":{\"@id\":\"https:\\\/\\\/renatodias.online\\\/movimento\\\/2023\\\/01\\\/26\\\/8-de-janeiro-de-2023-nao-acabou\\\/#primaryimage\"},\"thumbnailUrl\":\"https:\\\/\\\/renatodias.online\\\/movimento\\\/wp-content\\\/uploads\\\/2023\\\/01\\\/Terrorismo-7-Jair-Messias-Bolsonaro-nos-EUA-e1680909212350.png\",\"articleSection\":[\"Pol\u00edtica\"],\"inLanguage\":\"pt-BR\",\"potentialAction\":[{\"@type\":\"CommentAction\",\"name\":\"Comment\",\"target\":[\"https:\\\/\\\/renatodias.online\\\/movimento\\\/2023\\\/01\\\/26\\\/8-de-janeiro-de-2023-nao-acabou\\\/#respond\"]}]},{\"@type\":\"WebPage\",\"@id\":\"https:\\\/\\\/renatodias.online\\\/movimento\\\/2023\\\/01\\\/26\\\/8-de-janeiro-de-2023-nao-acabou\\\/\",\"url\":\"https:\\\/\\\/renatodias.online\\\/movimento\\\/2023\\\/01\\\/26\\\/8-de-janeiro-de-2023-nao-acabou\\\/\",\"name\":\"8 de janeiro de 2023 n\u00e3o acabou -\",\"isPartOf\":{\"@id\":\"https:\\\/\\\/renatodias.online\\\/movimento\\\/#website\"},\"primaryImageOfPage\":{\"@id\":\"https:\\\/\\\/renatodias.online\\\/movimento\\\/2023\\\/01\\\/26\\\/8-de-janeiro-de-2023-nao-acabou\\\/#primaryimage\"},\"image\":{\"@id\":\"https:\\\/\\\/renatodias.online\\\/movimento\\\/2023\\\/01\\\/26\\\/8-de-janeiro-de-2023-nao-acabou\\\/#primaryimage\"},\"thumbnailUrl\":\"https:\\\/\\\/renatodias.online\\\/movimento\\\/wp-content\\\/uploads\\\/2023\\\/01\\\/Terrorismo-7-Jair-Messias-Bolsonaro-nos-EUA-e1680909212350.png\",\"datePublished\":\"2023-01-26T22:07:17+00:00\",\"dateModified\":\"2023-01-26T22:28:01+00:00\",\"breadcrumb\":{\"@id\":\"https:\\\/\\\/renatodias.online\\\/movimento\\\/2023\\\/01\\\/26\\\/8-de-janeiro-de-2023-nao-acabou\\\/#breadcrumb\"},\"inLanguage\":\"pt-BR\",\"potentialAction\":[{\"@type\":\"ReadAction\",\"target\":[\"https:\\\/\\\/renatodias.online\\\/movimento\\\/2023\\\/01\\\/26\\\/8-de-janeiro-de-2023-nao-acabou\\\/\"]}]},{\"@type\":\"ImageObject\",\"inLanguage\":\"pt-BR\",\"@id\":\"https:\\\/\\\/renatodias.online\\\/movimento\\\/2023\\\/01\\\/26\\\/8-de-janeiro-de-2023-nao-acabou\\\/#primaryimage\",\"url\":\"https:\\\/\\\/renatodias.online\\\/movimento\\\/wp-content\\\/uploads\\\/2023\\\/01\\\/Terrorismo-7-Jair-Messias-Bolsonaro-nos-EUA-e1680909212350.png\",\"contentUrl\":\"https:\\\/\\\/renatodias.online\\\/movimento\\\/wp-content\\\/uploads\\\/2023\\\/01\\\/Terrorismo-7-Jair-Messias-Bolsonaro-nos-EUA-e1680909212350.png\",\"width\":800,\"height\":449,\"caption\":\"Jair Messias Bolsonaro nos EUA\"},{\"@type\":\"BreadcrumbList\",\"@id\":\"https:\\\/\\\/renatodias.online\\\/movimento\\\/2023\\\/01\\\/26\\\/8-de-janeiro-de-2023-nao-acabou\\\/#breadcrumb\",\"itemListElement\":[{\"@type\":\"ListItem\",\"position\":1,\"name\":\"In\u00edcio\",\"item\":\"https:\\\/\\\/renatodias.online\\\/movimento\\\/\"},{\"@type\":\"ListItem\",\"position\":2,\"name\":\"8 de janeiro de 2023 n\u00e3o acabou\"}]},{\"@type\":\"WebSite\",\"@id\":\"https:\\\/\\\/renatodias.online\\\/movimento\\\/#website\",\"url\":\"https:\\\/\\\/renatodias.online\\\/movimento\\\/\",\"name\":\"\",\"description\":\"\",\"publisher\":{\"@id\":\"https:\\\/\\\/renatodias.online\\\/movimento\\\/#\\\/schema\\\/person\\\/bbab28833b1725a20f4083f49f1fb2a9\"},\"potentialAction\":[{\"@type\":\"SearchAction\",\"target\":{\"@type\":\"EntryPoint\",\"urlTemplate\":\"https:\\\/\\\/renatodias.online\\\/movimento\\\/?s={search_term_string}\"},\"query-input\":{\"@type\":\"PropertyValueSpecification\",\"valueRequired\":true,\"valueName\":\"search_term_string\"}}],\"inLanguage\":\"pt-BR\"},{\"@type\":[\"Person\",\"Organization\"],\"@id\":\"https:\\\/\\\/renatodias.online\\\/movimento\\\/#\\\/schema\\\/person\\\/bbab28833b1725a20f4083f49f1fb2a9\",\"name\":\"Renato Dias\",\"image\":{\"@type\":\"ImageObject\",\"inLanguage\":\"pt-BR\",\"@id\":\"https:\\\/\\\/renatodias.online\\\/movimento\\\/wp-content\\\/uploads\\\/2023\\\/03\\\/cropped-cropped-cropped-logofinal.jpeg\",\"url\":\"https:\\\/\\\/renatodias.online\\\/movimento\\\/wp-content\\\/uploads\\\/2023\\\/03\\\/cropped-cropped-cropped-logofinal.jpeg\",\"contentUrl\":\"https:\\\/\\\/renatodias.online\\\/movimento\\\/wp-content\\\/uploads\\\/2023\\\/03\\\/cropped-cropped-cropped-logofinal.jpeg\",\"width\":1280,\"height\":219,\"caption\":\"Renato Dias\"},\"logo\":{\"@id\":\"https:\\\/\\\/renatodias.online\\\/movimento\\\/wp-content\\\/uploads\\\/2023\\\/03\\\/cropped-cropped-cropped-logofinal.jpeg\"},\"description\":\"Renato Dias, 58 anos, \u00e9 graduado em Jornalismo, formado em Ci\u00eancias Sociais, com p\u00f3s-gradua\u00e7\u00e3o em Pol\u00edticas P\u00fablicas, mestre em Direito e Rela\u00e7\u00f5es Internacionais, ex-aluno extraordin\u00e1rio do Doutorado em Psicologia Social, ex-estudante do Curso de Psican\u00e1lise do Centro de Estudos Psicanal\u00edticos do Estado de Goi\u00e1s, ministrado pelo m\u00e9dico psiquiatra e psicanalista Daniel Em\u00eddio de Souza. \u00c9 autor de 30 livros-reportagem, oito document\u00e1rios, ganhou 30 pr\u00eamios e \u00e9 torcedor apaixonado do maior do Centro-Oeste, o Vila Nova Futebol Clube. Casado com Meirilane Dias, \u00e9 pai de Juliana Dias, jornalista; Daniel Dias, economista; e Maria Rosa Dias, estudante antifascista, socialista e trotskista.\u00a0Com tr\u00eas pets: Porquinho [Bull Dog Franc\u00eas], Dalila [Basset Hound] e Geleia [Basset Hound]. Al\u00e9m do eterno gato Tutuquinho, que virou estrela.\",\"sameAs\":[\"https:\\\/\\\/www.facebook.com\\\/renato.dias.37\",\"#breve\",\"https:\\\/\\\/renatodias.tumblr.com\\\/\"],\"url\":\"https:\\\/\\\/renatodias.online\\\/movimento\\\/author\\\/renatodias\\\/\"}]}<\/script>\n<!-- \/ Yoast SEO plugin. -->","yoast_head_json":{"title":"8 de janeiro de 2023 n\u00e3o acabou -","robots":{"index":"index","follow":"follow","max-snippet":"max-snippet:-1","max-image-preview":"max-image-preview:large","max-video-preview":"max-video-preview:-1"},"canonical":"https:\/\/renatodias.online\/movimento\/2023\/01\/26\/8-de-janeiro-de-2023-nao-acabou\/","og_locale":"pt_BR","og_type":"article","og_title":"8 de janeiro de 2023 n\u00e3o acabou -","og_description":"\u00a0 1 _ Planejamento, premedita\u00e7\u00e3o, mobiliza\u00e7\u00e3o, divulga\u00e7\u00e3o em c\u00f3digo, anu\u00eancia e financiamento privado 2 _ Festa da Selma 3 _ Ataques em Bras\u00edlia dia 12; bombas, 24, subesta\u00e7\u00e3o; trocas inesperadas, ativistas fascistas experientes Renato Dias\u00a0 Os explosivos eram para ser colocados na \u00e1rea reservada de embarque do Aeroporto Interna\u00adcio\u00adnal de Bras\u00edlia [DF]. A capital da","og_url":"https:\/\/renatodias.online\/movimento\/2023\/01\/26\/8-de-janeiro-de-2023-nao-acabou\/","article_publisher":"https:\/\/www.facebook.com\/renato.dias.37","article_author":"https:\/\/www.facebook.com\/renato.dias.37","article_published_time":"2023-01-26T22:07:17+00:00","article_modified_time":"2023-01-26T22:28:01+00:00","og_image":[{"width":428,"height":240,"url":"https:\/\/renatodias.online\/movimento\/wp-content\/uploads\/2023\/01\/Terrorismo-7-Jair-Messias-Bolsonaro-nos-EUA-e1674770199528.png","type":"image\/png"}],"author":"Renato Dias","twitter_card":"summary_large_image","twitter_creator":"@RenatoDiasBat","twitter_site":"@RenatoDiasBat","twitter_misc":{"Escrito por":"Renato Dias","Est. tempo de leitura":"7 minutos"},"schema":{"@context":"https:\/\/schema.org","@graph":[{"@type":"Article","@id":"https:\/\/renatodias.online\/movimento\/2023\/01\/26\/8-de-janeiro-de-2023-nao-acabou\/#article","isPartOf":{"@id":"https:\/\/renatodias.online\/movimento\/2023\/01\/26\/8-de-janeiro-de-2023-nao-acabou\/"},"author":{"name":"Renato Dias","@id":"https:\/\/renatodias.online\/movimento\/#\/schema\/person\/bbab28833b1725a20f4083f49f1fb2a9"},"headline":"8 de janeiro de 2023 n\u00e3o acabou","datePublished":"2023-01-26T22:07:17+00:00","dateModified":"2023-01-26T22:28:01+00:00","mainEntityOfPage":{"@id":"https:\/\/renatodias.online\/movimento\/2023\/01\/26\/8-de-janeiro-de-2023-nao-acabou\/"},"wordCount":1320,"commentCount":0,"publisher":{"@id":"https:\/\/renatodias.online\/movimento\/#\/schema\/person\/bbab28833b1725a20f4083f49f1fb2a9"},"image":{"@id":"https:\/\/renatodias.online\/movimento\/2023\/01\/26\/8-de-janeiro-de-2023-nao-acabou\/#primaryimage"},"thumbnailUrl":"https:\/\/renatodias.online\/movimento\/wp-content\/uploads\/2023\/01\/Terrorismo-7-Jair-Messias-Bolsonaro-nos-EUA-e1680909212350.png","articleSection":["Pol\u00edtica"],"inLanguage":"pt-BR","potentialAction":[{"@type":"CommentAction","name":"Comment","target":["https:\/\/renatodias.online\/movimento\/2023\/01\/26\/8-de-janeiro-de-2023-nao-acabou\/#respond"]}]},{"@type":"WebPage","@id":"https:\/\/renatodias.online\/movimento\/2023\/01\/26\/8-de-janeiro-de-2023-nao-acabou\/","url":"https:\/\/renatodias.online\/movimento\/2023\/01\/26\/8-de-janeiro-de-2023-nao-acabou\/","name":"8 de janeiro de 2023 n\u00e3o acabou -","isPartOf":{"@id":"https:\/\/renatodias.online\/movimento\/#website"},"primaryImageOfPage":{"@id":"https:\/\/renatodias.online\/movimento\/2023\/01\/26\/8-de-janeiro-de-2023-nao-acabou\/#primaryimage"},"image":{"@id":"https:\/\/renatodias.online\/movimento\/2023\/01\/26\/8-de-janeiro-de-2023-nao-acabou\/#primaryimage"},"thumbnailUrl":"https:\/\/renatodias.online\/movimento\/wp-content\/uploads\/2023\/01\/Terrorismo-7-Jair-Messias-Bolsonaro-nos-EUA-e1680909212350.png","datePublished":"2023-01-26T22:07:17+00:00","dateModified":"2023-01-26T22:28:01+00:00","breadcrumb":{"@id":"https:\/\/renatodias.online\/movimento\/2023\/01\/26\/8-de-janeiro-de-2023-nao-acabou\/#breadcrumb"},"inLanguage":"pt-BR","potentialAction":[{"@type":"ReadAction","target":["https:\/\/renatodias.online\/movimento\/2023\/01\/26\/8-de-janeiro-de-2023-nao-acabou\/"]}]},{"@type":"ImageObject","inLanguage":"pt-BR","@id":"https:\/\/renatodias.online\/movimento\/2023\/01\/26\/8-de-janeiro-de-2023-nao-acabou\/#primaryimage","url":"https:\/\/renatodias.online\/movimento\/wp-content\/uploads\/2023\/01\/Terrorismo-7-Jair-Messias-Bolsonaro-nos-EUA-e1680909212350.png","contentUrl":"https:\/\/renatodias.online\/movimento\/wp-content\/uploads\/2023\/01\/Terrorismo-7-Jair-Messias-Bolsonaro-nos-EUA-e1680909212350.png","width":800,"height":449,"caption":"Jair Messias Bolsonaro nos EUA"},{"@type":"BreadcrumbList","@id":"https:\/\/renatodias.online\/movimento\/2023\/01\/26\/8-de-janeiro-de-2023-nao-acabou\/#breadcrumb","itemListElement":[{"@type":"ListItem","position":1,"name":"In\u00edcio","item":"https:\/\/renatodias.online\/movimento\/"},{"@type":"ListItem","position":2,"name":"8 de janeiro de 2023 n\u00e3o acabou"}]},{"@type":"WebSite","@id":"https:\/\/renatodias.online\/movimento\/#website","url":"https:\/\/renatodias.online\/movimento\/","name":"","description":"","publisher":{"@id":"https:\/\/renatodias.online\/movimento\/#\/schema\/person\/bbab28833b1725a20f4083f49f1fb2a9"},"potentialAction":[{"@type":"SearchAction","target":{"@type":"EntryPoint","urlTemplate":"https:\/\/renatodias.online\/movimento\/?s={search_term_string}"},"query-input":{"@type":"PropertyValueSpecification","valueRequired":true,"valueName":"search_term_string"}}],"inLanguage":"pt-BR"},{"@type":["Person","Organization"],"@id":"https:\/\/renatodias.online\/movimento\/#\/schema\/person\/bbab28833b1725a20f4083f49f1fb2a9","name":"Renato Dias","image":{"@type":"ImageObject","inLanguage":"pt-BR","@id":"https:\/\/renatodias.online\/movimento\/wp-content\/uploads\/2023\/03\/cropped-cropped-cropped-logofinal.jpeg","url":"https:\/\/renatodias.online\/movimento\/wp-content\/uploads\/2023\/03\/cropped-cropped-cropped-logofinal.jpeg","contentUrl":"https:\/\/renatodias.online\/movimento\/wp-content\/uploads\/2023\/03\/cropped-cropped-cropped-logofinal.jpeg","width":1280,"height":219,"caption":"Renato Dias"},"logo":{"@id":"https:\/\/renatodias.online\/movimento\/wp-content\/uploads\/2023\/03\/cropped-cropped-cropped-logofinal.jpeg"},"description":"Renato Dias, 58 anos, \u00e9 graduado em Jornalismo, formado em Ci\u00eancias Sociais, com p\u00f3s-gradua\u00e7\u00e3o em Pol\u00edticas P\u00fablicas, mestre em Direito e Rela\u00e7\u00f5es Internacionais, ex-aluno extraordin\u00e1rio do Doutorado em Psicologia Social, ex-estudante do Curso de Psican\u00e1lise do Centro de Estudos Psicanal\u00edticos do Estado de Goi\u00e1s, ministrado pelo m\u00e9dico psiquiatra e psicanalista Daniel Em\u00eddio de Souza. \u00c9 autor de 30 livros-reportagem, oito document\u00e1rios, ganhou 30 pr\u00eamios e \u00e9 torcedor apaixonado do maior do Centro-Oeste, o Vila Nova Futebol Clube. Casado com Meirilane Dias, \u00e9 pai de Juliana Dias, jornalista; Daniel Dias, economista; e Maria Rosa Dias, estudante antifascista, socialista e trotskista.\u00a0Com tr\u00eas pets: Porquinho [Bull Dog Franc\u00eas], Dalila [Basset Hound] e Geleia [Basset Hound]. Al\u00e9m do eterno gato Tutuquinho, que virou estrela.","sameAs":["https:\/\/www.facebook.com\/renato.dias.37","#breve","https:\/\/renatodias.tumblr.com\/"],"url":"https:\/\/renatodias.online\/movimento\/author\/renatodias\/"}]}},"_links":{"self":[{"href":"https:\/\/renatodias.online\/movimento\/wp-json\/wp\/v2\/posts\/15388","targetHints":{"allow":["GET"]}}],"collection":[{"href":"https:\/\/renatodias.online\/movimento\/wp-json\/wp\/v2\/posts"}],"about":[{"href":"https:\/\/renatodias.online\/movimento\/wp-json\/wp\/v2\/types\/post"}],"author":[{"embeddable":true,"href":"https:\/\/renatodias.online\/movimento\/wp-json\/wp\/v2\/users\/2"}],"replies":[{"embeddable":true,"href":"https:\/\/renatodias.online\/movimento\/wp-json\/wp\/v2\/comments?post=15388"}],"version-history":[{"count":3,"href":"https:\/\/renatodias.online\/movimento\/wp-json\/wp\/v2\/posts\/15388\/revisions"}],"predecessor-version":[{"id":15406,"href":"https:\/\/renatodias.online\/movimento\/wp-json\/wp\/v2\/posts\/15388\/revisions\/15406"}],"wp:featuredmedia":[{"embeddable":true,"href":"https:\/\/renatodias.online\/movimento\/wp-json\/wp\/v2\/media\/15395"}],"wp:attachment":[{"href":"https:\/\/renatodias.online\/movimento\/wp-json\/wp\/v2\/media?parent=15388"}],"wp:term":[{"taxonomy":"category","embeddable":true,"href":"https:\/\/renatodias.online\/movimento\/wp-json\/wp\/v2\/categories?post=15388"},{"taxonomy":"post_tag","embeddable":true,"href":"https:\/\/renatodias.online\/movimento\/wp-json\/wp\/v2\/tags?post=15388"}],"curies":[{"name":"wp","href":"https:\/\/api.w.org\/{rel}","templated":true}]}}