{"id":1536,"date":"2019-07-31T21:24:14","date_gmt":"2019-08-01T00:24:14","guid":{"rendered":"http:\/\/renatodias.online\/gyn\/?p=1536"},"modified":"2019-07-31T21:24:14","modified_gmt":"2019-08-01T00:24:14","slug":"adeus-a-gloria-drumond-corpo-de-feminista-e-enterrado-sob-forte-comocao","status":"publish","type":"post","link":"https:\/\/renatodias.online\/movimento\/2019\/07\/31\/adeus-a-gloria-drumond-corpo-de-feminista-e-enterrado-sob-forte-comocao\/","title":{"rendered":"Adeus \u00e0 Gl\u00f3ria Drumond Corpo de feminista \u00e9 enterrado sob forte como\u00e7\u00e3o"},"content":{"rendered":"<p>\t\t\t\t<strong>Adeus \u00e0 Gl\u00f3ria Drumond<\/strong><\/p>\n<p><strong>Corpo de feminista \u00e9 enterrado sob forte como\u00e7\u00e3o<\/strong><\/p>\n<p><strong>Jornalista e historiadora\u00a0 foi uma das v\u00edtimas da ditadura civil e militar do ano de 1964<\/strong><\/p>\n<figure id=\"attachment_1537\" aria-describedby=\"caption-attachment-1537\" style=\"width: 650px\" class=\"wp-caption aligncenter\"><img loading=\"lazy\" decoding=\"async\" src=\"https:\/\/renatodias.online\/wp-content\/uploads\/2019\/07\/glorinha.jpeg\" alt=\"\" width=\"650\" height=\"486\" class=\"wp-image-1537 \" \/><figcaption id=\"caption-attachment-1537\" class=\"wp-caption-text\">Jornalista e Historiadora Gl\u00f3ria Drumond: l\u00e1grimas<\/figcaption><\/figure>\n<p><strong>Renato Dias<\/strong><\/p>\n<p>Sob forte como\u00e7\u00e3o, com choro, solu\u00e7os e l\u00e1grimas, a celebra\u00e7\u00e3o religiosa de crema\u00e7\u00e3o do corpo da jornalista, historiadora e feminista Gl\u00f3ria Drumond ocorreu, ontem, \u00e0s 15h, no Cemit\u00e9rio Jardim da Paz, em Goi\u00e2nia, capital Estado de Goi\u00e1s. Com a participa\u00e7\u00e3o de jornalistas como Renata Santos, Teresa Costa, Amanda Dorian, al\u00e9m da filha da ativista, a professora de Comunica\u00e7\u00e3o da Faculdade Araguaia, Patr\u00edcia Drumond. Uma m\u00fasica deu o \u2018\u00faltimo adeus\u2019.<\/p>\n<p>Um v\u00eddeo exibido mostrou imagens de uma mulher al\u00e9m do seu tempo. Morena, madeixas longas, olhos vibrantes, com sede de vida. Alegria era a sua marca. Insubmissa, ela defendia a igualdade de oportunidades entre homens e mulheres. Mais: exorcizava a misoginia. Radical,\u00a0 condenava o machismo. Humanista, recusava a cultura patriarcal. Contempor\u00e2nea da modernidade,\u00a0 atacava a heran\u00e7a do escravismo colonial. Tradi\u00e7\u00f5es da Casa Grande &amp; Senzala.<\/p>\n<p><strong>Tortura e estupro<\/strong><\/p>\n<p>Gl\u00f3ria Drumond ingressou na universidade, acabou presa no extinto Dops. O Departamento de Ordem Pol\u00edtica e Social. Sob a ditadura civil e militar. Com o golpe de Estado que dep\u00f4s o presidente da Rep\u00fablica, \u00e0 \u00e9poca, Jo\u00e3o Belchior Marques Goulart. A <em>\u2018enrag\u00e9\u2019<\/em> acabou torturada, estuprada, por agentes do Estado. \u00a0\u00a0\u00a0\u00a0\u00a0\u00a0\u00a0\u00a0 Pagos com dinheiro do contribuinte para garantir seguran\u00e7a aos cidad\u00e3os. Depois, fez jornalismo, brilhou na TV, no suporte impresso e em assessorias.\t\t<\/p>\n","protected":false},"excerpt":{"rendered":"<p>Adeus \u00e0 Gl\u00f3ria Drumond Corpo de feminista \u00e9 enterrado sob forte como\u00e7\u00e3o Jornalista e historiadora\u00a0 foi uma das v\u00edtimas da ditadura civil e militar do ano de 1964 Renato Dias Sob forte como\u00e7\u00e3o, com choro, solu\u00e7os e l\u00e1grimas, a celebra\u00e7\u00e3o religiosa de crema\u00e7\u00e3o do corpo da jornalista, historiadora e feminista Gl\u00f3ria Drumond ocorreu, ontem, \u00e0s<\/p>\n","protected":false},"author":2,"featured_media":1537,"comment_status":"open","ping_status":"open","sticky":false,"template":"","format":"standard","meta":{"_acf_changed":false,"_monsterinsights_skip_tracking":false,"_monsterinsights_sitenote_active":false,"_monsterinsights_sitenote_note":"","_monsterinsights_sitenote_category":0,"footnotes":""},"categories":[15,4],"tags":[],"class_list":["post-1536","post","type-post","status-publish","format-standard","has-post-thumbnail","hentry","category-estilo-de-vida","category-politica"],"acf":[],"yoast_head":"<!-- This site is optimized with the Yoast SEO plugin v27.4 - https:\/\/yoast.com\/product\/yoast-seo-wordpress\/ -->\n<title>Adeus \u00e0 Gl\u00f3ria Drumond Corpo de feminista \u00e9 enterrado sob forte como\u00e7\u00e3o -<\/title>\n<meta name=\"robots\" content=\"index, follow, max-snippet:-1, max-image-preview:large, max-video-preview:-1\" \/>\n<link rel=\"canonical\" href=\"https:\/\/renatodias.online\/movimento\/2019\/07\/31\/adeus-a-gloria-drumond-corpo-de-feminista-e-enterrado-sob-forte-comocao\/\" \/>\n<meta property=\"og:locale\" content=\"pt_BR\" \/>\n<meta property=\"og:type\" content=\"article\" \/>\n<meta property=\"og:title\" content=\"Adeus \u00e0 Gl\u00f3ria Drumond Corpo de feminista \u00e9 enterrado sob forte como\u00e7\u00e3o -\" \/>\n<meta property=\"og:description\" content=\"Adeus \u00e0 Gl\u00f3ria Drumond Corpo de feminista \u00e9 enterrado sob forte como\u00e7\u00e3o Jornalista e historiadora\u00a0 foi uma das v\u00edtimas da ditadura civil e militar do ano de 1964 Renato Dias Sob forte como\u00e7\u00e3o, com choro, solu\u00e7os e l\u00e1grimas, a celebra\u00e7\u00e3o religiosa de crema\u00e7\u00e3o do corpo da jornalista, historiadora e feminista Gl\u00f3ria Drumond ocorreu, ontem, \u00e0s\" \/>\n<meta property=\"og:url\" content=\"https:\/\/renatodias.online\/movimento\/2019\/07\/31\/adeus-a-gloria-drumond-corpo-de-feminista-e-enterrado-sob-forte-comocao\/\" \/>\n<meta property=\"article:publisher\" content=\"https:\/\/www.facebook.com\/renato.dias.37\" \/>\n<meta property=\"article:author\" content=\"https:\/\/www.facebook.com\/renato.dias.37\" \/>\n<meta property=\"article:published_time\" content=\"2019-08-01T00:24:14+00:00\" \/>\n<meta name=\"author\" content=\"Renato Dias\" \/>\n<meta name=\"twitter:card\" content=\"summary_large_image\" \/>\n<meta name=\"twitter:creator\" content=\"@RenatoDiasBat\" \/>\n<meta name=\"twitter:site\" content=\"@RenatoDiasBat\" \/>\n<meta name=\"twitter:label1\" content=\"Escrito por\" \/>\n\t<meta name=\"twitter:data1\" content=\"Renato Dias\" \/>\n\t<meta name=\"twitter:label2\" content=\"Est. tempo de leitura\" \/>\n\t<meta name=\"twitter:data2\" content=\"1 minuto\" \/>\n<script type=\"application\/ld+json\" class=\"yoast-schema-graph\">{\"@context\":\"https:\\\/\\\/schema.org\",\"@graph\":[{\"@type\":\"Article\",\"@id\":\"https:\\\/\\\/renatodias.online\\\/movimento\\\/2019\\\/07\\\/31\\\/adeus-a-gloria-drumond-corpo-de-feminista-e-enterrado-sob-forte-comocao\\\/#article\",\"isPartOf\":{\"@id\":\"https:\\\/\\\/renatodias.online\\\/movimento\\\/2019\\\/07\\\/31\\\/adeus-a-gloria-drumond-corpo-de-feminista-e-enterrado-sob-forte-comocao\\\/\"},\"author\":{\"name\":\"Renato Dias\",\"@id\":\"https:\\\/\\\/renatodias.online\\\/movimento\\\/#\\\/schema\\\/person\\\/bbab28833b1725a20f4083f49f1fb2a9\"},\"headline\":\"Adeus \u00e0 Gl\u00f3ria Drumond Corpo de feminista \u00e9 enterrado sob forte como\u00e7\u00e3o\",\"datePublished\":\"2019-08-01T00:24:14+00:00\",\"mainEntityOfPage\":{\"@id\":\"https:\\\/\\\/renatodias.online\\\/movimento\\\/2019\\\/07\\\/31\\\/adeus-a-gloria-drumond-corpo-de-feminista-e-enterrado-sob-forte-comocao\\\/\"},\"wordCount\":290,\"commentCount\":0,\"publisher\":{\"@id\":\"https:\\\/\\\/renatodias.online\\\/movimento\\\/#\\\/schema\\\/person\\\/bbab28833b1725a20f4083f49f1fb2a9\"},\"image\":{\"@id\":\"https:\\\/\\\/renatodias.online\\\/movimento\\\/2019\\\/07\\\/31\\\/adeus-a-gloria-drumond-corpo-de-feminista-e-enterrado-sob-forte-comocao\\\/#primaryimage\"},\"thumbnailUrl\":\"\",\"articleSection\":[\"Estilo de Vida\",\"Pol\u00edtica\"],\"inLanguage\":\"pt-BR\",\"potentialAction\":[{\"@type\":\"CommentAction\",\"name\":\"Comment\",\"target\":[\"https:\\\/\\\/renatodias.online\\\/movimento\\\/2019\\\/07\\\/31\\\/adeus-a-gloria-drumond-corpo-de-feminista-e-enterrado-sob-forte-comocao\\\/#respond\"]}]},{\"@type\":\"WebPage\",\"@id\":\"https:\\\/\\\/renatodias.online\\\/movimento\\\/2019\\\/07\\\/31\\\/adeus-a-gloria-drumond-corpo-de-feminista-e-enterrado-sob-forte-comocao\\\/\",\"url\":\"https:\\\/\\\/renatodias.online\\\/movimento\\\/2019\\\/07\\\/31\\\/adeus-a-gloria-drumond-corpo-de-feminista-e-enterrado-sob-forte-comocao\\\/\",\"name\":\"Adeus \u00e0 Gl\u00f3ria Drumond Corpo de feminista \u00e9 enterrado sob forte como\u00e7\u00e3o -\",\"isPartOf\":{\"@id\":\"https:\\\/\\\/renatodias.online\\\/movimento\\\/#website\"},\"primaryImageOfPage\":{\"@id\":\"https:\\\/\\\/renatodias.online\\\/movimento\\\/2019\\\/07\\\/31\\\/adeus-a-gloria-drumond-corpo-de-feminista-e-enterrado-sob-forte-comocao\\\/#primaryimage\"},\"image\":{\"@id\":\"https:\\\/\\\/renatodias.online\\\/movimento\\\/2019\\\/07\\\/31\\\/adeus-a-gloria-drumond-corpo-de-feminista-e-enterrado-sob-forte-comocao\\\/#primaryimage\"},\"thumbnailUrl\":\"\",\"datePublished\":\"2019-08-01T00:24:14+00:00\",\"breadcrumb\":{\"@id\":\"https:\\\/\\\/renatodias.online\\\/movimento\\\/2019\\\/07\\\/31\\\/adeus-a-gloria-drumond-corpo-de-feminista-e-enterrado-sob-forte-comocao\\\/#breadcrumb\"},\"inLanguage\":\"pt-BR\",\"potentialAction\":[{\"@type\":\"ReadAction\",\"target\":[\"https:\\\/\\\/renatodias.online\\\/movimento\\\/2019\\\/07\\\/31\\\/adeus-a-gloria-drumond-corpo-de-feminista-e-enterrado-sob-forte-comocao\\\/\"]}]},{\"@type\":\"ImageObject\",\"inLanguage\":\"pt-BR\",\"@id\":\"https:\\\/\\\/renatodias.online\\\/movimento\\\/2019\\\/07\\\/31\\\/adeus-a-gloria-drumond-corpo-de-feminista-e-enterrado-sob-forte-comocao\\\/#primaryimage\",\"url\":\"\",\"contentUrl\":\"\"},{\"@type\":\"BreadcrumbList\",\"@id\":\"https:\\\/\\\/renatodias.online\\\/movimento\\\/2019\\\/07\\\/31\\\/adeus-a-gloria-drumond-corpo-de-feminista-e-enterrado-sob-forte-comocao\\\/#breadcrumb\",\"itemListElement\":[{\"@type\":\"ListItem\",\"position\":1,\"name\":\"In\u00edcio\",\"item\":\"https:\\\/\\\/renatodias.online\\\/movimento\\\/\"},{\"@type\":\"ListItem\",\"position\":2,\"name\":\"Adeus \u00e0 Gl\u00f3ria Drumond Corpo de feminista \u00e9 enterrado sob forte como\u00e7\u00e3o\"}]},{\"@type\":\"WebSite\",\"@id\":\"https:\\\/\\\/renatodias.online\\\/movimento\\\/#website\",\"url\":\"https:\\\/\\\/renatodias.online\\\/movimento\\\/\",\"name\":\"\",\"description\":\"\",\"publisher\":{\"@id\":\"https:\\\/\\\/renatodias.online\\\/movimento\\\/#\\\/schema\\\/person\\\/bbab28833b1725a20f4083f49f1fb2a9\"},\"potentialAction\":[{\"@type\":\"SearchAction\",\"target\":{\"@type\":\"EntryPoint\",\"urlTemplate\":\"https:\\\/\\\/renatodias.online\\\/movimento\\\/?s={search_term_string}\"},\"query-input\":{\"@type\":\"PropertyValueSpecification\",\"valueRequired\":true,\"valueName\":\"search_term_string\"}}],\"inLanguage\":\"pt-BR\"},{\"@type\":[\"Person\",\"Organization\"],\"@id\":\"https:\\\/\\\/renatodias.online\\\/movimento\\\/#\\\/schema\\\/person\\\/bbab28833b1725a20f4083f49f1fb2a9\",\"name\":\"Renato Dias\",\"image\":{\"@type\":\"ImageObject\",\"inLanguage\":\"pt-BR\",\"@id\":\"https:\\\/\\\/renatodias.online\\\/movimento\\\/wp-content\\\/uploads\\\/2023\\\/03\\\/cropped-cropped-cropped-logofinal.jpeg\",\"url\":\"https:\\\/\\\/renatodias.online\\\/movimento\\\/wp-content\\\/uploads\\\/2023\\\/03\\\/cropped-cropped-cropped-logofinal.jpeg\",\"contentUrl\":\"https:\\\/\\\/renatodias.online\\\/movimento\\\/wp-content\\\/uploads\\\/2023\\\/03\\\/cropped-cropped-cropped-logofinal.jpeg\",\"width\":1280,\"height\":219,\"caption\":\"Renato Dias\"},\"logo\":{\"@id\":\"https:\\\/\\\/renatodias.online\\\/movimento\\\/wp-content\\\/uploads\\\/2023\\\/03\\\/cropped-cropped-cropped-logofinal.jpeg\"},\"description\":\"Renato Dias, 58 anos, \u00e9 graduado em Jornalismo, formado em Ci\u00eancias Sociais, com p\u00f3s-gradua\u00e7\u00e3o em Pol\u00edticas P\u00fablicas, mestre em Direito e Rela\u00e7\u00f5es Internacionais, ex-aluno extraordin\u00e1rio do Doutorado em Psicologia Social, ex-estudante do Curso de Psican\u00e1lise do Centro de Estudos Psicanal\u00edticos do Estado de Goi\u00e1s, ministrado pelo m\u00e9dico psiquiatra e psicanalista Daniel Em\u00eddio de Souza. \u00c9 autor de 30 livros-reportagem, oito document\u00e1rios, ganhou 30 pr\u00eamios e \u00e9 torcedor apaixonado do maior do Centro-Oeste, o Vila Nova Futebol Clube. Casado com Meirilane Dias, \u00e9 pai de Juliana Dias, jornalista; Daniel Dias, economista; e Maria Rosa Dias, estudante antifascista, socialista e trotskista.\u00a0Com tr\u00eas pets: Porquinho [Bull Dog Franc\u00eas], Dalila [Basset Hound] e Geleia [Basset Hound]. Al\u00e9m do eterno gato Tutuquinho, que virou estrela.\",\"sameAs\":[\"https:\\\/\\\/www.facebook.com\\\/renato.dias.37\",\"#breve\",\"https:\\\/\\\/renatodias.tumblr.com\\\/\"],\"url\":\"https:\\\/\\\/renatodias.online\\\/movimento\\\/author\\\/renatodias\\\/\"}]}<\/script>\n<!-- \/ Yoast SEO plugin. -->","yoast_head_json":{"title":"Adeus \u00e0 Gl\u00f3ria Drumond Corpo de feminista \u00e9 enterrado sob forte como\u00e7\u00e3o -","robots":{"index":"index","follow":"follow","max-snippet":"max-snippet:-1","max-image-preview":"max-image-preview:large","max-video-preview":"max-video-preview:-1"},"canonical":"https:\/\/renatodias.online\/movimento\/2019\/07\/31\/adeus-a-gloria-drumond-corpo-de-feminista-e-enterrado-sob-forte-comocao\/","og_locale":"pt_BR","og_type":"article","og_title":"Adeus \u00e0 Gl\u00f3ria Drumond Corpo de feminista \u00e9 enterrado sob forte como\u00e7\u00e3o -","og_description":"Adeus \u00e0 Gl\u00f3ria Drumond Corpo de feminista \u00e9 enterrado sob forte como\u00e7\u00e3o Jornalista e historiadora\u00a0 foi uma das v\u00edtimas da ditadura civil e militar do ano de 1964 Renato Dias Sob forte como\u00e7\u00e3o, com choro, solu\u00e7os e l\u00e1grimas, a celebra\u00e7\u00e3o religiosa de crema\u00e7\u00e3o do corpo da jornalista, historiadora e feminista Gl\u00f3ria Drumond ocorreu, ontem, \u00e0s","og_url":"https:\/\/renatodias.online\/movimento\/2019\/07\/31\/adeus-a-gloria-drumond-corpo-de-feminista-e-enterrado-sob-forte-comocao\/","article_publisher":"https:\/\/www.facebook.com\/renato.dias.37","article_author":"https:\/\/www.facebook.com\/renato.dias.37","article_published_time":"2019-08-01T00:24:14+00:00","author":"Renato Dias","twitter_card":"summary_large_image","twitter_creator":"@RenatoDiasBat","twitter_site":"@RenatoDiasBat","twitter_misc":{"Escrito por":"Renato Dias","Est. tempo de leitura":"1 minuto"},"schema":{"@context":"https:\/\/schema.org","@graph":[{"@type":"Article","@id":"https:\/\/renatodias.online\/movimento\/2019\/07\/31\/adeus-a-gloria-drumond-corpo-de-feminista-e-enterrado-sob-forte-comocao\/#article","isPartOf":{"@id":"https:\/\/renatodias.online\/movimento\/2019\/07\/31\/adeus-a-gloria-drumond-corpo-de-feminista-e-enterrado-sob-forte-comocao\/"},"author":{"name":"Renato Dias","@id":"https:\/\/renatodias.online\/movimento\/#\/schema\/person\/bbab28833b1725a20f4083f49f1fb2a9"},"headline":"Adeus \u00e0 Gl\u00f3ria Drumond Corpo de feminista \u00e9 enterrado sob forte como\u00e7\u00e3o","datePublished":"2019-08-01T00:24:14+00:00","mainEntityOfPage":{"@id":"https:\/\/renatodias.online\/movimento\/2019\/07\/31\/adeus-a-gloria-drumond-corpo-de-feminista-e-enterrado-sob-forte-comocao\/"},"wordCount":290,"commentCount":0,"publisher":{"@id":"https:\/\/renatodias.online\/movimento\/#\/schema\/person\/bbab28833b1725a20f4083f49f1fb2a9"},"image":{"@id":"https:\/\/renatodias.online\/movimento\/2019\/07\/31\/adeus-a-gloria-drumond-corpo-de-feminista-e-enterrado-sob-forte-comocao\/#primaryimage"},"thumbnailUrl":"","articleSection":["Estilo de Vida","Pol\u00edtica"],"inLanguage":"pt-BR","potentialAction":[{"@type":"CommentAction","name":"Comment","target":["https:\/\/renatodias.online\/movimento\/2019\/07\/31\/adeus-a-gloria-drumond-corpo-de-feminista-e-enterrado-sob-forte-comocao\/#respond"]}]},{"@type":"WebPage","@id":"https:\/\/renatodias.online\/movimento\/2019\/07\/31\/adeus-a-gloria-drumond-corpo-de-feminista-e-enterrado-sob-forte-comocao\/","url":"https:\/\/renatodias.online\/movimento\/2019\/07\/31\/adeus-a-gloria-drumond-corpo-de-feminista-e-enterrado-sob-forte-comocao\/","name":"Adeus \u00e0 Gl\u00f3ria Drumond Corpo de feminista \u00e9 enterrado sob forte como\u00e7\u00e3o -","isPartOf":{"@id":"https:\/\/renatodias.online\/movimento\/#website"},"primaryImageOfPage":{"@id":"https:\/\/renatodias.online\/movimento\/2019\/07\/31\/adeus-a-gloria-drumond-corpo-de-feminista-e-enterrado-sob-forte-comocao\/#primaryimage"},"image":{"@id":"https:\/\/renatodias.online\/movimento\/2019\/07\/31\/adeus-a-gloria-drumond-corpo-de-feminista-e-enterrado-sob-forte-comocao\/#primaryimage"},"thumbnailUrl":"","datePublished":"2019-08-01T00:24:14+00:00","breadcrumb":{"@id":"https:\/\/renatodias.online\/movimento\/2019\/07\/31\/adeus-a-gloria-drumond-corpo-de-feminista-e-enterrado-sob-forte-comocao\/#breadcrumb"},"inLanguage":"pt-BR","potentialAction":[{"@type":"ReadAction","target":["https:\/\/renatodias.online\/movimento\/2019\/07\/31\/adeus-a-gloria-drumond-corpo-de-feminista-e-enterrado-sob-forte-comocao\/"]}]},{"@type":"ImageObject","inLanguage":"pt-BR","@id":"https:\/\/renatodias.online\/movimento\/2019\/07\/31\/adeus-a-gloria-drumond-corpo-de-feminista-e-enterrado-sob-forte-comocao\/#primaryimage","url":"","contentUrl":""},{"@type":"BreadcrumbList","@id":"https:\/\/renatodias.online\/movimento\/2019\/07\/31\/adeus-a-gloria-drumond-corpo-de-feminista-e-enterrado-sob-forte-comocao\/#breadcrumb","itemListElement":[{"@type":"ListItem","position":1,"name":"In\u00edcio","item":"https:\/\/renatodias.online\/movimento\/"},{"@type":"ListItem","position":2,"name":"Adeus \u00e0 Gl\u00f3ria Drumond Corpo de feminista \u00e9 enterrado sob forte como\u00e7\u00e3o"}]},{"@type":"WebSite","@id":"https:\/\/renatodias.online\/movimento\/#website","url":"https:\/\/renatodias.online\/movimento\/","name":"","description":"","publisher":{"@id":"https:\/\/renatodias.online\/movimento\/#\/schema\/person\/bbab28833b1725a20f4083f49f1fb2a9"},"potentialAction":[{"@type":"SearchAction","target":{"@type":"EntryPoint","urlTemplate":"https:\/\/renatodias.online\/movimento\/?s={search_term_string}"},"query-input":{"@type":"PropertyValueSpecification","valueRequired":true,"valueName":"search_term_string"}}],"inLanguage":"pt-BR"},{"@type":["Person","Organization"],"@id":"https:\/\/renatodias.online\/movimento\/#\/schema\/person\/bbab28833b1725a20f4083f49f1fb2a9","name":"Renato Dias","image":{"@type":"ImageObject","inLanguage":"pt-BR","@id":"https:\/\/renatodias.online\/movimento\/wp-content\/uploads\/2023\/03\/cropped-cropped-cropped-logofinal.jpeg","url":"https:\/\/renatodias.online\/movimento\/wp-content\/uploads\/2023\/03\/cropped-cropped-cropped-logofinal.jpeg","contentUrl":"https:\/\/renatodias.online\/movimento\/wp-content\/uploads\/2023\/03\/cropped-cropped-cropped-logofinal.jpeg","width":1280,"height":219,"caption":"Renato Dias"},"logo":{"@id":"https:\/\/renatodias.online\/movimento\/wp-content\/uploads\/2023\/03\/cropped-cropped-cropped-logofinal.jpeg"},"description":"Renato Dias, 58 anos, \u00e9 graduado em Jornalismo, formado em Ci\u00eancias Sociais, com p\u00f3s-gradua\u00e7\u00e3o em Pol\u00edticas P\u00fablicas, mestre em Direito e Rela\u00e7\u00f5es Internacionais, ex-aluno extraordin\u00e1rio do Doutorado em Psicologia Social, ex-estudante do Curso de Psican\u00e1lise do Centro de Estudos Psicanal\u00edticos do Estado de Goi\u00e1s, ministrado pelo m\u00e9dico psiquiatra e psicanalista Daniel Em\u00eddio de Souza. \u00c9 autor de 30 livros-reportagem, oito document\u00e1rios, ganhou 30 pr\u00eamios e \u00e9 torcedor apaixonado do maior do Centro-Oeste, o Vila Nova Futebol Clube. Casado com Meirilane Dias, \u00e9 pai de Juliana Dias, jornalista; Daniel Dias, economista; e Maria Rosa Dias, estudante antifascista, socialista e trotskista.\u00a0Com tr\u00eas pets: Porquinho [Bull Dog Franc\u00eas], Dalila [Basset Hound] e Geleia [Basset Hound]. Al\u00e9m do eterno gato Tutuquinho, que virou estrela.","sameAs":["https:\/\/www.facebook.com\/renato.dias.37","#breve","https:\/\/renatodias.tumblr.com\/"],"url":"https:\/\/renatodias.online\/movimento\/author\/renatodias\/"}]}},"_links":{"self":[{"href":"https:\/\/renatodias.online\/movimento\/wp-json\/wp\/v2\/posts\/1536","targetHints":{"allow":["GET"]}}],"collection":[{"href":"https:\/\/renatodias.online\/movimento\/wp-json\/wp\/v2\/posts"}],"about":[{"href":"https:\/\/renatodias.online\/movimento\/wp-json\/wp\/v2\/types\/post"}],"author":[{"embeddable":true,"href":"https:\/\/renatodias.online\/movimento\/wp-json\/wp\/v2\/users\/2"}],"replies":[{"embeddable":true,"href":"https:\/\/renatodias.online\/movimento\/wp-json\/wp\/v2\/comments?post=1536"}],"version-history":[{"count":0,"href":"https:\/\/renatodias.online\/movimento\/wp-json\/wp\/v2\/posts\/1536\/revisions"}],"wp:featuredmedia":[{"embeddable":true,"href":"https:\/\/renatodias.online\/movimento\/wp-json\/"}],"wp:attachment":[{"href":"https:\/\/renatodias.online\/movimento\/wp-json\/wp\/v2\/media?parent=1536"}],"wp:term":[{"taxonomy":"category","embeddable":true,"href":"https:\/\/renatodias.online\/movimento\/wp-json\/wp\/v2\/categories?post=1536"},{"taxonomy":"post_tag","embeddable":true,"href":"https:\/\/renatodias.online\/movimento\/wp-json\/wp\/v2\/tags?post=1536"}],"curies":[{"name":"wp","href":"https:\/\/api.w.org\/{rel}","templated":true}]}}