{"id":15321,"date":"2023-01-18T22:57:16","date_gmt":"2023-01-19T01:57:16","guid":{"rendered":"https:\/\/renatodias.online\/movimento\/?p=15321"},"modified":"2023-01-18T23:12:56","modified_gmt":"2023-01-19T02:12:56","slug":"minucias-do-terror-anistia-nao","status":"publish","type":"post","link":"https:\/\/renatodias.online\/movimento\/2023\/01\/18\/minucias-do-terror-anistia-nao\/","title":{"rendered":"Min\u00facias do Terror: anistia, n\u00e3o!"},"content":{"rendered":"<p><strong><img loading=\"lazy\" decoding=\"async\" class=\"size-medium wp-image-5007 aligncenter\" src=\"https:\/\/renatodias.online\/movimento\/wp-content\/uploads\/2021\/01\/Alto-da-p\u00e1gina-Banner-Exclusivo-300x91.png\" alt=\"\" width=\"300\" height=\"91\" \/><\/strong><\/p>\n<h1 style=\"text-align: center;\"><span style=\"color: #0000ff;\"><strong>Assim ensaiaram os atentados<br \/>\n<\/strong><\/span><\/h1>\n<p><img loading=\"lazy\" decoding=\"async\" class=\"wp-image-15314 size-full aligncenter\" src=\"https:\/\/renatodias.online\/movimento\/wp-content\/uploads\/2023\/01\/A-crise-politica-no-Brasil.jpg\" alt=\"\" width=\"560\" height=\"310\" srcset=\"https:\/\/renatodias.online\/movimento\/wp-content\/uploads\/2023\/01\/A-crise-politica-no-Brasil.jpg 560w, https:\/\/renatodias.online\/movimento\/wp-content\/uploads\/2023\/01\/A-crise-politica-no-Brasil-300x166.jpg 300w\" sizes=\"auto, (max-width: 560px) 100vw, 560px\" \/><\/p>\n<h1 style=\"text-align: center;\"><span style=\"color: #008000;\"><strong>Retrocesso civilizat\u00f3rio<\/strong><\/span><\/h1>\n<p><img loading=\"lazy\" decoding=\"async\" class=\"size-medium wp-image-15232 aligncenter\" src=\"https:\/\/renatodias.online\/movimento\/wp-content\/uploads\/2023\/01\/Terra-arrasada-300x194.jpg\" alt=\"\" width=\"300\" height=\"194\" \/><\/p>\n<h1 style=\"text-align: center;\"><strong><span style=\"color: #ff0000;\">Anos de ataques \u00e0 democracia<\/span>\u00a0<\/strong><\/h1>\n<p><img loading=\"lazy\" decoding=\"async\" class=\"size-medium wp-image-7457 aligncenter\" src=\"https:\/\/renatodias.online\/movimento\/wp-content\/uploads\/2021\/06\/Sangue-_-1-300x200.jpeg\" alt=\"\" width=\"300\" height=\"200\" \/><\/p>\n<p><img loading=\"lazy\" decoding=\"async\" class=\"aligncenter wp-image-15325 size-full\" src=\"https:\/\/renatodias.online\/movimento\/wp-content\/uploads\/2023\/01\/Terror-3.jpg\" alt=\"\" width=\"809\" height=\"874\" \/><\/p>\n<p><span style=\"color: #ff0000;\"><strong>Renato Dias\u00a0<\/strong><\/span><\/p>\n<p><strong>Ato planejado e financiado nas min\u00facias das sombras. Uma convoca\u00e7\u00e3o de massas. Nas m\u00faltiplas plataformas<\/strong> <strong>digitais.<\/strong> Mais: com a &#8220;suposta anu\u00eancia&#8221; do Alto Comando das For\u00e7as Armadas. Do Gabinete de Seguran\u00e7a Institucional, Guarda Presidencial. Assim como de uma franja das PMs e de reduzida fra\u00e7\u00e3o dos governos estaduais. Assim \u00e9 que explodiu o terror de 8 de janeiro de 2023.<\/p>\n<figure id=\"attachment_15288\" aria-describedby=\"caption-attachment-15288\" style=\"width: 1020px\" class=\"wp-caption alignnone\"><img loading=\"lazy\" decoding=\"async\" class=\"wp-image-15288 size-full\" src=\"https:\/\/renatodias.online\/movimento\/wp-content\/uploads\/2023\/01\/Terrorismo-1.png\" alt=\"\" width=\"1020\" height=\"688\" srcset=\"https:\/\/renatodias.online\/movimento\/wp-content\/uploads\/2023\/01\/Terrorismo-1.png 1020w, https:\/\/renatodias.online\/movimento\/wp-content\/uploads\/2023\/01\/Terrorismo-1-300x202.png 300w, https:\/\/renatodias.online\/movimento\/wp-content\/uploads\/2023\/01\/Terrorismo-1-768x518.png 768w, https:\/\/renatodias.online\/movimento\/wp-content\/uploads\/2023\/01\/Terrorismo-1-750x506.png 750w\" sizes=\"auto, (max-width: 1020px) 100vw, 1020px\" \/><figcaption id=\"caption-attachment-15288\" class=\"wp-caption-text\"><strong>Tentativa de golpe de Estado civil e militar<\/strong><\/figcaption><\/figure>\n<p>Nada teria sido executado tamb\u00e9m sem as colabora\u00e7\u00f5es de <strong>Ibaneis Rocha<\/strong>, governador do DF afastado, e de <strong>Anderson Torres<\/strong>, ent\u00e3o secret\u00e1rio de Seguran\u00e7a P\u00fablica do GDF. O ex-ministro da Justi\u00e7a e Seguran\u00e7a P\u00fablica. O Pal\u00e1cio do Planalto, STF, AGU, Pol\u00edcia Federal e Congresso Nacional rastreiam as digitais de <strong>Jair Messias Bolsonaro<\/strong> e ainda dos generais <strong>Augusto Heleno<\/strong> e <strong>Braga Neto<\/strong>.<\/p>\n<p><img loading=\"lazy\" decoding=\"async\" class=\"alignnone wp-image-15293 size-full\" src=\"https:\/\/renatodias.online\/movimento\/wp-content\/uploads\/2023\/01\/Humor-terror-1.jpg\" alt=\"\" width=\"1080\" height=\"521\" \/><\/p>\n<p>O mantra havia sido repetido desde 2018. Para fuzilar a petralhada, discursou o velho capit\u00e3o reformado do Ex\u00e9rcito Brasileiro [EB]. Antes, j\u00e1 enviara sinais de que poderia matar Fernando Henrique Cardoso [PSDB]. O homem de extrema-direita foi preso, em 1987, na caserna, sob acusa\u00e7\u00e3o de planejar atentados terroristas no Rio de Janeiro [RJ]. <strong>Os la\u00e7os s\u00e3o ostensivos com as mil\u00edcias.<\/strong><\/p>\n<figure id=\"attachment_14773\" aria-describedby=\"caption-attachment-14773\" style=\"width: 1280px\" class=\"wp-caption alignnone\"><img loading=\"lazy\" decoding=\"async\" class=\"wp-image-14773 size-full\" src=\"https:\/\/renatodias.online\/movimento\/wp-content\/uploads\/2022\/11\/Sigmund-Freud-especial.jpg\" alt=\"\" width=\"1280\" height=\"720\" srcset=\"https:\/\/renatodias.online\/movimento\/wp-content\/uploads\/2022\/11\/Sigmund-Freud-especial.jpg 1280w, https:\/\/renatodias.online\/movimento\/wp-content\/uploads\/2022\/11\/Sigmund-Freud-especial-300x169.jpg 300w, https:\/\/renatodias.online\/movimento\/wp-content\/uploads\/2022\/11\/Sigmund-Freud-especial-768x432.jpg 768w, https:\/\/renatodias.online\/movimento\/wp-content\/uploads\/2022\/11\/Sigmund-Freud-especial-750x422.jpg 750w\" sizes=\"auto, (max-width: 1280px) 100vw, 1280px\" \/><figcaption id=\"caption-attachment-14773\" class=\"wp-caption-text\"><strong>Sigmund Freud &#8211; especial<\/strong><\/figcaption><\/figure>\n<p>Com \u00f3dio \u00e0 democracia, hipertrofia de sua puls\u00e3o de morte na psiqu\u00ea, uma reduzida toler\u00e2ncia \u00e0 frustra\u00e7\u00e3o, Mito, Jair Bolsonaro estimula ataques \u00e0s institui\u00e7\u00f5es. L\u00edder, <strong>Sara Winter e os 300<\/strong> marcharam com tochas de fogo nas m\u00e3os e m\u00e1scaras dia 31 de maio de 2020. Comparados \u00e0 Ku Kux Klan em dire\u00e7\u00e3o \u00e0 sede do Poder Judici\u00e1rio, no pa\u00eds. O alvo: o ministro Alexandre de Moraes.<\/p>\n<figure id=\"attachment_15322\" aria-describedby=\"caption-attachment-15322\" style=\"width: 800px\" class=\"wp-caption alignnone\"><img loading=\"lazy\" decoding=\"async\" class=\"wp-image-15322 size-full\" src=\"https:\/\/renatodias.online\/movimento\/wp-content\/uploads\/2023\/01\/Sara-Winter.jpg\" alt=\"\" width=\"800\" height=\"450\" srcset=\"https:\/\/renatodias.online\/movimento\/wp-content\/uploads\/2023\/01\/Sara-Winter.jpg 800w, https:\/\/renatodias.online\/movimento\/wp-content\/uploads\/2023\/01\/Sara-Winter-300x169.jpg 300w, https:\/\/renatodias.online\/movimento\/wp-content\/uploads\/2023\/01\/Sara-Winter-768x432.jpg 768w, https:\/\/renatodias.online\/movimento\/wp-content\/uploads\/2023\/01\/Sara-Winter-750x422.jpg 750w\" sizes=\"auto, (max-width: 800px) 100vw, 800px\" \/><figcaption id=\"caption-attachment-15322\" class=\"wp-caption-text\"><strong>Sara Winter<\/strong><\/figcaption><\/figure>\n<p>Bastam um soldado e um cabo para fechar o STF, afirmou Eduardo Bolsonaro, em 9 de julho de 2018. Ele \u00e9 filho do ex-presidente da Rep\u00fablica Jair Bolsonaro. Em tom de ira, Jair Bolsonaro disparou, em 28 de maio de 2020, em frente ao Pal\u00e1cio do Alvorada, contra o Inqu\u00e9rito que investiga as <strong>Fake News e o Gabinete do \u00d3dio.<\/strong> A relatoria? De Alexandre de Moraes. &#8220;Acabou, porra. Acabou!&#8221;<\/p>\n<p><img loading=\"lazy\" decoding=\"async\" class=\"alignnone wp-image-10865 size-full\" src=\"https:\/\/renatodias.online\/movimento\/wp-content\/uploads\/2022\/02\/Gabinete-do-odio.jpg\" alt=\"\" width=\"1200\" height=\"800\" \/><\/p>\n<p>Ap\u00f3s determinar a pris\u00e3o do ent\u00e3o deputado federal Daniel Silveira, valent\u00e3o que quebrou uma placa com o nome de Marielle Franco, morta por milicianos, no dia 14 de mar\u00e7o, de 2018, o parlamentar foi condenado a oito anos de pris\u00e3o, com a perda dos direitos pol\u00edticos, o pagamento de multas, em abril do ano de 2022. O aliado extremista obteve um indulto especial do <strong>Pal\u00e1cio do Planalto<\/strong>.<\/p>\n<p><img loading=\"lazy\" decoding=\"async\" class=\"alignnone size-full wp-image-8720\" src=\"https:\/\/renatodias.online\/movimento\/wp-content\/uploads\/2021\/08\/Jair-Messias-Bolsonaro-Caricatura.jpg\" alt=\"\" width=\"1080\" height=\"764\" \/><\/p>\n<p>Tudo ou nada. \u00c9 a estrat\u00e9gia adotada pelo inquilino do Pal\u00e1cio da Alvorada. Para tentar instalar uma Autocracia no Brasil era preciso derrotar o Supremo Tribunal Federal, o TSE. O militar da reserva protocola, em agosto de 2022, um pedido de impeachment. Onde: no Senado da Rep\u00fablica. Contra o ministro do STF <strong>Alexandre de Moraes<\/strong>. O presidente do Congresso Nacional, Rodrigo Pacheco, n\u00e3o acelera a tramita\u00e7\u00e3o. \u00c9 arquivado. Derrota.<\/p>\n<figure id=\"attachment_8701\" aria-describedby=\"caption-attachment-8701\" style=\"width: 1500px\" class=\"wp-caption alignnone\"><img loading=\"lazy\" decoding=\"async\" class=\"wp-image-8701 size-full\" src=\"https:\/\/renatodias.online\/movimento\/wp-content\/uploads\/2021\/08\/Alexandre-de-Moraes-STF.jpg\" alt=\"\" width=\"1500\" height=\"1000\" \/><figcaption id=\"caption-attachment-8701\" class=\"wp-caption-text\"><strong>Ministro do STF, Alexandre de Moraes<\/strong><\/figcaption><\/figure>\n<p>Como a narrativa n\u00e3o deu certo, a ordem colocada em movimento, no quente dia <strong>7 de setembro de 2021<\/strong>, \u00e9 subir o tom. Eleva-lo. O advers\u00e1rio: mais uma vez Alexandre de Moraes. Multid\u00f5es de conservadores o aplaudem em S\u00e3o Paulo e Bras\u00edlia. Um mar de camisetas amarelas e verdes. A suplicar-lhe. Pela deflagra\u00e7\u00e3o de um golpe de Estado civil e militar. Sob o seu absoluto controle.<\/p>\n<figure id=\"attachment_8904\" aria-describedby=\"caption-attachment-8904\" style=\"width: 1280px\" class=\"wp-caption alignnone\"><img loading=\"lazy\" decoding=\"async\" class=\"wp-image-8904 size-full\" src=\"https:\/\/renatodias.online\/movimento\/wp-content\/uploads\/2021\/09\/Jair-Messias-7-de-setembro.jpg\" alt=\"\" width=\"1280\" height=\"680\" srcset=\"https:\/\/renatodias.online\/movimento\/wp-content\/uploads\/2021\/09\/Jair-Messias-7-de-setembro.jpg 1280w, https:\/\/renatodias.online\/movimento\/wp-content\/uploads\/2021\/09\/Jair-Messias-7-de-setembro-300x159.jpg 300w, https:\/\/renatodias.online\/movimento\/wp-content\/uploads\/2021\/09\/Jair-Messias-7-de-setembro-768x408.jpg 768w, https:\/\/renatodias.online\/movimento\/wp-content\/uploads\/2021\/09\/Jair-Messias-7-de-setembro-750x398.jpg 750w\" sizes=\"auto, (max-width: 1280px) 100vw, 1280px\" \/><figcaption id=\"caption-attachment-8904\" class=\"wp-caption-text\"><strong>Jair Messias Bolsonaro &#8211; 7 de setembro de 2021<br \/><\/strong><\/figcaption><\/figure>\n<p>Presidente do PTB, <strong>Roberto Jefferson<\/strong> [RJ], aliado pol\u00edtico, jogou uma bomba no colo do governo federal. Integrantes da Pol\u00edcia Federal foram recebidos a tiros de fuzil e at\u00e9 granadas ao cumprirem ordem de pris\u00e3o contra o ex-parlamentar.\u00a0 Em sua casa no munic\u00edpio de Comendador Levy Gasparian [RJ]: 23 de outubro. A agente Karina Oliveira e o delegado Marcelo Vilella ficaram feridos.<\/p>\n<figure id=\"attachment_14678\" aria-describedby=\"caption-attachment-14678\" style=\"width: 232px\" class=\"wp-caption aligncenter\"><img loading=\"lazy\" decoding=\"async\" class=\"size-medium wp-image-14678\" src=\"https:\/\/renatodias.online\/movimento\/wp-content\/uploads\/2022\/10\/Roberto-Jefferson-especial-232x300.jpg\" alt=\"\" width=\"232\" height=\"300\" srcset=\"https:\/\/renatodias.online\/movimento\/wp-content\/uploads\/2022\/10\/Roberto-Jefferson-especial-232x300.jpg 232w, https:\/\/renatodias.online\/movimento\/wp-content\/uploads\/2022\/10\/Roberto-Jefferson-especial-768x994.jpg 768w, https:\/\/renatodias.online\/movimento\/wp-content\/uploads\/2022\/10\/Roberto-Jefferson-especial-750x971.jpg 750w, https:\/\/renatodias.online\/movimento\/wp-content\/uploads\/2022\/10\/Roberto-Jefferson-especial.jpg 788w\" sizes=\"auto, (max-width: 232px) 100vw, 232px\" \/><figcaption id=\"caption-attachment-14678\" class=\"wp-caption-text\"><strong>Roberto Jefferson &#8211; O Estado de S. Paulo<\/strong><\/figcaption><\/figure>\n<p>Um dia antes do segundo turno das elei\u00e7\u00f5es presidenciais, 29, a deputada federal <strong>Carla Zambelli<\/strong> [PL] sacou uma arma, caiu no ch\u00e3o, apontou-a \u00e0 cabe\u00e7a de um homem negro. Ela invadiu um restaurante nos Jardins. Trata -se de uma regi\u00e3o nobre da capital de S\u00e3o Paulo. Depois, a PF apreendeu tr\u00eas armas em sua resid\u00eancia. O epis\u00f3dio mostra a tens\u00e3o e o clima pol\u00edtico e eleitoral.<\/p>\n<figure id=\"attachment_14677\" aria-describedby=\"caption-attachment-14677\" style=\"width: 1080px\" class=\"wp-caption alignnone\"><img loading=\"lazy\" decoding=\"async\" class=\"wp-image-14677 size-full\" src=\"https:\/\/renatodias.online\/movimento\/wp-content\/uploads\/2022\/10\/Carla-Zambelli.png\" alt=\"\" width=\"1080\" height=\"667\" srcset=\"https:\/\/renatodias.online\/movimento\/wp-content\/uploads\/2022\/10\/Carla-Zambelli.png 1080w, https:\/\/renatodias.online\/movimento\/wp-content\/uploads\/2022\/10\/Carla-Zambelli-300x185.png 300w, https:\/\/renatodias.online\/movimento\/wp-content\/uploads\/2022\/10\/Carla-Zambelli-768x474.png 768w, https:\/\/renatodias.online\/movimento\/wp-content\/uploads\/2022\/10\/Carla-Zambelli-750x463.png 750w\" sizes=\"auto, (max-width: 1080px) 100vw, 1080px\" \/><figcaption id=\"caption-attachment-14677\" class=\"wp-caption-text\"><strong>Carla Zambelli<\/strong><\/figcaption><\/figure>\n<p>O \u00faltimo ensaio para o atentado terrorista em Bras\u00edlia [DF], a capital da Rep\u00fablica, ocorreu em 12 de dezembro de 2022. Com os inc\u00eandios de carros, \u00f4nibus, a posto de gasolina, ataques a cidad\u00e3os e depreda\u00e7\u00e3o. Com amea\u00e7a de explos\u00e3o de bombas. Em dois locais. Um era pr\u00f3ximo do Aeroporto Internacional. Explosivos descobertos e desmontados. Nitroglicerina pura.<\/p>\n<figure id=\"attachment_7679\" aria-describedby=\"caption-attachment-7679\" style=\"width: 1600px\" class=\"wp-caption alignnone\"><img loading=\"lazy\" decoding=\"async\" class=\"wp-image-7679 size-full\" src=\"https:\/\/renatodias.online\/movimento\/wp-content\/uploads\/2021\/07\/Steve-Bannon.jpg\" alt=\"\" width=\"1600\" height=\"900\" \/><figcaption id=\"caption-attachment-7679\" class=\"wp-caption-text\"><strong>Steve Bannon<\/strong><\/figcaption><\/figure>\n<p><strong>Steve Bannon<\/strong> orientou tanto Donald Trump quanto Jair Bolsonaro a colocar sob suspei\u00e7\u00e3o o sistema eleitoral e o resultado final. Os dois perderam nas urnas. A insurrei\u00e7\u00e3o, a segunda parte do plano. Capit\u00f3lio, Estados Unidos das Am\u00e9ricas, em 6 de janeiro de 2021. Pra\u00e7a dos Tr\u00eas Poderes, STF, Congresso Nacional e Pal\u00e1cio do Planalto, Brasil, 8 de janeiro de 2023.<\/p>\n<p><img loading=\"lazy\" decoding=\"async\" class=\"aligncenter wp-image-15132 size-full\" src=\"https:\/\/renatodias.online\/movimento\/wp-content\/uploads\/2022\/12\/Charge-Vandalismo-3.jpg\" alt=\"\" width=\"1024\" height=\"699\" srcset=\"https:\/\/renatodias.online\/movimento\/wp-content\/uploads\/2022\/12\/Charge-Vandalismo-3.jpg 1024w, https:\/\/renatodias.online\/movimento\/wp-content\/uploads\/2022\/12\/Charge-Vandalismo-3-300x205.jpg 300w, https:\/\/renatodias.online\/movimento\/wp-content\/uploads\/2022\/12\/Charge-Vandalismo-3-768x524.jpg 768w, https:\/\/renatodias.online\/movimento\/wp-content\/uploads\/2022\/12\/Charge-Vandalismo-3-750x512.jpg 750w\" sizes=\"auto, (max-width: 1024px) 100vw, 1024px\" \/><\/p>\n<h1 style=\"text-align: center;\"><strong><img loading=\"lazy\" decoding=\"async\" class=\"size-medium wp-image-14125 aligncenter\" src=\"https:\/\/renatodias.online\/movimento\/wp-content\/uploads\/2022\/09\/Saiba-mais-300x103.png\" alt=\"\" width=\"300\" height=\"103\" srcset=\"https:\/\/renatodias.online\/movimento\/wp-content\/uploads\/2022\/09\/Saiba-mais-300x103.png 300w, https:\/\/renatodias.online\/movimento\/wp-content\/uploads\/2022\/09\/Saiba-mais.png 572w\" sizes=\"auto, (max-width: 300px) 100vw, 300px\" \/><\/strong><\/h1>\n<h1 style=\"text-align: center;\"><span style=\"color: #ff00ff;\"><strong>Terror, processos, rigor da lei<\/strong><\/span><\/h1>\n<p><img loading=\"lazy\" decoding=\"async\" class=\"size-medium wp-image-9167 aligncenter\" src=\"https:\/\/renatodias.online\/movimento\/wp-content\/uploads\/2021\/09\/Logo-da-interrogacao-268x300.jpg\" alt=\"\" width=\"268\" height=\"300\" \/><\/p>\n<h1 style=\"text-align: center;\"><span style=\"color: #666699;\"><strong>O que pensa a academia<\/strong><\/span><\/h1>\n<p><span style=\"color: #ff0000;\"><strong>Renato Dias\u00a0<\/strong><\/span><\/p>\n<p>A aplica\u00e7\u00e3o do rigor da lei, al\u00e9m de impedir a cultura da impunidade. \u00c9 o que prop\u00f5e, hoje, <strong>Carlos Ugo Santander<\/strong>. Professor doutor da Faculdade de Ci\u00eancias Sociais, a FCS, da Universidade Federal de Goi\u00e1s [UFG]. Aos respons\u00e1veis por atos do dia 8 de janeiro de 2023, em Bras\u00edlia, de terrorismo, vandalismo e de destrui\u00e7\u00e3o do patrim\u00f4nio p\u00fablico, ele recomenda. Os acusados n\u00e3o podem ficar impunes, alerta. A li\u00e7\u00e3o \u00e9 indispens\u00e1vel para quem aventura-se em deslegitimar a fr\u00e1gil democracia, insiste o analista da Am\u00e9rica Latina. O governo federal foi eleito pela maioria da popula\u00e7\u00e3o e n\u00e3o deve ser derrubado por um golpe de Estado, fuzila.<\/p>\n<p><figure id=\"attachment_5890\" aria-describedby=\"caption-attachment-5890\" style=\"width: 1024px\" class=\"wp-caption alignnone\"><img loading=\"lazy\" decoding=\"async\" class=\"wp-image-5890 size-large\" src=\"https:\/\/renatodias.online\/movimento\/wp-content\/uploads\/2021\/04\/Carlos-Ugo-Santander-A-morte-da-Politica-1024x576.jpg\" alt=\"Carlos Ugo Satander [UFG]\" width=\"1024\" height=\"576\" srcset=\"https:\/\/renatodias.online\/movimento\/wp-content\/uploads\/2021\/04\/Carlos-Ugo-Santander-A-morte-da-Politica-1024x576.jpg 1024w, https:\/\/renatodias.online\/movimento\/wp-content\/uploads\/2021\/04\/Carlos-Ugo-Santander-A-morte-da-Politica-300x169.jpg 300w, https:\/\/renatodias.online\/movimento\/wp-content\/uploads\/2021\/04\/Carlos-Ugo-Santander-A-morte-da-Politica-768x432.jpg 768w, https:\/\/renatodias.online\/movimento\/wp-content\/uploads\/2021\/04\/Carlos-Ugo-Santander-A-morte-da-Politica-750x422.jpg 750w, https:\/\/renatodias.online\/movimento\/wp-content\/uploads\/2021\/04\/Carlos-Ugo-Santander-A-morte-da-Politica.jpg 1280w\" sizes=\"auto, (max-width: 1024px) 100vw, 1024px\" \/><figcaption id=\"caption-attachment-5890\" class=\"wp-caption-text\"><strong>Carlos Ugo Satander [UFG]<\/strong><\/figcaption><\/figure>Os suspeitos pelas consecutivas amea\u00e7as e a tentativa de golpe de Estado civil e militar no Brasil devem ser processados, julgados e condenados, afirma ao Portal de Not\u00edcias <strong>www.renatodias.online<\/strong> o professor doutor de Sociologia, da Pontif\u00edcia Universidade Cat\u00f3lica de Goi\u00e1s [PUC-GO], <strong>Silvio Costa<\/strong>. Sem anistia, nem esquecimento, muito menos amn\u00e9sia social, pontua. O intelectual marxista aponta quatro processos contra Jair Bolsonaro, como o das Fake News, dos Atos Antidemocr\u00e1ticos, das 700 mil mortes sob a Pandemia. Assim como o do v\u00eddeo rec\u00e9m divulgado em suas redes sociais que mentem em rela\u00e7\u00e3o \u00e0s urnas, metralha.<\/p>\n<figure id=\"attachment_5659\" aria-describedby=\"caption-attachment-5659\" style=\"width: 225px\" class=\"wp-caption aligncenter\"><img loading=\"lazy\" decoding=\"async\" class=\"size-medium wp-image-5659\" src=\"https:\/\/renatodias.online\/movimento\/wp-content\/uploads\/2021\/03\/Silvio-Costa-1-225x300.jpg\" alt=\"\" width=\"225\" height=\"300\" srcset=\"https:\/\/renatodias.online\/movimento\/wp-content\/uploads\/2021\/03\/Silvio-Costa-1-225x300.jpg 225w, https:\/\/renatodias.online\/movimento\/wp-content\/uploads\/2021\/03\/Silvio-Costa-1-768x1024.jpg 768w, https:\/\/renatodias.online\/movimento\/wp-content\/uploads\/2021\/03\/Silvio-Costa-1-750x1000.jpg 750w, https:\/\/renatodias.online\/movimento\/wp-content\/uploads\/2021\/03\/Silvio-Costa-1.jpg 960w\" sizes=\"auto, (max-width: 225px) 100vw, 225px\" \/><figcaption id=\"caption-attachment-5659\" class=\"wp-caption-text\"><strong>Silvio Costa<\/strong><\/figcaption><\/figure>\n<p>Doutor em Hist\u00f3ria na Fran\u00e7a, <strong>Gilvane Felipe<\/strong> defende a abertura imediata de processos, com direito \u00e0 ampla defesa, ao contradit\u00f3rio, e condenados pelo Poder Judici\u00e1rio no Brasil. Para impedir a eros\u00e3o da democracia, reconstru\u00edda ap\u00f3s 21 anos de ditadura no Pa\u00eds. De 1964 a 1985. A puni\u00e7\u00e3o deve ser exemplar, desabafa o ex-secret\u00e1rio de Estado de Ci\u00eancia e Tecnologia; de Cultura, e ex-superintendente do Sebrae, no Estado de Goi\u00e1s. A abertura dos processos \u00e9 indispens\u00e1vel para demonstrar \u00e0 Na\u00e7\u00e3o que a democracia consegue proteger &#8211; se sem violar os direitos e garantias individuais, observa a crise pol\u00edtica com serenidade.<\/p>\n<figure id=\"attachment_13187\" aria-describedby=\"caption-attachment-13187\" style=\"width: 775px\" class=\"wp-caption aligncenter\"><img loading=\"lazy\" decoding=\"async\" class=\"size-full wp-image-13187\" src=\"https:\/\/renatodias.online\/movimento\/wp-content\/uploads\/2022\/07\/Gilvane-Felipe.jpg\" alt=\"\" width=\"775\" height=\"520\" \/><figcaption id=\"caption-attachment-13187\" class=\"wp-caption-text\"><strong>Gilvane Felipe<\/strong><\/figcaption><\/figure>\n<p>C\u00e1ustico, o professor doutor em Educa\u00e7\u00e3o da Universidade de Sorocaba [Uniso], Estado de S\u00e3o Paulo, <strong>Fernando Casadei Salles<\/strong> j\u00e1 \u00e9 mais taxativo. Cr\u00edtico, ao Portal de Not\u00edcias www.renatodias.online o docente, homem republicano, afirma que a Pol\u00edcia Federal [PF], Advocacia Geral da Uni\u00e3o, Procuradoria da Rep\u00fablica t\u00eam a obriga\u00e7\u00e3o de promover uma ampla, geral e irrestrita investiga\u00e7\u00e3o, reunir as provas robustas e comprobat\u00f3rias, oferecer den\u00fancias, processar e o judici\u00e1rio julgar e condenar maior n\u00famero de ativistas fascistas envolvidos com os atos de 12 de dezembro de 2022 e 8 de janeiro, Bras\u00edlia, capital da Rep\u00fablica e dos tr\u00eas poderes. Os crimes n\u00e3o s\u00e3o pass\u00edveis de anistia, observa o pesquisador do Tempo Presente.<\/p>\n<figure id=\"attachment_8177\" aria-describedby=\"caption-attachment-8177\" style=\"width: 576px\" class=\"wp-caption aligncenter\"><img loading=\"lazy\" decoding=\"async\" class=\"wp-image-8177 size-large\" src=\"https:\/\/renatodias.online\/movimento\/wp-content\/uploads\/2021\/07\/Fernando-Casadei-Salles-Vila-Nova-576x1024.jpg\" alt=\"\" width=\"576\" height=\"1024\" \/><figcaption id=\"caption-attachment-8177\" class=\"wp-caption-text\"><strong>Fernando Casadei Salles<\/strong><\/figcaption><\/figure>\n<p>O atentado \u00e0 democracia, terrorista, dia 8, em Bras\u00edlia, registra uma crise hist\u00f3rica, v\u00ea <strong>Alcilene Cavalcante<\/strong>. A professora doutora da Faculdade de Hist\u00f3ria, da Universidade Federal de Goi\u00e1s [UFG], mostra a insist\u00eancia das For\u00e7as Armadas por protagonismo n\u00e3o restrito \u00e0 caserna, explica. N\u00e3o se submetem ao poder civil, diz. A aus\u00eancia de Justi\u00e7a de Transi\u00e7\u00e3o da ditadura civil e militar para a fr\u00e1gil democracia faz com que o passado nunca passe no pa\u00eds, frisa. Em tempo: hoje, a Rep\u00fablica sangra, observa. A disputa, hoje, \u00e9 persuadir o oficialato a retornar \u00e0 caserna com puni\u00e7\u00e3o aos envolvidos, relata. Sans\u00e3o versus Golias, resume a pesquisadora.<\/p>\n<figure id=\"attachment_8751\" aria-describedby=\"caption-attachment-8751\" style=\"width: 1140px\" class=\"wp-caption alignnone\"><img loading=\"lazy\" decoding=\"async\" class=\"wp-image-8751 size-large\" src=\"https:\/\/renatodias.online\/movimento\/wp-content\/uploads\/2021\/08\/Alcilene-Cavalcante-1365x1024.jpg\" alt=\"\" width=\"1140\" height=\"855\" \/><figcaption id=\"caption-attachment-8751\" class=\"wp-caption-text\"><strong>Alcilene Cavalcante<\/strong><\/figcaption><\/figure>\n<p>A natureza do terror na capital da Rep\u00fablica \u00e9 insurreicional. \u00c9 o que informa o professor de Arquitetura <strong>Lenine Bueno<\/strong>. O projeto era o de derrubar um governo federal eleito, leg\u00edtimo, diagnostica. \u00c9 flagrante o apoio e a cumplicidade das For\u00e7as Armadas, Guarda Presidencial, GSI e PM, desabafa, al\u00e9m da horda de ativistas fascistas, pontua. Com os desdobramentos em estradas, refinarias e linhas de transmiss\u00e3o de energia, exp\u00f5e. Um ensaio geral de golpe de Estado, atira. O xeque aos poderes republicanos j\u00e1 est\u00e1 evidente e a m\u00e3o pesada da lei deve cair sobre a organiza\u00e7\u00e3o criminosa e dissuadir novas opera\u00e7\u00f5es, sublinha o docente.<\/p>\n<figure id=\"attachment_11535\" aria-describedby=\"caption-attachment-11535\" style=\"width: 960px\" class=\"wp-caption alignnone\"><img loading=\"lazy\" decoding=\"async\" class=\"wp-image-11535 size-full\" src=\"https:\/\/renatodias.online\/movimento\/wp-content\/uploads\/2022\/03\/Lenine-Bueno-Fragmentos-2.jpg\" alt=\"\" width=\"960\" height=\"540\" \/><figcaption id=\"caption-attachment-11535\" class=\"wp-caption-text\"><strong>Lenine Bueno<\/strong><\/figcaption><\/figure>\n<p><img loading=\"lazy\" decoding=\"async\" class=\"size-full wp-image-13832 aligncenter\" src=\"https:\/\/renatodias.online\/movimento\/wp-content\/uploads\/2022\/08\/Veja.jpg\" alt=\"\" width=\"300\" height=\"150\" \/><\/p>\n<h1 style=\"text-align: center;\"><span style=\"color: #008080;\"><strong>Direito e Justi\u00e7a<\/strong><\/span><\/h1>\n<p><img loading=\"lazy\" decoding=\"async\" class=\"size-medium wp-image-8229 aligncenter\" src=\"https:\/\/renatodias.online\/movimento\/wp-content\/uploads\/2021\/08\/Justica-do-Trabalho-1-300x166.jpg\" alt=\"\" width=\"300\" height=\"166\" \/><\/p>\n<h1 style=\"text-align: center;\"><span style=\"color: #ff6600;\"><strong>\u00c0 luz das leis<\/strong><\/span><\/h1>\n<p><span style=\"color: #ff0000;\"><strong>Renato Dias<\/strong><\/span><\/p>\n<p>Presidente da Associa\u00e7\u00e3o Brasileira dos Advogados Criminalistas, <strong>Alex Neder<\/strong> v\u00ea as manifesta\u00e7\u00f5es agressivas em Bras\u00edlia como vandalismo e crimes de dano \u00e0s institui\u00e7\u00f5es p\u00fablicas. O que \u00e9 inadmiss\u00edvel, reclama. Os autores diretos, mentores e financiadores devem responder nos termos da lei, afirma o especialista. Mais: \u00e9 preciso que se respeite a decis\u00e3o soberana das urnas, registra. Os insatisfeitos e inconformados podem at\u00e9 protestar, admite. Com civilidade e respeito \u00e0s leis e ao Estado Democr\u00e1tico de Direito, explica. Ditadura nunca mais, ele atira.<\/p>\n<figure id=\"attachment_8003\" aria-describedby=\"caption-attachment-8003\" style=\"width: 400px\" class=\"wp-caption aligncenter\"><img loading=\"lazy\" decoding=\"async\" class=\"wp-image-8003 size-full\" src=\"https:\/\/renatodias.online\/movimento\/wp-content\/uploads\/2021\/07\/Alex-Neder.jpg\" alt=\"\" width=\"400\" height=\"400\" \/><figcaption id=\"caption-attachment-8003\" class=\"wp-caption-text\"><strong>Alex Neder<\/strong><\/figcaption><\/figure>\n<p>O quadro atual de absoluta anarquia e de insubordina\u00e7\u00e3o nas For\u00e7as Armadas cria instabilidade pol\u00edtica e alimenta atos de terrorismo, sublinha o advogado <strong>Edilberto de Castro Dias<\/strong>. Ex-procurador, al\u00e9m de ex &#8211; controlador geral da Prefeitura de Goi\u00e2nia, ele diz que o presidente da Rep\u00fablica, Luiz In\u00e1cio Lula da Silva, \u00e9, hoje, o comandante em chefe do Brasil. O Pal\u00e1cio do Planalto deve adotar medidas duras imediatas para garantir o respeito aos tr\u00eas poderes da Rep\u00fablica, \u00e0s institui\u00e7\u00f5es, destaca.<\/p>\n<figure id=\"attachment_14226\" aria-describedby=\"caption-attachment-14226\" style=\"width: 461px\" class=\"wp-caption aligncenter\"><img loading=\"lazy\" decoding=\"async\" class=\"wp-image-14226 size-large\" src=\"https:\/\/renatodias.online\/movimento\/wp-content\/uploads\/2022\/09\/Edilberto-de-Castro-Dias-e-Geraldo-Alckmin-461x1024.jpg\" alt=\"\" width=\"461\" height=\"1024\" \/><figcaption id=\"caption-attachment-14226\" class=\"wp-caption-text\"><strong>Edilberto de Castro Dias e Geraldo Alckmin<\/strong><\/figcaption><\/figure>\n<p>Advogado, <strong>Fernando Luiz Dolci<\/strong> informa ao Portal de Not\u00edcias <strong>www.renatodias.online<\/strong> que os envolvidos, sem exce\u00e7\u00e3o, devem ser processados julgados e condenados pelo crime de tentativa de golpe de Estado civil e militar no Brasil e de aboli\u00e7\u00e3o violenta do poder da Rep\u00fablica. O que inclui Judici\u00e1rio, Legislativo e Executivo, sublinha o operador do Direito. N\u00e3o e caso de anistia, defende. A aus\u00eancia de uma Justi\u00e7a de Transi\u00e7\u00e3o da ditadura civil e militar de 1964 a 1985, para a Democracia, produziu um Estado de Direito com d\u00e9ficit civilizat\u00f3rio, ele fuzila.<\/p>\n<figure id=\"attachment_15330\" aria-describedby=\"caption-attachment-15330\" style=\"width: 400px\" class=\"wp-caption aligncenter\"><img loading=\"lazy\" decoding=\"async\" class=\"wp-image-15330 size-full\" src=\"https:\/\/renatodias.online\/movimento\/wp-content\/uploads\/2023\/01\/Fernando-Luiz-Dolci.jpg\" alt=\"\" width=\"400\" height=\"400\" srcset=\"https:\/\/renatodias.online\/movimento\/wp-content\/uploads\/2023\/01\/Fernando-Luiz-Dolci.jpg 400w, https:\/\/renatodias.online\/movimento\/wp-content\/uploads\/2023\/01\/Fernando-Luiz-Dolci-300x300.jpg 300w, https:\/\/renatodias.online\/movimento\/wp-content\/uploads\/2023\/01\/Fernando-Luiz-Dolci-150x150.jpg 150w\" sizes=\"auto, (max-width: 400px) 100vw, 400px\" \/><figcaption id=\"caption-attachment-15330\" class=\"wp-caption-text\"><strong>Fernando Luiz Dolci<\/strong><\/figcaption><\/figure>\n<p><img loading=\"lazy\" decoding=\"async\" class=\"aligncenter wp-image-13686 size-thumbnail\" src=\"https:\/\/renatodias.online\/movimento\/wp-content\/uploads\/2022\/08\/Explosivo-150x150.png\" alt=\"\" width=\"150\" height=\"150\" srcset=\"https:\/\/renatodias.online\/movimento\/wp-content\/uploads\/2022\/08\/Explosivo-150x150.png 150w, https:\/\/renatodias.online\/movimento\/wp-content\/uploads\/2022\/08\/Explosivo-300x300.png 300w, https:\/\/renatodias.online\/movimento\/wp-content\/uploads\/2022\/08\/Explosivo-768x768.png 768w, https:\/\/renatodias.online\/movimento\/wp-content\/uploads\/2022\/08\/Explosivo-750x750.png 750w, https:\/\/renatodias.online\/movimento\/wp-content\/uploads\/2022\/08\/Explosivo.png 1000w\" sizes=\"auto, (max-width: 150px) 100vw, 150px\" \/><\/p>\n<h1 style=\"text-align: center;\"><span style=\"color: #008000;\"><strong>Terrorismo<\/strong><\/span><\/h1>\n<p><img loading=\"lazy\" decoding=\"async\" class=\"alignnone wp-image-15326 size-full\" src=\"https:\/\/renatodias.online\/movimento\/wp-content\/uploads\/2023\/01\/Terror-4.jpg\" alt=\"\" width=\"969\" height=\"485\" srcset=\"https:\/\/renatodias.online\/movimento\/wp-content\/uploads\/2023\/01\/Terror-4.jpg 969w, https:\/\/renatodias.online\/movimento\/wp-content\/uploads\/2023\/01\/Terror-4-300x150.jpg 300w, https:\/\/renatodias.online\/movimento\/wp-content\/uploads\/2023\/01\/Terror-4-768x384.jpg 768w, https:\/\/renatodias.online\/movimento\/wp-content\/uploads\/2023\/01\/Terror-4-555x278.jpg 555w, https:\/\/renatodias.online\/movimento\/wp-content\/uploads\/2023\/01\/Terror-4-750x375.jpg 750w\" sizes=\"auto, (max-width: 969px) 100vw, 969px\" \/><\/p>\n<h1 style=\"text-align: center;\"><span style=\"color: #99cc00;\"><strong>Bolsonarismo deve ser proibido?<\/strong><\/span><\/h1>\n<figure id=\"attachment_15291\" aria-describedby=\"caption-attachment-15291\" style=\"width: 1080px\" class=\"wp-caption alignnone\"><img loading=\"lazy\" decoding=\"async\" class=\"size-full wp-image-15291\" src=\"https:\/\/renatodias.online\/movimento\/wp-content\/uploads\/2023\/01\/Terrorismo-4.png\" alt=\"\" width=\"1080\" height=\"650\" \/><figcaption id=\"caption-attachment-15291\" class=\"wp-caption-text\"><strong>Terror, viol\u00eancia e desestabiliza\u00e7\u00e3o<\/strong><\/figcaption><\/figure>\n<h1 style=\"text-align: center;\"><strong><span style=\"color: #00ff00;\">Veja o que prop\u00f5e sindicalista<\/span><\/strong><\/h1>\n<h1 style=\"text-align: center;\"><strong><img loading=\"lazy\" decoding=\"async\" class=\"size-full wp-image-11298 aligncenter\" src=\"https:\/\/renatodias.online\/movimento\/wp-content\/uploads\/2022\/03\/Entrevista-Especial.png\" alt=\"\" width=\"225\" height=\"225\" srcset=\"https:\/\/renatodias.online\/movimento\/wp-content\/uploads\/2022\/03\/Entrevista-Especial.png 225w, https:\/\/renatodias.online\/movimento\/wp-content\/uploads\/2022\/03\/Entrevista-Especial-150x150.png 150w\" sizes=\"auto, (max-width: 225px) 100vw, 225px\" \/>\u00a0<\/strong><\/h1>\n<p><span style=\"color: #ff0000;\"><strong>Renato Dias\u00a0<\/strong><\/span><\/p>\n<p>Uma investiga\u00e7\u00e3o com um absoluto rigor, processos, julgamentos e condena\u00e7\u00f5es, sem anistia, diz <strong>Clayton de Souza Avelar<\/strong>, presidente do SindSac [DF]. O Bolsonarismo deve ser definido como um movimento terrorista e banido da vida pol\u00edtica nacional, prop\u00f5e. A Fl\u00f3rida [EUA] virou um reduto da extrema-direita do Brasil, diz o sindicalista.<\/p>\n<figure id=\"attachment_3970\" aria-describedby=\"caption-attachment-3970\" style=\"width: 595px\" class=\"wp-caption aligncenter\"><img loading=\"lazy\" decoding=\"async\" class=\"wp-image-3970 size-large\" src=\"https:\/\/renatodias.online\/movimento\/wp-content\/uploads\/2020\/06\/Clayton-de-Souza-Avelar-2-Fascismo-em-2020-595x1024.jpg\" alt=\"\" width=\"595\" height=\"1024\" srcset=\"https:\/\/renatodias.online\/movimento\/wp-content\/uploads\/2020\/06\/Clayton-de-Souza-Avelar-2-Fascismo-em-2020-595x1024.jpg 595w, https:\/\/renatodias.online\/movimento\/wp-content\/uploads\/2020\/06\/Clayton-de-Souza-Avelar-2-Fascismo-em-2020-174x300.jpg 174w, https:\/\/renatodias.online\/movimento\/wp-content\/uploads\/2020\/06\/Clayton-de-Souza-Avelar-2-Fascismo-em-2020-768x1321.jpg 768w, https:\/\/renatodias.online\/movimento\/wp-content\/uploads\/2020\/06\/Clayton-de-Souza-Avelar-2-Fascismo-em-2020-750x1290.jpg 750w, https:\/\/renatodias.online\/movimento\/wp-content\/uploads\/2020\/06\/Clayton-de-Souza-Avelar-2-Fascismo-em-2020.jpg 1854w\" sizes=\"auto, (max-width: 595px) 100vw, 595px\" \/><figcaption id=\"caption-attachment-3970\" class=\"wp-caption-text\"><strong>Clayton de Souza Avelar<\/strong><\/figcaption><\/figure>\n<p>Sem par\u00e2metros de compara\u00e7\u00e3o na Hist\u00f3ria e no mundo, conceitua <strong>Railton Nascimento,<\/strong> presidente do Sinpro e da CTB, da se\u00e7\u00e3o de Goi\u00e1s. O Capit\u00f3lio nos EUA restringiu &#8211; se ao Legislativo e com repress\u00e3o para impedir os avan\u00e7os da horda fascista, ressalta. A ideia era produzir caos, exigir interven\u00e7\u00e3o federal. Jair Bolsonaro seria o l\u00edder, metralha.<\/p>\n<figure id=\"attachment_6363\" aria-describedby=\"caption-attachment-6363\" style=\"width: 555px\" class=\"wp-caption aligncenter\"><img loading=\"lazy\" decoding=\"async\" class=\"size-full wp-image-6363\" src=\"https:\/\/renatodias.online\/movimento\/wp-content\/uploads\/2021\/04\/Railton-Nascimento-Link.jpg\" alt=\"\" width=\"555\" height=\"370\" \/><figcaption id=\"caption-attachment-6363\" class=\"wp-caption-text\"><strong>Railton Nascimento<\/strong><\/figcaption><\/figure>\n<p>Diretor do Instituto S\u00f3cio &#8211; Ambiental, al\u00e9m de ex-presidente da Funai, o fil\u00f3sofo <strong>M\u00e1rcio Santilli<\/strong> \u00e9 taxativo ao Portal de Not\u00edcias <strong>www.renatodias.online<\/strong> que os acusados de participa\u00e7\u00e3o nos atentados terroristas em Bras\u00edlia deveriam ser processados, julgados e condenados. N\u00e3o cabe anistia, observa. &#8220;Apenas a grada\u00e7\u00e3o das responsabilidades&#8221;<\/p>\n<figure id=\"attachment_11772\" aria-describedby=\"caption-attachment-11772\" style=\"width: 1086px\" class=\"wp-caption alignnone\"><img loading=\"lazy\" decoding=\"async\" class=\"size-full wp-image-11772\" src=\"https:\/\/renatodias.online\/movimento\/wp-content\/uploads\/2022\/04\/Marcio-Santilli-link.jpg\" alt=\"\" width=\"1086\" height=\"652\" \/><figcaption id=\"caption-attachment-11772\" class=\"wp-caption-text\"><strong>M\u00e1rcio Santilli<\/strong><\/figcaption><\/figure>\n<p><img loading=\"lazy\" decoding=\"async\" class=\"size-full wp-image-5929 aligncenter\" src=\"https:\/\/renatodias.online\/movimento\/wp-content\/uploads\/2021\/04\/Especial.jpg\" alt=\"\" width=\"200\" height=\"200\" srcset=\"https:\/\/renatodias.online\/movimento\/wp-content\/uploads\/2021\/04\/Especial.jpg 200w, https:\/\/renatodias.online\/movimento\/wp-content\/uploads\/2021\/04\/Especial-150x150.jpg 150w\" sizes=\"auto, (max-width: 200px) 100vw, 200px\" \/><\/p>\n<h1 style=\"text-align: center;\"><span style=\"color: #0000ff;\"><strong>Sem anistia\u00a0<\/strong><\/span><\/h1>\n<h2 style=\"text-align: center;\"><strong><span style=\"color: #ff0000;\">Multifacetada, esquerdas apontam mesmo caminho<\/span><\/strong><\/h2>\n<h2 style=\"text-align: center;\"><strong><img loading=\"lazy\" decoding=\"async\" class=\"size-medium wp-image-15124 aligncenter\" src=\"https:\/\/renatodias.online\/movimento\/wp-content\/uploads\/2022\/12\/Charge-Vandalismo-1-258x300.jpg\" alt=\"\" width=\"258\" height=\"300\" srcset=\"https:\/\/renatodias.online\/movimento\/wp-content\/uploads\/2022\/12\/Charge-Vandalismo-1-258x300.jpg 258w, https:\/\/renatodias.online\/movimento\/wp-content\/uploads\/2022\/12\/Charge-Vandalismo-1-768x893.jpg 768w, https:\/\/renatodias.online\/movimento\/wp-content\/uploads\/2022\/12\/Charge-Vandalismo-1-750x872.jpg 750w, https:\/\/renatodias.online\/movimento\/wp-content\/uploads\/2022\/12\/Charge-Vandalismo-1.jpg 881w\" sizes=\"auto, (max-width: 258px) 100vw, 258px\" \/>\u00a0<\/strong><\/h2>\n<blockquote>\n<h1><strong>\u00a0<\/strong><strong><span style=\"color: #800000;\">Os terroristas devem ser processados e<\/span> <span style=\"color: #800000;\">julgados, anistia s\u00f3 ir\u00e1 incentivar novos atos<\/span><\/strong><\/h1>\n<\/blockquote>\n<p><span style=\"color: #ff6600;\"><strong>Professor Sebasti\u00e3o Leonardo<\/strong><\/span><\/p>\n<p>&nbsp;<\/p>\n<p><span style=\"color: #ff0000;\"><strong>Renato Dias\u00a0<\/strong><\/span><\/p>\n<p>Soci\u00f3logo, <strong>J\u00falio Turra<\/strong> diz que as inten\u00e7\u00f5es golpistas de Jair Messias Bolsonaro eram anunciadas h\u00e1 tempos. Evidentes desde os atos de massa promovidos no dia 7 de setembro de 2021, pontua. A imin\u00eancia de uma tentativa de golpe de Estado ficou mais clara nos dois meses de acampamentos em frente aos quart\u00e9is do Ex\u00e9rcito Brasileiro [EB]. Com o pedido expl\u00edcito de interven\u00e7\u00e3o militar que anulasse a vit\u00f3ria eleitoral de Luiz In\u00e1cio Lula da Silva, ocorrida no \u00faltimo 30 de outubro, relata. Um golpe anunciado, frisa. Ele ainda assim pegou o governo federal, uma semana ap\u00f3s a sua posse triunfal com mais de 200 mil manifestantes em Bras\u00edlia, desprevenido e desguarnecido, lamenta. \u00c9 levar a contraofensiva at\u00e9 o final, fuzila.<\/p>\n<figure id=\"attachment_6726\" aria-describedby=\"caption-attachment-6726\" style=\"width: 1280px\" class=\"wp-caption alignnone\"><img loading=\"lazy\" decoding=\"async\" class=\"wp-image-6726 size-full\" src=\"https:\/\/renatodias.online\/movimento\/wp-content\/uploads\/2021\/05\/Julio-Turra-IV-Internacional.jpg\" alt=\"\" width=\"1280\" height=\"720\" \/><figcaption id=\"caption-attachment-6726\" class=\"wp-caption-text\"><strong>J\u00falio Turra<br \/><\/strong><\/figcaption><\/figure>\n<p>A Hist\u00f3ria colocou os crimes contra a humanidade, os seus autores e suas ideias, com o cultivo de golpes de Estado, al\u00e9m de ditaduras, na Estante da Barb\u00e1rie, recorda-se <strong>Martiniano Cavalcante<\/strong>. Mais: o Brasil n\u00e3o executou a sua Justi\u00e7a de Transi\u00e7\u00e3o efetiva para confina-los no passado, resume. A democracia revela a sua for\u00e7a quando est\u00e1 mais amea\u00e7ada, diz. O destino nos colocou diante de uma cena que nos brinda com o paradoxo, registra. Com grotescas figuras, dispara. \u00c0 imagem e semelhan\u00e7a de Jair Bolsonaro, atira. Luiz In\u00e1cio Lula da Silva [PT] deve varrer e derrotar a impunidade, desabafa. Com a puni\u00e7\u00e3o nos QGs, na Faria Lima, no Agroneg\u00f3cio, no Parlamento, como Carla Zambelli e Bia Kicis, ele prop\u00f5e.<\/p>\n<figure id=\"attachment_8764\" aria-describedby=\"caption-attachment-8764\" style=\"width: 854px\" class=\"wp-caption aligncenter\"><img loading=\"lazy\" decoding=\"async\" class=\"wp-image-8764 size-full\" src=\"https:\/\/renatodias.online\/movimento\/wp-content\/uploads\/2021\/08\/Martiniano-Cavalcante-Especial.jpg\" alt=\"\" width=\"854\" height=\"853\" \/><figcaption id=\"caption-attachment-8764\" class=\"wp-caption-text\"><strong>Martiniano Cavalcante<\/strong><\/figcaption><\/figure>\n<p><strong>Euler Ivo Vieira<\/strong>, um sobrevivente dos tempos sombrios da ditadura civil e militar no Brasil, aponta, com o dedo em riste, como os respons\u00e1veis pela tentativa fracassada de golpe de Estado. As For\u00e7as Armadas, GSI, Guarda Presidencial, PM.[DF], Ibaneis Rocha, governador afastado do Distrito Federal, Anderson Torres, ex-ministro da Justi\u00e7a, e Jair Bolsonaro, afirma. Os atos possu\u00edam homens especializados, treinados, e ainda ativistas contaminados pelo discurso de \u00f3dio \u00e0 democracia, explica. Aos envolvidos os rigores da lei, recomenda o marxista. &#8220;A aprova\u00e7\u00e3o de anistia seria um erro hist\u00f3rico e que colocaria em xeque a estabilidade das institui\u00e7\u00f5es, dos tr\u00eas poderes da Rep\u00fablica&#8221;.<\/p>\n<figure id=\"attachment_11709\" aria-describedby=\"caption-attachment-11709\" style=\"width: 933px\" class=\"wp-caption alignnone\"><img loading=\"lazy\" decoding=\"async\" class=\"size-full wp-image-11709\" src=\"https:\/\/renatodias.online\/movimento\/wp-content\/uploads\/2022\/04\/Sessao-Especial-Euler-Ivo-1.jpg\" alt=\"\" width=\"933\" height=\"623\" \/><figcaption id=\"caption-attachment-11709\" class=\"wp-caption-text\"><strong>Euler Ivo Vieira <br \/><\/strong><\/figcaption><\/figure>\n<p>Anistia para quem planejou, ainda financiou, e mobilizou uma horda de terroristas para violar a Constitui\u00e7\u00e3o Federal promulgada em 5 de outubro de 1988, destruir o patrim\u00f4nio p\u00fablico e vandalizar dezenas de obras de arte de inestim\u00e1vel valor hist\u00f3rico, jamais. \u00c9 o que afirma o nacional-estatista, em sua vers\u00e3o trabalhista, herdeiro das utopias de Leonel Brizola e de Darcy Ribeiro, <strong>Jordaci Vieira Matos<\/strong>. Um atentado \u00e0 democracia com uma viol\u00eancia nunca vista na Hist\u00f3ria da Rep\u00fablica no Brasil, registra. Aos tr\u00eas poderes, insiste. O Executivo, o Legislativo e o Judici\u00e1rio, enfatiza. Com \u00f3dio e ferocidade simult\u00e2neos, atira. Processos, julgamentos, condena\u00e7\u00f5es para impedir novas crises institucionais, pol\u00edticas e amea\u00e7as, diz.<\/p>\n<figure id=\"attachment_11625\" aria-describedby=\"caption-attachment-11625\" style=\"width: 914px\" class=\"wp-caption alignnone\"><img loading=\"lazy\" decoding=\"async\" class=\"size-full wp-image-11625\" src=\"https:\/\/renatodias.online\/movimento\/wp-content\/uploads\/2022\/04\/Jordaci-Matos-e-Aldo-Rebeldo.jpg\" alt=\"\" width=\"914\" height=\"465\" \/><figcaption id=\"caption-attachment-11625\" class=\"wp-caption-text\"><strong>Jordaci Matos e Aldo Rebeldo<\/strong><\/figcaption><\/figure>\n<p>Exilado \u00e0 \u00e9poca da ditadura civil e militar no Brasil, o advogado e tamb\u00e9m ex-presidente da C\u00e2mara Municipal de Ribeir\u00e3o Preto, no Estado de S\u00e3o Paulo, assim como escritor, cantor, poeta, documentarista e compositor, <strong>Leopoldo Paulino<\/strong> enxerga as digitais de Jair Bolsonaro. Ele cobra o fim da tutela militar e exige apura\u00e7\u00e3o com absoluto rigor dos atos antidemocr\u00e1ticos e da &#8220;tentativa terrorista&#8221; fracassada de golpe de Estado civil e militar no Brasil. As investiga\u00e7\u00f5es necessitam prosseguir, acredita. Os acusados devem ser processados julgados e condenados, n\u00e3o como \u00e0 \u00e9poca dos tempos de exce\u00e7\u00e3o, assinala. N\u00e3o conceder anistia, recomenda o Operador do Direito. Uma leitura do s\u00e9culo 21 com olho no retrovisor de 1964\/1985.<\/p>\n<p><img loading=\"lazy\" decoding=\"async\" class=\"size-full wp-image-8952\" src=\"https:\/\/renatodias.online\/movimento\/wp-content\/uploads\/2021\/09\/Chile-Leopoldo-Paulino-1.jpg\" alt=\"\" width=\"960\" height=\"960\" \/><\/p>\n<p>Negro. Oper\u00e1rio. Aposentado. Residente da Regi\u00e3o Metropolitana de Goi\u00e2nia. Adepto das ideias de Karl Marx, Friedrich Engels, Vladimir Ilich Ulianov, codinome Lenin, Liev Davidovich Bronstein, nom de guerre Leon Trotski, Nahuel Moreno, argentino. \u00c9 o velho camarada <strong>Javan Rodrigues<\/strong>. O militante trotskista e socialista quer uma investiga\u00e7\u00e3o minuciosa, com a abertura de processos, com julgamentos, condena\u00e7\u00f5es judiciais dos terroristas que promoveram um radical atentado aos tr\u00eas poderes da Rep\u00fablica. &#8220;O Brasil errou ao n\u00e3o promover uma Justi\u00e7a de Transi\u00e7\u00e3o da ditadura civil e militar de 1964 para a democracia [1979-1988], o que consolidou a impunidade e a presen\u00e7a constante das For\u00e7as Armadas na pol\u00edtica&#8221;.<\/p>\n<figure id=\"attachment_15333\" aria-describedby=\"caption-attachment-15333\" style=\"width: 1049px\" class=\"wp-caption alignnone\"><img loading=\"lazy\" decoding=\"async\" class=\"wp-image-15333 size-large\" src=\"https:\/\/renatodias.online\/movimento\/wp-content\/uploads\/2023\/01\/Javan-Rodrigues-PSTU-1049x1024.png\" alt=\"\" width=\"1049\" height=\"1024\" srcset=\"https:\/\/renatodias.online\/movimento\/wp-content\/uploads\/2023\/01\/Javan-Rodrigues-PSTU-1049x1024.png 1049w, https:\/\/renatodias.online\/movimento\/wp-content\/uploads\/2023\/01\/Javan-Rodrigues-PSTU-300x293.png 300w, https:\/\/renatodias.online\/movimento\/wp-content\/uploads\/2023\/01\/Javan-Rodrigues-PSTU-768x750.png 768w, https:\/\/renatodias.online\/movimento\/wp-content\/uploads\/2023\/01\/Javan-Rodrigues-PSTU-750x732.png 750w, https:\/\/renatodias.online\/movimento\/wp-content\/uploads\/2023\/01\/Javan-Rodrigues-PSTU.png 1080w\" sizes=\"auto, (max-width: 1049px) 100vw, 1049px\" \/><figcaption id=\"caption-attachment-15333\" class=\"wp-caption-text\"><strong>Javan Rodrigues<\/strong><\/figcaption><\/figure>\n<p>Apesar da aus\u00eancia in loco na tentativa j\u00e1 fracassada de golpe de Estado civil e militar em Bras\u00edlia, Jair Bolsonaro, Anderson Torres e os generais Augusto Heleno e Braga Neto, s\u00e3o os respons\u00e1veis pelo Terror, admite o advogado trabalhista <strong>Rubens Donizetti<\/strong>. As investiga\u00e7\u00f5es necessitam seguir o caminho do dinheiro, explica. Os acusados precisam responder por crimes de golpe de Estado e de aboli\u00e7\u00e3o violenta do Poder, acusa. Assim como pela destrui\u00e7\u00e3o do patrim\u00f4nio p\u00fablico\u00a0e \u00e0s obras hist\u00f3ricas de arte, pontua. Danos materiais e morais, ao Brasil Republicano, no s\u00e9culo 21, com inelegibilidade, afastamento do servi\u00e7o p\u00fablico, registra o Operador do Direito. Ele faz uma interpreta\u00e7\u00e3o marxista da crise pol\u00edtica e institucional no Pa\u00eds.<\/p>\n<figure id=\"attachment_7282\" aria-describedby=\"caption-attachment-7282\" style=\"width: 2048px\" class=\"wp-caption alignnone\"><img loading=\"lazy\" decoding=\"async\" class=\"size-full wp-image-7282\" src=\"https:\/\/renatodias.online\/movimento\/wp-content\/uploads\/2021\/06\/Rubens-Donizzeti.jpg\" alt=\"\" width=\"2048\" height=\"1238\" \/><figcaption id=\"caption-attachment-7282\" class=\"wp-caption-text\"><strong>Rubens Donizzeti<\/strong><\/figcaption><\/figure>\n<p>&nbsp;<\/p>\n<p>&nbsp;<\/p>\n<figure id=\"attachment_9168\" aria-describedby=\"caption-attachment-9168\" style=\"width: 340px\" class=\"wp-caption aligncenter\"><img loading=\"lazy\" decoding=\"async\" class=\"size-full wp-image-9168\" src=\"https:\/\/renatodias.online\/movimento\/wp-content\/uploads\/2021\/09\/O-pensador-e1658718665862.jpg\" alt=\"\" width=\"340\" height=\"340\" \/><figcaption id=\"caption-attachment-9168\" class=\"wp-caption-text\"><strong>O pensador<\/strong><\/figcaption><\/figure>\n<h1 style=\"text-align: center;\"><span style=\"color: #0000ff;\"><strong>Intelectuais p\u00fablicos<\/strong><\/span><\/h1>\n<p><img loading=\"lazy\" decoding=\"async\" class=\"aligncenter wp-image-15239 size-thumbnail\" src=\"https:\/\/renatodias.online\/movimento\/wp-content\/uploads\/2023\/01\/Para-entender-150x150.png\" alt=\"\" width=\"150\" height=\"150\" \/><\/p>\n<h1 style=\"text-align: center;\"><strong><span style=\"color: #ff0000;\">Nada de perd\u00e3o muito menos amn\u00e9sia socia<\/span>l<\/strong><\/h1>\n<p><span style=\"color: #ff0000;\"><strong>Renato Dias\u00a0<\/strong><\/span><\/p>\n<p>Os financiadores, mentores intelectuais, agentes de seguran\u00e7a p\u00fablica e ativistas fascistas que colaboraram com os atos terroristas, em Bras\u00edlia [DF], a capital da Rep\u00fablica, devem ser processados, julgados e condenados com o absoluto rigor da lei. \u00c9 o que afirma o diretor de Jornalismo da ABI, <strong>Moacyr de Oliveira Filho<\/strong>. &#8220;Anistia, n\u00e3o!&#8221;<\/p>\n<figure id=\"attachment_15331\" aria-describedby=\"caption-attachment-15331\" style=\"width: 480px\" class=\"wp-caption aligncenter\"><img loading=\"lazy\" decoding=\"async\" class=\"wp-image-15331 size-full\" src=\"https:\/\/renatodias.online\/movimento\/wp-content\/uploads\/2023\/01\/Moacyr-de-Oliveira.jpg\" alt=\"\" width=\"480\" height=\"665\" srcset=\"https:\/\/renatodias.online\/movimento\/wp-content\/uploads\/2023\/01\/Moacyr-de-Oliveira.jpg 480w, https:\/\/renatodias.online\/movimento\/wp-content\/uploads\/2023\/01\/Moacyr-de-Oliveira-217x300.jpg 217w\" sizes=\"auto, (max-width: 480px) 100vw, 480px\" \/><figcaption id=\"caption-attachment-15331\" class=\"wp-caption-text\"><strong>Moacyr de Oliveira<\/strong><\/figcaption><\/figure>\n<p>Soci\u00f3logo, mestre em Hist\u00f3ria, com estudos em Cuba, o professor da Universidade de Gurupi, <strong>Paulo Henrique Costa Mattos<\/strong>, analisa que propor golpe de Estado, interven\u00e7\u00e3o militar. Os respons\u00e1veis pelo Terror, a destrui\u00e7\u00e3o do patrim\u00f4nio p\u00fablico, o vandalismo com obras de arte, devem ser processados julgados e condenados, diz. Sem perd\u00e3o nem amn\u00e9sia.<\/p>\n<figure id=\"attachment_7985\" aria-describedby=\"caption-attachment-7985\" style=\"width: 998px\" class=\"wp-caption alignnone\"><img loading=\"lazy\" decoding=\"async\" class=\"wp-image-7985 size-large\" src=\"https:\/\/renatodias.online\/movimento\/wp-content\/uploads\/2021\/07\/Paulo-Henrique-_-escritor-998x1024.jpg\" alt=\"\" width=\"998\" height=\"1024\" srcset=\"https:\/\/renatodias.online\/movimento\/wp-content\/uploads\/2021\/07\/Paulo-Henrique-_-escritor-998x1024.jpg 998w, https:\/\/renatodias.online\/movimento\/wp-content\/uploads\/2021\/07\/Paulo-Henrique-_-escritor-293x300.jpg 293w, https:\/\/renatodias.online\/movimento\/wp-content\/uploads\/2021\/07\/Paulo-Henrique-_-escritor-768x788.jpg 768w, https:\/\/renatodias.online\/movimento\/wp-content\/uploads\/2021\/07\/Paulo-Henrique-_-escritor-750x769.jpg 750w, https:\/\/renatodias.online\/movimento\/wp-content\/uploads\/2021\/07\/Paulo-Henrique-_-escritor.jpg 1248w\" sizes=\"auto, (max-width: 998px) 100vw, 998px\" \/><figcaption id=\"caption-attachment-7985\" class=\"wp-caption-text\"><strong>Paulo Henrique _ escritor<\/strong><\/figcaption><\/figure>\n<p>Graduado em Letras, na UFG, e t\u00e9cnico em Inform\u00e1tica, com forma\u00e7\u00e3o enciclop\u00e9dica e cultura humanista<strong>, Itamar Borges<\/strong> relata um flagrante delito fartamente documentado, na maioria dos envolvidos no ato, cumplicidade patente, ataca. Assim como com a incita\u00e7\u00e3o ostensiva e duradoura, v\u00ea.\u00a0 &#8220;Coautoria por financiamento direto e autoria intelectual.&#8221;<\/p>\n<figure id=\"attachment_15332\" aria-describedby=\"caption-attachment-15332\" style=\"width: 1034px\" class=\"wp-caption alignnone\"><img loading=\"lazy\" decoding=\"async\" class=\"wp-image-15332 size-large\" src=\"https:\/\/renatodias.online\/movimento\/wp-content\/uploads\/2023\/01\/Itamar-Borges-1034x1024.png\" alt=\"\" width=\"1034\" height=\"1024\" \/><figcaption id=\"caption-attachment-15332\" class=\"wp-caption-text\"><strong>Itamar Borges<\/strong><\/figcaption><\/figure>\n<p>Um golpe de Estado civil e militar em 2023, fracassado, e que exige uma puni\u00e7\u00e3o exemplar para que jamais se repita no Brasil, prop\u00f5e o professor de Hist\u00f3ria <strong>Reinaldo de Assis Pantale\u00e3o<\/strong>. Com o absoluto respeito ao devido processo legal, ressalta. O direito \u00e0 ampla defesa e ao contradit\u00f3rio, dispara. N\u00e3o deve ficar impune \u00e0 Hist\u00f3ria , adverte.<\/p>\n<figure id=\"attachment_5850\" aria-describedby=\"caption-attachment-5850\" style=\"width: 1024px\" class=\"wp-caption alignnone\"><img loading=\"lazy\" decoding=\"async\" class=\"wp-image-5850 size-large\" src=\"https:\/\/renatodias.online\/movimento\/wp-content\/uploads\/2021\/04\/WhatsApp-Image-2021-04-02-at-21.05.14-2-1024x1024.jpeg\" alt=\"Reinaldo Pantale\u00e3o\" width=\"1024\" height=\"1024\" srcset=\"https:\/\/renatodias.online\/movimento\/wp-content\/uploads\/2021\/04\/WhatsApp-Image-2021-04-02-at-21.05.14-2-1024x1024.jpeg 1024w, https:\/\/renatodias.online\/movimento\/wp-content\/uploads\/2021\/04\/WhatsApp-Image-2021-04-02-at-21.05.14-2-300x300.jpeg 300w, https:\/\/renatodias.online\/movimento\/wp-content\/uploads\/2021\/04\/WhatsApp-Image-2021-04-02-at-21.05.14-2-150x150.jpeg 150w, https:\/\/renatodias.online\/movimento\/wp-content\/uploads\/2021\/04\/WhatsApp-Image-2021-04-02-at-21.05.14-2-768x768.jpeg 768w, https:\/\/renatodias.online\/movimento\/wp-content\/uploads\/2021\/04\/WhatsApp-Image-2021-04-02-at-21.05.14-2-750x750.jpeg 750w, https:\/\/renatodias.online\/movimento\/wp-content\/uploads\/2021\/04\/WhatsApp-Image-2021-04-02-at-21.05.14-2.jpeg 1152w\" sizes=\"auto, (max-width: 1024px) 100vw, 1024px\" \/><figcaption id=\"caption-attachment-5850\" class=\"wp-caption-text\"><strong>Reinaldo Pantale\u00e3o<\/strong><\/figcaption><\/figure>\n<p>Soci\u00f3logo, <strong>Guilherme Soares<\/strong> alerta que a responsabiliza\u00e7\u00e3o dos suspeitos \u00e9 indispens\u00e1vel \u00e0 democracia. Processados, direito \u00e0 defesa e condenados, observa. O ensaio de golpe de Estado civil e militar no Brasil deve ser punido, sim, insiste. Jair Bolsonaro precisa responder por seus sucessivos crimes, frisa o cientista social.<\/p>\n<figure id=\"attachment_15300\" aria-describedby=\"caption-attachment-15300\" style=\"width: 1051px\" class=\"wp-caption alignnone\"><img loading=\"lazy\" decoding=\"async\" class=\"wp-image-15300 size-large\" src=\"https:\/\/renatodias.online\/movimento\/wp-content\/uploads\/2023\/01\/Guilherme-Soares-1051x1024.jpg\" alt=\"\" width=\"1051\" height=\"1024\" \/><figcaption id=\"caption-attachment-15300\" class=\"wp-caption-text\"><strong>Guilherme Soares<\/strong><\/figcaption><\/figure>\n<p>Historiador, adepto das ideias de Karl Marx, Leon Trotski, Ernest Mandel, Daniel Bensaid, Michael Lowi e Jo\u00e3o Machado, <strong>Fred Fraz\u00e3o<\/strong> diz que os acusados devem responder de acordo com a gravidade de seus atos. Os l\u00edderes e financiadores precisam de presos para n\u00e3o instru\u00edrem a Justi\u00e7a, ele afirma. Anistia, como a de 1979, nunca mais, atira.<\/p>\n<figure id=\"attachment_12485\" aria-describedby=\"caption-attachment-12485\" style=\"width: 576px\" class=\"wp-caption aligncenter\"><img loading=\"lazy\" decoding=\"async\" class=\"wp-image-12485 size-large\" src=\"https:\/\/renatodias.online\/movimento\/wp-content\/uploads\/2022\/05\/Fred-Frazao-especial-576x1024.jpg\" alt=\"\" width=\"576\" height=\"1024\" \/><figcaption id=\"caption-attachment-12485\" class=\"wp-caption-text\"><strong>Fred Fraz\u00e3o<\/strong><\/figcaption><\/figure>\n<p>Um desfile de absurdos em nome de Jair Bolsonaro. \u00c9 o que conceitua <strong>Fernando Silva<\/strong> Graduado e mestre na UFG em Sociologia, al\u00e9m de especialista em viol\u00eancia e direitos humanos, ele quer puni\u00e7\u00e3o para militares e civis protagonistas e coadjuvantes. &#8220;Dura. O ex-presidente da Rep\u00fablica deveria, sim, ser extraditado, para julgamento e condena\u00e7\u00e3o&#8221;<\/p>\n<figure id=\"attachment_15299\" aria-describedby=\"caption-attachment-15299\" style=\"width: 1080px\" class=\"wp-caption alignnone\"><img loading=\"lazy\" decoding=\"async\" class=\"wp-image-15299 size-full\" src=\"https:\/\/renatodias.online\/movimento\/wp-content\/uploads\/2023\/01\/Fernando-Silva.png\" alt=\"\" width=\"1080\" height=\"679\" srcset=\"https:\/\/renatodias.online\/movimento\/wp-content\/uploads\/2023\/01\/Fernando-Silva.png 1080w, https:\/\/renatodias.online\/movimento\/wp-content\/uploads\/2023\/01\/Fernando-Silva-300x189.png 300w, https:\/\/renatodias.online\/movimento\/wp-content\/uploads\/2023\/01\/Fernando-Silva-768x483.png 768w, https:\/\/renatodias.online\/movimento\/wp-content\/uploads\/2023\/01\/Fernando-Silva-750x472.png 750w\" sizes=\"auto, (max-width: 1080px) 100vw, 1080px\" \/><figcaption id=\"caption-attachment-15299\" class=\"wp-caption-text\"><strong>Fernando Silva<\/strong><\/figcaption><\/figure>\n<p><strong>Thelma Gomes<\/strong>, uma pedagoga com p\u00f3s-gradua\u00e7\u00e3o em Educa\u00e7\u00e3o Especial, prop\u00f5e processos e julgamentos aos acusados pelo capit\u00f3lio \u00e0 brasileira. N\u00e3o \u00e9 mais poss\u00edvel negligenciarmos, frisa. Novas tentativas de golpe de Estado civil e militar no Brasil podem ocorrer, acredita. Eles n\u00e3o ir\u00e3o parar, resume a professora da rede p\u00fablica.<\/p>\n<figure id=\"attachment_6815\" aria-describedby=\"caption-attachment-6815\" style=\"width: 640px\" class=\"wp-caption aligncenter\"><img loading=\"lazy\" decoding=\"async\" class=\"wp-image-6815 size-full\" src=\"https:\/\/renatodias.online\/movimento\/wp-content\/uploads\/2021\/05\/Thelma-Gomes.jpg\" alt=\"\" width=\"640\" height=\"640\" srcset=\"https:\/\/renatodias.online\/movimento\/wp-content\/uploads\/2021\/05\/Thelma-Gomes.jpg 640w, https:\/\/renatodias.online\/movimento\/wp-content\/uploads\/2021\/05\/Thelma-Gomes-300x300.jpg 300w, https:\/\/renatodias.online\/movimento\/wp-content\/uploads\/2021\/05\/Thelma-Gomes-150x150.jpg 150w\" sizes=\"auto, (max-width: 640px) 100vw, 640px\" \/><figcaption id=\"caption-attachment-6815\" class=\"wp-caption-text\"><strong>Thelma Gomes<\/strong><\/figcaption><\/figure>\n<p>Nada de Deus, P\u00e1tria, Fam\u00edlia e Liberdade. O que move quem planeja e mesmo financia os chamados atos antidemocr\u00e1ticos no Brasil. O projeto \u00e9 promover um golpe de Estado para voltar ao poder, interpreta o intelectual marxista <strong>Lu\u00eds Celso<\/strong>. Ele aponta o dedo tanto para Jair Bolsonaro quanto para o general Augusto Heleno. &#8220;Acuso-os!&#8221;<\/p>\n<figure id=\"attachment_15234\" aria-describedby=\"caption-attachment-15234\" style=\"width: 576px\" class=\"wp-caption aligncenter\"><img loading=\"lazy\" decoding=\"async\" class=\"wp-image-15234 size-large\" src=\"https:\/\/renatodias.online\/movimento\/wp-content\/uploads\/2023\/01\/Luis-Celso-576x1024.jpg\" alt=\"\" width=\"576\" height=\"1024\" srcset=\"https:\/\/renatodias.online\/movimento\/wp-content\/uploads\/2023\/01\/Luis-Celso-576x1024.jpg 576w, https:\/\/renatodias.online\/movimento\/wp-content\/uploads\/2023\/01\/Luis-Celso-169x300.jpg 169w, https:\/\/renatodias.online\/movimento\/wp-content\/uploads\/2023\/01\/Luis-Celso-768x1366.jpg 768w, https:\/\/renatodias.online\/movimento\/wp-content\/uploads\/2023\/01\/Luis-Celso-864x1536.jpg 864w, https:\/\/renatodias.online\/movimento\/wp-content\/uploads\/2023\/01\/Luis-Celso-750x1334.jpg 750w, https:\/\/renatodias.online\/movimento\/wp-content\/uploads\/2023\/01\/Luis-Celso.jpg 899w\" sizes=\"auto, (max-width: 576px) 100vw, 576px\" \/><figcaption id=\"caption-attachment-15234\" class=\"wp-caption-text\"><strong>Lu\u00eds Celso<\/strong><\/figcaption><\/figure>\n<h1><img loading=\"lazy\" decoding=\"async\" class=\"size-medium wp-image-13781 aligncenter\" src=\"https:\/\/renatodias.online\/movimento\/wp-content\/uploads\/2022\/08\/Raio-X-especial-300x112.png\" alt=\"\" width=\"300\" height=\"112\" \/><\/h1>\n<h1 style=\"text-align: center;\"><span style=\"color: #800000;\"><strong>Ecos da crise para os liberais<\/strong><\/span><\/h1>\n<h1 style=\"text-align: center;\"><span style=\"color: #800000;\"><strong><img loading=\"lazy\" decoding=\"async\" class=\"wp-image-15327 size-thumbnail aligncenter\" src=\"https:\/\/renatodias.online\/movimento\/wp-content\/uploads\/2023\/01\/Terror-5-150x150.jpg\" alt=\"\" width=\"150\" height=\"150\" \/>\u00a0<\/strong><\/span><\/h1>\n<p><span style=\"color: #ff0000;\"><strong>Renato Dias\u00a0<\/strong><\/span><\/p>\n<p>O ex-presidente da Assembleia Legislativa do Estado de Goi\u00e1s <strong>Jardel Sebba<\/strong> [PSDB] defende a legitimidade do que define como protestos pac\u00edficos. Sem vandalismo, nem a destrui\u00e7\u00e3o do patrim\u00f4nio p\u00fablico e muito menos uma viol\u00eancia expl\u00edcita, diz. \u00c9 preciso separar o joio do trigo, frisa. De quem foi \u00e0 Bras\u00edlia [DF] com motiva\u00e7\u00f5es democr\u00e1ticas e afasta-los dos terroristas que deixaram o Brasil, perplexo, observa o l\u00edder tucano. O ex-parlamentar afirma que o ministro do Alexandre de Moraes julga sem isen\u00e7\u00e3o.<\/p>\n<figure id=\"attachment_9635\" aria-describedby=\"caption-attachment-9635\" style=\"width: 1080px\" class=\"wp-caption alignnone\"><img loading=\"lazy\" decoding=\"async\" class=\"size-full wp-image-9635\" src=\"https:\/\/renatodias.online\/movimento\/wp-content\/uploads\/2021\/11\/Jardel-Sebba-Link.png\" alt=\"\" width=\"1080\" height=\"1128\" \/><figcaption id=\"caption-attachment-9635\" class=\"wp-caption-text\"><strong>Jardel Sebba<\/strong><\/figcaption><\/figure>\n<p>O advogado <strong>Luciano Almeida de Oliveira<\/strong>, com especializa\u00e7\u00e3o na Escola Superior de Guerra [ESG], de princ\u00edpios liberais, avalia que os ataques vis aos tr\u00eas poderes da Rep\u00fablica n\u00e3o podem ser classificados ou rotulados como terroristas. O operador do Direito recorre \u00e0 Hist\u00f3ria para informar que a Anistia \u00e9 rem\u00e9dio eficaz em tempos de crise e de polariza\u00e7\u00e3o pol\u00edtica, ideol\u00f3gica e social. Jair Messias Bolsonaro iludiu, manipulou e induziu a erros os invasores, ele pontua. A anistia seria um ato de grandeza, acredita.<\/p>\n<figure id=\"attachment_3291\" aria-describedby=\"caption-attachment-3291\" style=\"width: 925px\" class=\"wp-caption alignnone\"><img loading=\"lazy\" decoding=\"async\" class=\"wp-image-3291 size-large\" src=\"https:\/\/renatodias.online\/movimento\/wp-content\/uploads\/2020\/04\/Luciano-Almeida-de-Oliveira-925x1024.jpeg\" alt=\"\" width=\"925\" height=\"1024\" \/><figcaption id=\"caption-attachment-3291\" class=\"wp-caption-text\"><strong>Luciano Almeida de Oliveira<\/strong><\/figcaption><\/figure>\n<p>O maior atentado \u00e0 democracia no Brasil e um dos maiores do mundo. \u00c9 o que resume o advogado, empres\u00e1rio, al\u00e9m de produtor rural <strong>Sebasti\u00e3o Peixoto<\/strong>. O liberal aponta Jair Bolsonaro como o respons\u00e1vel por jogar suspeitas em rela\u00e7\u00e3o \u00e0s urnas eletr\u00f4nicas, ao resultado das elei\u00e7\u00f5es, pelos ataques. Ex-presidente da Agetul e do IMAS, ele admira Alexandre de Moraes. Suplente de vereador, aprova a queda de Ibaneis Rocha e condena a pris\u00e3o de Anderson Torres, ex-ministro. Sem a necessidade, admite.<\/p>\n<figure id=\"attachment_8500\" aria-describedby=\"caption-attachment-8500\" style=\"width: 2560px\" class=\"wp-caption alignnone\"><img loading=\"lazy\" decoding=\"async\" class=\"size-full wp-image-8500\" src=\"https:\/\/renatodias.online\/movimento\/wp-content\/uploads\/2021\/08\/Sebastiao-Peixoto-vereador-scaled.jpg\" alt=\"\" width=\"2560\" height=\"1707\" \/><figcaption id=\"caption-attachment-8500\" class=\"wp-caption-text\"><strong>Sebasti\u00e3o Peixoto<\/strong><\/figcaption><\/figure>\n","protected":false},"excerpt":{"rendered":"<p>Assim ensaiaram os atentados Retrocesso civilizat\u00f3rio Anos de ataques \u00e0 democracia\u00a0 Renato Dias\u00a0 Ato planejado e financiado nas min\u00facias das sombras. Uma convoca\u00e7\u00e3o de massas. Nas m\u00faltiplas plataformas digitais. Mais: com a &#8220;suposta anu\u00eancia&#8221; do Alto Comando das For\u00e7as Armadas. Do Gabinete de Seguran\u00e7a Institucional, Guarda Presidencial. Assim como de uma franja das PMs e<\/p>\n","protected":false},"author":2,"featured_media":15336,"comment_status":"open","ping_status":"open","sticky":false,"template":"","format":"standard","meta":{"_acf_changed":false,"_monsterinsights_skip_tracking":false,"_monsterinsights_sitenote_active":false,"_monsterinsights_sitenote_note":"","_monsterinsights_sitenote_category":0,"footnotes":""},"categories":[35],"tags":[],"class_list":["post-15321","post","type-post","status-publish","format-standard","has-post-thumbnail","hentry","category-nacional"],"acf":[],"yoast_head":"<!-- This site is optimized with the Yoast SEO plugin v27.4 - https:\/\/yoast.com\/product\/yoast-seo-wordpress\/ -->\n<title>Min\u00facias do Terror: anistia, n\u00e3o! -<\/title>\n<meta name=\"robots\" content=\"index, follow, max-snippet:-1, max-image-preview:large, max-video-preview:-1\" \/>\n<link rel=\"canonical\" href=\"https:\/\/renatodias.online\/movimento\/2023\/01\/18\/minucias-do-terror-anistia-nao\/\" \/>\n<meta property=\"og:locale\" content=\"pt_BR\" \/>\n<meta property=\"og:type\" content=\"article\" \/>\n<meta property=\"og:title\" content=\"Min\u00facias do Terror: anistia, n\u00e3o! -\" \/>\n<meta property=\"og:description\" content=\"Assim ensaiaram os atentados Retrocesso civilizat\u00f3rio Anos de ataques \u00e0 democracia\u00a0 Renato Dias\u00a0 Ato planejado e financiado nas min\u00facias das sombras. Uma convoca\u00e7\u00e3o de massas. Nas m\u00faltiplas plataformas digitais. Mais: com a &#8220;suposta anu\u00eancia&#8221; do Alto Comando das For\u00e7as Armadas. Do Gabinete de Seguran\u00e7a Institucional, Guarda Presidencial. Assim como de uma franja das PMs e\" \/>\n<meta property=\"og:url\" content=\"https:\/\/renatodias.online\/movimento\/2023\/01\/18\/minucias-do-terror-anistia-nao\/\" \/>\n<meta property=\"article:publisher\" content=\"https:\/\/www.facebook.com\/renato.dias.37\" \/>\n<meta property=\"article:author\" content=\"https:\/\/www.facebook.com\/renato.dias.37\" \/>\n<meta property=\"article:published_time\" content=\"2023-01-19T01:57:16+00:00\" \/>\n<meta property=\"article:modified_time\" content=\"2023-01-19T02:12:56+00:00\" \/>\n<meta property=\"og:image\" content=\"https:\/\/renatodias.online\/movimento\/wp-content\/uploads\/2023\/01\/Jair-Bolsonaro-O-medo-da-prisao-e1674094031228.jpg\" \/>\n\t<meta property=\"og:image:width\" content=\"360\" \/>\n\t<meta property=\"og:image:height\" content=\"240\" \/>\n\t<meta property=\"og:image:type\" content=\"image\/jpeg\" \/>\n<meta name=\"author\" content=\"Renato Dias\" \/>\n<meta name=\"twitter:card\" content=\"summary_large_image\" \/>\n<meta name=\"twitter:creator\" content=\"@RenatoDiasBat\" \/>\n<meta name=\"twitter:site\" content=\"@RenatoDiasBat\" \/>\n<meta name=\"twitter:label1\" content=\"Escrito por\" \/>\n\t<meta name=\"twitter:data1\" content=\"Renato Dias\" \/>\n\t<meta name=\"twitter:label2\" content=\"Est. tempo de leitura\" \/>\n\t<meta name=\"twitter:data2\" content=\"20 minutos\" \/>\n<script type=\"application\/ld+json\" class=\"yoast-schema-graph\">{\"@context\":\"https:\\\/\\\/schema.org\",\"@graph\":[{\"@type\":\"Article\",\"@id\":\"https:\\\/\\\/renatodias.online\\\/movimento\\\/2023\\\/01\\\/18\\\/minucias-do-terror-anistia-nao\\\/#article\",\"isPartOf\":{\"@id\":\"https:\\\/\\\/renatodias.online\\\/movimento\\\/2023\\\/01\\\/18\\\/minucias-do-terror-anistia-nao\\\/\"},\"author\":{\"name\":\"Renato Dias\",\"@id\":\"https:\\\/\\\/renatodias.online\\\/movimento\\\/#\\\/schema\\\/person\\\/bbab28833b1725a20f4083f49f1fb2a9\"},\"headline\":\"Min\u00facias do Terror: anistia, n\u00e3o!\",\"datePublished\":\"2023-01-19T01:57:16+00:00\",\"dateModified\":\"2023-01-19T02:12:56+00:00\",\"mainEntityOfPage\":{\"@id\":\"https:\\\/\\\/renatodias.online\\\/movimento\\\/2023\\\/01\\\/18\\\/minucias-do-terror-anistia-nao\\\/\"},\"wordCount\":4094,\"commentCount\":0,\"publisher\":{\"@id\":\"https:\\\/\\\/renatodias.online\\\/movimento\\\/#\\\/schema\\\/person\\\/bbab28833b1725a20f4083f49f1fb2a9\"},\"image\":{\"@id\":\"https:\\\/\\\/renatodias.online\\\/movimento\\\/2023\\\/01\\\/18\\\/minucias-do-terror-anistia-nao\\\/#primaryimage\"},\"thumbnailUrl\":\"https:\\\/\\\/renatodias.online\\\/movimento\\\/wp-content\\\/uploads\\\/2023\\\/01\\\/Jair-Bolsonaro-O-medo-da-prisao-e1681525158637.jpg\",\"articleSection\":[\"Nacional\"],\"inLanguage\":\"pt-BR\",\"potentialAction\":[{\"@type\":\"CommentAction\",\"name\":\"Comment\",\"target\":[\"https:\\\/\\\/renatodias.online\\\/movimento\\\/2023\\\/01\\\/18\\\/minucias-do-terror-anistia-nao\\\/#respond\"]}]},{\"@type\":\"WebPage\",\"@id\":\"https:\\\/\\\/renatodias.online\\\/movimento\\\/2023\\\/01\\\/18\\\/minucias-do-terror-anistia-nao\\\/\",\"url\":\"https:\\\/\\\/renatodias.online\\\/movimento\\\/2023\\\/01\\\/18\\\/minucias-do-terror-anistia-nao\\\/\",\"name\":\"Min\u00facias do Terror: anistia, n\u00e3o! -\",\"isPartOf\":{\"@id\":\"https:\\\/\\\/renatodias.online\\\/movimento\\\/#website\"},\"primaryImageOfPage\":{\"@id\":\"https:\\\/\\\/renatodias.online\\\/movimento\\\/2023\\\/01\\\/18\\\/minucias-do-terror-anistia-nao\\\/#primaryimage\"},\"image\":{\"@id\":\"https:\\\/\\\/renatodias.online\\\/movimento\\\/2023\\\/01\\\/18\\\/minucias-do-terror-anistia-nao\\\/#primaryimage\"},\"thumbnailUrl\":\"https:\\\/\\\/renatodias.online\\\/movimento\\\/wp-content\\\/uploads\\\/2023\\\/01\\\/Jair-Bolsonaro-O-medo-da-prisao-e1681525158637.jpg\",\"datePublished\":\"2023-01-19T01:57:16+00:00\",\"dateModified\":\"2023-01-19T02:12:56+00:00\",\"breadcrumb\":{\"@id\":\"https:\\\/\\\/renatodias.online\\\/movimento\\\/2023\\\/01\\\/18\\\/minucias-do-terror-anistia-nao\\\/#breadcrumb\"},\"inLanguage\":\"pt-BR\",\"potentialAction\":[{\"@type\":\"ReadAction\",\"target\":[\"https:\\\/\\\/renatodias.online\\\/movimento\\\/2023\\\/01\\\/18\\\/minucias-do-terror-anistia-nao\\\/\"]}]},{\"@type\":\"ImageObject\",\"inLanguage\":\"pt-BR\",\"@id\":\"https:\\\/\\\/renatodias.online\\\/movimento\\\/2023\\\/01\\\/18\\\/minucias-do-terror-anistia-nao\\\/#primaryimage\",\"url\":\"https:\\\/\\\/renatodias.online\\\/movimento\\\/wp-content\\\/uploads\\\/2023\\\/01\\\/Jair-Bolsonaro-O-medo-da-prisao-e1681525158637.jpg\",\"contentUrl\":\"https:\\\/\\\/renatodias.online\\\/movimento\\\/wp-content\\\/uploads\\\/2023\\\/01\\\/Jair-Bolsonaro-O-medo-da-prisao-e1681525158637.jpg\",\"width\":800,\"height\":533,\"caption\":\"O medo da derrocada e da pris\u00e3o\"},{\"@type\":\"BreadcrumbList\",\"@id\":\"https:\\\/\\\/renatodias.online\\\/movimento\\\/2023\\\/01\\\/18\\\/minucias-do-terror-anistia-nao\\\/#breadcrumb\",\"itemListElement\":[{\"@type\":\"ListItem\",\"position\":1,\"name\":\"In\u00edcio\",\"item\":\"https:\\\/\\\/renatodias.online\\\/movimento\\\/\"},{\"@type\":\"ListItem\",\"position\":2,\"name\":\"Min\u00facias do Terror: anistia, n\u00e3o!\"}]},{\"@type\":\"WebSite\",\"@id\":\"https:\\\/\\\/renatodias.online\\\/movimento\\\/#website\",\"url\":\"https:\\\/\\\/renatodias.online\\\/movimento\\\/\",\"name\":\"\",\"description\":\"\",\"publisher\":{\"@id\":\"https:\\\/\\\/renatodias.online\\\/movimento\\\/#\\\/schema\\\/person\\\/bbab28833b1725a20f4083f49f1fb2a9\"},\"potentialAction\":[{\"@type\":\"SearchAction\",\"target\":{\"@type\":\"EntryPoint\",\"urlTemplate\":\"https:\\\/\\\/renatodias.online\\\/movimento\\\/?s={search_term_string}\"},\"query-input\":{\"@type\":\"PropertyValueSpecification\",\"valueRequired\":true,\"valueName\":\"search_term_string\"}}],\"inLanguage\":\"pt-BR\"},{\"@type\":[\"Person\",\"Organization\"],\"@id\":\"https:\\\/\\\/renatodias.online\\\/movimento\\\/#\\\/schema\\\/person\\\/bbab28833b1725a20f4083f49f1fb2a9\",\"name\":\"Renato Dias\",\"image\":{\"@type\":\"ImageObject\",\"inLanguage\":\"pt-BR\",\"@id\":\"https:\\\/\\\/renatodias.online\\\/movimento\\\/wp-content\\\/uploads\\\/2023\\\/03\\\/cropped-cropped-cropped-logofinal.jpeg\",\"url\":\"https:\\\/\\\/renatodias.online\\\/movimento\\\/wp-content\\\/uploads\\\/2023\\\/03\\\/cropped-cropped-cropped-logofinal.jpeg\",\"contentUrl\":\"https:\\\/\\\/renatodias.online\\\/movimento\\\/wp-content\\\/uploads\\\/2023\\\/03\\\/cropped-cropped-cropped-logofinal.jpeg\",\"width\":1280,\"height\":219,\"caption\":\"Renato Dias\"},\"logo\":{\"@id\":\"https:\\\/\\\/renatodias.online\\\/movimento\\\/wp-content\\\/uploads\\\/2023\\\/03\\\/cropped-cropped-cropped-logofinal.jpeg\"},\"description\":\"Renato Dias, 58 anos, \u00e9 graduado em Jornalismo, formado em Ci\u00eancias Sociais, com p\u00f3s-gradua\u00e7\u00e3o em Pol\u00edticas P\u00fablicas, mestre em Direito e Rela\u00e7\u00f5es Internacionais, ex-aluno extraordin\u00e1rio do Doutorado em Psicologia Social, ex-estudante do Curso de Psican\u00e1lise do Centro de Estudos Psicanal\u00edticos do Estado de Goi\u00e1s, ministrado pelo m\u00e9dico psiquiatra e psicanalista Daniel Em\u00eddio de Souza. \u00c9 autor de 30 livros-reportagem, oito document\u00e1rios, ganhou 30 pr\u00eamios e \u00e9 torcedor apaixonado do maior do Centro-Oeste, o Vila Nova Futebol Clube. Casado com Meirilane Dias, \u00e9 pai de Juliana Dias, jornalista; Daniel Dias, economista; e Maria Rosa Dias, estudante antifascista, socialista e trotskista.\u00a0Com tr\u00eas pets: Porquinho [Bull Dog Franc\u00eas], Dalila [Basset Hound] e Geleia [Basset Hound]. Al\u00e9m do eterno gato Tutuquinho, que virou estrela.\",\"sameAs\":[\"https:\\\/\\\/www.facebook.com\\\/renato.dias.37\",\"#breve\",\"https:\\\/\\\/renatodias.tumblr.com\\\/\"],\"url\":\"https:\\\/\\\/renatodias.online\\\/movimento\\\/author\\\/renatodias\\\/\"}]}<\/script>\n<!-- \/ Yoast SEO plugin. -->","yoast_head_json":{"title":"Min\u00facias do Terror: anistia, n\u00e3o! -","robots":{"index":"index","follow":"follow","max-snippet":"max-snippet:-1","max-image-preview":"max-image-preview:large","max-video-preview":"max-video-preview:-1"},"canonical":"https:\/\/renatodias.online\/movimento\/2023\/01\/18\/minucias-do-terror-anistia-nao\/","og_locale":"pt_BR","og_type":"article","og_title":"Min\u00facias do Terror: anistia, n\u00e3o! -","og_description":"Assim ensaiaram os atentados Retrocesso civilizat\u00f3rio Anos de ataques \u00e0 democracia\u00a0 Renato Dias\u00a0 Ato planejado e financiado nas min\u00facias das sombras. Uma convoca\u00e7\u00e3o de massas. Nas m\u00faltiplas plataformas digitais. Mais: com a &#8220;suposta anu\u00eancia&#8221; do Alto Comando das For\u00e7as Armadas. Do Gabinete de Seguran\u00e7a Institucional, Guarda Presidencial. Assim como de uma franja das PMs e","og_url":"https:\/\/renatodias.online\/movimento\/2023\/01\/18\/minucias-do-terror-anistia-nao\/","article_publisher":"https:\/\/www.facebook.com\/renato.dias.37","article_author":"https:\/\/www.facebook.com\/renato.dias.37","article_published_time":"2023-01-19T01:57:16+00:00","article_modified_time":"2023-01-19T02:12:56+00:00","og_image":[{"width":360,"height":240,"url":"https:\/\/renatodias.online\/movimento\/wp-content\/uploads\/2023\/01\/Jair-Bolsonaro-O-medo-da-prisao-e1674094031228.jpg","type":"image\/jpeg"}],"author":"Renato Dias","twitter_card":"summary_large_image","twitter_creator":"@RenatoDiasBat","twitter_site":"@RenatoDiasBat","twitter_misc":{"Escrito por":"Renato Dias","Est. tempo de leitura":"20 minutos"},"schema":{"@context":"https:\/\/schema.org","@graph":[{"@type":"Article","@id":"https:\/\/renatodias.online\/movimento\/2023\/01\/18\/minucias-do-terror-anistia-nao\/#article","isPartOf":{"@id":"https:\/\/renatodias.online\/movimento\/2023\/01\/18\/minucias-do-terror-anistia-nao\/"},"author":{"name":"Renato Dias","@id":"https:\/\/renatodias.online\/movimento\/#\/schema\/person\/bbab28833b1725a20f4083f49f1fb2a9"},"headline":"Min\u00facias do Terror: anistia, n\u00e3o!","datePublished":"2023-01-19T01:57:16+00:00","dateModified":"2023-01-19T02:12:56+00:00","mainEntityOfPage":{"@id":"https:\/\/renatodias.online\/movimento\/2023\/01\/18\/minucias-do-terror-anistia-nao\/"},"wordCount":4094,"commentCount":0,"publisher":{"@id":"https:\/\/renatodias.online\/movimento\/#\/schema\/person\/bbab28833b1725a20f4083f49f1fb2a9"},"image":{"@id":"https:\/\/renatodias.online\/movimento\/2023\/01\/18\/minucias-do-terror-anistia-nao\/#primaryimage"},"thumbnailUrl":"https:\/\/renatodias.online\/movimento\/wp-content\/uploads\/2023\/01\/Jair-Bolsonaro-O-medo-da-prisao-e1681525158637.jpg","articleSection":["Nacional"],"inLanguage":"pt-BR","potentialAction":[{"@type":"CommentAction","name":"Comment","target":["https:\/\/renatodias.online\/movimento\/2023\/01\/18\/minucias-do-terror-anistia-nao\/#respond"]}]},{"@type":"WebPage","@id":"https:\/\/renatodias.online\/movimento\/2023\/01\/18\/minucias-do-terror-anistia-nao\/","url":"https:\/\/renatodias.online\/movimento\/2023\/01\/18\/minucias-do-terror-anistia-nao\/","name":"Min\u00facias do Terror: anistia, n\u00e3o! -","isPartOf":{"@id":"https:\/\/renatodias.online\/movimento\/#website"},"primaryImageOfPage":{"@id":"https:\/\/renatodias.online\/movimento\/2023\/01\/18\/minucias-do-terror-anistia-nao\/#primaryimage"},"image":{"@id":"https:\/\/renatodias.online\/movimento\/2023\/01\/18\/minucias-do-terror-anistia-nao\/#primaryimage"},"thumbnailUrl":"https:\/\/renatodias.online\/movimento\/wp-content\/uploads\/2023\/01\/Jair-Bolsonaro-O-medo-da-prisao-e1681525158637.jpg","datePublished":"2023-01-19T01:57:16+00:00","dateModified":"2023-01-19T02:12:56+00:00","breadcrumb":{"@id":"https:\/\/renatodias.online\/movimento\/2023\/01\/18\/minucias-do-terror-anistia-nao\/#breadcrumb"},"inLanguage":"pt-BR","potentialAction":[{"@type":"ReadAction","target":["https:\/\/renatodias.online\/movimento\/2023\/01\/18\/minucias-do-terror-anistia-nao\/"]}]},{"@type":"ImageObject","inLanguage":"pt-BR","@id":"https:\/\/renatodias.online\/movimento\/2023\/01\/18\/minucias-do-terror-anistia-nao\/#primaryimage","url":"https:\/\/renatodias.online\/movimento\/wp-content\/uploads\/2023\/01\/Jair-Bolsonaro-O-medo-da-prisao-e1681525158637.jpg","contentUrl":"https:\/\/renatodias.online\/movimento\/wp-content\/uploads\/2023\/01\/Jair-Bolsonaro-O-medo-da-prisao-e1681525158637.jpg","width":800,"height":533,"caption":"O medo da derrocada e da pris\u00e3o"},{"@type":"BreadcrumbList","@id":"https:\/\/renatodias.online\/movimento\/2023\/01\/18\/minucias-do-terror-anistia-nao\/#breadcrumb","itemListElement":[{"@type":"ListItem","position":1,"name":"In\u00edcio","item":"https:\/\/renatodias.online\/movimento\/"},{"@type":"ListItem","position":2,"name":"Min\u00facias do Terror: anistia, n\u00e3o!"}]},{"@type":"WebSite","@id":"https:\/\/renatodias.online\/movimento\/#website","url":"https:\/\/renatodias.online\/movimento\/","name":"","description":"","publisher":{"@id":"https:\/\/renatodias.online\/movimento\/#\/schema\/person\/bbab28833b1725a20f4083f49f1fb2a9"},"potentialAction":[{"@type":"SearchAction","target":{"@type":"EntryPoint","urlTemplate":"https:\/\/renatodias.online\/movimento\/?s={search_term_string}"},"query-input":{"@type":"PropertyValueSpecification","valueRequired":true,"valueName":"search_term_string"}}],"inLanguage":"pt-BR"},{"@type":["Person","Organization"],"@id":"https:\/\/renatodias.online\/movimento\/#\/schema\/person\/bbab28833b1725a20f4083f49f1fb2a9","name":"Renato Dias","image":{"@type":"ImageObject","inLanguage":"pt-BR","@id":"https:\/\/renatodias.online\/movimento\/wp-content\/uploads\/2023\/03\/cropped-cropped-cropped-logofinal.jpeg","url":"https:\/\/renatodias.online\/movimento\/wp-content\/uploads\/2023\/03\/cropped-cropped-cropped-logofinal.jpeg","contentUrl":"https:\/\/renatodias.online\/movimento\/wp-content\/uploads\/2023\/03\/cropped-cropped-cropped-logofinal.jpeg","width":1280,"height":219,"caption":"Renato Dias"},"logo":{"@id":"https:\/\/renatodias.online\/movimento\/wp-content\/uploads\/2023\/03\/cropped-cropped-cropped-logofinal.jpeg"},"description":"Renato Dias, 58 anos, \u00e9 graduado em Jornalismo, formado em Ci\u00eancias Sociais, com p\u00f3s-gradua\u00e7\u00e3o em Pol\u00edticas P\u00fablicas, mestre em Direito e Rela\u00e7\u00f5es Internacionais, ex-aluno extraordin\u00e1rio do Doutorado em Psicologia Social, ex-estudante do Curso de Psican\u00e1lise do Centro de Estudos Psicanal\u00edticos do Estado de Goi\u00e1s, ministrado pelo m\u00e9dico psiquiatra e psicanalista Daniel Em\u00eddio de Souza. \u00c9 autor de 30 livros-reportagem, oito document\u00e1rios, ganhou 30 pr\u00eamios e \u00e9 torcedor apaixonado do maior do Centro-Oeste, o Vila Nova Futebol Clube. Casado com Meirilane Dias, \u00e9 pai de Juliana Dias, jornalista; Daniel Dias, economista; e Maria Rosa Dias, estudante antifascista, socialista e trotskista.\u00a0Com tr\u00eas pets: Porquinho [Bull Dog Franc\u00eas], Dalila [Basset Hound] e Geleia [Basset Hound]. Al\u00e9m do eterno gato Tutuquinho, que virou estrela.","sameAs":["https:\/\/www.facebook.com\/renato.dias.37","#breve","https:\/\/renatodias.tumblr.com\/"],"url":"https:\/\/renatodias.online\/movimento\/author\/renatodias\/"}]}},"_links":{"self":[{"href":"https:\/\/renatodias.online\/movimento\/wp-json\/wp\/v2\/posts\/15321","targetHints":{"allow":["GET"]}}],"collection":[{"href":"https:\/\/renatodias.online\/movimento\/wp-json\/wp\/v2\/posts"}],"about":[{"href":"https:\/\/renatodias.online\/movimento\/wp-json\/wp\/v2\/types\/post"}],"author":[{"embeddable":true,"href":"https:\/\/renatodias.online\/movimento\/wp-json\/wp\/v2\/users\/2"}],"replies":[{"embeddable":true,"href":"https:\/\/renatodias.online\/movimento\/wp-json\/wp\/v2\/comments?post=15321"}],"version-history":[{"count":4,"href":"https:\/\/renatodias.online\/movimento\/wp-json\/wp\/v2\/posts\/15321\/revisions"}],"predecessor-version":[{"id":15338,"href":"https:\/\/renatodias.online\/movimento\/wp-json\/wp\/v2\/posts\/15321\/revisions\/15338"}],"wp:featuredmedia":[{"embeddable":true,"href":"https:\/\/renatodias.online\/movimento\/wp-json\/wp\/v2\/media\/15336"}],"wp:attachment":[{"href":"https:\/\/renatodias.online\/movimento\/wp-json\/wp\/v2\/media?parent=15321"}],"wp:term":[{"taxonomy":"category","embeddable":true,"href":"https:\/\/renatodias.online\/movimento\/wp-json\/wp\/v2\/categories?post=15321"},{"taxonomy":"post_tag","embeddable":true,"href":"https:\/\/renatodias.online\/movimento\/wp-json\/wp\/v2\/tags?post=15321"}],"curies":[{"name":"wp","href":"https:\/\/api.w.org\/{rel}","templated":true}]}}