{"id":1522,"date":"2019-07-25T17:49:11","date_gmt":"2019-07-25T20:49:11","guid":{"rendered":"http:\/\/renatodias.online\/gyn\/?p=1522"},"modified":"2019-07-25T17:49:11","modified_gmt":"2019-07-25T20:49:11","slug":"semana-do-hip-hop-saira-em-dezembro-projeto-de-lei-e-formulado-por-mano-cdj-e-apresentado-pelo-deputado-estadual-karlos-cabral","status":"publish","type":"post","link":"https:\/\/renatodias.online\/movimento\/2019\/07\/25\/semana-do-hip-hop-saira-em-dezembro-projeto-de-lei-e-formulado-por-mano-cdj-e-apresentado-pelo-deputado-estadual-karlos-cabral\/","title":{"rendered":"Semana do Hip Hop sair\u00e1 em dezembro Projeto de lei \u00e9 formulado por Mano CDJ e apresentado pelo deputado estadual Karlos Cabral"},"content":{"rendered":"<p>\t\t\t\t<strong>Cultura da periferia<\/strong><\/p>\n<p><strong>Semana do Hip Hop sair\u00e1 em dezembro<\/strong><\/p>\n<figure id=\"attachment_1524\" aria-describedby=\"caption-attachment-1524\" style=\"width: 750px\" class=\"wp-caption aligncenter\"><img loading=\"lazy\" decoding=\"async\" src=\"https:\/\/renatodias.online\/wp-content\/uploads\/2019\/07\/Karlos-Cabral-PDT.jpg\" alt=\"\" width=\"750\" height=\"506\" class=\"wp-image-1524 \" \/><figcaption id=\"caption-attachment-1524\" class=\"wp-caption-text\">Karlos Cabral &#8211; PDT<\/figcaption><\/figure>\n<p><strong>Projeto de lei \u00e9 formulado por <\/strong><strong>Mano CDJ e apresentado pelo deputado estadual Karlos <\/strong><strong>Cabral<\/strong><\/p>\n<p><strong>Renato Dias<\/strong><\/p>\n<p><strong>\u00a0<\/strong><\/p>\n<p>Sancionada pelo Gabinete Civil e j\u00e1 publicada no Di\u00e1rio Oficial, a Lei n\u00ba 20.500, de 28 de Junho de 2019, instituir\u00e1 a \u2018Semana Estadual da Cultura Hip-Hop\u2019. Para inclu\u00ed-la no \u2018Calend\u00e1rio Oficial do Estado de Goi\u00e1s\u2019. O projeto \u00e9 de autoria do deputado estadual Karlos Cabral [PDT]. As a\u00e7\u00f5es culturais e comemorativas ser\u00e3o realizadas na primeira semana de dezembro. \u00c9 o que informa, com exclusividade, <span>\u200b<\/span> o Produtor Cultural, M\u00fasico ([Rapper], \u00a0Cleubismar de Jesus. O artista underground e ativista \u00e9 chamado no circuito da vanguarda est\u00e9tica como \u2018Mano CDJ\u2019.<\/p>\n<figure id=\"attachment_1523\" aria-describedby=\"caption-attachment-1523\" style=\"width: 750px\" class=\"wp-caption aligncenter\"><img loading=\"lazy\" decoding=\"async\" src=\"https:\/\/renatodias.online\/wp-content\/uploads\/2019\/07\/IMG-20190717-WA0015-1024x680.jpg\" alt=\"\" width=\"750\" height=\"498\" class=\"wp-image-1523 size-large\" \/><figcaption id=\"caption-attachment-1523\" class=\"wp-caption-text\">Mano CDJ<\/figcaption><\/figure>\n<p>As Pol\u00edticas P\u00fablicas ser\u00e3o executadas pelo Poder P\u00fablico Estadual e a sociedade civil organi\u00adzada, relata. A programa\u00e7\u00e3o da Semana Estadual da Cultura Hip-Hop estabelece a realiza\u00e7\u00e3o de e\u00adven\u00adtos, manifesta\u00e7\u00f5es art\u00edsticas, oficinas, debates, palestras e incentivos para divulgar e pro\u00ad\u00admo\u00adver a cultura Hip-Hop nos 246 munic\u00edpios de Goi\u00e1s. A medida estimula ainda o Turismo no Estado, sublinha. A ideia original da Semana da Cultura Hip Hop surgiu em 2018 na 3\u00aa edi\u00e7\u00e3o do Projeto Politizar [Projeto de extens\u00e3o da UFG em parceria com a Assembleia], atira.<\/p>\n<p>O Rapper Mano CDJ e a presidente da Casa de Cultura da Juventude, Lohane Sizervincio Ma\u00adcha\u00addo, se reuniram com o deputado estadual Karlos Cabral. Ap\u00f3s o tr\u00e2mite legislativo, a men\u00adsagem acabou aprovada e enviada ao Gabinete Civil do Estado. Para a Cultura Urbana \u00e9 uma conquista estrat\u00e9gica, observa. O Hip Hop hoje est\u00e1 espalhado em Goi\u00e1s, no Centro-Oeste do Pa\u00eds e no Brasil, pontua. Com a Lei Estadual ser\u00e1 poss\u00edvel alcan\u00e7ar, fortalecer e divulgar os ar\u00adtis\u00adtas e conscientizar a popula\u00e7\u00e3o sobre o papel civilizador da arte urbana e da cultura Hip Hop<\/p>\n<p><strong>Arte Urbana<\/strong><\/p>\n<p>A Cultura Hip Hop apoia-se nos seguintes pilares: a mixagem de ritmos [DJ], as poesias r\u00edtmicas [Rap[, as dan\u00e7as de rua [break, locking, popping], as manifesta\u00e7\u00f5es pl\u00e1sticas de arte em muros e paredes [grafite] e os improvisos com as palavras rimadas [Batalhas de MCs]. O Hip Hop \u00e9 a cultura das ruas, movimento de reivindica\u00e7\u00e3o social, que se traduz no canto do rap, com suas letras que mostram a realidade social e a express\u00e3o cultural, na instrumenta\u00e7\u00e3o dos DJs, break dance, na pintura do grafite, nas batalhas de rimas e em manifesta\u00e7\u00f5es, dispara Mano CDJ.\t\t<\/p>\n","protected":false},"excerpt":{"rendered":"<p>Cultura da periferia Semana do Hip Hop sair\u00e1 em dezembro Projeto de lei \u00e9 formulado por Mano CDJ e apresentado pelo deputado estadual Karlos Cabral Renato Dias \u00a0 Sancionada pelo Gabinete Civil e j\u00e1 publicada no Di\u00e1rio Oficial, a Lei n\u00ba 20.500, de 28 de Junho de 2019, instituir\u00e1 a \u2018Semana Estadual da Cultura Hip-Hop\u2019.<\/p>\n","protected":false},"author":2,"featured_media":1524,"comment_status":"open","ping_status":"open","sticky":false,"template":"","format":"standard","meta":{"_acf_changed":false,"_monsterinsights_skip_tracking":false,"_monsterinsights_sitenote_active":false,"_monsterinsights_sitenote_note":"","_monsterinsights_sitenote_category":0,"footnotes":""},"categories":[28,4],"tags":[],"class_list":["post-1522","post","type-post","status-publish","format-standard","has-post-thumbnail","hentry","category-cultura","category-politica"],"acf":[],"yoast_head":"<!-- This site is optimized with the Yoast SEO plugin v27.4 - https:\/\/yoast.com\/product\/yoast-seo-wordpress\/ -->\n<title>Semana do Hip Hop sair\u00e1 em dezembro Projeto de lei \u00e9 formulado por Mano CDJ e apresentado pelo deputado estadual Karlos Cabral -<\/title>\n<meta name=\"robots\" content=\"index, follow, max-snippet:-1, max-image-preview:large, max-video-preview:-1\" \/>\n<link rel=\"canonical\" href=\"https:\/\/renatodias.online\/movimento\/2019\/07\/25\/semana-do-hip-hop-saira-em-dezembro-projeto-de-lei-e-formulado-por-mano-cdj-e-apresentado-pelo-deputado-estadual-karlos-cabral\/\" \/>\n<meta property=\"og:locale\" content=\"pt_BR\" \/>\n<meta property=\"og:type\" content=\"article\" \/>\n<meta property=\"og:title\" content=\"Semana do Hip Hop sair\u00e1 em dezembro Projeto de lei \u00e9 formulado por Mano CDJ e apresentado pelo deputado estadual Karlos Cabral -\" \/>\n<meta property=\"og:description\" content=\"Cultura da periferia Semana do Hip Hop sair\u00e1 em dezembro Projeto de lei \u00e9 formulado por Mano CDJ e apresentado pelo deputado estadual Karlos Cabral Renato Dias \u00a0 Sancionada pelo Gabinete Civil e j\u00e1 publicada no Di\u00e1rio Oficial, a Lei n\u00ba 20.500, de 28 de Junho de 2019, instituir\u00e1 a \u2018Semana Estadual da Cultura Hip-Hop\u2019.\" \/>\n<meta property=\"og:url\" content=\"https:\/\/renatodias.online\/movimento\/2019\/07\/25\/semana-do-hip-hop-saira-em-dezembro-projeto-de-lei-e-formulado-por-mano-cdj-e-apresentado-pelo-deputado-estadual-karlos-cabral\/\" \/>\n<meta property=\"article:publisher\" content=\"https:\/\/www.facebook.com\/renato.dias.37\" \/>\n<meta property=\"article:author\" content=\"https:\/\/www.facebook.com\/renato.dias.37\" \/>\n<meta property=\"article:published_time\" content=\"2019-07-25T20:49:11+00:00\" \/>\n<meta name=\"author\" content=\"Renato Dias\" \/>\n<meta name=\"twitter:card\" content=\"summary_large_image\" \/>\n<meta name=\"twitter:creator\" content=\"@RenatoDiasBat\" \/>\n<meta name=\"twitter:site\" content=\"@RenatoDiasBat\" \/>\n<meta name=\"twitter:label1\" content=\"Escrito por\" \/>\n\t<meta name=\"twitter:data1\" content=\"Renato Dias\" \/>\n\t<meta name=\"twitter:label2\" content=\"Est. tempo de leitura\" \/>\n\t<meta name=\"twitter:data2\" content=\"2 minutos\" \/>\n<script type=\"application\/ld+json\" class=\"yoast-schema-graph\">{\"@context\":\"https:\\\/\\\/schema.org\",\"@graph\":[{\"@type\":\"Article\",\"@id\":\"https:\\\/\\\/renatodias.online\\\/movimento\\\/2019\\\/07\\\/25\\\/semana-do-hip-hop-saira-em-dezembro-projeto-de-lei-e-formulado-por-mano-cdj-e-apresentado-pelo-deputado-estadual-karlos-cabral\\\/#article\",\"isPartOf\":{\"@id\":\"https:\\\/\\\/renatodias.online\\\/movimento\\\/2019\\\/07\\\/25\\\/semana-do-hip-hop-saira-em-dezembro-projeto-de-lei-e-formulado-por-mano-cdj-e-apresentado-pelo-deputado-estadual-karlos-cabral\\\/\"},\"author\":{\"name\":\"Renato Dias\",\"@id\":\"https:\\\/\\\/renatodias.online\\\/movimento\\\/#\\\/schema\\\/person\\\/bbab28833b1725a20f4083f49f1fb2a9\"},\"headline\":\"Semana do Hip Hop sair\u00e1 em dezembro Projeto de lei \u00e9 formulado por Mano CDJ e apresentado pelo deputado estadual Karlos Cabral\",\"datePublished\":\"2019-07-25T20:49:11+00:00\",\"mainEntityOfPage\":{\"@id\":\"https:\\\/\\\/renatodias.online\\\/movimento\\\/2019\\\/07\\\/25\\\/semana-do-hip-hop-saira-em-dezembro-projeto-de-lei-e-formulado-por-mano-cdj-e-apresentado-pelo-deputado-estadual-karlos-cabral\\\/\"},\"wordCount\":464,\"commentCount\":0,\"publisher\":{\"@id\":\"https:\\\/\\\/renatodias.online\\\/movimento\\\/#\\\/schema\\\/person\\\/bbab28833b1725a20f4083f49f1fb2a9\"},\"image\":{\"@id\":\"https:\\\/\\\/renatodias.online\\\/movimento\\\/2019\\\/07\\\/25\\\/semana-do-hip-hop-saira-em-dezembro-projeto-de-lei-e-formulado-por-mano-cdj-e-apresentado-pelo-deputado-estadual-karlos-cabral\\\/#primaryimage\"},\"thumbnailUrl\":\"\",\"articleSection\":[\"Cultura\",\"Pol\u00edtica\"],\"inLanguage\":\"pt-BR\",\"potentialAction\":[{\"@type\":\"CommentAction\",\"name\":\"Comment\",\"target\":[\"https:\\\/\\\/renatodias.online\\\/movimento\\\/2019\\\/07\\\/25\\\/semana-do-hip-hop-saira-em-dezembro-projeto-de-lei-e-formulado-por-mano-cdj-e-apresentado-pelo-deputado-estadual-karlos-cabral\\\/#respond\"]}]},{\"@type\":\"WebPage\",\"@id\":\"https:\\\/\\\/renatodias.online\\\/movimento\\\/2019\\\/07\\\/25\\\/semana-do-hip-hop-saira-em-dezembro-projeto-de-lei-e-formulado-por-mano-cdj-e-apresentado-pelo-deputado-estadual-karlos-cabral\\\/\",\"url\":\"https:\\\/\\\/renatodias.online\\\/movimento\\\/2019\\\/07\\\/25\\\/semana-do-hip-hop-saira-em-dezembro-projeto-de-lei-e-formulado-por-mano-cdj-e-apresentado-pelo-deputado-estadual-karlos-cabral\\\/\",\"name\":\"Semana do Hip Hop sair\u00e1 em dezembro Projeto de lei \u00e9 formulado por Mano CDJ e apresentado pelo deputado estadual Karlos Cabral -\",\"isPartOf\":{\"@id\":\"https:\\\/\\\/renatodias.online\\\/movimento\\\/#website\"},\"primaryImageOfPage\":{\"@id\":\"https:\\\/\\\/renatodias.online\\\/movimento\\\/2019\\\/07\\\/25\\\/semana-do-hip-hop-saira-em-dezembro-projeto-de-lei-e-formulado-por-mano-cdj-e-apresentado-pelo-deputado-estadual-karlos-cabral\\\/#primaryimage\"},\"image\":{\"@id\":\"https:\\\/\\\/renatodias.online\\\/movimento\\\/2019\\\/07\\\/25\\\/semana-do-hip-hop-saira-em-dezembro-projeto-de-lei-e-formulado-por-mano-cdj-e-apresentado-pelo-deputado-estadual-karlos-cabral\\\/#primaryimage\"},\"thumbnailUrl\":\"\",\"datePublished\":\"2019-07-25T20:49:11+00:00\",\"breadcrumb\":{\"@id\":\"https:\\\/\\\/renatodias.online\\\/movimento\\\/2019\\\/07\\\/25\\\/semana-do-hip-hop-saira-em-dezembro-projeto-de-lei-e-formulado-por-mano-cdj-e-apresentado-pelo-deputado-estadual-karlos-cabral\\\/#breadcrumb\"},\"inLanguage\":\"pt-BR\",\"potentialAction\":[{\"@type\":\"ReadAction\",\"target\":[\"https:\\\/\\\/renatodias.online\\\/movimento\\\/2019\\\/07\\\/25\\\/semana-do-hip-hop-saira-em-dezembro-projeto-de-lei-e-formulado-por-mano-cdj-e-apresentado-pelo-deputado-estadual-karlos-cabral\\\/\"]}]},{\"@type\":\"ImageObject\",\"inLanguage\":\"pt-BR\",\"@id\":\"https:\\\/\\\/renatodias.online\\\/movimento\\\/2019\\\/07\\\/25\\\/semana-do-hip-hop-saira-em-dezembro-projeto-de-lei-e-formulado-por-mano-cdj-e-apresentado-pelo-deputado-estadual-karlos-cabral\\\/#primaryimage\",\"url\":\"\",\"contentUrl\":\"\"},{\"@type\":\"BreadcrumbList\",\"@id\":\"https:\\\/\\\/renatodias.online\\\/movimento\\\/2019\\\/07\\\/25\\\/semana-do-hip-hop-saira-em-dezembro-projeto-de-lei-e-formulado-por-mano-cdj-e-apresentado-pelo-deputado-estadual-karlos-cabral\\\/#breadcrumb\",\"itemListElement\":[{\"@type\":\"ListItem\",\"position\":1,\"name\":\"In\u00edcio\",\"item\":\"https:\\\/\\\/renatodias.online\\\/movimento\\\/\"},{\"@type\":\"ListItem\",\"position\":2,\"name\":\"Semana do Hip Hop sair\u00e1 em dezembro Projeto de lei \u00e9 formulado por Mano CDJ e apresentado pelo deputado estadual Karlos Cabral\"}]},{\"@type\":\"WebSite\",\"@id\":\"https:\\\/\\\/renatodias.online\\\/movimento\\\/#website\",\"url\":\"https:\\\/\\\/renatodias.online\\\/movimento\\\/\",\"name\":\"\",\"description\":\"\",\"publisher\":{\"@id\":\"https:\\\/\\\/renatodias.online\\\/movimento\\\/#\\\/schema\\\/person\\\/bbab28833b1725a20f4083f49f1fb2a9\"},\"potentialAction\":[{\"@type\":\"SearchAction\",\"target\":{\"@type\":\"EntryPoint\",\"urlTemplate\":\"https:\\\/\\\/renatodias.online\\\/movimento\\\/?s={search_term_string}\"},\"query-input\":{\"@type\":\"PropertyValueSpecification\",\"valueRequired\":true,\"valueName\":\"search_term_string\"}}],\"inLanguage\":\"pt-BR\"},{\"@type\":[\"Person\",\"Organization\"],\"@id\":\"https:\\\/\\\/renatodias.online\\\/movimento\\\/#\\\/schema\\\/person\\\/bbab28833b1725a20f4083f49f1fb2a9\",\"name\":\"Renato Dias\",\"image\":{\"@type\":\"ImageObject\",\"inLanguage\":\"pt-BR\",\"@id\":\"https:\\\/\\\/renatodias.online\\\/movimento\\\/wp-content\\\/uploads\\\/2023\\\/03\\\/cropped-cropped-cropped-logofinal.jpeg\",\"url\":\"https:\\\/\\\/renatodias.online\\\/movimento\\\/wp-content\\\/uploads\\\/2023\\\/03\\\/cropped-cropped-cropped-logofinal.jpeg\",\"contentUrl\":\"https:\\\/\\\/renatodias.online\\\/movimento\\\/wp-content\\\/uploads\\\/2023\\\/03\\\/cropped-cropped-cropped-logofinal.jpeg\",\"width\":1280,\"height\":219,\"caption\":\"Renato Dias\"},\"logo\":{\"@id\":\"https:\\\/\\\/renatodias.online\\\/movimento\\\/wp-content\\\/uploads\\\/2023\\\/03\\\/cropped-cropped-cropped-logofinal.jpeg\"},\"description\":\"Renato Dias, 58 anos, \u00e9 graduado em Jornalismo, formado em Ci\u00eancias Sociais, com p\u00f3s-gradua\u00e7\u00e3o em Pol\u00edticas P\u00fablicas, mestre em Direito e Rela\u00e7\u00f5es Internacionais, ex-aluno extraordin\u00e1rio do Doutorado em Psicologia Social, ex-estudante do Curso de Psican\u00e1lise do Centro de Estudos Psicanal\u00edticos do Estado de Goi\u00e1s, ministrado pelo m\u00e9dico psiquiatra e psicanalista Daniel Em\u00eddio de Souza. \u00c9 autor de 30 livros-reportagem, oito document\u00e1rios, ganhou 30 pr\u00eamios e \u00e9 torcedor apaixonado do maior do Centro-Oeste, o Vila Nova Futebol Clube. Casado com Meirilane Dias, \u00e9 pai de Juliana Dias, jornalista; Daniel Dias, economista; e Maria Rosa Dias, estudante antifascista, socialista e trotskista.\u00a0Com tr\u00eas pets: Porquinho [Bull Dog Franc\u00eas], Dalila [Basset Hound] e Geleia [Basset Hound]. Al\u00e9m do eterno gato Tutuquinho, que virou estrela.\",\"sameAs\":[\"https:\\\/\\\/www.facebook.com\\\/renato.dias.37\",\"#breve\",\"https:\\\/\\\/renatodias.tumblr.com\\\/\"],\"url\":\"https:\\\/\\\/renatodias.online\\\/movimento\\\/author\\\/renatodias\\\/\"}]}<\/script>\n<!-- \/ Yoast SEO plugin. -->","yoast_head_json":{"title":"Semana do Hip Hop sair\u00e1 em dezembro Projeto de lei \u00e9 formulado por Mano CDJ e apresentado pelo deputado estadual Karlos Cabral -","robots":{"index":"index","follow":"follow","max-snippet":"max-snippet:-1","max-image-preview":"max-image-preview:large","max-video-preview":"max-video-preview:-1"},"canonical":"https:\/\/renatodias.online\/movimento\/2019\/07\/25\/semana-do-hip-hop-saira-em-dezembro-projeto-de-lei-e-formulado-por-mano-cdj-e-apresentado-pelo-deputado-estadual-karlos-cabral\/","og_locale":"pt_BR","og_type":"article","og_title":"Semana do Hip Hop sair\u00e1 em dezembro Projeto de lei \u00e9 formulado por Mano CDJ e apresentado pelo deputado estadual Karlos Cabral -","og_description":"Cultura da periferia Semana do Hip Hop sair\u00e1 em dezembro Projeto de lei \u00e9 formulado por Mano CDJ e apresentado pelo deputado estadual Karlos Cabral Renato Dias \u00a0 Sancionada pelo Gabinete Civil e j\u00e1 publicada no Di\u00e1rio Oficial, a Lei n\u00ba 20.500, de 28 de Junho de 2019, instituir\u00e1 a \u2018Semana Estadual da Cultura Hip-Hop\u2019.","og_url":"https:\/\/renatodias.online\/movimento\/2019\/07\/25\/semana-do-hip-hop-saira-em-dezembro-projeto-de-lei-e-formulado-por-mano-cdj-e-apresentado-pelo-deputado-estadual-karlos-cabral\/","article_publisher":"https:\/\/www.facebook.com\/renato.dias.37","article_author":"https:\/\/www.facebook.com\/renato.dias.37","article_published_time":"2019-07-25T20:49:11+00:00","author":"Renato Dias","twitter_card":"summary_large_image","twitter_creator":"@RenatoDiasBat","twitter_site":"@RenatoDiasBat","twitter_misc":{"Escrito por":"Renato Dias","Est. tempo de leitura":"2 minutos"},"schema":{"@context":"https:\/\/schema.org","@graph":[{"@type":"Article","@id":"https:\/\/renatodias.online\/movimento\/2019\/07\/25\/semana-do-hip-hop-saira-em-dezembro-projeto-de-lei-e-formulado-por-mano-cdj-e-apresentado-pelo-deputado-estadual-karlos-cabral\/#article","isPartOf":{"@id":"https:\/\/renatodias.online\/movimento\/2019\/07\/25\/semana-do-hip-hop-saira-em-dezembro-projeto-de-lei-e-formulado-por-mano-cdj-e-apresentado-pelo-deputado-estadual-karlos-cabral\/"},"author":{"name":"Renato Dias","@id":"https:\/\/renatodias.online\/movimento\/#\/schema\/person\/bbab28833b1725a20f4083f49f1fb2a9"},"headline":"Semana do Hip Hop sair\u00e1 em dezembro Projeto de lei \u00e9 formulado por Mano CDJ e apresentado pelo deputado estadual Karlos Cabral","datePublished":"2019-07-25T20:49:11+00:00","mainEntityOfPage":{"@id":"https:\/\/renatodias.online\/movimento\/2019\/07\/25\/semana-do-hip-hop-saira-em-dezembro-projeto-de-lei-e-formulado-por-mano-cdj-e-apresentado-pelo-deputado-estadual-karlos-cabral\/"},"wordCount":464,"commentCount":0,"publisher":{"@id":"https:\/\/renatodias.online\/movimento\/#\/schema\/person\/bbab28833b1725a20f4083f49f1fb2a9"},"image":{"@id":"https:\/\/renatodias.online\/movimento\/2019\/07\/25\/semana-do-hip-hop-saira-em-dezembro-projeto-de-lei-e-formulado-por-mano-cdj-e-apresentado-pelo-deputado-estadual-karlos-cabral\/#primaryimage"},"thumbnailUrl":"","articleSection":["Cultura","Pol\u00edtica"],"inLanguage":"pt-BR","potentialAction":[{"@type":"CommentAction","name":"Comment","target":["https:\/\/renatodias.online\/movimento\/2019\/07\/25\/semana-do-hip-hop-saira-em-dezembro-projeto-de-lei-e-formulado-por-mano-cdj-e-apresentado-pelo-deputado-estadual-karlos-cabral\/#respond"]}]},{"@type":"WebPage","@id":"https:\/\/renatodias.online\/movimento\/2019\/07\/25\/semana-do-hip-hop-saira-em-dezembro-projeto-de-lei-e-formulado-por-mano-cdj-e-apresentado-pelo-deputado-estadual-karlos-cabral\/","url":"https:\/\/renatodias.online\/movimento\/2019\/07\/25\/semana-do-hip-hop-saira-em-dezembro-projeto-de-lei-e-formulado-por-mano-cdj-e-apresentado-pelo-deputado-estadual-karlos-cabral\/","name":"Semana do Hip Hop sair\u00e1 em dezembro Projeto de lei \u00e9 formulado por Mano CDJ e apresentado pelo deputado estadual Karlos Cabral -","isPartOf":{"@id":"https:\/\/renatodias.online\/movimento\/#website"},"primaryImageOfPage":{"@id":"https:\/\/renatodias.online\/movimento\/2019\/07\/25\/semana-do-hip-hop-saira-em-dezembro-projeto-de-lei-e-formulado-por-mano-cdj-e-apresentado-pelo-deputado-estadual-karlos-cabral\/#primaryimage"},"image":{"@id":"https:\/\/renatodias.online\/movimento\/2019\/07\/25\/semana-do-hip-hop-saira-em-dezembro-projeto-de-lei-e-formulado-por-mano-cdj-e-apresentado-pelo-deputado-estadual-karlos-cabral\/#primaryimage"},"thumbnailUrl":"","datePublished":"2019-07-25T20:49:11+00:00","breadcrumb":{"@id":"https:\/\/renatodias.online\/movimento\/2019\/07\/25\/semana-do-hip-hop-saira-em-dezembro-projeto-de-lei-e-formulado-por-mano-cdj-e-apresentado-pelo-deputado-estadual-karlos-cabral\/#breadcrumb"},"inLanguage":"pt-BR","potentialAction":[{"@type":"ReadAction","target":["https:\/\/renatodias.online\/movimento\/2019\/07\/25\/semana-do-hip-hop-saira-em-dezembro-projeto-de-lei-e-formulado-por-mano-cdj-e-apresentado-pelo-deputado-estadual-karlos-cabral\/"]}]},{"@type":"ImageObject","inLanguage":"pt-BR","@id":"https:\/\/renatodias.online\/movimento\/2019\/07\/25\/semana-do-hip-hop-saira-em-dezembro-projeto-de-lei-e-formulado-por-mano-cdj-e-apresentado-pelo-deputado-estadual-karlos-cabral\/#primaryimage","url":"","contentUrl":""},{"@type":"BreadcrumbList","@id":"https:\/\/renatodias.online\/movimento\/2019\/07\/25\/semana-do-hip-hop-saira-em-dezembro-projeto-de-lei-e-formulado-por-mano-cdj-e-apresentado-pelo-deputado-estadual-karlos-cabral\/#breadcrumb","itemListElement":[{"@type":"ListItem","position":1,"name":"In\u00edcio","item":"https:\/\/renatodias.online\/movimento\/"},{"@type":"ListItem","position":2,"name":"Semana do Hip Hop sair\u00e1 em dezembro Projeto de lei \u00e9 formulado por Mano CDJ e apresentado pelo deputado estadual Karlos Cabral"}]},{"@type":"WebSite","@id":"https:\/\/renatodias.online\/movimento\/#website","url":"https:\/\/renatodias.online\/movimento\/","name":"","description":"","publisher":{"@id":"https:\/\/renatodias.online\/movimento\/#\/schema\/person\/bbab28833b1725a20f4083f49f1fb2a9"},"potentialAction":[{"@type":"SearchAction","target":{"@type":"EntryPoint","urlTemplate":"https:\/\/renatodias.online\/movimento\/?s={search_term_string}"},"query-input":{"@type":"PropertyValueSpecification","valueRequired":true,"valueName":"search_term_string"}}],"inLanguage":"pt-BR"},{"@type":["Person","Organization"],"@id":"https:\/\/renatodias.online\/movimento\/#\/schema\/person\/bbab28833b1725a20f4083f49f1fb2a9","name":"Renato Dias","image":{"@type":"ImageObject","inLanguage":"pt-BR","@id":"https:\/\/renatodias.online\/movimento\/wp-content\/uploads\/2023\/03\/cropped-cropped-cropped-logofinal.jpeg","url":"https:\/\/renatodias.online\/movimento\/wp-content\/uploads\/2023\/03\/cropped-cropped-cropped-logofinal.jpeg","contentUrl":"https:\/\/renatodias.online\/movimento\/wp-content\/uploads\/2023\/03\/cropped-cropped-cropped-logofinal.jpeg","width":1280,"height":219,"caption":"Renato Dias"},"logo":{"@id":"https:\/\/renatodias.online\/movimento\/wp-content\/uploads\/2023\/03\/cropped-cropped-cropped-logofinal.jpeg"},"description":"Renato Dias, 58 anos, \u00e9 graduado em Jornalismo, formado em Ci\u00eancias Sociais, com p\u00f3s-gradua\u00e7\u00e3o em Pol\u00edticas P\u00fablicas, mestre em Direito e Rela\u00e7\u00f5es Internacionais, ex-aluno extraordin\u00e1rio do Doutorado em Psicologia Social, ex-estudante do Curso de Psican\u00e1lise do Centro de Estudos Psicanal\u00edticos do Estado de Goi\u00e1s, ministrado pelo m\u00e9dico psiquiatra e psicanalista Daniel Em\u00eddio de Souza. \u00c9 autor de 30 livros-reportagem, oito document\u00e1rios, ganhou 30 pr\u00eamios e \u00e9 torcedor apaixonado do maior do Centro-Oeste, o Vila Nova Futebol Clube. Casado com Meirilane Dias, \u00e9 pai de Juliana Dias, jornalista; Daniel Dias, economista; e Maria Rosa Dias, estudante antifascista, socialista e trotskista.\u00a0Com tr\u00eas pets: Porquinho [Bull Dog Franc\u00eas], Dalila [Basset Hound] e Geleia [Basset Hound]. Al\u00e9m do eterno gato Tutuquinho, que virou estrela.","sameAs":["https:\/\/www.facebook.com\/renato.dias.37","#breve","https:\/\/renatodias.tumblr.com\/"],"url":"https:\/\/renatodias.online\/movimento\/author\/renatodias\/"}]}},"_links":{"self":[{"href":"https:\/\/renatodias.online\/movimento\/wp-json\/wp\/v2\/posts\/1522","targetHints":{"allow":["GET"]}}],"collection":[{"href":"https:\/\/renatodias.online\/movimento\/wp-json\/wp\/v2\/posts"}],"about":[{"href":"https:\/\/renatodias.online\/movimento\/wp-json\/wp\/v2\/types\/post"}],"author":[{"embeddable":true,"href":"https:\/\/renatodias.online\/movimento\/wp-json\/wp\/v2\/users\/2"}],"replies":[{"embeddable":true,"href":"https:\/\/renatodias.online\/movimento\/wp-json\/wp\/v2\/comments?post=1522"}],"version-history":[{"count":0,"href":"https:\/\/renatodias.online\/movimento\/wp-json\/wp\/v2\/posts\/1522\/revisions"}],"wp:featuredmedia":[{"embeddable":true,"href":"https:\/\/renatodias.online\/movimento\/wp-json\/"}],"wp:attachment":[{"href":"https:\/\/renatodias.online\/movimento\/wp-json\/wp\/v2\/media?parent=1522"}],"wp:term":[{"taxonomy":"category","embeddable":true,"href":"https:\/\/renatodias.online\/movimento\/wp-json\/wp\/v2\/categories?post=1522"},{"taxonomy":"post_tag","embeddable":true,"href":"https:\/\/renatodias.online\/movimento\/wp-json\/wp\/v2\/tags?post=1522"}],"curies":[{"name":"wp","href":"https:\/\/api.w.org\/{rel}","templated":true}]}}