{"id":14936,"date":"2022-11-25T23:54:28","date_gmt":"2022-11-26T02:54:28","guid":{"rendered":"https:\/\/renatodias.online\/movimento\/?p=14936"},"modified":"2022-11-25T23:54:28","modified_gmt":"2022-11-26T02:54:28","slug":"guerra-do-agro-contra-humanidade","status":"publish","type":"post","link":"https:\/\/renatodias.online\/movimento\/2022\/11\/25\/guerra-do-agro-contra-humanidade\/","title":{"rendered":"Guerra do agro contra humanidade"},"content":{"rendered":"<p><strong><img loading=\"lazy\" decoding=\"async\" class=\"size-medium wp-image-10169 aligncenter\" src=\"https:\/\/renatodias.online\/movimento\/wp-content\/uploads\/2021\/12\/Explosivo-300x300.png\" alt=\"\" width=\"300\" height=\"300\" \/><\/strong><\/p>\n<h1 style=\"text-align: center;\"><span style=\"color: #0000ff;\"><strong>Hist\u00f3ria explosiva<\/strong><\/span><\/h1>\n<figure id=\"attachment_14942\" aria-describedby=\"caption-attachment-14942\" style=\"width: 1600px\" class=\"wp-caption aligncenter\"><img loading=\"lazy\" decoding=\"async\" class=\"wp-image-14942 size-full\" src=\"https:\/\/renatodias.online\/movimento\/wp-content\/uploads\/2022\/11\/Agrotoxicos.jpg\" alt=\"\" width=\"1600\" height=\"900\" srcset=\"https:\/\/renatodias.online\/movimento\/wp-content\/uploads\/2022\/11\/Agrotoxicos.jpg 1600w, https:\/\/renatodias.online\/movimento\/wp-content\/uploads\/2022\/11\/Agrotoxicos-300x169.jpg 300w, https:\/\/renatodias.online\/movimento\/wp-content\/uploads\/2022\/11\/Agrotoxicos-768x432.jpg 768w, https:\/\/renatodias.online\/movimento\/wp-content\/uploads\/2022\/11\/Agrotoxicos-1536x864.jpg 1536w, https:\/\/renatodias.online\/movimento\/wp-content\/uploads\/2022\/11\/Agrotoxicos-750x422.jpg 750w\" sizes=\"auto, (max-width: 1600px) 100vw, 1600px\" \/><figcaption id=\"caption-attachment-14942\" class=\"wp-caption-text\"><strong>Agrot\u00f3xicos: pulveriza\u00e7\u00e3o a\u00e9rea<br \/><\/strong><\/figcaption><\/figure>\n<h1 style=\"text-align: center;\"><span style=\"color: #666699;\"><strong>Sobre a cabe\u00e7a os avi\u00f5es<\/strong><\/span><\/h1>\n<figure id=\"attachment_14938\" aria-describedby=\"caption-attachment-14938\" style=\"width: 1140px\" class=\"wp-caption alignnone\"><img loading=\"lazy\" decoding=\"async\" class=\"wp-image-14938 size-large\" src=\"https:\/\/renatodias.online\/movimento\/wp-content\/uploads\/2022\/11\/Soagro-1603x1024.jpg\" alt=\"\" width=\"1140\" height=\"728\" srcset=\"https:\/\/renatodias.online\/movimento\/wp-content\/uploads\/2022\/11\/Soagro-1603x1024.jpg 1603w, https:\/\/renatodias.online\/movimento\/wp-content\/uploads\/2022\/11\/Soagro-300x192.jpg 300w, https:\/\/renatodias.online\/movimento\/wp-content\/uploads\/2022\/11\/Soagro-768x491.jpg 768w, https:\/\/renatodias.online\/movimento\/wp-content\/uploads\/2022\/11\/Soagro-1536x981.jpg 1536w, https:\/\/renatodias.online\/movimento\/wp-content\/uploads\/2022\/11\/Soagro-2048x1308.jpg 2048w, https:\/\/renatodias.online\/movimento\/wp-content\/uploads\/2022\/11\/Soagro-750x479.jpg 750w\" sizes=\"auto, (max-width: 1140px) 100vw, 1140px\" \/><figcaption id=\"caption-attachment-14938\" class=\"wp-caption-text\"><strong>Planta\u00e7\u00e3o e acesso \u00e0 Escola S\u00e3o Jos\u00e9 do Pontal _ Amanda Costa<\/strong><\/figcaption><\/figure>\n<p>&nbsp;<\/p>\n<p>&nbsp;<\/p>\n<h1 style=\"text-align: center;\"><span style=\"color: #008000;\"><strong>Document\u00e1rio de Fausto Borges e Amanda Costa<\/strong><\/span><\/h1>\n<figure id=\"attachment_14944\" aria-describedby=\"caption-attachment-14944\" style=\"width: 1080px\" class=\"wp-caption alignnone\"><img loading=\"lazy\" decoding=\"async\" class=\"wp-image-14944 size-full\" src=\"https:\/\/renatodias.online\/movimento\/wp-content\/uploads\/2022\/11\/Amanda-Costa-narra-e-Fausto-Borges-presta-atencao.png\" alt=\"\" width=\"1080\" height=\"572\" srcset=\"https:\/\/renatodias.online\/movimento\/wp-content\/uploads\/2022\/11\/Amanda-Costa-narra-e-Fausto-Borges-presta-atencao.png 1080w, https:\/\/renatodias.online\/movimento\/wp-content\/uploads\/2022\/11\/Amanda-Costa-narra-e-Fausto-Borges-presta-atencao-300x159.png 300w, https:\/\/renatodias.online\/movimento\/wp-content\/uploads\/2022\/11\/Amanda-Costa-narra-e-Fausto-Borges-presta-atencao-768x407.png 768w, https:\/\/renatodias.online\/movimento\/wp-content\/uploads\/2022\/11\/Amanda-Costa-narra-e-Fausto-Borges-presta-atencao-750x397.png 750w\" sizes=\"auto, (max-width: 1080px) 100vw, 1080px\" \/><figcaption id=\"caption-attachment-14944\" class=\"wp-caption-text\"><strong>Amanda Costa narra e Fausto Borges presta aten\u00e7\u00e3o<\/strong><\/figcaption><\/figure>\n<p><span style=\"color: #ff0000;\"><strong>Renato Dias<\/strong><\/span><\/p>\n<p><strong>_ \u00c9 chuva.\u00a0 \u00c9 chuva. \u00c9 chuva. \u00c1gua.<br \/>\n<\/strong><\/p>\n<p><strong>Uma menina grita, sai correndo atr\u00e1s das gotas<\/strong>. Um avi\u00e3o de pequeno porte despejava o l\u00edquido. A inoc\u00eancia da inf\u00e2ncia e a estupidez da guerra qu\u00edmica promovida pelo agroneg\u00f3cio contra assentamentos organizados pelo <strong>MST e CPT<\/strong> provocaram uma <strong>trag\u00e9dia. Humana e ambiental.<\/strong><\/p>\n<blockquote>\n<h1><span style=\"color: #ff6600;\"><strong>_ As pedras brilham. Lindas.<\/strong><\/span><\/h1>\n<figure id=\"attachment_14941\" aria-describedby=\"caption-attachment-14941\" style=\"width: 756px\" class=\"wp-caption alignnone\"><img loading=\"lazy\" decoding=\"async\" class=\"wp-image-14941 size-large\" src=\"https:\/\/renatodias.online\/movimento\/wp-content\/uploads\/2022\/11\/Leide-das-Neves-Cesio-137-O-Popular-756x1024.jpg\" alt=\"\" width=\"756\" height=\"1024\" srcset=\"https:\/\/renatodias.online\/movimento\/wp-content\/uploads\/2022\/11\/Leide-das-Neves-Cesio-137-O-Popular-756x1024.jpg 756w, https:\/\/renatodias.online\/movimento\/wp-content\/uploads\/2022\/11\/Leide-das-Neves-Cesio-137-O-Popular-221x300.jpg 221w, https:\/\/renatodias.online\/movimento\/wp-content\/uploads\/2022\/11\/Leide-das-Neves-Cesio-137-O-Popular-768x1041.jpg 768w, https:\/\/renatodias.online\/movimento\/wp-content\/uploads\/2022\/11\/Leide-das-Neves-Cesio-137-O-Popular-750x1016.jpg 750w, https:\/\/renatodias.online\/movimento\/wp-content\/uploads\/2022\/11\/Leide-das-Neves-Cesio-137-O-Popular.jpg 800w\" sizes=\"auto, (max-width: 756px) 100vw, 756px\" \/><figcaption id=\"caption-attachment-14941\" class=\"wp-caption-text\"><strong>Leide das Neves &#8211; C\u00e9sio 137 &#8211; O Popular<\/strong><\/figcaption><\/figure><\/blockquote>\n<p>Um catador de objetos usados levou para a sua casa, no velho Bairro Popular, uma pe\u00e7a que havia sido abandonada no local aonde funciona, hoje, o Centro de Conven\u00e7\u00f5es de Goi\u00e2nia. Radioatividade. O C\u00e9sio 137. <strong>Uma crian\u00e7a, encantada, tamb\u00e9m brincava<\/strong>. Sem saber. Com o perigo. Explosivo.<\/p>\n<blockquote>\n<h1><span style=\"color: #ff6600;\"><strong>Duas hist\u00f3rias que dialogam em Goi\u00e1s\u00a0<\/strong><\/span><\/h1>\n<figure id=\"attachment_14939\" aria-describedby=\"caption-attachment-14939\" style=\"width: 1140px\" class=\"wp-caption alignnone\"><img loading=\"lazy\" decoding=\"async\" class=\"wp-image-14939 size-large\" src=\"https:\/\/renatodias.online\/movimento\/wp-content\/uploads\/2022\/11\/Assentamento-Dom-Fernando-1719x1024.jpg\" alt=\"\" width=\"1140\" height=\"679\" srcset=\"https:\/\/renatodias.online\/movimento\/wp-content\/uploads\/2022\/11\/Assentamento-Dom-Fernando-1719x1024.jpg 1719w, https:\/\/renatodias.online\/movimento\/wp-content\/uploads\/2022\/11\/Assentamento-Dom-Fernando-300x179.jpg 300w, https:\/\/renatodias.online\/movimento\/wp-content\/uploads\/2022\/11\/Assentamento-Dom-Fernando-768x458.jpg 768w, https:\/\/renatodias.online\/movimento\/wp-content\/uploads\/2022\/11\/Assentamento-Dom-Fernando-1536x915.jpg 1536w, https:\/\/renatodias.online\/movimento\/wp-content\/uploads\/2022\/11\/Assentamento-Dom-Fernando-2048x1220.jpg 2048w, https:\/\/renatodias.online\/movimento\/wp-content\/uploads\/2022\/11\/Assentamento-Dom-Fernando-750x447.jpg 750w\" sizes=\"auto, (max-width: 1140px) 100vw, 1140px\" \/><figcaption id=\"caption-attachment-14939\" class=\"wp-caption-text\"><strong>Lavoura ao lado do Assentamento Dom Fernando _ Amanda Costa<br \/><\/strong><\/figcaption><\/figure><\/blockquote>\n<p>Duas hist\u00f3rias reais. A primeira em 3 de maio de 2013. No munic\u00edpio de <strong>Rio Verde<\/strong>. Entre as cidades de <strong>Para\u00fana e Montividiu<\/strong>. Em uma escola na zona rural. O agroneg\u00f3cio despeja cargas de agrot\u00f3xicos. Veneno puro \u00e0s crian\u00e7as. Resultado: 180 interna\u00e7\u00f5es na rede de sa\u00fade. At\u00e9\u00a0 de professores.<\/p>\n<blockquote>\n<h1><span style=\"color: #ff6600;\"><strong>_ Tio, n\u00e3o me deixe morrer!<\/strong><\/span><\/h1>\n<figure id=\"attachment_14940\" aria-describedby=\"caption-attachment-14940\" style=\"width: 1140px\" class=\"wp-caption alignnone\"><img loading=\"lazy\" decoding=\"async\" class=\"wp-image-14940 size-large\" src=\"https:\/\/renatodias.online\/movimento\/wp-content\/uploads\/2022\/11\/Rio-Verde-2o-maior-produtor-de-Milho-1537x1024.jpg\" alt=\"\" width=\"1140\" height=\"760\" srcset=\"https:\/\/renatodias.online\/movimento\/wp-content\/uploads\/2022\/11\/Rio-Verde-2o-maior-produtor-de-Milho-1537x1024.jpg 1537w, https:\/\/renatodias.online\/movimento\/wp-content\/uploads\/2022\/11\/Rio-Verde-2o-maior-produtor-de-Milho-300x200.jpg 300w, https:\/\/renatodias.online\/movimento\/wp-content\/uploads\/2022\/11\/Rio-Verde-2o-maior-produtor-de-Milho-768x512.jpg 768w, https:\/\/renatodias.online\/movimento\/wp-content\/uploads\/2022\/11\/Rio-Verde-2o-maior-produtor-de-Milho-1536x1024.jpg 1536w, https:\/\/renatodias.online\/movimento\/wp-content\/uploads\/2022\/11\/Rio-Verde-2o-maior-produtor-de-Milho-2048x1365.jpg 2048w, https:\/\/renatodias.online\/movimento\/wp-content\/uploads\/2022\/11\/Rio-Verde-2o-maior-produtor-de-Milho-360x240.jpg 360w, https:\/\/renatodias.online\/movimento\/wp-content\/uploads\/2022\/11\/Rio-Verde-2o-maior-produtor-de-Milho-750x500.jpg 750w\" sizes=\"auto, (max-width: 1140px) 100vw, 1140px\" \/><figcaption id=\"caption-attachment-14940\" class=\"wp-caption-text\"><strong>Rio Verde, 2\u00ba maior produtor de Milho _ Amanda Costa<\/strong><\/figcaption><\/figure><\/blockquote>\n<p>Assim um aluno estabeleceu o di\u00e1logo com o professor de Educa\u00e7\u00e3o F\u00edsica que estava de plant\u00e3o e que, mesmo atingido, com falta dar, alergia, queimaduras, taquicardia e tens\u00e3o promoveu a <strong>opera\u00e7\u00e3o de socorro<\/strong>. Com vans e \u00f4nibus escolares, viaturas policiais, ambul\u00e2ncias e bombeiros.<\/p>\n<p><img loading=\"lazy\" decoding=\"async\" class=\"size-medium wp-image-13781 aligncenter\" src=\"https:\/\/renatodias.online\/movimento\/wp-content\/uploads\/2022\/08\/Raio-X-especial-300x112.png\" alt=\"\" width=\"300\" height=\"112\" \/><\/p>\n<blockquote>\n<h1><span style=\"color: #ff6600;\"><strong>Crime sem castigo\u00a0<\/strong><\/span><\/h1>\n<\/blockquote>\n<p>In\u00e9dita, a hist\u00f3ria das 188 crian\u00e7as do assentamento do MST n\u00e3o parou com as medidas de socorro. Um aluno contraiu, pela alta concentra\u00e7\u00e3o de veneno, <strong>cirrose hep\u00e1tica<\/strong>. Uma aluna grave <strong>les\u00e3o ocular<\/strong>. O professor enfrenta uma luta contra o <strong>c\u00e2ncer<\/strong>. Crimes ainda sem castigo judicial.<\/p>\n<p><img loading=\"lazy\" decoding=\"async\" class=\"size-medium wp-image-14125 aligncenter\" src=\"https:\/\/renatodias.online\/movimento\/wp-content\/uploads\/2022\/09\/Saiba-mais-300x103.png\" alt=\"\" width=\"300\" height=\"103\" srcset=\"https:\/\/renatodias.online\/movimento\/wp-content\/uploads\/2022\/09\/Saiba-mais-300x103.png 300w, https:\/\/renatodias.online\/movimento\/wp-content\/uploads\/2022\/09\/Saiba-mais.png 572w\" sizes=\"auto, (max-width: 300px) 100vw, 300px\" \/><\/p>\n<blockquote>\n<h1><span style=\"color: #ff6600;\"><strong>Document\u00e1rio Sobre a cabe\u00e7a os avi\u00f5es\u00a0<\/strong><\/span><\/h1>\n<\/blockquote>\n<p>A hist\u00f3ria \u00e9 narrada em formato singular\u00a0de document\u00e1rio: &#8220;Sobre a cabe\u00e7a os avi\u00f5es&#8221;. A rela\u00e7\u00e3o predat\u00f3ria do agro com a natureza e os seres humanos. Por dois jornalistas investigativos. <strong>Fausto Borges<\/strong> \u00e9 membro da ABC.\u00a0 J\u00e1 <strong>Amanda Costa<\/strong>, funcion\u00e1ria da Comiss\u00e3o Pastoral da Terra [CPT].<\/p>\n<p><img loading=\"lazy\" decoding=\"async\" class=\"size-full wp-image-13832 aligncenter\" src=\"https:\/\/renatodias.online\/movimento\/wp-content\/uploads\/2022\/08\/Veja.jpg\" alt=\"\" width=\"300\" height=\"150\" \/><\/p>\n<h1 style=\"text-align: center;\"><span style=\"color: #ff0000;\"><em>Para que nunca se esque\u00e7a<\/em><\/span><\/h1>\n<h1 style=\"text-align: center;\"><span style=\"color: #800000;\"><strong>Veja o filme<\/strong><\/span><\/h1>\n<p><iframe loading=\"lazy\" title=\"&#039;Sobre a cabe\u00e7a, os avi\u00f5es&#039;: as hist\u00f3rias de crian\u00e7as expostas aos agrot\u00f3xicos\" width=\"960\" height=\"540\" src=\"https:\/\/www.youtube.com\/embed\/0oDYGk7SSXE?feature=oembed\" frameborder=\"0\" allow=\"accelerometer; autoplay; clipboard-write; encrypted-media; gyroscope; picture-in-picture; web-share\" referrerpolicy=\"strict-origin-when-cross-origin\" allowfullscreen><\/iframe><\/p>\n<p><img loading=\"lazy\" decoding=\"async\" class=\"size-medium wp-image-12988 aligncenter\" src=\"https:\/\/renatodias.online\/movimento\/wp-content\/uploads\/2022\/06\/Musica-300x225.jpg\" alt=\"\" width=\"300\" height=\"225\" \/><\/p>\n<h1 style=\"text-align: center;\"><span style=\"color: #800000;\">Ou\u00e7a<\/span><\/h1>\n<p><iframe loading=\"lazy\" title=\"CAETANO VELOSO - Tropic\u00e1lia (1968)\" width=\"960\" height=\"720\" src=\"https:\/\/www.youtube.com\/embed\/CFC9ceKUm5Y?feature=oembed\" frameborder=\"0\" allow=\"accelerometer; autoplay; clipboard-write; encrypted-media; gyroscope; picture-in-picture; web-share\" referrerpolicy=\"strict-origin-when-cross-origin\" allowfullscreen><\/iframe><\/p>\n","protected":false},"excerpt":{"rendered":"<p>Hist\u00f3ria explosiva Sobre a cabe\u00e7a os avi\u00f5es &nbsp; &nbsp; Document\u00e1rio de Fausto Borges e Amanda Costa Renato Dias _ \u00c9 chuva.\u00a0 \u00c9 chuva. \u00c9 chuva. \u00c1gua. Uma menina grita, sai correndo atr\u00e1s das gotas. Um avi\u00e3o de pequeno porte despejava o l\u00edquido. A inoc\u00eancia da inf\u00e2ncia e a estupidez da guerra qu\u00edmica promovida pelo agroneg\u00f3cio<\/p>\n","protected":false},"author":2,"featured_media":14943,"comment_status":"open","ping_status":"open","sticky":false,"template":"","format":"standard","meta":{"_acf_changed":false,"_monsterinsights_skip_tracking":false,"_monsterinsights_sitenote_active":false,"_monsterinsights_sitenote_note":"","_monsterinsights_sitenote_category":0,"footnotes":""},"categories":[1],"tags":[],"class_list":["post-14936","post","type-post","status-publish","format-standard","has-post-thumbnail","hentry","category-cinema"],"acf":[],"yoast_head":"<!-- This site is optimized with the Yoast SEO plugin v27.4 - https:\/\/yoast.com\/product\/yoast-seo-wordpress\/ -->\n<title>Guerra do agro contra humanidade -<\/title>\n<meta name=\"robots\" content=\"index, follow, max-snippet:-1, max-image-preview:large, max-video-preview:-1\" \/>\n<link rel=\"canonical\" href=\"https:\/\/renatodias.online\/movimento\/2022\/11\/25\/guerra-do-agro-contra-humanidade\/\" \/>\n<meta property=\"og:locale\" content=\"pt_BR\" \/>\n<meta property=\"og:type\" content=\"article\" \/>\n<meta property=\"og:title\" content=\"Guerra do agro contra humanidade -\" \/>\n<meta property=\"og:description\" content=\"Hist\u00f3ria explosiva Sobre a cabe\u00e7a os avi\u00f5es &nbsp; &nbsp; Document\u00e1rio de Fausto Borges e Amanda Costa Renato Dias _ \u00c9 chuva.\u00a0 \u00c9 chuva. \u00c9 chuva. \u00c1gua. Uma menina grita, sai correndo atr\u00e1s das gotas. Um avi\u00e3o de pequeno porte despejava o l\u00edquido. A inoc\u00eancia da inf\u00e2ncia e a estupidez da guerra qu\u00edmica promovida pelo agroneg\u00f3cio\" \/>\n<meta property=\"og:url\" content=\"https:\/\/renatodias.online\/movimento\/2022\/11\/25\/guerra-do-agro-contra-humanidade\/\" \/>\n<meta property=\"article:publisher\" content=\"https:\/\/www.facebook.com\/renato.dias.37\" \/>\n<meta property=\"article:author\" content=\"https:\/\/www.facebook.com\/renato.dias.37\" \/>\n<meta property=\"article:published_time\" content=\"2022-11-26T02:54:28+00:00\" \/>\n<meta property=\"og:image\" content=\"https:\/\/renatodias.online\/movimento\/wp-content\/uploads\/2022\/11\/Amanda-Costa-e-Fausto-Borges-e1669431119949.png\" \/>\n\t<meta property=\"og:image:width\" content=\"440\" \/>\n\t<meta property=\"og:image:height\" content=\"242\" \/>\n\t<meta property=\"og:image:type\" content=\"image\/png\" \/>\n<meta name=\"author\" content=\"Renato Dias\" \/>\n<meta name=\"twitter:card\" content=\"summary_large_image\" \/>\n<meta name=\"twitter:creator\" content=\"@RenatoDiasBat\" \/>\n<meta name=\"twitter:site\" content=\"@RenatoDiasBat\" \/>\n<meta name=\"twitter:label1\" content=\"Escrito por\" \/>\n\t<meta name=\"twitter:data1\" content=\"Renato Dias\" \/>\n\t<meta name=\"twitter:label2\" content=\"Est. tempo de leitura\" \/>\n\t<meta name=\"twitter:data2\" content=\"2 minutos\" \/>\n<script type=\"application\/ld+json\" class=\"yoast-schema-graph\">{\"@context\":\"https:\\\/\\\/schema.org\",\"@graph\":[{\"@type\":\"Article\",\"@id\":\"https:\\\/\\\/renatodias.online\\\/movimento\\\/2022\\\/11\\\/25\\\/guerra-do-agro-contra-humanidade\\\/#article\",\"isPartOf\":{\"@id\":\"https:\\\/\\\/renatodias.online\\\/movimento\\\/2022\\\/11\\\/25\\\/guerra-do-agro-contra-humanidade\\\/\"},\"author\":{\"name\":\"Renato Dias\",\"@id\":\"https:\\\/\\\/renatodias.online\\\/movimento\\\/#\\\/schema\\\/person\\\/bbab28833b1725a20f4083f49f1fb2a9\"},\"headline\":\"Guerra do agro contra humanidade\",\"datePublished\":\"2022-11-26T02:54:28+00:00\",\"mainEntityOfPage\":{\"@id\":\"https:\\\/\\\/renatodias.online\\\/movimento\\\/2022\\\/11\\\/25\\\/guerra-do-agro-contra-humanidade\\\/\"},\"wordCount\":501,\"commentCount\":0,\"publisher\":{\"@id\":\"https:\\\/\\\/renatodias.online\\\/movimento\\\/#\\\/schema\\\/person\\\/bbab28833b1725a20f4083f49f1fb2a9\"},\"image\":{\"@id\":\"https:\\\/\\\/renatodias.online\\\/movimento\\\/2022\\\/11\\\/25\\\/guerra-do-agro-contra-humanidade\\\/#primaryimage\"},\"thumbnailUrl\":\"https:\\\/\\\/renatodias.online\\\/movimento\\\/wp-content\\\/uploads\\\/2022\\\/11\\\/Amanda-Costa-e-Fausto-Borges-e1669431119949.png\",\"articleSection\":[\"Cinema\"],\"inLanguage\":\"pt-BR\",\"potentialAction\":[{\"@type\":\"CommentAction\",\"name\":\"Comment\",\"target\":[\"https:\\\/\\\/renatodias.online\\\/movimento\\\/2022\\\/11\\\/25\\\/guerra-do-agro-contra-humanidade\\\/#respond\"]}]},{\"@type\":\"WebPage\",\"@id\":\"https:\\\/\\\/renatodias.online\\\/movimento\\\/2022\\\/11\\\/25\\\/guerra-do-agro-contra-humanidade\\\/\",\"url\":\"https:\\\/\\\/renatodias.online\\\/movimento\\\/2022\\\/11\\\/25\\\/guerra-do-agro-contra-humanidade\\\/\",\"name\":\"Guerra do agro contra humanidade -\",\"isPartOf\":{\"@id\":\"https:\\\/\\\/renatodias.online\\\/movimento\\\/#website\"},\"primaryImageOfPage\":{\"@id\":\"https:\\\/\\\/renatodias.online\\\/movimento\\\/2022\\\/11\\\/25\\\/guerra-do-agro-contra-humanidade\\\/#primaryimage\"},\"image\":{\"@id\":\"https:\\\/\\\/renatodias.online\\\/movimento\\\/2022\\\/11\\\/25\\\/guerra-do-agro-contra-humanidade\\\/#primaryimage\"},\"thumbnailUrl\":\"https:\\\/\\\/renatodias.online\\\/movimento\\\/wp-content\\\/uploads\\\/2022\\\/11\\\/Amanda-Costa-e-Fausto-Borges-e1669431119949.png\",\"datePublished\":\"2022-11-26T02:54:28+00:00\",\"breadcrumb\":{\"@id\":\"https:\\\/\\\/renatodias.online\\\/movimento\\\/2022\\\/11\\\/25\\\/guerra-do-agro-contra-humanidade\\\/#breadcrumb\"},\"inLanguage\":\"pt-BR\",\"potentialAction\":[{\"@type\":\"ReadAction\",\"target\":[\"https:\\\/\\\/renatodias.online\\\/movimento\\\/2022\\\/11\\\/25\\\/guerra-do-agro-contra-humanidade\\\/\"]}]},{\"@type\":\"ImageObject\",\"inLanguage\":\"pt-BR\",\"@id\":\"https:\\\/\\\/renatodias.online\\\/movimento\\\/2022\\\/11\\\/25\\\/guerra-do-agro-contra-humanidade\\\/#primaryimage\",\"url\":\"https:\\\/\\\/renatodias.online\\\/movimento\\\/wp-content\\\/uploads\\\/2022\\\/11\\\/Amanda-Costa-e-Fausto-Borges-e1669431119949.png\",\"contentUrl\":\"https:\\\/\\\/renatodias.online\\\/movimento\\\/wp-content\\\/uploads\\\/2022\\\/11\\\/Amanda-Costa-e-Fausto-Borges-e1669431119949.png\",\"width\":440,\"height\":242,\"caption\":\"Amanda Costa e Fausto Borges\"},{\"@type\":\"BreadcrumbList\",\"@id\":\"https:\\\/\\\/renatodias.online\\\/movimento\\\/2022\\\/11\\\/25\\\/guerra-do-agro-contra-humanidade\\\/#breadcrumb\",\"itemListElement\":[{\"@type\":\"ListItem\",\"position\":1,\"name\":\"In\u00edcio\",\"item\":\"https:\\\/\\\/renatodias.online\\\/movimento\\\/\"},{\"@type\":\"ListItem\",\"position\":2,\"name\":\"Guerra do agro contra humanidade\"}]},{\"@type\":\"WebSite\",\"@id\":\"https:\\\/\\\/renatodias.online\\\/movimento\\\/#website\",\"url\":\"https:\\\/\\\/renatodias.online\\\/movimento\\\/\",\"name\":\"\",\"description\":\"\",\"publisher\":{\"@id\":\"https:\\\/\\\/renatodias.online\\\/movimento\\\/#\\\/schema\\\/person\\\/bbab28833b1725a20f4083f49f1fb2a9\"},\"potentialAction\":[{\"@type\":\"SearchAction\",\"target\":{\"@type\":\"EntryPoint\",\"urlTemplate\":\"https:\\\/\\\/renatodias.online\\\/movimento\\\/?s={search_term_string}\"},\"query-input\":{\"@type\":\"PropertyValueSpecification\",\"valueRequired\":true,\"valueName\":\"search_term_string\"}}],\"inLanguage\":\"pt-BR\"},{\"@type\":[\"Person\",\"Organization\"],\"@id\":\"https:\\\/\\\/renatodias.online\\\/movimento\\\/#\\\/schema\\\/person\\\/bbab28833b1725a20f4083f49f1fb2a9\",\"name\":\"Renato Dias\",\"image\":{\"@type\":\"ImageObject\",\"inLanguage\":\"pt-BR\",\"@id\":\"https:\\\/\\\/renatodias.online\\\/movimento\\\/wp-content\\\/uploads\\\/2023\\\/03\\\/cropped-cropped-cropped-logofinal.jpeg\",\"url\":\"https:\\\/\\\/renatodias.online\\\/movimento\\\/wp-content\\\/uploads\\\/2023\\\/03\\\/cropped-cropped-cropped-logofinal.jpeg\",\"contentUrl\":\"https:\\\/\\\/renatodias.online\\\/movimento\\\/wp-content\\\/uploads\\\/2023\\\/03\\\/cropped-cropped-cropped-logofinal.jpeg\",\"width\":1280,\"height\":219,\"caption\":\"Renato Dias\"},\"logo\":{\"@id\":\"https:\\\/\\\/renatodias.online\\\/movimento\\\/wp-content\\\/uploads\\\/2023\\\/03\\\/cropped-cropped-cropped-logofinal.jpeg\"},\"description\":\"Renato Dias, 58 anos, \u00e9 graduado em Jornalismo, formado em Ci\u00eancias Sociais, com p\u00f3s-gradua\u00e7\u00e3o em Pol\u00edticas P\u00fablicas, mestre em Direito e Rela\u00e7\u00f5es Internacionais, ex-aluno extraordin\u00e1rio do Doutorado em Psicologia Social, ex-estudante do Curso de Psican\u00e1lise do Centro de Estudos Psicanal\u00edticos do Estado de Goi\u00e1s, ministrado pelo m\u00e9dico psiquiatra e psicanalista Daniel Em\u00eddio de Souza. \u00c9 autor de 30 livros-reportagem, oito document\u00e1rios, ganhou 30 pr\u00eamios e \u00e9 torcedor apaixonado do maior do Centro-Oeste, o Vila Nova Futebol Clube. Casado com Meirilane Dias, \u00e9 pai de Juliana Dias, jornalista; Daniel Dias, economista; e Maria Rosa Dias, estudante antifascista, socialista e trotskista.\u00a0Com tr\u00eas pets: Porquinho [Bull Dog Franc\u00eas], Dalila [Basset Hound] e Geleia [Basset Hound]. Al\u00e9m do eterno gato Tutuquinho, que virou estrela.\",\"sameAs\":[\"https:\\\/\\\/www.facebook.com\\\/renato.dias.37\",\"#breve\",\"https:\\\/\\\/renatodias.tumblr.com\\\/\"],\"url\":\"https:\\\/\\\/renatodias.online\\\/movimento\\\/author\\\/renatodias\\\/\"}]}<\/script>\n<!-- \/ Yoast SEO plugin. -->","yoast_head_json":{"title":"Guerra do agro contra humanidade -","robots":{"index":"index","follow":"follow","max-snippet":"max-snippet:-1","max-image-preview":"max-image-preview:large","max-video-preview":"max-video-preview:-1"},"canonical":"https:\/\/renatodias.online\/movimento\/2022\/11\/25\/guerra-do-agro-contra-humanidade\/","og_locale":"pt_BR","og_type":"article","og_title":"Guerra do agro contra humanidade -","og_description":"Hist\u00f3ria explosiva Sobre a cabe\u00e7a os avi\u00f5es &nbsp; &nbsp; Document\u00e1rio de Fausto Borges e Amanda Costa Renato Dias _ \u00c9 chuva.\u00a0 \u00c9 chuva. \u00c9 chuva. \u00c1gua. Uma menina grita, sai correndo atr\u00e1s das gotas. Um avi\u00e3o de pequeno porte despejava o l\u00edquido. A inoc\u00eancia da inf\u00e2ncia e a estupidez da guerra qu\u00edmica promovida pelo agroneg\u00f3cio","og_url":"https:\/\/renatodias.online\/movimento\/2022\/11\/25\/guerra-do-agro-contra-humanidade\/","article_publisher":"https:\/\/www.facebook.com\/renato.dias.37","article_author":"https:\/\/www.facebook.com\/renato.dias.37","article_published_time":"2022-11-26T02:54:28+00:00","og_image":[{"width":440,"height":242,"url":"https:\/\/renatodias.online\/movimento\/wp-content\/uploads\/2022\/11\/Amanda-Costa-e-Fausto-Borges-e1669431119949.png","type":"image\/png"}],"author":"Renato Dias","twitter_card":"summary_large_image","twitter_creator":"@RenatoDiasBat","twitter_site":"@RenatoDiasBat","twitter_misc":{"Escrito por":"Renato Dias","Est. tempo de leitura":"2 minutos"},"schema":{"@context":"https:\/\/schema.org","@graph":[{"@type":"Article","@id":"https:\/\/renatodias.online\/movimento\/2022\/11\/25\/guerra-do-agro-contra-humanidade\/#article","isPartOf":{"@id":"https:\/\/renatodias.online\/movimento\/2022\/11\/25\/guerra-do-agro-contra-humanidade\/"},"author":{"name":"Renato Dias","@id":"https:\/\/renatodias.online\/movimento\/#\/schema\/person\/bbab28833b1725a20f4083f49f1fb2a9"},"headline":"Guerra do agro contra humanidade","datePublished":"2022-11-26T02:54:28+00:00","mainEntityOfPage":{"@id":"https:\/\/renatodias.online\/movimento\/2022\/11\/25\/guerra-do-agro-contra-humanidade\/"},"wordCount":501,"commentCount":0,"publisher":{"@id":"https:\/\/renatodias.online\/movimento\/#\/schema\/person\/bbab28833b1725a20f4083f49f1fb2a9"},"image":{"@id":"https:\/\/renatodias.online\/movimento\/2022\/11\/25\/guerra-do-agro-contra-humanidade\/#primaryimage"},"thumbnailUrl":"https:\/\/renatodias.online\/movimento\/wp-content\/uploads\/2022\/11\/Amanda-Costa-e-Fausto-Borges-e1669431119949.png","articleSection":["Cinema"],"inLanguage":"pt-BR","potentialAction":[{"@type":"CommentAction","name":"Comment","target":["https:\/\/renatodias.online\/movimento\/2022\/11\/25\/guerra-do-agro-contra-humanidade\/#respond"]}]},{"@type":"WebPage","@id":"https:\/\/renatodias.online\/movimento\/2022\/11\/25\/guerra-do-agro-contra-humanidade\/","url":"https:\/\/renatodias.online\/movimento\/2022\/11\/25\/guerra-do-agro-contra-humanidade\/","name":"Guerra do agro contra humanidade -","isPartOf":{"@id":"https:\/\/renatodias.online\/movimento\/#website"},"primaryImageOfPage":{"@id":"https:\/\/renatodias.online\/movimento\/2022\/11\/25\/guerra-do-agro-contra-humanidade\/#primaryimage"},"image":{"@id":"https:\/\/renatodias.online\/movimento\/2022\/11\/25\/guerra-do-agro-contra-humanidade\/#primaryimage"},"thumbnailUrl":"https:\/\/renatodias.online\/movimento\/wp-content\/uploads\/2022\/11\/Amanda-Costa-e-Fausto-Borges-e1669431119949.png","datePublished":"2022-11-26T02:54:28+00:00","breadcrumb":{"@id":"https:\/\/renatodias.online\/movimento\/2022\/11\/25\/guerra-do-agro-contra-humanidade\/#breadcrumb"},"inLanguage":"pt-BR","potentialAction":[{"@type":"ReadAction","target":["https:\/\/renatodias.online\/movimento\/2022\/11\/25\/guerra-do-agro-contra-humanidade\/"]}]},{"@type":"ImageObject","inLanguage":"pt-BR","@id":"https:\/\/renatodias.online\/movimento\/2022\/11\/25\/guerra-do-agro-contra-humanidade\/#primaryimage","url":"https:\/\/renatodias.online\/movimento\/wp-content\/uploads\/2022\/11\/Amanda-Costa-e-Fausto-Borges-e1669431119949.png","contentUrl":"https:\/\/renatodias.online\/movimento\/wp-content\/uploads\/2022\/11\/Amanda-Costa-e-Fausto-Borges-e1669431119949.png","width":440,"height":242,"caption":"Amanda Costa e Fausto Borges"},{"@type":"BreadcrumbList","@id":"https:\/\/renatodias.online\/movimento\/2022\/11\/25\/guerra-do-agro-contra-humanidade\/#breadcrumb","itemListElement":[{"@type":"ListItem","position":1,"name":"In\u00edcio","item":"https:\/\/renatodias.online\/movimento\/"},{"@type":"ListItem","position":2,"name":"Guerra do agro contra humanidade"}]},{"@type":"WebSite","@id":"https:\/\/renatodias.online\/movimento\/#website","url":"https:\/\/renatodias.online\/movimento\/","name":"","description":"","publisher":{"@id":"https:\/\/renatodias.online\/movimento\/#\/schema\/person\/bbab28833b1725a20f4083f49f1fb2a9"},"potentialAction":[{"@type":"SearchAction","target":{"@type":"EntryPoint","urlTemplate":"https:\/\/renatodias.online\/movimento\/?s={search_term_string}"},"query-input":{"@type":"PropertyValueSpecification","valueRequired":true,"valueName":"search_term_string"}}],"inLanguage":"pt-BR"},{"@type":["Person","Organization"],"@id":"https:\/\/renatodias.online\/movimento\/#\/schema\/person\/bbab28833b1725a20f4083f49f1fb2a9","name":"Renato Dias","image":{"@type":"ImageObject","inLanguage":"pt-BR","@id":"https:\/\/renatodias.online\/movimento\/wp-content\/uploads\/2023\/03\/cropped-cropped-cropped-logofinal.jpeg","url":"https:\/\/renatodias.online\/movimento\/wp-content\/uploads\/2023\/03\/cropped-cropped-cropped-logofinal.jpeg","contentUrl":"https:\/\/renatodias.online\/movimento\/wp-content\/uploads\/2023\/03\/cropped-cropped-cropped-logofinal.jpeg","width":1280,"height":219,"caption":"Renato Dias"},"logo":{"@id":"https:\/\/renatodias.online\/movimento\/wp-content\/uploads\/2023\/03\/cropped-cropped-cropped-logofinal.jpeg"},"description":"Renato Dias, 58 anos, \u00e9 graduado em Jornalismo, formado em Ci\u00eancias Sociais, com p\u00f3s-gradua\u00e7\u00e3o em Pol\u00edticas P\u00fablicas, mestre em Direito e Rela\u00e7\u00f5es Internacionais, ex-aluno extraordin\u00e1rio do Doutorado em Psicologia Social, ex-estudante do Curso de Psican\u00e1lise do Centro de Estudos Psicanal\u00edticos do Estado de Goi\u00e1s, ministrado pelo m\u00e9dico psiquiatra e psicanalista Daniel Em\u00eddio de Souza. \u00c9 autor de 30 livros-reportagem, oito document\u00e1rios, ganhou 30 pr\u00eamios e \u00e9 torcedor apaixonado do maior do Centro-Oeste, o Vila Nova Futebol Clube. Casado com Meirilane Dias, \u00e9 pai de Juliana Dias, jornalista; Daniel Dias, economista; e Maria Rosa Dias, estudante antifascista, socialista e trotskista.\u00a0Com tr\u00eas pets: Porquinho [Bull Dog Franc\u00eas], Dalila [Basset Hound] e Geleia [Basset Hound]. Al\u00e9m do eterno gato Tutuquinho, que virou estrela.","sameAs":["https:\/\/www.facebook.com\/renato.dias.37","#breve","https:\/\/renatodias.tumblr.com\/"],"url":"https:\/\/renatodias.online\/movimento\/author\/renatodias\/"}]}},"_links":{"self":[{"href":"https:\/\/renatodias.online\/movimento\/wp-json\/wp\/v2\/posts\/14936","targetHints":{"allow":["GET"]}}],"collection":[{"href":"https:\/\/renatodias.online\/movimento\/wp-json\/wp\/v2\/posts"}],"about":[{"href":"https:\/\/renatodias.online\/movimento\/wp-json\/wp\/v2\/types\/post"}],"author":[{"embeddable":true,"href":"https:\/\/renatodias.online\/movimento\/wp-json\/wp\/v2\/users\/2"}],"replies":[{"embeddable":true,"href":"https:\/\/renatodias.online\/movimento\/wp-json\/wp\/v2\/comments?post=14936"}],"version-history":[{"count":1,"href":"https:\/\/renatodias.online\/movimento\/wp-json\/wp\/v2\/posts\/14936\/revisions"}],"predecessor-version":[{"id":14945,"href":"https:\/\/renatodias.online\/movimento\/wp-json\/wp\/v2\/posts\/14936\/revisions\/14945"}],"wp:featuredmedia":[{"embeddable":true,"href":"https:\/\/renatodias.online\/movimento\/wp-json\/wp\/v2\/media\/14943"}],"wp:attachment":[{"href":"https:\/\/renatodias.online\/movimento\/wp-json\/wp\/v2\/media?parent=14936"}],"wp:term":[{"taxonomy":"category","embeddable":true,"href":"https:\/\/renatodias.online\/movimento\/wp-json\/wp\/v2\/categories?post=14936"},{"taxonomy":"post_tag","embeddable":true,"href":"https:\/\/renatodias.online\/movimento\/wp-json\/wp\/v2\/tags?post=14936"}],"curies":[{"name":"wp","href":"https:\/\/api.w.org\/{rel}","templated":true}]}}