{"id":1493,"date":"2019-07-17T16:26:12","date_gmt":"2019-07-17T19:26:12","guid":{"rendered":"http:\/\/renatodias.online\/gyn\/?p=1493"},"modified":"2019-07-17T16:26:12","modified_gmt":"2019-07-17T19:26:12","slug":"revival-de-geraldo-vandre-com-divas-da-musica-popular-brasileira-de-conceito-universal","status":"publish","type":"post","link":"https:\/\/renatodias.online\/movimento\/2019\/07\/17\/revival-de-geraldo-vandre-com-divas-da-musica-popular-brasileira-de-conceito-universal\/","title":{"rendered":"Revival de Geraldo Vandr\u00e9 Com divas da M\u00fasica Popular Brasileira de conceito universal"},"content":{"rendered":"<p>\t\t\t\t<strong>Espet\u00e1culo, hoje, 21h<\/strong><\/p>\n<p><strong>Revival de Geraldo Vandr\u00e9<\/strong><\/p>\n<p><img loading=\"lazy\" decoding=\"async\" src=\"https:\/\/renatodias.online\/wp-content\/uploads\/2019\/07\/Ingrid-Goldfeld-Cristina-Guedes-e-Fernanda-Guedes-927x1024.jpg\" alt=\"\" width=\"750\" height=\"828\" class=\"aligncenter wp-image-1494 size-large\" \/><\/p>\n<p><strong>Com divas da M\u00fasica Popular Brasileira de conceito universal produzida nas Terras Goyazes Fernanda Guedes, Cristina Guedes e Ingrid Goldfeld e os m\u00fasicos Marcelo Maia, Fred Valle <\/strong><\/p>\n<p><strong>\u00a0<\/strong><\/p>\n<p><strong>Renato Dias<\/strong><\/p>\n<p>Caminhando e cantando e seguindo a can\u00e7\u00e3o. Trecho de m\u00fasica \u00edcone de protesto. Sob a ditadura civil e militar. Ela ter\u00e1 um \u2018revival\u2019 nesta quinta-feira, na sexta-feira e no s\u00e1bado, na 9\u00aa Edi\u00e7\u00e3o do Goi\u00e2nia Ouro. Com Cristina Guedes, Fernanda Guedes e Ingrid Goldfeld. Musas &amp; divas da M\u00fasica Popular Brasileira universal produzida nas Terras Goyazes. Os espet\u00e1culos ser\u00e3o realizados no Goi\u00e2nia Ouro. Unidade da Secretaria de Cultura. Hor\u00e1rio: sempre \u00e0s 21h.<\/p>\n<p><strong>Banda musical<\/strong><\/p>\n<p>A banda especial que acompanha o trio feminino de ouro \u00e9 formada por Marcelo Maia, Dimar Viana, Fred Valle, Henrique Reis e Diego Amaral. \u2018Pra n\u00e3o dizer que n\u00e3o falei das flores\u2019, can\u00ad\u00e7\u00e3o de Geraldo Vandr\u00e9, \u00e9 o nome do espet\u00e1culo que j\u00e1 rodou o Brasil. Com sucesso de cr\u00edtica especializada e de p\u00fablico. Afinadas, com instrumentistas do primeiro time do cen\u00e1rio art\u00edstico do Centro-Oeste, o show \u00e9 do <em>balacobaco<\/em>. Inventivo, criativo, multifacetado. Repert\u00f3rio belo.<\/p>\n<p><strong>Servi\u00e7o<\/strong><\/p>\n<p><strong>Show:<\/strong> Musical<\/p>\n<p><strong>Espet\u00e1culo:<\/strong> \u2018Pra n\u00e3o dizer que n\u00e3o falei das flores\u2019<\/p>\n<p><strong>Data: <\/strong>Hoje, quinta-feira, amanh\u00e3 e s\u00e1bado<\/p>\n<p><strong>Local:<\/strong> Goi\u00e2nia Ouro<\/p>\n<p><strong>Hor\u00e1rio:<\/strong> 21h<\/p>\n<p><strong>Artistas:<\/strong> As divas Cristina Guedes, Fernanda Guedes e Ingrid Goldfeld<\/p>\n<p><strong>M\u00fasicos:<\/strong> Marcelo Maia, Dimar Viana, Fred Valle, Henrique Reis e Diego Amaral\t\t<\/p>\n","protected":false},"excerpt":{"rendered":"<p>Espet\u00e1culo, hoje, 21h Revival de Geraldo Vandr\u00e9 Com divas da M\u00fasica Popular Brasileira de conceito universal produzida nas Terras Goyazes Fernanda Guedes, Cristina Guedes e Ingrid Goldfeld e os m\u00fasicos Marcelo Maia, Fred Valle \u00a0 Renato Dias Caminhando e cantando e seguindo a can\u00e7\u00e3o. Trecho de m\u00fasica \u00edcone de protesto. Sob a ditadura civil e<\/p>\n","protected":false},"author":2,"featured_media":1494,"comment_status":"open","ping_status":"open","sticky":false,"template":"","format":"standard","meta":{"_acf_changed":false,"_monsterinsights_skip_tracking":false,"_monsterinsights_sitenote_active":false,"_monsterinsights_sitenote_note":"","_monsterinsights_sitenote_category":0,"footnotes":""},"categories":[2,29],"tags":[],"class_list":["post-1493","post","type-post","status-publish","format-standard","has-post-thumbnail","hentry","category-arte","category-shows"],"acf":[],"yoast_head":"<!-- This site is optimized with the Yoast SEO plugin v27.4 - https:\/\/yoast.com\/product\/yoast-seo-wordpress\/ -->\n<title>Revival de Geraldo Vandr\u00e9 Com divas da M\u00fasica Popular Brasileira de conceito universal -<\/title>\n<meta name=\"robots\" content=\"index, follow, max-snippet:-1, max-image-preview:large, max-video-preview:-1\" \/>\n<link rel=\"canonical\" href=\"https:\/\/renatodias.online\/movimento\/2019\/07\/17\/revival-de-geraldo-vandre-com-divas-da-musica-popular-brasileira-de-conceito-universal\/\" \/>\n<meta property=\"og:locale\" content=\"pt_BR\" \/>\n<meta property=\"og:type\" content=\"article\" \/>\n<meta property=\"og:title\" content=\"Revival de Geraldo Vandr\u00e9 Com divas da M\u00fasica Popular Brasileira de conceito universal -\" \/>\n<meta property=\"og:description\" content=\"Espet\u00e1culo, hoje, 21h Revival de Geraldo Vandr\u00e9 Com divas da M\u00fasica Popular Brasileira de conceito universal produzida nas Terras Goyazes Fernanda Guedes, Cristina Guedes e Ingrid Goldfeld e os m\u00fasicos Marcelo Maia, Fred Valle \u00a0 Renato Dias Caminhando e cantando e seguindo a can\u00e7\u00e3o. Trecho de m\u00fasica \u00edcone de protesto. Sob a ditadura civil e\" \/>\n<meta property=\"og:url\" content=\"https:\/\/renatodias.online\/movimento\/2019\/07\/17\/revival-de-geraldo-vandre-com-divas-da-musica-popular-brasileira-de-conceito-universal\/\" \/>\n<meta property=\"article:publisher\" content=\"https:\/\/www.facebook.com\/renato.dias.37\" \/>\n<meta property=\"article:author\" content=\"https:\/\/www.facebook.com\/renato.dias.37\" \/>\n<meta property=\"article:published_time\" content=\"2019-07-17T19:26:12+00:00\" \/>\n<meta name=\"author\" content=\"Renato Dias\" \/>\n<meta name=\"twitter:card\" content=\"summary_large_image\" \/>\n<meta name=\"twitter:creator\" content=\"@RenatoDiasBat\" \/>\n<meta name=\"twitter:site\" content=\"@RenatoDiasBat\" \/>\n<meta name=\"twitter:label1\" content=\"Escrito por\" \/>\n\t<meta name=\"twitter:data1\" content=\"Renato Dias\" \/>\n\t<meta name=\"twitter:label2\" content=\"Est. tempo de leitura\" \/>\n\t<meta name=\"twitter:data2\" content=\"1 minuto\" \/>\n<script type=\"application\/ld+json\" class=\"yoast-schema-graph\">{\"@context\":\"https:\\\/\\\/schema.org\",\"@graph\":[{\"@type\":\"Article\",\"@id\":\"https:\\\/\\\/renatodias.online\\\/movimento\\\/2019\\\/07\\\/17\\\/revival-de-geraldo-vandre-com-divas-da-musica-popular-brasileira-de-conceito-universal\\\/#article\",\"isPartOf\":{\"@id\":\"https:\\\/\\\/renatodias.online\\\/movimento\\\/2019\\\/07\\\/17\\\/revival-de-geraldo-vandre-com-divas-da-musica-popular-brasileira-de-conceito-universal\\\/\"},\"author\":{\"name\":\"Renato Dias\",\"@id\":\"https:\\\/\\\/renatodias.online\\\/movimento\\\/#\\\/schema\\\/person\\\/bbab28833b1725a20f4083f49f1fb2a9\"},\"headline\":\"Revival de Geraldo Vandr\u00e9 Com divas da M\u00fasica Popular Brasileira de conceito universal\",\"datePublished\":\"2019-07-17T19:26:12+00:00\",\"mainEntityOfPage\":{\"@id\":\"https:\\\/\\\/renatodias.online\\\/movimento\\\/2019\\\/07\\\/17\\\/revival-de-geraldo-vandre-com-divas-da-musica-popular-brasileira-de-conceito-universal\\\/\"},\"wordCount\":270,\"commentCount\":0,\"publisher\":{\"@id\":\"https:\\\/\\\/renatodias.online\\\/movimento\\\/#\\\/schema\\\/person\\\/bbab28833b1725a20f4083f49f1fb2a9\"},\"image\":{\"@id\":\"https:\\\/\\\/renatodias.online\\\/movimento\\\/2019\\\/07\\\/17\\\/revival-de-geraldo-vandre-com-divas-da-musica-popular-brasileira-de-conceito-universal\\\/#primaryimage\"},\"thumbnailUrl\":\"\",\"articleSection\":[\"Arte\",\"Shows\"],\"inLanguage\":\"pt-BR\",\"potentialAction\":[{\"@type\":\"CommentAction\",\"name\":\"Comment\",\"target\":[\"https:\\\/\\\/renatodias.online\\\/movimento\\\/2019\\\/07\\\/17\\\/revival-de-geraldo-vandre-com-divas-da-musica-popular-brasileira-de-conceito-universal\\\/#respond\"]}]},{\"@type\":\"WebPage\",\"@id\":\"https:\\\/\\\/renatodias.online\\\/movimento\\\/2019\\\/07\\\/17\\\/revival-de-geraldo-vandre-com-divas-da-musica-popular-brasileira-de-conceito-universal\\\/\",\"url\":\"https:\\\/\\\/renatodias.online\\\/movimento\\\/2019\\\/07\\\/17\\\/revival-de-geraldo-vandre-com-divas-da-musica-popular-brasileira-de-conceito-universal\\\/\",\"name\":\"Revival de Geraldo Vandr\u00e9 Com divas da M\u00fasica Popular Brasileira de conceito universal -\",\"isPartOf\":{\"@id\":\"https:\\\/\\\/renatodias.online\\\/movimento\\\/#website\"},\"primaryImageOfPage\":{\"@id\":\"https:\\\/\\\/renatodias.online\\\/movimento\\\/2019\\\/07\\\/17\\\/revival-de-geraldo-vandre-com-divas-da-musica-popular-brasileira-de-conceito-universal\\\/#primaryimage\"},\"image\":{\"@id\":\"https:\\\/\\\/renatodias.online\\\/movimento\\\/2019\\\/07\\\/17\\\/revival-de-geraldo-vandre-com-divas-da-musica-popular-brasileira-de-conceito-universal\\\/#primaryimage\"},\"thumbnailUrl\":\"\",\"datePublished\":\"2019-07-17T19:26:12+00:00\",\"breadcrumb\":{\"@id\":\"https:\\\/\\\/renatodias.online\\\/movimento\\\/2019\\\/07\\\/17\\\/revival-de-geraldo-vandre-com-divas-da-musica-popular-brasileira-de-conceito-universal\\\/#breadcrumb\"},\"inLanguage\":\"pt-BR\",\"potentialAction\":[{\"@type\":\"ReadAction\",\"target\":[\"https:\\\/\\\/renatodias.online\\\/movimento\\\/2019\\\/07\\\/17\\\/revival-de-geraldo-vandre-com-divas-da-musica-popular-brasileira-de-conceito-universal\\\/\"]}]},{\"@type\":\"ImageObject\",\"inLanguage\":\"pt-BR\",\"@id\":\"https:\\\/\\\/renatodias.online\\\/movimento\\\/2019\\\/07\\\/17\\\/revival-de-geraldo-vandre-com-divas-da-musica-popular-brasileira-de-conceito-universal\\\/#primaryimage\",\"url\":\"\",\"contentUrl\":\"\"},{\"@type\":\"BreadcrumbList\",\"@id\":\"https:\\\/\\\/renatodias.online\\\/movimento\\\/2019\\\/07\\\/17\\\/revival-de-geraldo-vandre-com-divas-da-musica-popular-brasileira-de-conceito-universal\\\/#breadcrumb\",\"itemListElement\":[{\"@type\":\"ListItem\",\"position\":1,\"name\":\"In\u00edcio\",\"item\":\"https:\\\/\\\/renatodias.online\\\/movimento\\\/\"},{\"@type\":\"ListItem\",\"position\":2,\"name\":\"Revival de Geraldo Vandr\u00e9 Com divas da M\u00fasica Popular Brasileira de conceito universal\"}]},{\"@type\":\"WebSite\",\"@id\":\"https:\\\/\\\/renatodias.online\\\/movimento\\\/#website\",\"url\":\"https:\\\/\\\/renatodias.online\\\/movimento\\\/\",\"name\":\"\",\"description\":\"\",\"publisher\":{\"@id\":\"https:\\\/\\\/renatodias.online\\\/movimento\\\/#\\\/schema\\\/person\\\/bbab28833b1725a20f4083f49f1fb2a9\"},\"potentialAction\":[{\"@type\":\"SearchAction\",\"target\":{\"@type\":\"EntryPoint\",\"urlTemplate\":\"https:\\\/\\\/renatodias.online\\\/movimento\\\/?s={search_term_string}\"},\"query-input\":{\"@type\":\"PropertyValueSpecification\",\"valueRequired\":true,\"valueName\":\"search_term_string\"}}],\"inLanguage\":\"pt-BR\"},{\"@type\":[\"Person\",\"Organization\"],\"@id\":\"https:\\\/\\\/renatodias.online\\\/movimento\\\/#\\\/schema\\\/person\\\/bbab28833b1725a20f4083f49f1fb2a9\",\"name\":\"Renato Dias\",\"image\":{\"@type\":\"ImageObject\",\"inLanguage\":\"pt-BR\",\"@id\":\"https:\\\/\\\/renatodias.online\\\/movimento\\\/wp-content\\\/uploads\\\/2023\\\/03\\\/cropped-cropped-cropped-logofinal.jpeg\",\"url\":\"https:\\\/\\\/renatodias.online\\\/movimento\\\/wp-content\\\/uploads\\\/2023\\\/03\\\/cropped-cropped-cropped-logofinal.jpeg\",\"contentUrl\":\"https:\\\/\\\/renatodias.online\\\/movimento\\\/wp-content\\\/uploads\\\/2023\\\/03\\\/cropped-cropped-cropped-logofinal.jpeg\",\"width\":1280,\"height\":219,\"caption\":\"Renato Dias\"},\"logo\":{\"@id\":\"https:\\\/\\\/renatodias.online\\\/movimento\\\/wp-content\\\/uploads\\\/2023\\\/03\\\/cropped-cropped-cropped-logofinal.jpeg\"},\"description\":\"Renato Dias, 58 anos, \u00e9 graduado em Jornalismo, formado em Ci\u00eancias Sociais, com p\u00f3s-gradua\u00e7\u00e3o em Pol\u00edticas P\u00fablicas, mestre em Direito e Rela\u00e7\u00f5es Internacionais, ex-aluno extraordin\u00e1rio do Doutorado em Psicologia Social, ex-estudante do Curso de Psican\u00e1lise do Centro de Estudos Psicanal\u00edticos do Estado de Goi\u00e1s, ministrado pelo m\u00e9dico psiquiatra e psicanalista Daniel Em\u00eddio de Souza. \u00c9 autor de 30 livros-reportagem, oito document\u00e1rios, ganhou 30 pr\u00eamios e \u00e9 torcedor apaixonado do maior do Centro-Oeste, o Vila Nova Futebol Clube. Casado com Meirilane Dias, \u00e9 pai de Juliana Dias, jornalista; Daniel Dias, economista; e Maria Rosa Dias, estudante antifascista, socialista e trotskista.\u00a0Com tr\u00eas pets: Porquinho [Bull Dog Franc\u00eas], Dalila [Basset Hound] e Geleia [Basset Hound]. Al\u00e9m do eterno gato Tutuquinho, que virou estrela.\",\"sameAs\":[\"https:\\\/\\\/www.facebook.com\\\/renato.dias.37\",\"#breve\",\"https:\\\/\\\/renatodias.tumblr.com\\\/\"],\"url\":\"https:\\\/\\\/renatodias.online\\\/movimento\\\/author\\\/renatodias\\\/\"}]}<\/script>\n<!-- \/ Yoast SEO plugin. -->","yoast_head_json":{"title":"Revival de Geraldo Vandr\u00e9 Com divas da M\u00fasica Popular Brasileira de conceito universal -","robots":{"index":"index","follow":"follow","max-snippet":"max-snippet:-1","max-image-preview":"max-image-preview:large","max-video-preview":"max-video-preview:-1"},"canonical":"https:\/\/renatodias.online\/movimento\/2019\/07\/17\/revival-de-geraldo-vandre-com-divas-da-musica-popular-brasileira-de-conceito-universal\/","og_locale":"pt_BR","og_type":"article","og_title":"Revival de Geraldo Vandr\u00e9 Com divas da M\u00fasica Popular Brasileira de conceito universal -","og_description":"Espet\u00e1culo, hoje, 21h Revival de Geraldo Vandr\u00e9 Com divas da M\u00fasica Popular Brasileira de conceito universal produzida nas Terras Goyazes Fernanda Guedes, Cristina Guedes e Ingrid Goldfeld e os m\u00fasicos Marcelo Maia, Fred Valle \u00a0 Renato Dias Caminhando e cantando e seguindo a can\u00e7\u00e3o. Trecho de m\u00fasica \u00edcone de protesto. Sob a ditadura civil e","og_url":"https:\/\/renatodias.online\/movimento\/2019\/07\/17\/revival-de-geraldo-vandre-com-divas-da-musica-popular-brasileira-de-conceito-universal\/","article_publisher":"https:\/\/www.facebook.com\/renato.dias.37","article_author":"https:\/\/www.facebook.com\/renato.dias.37","article_published_time":"2019-07-17T19:26:12+00:00","author":"Renato Dias","twitter_card":"summary_large_image","twitter_creator":"@RenatoDiasBat","twitter_site":"@RenatoDiasBat","twitter_misc":{"Escrito por":"Renato Dias","Est. tempo de leitura":"1 minuto"},"schema":{"@context":"https:\/\/schema.org","@graph":[{"@type":"Article","@id":"https:\/\/renatodias.online\/movimento\/2019\/07\/17\/revival-de-geraldo-vandre-com-divas-da-musica-popular-brasileira-de-conceito-universal\/#article","isPartOf":{"@id":"https:\/\/renatodias.online\/movimento\/2019\/07\/17\/revival-de-geraldo-vandre-com-divas-da-musica-popular-brasileira-de-conceito-universal\/"},"author":{"name":"Renato Dias","@id":"https:\/\/renatodias.online\/movimento\/#\/schema\/person\/bbab28833b1725a20f4083f49f1fb2a9"},"headline":"Revival de Geraldo Vandr\u00e9 Com divas da M\u00fasica Popular Brasileira de conceito universal","datePublished":"2019-07-17T19:26:12+00:00","mainEntityOfPage":{"@id":"https:\/\/renatodias.online\/movimento\/2019\/07\/17\/revival-de-geraldo-vandre-com-divas-da-musica-popular-brasileira-de-conceito-universal\/"},"wordCount":270,"commentCount":0,"publisher":{"@id":"https:\/\/renatodias.online\/movimento\/#\/schema\/person\/bbab28833b1725a20f4083f49f1fb2a9"},"image":{"@id":"https:\/\/renatodias.online\/movimento\/2019\/07\/17\/revival-de-geraldo-vandre-com-divas-da-musica-popular-brasileira-de-conceito-universal\/#primaryimage"},"thumbnailUrl":"","articleSection":["Arte","Shows"],"inLanguage":"pt-BR","potentialAction":[{"@type":"CommentAction","name":"Comment","target":["https:\/\/renatodias.online\/movimento\/2019\/07\/17\/revival-de-geraldo-vandre-com-divas-da-musica-popular-brasileira-de-conceito-universal\/#respond"]}]},{"@type":"WebPage","@id":"https:\/\/renatodias.online\/movimento\/2019\/07\/17\/revival-de-geraldo-vandre-com-divas-da-musica-popular-brasileira-de-conceito-universal\/","url":"https:\/\/renatodias.online\/movimento\/2019\/07\/17\/revival-de-geraldo-vandre-com-divas-da-musica-popular-brasileira-de-conceito-universal\/","name":"Revival de Geraldo Vandr\u00e9 Com divas da M\u00fasica Popular Brasileira de conceito universal -","isPartOf":{"@id":"https:\/\/renatodias.online\/movimento\/#website"},"primaryImageOfPage":{"@id":"https:\/\/renatodias.online\/movimento\/2019\/07\/17\/revival-de-geraldo-vandre-com-divas-da-musica-popular-brasileira-de-conceito-universal\/#primaryimage"},"image":{"@id":"https:\/\/renatodias.online\/movimento\/2019\/07\/17\/revival-de-geraldo-vandre-com-divas-da-musica-popular-brasileira-de-conceito-universal\/#primaryimage"},"thumbnailUrl":"","datePublished":"2019-07-17T19:26:12+00:00","breadcrumb":{"@id":"https:\/\/renatodias.online\/movimento\/2019\/07\/17\/revival-de-geraldo-vandre-com-divas-da-musica-popular-brasileira-de-conceito-universal\/#breadcrumb"},"inLanguage":"pt-BR","potentialAction":[{"@type":"ReadAction","target":["https:\/\/renatodias.online\/movimento\/2019\/07\/17\/revival-de-geraldo-vandre-com-divas-da-musica-popular-brasileira-de-conceito-universal\/"]}]},{"@type":"ImageObject","inLanguage":"pt-BR","@id":"https:\/\/renatodias.online\/movimento\/2019\/07\/17\/revival-de-geraldo-vandre-com-divas-da-musica-popular-brasileira-de-conceito-universal\/#primaryimage","url":"","contentUrl":""},{"@type":"BreadcrumbList","@id":"https:\/\/renatodias.online\/movimento\/2019\/07\/17\/revival-de-geraldo-vandre-com-divas-da-musica-popular-brasileira-de-conceito-universal\/#breadcrumb","itemListElement":[{"@type":"ListItem","position":1,"name":"In\u00edcio","item":"https:\/\/renatodias.online\/movimento\/"},{"@type":"ListItem","position":2,"name":"Revival de Geraldo Vandr\u00e9 Com divas da M\u00fasica Popular Brasileira de conceito universal"}]},{"@type":"WebSite","@id":"https:\/\/renatodias.online\/movimento\/#website","url":"https:\/\/renatodias.online\/movimento\/","name":"","description":"","publisher":{"@id":"https:\/\/renatodias.online\/movimento\/#\/schema\/person\/bbab28833b1725a20f4083f49f1fb2a9"},"potentialAction":[{"@type":"SearchAction","target":{"@type":"EntryPoint","urlTemplate":"https:\/\/renatodias.online\/movimento\/?s={search_term_string}"},"query-input":{"@type":"PropertyValueSpecification","valueRequired":true,"valueName":"search_term_string"}}],"inLanguage":"pt-BR"},{"@type":["Person","Organization"],"@id":"https:\/\/renatodias.online\/movimento\/#\/schema\/person\/bbab28833b1725a20f4083f49f1fb2a9","name":"Renato Dias","image":{"@type":"ImageObject","inLanguage":"pt-BR","@id":"https:\/\/renatodias.online\/movimento\/wp-content\/uploads\/2023\/03\/cropped-cropped-cropped-logofinal.jpeg","url":"https:\/\/renatodias.online\/movimento\/wp-content\/uploads\/2023\/03\/cropped-cropped-cropped-logofinal.jpeg","contentUrl":"https:\/\/renatodias.online\/movimento\/wp-content\/uploads\/2023\/03\/cropped-cropped-cropped-logofinal.jpeg","width":1280,"height":219,"caption":"Renato Dias"},"logo":{"@id":"https:\/\/renatodias.online\/movimento\/wp-content\/uploads\/2023\/03\/cropped-cropped-cropped-logofinal.jpeg"},"description":"Renato Dias, 58 anos, \u00e9 graduado em Jornalismo, formado em Ci\u00eancias Sociais, com p\u00f3s-gradua\u00e7\u00e3o em Pol\u00edticas P\u00fablicas, mestre em Direito e Rela\u00e7\u00f5es Internacionais, ex-aluno extraordin\u00e1rio do Doutorado em Psicologia Social, ex-estudante do Curso de Psican\u00e1lise do Centro de Estudos Psicanal\u00edticos do Estado de Goi\u00e1s, ministrado pelo m\u00e9dico psiquiatra e psicanalista Daniel Em\u00eddio de Souza. \u00c9 autor de 30 livros-reportagem, oito document\u00e1rios, ganhou 30 pr\u00eamios e \u00e9 torcedor apaixonado do maior do Centro-Oeste, o Vila Nova Futebol Clube. Casado com Meirilane Dias, \u00e9 pai de Juliana Dias, jornalista; Daniel Dias, economista; e Maria Rosa Dias, estudante antifascista, socialista e trotskista.\u00a0Com tr\u00eas pets: Porquinho [Bull Dog Franc\u00eas], Dalila [Basset Hound] e Geleia [Basset Hound]. Al\u00e9m do eterno gato Tutuquinho, que virou estrela.","sameAs":["https:\/\/www.facebook.com\/renato.dias.37","#breve","https:\/\/renatodias.tumblr.com\/"],"url":"https:\/\/renatodias.online\/movimento\/author\/renatodias\/"}]}},"_links":{"self":[{"href":"https:\/\/renatodias.online\/movimento\/wp-json\/wp\/v2\/posts\/1493","targetHints":{"allow":["GET"]}}],"collection":[{"href":"https:\/\/renatodias.online\/movimento\/wp-json\/wp\/v2\/posts"}],"about":[{"href":"https:\/\/renatodias.online\/movimento\/wp-json\/wp\/v2\/types\/post"}],"author":[{"embeddable":true,"href":"https:\/\/renatodias.online\/movimento\/wp-json\/wp\/v2\/users\/2"}],"replies":[{"embeddable":true,"href":"https:\/\/renatodias.online\/movimento\/wp-json\/wp\/v2\/comments?post=1493"}],"version-history":[{"count":0,"href":"https:\/\/renatodias.online\/movimento\/wp-json\/wp\/v2\/posts\/1493\/revisions"}],"wp:featuredmedia":[{"embeddable":true,"href":"https:\/\/renatodias.online\/movimento\/wp-json\/"}],"wp:attachment":[{"href":"https:\/\/renatodias.online\/movimento\/wp-json\/wp\/v2\/media?parent=1493"}],"wp:term":[{"taxonomy":"category","embeddable":true,"href":"https:\/\/renatodias.online\/movimento\/wp-json\/wp\/v2\/categories?post=1493"},{"taxonomy":"post_tag","embeddable":true,"href":"https:\/\/renatodias.online\/movimento\/wp-json\/wp\/v2\/tags?post=1493"}],"curies":[{"name":"wp","href":"https:\/\/api.w.org\/{rel}","templated":true}]}}