{"id":14870,"date":"2022-11-22T00:52:17","date_gmt":"2022-11-22T03:52:17","guid":{"rendered":"https:\/\/renatodias.online\/movimento\/?p=14870"},"modified":"2022-11-22T00:52:17","modified_gmt":"2022-11-22T03:52:17","slug":"adios-hebe-de-bonafini","status":"publish","type":"post","link":"https:\/\/renatodias.online\/movimento\/2022\/11\/22\/adios-hebe-de-bonafini\/","title":{"rendered":"Adi\u00f3s, Hebe de Bonafini"},"content":{"rendered":"<p><strong><img loading=\"lazy\" decoding=\"async\" class=\"size-medium wp-image-7158 aligncenter\" src=\"https:\/\/renatodias.online\/movimento\/wp-content\/uploads\/2021\/06\/Logo-_-Internacional-300x75.jpg\" alt=\"\" width=\"300\" height=\"75\" srcset=\"https:\/\/renatodias.online\/movimento\/wp-content\/uploads\/2021\/06\/Logo-_-Internacional-300x75.jpg 300w, https:\/\/renatodias.online\/movimento\/wp-content\/uploads\/2021\/06\/Logo-_-Internacional.jpg 626w\" sizes=\"auto, (max-width: 300px) 100vw, 300px\" \/><\/strong><\/p>\n<h1 style=\"text-align: center;\"><strong>\u00a0<\/strong><span style=\"color: #ff0000;\"><strong>1928 _ 2022<\/strong><\/span><\/h1>\n<figure id=\"attachment_5874\" aria-describedby=\"caption-attachment-5874\" style=\"width: 274px\" class=\"wp-caption aligncenter\"><img loading=\"lazy\" decoding=\"async\" class=\"size-medium wp-image-5874\" src=\"https:\/\/renatodias.online\/movimento\/wp-content\/uploads\/2021\/04\/ERP-trotskista-Argentina-274x300.png\" alt=\"\" width=\"274\" height=\"300\" srcset=\"https:\/\/renatodias.online\/movimento\/wp-content\/uploads\/2021\/04\/ERP-trotskista-Argentina-274x300.png 274w, https:\/\/renatodias.online\/movimento\/wp-content\/uploads\/2021\/04\/ERP-trotskista-Argentina.png 625w\" sizes=\"auto, (max-width: 274px) 100vw, 274px\" \/><figcaption id=\"caption-attachment-5874\" class=\"wp-caption-text\"><strong>Argentina<\/strong><\/figcaption><\/figure>\n<h1 style=\"text-align: center;\"><span style=\"color: #ff00ff;\"><strong>Presidente das M\u00e3es da Pra\u00e7a de Maio<\/strong><\/span><\/h1>\n<p><strong>Renato Dias<\/strong><\/p>\n<p>A presidente da Associa\u00e7\u00e3o M\u00e3es da Pra\u00e7a de Maio, da Argentina, Hebe de Bonafini, 93 anos,\u00a0 morreu, no \u00faltimo domingo, 20 de novembro de 2022, \u00e0s 9h20, no Hospital Italiano. Localizado na Prov\u00edncia de Buenos Aires. A ativista de defesa dos direitos humanos foi uma protagonista na execu\u00e7\u00e3o da real Justi\u00e7a de Transi\u00e7\u00e3o da ditadura civil e militar do Pa\u00eds do Cone-Sul [1976-1983].<\/p>\n<blockquote>\n<h1><span style=\"color: #ff0000;\"><strong>Protagonista na luta pela Justi\u00e7a de Transi\u00e7\u00e3o na Argentina<\/strong><\/span><\/h1>\n<p><img loading=\"lazy\" decoding=\"async\" class=\"size-medium wp-image-7457 aligncenter\" src=\"https:\/\/renatodias.online\/movimento\/wp-content\/uploads\/2021\/06\/Sangue-_-1-300x200.jpeg\" alt=\"\" width=\"300\" height=\"200\" \/><\/p><\/blockquote>\n<p>Uma das fundadoras da ONG [Organiza\u00e7\u00e3o N\u00e3o Governamental], em 1977, de genitoras de mortos e desaparecidos pol\u00edticos. Com len\u00e7os brancos na cabe\u00e7a, elas se re\u00fanem semanalmente em frente \u00e0 Casa Rosada, Pal\u00e1cio do Governo, instalado em Buenos Aires. Com a plataforma cidad\u00e3 de Verdade, Mem\u00f3ria e Justi\u00e7a. Hist\u00f3rico: militares foram parar na cadeia por seus crimes.<\/p>\n<blockquote>\n<h1><span style=\"color: #ff0000;\"><strong>Mem\u00f3ria, verdade e justi\u00e7a<\/strong><\/span><\/h1>\n<figure id=\"attachment_14872\" aria-describedby=\"caption-attachment-14872\" style=\"width: 958px\" class=\"wp-caption alignnone\"><img loading=\"lazy\" decoding=\"async\" class=\"wp-image-14872 size-full\" src=\"https:\/\/renatodias.online\/movimento\/wp-content\/uploads\/2022\/11\/Hebe-de-Bonafine.png\" alt=\"\" width=\"958\" height=\"640\" srcset=\"https:\/\/renatodias.online\/movimento\/wp-content\/uploads\/2022\/11\/Hebe-de-Bonafine.png 958w, https:\/\/renatodias.online\/movimento\/wp-content\/uploads\/2022\/11\/Hebe-de-Bonafine-300x200.png 300w, https:\/\/renatodias.online\/movimento\/wp-content\/uploads\/2022\/11\/Hebe-de-Bonafine-768x513.png 768w, https:\/\/renatodias.online\/movimento\/wp-content\/uploads\/2022\/11\/Hebe-de-Bonafine-360x240.png 360w, https:\/\/renatodias.online\/movimento\/wp-content\/uploads\/2022\/11\/Hebe-de-Bonafine-750x501.png 750w\" sizes=\"auto, (max-width: 958px) 100vw, 958px\" \/><figcaption id=\"caption-attachment-14872\" class=\"wp-caption-text\"><strong>Hebe de Bonafini<\/strong><\/figcaption><\/figure><\/blockquote>\n<p>Dona de casa, com apenas o curso prim\u00e1rio, Hebe de Bonafini teve dois filhos e uma nora executados extrajudicialmente pela ditadura civil e militar. O primeiro, Jorge Omar, em 8 fevereiro de 1977.\u00a0 O segundo, Raul Alfredo, 6 de dezembro do mesmo ano. Terceira, sua nora, Maria Elena Cepeda, no tr\u00e1gico dia 25 de maio de 1978, casada com Jorge Omar. Tempos sombrios na Am\u00e9rica Latina.<\/p>\n<blockquote>\n<h1><strong><span style=\"color: #ff0000;\">Dois filhos e uma nora mortos e desaparecidos<\/span>\u00a0<\/strong><\/h1>\n<p><img loading=\"lazy\" decoding=\"async\" class=\"wp-image-5622 size-full aligncenter\" src=\"https:\/\/renatodias.online\/movimento\/wp-content\/uploads\/2021\/03\/Infografia-Golpe-na-Argentina-_-2.jpg\" alt=\"\" width=\"568\" height=\"1280\" \/><\/p><\/blockquote>\n<p>&nbsp;<\/p>\n<p><strong><img loading=\"lazy\" decoding=\"async\" class=\"size-medium wp-image-14125 aligncenter\" src=\"https:\/\/renatodias.online\/movimento\/wp-content\/uploads\/2022\/09\/Saiba-mais-300x103.png\" alt=\"\" width=\"300\" height=\"103\" srcset=\"https:\/\/renatodias.online\/movimento\/wp-content\/uploads\/2022\/09\/Saiba-mais-300x103.png 300w, https:\/\/renatodias.online\/movimento\/wp-content\/uploads\/2022\/09\/Saiba-mais.png 572w\" sizes=\"auto, (max-width: 300px) 100vw, 300px\" \/><\/strong><\/p>\n<h1 style=\"text-align: center;\"><span style=\"color: #008000;\"><strong>A ditadura civil e militar na Argentina<\/strong><\/span><\/h1>\n<p>Fardados e civis deflagraram um golpe de Estado no dia 24 de mar\u00e7o do ano de 1976, depuseram Isabelita de Per\u00f3n, enviada para o ex\u00edlio na Espanha. A denominada Junta de Reorganiza\u00e7\u00e3o Nacional \u00e9 respons\u00e1vel por 30 mil mortes e desaparecimentos. Assim como pelo sequestro de 500 beb\u00eas. O ex-presidente da Argentina Jorge Rafael Videla foi condenado \u00e0 pris\u00e3o perp\u00e9tua.<\/p>\n<figure id=\"attachment_5869\" aria-describedby=\"caption-attachment-5869\" style=\"width: 1200px\" class=\"wp-caption alignnone\"><img loading=\"lazy\" decoding=\"async\" class=\"wp-image-5869 size-full\" src=\"https:\/\/renatodias.online\/movimento\/wp-content\/uploads\/2021\/04\/Golpe-na-Argentina-1976.png\" alt=\"\" width=\"1200\" height=\"832\" \/><figcaption id=\"caption-attachment-5869\" class=\"wp-caption-text\"><strong>Golpe na Argentina: 1976<\/strong><\/figcaption><\/figure>\n<p><strong> <img loading=\"lazy\" decoding=\"async\" class=\"size-full wp-image-6054 aligncenter\" src=\"https:\/\/renatodias.online\/movimento\/wp-content\/uploads\/2021\/04\/Imagem-de-sangue-e1657251646184.jpg\" alt=\"\" width=\"360\" height=\"240\" \/><\/strong><\/p>\n","protected":false},"excerpt":{"rendered":"<p>\u00a01928 _ 2022 Presidente das M\u00e3es da Pra\u00e7a de Maio Renato Dias A presidente da Associa\u00e7\u00e3o M\u00e3es da Pra\u00e7a de Maio, da Argentina, Hebe de Bonafini, 93 anos,\u00a0 morreu, no \u00faltimo domingo, 20 de novembro de 2022, \u00e0s 9h20, no Hospital Italiano. Localizado na Prov\u00edncia de Buenos Aires. A ativista de defesa dos direitos humanos<\/p>\n","protected":false},"author":2,"featured_media":14871,"comment_status":"open","ping_status":"open","sticky":false,"template":"","format":"standard","meta":{"_acf_changed":false,"_monsterinsights_skip_tracking":false,"_monsterinsights_sitenote_active":false,"_monsterinsights_sitenote_note":"","_monsterinsights_sitenote_category":0,"footnotes":""},"categories":[36],"tags":[],"class_list":["post-14870","post","type-post","status-publish","format-standard","has-post-thumbnail","hentry","category-internacional"],"acf":[],"yoast_head":"<!-- This site is optimized with the Yoast SEO plugin v27.4 - https:\/\/yoast.com\/product\/yoast-seo-wordpress\/ -->\n<title>Adi\u00f3s, Hebe de Bonafini -<\/title>\n<meta name=\"robots\" content=\"index, follow, max-snippet:-1, max-image-preview:large, max-video-preview:-1\" \/>\n<link rel=\"canonical\" href=\"https:\/\/renatodias.online\/movimento\/2022\/11\/22\/adios-hebe-de-bonafini\/\" \/>\n<meta property=\"og:locale\" content=\"pt_BR\" \/>\n<meta property=\"og:type\" content=\"article\" \/>\n<meta property=\"og:title\" content=\"Adi\u00f3s, Hebe de Bonafini -\" \/>\n<meta property=\"og:description\" content=\"\u00a01928 _ 2022 Presidente das M\u00e3es da Pra\u00e7a de Maio Renato Dias A presidente da Associa\u00e7\u00e3o M\u00e3es da Pra\u00e7a de Maio, da Argentina, Hebe de Bonafini, 93 anos,\u00a0 morreu, no \u00faltimo domingo, 20 de novembro de 2022, \u00e0s 9h20, no Hospital Italiano. Localizado na Prov\u00edncia de Buenos Aires. A ativista de defesa dos direitos humanos\" \/>\n<meta property=\"og:url\" content=\"https:\/\/renatodias.online\/movimento\/2022\/11\/22\/adios-hebe-de-bonafini\/\" \/>\n<meta property=\"article:publisher\" content=\"https:\/\/www.facebook.com\/renato.dias.37\" \/>\n<meta property=\"article:author\" content=\"https:\/\/www.facebook.com\/renato.dias.37\" \/>\n<meta property=\"article:published_time\" content=\"2022-11-22T03:52:17+00:00\" \/>\n<meta property=\"og:image\" content=\"https:\/\/renatodias.online\/movimento\/wp-content\/uploads\/2022\/11\/Hebe-de-Bonafine-Link-e1669088834870.png\" \/>\n\t<meta property=\"og:image:width\" content=\"360\" \/>\n\t<meta property=\"og:image:height\" content=\"257\" \/>\n\t<meta property=\"og:image:type\" content=\"image\/png\" \/>\n<meta name=\"author\" content=\"Renato Dias\" \/>\n<meta name=\"twitter:card\" content=\"summary_large_image\" \/>\n<meta name=\"twitter:creator\" content=\"@RenatoDiasBat\" \/>\n<meta name=\"twitter:site\" content=\"@RenatoDiasBat\" \/>\n<meta name=\"twitter:label1\" content=\"Escrito por\" \/>\n\t<meta name=\"twitter:data1\" content=\"Renato Dias\" \/>\n\t<meta name=\"twitter:label2\" content=\"Est. tempo de leitura\" \/>\n\t<meta name=\"twitter:data2\" content=\"2 minutos\" \/>\n<script type=\"application\/ld+json\" class=\"yoast-schema-graph\">{\"@context\":\"https:\\\/\\\/schema.org\",\"@graph\":[{\"@type\":\"Article\",\"@id\":\"https:\\\/\\\/renatodias.online\\\/movimento\\\/2022\\\/11\\\/22\\\/adios-hebe-de-bonafini\\\/#article\",\"isPartOf\":{\"@id\":\"https:\\\/\\\/renatodias.online\\\/movimento\\\/2022\\\/11\\\/22\\\/adios-hebe-de-bonafini\\\/\"},\"author\":{\"name\":\"Renato Dias\",\"@id\":\"https:\\\/\\\/renatodias.online\\\/movimento\\\/#\\\/schema\\\/person\\\/bbab28833b1725a20f4083f49f1fb2a9\"},\"headline\":\"Adi\u00f3s, Hebe de Bonafini\",\"datePublished\":\"2022-11-22T03:52:17+00:00\",\"mainEntityOfPage\":{\"@id\":\"https:\\\/\\\/renatodias.online\\\/movimento\\\/2022\\\/11\\\/22\\\/adios-hebe-de-bonafini\\\/\"},\"wordCount\":335,\"commentCount\":0,\"publisher\":{\"@id\":\"https:\\\/\\\/renatodias.online\\\/movimento\\\/#\\\/schema\\\/person\\\/bbab28833b1725a20f4083f49f1fb2a9\"},\"image\":{\"@id\":\"https:\\\/\\\/renatodias.online\\\/movimento\\\/2022\\\/11\\\/22\\\/adios-hebe-de-bonafini\\\/#primaryimage\"},\"thumbnailUrl\":\"https:\\\/\\\/renatodias.online\\\/movimento\\\/wp-content\\\/uploads\\\/2022\\\/11\\\/Hebe-de-Bonafine-Link-e1669088834870.png\",\"articleSection\":[\"Internacional\"],\"inLanguage\":\"pt-BR\",\"potentialAction\":[{\"@type\":\"CommentAction\",\"name\":\"Comment\",\"target\":[\"https:\\\/\\\/renatodias.online\\\/movimento\\\/2022\\\/11\\\/22\\\/adios-hebe-de-bonafini\\\/#respond\"]}]},{\"@type\":\"WebPage\",\"@id\":\"https:\\\/\\\/renatodias.online\\\/movimento\\\/2022\\\/11\\\/22\\\/adios-hebe-de-bonafini\\\/\",\"url\":\"https:\\\/\\\/renatodias.online\\\/movimento\\\/2022\\\/11\\\/22\\\/adios-hebe-de-bonafini\\\/\",\"name\":\"Adi\u00f3s, Hebe de Bonafini -\",\"isPartOf\":{\"@id\":\"https:\\\/\\\/renatodias.online\\\/movimento\\\/#website\"},\"primaryImageOfPage\":{\"@id\":\"https:\\\/\\\/renatodias.online\\\/movimento\\\/2022\\\/11\\\/22\\\/adios-hebe-de-bonafini\\\/#primaryimage\"},\"image\":{\"@id\":\"https:\\\/\\\/renatodias.online\\\/movimento\\\/2022\\\/11\\\/22\\\/adios-hebe-de-bonafini\\\/#primaryimage\"},\"thumbnailUrl\":\"https:\\\/\\\/renatodias.online\\\/movimento\\\/wp-content\\\/uploads\\\/2022\\\/11\\\/Hebe-de-Bonafine-Link-e1669088834870.png\",\"datePublished\":\"2022-11-22T03:52:17+00:00\",\"breadcrumb\":{\"@id\":\"https:\\\/\\\/renatodias.online\\\/movimento\\\/2022\\\/11\\\/22\\\/adios-hebe-de-bonafini\\\/#breadcrumb\"},\"inLanguage\":\"pt-BR\",\"potentialAction\":[{\"@type\":\"ReadAction\",\"target\":[\"https:\\\/\\\/renatodias.online\\\/movimento\\\/2022\\\/11\\\/22\\\/adios-hebe-de-bonafini\\\/\"]}]},{\"@type\":\"ImageObject\",\"inLanguage\":\"pt-BR\",\"@id\":\"https:\\\/\\\/renatodias.online\\\/movimento\\\/2022\\\/11\\\/22\\\/adios-hebe-de-bonafini\\\/#primaryimage\",\"url\":\"https:\\\/\\\/renatodias.online\\\/movimento\\\/wp-content\\\/uploads\\\/2022\\\/11\\\/Hebe-de-Bonafine-Link-e1669088834870.png\",\"contentUrl\":\"https:\\\/\\\/renatodias.online\\\/movimento\\\/wp-content\\\/uploads\\\/2022\\\/11\\\/Hebe-de-Bonafine-Link-e1669088834870.png\",\"width\":360,\"height\":257,\"caption\":\"Hebe de Bonafini\"},{\"@type\":\"BreadcrumbList\",\"@id\":\"https:\\\/\\\/renatodias.online\\\/movimento\\\/2022\\\/11\\\/22\\\/adios-hebe-de-bonafini\\\/#breadcrumb\",\"itemListElement\":[{\"@type\":\"ListItem\",\"position\":1,\"name\":\"In\u00edcio\",\"item\":\"https:\\\/\\\/renatodias.online\\\/movimento\\\/\"},{\"@type\":\"ListItem\",\"position\":2,\"name\":\"Adi\u00f3s, Hebe de Bonafini\"}]},{\"@type\":\"WebSite\",\"@id\":\"https:\\\/\\\/renatodias.online\\\/movimento\\\/#website\",\"url\":\"https:\\\/\\\/renatodias.online\\\/movimento\\\/\",\"name\":\"\",\"description\":\"\",\"publisher\":{\"@id\":\"https:\\\/\\\/renatodias.online\\\/movimento\\\/#\\\/schema\\\/person\\\/bbab28833b1725a20f4083f49f1fb2a9\"},\"potentialAction\":[{\"@type\":\"SearchAction\",\"target\":{\"@type\":\"EntryPoint\",\"urlTemplate\":\"https:\\\/\\\/renatodias.online\\\/movimento\\\/?s={search_term_string}\"},\"query-input\":{\"@type\":\"PropertyValueSpecification\",\"valueRequired\":true,\"valueName\":\"search_term_string\"}}],\"inLanguage\":\"pt-BR\"},{\"@type\":[\"Person\",\"Organization\"],\"@id\":\"https:\\\/\\\/renatodias.online\\\/movimento\\\/#\\\/schema\\\/person\\\/bbab28833b1725a20f4083f49f1fb2a9\",\"name\":\"Renato Dias\",\"image\":{\"@type\":\"ImageObject\",\"inLanguage\":\"pt-BR\",\"@id\":\"https:\\\/\\\/renatodias.online\\\/movimento\\\/wp-content\\\/uploads\\\/2023\\\/03\\\/cropped-cropped-cropped-logofinal.jpeg\",\"url\":\"https:\\\/\\\/renatodias.online\\\/movimento\\\/wp-content\\\/uploads\\\/2023\\\/03\\\/cropped-cropped-cropped-logofinal.jpeg\",\"contentUrl\":\"https:\\\/\\\/renatodias.online\\\/movimento\\\/wp-content\\\/uploads\\\/2023\\\/03\\\/cropped-cropped-cropped-logofinal.jpeg\",\"width\":1280,\"height\":219,\"caption\":\"Renato Dias\"},\"logo\":{\"@id\":\"https:\\\/\\\/renatodias.online\\\/movimento\\\/wp-content\\\/uploads\\\/2023\\\/03\\\/cropped-cropped-cropped-logofinal.jpeg\"},\"description\":\"Renato Dias, 58 anos, \u00e9 graduado em Jornalismo, formado em Ci\u00eancias Sociais, com p\u00f3s-gradua\u00e7\u00e3o em Pol\u00edticas P\u00fablicas, mestre em Direito e Rela\u00e7\u00f5es Internacionais, ex-aluno extraordin\u00e1rio do Doutorado em Psicologia Social, ex-estudante do Curso de Psican\u00e1lise do Centro de Estudos Psicanal\u00edticos do Estado de Goi\u00e1s, ministrado pelo m\u00e9dico psiquiatra e psicanalista Daniel Em\u00eddio de Souza. \u00c9 autor de 30 livros-reportagem, oito document\u00e1rios, ganhou 30 pr\u00eamios e \u00e9 torcedor apaixonado do maior do Centro-Oeste, o Vila Nova Futebol Clube. Casado com Meirilane Dias, \u00e9 pai de Juliana Dias, jornalista; Daniel Dias, economista; e Maria Rosa Dias, estudante antifascista, socialista e trotskista.\u00a0Com tr\u00eas pets: Porquinho [Bull Dog Franc\u00eas], Dalila [Basset Hound] e Geleia [Basset Hound]. Al\u00e9m do eterno gato Tutuquinho, que virou estrela.\",\"sameAs\":[\"https:\\\/\\\/www.facebook.com\\\/renato.dias.37\",\"#breve\",\"https:\\\/\\\/renatodias.tumblr.com\\\/\"],\"url\":\"https:\\\/\\\/renatodias.online\\\/movimento\\\/author\\\/renatodias\\\/\"}]}<\/script>\n<!-- \/ Yoast SEO plugin. -->","yoast_head_json":{"title":"Adi\u00f3s, Hebe de Bonafini -","robots":{"index":"index","follow":"follow","max-snippet":"max-snippet:-1","max-image-preview":"max-image-preview:large","max-video-preview":"max-video-preview:-1"},"canonical":"https:\/\/renatodias.online\/movimento\/2022\/11\/22\/adios-hebe-de-bonafini\/","og_locale":"pt_BR","og_type":"article","og_title":"Adi\u00f3s, Hebe de Bonafini -","og_description":"\u00a01928 _ 2022 Presidente das M\u00e3es da Pra\u00e7a de Maio Renato Dias A presidente da Associa\u00e7\u00e3o M\u00e3es da Pra\u00e7a de Maio, da Argentina, Hebe de Bonafini, 93 anos,\u00a0 morreu, no \u00faltimo domingo, 20 de novembro de 2022, \u00e0s 9h20, no Hospital Italiano. Localizado na Prov\u00edncia de Buenos Aires. A ativista de defesa dos direitos humanos","og_url":"https:\/\/renatodias.online\/movimento\/2022\/11\/22\/adios-hebe-de-bonafini\/","article_publisher":"https:\/\/www.facebook.com\/renato.dias.37","article_author":"https:\/\/www.facebook.com\/renato.dias.37","article_published_time":"2022-11-22T03:52:17+00:00","og_image":[{"width":360,"height":257,"url":"https:\/\/renatodias.online\/movimento\/wp-content\/uploads\/2022\/11\/Hebe-de-Bonafine-Link-e1669088834870.png","type":"image\/png"}],"author":"Renato Dias","twitter_card":"summary_large_image","twitter_creator":"@RenatoDiasBat","twitter_site":"@RenatoDiasBat","twitter_misc":{"Escrito por":"Renato Dias","Est. tempo de leitura":"2 minutos"},"schema":{"@context":"https:\/\/schema.org","@graph":[{"@type":"Article","@id":"https:\/\/renatodias.online\/movimento\/2022\/11\/22\/adios-hebe-de-bonafini\/#article","isPartOf":{"@id":"https:\/\/renatodias.online\/movimento\/2022\/11\/22\/adios-hebe-de-bonafini\/"},"author":{"name":"Renato Dias","@id":"https:\/\/renatodias.online\/movimento\/#\/schema\/person\/bbab28833b1725a20f4083f49f1fb2a9"},"headline":"Adi\u00f3s, Hebe de Bonafini","datePublished":"2022-11-22T03:52:17+00:00","mainEntityOfPage":{"@id":"https:\/\/renatodias.online\/movimento\/2022\/11\/22\/adios-hebe-de-bonafini\/"},"wordCount":335,"commentCount":0,"publisher":{"@id":"https:\/\/renatodias.online\/movimento\/#\/schema\/person\/bbab28833b1725a20f4083f49f1fb2a9"},"image":{"@id":"https:\/\/renatodias.online\/movimento\/2022\/11\/22\/adios-hebe-de-bonafini\/#primaryimage"},"thumbnailUrl":"https:\/\/renatodias.online\/movimento\/wp-content\/uploads\/2022\/11\/Hebe-de-Bonafine-Link-e1669088834870.png","articleSection":["Internacional"],"inLanguage":"pt-BR","potentialAction":[{"@type":"CommentAction","name":"Comment","target":["https:\/\/renatodias.online\/movimento\/2022\/11\/22\/adios-hebe-de-bonafini\/#respond"]}]},{"@type":"WebPage","@id":"https:\/\/renatodias.online\/movimento\/2022\/11\/22\/adios-hebe-de-bonafini\/","url":"https:\/\/renatodias.online\/movimento\/2022\/11\/22\/adios-hebe-de-bonafini\/","name":"Adi\u00f3s, Hebe de Bonafini -","isPartOf":{"@id":"https:\/\/renatodias.online\/movimento\/#website"},"primaryImageOfPage":{"@id":"https:\/\/renatodias.online\/movimento\/2022\/11\/22\/adios-hebe-de-bonafini\/#primaryimage"},"image":{"@id":"https:\/\/renatodias.online\/movimento\/2022\/11\/22\/adios-hebe-de-bonafini\/#primaryimage"},"thumbnailUrl":"https:\/\/renatodias.online\/movimento\/wp-content\/uploads\/2022\/11\/Hebe-de-Bonafine-Link-e1669088834870.png","datePublished":"2022-11-22T03:52:17+00:00","breadcrumb":{"@id":"https:\/\/renatodias.online\/movimento\/2022\/11\/22\/adios-hebe-de-bonafini\/#breadcrumb"},"inLanguage":"pt-BR","potentialAction":[{"@type":"ReadAction","target":["https:\/\/renatodias.online\/movimento\/2022\/11\/22\/adios-hebe-de-bonafini\/"]}]},{"@type":"ImageObject","inLanguage":"pt-BR","@id":"https:\/\/renatodias.online\/movimento\/2022\/11\/22\/adios-hebe-de-bonafini\/#primaryimage","url":"https:\/\/renatodias.online\/movimento\/wp-content\/uploads\/2022\/11\/Hebe-de-Bonafine-Link-e1669088834870.png","contentUrl":"https:\/\/renatodias.online\/movimento\/wp-content\/uploads\/2022\/11\/Hebe-de-Bonafine-Link-e1669088834870.png","width":360,"height":257,"caption":"Hebe de Bonafini"},{"@type":"BreadcrumbList","@id":"https:\/\/renatodias.online\/movimento\/2022\/11\/22\/adios-hebe-de-bonafini\/#breadcrumb","itemListElement":[{"@type":"ListItem","position":1,"name":"In\u00edcio","item":"https:\/\/renatodias.online\/movimento\/"},{"@type":"ListItem","position":2,"name":"Adi\u00f3s, Hebe de Bonafini"}]},{"@type":"WebSite","@id":"https:\/\/renatodias.online\/movimento\/#website","url":"https:\/\/renatodias.online\/movimento\/","name":"","description":"","publisher":{"@id":"https:\/\/renatodias.online\/movimento\/#\/schema\/person\/bbab28833b1725a20f4083f49f1fb2a9"},"potentialAction":[{"@type":"SearchAction","target":{"@type":"EntryPoint","urlTemplate":"https:\/\/renatodias.online\/movimento\/?s={search_term_string}"},"query-input":{"@type":"PropertyValueSpecification","valueRequired":true,"valueName":"search_term_string"}}],"inLanguage":"pt-BR"},{"@type":["Person","Organization"],"@id":"https:\/\/renatodias.online\/movimento\/#\/schema\/person\/bbab28833b1725a20f4083f49f1fb2a9","name":"Renato Dias","image":{"@type":"ImageObject","inLanguage":"pt-BR","@id":"https:\/\/renatodias.online\/movimento\/wp-content\/uploads\/2023\/03\/cropped-cropped-cropped-logofinal.jpeg","url":"https:\/\/renatodias.online\/movimento\/wp-content\/uploads\/2023\/03\/cropped-cropped-cropped-logofinal.jpeg","contentUrl":"https:\/\/renatodias.online\/movimento\/wp-content\/uploads\/2023\/03\/cropped-cropped-cropped-logofinal.jpeg","width":1280,"height":219,"caption":"Renato Dias"},"logo":{"@id":"https:\/\/renatodias.online\/movimento\/wp-content\/uploads\/2023\/03\/cropped-cropped-cropped-logofinal.jpeg"},"description":"Renato Dias, 58 anos, \u00e9 graduado em Jornalismo, formado em Ci\u00eancias Sociais, com p\u00f3s-gradua\u00e7\u00e3o em Pol\u00edticas P\u00fablicas, mestre em Direito e Rela\u00e7\u00f5es Internacionais, ex-aluno extraordin\u00e1rio do Doutorado em Psicologia Social, ex-estudante do Curso de Psican\u00e1lise do Centro de Estudos Psicanal\u00edticos do Estado de Goi\u00e1s, ministrado pelo m\u00e9dico psiquiatra e psicanalista Daniel Em\u00eddio de Souza. \u00c9 autor de 30 livros-reportagem, oito document\u00e1rios, ganhou 30 pr\u00eamios e \u00e9 torcedor apaixonado do maior do Centro-Oeste, o Vila Nova Futebol Clube. Casado com Meirilane Dias, \u00e9 pai de Juliana Dias, jornalista; Daniel Dias, economista; e Maria Rosa Dias, estudante antifascista, socialista e trotskista.\u00a0Com tr\u00eas pets: Porquinho [Bull Dog Franc\u00eas], Dalila [Basset Hound] e Geleia [Basset Hound]. Al\u00e9m do eterno gato Tutuquinho, que virou estrela.","sameAs":["https:\/\/www.facebook.com\/renato.dias.37","#breve","https:\/\/renatodias.tumblr.com\/"],"url":"https:\/\/renatodias.online\/movimento\/author\/renatodias\/"}]}},"_links":{"self":[{"href":"https:\/\/renatodias.online\/movimento\/wp-json\/wp\/v2\/posts\/14870","targetHints":{"allow":["GET"]}}],"collection":[{"href":"https:\/\/renatodias.online\/movimento\/wp-json\/wp\/v2\/posts"}],"about":[{"href":"https:\/\/renatodias.online\/movimento\/wp-json\/wp\/v2\/types\/post"}],"author":[{"embeddable":true,"href":"https:\/\/renatodias.online\/movimento\/wp-json\/wp\/v2\/users\/2"}],"replies":[{"embeddable":true,"href":"https:\/\/renatodias.online\/movimento\/wp-json\/wp\/v2\/comments?post=14870"}],"version-history":[{"count":1,"href":"https:\/\/renatodias.online\/movimento\/wp-json\/wp\/v2\/posts\/14870\/revisions"}],"predecessor-version":[{"id":14873,"href":"https:\/\/renatodias.online\/movimento\/wp-json\/wp\/v2\/posts\/14870\/revisions\/14873"}],"wp:featuredmedia":[{"embeddable":true,"href":"https:\/\/renatodias.online\/movimento\/wp-json\/wp\/v2\/media\/14871"}],"wp:attachment":[{"href":"https:\/\/renatodias.online\/movimento\/wp-json\/wp\/v2\/media?parent=14870"}],"wp:term":[{"taxonomy":"category","embeddable":true,"href":"https:\/\/renatodias.online\/movimento\/wp-json\/wp\/v2\/categories?post=14870"},{"taxonomy":"post_tag","embeddable":true,"href":"https:\/\/renatodias.online\/movimento\/wp-json\/wp\/v2\/tags?post=14870"}],"curies":[{"name":"wp","href":"https:\/\/api.w.org\/{rel}","templated":true}]}}