{"id":1484,"date":"2019-07-16T19:44:14","date_gmt":"2019-07-16T22:44:14","guid":{"rendered":"http:\/\/renatodias.online\/gyn\/?p=1484"},"modified":"2019-07-16T19:44:14","modified_gmt":"2019-07-16T22:44:14","slug":"2022-no-brasil-doria-e-o-nome-natural-do-psdb-afirma-jardel-sebba","status":"publish","type":"post","link":"https:\/\/renatodias.online\/movimento\/2019\/07\/16\/2022-no-brasil-doria-e-o-nome-natural-do-psdb-afirma-jardel-sebba\/","title":{"rendered":"2022 no Brasil D\u00f3ria \u00e9 o nome natural do PSDB, afirma Jardel Sebba"},"content":{"rendered":"<p>\t\t\t\t<strong>2022 no Brasil<\/strong><\/p>\n<p><strong>D\u00f3ria \u00e9 o nome natural do <\/strong><\/p>\n<p><strong>PSDB, afirma Jardel Sebba<\/strong><\/p>\n<p><strong>L\u00edder tucano acredita que Jair Bolsonaro, presidente da Rep\u00fablica, erra ao indicar o nome do filho Eduardo Bolsonaro para a Embaixada dos Estados Unidos das Am\u00e9ricas<\/strong><\/p>\n<figure id=\"attachment_1485\" aria-describedby=\"caption-attachment-1485\" style=\"width: 720px\" class=\"wp-caption aligncenter\"><img loading=\"lazy\" decoding=\"async\" src=\"https:\/\/renatodias.online\/wp-content\/uploads\/2019\/07\/Jardel-Sebba.jpg\" alt=\"\" width=\"720\" height=\"480\" class=\"wp-image-1485 size-full\" \/><figcaption id=\"caption-attachment-1485\" class=\"wp-caption-text\">Jardel Sebba<\/figcaption><\/figure>\n<p><strong>Tucano quer agenda com redu\u00e7\u00e3o do Estado, estancamento da sangria da corrup\u00e7\u00e3o, desone\u00adra\u00e7\u00f5es, incentivos credit\u00edcios e fiscais para promover o desenvolvimento<\/strong><\/p>\n<p><strong>Renato Dias<\/strong><\/p>\n<p>O governador do Estado de S\u00e3o Paulo, ex-prefeito da Capital, Jo\u00e3o D\u00f3ria, \u00e9 o nome natural, hoje, do PSDB, para disputar as elei\u00e7\u00f5es \u00e0 Presid\u00eancia da Rep\u00fablica, no ano de 2022, informa, com exclusividade, Jardel Sebba, ex-presidente da Assembleia Legislativa do Estado de Goi\u00e1s, ex-deputado estadual por quatro mandatos, ex-prefeito de Catal\u00e3o, ex-secret\u00e1rio de Estado de Gabinete, governador do Estado interino em tr\u00eas oportunidades \u00e0 \u00e9poca do \u2018Tempo Novo\u2019.<\/p>\n<p><strong>&#8211; Jo\u00e3o D\u00f3ria, com perfil de centro, \u00e9 o homem capaz de acabar com a polariza\u00e7\u00e3o delet\u00e9ria do Brasil, retomar o crescimento econ\u00f4mico e gerar renda, emprego e direitos<\/strong>.<\/p>\n<p>O l\u00edder tucano acredita que Jair Bolsonaro, presidente da Rep\u00fablica, erra ao indicar o nome do filho Eduardo Bolsonaro para a Embaixada dos Estados Unidos das Am\u00e9ricas[EUA]. O ex \u2013 parlamentar defende a Reforma da Previd\u00eancia. Para impedir o rombo, controlar o d\u00e9ficit, garantir a aposentadoria e os benef\u00edcios no futuro, j\u00e1 que a expectativa m\u00e9dia de vida do brasileiro aumenta, enquanto elevam-se as aposentadorias e caem arrecada\u00e7\u00e3o e receita, diz.<\/p>\n<p><strong>&#8211; \u00c9 preciso uma agenda econ\u00f4mica com redu\u00e7\u00e3o do Estado, estancamento da sangria da corrup\u00e7\u00e3o, desonera\u00e7\u00f5es, incentivos credit\u00edcios e fiscais para promover o desenvolvimento<\/strong>.<\/p>\n<p><strong>2020 j\u00e1<\/strong><\/p>\n<p>M\u00e9dico, o ex-deputado estadual analisa que a Sa\u00fade P\u00fablica, no munic\u00edpio de Catal\u00e3o, seu reduto eleitoral, estaria em uma suposta Unidade de Terapia Intensiva, em est\u00e1gio terminal. O ex-prefeito da Cidade critica ainda a extin\u00e7\u00e3o do Programa Rem\u00e9dio Entregue em Casa, a desativa\u00e7\u00e3o de leitos, a escassez de investimentos, os cortes em projetos de cidadania e inclus\u00e3o, os buracos na cidade, a aus\u00eancia de pavimenta\u00e7\u00e3o e a crise na Educa\u00e7\u00e3o P\u00fablica.<\/p>\n<p><strong>&#8211; A unidade das oposi\u00e7\u00f5es \u00e9 o caminho para derrotar o projeto da atual administra\u00e7\u00e3o. Uma gest\u00e3o que fracassou. Gustavo Sebba \u00e9 alternativa. N\u00e3o \u00e9 a \u00fanica e pode abrir m\u00e3o por um nome mais forte<\/strong>.\t\t<\/p>\n","protected":false},"excerpt":{"rendered":"<p>2022 no Brasil D\u00f3ria \u00e9 o nome natural do PSDB, afirma Jardel Sebba L\u00edder tucano acredita que Jair Bolsonaro, presidente da Rep\u00fablica, erra ao indicar o nome do filho Eduardo Bolsonaro para a Embaixada dos Estados Unidos das Am\u00e9ricas Tucano quer agenda com redu\u00e7\u00e3o do Estado, estancamento da sangria da corrup\u00e7\u00e3o, desone\u00adra\u00e7\u00f5es, incentivos credit\u00edcios e<\/p>\n","protected":false},"author":2,"featured_media":1485,"comment_status":"open","ping_status":"open","sticky":false,"template":"","format":"standard","meta":{"_acf_changed":false,"_monsterinsights_skip_tracking":false,"_monsterinsights_sitenote_active":false,"_monsterinsights_sitenote_note":"","_monsterinsights_sitenote_category":0,"footnotes":""},"categories":[4],"tags":[],"class_list":["post-1484","post","type-post","status-publish","format-standard","has-post-thumbnail","hentry","category-politica"],"acf":[],"yoast_head":"<!-- This site is optimized with the Yoast SEO plugin v27.4 - https:\/\/yoast.com\/product\/yoast-seo-wordpress\/ -->\n<title>2022 no Brasil D\u00f3ria \u00e9 o nome natural do PSDB, afirma Jardel Sebba -<\/title>\n<meta name=\"robots\" content=\"index, follow, max-snippet:-1, max-image-preview:large, max-video-preview:-1\" \/>\n<link rel=\"canonical\" href=\"https:\/\/renatodias.online\/movimento\/2019\/07\/16\/2022-no-brasil-doria-e-o-nome-natural-do-psdb-afirma-jardel-sebba\/\" \/>\n<meta property=\"og:locale\" content=\"pt_BR\" \/>\n<meta property=\"og:type\" content=\"article\" \/>\n<meta property=\"og:title\" content=\"2022 no Brasil D\u00f3ria \u00e9 o nome natural do PSDB, afirma Jardel Sebba -\" \/>\n<meta property=\"og:description\" content=\"2022 no Brasil D\u00f3ria \u00e9 o nome natural do PSDB, afirma Jardel Sebba L\u00edder tucano acredita que Jair Bolsonaro, presidente da Rep\u00fablica, erra ao indicar o nome do filho Eduardo Bolsonaro para a Embaixada dos Estados Unidos das Am\u00e9ricas Tucano quer agenda com redu\u00e7\u00e3o do Estado, estancamento da sangria da corrup\u00e7\u00e3o, desone\u00adra\u00e7\u00f5es, incentivos credit\u00edcios e\" \/>\n<meta property=\"og:url\" content=\"https:\/\/renatodias.online\/movimento\/2019\/07\/16\/2022-no-brasil-doria-e-o-nome-natural-do-psdb-afirma-jardel-sebba\/\" \/>\n<meta property=\"article:publisher\" content=\"https:\/\/www.facebook.com\/renato.dias.37\" \/>\n<meta property=\"article:author\" content=\"https:\/\/www.facebook.com\/renato.dias.37\" \/>\n<meta property=\"article:published_time\" content=\"2019-07-16T22:44:14+00:00\" \/>\n<meta name=\"author\" content=\"Renato Dias\" \/>\n<meta name=\"twitter:card\" content=\"summary_large_image\" \/>\n<meta name=\"twitter:creator\" content=\"@RenatoDiasBat\" \/>\n<meta name=\"twitter:site\" content=\"@RenatoDiasBat\" \/>\n<meta name=\"twitter:label1\" content=\"Escrito por\" \/>\n\t<meta name=\"twitter:data1\" content=\"Renato Dias\" \/>\n\t<meta name=\"twitter:label2\" content=\"Est. tempo de leitura\" \/>\n\t<meta name=\"twitter:data2\" content=\"2 minutos\" \/>\n<script type=\"application\/ld+json\" class=\"yoast-schema-graph\">{\"@context\":\"https:\\\/\\\/schema.org\",\"@graph\":[{\"@type\":\"Article\",\"@id\":\"https:\\\/\\\/renatodias.online\\\/movimento\\\/2019\\\/07\\\/16\\\/2022-no-brasil-doria-e-o-nome-natural-do-psdb-afirma-jardel-sebba\\\/#article\",\"isPartOf\":{\"@id\":\"https:\\\/\\\/renatodias.online\\\/movimento\\\/2019\\\/07\\\/16\\\/2022-no-brasil-doria-e-o-nome-natural-do-psdb-afirma-jardel-sebba\\\/\"},\"author\":{\"name\":\"Renato Dias\",\"@id\":\"https:\\\/\\\/renatodias.online\\\/movimento\\\/#\\\/schema\\\/person\\\/bbab28833b1725a20f4083f49f1fb2a9\"},\"headline\":\"2022 no Brasil D\u00f3ria \u00e9 o nome natural do PSDB, afirma Jardel Sebba\",\"datePublished\":\"2019-07-16T22:44:14+00:00\",\"mainEntityOfPage\":{\"@id\":\"https:\\\/\\\/renatodias.online\\\/movimento\\\/2019\\\/07\\\/16\\\/2022-no-brasil-doria-e-o-nome-natural-do-psdb-afirma-jardel-sebba\\\/\"},\"wordCount\":429,\"commentCount\":0,\"publisher\":{\"@id\":\"https:\\\/\\\/renatodias.online\\\/movimento\\\/#\\\/schema\\\/person\\\/bbab28833b1725a20f4083f49f1fb2a9\"},\"image\":{\"@id\":\"https:\\\/\\\/renatodias.online\\\/movimento\\\/2019\\\/07\\\/16\\\/2022-no-brasil-doria-e-o-nome-natural-do-psdb-afirma-jardel-sebba\\\/#primaryimage\"},\"thumbnailUrl\":\"\",\"articleSection\":[\"Pol\u00edtica\"],\"inLanguage\":\"pt-BR\",\"potentialAction\":[{\"@type\":\"CommentAction\",\"name\":\"Comment\",\"target\":[\"https:\\\/\\\/renatodias.online\\\/movimento\\\/2019\\\/07\\\/16\\\/2022-no-brasil-doria-e-o-nome-natural-do-psdb-afirma-jardel-sebba\\\/#respond\"]}]},{\"@type\":\"WebPage\",\"@id\":\"https:\\\/\\\/renatodias.online\\\/movimento\\\/2019\\\/07\\\/16\\\/2022-no-brasil-doria-e-o-nome-natural-do-psdb-afirma-jardel-sebba\\\/\",\"url\":\"https:\\\/\\\/renatodias.online\\\/movimento\\\/2019\\\/07\\\/16\\\/2022-no-brasil-doria-e-o-nome-natural-do-psdb-afirma-jardel-sebba\\\/\",\"name\":\"2022 no Brasil D\u00f3ria \u00e9 o nome natural do PSDB, afirma Jardel Sebba -\",\"isPartOf\":{\"@id\":\"https:\\\/\\\/renatodias.online\\\/movimento\\\/#website\"},\"primaryImageOfPage\":{\"@id\":\"https:\\\/\\\/renatodias.online\\\/movimento\\\/2019\\\/07\\\/16\\\/2022-no-brasil-doria-e-o-nome-natural-do-psdb-afirma-jardel-sebba\\\/#primaryimage\"},\"image\":{\"@id\":\"https:\\\/\\\/renatodias.online\\\/movimento\\\/2019\\\/07\\\/16\\\/2022-no-brasil-doria-e-o-nome-natural-do-psdb-afirma-jardel-sebba\\\/#primaryimage\"},\"thumbnailUrl\":\"\",\"datePublished\":\"2019-07-16T22:44:14+00:00\",\"breadcrumb\":{\"@id\":\"https:\\\/\\\/renatodias.online\\\/movimento\\\/2019\\\/07\\\/16\\\/2022-no-brasil-doria-e-o-nome-natural-do-psdb-afirma-jardel-sebba\\\/#breadcrumb\"},\"inLanguage\":\"pt-BR\",\"potentialAction\":[{\"@type\":\"ReadAction\",\"target\":[\"https:\\\/\\\/renatodias.online\\\/movimento\\\/2019\\\/07\\\/16\\\/2022-no-brasil-doria-e-o-nome-natural-do-psdb-afirma-jardel-sebba\\\/\"]}]},{\"@type\":\"ImageObject\",\"inLanguage\":\"pt-BR\",\"@id\":\"https:\\\/\\\/renatodias.online\\\/movimento\\\/2019\\\/07\\\/16\\\/2022-no-brasil-doria-e-o-nome-natural-do-psdb-afirma-jardel-sebba\\\/#primaryimage\",\"url\":\"\",\"contentUrl\":\"\"},{\"@type\":\"BreadcrumbList\",\"@id\":\"https:\\\/\\\/renatodias.online\\\/movimento\\\/2019\\\/07\\\/16\\\/2022-no-brasil-doria-e-o-nome-natural-do-psdb-afirma-jardel-sebba\\\/#breadcrumb\",\"itemListElement\":[{\"@type\":\"ListItem\",\"position\":1,\"name\":\"In\u00edcio\",\"item\":\"https:\\\/\\\/renatodias.online\\\/movimento\\\/\"},{\"@type\":\"ListItem\",\"position\":2,\"name\":\"2022 no Brasil D\u00f3ria \u00e9 o nome natural do PSDB, afirma Jardel Sebba\"}]},{\"@type\":\"WebSite\",\"@id\":\"https:\\\/\\\/renatodias.online\\\/movimento\\\/#website\",\"url\":\"https:\\\/\\\/renatodias.online\\\/movimento\\\/\",\"name\":\"\",\"description\":\"\",\"publisher\":{\"@id\":\"https:\\\/\\\/renatodias.online\\\/movimento\\\/#\\\/schema\\\/person\\\/bbab28833b1725a20f4083f49f1fb2a9\"},\"potentialAction\":[{\"@type\":\"SearchAction\",\"target\":{\"@type\":\"EntryPoint\",\"urlTemplate\":\"https:\\\/\\\/renatodias.online\\\/movimento\\\/?s={search_term_string}\"},\"query-input\":{\"@type\":\"PropertyValueSpecification\",\"valueRequired\":true,\"valueName\":\"search_term_string\"}}],\"inLanguage\":\"pt-BR\"},{\"@type\":[\"Person\",\"Organization\"],\"@id\":\"https:\\\/\\\/renatodias.online\\\/movimento\\\/#\\\/schema\\\/person\\\/bbab28833b1725a20f4083f49f1fb2a9\",\"name\":\"Renato Dias\",\"image\":{\"@type\":\"ImageObject\",\"inLanguage\":\"pt-BR\",\"@id\":\"https:\\\/\\\/renatodias.online\\\/movimento\\\/wp-content\\\/uploads\\\/2023\\\/03\\\/cropped-cropped-cropped-logofinal.jpeg\",\"url\":\"https:\\\/\\\/renatodias.online\\\/movimento\\\/wp-content\\\/uploads\\\/2023\\\/03\\\/cropped-cropped-cropped-logofinal.jpeg\",\"contentUrl\":\"https:\\\/\\\/renatodias.online\\\/movimento\\\/wp-content\\\/uploads\\\/2023\\\/03\\\/cropped-cropped-cropped-logofinal.jpeg\",\"width\":1280,\"height\":219,\"caption\":\"Renato Dias\"},\"logo\":{\"@id\":\"https:\\\/\\\/renatodias.online\\\/movimento\\\/wp-content\\\/uploads\\\/2023\\\/03\\\/cropped-cropped-cropped-logofinal.jpeg\"},\"description\":\"Renato Dias, 58 anos, \u00e9 graduado em Jornalismo, formado em Ci\u00eancias Sociais, com p\u00f3s-gradua\u00e7\u00e3o em Pol\u00edticas P\u00fablicas, mestre em Direito e Rela\u00e7\u00f5es Internacionais, ex-aluno extraordin\u00e1rio do Doutorado em Psicologia Social, ex-estudante do Curso de Psican\u00e1lise do Centro de Estudos Psicanal\u00edticos do Estado de Goi\u00e1s, ministrado pelo m\u00e9dico psiquiatra e psicanalista Daniel Em\u00eddio de Souza. \u00c9 autor de 30 livros-reportagem, oito document\u00e1rios, ganhou 30 pr\u00eamios e \u00e9 torcedor apaixonado do maior do Centro-Oeste, o Vila Nova Futebol Clube. Casado com Meirilane Dias, \u00e9 pai de Juliana Dias, jornalista; Daniel Dias, economista; e Maria Rosa Dias, estudante antifascista, socialista e trotskista.\u00a0Com tr\u00eas pets: Porquinho [Bull Dog Franc\u00eas], Dalila [Basset Hound] e Geleia [Basset Hound]. Al\u00e9m do eterno gato Tutuquinho, que virou estrela.\",\"sameAs\":[\"https:\\\/\\\/www.facebook.com\\\/renato.dias.37\",\"#breve\",\"https:\\\/\\\/renatodias.tumblr.com\\\/\"],\"url\":\"https:\\\/\\\/renatodias.online\\\/movimento\\\/author\\\/renatodias\\\/\"}]}<\/script>\n<!-- \/ Yoast SEO plugin. -->","yoast_head_json":{"title":"2022 no Brasil D\u00f3ria \u00e9 o nome natural do PSDB, afirma Jardel Sebba -","robots":{"index":"index","follow":"follow","max-snippet":"max-snippet:-1","max-image-preview":"max-image-preview:large","max-video-preview":"max-video-preview:-1"},"canonical":"https:\/\/renatodias.online\/movimento\/2019\/07\/16\/2022-no-brasil-doria-e-o-nome-natural-do-psdb-afirma-jardel-sebba\/","og_locale":"pt_BR","og_type":"article","og_title":"2022 no Brasil D\u00f3ria \u00e9 o nome natural do PSDB, afirma Jardel Sebba -","og_description":"2022 no Brasil D\u00f3ria \u00e9 o nome natural do PSDB, afirma Jardel Sebba L\u00edder tucano acredita que Jair Bolsonaro, presidente da Rep\u00fablica, erra ao indicar o nome do filho Eduardo Bolsonaro para a Embaixada dos Estados Unidos das Am\u00e9ricas Tucano quer agenda com redu\u00e7\u00e3o do Estado, estancamento da sangria da corrup\u00e7\u00e3o, desone\u00adra\u00e7\u00f5es, incentivos credit\u00edcios e","og_url":"https:\/\/renatodias.online\/movimento\/2019\/07\/16\/2022-no-brasil-doria-e-o-nome-natural-do-psdb-afirma-jardel-sebba\/","article_publisher":"https:\/\/www.facebook.com\/renato.dias.37","article_author":"https:\/\/www.facebook.com\/renato.dias.37","article_published_time":"2019-07-16T22:44:14+00:00","author":"Renato Dias","twitter_card":"summary_large_image","twitter_creator":"@RenatoDiasBat","twitter_site":"@RenatoDiasBat","twitter_misc":{"Escrito por":"Renato Dias","Est. tempo de leitura":"2 minutos"},"schema":{"@context":"https:\/\/schema.org","@graph":[{"@type":"Article","@id":"https:\/\/renatodias.online\/movimento\/2019\/07\/16\/2022-no-brasil-doria-e-o-nome-natural-do-psdb-afirma-jardel-sebba\/#article","isPartOf":{"@id":"https:\/\/renatodias.online\/movimento\/2019\/07\/16\/2022-no-brasil-doria-e-o-nome-natural-do-psdb-afirma-jardel-sebba\/"},"author":{"name":"Renato Dias","@id":"https:\/\/renatodias.online\/movimento\/#\/schema\/person\/bbab28833b1725a20f4083f49f1fb2a9"},"headline":"2022 no Brasil D\u00f3ria \u00e9 o nome natural do PSDB, afirma Jardel Sebba","datePublished":"2019-07-16T22:44:14+00:00","mainEntityOfPage":{"@id":"https:\/\/renatodias.online\/movimento\/2019\/07\/16\/2022-no-brasil-doria-e-o-nome-natural-do-psdb-afirma-jardel-sebba\/"},"wordCount":429,"commentCount":0,"publisher":{"@id":"https:\/\/renatodias.online\/movimento\/#\/schema\/person\/bbab28833b1725a20f4083f49f1fb2a9"},"image":{"@id":"https:\/\/renatodias.online\/movimento\/2019\/07\/16\/2022-no-brasil-doria-e-o-nome-natural-do-psdb-afirma-jardel-sebba\/#primaryimage"},"thumbnailUrl":"","articleSection":["Pol\u00edtica"],"inLanguage":"pt-BR","potentialAction":[{"@type":"CommentAction","name":"Comment","target":["https:\/\/renatodias.online\/movimento\/2019\/07\/16\/2022-no-brasil-doria-e-o-nome-natural-do-psdb-afirma-jardel-sebba\/#respond"]}]},{"@type":"WebPage","@id":"https:\/\/renatodias.online\/movimento\/2019\/07\/16\/2022-no-brasil-doria-e-o-nome-natural-do-psdb-afirma-jardel-sebba\/","url":"https:\/\/renatodias.online\/movimento\/2019\/07\/16\/2022-no-brasil-doria-e-o-nome-natural-do-psdb-afirma-jardel-sebba\/","name":"2022 no Brasil D\u00f3ria \u00e9 o nome natural do PSDB, afirma Jardel Sebba -","isPartOf":{"@id":"https:\/\/renatodias.online\/movimento\/#website"},"primaryImageOfPage":{"@id":"https:\/\/renatodias.online\/movimento\/2019\/07\/16\/2022-no-brasil-doria-e-o-nome-natural-do-psdb-afirma-jardel-sebba\/#primaryimage"},"image":{"@id":"https:\/\/renatodias.online\/movimento\/2019\/07\/16\/2022-no-brasil-doria-e-o-nome-natural-do-psdb-afirma-jardel-sebba\/#primaryimage"},"thumbnailUrl":"","datePublished":"2019-07-16T22:44:14+00:00","breadcrumb":{"@id":"https:\/\/renatodias.online\/movimento\/2019\/07\/16\/2022-no-brasil-doria-e-o-nome-natural-do-psdb-afirma-jardel-sebba\/#breadcrumb"},"inLanguage":"pt-BR","potentialAction":[{"@type":"ReadAction","target":["https:\/\/renatodias.online\/movimento\/2019\/07\/16\/2022-no-brasil-doria-e-o-nome-natural-do-psdb-afirma-jardel-sebba\/"]}]},{"@type":"ImageObject","inLanguage":"pt-BR","@id":"https:\/\/renatodias.online\/movimento\/2019\/07\/16\/2022-no-brasil-doria-e-o-nome-natural-do-psdb-afirma-jardel-sebba\/#primaryimage","url":"","contentUrl":""},{"@type":"BreadcrumbList","@id":"https:\/\/renatodias.online\/movimento\/2019\/07\/16\/2022-no-brasil-doria-e-o-nome-natural-do-psdb-afirma-jardel-sebba\/#breadcrumb","itemListElement":[{"@type":"ListItem","position":1,"name":"In\u00edcio","item":"https:\/\/renatodias.online\/movimento\/"},{"@type":"ListItem","position":2,"name":"2022 no Brasil D\u00f3ria \u00e9 o nome natural do PSDB, afirma Jardel Sebba"}]},{"@type":"WebSite","@id":"https:\/\/renatodias.online\/movimento\/#website","url":"https:\/\/renatodias.online\/movimento\/","name":"","description":"","publisher":{"@id":"https:\/\/renatodias.online\/movimento\/#\/schema\/person\/bbab28833b1725a20f4083f49f1fb2a9"},"potentialAction":[{"@type":"SearchAction","target":{"@type":"EntryPoint","urlTemplate":"https:\/\/renatodias.online\/movimento\/?s={search_term_string}"},"query-input":{"@type":"PropertyValueSpecification","valueRequired":true,"valueName":"search_term_string"}}],"inLanguage":"pt-BR"},{"@type":["Person","Organization"],"@id":"https:\/\/renatodias.online\/movimento\/#\/schema\/person\/bbab28833b1725a20f4083f49f1fb2a9","name":"Renato Dias","image":{"@type":"ImageObject","inLanguage":"pt-BR","@id":"https:\/\/renatodias.online\/movimento\/wp-content\/uploads\/2023\/03\/cropped-cropped-cropped-logofinal.jpeg","url":"https:\/\/renatodias.online\/movimento\/wp-content\/uploads\/2023\/03\/cropped-cropped-cropped-logofinal.jpeg","contentUrl":"https:\/\/renatodias.online\/movimento\/wp-content\/uploads\/2023\/03\/cropped-cropped-cropped-logofinal.jpeg","width":1280,"height":219,"caption":"Renato Dias"},"logo":{"@id":"https:\/\/renatodias.online\/movimento\/wp-content\/uploads\/2023\/03\/cropped-cropped-cropped-logofinal.jpeg"},"description":"Renato Dias, 58 anos, \u00e9 graduado em Jornalismo, formado em Ci\u00eancias Sociais, com p\u00f3s-gradua\u00e7\u00e3o em Pol\u00edticas P\u00fablicas, mestre em Direito e Rela\u00e7\u00f5es Internacionais, ex-aluno extraordin\u00e1rio do Doutorado em Psicologia Social, ex-estudante do Curso de Psican\u00e1lise do Centro de Estudos Psicanal\u00edticos do Estado de Goi\u00e1s, ministrado pelo m\u00e9dico psiquiatra e psicanalista Daniel Em\u00eddio de Souza. \u00c9 autor de 30 livros-reportagem, oito document\u00e1rios, ganhou 30 pr\u00eamios e \u00e9 torcedor apaixonado do maior do Centro-Oeste, o Vila Nova Futebol Clube. Casado com Meirilane Dias, \u00e9 pai de Juliana Dias, jornalista; Daniel Dias, economista; e Maria Rosa Dias, estudante antifascista, socialista e trotskista.\u00a0Com tr\u00eas pets: Porquinho [Bull Dog Franc\u00eas], Dalila [Basset Hound] e Geleia [Basset Hound]. Al\u00e9m do eterno gato Tutuquinho, que virou estrela.","sameAs":["https:\/\/www.facebook.com\/renato.dias.37","#breve","https:\/\/renatodias.tumblr.com\/"],"url":"https:\/\/renatodias.online\/movimento\/author\/renatodias\/"}]}},"_links":{"self":[{"href":"https:\/\/renatodias.online\/movimento\/wp-json\/wp\/v2\/posts\/1484","targetHints":{"allow":["GET"]}}],"collection":[{"href":"https:\/\/renatodias.online\/movimento\/wp-json\/wp\/v2\/posts"}],"about":[{"href":"https:\/\/renatodias.online\/movimento\/wp-json\/wp\/v2\/types\/post"}],"author":[{"embeddable":true,"href":"https:\/\/renatodias.online\/movimento\/wp-json\/wp\/v2\/users\/2"}],"replies":[{"embeddable":true,"href":"https:\/\/renatodias.online\/movimento\/wp-json\/wp\/v2\/comments?post=1484"}],"version-history":[{"count":0,"href":"https:\/\/renatodias.online\/movimento\/wp-json\/wp\/v2\/posts\/1484\/revisions"}],"wp:featuredmedia":[{"embeddable":true,"href":"https:\/\/renatodias.online\/movimento\/wp-json\/"}],"wp:attachment":[{"href":"https:\/\/renatodias.online\/movimento\/wp-json\/wp\/v2\/media?parent=1484"}],"wp:term":[{"taxonomy":"category","embeddable":true,"href":"https:\/\/renatodias.online\/movimento\/wp-json\/wp\/v2\/categories?post=1484"},{"taxonomy":"post_tag","embeddable":true,"href":"https:\/\/renatodias.online\/movimento\/wp-json\/wp\/v2\/tags?post=1484"}],"curies":[{"name":"wp","href":"https:\/\/api.w.org\/{rel}","templated":true}]}}