{"id":14785,"date":"2022-11-12T13:24:19","date_gmt":"2022-11-12T16:24:19","guid":{"rendered":"https:\/\/renatodias.online\/movimento\/?p=14785"},"modified":"2022-11-12T13:24:59","modified_gmt":"2022-11-12T16:24:59","slug":"bolsonaro-encontro-com-a-justica","status":"publish","type":"post","link":"https:\/\/renatodias.online\/movimento\/2022\/11\/12\/bolsonaro-encontro-com-a-justica\/","title":{"rendered":"Bolsonaro: encontro com a Justi\u00e7a"},"content":{"rendered":"<p><img loading=\"lazy\" decoding=\"async\" class=\"size-full wp-image-8967\" src=\"https:\/\/renatodias.online\/movimento\/wp-content\/uploads\/2021\/09\/Explosivo-1.jpg\" alt=\"\" width=\"1024\" height=\"536\" \/><\/p>\n<p><strong> <img loading=\"lazy\" decoding=\"async\" class=\"size-medium wp-image-10966 aligncenter\" src=\"https:\/\/renatodias.online\/movimento\/wp-content\/uploads\/2022\/02\/Urgente-300x225.jpg\" alt=\"\" width=\"300\" height=\"225\" \/><\/strong><\/p>\n<h1 style=\"text-align: center;\"><span style=\"color: #008000;\"><strong>Jair Bolsonaro coleciona processos<\/strong><\/span><\/h1>\n<figure id=\"attachment_9945\" aria-describedby=\"caption-attachment-9945\" style=\"width: 680px\" class=\"wp-caption aligncenter\"><img loading=\"lazy\" decoding=\"async\" class=\"wp-image-9945 size-full\" src=\"https:\/\/renatodias.online\/movimento\/wp-content\/uploads\/2021\/12\/Famiglia-Bolsonaro.jpg\" alt=\"\" width=\"680\" height=\"453\" srcset=\"https:\/\/renatodias.online\/movimento\/wp-content\/uploads\/2021\/12\/Famiglia-Bolsonaro.jpg 680w, https:\/\/renatodias.online\/movimento\/wp-content\/uploads\/2021\/12\/Famiglia-Bolsonaro-300x200.jpg 300w, https:\/\/renatodias.online\/movimento\/wp-content\/uploads\/2021\/12\/Famiglia-Bolsonaro-360x240.jpg 360w\" sizes=\"auto, (max-width: 680px) 100vw, 680px\" \/><figcaption id=\"caption-attachment-9945\" class=\"wp-caption-text\"><span style=\"color: #993300;\">Cl\u00e3 de Jair Messias Bolsonaro<\/span><\/figcaption><\/figure>\n<h1 style=\"text-align: center;\"><span style=\"color: #ff0000;\"><strong>O que ocorrer\u00e1 ap\u00f3s 1\u00b0 de janeiro de 2023?<\/strong><\/span><\/h1>\n<p><img loading=\"lazy\" decoding=\"async\" class=\"wp-image-9167 size-thumbnail aligncenter\" src=\"https:\/\/renatodias.online\/movimento\/wp-content\/uploads\/2021\/09\/Logo-da-interrogacao-150x150.jpg\" alt=\"\" width=\"150\" height=\"150\" \/><\/p>\n<p><strong>Renato Dias\u00a0<\/strong><\/p>\n<p>Setecentos mil mortes sob a Pandemia do Coronav\u00edrus Covid 19, surto negacionista, obstru\u00e7\u00e3o da justi\u00e7a, interven\u00e7\u00e3o direta na Pol\u00edcia Federal, esc\u00e2ndalos de corrup\u00e7\u00e3o, farra de gastos com o cart\u00e3o corporativo, racismo, homofobia, xenofobia, amea\u00e7as ao STF, Congresso Nacional, TSE, TCU, al\u00e9m do aparelhamento da PRF, Gabinete do \u00d3dio, Ind\u00fastria de Fake News, aquisi\u00e7\u00e3o de 107 im\u00f3veis e 51 com dinheiro vivo. Uma pr\u00e9via das acusa\u00e7\u00f5es, processos e inqu\u00e9ritos que o presidente da Rep\u00fablica, <span style=\"color: #008000;\"><strong>Jair Messias Bolsonaro [PL],<\/strong> <\/span>derrotado nas urnas deve enfrentar com o MPF, CGU, PF e Judici\u00e1rio. \u00c9 o que alerta <span style=\"color: #ff0000;\"><strong>o sindicalista Rosemar Cardoso Maciel<\/strong><\/span>. Da Frente Brasil da Esperan\u00e7a.<\/p>\n<figure id=\"attachment_12876\" aria-describedby=\"caption-attachment-12876\" style=\"width: 310px\" class=\"wp-caption aligncenter\"><img loading=\"lazy\" decoding=\"async\" class=\"size-full wp-image-12876\" src=\"https:\/\/renatodias.online\/movimento\/wp-content\/uploads\/2022\/06\/Jair-Bolsonaro-Autogolpe-e1660511822264.jpg\" alt=\"\" width=\"310\" height=\"474\" \/><figcaption id=\"caption-attachment-12876\" class=\"wp-caption-text\"><span style=\"color: #008000;\"><strong>Jair Bolsonaro &#8211; Cr\u00e9dito: Isto \u00e9<\/strong><\/span><\/figcaption><\/figure>\n<blockquote>\n<h1><span style=\"color: #ff0000;\"><strong>O atual inquilino do Pal\u00e1cio do Planalto n\u00e3o pode sair impune. Nada de anistia<\/strong><\/span><\/h1>\n<\/blockquote>\n<p><span style=\"color: #0000ff;\"><strong>Rosemar Cardoso Maciel<\/strong><\/span><\/p>\n<p>Animado, o &#8216;band leader&#8217; de esquerda, com passagens por PC do B e PT, graduado em Engenharia El\u00e9trica na UFG, ambientalista, adepto da agroecologia, afirma ainda que o ex-oper\u00e1rio metal\u00fargico suspender\u00e1 o Teto de Gastos. Para permitir j\u00e1 o acesso dos pobres, miser\u00e1veis e exclu\u00eddos aos fundos p\u00fablicos. Mais:com o pioneiro Bolsa Fam\u00edlia, o aumento real do sal\u00e1rio m\u00ednimo, ele fuzila. Para retirar o Brasil do Mapa da Fome da ONU, registra. Coaliz\u00e3o de centro-esquerda, o novo governo federal deve atrair recursos para preserva\u00e7\u00e3o da Amaz\u00f4nia, informa. O aquecimento global amea\u00e7a o futuro da humanidade, explica. As fontes de energias verdes, renov\u00e1veis, constituem o presente e o futuro, observa o intelectual org\u00e2nico.<\/p>\n<figure id=\"attachment_13743\" aria-describedby=\"caption-attachment-13743\" style=\"width: 800px\" class=\"wp-caption alignnone\"><img loading=\"lazy\" decoding=\"async\" class=\"size-full wp-image-13743\" src=\"https:\/\/renatodias.online\/movimento\/wp-content\/uploads\/2022\/08\/Lula-e-Geraldo-Alckmin.jpeg\" alt=\"\" width=\"800\" height=\"511\" \/><figcaption id=\"caption-attachment-13743\" class=\"wp-caption-text\"><span style=\"color: #ff0000;\"><strong>Luiz In\u00e1cio Lula da Silva e Geraldo Alckmin<\/strong><\/span><\/figcaption><\/figure>\n<blockquote>\n<h1><span style=\"color: #ff0000;\"><strong>Acesso dos pobres, miser\u00e1veis, exclu\u00eddos aos fundos p\u00fablicos\u00a0<\/strong><\/span><\/h1>\n<\/blockquote>\n<p><span style=\"color: #0000ff;\"><strong>Rosemar Cardoso Maciel <\/strong><\/span><\/p>\n<p>O socialista democr\u00e1tico prop\u00f5e a reforma agr\u00e1ria moderna. Como? Agroecol\u00f3gica, em latif\u00fandios improdutivos, terras devolutas, com devida indeniza\u00e7\u00e3o da Uni\u00e3o, para elevar tamb\u00e9m a produ\u00e7\u00e3o de alimentos saud\u00e1veis, acabar com a fome, gerar novos empregos, renda e direitos no campo, palco de conflitos e de viol\u00eancia absurda, diz. A ressurrei\u00e7\u00e3o do Minha Casa, Minha Vida \u00e9 o \u00fanico caminho para liquidar com o d\u00e9ficit de sete milh\u00f5es de moradias dignas, frisa. Nacional-estatista, com influ\u00eancia de Karl Marx e de John Maynard Keynes, cobra a paralisa\u00e7\u00e3o das privatiza\u00e7\u00f5es no pa\u00eds. A reindustrializa\u00e7\u00e3o com a retomada do crescimento, foco no consumo interno para execu\u00e7\u00e3o do programa de campanha, conta<\/p>\n<figure id=\"attachment_4463\" aria-describedby=\"caption-attachment-4463\" style=\"width: 248px\" class=\"wp-caption aligncenter\"><img loading=\"lazy\" decoding=\"async\" class=\"size-medium wp-image-4463\" src=\"https:\/\/renatodias.online\/movimento\/wp-content\/uploads\/2020\/09\/Caricatura-de-Karl-Marx-248x300.png\" alt=\"\" width=\"248\" height=\"300\" srcset=\"https:\/\/renatodias.online\/movimento\/wp-content\/uploads\/2020\/09\/Caricatura-de-Karl-Marx-248x300.png 248w, https:\/\/renatodias.online\/movimento\/wp-content\/uploads\/2020\/09\/Caricatura-de-Karl-Marx.png 300w\" sizes=\"auto, (max-width: 248px) 100vw, 248px\" \/><figcaption id=\"caption-attachment-4463\" class=\"wp-caption-text\"><strong><span style=\"color: #ff0000;\">Karl Marx<\/span><\/strong><\/figcaption><\/figure>\n<p>&nbsp;<\/p>\n<p><img loading=\"lazy\" decoding=\"async\" class=\"size-full wp-image-5929 aligncenter\" src=\"https:\/\/renatodias.online\/movimento\/wp-content\/uploads\/2021\/04\/Especial.jpg\" alt=\"\" width=\"200\" height=\"200\" srcset=\"https:\/\/renatodias.online\/movimento\/wp-content\/uploads\/2021\/04\/Especial.jpg 200w, https:\/\/renatodias.online\/movimento\/wp-content\/uploads\/2021\/04\/Especial-150x150.jpg 150w\" sizes=\"auto, (max-width: 200px) 100vw, 200px\" \/><\/p>\n<p><iframe loading=\"lazy\" title=\"Geraldo Vandr\u00e9 - Che\" width=\"960\" height=\"720\" src=\"https:\/\/www.youtube.com\/embed\/6iIdle8Is5c?feature=oembed\" frameborder=\"0\" allow=\"accelerometer; autoplay; clipboard-write; encrypted-media; gyroscope; picture-in-picture; web-share\" referrerpolicy=\"strict-origin-when-cross-origin\" allowfullscreen><\/iframe><\/p>\n<p>&nbsp;<\/p>\n<p><img loading=\"lazy\" decoding=\"async\" class=\"size-medium wp-image-6119\" src=\"https:\/\/renatodias.online\/movimento\/wp-content\/uploads\/2021\/04\/Poema-_-5-300x225.png\" alt=\"\" width=\"300\" height=\"225\" srcset=\"https:\/\/renatodias.online\/movimento\/wp-content\/uploads\/2021\/04\/Poema-_-5-300x225.png 300w, https:\/\/renatodias.online\/movimento\/wp-content\/uploads\/2021\/04\/Poema-_-5-1024x768.png 1024w, https:\/\/renatodias.online\/movimento\/wp-content\/uploads\/2021\/04\/Poema-_-5-768x576.png 768w, https:\/\/renatodias.online\/movimento\/wp-content\/uploads\/2021\/04\/Poema-_-5-1536x1152.png 1536w, https:\/\/renatodias.online\/movimento\/wp-content\/uploads\/2021\/04\/Poema-_-5-750x563.png 750w, https:\/\/renatodias.online\/movimento\/wp-content\/uploads\/2021\/04\/Poema-_-5.png 1600w\" sizes=\"auto, (max-width: 300px) 100vw, 300px\" \/><\/p>\n<figure id=\"attachment_13689\" aria-describedby=\"caption-attachment-13689\" style=\"width: 1080px\" class=\"wp-caption alignnone\"><img loading=\"lazy\" decoding=\"async\" class=\"wp-image-13689 size-full\" src=\"https:\/\/renatodias.online\/movimento\/wp-content\/uploads\/2022\/08\/Cartum-Pablo-Neruda.png\" alt=\"\" width=\"1080\" height=\"1268\" srcset=\"https:\/\/renatodias.online\/movimento\/wp-content\/uploads\/2022\/08\/Cartum-Pablo-Neruda.png 1080w, https:\/\/renatodias.online\/movimento\/wp-content\/uploads\/2022\/08\/Cartum-Pablo-Neruda-256x300.png 256w, https:\/\/renatodias.online\/movimento\/wp-content\/uploads\/2022\/08\/Cartum-Pablo-Neruda-872x1024.png 872w, https:\/\/renatodias.online\/movimento\/wp-content\/uploads\/2022\/08\/Cartum-Pablo-Neruda-768x902.png 768w, https:\/\/renatodias.online\/movimento\/wp-content\/uploads\/2022\/08\/Cartum-Pablo-Neruda-750x881.png 750w\" sizes=\"auto, (max-width: 1080px) 100vw, 1080px\" \/><figcaption id=\"caption-attachment-13689\" class=\"wp-caption-text\"><span style=\"color: #ff0000;\"><strong>Pablo Neruda<\/strong><\/span><\/figcaption><\/figure>\n<p>&nbsp;<\/p>\n<p><img loading=\"lazy\" decoding=\"async\" class=\"wp-image-14320 size-large aligncenter\" src=\"https:\/\/renatodias.online\/movimento\/wp-content\/uploads\/2022\/09\/Poema-de-Pablo-Neruda-579x1024.png\" alt=\"\" width=\"579\" height=\"1024\" srcset=\"https:\/\/renatodias.online\/movimento\/wp-content\/uploads\/2022\/09\/Poema-de-Pablo-Neruda-579x1024.png 579w, https:\/\/renatodias.online\/movimento\/wp-content\/uploads\/2022\/09\/Poema-de-Pablo-Neruda-170x300.png 170w, https:\/\/renatodias.online\/movimento\/wp-content\/uploads\/2022\/09\/Poema-de-Pablo-Neruda-768x1358.png 768w, https:\/\/renatodias.online\/movimento\/wp-content\/uploads\/2022\/09\/Poema-de-Pablo-Neruda-869x1536.png 869w, https:\/\/renatodias.online\/movimento\/wp-content\/uploads\/2022\/09\/Poema-de-Pablo-Neruda-750x1326.png 750w, https:\/\/renatodias.online\/movimento\/wp-content\/uploads\/2022\/09\/Poema-de-Pablo-Neruda.png 1017w\" sizes=\"auto, (max-width: 579px) 100vw, 579px\" \/><\/p>\n","protected":false},"excerpt":{"rendered":"<p>Jair Bolsonaro coleciona processos O que ocorrer\u00e1 ap\u00f3s 1\u00b0 de janeiro de 2023? Renato Dias\u00a0 Setecentos mil mortes sob a Pandemia do Coronav\u00edrus Covid 19, surto negacionista, obstru\u00e7\u00e3o da justi\u00e7a, interven\u00e7\u00e3o direta na Pol\u00edcia Federal, esc\u00e2ndalos de corrup\u00e7\u00e3o, farra de gastos com o cart\u00e3o corporativo, racismo, homofobia, xenofobia, amea\u00e7as ao STF, Congresso Nacional, TSE, TCU,<\/p>\n","protected":false},"author":2,"featured_media":14787,"comment_status":"open","ping_status":"open","sticky":false,"template":"","format":"standard","meta":{"_acf_changed":false,"_monsterinsights_skip_tracking":false,"_monsterinsights_sitenote_active":false,"_monsterinsights_sitenote_note":"","_monsterinsights_sitenote_category":0,"footnotes":""},"categories":[35],"tags":[],"class_list":["post-14785","post","type-post","status-publish","format-standard","has-post-thumbnail","hentry","category-nacional"],"acf":[],"yoast_head":"<!-- This site is optimized with the Yoast SEO plugin v27.4 - https:\/\/yoast.com\/product\/yoast-seo-wordpress\/ -->\n<title>Bolsonaro: encontro com a Justi\u00e7a -<\/title>\n<meta name=\"robots\" content=\"index, follow, max-snippet:-1, max-image-preview:large, max-video-preview:-1\" \/>\n<link rel=\"canonical\" href=\"https:\/\/renatodias.online\/movimento\/2022\/11\/12\/bolsonaro-encontro-com-a-justica\/\" \/>\n<meta property=\"og:locale\" content=\"pt_BR\" \/>\n<meta property=\"og:type\" content=\"article\" \/>\n<meta property=\"og:title\" content=\"Bolsonaro: encontro com a Justi\u00e7a -\" \/>\n<meta property=\"og:description\" content=\"Jair Bolsonaro coleciona processos O que ocorrer\u00e1 ap\u00f3s 1\u00b0 de janeiro de 2023? Renato Dias\u00a0 Setecentos mil mortes sob a Pandemia do Coronav\u00edrus Covid 19, surto negacionista, obstru\u00e7\u00e3o da justi\u00e7a, interven\u00e7\u00e3o direta na Pol\u00edcia Federal, esc\u00e2ndalos de corrup\u00e7\u00e3o, farra de gastos com o cart\u00e3o corporativo, racismo, homofobia, xenofobia, amea\u00e7as ao STF, Congresso Nacional, TSE, TCU,\" \/>\n<meta property=\"og:url\" content=\"https:\/\/renatodias.online\/movimento\/2022\/11\/12\/bolsonaro-encontro-com-a-justica\/\" \/>\n<meta property=\"article:publisher\" content=\"https:\/\/www.facebook.com\/renato.dias.37\" \/>\n<meta property=\"article:author\" content=\"https:\/\/www.facebook.com\/renato.dias.37\" \/>\n<meta property=\"article:published_time\" content=\"2022-11-12T16:24:19+00:00\" \/>\n<meta property=\"article:modified_time\" content=\"2022-11-12T16:24:59+00:00\" \/>\n<meta property=\"og:image\" content=\"https:\/\/renatodias.online\/movimento\/wp-content\/uploads\/2022\/11\/Rosemar-Cardoso-Maciel-e1668270163749.png\" \/>\n\t<meta property=\"og:image:width\" content=\"300\" \/>\n\t<meta property=\"og:image:height\" content=\"298\" \/>\n\t<meta property=\"og:image:type\" content=\"image\/png\" \/>\n<meta name=\"author\" content=\"Renato Dias\" \/>\n<meta name=\"twitter:card\" content=\"summary_large_image\" \/>\n<meta name=\"twitter:creator\" content=\"@RenatoDiasBat\" \/>\n<meta name=\"twitter:site\" content=\"@RenatoDiasBat\" \/>\n<meta name=\"twitter:label1\" content=\"Escrito por\" \/>\n\t<meta name=\"twitter:data1\" content=\"Renato Dias\" \/>\n\t<meta name=\"twitter:label2\" content=\"Est. tempo de leitura\" \/>\n\t<meta name=\"twitter:data2\" content=\"2 minutos\" \/>\n<script type=\"application\/ld+json\" class=\"yoast-schema-graph\">{\"@context\":\"https:\\\/\\\/schema.org\",\"@graph\":[{\"@type\":\"Article\",\"@id\":\"https:\\\/\\\/renatodias.online\\\/movimento\\\/2022\\\/11\\\/12\\\/bolsonaro-encontro-com-a-justica\\\/#article\",\"isPartOf\":{\"@id\":\"https:\\\/\\\/renatodias.online\\\/movimento\\\/2022\\\/11\\\/12\\\/bolsonaro-encontro-com-a-justica\\\/\"},\"author\":{\"name\":\"Renato Dias\",\"@id\":\"https:\\\/\\\/renatodias.online\\\/movimento\\\/#\\\/schema\\\/person\\\/bbab28833b1725a20f4083f49f1fb2a9\"},\"headline\":\"Bolsonaro: encontro com a Justi\u00e7a\",\"datePublished\":\"2022-11-12T16:24:19+00:00\",\"dateModified\":\"2022-11-12T16:24:59+00:00\",\"mainEntityOfPage\":{\"@id\":\"https:\\\/\\\/renatodias.online\\\/movimento\\\/2022\\\/11\\\/12\\\/bolsonaro-encontro-com-a-justica\\\/\"},\"wordCount\":496,\"commentCount\":0,\"publisher\":{\"@id\":\"https:\\\/\\\/renatodias.online\\\/movimento\\\/#\\\/schema\\\/person\\\/bbab28833b1725a20f4083f49f1fb2a9\"},\"image\":{\"@id\":\"https:\\\/\\\/renatodias.online\\\/movimento\\\/2022\\\/11\\\/12\\\/bolsonaro-encontro-com-a-justica\\\/#primaryimage\"},\"thumbnailUrl\":\"https:\\\/\\\/renatodias.online\\\/movimento\\\/wp-content\\\/uploads\\\/2022\\\/11\\\/Rosemar-Cardoso-Maciel-e1668270163749.png\",\"articleSection\":[\"Nacional\"],\"inLanguage\":\"pt-BR\",\"potentialAction\":[{\"@type\":\"CommentAction\",\"name\":\"Comment\",\"target\":[\"https:\\\/\\\/renatodias.online\\\/movimento\\\/2022\\\/11\\\/12\\\/bolsonaro-encontro-com-a-justica\\\/#respond\"]}]},{\"@type\":\"WebPage\",\"@id\":\"https:\\\/\\\/renatodias.online\\\/movimento\\\/2022\\\/11\\\/12\\\/bolsonaro-encontro-com-a-justica\\\/\",\"url\":\"https:\\\/\\\/renatodias.online\\\/movimento\\\/2022\\\/11\\\/12\\\/bolsonaro-encontro-com-a-justica\\\/\",\"name\":\"Bolsonaro: encontro com a Justi\u00e7a -\",\"isPartOf\":{\"@id\":\"https:\\\/\\\/renatodias.online\\\/movimento\\\/#website\"},\"primaryImageOfPage\":{\"@id\":\"https:\\\/\\\/renatodias.online\\\/movimento\\\/2022\\\/11\\\/12\\\/bolsonaro-encontro-com-a-justica\\\/#primaryimage\"},\"image\":{\"@id\":\"https:\\\/\\\/renatodias.online\\\/movimento\\\/2022\\\/11\\\/12\\\/bolsonaro-encontro-com-a-justica\\\/#primaryimage\"},\"thumbnailUrl\":\"https:\\\/\\\/renatodias.online\\\/movimento\\\/wp-content\\\/uploads\\\/2022\\\/11\\\/Rosemar-Cardoso-Maciel-e1668270163749.png\",\"datePublished\":\"2022-11-12T16:24:19+00:00\",\"dateModified\":\"2022-11-12T16:24:59+00:00\",\"breadcrumb\":{\"@id\":\"https:\\\/\\\/renatodias.online\\\/movimento\\\/2022\\\/11\\\/12\\\/bolsonaro-encontro-com-a-justica\\\/#breadcrumb\"},\"inLanguage\":\"pt-BR\",\"potentialAction\":[{\"@type\":\"ReadAction\",\"target\":[\"https:\\\/\\\/renatodias.online\\\/movimento\\\/2022\\\/11\\\/12\\\/bolsonaro-encontro-com-a-justica\\\/\"]}]},{\"@type\":\"ImageObject\",\"inLanguage\":\"pt-BR\",\"@id\":\"https:\\\/\\\/renatodias.online\\\/movimento\\\/2022\\\/11\\\/12\\\/bolsonaro-encontro-com-a-justica\\\/#primaryimage\",\"url\":\"https:\\\/\\\/renatodias.online\\\/movimento\\\/wp-content\\\/uploads\\\/2022\\\/11\\\/Rosemar-Cardoso-Maciel-e1668270163749.png\",\"contentUrl\":\"https:\\\/\\\/renatodias.online\\\/movimento\\\/wp-content\\\/uploads\\\/2022\\\/11\\\/Rosemar-Cardoso-Maciel-e1668270163749.png\",\"width\":300,\"height\":298,\"caption\":\"Rosemar Cardoso Maciel\"},{\"@type\":\"BreadcrumbList\",\"@id\":\"https:\\\/\\\/renatodias.online\\\/movimento\\\/2022\\\/11\\\/12\\\/bolsonaro-encontro-com-a-justica\\\/#breadcrumb\",\"itemListElement\":[{\"@type\":\"ListItem\",\"position\":1,\"name\":\"In\u00edcio\",\"item\":\"https:\\\/\\\/renatodias.online\\\/movimento\\\/\"},{\"@type\":\"ListItem\",\"position\":2,\"name\":\"Bolsonaro: encontro com a Justi\u00e7a\"}]},{\"@type\":\"WebSite\",\"@id\":\"https:\\\/\\\/renatodias.online\\\/movimento\\\/#website\",\"url\":\"https:\\\/\\\/renatodias.online\\\/movimento\\\/\",\"name\":\"\",\"description\":\"\",\"publisher\":{\"@id\":\"https:\\\/\\\/renatodias.online\\\/movimento\\\/#\\\/schema\\\/person\\\/bbab28833b1725a20f4083f49f1fb2a9\"},\"potentialAction\":[{\"@type\":\"SearchAction\",\"target\":{\"@type\":\"EntryPoint\",\"urlTemplate\":\"https:\\\/\\\/renatodias.online\\\/movimento\\\/?s={search_term_string}\"},\"query-input\":{\"@type\":\"PropertyValueSpecification\",\"valueRequired\":true,\"valueName\":\"search_term_string\"}}],\"inLanguage\":\"pt-BR\"},{\"@type\":[\"Person\",\"Organization\"],\"@id\":\"https:\\\/\\\/renatodias.online\\\/movimento\\\/#\\\/schema\\\/person\\\/bbab28833b1725a20f4083f49f1fb2a9\",\"name\":\"Renato Dias\",\"image\":{\"@type\":\"ImageObject\",\"inLanguage\":\"pt-BR\",\"@id\":\"https:\\\/\\\/renatodias.online\\\/movimento\\\/wp-content\\\/uploads\\\/2023\\\/03\\\/cropped-cropped-cropped-logofinal.jpeg\",\"url\":\"https:\\\/\\\/renatodias.online\\\/movimento\\\/wp-content\\\/uploads\\\/2023\\\/03\\\/cropped-cropped-cropped-logofinal.jpeg\",\"contentUrl\":\"https:\\\/\\\/renatodias.online\\\/movimento\\\/wp-content\\\/uploads\\\/2023\\\/03\\\/cropped-cropped-cropped-logofinal.jpeg\",\"width\":1280,\"height\":219,\"caption\":\"Renato Dias\"},\"logo\":{\"@id\":\"https:\\\/\\\/renatodias.online\\\/movimento\\\/wp-content\\\/uploads\\\/2023\\\/03\\\/cropped-cropped-cropped-logofinal.jpeg\"},\"description\":\"Renato Dias, 58 anos, \u00e9 graduado em Jornalismo, formado em Ci\u00eancias Sociais, com p\u00f3s-gradua\u00e7\u00e3o em Pol\u00edticas P\u00fablicas, mestre em Direito e Rela\u00e7\u00f5es Internacionais, ex-aluno extraordin\u00e1rio do Doutorado em Psicologia Social, ex-estudante do Curso de Psican\u00e1lise do Centro de Estudos Psicanal\u00edticos do Estado de Goi\u00e1s, ministrado pelo m\u00e9dico psiquiatra e psicanalista Daniel Em\u00eddio de Souza. \u00c9 autor de 30 livros-reportagem, oito document\u00e1rios, ganhou 30 pr\u00eamios e \u00e9 torcedor apaixonado do maior do Centro-Oeste, o Vila Nova Futebol Clube. Casado com Meirilane Dias, \u00e9 pai de Juliana Dias, jornalista; Daniel Dias, economista; e Maria Rosa Dias, estudante antifascista, socialista e trotskista.\u00a0Com tr\u00eas pets: Porquinho [Bull Dog Franc\u00eas], Dalila [Basset Hound] e Geleia [Basset Hound]. Al\u00e9m do eterno gato Tutuquinho, que virou estrela.\",\"sameAs\":[\"https:\\\/\\\/www.facebook.com\\\/renato.dias.37\",\"#breve\",\"https:\\\/\\\/renatodias.tumblr.com\\\/\"],\"url\":\"https:\\\/\\\/renatodias.online\\\/movimento\\\/author\\\/renatodias\\\/\"}]}<\/script>\n<!-- \/ Yoast SEO plugin. -->","yoast_head_json":{"title":"Bolsonaro: encontro com a Justi\u00e7a -","robots":{"index":"index","follow":"follow","max-snippet":"max-snippet:-1","max-image-preview":"max-image-preview:large","max-video-preview":"max-video-preview:-1"},"canonical":"https:\/\/renatodias.online\/movimento\/2022\/11\/12\/bolsonaro-encontro-com-a-justica\/","og_locale":"pt_BR","og_type":"article","og_title":"Bolsonaro: encontro com a Justi\u00e7a -","og_description":"Jair Bolsonaro coleciona processos O que ocorrer\u00e1 ap\u00f3s 1\u00b0 de janeiro de 2023? Renato Dias\u00a0 Setecentos mil mortes sob a Pandemia do Coronav\u00edrus Covid 19, surto negacionista, obstru\u00e7\u00e3o da justi\u00e7a, interven\u00e7\u00e3o direta na Pol\u00edcia Federal, esc\u00e2ndalos de corrup\u00e7\u00e3o, farra de gastos com o cart\u00e3o corporativo, racismo, homofobia, xenofobia, amea\u00e7as ao STF, Congresso Nacional, TSE, TCU,","og_url":"https:\/\/renatodias.online\/movimento\/2022\/11\/12\/bolsonaro-encontro-com-a-justica\/","article_publisher":"https:\/\/www.facebook.com\/renato.dias.37","article_author":"https:\/\/www.facebook.com\/renato.dias.37","article_published_time":"2022-11-12T16:24:19+00:00","article_modified_time":"2022-11-12T16:24:59+00:00","og_image":[{"width":300,"height":298,"url":"https:\/\/renatodias.online\/movimento\/wp-content\/uploads\/2022\/11\/Rosemar-Cardoso-Maciel-e1668270163749.png","type":"image\/png"}],"author":"Renato Dias","twitter_card":"summary_large_image","twitter_creator":"@RenatoDiasBat","twitter_site":"@RenatoDiasBat","twitter_misc":{"Escrito por":"Renato Dias","Est. tempo de leitura":"2 minutos"},"schema":{"@context":"https:\/\/schema.org","@graph":[{"@type":"Article","@id":"https:\/\/renatodias.online\/movimento\/2022\/11\/12\/bolsonaro-encontro-com-a-justica\/#article","isPartOf":{"@id":"https:\/\/renatodias.online\/movimento\/2022\/11\/12\/bolsonaro-encontro-com-a-justica\/"},"author":{"name":"Renato Dias","@id":"https:\/\/renatodias.online\/movimento\/#\/schema\/person\/bbab28833b1725a20f4083f49f1fb2a9"},"headline":"Bolsonaro: encontro com a Justi\u00e7a","datePublished":"2022-11-12T16:24:19+00:00","dateModified":"2022-11-12T16:24:59+00:00","mainEntityOfPage":{"@id":"https:\/\/renatodias.online\/movimento\/2022\/11\/12\/bolsonaro-encontro-com-a-justica\/"},"wordCount":496,"commentCount":0,"publisher":{"@id":"https:\/\/renatodias.online\/movimento\/#\/schema\/person\/bbab28833b1725a20f4083f49f1fb2a9"},"image":{"@id":"https:\/\/renatodias.online\/movimento\/2022\/11\/12\/bolsonaro-encontro-com-a-justica\/#primaryimage"},"thumbnailUrl":"https:\/\/renatodias.online\/movimento\/wp-content\/uploads\/2022\/11\/Rosemar-Cardoso-Maciel-e1668270163749.png","articleSection":["Nacional"],"inLanguage":"pt-BR","potentialAction":[{"@type":"CommentAction","name":"Comment","target":["https:\/\/renatodias.online\/movimento\/2022\/11\/12\/bolsonaro-encontro-com-a-justica\/#respond"]}]},{"@type":"WebPage","@id":"https:\/\/renatodias.online\/movimento\/2022\/11\/12\/bolsonaro-encontro-com-a-justica\/","url":"https:\/\/renatodias.online\/movimento\/2022\/11\/12\/bolsonaro-encontro-com-a-justica\/","name":"Bolsonaro: encontro com a Justi\u00e7a -","isPartOf":{"@id":"https:\/\/renatodias.online\/movimento\/#website"},"primaryImageOfPage":{"@id":"https:\/\/renatodias.online\/movimento\/2022\/11\/12\/bolsonaro-encontro-com-a-justica\/#primaryimage"},"image":{"@id":"https:\/\/renatodias.online\/movimento\/2022\/11\/12\/bolsonaro-encontro-com-a-justica\/#primaryimage"},"thumbnailUrl":"https:\/\/renatodias.online\/movimento\/wp-content\/uploads\/2022\/11\/Rosemar-Cardoso-Maciel-e1668270163749.png","datePublished":"2022-11-12T16:24:19+00:00","dateModified":"2022-11-12T16:24:59+00:00","breadcrumb":{"@id":"https:\/\/renatodias.online\/movimento\/2022\/11\/12\/bolsonaro-encontro-com-a-justica\/#breadcrumb"},"inLanguage":"pt-BR","potentialAction":[{"@type":"ReadAction","target":["https:\/\/renatodias.online\/movimento\/2022\/11\/12\/bolsonaro-encontro-com-a-justica\/"]}]},{"@type":"ImageObject","inLanguage":"pt-BR","@id":"https:\/\/renatodias.online\/movimento\/2022\/11\/12\/bolsonaro-encontro-com-a-justica\/#primaryimage","url":"https:\/\/renatodias.online\/movimento\/wp-content\/uploads\/2022\/11\/Rosemar-Cardoso-Maciel-e1668270163749.png","contentUrl":"https:\/\/renatodias.online\/movimento\/wp-content\/uploads\/2022\/11\/Rosemar-Cardoso-Maciel-e1668270163749.png","width":300,"height":298,"caption":"Rosemar Cardoso Maciel"},{"@type":"BreadcrumbList","@id":"https:\/\/renatodias.online\/movimento\/2022\/11\/12\/bolsonaro-encontro-com-a-justica\/#breadcrumb","itemListElement":[{"@type":"ListItem","position":1,"name":"In\u00edcio","item":"https:\/\/renatodias.online\/movimento\/"},{"@type":"ListItem","position":2,"name":"Bolsonaro: encontro com a Justi\u00e7a"}]},{"@type":"WebSite","@id":"https:\/\/renatodias.online\/movimento\/#website","url":"https:\/\/renatodias.online\/movimento\/","name":"","description":"","publisher":{"@id":"https:\/\/renatodias.online\/movimento\/#\/schema\/person\/bbab28833b1725a20f4083f49f1fb2a9"},"potentialAction":[{"@type":"SearchAction","target":{"@type":"EntryPoint","urlTemplate":"https:\/\/renatodias.online\/movimento\/?s={search_term_string}"},"query-input":{"@type":"PropertyValueSpecification","valueRequired":true,"valueName":"search_term_string"}}],"inLanguage":"pt-BR"},{"@type":["Person","Organization"],"@id":"https:\/\/renatodias.online\/movimento\/#\/schema\/person\/bbab28833b1725a20f4083f49f1fb2a9","name":"Renato Dias","image":{"@type":"ImageObject","inLanguage":"pt-BR","@id":"https:\/\/renatodias.online\/movimento\/wp-content\/uploads\/2023\/03\/cropped-cropped-cropped-logofinal.jpeg","url":"https:\/\/renatodias.online\/movimento\/wp-content\/uploads\/2023\/03\/cropped-cropped-cropped-logofinal.jpeg","contentUrl":"https:\/\/renatodias.online\/movimento\/wp-content\/uploads\/2023\/03\/cropped-cropped-cropped-logofinal.jpeg","width":1280,"height":219,"caption":"Renato Dias"},"logo":{"@id":"https:\/\/renatodias.online\/movimento\/wp-content\/uploads\/2023\/03\/cropped-cropped-cropped-logofinal.jpeg"},"description":"Renato Dias, 58 anos, \u00e9 graduado em Jornalismo, formado em Ci\u00eancias Sociais, com p\u00f3s-gradua\u00e7\u00e3o em Pol\u00edticas P\u00fablicas, mestre em Direito e Rela\u00e7\u00f5es Internacionais, ex-aluno extraordin\u00e1rio do Doutorado em Psicologia Social, ex-estudante do Curso de Psican\u00e1lise do Centro de Estudos Psicanal\u00edticos do Estado de Goi\u00e1s, ministrado pelo m\u00e9dico psiquiatra e psicanalista Daniel Em\u00eddio de Souza. \u00c9 autor de 30 livros-reportagem, oito document\u00e1rios, ganhou 30 pr\u00eamios e \u00e9 torcedor apaixonado do maior do Centro-Oeste, o Vila Nova Futebol Clube. Casado com Meirilane Dias, \u00e9 pai de Juliana Dias, jornalista; Daniel Dias, economista; e Maria Rosa Dias, estudante antifascista, socialista e trotskista.\u00a0Com tr\u00eas pets: Porquinho [Bull Dog Franc\u00eas], Dalila [Basset Hound] e Geleia [Basset Hound]. Al\u00e9m do eterno gato Tutuquinho, que virou estrela.","sameAs":["https:\/\/www.facebook.com\/renato.dias.37","#breve","https:\/\/renatodias.tumblr.com\/"],"url":"https:\/\/renatodias.online\/movimento\/author\/renatodias\/"}]}},"_links":{"self":[{"href":"https:\/\/renatodias.online\/movimento\/wp-json\/wp\/v2\/posts\/14785","targetHints":{"allow":["GET"]}}],"collection":[{"href":"https:\/\/renatodias.online\/movimento\/wp-json\/wp\/v2\/posts"}],"about":[{"href":"https:\/\/renatodias.online\/movimento\/wp-json\/wp\/v2\/types\/post"}],"author":[{"embeddable":true,"href":"https:\/\/renatodias.online\/movimento\/wp-json\/wp\/v2\/users\/2"}],"replies":[{"embeddable":true,"href":"https:\/\/renatodias.online\/movimento\/wp-json\/wp\/v2\/comments?post=14785"}],"version-history":[{"count":2,"href":"https:\/\/renatodias.online\/movimento\/wp-json\/wp\/v2\/posts\/14785\/revisions"}],"predecessor-version":[{"id":14789,"href":"https:\/\/renatodias.online\/movimento\/wp-json\/wp\/v2\/posts\/14785\/revisions\/14789"}],"wp:featuredmedia":[{"embeddable":true,"href":"https:\/\/renatodias.online\/movimento\/wp-json\/wp\/v2\/media\/14787"}],"wp:attachment":[{"href":"https:\/\/renatodias.online\/movimento\/wp-json\/wp\/v2\/media?parent=14785"}],"wp:term":[{"taxonomy":"category","embeddable":true,"href":"https:\/\/renatodias.online\/movimento\/wp-json\/wp\/v2\/categories?post=14785"},{"taxonomy":"post_tag","embeddable":true,"href":"https:\/\/renatodias.online\/movimento\/wp-json\/wp\/v2\/tags?post=14785"}],"curies":[{"name":"wp","href":"https:\/\/api.w.org\/{rel}","templated":true}]}}