{"id":14769,"date":"2022-11-09T22:39:47","date_gmt":"2022-11-10T01:39:47","guid":{"rendered":"https:\/\/renatodias.online\/movimento\/?p=14769"},"modified":"2022-11-09T22:39:47","modified_gmt":"2022-11-10T01:39:47","slug":"o-futuro-do-bolsonaro","status":"publish","type":"post","link":"https:\/\/renatodias.online\/movimento\/2022\/11\/09\/o-futuro-do-bolsonaro\/","title":{"rendered":"O futuro do Bolsonaro"},"content":{"rendered":"<p><img loading=\"lazy\" decoding=\"async\" class=\"size-full wp-image-5929 aligncenter\" src=\"https:\/\/renatodias.online\/movimento\/wp-content\/uploads\/2021\/04\/Especial.jpg\" alt=\"\" width=\"200\" height=\"200\" srcset=\"https:\/\/renatodias.online\/movimento\/wp-content\/uploads\/2021\/04\/Especial.jpg 200w, https:\/\/renatodias.online\/movimento\/wp-content\/uploads\/2021\/04\/Especial-150x150.jpg 150w\" sizes=\"auto, (max-width: 200px) 100vw, 200px\" \/><\/p>\n<p><strong><img loading=\"lazy\" decoding=\"async\" class=\"alignnone wp-image-14232 size-full\" src=\"https:\/\/renatodias.online\/movimento\/wp-content\/uploads\/2022\/09\/Card-Jair-Bolsonaro-Rosemar-Cardoso.jpg\" alt=\"\" width=\"978\" height=\"706\" srcset=\"https:\/\/renatodias.online\/movimento\/wp-content\/uploads\/2022\/09\/Card-Jair-Bolsonaro-Rosemar-Cardoso.jpg 978w, https:\/\/renatodias.online\/movimento\/wp-content\/uploads\/2022\/09\/Card-Jair-Bolsonaro-Rosemar-Cardoso-300x217.jpg 300w, https:\/\/renatodias.online\/movimento\/wp-content\/uploads\/2022\/09\/Card-Jair-Bolsonaro-Rosemar-Cardoso-768x554.jpg 768w, https:\/\/renatodias.online\/movimento\/wp-content\/uploads\/2022\/09\/Card-Jair-Bolsonaro-Rosemar-Cardoso-750x541.jpg 750w, https:\/\/renatodias.online\/movimento\/wp-content\/uploads\/2022\/09\/Card-Jair-Bolsonaro-Rosemar-Cardoso-85x60.jpg 85w\" sizes=\"auto, (max-width: 978px) 100vw, 978px\" \/><\/strong><\/p>\n<h1 style=\"text-align: center;\"><span style=\"color: #ff0000;\"><strong>Francisco Celso Calmon<\/strong><\/span><\/h1>\n<p>O Brasil n\u00e3o pode virar o para\u00edso da impunidade. J\u00e1 que s\u00e3o muitos os crimes cometidos pelo atual presidente da Rep\u00fablica, derrotado, Jair Bolsonaro. Se ele for anistiado, o que o futuro nos reservar\u00e1, outros e piores fascistas e o descr\u00e9dito total da Justi\u00e7a? Perdoar um delinquente de crimes de lesa-humanidade e lesa-p\u00e1tria \u00e9 deixar germinar um novo golpe. A anistia, como foi na pr\u00e1tica dos criminosos da ditadura militar, pariu novos golpistas. Se eva\u00addir-se, ser\u00e1 considerado fugitivo da lei e pode ser procurado por organismos e ju\u00edzes inter\u00adnacionais, como foi com Augusto Pinochet. Mesmo \u00e0 revelia, ele deve ser julgado e condenado. N\u00e3o s\u00f3 ele, os filhos e c\u00famplices, cujas provas, em parte, j\u00e1 foram levantadas pela CPI da Pandemia no Senado.<\/p>\n<figure id=\"attachment_14679\" aria-describedby=\"caption-attachment-14679\" style=\"width: 263px\" class=\"wp-caption aligncenter\"><img loading=\"lazy\" decoding=\"async\" class=\"size-medium wp-image-14679\" src=\"https:\/\/renatodias.online\/movimento\/wp-content\/uploads\/2022\/10\/Pandemia-263x300.jpg\" alt=\"\" width=\"263\" height=\"300\" srcset=\"https:\/\/renatodias.online\/movimento\/wp-content\/uploads\/2022\/10\/Pandemia-263x300.jpg 263w, https:\/\/renatodias.online\/movimento\/wp-content\/uploads\/2022\/10\/Pandemia-898x1024.jpg 898w, https:\/\/renatodias.online\/movimento\/wp-content\/uploads\/2022\/10\/Pandemia-768x876.jpg 768w, https:\/\/renatodias.online\/movimento\/wp-content\/uploads\/2022\/10\/Pandemia-750x856.jpg 750w, https:\/\/renatodias.online\/movimento\/wp-content\/uploads\/2022\/10\/Pandemia.jpg 1080w\" sizes=\"auto, (max-width: 263px) 100vw, 263px\" \/><figcaption id=\"caption-attachment-14679\" class=\"wp-caption-text\"><strong>Pandemia<\/strong><\/figcaption><\/figure>\n<p>Jair Bolsonaro apequenou o Brasil perante a comunidade internacional, alienou parte do patrim\u00f4nio nacional a pre\u00e7o vil, vassalou o pa\u00eds diante da bandeira dos EUA; preparou e ensaiou golpes, fomentou e defendeu uma guerra civil, tripudiou sobre as institui\u00e7\u00f5es democr\u00e1ticas; gargarejou sobre o sofrimento do povo, desafiou a ci\u00eancia e os cientistas. Mais: receitou rem\u00e9dios como um curandeiro ou embusteiro, deu os piores exemplos de descompaix\u00e3o, indiferen\u00e7a, insolidariedade, sadismo; incentivou o estupro e o uso indiscriminado de armas; injuriou e difamou pessoas do grupo LGBTQIP+; disseminou preconceitos aos ind\u00edgenas, negros e mulheres; contrariou artigos da Carta Magna, desvirtuou a b\u00edblia e os ensinamentos das religi\u00f5es, pregando o \u00f3dio e a beliger\u00e2ncia.<\/p>\n<p><img loading=\"lazy\" decoding=\"async\" class=\"size-medium wp-image-7457 aligncenter\" src=\"https:\/\/renatodias.online\/movimento\/wp-content\/uploads\/2021\/06\/Sangue-_-1-300x200.jpeg\" alt=\"\" width=\"300\" height=\"200\" \/><\/p>\n<p>Perdo\u00e1-lo \u00e9 aceitar as 400 mil mortes que poderiam ter sido evitadas, \u00e9 passar pano nas sequelas dos que ainda sofrem em decorr\u00eancia da covid-19, assim como nos assassinatos, como o de Marielle Franco, cometidos direta ou indiretamente pelas mil\u00edcias, no Rio, seu reduto, , tamb\u00e9m na devasta\u00e7\u00e3o da Amaz\u00f4nia, na pol\u00edtica econ\u00f4mica antitrabalhador, na corrup\u00e7\u00e3o das vacinas e nas For\u00e7as Armadas, no retrocesso da pol\u00edtica de direitos humanos, especialmente na comiss\u00e3o de anistia e na dos mortos e desaparecidos pol\u00edticos pela ditadura.<\/p>\n<figure id=\"attachment_5172\" aria-describedby=\"caption-attachment-5172\" style=\"width: 1024px\" class=\"wp-caption alignnone\"><img loading=\"lazy\" decoding=\"async\" class=\"wp-image-5172 size-large\" src=\"https:\/\/renatodias.online\/movimento\/wp-content\/uploads\/2021\/02\/Marielle-Franco-1024x683.jpg\" alt=\"\" width=\"1024\" height=\"683\" \/><figcaption id=\"caption-attachment-5172\" class=\"wp-caption-text\"><strong>Marielle Franco, morta em 2018<\/strong><\/figcaption><\/figure>\n<p>E, sobretudo, pela pol\u00edtica do \u00f3dio e a divis\u00e3o beligerante fomentado por ele entre os brasileiros, que n\u00e3o cessar\u00e3o por decanta\u00e7\u00e3o, e sim quando o chefe desse movimento nazifascista for julgado, condenado e recolhido ao c\u00e1rcere de seguran\u00e7a m\u00e1xima. \u00c9 indispens\u00e1vel que os diagn\u00f3sticos que forem sendo feitos pelas equipes encarregadas da transi\u00e7\u00e3o sejam apresentados \u00e0 sociedade, com toda a riqueza de detalhes, para conhecer a heran\u00e7a funesta que Lula receber\u00e1 e de quem \u00e9 a conta.<\/p>\n<figure id=\"attachment_10035\" aria-describedby=\"caption-attachment-10035\" style=\"width: 868px\" class=\"wp-caption alignnone\"><img loading=\"lazy\" decoding=\"async\" class=\"size-full wp-image-10035\" src=\"https:\/\/renatodias.online\/movimento\/wp-content\/uploads\/2021\/12\/Lula-e-Dilma.jpg\" alt=\"\" width=\"868\" height=\"644\" \/><figcaption id=\"caption-attachment-10035\" class=\"wp-caption-text\"><strong>Luiz In\u00e1cio Lula da Silva e Dilma Rousseff<\/strong><\/figcaption><\/figure>\n<p>Crimes ele cometeu, anistia n\u00e3o ocorrer\u00e1, que haja celeridade e coragem no Judici\u00e1rio para process\u00e1-lo exemplarmente. Para maior efic\u00e1cia, o PGR tem que ser substitu\u00eddo o quanto antes e a escolha tem que ser de um quadro alinhado com o garantismo constitucional e as fun\u00e7\u00f5es prec\u00edpuas do Minist\u00e9rio P\u00fablico. O Procurador Geral \u00e9 da Rep\u00fablica e n\u00e3o o representante de uma corpora\u00e7\u00e3o. As escolhas passadas dos governos Lula e Dilma foram redondamente erradas, que a li\u00e7\u00e3o sirva para acertar no presente.\u00a0 Contudo, a esquerda tem que acelerar os passos, est\u00e1 por demais lenta para a conjuntura, na qual a direita da Frente que elegeu Lula caminha c\u00e9lere com uma pauta dita de concilia\u00e7\u00e3o, mas na verdade \u00e9 a velha cartilha neoliberal: ao capital tudo, ao trabalho o que sobrar.<\/p>\n<figure id=\"attachment_2442\" aria-describedby=\"caption-attachment-2442\" style=\"width: 500px\" class=\"wp-caption aligncenter\"><img loading=\"lazy\" decoding=\"async\" class=\"size-full wp-image-2442\" src=\"https:\/\/renatodias.online\/movimento\/wp-content\/uploads\/2019\/09\/Caricatura-de-Paulo-Guedes.jpg\" alt=\"\" width=\"500\" height=\"583\" \/><figcaption id=\"caption-attachment-2442\" class=\"wp-caption-text\"><strong>Paulo Guedes<\/strong><\/figcaption><\/figure>\n<p>\u00c9 a indigesta concilia\u00e7\u00e3o de classes, \u00e9 o velho mantra de pacifica\u00e7\u00e3o \u00e0s custas dos que sofreram as barbaridades dos autoritarismos neofascistas. N\u00f3s que combatemos a ditadura e vimos nossos algozes sem julgamento e puni\u00e7\u00e3o, repudiamos veementemente um novo \u201cpacto\u201d, \u00e0s claras ou \u00e0s escuras. A Justi\u00e7a de Transi\u00e7\u00e3o n\u00e3o pode mais ser postergada. Sem a criminaliza\u00e7\u00e3o dos agentes estatais das graves viola\u00e7\u00f5es dos Direitos Humanos cometidos na ditadura militar e no Estado policial bolsonarista, o Brasil n\u00e3o poder\u00e1 se olhar no espelho da Hist\u00f3ria sem sentir profunda vergonha de seu passado-presente. Com qual projeto de futuro as novas gera\u00e7\u00f5es poder\u00e3o sonhar, se o passado-presente \u00e9 de distopia?<\/p>\n<figure id=\"attachment_14491\" aria-describedby=\"caption-attachment-14491\" style=\"width: 1200px\" class=\"wp-caption alignnone\"><img loading=\"lazy\" decoding=\"async\" class=\"wp-image-14491 size-full\" src=\"https:\/\/renatodias.online\/movimento\/wp-content\/uploads\/2022\/10\/Trabalho-analogo-a-escravidao-no-Brasil.jpg\" alt=\"\" width=\"1200\" height=\"675\" srcset=\"https:\/\/renatodias.online\/movimento\/wp-content\/uploads\/2022\/10\/Trabalho-analogo-a-escravidao-no-Brasil.jpg 1200w, https:\/\/renatodias.online\/movimento\/wp-content\/uploads\/2022\/10\/Trabalho-analogo-a-escravidao-no-Brasil-300x169.jpg 300w, https:\/\/renatodias.online\/movimento\/wp-content\/uploads\/2022\/10\/Trabalho-analogo-a-escravidao-no-Brasil-768x432.jpg 768w, https:\/\/renatodias.online\/movimento\/wp-content\/uploads\/2022\/10\/Trabalho-analogo-a-escravidao-no-Brasil-750x422.jpg 750w\" sizes=\"auto, (max-width: 1200px) 100vw, 1200px\" \/><figcaption id=\"caption-attachment-14491\" class=\"wp-caption-text\"><strong>Trabalho an\u00e1logo \u00e0 escravid\u00e3o no Brasil<\/strong><\/figcaption><\/figure>\n<p><span style=\"color: #ff0000;\"><strong>Francisco Celso Calmon, coordenador do canal pororoca e ex-coordenador nacional da Rede Brasil \u2013 Mem\u00f3ria, Verdade e Justi\u00e7a<\/strong><\/span><\/p>\n<p style=\"text-align: center;\"><span style=\"color: #0000ff;\"><strong>O texto n\u00e3o representa necessariamente a opini\u00e3o do Portal de Not\u00edcias<\/strong><\/span><\/p>\n<p>&nbsp;<\/p>\n","protected":false},"excerpt":{"rendered":"<p>Francisco Celso Calmon O Brasil n\u00e3o pode virar o para\u00edso da impunidade. J\u00e1 que s\u00e3o muitos os crimes cometidos pelo atual presidente da Rep\u00fablica, derrotado, Jair Bolsonaro. Se ele for anistiado, o que o futuro nos reservar\u00e1, outros e piores fascistas e o descr\u00e9dito total da Justi\u00e7a? Perdoar um delinquente de crimes de lesa-humanidade e<\/p>\n","protected":false},"author":2,"featured_media":8301,"comment_status":"open","ping_status":"open","sticky":false,"template":"","format":"standard","meta":{"_acf_changed":false,"_monsterinsights_skip_tracking":false,"_monsterinsights_sitenote_active":false,"_monsterinsights_sitenote_note":"","_monsterinsights_sitenote_category":0,"footnotes":""},"categories":[83],"tags":[],"class_list":["post-14769","post","type-post","status-publish","format-standard","has-post-thumbnail","hentry","category-opiniao"],"acf":[],"yoast_head":"<!-- This site is optimized with the Yoast SEO plugin v27.4 - https:\/\/yoast.com\/product\/yoast-seo-wordpress\/ -->\n<title>O futuro do Bolsonaro -<\/title>\n<meta name=\"robots\" content=\"index, follow, max-snippet:-1, max-image-preview:large, max-video-preview:-1\" \/>\n<link rel=\"canonical\" href=\"https:\/\/renatodias.online\/movimento\/2022\/11\/09\/o-futuro-do-bolsonaro\/\" \/>\n<meta property=\"og:locale\" content=\"pt_BR\" \/>\n<meta property=\"og:type\" content=\"article\" \/>\n<meta property=\"og:title\" content=\"O futuro do Bolsonaro -\" \/>\n<meta property=\"og:description\" content=\"Francisco Celso Calmon O Brasil n\u00e3o pode virar o para\u00edso da impunidade. J\u00e1 que s\u00e3o muitos os crimes cometidos pelo atual presidente da Rep\u00fablica, derrotado, Jair Bolsonaro. Se ele for anistiado, o que o futuro nos reservar\u00e1, outros e piores fascistas e o descr\u00e9dito total da Justi\u00e7a? Perdoar um delinquente de crimes de lesa-humanidade e\" \/>\n<meta property=\"og:url\" content=\"https:\/\/renatodias.online\/movimento\/2022\/11\/09\/o-futuro-do-bolsonaro\/\" \/>\n<meta property=\"article:publisher\" content=\"https:\/\/www.facebook.com\/renato.dias.37\" \/>\n<meta property=\"article:author\" content=\"https:\/\/www.facebook.com\/renato.dias.37\" \/>\n<meta property=\"article:published_time\" content=\"2022-11-10T01:39:47+00:00\" \/>\n<meta property=\"og:image\" content=\"https:\/\/renatodias.online\/movimento\/wp-content\/uploads\/2021\/08\/Francisco-Celso-Calmon-2-e1638631840295.jpg\" \/>\n\t<meta property=\"og:image:width\" content=\"320\" \/>\n\t<meta property=\"og:image:height\" content=\"240\" \/>\n\t<meta property=\"og:image:type\" content=\"image\/jpeg\" \/>\n<meta name=\"author\" content=\"Renato Dias\" \/>\n<meta name=\"twitter:card\" content=\"summary_large_image\" \/>\n<meta name=\"twitter:creator\" content=\"@RenatoDiasBat\" \/>\n<meta name=\"twitter:site\" content=\"@RenatoDiasBat\" \/>\n<meta name=\"twitter:label1\" content=\"Escrito por\" \/>\n\t<meta name=\"twitter:data1\" content=\"Renato Dias\" \/>\n\t<meta name=\"twitter:label2\" content=\"Est. tempo de leitura\" \/>\n\t<meta name=\"twitter:data2\" content=\"4 minutos\" \/>\n<script type=\"application\/ld+json\" class=\"yoast-schema-graph\">{\"@context\":\"https:\\\/\\\/schema.org\",\"@graph\":[{\"@type\":\"Article\",\"@id\":\"https:\\\/\\\/renatodias.online\\\/movimento\\\/2022\\\/11\\\/09\\\/o-futuro-do-bolsonaro\\\/#article\",\"isPartOf\":{\"@id\":\"https:\\\/\\\/renatodias.online\\\/movimento\\\/2022\\\/11\\\/09\\\/o-futuro-do-bolsonaro\\\/\"},\"author\":{\"name\":\"Renato Dias\",\"@id\":\"https:\\\/\\\/renatodias.online\\\/movimento\\\/#\\\/schema\\\/person\\\/bbab28833b1725a20f4083f49f1fb2a9\"},\"headline\":\"O futuro do Bolsonaro\",\"datePublished\":\"2022-11-10T01:39:47+00:00\",\"mainEntityOfPage\":{\"@id\":\"https:\\\/\\\/renatodias.online\\\/movimento\\\/2022\\\/11\\\/09\\\/o-futuro-do-bolsonaro\\\/\"},\"wordCount\":795,\"commentCount\":0,\"publisher\":{\"@id\":\"https:\\\/\\\/renatodias.online\\\/movimento\\\/#\\\/schema\\\/person\\\/bbab28833b1725a20f4083f49f1fb2a9\"},\"image\":{\"@id\":\"https:\\\/\\\/renatodias.online\\\/movimento\\\/2022\\\/11\\\/09\\\/o-futuro-do-bolsonaro\\\/#primaryimage\"},\"thumbnailUrl\":\"https:\\\/\\\/renatodias.online\\\/movimento\\\/wp-content\\\/uploads\\\/2021\\\/08\\\/Francisco-Celso-Calmon-2-e1684553218790.jpg\",\"articleSection\":[\"Opini\u00e3o\"],\"inLanguage\":\"pt-BR\",\"potentialAction\":[{\"@type\":\"CommentAction\",\"name\":\"Comment\",\"target\":[\"https:\\\/\\\/renatodias.online\\\/movimento\\\/2022\\\/11\\\/09\\\/o-futuro-do-bolsonaro\\\/#respond\"]}]},{\"@type\":\"WebPage\",\"@id\":\"https:\\\/\\\/renatodias.online\\\/movimento\\\/2022\\\/11\\\/09\\\/o-futuro-do-bolsonaro\\\/\",\"url\":\"https:\\\/\\\/renatodias.online\\\/movimento\\\/2022\\\/11\\\/09\\\/o-futuro-do-bolsonaro\\\/\",\"name\":\"O futuro do Bolsonaro -\",\"isPartOf\":{\"@id\":\"https:\\\/\\\/renatodias.online\\\/movimento\\\/#website\"},\"primaryImageOfPage\":{\"@id\":\"https:\\\/\\\/renatodias.online\\\/movimento\\\/2022\\\/11\\\/09\\\/o-futuro-do-bolsonaro\\\/#primaryimage\"},\"image\":{\"@id\":\"https:\\\/\\\/renatodias.online\\\/movimento\\\/2022\\\/11\\\/09\\\/o-futuro-do-bolsonaro\\\/#primaryimage\"},\"thumbnailUrl\":\"https:\\\/\\\/renatodias.online\\\/movimento\\\/wp-content\\\/uploads\\\/2021\\\/08\\\/Francisco-Celso-Calmon-2-e1684553218790.jpg\",\"datePublished\":\"2022-11-10T01:39:47+00:00\",\"breadcrumb\":{\"@id\":\"https:\\\/\\\/renatodias.online\\\/movimento\\\/2022\\\/11\\\/09\\\/o-futuro-do-bolsonaro\\\/#breadcrumb\"},\"inLanguage\":\"pt-BR\",\"potentialAction\":[{\"@type\":\"ReadAction\",\"target\":[\"https:\\\/\\\/renatodias.online\\\/movimento\\\/2022\\\/11\\\/09\\\/o-futuro-do-bolsonaro\\\/\"]}]},{\"@type\":\"ImageObject\",\"inLanguage\":\"pt-BR\",\"@id\":\"https:\\\/\\\/renatodias.online\\\/movimento\\\/2022\\\/11\\\/09\\\/o-futuro-do-bolsonaro\\\/#primaryimage\",\"url\":\"https:\\\/\\\/renatodias.online\\\/movimento\\\/wp-content\\\/uploads\\\/2021\\\/08\\\/Francisco-Celso-Calmon-2-e1684553218790.jpg\",\"contentUrl\":\"https:\\\/\\\/renatodias.online\\\/movimento\\\/wp-content\\\/uploads\\\/2021\\\/08\\\/Francisco-Celso-Calmon-2-e1684553218790.jpg\",\"width\":750,\"height\":563,\"caption\":\"Francisco Celso Calmon\"},{\"@type\":\"BreadcrumbList\",\"@id\":\"https:\\\/\\\/renatodias.online\\\/movimento\\\/2022\\\/11\\\/09\\\/o-futuro-do-bolsonaro\\\/#breadcrumb\",\"itemListElement\":[{\"@type\":\"ListItem\",\"position\":1,\"name\":\"In\u00edcio\",\"item\":\"https:\\\/\\\/renatodias.online\\\/movimento\\\/\"},{\"@type\":\"ListItem\",\"position\":2,\"name\":\"O futuro do Bolsonaro\"}]},{\"@type\":\"WebSite\",\"@id\":\"https:\\\/\\\/renatodias.online\\\/movimento\\\/#website\",\"url\":\"https:\\\/\\\/renatodias.online\\\/movimento\\\/\",\"name\":\"\",\"description\":\"\",\"publisher\":{\"@id\":\"https:\\\/\\\/renatodias.online\\\/movimento\\\/#\\\/schema\\\/person\\\/bbab28833b1725a20f4083f49f1fb2a9\"},\"potentialAction\":[{\"@type\":\"SearchAction\",\"target\":{\"@type\":\"EntryPoint\",\"urlTemplate\":\"https:\\\/\\\/renatodias.online\\\/movimento\\\/?s={search_term_string}\"},\"query-input\":{\"@type\":\"PropertyValueSpecification\",\"valueRequired\":true,\"valueName\":\"search_term_string\"}}],\"inLanguage\":\"pt-BR\"},{\"@type\":[\"Person\",\"Organization\"],\"@id\":\"https:\\\/\\\/renatodias.online\\\/movimento\\\/#\\\/schema\\\/person\\\/bbab28833b1725a20f4083f49f1fb2a9\",\"name\":\"Renato Dias\",\"image\":{\"@type\":\"ImageObject\",\"inLanguage\":\"pt-BR\",\"@id\":\"https:\\\/\\\/renatodias.online\\\/movimento\\\/wp-content\\\/uploads\\\/2023\\\/03\\\/cropped-cropped-cropped-logofinal.jpeg\",\"url\":\"https:\\\/\\\/renatodias.online\\\/movimento\\\/wp-content\\\/uploads\\\/2023\\\/03\\\/cropped-cropped-cropped-logofinal.jpeg\",\"contentUrl\":\"https:\\\/\\\/renatodias.online\\\/movimento\\\/wp-content\\\/uploads\\\/2023\\\/03\\\/cropped-cropped-cropped-logofinal.jpeg\",\"width\":1280,\"height\":219,\"caption\":\"Renato Dias\"},\"logo\":{\"@id\":\"https:\\\/\\\/renatodias.online\\\/movimento\\\/wp-content\\\/uploads\\\/2023\\\/03\\\/cropped-cropped-cropped-logofinal.jpeg\"},\"description\":\"Renato Dias, 58 anos, \u00e9 graduado em Jornalismo, formado em Ci\u00eancias Sociais, com p\u00f3s-gradua\u00e7\u00e3o em Pol\u00edticas P\u00fablicas, mestre em Direito e Rela\u00e7\u00f5es Internacionais, ex-aluno extraordin\u00e1rio do Doutorado em Psicologia Social, ex-estudante do Curso de Psican\u00e1lise do Centro de Estudos Psicanal\u00edticos do Estado de Goi\u00e1s, ministrado pelo m\u00e9dico psiquiatra e psicanalista Daniel Em\u00eddio de Souza. \u00c9 autor de 30 livros-reportagem, oito document\u00e1rios, ganhou 30 pr\u00eamios e \u00e9 torcedor apaixonado do maior do Centro-Oeste, o Vila Nova Futebol Clube. Casado com Meirilane Dias, \u00e9 pai de Juliana Dias, jornalista; Daniel Dias, economista; e Maria Rosa Dias, estudante antifascista, socialista e trotskista.\u00a0Com tr\u00eas pets: Porquinho [Bull Dog Franc\u00eas], Dalila [Basset Hound] e Geleia [Basset Hound]. Al\u00e9m do eterno gato Tutuquinho, que virou estrela.\",\"sameAs\":[\"https:\\\/\\\/www.facebook.com\\\/renato.dias.37\",\"#breve\",\"https:\\\/\\\/renatodias.tumblr.com\\\/\"],\"url\":\"https:\\\/\\\/renatodias.online\\\/movimento\\\/author\\\/renatodias\\\/\"}]}<\/script>\n<!-- \/ Yoast SEO plugin. -->","yoast_head_json":{"title":"O futuro do Bolsonaro -","robots":{"index":"index","follow":"follow","max-snippet":"max-snippet:-1","max-image-preview":"max-image-preview:large","max-video-preview":"max-video-preview:-1"},"canonical":"https:\/\/renatodias.online\/movimento\/2022\/11\/09\/o-futuro-do-bolsonaro\/","og_locale":"pt_BR","og_type":"article","og_title":"O futuro do Bolsonaro -","og_description":"Francisco Celso Calmon O Brasil n\u00e3o pode virar o para\u00edso da impunidade. J\u00e1 que s\u00e3o muitos os crimes cometidos pelo atual presidente da Rep\u00fablica, derrotado, Jair Bolsonaro. Se ele for anistiado, o que o futuro nos reservar\u00e1, outros e piores fascistas e o descr\u00e9dito total da Justi\u00e7a? Perdoar um delinquente de crimes de lesa-humanidade e","og_url":"https:\/\/renatodias.online\/movimento\/2022\/11\/09\/o-futuro-do-bolsonaro\/","article_publisher":"https:\/\/www.facebook.com\/renato.dias.37","article_author":"https:\/\/www.facebook.com\/renato.dias.37","article_published_time":"2022-11-10T01:39:47+00:00","og_image":[{"width":320,"height":240,"url":"https:\/\/renatodias.online\/movimento\/wp-content\/uploads\/2021\/08\/Francisco-Celso-Calmon-2-e1638631840295.jpg","type":"image\/jpeg"}],"author":"Renato Dias","twitter_card":"summary_large_image","twitter_creator":"@RenatoDiasBat","twitter_site":"@RenatoDiasBat","twitter_misc":{"Escrito por":"Renato Dias","Est. tempo de leitura":"4 minutos"},"schema":{"@context":"https:\/\/schema.org","@graph":[{"@type":"Article","@id":"https:\/\/renatodias.online\/movimento\/2022\/11\/09\/o-futuro-do-bolsonaro\/#article","isPartOf":{"@id":"https:\/\/renatodias.online\/movimento\/2022\/11\/09\/o-futuro-do-bolsonaro\/"},"author":{"name":"Renato Dias","@id":"https:\/\/renatodias.online\/movimento\/#\/schema\/person\/bbab28833b1725a20f4083f49f1fb2a9"},"headline":"O futuro do Bolsonaro","datePublished":"2022-11-10T01:39:47+00:00","mainEntityOfPage":{"@id":"https:\/\/renatodias.online\/movimento\/2022\/11\/09\/o-futuro-do-bolsonaro\/"},"wordCount":795,"commentCount":0,"publisher":{"@id":"https:\/\/renatodias.online\/movimento\/#\/schema\/person\/bbab28833b1725a20f4083f49f1fb2a9"},"image":{"@id":"https:\/\/renatodias.online\/movimento\/2022\/11\/09\/o-futuro-do-bolsonaro\/#primaryimage"},"thumbnailUrl":"https:\/\/renatodias.online\/movimento\/wp-content\/uploads\/2021\/08\/Francisco-Celso-Calmon-2-e1684553218790.jpg","articleSection":["Opini\u00e3o"],"inLanguage":"pt-BR","potentialAction":[{"@type":"CommentAction","name":"Comment","target":["https:\/\/renatodias.online\/movimento\/2022\/11\/09\/o-futuro-do-bolsonaro\/#respond"]}]},{"@type":"WebPage","@id":"https:\/\/renatodias.online\/movimento\/2022\/11\/09\/o-futuro-do-bolsonaro\/","url":"https:\/\/renatodias.online\/movimento\/2022\/11\/09\/o-futuro-do-bolsonaro\/","name":"O futuro do Bolsonaro -","isPartOf":{"@id":"https:\/\/renatodias.online\/movimento\/#website"},"primaryImageOfPage":{"@id":"https:\/\/renatodias.online\/movimento\/2022\/11\/09\/o-futuro-do-bolsonaro\/#primaryimage"},"image":{"@id":"https:\/\/renatodias.online\/movimento\/2022\/11\/09\/o-futuro-do-bolsonaro\/#primaryimage"},"thumbnailUrl":"https:\/\/renatodias.online\/movimento\/wp-content\/uploads\/2021\/08\/Francisco-Celso-Calmon-2-e1684553218790.jpg","datePublished":"2022-11-10T01:39:47+00:00","breadcrumb":{"@id":"https:\/\/renatodias.online\/movimento\/2022\/11\/09\/o-futuro-do-bolsonaro\/#breadcrumb"},"inLanguage":"pt-BR","potentialAction":[{"@type":"ReadAction","target":["https:\/\/renatodias.online\/movimento\/2022\/11\/09\/o-futuro-do-bolsonaro\/"]}]},{"@type":"ImageObject","inLanguage":"pt-BR","@id":"https:\/\/renatodias.online\/movimento\/2022\/11\/09\/o-futuro-do-bolsonaro\/#primaryimage","url":"https:\/\/renatodias.online\/movimento\/wp-content\/uploads\/2021\/08\/Francisco-Celso-Calmon-2-e1684553218790.jpg","contentUrl":"https:\/\/renatodias.online\/movimento\/wp-content\/uploads\/2021\/08\/Francisco-Celso-Calmon-2-e1684553218790.jpg","width":750,"height":563,"caption":"Francisco Celso Calmon"},{"@type":"BreadcrumbList","@id":"https:\/\/renatodias.online\/movimento\/2022\/11\/09\/o-futuro-do-bolsonaro\/#breadcrumb","itemListElement":[{"@type":"ListItem","position":1,"name":"In\u00edcio","item":"https:\/\/renatodias.online\/movimento\/"},{"@type":"ListItem","position":2,"name":"O futuro do Bolsonaro"}]},{"@type":"WebSite","@id":"https:\/\/renatodias.online\/movimento\/#website","url":"https:\/\/renatodias.online\/movimento\/","name":"","description":"","publisher":{"@id":"https:\/\/renatodias.online\/movimento\/#\/schema\/person\/bbab28833b1725a20f4083f49f1fb2a9"},"potentialAction":[{"@type":"SearchAction","target":{"@type":"EntryPoint","urlTemplate":"https:\/\/renatodias.online\/movimento\/?s={search_term_string}"},"query-input":{"@type":"PropertyValueSpecification","valueRequired":true,"valueName":"search_term_string"}}],"inLanguage":"pt-BR"},{"@type":["Person","Organization"],"@id":"https:\/\/renatodias.online\/movimento\/#\/schema\/person\/bbab28833b1725a20f4083f49f1fb2a9","name":"Renato Dias","image":{"@type":"ImageObject","inLanguage":"pt-BR","@id":"https:\/\/renatodias.online\/movimento\/wp-content\/uploads\/2023\/03\/cropped-cropped-cropped-logofinal.jpeg","url":"https:\/\/renatodias.online\/movimento\/wp-content\/uploads\/2023\/03\/cropped-cropped-cropped-logofinal.jpeg","contentUrl":"https:\/\/renatodias.online\/movimento\/wp-content\/uploads\/2023\/03\/cropped-cropped-cropped-logofinal.jpeg","width":1280,"height":219,"caption":"Renato Dias"},"logo":{"@id":"https:\/\/renatodias.online\/movimento\/wp-content\/uploads\/2023\/03\/cropped-cropped-cropped-logofinal.jpeg"},"description":"Renato Dias, 58 anos, \u00e9 graduado em Jornalismo, formado em Ci\u00eancias Sociais, com p\u00f3s-gradua\u00e7\u00e3o em Pol\u00edticas P\u00fablicas, mestre em Direito e Rela\u00e7\u00f5es Internacionais, ex-aluno extraordin\u00e1rio do Doutorado em Psicologia Social, ex-estudante do Curso de Psican\u00e1lise do Centro de Estudos Psicanal\u00edticos do Estado de Goi\u00e1s, ministrado pelo m\u00e9dico psiquiatra e psicanalista Daniel Em\u00eddio de Souza. \u00c9 autor de 30 livros-reportagem, oito document\u00e1rios, ganhou 30 pr\u00eamios e \u00e9 torcedor apaixonado do maior do Centro-Oeste, o Vila Nova Futebol Clube. Casado com Meirilane Dias, \u00e9 pai de Juliana Dias, jornalista; Daniel Dias, economista; e Maria Rosa Dias, estudante antifascista, socialista e trotskista.\u00a0Com tr\u00eas pets: Porquinho [Bull Dog Franc\u00eas], Dalila [Basset Hound] e Geleia [Basset Hound]. Al\u00e9m do eterno gato Tutuquinho, que virou estrela.","sameAs":["https:\/\/www.facebook.com\/renato.dias.37","#breve","https:\/\/renatodias.tumblr.com\/"],"url":"https:\/\/renatodias.online\/movimento\/author\/renatodias\/"}]}},"_links":{"self":[{"href":"https:\/\/renatodias.online\/movimento\/wp-json\/wp\/v2\/posts\/14769","targetHints":{"allow":["GET"]}}],"collection":[{"href":"https:\/\/renatodias.online\/movimento\/wp-json\/wp\/v2\/posts"}],"about":[{"href":"https:\/\/renatodias.online\/movimento\/wp-json\/wp\/v2\/types\/post"}],"author":[{"embeddable":true,"href":"https:\/\/renatodias.online\/movimento\/wp-json\/wp\/v2\/users\/2"}],"replies":[{"embeddable":true,"href":"https:\/\/renatodias.online\/movimento\/wp-json\/wp\/v2\/comments?post=14769"}],"version-history":[{"count":1,"href":"https:\/\/renatodias.online\/movimento\/wp-json\/wp\/v2\/posts\/14769\/revisions"}],"predecessor-version":[{"id":14770,"href":"https:\/\/renatodias.online\/movimento\/wp-json\/wp\/v2\/posts\/14769\/revisions\/14770"}],"wp:featuredmedia":[{"embeddable":true,"href":"https:\/\/renatodias.online\/movimento\/wp-json\/wp\/v2\/media\/8301"}],"wp:attachment":[{"href":"https:\/\/renatodias.online\/movimento\/wp-json\/wp\/v2\/media?parent=14769"}],"wp:term":[{"taxonomy":"category","embeddable":true,"href":"https:\/\/renatodias.online\/movimento\/wp-json\/wp\/v2\/categories?post=14769"},{"taxonomy":"post_tag","embeddable":true,"href":"https:\/\/renatodias.online\/movimento\/wp-json\/wp\/v2\/tags?post=14769"}],"curies":[{"name":"wp","href":"https:\/\/api.w.org\/{rel}","templated":true}]}}