{"id":14641,"date":"2022-10-27T13:54:00","date_gmt":"2022-10-27T16:54:00","guid":{"rendered":"https:\/\/renatodias.online\/movimento\/?p=14641"},"modified":"2022-10-27T13:54:00","modified_gmt":"2022-10-27T16:54:00","slug":"cidadania-recorre-ao-tse","status":"publish","type":"post","link":"https:\/\/renatodias.online\/movimento\/2022\/10\/27\/cidadania-recorre-ao-tse\/","title":{"rendered":"Cidadania recorre ao TSE"},"content":{"rendered":"<p><strong><img loading=\"lazy\" decoding=\"async\" class=\"size-medium wp-image-5007 aligncenter\" src=\"https:\/\/renatodias.online\/movimento\/wp-content\/uploads\/2021\/01\/Alto-da-p\u00e1gina-Banner-Exclusivo-300x91.png\" alt=\"\" width=\"300\" height=\"91\" \/><\/strong><\/p>\n<h1 style=\"text-align: center;\"><span style=\"color: #ff0000;\"><strong>Contra a cassa\u00e7\u00e3o de vereadores<\/strong><\/span><\/h1>\n<h1><img loading=\"lazy\" decoding=\"async\" class=\"wp-image-8229 size-thumbnail aligncenter\" src=\"https:\/\/renatodias.online\/movimento\/wp-content\/uploads\/2021\/08\/Justica-do-Trabalho-1-150x150.jpg\" alt=\"\" width=\"150\" height=\"150\" \/><\/h1>\n<h1 style=\"text-align: center;\"><strong><span style=\"color: #800000;\">Gilvane Felipe demonstra otimismo<\/span>\u00a0<\/strong><\/h1>\n<p><span style=\"color: #ff0000;\"><strong>Renato Dias<\/strong><\/span><\/p>\n<p>O Cidadania apresentou ao Tribunal Superior Eleitoral [TSE] um recurso, denominado Agravo em Recurso Especial Eleitoral, contra a decis\u00e3o monocr\u00e1tica do ministro da corte <strong>Ricardo Lewandowski<\/strong>. Registro: a sua senten\u00e7a cassou os mandatos de dois vereadores da legenda em Goi\u00e2nia. \u00c9 o que informa o presidente da sigla, historiador e gestor p\u00fablico <strong>Gilvane Felipe<\/strong>.<\/p>\n<figure id=\"attachment_14644\" aria-describedby=\"caption-attachment-14644\" style=\"width: 848px\" class=\"wp-caption alignnone\"><img loading=\"lazy\" decoding=\"async\" class=\"wp-image-14644 size-full\" src=\"https:\/\/renatodias.online\/movimento\/wp-content\/uploads\/2022\/10\/Ricardo-Lewandowski.jpg\" alt=\"\" width=\"848\" height=\"477\" srcset=\"https:\/\/renatodias.online\/movimento\/wp-content\/uploads\/2022\/10\/Ricardo-Lewandowski.jpg 848w, https:\/\/renatodias.online\/movimento\/wp-content\/uploads\/2022\/10\/Ricardo-Lewandowski-300x169.jpg 300w, https:\/\/renatodias.online\/movimento\/wp-content\/uploads\/2022\/10\/Ricardo-Lewandowski-768x432.jpg 768w, https:\/\/renatodias.online\/movimento\/wp-content\/uploads\/2022\/10\/Ricardo-Lewandowski-750x422.jpg 750w\" sizes=\"auto, (max-width: 848px) 100vw, 848px\" \/><figcaption id=\"caption-attachment-14644\" class=\"wp-caption-text\"><span style=\"color: #0000ff;\"><strong>Ricardo Lewandowski<\/strong><\/span><\/figcaption><\/figure>\n<p>O advogado do Cidadania \u00e9<strong> Wandir Allan de Oliveira<\/strong>. A resolu\u00e7\u00e3o\u00a0 deu provimento a um agravo do Podemos. Em suposta refer\u00eancia <strong>\u00e0 quota da cl\u00e1usula de g\u00eanero<\/strong>. O operador do Direito requer reconsidera\u00e7\u00e3o da decis\u00e3o, com o desprovimento do recurso. Mais: negar tamb\u00e9m o seguimento do mesmo e, caso seja necess\u00e1rio, leva-lo ao plen\u00e1rio, assim como permitir a sustenta\u00e7\u00e3o oral.<\/p>\n<figure id=\"attachment_14642\" aria-describedby=\"caption-attachment-14642\" style=\"width: 848px\" class=\"wp-caption alignnone\"><img loading=\"lazy\" decoding=\"async\" class=\"wp-image-14642 size-full\" src=\"https:\/\/renatodias.online\/movimento\/wp-content\/uploads\/2022\/10\/TSE.jpg\" alt=\"\" width=\"848\" height=\"477\" \/><figcaption id=\"caption-attachment-14642\" class=\"wp-caption-text\"><span style=\"color: #0000ff;\"><strong>Fachada do Tribunal Superior Eleitoral TSE, elei\u00e7\u00f5es 2022. | S\u00e9rgio Lima\/Poder360<\/strong><\/span><\/figcaption><\/figure>\n<p><strong><img loading=\"lazy\" decoding=\"async\" class=\"size-medium wp-image-14125 aligncenter\" src=\"https:\/\/renatodias.online\/movimento\/wp-content\/uploads\/2022\/09\/Saiba-mais-300x103.png\" alt=\"\" width=\"300\" height=\"103\" srcset=\"https:\/\/renatodias.online\/movimento\/wp-content\/uploads\/2022\/09\/Saiba-mais-300x103.png 300w, https:\/\/renatodias.online\/movimento\/wp-content\/uploads\/2022\/09\/Saiba-mais.png 572w\" sizes=\"auto, (max-width: 300px) 100vw, 300px\" \/><\/strong><\/p>\n<h1 style=\"text-align: center;\"><span style=\"color: #808000;\"><strong>Agravo Regimental<\/strong><\/span><\/h1>\n<h1 style=\"text-align: center;\"><a href=\"https:\/\/renatodias.online\/movimento\/wp-content\/uploads\/2022\/10\/Agravo-Regimental-em-AgResp.docx\">Agravo Regimental em AgResp<\/a><\/h1>\n","protected":false},"excerpt":{"rendered":"<p>Contra a cassa\u00e7\u00e3o de vereadores Gilvane Felipe demonstra otimismo\u00a0 Renato Dias O Cidadania apresentou ao Tribunal Superior Eleitoral [TSE] um recurso, denominado Agravo em Recurso Especial Eleitoral, contra a decis\u00e3o monocr\u00e1tica do ministro da corte Ricardo Lewandowski. Registro: a sua senten\u00e7a cassou os mandatos de dois vereadores da legenda em Goi\u00e2nia. \u00c9 o que informa<\/p>\n","protected":false},"author":2,"featured_media":13187,"comment_status":"open","ping_status":"open","sticky":false,"template":"","format":"standard","meta":{"_acf_changed":false,"_monsterinsights_skip_tracking":false,"_monsterinsights_sitenote_active":false,"_monsterinsights_sitenote_note":"","_monsterinsights_sitenote_category":0,"footnotes":""},"categories":[35],"tags":[],"class_list":["post-14641","post","type-post","status-publish","format-standard","has-post-thumbnail","hentry","category-nacional"],"acf":[],"yoast_head":"<!-- This site is optimized with the Yoast SEO plugin v27.4 - https:\/\/yoast.com\/product\/yoast-seo-wordpress\/ -->\n<title>Cidadania recorre ao TSE -<\/title>\n<meta name=\"robots\" content=\"index, follow, max-snippet:-1, max-image-preview:large, max-video-preview:-1\" \/>\n<link rel=\"canonical\" href=\"https:\/\/renatodias.online\/movimento\/2022\/10\/27\/cidadania-recorre-ao-tse\/\" \/>\n<meta property=\"og:locale\" content=\"pt_BR\" \/>\n<meta property=\"og:type\" content=\"article\" \/>\n<meta property=\"og:title\" content=\"Cidadania recorre ao TSE -\" \/>\n<meta property=\"og:description\" content=\"Contra a cassa\u00e7\u00e3o de vereadores Gilvane Felipe demonstra otimismo\u00a0 Renato Dias O Cidadania apresentou ao Tribunal Superior Eleitoral [TSE] um recurso, denominado Agravo em Recurso Especial Eleitoral, contra a decis\u00e3o monocr\u00e1tica do ministro da corte Ricardo Lewandowski. Registro: a sua senten\u00e7a cassou os mandatos de dois vereadores da legenda em Goi\u00e2nia. \u00c9 o que informa\" \/>\n<meta property=\"og:url\" content=\"https:\/\/renatodias.online\/movimento\/2022\/10\/27\/cidadania-recorre-ao-tse\/\" \/>\n<meta property=\"article:publisher\" content=\"https:\/\/www.facebook.com\/renato.dias.37\" \/>\n<meta property=\"article:author\" content=\"https:\/\/www.facebook.com\/renato.dias.37\" \/>\n<meta property=\"article:published_time\" content=\"2022-10-27T16:54:00+00:00\" \/>\n<meta property=\"og:image\" content=\"https:\/\/renatodias.online\/movimento\/wp-content\/uploads\/2022\/07\/Gilvane-Felipe.jpg\" \/>\n\t<meta property=\"og:image:width\" content=\"775\" \/>\n\t<meta property=\"og:image:height\" content=\"520\" \/>\n\t<meta property=\"og:image:type\" content=\"image\/jpeg\" \/>\n<meta name=\"author\" content=\"Renato Dias\" \/>\n<meta name=\"twitter:card\" content=\"summary_large_image\" \/>\n<meta name=\"twitter:creator\" content=\"@RenatoDiasBat\" \/>\n<meta name=\"twitter:site\" content=\"@RenatoDiasBat\" \/>\n<meta name=\"twitter:label1\" content=\"Escrito por\" \/>\n\t<meta name=\"twitter:data1\" content=\"Renato Dias\" \/>\n\t<meta name=\"twitter:label2\" content=\"Est. tempo de leitura\" \/>\n\t<meta name=\"twitter:data2\" content=\"1 minuto\" \/>\n<script type=\"application\/ld+json\" class=\"yoast-schema-graph\">{\"@context\":\"https:\\\/\\\/schema.org\",\"@graph\":[{\"@type\":\"Article\",\"@id\":\"https:\\\/\\\/renatodias.online\\\/movimento\\\/2022\\\/10\\\/27\\\/cidadania-recorre-ao-tse\\\/#article\",\"isPartOf\":{\"@id\":\"https:\\\/\\\/renatodias.online\\\/movimento\\\/2022\\\/10\\\/27\\\/cidadania-recorre-ao-tse\\\/\"},\"author\":{\"name\":\"Renato Dias\",\"@id\":\"https:\\\/\\\/renatodias.online\\\/movimento\\\/#\\\/schema\\\/person\\\/bbab28833b1725a20f4083f49f1fb2a9\"},\"headline\":\"Cidadania recorre ao TSE\",\"datePublished\":\"2022-10-27T16:54:00+00:00\",\"mainEntityOfPage\":{\"@id\":\"https:\\\/\\\/renatodias.online\\\/movimento\\\/2022\\\/10\\\/27\\\/cidadania-recorre-ao-tse\\\/\"},\"wordCount\":176,\"commentCount\":0,\"publisher\":{\"@id\":\"https:\\\/\\\/renatodias.online\\\/movimento\\\/#\\\/schema\\\/person\\\/bbab28833b1725a20f4083f49f1fb2a9\"},\"image\":{\"@id\":\"https:\\\/\\\/renatodias.online\\\/movimento\\\/2022\\\/10\\\/27\\\/cidadania-recorre-ao-tse\\\/#primaryimage\"},\"thumbnailUrl\":\"https:\\\/\\\/renatodias.online\\\/movimento\\\/wp-content\\\/uploads\\\/2022\\\/07\\\/Gilvane-Felipe-e1701531603551.jpg\",\"articleSection\":[\"Nacional\"],\"inLanguage\":\"pt-BR\",\"potentialAction\":[{\"@type\":\"CommentAction\",\"name\":\"Comment\",\"target\":[\"https:\\\/\\\/renatodias.online\\\/movimento\\\/2022\\\/10\\\/27\\\/cidadania-recorre-ao-tse\\\/#respond\"]}]},{\"@type\":\"WebPage\",\"@id\":\"https:\\\/\\\/renatodias.online\\\/movimento\\\/2022\\\/10\\\/27\\\/cidadania-recorre-ao-tse\\\/\",\"url\":\"https:\\\/\\\/renatodias.online\\\/movimento\\\/2022\\\/10\\\/27\\\/cidadania-recorre-ao-tse\\\/\",\"name\":\"Cidadania recorre ao TSE -\",\"isPartOf\":{\"@id\":\"https:\\\/\\\/renatodias.online\\\/movimento\\\/#website\"},\"primaryImageOfPage\":{\"@id\":\"https:\\\/\\\/renatodias.online\\\/movimento\\\/2022\\\/10\\\/27\\\/cidadania-recorre-ao-tse\\\/#primaryimage\"},\"image\":{\"@id\":\"https:\\\/\\\/renatodias.online\\\/movimento\\\/2022\\\/10\\\/27\\\/cidadania-recorre-ao-tse\\\/#primaryimage\"},\"thumbnailUrl\":\"https:\\\/\\\/renatodias.online\\\/movimento\\\/wp-content\\\/uploads\\\/2022\\\/07\\\/Gilvane-Felipe-e1701531603551.jpg\",\"datePublished\":\"2022-10-27T16:54:00+00:00\",\"breadcrumb\":{\"@id\":\"https:\\\/\\\/renatodias.online\\\/movimento\\\/2022\\\/10\\\/27\\\/cidadania-recorre-ao-tse\\\/#breadcrumb\"},\"inLanguage\":\"pt-BR\",\"potentialAction\":[{\"@type\":\"ReadAction\",\"target\":[\"https:\\\/\\\/renatodias.online\\\/movimento\\\/2022\\\/10\\\/27\\\/cidadania-recorre-ao-tse\\\/\"]}]},{\"@type\":\"ImageObject\",\"inLanguage\":\"pt-BR\",\"@id\":\"https:\\\/\\\/renatodias.online\\\/movimento\\\/2022\\\/10\\\/27\\\/cidadania-recorre-ao-tse\\\/#primaryimage\",\"url\":\"https:\\\/\\\/renatodias.online\\\/movimento\\\/wp-content\\\/uploads\\\/2022\\\/07\\\/Gilvane-Felipe-e1701531603551.jpg\",\"contentUrl\":\"https:\\\/\\\/renatodias.online\\\/movimento\\\/wp-content\\\/uploads\\\/2022\\\/07\\\/Gilvane-Felipe-e1701531603551.jpg\",\"width\":500,\"height\":335,\"caption\":\"Gilvane Felipe\"},{\"@type\":\"BreadcrumbList\",\"@id\":\"https:\\\/\\\/renatodias.online\\\/movimento\\\/2022\\\/10\\\/27\\\/cidadania-recorre-ao-tse\\\/#breadcrumb\",\"itemListElement\":[{\"@type\":\"ListItem\",\"position\":1,\"name\":\"In\u00edcio\",\"item\":\"https:\\\/\\\/renatodias.online\\\/movimento\\\/\"},{\"@type\":\"ListItem\",\"position\":2,\"name\":\"Cidadania recorre ao TSE\"}]},{\"@type\":\"WebSite\",\"@id\":\"https:\\\/\\\/renatodias.online\\\/movimento\\\/#website\",\"url\":\"https:\\\/\\\/renatodias.online\\\/movimento\\\/\",\"name\":\"\",\"description\":\"\",\"publisher\":{\"@id\":\"https:\\\/\\\/renatodias.online\\\/movimento\\\/#\\\/schema\\\/person\\\/bbab28833b1725a20f4083f49f1fb2a9\"},\"potentialAction\":[{\"@type\":\"SearchAction\",\"target\":{\"@type\":\"EntryPoint\",\"urlTemplate\":\"https:\\\/\\\/renatodias.online\\\/movimento\\\/?s={search_term_string}\"},\"query-input\":{\"@type\":\"PropertyValueSpecification\",\"valueRequired\":true,\"valueName\":\"search_term_string\"}}],\"inLanguage\":\"pt-BR\"},{\"@type\":[\"Person\",\"Organization\"],\"@id\":\"https:\\\/\\\/renatodias.online\\\/movimento\\\/#\\\/schema\\\/person\\\/bbab28833b1725a20f4083f49f1fb2a9\",\"name\":\"Renato Dias\",\"image\":{\"@type\":\"ImageObject\",\"inLanguage\":\"pt-BR\",\"@id\":\"https:\\\/\\\/renatodias.online\\\/movimento\\\/wp-content\\\/uploads\\\/2023\\\/03\\\/cropped-cropped-cropped-logofinal.jpeg\",\"url\":\"https:\\\/\\\/renatodias.online\\\/movimento\\\/wp-content\\\/uploads\\\/2023\\\/03\\\/cropped-cropped-cropped-logofinal.jpeg\",\"contentUrl\":\"https:\\\/\\\/renatodias.online\\\/movimento\\\/wp-content\\\/uploads\\\/2023\\\/03\\\/cropped-cropped-cropped-logofinal.jpeg\",\"width\":1280,\"height\":219,\"caption\":\"Renato Dias\"},\"logo\":{\"@id\":\"https:\\\/\\\/renatodias.online\\\/movimento\\\/wp-content\\\/uploads\\\/2023\\\/03\\\/cropped-cropped-cropped-logofinal.jpeg\"},\"description\":\"Renato Dias, 58 anos, \u00e9 graduado em Jornalismo, formado em Ci\u00eancias Sociais, com p\u00f3s-gradua\u00e7\u00e3o em Pol\u00edticas P\u00fablicas, mestre em Direito e Rela\u00e7\u00f5es Internacionais, ex-aluno extraordin\u00e1rio do Doutorado em Psicologia Social, ex-estudante do Curso de Psican\u00e1lise do Centro de Estudos Psicanal\u00edticos do Estado de Goi\u00e1s, ministrado pelo m\u00e9dico psiquiatra e psicanalista Daniel Em\u00eddio de Souza. \u00c9 autor de 30 livros-reportagem, oito document\u00e1rios, ganhou 30 pr\u00eamios e \u00e9 torcedor apaixonado do maior do Centro-Oeste, o Vila Nova Futebol Clube. Casado com Meirilane Dias, \u00e9 pai de Juliana Dias, jornalista; Daniel Dias, economista; e Maria Rosa Dias, estudante antifascista, socialista e trotskista.\u00a0Com tr\u00eas pets: Porquinho [Bull Dog Franc\u00eas], Dalila [Basset Hound] e Geleia [Basset Hound]. Al\u00e9m do eterno gato Tutuquinho, que virou estrela.\",\"sameAs\":[\"https:\\\/\\\/www.facebook.com\\\/renato.dias.37\",\"#breve\",\"https:\\\/\\\/renatodias.tumblr.com\\\/\"],\"url\":\"https:\\\/\\\/renatodias.online\\\/movimento\\\/author\\\/renatodias\\\/\"}]}<\/script>\n<!-- \/ Yoast SEO plugin. -->","yoast_head_json":{"title":"Cidadania recorre ao TSE -","robots":{"index":"index","follow":"follow","max-snippet":"max-snippet:-1","max-image-preview":"max-image-preview:large","max-video-preview":"max-video-preview:-1"},"canonical":"https:\/\/renatodias.online\/movimento\/2022\/10\/27\/cidadania-recorre-ao-tse\/","og_locale":"pt_BR","og_type":"article","og_title":"Cidadania recorre ao TSE -","og_description":"Contra a cassa\u00e7\u00e3o de vereadores Gilvane Felipe demonstra otimismo\u00a0 Renato Dias O Cidadania apresentou ao Tribunal Superior Eleitoral [TSE] um recurso, denominado Agravo em Recurso Especial Eleitoral, contra a decis\u00e3o monocr\u00e1tica do ministro da corte Ricardo Lewandowski. Registro: a sua senten\u00e7a cassou os mandatos de dois vereadores da legenda em Goi\u00e2nia. \u00c9 o que informa","og_url":"https:\/\/renatodias.online\/movimento\/2022\/10\/27\/cidadania-recorre-ao-tse\/","article_publisher":"https:\/\/www.facebook.com\/renato.dias.37","article_author":"https:\/\/www.facebook.com\/renato.dias.37","article_published_time":"2022-10-27T16:54:00+00:00","og_image":[{"width":775,"height":520,"url":"https:\/\/renatodias.online\/movimento\/wp-content\/uploads\/2022\/07\/Gilvane-Felipe.jpg","type":"image\/jpeg"}],"author":"Renato Dias","twitter_card":"summary_large_image","twitter_creator":"@RenatoDiasBat","twitter_site":"@RenatoDiasBat","twitter_misc":{"Escrito por":"Renato Dias","Est. tempo de leitura":"1 minuto"},"schema":{"@context":"https:\/\/schema.org","@graph":[{"@type":"Article","@id":"https:\/\/renatodias.online\/movimento\/2022\/10\/27\/cidadania-recorre-ao-tse\/#article","isPartOf":{"@id":"https:\/\/renatodias.online\/movimento\/2022\/10\/27\/cidadania-recorre-ao-tse\/"},"author":{"name":"Renato Dias","@id":"https:\/\/renatodias.online\/movimento\/#\/schema\/person\/bbab28833b1725a20f4083f49f1fb2a9"},"headline":"Cidadania recorre ao TSE","datePublished":"2022-10-27T16:54:00+00:00","mainEntityOfPage":{"@id":"https:\/\/renatodias.online\/movimento\/2022\/10\/27\/cidadania-recorre-ao-tse\/"},"wordCount":176,"commentCount":0,"publisher":{"@id":"https:\/\/renatodias.online\/movimento\/#\/schema\/person\/bbab28833b1725a20f4083f49f1fb2a9"},"image":{"@id":"https:\/\/renatodias.online\/movimento\/2022\/10\/27\/cidadania-recorre-ao-tse\/#primaryimage"},"thumbnailUrl":"https:\/\/renatodias.online\/movimento\/wp-content\/uploads\/2022\/07\/Gilvane-Felipe-e1701531603551.jpg","articleSection":["Nacional"],"inLanguage":"pt-BR","potentialAction":[{"@type":"CommentAction","name":"Comment","target":["https:\/\/renatodias.online\/movimento\/2022\/10\/27\/cidadania-recorre-ao-tse\/#respond"]}]},{"@type":"WebPage","@id":"https:\/\/renatodias.online\/movimento\/2022\/10\/27\/cidadania-recorre-ao-tse\/","url":"https:\/\/renatodias.online\/movimento\/2022\/10\/27\/cidadania-recorre-ao-tse\/","name":"Cidadania recorre ao TSE -","isPartOf":{"@id":"https:\/\/renatodias.online\/movimento\/#website"},"primaryImageOfPage":{"@id":"https:\/\/renatodias.online\/movimento\/2022\/10\/27\/cidadania-recorre-ao-tse\/#primaryimage"},"image":{"@id":"https:\/\/renatodias.online\/movimento\/2022\/10\/27\/cidadania-recorre-ao-tse\/#primaryimage"},"thumbnailUrl":"https:\/\/renatodias.online\/movimento\/wp-content\/uploads\/2022\/07\/Gilvane-Felipe-e1701531603551.jpg","datePublished":"2022-10-27T16:54:00+00:00","breadcrumb":{"@id":"https:\/\/renatodias.online\/movimento\/2022\/10\/27\/cidadania-recorre-ao-tse\/#breadcrumb"},"inLanguage":"pt-BR","potentialAction":[{"@type":"ReadAction","target":["https:\/\/renatodias.online\/movimento\/2022\/10\/27\/cidadania-recorre-ao-tse\/"]}]},{"@type":"ImageObject","inLanguage":"pt-BR","@id":"https:\/\/renatodias.online\/movimento\/2022\/10\/27\/cidadania-recorre-ao-tse\/#primaryimage","url":"https:\/\/renatodias.online\/movimento\/wp-content\/uploads\/2022\/07\/Gilvane-Felipe-e1701531603551.jpg","contentUrl":"https:\/\/renatodias.online\/movimento\/wp-content\/uploads\/2022\/07\/Gilvane-Felipe-e1701531603551.jpg","width":500,"height":335,"caption":"Gilvane Felipe"},{"@type":"BreadcrumbList","@id":"https:\/\/renatodias.online\/movimento\/2022\/10\/27\/cidadania-recorre-ao-tse\/#breadcrumb","itemListElement":[{"@type":"ListItem","position":1,"name":"In\u00edcio","item":"https:\/\/renatodias.online\/movimento\/"},{"@type":"ListItem","position":2,"name":"Cidadania recorre ao TSE"}]},{"@type":"WebSite","@id":"https:\/\/renatodias.online\/movimento\/#website","url":"https:\/\/renatodias.online\/movimento\/","name":"","description":"","publisher":{"@id":"https:\/\/renatodias.online\/movimento\/#\/schema\/person\/bbab28833b1725a20f4083f49f1fb2a9"},"potentialAction":[{"@type":"SearchAction","target":{"@type":"EntryPoint","urlTemplate":"https:\/\/renatodias.online\/movimento\/?s={search_term_string}"},"query-input":{"@type":"PropertyValueSpecification","valueRequired":true,"valueName":"search_term_string"}}],"inLanguage":"pt-BR"},{"@type":["Person","Organization"],"@id":"https:\/\/renatodias.online\/movimento\/#\/schema\/person\/bbab28833b1725a20f4083f49f1fb2a9","name":"Renato Dias","image":{"@type":"ImageObject","inLanguage":"pt-BR","@id":"https:\/\/renatodias.online\/movimento\/wp-content\/uploads\/2023\/03\/cropped-cropped-cropped-logofinal.jpeg","url":"https:\/\/renatodias.online\/movimento\/wp-content\/uploads\/2023\/03\/cropped-cropped-cropped-logofinal.jpeg","contentUrl":"https:\/\/renatodias.online\/movimento\/wp-content\/uploads\/2023\/03\/cropped-cropped-cropped-logofinal.jpeg","width":1280,"height":219,"caption":"Renato Dias"},"logo":{"@id":"https:\/\/renatodias.online\/movimento\/wp-content\/uploads\/2023\/03\/cropped-cropped-cropped-logofinal.jpeg"},"description":"Renato Dias, 58 anos, \u00e9 graduado em Jornalismo, formado em Ci\u00eancias Sociais, com p\u00f3s-gradua\u00e7\u00e3o em Pol\u00edticas P\u00fablicas, mestre em Direito e Rela\u00e7\u00f5es Internacionais, ex-aluno extraordin\u00e1rio do Doutorado em Psicologia Social, ex-estudante do Curso de Psican\u00e1lise do Centro de Estudos Psicanal\u00edticos do Estado de Goi\u00e1s, ministrado pelo m\u00e9dico psiquiatra e psicanalista Daniel Em\u00eddio de Souza. \u00c9 autor de 30 livros-reportagem, oito document\u00e1rios, ganhou 30 pr\u00eamios e \u00e9 torcedor apaixonado do maior do Centro-Oeste, o Vila Nova Futebol Clube. Casado com Meirilane Dias, \u00e9 pai de Juliana Dias, jornalista; Daniel Dias, economista; e Maria Rosa Dias, estudante antifascista, socialista e trotskista.\u00a0Com tr\u00eas pets: Porquinho [Bull Dog Franc\u00eas], Dalila [Basset Hound] e Geleia [Basset Hound]. Al\u00e9m do eterno gato Tutuquinho, que virou estrela.","sameAs":["https:\/\/www.facebook.com\/renato.dias.37","#breve","https:\/\/renatodias.tumblr.com\/"],"url":"https:\/\/renatodias.online\/movimento\/author\/renatodias\/"}]}},"_links":{"self":[{"href":"https:\/\/renatodias.online\/movimento\/wp-json\/wp\/v2\/posts\/14641","targetHints":{"allow":["GET"]}}],"collection":[{"href":"https:\/\/renatodias.online\/movimento\/wp-json\/wp\/v2\/posts"}],"about":[{"href":"https:\/\/renatodias.online\/movimento\/wp-json\/wp\/v2\/types\/post"}],"author":[{"embeddable":true,"href":"https:\/\/renatodias.online\/movimento\/wp-json\/wp\/v2\/users\/2"}],"replies":[{"embeddable":true,"href":"https:\/\/renatodias.online\/movimento\/wp-json\/wp\/v2\/comments?post=14641"}],"version-history":[{"count":1,"href":"https:\/\/renatodias.online\/movimento\/wp-json\/wp\/v2\/posts\/14641\/revisions"}],"predecessor-version":[{"id":14645,"href":"https:\/\/renatodias.online\/movimento\/wp-json\/wp\/v2\/posts\/14641\/revisions\/14645"}],"wp:featuredmedia":[{"embeddable":true,"href":"https:\/\/renatodias.online\/movimento\/wp-json\/wp\/v2\/media\/13187"}],"wp:attachment":[{"href":"https:\/\/renatodias.online\/movimento\/wp-json\/wp\/v2\/media?parent=14641"}],"wp:term":[{"taxonomy":"category","embeddable":true,"href":"https:\/\/renatodias.online\/movimento\/wp-json\/wp\/v2\/categories?post=14641"},{"taxonomy":"post_tag","embeddable":true,"href":"https:\/\/renatodias.online\/movimento\/wp-json\/wp\/v2\/tags?post=14641"}],"curies":[{"name":"wp","href":"https:\/\/api.w.org\/{rel}","templated":true}]}}