{"id":14629,"date":"2022-10-26T22:51:47","date_gmt":"2022-10-27T01:51:47","guid":{"rendered":"https:\/\/renatodias.online\/movimento\/?p=14629"},"modified":"2022-10-26T22:51:47","modified_gmt":"2022-10-27T01:51:47","slug":"um-passado-que-nao-passa-2","status":"publish","type":"post","link":"https:\/\/renatodias.online\/movimento\/2022\/10\/26\/um-passado-que-nao-passa-2\/","title":{"rendered":"Um passado que n\u00e3o passa"},"content":{"rendered":"<p><strong><img loading=\"lazy\" decoding=\"async\" class=\"size-medium wp-image-7457 aligncenter\" src=\"https:\/\/renatodias.online\/movimento\/wp-content\/uploads\/2021\/06\/Sangue-_-1-300x200.jpeg\" alt=\"\" width=\"300\" height=\"200\" \/><\/strong><\/p>\n<p><strong><img loading=\"lazy\" decoding=\"async\" class=\"size-medium wp-image-10966 aligncenter\" src=\"https:\/\/renatodias.online\/movimento\/wp-content\/uploads\/2022\/02\/Urgente-300x225.jpg\" alt=\"\" width=\"300\" height=\"225\" \/><\/strong><\/p>\n<h1 style=\"text-align: center;\"><span style=\"color: #0000ff;\"><strong>Em mem\u00f3ria de Edgar de Aquino Duarte<\/strong><\/span><\/h1>\n<p><img loading=\"lazy\" decoding=\"async\" class=\"alignnone wp-image-9308 size-full\" src=\"https:\/\/renatodias.online\/movimento\/wp-content\/uploads\/2021\/10\/Mortos-e-desaparecidos-politicos-Card.jpg\" alt=\"\" width=\"1167\" height=\"341\" srcset=\"https:\/\/renatodias.online\/movimento\/wp-content\/uploads\/2021\/10\/Mortos-e-desaparecidos-politicos-Card.jpg 1167w, https:\/\/renatodias.online\/movimento\/wp-content\/uploads\/2021\/10\/Mortos-e-desaparecidos-politicos-Card-300x88.jpg 300w, https:\/\/renatodias.online\/movimento\/wp-content\/uploads\/2021\/10\/Mortos-e-desaparecidos-politicos-Card-768x224.jpg 768w, https:\/\/renatodias.online\/movimento\/wp-content\/uploads\/2021\/10\/Mortos-e-desaparecidos-politicos-Card-750x219.jpg 750w\" sizes=\"auto, (max-width: 1167px) 100vw, 1167px\" \/><\/p>\n<h2 style=\"text-align: center;\"><span style=\"color: #008000;\"><strong>27 de outubro, 15h, no DOI-CODI, \u00e0 Rua Tutoia, 921, S\u00e3o Paulo<\/strong><\/span><\/h2>\n<p><span style=\"color: #ff0000;\"><strong>Moacyr de Oliveira<\/strong><\/span><\/p>\n<p><span style=\"color: #ff0000;\"><strong>Ivan Seixas<\/strong><\/span><\/p>\n<p><img loading=\"lazy\" decoding=\"async\" class=\"size-full wp-image-13832 aligncenter\" src=\"https:\/\/renatodias.online\/movimento\/wp-content\/uploads\/2022\/08\/Veja.jpg\" alt=\"\" width=\"300\" height=\"150\" \/><\/p>\n<h1 style=\"text-align: center;\"><a href=\"https:\/\/renatodias.online\/movimento\/wp-content\/uploads\/2022\/10\/Edgard-de-Aquino-Duarte-Especial-1.pdf\">Edgard de Aquino Duarte Especial 1<\/a><\/h1>\n<p>No pr\u00f3ximo dia 27 de outubro, \u00e0s 15h00, Mar\u00eda Teresa Sope\u00f1a, vi\u00fava, e Maria Willumsen, ex-s\u00f3cia de Edgar Aquino Duarte numa corretora de valores, que moram em Havana e em Miami, respectivamente, ir\u00e3o visitar o antigo DOI-CODI, na Rua Tut\u00f3ia, 921, em S\u00e3o Paulo, para conhecer o local onde ficava a cela em que ele esteve preso, entre 1971 e 1972. Na visita, elas ser\u00e3o acompanhadas pelos jornalistas Ivan Seixas, da Comiss\u00e3o de Defesa da Liberdade de Imprensa e do Direitos Humanos da ABI, e Moacyr Oliveira Filho, diretor de jornalismo da ABI, ex-presos pol\u00edticos, que conviveram com Edgar, durante sua passagem pelas celas do DOI-CODI, em 1972.<\/p>\n<figure id=\"attachment_7454\" aria-describedby=\"caption-attachment-7454\" style=\"width: 1140px\" class=\"wp-caption alignnone\"><img loading=\"lazy\" decoding=\"async\" class=\"wp-image-7454 size-large\" src=\"https:\/\/renatodias.online\/movimento\/wp-content\/uploads\/2021\/06\/Jose-Anselmo-dos-Santos-1560x1024.jpg\" alt=\"\" width=\"1140\" height=\"748\" srcset=\"https:\/\/renatodias.online\/movimento\/wp-content\/uploads\/2021\/06\/Jose-Anselmo-dos-Santos-1560x1024.jpg 1560w, https:\/\/renatodias.online\/movimento\/wp-content\/uploads\/2021\/06\/Jose-Anselmo-dos-Santos-300x197.jpg 300w, https:\/\/renatodias.online\/movimento\/wp-content\/uploads\/2021\/06\/Jose-Anselmo-dos-Santos-768x504.jpg 768w, https:\/\/renatodias.online\/movimento\/wp-content\/uploads\/2021\/06\/Jose-Anselmo-dos-Santos-1536x1008.jpg 1536w, https:\/\/renatodias.online\/movimento\/wp-content\/uploads\/2021\/06\/Jose-Anselmo-dos-Santos-750x492.jpg 750w, https:\/\/renatodias.online\/movimento\/wp-content\/uploads\/2021\/06\/Jose-Anselmo-dos-Santos.jpg 1636w\" sizes=\"auto, (max-width: 1140px) 100vw, 1140px\" \/><figcaption id=\"caption-attachment-7454\" class=\"wp-caption-text\"><strong>Jos\u00e9 Anselmo dos Santos, o cabo Anselmo<\/strong><\/figcaption><\/figure>\n<p>Ao terminar o segundo grau, Edgar Aquino Duarte entrou para a Marinha, onde se tornou cabo do Corpo de Fuzileiros Navais. Foi da Associa\u00e7\u00e3o de Fuzileiros Navais do Brasil, participando da Revolta dos Marinheiros. Ap\u00f3s a revolta, em junho de 1964, exilou-se no M\u00e9xico e depois seguiu para Cuba. Retornou ao Brasil em outubro de 1968 e viveu na clandestinidade, passando a trabalhar numa corretora de valores mobili\u00e1rios em S\u00e3o Paulo. Foto de Edgar de Aquino Duarte quando da sua pris\u00e3o Edgar de Aquino Duarte foi preso na madrugada do dia 3 de junho de 1971 em seu apartamento, na Rua Martins Fontes, 268, apto. 807, em S\u00e3o Paulo, por agentes do DOPS\/SP em opera\u00e7\u00e3o conjunta com o DOI-CODI\/SP. Na sua ficha no DOI-CODI, no entanto, a pris\u00e3o foi registrada como tendo ocorrido no dia 13 de junho. Quando foi preso, trabalhava numa corretora, como vendedor de a\u00e7\u00f5es.<\/p>\n<h1 style=\"text-align: center;\"><span style=\"color: #008000;\"><strong>DOI-CODI\/SP<\/strong><\/span><\/h1>\n<p>Esteve preso por mais de dois anos, incomunic\u00e1vel para a fam\u00edlia ou o advogado, tendo sido continuamente torturado. Ficha do DOI-CODI em nome de Ivan Marques Lemos Inicialmente esteve preso no DOPS-SP, em cela solit\u00e1ria do \u201cfund\u00e3o\u201d; em seguida foi para o DOI-CODI\/ SP; em agosto de 71 esteve no DOI-CODI\/ RJ; esteve tamb\u00e9m no 7\u00b0 Regimento de Cavalaria, no Setor Militar Urbano em Bras\u00edlia; retornou para o DOI-CODI\/SP, em 1972, e do final de 72 at\u00e9 junho de 73, retornou ao DOPS-SP, sempre isolado dos presos, colocado numa cela solit\u00e1ria. Diversos militantes presos conviveram com Edgar, tanto no DOI-CODI\/SP quanto no DOPS\/SP. No DOI-CODI de S\u00e3o Paulo ele ficou 8 meses, convivendo com outros presos na cela conhecida como X-3. Durante o per\u00edodo em que esteve preso, Edgar indagava diretamente aos carcereiros e agentes da repress\u00e3o sobre sua situa\u00e7\u00e3o, ao que era respondido que seu caso estava \u00e0 disposi\u00e7\u00e3o do Centro de Informa\u00e7\u00f5es do Ex\u00e9rcito (CIE).<\/p>\n<h1 style=\"text-align: center;\"><span style=\"color: #008000;\"><strong>CIE<\/strong><\/span><\/h1>\n<p>Nos \u00faltimos dias, antes de desaparecer em junho de 1973, Edgar era liberado com mais frequ\u00eancia da solit\u00e1ria para tomar banho de sol. Desconfiado, confessou a alguns presos que tinha medo, pois achava que iriam mat\u00e1-lo e dizer que ele foi liberado e assassinado fora da pris\u00e3o. Meses antes de ser preso, em 1971, Edgar encontrou-se com o Cabo Anselmo e, atendendo ao pedido de Anselmo, que havia atuado com Edgar na Revolta dos Marinheiros, acolheu-o em seu apartamento, sustentando-o com o sal\u00e1rio de corretor da Bolsa de Valores. Anselmo morou 8 meses com Edgar, at\u00e9 ser preso, no final de maio de 1971. \u00c9 a partir de Edgar que ocorre a confirma\u00e7\u00e3o da atua\u00e7\u00e3o de Anselmo como agente infiltrado. A primeira den\u00fancia p\u00fablica do desaparecimento de Edgar de Aquino Duarte foi feita em 1975 no documento conhecido como \u201cBagulh\u00e3o\u201d, ou \u201cCarta \u00e0 OAB\u201d, que aponta o nome de 233 torturadores.<\/p>\n<h1 style=\"text-align: center;\"><span style=\"color: #008000;\"><strong>Junho de 1973<\/strong><\/span><\/h1>\n<p><span style=\"color: #008000;\"><img loading=\"lazy\" decoding=\"async\" class=\"size-full wp-image-6054 aligncenter\" src=\"https:\/\/renatodias.online\/movimento\/wp-content\/uploads\/2021\/04\/Imagem-de-sangue-e1657251646184.jpg\" alt=\"\" width=\"360\" height=\"240\" \/><\/span><\/p>\n<p>A Comiss\u00e3o Especial de Mortos e Desaparecidos Pol\u00edticos reconheceu o caso de Edgar a partir da lista de desaparecidos pol\u00edticos anexa \u00e0 Lei n\u00ba 9.140\/95 no processo 029\/96 em 04\/12\/1995. O Minist\u00e9rio P\u00fablico Federal entrou com uma a\u00e7\u00e3o contra Carlos Alberto Brilhante Ustra; Alcides Singilo e Carlos Alberto Augusto, protocolada no dia 17 de outubro de 2012 e aceita em 23 de outubro de 2012 pela Justi\u00e7a Federal, pelo desaparecimento de Edgar de Aquino Duarte.<\/p>\n<figure id=\"attachment_7378\" aria-describedby=\"caption-attachment-7378\" style=\"width: 1170px\" class=\"wp-caption alignnone\"><img loading=\"lazy\" decoding=\"async\" class=\"wp-image-7378 size-full\" src=\"https:\/\/renatodias.online\/movimento\/wp-content\/uploads\/2021\/06\/Carlos-Alberto-Brilhante-Ustra-_-1.jpg\" alt=\"\" width=\"1170\" height=\"700\" \/><figcaption id=\"caption-attachment-7378\" class=\"wp-caption-text\"><strong>Coronel Carlos Alberto Brilhante Ustra<\/strong><\/figcaption><\/figure>\n<p>No dia 18 de junho de 2021, o juiz federal Silvio C\u00e9sar Arouck Gemaque, da 9\u00aa Vara Federal Criminal, condenou o delegado Carlos Alberto Augusto, conhecido como Carlinhos Metralha, a 2 anos e 11 meses de reclus\u00e3o pelo crime de sequestro e c\u00e1rcere privado de Edgar Aquino Duarte, previstos nos artigos 148, \u00a7 2\u00ba e 29 do C\u00f3digo Penal. O coronel Carlos Alberto Brilhante Ustra, ex-comandante do Destacamento de Opera\u00e7\u00f5es de Informa\u00e7\u00f5es do II Ex\u00e9rcito (DOI-CODI) em S\u00e3o Paulo, e o ex-delegado do DOPS, Alcides Singillo, tamb\u00e9m respondiam pelo sequestro de Duarte. Por\u00e9m, eles deixaram de figurar como r\u00e9us, pois morreram em 2015 e 2019, respectivamente.<\/p>\n<figure id=\"attachment_7138\" aria-describedby=\"caption-attachment-7138\" style=\"width: 1200px\" class=\"wp-caption alignnone\"><img loading=\"lazy\" decoding=\"async\" class=\"wp-image-7138 size-full\" src=\"https:\/\/renatodias.online\/movimento\/wp-content\/uploads\/2021\/06\/Emilio-Garrastazu-Medici-Folha-de-S.-Paulo.jpg\" alt=\"\" width=\"1200\" height=\"800\" \/><figcaption id=\"caption-attachment-7138\" class=\"wp-caption-text\"><strong><span style=\"color: #008000;\">Em\u00edlio Garrastazu M\u00e9dici &#8211; Folha de S. Paulo<\/span><\/strong><\/figcaption><\/figure>\n<p>Em sua decis\u00e3o, o juiz Silvio C\u00e9sar Arouck Gemaque pontuou que a responsabilidade criminal de Carlos Alberto Augusto foi comprovada ao longo do processo e que em crimes de graves viola\u00e7\u00f5es a direitos humanos \u2014 como \u00e9 o caso do sequestro de Edgar de Aquino Duarte \u2014 aplica-se o mesmo arcabou\u00e7o jur\u00eddico dos crimes contra a humanidade. O juiz destacou que sua decis\u00e3o n\u00e3o se baseou somente em prova testemunhal, um \u201couvi dizer\u201d, mas sim em um amplo mosaico probat\u00f3rio que aponta para a responsabilidade de \u201cCarlinhos Metralha\u201d. Na senten\u00e7a, Gemaque tamb\u00e9m ressaltou que a deten\u00e7\u00e3o de pelo menos dois anos do ex-fuzileiro Edgar de Aquino Duarte sem qualquer acusa\u00e7\u00e3o formal, e que resultou em seu\u00a0 desaparecimento, ocorreu no contexto de um \u201csistema de terror\u201d implantado pelo Estado, que \u201cprendia sem mandado, sequestrava, torturava, desaparecia e matava pessoas por suas posi\u00e7\u00f5es pol\u00edticas\u201d.<\/p>\n<figure id=\"attachment_7453\" aria-describedby=\"caption-attachment-7453\" style=\"width: 1500px\" class=\"wp-caption alignnone\"><img loading=\"lazy\" decoding=\"async\" class=\"wp-image-7453 size-full\" src=\"https:\/\/renatodias.online\/movimento\/wp-content\/uploads\/2021\/06\/Carlinhos-Metralha-Edgar-de-Aquino-Duarte.jpg\" alt=\"\" width=\"1500\" height=\"1000\" srcset=\"https:\/\/renatodias.online\/movimento\/wp-content\/uploads\/2021\/06\/Carlinhos-Metralha-Edgar-de-Aquino-Duarte.jpg 1500w, https:\/\/renatodias.online\/movimento\/wp-content\/uploads\/2021\/06\/Carlinhos-Metralha-Edgar-de-Aquino-Duarte-300x200.jpg 300w, https:\/\/renatodias.online\/movimento\/wp-content\/uploads\/2021\/06\/Carlinhos-Metralha-Edgar-de-Aquino-Duarte-768x512.jpg 768w, https:\/\/renatodias.online\/movimento\/wp-content\/uploads\/2021\/06\/Carlinhos-Metralha-Edgar-de-Aquino-Duarte-360x240.jpg 360w, https:\/\/renatodias.online\/movimento\/wp-content\/uploads\/2021\/06\/Carlinhos-Metralha-Edgar-de-Aquino-Duarte-750x500.jpg 750w\" sizes=\"auto, (max-width: 1500px) 100vw, 1500px\" \/><figcaption id=\"caption-attachment-7453\" class=\"wp-caption-text\"><span style=\"color: #008000;\"><strong>O delegado Carlos Augusto, o Carlinhos Metralha<\/strong><\/span><\/figcaption><\/figure>\n<p>A Comiss\u00e3o da Verdade Rubens Paiva, da Assembleia Legislativa de S\u00e3o Paulo, concluiu que Edgar de Aquino Duarte foi sequestrado por agentes do DOPS-SP, em opera\u00e7\u00e3o conjunta com o DOI-CODI-SP, tendo passado pelo DOI-CODI-RJ e pelo Regimento de Cavalaria localizado no Setor Militar Urbano de Bras\u00edlia at\u00e9 voltar para S\u00e3o Paulo, para o DOI-CODI e depois para o DOPS, onde foi visto pela \u00faltima vez em junho de 1973. Edgar de Aquino Duarte \u00e9 considerado desaparecido pol\u00edtico porque seus restos mortais n\u00e3o foram entregues aos seus familiares, n\u00e3o permitindo o seu sepultamento at\u00e9 os dias de hoje.<\/p>\n<p><img loading=\"lazy\" decoding=\"async\" class=\"wp-image-14046 size-full aligncenter\" src=\"https:\/\/renatodias.online\/movimento\/wp-content\/uploads\/2022\/09\/Ditadura-no-Brasil-Nunca-Mais-e1662376830946.jpeg\" alt=\"\" width=\"370\" height=\"247\" \/><\/p>\n","protected":false},"excerpt":{"rendered":"<p>Em mem\u00f3ria de Edgar de Aquino Duarte 27 de outubro, 15h, no DOI-CODI, \u00e0 Rua Tutoia, 921, S\u00e3o Paulo Moacyr de Oliveira Ivan Seixas Edgard de Aquino Duarte Especial 1 No pr\u00f3ximo dia 27 de outubro, \u00e0s 15h00, Mar\u00eda Teresa Sope\u00f1a, vi\u00fava, e Maria Willumsen, ex-s\u00f3cia de Edgar Aquino Duarte numa corretora de valores, que<\/p>\n","protected":false},"author":2,"featured_media":14632,"comment_status":"open","ping_status":"open","sticky":false,"template":"","format":"standard","meta":{"_acf_changed":false,"_monsterinsights_skip_tracking":false,"_monsterinsights_sitenote_active":false,"_monsterinsights_sitenote_note":"","_monsterinsights_sitenote_category":0,"footnotes":""},"categories":[35],"tags":[],"class_list":["post-14629","post","type-post","status-publish","format-standard","has-post-thumbnail","hentry","category-nacional"],"acf":[],"yoast_head":"<!-- This site is optimized with the Yoast SEO plugin v27.4 - https:\/\/yoast.com\/product\/yoast-seo-wordpress\/ -->\n<title>Um passado que n\u00e3o passa -<\/title>\n<meta name=\"robots\" content=\"index, follow, max-snippet:-1, max-image-preview:large, max-video-preview:-1\" \/>\n<link rel=\"canonical\" href=\"https:\/\/renatodias.online\/movimento\/2022\/10\/26\/um-passado-que-nao-passa-2\/\" \/>\n<meta property=\"og:locale\" content=\"pt_BR\" \/>\n<meta property=\"og:type\" content=\"article\" \/>\n<meta property=\"og:title\" content=\"Um passado que n\u00e3o passa -\" \/>\n<meta property=\"og:description\" content=\"Em mem\u00f3ria de Edgar de Aquino Duarte 27 de outubro, 15h, no DOI-CODI, \u00e0 Rua Tutoia, 921, S\u00e3o Paulo Moacyr de Oliveira Ivan Seixas Edgard de Aquino Duarte Especial 1 No pr\u00f3ximo dia 27 de outubro, \u00e0s 15h00, Mar\u00eda Teresa Sope\u00f1a, vi\u00fava, e Maria Willumsen, ex-s\u00f3cia de Edgar Aquino Duarte numa corretora de valores, que\" \/>\n<meta property=\"og:url\" content=\"https:\/\/renatodias.online\/movimento\/2022\/10\/26\/um-passado-que-nao-passa-2\/\" \/>\n<meta property=\"article:publisher\" content=\"https:\/\/www.facebook.com\/renato.dias.37\" \/>\n<meta property=\"article:author\" content=\"https:\/\/www.facebook.com\/renato.dias.37\" \/>\n<meta property=\"article:published_time\" content=\"2022-10-27T01:51:47+00:00\" \/>\n<meta property=\"og:image\" content=\"https:\/\/renatodias.online\/movimento\/wp-content\/uploads\/2022\/10\/Edgard-de-Aquino-Duarte-e1666835099733.jpg\" \/>\n\t<meta property=\"og:image:width\" content=\"360\" \/>\n\t<meta property=\"og:image:height\" content=\"240\" \/>\n\t<meta property=\"og:image:type\" content=\"image\/jpeg\" \/>\n<meta name=\"author\" content=\"Renato Dias\" \/>\n<meta name=\"twitter:card\" content=\"summary_large_image\" \/>\n<meta name=\"twitter:creator\" content=\"@RenatoDiasBat\" \/>\n<meta name=\"twitter:site\" content=\"@RenatoDiasBat\" \/>\n<meta name=\"twitter:label1\" content=\"Escrito por\" \/>\n\t<meta name=\"twitter:data1\" content=\"Renato Dias\" \/>\n\t<meta name=\"twitter:label2\" content=\"Est. tempo de leitura\" \/>\n\t<meta name=\"twitter:data2\" content=\"6 minutos\" \/>\n<script type=\"application\/ld+json\" class=\"yoast-schema-graph\">{\"@context\":\"https:\\\/\\\/schema.org\",\"@graph\":[{\"@type\":\"Article\",\"@id\":\"https:\\\/\\\/renatodias.online\\\/movimento\\\/2022\\\/10\\\/26\\\/um-passado-que-nao-passa-2\\\/#article\",\"isPartOf\":{\"@id\":\"https:\\\/\\\/renatodias.online\\\/movimento\\\/2022\\\/10\\\/26\\\/um-passado-que-nao-passa-2\\\/\"},\"author\":{\"name\":\"Renato Dias\",\"@id\":\"https:\\\/\\\/renatodias.online\\\/movimento\\\/#\\\/schema\\\/person\\\/bbab28833b1725a20f4083f49f1fb2a9\"},\"headline\":\"Um passado que n\u00e3o passa\",\"datePublished\":\"2022-10-27T01:51:47+00:00\",\"mainEntityOfPage\":{\"@id\":\"https:\\\/\\\/renatodias.online\\\/movimento\\\/2022\\\/10\\\/26\\\/um-passado-que-nao-passa-2\\\/\"},\"wordCount\":1119,\"commentCount\":0,\"publisher\":{\"@id\":\"https:\\\/\\\/renatodias.online\\\/movimento\\\/#\\\/schema\\\/person\\\/bbab28833b1725a20f4083f49f1fb2a9\"},\"image\":{\"@id\":\"https:\\\/\\\/renatodias.online\\\/movimento\\\/2022\\\/10\\\/26\\\/um-passado-que-nao-passa-2\\\/#primaryimage\"},\"thumbnailUrl\":\"https:\\\/\\\/renatodias.online\\\/movimento\\\/wp-content\\\/uploads\\\/2022\\\/10\\\/Edgard-de-Aquino-Duarte-e1666835099733.jpg\",\"articleSection\":[\"Nacional\"],\"inLanguage\":\"pt-BR\",\"potentialAction\":[{\"@type\":\"CommentAction\",\"name\":\"Comment\",\"target\":[\"https:\\\/\\\/renatodias.online\\\/movimento\\\/2022\\\/10\\\/26\\\/um-passado-que-nao-passa-2\\\/#respond\"]}]},{\"@type\":\"WebPage\",\"@id\":\"https:\\\/\\\/renatodias.online\\\/movimento\\\/2022\\\/10\\\/26\\\/um-passado-que-nao-passa-2\\\/\",\"url\":\"https:\\\/\\\/renatodias.online\\\/movimento\\\/2022\\\/10\\\/26\\\/um-passado-que-nao-passa-2\\\/\",\"name\":\"Um passado que n\u00e3o passa -\",\"isPartOf\":{\"@id\":\"https:\\\/\\\/renatodias.online\\\/movimento\\\/#website\"},\"primaryImageOfPage\":{\"@id\":\"https:\\\/\\\/renatodias.online\\\/movimento\\\/2022\\\/10\\\/26\\\/um-passado-que-nao-passa-2\\\/#primaryimage\"},\"image\":{\"@id\":\"https:\\\/\\\/renatodias.online\\\/movimento\\\/2022\\\/10\\\/26\\\/um-passado-que-nao-passa-2\\\/#primaryimage\"},\"thumbnailUrl\":\"https:\\\/\\\/renatodias.online\\\/movimento\\\/wp-content\\\/uploads\\\/2022\\\/10\\\/Edgard-de-Aquino-Duarte-e1666835099733.jpg\",\"datePublished\":\"2022-10-27T01:51:47+00:00\",\"breadcrumb\":{\"@id\":\"https:\\\/\\\/renatodias.online\\\/movimento\\\/2022\\\/10\\\/26\\\/um-passado-que-nao-passa-2\\\/#breadcrumb\"},\"inLanguage\":\"pt-BR\",\"potentialAction\":[{\"@type\":\"ReadAction\",\"target\":[\"https:\\\/\\\/renatodias.online\\\/movimento\\\/2022\\\/10\\\/26\\\/um-passado-que-nao-passa-2\\\/\"]}]},{\"@type\":\"ImageObject\",\"inLanguage\":\"pt-BR\",\"@id\":\"https:\\\/\\\/renatodias.online\\\/movimento\\\/2022\\\/10\\\/26\\\/um-passado-que-nao-passa-2\\\/#primaryimage\",\"url\":\"https:\\\/\\\/renatodias.online\\\/movimento\\\/wp-content\\\/uploads\\\/2022\\\/10\\\/Edgard-de-Aquino-Duarte-e1666835099733.jpg\",\"contentUrl\":\"https:\\\/\\\/renatodias.online\\\/movimento\\\/wp-content\\\/uploads\\\/2022\\\/10\\\/Edgard-de-Aquino-Duarte-e1666835099733.jpg\",\"width\":360,\"height\":240,\"caption\":\"Edgard de Aquino Duarte\"},{\"@type\":\"BreadcrumbList\",\"@id\":\"https:\\\/\\\/renatodias.online\\\/movimento\\\/2022\\\/10\\\/26\\\/um-passado-que-nao-passa-2\\\/#breadcrumb\",\"itemListElement\":[{\"@type\":\"ListItem\",\"position\":1,\"name\":\"In\u00edcio\",\"item\":\"https:\\\/\\\/renatodias.online\\\/movimento\\\/\"},{\"@type\":\"ListItem\",\"position\":2,\"name\":\"Um passado que n\u00e3o passa\"}]},{\"@type\":\"WebSite\",\"@id\":\"https:\\\/\\\/renatodias.online\\\/movimento\\\/#website\",\"url\":\"https:\\\/\\\/renatodias.online\\\/movimento\\\/\",\"name\":\"\",\"description\":\"\",\"publisher\":{\"@id\":\"https:\\\/\\\/renatodias.online\\\/movimento\\\/#\\\/schema\\\/person\\\/bbab28833b1725a20f4083f49f1fb2a9\"},\"potentialAction\":[{\"@type\":\"SearchAction\",\"target\":{\"@type\":\"EntryPoint\",\"urlTemplate\":\"https:\\\/\\\/renatodias.online\\\/movimento\\\/?s={search_term_string}\"},\"query-input\":{\"@type\":\"PropertyValueSpecification\",\"valueRequired\":true,\"valueName\":\"search_term_string\"}}],\"inLanguage\":\"pt-BR\"},{\"@type\":[\"Person\",\"Organization\"],\"@id\":\"https:\\\/\\\/renatodias.online\\\/movimento\\\/#\\\/schema\\\/person\\\/bbab28833b1725a20f4083f49f1fb2a9\",\"name\":\"Renato Dias\",\"image\":{\"@type\":\"ImageObject\",\"inLanguage\":\"pt-BR\",\"@id\":\"https:\\\/\\\/renatodias.online\\\/movimento\\\/wp-content\\\/uploads\\\/2023\\\/03\\\/cropped-cropped-cropped-logofinal.jpeg\",\"url\":\"https:\\\/\\\/renatodias.online\\\/movimento\\\/wp-content\\\/uploads\\\/2023\\\/03\\\/cropped-cropped-cropped-logofinal.jpeg\",\"contentUrl\":\"https:\\\/\\\/renatodias.online\\\/movimento\\\/wp-content\\\/uploads\\\/2023\\\/03\\\/cropped-cropped-cropped-logofinal.jpeg\",\"width\":1280,\"height\":219,\"caption\":\"Renato Dias\"},\"logo\":{\"@id\":\"https:\\\/\\\/renatodias.online\\\/movimento\\\/wp-content\\\/uploads\\\/2023\\\/03\\\/cropped-cropped-cropped-logofinal.jpeg\"},\"description\":\"Renato Dias, 58 anos, \u00e9 graduado em Jornalismo, formado em Ci\u00eancias Sociais, com p\u00f3s-gradua\u00e7\u00e3o em Pol\u00edticas P\u00fablicas, mestre em Direito e Rela\u00e7\u00f5es Internacionais, ex-aluno extraordin\u00e1rio do Doutorado em Psicologia Social, ex-estudante do Curso de Psican\u00e1lise do Centro de Estudos Psicanal\u00edticos do Estado de Goi\u00e1s, ministrado pelo m\u00e9dico psiquiatra e psicanalista Daniel Em\u00eddio de Souza. \u00c9 autor de 30 livros-reportagem, oito document\u00e1rios, ganhou 30 pr\u00eamios e \u00e9 torcedor apaixonado do maior do Centro-Oeste, o Vila Nova Futebol Clube. Casado com Meirilane Dias, \u00e9 pai de Juliana Dias, jornalista; Daniel Dias, economista; e Maria Rosa Dias, estudante antifascista, socialista e trotskista.\u00a0Com tr\u00eas pets: Porquinho [Bull Dog Franc\u00eas], Dalila [Basset Hound] e Geleia [Basset Hound]. Al\u00e9m do eterno gato Tutuquinho, que virou estrela.\",\"sameAs\":[\"https:\\\/\\\/www.facebook.com\\\/renato.dias.37\",\"#breve\",\"https:\\\/\\\/renatodias.tumblr.com\\\/\"],\"url\":\"https:\\\/\\\/renatodias.online\\\/movimento\\\/author\\\/renatodias\\\/\"}]}<\/script>\n<!-- \/ Yoast SEO plugin. -->","yoast_head_json":{"title":"Um passado que n\u00e3o passa -","robots":{"index":"index","follow":"follow","max-snippet":"max-snippet:-1","max-image-preview":"max-image-preview:large","max-video-preview":"max-video-preview:-1"},"canonical":"https:\/\/renatodias.online\/movimento\/2022\/10\/26\/um-passado-que-nao-passa-2\/","og_locale":"pt_BR","og_type":"article","og_title":"Um passado que n\u00e3o passa -","og_description":"Em mem\u00f3ria de Edgar de Aquino Duarte 27 de outubro, 15h, no DOI-CODI, \u00e0 Rua Tutoia, 921, S\u00e3o Paulo Moacyr de Oliveira Ivan Seixas Edgard de Aquino Duarte Especial 1 No pr\u00f3ximo dia 27 de outubro, \u00e0s 15h00, Mar\u00eda Teresa Sope\u00f1a, vi\u00fava, e Maria Willumsen, ex-s\u00f3cia de Edgar Aquino Duarte numa corretora de valores, que","og_url":"https:\/\/renatodias.online\/movimento\/2022\/10\/26\/um-passado-que-nao-passa-2\/","article_publisher":"https:\/\/www.facebook.com\/renato.dias.37","article_author":"https:\/\/www.facebook.com\/renato.dias.37","article_published_time":"2022-10-27T01:51:47+00:00","og_image":[{"width":360,"height":240,"url":"https:\/\/renatodias.online\/movimento\/wp-content\/uploads\/2022\/10\/Edgard-de-Aquino-Duarte-e1666835099733.jpg","type":"image\/jpeg"}],"author":"Renato Dias","twitter_card":"summary_large_image","twitter_creator":"@RenatoDiasBat","twitter_site":"@RenatoDiasBat","twitter_misc":{"Escrito por":"Renato Dias","Est. tempo de leitura":"6 minutos"},"schema":{"@context":"https:\/\/schema.org","@graph":[{"@type":"Article","@id":"https:\/\/renatodias.online\/movimento\/2022\/10\/26\/um-passado-que-nao-passa-2\/#article","isPartOf":{"@id":"https:\/\/renatodias.online\/movimento\/2022\/10\/26\/um-passado-que-nao-passa-2\/"},"author":{"name":"Renato Dias","@id":"https:\/\/renatodias.online\/movimento\/#\/schema\/person\/bbab28833b1725a20f4083f49f1fb2a9"},"headline":"Um passado que n\u00e3o passa","datePublished":"2022-10-27T01:51:47+00:00","mainEntityOfPage":{"@id":"https:\/\/renatodias.online\/movimento\/2022\/10\/26\/um-passado-que-nao-passa-2\/"},"wordCount":1119,"commentCount":0,"publisher":{"@id":"https:\/\/renatodias.online\/movimento\/#\/schema\/person\/bbab28833b1725a20f4083f49f1fb2a9"},"image":{"@id":"https:\/\/renatodias.online\/movimento\/2022\/10\/26\/um-passado-que-nao-passa-2\/#primaryimage"},"thumbnailUrl":"https:\/\/renatodias.online\/movimento\/wp-content\/uploads\/2022\/10\/Edgard-de-Aquino-Duarte-e1666835099733.jpg","articleSection":["Nacional"],"inLanguage":"pt-BR","potentialAction":[{"@type":"CommentAction","name":"Comment","target":["https:\/\/renatodias.online\/movimento\/2022\/10\/26\/um-passado-que-nao-passa-2\/#respond"]}]},{"@type":"WebPage","@id":"https:\/\/renatodias.online\/movimento\/2022\/10\/26\/um-passado-que-nao-passa-2\/","url":"https:\/\/renatodias.online\/movimento\/2022\/10\/26\/um-passado-que-nao-passa-2\/","name":"Um passado que n\u00e3o passa -","isPartOf":{"@id":"https:\/\/renatodias.online\/movimento\/#website"},"primaryImageOfPage":{"@id":"https:\/\/renatodias.online\/movimento\/2022\/10\/26\/um-passado-que-nao-passa-2\/#primaryimage"},"image":{"@id":"https:\/\/renatodias.online\/movimento\/2022\/10\/26\/um-passado-que-nao-passa-2\/#primaryimage"},"thumbnailUrl":"https:\/\/renatodias.online\/movimento\/wp-content\/uploads\/2022\/10\/Edgard-de-Aquino-Duarte-e1666835099733.jpg","datePublished":"2022-10-27T01:51:47+00:00","breadcrumb":{"@id":"https:\/\/renatodias.online\/movimento\/2022\/10\/26\/um-passado-que-nao-passa-2\/#breadcrumb"},"inLanguage":"pt-BR","potentialAction":[{"@type":"ReadAction","target":["https:\/\/renatodias.online\/movimento\/2022\/10\/26\/um-passado-que-nao-passa-2\/"]}]},{"@type":"ImageObject","inLanguage":"pt-BR","@id":"https:\/\/renatodias.online\/movimento\/2022\/10\/26\/um-passado-que-nao-passa-2\/#primaryimage","url":"https:\/\/renatodias.online\/movimento\/wp-content\/uploads\/2022\/10\/Edgard-de-Aquino-Duarte-e1666835099733.jpg","contentUrl":"https:\/\/renatodias.online\/movimento\/wp-content\/uploads\/2022\/10\/Edgard-de-Aquino-Duarte-e1666835099733.jpg","width":360,"height":240,"caption":"Edgard de Aquino Duarte"},{"@type":"BreadcrumbList","@id":"https:\/\/renatodias.online\/movimento\/2022\/10\/26\/um-passado-que-nao-passa-2\/#breadcrumb","itemListElement":[{"@type":"ListItem","position":1,"name":"In\u00edcio","item":"https:\/\/renatodias.online\/movimento\/"},{"@type":"ListItem","position":2,"name":"Um passado que n\u00e3o passa"}]},{"@type":"WebSite","@id":"https:\/\/renatodias.online\/movimento\/#website","url":"https:\/\/renatodias.online\/movimento\/","name":"","description":"","publisher":{"@id":"https:\/\/renatodias.online\/movimento\/#\/schema\/person\/bbab28833b1725a20f4083f49f1fb2a9"},"potentialAction":[{"@type":"SearchAction","target":{"@type":"EntryPoint","urlTemplate":"https:\/\/renatodias.online\/movimento\/?s={search_term_string}"},"query-input":{"@type":"PropertyValueSpecification","valueRequired":true,"valueName":"search_term_string"}}],"inLanguage":"pt-BR"},{"@type":["Person","Organization"],"@id":"https:\/\/renatodias.online\/movimento\/#\/schema\/person\/bbab28833b1725a20f4083f49f1fb2a9","name":"Renato Dias","image":{"@type":"ImageObject","inLanguage":"pt-BR","@id":"https:\/\/renatodias.online\/movimento\/wp-content\/uploads\/2023\/03\/cropped-cropped-cropped-logofinal.jpeg","url":"https:\/\/renatodias.online\/movimento\/wp-content\/uploads\/2023\/03\/cropped-cropped-cropped-logofinal.jpeg","contentUrl":"https:\/\/renatodias.online\/movimento\/wp-content\/uploads\/2023\/03\/cropped-cropped-cropped-logofinal.jpeg","width":1280,"height":219,"caption":"Renato Dias"},"logo":{"@id":"https:\/\/renatodias.online\/movimento\/wp-content\/uploads\/2023\/03\/cropped-cropped-cropped-logofinal.jpeg"},"description":"Renato Dias, 58 anos, \u00e9 graduado em Jornalismo, formado em Ci\u00eancias Sociais, com p\u00f3s-gradua\u00e7\u00e3o em Pol\u00edticas P\u00fablicas, mestre em Direito e Rela\u00e7\u00f5es Internacionais, ex-aluno extraordin\u00e1rio do Doutorado em Psicologia Social, ex-estudante do Curso de Psican\u00e1lise do Centro de Estudos Psicanal\u00edticos do Estado de Goi\u00e1s, ministrado pelo m\u00e9dico psiquiatra e psicanalista Daniel Em\u00eddio de Souza. \u00c9 autor de 30 livros-reportagem, oito document\u00e1rios, ganhou 30 pr\u00eamios e \u00e9 torcedor apaixonado do maior do Centro-Oeste, o Vila Nova Futebol Clube. Casado com Meirilane Dias, \u00e9 pai de Juliana Dias, jornalista; Daniel Dias, economista; e Maria Rosa Dias, estudante antifascista, socialista e trotskista.\u00a0Com tr\u00eas pets: Porquinho [Bull Dog Franc\u00eas], Dalila [Basset Hound] e Geleia [Basset Hound]. Al\u00e9m do eterno gato Tutuquinho, que virou estrela.","sameAs":["https:\/\/www.facebook.com\/renato.dias.37","#breve","https:\/\/renatodias.tumblr.com\/"],"url":"https:\/\/renatodias.online\/movimento\/author\/renatodias\/"}]}},"_links":{"self":[{"href":"https:\/\/renatodias.online\/movimento\/wp-json\/wp\/v2\/posts\/14629","targetHints":{"allow":["GET"]}}],"collection":[{"href":"https:\/\/renatodias.online\/movimento\/wp-json\/wp\/v2\/posts"}],"about":[{"href":"https:\/\/renatodias.online\/movimento\/wp-json\/wp\/v2\/types\/post"}],"author":[{"embeddable":true,"href":"https:\/\/renatodias.online\/movimento\/wp-json\/wp\/v2\/users\/2"}],"replies":[{"embeddable":true,"href":"https:\/\/renatodias.online\/movimento\/wp-json\/wp\/v2\/comments?post=14629"}],"version-history":[{"count":1,"href":"https:\/\/renatodias.online\/movimento\/wp-json\/wp\/v2\/posts\/14629\/revisions"}],"predecessor-version":[{"id":14633,"href":"https:\/\/renatodias.online\/movimento\/wp-json\/wp\/v2\/posts\/14629\/revisions\/14633"}],"wp:featuredmedia":[{"embeddable":true,"href":"https:\/\/renatodias.online\/movimento\/wp-json\/wp\/v2\/media\/14632"}],"wp:attachment":[{"href":"https:\/\/renatodias.online\/movimento\/wp-json\/wp\/v2\/media?parent=14629"}],"wp:term":[{"taxonomy":"category","embeddable":true,"href":"https:\/\/renatodias.online\/movimento\/wp-json\/wp\/v2\/categories?post=14629"},{"taxonomy":"post_tag","embeddable":true,"href":"https:\/\/renatodias.online\/movimento\/wp-json\/wp\/v2\/tags?post=14629"}],"curies":[{"name":"wp","href":"https:\/\/api.w.org\/{rel}","templated":true}]}}