{"id":1461,"date":"2019-07-10T07:38:58","date_gmt":"2019-07-10T10:38:58","guid":{"rendered":"http:\/\/renatodias.online\/gyn\/?p=1461"},"modified":"2021-07-12T08:45:08","modified_gmt":"2021-07-12T11:45:08","slug":"repasses-a-uegclaudio-meirelles-quer-revitalizacao-de-orla-de-lago-parlamentar-pede-recapeamento-de-rodovia-que-liga-itapirapua-e-a-cidade-de-goias","status":"publish","type":"post","link":"https:\/\/renatodias.online\/movimento\/2019\/07\/10\/repasses-a-uegclaudio-meirelles-quer-revitalizacao-de-orla-de-lago-parlamentar-pede-recapeamento-de-rodovia-que-liga-itapirapua-e-a-cidade-de-goias\/","title":{"rendered":"Repasses \u00e0 UEG Cl\u00e1udio Meirelles quer revitaliza\u00e7\u00e3o de orla de lago Parlamentar pede recapeamento de rodovia que liga Itapirapu\u00e3 e a Cidade de Goi\u00e1s"},"content":{"rendered":"<p><strong>Repasses \u00e0 UEG<\/strong><\/p>\n<p><strong>Cl\u00e1udio Meirelles quer revitaliza\u00e7\u00e3o de orla de lago<\/strong><\/p>\n<p><img loading=\"lazy\" decoding=\"async\" class=\"aligncenter wp-image-1463 size-large\" src=\"https:\/\/renatodias.online\/wp-content\/uploads\/2019\/07\/Cl\u00e1udio-Meirelles-deputado-estadual-1024x682.jpg\" alt=\"\" width=\"750\" height=\"500\" \/><\/p>\n<p><strong>Parlamentar pede recapeamento de rodovia que liga Itapirapu\u00e3 e a Cidade de Goi\u00e1s<\/strong><\/p>\n<p><strong>Renato Dias<\/strong><\/p>\n<p>O deputado estadual Cl\u00e1udio Meirelles condena o suposto fim do repasse de recursos finan\u00adceiros para a Universidade Estadual de Goi\u00e1s [UEG]. O parlamentar informa, com exclusivi\u00addade, integrar, hoje, a bancada formada por 12 oposicionistas ao Pal\u00e1cio das Esmeraldas. O dirigente cobra medidas urgentes para a conclus\u00e3o da obra de revitaliza\u00e7\u00e3o da orla do lago no munic\u00edpio de Carmo do Rio Verde. Estrat\u00e9gica para o desenvolvimento da cidade, pontua ele.<\/p>\n<p><strong>&#8211; Eu circulei, dias atr\u00e1s, por Campos Belos, Corumb\u00e1, Padre Bernardo, al\u00e9m de \u00c1gua Fria.<\/strong><\/p>\n<p><strong>Rodovia<\/strong><\/p>\n<p>Animado, no in\u00edcio de um novo mandato no Pal\u00e1cio Alfredo Nasser, o filho do deputado estadual cassado Olinto Meirelles, advogado, solicita ao poder p\u00fablico tamb\u00e9m o recapeamento da GO-070. A rodovia que liga Itapirapu\u00e3 \u00e0 Cidade de Goi\u00e1s, tombada patrim\u00f4nio hist\u00f3rico da Humanidade, no ano de 2001.\u00a0 O l\u00edder pol\u00edtico pede ainda a libera\u00e7\u00e3o de dinheiro do er\u00e1rio para a aquisi\u00e7\u00e3o de uma ambul\u00e2ncia \u00e0 Sa\u00fade de Santa Helena de Goi\u00e1s.<\/p>\n<p><strong>&#8211; Para o oferecimento de um servi\u00e7o de excel\u00eancia. Aos usu\u00e1rios do SUS. Aos contribuintes<\/strong>.<\/p>\n<p><strong>Recupera\u00e7\u00e3o Fiscal<\/strong><\/p>\n<p>Cl\u00e1udio Meirelles afirma ter encaminhado voto contr\u00e1rio \u00e0 aprova\u00e7\u00e3o e ades\u00e3o ao Regime de Recupera\u00e7\u00e3o Fiscal [RRF]. O ex-presidente da C\u00e2mara Municipal de Goi\u00e2nia, em 2006, defende a aplica\u00e7\u00e3o de gordos recursos financeiros na conclus\u00e3o das obras de constru\u00e7\u00e3o de uma rede especial de esgoto em Doverl\u00e2ndia. \u00c9 sa\u00fade p\u00fablica, cidadania e qualidade de vida, dispara. O parlamentar conta ter comemorado o anivers\u00e1rio de 289 anos de Corumb\u00e1 de Goi\u00e1s.<\/p>\n<p><strong>&#8211; Um novo Brasil, com Goi\u00e1s de cara diferente, \u00e9 poss\u00edvel. Sim.<\/strong><\/p>\n","protected":false},"excerpt":{"rendered":"<p>Repasses \u00e0 UEG Cl\u00e1udio Meirelles quer revitaliza\u00e7\u00e3o de orla de lago Parlamentar pede recapeamento de rodovia que liga Itapirapu\u00e3 e a Cidade de Goi\u00e1s Renato Dias O deputado estadual Cl\u00e1udio Meirelles condena o suposto fim do repasse de recursos finan\u00adceiros para a Universidade Estadual de Goi\u00e1s [UEG]. O parlamentar informa, com exclusivi\u00addade, integrar, hoje, a<\/p>\n","protected":false},"author":2,"featured_media":1463,"comment_status":"open","ping_status":"open","sticky":false,"template":"","format":"standard","meta":{"_acf_changed":false,"_monsterinsights_skip_tracking":false,"_monsterinsights_sitenote_active":false,"_monsterinsights_sitenote_note":"","_monsterinsights_sitenote_category":0,"footnotes":""},"categories":[4],"tags":[],"class_list":["post-1461","post","type-post","status-publish","format-standard","has-post-thumbnail","hentry","category-politica"],"acf":[],"yoast_head":"<!-- This site is optimized with the Yoast SEO plugin v27.4 - https:\/\/yoast.com\/product\/yoast-seo-wordpress\/ -->\n<title>Repasses \u00e0 UEG Cl\u00e1udio Meirelles quer revitaliza\u00e7\u00e3o de orla de lago Parlamentar pede recapeamento de rodovia que liga Itapirapu\u00e3 e a Cidade de Goi\u00e1s -<\/title>\n<meta name=\"robots\" content=\"index, follow, max-snippet:-1, max-image-preview:large, max-video-preview:-1\" \/>\n<link rel=\"canonical\" href=\"https:\/\/renatodias.online\/movimento\/2019\/07\/10\/repasses-a-uegclaudio-meirelles-quer-revitalizacao-de-orla-de-lago-parlamentar-pede-recapeamento-de-rodovia-que-liga-itapirapua-e-a-cidade-de-goias\/\" \/>\n<meta property=\"og:locale\" content=\"pt_BR\" \/>\n<meta property=\"og:type\" content=\"article\" \/>\n<meta property=\"og:title\" content=\"Repasses \u00e0 UEG Cl\u00e1udio Meirelles quer revitaliza\u00e7\u00e3o de orla de lago Parlamentar pede recapeamento de rodovia que liga Itapirapu\u00e3 e a Cidade de Goi\u00e1s -\" \/>\n<meta property=\"og:description\" content=\"Repasses \u00e0 UEG Cl\u00e1udio Meirelles quer revitaliza\u00e7\u00e3o de orla de lago Parlamentar pede recapeamento de rodovia que liga Itapirapu\u00e3 e a Cidade de Goi\u00e1s Renato Dias O deputado estadual Cl\u00e1udio Meirelles condena o suposto fim do repasse de recursos finan\u00adceiros para a Universidade Estadual de Goi\u00e1s [UEG]. O parlamentar informa, com exclusivi\u00addade, integrar, hoje, a\" \/>\n<meta property=\"og:url\" content=\"https:\/\/renatodias.online\/movimento\/2019\/07\/10\/repasses-a-uegclaudio-meirelles-quer-revitalizacao-de-orla-de-lago-parlamentar-pede-recapeamento-de-rodovia-que-liga-itapirapua-e-a-cidade-de-goias\/\" \/>\n<meta property=\"article:publisher\" content=\"https:\/\/www.facebook.com\/renato.dias.37\" \/>\n<meta property=\"article:author\" content=\"https:\/\/www.facebook.com\/renato.dias.37\" \/>\n<meta property=\"article:published_time\" content=\"2019-07-10T10:38:58+00:00\" \/>\n<meta property=\"article:modified_time\" content=\"2021-07-12T11:45:08+00:00\" \/>\n<meta name=\"author\" content=\"Renato Dias\" \/>\n<meta name=\"twitter:card\" content=\"summary_large_image\" \/>\n<meta name=\"twitter:creator\" content=\"@RenatoDiasBat\" \/>\n<meta name=\"twitter:site\" content=\"@RenatoDiasBat\" \/>\n<meta name=\"twitter:label1\" content=\"Escrito por\" \/>\n\t<meta name=\"twitter:data1\" content=\"Renato Dias\" \/>\n\t<meta name=\"twitter:label2\" content=\"Est. tempo de leitura\" \/>\n\t<meta name=\"twitter:data2\" content=\"2 minutos\" \/>\n<script type=\"application\/ld+json\" class=\"yoast-schema-graph\">{\"@context\":\"https:\\\/\\\/schema.org\",\"@graph\":[{\"@type\":\"Article\",\"@id\":\"https:\\\/\\\/renatodias.online\\\/movimento\\\/2019\\\/07\\\/10\\\/repasses-a-uegclaudio-meirelles-quer-revitalizacao-de-orla-de-lago-parlamentar-pede-recapeamento-de-rodovia-que-liga-itapirapua-e-a-cidade-de-goias\\\/#article\",\"isPartOf\":{\"@id\":\"https:\\\/\\\/renatodias.online\\\/movimento\\\/2019\\\/07\\\/10\\\/repasses-a-uegclaudio-meirelles-quer-revitalizacao-de-orla-de-lago-parlamentar-pede-recapeamento-de-rodovia-que-liga-itapirapua-e-a-cidade-de-goias\\\/\"},\"author\":{\"name\":\"Renato Dias\",\"@id\":\"https:\\\/\\\/renatodias.online\\\/movimento\\\/#\\\/schema\\\/person\\\/bbab28833b1725a20f4083f49f1fb2a9\"},\"headline\":\"Repasses \u00e0 UEG Cl\u00e1udio Meirelles quer revitaliza\u00e7\u00e3o de orla de lago Parlamentar pede recapeamento de rodovia que liga Itapirapu\u00e3 e a Cidade de Goi\u00e1s\",\"datePublished\":\"2019-07-10T10:38:58+00:00\",\"dateModified\":\"2021-07-12T11:45:08+00:00\",\"mainEntityOfPage\":{\"@id\":\"https:\\\/\\\/renatodias.online\\\/movimento\\\/2019\\\/07\\\/10\\\/repasses-a-uegclaudio-meirelles-quer-revitalizacao-de-orla-de-lago-parlamentar-pede-recapeamento-de-rodovia-que-liga-itapirapua-e-a-cidade-de-goias\\\/\"},\"wordCount\":347,\"commentCount\":0,\"publisher\":{\"@id\":\"https:\\\/\\\/renatodias.online\\\/movimento\\\/#\\\/schema\\\/person\\\/bbab28833b1725a20f4083f49f1fb2a9\"},\"image\":{\"@id\":\"https:\\\/\\\/renatodias.online\\\/movimento\\\/2019\\\/07\\\/10\\\/repasses-a-uegclaudio-meirelles-quer-revitalizacao-de-orla-de-lago-parlamentar-pede-recapeamento-de-rodovia-que-liga-itapirapua-e-a-cidade-de-goias\\\/#primaryimage\"},\"thumbnailUrl\":\"\",\"articleSection\":[\"Pol\u00edtica\"],\"inLanguage\":\"pt-BR\",\"potentialAction\":[{\"@type\":\"CommentAction\",\"name\":\"Comment\",\"target\":[\"https:\\\/\\\/renatodias.online\\\/movimento\\\/2019\\\/07\\\/10\\\/repasses-a-uegclaudio-meirelles-quer-revitalizacao-de-orla-de-lago-parlamentar-pede-recapeamento-de-rodovia-que-liga-itapirapua-e-a-cidade-de-goias\\\/#respond\"]}]},{\"@type\":\"WebPage\",\"@id\":\"https:\\\/\\\/renatodias.online\\\/movimento\\\/2019\\\/07\\\/10\\\/repasses-a-uegclaudio-meirelles-quer-revitalizacao-de-orla-de-lago-parlamentar-pede-recapeamento-de-rodovia-que-liga-itapirapua-e-a-cidade-de-goias\\\/\",\"url\":\"https:\\\/\\\/renatodias.online\\\/movimento\\\/2019\\\/07\\\/10\\\/repasses-a-uegclaudio-meirelles-quer-revitalizacao-de-orla-de-lago-parlamentar-pede-recapeamento-de-rodovia-que-liga-itapirapua-e-a-cidade-de-goias\\\/\",\"name\":\"Repasses \u00e0 UEG Cl\u00e1udio Meirelles quer revitaliza\u00e7\u00e3o de orla de lago Parlamentar pede recapeamento de rodovia que liga Itapirapu\u00e3 e a Cidade de Goi\u00e1s -\",\"isPartOf\":{\"@id\":\"https:\\\/\\\/renatodias.online\\\/movimento\\\/#website\"},\"primaryImageOfPage\":{\"@id\":\"https:\\\/\\\/renatodias.online\\\/movimento\\\/2019\\\/07\\\/10\\\/repasses-a-uegclaudio-meirelles-quer-revitalizacao-de-orla-de-lago-parlamentar-pede-recapeamento-de-rodovia-que-liga-itapirapua-e-a-cidade-de-goias\\\/#primaryimage\"},\"image\":{\"@id\":\"https:\\\/\\\/renatodias.online\\\/movimento\\\/2019\\\/07\\\/10\\\/repasses-a-uegclaudio-meirelles-quer-revitalizacao-de-orla-de-lago-parlamentar-pede-recapeamento-de-rodovia-que-liga-itapirapua-e-a-cidade-de-goias\\\/#primaryimage\"},\"thumbnailUrl\":\"\",\"datePublished\":\"2019-07-10T10:38:58+00:00\",\"dateModified\":\"2021-07-12T11:45:08+00:00\",\"breadcrumb\":{\"@id\":\"https:\\\/\\\/renatodias.online\\\/movimento\\\/2019\\\/07\\\/10\\\/repasses-a-uegclaudio-meirelles-quer-revitalizacao-de-orla-de-lago-parlamentar-pede-recapeamento-de-rodovia-que-liga-itapirapua-e-a-cidade-de-goias\\\/#breadcrumb\"},\"inLanguage\":\"pt-BR\",\"potentialAction\":[{\"@type\":\"ReadAction\",\"target\":[\"https:\\\/\\\/renatodias.online\\\/movimento\\\/2019\\\/07\\\/10\\\/repasses-a-uegclaudio-meirelles-quer-revitalizacao-de-orla-de-lago-parlamentar-pede-recapeamento-de-rodovia-que-liga-itapirapua-e-a-cidade-de-goias\\\/\"]}]},{\"@type\":\"ImageObject\",\"inLanguage\":\"pt-BR\",\"@id\":\"https:\\\/\\\/renatodias.online\\\/movimento\\\/2019\\\/07\\\/10\\\/repasses-a-uegclaudio-meirelles-quer-revitalizacao-de-orla-de-lago-parlamentar-pede-recapeamento-de-rodovia-que-liga-itapirapua-e-a-cidade-de-goias\\\/#primaryimage\",\"url\":\"\",\"contentUrl\":\"\"},{\"@type\":\"BreadcrumbList\",\"@id\":\"https:\\\/\\\/renatodias.online\\\/movimento\\\/2019\\\/07\\\/10\\\/repasses-a-uegclaudio-meirelles-quer-revitalizacao-de-orla-de-lago-parlamentar-pede-recapeamento-de-rodovia-que-liga-itapirapua-e-a-cidade-de-goias\\\/#breadcrumb\",\"itemListElement\":[{\"@type\":\"ListItem\",\"position\":1,\"name\":\"In\u00edcio\",\"item\":\"https:\\\/\\\/renatodias.online\\\/movimento\\\/\"},{\"@type\":\"ListItem\",\"position\":2,\"name\":\"Repasses \u00e0 UEG Cl\u00e1udio Meirelles quer revitaliza\u00e7\u00e3o de orla de lago Parlamentar pede recapeamento de rodovia que liga Itapirapu\u00e3 e a Cidade de Goi\u00e1s\"}]},{\"@type\":\"WebSite\",\"@id\":\"https:\\\/\\\/renatodias.online\\\/movimento\\\/#website\",\"url\":\"https:\\\/\\\/renatodias.online\\\/movimento\\\/\",\"name\":\"\",\"description\":\"\",\"publisher\":{\"@id\":\"https:\\\/\\\/renatodias.online\\\/movimento\\\/#\\\/schema\\\/person\\\/bbab28833b1725a20f4083f49f1fb2a9\"},\"potentialAction\":[{\"@type\":\"SearchAction\",\"target\":{\"@type\":\"EntryPoint\",\"urlTemplate\":\"https:\\\/\\\/renatodias.online\\\/movimento\\\/?s={search_term_string}\"},\"query-input\":{\"@type\":\"PropertyValueSpecification\",\"valueRequired\":true,\"valueName\":\"search_term_string\"}}],\"inLanguage\":\"pt-BR\"},{\"@type\":[\"Person\",\"Organization\"],\"@id\":\"https:\\\/\\\/renatodias.online\\\/movimento\\\/#\\\/schema\\\/person\\\/bbab28833b1725a20f4083f49f1fb2a9\",\"name\":\"Renato Dias\",\"image\":{\"@type\":\"ImageObject\",\"inLanguage\":\"pt-BR\",\"@id\":\"https:\\\/\\\/renatodias.online\\\/movimento\\\/wp-content\\\/uploads\\\/2023\\\/03\\\/cropped-cropped-cropped-logofinal.jpeg\",\"url\":\"https:\\\/\\\/renatodias.online\\\/movimento\\\/wp-content\\\/uploads\\\/2023\\\/03\\\/cropped-cropped-cropped-logofinal.jpeg\",\"contentUrl\":\"https:\\\/\\\/renatodias.online\\\/movimento\\\/wp-content\\\/uploads\\\/2023\\\/03\\\/cropped-cropped-cropped-logofinal.jpeg\",\"width\":1280,\"height\":219,\"caption\":\"Renato Dias\"},\"logo\":{\"@id\":\"https:\\\/\\\/renatodias.online\\\/movimento\\\/wp-content\\\/uploads\\\/2023\\\/03\\\/cropped-cropped-cropped-logofinal.jpeg\"},\"description\":\"Renato Dias, 58 anos, \u00e9 graduado em Jornalismo, formado em Ci\u00eancias Sociais, com p\u00f3s-gradua\u00e7\u00e3o em Pol\u00edticas P\u00fablicas, mestre em Direito e Rela\u00e7\u00f5es Internacionais, ex-aluno extraordin\u00e1rio do Doutorado em Psicologia Social, ex-estudante do Curso de Psican\u00e1lise do Centro de Estudos Psicanal\u00edticos do Estado de Goi\u00e1s, ministrado pelo m\u00e9dico psiquiatra e psicanalista Daniel Em\u00eddio de Souza. \u00c9 autor de 30 livros-reportagem, oito document\u00e1rios, ganhou 30 pr\u00eamios e \u00e9 torcedor apaixonado do maior do Centro-Oeste, o Vila Nova Futebol Clube. Casado com Meirilane Dias, \u00e9 pai de Juliana Dias, jornalista; Daniel Dias, economista; e Maria Rosa Dias, estudante antifascista, socialista e trotskista.\u00a0Com tr\u00eas pets: Porquinho [Bull Dog Franc\u00eas], Dalila [Basset Hound] e Geleia [Basset Hound]. Al\u00e9m do eterno gato Tutuquinho, que virou estrela.\",\"sameAs\":[\"https:\\\/\\\/www.facebook.com\\\/renato.dias.37\",\"#breve\",\"https:\\\/\\\/renatodias.tumblr.com\\\/\"],\"url\":\"https:\\\/\\\/renatodias.online\\\/movimento\\\/author\\\/renatodias\\\/\"}]}<\/script>\n<!-- \/ Yoast SEO plugin. -->","yoast_head_json":{"title":"Repasses \u00e0 UEG Cl\u00e1udio Meirelles quer revitaliza\u00e7\u00e3o de orla de lago Parlamentar pede recapeamento de rodovia que liga Itapirapu\u00e3 e a Cidade de Goi\u00e1s -","robots":{"index":"index","follow":"follow","max-snippet":"max-snippet:-1","max-image-preview":"max-image-preview:large","max-video-preview":"max-video-preview:-1"},"canonical":"https:\/\/renatodias.online\/movimento\/2019\/07\/10\/repasses-a-uegclaudio-meirelles-quer-revitalizacao-de-orla-de-lago-parlamentar-pede-recapeamento-de-rodovia-que-liga-itapirapua-e-a-cidade-de-goias\/","og_locale":"pt_BR","og_type":"article","og_title":"Repasses \u00e0 UEG Cl\u00e1udio Meirelles quer revitaliza\u00e7\u00e3o de orla de lago Parlamentar pede recapeamento de rodovia que liga Itapirapu\u00e3 e a Cidade de Goi\u00e1s -","og_description":"Repasses \u00e0 UEG Cl\u00e1udio Meirelles quer revitaliza\u00e7\u00e3o de orla de lago Parlamentar pede recapeamento de rodovia que liga Itapirapu\u00e3 e a Cidade de Goi\u00e1s Renato Dias O deputado estadual Cl\u00e1udio Meirelles condena o suposto fim do repasse de recursos finan\u00adceiros para a Universidade Estadual de Goi\u00e1s [UEG]. O parlamentar informa, com exclusivi\u00addade, integrar, hoje, a","og_url":"https:\/\/renatodias.online\/movimento\/2019\/07\/10\/repasses-a-uegclaudio-meirelles-quer-revitalizacao-de-orla-de-lago-parlamentar-pede-recapeamento-de-rodovia-que-liga-itapirapua-e-a-cidade-de-goias\/","article_publisher":"https:\/\/www.facebook.com\/renato.dias.37","article_author":"https:\/\/www.facebook.com\/renato.dias.37","article_published_time":"2019-07-10T10:38:58+00:00","article_modified_time":"2021-07-12T11:45:08+00:00","author":"Renato Dias","twitter_card":"summary_large_image","twitter_creator":"@RenatoDiasBat","twitter_site":"@RenatoDiasBat","twitter_misc":{"Escrito por":"Renato Dias","Est. tempo de leitura":"2 minutos"},"schema":{"@context":"https:\/\/schema.org","@graph":[{"@type":"Article","@id":"https:\/\/renatodias.online\/movimento\/2019\/07\/10\/repasses-a-uegclaudio-meirelles-quer-revitalizacao-de-orla-de-lago-parlamentar-pede-recapeamento-de-rodovia-que-liga-itapirapua-e-a-cidade-de-goias\/#article","isPartOf":{"@id":"https:\/\/renatodias.online\/movimento\/2019\/07\/10\/repasses-a-uegclaudio-meirelles-quer-revitalizacao-de-orla-de-lago-parlamentar-pede-recapeamento-de-rodovia-que-liga-itapirapua-e-a-cidade-de-goias\/"},"author":{"name":"Renato Dias","@id":"https:\/\/renatodias.online\/movimento\/#\/schema\/person\/bbab28833b1725a20f4083f49f1fb2a9"},"headline":"Repasses \u00e0 UEG Cl\u00e1udio Meirelles quer revitaliza\u00e7\u00e3o de orla de lago Parlamentar pede recapeamento de rodovia que liga Itapirapu\u00e3 e a Cidade de Goi\u00e1s","datePublished":"2019-07-10T10:38:58+00:00","dateModified":"2021-07-12T11:45:08+00:00","mainEntityOfPage":{"@id":"https:\/\/renatodias.online\/movimento\/2019\/07\/10\/repasses-a-uegclaudio-meirelles-quer-revitalizacao-de-orla-de-lago-parlamentar-pede-recapeamento-de-rodovia-que-liga-itapirapua-e-a-cidade-de-goias\/"},"wordCount":347,"commentCount":0,"publisher":{"@id":"https:\/\/renatodias.online\/movimento\/#\/schema\/person\/bbab28833b1725a20f4083f49f1fb2a9"},"image":{"@id":"https:\/\/renatodias.online\/movimento\/2019\/07\/10\/repasses-a-uegclaudio-meirelles-quer-revitalizacao-de-orla-de-lago-parlamentar-pede-recapeamento-de-rodovia-que-liga-itapirapua-e-a-cidade-de-goias\/#primaryimage"},"thumbnailUrl":"","articleSection":["Pol\u00edtica"],"inLanguage":"pt-BR","potentialAction":[{"@type":"CommentAction","name":"Comment","target":["https:\/\/renatodias.online\/movimento\/2019\/07\/10\/repasses-a-uegclaudio-meirelles-quer-revitalizacao-de-orla-de-lago-parlamentar-pede-recapeamento-de-rodovia-que-liga-itapirapua-e-a-cidade-de-goias\/#respond"]}]},{"@type":"WebPage","@id":"https:\/\/renatodias.online\/movimento\/2019\/07\/10\/repasses-a-uegclaudio-meirelles-quer-revitalizacao-de-orla-de-lago-parlamentar-pede-recapeamento-de-rodovia-que-liga-itapirapua-e-a-cidade-de-goias\/","url":"https:\/\/renatodias.online\/movimento\/2019\/07\/10\/repasses-a-uegclaudio-meirelles-quer-revitalizacao-de-orla-de-lago-parlamentar-pede-recapeamento-de-rodovia-que-liga-itapirapua-e-a-cidade-de-goias\/","name":"Repasses \u00e0 UEG Cl\u00e1udio Meirelles quer revitaliza\u00e7\u00e3o de orla de lago Parlamentar pede recapeamento de rodovia que liga Itapirapu\u00e3 e a Cidade de Goi\u00e1s -","isPartOf":{"@id":"https:\/\/renatodias.online\/movimento\/#website"},"primaryImageOfPage":{"@id":"https:\/\/renatodias.online\/movimento\/2019\/07\/10\/repasses-a-uegclaudio-meirelles-quer-revitalizacao-de-orla-de-lago-parlamentar-pede-recapeamento-de-rodovia-que-liga-itapirapua-e-a-cidade-de-goias\/#primaryimage"},"image":{"@id":"https:\/\/renatodias.online\/movimento\/2019\/07\/10\/repasses-a-uegclaudio-meirelles-quer-revitalizacao-de-orla-de-lago-parlamentar-pede-recapeamento-de-rodovia-que-liga-itapirapua-e-a-cidade-de-goias\/#primaryimage"},"thumbnailUrl":"","datePublished":"2019-07-10T10:38:58+00:00","dateModified":"2021-07-12T11:45:08+00:00","breadcrumb":{"@id":"https:\/\/renatodias.online\/movimento\/2019\/07\/10\/repasses-a-uegclaudio-meirelles-quer-revitalizacao-de-orla-de-lago-parlamentar-pede-recapeamento-de-rodovia-que-liga-itapirapua-e-a-cidade-de-goias\/#breadcrumb"},"inLanguage":"pt-BR","potentialAction":[{"@type":"ReadAction","target":["https:\/\/renatodias.online\/movimento\/2019\/07\/10\/repasses-a-uegclaudio-meirelles-quer-revitalizacao-de-orla-de-lago-parlamentar-pede-recapeamento-de-rodovia-que-liga-itapirapua-e-a-cidade-de-goias\/"]}]},{"@type":"ImageObject","inLanguage":"pt-BR","@id":"https:\/\/renatodias.online\/movimento\/2019\/07\/10\/repasses-a-uegclaudio-meirelles-quer-revitalizacao-de-orla-de-lago-parlamentar-pede-recapeamento-de-rodovia-que-liga-itapirapua-e-a-cidade-de-goias\/#primaryimage","url":"","contentUrl":""},{"@type":"BreadcrumbList","@id":"https:\/\/renatodias.online\/movimento\/2019\/07\/10\/repasses-a-uegclaudio-meirelles-quer-revitalizacao-de-orla-de-lago-parlamentar-pede-recapeamento-de-rodovia-que-liga-itapirapua-e-a-cidade-de-goias\/#breadcrumb","itemListElement":[{"@type":"ListItem","position":1,"name":"In\u00edcio","item":"https:\/\/renatodias.online\/movimento\/"},{"@type":"ListItem","position":2,"name":"Repasses \u00e0 UEG Cl\u00e1udio Meirelles quer revitaliza\u00e7\u00e3o de orla de lago Parlamentar pede recapeamento de rodovia que liga Itapirapu\u00e3 e a Cidade de Goi\u00e1s"}]},{"@type":"WebSite","@id":"https:\/\/renatodias.online\/movimento\/#website","url":"https:\/\/renatodias.online\/movimento\/","name":"","description":"","publisher":{"@id":"https:\/\/renatodias.online\/movimento\/#\/schema\/person\/bbab28833b1725a20f4083f49f1fb2a9"},"potentialAction":[{"@type":"SearchAction","target":{"@type":"EntryPoint","urlTemplate":"https:\/\/renatodias.online\/movimento\/?s={search_term_string}"},"query-input":{"@type":"PropertyValueSpecification","valueRequired":true,"valueName":"search_term_string"}}],"inLanguage":"pt-BR"},{"@type":["Person","Organization"],"@id":"https:\/\/renatodias.online\/movimento\/#\/schema\/person\/bbab28833b1725a20f4083f49f1fb2a9","name":"Renato Dias","image":{"@type":"ImageObject","inLanguage":"pt-BR","@id":"https:\/\/renatodias.online\/movimento\/wp-content\/uploads\/2023\/03\/cropped-cropped-cropped-logofinal.jpeg","url":"https:\/\/renatodias.online\/movimento\/wp-content\/uploads\/2023\/03\/cropped-cropped-cropped-logofinal.jpeg","contentUrl":"https:\/\/renatodias.online\/movimento\/wp-content\/uploads\/2023\/03\/cropped-cropped-cropped-logofinal.jpeg","width":1280,"height":219,"caption":"Renato Dias"},"logo":{"@id":"https:\/\/renatodias.online\/movimento\/wp-content\/uploads\/2023\/03\/cropped-cropped-cropped-logofinal.jpeg"},"description":"Renato Dias, 58 anos, \u00e9 graduado em Jornalismo, formado em Ci\u00eancias Sociais, com p\u00f3s-gradua\u00e7\u00e3o em Pol\u00edticas P\u00fablicas, mestre em Direito e Rela\u00e7\u00f5es Internacionais, ex-aluno extraordin\u00e1rio do Doutorado em Psicologia Social, ex-estudante do Curso de Psican\u00e1lise do Centro de Estudos Psicanal\u00edticos do Estado de Goi\u00e1s, ministrado pelo m\u00e9dico psiquiatra e psicanalista Daniel Em\u00eddio de Souza. \u00c9 autor de 30 livros-reportagem, oito document\u00e1rios, ganhou 30 pr\u00eamios e \u00e9 torcedor apaixonado do maior do Centro-Oeste, o Vila Nova Futebol Clube. Casado com Meirilane Dias, \u00e9 pai de Juliana Dias, jornalista; Daniel Dias, economista; e Maria Rosa Dias, estudante antifascista, socialista e trotskista.\u00a0Com tr\u00eas pets: Porquinho [Bull Dog Franc\u00eas], Dalila [Basset Hound] e Geleia [Basset Hound]. Al\u00e9m do eterno gato Tutuquinho, que virou estrela.","sameAs":["https:\/\/www.facebook.com\/renato.dias.37","#breve","https:\/\/renatodias.tumblr.com\/"],"url":"https:\/\/renatodias.online\/movimento\/author\/renatodias\/"}]}},"_links":{"self":[{"href":"https:\/\/renatodias.online\/movimento\/wp-json\/wp\/v2\/posts\/1461","targetHints":{"allow":["GET"]}}],"collection":[{"href":"https:\/\/renatodias.online\/movimento\/wp-json\/wp\/v2\/posts"}],"about":[{"href":"https:\/\/renatodias.online\/movimento\/wp-json\/wp\/v2\/types\/post"}],"author":[{"embeddable":true,"href":"https:\/\/renatodias.online\/movimento\/wp-json\/wp\/v2\/users\/2"}],"replies":[{"embeddable":true,"href":"https:\/\/renatodias.online\/movimento\/wp-json\/wp\/v2\/comments?post=1461"}],"version-history":[{"count":1,"href":"https:\/\/renatodias.online\/movimento\/wp-json\/wp\/v2\/posts\/1461\/revisions"}],"predecessor-version":[{"id":7752,"href":"https:\/\/renatodias.online\/movimento\/wp-json\/wp\/v2\/posts\/1461\/revisions\/7752"}],"wp:featuredmedia":[{"embeddable":true,"href":"https:\/\/renatodias.online\/movimento\/wp-json\/"}],"wp:attachment":[{"href":"https:\/\/renatodias.online\/movimento\/wp-json\/wp\/v2\/media?parent=1461"}],"wp:term":[{"taxonomy":"category","embeddable":true,"href":"https:\/\/renatodias.online\/movimento\/wp-json\/wp\/v2\/categories?post=1461"},{"taxonomy":"post_tag","embeddable":true,"href":"https:\/\/renatodias.online\/movimento\/wp-json\/wp\/v2\/tags?post=1461"}],"curies":[{"name":"wp","href":"https:\/\/api.w.org\/{rel}","templated":true}]}}