{"id":14574,"date":"2022-10-25T15:25:45","date_gmt":"2022-10-25T18:25:45","guid":{"rendered":"https:\/\/renatodias.online\/movimento\/?p=14574"},"modified":"2022-10-25T15:27:58","modified_gmt":"2022-10-25T18:27:58","slug":"onda-vermelha-em-goiania","status":"publish","type":"post","link":"https:\/\/renatodias.online\/movimento\/2022\/10\/25\/onda-vermelha-em-goiania\/","title":{"rendered":"Onda vermelha em Goi\u00e2nia"},"content":{"rendered":"<p>&nbsp;<\/p>\n<h1><img loading=\"lazy\" decoding=\"async\" class=\"size-medium wp-image-11445 aligncenter\" src=\"https:\/\/renatodias.online\/movimento\/wp-content\/uploads\/2022\/03\/Eleicoes-de-2022-300x169.jpeg\" alt=\"\" width=\"300\" height=\"169\" srcset=\"https:\/\/renatodias.online\/movimento\/wp-content\/uploads\/2022\/03\/Eleicoes-de-2022-300x169.jpeg 300w, https:\/\/renatodias.online\/movimento\/wp-content\/uploads\/2022\/03\/Eleicoes-de-2022.jpeg 639w\" sizes=\"auto, (max-width: 300px) 100vw, 300px\" \/><\/h1>\n<h1 style=\"text-align: center;\"><strong><span style=\"color: #ff0000;\">15 mil pessoas nas ruas<\/span>\u00a0<\/strong><\/h1>\n<h1 style=\"text-align: center;\"><strong><img loading=\"lazy\" decoding=\"async\" class=\"size-medium wp-image-14583 aligncenter\" src=\"https:\/\/renatodias.online\/movimento\/wp-content\/uploads\/2022\/10\/3-Caminhada-180x300.jpg\" alt=\"\" width=\"180\" height=\"300\" srcset=\"https:\/\/renatodias.online\/movimento\/wp-content\/uploads\/2022\/10\/3-Caminhada-180x300.jpg 180w, https:\/\/renatodias.online\/movimento\/wp-content\/uploads\/2022\/10\/3-Caminhada-615x1024.jpg 615w, https:\/\/renatodias.online\/movimento\/wp-content\/uploads\/2022\/10\/3-Caminhada.jpg 649w\" sizes=\"auto, (max-width: 180px) 100vw, 180px\" \/><\/strong><\/h1>\n<h1 style=\"text-align: center;\"><span style=\"color: #0000ff;\"><strong>Por Lula, Alckmin e Tebet l\u00e1, domingo, 30<\/strong><\/span><\/h1>\n<div style=\"width: 848px;\" class=\"wp-video\"><!--[if lt IE 9]><script>document.createElement('video');<\/script><![endif]-->\n<video class=\"wp-video-shortcode\" id=\"video-14574-1\" width=\"848\" height=\"480\" preload=\"metadata\" controls=\"controls\"><source type=\"video\/mp4\" src=\"https:\/\/renatodias.online\/movimento\/wp-content\/uploads\/2022\/10\/VID-20221022-WA0129.mp4?_=1\" \/><a href=\"https:\/\/renatodias.online\/movimento\/wp-content\/uploads\/2022\/10\/VID-20221022-WA0129.mp4\">https:\/\/renatodias.online\/movimento\/wp-content\/uploads\/2022\/10\/VID-20221022-WA0129.mp4<\/a><\/video><\/div>\n<div style=\"width: 352px;\" class=\"wp-video\"><video class=\"wp-video-shortcode\" id=\"video-14574-2\" width=\"352\" height=\"640\" preload=\"metadata\" controls=\"controls\"><source type=\"video\/mp4\" src=\"https:\/\/renatodias.online\/movimento\/wp-content\/uploads\/2022\/10\/VID-20221022-WA0183.mp4?_=2\" \/><a href=\"https:\/\/renatodias.online\/movimento\/wp-content\/uploads\/2022\/10\/VID-20221022-WA0183.mp4\">https:\/\/renatodias.online\/movimento\/wp-content\/uploads\/2022\/10\/VID-20221022-WA0183.mp4<\/a><\/video><\/div>\n<p>&nbsp;<\/p>\n<figure id=\"attachment_14578\" aria-describedby=\"caption-attachment-14578\" style=\"width: 1080px\" class=\"wp-caption alignnone\"><img loading=\"lazy\" decoding=\"async\" class=\"wp-image-14578 size-full\" src=\"https:\/\/renatodias.online\/movimento\/wp-content\/uploads\/2022\/10\/Caminhada-4.jpg\" alt=\"\" width=\"1080\" height=\"810\" srcset=\"https:\/\/renatodias.online\/movimento\/wp-content\/uploads\/2022\/10\/Caminhada-4.jpg 1080w, https:\/\/renatodias.online\/movimento\/wp-content\/uploads\/2022\/10\/Caminhada-4-300x225.jpg 300w, https:\/\/renatodias.online\/movimento\/wp-content\/uploads\/2022\/10\/Caminhada-4-768x576.jpg 768w, https:\/\/renatodias.online\/movimento\/wp-content\/uploads\/2022\/10\/Caminhada-4-750x563.jpg 750w\" sizes=\"auto, (max-width: 1080px) 100vw, 1080px\" \/><figcaption id=\"caption-attachment-14578\" class=\"wp-caption-text\"><span style=\"color: #ff0000;\"><strong>15 mil pessoas nas ruas em Goi\u00e2nia<\/strong><\/span><\/figcaption><\/figure>\n<p><strong>Renato Dias<\/strong><\/p>\n<p>Uma onda vermelha, projetada em 15 mil pessoas pela organiza\u00e7\u00e3o da caminhada, saiu \u00e0s ruas, em Goi\u00e2nia, com bandeiras, faixas e camisetas, no maior ato local da campanha eleitoral de Luiz In\u00e1cio Lula da Silva [PT] e Geraldo Alckmin [PSB], na capital do Estado de Goi\u00e1s.<\/p>\n<figure id=\"attachment_14575\" aria-describedby=\"caption-attachment-14575\" style=\"width: 1080px\" class=\"wp-caption alignnone\"><img loading=\"lazy\" decoding=\"async\" class=\"wp-image-14575 size-full\" src=\"https:\/\/renatodias.online\/movimento\/wp-content\/uploads\/2022\/10\/Manifestacao-1-1.png\" alt=\"\" width=\"1080\" height=\"719\" srcset=\"https:\/\/renatodias.online\/movimento\/wp-content\/uploads\/2022\/10\/Manifestacao-1-1.png 1080w, https:\/\/renatodias.online\/movimento\/wp-content\/uploads\/2022\/10\/Manifestacao-1-1-300x200.png 300w, https:\/\/renatodias.online\/movimento\/wp-content\/uploads\/2022\/10\/Manifestacao-1-1-768x511.png 768w, https:\/\/renatodias.online\/movimento\/wp-content\/uploads\/2022\/10\/Manifestacao-1-1-360x240.png 360w, https:\/\/renatodias.online\/movimento\/wp-content\/uploads\/2022\/10\/Manifestacao-1-1-750x499.png 750w\" sizes=\"auto, (max-width: 1080px) 100vw, 1080px\" \/><figcaption id=\"caption-attachment-14575\" class=\"wp-caption-text\"><span style=\"color: #ff0000;\"><strong>Caminhada em Goi\u00e2nia<\/strong><\/span><\/figcaption><\/figure>\n<p>Em uma frente ampla integrada por 15 partidos pol\u00edticos, o ex-presidente da Rep\u00fablica lidera a corrida eleitoral. Como diagnosticam pesquisas realizadas por dez institutos. A uma semana do segundo turno, marcado para, domingo, 30 de outubro. De oito a seis pontos percentuais de diferen\u00e7a.<\/p>\n<figure id=\"attachment_14579\" aria-describedby=\"caption-attachment-14579\" style=\"width: 1024px\" class=\"wp-caption alignnone\"><img loading=\"lazy\" decoding=\"async\" class=\"wp-image-14579 size-full\" src=\"https:\/\/renatodias.online\/movimento\/wp-content\/uploads\/2022\/10\/Caminhada-5.jpg\" alt=\"\" width=\"1024\" height=\"769\" srcset=\"https:\/\/renatodias.online\/movimento\/wp-content\/uploads\/2022\/10\/Caminhada-5.jpg 1024w, https:\/\/renatodias.online\/movimento\/wp-content\/uploads\/2022\/10\/Caminhada-5-300x225.jpg 300w, https:\/\/renatodias.online\/movimento\/wp-content\/uploads\/2022\/10\/Caminhada-5-768x577.jpg 768w, https:\/\/renatodias.online\/movimento\/wp-content\/uploads\/2022\/10\/Caminhada-5-750x563.jpg 750w\" sizes=\"auto, (max-width: 1024px) 100vw, 1024px\" \/><figcaption id=\"caption-attachment-14579\" class=\"wp-caption-text\"><span style=\"color: #ff0000;\"><strong>Rosemar Cardoso Maciel, ao fundo<\/strong><\/span><\/figcaption><\/figure>\n<p>Atriz de Tv, cinema e teatro, <strong>Luc\u00e9lia Santos<\/strong> puxava a manifesta\u00e7\u00e3o. Com <strong>Adriana Accorsi<\/strong>, deputada federal eleita, <strong>Bia de Lima<\/strong>, deputada estadual eleita, <strong>K\u00e1tia Maria<\/strong>, que assumir\u00e1 mandato de vereadora em Goi\u00e2nia em 2023. <strong>Sulane Dias<\/strong> participou do ato.<\/p>\n<p><img loading=\"lazy\" decoding=\"async\" class=\"alignnone wp-image-14584 size-full\" src=\"https:\/\/renatodias.online\/movimento\/wp-content\/uploads\/2022\/10\/4-Caminhada.png\" alt=\"\" width=\"1080\" height=\"756\" srcset=\"https:\/\/renatodias.online\/movimento\/wp-content\/uploads\/2022\/10\/4-Caminhada.png 1080w, https:\/\/renatodias.online\/movimento\/wp-content\/uploads\/2022\/10\/4-Caminhada-300x210.png 300w, https:\/\/renatodias.online\/movimento\/wp-content\/uploads\/2022\/10\/4-Caminhada-768x538.png 768w, https:\/\/renatodias.online\/movimento\/wp-content\/uploads\/2022\/10\/4-Caminhada-165x116.png 165w, https:\/\/renatodias.online\/movimento\/wp-content\/uploads\/2022\/10\/4-Caminhada-750x525.png 750w, https:\/\/renatodias.online\/movimento\/wp-content\/uploads\/2022\/10\/4-Caminhada-85x60.png 85w\" sizes=\"auto, (max-width: 1080px) 100vw, 1080px\" \/><\/p>\n<p>A ex-deputada estadual <strong>Isaura Lemos<\/strong> integrou a caminhada. Assim como o presidente do Sindisa\u00fade, <strong>Ricardo Manzi<\/strong>. Al\u00e9m do ex &#8211; dirigente tanto do Stiueg quanto do Sindicato dos Engenheiros do Estado de Goi\u00e1s, <strong>Rosemar Cardoso Maciel, <\/strong>sindicalista e ambientalista.<strong><br \/>\n<\/strong><\/p>\n<p><img loading=\"lazy\" decoding=\"async\" class=\"alignnone wp-image-14585 size-full\" src=\"https:\/\/renatodias.online\/movimento\/wp-content\/uploads\/2022\/10\/5-Caminhada.jpg\" alt=\"\" width=\"1280\" height=\"914\" \/><\/p>\n<p>O presidente do PC do B em Goi\u00e2nia, <strong>Railton Nascimento<\/strong>, o ex-presidente da Comurg <strong>Edilberto de Castro Dias<\/strong>, a assistente social <strong>Milka de Souza<\/strong> e uma das l\u00edderes do N\u00e3o \u00e9 N\u00e3o <strong>Cida Alves<\/strong> marcaram presen\u00e7as. <strong>Pedro Wilson Guimar\u00e3es<\/strong> na linha de frente.<\/p>\n<p><img loading=\"lazy\" decoding=\"async\" class=\"size-medium wp-image-14521 aligncenter\" src=\"https:\/\/renatodias.online\/movimento\/wp-content\/uploads\/2022\/10\/Chuva-de-petalas-300x220.jpg\" alt=\"\" width=\"300\" height=\"220\" srcset=\"https:\/\/renatodias.online\/movimento\/wp-content\/uploads\/2022\/10\/Chuva-de-petalas-300x220.jpg 300w, https:\/\/renatodias.online\/movimento\/wp-content\/uploads\/2022\/10\/Chuva-de-petalas.jpg 399w\" sizes=\"auto, (max-width: 300px) 100vw, 300px\" \/><\/p>\n","protected":false},"excerpt":{"rendered":"<p>&nbsp; 15 mil pessoas nas ruas\u00a0 Por Lula, Alckmin e Tebet l\u00e1, domingo, 30 &nbsp; Renato Dias Uma onda vermelha, projetada em 15 mil pessoas pela organiza\u00e7\u00e3o da caminhada, saiu \u00e0s ruas, em Goi\u00e2nia, com bandeiras, faixas e camisetas, no maior ato local da campanha eleitoral de Luiz In\u00e1cio Lula da Silva [PT] e Geraldo<\/p>\n","protected":false},"author":2,"featured_media":14581,"comment_status":"open","ping_status":"open","sticky":false,"template":"","format":"standard","meta":{"_acf_changed":false,"_monsterinsights_skip_tracking":false,"_monsterinsights_sitenote_active":false,"_monsterinsights_sitenote_note":"","_monsterinsights_sitenote_category":0,"footnotes":""},"categories":[4],"tags":[],"class_list":["post-14574","post","type-post","status-publish","format-standard","has-post-thumbnail","hentry","category-politica"],"acf":[],"yoast_head":"<!-- This site is optimized with the Yoast SEO plugin v27.4 - https:\/\/yoast.com\/product\/yoast-seo-wordpress\/ -->\n<title>Onda vermelha em Goi\u00e2nia -<\/title>\n<meta name=\"robots\" content=\"index, follow, max-snippet:-1, max-image-preview:large, max-video-preview:-1\" \/>\n<link rel=\"canonical\" href=\"https:\/\/renatodias.online\/movimento\/2022\/10\/25\/onda-vermelha-em-goiania\/\" \/>\n<meta property=\"og:locale\" content=\"pt_BR\" \/>\n<meta property=\"og:type\" content=\"article\" \/>\n<meta property=\"og:title\" content=\"Onda vermelha em Goi\u00e2nia -\" \/>\n<meta property=\"og:description\" content=\"&nbsp; 15 mil pessoas nas ruas\u00a0 Por Lula, Alckmin e Tebet l\u00e1, domingo, 30 &nbsp; Renato Dias Uma onda vermelha, projetada em 15 mil pessoas pela organiza\u00e7\u00e3o da caminhada, saiu \u00e0s ruas, em Goi\u00e2nia, com bandeiras, faixas e camisetas, no maior ato local da campanha eleitoral de Luiz In\u00e1cio Lula da Silva [PT] e Geraldo\" \/>\n<meta property=\"og:url\" content=\"https:\/\/renatodias.online\/movimento\/2022\/10\/25\/onda-vermelha-em-goiania\/\" \/>\n<meta property=\"article:publisher\" content=\"https:\/\/www.facebook.com\/renato.dias.37\" \/>\n<meta property=\"article:author\" content=\"https:\/\/www.facebook.com\/renato.dias.37\" \/>\n<meta property=\"article:published_time\" content=\"2022-10-25T18:25:45+00:00\" \/>\n<meta property=\"article:modified_time\" content=\"2022-10-25T18:27:58+00:00\" \/>\n<meta property=\"og:image\" content=\"https:\/\/renatodias.online\/movimento\/wp-content\/uploads\/2022\/10\/1-Caminhada-e1666722107212.png\" \/>\n\t<meta property=\"og:image:width\" content=\"310\" \/>\n\t<meta property=\"og:image:height\" content=\"306\" \/>\n\t<meta property=\"og:image:type\" content=\"image\/png\" \/>\n<meta name=\"author\" content=\"Renato Dias\" \/>\n<meta name=\"twitter:card\" content=\"summary_large_image\" \/>\n<meta name=\"twitter:creator\" content=\"@RenatoDiasBat\" \/>\n<meta name=\"twitter:site\" content=\"@RenatoDiasBat\" \/>\n<meta name=\"twitter:label1\" content=\"Escrito por\" \/>\n\t<meta name=\"twitter:data1\" content=\"Renato Dias\" \/>\n\t<meta name=\"twitter:label2\" content=\"Est. tempo de leitura\" \/>\n\t<meta name=\"twitter:data2\" content=\"2 minutos\" \/>\n<script type=\"application\/ld+json\" class=\"yoast-schema-graph\">{\"@context\":\"https:\\\/\\\/schema.org\",\"@graph\":[{\"@type\":\"Article\",\"@id\":\"https:\\\/\\\/renatodias.online\\\/movimento\\\/2022\\\/10\\\/25\\\/onda-vermelha-em-goiania\\\/#article\",\"isPartOf\":{\"@id\":\"https:\\\/\\\/renatodias.online\\\/movimento\\\/2022\\\/10\\\/25\\\/onda-vermelha-em-goiania\\\/\"},\"author\":{\"name\":\"Renato Dias\",\"@id\":\"https:\\\/\\\/renatodias.online\\\/movimento\\\/#\\\/schema\\\/person\\\/bbab28833b1725a20f4083f49f1fb2a9\"},\"headline\":\"Onda vermelha em Goi\u00e2nia\",\"datePublished\":\"2022-10-25T18:25:45+00:00\",\"dateModified\":\"2022-10-25T18:27:58+00:00\",\"mainEntityOfPage\":{\"@id\":\"https:\\\/\\\/renatodias.online\\\/movimento\\\/2022\\\/10\\\/25\\\/onda-vermelha-em-goiania\\\/\"},\"wordCount\":311,\"commentCount\":0,\"publisher\":{\"@id\":\"https:\\\/\\\/renatodias.online\\\/movimento\\\/#\\\/schema\\\/person\\\/bbab28833b1725a20f4083f49f1fb2a9\"},\"image\":{\"@id\":\"https:\\\/\\\/renatodias.online\\\/movimento\\\/2022\\\/10\\\/25\\\/onda-vermelha-em-goiania\\\/#primaryimage\"},\"thumbnailUrl\":\"https:\\\/\\\/renatodias.online\\\/movimento\\\/wp-content\\\/uploads\\\/2022\\\/10\\\/1-Caminhada-e1666722107212.png\",\"articleSection\":[\"Pol\u00edtica\"],\"inLanguage\":\"pt-BR\",\"potentialAction\":[{\"@type\":\"CommentAction\",\"name\":\"Comment\",\"target\":[\"https:\\\/\\\/renatodias.online\\\/movimento\\\/2022\\\/10\\\/25\\\/onda-vermelha-em-goiania\\\/#respond\"]}]},{\"@type\":\"WebPage\",\"@id\":\"https:\\\/\\\/renatodias.online\\\/movimento\\\/2022\\\/10\\\/25\\\/onda-vermelha-em-goiania\\\/\",\"url\":\"https:\\\/\\\/renatodias.online\\\/movimento\\\/2022\\\/10\\\/25\\\/onda-vermelha-em-goiania\\\/\",\"name\":\"Onda vermelha em Goi\u00e2nia -\",\"isPartOf\":{\"@id\":\"https:\\\/\\\/renatodias.online\\\/movimento\\\/#website\"},\"primaryImageOfPage\":{\"@id\":\"https:\\\/\\\/renatodias.online\\\/movimento\\\/2022\\\/10\\\/25\\\/onda-vermelha-em-goiania\\\/#primaryimage\"},\"image\":{\"@id\":\"https:\\\/\\\/renatodias.online\\\/movimento\\\/2022\\\/10\\\/25\\\/onda-vermelha-em-goiania\\\/#primaryimage\"},\"thumbnailUrl\":\"https:\\\/\\\/renatodias.online\\\/movimento\\\/wp-content\\\/uploads\\\/2022\\\/10\\\/1-Caminhada-e1666722107212.png\",\"datePublished\":\"2022-10-25T18:25:45+00:00\",\"dateModified\":\"2022-10-25T18:27:58+00:00\",\"breadcrumb\":{\"@id\":\"https:\\\/\\\/renatodias.online\\\/movimento\\\/2022\\\/10\\\/25\\\/onda-vermelha-em-goiania\\\/#breadcrumb\"},\"inLanguage\":\"pt-BR\",\"potentialAction\":[{\"@type\":\"ReadAction\",\"target\":[\"https:\\\/\\\/renatodias.online\\\/movimento\\\/2022\\\/10\\\/25\\\/onda-vermelha-em-goiania\\\/\"]}]},{\"@type\":\"ImageObject\",\"inLanguage\":\"pt-BR\",\"@id\":\"https:\\\/\\\/renatodias.online\\\/movimento\\\/2022\\\/10\\\/25\\\/onda-vermelha-em-goiania\\\/#primaryimage\",\"url\":\"https:\\\/\\\/renatodias.online\\\/movimento\\\/wp-content\\\/uploads\\\/2022\\\/10\\\/1-Caminhada-e1666722107212.png\",\"contentUrl\":\"https:\\\/\\\/renatodias.online\\\/movimento\\\/wp-content\\\/uploads\\\/2022\\\/10\\\/1-Caminhada-e1666722107212.png\",\"width\":310,\"height\":306,\"caption\":\"Luc\u00e9lia Santos, Adriana Accorsi, Bia de Lima, Isaura Lemos, Edilberto de Castro Dias, Railton Nascimento, Laisy Mori\u00e9re\"},{\"@type\":\"BreadcrumbList\",\"@id\":\"https:\\\/\\\/renatodias.online\\\/movimento\\\/2022\\\/10\\\/25\\\/onda-vermelha-em-goiania\\\/#breadcrumb\",\"itemListElement\":[{\"@type\":\"ListItem\",\"position\":1,\"name\":\"In\u00edcio\",\"item\":\"https:\\\/\\\/renatodias.online\\\/movimento\\\/\"},{\"@type\":\"ListItem\",\"position\":2,\"name\":\"Onda vermelha em Goi\u00e2nia\"}]},{\"@type\":\"WebSite\",\"@id\":\"https:\\\/\\\/renatodias.online\\\/movimento\\\/#website\",\"url\":\"https:\\\/\\\/renatodias.online\\\/movimento\\\/\",\"name\":\"\",\"description\":\"\",\"publisher\":{\"@id\":\"https:\\\/\\\/renatodias.online\\\/movimento\\\/#\\\/schema\\\/person\\\/bbab28833b1725a20f4083f49f1fb2a9\"},\"potentialAction\":[{\"@type\":\"SearchAction\",\"target\":{\"@type\":\"EntryPoint\",\"urlTemplate\":\"https:\\\/\\\/renatodias.online\\\/movimento\\\/?s={search_term_string}\"},\"query-input\":{\"@type\":\"PropertyValueSpecification\",\"valueRequired\":true,\"valueName\":\"search_term_string\"}}],\"inLanguage\":\"pt-BR\"},{\"@type\":[\"Person\",\"Organization\"],\"@id\":\"https:\\\/\\\/renatodias.online\\\/movimento\\\/#\\\/schema\\\/person\\\/bbab28833b1725a20f4083f49f1fb2a9\",\"name\":\"Renato Dias\",\"image\":{\"@type\":\"ImageObject\",\"inLanguage\":\"pt-BR\",\"@id\":\"https:\\\/\\\/renatodias.online\\\/movimento\\\/wp-content\\\/uploads\\\/2023\\\/03\\\/cropped-cropped-cropped-logofinal.jpeg\",\"url\":\"https:\\\/\\\/renatodias.online\\\/movimento\\\/wp-content\\\/uploads\\\/2023\\\/03\\\/cropped-cropped-cropped-logofinal.jpeg\",\"contentUrl\":\"https:\\\/\\\/renatodias.online\\\/movimento\\\/wp-content\\\/uploads\\\/2023\\\/03\\\/cropped-cropped-cropped-logofinal.jpeg\",\"width\":1280,\"height\":219,\"caption\":\"Renato Dias\"},\"logo\":{\"@id\":\"https:\\\/\\\/renatodias.online\\\/movimento\\\/wp-content\\\/uploads\\\/2023\\\/03\\\/cropped-cropped-cropped-logofinal.jpeg\"},\"description\":\"Renato Dias, 58 anos, \u00e9 graduado em Jornalismo, formado em Ci\u00eancias Sociais, com p\u00f3s-gradua\u00e7\u00e3o em Pol\u00edticas P\u00fablicas, mestre em Direito e Rela\u00e7\u00f5es Internacionais, ex-aluno extraordin\u00e1rio do Doutorado em Psicologia Social, ex-estudante do Curso de Psican\u00e1lise do Centro de Estudos Psicanal\u00edticos do Estado de Goi\u00e1s, ministrado pelo m\u00e9dico psiquiatra e psicanalista Daniel Em\u00eddio de Souza. \u00c9 autor de 30 livros-reportagem, oito document\u00e1rios, ganhou 30 pr\u00eamios e \u00e9 torcedor apaixonado do maior do Centro-Oeste, o Vila Nova Futebol Clube. Casado com Meirilane Dias, \u00e9 pai de Juliana Dias, jornalista; Daniel Dias, economista; e Maria Rosa Dias, estudante antifascista, socialista e trotskista.\u00a0Com tr\u00eas pets: Porquinho [Bull Dog Franc\u00eas], Dalila [Basset Hound] e Geleia [Basset Hound]. Al\u00e9m do eterno gato Tutuquinho, que virou estrela.\",\"sameAs\":[\"https:\\\/\\\/www.facebook.com\\\/renato.dias.37\",\"#breve\",\"https:\\\/\\\/renatodias.tumblr.com\\\/\"],\"url\":\"https:\\\/\\\/renatodias.online\\\/movimento\\\/author\\\/renatodias\\\/\"}]}<\/script>\n<!-- \/ Yoast SEO plugin. -->","yoast_head_json":{"title":"Onda vermelha em Goi\u00e2nia -","robots":{"index":"index","follow":"follow","max-snippet":"max-snippet:-1","max-image-preview":"max-image-preview:large","max-video-preview":"max-video-preview:-1"},"canonical":"https:\/\/renatodias.online\/movimento\/2022\/10\/25\/onda-vermelha-em-goiania\/","og_locale":"pt_BR","og_type":"article","og_title":"Onda vermelha em Goi\u00e2nia -","og_description":"&nbsp; 15 mil pessoas nas ruas\u00a0 Por Lula, Alckmin e Tebet l\u00e1, domingo, 30 &nbsp; Renato Dias Uma onda vermelha, projetada em 15 mil pessoas pela organiza\u00e7\u00e3o da caminhada, saiu \u00e0s ruas, em Goi\u00e2nia, com bandeiras, faixas e camisetas, no maior ato local da campanha eleitoral de Luiz In\u00e1cio Lula da Silva [PT] e Geraldo","og_url":"https:\/\/renatodias.online\/movimento\/2022\/10\/25\/onda-vermelha-em-goiania\/","article_publisher":"https:\/\/www.facebook.com\/renato.dias.37","article_author":"https:\/\/www.facebook.com\/renato.dias.37","article_published_time":"2022-10-25T18:25:45+00:00","article_modified_time":"2022-10-25T18:27:58+00:00","og_image":[{"width":310,"height":306,"url":"https:\/\/renatodias.online\/movimento\/wp-content\/uploads\/2022\/10\/1-Caminhada-e1666722107212.png","type":"image\/png"}],"author":"Renato Dias","twitter_card":"summary_large_image","twitter_creator":"@RenatoDiasBat","twitter_site":"@RenatoDiasBat","twitter_misc":{"Escrito por":"Renato Dias","Est. tempo de leitura":"2 minutos"},"schema":{"@context":"https:\/\/schema.org","@graph":[{"@type":"Article","@id":"https:\/\/renatodias.online\/movimento\/2022\/10\/25\/onda-vermelha-em-goiania\/#article","isPartOf":{"@id":"https:\/\/renatodias.online\/movimento\/2022\/10\/25\/onda-vermelha-em-goiania\/"},"author":{"name":"Renato Dias","@id":"https:\/\/renatodias.online\/movimento\/#\/schema\/person\/bbab28833b1725a20f4083f49f1fb2a9"},"headline":"Onda vermelha em Goi\u00e2nia","datePublished":"2022-10-25T18:25:45+00:00","dateModified":"2022-10-25T18:27:58+00:00","mainEntityOfPage":{"@id":"https:\/\/renatodias.online\/movimento\/2022\/10\/25\/onda-vermelha-em-goiania\/"},"wordCount":311,"commentCount":0,"publisher":{"@id":"https:\/\/renatodias.online\/movimento\/#\/schema\/person\/bbab28833b1725a20f4083f49f1fb2a9"},"image":{"@id":"https:\/\/renatodias.online\/movimento\/2022\/10\/25\/onda-vermelha-em-goiania\/#primaryimage"},"thumbnailUrl":"https:\/\/renatodias.online\/movimento\/wp-content\/uploads\/2022\/10\/1-Caminhada-e1666722107212.png","articleSection":["Pol\u00edtica"],"inLanguage":"pt-BR","potentialAction":[{"@type":"CommentAction","name":"Comment","target":["https:\/\/renatodias.online\/movimento\/2022\/10\/25\/onda-vermelha-em-goiania\/#respond"]}]},{"@type":"WebPage","@id":"https:\/\/renatodias.online\/movimento\/2022\/10\/25\/onda-vermelha-em-goiania\/","url":"https:\/\/renatodias.online\/movimento\/2022\/10\/25\/onda-vermelha-em-goiania\/","name":"Onda vermelha em Goi\u00e2nia -","isPartOf":{"@id":"https:\/\/renatodias.online\/movimento\/#website"},"primaryImageOfPage":{"@id":"https:\/\/renatodias.online\/movimento\/2022\/10\/25\/onda-vermelha-em-goiania\/#primaryimage"},"image":{"@id":"https:\/\/renatodias.online\/movimento\/2022\/10\/25\/onda-vermelha-em-goiania\/#primaryimage"},"thumbnailUrl":"https:\/\/renatodias.online\/movimento\/wp-content\/uploads\/2022\/10\/1-Caminhada-e1666722107212.png","datePublished":"2022-10-25T18:25:45+00:00","dateModified":"2022-10-25T18:27:58+00:00","breadcrumb":{"@id":"https:\/\/renatodias.online\/movimento\/2022\/10\/25\/onda-vermelha-em-goiania\/#breadcrumb"},"inLanguage":"pt-BR","potentialAction":[{"@type":"ReadAction","target":["https:\/\/renatodias.online\/movimento\/2022\/10\/25\/onda-vermelha-em-goiania\/"]}]},{"@type":"ImageObject","inLanguage":"pt-BR","@id":"https:\/\/renatodias.online\/movimento\/2022\/10\/25\/onda-vermelha-em-goiania\/#primaryimage","url":"https:\/\/renatodias.online\/movimento\/wp-content\/uploads\/2022\/10\/1-Caminhada-e1666722107212.png","contentUrl":"https:\/\/renatodias.online\/movimento\/wp-content\/uploads\/2022\/10\/1-Caminhada-e1666722107212.png","width":310,"height":306,"caption":"Luc\u00e9lia Santos, Adriana Accorsi, Bia de Lima, Isaura Lemos, Edilberto de Castro Dias, Railton Nascimento, Laisy Mori\u00e9re"},{"@type":"BreadcrumbList","@id":"https:\/\/renatodias.online\/movimento\/2022\/10\/25\/onda-vermelha-em-goiania\/#breadcrumb","itemListElement":[{"@type":"ListItem","position":1,"name":"In\u00edcio","item":"https:\/\/renatodias.online\/movimento\/"},{"@type":"ListItem","position":2,"name":"Onda vermelha em Goi\u00e2nia"}]},{"@type":"WebSite","@id":"https:\/\/renatodias.online\/movimento\/#website","url":"https:\/\/renatodias.online\/movimento\/","name":"","description":"","publisher":{"@id":"https:\/\/renatodias.online\/movimento\/#\/schema\/person\/bbab28833b1725a20f4083f49f1fb2a9"},"potentialAction":[{"@type":"SearchAction","target":{"@type":"EntryPoint","urlTemplate":"https:\/\/renatodias.online\/movimento\/?s={search_term_string}"},"query-input":{"@type":"PropertyValueSpecification","valueRequired":true,"valueName":"search_term_string"}}],"inLanguage":"pt-BR"},{"@type":["Person","Organization"],"@id":"https:\/\/renatodias.online\/movimento\/#\/schema\/person\/bbab28833b1725a20f4083f49f1fb2a9","name":"Renato Dias","image":{"@type":"ImageObject","inLanguage":"pt-BR","@id":"https:\/\/renatodias.online\/movimento\/wp-content\/uploads\/2023\/03\/cropped-cropped-cropped-logofinal.jpeg","url":"https:\/\/renatodias.online\/movimento\/wp-content\/uploads\/2023\/03\/cropped-cropped-cropped-logofinal.jpeg","contentUrl":"https:\/\/renatodias.online\/movimento\/wp-content\/uploads\/2023\/03\/cropped-cropped-cropped-logofinal.jpeg","width":1280,"height":219,"caption":"Renato Dias"},"logo":{"@id":"https:\/\/renatodias.online\/movimento\/wp-content\/uploads\/2023\/03\/cropped-cropped-cropped-logofinal.jpeg"},"description":"Renato Dias, 58 anos, \u00e9 graduado em Jornalismo, formado em Ci\u00eancias Sociais, com p\u00f3s-gradua\u00e7\u00e3o em Pol\u00edticas P\u00fablicas, mestre em Direito e Rela\u00e7\u00f5es Internacionais, ex-aluno extraordin\u00e1rio do Doutorado em Psicologia Social, ex-estudante do Curso de Psican\u00e1lise do Centro de Estudos Psicanal\u00edticos do Estado de Goi\u00e1s, ministrado pelo m\u00e9dico psiquiatra e psicanalista Daniel Em\u00eddio de Souza. \u00c9 autor de 30 livros-reportagem, oito document\u00e1rios, ganhou 30 pr\u00eamios e \u00e9 torcedor apaixonado do maior do Centro-Oeste, o Vila Nova Futebol Clube. Casado com Meirilane Dias, \u00e9 pai de Juliana Dias, jornalista; Daniel Dias, economista; e Maria Rosa Dias, estudante antifascista, socialista e trotskista.\u00a0Com tr\u00eas pets: Porquinho [Bull Dog Franc\u00eas], Dalila [Basset Hound] e Geleia [Basset Hound]. Al\u00e9m do eterno gato Tutuquinho, que virou estrela.","sameAs":["https:\/\/www.facebook.com\/renato.dias.37","#breve","https:\/\/renatodias.tumblr.com\/"],"url":"https:\/\/renatodias.online\/movimento\/author\/renatodias\/"}]}},"_links":{"self":[{"href":"https:\/\/renatodias.online\/movimento\/wp-json\/wp\/v2\/posts\/14574","targetHints":{"allow":["GET"]}}],"collection":[{"href":"https:\/\/renatodias.online\/movimento\/wp-json\/wp\/v2\/posts"}],"about":[{"href":"https:\/\/renatodias.online\/movimento\/wp-json\/wp\/v2\/types\/post"}],"author":[{"embeddable":true,"href":"https:\/\/renatodias.online\/movimento\/wp-json\/wp\/v2\/users\/2"}],"replies":[{"embeddable":true,"href":"https:\/\/renatodias.online\/movimento\/wp-json\/wp\/v2\/comments?post=14574"}],"version-history":[{"count":2,"href":"https:\/\/renatodias.online\/movimento\/wp-json\/wp\/v2\/posts\/14574\/revisions"}],"predecessor-version":[{"id":14589,"href":"https:\/\/renatodias.online\/movimento\/wp-json\/wp\/v2\/posts\/14574\/revisions\/14589"}],"wp:featuredmedia":[{"embeddable":true,"href":"https:\/\/renatodias.online\/movimento\/wp-json\/wp\/v2\/media\/14581"}],"wp:attachment":[{"href":"https:\/\/renatodias.online\/movimento\/wp-json\/wp\/v2\/media?parent=14574"}],"wp:term":[{"taxonomy":"category","embeddable":true,"href":"https:\/\/renatodias.online\/movimento\/wp-json\/wp\/v2\/categories?post=14574"},{"taxonomy":"post_tag","embeddable":true,"href":"https:\/\/renatodias.online\/movimento\/wp-json\/wp\/v2\/tags?post=14574"}],"curies":[{"name":"wp","href":"https:\/\/api.w.org\/{rel}","templated":true}]}}