{"id":14401,"date":"2022-10-07T15:56:44","date_gmt":"2022-10-07T18:56:44","guid":{"rendered":"https:\/\/renatodias.online\/movimento\/?p=14401"},"modified":"2023-03-21T01:14:48","modified_gmt":"2023-03-21T04:14:48","slug":"pedro-celio-lanca-livro-2","status":"publish","type":"post","link":"https:\/\/renatodias.online\/movimento\/2022\/10\/07\/pedro-celio-lanca-livro-2\/","title":{"rendered":"Pedro C\u00e9lio lan\u00e7a livro"},"content":{"rendered":"<p><strong><img loading=\"lazy\" decoding=\"async\" class=\"alignnone wp-image-12491 size-full\" src=\"https:\/\/renatodias.online\/movimento\/wp-content\/uploads\/2022\/05\/Lancamento-1.png\" alt=\"\" width=\"822\" height=\"168\"><\/strong><\/p>\n<h1 style=\"text-align: center;\"><span style=\"color: #0000ff;\"><strong>\u00c9 nesta sexta-feira, 18h30<\/strong><\/span><\/h1>\n<p><img loading=\"lazy\" decoding=\"async\" class=\"size-medium wp-image-14402 aligncenter\" src=\"https:\/\/renatodias.online\/movimento\/wp-content\/uploads\/2022\/10\/Pedro-Celio-Capa-do-livro-225x300.jpg\" alt=\"\" width=\"225\" height=\"300\" srcset=\"https:\/\/renatodias.online\/movimento\/wp-content\/uploads\/2022\/10\/Pedro-Celio-Capa-do-livro-225x300.jpg 225w, https:\/\/renatodias.online\/movimento\/wp-content\/uploads\/2022\/10\/Pedro-Celio-Capa-do-livro-768x1024.jpg 768w, https:\/\/renatodias.online\/movimento\/wp-content\/uploads\/2022\/10\/Pedro-Celio-Capa-do-livro-750x1000.jpg 750w, https:\/\/renatodias.online\/movimento\/wp-content\/uploads\/2022\/10\/Pedro-Celio-Capa-do-livro.jpg 867w\" sizes=\"auto, (max-width: 225px) 100vw, 225px\" \/><\/p>\n<h1 style=\"text-align: center;\"><strong>No Est\u00e1dio Ant\u00f4nio Accioly<\/strong><\/h1>\n<p><strong>Renato Dias<\/strong><\/p>\n<p>O professor doutor em Ci\u00eancias Pol\u00edticas da UFG, <strong>Pedro C\u00e9lio Alves Borges<\/strong>, lan\u00e7a, nesta sexta-feira, 7 de outubro, \u00e0s 18h30, no Est\u00e1dio Ant\u00f4nio Accioly, bairro de Campinas, o seu novo livro. De hist\u00f3rias e cr\u00f4nicas.<\/p>\n<p><img loading=\"lazy\" decoding=\"async\" class=\"size-full wp-image-5929 aligncenter\" src=\"https:\/\/renatodias.online\/movimento\/wp-content\/uploads\/2021\/04\/Especial.jpg\" alt=\"\" width=\"200\" height=\"200\" srcset=\"https:\/\/renatodias.online\/movimento\/wp-content\/uploads\/2021\/04\/Especial.jpg 200w, https:\/\/renatodias.online\/movimento\/wp-content\/uploads\/2021\/04\/Especial-150x150.jpg 150w\" sizes=\"auto, (max-width: 200px) 100vw, 200px\" \/><\/p>\n<blockquote>\n<h1><span style=\"color: #ff00ff;\"><strong>O t\u00edtulo da obra \u00e9 Textos de Pouca Valia<\/strong><\/span><\/h1>\n<figure id=\"attachment_14404\" aria-describedby=\"caption-attachment-14404\" style=\"width: 768px\" class=\"wp-caption alignnone\"><img loading=\"lazy\" decoding=\"async\" class=\"wp-image-14404 size-large\" src=\"https:\/\/renatodias.online\/movimento\/wp-content\/uploads\/2022\/10\/Pedro-Celio-Sumario-1-768x1024.jpg\" alt=\"\" width=\"768\" height=\"1024\" srcset=\"https:\/\/renatodias.online\/movimento\/wp-content\/uploads\/2022\/10\/Pedro-Celio-Sumario-1-768x1024.jpg 768w, https:\/\/renatodias.online\/movimento\/wp-content\/uploads\/2022\/10\/Pedro-Celio-Sumario-1-225x300.jpg 225w, https:\/\/renatodias.online\/movimento\/wp-content\/uploads\/2022\/10\/Pedro-Celio-Sumario-1-750x1000.jpg 750w, https:\/\/renatodias.online\/movimento\/wp-content\/uploads\/2022\/10\/Pedro-Celio-Sumario-1.jpg 867w\" sizes=\"auto, (max-width: 768px) 100vw, 768px\" \/><figcaption id=\"caption-attachment-14404\" class=\"wp-caption-text\"><strong>Sum\u00e1rio 1<\/strong><\/figcaption><\/figure><\/blockquote>\n<p>O t\u00edtulo da obra \u00e9 <strong>Textos de Pouca Valia. Com o pref\u00e1cio de Cleber Ferreira<\/strong>. A Editora \u00e9 a Kelps, de Goi\u00e2nia. Textos de diferentes \u00e9pocas da vida do autor. Intelectual p\u00fablico, torcedor rubro-negro e ativista de esquerda.<\/p>\n<blockquote>\n<h1><span style=\"color: #ff0000;\"><strong>Intelectual p\u00fablico, torcedor rubro-negro e ativista gauche<\/strong><\/span><\/h1>\n<p><img loading=\"lazy\" decoding=\"async\" class=\"size-medium wp-image-14125 aligncenter\" src=\"https:\/\/renatodias.online\/movimento\/wp-content\/uploads\/2022\/09\/Saiba-mais-300x103.png\" alt=\"\" width=\"300\" height=\"103\" srcset=\"https:\/\/renatodias.online\/movimento\/wp-content\/uploads\/2022\/09\/Saiba-mais-300x103.png 300w, https:\/\/renatodias.online\/movimento\/wp-content\/uploads\/2022\/09\/Saiba-mais.png 572w\" sizes=\"auto, (max-width: 300px) 100vw, 300px\" \/><\/p>\n<figure id=\"attachment_14405\" aria-describedby=\"caption-attachment-14405\" style=\"width: 768px\" class=\"wp-caption alignnone\"><img loading=\"lazy\" decoding=\"async\" class=\"wp-image-14405 size-large\" src=\"https:\/\/renatodias.online\/movimento\/wp-content\/uploads\/2022\/10\/Pedro-Celio-Sumario-2-768x1024.jpg\" alt=\"\" width=\"768\" height=\"1024\" srcset=\"https:\/\/renatodias.online\/movimento\/wp-content\/uploads\/2022\/10\/Pedro-Celio-Sumario-2-768x1024.jpg 768w, https:\/\/renatodias.online\/movimento\/wp-content\/uploads\/2022\/10\/Pedro-Celio-Sumario-2-225x300.jpg 225w, https:\/\/renatodias.online\/movimento\/wp-content\/uploads\/2022\/10\/Pedro-Celio-Sumario-2-750x1000.jpg 750w, https:\/\/renatodias.online\/movimento\/wp-content\/uploads\/2022\/10\/Pedro-Celio-Sumario-2.jpg 867w\" sizes=\"auto, (max-width: 768px) 100vw, 768px\" \/><figcaption id=\"caption-attachment-14405\" class=\"wp-caption-text\">Sum\u00e1rio 2<\/figcaption><\/figure><\/blockquote>\n<p><img loading=\"lazy\" decoding=\"async\" class=\"size-medium wp-image-13781 aligncenter\" src=\"https:\/\/renatodias.online\/movimento\/wp-content\/uploads\/2022\/08\/Raio-X-especial-300x112.png\" alt=\"\" width=\"300\" height=\"112\"><\/p>\n<div style=\"width: 300px;\" class=\"wp-video\"><!--[if lt IE 9]><script>document.createElement('video');<\/script><![endif]-->\n<video class=\"wp-video-shortcode\" id=\"video-14401-1\" width=\"300\" height=\"260\" preload=\"metadata\" controls=\"controls\"><source type=\"video\/mp4\" src=\"https:\/\/renatodias.online\/movimento\/wp-content\/uploads\/2022\/10\/VID-20221003-WA0208.mp4?_=1\" \/><a href=\"https:\/\/renatodias.online\/movimento\/wp-content\/uploads\/2022\/10\/VID-20221003-WA0208.mp4\">https:\/\/renatodias.online\/movimento\/wp-content\/uploads\/2022\/10\/VID-20221003-WA0208.mp4<\/a><\/video><\/div>\n","protected":false},"excerpt":{"rendered":"<p>\u00c9 nesta sexta-feira, 18h30 No Est\u00e1dio Ant\u00f4nio Accioly Renato Dias O professor doutor em Ci\u00eancias Pol\u00edticas da UFG, Pedro C\u00e9lio Alves Borges, lan\u00e7a, nesta sexta-feira, 7 de outubro, \u00e0s 18h30, no Est\u00e1dio Ant\u00f4nio Accioly, bairro de Campinas, o seu novo livro. De hist\u00f3rias e cr\u00f4nicas. O t\u00edtulo da obra \u00e9 Textos de Pouca Valia O<\/p>\n","protected":false},"author":2,"featured_media":5836,"comment_status":"open","ping_status":"open","sticky":false,"template":"","format":"standard","meta":{"_acf_changed":false,"_monsterinsights_skip_tracking":false,"_monsterinsights_sitenote_active":false,"_monsterinsights_sitenote_note":"","_monsterinsights_sitenote_category":0,"footnotes":""},"categories":[1],"tags":[],"class_list":["post-14401","post","type-post","status-publish","format-standard","has-post-thumbnail","hentry","category-cinema"],"acf":[],"yoast_head":"<!-- This site is optimized with the Yoast SEO plugin v27.4 - https:\/\/yoast.com\/product\/yoast-seo-wordpress\/ -->\n<title>Pedro C\u00e9lio lan\u00e7a livro -<\/title>\n<meta name=\"robots\" content=\"index, follow, max-snippet:-1, max-image-preview:large, max-video-preview:-1\" \/>\n<link rel=\"canonical\" href=\"https:\/\/renatodias.online\/movimento\/2022\/10\/07\/pedro-celio-lanca-livro-2\/\" \/>\n<meta property=\"og:locale\" content=\"pt_BR\" \/>\n<meta property=\"og:type\" content=\"article\" \/>\n<meta property=\"og:title\" content=\"Pedro C\u00e9lio lan\u00e7a livro -\" \/>\n<meta property=\"og:description\" content=\"\u00c9 nesta sexta-feira, 18h30 No Est\u00e1dio Ant\u00f4nio Accioly Renato Dias O professor doutor em Ci\u00eancias Pol\u00edticas da UFG, Pedro C\u00e9lio Alves Borges, lan\u00e7a, nesta sexta-feira, 7 de outubro, \u00e0s 18h30, no Est\u00e1dio Ant\u00f4nio Accioly, bairro de Campinas, o seu novo livro. De hist\u00f3rias e cr\u00f4nicas. O t\u00edtulo da obra \u00e9 Textos de Pouca Valia O\" \/>\n<meta property=\"og:url\" content=\"https:\/\/renatodias.online\/movimento\/2022\/10\/07\/pedro-celio-lanca-livro-2\/\" \/>\n<meta property=\"article:publisher\" content=\"https:\/\/www.facebook.com\/renato.dias.37\" \/>\n<meta property=\"article:author\" content=\"https:\/\/www.facebook.com\/renato.dias.37\" \/>\n<meta property=\"article:published_time\" content=\"2022-10-07T18:56:44+00:00\" \/>\n<meta property=\"article:modified_time\" content=\"2023-03-21T04:14:48+00:00\" \/>\n<meta property=\"og:image\" content=\"https:\/\/renatodias.online\/movimento\/wp-content\/uploads\/2021\/04\/pedrocelio-e1665170657783.jpeg\" \/>\n\t<meta property=\"og:image:width\" content=\"360\" \/>\n\t<meta property=\"og:image:height\" content=\"238\" \/>\n\t<meta property=\"og:image:type\" content=\"image\/jpeg\" \/>\n<meta name=\"author\" content=\"Renato Dias\" \/>\n<meta name=\"twitter:card\" content=\"summary_large_image\" \/>\n<meta name=\"twitter:creator\" content=\"@RenatoDiasBat\" \/>\n<meta name=\"twitter:site\" content=\"@RenatoDiasBat\" \/>\n<meta name=\"twitter:label1\" content=\"Escrito por\" \/>\n\t<meta name=\"twitter:data1\" content=\"Renato Dias\" \/>\n\t<meta name=\"twitter:label2\" content=\"Est. tempo de leitura\" \/>\n\t<meta name=\"twitter:data2\" content=\"3 minutos\" \/>\n<script type=\"application\/ld+json\" class=\"yoast-schema-graph\">{\"@context\":\"https:\\\/\\\/schema.org\",\"@graph\":[{\"@type\":\"Article\",\"@id\":\"https:\\\/\\\/renatodias.online\\\/movimento\\\/2022\\\/10\\\/07\\\/pedro-celio-lanca-livro-2\\\/#article\",\"isPartOf\":{\"@id\":\"https:\\\/\\\/renatodias.online\\\/movimento\\\/2022\\\/10\\\/07\\\/pedro-celio-lanca-livro-2\\\/\"},\"author\":{\"name\":\"Renato Dias\",\"@id\":\"https:\\\/\\\/renatodias.online\\\/movimento\\\/#\\\/schema\\\/person\\\/bbab28833b1725a20f4083f49f1fb2a9\"},\"headline\":\"Pedro C\u00e9lio lan\u00e7a livro\",\"datePublished\":\"2022-10-07T18:56:44+00:00\",\"dateModified\":\"2023-03-21T04:14:48+00:00\",\"mainEntityOfPage\":{\"@id\":\"https:\\\/\\\/renatodias.online\\\/movimento\\\/2022\\\/10\\\/07\\\/pedro-celio-lanca-livro-2\\\/\"},\"wordCount\":148,\"commentCount\":0,\"publisher\":{\"@id\":\"https:\\\/\\\/renatodias.online\\\/movimento\\\/#\\\/schema\\\/person\\\/bbab28833b1725a20f4083f49f1fb2a9\"},\"image\":{\"@id\":\"https:\\\/\\\/renatodias.online\\\/movimento\\\/2022\\\/10\\\/07\\\/pedro-celio-lanca-livro-2\\\/#primaryimage\"},\"thumbnailUrl\":\"https:\\\/\\\/renatodias.online\\\/movimento\\\/wp-content\\\/uploads\\\/2021\\\/04\\\/pedrocelio-e1665170657783.jpeg\",\"articleSection\":[\"Cinema\"],\"inLanguage\":\"pt-BR\",\"potentialAction\":[{\"@type\":\"CommentAction\",\"name\":\"Comment\",\"target\":[\"https:\\\/\\\/renatodias.online\\\/movimento\\\/2022\\\/10\\\/07\\\/pedro-celio-lanca-livro-2\\\/#respond\"]}]},{\"@type\":\"WebPage\",\"@id\":\"https:\\\/\\\/renatodias.online\\\/movimento\\\/2022\\\/10\\\/07\\\/pedro-celio-lanca-livro-2\\\/\",\"url\":\"https:\\\/\\\/renatodias.online\\\/movimento\\\/2022\\\/10\\\/07\\\/pedro-celio-lanca-livro-2\\\/\",\"name\":\"Pedro C\u00e9lio lan\u00e7a livro -\",\"isPartOf\":{\"@id\":\"https:\\\/\\\/renatodias.online\\\/movimento\\\/#website\"},\"primaryImageOfPage\":{\"@id\":\"https:\\\/\\\/renatodias.online\\\/movimento\\\/2022\\\/10\\\/07\\\/pedro-celio-lanca-livro-2\\\/#primaryimage\"},\"image\":{\"@id\":\"https:\\\/\\\/renatodias.online\\\/movimento\\\/2022\\\/10\\\/07\\\/pedro-celio-lanca-livro-2\\\/#primaryimage\"},\"thumbnailUrl\":\"https:\\\/\\\/renatodias.online\\\/movimento\\\/wp-content\\\/uploads\\\/2021\\\/04\\\/pedrocelio-e1665170657783.jpeg\",\"datePublished\":\"2022-10-07T18:56:44+00:00\",\"dateModified\":\"2023-03-21T04:14:48+00:00\",\"breadcrumb\":{\"@id\":\"https:\\\/\\\/renatodias.online\\\/movimento\\\/2022\\\/10\\\/07\\\/pedro-celio-lanca-livro-2\\\/#breadcrumb\"},\"inLanguage\":\"pt-BR\",\"potentialAction\":[{\"@type\":\"ReadAction\",\"target\":[\"https:\\\/\\\/renatodias.online\\\/movimento\\\/2022\\\/10\\\/07\\\/pedro-celio-lanca-livro-2\\\/\"]}]},{\"@type\":\"ImageObject\",\"inLanguage\":\"pt-BR\",\"@id\":\"https:\\\/\\\/renatodias.online\\\/movimento\\\/2022\\\/10\\\/07\\\/pedro-celio-lanca-livro-2\\\/#primaryimage\",\"url\":\"https:\\\/\\\/renatodias.online\\\/movimento\\\/wp-content\\\/uploads\\\/2021\\\/04\\\/pedrocelio-e1665170657783.jpeg\",\"contentUrl\":\"https:\\\/\\\/renatodias.online\\\/movimento\\\/wp-content\\\/uploads\\\/2021\\\/04\\\/pedrocelio-e1665170657783.jpeg\",\"width\":360,\"height\":238,\"caption\":\"Pedro C\u00e9lio Alves Borges\"},{\"@type\":\"BreadcrumbList\",\"@id\":\"https:\\\/\\\/renatodias.online\\\/movimento\\\/2022\\\/10\\\/07\\\/pedro-celio-lanca-livro-2\\\/#breadcrumb\",\"itemListElement\":[{\"@type\":\"ListItem\",\"position\":1,\"name\":\"In\u00edcio\",\"item\":\"https:\\\/\\\/renatodias.online\\\/movimento\\\/\"},{\"@type\":\"ListItem\",\"position\":2,\"name\":\"Pedro C\u00e9lio lan\u00e7a livro\"}]},{\"@type\":\"WebSite\",\"@id\":\"https:\\\/\\\/renatodias.online\\\/movimento\\\/#website\",\"url\":\"https:\\\/\\\/renatodias.online\\\/movimento\\\/\",\"name\":\"\",\"description\":\"\",\"publisher\":{\"@id\":\"https:\\\/\\\/renatodias.online\\\/movimento\\\/#\\\/schema\\\/person\\\/bbab28833b1725a20f4083f49f1fb2a9\"},\"potentialAction\":[{\"@type\":\"SearchAction\",\"target\":{\"@type\":\"EntryPoint\",\"urlTemplate\":\"https:\\\/\\\/renatodias.online\\\/movimento\\\/?s={search_term_string}\"},\"query-input\":{\"@type\":\"PropertyValueSpecification\",\"valueRequired\":true,\"valueName\":\"search_term_string\"}}],\"inLanguage\":\"pt-BR\"},{\"@type\":[\"Person\",\"Organization\"],\"@id\":\"https:\\\/\\\/renatodias.online\\\/movimento\\\/#\\\/schema\\\/person\\\/bbab28833b1725a20f4083f49f1fb2a9\",\"name\":\"Renato Dias\",\"image\":{\"@type\":\"ImageObject\",\"inLanguage\":\"pt-BR\",\"@id\":\"https:\\\/\\\/renatodias.online\\\/movimento\\\/wp-content\\\/uploads\\\/2023\\\/03\\\/cropped-cropped-cropped-logofinal.jpeg\",\"url\":\"https:\\\/\\\/renatodias.online\\\/movimento\\\/wp-content\\\/uploads\\\/2023\\\/03\\\/cropped-cropped-cropped-logofinal.jpeg\",\"contentUrl\":\"https:\\\/\\\/renatodias.online\\\/movimento\\\/wp-content\\\/uploads\\\/2023\\\/03\\\/cropped-cropped-cropped-logofinal.jpeg\",\"width\":1280,\"height\":219,\"caption\":\"Renato Dias\"},\"logo\":{\"@id\":\"https:\\\/\\\/renatodias.online\\\/movimento\\\/wp-content\\\/uploads\\\/2023\\\/03\\\/cropped-cropped-cropped-logofinal.jpeg\"},\"description\":\"Renato Dias, 58 anos, \u00e9 graduado em Jornalismo, formado em Ci\u00eancias Sociais, com p\u00f3s-gradua\u00e7\u00e3o em Pol\u00edticas P\u00fablicas, mestre em Direito e Rela\u00e7\u00f5es Internacionais, ex-aluno extraordin\u00e1rio do Doutorado em Psicologia Social, ex-estudante do Curso de Psican\u00e1lise do Centro de Estudos Psicanal\u00edticos do Estado de Goi\u00e1s, ministrado pelo m\u00e9dico psiquiatra e psicanalista Daniel Em\u00eddio de Souza. \u00c9 autor de 30 livros-reportagem, oito document\u00e1rios, ganhou 30 pr\u00eamios e \u00e9 torcedor apaixonado do maior do Centro-Oeste, o Vila Nova Futebol Clube. Casado com Meirilane Dias, \u00e9 pai de Juliana Dias, jornalista; Daniel Dias, economista; e Maria Rosa Dias, estudante antifascista, socialista e trotskista.\u00a0Com tr\u00eas pets: Porquinho [Bull Dog Franc\u00eas], Dalila [Basset Hound] e Geleia [Basset Hound]. Al\u00e9m do eterno gato Tutuquinho, que virou estrela.\",\"sameAs\":[\"https:\\\/\\\/www.facebook.com\\\/renato.dias.37\",\"#breve\",\"https:\\\/\\\/renatodias.tumblr.com\\\/\"],\"url\":\"https:\\\/\\\/renatodias.online\\\/movimento\\\/author\\\/renatodias\\\/\"}]}<\/script>\n<!-- \/ Yoast SEO plugin. -->","yoast_head_json":{"title":"Pedro C\u00e9lio lan\u00e7a livro -","robots":{"index":"index","follow":"follow","max-snippet":"max-snippet:-1","max-image-preview":"max-image-preview:large","max-video-preview":"max-video-preview:-1"},"canonical":"https:\/\/renatodias.online\/movimento\/2022\/10\/07\/pedro-celio-lanca-livro-2\/","og_locale":"pt_BR","og_type":"article","og_title":"Pedro C\u00e9lio lan\u00e7a livro -","og_description":"\u00c9 nesta sexta-feira, 18h30 No Est\u00e1dio Ant\u00f4nio Accioly Renato Dias O professor doutor em Ci\u00eancias Pol\u00edticas da UFG, Pedro C\u00e9lio Alves Borges, lan\u00e7a, nesta sexta-feira, 7 de outubro, \u00e0s 18h30, no Est\u00e1dio Ant\u00f4nio Accioly, bairro de Campinas, o seu novo livro. De hist\u00f3rias e cr\u00f4nicas. O t\u00edtulo da obra \u00e9 Textos de Pouca Valia O","og_url":"https:\/\/renatodias.online\/movimento\/2022\/10\/07\/pedro-celio-lanca-livro-2\/","article_publisher":"https:\/\/www.facebook.com\/renato.dias.37","article_author":"https:\/\/www.facebook.com\/renato.dias.37","article_published_time":"2022-10-07T18:56:44+00:00","article_modified_time":"2023-03-21T04:14:48+00:00","og_image":[{"width":360,"height":238,"url":"https:\/\/renatodias.online\/movimento\/wp-content\/uploads\/2021\/04\/pedrocelio-e1665170657783.jpeg","type":"image\/jpeg"}],"author":"Renato Dias","twitter_card":"summary_large_image","twitter_creator":"@RenatoDiasBat","twitter_site":"@RenatoDiasBat","twitter_misc":{"Escrito por":"Renato Dias","Est. tempo de leitura":"3 minutos"},"schema":{"@context":"https:\/\/schema.org","@graph":[{"@type":"Article","@id":"https:\/\/renatodias.online\/movimento\/2022\/10\/07\/pedro-celio-lanca-livro-2\/#article","isPartOf":{"@id":"https:\/\/renatodias.online\/movimento\/2022\/10\/07\/pedro-celio-lanca-livro-2\/"},"author":{"name":"Renato Dias","@id":"https:\/\/renatodias.online\/movimento\/#\/schema\/person\/bbab28833b1725a20f4083f49f1fb2a9"},"headline":"Pedro C\u00e9lio lan\u00e7a livro","datePublished":"2022-10-07T18:56:44+00:00","dateModified":"2023-03-21T04:14:48+00:00","mainEntityOfPage":{"@id":"https:\/\/renatodias.online\/movimento\/2022\/10\/07\/pedro-celio-lanca-livro-2\/"},"wordCount":148,"commentCount":0,"publisher":{"@id":"https:\/\/renatodias.online\/movimento\/#\/schema\/person\/bbab28833b1725a20f4083f49f1fb2a9"},"image":{"@id":"https:\/\/renatodias.online\/movimento\/2022\/10\/07\/pedro-celio-lanca-livro-2\/#primaryimage"},"thumbnailUrl":"https:\/\/renatodias.online\/movimento\/wp-content\/uploads\/2021\/04\/pedrocelio-e1665170657783.jpeg","articleSection":["Cinema"],"inLanguage":"pt-BR","potentialAction":[{"@type":"CommentAction","name":"Comment","target":["https:\/\/renatodias.online\/movimento\/2022\/10\/07\/pedro-celio-lanca-livro-2\/#respond"]}]},{"@type":"WebPage","@id":"https:\/\/renatodias.online\/movimento\/2022\/10\/07\/pedro-celio-lanca-livro-2\/","url":"https:\/\/renatodias.online\/movimento\/2022\/10\/07\/pedro-celio-lanca-livro-2\/","name":"Pedro C\u00e9lio lan\u00e7a livro -","isPartOf":{"@id":"https:\/\/renatodias.online\/movimento\/#website"},"primaryImageOfPage":{"@id":"https:\/\/renatodias.online\/movimento\/2022\/10\/07\/pedro-celio-lanca-livro-2\/#primaryimage"},"image":{"@id":"https:\/\/renatodias.online\/movimento\/2022\/10\/07\/pedro-celio-lanca-livro-2\/#primaryimage"},"thumbnailUrl":"https:\/\/renatodias.online\/movimento\/wp-content\/uploads\/2021\/04\/pedrocelio-e1665170657783.jpeg","datePublished":"2022-10-07T18:56:44+00:00","dateModified":"2023-03-21T04:14:48+00:00","breadcrumb":{"@id":"https:\/\/renatodias.online\/movimento\/2022\/10\/07\/pedro-celio-lanca-livro-2\/#breadcrumb"},"inLanguage":"pt-BR","potentialAction":[{"@type":"ReadAction","target":["https:\/\/renatodias.online\/movimento\/2022\/10\/07\/pedro-celio-lanca-livro-2\/"]}]},{"@type":"ImageObject","inLanguage":"pt-BR","@id":"https:\/\/renatodias.online\/movimento\/2022\/10\/07\/pedro-celio-lanca-livro-2\/#primaryimage","url":"https:\/\/renatodias.online\/movimento\/wp-content\/uploads\/2021\/04\/pedrocelio-e1665170657783.jpeg","contentUrl":"https:\/\/renatodias.online\/movimento\/wp-content\/uploads\/2021\/04\/pedrocelio-e1665170657783.jpeg","width":360,"height":238,"caption":"Pedro C\u00e9lio Alves Borges"},{"@type":"BreadcrumbList","@id":"https:\/\/renatodias.online\/movimento\/2022\/10\/07\/pedro-celio-lanca-livro-2\/#breadcrumb","itemListElement":[{"@type":"ListItem","position":1,"name":"In\u00edcio","item":"https:\/\/renatodias.online\/movimento\/"},{"@type":"ListItem","position":2,"name":"Pedro C\u00e9lio lan\u00e7a livro"}]},{"@type":"WebSite","@id":"https:\/\/renatodias.online\/movimento\/#website","url":"https:\/\/renatodias.online\/movimento\/","name":"","description":"","publisher":{"@id":"https:\/\/renatodias.online\/movimento\/#\/schema\/person\/bbab28833b1725a20f4083f49f1fb2a9"},"potentialAction":[{"@type":"SearchAction","target":{"@type":"EntryPoint","urlTemplate":"https:\/\/renatodias.online\/movimento\/?s={search_term_string}"},"query-input":{"@type":"PropertyValueSpecification","valueRequired":true,"valueName":"search_term_string"}}],"inLanguage":"pt-BR"},{"@type":["Person","Organization"],"@id":"https:\/\/renatodias.online\/movimento\/#\/schema\/person\/bbab28833b1725a20f4083f49f1fb2a9","name":"Renato Dias","image":{"@type":"ImageObject","inLanguage":"pt-BR","@id":"https:\/\/renatodias.online\/movimento\/wp-content\/uploads\/2023\/03\/cropped-cropped-cropped-logofinal.jpeg","url":"https:\/\/renatodias.online\/movimento\/wp-content\/uploads\/2023\/03\/cropped-cropped-cropped-logofinal.jpeg","contentUrl":"https:\/\/renatodias.online\/movimento\/wp-content\/uploads\/2023\/03\/cropped-cropped-cropped-logofinal.jpeg","width":1280,"height":219,"caption":"Renato Dias"},"logo":{"@id":"https:\/\/renatodias.online\/movimento\/wp-content\/uploads\/2023\/03\/cropped-cropped-cropped-logofinal.jpeg"},"description":"Renato Dias, 58 anos, \u00e9 graduado em Jornalismo, formado em Ci\u00eancias Sociais, com p\u00f3s-gradua\u00e7\u00e3o em Pol\u00edticas P\u00fablicas, mestre em Direito e Rela\u00e7\u00f5es Internacionais, ex-aluno extraordin\u00e1rio do Doutorado em Psicologia Social, ex-estudante do Curso de Psican\u00e1lise do Centro de Estudos Psicanal\u00edticos do Estado de Goi\u00e1s, ministrado pelo m\u00e9dico psiquiatra e psicanalista Daniel Em\u00eddio de Souza. \u00c9 autor de 30 livros-reportagem, oito document\u00e1rios, ganhou 30 pr\u00eamios e \u00e9 torcedor apaixonado do maior do Centro-Oeste, o Vila Nova Futebol Clube. Casado com Meirilane Dias, \u00e9 pai de Juliana Dias, jornalista; Daniel Dias, economista; e Maria Rosa Dias, estudante antifascista, socialista e trotskista.\u00a0Com tr\u00eas pets: Porquinho [Bull Dog Franc\u00eas], Dalila [Basset Hound] e Geleia [Basset Hound]. Al\u00e9m do eterno gato Tutuquinho, que virou estrela.","sameAs":["https:\/\/www.facebook.com\/renato.dias.37","#breve","https:\/\/renatodias.tumblr.com\/"],"url":"https:\/\/renatodias.online\/movimento\/author\/renatodias\/"}]}},"_links":{"self":[{"href":"https:\/\/renatodias.online\/movimento\/wp-json\/wp\/v2\/posts\/14401","targetHints":{"allow":["GET"]}}],"collection":[{"href":"https:\/\/renatodias.online\/movimento\/wp-json\/wp\/v2\/posts"}],"about":[{"href":"https:\/\/renatodias.online\/movimento\/wp-json\/wp\/v2\/types\/post"}],"author":[{"embeddable":true,"href":"https:\/\/renatodias.online\/movimento\/wp-json\/wp\/v2\/users\/2"}],"replies":[{"embeddable":true,"href":"https:\/\/renatodias.online\/movimento\/wp-json\/wp\/v2\/comments?post=14401"}],"version-history":[{"count":2,"href":"https:\/\/renatodias.online\/movimento\/wp-json\/wp\/v2\/posts\/14401\/revisions"}],"predecessor-version":[{"id":16052,"href":"https:\/\/renatodias.online\/movimento\/wp-json\/wp\/v2\/posts\/14401\/revisions\/16052"}],"wp:featuredmedia":[{"embeddable":true,"href":"https:\/\/renatodias.online\/movimento\/wp-json\/wp\/v2\/media\/5836"}],"wp:attachment":[{"href":"https:\/\/renatodias.online\/movimento\/wp-json\/wp\/v2\/media?parent=14401"}],"wp:term":[{"taxonomy":"category","embeddable":true,"href":"https:\/\/renatodias.online\/movimento\/wp-json\/wp\/v2\/categories?post=14401"},{"taxonomy":"post_tag","embeddable":true,"href":"https:\/\/renatodias.online\/movimento\/wp-json\/wp\/v2\/tags?post=14401"}],"curies":[{"name":"wp","href":"https:\/\/api.w.org\/{rel}","templated":true}]}}