{"id":14399,"date":"2022-10-07T15:50:16","date_gmt":"2022-10-07T18:50:16","guid":{"rendered":"https:\/\/renatodias.online\/movimento\/?p=14399"},"modified":"2022-10-07T15:50:16","modified_gmt":"2022-10-07T18:50:16","slug":"gilvane-felipe-apoia-lula","status":"publish","type":"post","link":"https:\/\/renatodias.online\/movimento\/2022\/10\/07\/gilvane-felipe-apoia-lula\/","title":{"rendered":"Gilvane Felipe apoia Lula"},"content":{"rendered":"<p><strong><img loading=\"lazy\" decoding=\"async\" class=\"size-medium wp-image-13186 aligncenter\" src=\"https:\/\/renatodias.online\/movimento\/wp-content\/uploads\/2022\/07\/Cidadania-300x200.jpg\" alt=\"\" width=\"300\" height=\"200\" \/><\/strong><\/p>\n<h1 style=\"text-align: center;\"><span style=\"color: #ff00ff;\"><strong>Cidadania integra Frente Ampla<\/strong><\/span><\/h1>\n<figure id=\"attachment_13743\" aria-describedby=\"caption-attachment-13743\" style=\"width: 800px\" class=\"wp-caption alignnone\"><img loading=\"lazy\" decoding=\"async\" class=\"size-full wp-image-13743\" src=\"https:\/\/renatodias.online\/movimento\/wp-content\/uploads\/2022\/08\/Lula-e-Geraldo-Alckmin.jpeg\" alt=\"\" width=\"800\" height=\"511\" \/><figcaption id=\"caption-attachment-13743\" class=\"wp-caption-text\"><strong>Luiz In\u00e1cio Lula da Silva e Geraldo Alckmin<\/strong><\/figcaption><\/figure>\n<h1 style=\"text-align: center;\"><span style=\"color: #0000ff;\"><strong>Em defesa da democracia<\/strong><\/span><\/h1>\n<p><strong> <img loading=\"lazy\" decoding=\"async\" class=\"size-medium wp-image-14238 aligncenter\" src=\"https:\/\/renatodias.online\/movimento\/wp-content\/uploads\/2022\/09\/Rosemar-Cardoso-ilustracao-Lula-13-300x214.jpg\" alt=\"\" width=\"300\" height=\"214\" srcset=\"https:\/\/renatodias.online\/movimento\/wp-content\/uploads\/2022\/09\/Rosemar-Cardoso-ilustracao-Lula-13-300x214.jpg 300w, https:\/\/renatodias.online\/movimento\/wp-content\/uploads\/2022\/09\/Rosemar-Cardoso-ilustracao-Lula-13-768x549.jpg 768w, https:\/\/renatodias.online\/movimento\/wp-content\/uploads\/2022\/09\/Rosemar-Cardoso-ilustracao-Lula-13-750x536.jpg 750w, https:\/\/renatodias.online\/movimento\/wp-content\/uploads\/2022\/09\/Rosemar-Cardoso-ilustracao-Lula-13-85x60.jpg 85w, https:\/\/renatodias.online\/movimento\/wp-content\/uploads\/2022\/09\/Rosemar-Cardoso-ilustracao-Lula-13.jpg 980w\" sizes=\"auto, (max-width: 300px) 100vw, 300px\" \/><\/strong><\/p>\n<p><span style=\"color: #ff0000;\"><strong>Renato Dias<\/strong><\/span><\/p>\n<p>O presidente da sigla Cidadania, em Goi\u00e1s, historiador <span style=\"color: #0000ff;\"><strong>Gilvane Felipe<\/strong><\/span>, informa ao <span style=\"color: #ff0000;\"><strong>Portal de Not\u00edcias www.renatodias.online<\/strong><\/span> que a legenda apoia <strong>Luiz In\u00e1cio Lula da Silva [PT] e Geraldo Alckmin [PSB] no segundo turno <\/strong>das elei\u00e7\u00f5es ao Pal\u00e1cio do Planalto.<\/p>\n<blockquote>\n<h1><span style=\"color: #808000;\"><strong>O segundo turno ser\u00e1 realizado dia 30 de outubro de 2022<\/strong><\/span><\/h1>\n<\/blockquote>\n<p><span style=\"color: #0000ff;\"><strong>Gilvane Felipe<\/strong>\u00a0<\/span><\/p>\n<p><figure id=\"attachment_13725\" aria-describedby=\"caption-attachment-13725\" style=\"width: 1140px\" class=\"wp-caption alignnone\"><img loading=\"lazy\" decoding=\"async\" class=\"wp-image-13725 size-large\" src=\"https:\/\/renatodias.online\/movimento\/wp-content\/uploads\/2022\/08\/Simone-Tebet-1536x1024.jpeg\" alt=\"\" width=\"1140\" height=\"760\" \/><figcaption id=\"caption-attachment-13725\" class=\"wp-caption-text\"><strong>Simone Tebet [MDB-MS]<\/strong><\/figcaption><\/figure>Em Federa\u00e7\u00e3o com o PSDB, a legenda fez palanque na disputa \u00e0 presid\u00eancia da Rep\u00fablica, em 2 de outubro \u00faltimo, para a senadora da Rep\u00fablica <span style=\"color: #ff00ff;\"><strong>Simone Tebet [MDB]<\/strong><\/span>. <strong>&#8220;Uma frente em defesa da democracia, de suas institui\u00e7\u00f5es e da Constitui\u00e7\u00e3o de 1988&#8221;.<\/strong><\/p>\n<blockquote>\n<h1><span style=\"color: #808000;\"><strong>Pandemia do Coronavirus Covid 19 matou 687 mil pessoas<\/strong><\/span><\/h1>\n<\/blockquote>\n<p><span style=\"color: #0000ff;\"><strong>Gilvane Felipe\u00a0<\/strong><\/span><\/p>\n<figure id=\"attachment_8249\" aria-describedby=\"caption-attachment-8249\" style=\"width: 945px\" class=\"wp-caption alignnone\"><img loading=\"lazy\" decoding=\"async\" class=\"wp-image-8249 size-full\" src=\"https:\/\/renatodias.online\/movimento\/wp-content\/uploads\/2021\/08\/A-tragedia-das-mortes-sob-a-Pandemia.jpg\" alt=\"\" width=\"945\" height=\"462\" srcset=\"https:\/\/renatodias.online\/movimento\/wp-content\/uploads\/2021\/08\/A-tragedia-das-mortes-sob-a-Pandemia.jpg 945w, https:\/\/renatodias.online\/movimento\/wp-content\/uploads\/2021\/08\/A-tragedia-das-mortes-sob-a-Pandemia-300x147.jpg 300w, https:\/\/renatodias.online\/movimento\/wp-content\/uploads\/2021\/08\/A-tragedia-das-mortes-sob-a-Pandemia-768x375.jpg 768w, https:\/\/renatodias.online\/movimento\/wp-content\/uploads\/2021\/08\/A-tragedia-das-mortes-sob-a-Pandemia-750x367.jpg 750w\" sizes=\"auto, (max-width: 945px) 100vw, 945px\" \/><figcaption id=\"caption-attachment-8249\" class=\"wp-caption-text\"><strong>A trag\u00e9dia das mortes sob a Pandemia, no Brasil<\/strong><\/figcaption><\/figure>\n<p>Gilvane Felipe ataca Ronaldo Caiado [Uni\u00e3o Brasil]. Ele declarou voto em Jair Bolsonaro [PL<strong>].\u00a0 &#8220;Que negou a gravidade da Pandemia, com 687 mil mortes,\u00a0 adiou a compra e a aplica\u00e7\u00e3o de vacinas e defendia o uso de medicamentos ineficazes&#8221;, atira<\/strong>.<\/p>\n<blockquote>\n<h1><span style=\"color: #808000;\"><strong>O m\u00e9dico que apoia o monstro<\/strong><\/span><\/h1>\n<\/blockquote>\n<p><span style=\"color: #0000ff;\"><strong>Gilvane Felipe<\/strong><\/span><\/p>\n<p><img loading=\"lazy\" decoding=\"async\" class=\"alignnone wp-image-14232 size-full\" src=\"https:\/\/renatodias.online\/movimento\/wp-content\/uploads\/2022\/09\/Card-Jair-Bolsonaro-Rosemar-Cardoso.jpg\" alt=\"\" width=\"978\" height=\"706\" srcset=\"https:\/\/renatodias.online\/movimento\/wp-content\/uploads\/2022\/09\/Card-Jair-Bolsonaro-Rosemar-Cardoso.jpg 978w, https:\/\/renatodias.online\/movimento\/wp-content\/uploads\/2022\/09\/Card-Jair-Bolsonaro-Rosemar-Cardoso-300x217.jpg 300w, https:\/\/renatodias.online\/movimento\/wp-content\/uploads\/2022\/09\/Card-Jair-Bolsonaro-Rosemar-Cardoso-768x554.jpg 768w, https:\/\/renatodias.online\/movimento\/wp-content\/uploads\/2022\/09\/Card-Jair-Bolsonaro-Rosemar-Cardoso-750x541.jpg 750w, https:\/\/renatodias.online\/movimento\/wp-content\/uploads\/2022\/09\/Card-Jair-Bolsonaro-Rosemar-Cardoso-85x60.jpg 85w\" sizes=\"auto, (max-width: 978px) 100vw, 978px\" \/><\/p>\n","protected":false},"excerpt":{"rendered":"<p>Cidadania integra Frente Ampla Em defesa da democracia Renato Dias O presidente da sigla Cidadania, em Goi\u00e1s, historiador Gilvane Felipe, informa ao Portal de Not\u00edcias www.renatodias.online que a legenda apoia Luiz In\u00e1cio Lula da Silva [PT] e Geraldo Alckmin [PSB] no segundo turno das elei\u00e7\u00f5es ao Pal\u00e1cio do Planalto. O segundo turno ser\u00e1 realizado dia<\/p>\n","protected":false},"author":2,"featured_media":13187,"comment_status":"open","ping_status":"open","sticky":false,"template":"","format":"standard","meta":{"_acf_changed":false,"_monsterinsights_skip_tracking":false,"_monsterinsights_sitenote_active":false,"_monsterinsights_sitenote_note":"","_monsterinsights_sitenote_category":0,"footnotes":""},"categories":[4],"tags":[],"class_list":["post-14399","post","type-post","status-publish","format-standard","has-post-thumbnail","hentry","category-politica"],"acf":[],"yoast_head":"<!-- This site is optimized with the Yoast SEO plugin v27.4 - https:\/\/yoast.com\/product\/yoast-seo-wordpress\/ -->\n<title>Gilvane Felipe apoia Lula -<\/title>\n<meta name=\"robots\" content=\"index, follow, max-snippet:-1, max-image-preview:large, max-video-preview:-1\" \/>\n<link rel=\"canonical\" href=\"https:\/\/renatodias.online\/movimento\/2022\/10\/07\/gilvane-felipe-apoia-lula\/\" \/>\n<meta property=\"og:locale\" content=\"pt_BR\" \/>\n<meta property=\"og:type\" content=\"article\" \/>\n<meta property=\"og:title\" content=\"Gilvane Felipe apoia Lula -\" \/>\n<meta property=\"og:description\" content=\"Cidadania integra Frente Ampla Em defesa da democracia Renato Dias O presidente da sigla Cidadania, em Goi\u00e1s, historiador Gilvane Felipe, informa ao Portal de Not\u00edcias www.renatodias.online que a legenda apoia Luiz In\u00e1cio Lula da Silva [PT] e Geraldo Alckmin [PSB] no segundo turno das elei\u00e7\u00f5es ao Pal\u00e1cio do Planalto. O segundo turno ser\u00e1 realizado dia\" \/>\n<meta property=\"og:url\" content=\"https:\/\/renatodias.online\/movimento\/2022\/10\/07\/gilvane-felipe-apoia-lula\/\" \/>\n<meta property=\"article:publisher\" content=\"https:\/\/www.facebook.com\/renato.dias.37\" \/>\n<meta property=\"article:author\" content=\"https:\/\/www.facebook.com\/renato.dias.37\" \/>\n<meta property=\"article:published_time\" content=\"2022-10-07T18:50:16+00:00\" \/>\n<meta property=\"og:image\" content=\"https:\/\/renatodias.online\/movimento\/wp-content\/uploads\/2022\/07\/Gilvane-Felipe.jpg\" \/>\n\t<meta property=\"og:image:width\" content=\"775\" \/>\n\t<meta property=\"og:image:height\" content=\"520\" \/>\n\t<meta property=\"og:image:type\" content=\"image\/jpeg\" \/>\n<meta name=\"author\" content=\"Renato Dias\" \/>\n<meta name=\"twitter:card\" content=\"summary_large_image\" \/>\n<meta name=\"twitter:creator\" content=\"@RenatoDiasBat\" \/>\n<meta name=\"twitter:site\" content=\"@RenatoDiasBat\" \/>\n<meta name=\"twitter:label1\" content=\"Escrito por\" \/>\n\t<meta name=\"twitter:data1\" content=\"Renato Dias\" \/>\n\t<meta name=\"twitter:label2\" content=\"Est. tempo de leitura\" \/>\n\t<meta name=\"twitter:data2\" content=\"1 minuto\" \/>\n<script type=\"application\/ld+json\" class=\"yoast-schema-graph\">{\"@context\":\"https:\\\/\\\/schema.org\",\"@graph\":[{\"@type\":\"Article\",\"@id\":\"https:\\\/\\\/renatodias.online\\\/movimento\\\/2022\\\/10\\\/07\\\/gilvane-felipe-apoia-lula\\\/#article\",\"isPartOf\":{\"@id\":\"https:\\\/\\\/renatodias.online\\\/movimento\\\/2022\\\/10\\\/07\\\/gilvane-felipe-apoia-lula\\\/\"},\"author\":{\"name\":\"Renato Dias\",\"@id\":\"https:\\\/\\\/renatodias.online\\\/movimento\\\/#\\\/schema\\\/person\\\/bbab28833b1725a20f4083f49f1fb2a9\"},\"headline\":\"Gilvane Felipe apoia Lula\",\"datePublished\":\"2022-10-07T18:50:16+00:00\",\"mainEntityOfPage\":{\"@id\":\"https:\\\/\\\/renatodias.online\\\/movimento\\\/2022\\\/10\\\/07\\\/gilvane-felipe-apoia-lula\\\/\"},\"wordCount\":218,\"commentCount\":0,\"publisher\":{\"@id\":\"https:\\\/\\\/renatodias.online\\\/movimento\\\/#\\\/schema\\\/person\\\/bbab28833b1725a20f4083f49f1fb2a9\"},\"image\":{\"@id\":\"https:\\\/\\\/renatodias.online\\\/movimento\\\/2022\\\/10\\\/07\\\/gilvane-felipe-apoia-lula\\\/#primaryimage\"},\"thumbnailUrl\":\"https:\\\/\\\/renatodias.online\\\/movimento\\\/wp-content\\\/uploads\\\/2022\\\/07\\\/Gilvane-Felipe-e1701531603551.jpg\",\"articleSection\":[\"Pol\u00edtica\"],\"inLanguage\":\"pt-BR\",\"potentialAction\":[{\"@type\":\"CommentAction\",\"name\":\"Comment\",\"target\":[\"https:\\\/\\\/renatodias.online\\\/movimento\\\/2022\\\/10\\\/07\\\/gilvane-felipe-apoia-lula\\\/#respond\"]}]},{\"@type\":\"WebPage\",\"@id\":\"https:\\\/\\\/renatodias.online\\\/movimento\\\/2022\\\/10\\\/07\\\/gilvane-felipe-apoia-lula\\\/\",\"url\":\"https:\\\/\\\/renatodias.online\\\/movimento\\\/2022\\\/10\\\/07\\\/gilvane-felipe-apoia-lula\\\/\",\"name\":\"Gilvane Felipe apoia Lula -\",\"isPartOf\":{\"@id\":\"https:\\\/\\\/renatodias.online\\\/movimento\\\/#website\"},\"primaryImageOfPage\":{\"@id\":\"https:\\\/\\\/renatodias.online\\\/movimento\\\/2022\\\/10\\\/07\\\/gilvane-felipe-apoia-lula\\\/#primaryimage\"},\"image\":{\"@id\":\"https:\\\/\\\/renatodias.online\\\/movimento\\\/2022\\\/10\\\/07\\\/gilvane-felipe-apoia-lula\\\/#primaryimage\"},\"thumbnailUrl\":\"https:\\\/\\\/renatodias.online\\\/movimento\\\/wp-content\\\/uploads\\\/2022\\\/07\\\/Gilvane-Felipe-e1701531603551.jpg\",\"datePublished\":\"2022-10-07T18:50:16+00:00\",\"breadcrumb\":{\"@id\":\"https:\\\/\\\/renatodias.online\\\/movimento\\\/2022\\\/10\\\/07\\\/gilvane-felipe-apoia-lula\\\/#breadcrumb\"},\"inLanguage\":\"pt-BR\",\"potentialAction\":[{\"@type\":\"ReadAction\",\"target\":[\"https:\\\/\\\/renatodias.online\\\/movimento\\\/2022\\\/10\\\/07\\\/gilvane-felipe-apoia-lula\\\/\"]}]},{\"@type\":\"ImageObject\",\"inLanguage\":\"pt-BR\",\"@id\":\"https:\\\/\\\/renatodias.online\\\/movimento\\\/2022\\\/10\\\/07\\\/gilvane-felipe-apoia-lula\\\/#primaryimage\",\"url\":\"https:\\\/\\\/renatodias.online\\\/movimento\\\/wp-content\\\/uploads\\\/2022\\\/07\\\/Gilvane-Felipe-e1701531603551.jpg\",\"contentUrl\":\"https:\\\/\\\/renatodias.online\\\/movimento\\\/wp-content\\\/uploads\\\/2022\\\/07\\\/Gilvane-Felipe-e1701531603551.jpg\",\"width\":500,\"height\":335,\"caption\":\"Gilvane Felipe\"},{\"@type\":\"BreadcrumbList\",\"@id\":\"https:\\\/\\\/renatodias.online\\\/movimento\\\/2022\\\/10\\\/07\\\/gilvane-felipe-apoia-lula\\\/#breadcrumb\",\"itemListElement\":[{\"@type\":\"ListItem\",\"position\":1,\"name\":\"In\u00edcio\",\"item\":\"https:\\\/\\\/renatodias.online\\\/movimento\\\/\"},{\"@type\":\"ListItem\",\"position\":2,\"name\":\"Gilvane Felipe apoia Lula\"}]},{\"@type\":\"WebSite\",\"@id\":\"https:\\\/\\\/renatodias.online\\\/movimento\\\/#website\",\"url\":\"https:\\\/\\\/renatodias.online\\\/movimento\\\/\",\"name\":\"\",\"description\":\"\",\"publisher\":{\"@id\":\"https:\\\/\\\/renatodias.online\\\/movimento\\\/#\\\/schema\\\/person\\\/bbab28833b1725a20f4083f49f1fb2a9\"},\"potentialAction\":[{\"@type\":\"SearchAction\",\"target\":{\"@type\":\"EntryPoint\",\"urlTemplate\":\"https:\\\/\\\/renatodias.online\\\/movimento\\\/?s={search_term_string}\"},\"query-input\":{\"@type\":\"PropertyValueSpecification\",\"valueRequired\":true,\"valueName\":\"search_term_string\"}}],\"inLanguage\":\"pt-BR\"},{\"@type\":[\"Person\",\"Organization\"],\"@id\":\"https:\\\/\\\/renatodias.online\\\/movimento\\\/#\\\/schema\\\/person\\\/bbab28833b1725a20f4083f49f1fb2a9\",\"name\":\"Renato Dias\",\"image\":{\"@type\":\"ImageObject\",\"inLanguage\":\"pt-BR\",\"@id\":\"https:\\\/\\\/renatodias.online\\\/movimento\\\/wp-content\\\/uploads\\\/2023\\\/03\\\/cropped-cropped-cropped-logofinal.jpeg\",\"url\":\"https:\\\/\\\/renatodias.online\\\/movimento\\\/wp-content\\\/uploads\\\/2023\\\/03\\\/cropped-cropped-cropped-logofinal.jpeg\",\"contentUrl\":\"https:\\\/\\\/renatodias.online\\\/movimento\\\/wp-content\\\/uploads\\\/2023\\\/03\\\/cropped-cropped-cropped-logofinal.jpeg\",\"width\":1280,\"height\":219,\"caption\":\"Renato Dias\"},\"logo\":{\"@id\":\"https:\\\/\\\/renatodias.online\\\/movimento\\\/wp-content\\\/uploads\\\/2023\\\/03\\\/cropped-cropped-cropped-logofinal.jpeg\"},\"description\":\"Renato Dias, 58 anos, \u00e9 graduado em Jornalismo, formado em Ci\u00eancias Sociais, com p\u00f3s-gradua\u00e7\u00e3o em Pol\u00edticas P\u00fablicas, mestre em Direito e Rela\u00e7\u00f5es Internacionais, ex-aluno extraordin\u00e1rio do Doutorado em Psicologia Social, ex-estudante do Curso de Psican\u00e1lise do Centro de Estudos Psicanal\u00edticos do Estado de Goi\u00e1s, ministrado pelo m\u00e9dico psiquiatra e psicanalista Daniel Em\u00eddio de Souza. \u00c9 autor de 30 livros-reportagem, oito document\u00e1rios, ganhou 30 pr\u00eamios e \u00e9 torcedor apaixonado do maior do Centro-Oeste, o Vila Nova Futebol Clube. Casado com Meirilane Dias, \u00e9 pai de Juliana Dias, jornalista; Daniel Dias, economista; e Maria Rosa Dias, estudante antifascista, socialista e trotskista.\u00a0Com tr\u00eas pets: Porquinho [Bull Dog Franc\u00eas], Dalila [Basset Hound] e Geleia [Basset Hound]. Al\u00e9m do eterno gato Tutuquinho, que virou estrela.\",\"sameAs\":[\"https:\\\/\\\/www.facebook.com\\\/renato.dias.37\",\"#breve\",\"https:\\\/\\\/renatodias.tumblr.com\\\/\"],\"url\":\"https:\\\/\\\/renatodias.online\\\/movimento\\\/author\\\/renatodias\\\/\"}]}<\/script>\n<!-- \/ Yoast SEO plugin. -->","yoast_head_json":{"title":"Gilvane Felipe apoia Lula -","robots":{"index":"index","follow":"follow","max-snippet":"max-snippet:-1","max-image-preview":"max-image-preview:large","max-video-preview":"max-video-preview:-1"},"canonical":"https:\/\/renatodias.online\/movimento\/2022\/10\/07\/gilvane-felipe-apoia-lula\/","og_locale":"pt_BR","og_type":"article","og_title":"Gilvane Felipe apoia Lula -","og_description":"Cidadania integra Frente Ampla Em defesa da democracia Renato Dias O presidente da sigla Cidadania, em Goi\u00e1s, historiador Gilvane Felipe, informa ao Portal de Not\u00edcias www.renatodias.online que a legenda apoia Luiz In\u00e1cio Lula da Silva [PT] e Geraldo Alckmin [PSB] no segundo turno das elei\u00e7\u00f5es ao Pal\u00e1cio do Planalto. O segundo turno ser\u00e1 realizado dia","og_url":"https:\/\/renatodias.online\/movimento\/2022\/10\/07\/gilvane-felipe-apoia-lula\/","article_publisher":"https:\/\/www.facebook.com\/renato.dias.37","article_author":"https:\/\/www.facebook.com\/renato.dias.37","article_published_time":"2022-10-07T18:50:16+00:00","og_image":[{"width":775,"height":520,"url":"https:\/\/renatodias.online\/movimento\/wp-content\/uploads\/2022\/07\/Gilvane-Felipe.jpg","type":"image\/jpeg"}],"author":"Renato Dias","twitter_card":"summary_large_image","twitter_creator":"@RenatoDiasBat","twitter_site":"@RenatoDiasBat","twitter_misc":{"Escrito por":"Renato Dias","Est. tempo de leitura":"1 minuto"},"schema":{"@context":"https:\/\/schema.org","@graph":[{"@type":"Article","@id":"https:\/\/renatodias.online\/movimento\/2022\/10\/07\/gilvane-felipe-apoia-lula\/#article","isPartOf":{"@id":"https:\/\/renatodias.online\/movimento\/2022\/10\/07\/gilvane-felipe-apoia-lula\/"},"author":{"name":"Renato Dias","@id":"https:\/\/renatodias.online\/movimento\/#\/schema\/person\/bbab28833b1725a20f4083f49f1fb2a9"},"headline":"Gilvane Felipe apoia Lula","datePublished":"2022-10-07T18:50:16+00:00","mainEntityOfPage":{"@id":"https:\/\/renatodias.online\/movimento\/2022\/10\/07\/gilvane-felipe-apoia-lula\/"},"wordCount":218,"commentCount":0,"publisher":{"@id":"https:\/\/renatodias.online\/movimento\/#\/schema\/person\/bbab28833b1725a20f4083f49f1fb2a9"},"image":{"@id":"https:\/\/renatodias.online\/movimento\/2022\/10\/07\/gilvane-felipe-apoia-lula\/#primaryimage"},"thumbnailUrl":"https:\/\/renatodias.online\/movimento\/wp-content\/uploads\/2022\/07\/Gilvane-Felipe-e1701531603551.jpg","articleSection":["Pol\u00edtica"],"inLanguage":"pt-BR","potentialAction":[{"@type":"CommentAction","name":"Comment","target":["https:\/\/renatodias.online\/movimento\/2022\/10\/07\/gilvane-felipe-apoia-lula\/#respond"]}]},{"@type":"WebPage","@id":"https:\/\/renatodias.online\/movimento\/2022\/10\/07\/gilvane-felipe-apoia-lula\/","url":"https:\/\/renatodias.online\/movimento\/2022\/10\/07\/gilvane-felipe-apoia-lula\/","name":"Gilvane Felipe apoia Lula -","isPartOf":{"@id":"https:\/\/renatodias.online\/movimento\/#website"},"primaryImageOfPage":{"@id":"https:\/\/renatodias.online\/movimento\/2022\/10\/07\/gilvane-felipe-apoia-lula\/#primaryimage"},"image":{"@id":"https:\/\/renatodias.online\/movimento\/2022\/10\/07\/gilvane-felipe-apoia-lula\/#primaryimage"},"thumbnailUrl":"https:\/\/renatodias.online\/movimento\/wp-content\/uploads\/2022\/07\/Gilvane-Felipe-e1701531603551.jpg","datePublished":"2022-10-07T18:50:16+00:00","breadcrumb":{"@id":"https:\/\/renatodias.online\/movimento\/2022\/10\/07\/gilvane-felipe-apoia-lula\/#breadcrumb"},"inLanguage":"pt-BR","potentialAction":[{"@type":"ReadAction","target":["https:\/\/renatodias.online\/movimento\/2022\/10\/07\/gilvane-felipe-apoia-lula\/"]}]},{"@type":"ImageObject","inLanguage":"pt-BR","@id":"https:\/\/renatodias.online\/movimento\/2022\/10\/07\/gilvane-felipe-apoia-lula\/#primaryimage","url":"https:\/\/renatodias.online\/movimento\/wp-content\/uploads\/2022\/07\/Gilvane-Felipe-e1701531603551.jpg","contentUrl":"https:\/\/renatodias.online\/movimento\/wp-content\/uploads\/2022\/07\/Gilvane-Felipe-e1701531603551.jpg","width":500,"height":335,"caption":"Gilvane Felipe"},{"@type":"BreadcrumbList","@id":"https:\/\/renatodias.online\/movimento\/2022\/10\/07\/gilvane-felipe-apoia-lula\/#breadcrumb","itemListElement":[{"@type":"ListItem","position":1,"name":"In\u00edcio","item":"https:\/\/renatodias.online\/movimento\/"},{"@type":"ListItem","position":2,"name":"Gilvane Felipe apoia Lula"}]},{"@type":"WebSite","@id":"https:\/\/renatodias.online\/movimento\/#website","url":"https:\/\/renatodias.online\/movimento\/","name":"","description":"","publisher":{"@id":"https:\/\/renatodias.online\/movimento\/#\/schema\/person\/bbab28833b1725a20f4083f49f1fb2a9"},"potentialAction":[{"@type":"SearchAction","target":{"@type":"EntryPoint","urlTemplate":"https:\/\/renatodias.online\/movimento\/?s={search_term_string}"},"query-input":{"@type":"PropertyValueSpecification","valueRequired":true,"valueName":"search_term_string"}}],"inLanguage":"pt-BR"},{"@type":["Person","Organization"],"@id":"https:\/\/renatodias.online\/movimento\/#\/schema\/person\/bbab28833b1725a20f4083f49f1fb2a9","name":"Renato Dias","image":{"@type":"ImageObject","inLanguage":"pt-BR","@id":"https:\/\/renatodias.online\/movimento\/wp-content\/uploads\/2023\/03\/cropped-cropped-cropped-logofinal.jpeg","url":"https:\/\/renatodias.online\/movimento\/wp-content\/uploads\/2023\/03\/cropped-cropped-cropped-logofinal.jpeg","contentUrl":"https:\/\/renatodias.online\/movimento\/wp-content\/uploads\/2023\/03\/cropped-cropped-cropped-logofinal.jpeg","width":1280,"height":219,"caption":"Renato Dias"},"logo":{"@id":"https:\/\/renatodias.online\/movimento\/wp-content\/uploads\/2023\/03\/cropped-cropped-cropped-logofinal.jpeg"},"description":"Renato Dias, 58 anos, \u00e9 graduado em Jornalismo, formado em Ci\u00eancias Sociais, com p\u00f3s-gradua\u00e7\u00e3o em Pol\u00edticas P\u00fablicas, mestre em Direito e Rela\u00e7\u00f5es Internacionais, ex-aluno extraordin\u00e1rio do Doutorado em Psicologia Social, ex-estudante do Curso de Psican\u00e1lise do Centro de Estudos Psicanal\u00edticos do Estado de Goi\u00e1s, ministrado pelo m\u00e9dico psiquiatra e psicanalista Daniel Em\u00eddio de Souza. \u00c9 autor de 30 livros-reportagem, oito document\u00e1rios, ganhou 30 pr\u00eamios e \u00e9 torcedor apaixonado do maior do Centro-Oeste, o Vila Nova Futebol Clube. Casado com Meirilane Dias, \u00e9 pai de Juliana Dias, jornalista; Daniel Dias, economista; e Maria Rosa Dias, estudante antifascista, socialista e trotskista.\u00a0Com tr\u00eas pets: Porquinho [Bull Dog Franc\u00eas], Dalila [Basset Hound] e Geleia [Basset Hound]. Al\u00e9m do eterno gato Tutuquinho, que virou estrela.","sameAs":["https:\/\/www.facebook.com\/renato.dias.37","#breve","https:\/\/renatodias.tumblr.com\/"],"url":"https:\/\/renatodias.online\/movimento\/author\/renatodias\/"}]}},"_links":{"self":[{"href":"https:\/\/renatodias.online\/movimento\/wp-json\/wp\/v2\/posts\/14399","targetHints":{"allow":["GET"]}}],"collection":[{"href":"https:\/\/renatodias.online\/movimento\/wp-json\/wp\/v2\/posts"}],"about":[{"href":"https:\/\/renatodias.online\/movimento\/wp-json\/wp\/v2\/types\/post"}],"author":[{"embeddable":true,"href":"https:\/\/renatodias.online\/movimento\/wp-json\/wp\/v2\/users\/2"}],"replies":[{"embeddable":true,"href":"https:\/\/renatodias.online\/movimento\/wp-json\/wp\/v2\/comments?post=14399"}],"version-history":[{"count":1,"href":"https:\/\/renatodias.online\/movimento\/wp-json\/wp\/v2\/posts\/14399\/revisions"}],"predecessor-version":[{"id":14400,"href":"https:\/\/renatodias.online\/movimento\/wp-json\/wp\/v2\/posts\/14399\/revisions\/14400"}],"wp:featuredmedia":[{"embeddable":true,"href":"https:\/\/renatodias.online\/movimento\/wp-json\/wp\/v2\/media\/13187"}],"wp:attachment":[{"href":"https:\/\/renatodias.online\/movimento\/wp-json\/wp\/v2\/media?parent=14399"}],"wp:term":[{"taxonomy":"category","embeddable":true,"href":"https:\/\/renatodias.online\/movimento\/wp-json\/wp\/v2\/categories?post=14399"},{"taxonomy":"post_tag","embeddable":true,"href":"https:\/\/renatodias.online\/movimento\/wp-json\/wp\/v2\/tags?post=14399"}],"curies":[{"name":"wp","href":"https:\/\/api.w.org\/{rel}","templated":true}]}}