{"id":14306,"date":"2022-09-28T23:04:21","date_gmt":"2022-09-29T02:04:21","guid":{"rendered":"https:\/\/renatodias.online\/movimento\/?p=14306"},"modified":"2022-09-28T23:04:21","modified_gmt":"2022-09-29T02:04:21","slug":"sergio-lucas-aponta-escandalo-bilionario","status":"publish","type":"post","link":"https:\/\/renatodias.online\/movimento\/2022\/09\/28\/sergio-lucas-aponta-escandalo-bilionario\/","title":{"rendered":"S\u00e9rgio Lucas aponta esc\u00e2ndalo: bilion\u00e1rio"},"content":{"rendered":"<p><strong><img loading=\"lazy\" decoding=\"async\" class=\"alignnone wp-image-10621 size-full\" src=\"https:\/\/renatodias.online\/movimento\/wp-content\/uploads\/2022\/01\/Escandalos.jpg\" alt=\"\" width=\"1280\" height=\"720\" \/><\/strong><\/p>\n<h1 style=\"text-align: center;\"><span style=\"color: #0000ff;\"><strong>Nas elei\u00e7\u00f5es de 2 de outubro, domingo<br \/>\n<\/strong><\/span><\/h1>\n<p><strong> <img loading=\"lazy\" decoding=\"async\" class=\"size-medium wp-image-11445 aligncenter\" src=\"https:\/\/renatodias.online\/movimento\/wp-content\/uploads\/2022\/03\/Eleicoes-de-2022-300x169.jpeg\" alt=\"\" width=\"300\" height=\"169\" srcset=\"https:\/\/renatodias.online\/movimento\/wp-content\/uploads\/2022\/03\/Eleicoes-de-2022-300x169.jpeg 300w, https:\/\/renatodias.online\/movimento\/wp-content\/uploads\/2022\/03\/Eleicoes-de-2022.jpeg 639w\" sizes=\"auto, (max-width: 300px) 100vw, 300px\" \/><\/strong><\/p>\n<p><span style=\"color: #ff0000;\"><strong>Renato Dias\u00a0<\/strong><\/span><\/p>\n<p><span style=\"color: #0000ff;\"><strong>Fundo eleitoral de R$ 5 bilh\u00f5es, Or\u00e7amento Secreto, Emenda Parlamentar. Mais: Fundo Partid\u00e1rio, Estrutura de Gabinete, livre acesso \u00e0 m\u00eddia comercial<\/strong><\/span> liquidaram com a isonomia de condi\u00e7\u00f5es, dilapidaram a fr\u00e1gil democracia representativa e devem reeleger um percentual alto da atual legislatura do Congresso Nacional, no Brasil. A an\u00e1lise, \u00e1cida, \u00e9 do advogado eleitoral <strong>S\u00e9rgio Borges Lucas<\/strong>.<\/p>\n<blockquote>\n<h1><span style=\"color: #008000;\"><strong>A composi\u00e7\u00e3o do atual Congresso Nacional \u00e9 esp\u00faria<\/strong><\/span><\/h1>\n<\/blockquote>\n<p><span style=\"color: #ff9900;\"><strong>S\u00e9rgio Borges Lucas<\/strong>\u00a0<\/span><\/p>\n<p><figure id=\"attachment_13116\" aria-describedby=\"caption-attachment-13116\" style=\"width: 1600px\" class=\"wp-caption alignnone\"><img loading=\"lazy\" decoding=\"async\" class=\"size-full wp-image-13116\" src=\"https:\/\/renatodias.online\/movimento\/wp-content\/uploads\/2022\/07\/Congresso-Nacional-especial.jpg\" alt=\"\" width=\"1600\" height=\"1050\" \/><figcaption id=\"caption-attachment-13116\" class=\"wp-caption-text\"><span style=\"color: #800000;\"><strong>Congresso Nacional , em Bras\u00edlia [DF], com a C\u00e2mara dos Deputados e o Senado da Rep\u00fablica<\/strong><\/span><\/figcaption><\/figure><span style=\"color: #0000ff;\"><strong>A atual legisla\u00e7\u00e3o eleitoral, aprovada na Casa de Leis, com a anu\u00eancia do Tribunal Superior Eleitoral, ir\u00e1 distorcer a vontade popular<\/strong><\/span>, acredita. O operador do Direito n\u00e3o v\u00ea, hoje, mecanismos para a revoga\u00e7\u00e3o do eleito em 2 de outubro de 2022, domingo, que promover uma trai\u00e7\u00e3o pol\u00edtica ao eleitor dos 5.700 munic\u00edpios, 26 Estados e do Distrito Federal [DF], unidades da Federa\u00e7\u00e3o.<\/p>\n<blockquote>\n<h1 style=\"text-align: left;\"><span style=\"color: #008000;\"><strong>O caminho seria a aprova\u00e7\u00e3o do voto revis\u00e1vel<\/strong><\/span><\/h1>\n<\/blockquote>\n<p><span style=\"color: #ff9900;\"><strong>S\u00e9rgio Borges Lucas\u00a0<\/strong><\/span><\/p>\n<p><img loading=\"lazy\" decoding=\"async\" class=\"wp-image-12788 size-full aligncenter\" src=\"https:\/\/renatodias.online\/movimento\/wp-content\/uploads\/2022\/06\/Economia-logo-e1660315146528.png\" alt=\"\" width=\"360\" height=\"211\" \/><\/p>\n<p><span style=\"color: #0000ff;\"><strong>Adepto das ideias da Escola Austr\u00edaca de Economia, que prop\u00f5e elevada redu\u00e7\u00e3o do tamanho do Estado<\/strong>,<\/span> S\u00e9rgio Borges Lucas \u00e9 ex-vice-presidente do Progressistas, o PP, ex-diretor da Agetop e ex-diretor da AGR. Conservador, ele insiste no lema Deus, P\u00e1tria e Fam\u00edlia. Um torcedor apaixonado do <span style=\"color: #ff0000;\"><strong>Vila Nova Futebol Clube<\/strong><\/span>, maior do Centro-Oeste do Brasil, al\u00e9m do <span style=\"color: #800080;\"><strong>Fluminense [RJ].<\/strong><\/span><\/p>\n<figure id=\"attachment_11231\" aria-describedby=\"caption-attachment-11231\" style=\"width: 982px\" class=\"wp-caption alignnone\"><img loading=\"lazy\" decoding=\"async\" class=\"size-full wp-image-11231\" src=\"https:\/\/renatodias.online\/movimento\/wp-content\/uploads\/2022\/03\/Card-Vila-Nova-Torcida.png\" alt=\"\" width=\"982\" height=\"541\" \/><figcaption id=\"caption-attachment-11231\" class=\"wp-caption-text\"><span style=\"color: #ff0000;\"><strong>A torcida do Vila Nova Futebol Clube<\/strong><\/span><\/figcaption><\/figure>\n","protected":false},"excerpt":{"rendered":"<p>Nas elei\u00e7\u00f5es de 2 de outubro, domingo Renato Dias\u00a0 Fundo eleitoral de R$ 5 bilh\u00f5es, Or\u00e7amento Secreto, Emenda Parlamentar. Mais: Fundo Partid\u00e1rio, Estrutura de Gabinete, livre acesso \u00e0 m\u00eddia comercial liquidaram com a isonomia de condi\u00e7\u00f5es, dilapidaram a fr\u00e1gil democracia representativa e devem reeleger um percentual alto da atual legislatura do Congresso Nacional, no Brasil.<\/p>\n","protected":false},"author":2,"featured_media":13880,"comment_status":"open","ping_status":"open","sticky":false,"template":"","format":"standard","meta":{"_acf_changed":false,"_monsterinsights_skip_tracking":false,"_monsterinsights_sitenote_active":false,"_monsterinsights_sitenote_note":"","_monsterinsights_sitenote_category":0,"footnotes":""},"categories":[4],"tags":[],"class_list":["post-14306","post","type-post","status-publish","format-standard","has-post-thumbnail","hentry","category-politica"],"acf":[],"yoast_head":"<!-- This site is optimized with the Yoast SEO plugin v27.4 - https:\/\/yoast.com\/product\/yoast-seo-wordpress\/ -->\n<title>S\u00e9rgio Lucas aponta esc\u00e2ndalo: bilion\u00e1rio -<\/title>\n<meta name=\"robots\" content=\"index, follow, max-snippet:-1, max-image-preview:large, max-video-preview:-1\" \/>\n<link rel=\"canonical\" href=\"https:\/\/renatodias.online\/movimento\/2022\/09\/28\/sergio-lucas-aponta-escandalo-bilionario\/\" \/>\n<meta property=\"og:locale\" content=\"pt_BR\" \/>\n<meta property=\"og:type\" content=\"article\" \/>\n<meta property=\"og:title\" content=\"S\u00e9rgio Lucas aponta esc\u00e2ndalo: bilion\u00e1rio -\" \/>\n<meta property=\"og:description\" content=\"Nas elei\u00e7\u00f5es de 2 de outubro, domingo Renato Dias\u00a0 Fundo eleitoral de R$ 5 bilh\u00f5es, Or\u00e7amento Secreto, Emenda Parlamentar. Mais: Fundo Partid\u00e1rio, Estrutura de Gabinete, livre acesso \u00e0 m\u00eddia comercial liquidaram com a isonomia de condi\u00e7\u00f5es, dilapidaram a fr\u00e1gil democracia representativa e devem reeleger um percentual alto da atual legislatura do Congresso Nacional, no Brasil.\" \/>\n<meta property=\"og:url\" content=\"https:\/\/renatodias.online\/movimento\/2022\/09\/28\/sergio-lucas-aponta-escandalo-bilionario\/\" \/>\n<meta property=\"article:publisher\" content=\"https:\/\/www.facebook.com\/renato.dias.37\" \/>\n<meta property=\"article:author\" content=\"https:\/\/www.facebook.com\/renato.dias.37\" \/>\n<meta property=\"article:published_time\" content=\"2022-09-29T02:04:21+00:00\" \/>\n<meta property=\"og:image\" content=\"https:\/\/renatodias.online\/movimento\/wp-content\/uploads\/2022\/08\/Sergio-Lucas-2022-e1664417046790.jpg\" \/>\n\t<meta property=\"og:image:width\" content=\"300\" \/>\n\t<meta property=\"og:image:height\" content=\"347\" \/>\n\t<meta property=\"og:image:type\" content=\"image\/jpeg\" \/>\n<meta name=\"author\" content=\"Renato Dias\" \/>\n<meta name=\"twitter:card\" content=\"summary_large_image\" \/>\n<meta name=\"twitter:creator\" content=\"@RenatoDiasBat\" \/>\n<meta name=\"twitter:site\" content=\"@RenatoDiasBat\" \/>\n<meta name=\"twitter:label1\" content=\"Escrito por\" \/>\n\t<meta name=\"twitter:data1\" content=\"Renato Dias\" \/>\n\t<meta name=\"twitter:label2\" content=\"Est. tempo de leitura\" \/>\n\t<meta name=\"twitter:data2\" content=\"1 minuto\" \/>\n<script type=\"application\/ld+json\" class=\"yoast-schema-graph\">{\"@context\":\"https:\\\/\\\/schema.org\",\"@graph\":[{\"@type\":\"Article\",\"@id\":\"https:\\\/\\\/renatodias.online\\\/movimento\\\/2022\\\/09\\\/28\\\/sergio-lucas-aponta-escandalo-bilionario\\\/#article\",\"isPartOf\":{\"@id\":\"https:\\\/\\\/renatodias.online\\\/movimento\\\/2022\\\/09\\\/28\\\/sergio-lucas-aponta-escandalo-bilionario\\\/\"},\"author\":{\"name\":\"Renato Dias\",\"@id\":\"https:\\\/\\\/renatodias.online\\\/movimento\\\/#\\\/schema\\\/person\\\/bbab28833b1725a20f4083f49f1fb2a9\"},\"headline\":\"S\u00e9rgio Lucas aponta esc\u00e2ndalo: bilion\u00e1rio\",\"datePublished\":\"2022-09-29T02:04:21+00:00\",\"mainEntityOfPage\":{\"@id\":\"https:\\\/\\\/renatodias.online\\\/movimento\\\/2022\\\/09\\\/28\\\/sergio-lucas-aponta-escandalo-bilionario\\\/\"},\"wordCount\":274,\"commentCount\":0,\"publisher\":{\"@id\":\"https:\\\/\\\/renatodias.online\\\/movimento\\\/#\\\/schema\\\/person\\\/bbab28833b1725a20f4083f49f1fb2a9\"},\"image\":{\"@id\":\"https:\\\/\\\/renatodias.online\\\/movimento\\\/2022\\\/09\\\/28\\\/sergio-lucas-aponta-escandalo-bilionario\\\/#primaryimage\"},\"thumbnailUrl\":\"https:\\\/\\\/renatodias.online\\\/movimento\\\/wp-content\\\/uploads\\\/2022\\\/08\\\/Sergio-Lucas-2022-e1664417046790.jpg\",\"articleSection\":[\"Pol\u00edtica\"],\"inLanguage\":\"pt-BR\",\"potentialAction\":[{\"@type\":\"CommentAction\",\"name\":\"Comment\",\"target\":[\"https:\\\/\\\/renatodias.online\\\/movimento\\\/2022\\\/09\\\/28\\\/sergio-lucas-aponta-escandalo-bilionario\\\/#respond\"]}]},{\"@type\":\"WebPage\",\"@id\":\"https:\\\/\\\/renatodias.online\\\/movimento\\\/2022\\\/09\\\/28\\\/sergio-lucas-aponta-escandalo-bilionario\\\/\",\"url\":\"https:\\\/\\\/renatodias.online\\\/movimento\\\/2022\\\/09\\\/28\\\/sergio-lucas-aponta-escandalo-bilionario\\\/\",\"name\":\"S\u00e9rgio Lucas aponta esc\u00e2ndalo: bilion\u00e1rio -\",\"isPartOf\":{\"@id\":\"https:\\\/\\\/renatodias.online\\\/movimento\\\/#website\"},\"primaryImageOfPage\":{\"@id\":\"https:\\\/\\\/renatodias.online\\\/movimento\\\/2022\\\/09\\\/28\\\/sergio-lucas-aponta-escandalo-bilionario\\\/#primaryimage\"},\"image\":{\"@id\":\"https:\\\/\\\/renatodias.online\\\/movimento\\\/2022\\\/09\\\/28\\\/sergio-lucas-aponta-escandalo-bilionario\\\/#primaryimage\"},\"thumbnailUrl\":\"https:\\\/\\\/renatodias.online\\\/movimento\\\/wp-content\\\/uploads\\\/2022\\\/08\\\/Sergio-Lucas-2022-e1664417046790.jpg\",\"datePublished\":\"2022-09-29T02:04:21+00:00\",\"breadcrumb\":{\"@id\":\"https:\\\/\\\/renatodias.online\\\/movimento\\\/2022\\\/09\\\/28\\\/sergio-lucas-aponta-escandalo-bilionario\\\/#breadcrumb\"},\"inLanguage\":\"pt-BR\",\"potentialAction\":[{\"@type\":\"ReadAction\",\"target\":[\"https:\\\/\\\/renatodias.online\\\/movimento\\\/2022\\\/09\\\/28\\\/sergio-lucas-aponta-escandalo-bilionario\\\/\"]}]},{\"@type\":\"ImageObject\",\"inLanguage\":\"pt-BR\",\"@id\":\"https:\\\/\\\/renatodias.online\\\/movimento\\\/2022\\\/09\\\/28\\\/sergio-lucas-aponta-escandalo-bilionario\\\/#primaryimage\",\"url\":\"https:\\\/\\\/renatodias.online\\\/movimento\\\/wp-content\\\/uploads\\\/2022\\\/08\\\/Sergio-Lucas-2022-e1664417046790.jpg\",\"contentUrl\":\"https:\\\/\\\/renatodias.online\\\/movimento\\\/wp-content\\\/uploads\\\/2022\\\/08\\\/Sergio-Lucas-2022-e1664417046790.jpg\",\"width\":300,\"height\":347,\"caption\":\"S\u00e9rgio Lucas\"},{\"@type\":\"BreadcrumbList\",\"@id\":\"https:\\\/\\\/renatodias.online\\\/movimento\\\/2022\\\/09\\\/28\\\/sergio-lucas-aponta-escandalo-bilionario\\\/#breadcrumb\",\"itemListElement\":[{\"@type\":\"ListItem\",\"position\":1,\"name\":\"In\u00edcio\",\"item\":\"https:\\\/\\\/renatodias.online\\\/movimento\\\/\"},{\"@type\":\"ListItem\",\"position\":2,\"name\":\"S\u00e9rgio Lucas aponta esc\u00e2ndalo: bilion\u00e1rio\"}]},{\"@type\":\"WebSite\",\"@id\":\"https:\\\/\\\/renatodias.online\\\/movimento\\\/#website\",\"url\":\"https:\\\/\\\/renatodias.online\\\/movimento\\\/\",\"name\":\"\",\"description\":\"\",\"publisher\":{\"@id\":\"https:\\\/\\\/renatodias.online\\\/movimento\\\/#\\\/schema\\\/person\\\/bbab28833b1725a20f4083f49f1fb2a9\"},\"potentialAction\":[{\"@type\":\"SearchAction\",\"target\":{\"@type\":\"EntryPoint\",\"urlTemplate\":\"https:\\\/\\\/renatodias.online\\\/movimento\\\/?s={search_term_string}\"},\"query-input\":{\"@type\":\"PropertyValueSpecification\",\"valueRequired\":true,\"valueName\":\"search_term_string\"}}],\"inLanguage\":\"pt-BR\"},{\"@type\":[\"Person\",\"Organization\"],\"@id\":\"https:\\\/\\\/renatodias.online\\\/movimento\\\/#\\\/schema\\\/person\\\/bbab28833b1725a20f4083f49f1fb2a9\",\"name\":\"Renato Dias\",\"image\":{\"@type\":\"ImageObject\",\"inLanguage\":\"pt-BR\",\"@id\":\"https:\\\/\\\/renatodias.online\\\/movimento\\\/wp-content\\\/uploads\\\/2023\\\/03\\\/cropped-cropped-cropped-logofinal.jpeg\",\"url\":\"https:\\\/\\\/renatodias.online\\\/movimento\\\/wp-content\\\/uploads\\\/2023\\\/03\\\/cropped-cropped-cropped-logofinal.jpeg\",\"contentUrl\":\"https:\\\/\\\/renatodias.online\\\/movimento\\\/wp-content\\\/uploads\\\/2023\\\/03\\\/cropped-cropped-cropped-logofinal.jpeg\",\"width\":1280,\"height\":219,\"caption\":\"Renato Dias\"},\"logo\":{\"@id\":\"https:\\\/\\\/renatodias.online\\\/movimento\\\/wp-content\\\/uploads\\\/2023\\\/03\\\/cropped-cropped-cropped-logofinal.jpeg\"},\"description\":\"Renato Dias, 58 anos, \u00e9 graduado em Jornalismo, formado em Ci\u00eancias Sociais, com p\u00f3s-gradua\u00e7\u00e3o em Pol\u00edticas P\u00fablicas, mestre em Direito e Rela\u00e7\u00f5es Internacionais, ex-aluno extraordin\u00e1rio do Doutorado em Psicologia Social, ex-estudante do Curso de Psican\u00e1lise do Centro de Estudos Psicanal\u00edticos do Estado de Goi\u00e1s, ministrado pelo m\u00e9dico psiquiatra e psicanalista Daniel Em\u00eddio de Souza. \u00c9 autor de 30 livros-reportagem, oito document\u00e1rios, ganhou 30 pr\u00eamios e \u00e9 torcedor apaixonado do maior do Centro-Oeste, o Vila Nova Futebol Clube. Casado com Meirilane Dias, \u00e9 pai de Juliana Dias, jornalista; Daniel Dias, economista; e Maria Rosa Dias, estudante antifascista, socialista e trotskista.\u00a0Com tr\u00eas pets: Porquinho [Bull Dog Franc\u00eas], Dalila [Basset Hound] e Geleia [Basset Hound]. Al\u00e9m do eterno gato Tutuquinho, que virou estrela.\",\"sameAs\":[\"https:\\\/\\\/www.facebook.com\\\/renato.dias.37\",\"#breve\",\"https:\\\/\\\/renatodias.tumblr.com\\\/\"],\"url\":\"https:\\\/\\\/renatodias.online\\\/movimento\\\/author\\\/renatodias\\\/\"}]}<\/script>\n<!-- \/ Yoast SEO plugin. -->","yoast_head_json":{"title":"S\u00e9rgio Lucas aponta esc\u00e2ndalo: bilion\u00e1rio -","robots":{"index":"index","follow":"follow","max-snippet":"max-snippet:-1","max-image-preview":"max-image-preview:large","max-video-preview":"max-video-preview:-1"},"canonical":"https:\/\/renatodias.online\/movimento\/2022\/09\/28\/sergio-lucas-aponta-escandalo-bilionario\/","og_locale":"pt_BR","og_type":"article","og_title":"S\u00e9rgio Lucas aponta esc\u00e2ndalo: bilion\u00e1rio -","og_description":"Nas elei\u00e7\u00f5es de 2 de outubro, domingo Renato Dias\u00a0 Fundo eleitoral de R$ 5 bilh\u00f5es, Or\u00e7amento Secreto, Emenda Parlamentar. Mais: Fundo Partid\u00e1rio, Estrutura de Gabinete, livre acesso \u00e0 m\u00eddia comercial liquidaram com a isonomia de condi\u00e7\u00f5es, dilapidaram a fr\u00e1gil democracia representativa e devem reeleger um percentual alto da atual legislatura do Congresso Nacional, no Brasil.","og_url":"https:\/\/renatodias.online\/movimento\/2022\/09\/28\/sergio-lucas-aponta-escandalo-bilionario\/","article_publisher":"https:\/\/www.facebook.com\/renato.dias.37","article_author":"https:\/\/www.facebook.com\/renato.dias.37","article_published_time":"2022-09-29T02:04:21+00:00","og_image":[{"width":300,"height":347,"url":"https:\/\/renatodias.online\/movimento\/wp-content\/uploads\/2022\/08\/Sergio-Lucas-2022-e1664417046790.jpg","type":"image\/jpeg"}],"author":"Renato Dias","twitter_card":"summary_large_image","twitter_creator":"@RenatoDiasBat","twitter_site":"@RenatoDiasBat","twitter_misc":{"Escrito por":"Renato Dias","Est. tempo de leitura":"1 minuto"},"schema":{"@context":"https:\/\/schema.org","@graph":[{"@type":"Article","@id":"https:\/\/renatodias.online\/movimento\/2022\/09\/28\/sergio-lucas-aponta-escandalo-bilionario\/#article","isPartOf":{"@id":"https:\/\/renatodias.online\/movimento\/2022\/09\/28\/sergio-lucas-aponta-escandalo-bilionario\/"},"author":{"name":"Renato Dias","@id":"https:\/\/renatodias.online\/movimento\/#\/schema\/person\/bbab28833b1725a20f4083f49f1fb2a9"},"headline":"S\u00e9rgio Lucas aponta esc\u00e2ndalo: bilion\u00e1rio","datePublished":"2022-09-29T02:04:21+00:00","mainEntityOfPage":{"@id":"https:\/\/renatodias.online\/movimento\/2022\/09\/28\/sergio-lucas-aponta-escandalo-bilionario\/"},"wordCount":274,"commentCount":0,"publisher":{"@id":"https:\/\/renatodias.online\/movimento\/#\/schema\/person\/bbab28833b1725a20f4083f49f1fb2a9"},"image":{"@id":"https:\/\/renatodias.online\/movimento\/2022\/09\/28\/sergio-lucas-aponta-escandalo-bilionario\/#primaryimage"},"thumbnailUrl":"https:\/\/renatodias.online\/movimento\/wp-content\/uploads\/2022\/08\/Sergio-Lucas-2022-e1664417046790.jpg","articleSection":["Pol\u00edtica"],"inLanguage":"pt-BR","potentialAction":[{"@type":"CommentAction","name":"Comment","target":["https:\/\/renatodias.online\/movimento\/2022\/09\/28\/sergio-lucas-aponta-escandalo-bilionario\/#respond"]}]},{"@type":"WebPage","@id":"https:\/\/renatodias.online\/movimento\/2022\/09\/28\/sergio-lucas-aponta-escandalo-bilionario\/","url":"https:\/\/renatodias.online\/movimento\/2022\/09\/28\/sergio-lucas-aponta-escandalo-bilionario\/","name":"S\u00e9rgio Lucas aponta esc\u00e2ndalo: bilion\u00e1rio -","isPartOf":{"@id":"https:\/\/renatodias.online\/movimento\/#website"},"primaryImageOfPage":{"@id":"https:\/\/renatodias.online\/movimento\/2022\/09\/28\/sergio-lucas-aponta-escandalo-bilionario\/#primaryimage"},"image":{"@id":"https:\/\/renatodias.online\/movimento\/2022\/09\/28\/sergio-lucas-aponta-escandalo-bilionario\/#primaryimage"},"thumbnailUrl":"https:\/\/renatodias.online\/movimento\/wp-content\/uploads\/2022\/08\/Sergio-Lucas-2022-e1664417046790.jpg","datePublished":"2022-09-29T02:04:21+00:00","breadcrumb":{"@id":"https:\/\/renatodias.online\/movimento\/2022\/09\/28\/sergio-lucas-aponta-escandalo-bilionario\/#breadcrumb"},"inLanguage":"pt-BR","potentialAction":[{"@type":"ReadAction","target":["https:\/\/renatodias.online\/movimento\/2022\/09\/28\/sergio-lucas-aponta-escandalo-bilionario\/"]}]},{"@type":"ImageObject","inLanguage":"pt-BR","@id":"https:\/\/renatodias.online\/movimento\/2022\/09\/28\/sergio-lucas-aponta-escandalo-bilionario\/#primaryimage","url":"https:\/\/renatodias.online\/movimento\/wp-content\/uploads\/2022\/08\/Sergio-Lucas-2022-e1664417046790.jpg","contentUrl":"https:\/\/renatodias.online\/movimento\/wp-content\/uploads\/2022\/08\/Sergio-Lucas-2022-e1664417046790.jpg","width":300,"height":347,"caption":"S\u00e9rgio Lucas"},{"@type":"BreadcrumbList","@id":"https:\/\/renatodias.online\/movimento\/2022\/09\/28\/sergio-lucas-aponta-escandalo-bilionario\/#breadcrumb","itemListElement":[{"@type":"ListItem","position":1,"name":"In\u00edcio","item":"https:\/\/renatodias.online\/movimento\/"},{"@type":"ListItem","position":2,"name":"S\u00e9rgio Lucas aponta esc\u00e2ndalo: bilion\u00e1rio"}]},{"@type":"WebSite","@id":"https:\/\/renatodias.online\/movimento\/#website","url":"https:\/\/renatodias.online\/movimento\/","name":"","description":"","publisher":{"@id":"https:\/\/renatodias.online\/movimento\/#\/schema\/person\/bbab28833b1725a20f4083f49f1fb2a9"},"potentialAction":[{"@type":"SearchAction","target":{"@type":"EntryPoint","urlTemplate":"https:\/\/renatodias.online\/movimento\/?s={search_term_string}"},"query-input":{"@type":"PropertyValueSpecification","valueRequired":true,"valueName":"search_term_string"}}],"inLanguage":"pt-BR"},{"@type":["Person","Organization"],"@id":"https:\/\/renatodias.online\/movimento\/#\/schema\/person\/bbab28833b1725a20f4083f49f1fb2a9","name":"Renato Dias","image":{"@type":"ImageObject","inLanguage":"pt-BR","@id":"https:\/\/renatodias.online\/movimento\/wp-content\/uploads\/2023\/03\/cropped-cropped-cropped-logofinal.jpeg","url":"https:\/\/renatodias.online\/movimento\/wp-content\/uploads\/2023\/03\/cropped-cropped-cropped-logofinal.jpeg","contentUrl":"https:\/\/renatodias.online\/movimento\/wp-content\/uploads\/2023\/03\/cropped-cropped-cropped-logofinal.jpeg","width":1280,"height":219,"caption":"Renato Dias"},"logo":{"@id":"https:\/\/renatodias.online\/movimento\/wp-content\/uploads\/2023\/03\/cropped-cropped-cropped-logofinal.jpeg"},"description":"Renato Dias, 58 anos, \u00e9 graduado em Jornalismo, formado em Ci\u00eancias Sociais, com p\u00f3s-gradua\u00e7\u00e3o em Pol\u00edticas P\u00fablicas, mestre em Direito e Rela\u00e7\u00f5es Internacionais, ex-aluno extraordin\u00e1rio do Doutorado em Psicologia Social, ex-estudante do Curso de Psican\u00e1lise do Centro de Estudos Psicanal\u00edticos do Estado de Goi\u00e1s, ministrado pelo m\u00e9dico psiquiatra e psicanalista Daniel Em\u00eddio de Souza. \u00c9 autor de 30 livros-reportagem, oito document\u00e1rios, ganhou 30 pr\u00eamios e \u00e9 torcedor apaixonado do maior do Centro-Oeste, o Vila Nova Futebol Clube. Casado com Meirilane Dias, \u00e9 pai de Juliana Dias, jornalista; Daniel Dias, economista; e Maria Rosa Dias, estudante antifascista, socialista e trotskista.\u00a0Com tr\u00eas pets: Porquinho [Bull Dog Franc\u00eas], Dalila [Basset Hound] e Geleia [Basset Hound]. Al\u00e9m do eterno gato Tutuquinho, que virou estrela.","sameAs":["https:\/\/www.facebook.com\/renato.dias.37","#breve","https:\/\/renatodias.tumblr.com\/"],"url":"https:\/\/renatodias.online\/movimento\/author\/renatodias\/"}]}},"_links":{"self":[{"href":"https:\/\/renatodias.online\/movimento\/wp-json\/wp\/v2\/posts\/14306","targetHints":{"allow":["GET"]}}],"collection":[{"href":"https:\/\/renatodias.online\/movimento\/wp-json\/wp\/v2\/posts"}],"about":[{"href":"https:\/\/renatodias.online\/movimento\/wp-json\/wp\/v2\/types\/post"}],"author":[{"embeddable":true,"href":"https:\/\/renatodias.online\/movimento\/wp-json\/wp\/v2\/users\/2"}],"replies":[{"embeddable":true,"href":"https:\/\/renatodias.online\/movimento\/wp-json\/wp\/v2\/comments?post=14306"}],"version-history":[{"count":1,"href":"https:\/\/renatodias.online\/movimento\/wp-json\/wp\/v2\/posts\/14306\/revisions"}],"predecessor-version":[{"id":14307,"href":"https:\/\/renatodias.online\/movimento\/wp-json\/wp\/v2\/posts\/14306\/revisions\/14307"}],"wp:featuredmedia":[{"embeddable":true,"href":"https:\/\/renatodias.online\/movimento\/wp-json\/wp\/v2\/media\/13880"}],"wp:attachment":[{"href":"https:\/\/renatodias.online\/movimento\/wp-json\/wp\/v2\/media?parent=14306"}],"wp:term":[{"taxonomy":"category","embeddable":true,"href":"https:\/\/renatodias.online\/movimento\/wp-json\/wp\/v2\/categories?post=14306"},{"taxonomy":"post_tag","embeddable":true,"href":"https:\/\/renatodias.online\/movimento\/wp-json\/wp\/v2\/tags?post=14306"}],"curies":[{"name":"wp","href":"https:\/\/api.w.org\/{rel}","templated":true}]}}