{"id":14289,"date":"2022-09-28T21:11:06","date_gmt":"2022-09-29T00:11:06","guid":{"rendered":"https:\/\/renatodias.online\/movimento\/?p=14289"},"modified":"2022-09-28T21:11:06","modified_gmt":"2022-09-29T00:11:06","slug":"esquerda-quer-sete-estaduais","status":"publish","type":"post","link":"https:\/\/renatodias.online\/movimento\/2022\/09\/28\/esquerda-quer-sete-estaduais\/","title":{"rendered":"Esquerda quer sete estaduais\u00a0"},"content":{"rendered":"<figure id=\"attachment_10426\" aria-describedby=\"caption-attachment-10426\" style=\"width: 843px\" class=\"wp-caption alignnone\"><img loading=\"lazy\" decoding=\"async\" class=\"wp-image-10426 size-full\" src=\"https:\/\/renatodias.online\/movimento\/wp-content\/uploads\/2022\/01\/A-nova-sede-da-Assembleia-Legislativa-do-Estado-de-Goias.png\" alt=\"\" width=\"843\" height=\"574\" \/><figcaption id=\"caption-attachment-10426\" class=\"wp-caption-text\"><span style=\"color: #808000;\"><strong>A nova sede da Assembleia Legislativa do Estado de Goi\u00e1s<\/strong><\/span><\/figcaption><\/figure>\n<h1 style=\"text-align: center;\"><span style=\"color: #ff0000;\"><strong>A maior bancada de sua Hist\u00f3ria<\/strong><\/span><\/h1>\n<p><img loading=\"lazy\" decoding=\"async\" class=\"size-medium wp-image-11445 aligncenter\" src=\"https:\/\/renatodias.online\/movimento\/wp-content\/uploads\/2022\/03\/Eleicoes-de-2022-300x169.jpeg\" alt=\"\" width=\"300\" height=\"169\" srcset=\"https:\/\/renatodias.online\/movimento\/wp-content\/uploads\/2022\/03\/Eleicoes-de-2022-300x169.jpeg 300w, https:\/\/renatodias.online\/movimento\/wp-content\/uploads\/2022\/03\/Eleicoes-de-2022.jpeg 639w\" sizes=\"auto, (max-width: 300px) 100vw, 300px\" \/><\/p>\n<h1 style=\"text-align: center;\"><span style=\"color: #0000ff;\"><strong>Surfar na onda de Lula e Alckmin<\/strong><\/span><\/h1>\n<p><strong><img loading=\"lazy\" decoding=\"async\" class=\"size-medium wp-image-14238 aligncenter\" src=\"https:\/\/renatodias.online\/movimento\/wp-content\/uploads\/2022\/09\/Rosemar-Cardoso-ilustracao-Lula-13-300x214.jpg\" alt=\"\" width=\"300\" height=\"214\" srcset=\"https:\/\/renatodias.online\/movimento\/wp-content\/uploads\/2022\/09\/Rosemar-Cardoso-ilustracao-Lula-13-300x214.jpg 300w, https:\/\/renatodias.online\/movimento\/wp-content\/uploads\/2022\/09\/Rosemar-Cardoso-ilustracao-Lula-13-768x549.jpg 768w, https:\/\/renatodias.online\/movimento\/wp-content\/uploads\/2022\/09\/Rosemar-Cardoso-ilustracao-Lula-13-750x536.jpg 750w, https:\/\/renatodias.online\/movimento\/wp-content\/uploads\/2022\/09\/Rosemar-Cardoso-ilustracao-Lula-13-85x60.jpg 85w, https:\/\/renatodias.online\/movimento\/wp-content\/uploads\/2022\/09\/Rosemar-Cardoso-ilustracao-Lula-13.jpg 980w\" sizes=\"auto, (max-width: 300px) 100vw, 300px\" \/>\u00a0<\/strong><\/p>\n<p><strong>Renato Dias<\/strong><\/p>\n<p>O <strong>PT quer eleger seis deputados estaduais, em Goi\u00e1s<\/strong>, no pr\u00f3ximo domingo, no dia 2 de outubro. <strong>Al\u00e9m de um nome cotado do PC do B<\/strong>. A proje\u00e7\u00e3o da [FBE] Federa\u00e7\u00e3o Brasil da Esperan\u00e7a \u00e9 obter sete cadeiras.<\/p>\n<figure id=\"attachment_13365\" aria-describedby=\"caption-attachment-13365\" style=\"width: 300px\" class=\"wp-caption aligncenter\"><img loading=\"lazy\" decoding=\"async\" class=\"size-medium wp-image-13365\" src=\"https:\/\/renatodias.online\/movimento\/wp-content\/uploads\/2022\/07\/Federacao-Brasil-da-Esperanca-300x176.jpeg\" alt=\"\" width=\"300\" height=\"176\" \/><figcaption id=\"caption-attachment-13365\" class=\"wp-caption-text\"><span style=\"color: #ff6600;\"><strong>Federa\u00e7\u00e3o Brasil da Esperan\u00e7a<\/strong><\/span><\/figcaption><\/figure>\n<p>Uma disputa hist\u00f3rica. <strong>A civiliza\u00e7\u00e3o versus a barb\u00e1rie<\/strong>. O Pa\u00eds da Esperan\u00e7a com Luiz In\u00e1cio Lula da Silva [PT] e Geraldo Alckmin [PSB], <strong>em uma coaliz\u00e3o nacional pol\u00edtica e eleitoral com dez siglas democr\u00e1ticas.<\/strong><\/p>\n<figure id=\"attachment_5557\" aria-describedby=\"caption-attachment-5557\" style=\"width: 300px\" class=\"wp-caption aligncenter\"><img loading=\"lazy\" decoding=\"async\" class=\"wp-image-5557 size-medium\" src=\"https:\/\/renatodias.online\/movimento\/wp-content\/uploads\/2021\/03\/Antonio-Roberto-Gomide-300x200.jpg\" alt=\"Ant\u00f4nio Roberto Gomide\" width=\"300\" height=\"200\" \/><figcaption id=\"caption-attachment-5557\" class=\"wp-caption-text\"><span style=\"color: #800000;\"><strong>Ant\u00f4nio Roberto Gomide<\/strong><\/span><\/figcaption><\/figure>\n<p>Os nomes mais cotados para o Pal\u00e1cio Maguito Vilela, a nova sede da Assembleia Legislativa, seriam o deputado estadual <strong>Ant\u00f4nio Roberto Gomide<\/strong>, o vereador <strong>Mauro Rubem<\/strong>, a presidente do PT, <strong>K\u00e1tia Maria<\/strong>.<\/p>\n<figure id=\"attachment_12387\" aria-describedby=\"caption-attachment-12387\" style=\"width: 427px\" class=\"wp-caption aligncenter\"><img loading=\"lazy\" decoding=\"async\" class=\"wp-image-12387 size-full\" src=\"https:\/\/renatodias.online\/movimento\/wp-content\/uploads\/2022\/05\/Katia-Maria-Link.jpg\" alt=\"\" width=\"427\" height=\"240\" \/><figcaption id=\"caption-attachment-12387\" class=\"wp-caption-text\"><span style=\"color: #ff00ff;\"><strong>Katia Maria<\/strong><\/span><\/figcaption><\/figure>\n<p>A lista dos bastidores aponta tamb\u00e9m a ex-deputada estadual <strong>Isaura Lemos<\/strong> [PC do B]. Mais: <strong>Marina Sant&#8217;Anna<\/strong>, ex-vereadora. Al\u00e9m de <strong>Lu\u00eds C\u00e9sar e Val\u00e9rio Luiz Filho<\/strong>. <strong>Fabr\u00edcio Rosa<\/strong> e <strong>Bia de Lima<\/strong> est\u00e3o no p\u00e1reo.<\/p>\n<figure id=\"attachment_10977\" aria-describedby=\"caption-attachment-10977\" style=\"width: 300px\" class=\"wp-caption aligncenter\"><img loading=\"lazy\" decoding=\"async\" class=\"size-medium wp-image-10977\" src=\"https:\/\/renatodias.online\/movimento\/wp-content\/uploads\/2022\/02\/Isaura-Lemos-especial-300x203.jpeg\" alt=\"\" width=\"300\" height=\"203\" \/><figcaption id=\"caption-attachment-10977\" class=\"wp-caption-text\"><span style=\"color: #ff0000;\"><strong>Isaura Lemos _ O Popular<\/strong><\/span><\/figcaption><\/figure>\n<p>&nbsp;<\/p>\n<figure id=\"attachment_8136\" aria-describedby=\"caption-attachment-8136\" style=\"width: 325px\" class=\"wp-caption aligncenter\"><img loading=\"lazy\" decoding=\"async\" class=\"size-full wp-image-8136\" src=\"https:\/\/renatodias.online\/movimento\/wp-content\/uploads\/2021\/07\/Valerio-Luiz-Filho-e1651170284834.jpg\" alt=\"\" width=\"325\" height=\"241\" \/><figcaption id=\"caption-attachment-8136\" class=\"wp-caption-text\"><span style=\"color: #666699;\"><strong>Val\u00e9rio Luiz Filho, advogado<\/strong><\/span><\/figcaption><\/figure>\n","protected":false},"excerpt":{"rendered":"<p>A maior bancada de sua Hist\u00f3ria Surfar na onda de Lula e Alckmin \u00a0 Renato Dias O PT quer eleger seis deputados estaduais, em Goi\u00e1s, no pr\u00f3ximo domingo, no dia 2 de outubro. Al\u00e9m de um nome cotado do PC do B. A proje\u00e7\u00e3o da [FBE] Federa\u00e7\u00e3o Brasil da Esperan\u00e7a \u00e9 obter sete cadeiras. Uma<\/p>\n","protected":false},"author":2,"featured_media":14290,"comment_status":"open","ping_status":"open","sticky":false,"template":"","format":"standard","meta":{"_acf_changed":false,"_monsterinsights_skip_tracking":false,"_monsterinsights_sitenote_active":false,"_monsterinsights_sitenote_note":"","_monsterinsights_sitenote_category":0,"footnotes":""},"categories":[4],"tags":[],"class_list":["post-14289","post","type-post","status-publish","format-standard","has-post-thumbnail","hentry","category-politica"],"acf":[],"yoast_head":"<!-- This site is optimized with the Yoast SEO plugin v27.4 - https:\/\/yoast.com\/product\/yoast-seo-wordpress\/ -->\n<title>Esquerda quer sete estaduais\u00a0 -<\/title>\n<meta name=\"robots\" content=\"index, follow, max-snippet:-1, max-image-preview:large, max-video-preview:-1\" \/>\n<link rel=\"canonical\" href=\"https:\/\/renatodias.online\/movimento\/2022\/09\/28\/esquerda-quer-sete-estaduais\/\" \/>\n<meta property=\"og:locale\" content=\"pt_BR\" \/>\n<meta property=\"og:type\" content=\"article\" \/>\n<meta property=\"og:title\" content=\"Esquerda quer sete estaduais\u00a0 -\" \/>\n<meta property=\"og:description\" content=\"A maior bancada de sua Hist\u00f3ria Surfar na onda de Lula e Alckmin \u00a0 Renato Dias O PT quer eleger seis deputados estaduais, em Goi\u00e1s, no pr\u00f3ximo domingo, no dia 2 de outubro. Al\u00e9m de um nome cotado do PC do B. A proje\u00e7\u00e3o da [FBE] Federa\u00e7\u00e3o Brasil da Esperan\u00e7a \u00e9 obter sete cadeiras. Uma\" \/>\n<meta property=\"og:url\" content=\"https:\/\/renatodias.online\/movimento\/2022\/09\/28\/esquerda-quer-sete-estaduais\/\" \/>\n<meta property=\"article:publisher\" content=\"https:\/\/www.facebook.com\/renato.dias.37\" \/>\n<meta property=\"article:author\" content=\"https:\/\/www.facebook.com\/renato.dias.37\" \/>\n<meta property=\"article:published_time\" content=\"2022-09-29T00:11:06+00:00\" \/>\n<meta property=\"og:image\" content=\"https:\/\/renatodias.online\/movimento\/wp-content\/uploads\/2022\/09\/Logo-das-eleicoes-de-2022.png\" \/>\n\t<meta property=\"og:image:width\" content=\"300\" \/>\n\t<meta property=\"og:image:height\" content=\"300\" \/>\n\t<meta property=\"og:image:type\" content=\"image\/png\" \/>\n<meta name=\"author\" content=\"Renato Dias\" \/>\n<meta name=\"twitter:card\" content=\"summary_large_image\" \/>\n<meta name=\"twitter:creator\" content=\"@RenatoDiasBat\" \/>\n<meta name=\"twitter:site\" content=\"@RenatoDiasBat\" \/>\n<meta name=\"twitter:label1\" content=\"Escrito por\" \/>\n\t<meta name=\"twitter:data1\" content=\"Renato Dias\" \/>\n\t<meta name=\"twitter:label2\" content=\"Est. tempo de leitura\" \/>\n\t<meta name=\"twitter:data2\" content=\"1 minuto\" \/>\n<script type=\"application\/ld+json\" class=\"yoast-schema-graph\">{\"@context\":\"https:\\\/\\\/schema.org\",\"@graph\":[{\"@type\":\"Article\",\"@id\":\"https:\\\/\\\/renatodias.online\\\/movimento\\\/2022\\\/09\\\/28\\\/esquerda-quer-sete-estaduais\\\/#article\",\"isPartOf\":{\"@id\":\"https:\\\/\\\/renatodias.online\\\/movimento\\\/2022\\\/09\\\/28\\\/esquerda-quer-sete-estaduais\\\/\"},\"author\":{\"name\":\"Renato Dias\",\"@id\":\"https:\\\/\\\/renatodias.online\\\/movimento\\\/#\\\/schema\\\/person\\\/bbab28833b1725a20f4083f49f1fb2a9\"},\"headline\":\"Esquerda quer sete estaduais\u00a0\",\"datePublished\":\"2022-09-29T00:11:06+00:00\",\"mainEntityOfPage\":{\"@id\":\"https:\\\/\\\/renatodias.online\\\/movimento\\\/2022\\\/09\\\/28\\\/esquerda-quer-sete-estaduais\\\/\"},\"wordCount\":259,\"commentCount\":0,\"publisher\":{\"@id\":\"https:\\\/\\\/renatodias.online\\\/movimento\\\/#\\\/schema\\\/person\\\/bbab28833b1725a20f4083f49f1fb2a9\"},\"image\":{\"@id\":\"https:\\\/\\\/renatodias.online\\\/movimento\\\/2022\\\/09\\\/28\\\/esquerda-quer-sete-estaduais\\\/#primaryimage\"},\"thumbnailUrl\":\"https:\\\/\\\/renatodias.online\\\/movimento\\\/wp-content\\\/uploads\\\/2022\\\/09\\\/Logo-das-eleicoes-de-2022.png\",\"articleSection\":[\"Pol\u00edtica\"],\"inLanguage\":\"pt-BR\",\"potentialAction\":[{\"@type\":\"CommentAction\",\"name\":\"Comment\",\"target\":[\"https:\\\/\\\/renatodias.online\\\/movimento\\\/2022\\\/09\\\/28\\\/esquerda-quer-sete-estaduais\\\/#respond\"]}]},{\"@type\":\"WebPage\",\"@id\":\"https:\\\/\\\/renatodias.online\\\/movimento\\\/2022\\\/09\\\/28\\\/esquerda-quer-sete-estaduais\\\/\",\"url\":\"https:\\\/\\\/renatodias.online\\\/movimento\\\/2022\\\/09\\\/28\\\/esquerda-quer-sete-estaduais\\\/\",\"name\":\"Esquerda quer sete estaduais\u00a0 -\",\"isPartOf\":{\"@id\":\"https:\\\/\\\/renatodias.online\\\/movimento\\\/#website\"},\"primaryImageOfPage\":{\"@id\":\"https:\\\/\\\/renatodias.online\\\/movimento\\\/2022\\\/09\\\/28\\\/esquerda-quer-sete-estaduais\\\/#primaryimage\"},\"image\":{\"@id\":\"https:\\\/\\\/renatodias.online\\\/movimento\\\/2022\\\/09\\\/28\\\/esquerda-quer-sete-estaduais\\\/#primaryimage\"},\"thumbnailUrl\":\"https:\\\/\\\/renatodias.online\\\/movimento\\\/wp-content\\\/uploads\\\/2022\\\/09\\\/Logo-das-eleicoes-de-2022.png\",\"datePublished\":\"2022-09-29T00:11:06+00:00\",\"breadcrumb\":{\"@id\":\"https:\\\/\\\/renatodias.online\\\/movimento\\\/2022\\\/09\\\/28\\\/esquerda-quer-sete-estaduais\\\/#breadcrumb\"},\"inLanguage\":\"pt-BR\",\"potentialAction\":[{\"@type\":\"ReadAction\",\"target\":[\"https:\\\/\\\/renatodias.online\\\/movimento\\\/2022\\\/09\\\/28\\\/esquerda-quer-sete-estaduais\\\/\"]}]},{\"@type\":\"ImageObject\",\"inLanguage\":\"pt-BR\",\"@id\":\"https:\\\/\\\/renatodias.online\\\/movimento\\\/2022\\\/09\\\/28\\\/esquerda-quer-sete-estaduais\\\/#primaryimage\",\"url\":\"https:\\\/\\\/renatodias.online\\\/movimento\\\/wp-content\\\/uploads\\\/2022\\\/09\\\/Logo-das-eleicoes-de-2022.png\",\"contentUrl\":\"https:\\\/\\\/renatodias.online\\\/movimento\\\/wp-content\\\/uploads\\\/2022\\\/09\\\/Logo-das-eleicoes-de-2022.png\",\"width\":300,\"height\":300},{\"@type\":\"BreadcrumbList\",\"@id\":\"https:\\\/\\\/renatodias.online\\\/movimento\\\/2022\\\/09\\\/28\\\/esquerda-quer-sete-estaduais\\\/#breadcrumb\",\"itemListElement\":[{\"@type\":\"ListItem\",\"position\":1,\"name\":\"In\u00edcio\",\"item\":\"https:\\\/\\\/renatodias.online\\\/movimento\\\/\"},{\"@type\":\"ListItem\",\"position\":2,\"name\":\"Esquerda quer sete estaduais\u00a0\"}]},{\"@type\":\"WebSite\",\"@id\":\"https:\\\/\\\/renatodias.online\\\/movimento\\\/#website\",\"url\":\"https:\\\/\\\/renatodias.online\\\/movimento\\\/\",\"name\":\"\",\"description\":\"\",\"publisher\":{\"@id\":\"https:\\\/\\\/renatodias.online\\\/movimento\\\/#\\\/schema\\\/person\\\/bbab28833b1725a20f4083f49f1fb2a9\"},\"potentialAction\":[{\"@type\":\"SearchAction\",\"target\":{\"@type\":\"EntryPoint\",\"urlTemplate\":\"https:\\\/\\\/renatodias.online\\\/movimento\\\/?s={search_term_string}\"},\"query-input\":{\"@type\":\"PropertyValueSpecification\",\"valueRequired\":true,\"valueName\":\"search_term_string\"}}],\"inLanguage\":\"pt-BR\"},{\"@type\":[\"Person\",\"Organization\"],\"@id\":\"https:\\\/\\\/renatodias.online\\\/movimento\\\/#\\\/schema\\\/person\\\/bbab28833b1725a20f4083f49f1fb2a9\",\"name\":\"Renato Dias\",\"image\":{\"@type\":\"ImageObject\",\"inLanguage\":\"pt-BR\",\"@id\":\"https:\\\/\\\/renatodias.online\\\/movimento\\\/wp-content\\\/uploads\\\/2023\\\/03\\\/cropped-cropped-cropped-logofinal.jpeg\",\"url\":\"https:\\\/\\\/renatodias.online\\\/movimento\\\/wp-content\\\/uploads\\\/2023\\\/03\\\/cropped-cropped-cropped-logofinal.jpeg\",\"contentUrl\":\"https:\\\/\\\/renatodias.online\\\/movimento\\\/wp-content\\\/uploads\\\/2023\\\/03\\\/cropped-cropped-cropped-logofinal.jpeg\",\"width\":1280,\"height\":219,\"caption\":\"Renato Dias\"},\"logo\":{\"@id\":\"https:\\\/\\\/renatodias.online\\\/movimento\\\/wp-content\\\/uploads\\\/2023\\\/03\\\/cropped-cropped-cropped-logofinal.jpeg\"},\"description\":\"Renato Dias, 58 anos, \u00e9 graduado em Jornalismo, formado em Ci\u00eancias Sociais, com p\u00f3s-gradua\u00e7\u00e3o em Pol\u00edticas P\u00fablicas, mestre em Direito e Rela\u00e7\u00f5es Internacionais, ex-aluno extraordin\u00e1rio do Doutorado em Psicologia Social, ex-estudante do Curso de Psican\u00e1lise do Centro de Estudos Psicanal\u00edticos do Estado de Goi\u00e1s, ministrado pelo m\u00e9dico psiquiatra e psicanalista Daniel Em\u00eddio de Souza. \u00c9 autor de 30 livros-reportagem, oito document\u00e1rios, ganhou 30 pr\u00eamios e \u00e9 torcedor apaixonado do maior do Centro-Oeste, o Vila Nova Futebol Clube. Casado com Meirilane Dias, \u00e9 pai de Juliana Dias, jornalista; Daniel Dias, economista; e Maria Rosa Dias, estudante antifascista, socialista e trotskista.\u00a0Com tr\u00eas pets: Porquinho [Bull Dog Franc\u00eas], Dalila [Basset Hound] e Geleia [Basset Hound]. Al\u00e9m do eterno gato Tutuquinho, que virou estrela.\",\"sameAs\":[\"https:\\\/\\\/www.facebook.com\\\/renato.dias.37\",\"#breve\",\"https:\\\/\\\/renatodias.tumblr.com\\\/\"],\"url\":\"https:\\\/\\\/renatodias.online\\\/movimento\\\/author\\\/renatodias\\\/\"}]}<\/script>\n<!-- \/ Yoast SEO plugin. -->","yoast_head_json":{"title":"Esquerda quer sete estaduais\u00a0 -","robots":{"index":"index","follow":"follow","max-snippet":"max-snippet:-1","max-image-preview":"max-image-preview:large","max-video-preview":"max-video-preview:-1"},"canonical":"https:\/\/renatodias.online\/movimento\/2022\/09\/28\/esquerda-quer-sete-estaduais\/","og_locale":"pt_BR","og_type":"article","og_title":"Esquerda quer sete estaduais\u00a0 -","og_description":"A maior bancada de sua Hist\u00f3ria Surfar na onda de Lula e Alckmin \u00a0 Renato Dias O PT quer eleger seis deputados estaduais, em Goi\u00e1s, no pr\u00f3ximo domingo, no dia 2 de outubro. Al\u00e9m de um nome cotado do PC do B. A proje\u00e7\u00e3o da [FBE] Federa\u00e7\u00e3o Brasil da Esperan\u00e7a \u00e9 obter sete cadeiras. Uma","og_url":"https:\/\/renatodias.online\/movimento\/2022\/09\/28\/esquerda-quer-sete-estaduais\/","article_publisher":"https:\/\/www.facebook.com\/renato.dias.37","article_author":"https:\/\/www.facebook.com\/renato.dias.37","article_published_time":"2022-09-29T00:11:06+00:00","og_image":[{"width":300,"height":300,"url":"https:\/\/renatodias.online\/movimento\/wp-content\/uploads\/2022\/09\/Logo-das-eleicoes-de-2022.png","type":"image\/png"}],"author":"Renato Dias","twitter_card":"summary_large_image","twitter_creator":"@RenatoDiasBat","twitter_site":"@RenatoDiasBat","twitter_misc":{"Escrito por":"Renato Dias","Est. tempo de leitura":"1 minuto"},"schema":{"@context":"https:\/\/schema.org","@graph":[{"@type":"Article","@id":"https:\/\/renatodias.online\/movimento\/2022\/09\/28\/esquerda-quer-sete-estaduais\/#article","isPartOf":{"@id":"https:\/\/renatodias.online\/movimento\/2022\/09\/28\/esquerda-quer-sete-estaduais\/"},"author":{"name":"Renato Dias","@id":"https:\/\/renatodias.online\/movimento\/#\/schema\/person\/bbab28833b1725a20f4083f49f1fb2a9"},"headline":"Esquerda quer sete estaduais\u00a0","datePublished":"2022-09-29T00:11:06+00:00","mainEntityOfPage":{"@id":"https:\/\/renatodias.online\/movimento\/2022\/09\/28\/esquerda-quer-sete-estaduais\/"},"wordCount":259,"commentCount":0,"publisher":{"@id":"https:\/\/renatodias.online\/movimento\/#\/schema\/person\/bbab28833b1725a20f4083f49f1fb2a9"},"image":{"@id":"https:\/\/renatodias.online\/movimento\/2022\/09\/28\/esquerda-quer-sete-estaduais\/#primaryimage"},"thumbnailUrl":"https:\/\/renatodias.online\/movimento\/wp-content\/uploads\/2022\/09\/Logo-das-eleicoes-de-2022.png","articleSection":["Pol\u00edtica"],"inLanguage":"pt-BR","potentialAction":[{"@type":"CommentAction","name":"Comment","target":["https:\/\/renatodias.online\/movimento\/2022\/09\/28\/esquerda-quer-sete-estaduais\/#respond"]}]},{"@type":"WebPage","@id":"https:\/\/renatodias.online\/movimento\/2022\/09\/28\/esquerda-quer-sete-estaduais\/","url":"https:\/\/renatodias.online\/movimento\/2022\/09\/28\/esquerda-quer-sete-estaduais\/","name":"Esquerda quer sete estaduais\u00a0 -","isPartOf":{"@id":"https:\/\/renatodias.online\/movimento\/#website"},"primaryImageOfPage":{"@id":"https:\/\/renatodias.online\/movimento\/2022\/09\/28\/esquerda-quer-sete-estaduais\/#primaryimage"},"image":{"@id":"https:\/\/renatodias.online\/movimento\/2022\/09\/28\/esquerda-quer-sete-estaduais\/#primaryimage"},"thumbnailUrl":"https:\/\/renatodias.online\/movimento\/wp-content\/uploads\/2022\/09\/Logo-das-eleicoes-de-2022.png","datePublished":"2022-09-29T00:11:06+00:00","breadcrumb":{"@id":"https:\/\/renatodias.online\/movimento\/2022\/09\/28\/esquerda-quer-sete-estaduais\/#breadcrumb"},"inLanguage":"pt-BR","potentialAction":[{"@type":"ReadAction","target":["https:\/\/renatodias.online\/movimento\/2022\/09\/28\/esquerda-quer-sete-estaduais\/"]}]},{"@type":"ImageObject","inLanguage":"pt-BR","@id":"https:\/\/renatodias.online\/movimento\/2022\/09\/28\/esquerda-quer-sete-estaduais\/#primaryimage","url":"https:\/\/renatodias.online\/movimento\/wp-content\/uploads\/2022\/09\/Logo-das-eleicoes-de-2022.png","contentUrl":"https:\/\/renatodias.online\/movimento\/wp-content\/uploads\/2022\/09\/Logo-das-eleicoes-de-2022.png","width":300,"height":300},{"@type":"BreadcrumbList","@id":"https:\/\/renatodias.online\/movimento\/2022\/09\/28\/esquerda-quer-sete-estaduais\/#breadcrumb","itemListElement":[{"@type":"ListItem","position":1,"name":"In\u00edcio","item":"https:\/\/renatodias.online\/movimento\/"},{"@type":"ListItem","position":2,"name":"Esquerda quer sete estaduais\u00a0"}]},{"@type":"WebSite","@id":"https:\/\/renatodias.online\/movimento\/#website","url":"https:\/\/renatodias.online\/movimento\/","name":"","description":"","publisher":{"@id":"https:\/\/renatodias.online\/movimento\/#\/schema\/person\/bbab28833b1725a20f4083f49f1fb2a9"},"potentialAction":[{"@type":"SearchAction","target":{"@type":"EntryPoint","urlTemplate":"https:\/\/renatodias.online\/movimento\/?s={search_term_string}"},"query-input":{"@type":"PropertyValueSpecification","valueRequired":true,"valueName":"search_term_string"}}],"inLanguage":"pt-BR"},{"@type":["Person","Organization"],"@id":"https:\/\/renatodias.online\/movimento\/#\/schema\/person\/bbab28833b1725a20f4083f49f1fb2a9","name":"Renato Dias","image":{"@type":"ImageObject","inLanguage":"pt-BR","@id":"https:\/\/renatodias.online\/movimento\/wp-content\/uploads\/2023\/03\/cropped-cropped-cropped-logofinal.jpeg","url":"https:\/\/renatodias.online\/movimento\/wp-content\/uploads\/2023\/03\/cropped-cropped-cropped-logofinal.jpeg","contentUrl":"https:\/\/renatodias.online\/movimento\/wp-content\/uploads\/2023\/03\/cropped-cropped-cropped-logofinal.jpeg","width":1280,"height":219,"caption":"Renato Dias"},"logo":{"@id":"https:\/\/renatodias.online\/movimento\/wp-content\/uploads\/2023\/03\/cropped-cropped-cropped-logofinal.jpeg"},"description":"Renato Dias, 58 anos, \u00e9 graduado em Jornalismo, formado em Ci\u00eancias Sociais, com p\u00f3s-gradua\u00e7\u00e3o em Pol\u00edticas P\u00fablicas, mestre em Direito e Rela\u00e7\u00f5es Internacionais, ex-aluno extraordin\u00e1rio do Doutorado em Psicologia Social, ex-estudante do Curso de Psican\u00e1lise do Centro de Estudos Psicanal\u00edticos do Estado de Goi\u00e1s, ministrado pelo m\u00e9dico psiquiatra e psicanalista Daniel Em\u00eddio de Souza. \u00c9 autor de 30 livros-reportagem, oito document\u00e1rios, ganhou 30 pr\u00eamios e \u00e9 torcedor apaixonado do maior do Centro-Oeste, o Vila Nova Futebol Clube. Casado com Meirilane Dias, \u00e9 pai de Juliana Dias, jornalista; Daniel Dias, economista; e Maria Rosa Dias, estudante antifascista, socialista e trotskista.\u00a0Com tr\u00eas pets: Porquinho [Bull Dog Franc\u00eas], Dalila [Basset Hound] e Geleia [Basset Hound]. Al\u00e9m do eterno gato Tutuquinho, que virou estrela.","sameAs":["https:\/\/www.facebook.com\/renato.dias.37","#breve","https:\/\/renatodias.tumblr.com\/"],"url":"https:\/\/renatodias.online\/movimento\/author\/renatodias\/"}]}},"_links":{"self":[{"href":"https:\/\/renatodias.online\/movimento\/wp-json\/wp\/v2\/posts\/14289","targetHints":{"allow":["GET"]}}],"collection":[{"href":"https:\/\/renatodias.online\/movimento\/wp-json\/wp\/v2\/posts"}],"about":[{"href":"https:\/\/renatodias.online\/movimento\/wp-json\/wp\/v2\/types\/post"}],"author":[{"embeddable":true,"href":"https:\/\/renatodias.online\/movimento\/wp-json\/wp\/v2\/users\/2"}],"replies":[{"embeddable":true,"href":"https:\/\/renatodias.online\/movimento\/wp-json\/wp\/v2\/comments?post=14289"}],"version-history":[{"count":1,"href":"https:\/\/renatodias.online\/movimento\/wp-json\/wp\/v2\/posts\/14289\/revisions"}],"predecessor-version":[{"id":14291,"href":"https:\/\/renatodias.online\/movimento\/wp-json\/wp\/v2\/posts\/14289\/revisions\/14291"}],"wp:featuredmedia":[{"embeddable":true,"href":"https:\/\/renatodias.online\/movimento\/wp-json\/wp\/v2\/media\/14290"}],"wp:attachment":[{"href":"https:\/\/renatodias.online\/movimento\/wp-json\/wp\/v2\/media?parent=14289"}],"wp:term":[{"taxonomy":"category","embeddable":true,"href":"https:\/\/renatodias.online\/movimento\/wp-json\/wp\/v2\/categories?post=14289"},{"taxonomy":"post_tag","embeddable":true,"href":"https:\/\/renatodias.online\/movimento\/wp-json\/wp\/v2\/tags?post=14289"}],"curies":[{"name":"wp","href":"https:\/\/api.w.org\/{rel}","templated":true}]}}