{"id":14272,"date":"2022-09-24T20:46:12","date_gmt":"2022-09-24T23:46:12","guid":{"rendered":"https:\/\/renatodias.online\/movimento\/?p=14272"},"modified":"2022-09-24T20:48:32","modified_gmt":"2022-09-24T23:48:32","slug":"ser-jovem-em-um-mundo-sem-futuro","status":"publish","type":"post","link":"https:\/\/renatodias.online\/movimento\/2022\/09\/24\/ser-jovem-em-um-mundo-sem-futuro\/","title":{"rendered":"Ser jovem em um mundo sem futuro"},"content":{"rendered":"<p><img loading=\"lazy\" decoding=\"async\" class=\"alignnone wp-image-2918 size-full\" src=\"https:\/\/renatodias.online\/movimento\/wp-content\/uploads\/2019\/11\/Marcas-de-tiros.png\" alt=\"\" width=\"1024\" height=\"768\" \/><\/p>\n<p><strong>\u00a0<\/strong><\/p>\n<p><img loading=\"lazy\" decoding=\"async\" class=\"size-medium wp-image-7457 aligncenter\" src=\"https:\/\/renatodias.online\/movimento\/wp-content\/uploads\/2021\/06\/Sangue-_-1-300x200.jpeg\" alt=\"\" width=\"300\" height=\"200\" \/><\/p>\n<p><span style=\"color: #808000;\"><strong>Dijaci David de Oliveira<\/strong><\/span><\/p>\n<p>Passada a temporada de mat\u00e9rias sobre o enterro da Rainha Elizabeth, as not\u00edcias se voltaram para o futuro da sociedade. Acompanhando os desdobramentos dos conflitos mundo afora, v\u00e1rios debates recentes me chamaram a aten\u00e7\u00e3o. Em particular, um dos temas importantes diz respeito ao futuro dos jovens. Em uma entrevista da jornalista Carla Jorge de Carvalho (R\u00e1dio Observador, 21\/set\/22), o Major-General Arnaut Moreira, ao discorrer sobre os desdobra\u00admentos da guerra R\u00fassia x Ucr\u00e2nia e o \u00faltimo discurso de Vladimir Putin, disse que \u201cos jovens est\u00e3o fugindo da R\u00fassia\u201d e que \u201cv\u00e3o procurar alternativas no estrangeiro!\u201d<\/p>\n<figure id=\"attachment_11030\" aria-describedby=\"caption-attachment-11030\" style=\"width: 935px\" class=\"wp-caption alignnone\"><img loading=\"lazy\" decoding=\"async\" class=\"size-full wp-image-11030\" src=\"https:\/\/renatodias.online\/movimento\/wp-content\/uploads\/2022\/02\/Vladimir-Putin-A-guerra.png\" alt=\"\" width=\"935\" height=\"649\" \/><figcaption id=\"caption-attachment-11030\" class=\"wp-caption-text\"><strong>Vladimir Putin<\/strong><\/figcaption><\/figure>\n<p>Compreens\u00edvel considerando que, sendo jovem na R\u00fassia, todos podem ser convocados para a guerra. Contudo, para onde v\u00e3o? Para Portugal? Conforme outra mat\u00e9ria no site de not\u00edcias (Nascer do Sol, 20\/set), o melhor que o jovem portugu\u00eas deve fazer \u00e9 fugir pois, conforme o autor do artigo \u2013 Jo\u00e3o Maur\u00edcio Br\u00e1s -, por aqui [Portugal] o que prevalece \u00e9 a \u201cpodrid\u00e3o dourada a sol\u201d. J\u00e1 vimos que os jovens russos est\u00e3o fugindo (os jovens ricos \u2013 e talvez a classe m\u00e9dia -, claro, pois precisam ter dinheiro para as passagens a\u00e9reas, para os custos de moradia no exterior, para as despesas di\u00e1rias&#8230;). \u00c9 verdade que a situa\u00e7\u00e3o de Portugal \u00e9 bem mais confort\u00e1vel que a R\u00fassia ou Ucr\u00e2nia, por conta da guerra e das san\u00e7\u00f5es econ\u00f4micas. Mas o futuro imaginado pela sociedade est\u00e1 sempre al\u00e9m da mera repeti\u00e7\u00e3o da vida tradicional. Mas, ent\u00e3o, para onde v\u00e3o os jovens portugueses?<\/p>\n<figure id=\"attachment_11297\" aria-describedby=\"caption-attachment-11297\" style=\"width: 557px\" class=\"wp-caption aligncenter\"><img loading=\"lazy\" decoding=\"async\" class=\"wp-image-11297 size-full\" src=\"https:\/\/renatodias.online\/movimento\/wp-content\/uploads\/2022\/03\/Kiev.png\" alt=\"\" width=\"557\" height=\"303\" \/><figcaption id=\"caption-attachment-11297\" class=\"wp-caption-text\"><span style=\"color: #666699;\"><strong>Kiev<\/strong><\/span><\/figcaption><\/figure>\n<p>Antes de responder, fa\u00e7o uma pequena digress\u00e3o. Me recordei que neste ano (2022) Portugal bateu o recorde de entrada de brasileiros (foram milhares, e j\u00e1 ultrapassam os 300 mil totais). Podemos dizer que eles \u201cfugiram\u201d do Brasil (est\u00e1 \u00e9 a verdade), se foram de um Pa\u00eds que, sob o governo de Bolsonaro, perdeu seu futuro. Algu\u00e9m em s\u00e3 consci\u00eancia acredita que Bolsonaro tornou o Brasil melhor? \u00c9 evidente que n\u00e3o.<\/p>\n<figure id=\"attachment_12876\" aria-describedby=\"caption-attachment-12876\" style=\"width: 310px\" class=\"wp-caption aligncenter\"><img loading=\"lazy\" decoding=\"async\" class=\"size-full wp-image-12876\" src=\"https:\/\/renatodias.online\/movimento\/wp-content\/uploads\/2022\/06\/Jair-Bolsonaro-Autogolpe-e1660511822264.jpg\" alt=\"\" width=\"310\" height=\"474\" \/><figcaption id=\"caption-attachment-12876\" class=\"wp-caption-text\"><span style=\"color: #800000;\"><strong>Jair Bolsonaro &#8211; Cr\u00e9dito: Isto \u00e9<\/strong><\/span><\/figcaption><\/figure>\n<p>Mas enfim, qual pa\u00eds pode oferecer um futuro bom para os jovens? Se olharmos ao redor no planeta percebemos que h\u00e1 promessas de guerras em v\u00e1rias partes (Taiwan, Arm\u00eania, S\u00edria, I\u00eamen, Eti\u00f3pia, Mianmar). Noutras regi\u00f5es do mundo acompanhamos a intensifica\u00e7\u00e3o de conflitos pol\u00edticos, fortes evid\u00eancias de crises e instabilidades ambientais, al\u00e9m da queda das condi\u00e7\u00f5es sociais. Nos pa\u00edses mais estruturados, experimentamos o fen\u00f4meno de recess\u00e3o, da infla\u00e7\u00e3o e do desemprego. Ou seja, o mundo n\u00e3o tem boas not\u00edcias para oferecer aos jovens. Sobram problemas e desafios.<\/p>\n<p><img loading=\"lazy\" decoding=\"async\" class=\"size-medium wp-image-9167 aligncenter\" src=\"https:\/\/renatodias.online\/movimento\/wp-content\/uploads\/2021\/09\/Logo-da-interrogacao-268x300.jpg\" alt=\"\" width=\"268\" height=\"300\" \/><\/p>\n<p>Mais ainda, o cen\u00e1rio do mundo tende a ser pior. Aqui e l\u00e1 fora. \u00c9 o que diz, por exemplo, Nouriel Roubine, o \u201cprofeta da desgra\u00e7a\u201d como o chamou a jornalista Carla Pedro (Jornal de Neg\u00f3cios, 20\/set) ao noticiar uma proje\u00e7\u00e3o feita pelo famoso economista que previu a terr\u00edvel crise imobili\u00e1ria de 2007. Segundo ele, as a\u00e7\u00f5es das grandes empresas sofrer\u00e3o uma forte queda e isso pode levar a novos desdobramentos sobre o crescimento econ\u00f4mico. E com isso inevitavelmente temos uma interfer\u00eancia negativa na oferta de empregos e al\u00e9m da eleva\u00e7\u00e3o dos pre\u00e7os das mercadorias. Enfim, a inser\u00e7\u00e3o dos jovens em um futuro promissor, ou pelo menos est\u00e1vel, n\u00e3o existe.<\/p>\n<figure id=\"attachment_11065\" aria-describedby=\"caption-attachment-11065\" style=\"width: 729px\" class=\"wp-caption aligncenter\"><img loading=\"lazy\" decoding=\"async\" class=\"size-full wp-image-11065\" src=\"https:\/\/renatodias.online\/movimento\/wp-content\/uploads\/2022\/03\/A-guerra-Russia-e-Ucrania-1.png\" alt=\"\" width=\"729\" height=\"414\" \/><figcaption id=\"caption-attachment-11065\" class=\"wp-caption-text\"><span style=\"color: #808000;\"><strong>A escalada da guerra R\u00fassia e Ucr\u00e2nia<\/strong><\/span><\/figcaption><\/figure>\n<p>Claro, ningu\u00e9m e em nenhum lugar prometeu o para\u00edso para os jovens. Todos est\u00e3o cientes dos problemas que temos. Por\u00e9m, n\u00e3o falamos tudo para os jovens. O futuro deles pode ser um desastre. Ter\u00e3o guerras, recess\u00e3o, problemas ambientais e v\u00e3o conviver com um crescimento dos discursos de \u00f3dio (como sempre acontece quando os pa\u00edses enfrentam crises econ\u00f4micas). Para onde fugir? Ouso dizer que a sa\u00edda n\u00e3o \u00e9 fugir (mesmo para os jovens russos ou ucranianos). Todos precisam participar mais da vida social de seus pa\u00edses. Se fugirem, os dirigentes de sempre tomar\u00e3o os rumos e decidir\u00e3o a vida dos pa\u00edses sem os jovens. Portanto, cabe a todos n\u00f3s encontrar meios de ampliar a participa\u00e7\u00e3o dos jovens nos debates nacionais, em especial, para que eles tenham plena consci\u00eancia dos desafios que t\u00eam pela frente e que n\u00e3o soubemos resolver como, por exemplo, a crise ambiental.<\/p>\n<figure id=\"attachment_8405\" aria-describedby=\"caption-attachment-8405\" style=\"width: 1024px\" class=\"wp-caption alignnone\"><img loading=\"lazy\" decoding=\"async\" class=\"size-full wp-image-8405\" src=\"https:\/\/renatodias.online\/movimento\/wp-content\/uploads\/2021\/08\/Economia-sustentavel.jpg\" alt=\"\" width=\"1024\" height=\"682\" \/><figcaption id=\"caption-attachment-8405\" class=\"wp-caption-text\"><span style=\"color: #008000;\"><strong>Economia sustent\u00e1vel: verde<\/strong><\/span><\/figcaption><\/figure>\n<p><span style=\"color: #0000ff;\"><strong>Dijaci David de Oliveira \u00e9 doutor em Sociologia e Professor da Universidade Federal de Goi\u00e1s (UFG). Faz o p\u00f3s-doutorado em sociologia no ICSTE-IUL, Lisboa<\/strong><\/span><\/p>\n","protected":false},"excerpt":{"rendered":"<p>\u00a0 Dijaci David de Oliveira Passada a temporada de mat\u00e9rias sobre o enterro da Rainha Elizabeth, as not\u00edcias se voltaram para o futuro da sociedade. Acompanhando os desdobramentos dos conflitos mundo afora, v\u00e1rios debates recentes me chamaram a aten\u00e7\u00e3o. Em particular, um dos temas importantes diz respeito ao futuro dos jovens. Em uma entrevista da<\/p>\n","protected":false},"author":2,"featured_media":6627,"comment_status":"open","ping_status":"open","sticky":false,"template":"","format":"standard","meta":{"_acf_changed":false,"_monsterinsights_skip_tracking":false,"_monsterinsights_sitenote_active":false,"_monsterinsights_sitenote_note":"","_monsterinsights_sitenote_category":0,"footnotes":""},"categories":[83],"tags":[],"class_list":["post-14272","post","type-post","status-publish","format-standard","has-post-thumbnail","hentry","category-opiniao"],"acf":[],"yoast_head":"<!-- This site is optimized with the Yoast SEO plugin v27.4 - https:\/\/yoast.com\/product\/yoast-seo-wordpress\/ -->\n<title>Ser jovem em um mundo sem futuro -<\/title>\n<meta name=\"robots\" content=\"index, follow, max-snippet:-1, max-image-preview:large, max-video-preview:-1\" \/>\n<link rel=\"canonical\" href=\"https:\/\/renatodias.online\/movimento\/2022\/09\/24\/ser-jovem-em-um-mundo-sem-futuro\/\" \/>\n<meta property=\"og:locale\" content=\"pt_BR\" \/>\n<meta property=\"og:type\" content=\"article\" \/>\n<meta property=\"og:title\" content=\"Ser jovem em um mundo sem futuro -\" \/>\n<meta property=\"og:description\" content=\"\u00a0 Dijaci David de Oliveira Passada a temporada de mat\u00e9rias sobre o enterro da Rainha Elizabeth, as not\u00edcias se voltaram para o futuro da sociedade. Acompanhando os desdobramentos dos conflitos mundo afora, v\u00e1rios debates recentes me chamaram a aten\u00e7\u00e3o. Em particular, um dos temas importantes diz respeito ao futuro dos jovens. Em uma entrevista da\" \/>\n<meta property=\"og:url\" content=\"https:\/\/renatodias.online\/movimento\/2022\/09\/24\/ser-jovem-em-um-mundo-sem-futuro\/\" \/>\n<meta property=\"article:publisher\" content=\"https:\/\/www.facebook.com\/renato.dias.37\" \/>\n<meta property=\"article:author\" content=\"https:\/\/www.facebook.com\/renato.dias.37\" \/>\n<meta property=\"article:published_time\" content=\"2022-09-24T23:46:12+00:00\" \/>\n<meta property=\"article:modified_time\" content=\"2022-09-24T23:48:32+00:00\" \/>\n<meta property=\"og:image\" content=\"https:\/\/renatodias.online\/movimento\/wp-content\/uploads\/2021\/05\/Djaci-David-de-Oliveira-e1673282442812.jpg\" \/>\n\t<meta property=\"og:image:width\" content=\"428\" \/>\n\t<meta property=\"og:image:height\" content=\"241\" \/>\n\t<meta property=\"og:image:type\" content=\"image\/jpeg\" \/>\n<meta name=\"author\" content=\"Renato Dias\" \/>\n<meta name=\"twitter:card\" content=\"summary_large_image\" \/>\n<meta name=\"twitter:creator\" content=\"@RenatoDiasBat\" \/>\n<meta name=\"twitter:site\" content=\"@RenatoDiasBat\" \/>\n<meta name=\"twitter:label1\" content=\"Escrito por\" \/>\n\t<meta name=\"twitter:data1\" content=\"Renato Dias\" \/>\n\t<meta name=\"twitter:label2\" content=\"Est. tempo de leitura\" \/>\n\t<meta name=\"twitter:data2\" content=\"4 minutos\" \/>\n<script type=\"application\/ld+json\" class=\"yoast-schema-graph\">{\"@context\":\"https:\\\/\\\/schema.org\",\"@graph\":[{\"@type\":\"Article\",\"@id\":\"https:\\\/\\\/renatodias.online\\\/movimento\\\/2022\\\/09\\\/24\\\/ser-jovem-em-um-mundo-sem-futuro\\\/#article\",\"isPartOf\":{\"@id\":\"https:\\\/\\\/renatodias.online\\\/movimento\\\/2022\\\/09\\\/24\\\/ser-jovem-em-um-mundo-sem-futuro\\\/\"},\"author\":{\"name\":\"Renato Dias\",\"@id\":\"https:\\\/\\\/renatodias.online\\\/movimento\\\/#\\\/schema\\\/person\\\/bbab28833b1725a20f4083f49f1fb2a9\"},\"headline\":\"Ser jovem em um mundo sem futuro\",\"datePublished\":\"2022-09-24T23:46:12+00:00\",\"dateModified\":\"2022-09-24T23:48:32+00:00\",\"mainEntityOfPage\":{\"@id\":\"https:\\\/\\\/renatodias.online\\\/movimento\\\/2022\\\/09\\\/24\\\/ser-jovem-em-um-mundo-sem-futuro\\\/\"},\"wordCount\":829,\"commentCount\":0,\"publisher\":{\"@id\":\"https:\\\/\\\/renatodias.online\\\/movimento\\\/#\\\/schema\\\/person\\\/bbab28833b1725a20f4083f49f1fb2a9\"},\"image\":{\"@id\":\"https:\\\/\\\/renatodias.online\\\/movimento\\\/2022\\\/09\\\/24\\\/ser-jovem-em-um-mundo-sem-futuro\\\/#primaryimage\"},\"thumbnailUrl\":\"https:\\\/\\\/renatodias.online\\\/movimento\\\/wp-content\\\/uploads\\\/2021\\\/05\\\/Djaci-David-de-Oliveira-e1683158072859.jpg\",\"articleSection\":[\"Opini\u00e3o\"],\"inLanguage\":\"pt-BR\",\"potentialAction\":[{\"@type\":\"CommentAction\",\"name\":\"Comment\",\"target\":[\"https:\\\/\\\/renatodias.online\\\/movimento\\\/2022\\\/09\\\/24\\\/ser-jovem-em-um-mundo-sem-futuro\\\/#respond\"]}]},{\"@type\":\"WebPage\",\"@id\":\"https:\\\/\\\/renatodias.online\\\/movimento\\\/2022\\\/09\\\/24\\\/ser-jovem-em-um-mundo-sem-futuro\\\/\",\"url\":\"https:\\\/\\\/renatodias.online\\\/movimento\\\/2022\\\/09\\\/24\\\/ser-jovem-em-um-mundo-sem-futuro\\\/\",\"name\":\"Ser jovem em um mundo sem futuro -\",\"isPartOf\":{\"@id\":\"https:\\\/\\\/renatodias.online\\\/movimento\\\/#website\"},\"primaryImageOfPage\":{\"@id\":\"https:\\\/\\\/renatodias.online\\\/movimento\\\/2022\\\/09\\\/24\\\/ser-jovem-em-um-mundo-sem-futuro\\\/#primaryimage\"},\"image\":{\"@id\":\"https:\\\/\\\/renatodias.online\\\/movimento\\\/2022\\\/09\\\/24\\\/ser-jovem-em-um-mundo-sem-futuro\\\/#primaryimage\"},\"thumbnailUrl\":\"https:\\\/\\\/renatodias.online\\\/movimento\\\/wp-content\\\/uploads\\\/2021\\\/05\\\/Djaci-David-de-Oliveira-e1683158072859.jpg\",\"datePublished\":\"2022-09-24T23:46:12+00:00\",\"dateModified\":\"2022-09-24T23:48:32+00:00\",\"breadcrumb\":{\"@id\":\"https:\\\/\\\/renatodias.online\\\/movimento\\\/2022\\\/09\\\/24\\\/ser-jovem-em-um-mundo-sem-futuro\\\/#breadcrumb\"},\"inLanguage\":\"pt-BR\",\"potentialAction\":[{\"@type\":\"ReadAction\",\"target\":[\"https:\\\/\\\/renatodias.online\\\/movimento\\\/2022\\\/09\\\/24\\\/ser-jovem-em-um-mundo-sem-futuro\\\/\"]}]},{\"@type\":\"ImageObject\",\"inLanguage\":\"pt-BR\",\"@id\":\"https:\\\/\\\/renatodias.online\\\/movimento\\\/2022\\\/09\\\/24\\\/ser-jovem-em-um-mundo-sem-futuro\\\/#primaryimage\",\"url\":\"https:\\\/\\\/renatodias.online\\\/movimento\\\/wp-content\\\/uploads\\\/2021\\\/05\\\/Djaci-David-de-Oliveira-e1683158072859.jpg\",\"contentUrl\":\"https:\\\/\\\/renatodias.online\\\/movimento\\\/wp-content\\\/uploads\\\/2021\\\/05\\\/Djaci-David-de-Oliveira-e1683158072859.jpg\",\"width\":800,\"height\":450,\"caption\":\"Dijaci David de Oliveira\"},{\"@type\":\"BreadcrumbList\",\"@id\":\"https:\\\/\\\/renatodias.online\\\/movimento\\\/2022\\\/09\\\/24\\\/ser-jovem-em-um-mundo-sem-futuro\\\/#breadcrumb\",\"itemListElement\":[{\"@type\":\"ListItem\",\"position\":1,\"name\":\"In\u00edcio\",\"item\":\"https:\\\/\\\/renatodias.online\\\/movimento\\\/\"},{\"@type\":\"ListItem\",\"position\":2,\"name\":\"Ser jovem em um mundo sem futuro\"}]},{\"@type\":\"WebSite\",\"@id\":\"https:\\\/\\\/renatodias.online\\\/movimento\\\/#website\",\"url\":\"https:\\\/\\\/renatodias.online\\\/movimento\\\/\",\"name\":\"\",\"description\":\"\",\"publisher\":{\"@id\":\"https:\\\/\\\/renatodias.online\\\/movimento\\\/#\\\/schema\\\/person\\\/bbab28833b1725a20f4083f49f1fb2a9\"},\"potentialAction\":[{\"@type\":\"SearchAction\",\"target\":{\"@type\":\"EntryPoint\",\"urlTemplate\":\"https:\\\/\\\/renatodias.online\\\/movimento\\\/?s={search_term_string}\"},\"query-input\":{\"@type\":\"PropertyValueSpecification\",\"valueRequired\":true,\"valueName\":\"search_term_string\"}}],\"inLanguage\":\"pt-BR\"},{\"@type\":[\"Person\",\"Organization\"],\"@id\":\"https:\\\/\\\/renatodias.online\\\/movimento\\\/#\\\/schema\\\/person\\\/bbab28833b1725a20f4083f49f1fb2a9\",\"name\":\"Renato Dias\",\"image\":{\"@type\":\"ImageObject\",\"inLanguage\":\"pt-BR\",\"@id\":\"https:\\\/\\\/renatodias.online\\\/movimento\\\/wp-content\\\/uploads\\\/2023\\\/03\\\/cropped-cropped-cropped-logofinal.jpeg\",\"url\":\"https:\\\/\\\/renatodias.online\\\/movimento\\\/wp-content\\\/uploads\\\/2023\\\/03\\\/cropped-cropped-cropped-logofinal.jpeg\",\"contentUrl\":\"https:\\\/\\\/renatodias.online\\\/movimento\\\/wp-content\\\/uploads\\\/2023\\\/03\\\/cropped-cropped-cropped-logofinal.jpeg\",\"width\":1280,\"height\":219,\"caption\":\"Renato Dias\"},\"logo\":{\"@id\":\"https:\\\/\\\/renatodias.online\\\/movimento\\\/wp-content\\\/uploads\\\/2023\\\/03\\\/cropped-cropped-cropped-logofinal.jpeg\"},\"description\":\"Renato Dias, 58 anos, \u00e9 graduado em Jornalismo, formado em Ci\u00eancias Sociais, com p\u00f3s-gradua\u00e7\u00e3o em Pol\u00edticas P\u00fablicas, mestre em Direito e Rela\u00e7\u00f5es Internacionais, ex-aluno extraordin\u00e1rio do Doutorado em Psicologia Social, ex-estudante do Curso de Psican\u00e1lise do Centro de Estudos Psicanal\u00edticos do Estado de Goi\u00e1s, ministrado pelo m\u00e9dico psiquiatra e psicanalista Daniel Em\u00eddio de Souza. \u00c9 autor de 30 livros-reportagem, oito document\u00e1rios, ganhou 30 pr\u00eamios e \u00e9 torcedor apaixonado do maior do Centro-Oeste, o Vila Nova Futebol Clube. Casado com Meirilane Dias, \u00e9 pai de Juliana Dias, jornalista; Daniel Dias, economista; e Maria Rosa Dias, estudante antifascista, socialista e trotskista.\u00a0Com tr\u00eas pets: Porquinho [Bull Dog Franc\u00eas], Dalila [Basset Hound] e Geleia [Basset Hound]. Al\u00e9m do eterno gato Tutuquinho, que virou estrela.\",\"sameAs\":[\"https:\\\/\\\/www.facebook.com\\\/renato.dias.37\",\"#breve\",\"https:\\\/\\\/renatodias.tumblr.com\\\/\"],\"url\":\"https:\\\/\\\/renatodias.online\\\/movimento\\\/author\\\/renatodias\\\/\"}]}<\/script>\n<!-- \/ Yoast SEO plugin. -->","yoast_head_json":{"title":"Ser jovem em um mundo sem futuro -","robots":{"index":"index","follow":"follow","max-snippet":"max-snippet:-1","max-image-preview":"max-image-preview:large","max-video-preview":"max-video-preview:-1"},"canonical":"https:\/\/renatodias.online\/movimento\/2022\/09\/24\/ser-jovem-em-um-mundo-sem-futuro\/","og_locale":"pt_BR","og_type":"article","og_title":"Ser jovem em um mundo sem futuro -","og_description":"\u00a0 Dijaci David de Oliveira Passada a temporada de mat\u00e9rias sobre o enterro da Rainha Elizabeth, as not\u00edcias se voltaram para o futuro da sociedade. Acompanhando os desdobramentos dos conflitos mundo afora, v\u00e1rios debates recentes me chamaram a aten\u00e7\u00e3o. Em particular, um dos temas importantes diz respeito ao futuro dos jovens. Em uma entrevista da","og_url":"https:\/\/renatodias.online\/movimento\/2022\/09\/24\/ser-jovem-em-um-mundo-sem-futuro\/","article_publisher":"https:\/\/www.facebook.com\/renato.dias.37","article_author":"https:\/\/www.facebook.com\/renato.dias.37","article_published_time":"2022-09-24T23:46:12+00:00","article_modified_time":"2022-09-24T23:48:32+00:00","og_image":[{"width":428,"height":241,"url":"https:\/\/renatodias.online\/movimento\/wp-content\/uploads\/2021\/05\/Djaci-David-de-Oliveira-e1673282442812.jpg","type":"image\/jpeg"}],"author":"Renato Dias","twitter_card":"summary_large_image","twitter_creator":"@RenatoDiasBat","twitter_site":"@RenatoDiasBat","twitter_misc":{"Escrito por":"Renato Dias","Est. tempo de leitura":"4 minutos"},"schema":{"@context":"https:\/\/schema.org","@graph":[{"@type":"Article","@id":"https:\/\/renatodias.online\/movimento\/2022\/09\/24\/ser-jovem-em-um-mundo-sem-futuro\/#article","isPartOf":{"@id":"https:\/\/renatodias.online\/movimento\/2022\/09\/24\/ser-jovem-em-um-mundo-sem-futuro\/"},"author":{"name":"Renato Dias","@id":"https:\/\/renatodias.online\/movimento\/#\/schema\/person\/bbab28833b1725a20f4083f49f1fb2a9"},"headline":"Ser jovem em um mundo sem futuro","datePublished":"2022-09-24T23:46:12+00:00","dateModified":"2022-09-24T23:48:32+00:00","mainEntityOfPage":{"@id":"https:\/\/renatodias.online\/movimento\/2022\/09\/24\/ser-jovem-em-um-mundo-sem-futuro\/"},"wordCount":829,"commentCount":0,"publisher":{"@id":"https:\/\/renatodias.online\/movimento\/#\/schema\/person\/bbab28833b1725a20f4083f49f1fb2a9"},"image":{"@id":"https:\/\/renatodias.online\/movimento\/2022\/09\/24\/ser-jovem-em-um-mundo-sem-futuro\/#primaryimage"},"thumbnailUrl":"https:\/\/renatodias.online\/movimento\/wp-content\/uploads\/2021\/05\/Djaci-David-de-Oliveira-e1683158072859.jpg","articleSection":["Opini\u00e3o"],"inLanguage":"pt-BR","potentialAction":[{"@type":"CommentAction","name":"Comment","target":["https:\/\/renatodias.online\/movimento\/2022\/09\/24\/ser-jovem-em-um-mundo-sem-futuro\/#respond"]}]},{"@type":"WebPage","@id":"https:\/\/renatodias.online\/movimento\/2022\/09\/24\/ser-jovem-em-um-mundo-sem-futuro\/","url":"https:\/\/renatodias.online\/movimento\/2022\/09\/24\/ser-jovem-em-um-mundo-sem-futuro\/","name":"Ser jovem em um mundo sem futuro -","isPartOf":{"@id":"https:\/\/renatodias.online\/movimento\/#website"},"primaryImageOfPage":{"@id":"https:\/\/renatodias.online\/movimento\/2022\/09\/24\/ser-jovem-em-um-mundo-sem-futuro\/#primaryimage"},"image":{"@id":"https:\/\/renatodias.online\/movimento\/2022\/09\/24\/ser-jovem-em-um-mundo-sem-futuro\/#primaryimage"},"thumbnailUrl":"https:\/\/renatodias.online\/movimento\/wp-content\/uploads\/2021\/05\/Djaci-David-de-Oliveira-e1683158072859.jpg","datePublished":"2022-09-24T23:46:12+00:00","dateModified":"2022-09-24T23:48:32+00:00","breadcrumb":{"@id":"https:\/\/renatodias.online\/movimento\/2022\/09\/24\/ser-jovem-em-um-mundo-sem-futuro\/#breadcrumb"},"inLanguage":"pt-BR","potentialAction":[{"@type":"ReadAction","target":["https:\/\/renatodias.online\/movimento\/2022\/09\/24\/ser-jovem-em-um-mundo-sem-futuro\/"]}]},{"@type":"ImageObject","inLanguage":"pt-BR","@id":"https:\/\/renatodias.online\/movimento\/2022\/09\/24\/ser-jovem-em-um-mundo-sem-futuro\/#primaryimage","url":"https:\/\/renatodias.online\/movimento\/wp-content\/uploads\/2021\/05\/Djaci-David-de-Oliveira-e1683158072859.jpg","contentUrl":"https:\/\/renatodias.online\/movimento\/wp-content\/uploads\/2021\/05\/Djaci-David-de-Oliveira-e1683158072859.jpg","width":800,"height":450,"caption":"Dijaci David de Oliveira"},{"@type":"BreadcrumbList","@id":"https:\/\/renatodias.online\/movimento\/2022\/09\/24\/ser-jovem-em-um-mundo-sem-futuro\/#breadcrumb","itemListElement":[{"@type":"ListItem","position":1,"name":"In\u00edcio","item":"https:\/\/renatodias.online\/movimento\/"},{"@type":"ListItem","position":2,"name":"Ser jovem em um mundo sem futuro"}]},{"@type":"WebSite","@id":"https:\/\/renatodias.online\/movimento\/#website","url":"https:\/\/renatodias.online\/movimento\/","name":"","description":"","publisher":{"@id":"https:\/\/renatodias.online\/movimento\/#\/schema\/person\/bbab28833b1725a20f4083f49f1fb2a9"},"potentialAction":[{"@type":"SearchAction","target":{"@type":"EntryPoint","urlTemplate":"https:\/\/renatodias.online\/movimento\/?s={search_term_string}"},"query-input":{"@type":"PropertyValueSpecification","valueRequired":true,"valueName":"search_term_string"}}],"inLanguage":"pt-BR"},{"@type":["Person","Organization"],"@id":"https:\/\/renatodias.online\/movimento\/#\/schema\/person\/bbab28833b1725a20f4083f49f1fb2a9","name":"Renato Dias","image":{"@type":"ImageObject","inLanguage":"pt-BR","@id":"https:\/\/renatodias.online\/movimento\/wp-content\/uploads\/2023\/03\/cropped-cropped-cropped-logofinal.jpeg","url":"https:\/\/renatodias.online\/movimento\/wp-content\/uploads\/2023\/03\/cropped-cropped-cropped-logofinal.jpeg","contentUrl":"https:\/\/renatodias.online\/movimento\/wp-content\/uploads\/2023\/03\/cropped-cropped-cropped-logofinal.jpeg","width":1280,"height":219,"caption":"Renato Dias"},"logo":{"@id":"https:\/\/renatodias.online\/movimento\/wp-content\/uploads\/2023\/03\/cropped-cropped-cropped-logofinal.jpeg"},"description":"Renato Dias, 58 anos, \u00e9 graduado em Jornalismo, formado em Ci\u00eancias Sociais, com p\u00f3s-gradua\u00e7\u00e3o em Pol\u00edticas P\u00fablicas, mestre em Direito e Rela\u00e7\u00f5es Internacionais, ex-aluno extraordin\u00e1rio do Doutorado em Psicologia Social, ex-estudante do Curso de Psican\u00e1lise do Centro de Estudos Psicanal\u00edticos do Estado de Goi\u00e1s, ministrado pelo m\u00e9dico psiquiatra e psicanalista Daniel Em\u00eddio de Souza. \u00c9 autor de 30 livros-reportagem, oito document\u00e1rios, ganhou 30 pr\u00eamios e \u00e9 torcedor apaixonado do maior do Centro-Oeste, o Vila Nova Futebol Clube. Casado com Meirilane Dias, \u00e9 pai de Juliana Dias, jornalista; Daniel Dias, economista; e Maria Rosa Dias, estudante antifascista, socialista e trotskista.\u00a0Com tr\u00eas pets: Porquinho [Bull Dog Franc\u00eas], Dalila [Basset Hound] e Geleia [Basset Hound]. Al\u00e9m do eterno gato Tutuquinho, que virou estrela.","sameAs":["https:\/\/www.facebook.com\/renato.dias.37","#breve","https:\/\/renatodias.tumblr.com\/"],"url":"https:\/\/renatodias.online\/movimento\/author\/renatodias\/"}]}},"_links":{"self":[{"href":"https:\/\/renatodias.online\/movimento\/wp-json\/wp\/v2\/posts\/14272","targetHints":{"allow":["GET"]}}],"collection":[{"href":"https:\/\/renatodias.online\/movimento\/wp-json\/wp\/v2\/posts"}],"about":[{"href":"https:\/\/renatodias.online\/movimento\/wp-json\/wp\/v2\/types\/post"}],"author":[{"embeddable":true,"href":"https:\/\/renatodias.online\/movimento\/wp-json\/wp\/v2\/users\/2"}],"replies":[{"embeddable":true,"href":"https:\/\/renatodias.online\/movimento\/wp-json\/wp\/v2\/comments?post=14272"}],"version-history":[{"count":2,"href":"https:\/\/renatodias.online\/movimento\/wp-json\/wp\/v2\/posts\/14272\/revisions"}],"predecessor-version":[{"id":14274,"href":"https:\/\/renatodias.online\/movimento\/wp-json\/wp\/v2\/posts\/14272\/revisions\/14274"}],"wp:featuredmedia":[{"embeddable":true,"href":"https:\/\/renatodias.online\/movimento\/wp-json\/wp\/v2\/media\/6627"}],"wp:attachment":[{"href":"https:\/\/renatodias.online\/movimento\/wp-json\/wp\/v2\/media?parent=14272"}],"wp:term":[{"taxonomy":"category","embeddable":true,"href":"https:\/\/renatodias.online\/movimento\/wp-json\/wp\/v2\/categories?post=14272"},{"taxonomy":"post_tag","embeddable":true,"href":"https:\/\/renatodias.online\/movimento\/wp-json\/wp\/v2\/tags?post=14272"}],"curies":[{"name":"wp","href":"https:\/\/api.w.org\/{rel}","templated":true}]}}