{"id":14240,"date":"2022-09-23T11:51:03","date_gmt":"2022-09-23T14:51:03","guid":{"rendered":"https:\/\/renatodias.online\/movimento\/?p=14240"},"modified":"2022-09-23T11:51:43","modified_gmt":"2022-09-23T14:51:43","slug":"colocarei-meu-gabinete-aos-auditores-fiscais","status":"publish","type":"post","link":"https:\/\/renatodias.online\/movimento\/2022\/09\/23\/colocarei-meu-gabinete-aos-auditores-fiscais\/","title":{"rendered":"&#8216;Colocarei meu gabinete aos Auditores-Fiscais&#8217;"},"content":{"rendered":"<p><strong><img loading=\"lazy\" decoding=\"async\" class=\"size-medium wp-image-5007 aligncenter\" src=\"https:\/\/renatodias.online\/movimento\/wp-content\/uploads\/2021\/01\/Alto-da-p\u00e1gina-Banner-Exclusivo-300x91.png\" alt=\"\" width=\"300\" height=\"91\" \/><\/strong><\/p>\n<p><strong>\u00a0<\/strong><\/p>\n<figure id=\"attachment_14243\" aria-describedby=\"caption-attachment-14243\" style=\"width: 1140px\" class=\"wp-caption alignnone\"><img loading=\"lazy\" decoding=\"async\" class=\"wp-image-14243 size-large\" src=\"https:\/\/renatodias.online\/movimento\/wp-content\/uploads\/2022\/09\/Marconi-Sindifisco-3-1536x1024.jpg\" alt=\"\" width=\"1140\" height=\"760\" srcset=\"https:\/\/renatodias.online\/movimento\/wp-content\/uploads\/2022\/09\/Marconi-Sindifisco-3-1536x1024.jpg 1536w, https:\/\/renatodias.online\/movimento\/wp-content\/uploads\/2022\/09\/Marconi-Sindifisco-3-300x200.jpg 300w, https:\/\/renatodias.online\/movimento\/wp-content\/uploads\/2022\/09\/Marconi-Sindifisco-3-768x512.jpg 768w, https:\/\/renatodias.online\/movimento\/wp-content\/uploads\/2022\/09\/Marconi-Sindifisco-3-360x240.jpg 360w, https:\/\/renatodias.online\/movimento\/wp-content\/uploads\/2022\/09\/Marconi-Sindifisco-3-750x500.jpg 750w, https:\/\/renatodias.online\/movimento\/wp-content\/uploads\/2022\/09\/Marconi-Sindifisco-3.jpg 1599w\" sizes=\"auto, (max-width: 1140px) 100vw, 1140px\" \/><figcaption id=\"caption-attachment-14243\" class=\"wp-caption-text\"><strong>Marconi Perillo no Sindifisco<\/strong><\/figcaption><\/figure>\n<h1 style=\"text-align: center;\"><span style=\"color: #0000ff;\"><strong>Marconi Perillo faz encontro com o Fisco<\/strong><\/span><\/h1>\n<h1 style=\"text-align: center;\"><strong><img loading=\"lazy\" decoding=\"async\" class=\"size-medium wp-image-12788 aligncenter\" src=\"https:\/\/renatodias.online\/movimento\/wp-content\/uploads\/2022\/06\/Economia-logo-300x176.png\" alt=\"\" width=\"300\" height=\"176\" \/><\/strong><\/h1>\n<p style=\"text-align: center;\"><strong>\u00a0<span style=\"color: #808000;\">Candidato ao Senado participa de reuni\u00e3o com associados e filiados da Affego e Sindifisco<\/span><\/strong><\/p>\n<p style=\"text-align: center;\"><strong>\u00a0<\/strong><\/p>\n<p><strong><img loading=\"lazy\" decoding=\"async\" class=\"size-medium wp-image-11445 aligncenter\" src=\"https:\/\/renatodias.online\/movimento\/wp-content\/uploads\/2022\/03\/Eleicoes-de-2022-300x169.jpeg\" alt=\"\" width=\"300\" height=\"169\" srcset=\"https:\/\/renatodias.online\/movimento\/wp-content\/uploads\/2022\/03\/Eleicoes-de-2022-300x169.jpeg 300w, https:\/\/renatodias.online\/movimento\/wp-content\/uploads\/2022\/03\/Eleicoes-de-2022.jpeg 639w\" sizes=\"auto, (max-width: 300px) 100vw, 300px\" \/><\/strong><\/p>\n<p><strong>\u00a0<\/strong><\/p>\n<p><span style=\"color: #ff0000;\"><strong>Frederico Vitor de Oliveira<\/strong><\/span><\/p>\n<p><span style=\"color: #ff0000;\"><strong>Especial para o Portal de Not\u00edcias<\/strong><\/span><\/p>\n<p><span style=\"color: #ff0000;\"><strong>www.renatodias.online<\/strong><\/span><\/p>\n<p>O candidato a senador pelo PSDB, <strong>Marconi Perillo<\/strong>, participou de um bate-papo com associados e filiados da <strong>Affego e do Sindifisco-GO.<\/strong> O encontro foi realizado no audit\u00f3rio da Associa\u00e7\u00e3o do Fisco de Goi\u00e1s e contou com a participa\u00e7\u00e3o do presidente da entidade sindical dos Auditores-Fiscais, <strong>Paulo S\u00e9rgio Carmo<\/strong>, do presidente da Affego, <strong>Wilmar Pinheiro Nunes<\/strong>, do candidato a suplente a senador, o empres\u00e1rio <strong>Marcos Erm\u00edrio de Moraes<\/strong>, e do candidato a deputado federal, o jornalista <strong>Matheus Ribeiro<\/strong> (PSDB).<\/p>\n<p>Em sua fala inicial, Marconi Perillo afirmou que o <strong>Fisco \u00e9 uma \u00e2ncora fundamental<\/strong> para que o Estado cumpra suas obriga\u00e7\u00f5es, principalmente as sociais, e as de infraestrutura, sa\u00fade, educa\u00e7\u00e3o e seguran\u00e7a p\u00fablica. Segundo o candidato do PSDB ao Senado, em todos os seus governos, sempre contou com quadros altamente qualificados da Receita Estadual que foram aproveitados nas superintend\u00eancias e demais ger\u00eancias da Secretaria da Fazenda.<\/p>\n<p>Indagado por <strong>Paulo S\u00e9rgio Carmo<\/strong> em rela\u00e7\u00e3o \u00e0 <strong>Lei Complementar 194\/22<\/strong>, que conferiu ao governo federal o poder de determinar a aplica\u00e7\u00e3o da al\u00edquota de ICMS pelo piso para produtos e servi\u00e7os essenciais, como os combust\u00edveis, Marconi respondeu que o Senado \u00e9 a casa da federa\u00e7\u00e3o, ou seja, \u00e9 o poder que zela pelo pacto federativo. \u201cS\u00e3o os senadores que velam pelas unidades federativas e pelos munic\u00edpios\u201d, disse.<\/p>\n<p>&nbsp;<\/p>\n<p><strong><img loading=\"lazy\" decoding=\"async\" class=\"size-medium wp-image-14125 aligncenter\" src=\"https:\/\/renatodias.online\/movimento\/wp-content\/uploads\/2022\/09\/Saiba-mais-300x103.png\" alt=\"\" width=\"300\" height=\"103\" srcset=\"https:\/\/renatodias.online\/movimento\/wp-content\/uploads\/2022\/09\/Saiba-mais-300x103.png 300w, https:\/\/renatodias.online\/movimento\/wp-content\/uploads\/2022\/09\/Saiba-mais.png 572w\" sizes=\"auto, (max-width: 300px) 100vw, 300px\" \/><\/strong><\/p>\n<h1 style=\"text-align: center;\"><span style=\"color: #ff00ff;\"><strong>Lei Org\u00e2nica<\/strong><\/span><\/h1>\n<p>Perguntado pelo presidente do Sindifisco-GO, acerca da edi\u00e7\u00e3o de uma Lei Org\u00e2nica da Administra\u00e7\u00e3o Tribut\u00e1ria (LOAT), o senatori\u00e1vel respondeu que tal medida deve ser apreciada e votada em \u00e2mbito federal:<\/p>\n<p>\u201cSobre a <strong>autonomia das administra\u00e7\u00f5es tribut\u00e1rias acho que, uma iniciativa como esta, deveria caber ao Congresso Nacional<\/strong>. Deve ser uma coisa de cima para baixo. Caso contr\u00e1rio n\u00e3o teremos uma isonomia e uma regulamenta\u00e7\u00e3o clara nos Estados. Portanto, acho que se tivermos que tomar uma medida como esta, ou seja, garantir autonomia a quem arrecada, tem que ser feito via legisla\u00e7\u00e3o federal. Me disponho a conversar sobre isso caso for eleito. Acho que \u00e9 uma quest\u00e3o muito v\u00e1lida\u201d, argumentou Marconi.<\/p>\n<p><img loading=\"lazy\" decoding=\"async\" class=\"size-medium wp-image-13781 aligncenter\" src=\"https:\/\/renatodias.online\/movimento\/wp-content\/uploads\/2022\/08\/Raio-X-especial-300x112.png\" alt=\"\" width=\"300\" height=\"112\" \/><\/p>\n<h1 style=\"text-align: center;\"><strong><span style=\"color: #800000;\">Reforma tribut\u00e1ria<\/span>\u00a0<\/strong><\/h1>\n<p>Questionado sobre a <strong>reforma tribut\u00e1ria<\/strong>, o candidato tucano disse que \u00e9 preciso ter alguns cuidados. Segundo ele, o grande entrave de levar adiante essa quest\u00e3o \u00e9 a eventual perda de receita entre os entes federativos.<\/p>\n<p>\u201cEsse tema \u00e9 dif\u00edcil, mas vou pedir ajuda de voc\u00eas, auditores-fiscais, para formular solu\u00e7\u00f5es. Para al\u00e9m do que pretendo fazer como senador, no aprimoramento da legisla\u00e7\u00e3o de modo geral, quero ouvir as demandas que o segmento tem para que eu possa incorpor\u00e1-las \u00e0 minha proposta de trabalho e <strong>colocar meu gabinete \u00e0 disposi\u00e7\u00e3o dos servidores da Secretaria da Economia<\/strong>\u201d, ressaltou Marconi.<\/p>\n<p>&nbsp;<\/p>\n<p><strong><img loading=\"lazy\" decoding=\"async\" class=\"size-full wp-image-13832 aligncenter\" src=\"https:\/\/renatodias.online\/movimento\/wp-content\/uploads\/2022\/08\/Veja.jpg\" alt=\"\" width=\"300\" height=\"150\" \/><\/strong><\/p>\n<h1 style=\"text-align: center;\"><span style=\"color: #800080;\"><strong>Estabilidade<\/strong><\/span><\/h1>\n<p>Outra quest\u00e3o que foi levantada no encontro foi acerca da estabilidade das carreiras t\u00edpicas de estado, que est\u00e3o em risco por conta de distor\u00e7\u00f5es apresentadas em propostas de reforma administrativa, como a PEC 32. O presidente do Sindifisco-GO disse ao candidato que a <strong>estabilidade, por exemplo, n\u00e3o \u00e9 um benef\u00edcio do servidor, mas um direito do cidad\u00e3o de ter um servidor est\u00e1vel e competente para realizar a sua fun\u00e7\u00e3o estabelecida em lei.<\/strong> \u201cVamos precisar muito da ajuda dos parlamentares, seja na C\u00e2mara ou no Senado, para que aquilo que seja distor\u00e7\u00e3o em rela\u00e7\u00e3o \u00e0s carreiras t\u00edpicas de estado possam ser combatidas\u201d, enfatiza Paulo S\u00e9rgio Carmo.<\/p>\n<p><strong><img loading=\"lazy\" decoding=\"async\" class=\"size-full wp-image-5929 aligncenter\" src=\"https:\/\/renatodias.online\/movimento\/wp-content\/uploads\/2021\/04\/Especial.jpg\" alt=\"\" width=\"200\" height=\"200\" srcset=\"https:\/\/renatodias.online\/movimento\/wp-content\/uploads\/2021\/04\/Especial.jpg 200w, https:\/\/renatodias.online\/movimento\/wp-content\/uploads\/2021\/04\/Especial-150x150.jpg 150w\" sizes=\"auto, (max-width: 200px) 100vw, 200px\" \/><\/strong><\/p>\n<p><strong>Marconi respondeu que est\u00e1 absolutamente de acordo e que n\u00e3o h\u00e1 de se mexer na estabilidade dos servidores.<\/strong> \u201cS\u00e3o carreiras que precisam ter garantias institucionais, porque elas n\u00e3o s\u00e3o do governador ou do presidente, s\u00e3o do Estado. As carreiras precisam ser respeitadas sem que seja alterado seu regime de contrata\u00e7\u00e3o e funcionalidade\u201d, defendeu.<\/p>\n<p><strong><img loading=\"lazy\" decoding=\"async\" class=\"size-medium wp-image-11649 aligncenter\" src=\"https:\/\/renatodias.online\/movimento\/wp-content\/uploads\/2022\/04\/Artigo-de-Opiniao-300x158.jpg\" alt=\"\" width=\"300\" height=\"158\" \/>\u00a0<\/strong><\/p>\n<blockquote>\n<h1 style=\"text-align: center;\"><span style=\"color: #666699;\"><strong>Mensagem aos Auditores-Fiscais<\/strong><\/span><\/h1>\n<\/blockquote>\n<p>No encerramento, Marconi agradeceu o convite, pediu votos e cumprimentou os Auditores-Fiscais pela data comemorada nesta ter\u00e7a-feira: \u201c<strong>Parab\u00e9ns Auditores-Fiscais pelo dia de ontem, 21 de setembro. Voc\u00eas empenham um papel relevant\u00edssimo \u00e0 sociedade, merecem todo o nosso apoio, comprometimento e cumprimentos, <\/strong>por tudo que fazem e por que j\u00e1 fizeram. Agrade\u00e7o voc\u00ea Paulo S\u00e9rgio Carmo e Wilmar Nunes pela gentileza de me convidar. \u201d<\/p>\n<p><img loading=\"lazy\" decoding=\"async\" class=\"alignnone wp-image-14242 size-full\" src=\"https:\/\/renatodias.online\/movimento\/wp-content\/uploads\/2022\/09\/Marconi-Sindifisco-2.jpg\" alt=\"\" width=\"1280\" height=\"823\" srcset=\"https:\/\/renatodias.online\/movimento\/wp-content\/uploads\/2022\/09\/Marconi-Sindifisco-2.jpg 1280w, https:\/\/renatodias.online\/movimento\/wp-content\/uploads\/2022\/09\/Marconi-Sindifisco-2-300x193.jpg 300w, https:\/\/renatodias.online\/movimento\/wp-content\/uploads\/2022\/09\/Marconi-Sindifisco-2-768x494.jpg 768w, https:\/\/renatodias.online\/movimento\/wp-content\/uploads\/2022\/09\/Marconi-Sindifisco-2-750x482.jpg 750w\" sizes=\"auto, (max-width: 1280px) 100vw, 1280px\" \/><\/p>\n","protected":false},"excerpt":{"rendered":"<p>\u00a0 Marconi Perillo faz encontro com o Fisco \u00a0Candidato ao Senado participa de reuni\u00e3o com associados e filiados da Affego e Sindifisco \u00a0 \u00a0 Frederico Vitor de Oliveira Especial para o Portal de Not\u00edcias www.renatodias.online O candidato a senador pelo PSDB, Marconi Perillo, participou de um bate-papo com associados e filiados da Affego e do<\/p>\n","protected":false},"author":2,"featured_media":14241,"comment_status":"open","ping_status":"open","sticky":false,"template":"","format":"standard","meta":{"_acf_changed":false,"_monsterinsights_skip_tracking":false,"_monsterinsights_sitenote_active":false,"_monsterinsights_sitenote_note":"","_monsterinsights_sitenote_category":0,"footnotes":""},"categories":[10],"tags":[],"class_list":["post-14240","post","type-post","status-publish","format-standard","has-post-thumbnail","hentry","category-economia"],"acf":[],"yoast_head":"<!-- This site is optimized with the Yoast SEO plugin v27.4 - https:\/\/yoast.com\/product\/yoast-seo-wordpress\/ -->\n<title>&#039;Colocarei meu gabinete aos Auditores-Fiscais&#039; -<\/title>\n<meta name=\"robots\" content=\"index, follow, max-snippet:-1, max-image-preview:large, max-video-preview:-1\" \/>\n<link rel=\"canonical\" href=\"https:\/\/renatodias.online\/movimento\/2022\/09\/23\/colocarei-meu-gabinete-aos-auditores-fiscais\/\" \/>\n<meta property=\"og:locale\" content=\"pt_BR\" \/>\n<meta property=\"og:type\" content=\"article\" \/>\n<meta property=\"og:title\" content=\"&#039;Colocarei meu gabinete aos Auditores-Fiscais&#039; -\" \/>\n<meta property=\"og:description\" content=\"\u00a0 Marconi Perillo faz encontro com o Fisco \u00a0Candidato ao Senado participa de reuni\u00e3o com associados e filiados da Affego e Sindifisco \u00a0 \u00a0 Frederico Vitor de Oliveira Especial para o Portal de Not\u00edcias www.renatodias.online O candidato a senador pelo PSDB, Marconi Perillo, participou de um bate-papo com associados e filiados da Affego e do\" \/>\n<meta property=\"og:url\" content=\"https:\/\/renatodias.online\/movimento\/2022\/09\/23\/colocarei-meu-gabinete-aos-auditores-fiscais\/\" \/>\n<meta property=\"article:publisher\" content=\"https:\/\/www.facebook.com\/renato.dias.37\" \/>\n<meta property=\"article:author\" content=\"https:\/\/www.facebook.com\/renato.dias.37\" \/>\n<meta property=\"article:published_time\" content=\"2022-09-23T14:51:03+00:00\" \/>\n<meta property=\"article:modified_time\" content=\"2022-09-23T14:51:43+00:00\" \/>\n<meta property=\"og:image\" content=\"https:\/\/renatodias.online\/movimento\/wp-content\/uploads\/2022\/09\/Marconi-Sindifisco-1-e1663944628665.jpg\" \/>\n\t<meta property=\"og:image:width\" content=\"370\" \/>\n\t<meta property=\"og:image:height\" content=\"247\" \/>\n\t<meta property=\"og:image:type\" content=\"image\/jpeg\" \/>\n<meta name=\"author\" content=\"Renato Dias\" \/>\n<meta name=\"twitter:card\" content=\"summary_large_image\" \/>\n<meta name=\"twitter:creator\" content=\"@RenatoDiasBat\" \/>\n<meta name=\"twitter:site\" content=\"@RenatoDiasBat\" \/>\n<meta name=\"twitter:label1\" content=\"Escrito por\" \/>\n\t<meta name=\"twitter:data1\" content=\"Renato Dias\" \/>\n\t<meta name=\"twitter:label2\" content=\"Est. tempo de leitura\" \/>\n\t<meta name=\"twitter:data2\" content=\"4 minutos\" \/>\n<script type=\"application\/ld+json\" class=\"yoast-schema-graph\">{\"@context\":\"https:\\\/\\\/schema.org\",\"@graph\":[{\"@type\":\"Article\",\"@id\":\"https:\\\/\\\/renatodias.online\\\/movimento\\\/2022\\\/09\\\/23\\\/colocarei-meu-gabinete-aos-auditores-fiscais\\\/#article\",\"isPartOf\":{\"@id\":\"https:\\\/\\\/renatodias.online\\\/movimento\\\/2022\\\/09\\\/23\\\/colocarei-meu-gabinete-aos-auditores-fiscais\\\/\"},\"author\":{\"name\":\"Renato Dias\",\"@id\":\"https:\\\/\\\/renatodias.online\\\/movimento\\\/#\\\/schema\\\/person\\\/bbab28833b1725a20f4083f49f1fb2a9\"},\"headline\":\"&#8216;Colocarei meu gabinete aos Auditores-Fiscais&#8217;\",\"datePublished\":\"2022-09-23T14:51:03+00:00\",\"dateModified\":\"2022-09-23T14:51:43+00:00\",\"mainEntityOfPage\":{\"@id\":\"https:\\\/\\\/renatodias.online\\\/movimento\\\/2022\\\/09\\\/23\\\/colocarei-meu-gabinete-aos-auditores-fiscais\\\/\"},\"wordCount\":759,\"commentCount\":0,\"publisher\":{\"@id\":\"https:\\\/\\\/renatodias.online\\\/movimento\\\/#\\\/schema\\\/person\\\/bbab28833b1725a20f4083f49f1fb2a9\"},\"image\":{\"@id\":\"https:\\\/\\\/renatodias.online\\\/movimento\\\/2022\\\/09\\\/23\\\/colocarei-meu-gabinete-aos-auditores-fiscais\\\/#primaryimage\"},\"thumbnailUrl\":\"https:\\\/\\\/renatodias.online\\\/movimento\\\/wp-content\\\/uploads\\\/2022\\\/09\\\/Marconi-Sindifisco-1-e1663944628665.jpg\",\"articleSection\":[\"Economia\"],\"inLanguage\":\"pt-BR\",\"potentialAction\":[{\"@type\":\"CommentAction\",\"name\":\"Comment\",\"target\":[\"https:\\\/\\\/renatodias.online\\\/movimento\\\/2022\\\/09\\\/23\\\/colocarei-meu-gabinete-aos-auditores-fiscais\\\/#respond\"]}]},{\"@type\":\"WebPage\",\"@id\":\"https:\\\/\\\/renatodias.online\\\/movimento\\\/2022\\\/09\\\/23\\\/colocarei-meu-gabinete-aos-auditores-fiscais\\\/\",\"url\":\"https:\\\/\\\/renatodias.online\\\/movimento\\\/2022\\\/09\\\/23\\\/colocarei-meu-gabinete-aos-auditores-fiscais\\\/\",\"name\":\"'Colocarei meu gabinete aos Auditores-Fiscais' -\",\"isPartOf\":{\"@id\":\"https:\\\/\\\/renatodias.online\\\/movimento\\\/#website\"},\"primaryImageOfPage\":{\"@id\":\"https:\\\/\\\/renatodias.online\\\/movimento\\\/2022\\\/09\\\/23\\\/colocarei-meu-gabinete-aos-auditores-fiscais\\\/#primaryimage\"},\"image\":{\"@id\":\"https:\\\/\\\/renatodias.online\\\/movimento\\\/2022\\\/09\\\/23\\\/colocarei-meu-gabinete-aos-auditores-fiscais\\\/#primaryimage\"},\"thumbnailUrl\":\"https:\\\/\\\/renatodias.online\\\/movimento\\\/wp-content\\\/uploads\\\/2022\\\/09\\\/Marconi-Sindifisco-1-e1663944628665.jpg\",\"datePublished\":\"2022-09-23T14:51:03+00:00\",\"dateModified\":\"2022-09-23T14:51:43+00:00\",\"breadcrumb\":{\"@id\":\"https:\\\/\\\/renatodias.online\\\/movimento\\\/2022\\\/09\\\/23\\\/colocarei-meu-gabinete-aos-auditores-fiscais\\\/#breadcrumb\"},\"inLanguage\":\"pt-BR\",\"potentialAction\":[{\"@type\":\"ReadAction\",\"target\":[\"https:\\\/\\\/renatodias.online\\\/movimento\\\/2022\\\/09\\\/23\\\/colocarei-meu-gabinete-aos-auditores-fiscais\\\/\"]}]},{\"@type\":\"ImageObject\",\"inLanguage\":\"pt-BR\",\"@id\":\"https:\\\/\\\/renatodias.online\\\/movimento\\\/2022\\\/09\\\/23\\\/colocarei-meu-gabinete-aos-auditores-fiscais\\\/#primaryimage\",\"url\":\"https:\\\/\\\/renatodias.online\\\/movimento\\\/wp-content\\\/uploads\\\/2022\\\/09\\\/Marconi-Sindifisco-1-e1663944628665.jpg\",\"contentUrl\":\"https:\\\/\\\/renatodias.online\\\/movimento\\\/wp-content\\\/uploads\\\/2022\\\/09\\\/Marconi-Sindifisco-1-e1663944628665.jpg\",\"width\":370,\"height\":247,\"caption\":\"Marconi Perillo em di\u00e1logo aberto\"},{\"@type\":\"BreadcrumbList\",\"@id\":\"https:\\\/\\\/renatodias.online\\\/movimento\\\/2022\\\/09\\\/23\\\/colocarei-meu-gabinete-aos-auditores-fiscais\\\/#breadcrumb\",\"itemListElement\":[{\"@type\":\"ListItem\",\"position\":1,\"name\":\"In\u00edcio\",\"item\":\"https:\\\/\\\/renatodias.online\\\/movimento\\\/\"},{\"@type\":\"ListItem\",\"position\":2,\"name\":\"&#8216;Colocarei meu gabinete aos Auditores-Fiscais&#8217;\"}]},{\"@type\":\"WebSite\",\"@id\":\"https:\\\/\\\/renatodias.online\\\/movimento\\\/#website\",\"url\":\"https:\\\/\\\/renatodias.online\\\/movimento\\\/\",\"name\":\"\",\"description\":\"\",\"publisher\":{\"@id\":\"https:\\\/\\\/renatodias.online\\\/movimento\\\/#\\\/schema\\\/person\\\/bbab28833b1725a20f4083f49f1fb2a9\"},\"potentialAction\":[{\"@type\":\"SearchAction\",\"target\":{\"@type\":\"EntryPoint\",\"urlTemplate\":\"https:\\\/\\\/renatodias.online\\\/movimento\\\/?s={search_term_string}\"},\"query-input\":{\"@type\":\"PropertyValueSpecification\",\"valueRequired\":true,\"valueName\":\"search_term_string\"}}],\"inLanguage\":\"pt-BR\"},{\"@type\":[\"Person\",\"Organization\"],\"@id\":\"https:\\\/\\\/renatodias.online\\\/movimento\\\/#\\\/schema\\\/person\\\/bbab28833b1725a20f4083f49f1fb2a9\",\"name\":\"Renato Dias\",\"image\":{\"@type\":\"ImageObject\",\"inLanguage\":\"pt-BR\",\"@id\":\"https:\\\/\\\/renatodias.online\\\/movimento\\\/wp-content\\\/uploads\\\/2023\\\/03\\\/cropped-cropped-cropped-logofinal.jpeg\",\"url\":\"https:\\\/\\\/renatodias.online\\\/movimento\\\/wp-content\\\/uploads\\\/2023\\\/03\\\/cropped-cropped-cropped-logofinal.jpeg\",\"contentUrl\":\"https:\\\/\\\/renatodias.online\\\/movimento\\\/wp-content\\\/uploads\\\/2023\\\/03\\\/cropped-cropped-cropped-logofinal.jpeg\",\"width\":1280,\"height\":219,\"caption\":\"Renato Dias\"},\"logo\":{\"@id\":\"https:\\\/\\\/renatodias.online\\\/movimento\\\/wp-content\\\/uploads\\\/2023\\\/03\\\/cropped-cropped-cropped-logofinal.jpeg\"},\"description\":\"Renato Dias, 58 anos, \u00e9 graduado em Jornalismo, formado em Ci\u00eancias Sociais, com p\u00f3s-gradua\u00e7\u00e3o em Pol\u00edticas P\u00fablicas, mestre em Direito e Rela\u00e7\u00f5es Internacionais, ex-aluno extraordin\u00e1rio do Doutorado em Psicologia Social, ex-estudante do Curso de Psican\u00e1lise do Centro de Estudos Psicanal\u00edticos do Estado de Goi\u00e1s, ministrado pelo m\u00e9dico psiquiatra e psicanalista Daniel Em\u00eddio de Souza. \u00c9 autor de 30 livros-reportagem, oito document\u00e1rios, ganhou 30 pr\u00eamios e \u00e9 torcedor apaixonado do maior do Centro-Oeste, o Vila Nova Futebol Clube. Casado com Meirilane Dias, \u00e9 pai de Juliana Dias, jornalista; Daniel Dias, economista; e Maria Rosa Dias, estudante antifascista, socialista e trotskista.\u00a0Com tr\u00eas pets: Porquinho [Bull Dog Franc\u00eas], Dalila [Basset Hound] e Geleia [Basset Hound]. Al\u00e9m do eterno gato Tutuquinho, que virou estrela.\",\"sameAs\":[\"https:\\\/\\\/www.facebook.com\\\/renato.dias.37\",\"#breve\",\"https:\\\/\\\/renatodias.tumblr.com\\\/\"],\"url\":\"https:\\\/\\\/renatodias.online\\\/movimento\\\/author\\\/renatodias\\\/\"}]}<\/script>\n<!-- \/ Yoast SEO plugin. -->","yoast_head_json":{"title":"'Colocarei meu gabinete aos Auditores-Fiscais' -","robots":{"index":"index","follow":"follow","max-snippet":"max-snippet:-1","max-image-preview":"max-image-preview:large","max-video-preview":"max-video-preview:-1"},"canonical":"https:\/\/renatodias.online\/movimento\/2022\/09\/23\/colocarei-meu-gabinete-aos-auditores-fiscais\/","og_locale":"pt_BR","og_type":"article","og_title":"'Colocarei meu gabinete aos Auditores-Fiscais' -","og_description":"\u00a0 Marconi Perillo faz encontro com o Fisco \u00a0Candidato ao Senado participa de reuni\u00e3o com associados e filiados da Affego e Sindifisco \u00a0 \u00a0 Frederico Vitor de Oliveira Especial para o Portal de Not\u00edcias www.renatodias.online O candidato a senador pelo PSDB, Marconi Perillo, participou de um bate-papo com associados e filiados da Affego e do","og_url":"https:\/\/renatodias.online\/movimento\/2022\/09\/23\/colocarei-meu-gabinete-aos-auditores-fiscais\/","article_publisher":"https:\/\/www.facebook.com\/renato.dias.37","article_author":"https:\/\/www.facebook.com\/renato.dias.37","article_published_time":"2022-09-23T14:51:03+00:00","article_modified_time":"2022-09-23T14:51:43+00:00","og_image":[{"width":370,"height":247,"url":"https:\/\/renatodias.online\/movimento\/wp-content\/uploads\/2022\/09\/Marconi-Sindifisco-1-e1663944628665.jpg","type":"image\/jpeg"}],"author":"Renato Dias","twitter_card":"summary_large_image","twitter_creator":"@RenatoDiasBat","twitter_site":"@RenatoDiasBat","twitter_misc":{"Escrito por":"Renato Dias","Est. tempo de leitura":"4 minutos"},"schema":{"@context":"https:\/\/schema.org","@graph":[{"@type":"Article","@id":"https:\/\/renatodias.online\/movimento\/2022\/09\/23\/colocarei-meu-gabinete-aos-auditores-fiscais\/#article","isPartOf":{"@id":"https:\/\/renatodias.online\/movimento\/2022\/09\/23\/colocarei-meu-gabinete-aos-auditores-fiscais\/"},"author":{"name":"Renato Dias","@id":"https:\/\/renatodias.online\/movimento\/#\/schema\/person\/bbab28833b1725a20f4083f49f1fb2a9"},"headline":"&#8216;Colocarei meu gabinete aos Auditores-Fiscais&#8217;","datePublished":"2022-09-23T14:51:03+00:00","dateModified":"2022-09-23T14:51:43+00:00","mainEntityOfPage":{"@id":"https:\/\/renatodias.online\/movimento\/2022\/09\/23\/colocarei-meu-gabinete-aos-auditores-fiscais\/"},"wordCount":759,"commentCount":0,"publisher":{"@id":"https:\/\/renatodias.online\/movimento\/#\/schema\/person\/bbab28833b1725a20f4083f49f1fb2a9"},"image":{"@id":"https:\/\/renatodias.online\/movimento\/2022\/09\/23\/colocarei-meu-gabinete-aos-auditores-fiscais\/#primaryimage"},"thumbnailUrl":"https:\/\/renatodias.online\/movimento\/wp-content\/uploads\/2022\/09\/Marconi-Sindifisco-1-e1663944628665.jpg","articleSection":["Economia"],"inLanguage":"pt-BR","potentialAction":[{"@type":"CommentAction","name":"Comment","target":["https:\/\/renatodias.online\/movimento\/2022\/09\/23\/colocarei-meu-gabinete-aos-auditores-fiscais\/#respond"]}]},{"@type":"WebPage","@id":"https:\/\/renatodias.online\/movimento\/2022\/09\/23\/colocarei-meu-gabinete-aos-auditores-fiscais\/","url":"https:\/\/renatodias.online\/movimento\/2022\/09\/23\/colocarei-meu-gabinete-aos-auditores-fiscais\/","name":"'Colocarei meu gabinete aos Auditores-Fiscais' -","isPartOf":{"@id":"https:\/\/renatodias.online\/movimento\/#website"},"primaryImageOfPage":{"@id":"https:\/\/renatodias.online\/movimento\/2022\/09\/23\/colocarei-meu-gabinete-aos-auditores-fiscais\/#primaryimage"},"image":{"@id":"https:\/\/renatodias.online\/movimento\/2022\/09\/23\/colocarei-meu-gabinete-aos-auditores-fiscais\/#primaryimage"},"thumbnailUrl":"https:\/\/renatodias.online\/movimento\/wp-content\/uploads\/2022\/09\/Marconi-Sindifisco-1-e1663944628665.jpg","datePublished":"2022-09-23T14:51:03+00:00","dateModified":"2022-09-23T14:51:43+00:00","breadcrumb":{"@id":"https:\/\/renatodias.online\/movimento\/2022\/09\/23\/colocarei-meu-gabinete-aos-auditores-fiscais\/#breadcrumb"},"inLanguage":"pt-BR","potentialAction":[{"@type":"ReadAction","target":["https:\/\/renatodias.online\/movimento\/2022\/09\/23\/colocarei-meu-gabinete-aos-auditores-fiscais\/"]}]},{"@type":"ImageObject","inLanguage":"pt-BR","@id":"https:\/\/renatodias.online\/movimento\/2022\/09\/23\/colocarei-meu-gabinete-aos-auditores-fiscais\/#primaryimage","url":"https:\/\/renatodias.online\/movimento\/wp-content\/uploads\/2022\/09\/Marconi-Sindifisco-1-e1663944628665.jpg","contentUrl":"https:\/\/renatodias.online\/movimento\/wp-content\/uploads\/2022\/09\/Marconi-Sindifisco-1-e1663944628665.jpg","width":370,"height":247,"caption":"Marconi Perillo em di\u00e1logo aberto"},{"@type":"BreadcrumbList","@id":"https:\/\/renatodias.online\/movimento\/2022\/09\/23\/colocarei-meu-gabinete-aos-auditores-fiscais\/#breadcrumb","itemListElement":[{"@type":"ListItem","position":1,"name":"In\u00edcio","item":"https:\/\/renatodias.online\/movimento\/"},{"@type":"ListItem","position":2,"name":"&#8216;Colocarei meu gabinete aos Auditores-Fiscais&#8217;"}]},{"@type":"WebSite","@id":"https:\/\/renatodias.online\/movimento\/#website","url":"https:\/\/renatodias.online\/movimento\/","name":"","description":"","publisher":{"@id":"https:\/\/renatodias.online\/movimento\/#\/schema\/person\/bbab28833b1725a20f4083f49f1fb2a9"},"potentialAction":[{"@type":"SearchAction","target":{"@type":"EntryPoint","urlTemplate":"https:\/\/renatodias.online\/movimento\/?s={search_term_string}"},"query-input":{"@type":"PropertyValueSpecification","valueRequired":true,"valueName":"search_term_string"}}],"inLanguage":"pt-BR"},{"@type":["Person","Organization"],"@id":"https:\/\/renatodias.online\/movimento\/#\/schema\/person\/bbab28833b1725a20f4083f49f1fb2a9","name":"Renato Dias","image":{"@type":"ImageObject","inLanguage":"pt-BR","@id":"https:\/\/renatodias.online\/movimento\/wp-content\/uploads\/2023\/03\/cropped-cropped-cropped-logofinal.jpeg","url":"https:\/\/renatodias.online\/movimento\/wp-content\/uploads\/2023\/03\/cropped-cropped-cropped-logofinal.jpeg","contentUrl":"https:\/\/renatodias.online\/movimento\/wp-content\/uploads\/2023\/03\/cropped-cropped-cropped-logofinal.jpeg","width":1280,"height":219,"caption":"Renato Dias"},"logo":{"@id":"https:\/\/renatodias.online\/movimento\/wp-content\/uploads\/2023\/03\/cropped-cropped-cropped-logofinal.jpeg"},"description":"Renato Dias, 58 anos, \u00e9 graduado em Jornalismo, formado em Ci\u00eancias Sociais, com p\u00f3s-gradua\u00e7\u00e3o em Pol\u00edticas P\u00fablicas, mestre em Direito e Rela\u00e7\u00f5es Internacionais, ex-aluno extraordin\u00e1rio do Doutorado em Psicologia Social, ex-estudante do Curso de Psican\u00e1lise do Centro de Estudos Psicanal\u00edticos do Estado de Goi\u00e1s, ministrado pelo m\u00e9dico psiquiatra e psicanalista Daniel Em\u00eddio de Souza. \u00c9 autor de 30 livros-reportagem, oito document\u00e1rios, ganhou 30 pr\u00eamios e \u00e9 torcedor apaixonado do maior do Centro-Oeste, o Vila Nova Futebol Clube. Casado com Meirilane Dias, \u00e9 pai de Juliana Dias, jornalista; Daniel Dias, economista; e Maria Rosa Dias, estudante antifascista, socialista e trotskista.\u00a0Com tr\u00eas pets: Porquinho [Bull Dog Franc\u00eas], Dalila [Basset Hound] e Geleia [Basset Hound]. Al\u00e9m do eterno gato Tutuquinho, que virou estrela.","sameAs":["https:\/\/www.facebook.com\/renato.dias.37","#breve","https:\/\/renatodias.tumblr.com\/"],"url":"https:\/\/renatodias.online\/movimento\/author\/renatodias\/"}]}},"_links":{"self":[{"href":"https:\/\/renatodias.online\/movimento\/wp-json\/wp\/v2\/posts\/14240","targetHints":{"allow":["GET"]}}],"collection":[{"href":"https:\/\/renatodias.online\/movimento\/wp-json\/wp\/v2\/posts"}],"about":[{"href":"https:\/\/renatodias.online\/movimento\/wp-json\/wp\/v2\/types\/post"}],"author":[{"embeddable":true,"href":"https:\/\/renatodias.online\/movimento\/wp-json\/wp\/v2\/users\/2"}],"replies":[{"embeddable":true,"href":"https:\/\/renatodias.online\/movimento\/wp-json\/wp\/v2\/comments?post=14240"}],"version-history":[{"count":2,"href":"https:\/\/renatodias.online\/movimento\/wp-json\/wp\/v2\/posts\/14240\/revisions"}],"predecessor-version":[{"id":14245,"href":"https:\/\/renatodias.online\/movimento\/wp-json\/wp\/v2\/posts\/14240\/revisions\/14245"}],"wp:featuredmedia":[{"embeddable":true,"href":"https:\/\/renatodias.online\/movimento\/wp-json\/wp\/v2\/media\/14241"}],"wp:attachment":[{"href":"https:\/\/renatodias.online\/movimento\/wp-json\/wp\/v2\/media?parent=14240"}],"wp:term":[{"taxonomy":"category","embeddable":true,"href":"https:\/\/renatodias.online\/movimento\/wp-json\/wp\/v2\/categories?post=14240"},{"taxonomy":"post_tag","embeddable":true,"href":"https:\/\/renatodias.online\/movimento\/wp-json\/wp\/v2\/tags?post=14240"}],"curies":[{"name":"wp","href":"https:\/\/api.w.org\/{rel}","templated":true}]}}