{"id":14211,"date":"2022-09-21T22:54:26","date_gmt":"2022-09-22T01:54:26","guid":{"rendered":"https:\/\/renatodias.online\/movimento\/?p=14211"},"modified":"2022-09-21T22:54:26","modified_gmt":"2022-09-22T01:54:26","slug":"aava-santiago-e-giuseppe-vecci-lula-la","status":"publish","type":"post","link":"https:\/\/renatodias.online\/movimento\/2022\/09\/21\/aava-santiago-e-giuseppe-vecci-lula-la\/","title":{"rendered":"Aava Santiago e Giuseppe Vecci: Lula l\u00e1"},"content":{"rendered":"<p><strong><img loading=\"lazy\" decoding=\"async\" class=\"size-medium wp-image-11445 aligncenter\" src=\"https:\/\/renatodias.online\/movimento\/wp-content\/uploads\/2022\/03\/Eleicoes-de-2022-300x169.jpeg\" alt=\"\" width=\"300\" height=\"169\" srcset=\"https:\/\/renatodias.online\/movimento\/wp-content\/uploads\/2022\/03\/Eleicoes-de-2022-300x169.jpeg 300w, https:\/\/renatodias.online\/movimento\/wp-content\/uploads\/2022\/03\/Eleicoes-de-2022.jpeg 639w\" sizes=\"auto, (max-width: 300px) 100vw, 300px\" \/><\/strong><\/p>\n<h1 style=\"text-align: center;\"><span style=\"color: #0000ff;\"><strong>Atual vereadora e ex-deputado federal<\/strong><\/span><\/h1>\n<figure id=\"attachment_9691\" aria-describedby=\"caption-attachment-9691\" style=\"width: 300px\" class=\"wp-caption aligncenter\"><img loading=\"lazy\" decoding=\"async\" class=\"size-medium wp-image-9691\" src=\"https:\/\/renatodias.online\/movimento\/wp-content\/uploads\/2021\/11\/Tucano-o-simbolo-do-PSDB-300x220.jpg\" alt=\"\" width=\"300\" height=\"220\" \/><figcaption id=\"caption-attachment-9691\" class=\"wp-caption-text\"><strong>Tucano, o s\u00edmbolo do PSDB<\/strong><\/figcaption><\/figure>\n<h1 style=\"text-align: center;\"><span style=\"color: #ff9900;\"><strong>Os dois s\u00e3o dirigentes do PSDB em Goi\u00e1s<\/strong><\/span><\/h1>\n<figure id=\"attachment_14212\" aria-describedby=\"caption-attachment-14212\" style=\"width: 1140px\" class=\"wp-caption alignnone\"><img loading=\"lazy\" decoding=\"async\" class=\"wp-image-14212 size-full\" src=\"https:\/\/renatodias.online\/movimento\/wp-content\/uploads\/2022\/09\/Aava-Santiago.jpg\" alt=\"\" width=\"1140\" height=\"694\" \/><figcaption id=\"caption-attachment-14212\" class=\"wp-caption-text\"><strong>Aava Santiago<\/strong><\/figcaption><\/figure>\n<p><span style=\"color: #ff0000;\"><strong>Renato Dias<\/strong><\/span><\/p>\n<p>A presidente do PSDB, em Goi\u00e2nia [GO], e vereadora, <span style=\"color: #0000ff;\"><strong>Aava Santiago<\/strong><\/span>, e o ex-secret\u00e1rio de Estado da Fazenda e do Planejamento e ex-deputado federal, <strong>economista <span style=\"color: #0000ff;\">Giuseppe Vecci<\/span><\/strong> anunciaram <strong>apoio \u00e0 elei\u00e7\u00e3o, no pr\u00f3ximo dia 2 de outubro, <span style=\"color: #ff0000;\">de Luiz In\u00e1cio Lula da Silva [PT] e Geraldo Alckmin [PSB] ao Governo Federal.<\/span><\/strong> Dois quadros estrat\u00e9gicos da sigla em Goi\u00e1s. As decis\u00f5es pol\u00edticas s\u00e3o pessoais. <strong>PSDB e Cidadania emitiram duas notas p\u00fablicas de esclarecimentos<\/strong>.<\/p>\n<figure id=\"attachment_13743\" aria-describedby=\"caption-attachment-13743\" style=\"width: 800px\" class=\"wp-caption aligncenter\"><img loading=\"lazy\" decoding=\"async\" class=\"size-full wp-image-13743\" src=\"https:\/\/renatodias.online\/movimento\/wp-content\/uploads\/2022\/08\/Lula-e-Geraldo-Alckmin.jpeg\" alt=\"\" width=\"800\" height=\"511\" \/><figcaption id=\"caption-attachment-13743\" class=\"wp-caption-text\"><strong><span style=\"color: #ff0000;\">Luiz In\u00e1cio Lula da Silva e Geraldo Alckmin<\/span><\/strong><\/figcaption><\/figure>\n","protected":false},"excerpt":{"rendered":"<p>Atual vereadora e ex-deputado federal Os dois s\u00e3o dirigentes do PSDB em Goi\u00e1s Renato Dias A presidente do PSDB, em Goi\u00e2nia [GO], e vereadora, Aava Santiago, e o ex-secret\u00e1rio de Estado da Fazenda e do Planejamento e ex-deputado federal, economista Giuseppe Vecci anunciaram apoio \u00e0 elei\u00e7\u00e3o, no pr\u00f3ximo dia 2 de outubro, de Luiz In\u00e1cio<\/p>\n","protected":false},"author":2,"featured_media":13326,"comment_status":"open","ping_status":"open","sticky":false,"template":"","format":"standard","meta":{"_acf_changed":false,"_monsterinsights_skip_tracking":false,"_monsterinsights_sitenote_active":false,"_monsterinsights_sitenote_note":"","_monsterinsights_sitenote_category":0,"footnotes":""},"categories":[4],"tags":[],"class_list":["post-14211","post","type-post","status-publish","format-standard","has-post-thumbnail","hentry","category-politica"],"acf":[],"yoast_head":"<!-- This site is optimized with the Yoast SEO plugin v27.4 - https:\/\/yoast.com\/product\/yoast-seo-wordpress\/ -->\n<title>Aava Santiago e Giuseppe Vecci: Lula l\u00e1 -<\/title>\n<meta name=\"robots\" content=\"index, follow, max-snippet:-1, max-image-preview:large, max-video-preview:-1\" \/>\n<link rel=\"canonical\" href=\"https:\/\/renatodias.online\/movimento\/2022\/09\/21\/aava-santiago-e-giuseppe-vecci-lula-la\/\" \/>\n<meta property=\"og:locale\" content=\"pt_BR\" \/>\n<meta property=\"og:type\" content=\"article\" \/>\n<meta property=\"og:title\" content=\"Aava Santiago e Giuseppe Vecci: Lula l\u00e1 -\" \/>\n<meta property=\"og:description\" content=\"Atual vereadora e ex-deputado federal Os dois s\u00e3o dirigentes do PSDB em Goi\u00e1s Renato Dias A presidente do PSDB, em Goi\u00e2nia [GO], e vereadora, Aava Santiago, e o ex-secret\u00e1rio de Estado da Fazenda e do Planejamento e ex-deputado federal, economista Giuseppe Vecci anunciaram apoio \u00e0 elei\u00e7\u00e3o, no pr\u00f3ximo dia 2 de outubro, de Luiz In\u00e1cio\" \/>\n<meta property=\"og:url\" content=\"https:\/\/renatodias.online\/movimento\/2022\/09\/21\/aava-santiago-e-giuseppe-vecci-lula-la\/\" \/>\n<meta property=\"article:publisher\" content=\"https:\/\/www.facebook.com\/renato.dias.37\" \/>\n<meta property=\"article:author\" content=\"https:\/\/www.facebook.com\/renato.dias.37\" \/>\n<meta property=\"article:published_time\" content=\"2022-09-22T01:54:26+00:00\" \/>\n<meta property=\"og:image\" content=\"https:\/\/renatodias.online\/movimento\/wp-content\/uploads\/2022\/07\/Giuseppe-Vecci-e1663811420392.jpg\" \/>\n\t<meta property=\"og:image:width\" content=\"370\" \/>\n\t<meta property=\"og:image:height\" content=\"242\" \/>\n\t<meta property=\"og:image:type\" content=\"image\/jpeg\" \/>\n<meta name=\"author\" content=\"Renato Dias\" \/>\n<meta name=\"twitter:card\" content=\"summary_large_image\" \/>\n<meta name=\"twitter:creator\" content=\"@RenatoDiasBat\" \/>\n<meta name=\"twitter:site\" content=\"@RenatoDiasBat\" \/>\n<meta name=\"twitter:label1\" content=\"Escrito por\" \/>\n\t<meta name=\"twitter:data1\" content=\"Renato Dias\" \/>\n\t<meta name=\"twitter:label2\" content=\"Est. tempo de leitura\" \/>\n\t<meta name=\"twitter:data2\" content=\"1 minuto\" \/>\n<script type=\"application\/ld+json\" class=\"yoast-schema-graph\">{\"@context\":\"https:\\\/\\\/schema.org\",\"@graph\":[{\"@type\":\"Article\",\"@id\":\"https:\\\/\\\/renatodias.online\\\/movimento\\\/2022\\\/09\\\/21\\\/aava-santiago-e-giuseppe-vecci-lula-la\\\/#article\",\"isPartOf\":{\"@id\":\"https:\\\/\\\/renatodias.online\\\/movimento\\\/2022\\\/09\\\/21\\\/aava-santiago-e-giuseppe-vecci-lula-la\\\/\"},\"author\":{\"name\":\"Renato Dias\",\"@id\":\"https:\\\/\\\/renatodias.online\\\/movimento\\\/#\\\/schema\\\/person\\\/bbab28833b1725a20f4083f49f1fb2a9\"},\"headline\":\"Aava Santiago e Giuseppe Vecci: Lula l\u00e1\",\"datePublished\":\"2022-09-22T01:54:26+00:00\",\"mainEntityOfPage\":{\"@id\":\"https:\\\/\\\/renatodias.online\\\/movimento\\\/2022\\\/09\\\/21\\\/aava-santiago-e-giuseppe-vecci-lula-la\\\/\"},\"wordCount\":143,\"commentCount\":0,\"publisher\":{\"@id\":\"https:\\\/\\\/renatodias.online\\\/movimento\\\/#\\\/schema\\\/person\\\/bbab28833b1725a20f4083f49f1fb2a9\"},\"image\":{\"@id\":\"https:\\\/\\\/renatodias.online\\\/movimento\\\/2022\\\/09\\\/21\\\/aava-santiago-e-giuseppe-vecci-lula-la\\\/#primaryimage\"},\"thumbnailUrl\":\"https:\\\/\\\/renatodias.online\\\/movimento\\\/wp-content\\\/uploads\\\/2022\\\/07\\\/Giuseppe-Vecci-e1663811420392.jpg\",\"articleSection\":[\"Pol\u00edtica\"],\"inLanguage\":\"pt-BR\",\"potentialAction\":[{\"@type\":\"CommentAction\",\"name\":\"Comment\",\"target\":[\"https:\\\/\\\/renatodias.online\\\/movimento\\\/2022\\\/09\\\/21\\\/aava-santiago-e-giuseppe-vecci-lula-la\\\/#respond\"]}]},{\"@type\":\"WebPage\",\"@id\":\"https:\\\/\\\/renatodias.online\\\/movimento\\\/2022\\\/09\\\/21\\\/aava-santiago-e-giuseppe-vecci-lula-la\\\/\",\"url\":\"https:\\\/\\\/renatodias.online\\\/movimento\\\/2022\\\/09\\\/21\\\/aava-santiago-e-giuseppe-vecci-lula-la\\\/\",\"name\":\"Aava Santiago e Giuseppe Vecci: Lula l\u00e1 -\",\"isPartOf\":{\"@id\":\"https:\\\/\\\/renatodias.online\\\/movimento\\\/#website\"},\"primaryImageOfPage\":{\"@id\":\"https:\\\/\\\/renatodias.online\\\/movimento\\\/2022\\\/09\\\/21\\\/aava-santiago-e-giuseppe-vecci-lula-la\\\/#primaryimage\"},\"image\":{\"@id\":\"https:\\\/\\\/renatodias.online\\\/movimento\\\/2022\\\/09\\\/21\\\/aava-santiago-e-giuseppe-vecci-lula-la\\\/#primaryimage\"},\"thumbnailUrl\":\"https:\\\/\\\/renatodias.online\\\/movimento\\\/wp-content\\\/uploads\\\/2022\\\/07\\\/Giuseppe-Vecci-e1663811420392.jpg\",\"datePublished\":\"2022-09-22T01:54:26+00:00\",\"breadcrumb\":{\"@id\":\"https:\\\/\\\/renatodias.online\\\/movimento\\\/2022\\\/09\\\/21\\\/aava-santiago-e-giuseppe-vecci-lula-la\\\/#breadcrumb\"},\"inLanguage\":\"pt-BR\",\"potentialAction\":[{\"@type\":\"ReadAction\",\"target\":[\"https:\\\/\\\/renatodias.online\\\/movimento\\\/2022\\\/09\\\/21\\\/aava-santiago-e-giuseppe-vecci-lula-la\\\/\"]}]},{\"@type\":\"ImageObject\",\"inLanguage\":\"pt-BR\",\"@id\":\"https:\\\/\\\/renatodias.online\\\/movimento\\\/2022\\\/09\\\/21\\\/aava-santiago-e-giuseppe-vecci-lula-la\\\/#primaryimage\",\"url\":\"https:\\\/\\\/renatodias.online\\\/movimento\\\/wp-content\\\/uploads\\\/2022\\\/07\\\/Giuseppe-Vecci-e1663811420392.jpg\",\"contentUrl\":\"https:\\\/\\\/renatodias.online\\\/movimento\\\/wp-content\\\/uploads\\\/2022\\\/07\\\/Giuseppe-Vecci-e1663811420392.jpg\",\"width\":370,\"height\":242,\"caption\":\"Giuseppe Vecci\"},{\"@type\":\"BreadcrumbList\",\"@id\":\"https:\\\/\\\/renatodias.online\\\/movimento\\\/2022\\\/09\\\/21\\\/aava-santiago-e-giuseppe-vecci-lula-la\\\/#breadcrumb\",\"itemListElement\":[{\"@type\":\"ListItem\",\"position\":1,\"name\":\"In\u00edcio\",\"item\":\"https:\\\/\\\/renatodias.online\\\/movimento\\\/\"},{\"@type\":\"ListItem\",\"position\":2,\"name\":\"Aava Santiago e Giuseppe Vecci: Lula l\u00e1\"}]},{\"@type\":\"WebSite\",\"@id\":\"https:\\\/\\\/renatodias.online\\\/movimento\\\/#website\",\"url\":\"https:\\\/\\\/renatodias.online\\\/movimento\\\/\",\"name\":\"\",\"description\":\"\",\"publisher\":{\"@id\":\"https:\\\/\\\/renatodias.online\\\/movimento\\\/#\\\/schema\\\/person\\\/bbab28833b1725a20f4083f49f1fb2a9\"},\"potentialAction\":[{\"@type\":\"SearchAction\",\"target\":{\"@type\":\"EntryPoint\",\"urlTemplate\":\"https:\\\/\\\/renatodias.online\\\/movimento\\\/?s={search_term_string}\"},\"query-input\":{\"@type\":\"PropertyValueSpecification\",\"valueRequired\":true,\"valueName\":\"search_term_string\"}}],\"inLanguage\":\"pt-BR\"},{\"@type\":[\"Person\",\"Organization\"],\"@id\":\"https:\\\/\\\/renatodias.online\\\/movimento\\\/#\\\/schema\\\/person\\\/bbab28833b1725a20f4083f49f1fb2a9\",\"name\":\"Renato Dias\",\"image\":{\"@type\":\"ImageObject\",\"inLanguage\":\"pt-BR\",\"@id\":\"https:\\\/\\\/renatodias.online\\\/movimento\\\/wp-content\\\/uploads\\\/2023\\\/03\\\/cropped-cropped-cropped-logofinal.jpeg\",\"url\":\"https:\\\/\\\/renatodias.online\\\/movimento\\\/wp-content\\\/uploads\\\/2023\\\/03\\\/cropped-cropped-cropped-logofinal.jpeg\",\"contentUrl\":\"https:\\\/\\\/renatodias.online\\\/movimento\\\/wp-content\\\/uploads\\\/2023\\\/03\\\/cropped-cropped-cropped-logofinal.jpeg\",\"width\":1280,\"height\":219,\"caption\":\"Renato Dias\"},\"logo\":{\"@id\":\"https:\\\/\\\/renatodias.online\\\/movimento\\\/wp-content\\\/uploads\\\/2023\\\/03\\\/cropped-cropped-cropped-logofinal.jpeg\"},\"description\":\"Renato Dias, 58 anos, \u00e9 graduado em Jornalismo, formado em Ci\u00eancias Sociais, com p\u00f3s-gradua\u00e7\u00e3o em Pol\u00edticas P\u00fablicas, mestre em Direito e Rela\u00e7\u00f5es Internacionais, ex-aluno extraordin\u00e1rio do Doutorado em Psicologia Social, ex-estudante do Curso de Psican\u00e1lise do Centro de Estudos Psicanal\u00edticos do Estado de Goi\u00e1s, ministrado pelo m\u00e9dico psiquiatra e psicanalista Daniel Em\u00eddio de Souza. \u00c9 autor de 30 livros-reportagem, oito document\u00e1rios, ganhou 30 pr\u00eamios e \u00e9 torcedor apaixonado do maior do Centro-Oeste, o Vila Nova Futebol Clube. Casado com Meirilane Dias, \u00e9 pai de Juliana Dias, jornalista; Daniel Dias, economista; e Maria Rosa Dias, estudante antifascista, socialista e trotskista.\u00a0Com tr\u00eas pets: Porquinho [Bull Dog Franc\u00eas], Dalila [Basset Hound] e Geleia [Basset Hound]. Al\u00e9m do eterno gato Tutuquinho, que virou estrela.\",\"sameAs\":[\"https:\\\/\\\/www.facebook.com\\\/renato.dias.37\",\"#breve\",\"https:\\\/\\\/renatodias.tumblr.com\\\/\"],\"url\":\"https:\\\/\\\/renatodias.online\\\/movimento\\\/author\\\/renatodias\\\/\"}]}<\/script>\n<!-- \/ Yoast SEO plugin. -->","yoast_head_json":{"title":"Aava Santiago e Giuseppe Vecci: Lula l\u00e1 -","robots":{"index":"index","follow":"follow","max-snippet":"max-snippet:-1","max-image-preview":"max-image-preview:large","max-video-preview":"max-video-preview:-1"},"canonical":"https:\/\/renatodias.online\/movimento\/2022\/09\/21\/aava-santiago-e-giuseppe-vecci-lula-la\/","og_locale":"pt_BR","og_type":"article","og_title":"Aava Santiago e Giuseppe Vecci: Lula l\u00e1 -","og_description":"Atual vereadora e ex-deputado federal Os dois s\u00e3o dirigentes do PSDB em Goi\u00e1s Renato Dias A presidente do PSDB, em Goi\u00e2nia [GO], e vereadora, Aava Santiago, e o ex-secret\u00e1rio de Estado da Fazenda e do Planejamento e ex-deputado federal, economista Giuseppe Vecci anunciaram apoio \u00e0 elei\u00e7\u00e3o, no pr\u00f3ximo dia 2 de outubro, de Luiz In\u00e1cio","og_url":"https:\/\/renatodias.online\/movimento\/2022\/09\/21\/aava-santiago-e-giuseppe-vecci-lula-la\/","article_publisher":"https:\/\/www.facebook.com\/renato.dias.37","article_author":"https:\/\/www.facebook.com\/renato.dias.37","article_published_time":"2022-09-22T01:54:26+00:00","og_image":[{"width":370,"height":242,"url":"https:\/\/renatodias.online\/movimento\/wp-content\/uploads\/2022\/07\/Giuseppe-Vecci-e1663811420392.jpg","type":"image\/jpeg"}],"author":"Renato Dias","twitter_card":"summary_large_image","twitter_creator":"@RenatoDiasBat","twitter_site":"@RenatoDiasBat","twitter_misc":{"Escrito por":"Renato Dias","Est. tempo de leitura":"1 minuto"},"schema":{"@context":"https:\/\/schema.org","@graph":[{"@type":"Article","@id":"https:\/\/renatodias.online\/movimento\/2022\/09\/21\/aava-santiago-e-giuseppe-vecci-lula-la\/#article","isPartOf":{"@id":"https:\/\/renatodias.online\/movimento\/2022\/09\/21\/aava-santiago-e-giuseppe-vecci-lula-la\/"},"author":{"name":"Renato Dias","@id":"https:\/\/renatodias.online\/movimento\/#\/schema\/person\/bbab28833b1725a20f4083f49f1fb2a9"},"headline":"Aava Santiago e Giuseppe Vecci: Lula l\u00e1","datePublished":"2022-09-22T01:54:26+00:00","mainEntityOfPage":{"@id":"https:\/\/renatodias.online\/movimento\/2022\/09\/21\/aava-santiago-e-giuseppe-vecci-lula-la\/"},"wordCount":143,"commentCount":0,"publisher":{"@id":"https:\/\/renatodias.online\/movimento\/#\/schema\/person\/bbab28833b1725a20f4083f49f1fb2a9"},"image":{"@id":"https:\/\/renatodias.online\/movimento\/2022\/09\/21\/aava-santiago-e-giuseppe-vecci-lula-la\/#primaryimage"},"thumbnailUrl":"https:\/\/renatodias.online\/movimento\/wp-content\/uploads\/2022\/07\/Giuseppe-Vecci-e1663811420392.jpg","articleSection":["Pol\u00edtica"],"inLanguage":"pt-BR","potentialAction":[{"@type":"CommentAction","name":"Comment","target":["https:\/\/renatodias.online\/movimento\/2022\/09\/21\/aava-santiago-e-giuseppe-vecci-lula-la\/#respond"]}]},{"@type":"WebPage","@id":"https:\/\/renatodias.online\/movimento\/2022\/09\/21\/aava-santiago-e-giuseppe-vecci-lula-la\/","url":"https:\/\/renatodias.online\/movimento\/2022\/09\/21\/aava-santiago-e-giuseppe-vecci-lula-la\/","name":"Aava Santiago e Giuseppe Vecci: Lula l\u00e1 -","isPartOf":{"@id":"https:\/\/renatodias.online\/movimento\/#website"},"primaryImageOfPage":{"@id":"https:\/\/renatodias.online\/movimento\/2022\/09\/21\/aava-santiago-e-giuseppe-vecci-lula-la\/#primaryimage"},"image":{"@id":"https:\/\/renatodias.online\/movimento\/2022\/09\/21\/aava-santiago-e-giuseppe-vecci-lula-la\/#primaryimage"},"thumbnailUrl":"https:\/\/renatodias.online\/movimento\/wp-content\/uploads\/2022\/07\/Giuseppe-Vecci-e1663811420392.jpg","datePublished":"2022-09-22T01:54:26+00:00","breadcrumb":{"@id":"https:\/\/renatodias.online\/movimento\/2022\/09\/21\/aava-santiago-e-giuseppe-vecci-lula-la\/#breadcrumb"},"inLanguage":"pt-BR","potentialAction":[{"@type":"ReadAction","target":["https:\/\/renatodias.online\/movimento\/2022\/09\/21\/aava-santiago-e-giuseppe-vecci-lula-la\/"]}]},{"@type":"ImageObject","inLanguage":"pt-BR","@id":"https:\/\/renatodias.online\/movimento\/2022\/09\/21\/aava-santiago-e-giuseppe-vecci-lula-la\/#primaryimage","url":"https:\/\/renatodias.online\/movimento\/wp-content\/uploads\/2022\/07\/Giuseppe-Vecci-e1663811420392.jpg","contentUrl":"https:\/\/renatodias.online\/movimento\/wp-content\/uploads\/2022\/07\/Giuseppe-Vecci-e1663811420392.jpg","width":370,"height":242,"caption":"Giuseppe Vecci"},{"@type":"BreadcrumbList","@id":"https:\/\/renatodias.online\/movimento\/2022\/09\/21\/aava-santiago-e-giuseppe-vecci-lula-la\/#breadcrumb","itemListElement":[{"@type":"ListItem","position":1,"name":"In\u00edcio","item":"https:\/\/renatodias.online\/movimento\/"},{"@type":"ListItem","position":2,"name":"Aava Santiago e Giuseppe Vecci: Lula l\u00e1"}]},{"@type":"WebSite","@id":"https:\/\/renatodias.online\/movimento\/#website","url":"https:\/\/renatodias.online\/movimento\/","name":"","description":"","publisher":{"@id":"https:\/\/renatodias.online\/movimento\/#\/schema\/person\/bbab28833b1725a20f4083f49f1fb2a9"},"potentialAction":[{"@type":"SearchAction","target":{"@type":"EntryPoint","urlTemplate":"https:\/\/renatodias.online\/movimento\/?s={search_term_string}"},"query-input":{"@type":"PropertyValueSpecification","valueRequired":true,"valueName":"search_term_string"}}],"inLanguage":"pt-BR"},{"@type":["Person","Organization"],"@id":"https:\/\/renatodias.online\/movimento\/#\/schema\/person\/bbab28833b1725a20f4083f49f1fb2a9","name":"Renato Dias","image":{"@type":"ImageObject","inLanguage":"pt-BR","@id":"https:\/\/renatodias.online\/movimento\/wp-content\/uploads\/2023\/03\/cropped-cropped-cropped-logofinal.jpeg","url":"https:\/\/renatodias.online\/movimento\/wp-content\/uploads\/2023\/03\/cropped-cropped-cropped-logofinal.jpeg","contentUrl":"https:\/\/renatodias.online\/movimento\/wp-content\/uploads\/2023\/03\/cropped-cropped-cropped-logofinal.jpeg","width":1280,"height":219,"caption":"Renato Dias"},"logo":{"@id":"https:\/\/renatodias.online\/movimento\/wp-content\/uploads\/2023\/03\/cropped-cropped-cropped-logofinal.jpeg"},"description":"Renato Dias, 58 anos, \u00e9 graduado em Jornalismo, formado em Ci\u00eancias Sociais, com p\u00f3s-gradua\u00e7\u00e3o em Pol\u00edticas P\u00fablicas, mestre em Direito e Rela\u00e7\u00f5es Internacionais, ex-aluno extraordin\u00e1rio do Doutorado em Psicologia Social, ex-estudante do Curso de Psican\u00e1lise do Centro de Estudos Psicanal\u00edticos do Estado de Goi\u00e1s, ministrado pelo m\u00e9dico psiquiatra e psicanalista Daniel Em\u00eddio de Souza. \u00c9 autor de 30 livros-reportagem, oito document\u00e1rios, ganhou 30 pr\u00eamios e \u00e9 torcedor apaixonado do maior do Centro-Oeste, o Vila Nova Futebol Clube. Casado com Meirilane Dias, \u00e9 pai de Juliana Dias, jornalista; Daniel Dias, economista; e Maria Rosa Dias, estudante antifascista, socialista e trotskista.\u00a0Com tr\u00eas pets: Porquinho [Bull Dog Franc\u00eas], Dalila [Basset Hound] e Geleia [Basset Hound]. Al\u00e9m do eterno gato Tutuquinho, que virou estrela.","sameAs":["https:\/\/www.facebook.com\/renato.dias.37","#breve","https:\/\/renatodias.tumblr.com\/"],"url":"https:\/\/renatodias.online\/movimento\/author\/renatodias\/"}]}},"_links":{"self":[{"href":"https:\/\/renatodias.online\/movimento\/wp-json\/wp\/v2\/posts\/14211","targetHints":{"allow":["GET"]}}],"collection":[{"href":"https:\/\/renatodias.online\/movimento\/wp-json\/wp\/v2\/posts"}],"about":[{"href":"https:\/\/renatodias.online\/movimento\/wp-json\/wp\/v2\/types\/post"}],"author":[{"embeddable":true,"href":"https:\/\/renatodias.online\/movimento\/wp-json\/wp\/v2\/users\/2"}],"replies":[{"embeddable":true,"href":"https:\/\/renatodias.online\/movimento\/wp-json\/wp\/v2\/comments?post=14211"}],"version-history":[{"count":1,"href":"https:\/\/renatodias.online\/movimento\/wp-json\/wp\/v2\/posts\/14211\/revisions"}],"predecessor-version":[{"id":14213,"href":"https:\/\/renatodias.online\/movimento\/wp-json\/wp\/v2\/posts\/14211\/revisions\/14213"}],"wp:featuredmedia":[{"embeddable":true,"href":"https:\/\/renatodias.online\/movimento\/wp-json\/wp\/v2\/media\/13326"}],"wp:attachment":[{"href":"https:\/\/renatodias.online\/movimento\/wp-json\/wp\/v2\/media?parent=14211"}],"wp:term":[{"taxonomy":"category","embeddable":true,"href":"https:\/\/renatodias.online\/movimento\/wp-json\/wp\/v2\/categories?post=14211"},{"taxonomy":"post_tag","embeddable":true,"href":"https:\/\/renatodias.online\/movimento\/wp-json\/wp\/v2\/tags?post=14211"}],"curies":[{"name":"wp","href":"https:\/\/api.w.org\/{rel}","templated":true}]}}