{"id":14209,"date":"2022-09-21T22:47:52","date_gmt":"2022-09-22T01:47:52","guid":{"rendered":"https:\/\/renatodias.online\/movimento\/?p=14209"},"modified":"2022-09-21T22:47:52","modified_gmt":"2022-09-22T01:47:52","slug":"carta-aberta-a-ciro-gomes","status":"publish","type":"post","link":"https:\/\/renatodias.online\/movimento\/2022\/09\/21\/carta-aberta-a-ciro-gomes\/","title":{"rendered":"Carta aberta a Ciro Gomes"},"content":{"rendered":"<p><strong><img loading=\"lazy\" decoding=\"async\" class=\"wp-image-7158 size-full aligncenter\" src=\"https:\/\/renatodias.online\/movimento\/wp-content\/uploads\/2021\/06\/Logo-_-Internacional.jpg\" alt=\"\" width=\"626\" height=\"156\" srcset=\"https:\/\/renatodias.online\/movimento\/wp-content\/uploads\/2021\/06\/Logo-_-Internacional.jpg 626w, https:\/\/renatodias.online\/movimento\/wp-content\/uploads\/2021\/06\/Logo-_-Internacional-300x75.jpg 300w\" sizes=\"auto, (max-width: 626px) 100vw, 626px\" \/><\/strong><\/p>\n<h1 style=\"text-align: center;\"><span style=\"color: #ff0000;\"><strong>Carta abierta a Ciro Gomes<br \/>\n<\/strong><\/span><\/h1>\n<h1 style=\"text-align: center;\"><span style=\"color: #008000;\"><strong>Lo que hay que hacer para frenar a Bolsonaro<\/strong><\/span><\/h1>\n<p style=\"text-align: center;\"><span style=\"color: #0000ff;\"><strong>20 de Septiembre, 2022<\/strong><\/span><\/p>\n<p style=\"text-align: center;\"><span style=\"color: #666699;\"><strong>Querido compa\u00f1ero Ciro Gomes<\/strong><\/span><\/p>\n<figure id=\"attachment_12332\" aria-describedby=\"caption-attachment-12332\" style=\"width: 694px\" class=\"wp-caption aligncenter\"><img loading=\"lazy\" decoding=\"async\" class=\"wp-image-12332 size-full\" src=\"https:\/\/renatodias.online\/movimento\/wp-content\/uploads\/2022\/05\/Ciro-Gomes-caricatura.jpg\" alt=\"\" width=\"694\" height=\"1024\" \/><figcaption id=\"caption-attachment-12332\" class=\"wp-caption-text\"><strong>Ciro Gomes<\/strong><\/figcaption><\/figure>\n<p>Los abajo firmantes somos militantes de la izquierda latinoamericana, profundamente antiimperialistas y comprometidos con la emancipaci\u00f3n de nuestros pueblos y la creaci\u00f3n de la Patria Grande. Somos tambi\u00e9n personas que amamos y admiramos a Brasil y su pueblo; a la exquisita cultura de ese pa\u00eds: su m\u00fasica, su literatura, sus pinturas, su gastronom\u00eda, sus diversas manifestaciones art\u00edsticas y tambi\u00e9n la larga lucha de su pueblo por acceder a una vida m\u00e1s plena, en lo espiritual y en lo material.<\/p>\n<p>Sabemos que usted ha sido durante toda su vida un luchador por las buenas causas del pueblo brasile\u00f1o. Por eso la perplejidad que nos impulsa a escribirle esta carta y que nos mueve a enviarle este fraternal mensaje porque nos resulta incomprensible, en la coyuntura brasile\u00f1a actual, su insistencia en presentar su candidatura presidencial para la primera vuelta de las elecciones presidenciales del Brasil, este 2 de Octubre, mismas que sin la menor dosis de exageraci\u00f3n pueden ser consideradas como un parteaguas hist\u00f3rico. \u00bfPor qu\u00e9? Porque la elecci\u00f3n de fondo no ser\u00e1 entre Jair Bolsonaro y Luiz Inacio \u201cLula\u201d da Silva sino entre fascismo y democracia. Y usted, hombre pol\u00edtico, inteligente y con una amplia experiencia sobre sus espaldas, sabe muy bien que su candidatura no tiene absolutamente ninguna chance de llegar al balotaje, menos a\u00fan de imponerse en la primera vuelta. La dura realidad es que manteniendo su postulaci\u00f3n, querido compa\u00f1ero Ciro, lo \u00fanico que har\u00e1 ser\u00e1 dispersar fuerzas, debilitar la fortaleza del bloque antifascista, con todas sus contradicciones, y facilitar la victoria de Bolsonaro, y eventualmente abrir camino a un nuevo golpe de estado. A pesar de su buena voluntad infelizmente usted no est\u00e1 en condiciones de hacer el bien, ning\u00fan bien, y s\u00ed de hacer un mal muy grande al Brasil y a su pueblo. No podr\u00e1 hacer el bien pese a sus intenciones porque sus chances de ganar son igual a cero. Al debilitar la candidatura unitaria de Lula, al disperar las fuerzas del bloque que se opone al fascismo, lo que usted objetivamente har\u00e1 (m\u00e1s all\u00e1 de sus intenciones que no dudamos son buenas) ser\u00e1 allanar el camino para la perpetuaci\u00f3n de Bolsonaro en el poder.<\/p>\n<p>Nos parece que por su trayectoria usted no debe ingresar a la historia del Brasil por esa puerta indigna, como la de un hombre que habiendo luchado por las buenas causas de su pueblo y logrado importantes resultados, en la instancia cr\u00edtica y decisiva para su pa\u00eds comete un yerro garrafal y le abre las puertas a un proceso que sembrar\u00e1 muerte y destrucci\u00f3n en su pa\u00eds y que, sin duda, lo tendr\u00e1 tambi\u00e9n a usted como una de sus v\u00edctimas. No puede desconocer la naturaleza perversa del actual presidente de Brasil. Sus palabras y sus promesas, inclusive las que les podr\u00eda haber hecho a usted, carecen por completo de valor. Bolsonaro es un personaje inmoral, un alucinado fan\u00e1tico carente de principios morales que dej\u00f3 morir a m\u00e1s de 700.000 brasile\u00f1as y brasile\u00f1os sin hacer el menor esfuerzo para salvarlos. Es, adem\u00e1s, un traidor serial, s\u00f3lo comparable a los peores personajes de Shakespeare. Y no dudar\u00e1 un instante en traicionarlo a usted ni bien le resulte conveniente.<\/p>\n<p>Todav\u00eda est\u00e1 a tiempo de enmendar su error, compa\u00f1ero Ciro. Dir\u00edjase ya mismo a sus seguidores y d\u00edgales que la urgencia de la lucha contra el fascismo no les deja otra opci\u00f3n que apoyar la candidatura presidencial de Lula. P\u00eddales ese voto, crucial para derrotar en primera vuelta al capit\u00e1n (as\u00ed, con min\u00fasculas) y sus escuadrones armados; crucial tambi\u00e9n para impedir la perpetuaci\u00f3n en el poder de un hombre que exalt\u00f3 la figura del canalla que tortur\u00f3 a Dilma Rousseff. Usted, por su historia y sus ideas, tiene que hacer lo imposible para impedir que semejante figura monstruosa permanezca un d\u00eda m\u00e1s en el Palacio del Planalto. Adem\u00e1s, por sus a\u00f1os, no nos cabe duda que seguir\u00e1 siendo una figura protag\u00f3nica de la pol\u00edtica brasile\u00f1a. Que \u00e9ste no es su turno, que las circunstancias lo obligan a esperar. No se olvide que la paciencia es uno de los rasgos definitorios de los grandes l\u00edderes pol\u00edticos.<\/p>\n<p>Nada m\u00e1s por ahora. Esperamos que sepa apreciar el sentido solidario de este mensaje. Reciba un fraternal abrazo de sus compa\u00f1eros de lucha de toda Latinoam\u00e9rica y el Caribe.<\/p>\n<p><img loading=\"lazy\" decoding=\"async\" class=\"size-medium wp-image-13781 aligncenter\" src=\"https:\/\/renatodias.online\/movimento\/wp-content\/uploads\/2022\/08\/Raio-X-especial-300x112.png\" alt=\"\" width=\"300\" height=\"112\" \/><\/p>\n<h1 style=\"text-align: center;\"><span style=\"color: #ff0000;\"><strong>Primeras firmas de adhesi\u00f3n<\/strong><\/span><\/h1>\n<p><strong>Adolfo P\u00e9rez Esquivel, Premio Nobel de la Paz, Argentina<\/strong><\/p>\n<p><strong>Rafael Correa, ex presidente del Ecuador<\/strong><\/p>\n<p><strong>Stella Calloni, periodista, Argentina<\/strong><\/p>\n<p><strong>Ra\u00fal Zaffaroni, ex Juez de la Corte Suprema, Argentina<\/strong><\/p>\n<p><strong>Atilio Boron, polit\u00f3logo, Argentina<\/strong><\/p>\n<p><strong>Piedad C\u00f3rdoba, Senadora, Colombia<\/strong><\/p>\n<p><strong>Amado Boudou, ex vicepresidente de la Argentina<\/strong><\/p>\n<p><strong>Gabriela Rivadeneira, ex presidenta Asamblea Nacional, Ecuador<\/strong><\/p>\n<p><strong>Fernando Buen Abad, fil\u00f3sofo, M\u00e9xico<\/strong><\/p>\n<p><strong>Ignacio Ramonet, periodista, Francia\/Espa\u00f1a<\/strong><\/p>\n<p><strong>Ernesto Villegas, Rep\u00fablica Bolivariana de Venezuela<\/strong><\/p>\n<p><strong>Hugo Moldiz, ex ministro, Bolivia<\/strong><\/p>\n<p><strong>Jaime Lorca, Fundaci\u00f3n Memoria y Futuro, Chile<\/strong><\/p>\n<p><strong>Xavier Lasso, periodista, Ecuador<\/strong><\/p>\n<p><strong>Katu Arkonada, Pa\u00eds Vasco\/Bolivia<\/strong><\/p>\n<p><strong>Jorge Lara Castro, ex canciller, Paraguay<\/strong><\/p>\n<p><strong>Hernando Calvo Ospina, cineasta, Colombia<\/strong><\/p>\n<p><strong>Esteban Silva, docente universitario, Chile<\/strong><\/p>\n<p><strong>Mar\u00eda Seoane, periodista, Argentina<\/strong><\/p>\n<p><strong>Mempo Giardinelli, escritor, Argentina<\/strong><\/p>\n<p><strong>Juan Eduardo Romero, diputado PSUV, Asamblea Nacional, Venezuela<\/strong><\/p>\n<p><strong>Alicia Entel, docente universitaria, Argentina<\/strong><\/p>\n<p><strong>Gilberto L\u00f3pez y Rivas, antrop\u00f3logo, M\u00e9xico<\/strong><\/p>\n<p><strong>Daniel Jadue, Alcalde de Recoleta, Chile<\/strong><\/p>\n<p><strong>Telma Luzzani, periodista, Argentina<\/strong><\/p>\n<p><strong>Florencia Saintout, presidenta, Instituto Cultural de la provincia de Buenos Aires, Argentina<\/strong><\/p>\n<p><strong>Ram\u00f3n Grossfogel, docente universitario, Puerto Rico<\/strong><\/p>\n<p><strong>Mario Giorgi, Radio UNDAV, Argentina<\/strong><\/p>\n<p><strong>Claudia V. Rocca, Rama Argentina de la Asociaci\u00f3n Americana de Juristas<\/strong><\/p>\n<p><strong>Mar\u00eda Fernanda Barretto, escritora colombo-venezolana\u00a0\u00a0<\/strong><\/p>\n<p><strong>Daniel de Santis, docente universitario, Argentina<\/strong><\/p>\n<p><strong>Jos\u00e9 Seoane, docente universitario, Argentina<\/strong><\/p>\n<p><strong>Paola Gallo Pel\u00e1ez, Co-presidenta del MOPASSOL, Argentina\u00a0<\/strong><\/p>\n<p><strong>Jorge Cantor, Argentina\u00a0<\/strong><\/p>\n<p><strong>Rodolfo Hamawi, docente universitario, Argentina<\/strong><\/p>\n<p><strong>Emilio Taddei, docente universitario, Argentina<\/strong><\/p>\n<p><strong>Julio Ferrer, periodista, Argentina<\/strong><\/p>\n<p><strong>Juan Ram\u00f3n Quintana Taborga, ex ministro, Bolivia<\/strong><\/p>\n<p><strong>Andrea V. Vlahusic, Co-presidenta del MOPASSOL, Argentina<\/strong><\/p>\n<p><strong>H\u00e9ctor Bernardo, periodista, Argentina<\/strong><\/p>\n<p><strong>Mar\u00eda Fernanda de la Quintana, periodista, Argentina<\/strong><\/p>\n<p><strong>Jorge Elbaum, docente universitario, Argentina<\/strong><\/p>\n<p><strong>Carlos L\u00f3pez L\u00f3pez, Parlamentario del Mercosur\u00a0<\/strong><\/p>\n<p><strong>Ana Mar\u00eda Ramb, escritora, Argentina<\/strong><\/p>\n<p><strong>Pamela D\u00e1vila, periodista, Ecuador<\/strong><\/p>\n<p><strong>Rafael Urrejola Ditborn, periodista, Chile<\/strong><\/p>\n<p><strong>Paula Klachko, docente universitaria, Coord. REDH\/Cap. Argentino\u00a0<\/strong><\/p>\n<p><strong>Henry Morales, Coord. Movimiento Tzuk Kim Pop, Guatemala<\/strong><\/p>\n<p><strong>Manuel Santos I\u00f1urrieta, dramaturgo, Argentina<\/strong><\/p>\n<p><strong>Carlos Bedoya, Coord. Latindadd, Per\u00fa<\/strong><\/p>\n<p><strong>Alexia Massholder, docente universitaria, Argentina<\/strong><\/p>\n<p><strong>Claudio Katz, economista, Argentina<\/strong><\/p>\n<p><strong>Marcelo Rodr\u00edguez, docente universitario, Argentina\u00a0<\/strong><\/p>\n<p><strong>Mario Alderete, Argentina<\/strong><\/p>\n<p><strong>Graciela Josevich, AUNA Argentina<\/strong><\/p>\n<p>&nbsp;<\/p>\n<p style=\"text-align: center;\"><span style=\"color: #ff0000;\"><strong>Para adherirse, env\u00eda tu mensaje a:\u00a0 \u00a0<u>cirorenuncia@gmail.com<\/u><\/strong><\/span><\/p>\n<p><strong>\u00a0<\/strong><\/p>\n<p><strong>\u00a0<\/strong><\/p>\n<p><strong>\u00a0<\/strong><\/p>\n","protected":false},"excerpt":{"rendered":"<p>Carta abierta a Ciro Gomes Lo que hay que hacer para frenar a Bolsonaro 20 de Septiembre, 2022 Querido compa\u00f1ero Ciro Gomes Los abajo firmantes somos militantes de la izquierda latinoamericana, profundamente antiimperialistas y comprometidos con la emancipaci\u00f3n de nuestros pueblos y la creaci\u00f3n de la Patria Grande. Somos tambi\u00e9n personas que amamos y admiramos<\/p>\n","protected":false},"author":2,"featured_media":11090,"comment_status":"open","ping_status":"open","sticky":false,"template":"","format":"standard","meta":{"_acf_changed":false,"_monsterinsights_skip_tracking":false,"_monsterinsights_sitenote_active":false,"_monsterinsights_sitenote_note":"","_monsterinsights_sitenote_category":0,"footnotes":""},"categories":[36],"tags":[],"class_list":["post-14209","post","type-post","status-publish","format-standard","has-post-thumbnail","hentry","category-internacional"],"acf":[],"yoast_head":"<!-- This site is optimized with the Yoast SEO plugin v27.4 - https:\/\/yoast.com\/product\/yoast-seo-wordpress\/ -->\n<title>Carta aberta a Ciro Gomes -<\/title>\n<meta name=\"robots\" content=\"index, follow, max-snippet:-1, max-image-preview:large, max-video-preview:-1\" \/>\n<link rel=\"canonical\" href=\"https:\/\/renatodias.online\/movimento\/2022\/09\/21\/carta-aberta-a-ciro-gomes\/\" \/>\n<meta property=\"og:locale\" content=\"pt_BR\" \/>\n<meta property=\"og:type\" content=\"article\" \/>\n<meta property=\"og:title\" content=\"Carta aberta a Ciro Gomes -\" \/>\n<meta property=\"og:description\" content=\"Carta abierta a Ciro Gomes Lo que hay que hacer para frenar a Bolsonaro 20 de Septiembre, 2022 Querido compa\u00f1ero Ciro Gomes Los abajo firmantes somos militantes de la izquierda latinoamericana, profundamente antiimperialistas y comprometidos con la emancipaci\u00f3n de nuestros pueblos y la creaci\u00f3n de la Patria Grande. Somos tambi\u00e9n personas que amamos y admiramos\" \/>\n<meta property=\"og:url\" content=\"https:\/\/renatodias.online\/movimento\/2022\/09\/21\/carta-aberta-a-ciro-gomes\/\" \/>\n<meta property=\"article:publisher\" content=\"https:\/\/www.facebook.com\/renato.dias.37\" \/>\n<meta property=\"article:author\" content=\"https:\/\/www.facebook.com\/renato.dias.37\" \/>\n<meta property=\"article:published_time\" content=\"2022-09-22T01:47:52+00:00\" \/>\n<meta property=\"og:image\" content=\"https:\/\/renatodias.online\/movimento\/wp-content\/uploads\/2022\/03\/Ciro-Gomes-1-e1663811223221.jpg\" \/>\n\t<meta property=\"og:image:width\" content=\"390\" \/>\n\t<meta property=\"og:image:height\" content=\"234\" \/>\n\t<meta property=\"og:image:type\" content=\"image\/jpeg\" \/>\n<meta name=\"author\" content=\"Renato Dias\" \/>\n<meta name=\"twitter:card\" content=\"summary_large_image\" \/>\n<meta name=\"twitter:creator\" content=\"@RenatoDiasBat\" \/>\n<meta name=\"twitter:site\" content=\"@RenatoDiasBat\" \/>\n<meta name=\"twitter:label1\" content=\"Escrito por\" \/>\n\t<meta name=\"twitter:data1\" content=\"Renato Dias\" \/>\n\t<meta name=\"twitter:label2\" content=\"Est. tempo de leitura\" \/>\n\t<meta name=\"twitter:data2\" content=\"6 minutos\" \/>\n<script type=\"application\/ld+json\" class=\"yoast-schema-graph\">{\"@context\":\"https:\\\/\\\/schema.org\",\"@graph\":[{\"@type\":\"Article\",\"@id\":\"https:\\\/\\\/renatodias.online\\\/movimento\\\/2022\\\/09\\\/21\\\/carta-aberta-a-ciro-gomes\\\/#article\",\"isPartOf\":{\"@id\":\"https:\\\/\\\/renatodias.online\\\/movimento\\\/2022\\\/09\\\/21\\\/carta-aberta-a-ciro-gomes\\\/\"},\"author\":{\"name\":\"Renato Dias\",\"@id\":\"https:\\\/\\\/renatodias.online\\\/movimento\\\/#\\\/schema\\\/person\\\/bbab28833b1725a20f4083f49f1fb2a9\"},\"headline\":\"Carta aberta a Ciro Gomes\",\"datePublished\":\"2022-09-22T01:47:52+00:00\",\"mainEntityOfPage\":{\"@id\":\"https:\\\/\\\/renatodias.online\\\/movimento\\\/2022\\\/09\\\/21\\\/carta-aberta-a-ciro-gomes\\\/\"},\"wordCount\":1154,\"commentCount\":0,\"publisher\":{\"@id\":\"https:\\\/\\\/renatodias.online\\\/movimento\\\/#\\\/schema\\\/person\\\/bbab28833b1725a20f4083f49f1fb2a9\"},\"image\":{\"@id\":\"https:\\\/\\\/renatodias.online\\\/movimento\\\/2022\\\/09\\\/21\\\/carta-aberta-a-ciro-gomes\\\/#primaryimage\"},\"thumbnailUrl\":\"https:\\\/\\\/renatodias.online\\\/movimento\\\/wp-content\\\/uploads\\\/2022\\\/03\\\/Ciro-Gomes-1-e1663811223221.jpg\",\"articleSection\":[\"Internacional\"],\"inLanguage\":\"pt-BR\",\"potentialAction\":[{\"@type\":\"CommentAction\",\"name\":\"Comment\",\"target\":[\"https:\\\/\\\/renatodias.online\\\/movimento\\\/2022\\\/09\\\/21\\\/carta-aberta-a-ciro-gomes\\\/#respond\"]}]},{\"@type\":\"WebPage\",\"@id\":\"https:\\\/\\\/renatodias.online\\\/movimento\\\/2022\\\/09\\\/21\\\/carta-aberta-a-ciro-gomes\\\/\",\"url\":\"https:\\\/\\\/renatodias.online\\\/movimento\\\/2022\\\/09\\\/21\\\/carta-aberta-a-ciro-gomes\\\/\",\"name\":\"Carta aberta a Ciro Gomes -\",\"isPartOf\":{\"@id\":\"https:\\\/\\\/renatodias.online\\\/movimento\\\/#website\"},\"primaryImageOfPage\":{\"@id\":\"https:\\\/\\\/renatodias.online\\\/movimento\\\/2022\\\/09\\\/21\\\/carta-aberta-a-ciro-gomes\\\/#primaryimage\"},\"image\":{\"@id\":\"https:\\\/\\\/renatodias.online\\\/movimento\\\/2022\\\/09\\\/21\\\/carta-aberta-a-ciro-gomes\\\/#primaryimage\"},\"thumbnailUrl\":\"https:\\\/\\\/renatodias.online\\\/movimento\\\/wp-content\\\/uploads\\\/2022\\\/03\\\/Ciro-Gomes-1-e1663811223221.jpg\",\"datePublished\":\"2022-09-22T01:47:52+00:00\",\"breadcrumb\":{\"@id\":\"https:\\\/\\\/renatodias.online\\\/movimento\\\/2022\\\/09\\\/21\\\/carta-aberta-a-ciro-gomes\\\/#breadcrumb\"},\"inLanguage\":\"pt-BR\",\"potentialAction\":[{\"@type\":\"ReadAction\",\"target\":[\"https:\\\/\\\/renatodias.online\\\/movimento\\\/2022\\\/09\\\/21\\\/carta-aberta-a-ciro-gomes\\\/\"]}]},{\"@type\":\"ImageObject\",\"inLanguage\":\"pt-BR\",\"@id\":\"https:\\\/\\\/renatodias.online\\\/movimento\\\/2022\\\/09\\\/21\\\/carta-aberta-a-ciro-gomes\\\/#primaryimage\",\"url\":\"https:\\\/\\\/renatodias.online\\\/movimento\\\/wp-content\\\/uploads\\\/2022\\\/03\\\/Ciro-Gomes-1-e1663811223221.jpg\",\"contentUrl\":\"https:\\\/\\\/renatodias.online\\\/movimento\\\/wp-content\\\/uploads\\\/2022\\\/03\\\/Ciro-Gomes-1-e1663811223221.jpg\",\"width\":390,\"height\":234,\"caption\":\"Ciro Gomes\"},{\"@type\":\"BreadcrumbList\",\"@id\":\"https:\\\/\\\/renatodias.online\\\/movimento\\\/2022\\\/09\\\/21\\\/carta-aberta-a-ciro-gomes\\\/#breadcrumb\",\"itemListElement\":[{\"@type\":\"ListItem\",\"position\":1,\"name\":\"In\u00edcio\",\"item\":\"https:\\\/\\\/renatodias.online\\\/movimento\\\/\"},{\"@type\":\"ListItem\",\"position\":2,\"name\":\"Carta aberta a Ciro Gomes\"}]},{\"@type\":\"WebSite\",\"@id\":\"https:\\\/\\\/renatodias.online\\\/movimento\\\/#website\",\"url\":\"https:\\\/\\\/renatodias.online\\\/movimento\\\/\",\"name\":\"\",\"description\":\"\",\"publisher\":{\"@id\":\"https:\\\/\\\/renatodias.online\\\/movimento\\\/#\\\/schema\\\/person\\\/bbab28833b1725a20f4083f49f1fb2a9\"},\"potentialAction\":[{\"@type\":\"SearchAction\",\"target\":{\"@type\":\"EntryPoint\",\"urlTemplate\":\"https:\\\/\\\/renatodias.online\\\/movimento\\\/?s={search_term_string}\"},\"query-input\":{\"@type\":\"PropertyValueSpecification\",\"valueRequired\":true,\"valueName\":\"search_term_string\"}}],\"inLanguage\":\"pt-BR\"},{\"@type\":[\"Person\",\"Organization\"],\"@id\":\"https:\\\/\\\/renatodias.online\\\/movimento\\\/#\\\/schema\\\/person\\\/bbab28833b1725a20f4083f49f1fb2a9\",\"name\":\"Renato Dias\",\"image\":{\"@type\":\"ImageObject\",\"inLanguage\":\"pt-BR\",\"@id\":\"https:\\\/\\\/renatodias.online\\\/movimento\\\/wp-content\\\/uploads\\\/2023\\\/03\\\/cropped-cropped-cropped-logofinal.jpeg\",\"url\":\"https:\\\/\\\/renatodias.online\\\/movimento\\\/wp-content\\\/uploads\\\/2023\\\/03\\\/cropped-cropped-cropped-logofinal.jpeg\",\"contentUrl\":\"https:\\\/\\\/renatodias.online\\\/movimento\\\/wp-content\\\/uploads\\\/2023\\\/03\\\/cropped-cropped-cropped-logofinal.jpeg\",\"width\":1280,\"height\":219,\"caption\":\"Renato Dias\"},\"logo\":{\"@id\":\"https:\\\/\\\/renatodias.online\\\/movimento\\\/wp-content\\\/uploads\\\/2023\\\/03\\\/cropped-cropped-cropped-logofinal.jpeg\"},\"description\":\"Renato Dias, 58 anos, \u00e9 graduado em Jornalismo, formado em Ci\u00eancias Sociais, com p\u00f3s-gradua\u00e7\u00e3o em Pol\u00edticas P\u00fablicas, mestre em Direito e Rela\u00e7\u00f5es Internacionais, ex-aluno extraordin\u00e1rio do Doutorado em Psicologia Social, ex-estudante do Curso de Psican\u00e1lise do Centro de Estudos Psicanal\u00edticos do Estado de Goi\u00e1s, ministrado pelo m\u00e9dico psiquiatra e psicanalista Daniel Em\u00eddio de Souza. \u00c9 autor de 30 livros-reportagem, oito document\u00e1rios, ganhou 30 pr\u00eamios e \u00e9 torcedor apaixonado do maior do Centro-Oeste, o Vila Nova Futebol Clube. Casado com Meirilane Dias, \u00e9 pai de Juliana Dias, jornalista; Daniel Dias, economista; e Maria Rosa Dias, estudante antifascista, socialista e trotskista.\u00a0Com tr\u00eas pets: Porquinho [Bull Dog Franc\u00eas], Dalila [Basset Hound] e Geleia [Basset Hound]. Al\u00e9m do eterno gato Tutuquinho, que virou estrela.\",\"sameAs\":[\"https:\\\/\\\/www.facebook.com\\\/renato.dias.37\",\"#breve\",\"https:\\\/\\\/renatodias.tumblr.com\\\/\"],\"url\":\"https:\\\/\\\/renatodias.online\\\/movimento\\\/author\\\/renatodias\\\/\"}]}<\/script>\n<!-- \/ Yoast SEO plugin. -->","yoast_head_json":{"title":"Carta aberta a Ciro Gomes -","robots":{"index":"index","follow":"follow","max-snippet":"max-snippet:-1","max-image-preview":"max-image-preview:large","max-video-preview":"max-video-preview:-1"},"canonical":"https:\/\/renatodias.online\/movimento\/2022\/09\/21\/carta-aberta-a-ciro-gomes\/","og_locale":"pt_BR","og_type":"article","og_title":"Carta aberta a Ciro Gomes -","og_description":"Carta abierta a Ciro Gomes Lo que hay que hacer para frenar a Bolsonaro 20 de Septiembre, 2022 Querido compa\u00f1ero Ciro Gomes Los abajo firmantes somos militantes de la izquierda latinoamericana, profundamente antiimperialistas y comprometidos con la emancipaci\u00f3n de nuestros pueblos y la creaci\u00f3n de la Patria Grande. Somos tambi\u00e9n personas que amamos y admiramos","og_url":"https:\/\/renatodias.online\/movimento\/2022\/09\/21\/carta-aberta-a-ciro-gomes\/","article_publisher":"https:\/\/www.facebook.com\/renato.dias.37","article_author":"https:\/\/www.facebook.com\/renato.dias.37","article_published_time":"2022-09-22T01:47:52+00:00","og_image":[{"width":390,"height":234,"url":"https:\/\/renatodias.online\/movimento\/wp-content\/uploads\/2022\/03\/Ciro-Gomes-1-e1663811223221.jpg","type":"image\/jpeg"}],"author":"Renato Dias","twitter_card":"summary_large_image","twitter_creator":"@RenatoDiasBat","twitter_site":"@RenatoDiasBat","twitter_misc":{"Escrito por":"Renato Dias","Est. tempo de leitura":"6 minutos"},"schema":{"@context":"https:\/\/schema.org","@graph":[{"@type":"Article","@id":"https:\/\/renatodias.online\/movimento\/2022\/09\/21\/carta-aberta-a-ciro-gomes\/#article","isPartOf":{"@id":"https:\/\/renatodias.online\/movimento\/2022\/09\/21\/carta-aberta-a-ciro-gomes\/"},"author":{"name":"Renato Dias","@id":"https:\/\/renatodias.online\/movimento\/#\/schema\/person\/bbab28833b1725a20f4083f49f1fb2a9"},"headline":"Carta aberta a Ciro Gomes","datePublished":"2022-09-22T01:47:52+00:00","mainEntityOfPage":{"@id":"https:\/\/renatodias.online\/movimento\/2022\/09\/21\/carta-aberta-a-ciro-gomes\/"},"wordCount":1154,"commentCount":0,"publisher":{"@id":"https:\/\/renatodias.online\/movimento\/#\/schema\/person\/bbab28833b1725a20f4083f49f1fb2a9"},"image":{"@id":"https:\/\/renatodias.online\/movimento\/2022\/09\/21\/carta-aberta-a-ciro-gomes\/#primaryimage"},"thumbnailUrl":"https:\/\/renatodias.online\/movimento\/wp-content\/uploads\/2022\/03\/Ciro-Gomes-1-e1663811223221.jpg","articleSection":["Internacional"],"inLanguage":"pt-BR","potentialAction":[{"@type":"CommentAction","name":"Comment","target":["https:\/\/renatodias.online\/movimento\/2022\/09\/21\/carta-aberta-a-ciro-gomes\/#respond"]}]},{"@type":"WebPage","@id":"https:\/\/renatodias.online\/movimento\/2022\/09\/21\/carta-aberta-a-ciro-gomes\/","url":"https:\/\/renatodias.online\/movimento\/2022\/09\/21\/carta-aberta-a-ciro-gomes\/","name":"Carta aberta a Ciro Gomes -","isPartOf":{"@id":"https:\/\/renatodias.online\/movimento\/#website"},"primaryImageOfPage":{"@id":"https:\/\/renatodias.online\/movimento\/2022\/09\/21\/carta-aberta-a-ciro-gomes\/#primaryimage"},"image":{"@id":"https:\/\/renatodias.online\/movimento\/2022\/09\/21\/carta-aberta-a-ciro-gomes\/#primaryimage"},"thumbnailUrl":"https:\/\/renatodias.online\/movimento\/wp-content\/uploads\/2022\/03\/Ciro-Gomes-1-e1663811223221.jpg","datePublished":"2022-09-22T01:47:52+00:00","breadcrumb":{"@id":"https:\/\/renatodias.online\/movimento\/2022\/09\/21\/carta-aberta-a-ciro-gomes\/#breadcrumb"},"inLanguage":"pt-BR","potentialAction":[{"@type":"ReadAction","target":["https:\/\/renatodias.online\/movimento\/2022\/09\/21\/carta-aberta-a-ciro-gomes\/"]}]},{"@type":"ImageObject","inLanguage":"pt-BR","@id":"https:\/\/renatodias.online\/movimento\/2022\/09\/21\/carta-aberta-a-ciro-gomes\/#primaryimage","url":"https:\/\/renatodias.online\/movimento\/wp-content\/uploads\/2022\/03\/Ciro-Gomes-1-e1663811223221.jpg","contentUrl":"https:\/\/renatodias.online\/movimento\/wp-content\/uploads\/2022\/03\/Ciro-Gomes-1-e1663811223221.jpg","width":390,"height":234,"caption":"Ciro Gomes"},{"@type":"BreadcrumbList","@id":"https:\/\/renatodias.online\/movimento\/2022\/09\/21\/carta-aberta-a-ciro-gomes\/#breadcrumb","itemListElement":[{"@type":"ListItem","position":1,"name":"In\u00edcio","item":"https:\/\/renatodias.online\/movimento\/"},{"@type":"ListItem","position":2,"name":"Carta aberta a Ciro Gomes"}]},{"@type":"WebSite","@id":"https:\/\/renatodias.online\/movimento\/#website","url":"https:\/\/renatodias.online\/movimento\/","name":"","description":"","publisher":{"@id":"https:\/\/renatodias.online\/movimento\/#\/schema\/person\/bbab28833b1725a20f4083f49f1fb2a9"},"potentialAction":[{"@type":"SearchAction","target":{"@type":"EntryPoint","urlTemplate":"https:\/\/renatodias.online\/movimento\/?s={search_term_string}"},"query-input":{"@type":"PropertyValueSpecification","valueRequired":true,"valueName":"search_term_string"}}],"inLanguage":"pt-BR"},{"@type":["Person","Organization"],"@id":"https:\/\/renatodias.online\/movimento\/#\/schema\/person\/bbab28833b1725a20f4083f49f1fb2a9","name":"Renato Dias","image":{"@type":"ImageObject","inLanguage":"pt-BR","@id":"https:\/\/renatodias.online\/movimento\/wp-content\/uploads\/2023\/03\/cropped-cropped-cropped-logofinal.jpeg","url":"https:\/\/renatodias.online\/movimento\/wp-content\/uploads\/2023\/03\/cropped-cropped-cropped-logofinal.jpeg","contentUrl":"https:\/\/renatodias.online\/movimento\/wp-content\/uploads\/2023\/03\/cropped-cropped-cropped-logofinal.jpeg","width":1280,"height":219,"caption":"Renato Dias"},"logo":{"@id":"https:\/\/renatodias.online\/movimento\/wp-content\/uploads\/2023\/03\/cropped-cropped-cropped-logofinal.jpeg"},"description":"Renato Dias, 58 anos, \u00e9 graduado em Jornalismo, formado em Ci\u00eancias Sociais, com p\u00f3s-gradua\u00e7\u00e3o em Pol\u00edticas P\u00fablicas, mestre em Direito e Rela\u00e7\u00f5es Internacionais, ex-aluno extraordin\u00e1rio do Doutorado em Psicologia Social, ex-estudante do Curso de Psican\u00e1lise do Centro de Estudos Psicanal\u00edticos do Estado de Goi\u00e1s, ministrado pelo m\u00e9dico psiquiatra e psicanalista Daniel Em\u00eddio de Souza. \u00c9 autor de 30 livros-reportagem, oito document\u00e1rios, ganhou 30 pr\u00eamios e \u00e9 torcedor apaixonado do maior do Centro-Oeste, o Vila Nova Futebol Clube. Casado com Meirilane Dias, \u00e9 pai de Juliana Dias, jornalista; Daniel Dias, economista; e Maria Rosa Dias, estudante antifascista, socialista e trotskista.\u00a0Com tr\u00eas pets: Porquinho [Bull Dog Franc\u00eas], Dalila [Basset Hound] e Geleia [Basset Hound]. Al\u00e9m do eterno gato Tutuquinho, que virou estrela.","sameAs":["https:\/\/www.facebook.com\/renato.dias.37","#breve","https:\/\/renatodias.tumblr.com\/"],"url":"https:\/\/renatodias.online\/movimento\/author\/renatodias\/"}]}},"_links":{"self":[{"href":"https:\/\/renatodias.online\/movimento\/wp-json\/wp\/v2\/posts\/14209","targetHints":{"allow":["GET"]}}],"collection":[{"href":"https:\/\/renatodias.online\/movimento\/wp-json\/wp\/v2\/posts"}],"about":[{"href":"https:\/\/renatodias.online\/movimento\/wp-json\/wp\/v2\/types\/post"}],"author":[{"embeddable":true,"href":"https:\/\/renatodias.online\/movimento\/wp-json\/wp\/v2\/users\/2"}],"replies":[{"embeddable":true,"href":"https:\/\/renatodias.online\/movimento\/wp-json\/wp\/v2\/comments?post=14209"}],"version-history":[{"count":1,"href":"https:\/\/renatodias.online\/movimento\/wp-json\/wp\/v2\/posts\/14209\/revisions"}],"predecessor-version":[{"id":14210,"href":"https:\/\/renatodias.online\/movimento\/wp-json\/wp\/v2\/posts\/14209\/revisions\/14210"}],"wp:featuredmedia":[{"embeddable":true,"href":"https:\/\/renatodias.online\/movimento\/wp-json\/wp\/v2\/media\/11090"}],"wp:attachment":[{"href":"https:\/\/renatodias.online\/movimento\/wp-json\/wp\/v2\/media?parent=14209"}],"wp:term":[{"taxonomy":"category","embeddable":true,"href":"https:\/\/renatodias.online\/movimento\/wp-json\/wp\/v2\/categories?post=14209"},{"taxonomy":"post_tag","embeddable":true,"href":"https:\/\/renatodias.online\/movimento\/wp-json\/wp\/v2\/tags?post=14209"}],"curies":[{"name":"wp","href":"https:\/\/api.w.org\/{rel}","templated":true}]}}