{"id":1413,"date":"2019-06-30T16:13:20","date_gmt":"2019-06-30T19:13:20","guid":{"rendered":"http:\/\/renatodias.online\/gyn\/?p=1413"},"modified":"2019-06-30T16:13:20","modified_gmt":"2019-06-30T19:13:20","slug":"luta-armada-adeus-a-revolucao-morre-clemente-o-ultimocomandante-militar-da-aln","status":"publish","type":"post","link":"https:\/\/renatodias.online\/movimento\/2019\/06\/30\/luta-armada-adeus-a-revolucao-morre-clemente-o-ultimocomandante-militar-da-aln\/","title":{"rendered":"Luta armada \u2013 Adeus \u00e0 revolu\u00e7\u00e3o? Morre Clemente, o \u00faltimocomandante militar da ALN"},"content":{"rendered":"<p>\t\t\t\t<strong>Luta armada \u2013<\/strong> <strong>Adeus \u00e0 revolu\u00e7\u00e3o?<\/strong><\/p>\n<p><strong>Morre Clemente, o \u00faltimo<\/strong><\/p>\n<p><strong>comandante militar da ALN<\/strong><\/p>\n<p><strong>Carlos Eug\u00eanio Sarmento Coelho da Paz deu o que chama de tiro de miseric\u00f3rdia no presi\u00adden\u00adte da Ultrag\u00e1s e financiador de torturas, Henning Albert Boilensen<\/strong><\/p>\n<p><strong>Revolucion\u00e1rio desde os 16 anos de idade, ainda secundarista, executou tamb\u00e9mo militante da organiza\u00e7\u00e3o, que queria deixar a guerrilha, M\u00e1rcio Leite de Toledo<\/strong><\/p>\n<p><strong>\u00a0<\/strong><\/p>\n<p><strong>\u00a0<\/strong><\/p>\n<p><strong>Registros para a Hist\u00f3ria<\/strong><\/p>\n<p><strong>\u00a0<\/strong><\/p>\n<p><strong>Renato Dias<\/strong><\/p>\n<p>O \u00faltimo tiro. De miseric\u00f3rdia. Depois da saraivada de balas. Contra o presidente da Ultrag\u00e1s, Henning Albert Boilesen. Um dinamarqu\u00eas radicado no Brasil que financiava a tortura a presos pol\u00edticos. Nos anos de chumbo &amp; de ouro. Quem apertou o gatilho? Ele: Carlos Eug\u00eanio Sarmento Coelho da Paz. O \u00faltimo comandante militar da ALN. A A\u00e7\u00e3o Libertadora Na\u00adcio\u00adnal. Uma organiza\u00e7\u00e3o de extrema-esquerda. Fundada pelo carbon\u00e1rio baiano, filho de um italiano de olhos azuis e de uma negra, neta de escravos, da etnia Hauss\u00e1, Carlos Marighella, que ado\u00adtou a estrat\u00e9gia de luta armada contra a ditadura civil e militar. Sob a inspira\u00e7\u00e3o na revo\u00adlu\u00e7\u00e3o de 1\u00ba de janeiro de 1959, em Cuba, e nas ideias de R\u00e9gis Debray, autor do seminal \u2018Revo\u00adlu\u00e7\u00e3o na Revolu\u00e7\u00e3o\u2019. Uma fagulha que incendiaria a seca pradaria. O ex-guerrilheiro morreu, dia 29 de junho de 2019, em Ribeir\u00e3o Preto, Estado de S\u00e3o Paulo. De c\u00e2ncer de garganta e com pro\u00adble\u00admas cardiovasculares. O corpo foi velado, dia 30, no Memorial Bom Pastor. \u00c0 Avenida das L\u00e1\u00adgrimas, n\u00famero 600, Sala 8, Ribeir\u00e3o Preto. A cerim\u00f4nia de crema\u00e7\u00e3o ocorreu \u00e0s 13h. Com 30 minutos de adeus ao revolucion\u00e1rio marxista. Local: Cremat\u00f3rio Ecol\u00f3gico, instalado \u00e0 Ro\u00addo\u00ad\u00advia C\u00e2ndido Portinari, Km 321, pr\u00f3ximo ao estabelecimento Clube Regatas. Nascido em Ma\u00adcei\u00f3, Alagoas, 23 de julho de 1950, morreu aos 69 anos de idade. Enterro sob forte como\u00e7\u00e3o.<\/p>\n<figure id=\"attachment_1415\" aria-describedby=\"caption-attachment-1415\" style=\"width: 752px\" class=\"wp-caption aligncenter\"><img loading=\"lazy\" decoding=\"async\" src=\"https:\/\/renatodias.online\/wp-content\/uploads\/2019\/06\/Henning-Albert-Boilesen.jpg\" alt=\"\" width=\"752\" height=\"286\" class=\"wp-image-1415 size-full\" \/><figcaption id=\"caption-attachment-1415\" class=\"wp-caption-text\">Henning Albert Boilesen<\/figcaption><\/figure>\n<p>A sua aventura revolucion\u00e1ria iniciou-se aos 16 anos de idade. Secundarista. No Col\u00e9gio Pedro II. Ano: 1966. Dois anos depois do golpe de Estado civil e militar de 1\u00ba e 2 de abril de 1964. Opera\u00e7\u00e3o civil [Fiesp, CNBB, OAB, ABI, PIB do Brasil], militar [Ex\u00e9rcito, Marinha, Aeron\u00e1utica, For\u00e7a P\u00fablica Militar], midi\u00e1tica [Conglomerados de comunica\u00e7\u00e3o, monop\u00f3lios de m\u00eddia], jur\u00eddica [STF], institucional [Congresso Nacional] e internacional, com a ativa participa\u00e7\u00e3o dos Estados Unidos, com Lyndon B. Johnson, \u00a0Inglaterra e Fran\u00e7a, que dep\u00f4s o presidente da Rep\u00fablica, Jo\u00e3o Belchior Marques Goulart. Latifundi\u00e1rio. Um ex-ministro do Trabalho de Get\u00falio Vargas, rotulado de \u2018O Pai dos Pobres\u2019. Apesar de ter decretado o Estado Novo. Longe de ser comunista, Jango, cunhado de Leonel Brizola, era, sim,\u00a0 um nacional-estatista. Mais: em sua vers\u00e3o trabalhista.\u00a0 Com ra\u00edzes em S\u00e3o Borja, Rio Grande do Sul. \u00a0\u2018Clemente\u2019 foi o \u2018codinome\u2019 de Carlos Eug\u00eanio Sarmento Coelho da Paz. Ele serviu o Ex\u00e9rcito Brasileiro [EB], hegem\u00f4nico nas For\u00e7as Armadas, no tradicional Forte de Copacabana. A sua ideia estrat\u00e9gica era receber treinamento militar e aprender as m\u00faltiplas opera\u00e7\u00f5es de contraguerrilha. Ex\u00edmio atirador, \u00a0chegou a ser condecorado na caserna. Carlos Marighella morre em 4 de novembro de 1969. Joaquim C\u00e2mara Ferreira, \u2018Toledo\u2019, \u2018Velho\u2019, \u00e9 assassinado no dia 23 de outubro: 1970.<\/p>\n<p><img loading=\"lazy\" decoding=\"async\" src=\"https:\/\/renatodias.online\/wp-content\/uploads\/2019\/06\/Coquetel-molotov-1-225x300.png\" alt=\"\" width=\"225\" height=\"300\" class=\"alignnone size-medium wp-image-1416\" \/><\/p>\n<p><strong>A captura do general<\/strong><\/p>\n<p>O revolucion\u00e1rio tentou capturar, ato revolucion\u00e1rio, o que n\u00e3o \u00e9 sin\u00f4nimo de sequestro, que se trata de um \u2018crime comum\u2019, como conceitua o historiador e escritor gauche renovado Da\u00adniel Aar\u00e3o Reis Filho, doutor em Hist\u00f3ria Contempor\u00e2nea, da Universidade Federal Fluminense [UFF], o comandante do II Ex\u00e9rcito, general Humberto de Souza Mello. A opera\u00e7\u00e3o acabou sem captura, presos, mortos ou feridos. Os guerrilheiros cercaram o oficial e a sua fam\u00edlia. Com armas nas m\u00e3os. De grosso calibre. Em uma igreja na Vila Mariana. Em S\u00e3o Paulo, ca\u00adpital. Agentes da repress\u00e3o pol\u00edtica e militar cercaram, em seguida, os revolucion\u00e1rios. O militar, com sangue frio, sugeriu a retirada de todos. Para evitar um mortic\u00ednio. O que ocorreu. O que mancha a sua biografia pol\u00edtica seria a execu\u00e7\u00e3o, o que ele classificaria como \u2018justi\u00e7a\u00admen\u00adto revolucion\u00e1rio\u2019, de M\u00e1rcio Leite de Toledo, militante da ALN, que decidira depor as armas, em autocr\u00edtica da guerrilha urbana. Ao lado de Paulo de Tarso Celestino, advogado gra\u00adduado na UNB, com treinamento em Cuba, nascido em Goi\u00e1s, filho do ex-presidente do TCE Pedro Celestino, e de Zuleika Celestino, e de mais quatro ativistas e defensores do \u2018minimanual do guerrilheiro urbano\u2019, formulado por Carlos Marighella, matou o companheiro. Triste dia 23 de mar\u00e7o de 1971. \u00c0 Rua Ca\u00e7apava, n\u00famero 45, em S\u00e3o Paulo. Palco da guerrilha urbana no Pa\u00eds.<\/p>\n<figure id=\"attachment_1417\" aria-describedby=\"caption-attachment-1417\" style=\"width: 600px\" class=\"wp-caption aligncenter\"><img loading=\"lazy\" decoding=\"async\" src=\"https:\/\/renatodias.online\/wp-content\/uploads\/2019\/06\/Carlos-Marighella-Clemente.jpg\" alt=\"\" width=\"600\" height=\"286\" class=\"wp-image-1417 size-full\" \/><figcaption id=\"caption-attachment-1417\" class=\"wp-caption-text\">Carlos Marighella<\/figcaption><\/figure>\n<p>Como a revolu\u00e7\u00e3o faltou ao encontro, no Brasil, um Pa\u00eds de dimens\u00f5es continentais, Carlos Eug\u00eanio Sarmento Coelho da Paz fugiu para o Chile, depois para a Europa e rejeitou projetos revolucion\u00e1rios. Como o de Arnaldo Ochoa, cubano.\u00a0 A sua m\u00e3e Maria da Concei\u00e7\u00e3o foi presa e torturada. Com a anistia, retornou ao Brasil. A Comiss\u00e3o de Anistia do Minist\u00e9rio da Justi\u00e7a o anistiou. No ano de 2010. O relator do seu caso \u00e9 Egmar Jos\u00e9 de Oliveira, de Goi\u00e1s, advogado e ex-vice-presidente da inst\u00e2ncia. Uma das medidas da tardia e incompleta Justi\u00e7a de Transi\u00e7\u00e3o, no Brasil. Bem distante dos modelos adotados na Argentina e no Chile, Cone Sul; de Portugal, It\u00e1lia, Gr\u00e9cia, Europa, Velho Mundo; al\u00e9m da \u00c1frica do Sul, com Nelson Mandela, preso pol\u00edtico durante 27 anos do Apartheid, regime de segrega\u00e7\u00e3o racial. Autor dos livros Viagem \u00e0 Luta Armada [1996], Editora Civiliza\u00e7\u00e3o Brasileira, e Nas Trilhas da ALN [1997], Editora Record. A sua companheira Ana Maria Nacinovic Correia foi executada extrajudicialmente. A sangue frio. M\u00fasico, ele casou-se com Maria Claudia Badan Ribeiro, doutora, autor de livro sobre a participa\u00e7\u00e3o das mulheres na ALN e na luta armada no Brasil contra os civis e militares no poder. Uma noite que durou 21 anos, como apontam Fl\u00e1vio Tavares e Camilo Tavares. O filme document\u00e1rio \u2018Codinome Clemente\u2019, de Isa Albuquerque, foi exibido no Festival de Cinema Brasileiro de Paris, Fran\u00e7a, Europa, em 2019. A produ\u00e7\u00e3o cinematogr\u00e1fica \u00e9 in\u00e9dita no Brasil.<\/p>\n<figure id=\"attachment_1418\" aria-describedby=\"caption-attachment-1418\" style=\"width: 640px\" class=\"wp-caption aligncenter\"><img loading=\"lazy\" decoding=\"async\" src=\"https:\/\/renatodias.online\/wp-content\/uploads\/2019\/06\/Carlos-Eug\u00eanio-Sarmento-Coelho-da-Paz.jpg\" alt=\"\" width=\"640\" height=\"424\" class=\"wp-image-1418 size-full\" \/><figcaption id=\"caption-attachment-1418\" class=\"wp-caption-text\">Henning Albert Boilesen<\/figcaption><\/figure>\n","protected":false},"excerpt":{"rendered":"<p>Luta armada \u2013 Adeus \u00e0 revolu\u00e7\u00e3o? Morre Clemente, o \u00faltimo comandante militar da ALN Carlos Eug\u00eanio Sarmento Coelho da Paz deu o que chama de tiro de miseric\u00f3rdia no presi\u00adden\u00adte da Ultrag\u00e1s e financiador de torturas, Henning Albert Boilensen Revolucion\u00e1rio desde os 16 anos de idade, ainda secundarista, executou tamb\u00e9mo militante da organiza\u00e7\u00e3o, que queria<\/p>\n","protected":false},"author":2,"featured_media":1414,"comment_status":"open","ping_status":"open","sticky":false,"template":"","format":"standard","meta":{"_acf_changed":false,"_monsterinsights_skip_tracking":false,"_monsterinsights_sitenote_active":false,"_monsterinsights_sitenote_note":"","_monsterinsights_sitenote_category":0,"footnotes":""},"categories":[4],"tags":[],"class_list":["post-1413","post","type-post","status-publish","format-standard","has-post-thumbnail","hentry","category-politica"],"acf":[],"yoast_head":"<!-- This site is optimized with the Yoast SEO plugin v27.4 - https:\/\/yoast.com\/product\/yoast-seo-wordpress\/ -->\n<title>Luta armada \u2013 Adeus \u00e0 revolu\u00e7\u00e3o? Morre Clemente, o \u00faltimocomandante militar da ALN -<\/title>\n<meta name=\"robots\" content=\"index, follow, max-snippet:-1, max-image-preview:large, max-video-preview:-1\" \/>\n<link rel=\"canonical\" href=\"https:\/\/renatodias.online\/movimento\/2019\/06\/30\/luta-armada-adeus-a-revolucao-morre-clemente-o-ultimocomandante-militar-da-aln\/\" \/>\n<meta property=\"og:locale\" content=\"pt_BR\" \/>\n<meta property=\"og:type\" content=\"article\" \/>\n<meta property=\"og:title\" content=\"Luta armada \u2013 Adeus \u00e0 revolu\u00e7\u00e3o? Morre Clemente, o \u00faltimocomandante militar da ALN -\" \/>\n<meta property=\"og:description\" content=\"Luta armada \u2013 Adeus \u00e0 revolu\u00e7\u00e3o? Morre Clemente, o \u00faltimo comandante militar da ALN Carlos Eug\u00eanio Sarmento Coelho da Paz deu o que chama de tiro de miseric\u00f3rdia no presi\u00adden\u00adte da Ultrag\u00e1s e financiador de torturas, Henning Albert Boilensen Revolucion\u00e1rio desde os 16 anos de idade, ainda secundarista, executou tamb\u00e9mo militante da organiza\u00e7\u00e3o, que queria\" \/>\n<meta property=\"og:url\" content=\"https:\/\/renatodias.online\/movimento\/2019\/06\/30\/luta-armada-adeus-a-revolucao-morre-clemente-o-ultimocomandante-militar-da-aln\/\" \/>\n<meta property=\"article:publisher\" content=\"https:\/\/www.facebook.com\/renato.dias.37\" \/>\n<meta property=\"article:author\" content=\"https:\/\/www.facebook.com\/renato.dias.37\" \/>\n<meta property=\"article:published_time\" content=\"2019-06-30T19:13:20+00:00\" \/>\n<meta name=\"author\" content=\"Renato Dias\" \/>\n<meta name=\"twitter:card\" content=\"summary_large_image\" \/>\n<meta name=\"twitter:creator\" content=\"@RenatoDiasBat\" \/>\n<meta name=\"twitter:site\" content=\"@RenatoDiasBat\" \/>\n<meta name=\"twitter:label1\" content=\"Escrito por\" \/>\n\t<meta name=\"twitter:data1\" content=\"Renato Dias\" \/>\n\t<meta name=\"twitter:label2\" content=\"Est. tempo de leitura\" \/>\n\t<meta name=\"twitter:data2\" content=\"5 minutos\" \/>\n<script type=\"application\/ld+json\" class=\"yoast-schema-graph\">{\"@context\":\"https:\\\/\\\/schema.org\",\"@graph\":[{\"@type\":\"Article\",\"@id\":\"https:\\\/\\\/renatodias.online\\\/movimento\\\/2019\\\/06\\\/30\\\/luta-armada-adeus-a-revolucao-morre-clemente-o-ultimocomandante-militar-da-aln\\\/#article\",\"isPartOf\":{\"@id\":\"https:\\\/\\\/renatodias.online\\\/movimento\\\/2019\\\/06\\\/30\\\/luta-armada-adeus-a-revolucao-morre-clemente-o-ultimocomandante-militar-da-aln\\\/\"},\"author\":{\"name\":\"Renato Dias\",\"@id\":\"https:\\\/\\\/renatodias.online\\\/movimento\\\/#\\\/schema\\\/person\\\/bbab28833b1725a20f4083f49f1fb2a9\"},\"headline\":\"Luta armada \u2013 Adeus \u00e0 revolu\u00e7\u00e3o? Morre Clemente, o \u00faltimocomandante militar da ALN\",\"datePublished\":\"2019-06-30T19:13:20+00:00\",\"mainEntityOfPage\":{\"@id\":\"https:\\\/\\\/renatodias.online\\\/movimento\\\/2019\\\/06\\\/30\\\/luta-armada-adeus-a-revolucao-morre-clemente-o-ultimocomandante-militar-da-aln\\\/\"},\"wordCount\":1101,\"commentCount\":0,\"publisher\":{\"@id\":\"https:\\\/\\\/renatodias.online\\\/movimento\\\/#\\\/schema\\\/person\\\/bbab28833b1725a20f4083f49f1fb2a9\"},\"image\":{\"@id\":\"https:\\\/\\\/renatodias.online\\\/movimento\\\/2019\\\/06\\\/30\\\/luta-armada-adeus-a-revolucao-morre-clemente-o-ultimocomandante-militar-da-aln\\\/#primaryimage\"},\"thumbnailUrl\":\"\",\"articleSection\":[\"Pol\u00edtica\"],\"inLanguage\":\"pt-BR\",\"potentialAction\":[{\"@type\":\"CommentAction\",\"name\":\"Comment\",\"target\":[\"https:\\\/\\\/renatodias.online\\\/movimento\\\/2019\\\/06\\\/30\\\/luta-armada-adeus-a-revolucao-morre-clemente-o-ultimocomandante-militar-da-aln\\\/#respond\"]}]},{\"@type\":\"WebPage\",\"@id\":\"https:\\\/\\\/renatodias.online\\\/movimento\\\/2019\\\/06\\\/30\\\/luta-armada-adeus-a-revolucao-morre-clemente-o-ultimocomandante-militar-da-aln\\\/\",\"url\":\"https:\\\/\\\/renatodias.online\\\/movimento\\\/2019\\\/06\\\/30\\\/luta-armada-adeus-a-revolucao-morre-clemente-o-ultimocomandante-militar-da-aln\\\/\",\"name\":\"Luta armada \u2013 Adeus \u00e0 revolu\u00e7\u00e3o? Morre Clemente, o \u00faltimocomandante militar da ALN -\",\"isPartOf\":{\"@id\":\"https:\\\/\\\/renatodias.online\\\/movimento\\\/#website\"},\"primaryImageOfPage\":{\"@id\":\"https:\\\/\\\/renatodias.online\\\/movimento\\\/2019\\\/06\\\/30\\\/luta-armada-adeus-a-revolucao-morre-clemente-o-ultimocomandante-militar-da-aln\\\/#primaryimage\"},\"image\":{\"@id\":\"https:\\\/\\\/renatodias.online\\\/movimento\\\/2019\\\/06\\\/30\\\/luta-armada-adeus-a-revolucao-morre-clemente-o-ultimocomandante-militar-da-aln\\\/#primaryimage\"},\"thumbnailUrl\":\"\",\"datePublished\":\"2019-06-30T19:13:20+00:00\",\"breadcrumb\":{\"@id\":\"https:\\\/\\\/renatodias.online\\\/movimento\\\/2019\\\/06\\\/30\\\/luta-armada-adeus-a-revolucao-morre-clemente-o-ultimocomandante-militar-da-aln\\\/#breadcrumb\"},\"inLanguage\":\"pt-BR\",\"potentialAction\":[{\"@type\":\"ReadAction\",\"target\":[\"https:\\\/\\\/renatodias.online\\\/movimento\\\/2019\\\/06\\\/30\\\/luta-armada-adeus-a-revolucao-morre-clemente-o-ultimocomandante-militar-da-aln\\\/\"]}]},{\"@type\":\"ImageObject\",\"inLanguage\":\"pt-BR\",\"@id\":\"https:\\\/\\\/renatodias.online\\\/movimento\\\/2019\\\/06\\\/30\\\/luta-armada-adeus-a-revolucao-morre-clemente-o-ultimocomandante-militar-da-aln\\\/#primaryimage\",\"url\":\"\",\"contentUrl\":\"\"},{\"@type\":\"BreadcrumbList\",\"@id\":\"https:\\\/\\\/renatodias.online\\\/movimento\\\/2019\\\/06\\\/30\\\/luta-armada-adeus-a-revolucao-morre-clemente-o-ultimocomandante-militar-da-aln\\\/#breadcrumb\",\"itemListElement\":[{\"@type\":\"ListItem\",\"position\":1,\"name\":\"In\u00edcio\",\"item\":\"https:\\\/\\\/renatodias.online\\\/movimento\\\/\"},{\"@type\":\"ListItem\",\"position\":2,\"name\":\"Luta armada \u2013 Adeus \u00e0 revolu\u00e7\u00e3o? Morre Clemente, o \u00faltimocomandante militar da ALN\"}]},{\"@type\":\"WebSite\",\"@id\":\"https:\\\/\\\/renatodias.online\\\/movimento\\\/#website\",\"url\":\"https:\\\/\\\/renatodias.online\\\/movimento\\\/\",\"name\":\"\",\"description\":\"\",\"publisher\":{\"@id\":\"https:\\\/\\\/renatodias.online\\\/movimento\\\/#\\\/schema\\\/person\\\/bbab28833b1725a20f4083f49f1fb2a9\"},\"potentialAction\":[{\"@type\":\"SearchAction\",\"target\":{\"@type\":\"EntryPoint\",\"urlTemplate\":\"https:\\\/\\\/renatodias.online\\\/movimento\\\/?s={search_term_string}\"},\"query-input\":{\"@type\":\"PropertyValueSpecification\",\"valueRequired\":true,\"valueName\":\"search_term_string\"}}],\"inLanguage\":\"pt-BR\"},{\"@type\":[\"Person\",\"Organization\"],\"@id\":\"https:\\\/\\\/renatodias.online\\\/movimento\\\/#\\\/schema\\\/person\\\/bbab28833b1725a20f4083f49f1fb2a9\",\"name\":\"Renato Dias\",\"image\":{\"@type\":\"ImageObject\",\"inLanguage\":\"pt-BR\",\"@id\":\"https:\\\/\\\/renatodias.online\\\/movimento\\\/wp-content\\\/uploads\\\/2023\\\/03\\\/cropped-cropped-cropped-logofinal.jpeg\",\"url\":\"https:\\\/\\\/renatodias.online\\\/movimento\\\/wp-content\\\/uploads\\\/2023\\\/03\\\/cropped-cropped-cropped-logofinal.jpeg\",\"contentUrl\":\"https:\\\/\\\/renatodias.online\\\/movimento\\\/wp-content\\\/uploads\\\/2023\\\/03\\\/cropped-cropped-cropped-logofinal.jpeg\",\"width\":1280,\"height\":219,\"caption\":\"Renato Dias\"},\"logo\":{\"@id\":\"https:\\\/\\\/renatodias.online\\\/movimento\\\/wp-content\\\/uploads\\\/2023\\\/03\\\/cropped-cropped-cropped-logofinal.jpeg\"},\"description\":\"Renato Dias, 58 anos, \u00e9 graduado em Jornalismo, formado em Ci\u00eancias Sociais, com p\u00f3s-gradua\u00e7\u00e3o em Pol\u00edticas P\u00fablicas, mestre em Direito e Rela\u00e7\u00f5es Internacionais, ex-aluno extraordin\u00e1rio do Doutorado em Psicologia Social, ex-estudante do Curso de Psican\u00e1lise do Centro de Estudos Psicanal\u00edticos do Estado de Goi\u00e1s, ministrado pelo m\u00e9dico psiquiatra e psicanalista Daniel Em\u00eddio de Souza. \u00c9 autor de 30 livros-reportagem, oito document\u00e1rios, ganhou 30 pr\u00eamios e \u00e9 torcedor apaixonado do maior do Centro-Oeste, o Vila Nova Futebol Clube. Casado com Meirilane Dias, \u00e9 pai de Juliana Dias, jornalista; Daniel Dias, economista; e Maria Rosa Dias, estudante antifascista, socialista e trotskista.\u00a0Com tr\u00eas pets: Porquinho [Bull Dog Franc\u00eas], Dalila [Basset Hound] e Geleia [Basset Hound]. Al\u00e9m do eterno gato Tutuquinho, que virou estrela.\",\"sameAs\":[\"https:\\\/\\\/www.facebook.com\\\/renato.dias.37\",\"#breve\",\"https:\\\/\\\/renatodias.tumblr.com\\\/\"],\"url\":\"https:\\\/\\\/renatodias.online\\\/movimento\\\/author\\\/renatodias\\\/\"}]}<\/script>\n<!-- \/ Yoast SEO plugin. -->","yoast_head_json":{"title":"Luta armada \u2013 Adeus \u00e0 revolu\u00e7\u00e3o? Morre Clemente, o \u00faltimocomandante militar da ALN -","robots":{"index":"index","follow":"follow","max-snippet":"max-snippet:-1","max-image-preview":"max-image-preview:large","max-video-preview":"max-video-preview:-1"},"canonical":"https:\/\/renatodias.online\/movimento\/2019\/06\/30\/luta-armada-adeus-a-revolucao-morre-clemente-o-ultimocomandante-militar-da-aln\/","og_locale":"pt_BR","og_type":"article","og_title":"Luta armada \u2013 Adeus \u00e0 revolu\u00e7\u00e3o? Morre Clemente, o \u00faltimocomandante militar da ALN -","og_description":"Luta armada \u2013 Adeus \u00e0 revolu\u00e7\u00e3o? Morre Clemente, o \u00faltimo comandante militar da ALN Carlos Eug\u00eanio Sarmento Coelho da Paz deu o que chama de tiro de miseric\u00f3rdia no presi\u00adden\u00adte da Ultrag\u00e1s e financiador de torturas, Henning Albert Boilensen Revolucion\u00e1rio desde os 16 anos de idade, ainda secundarista, executou tamb\u00e9mo militante da organiza\u00e7\u00e3o, que queria","og_url":"https:\/\/renatodias.online\/movimento\/2019\/06\/30\/luta-armada-adeus-a-revolucao-morre-clemente-o-ultimocomandante-militar-da-aln\/","article_publisher":"https:\/\/www.facebook.com\/renato.dias.37","article_author":"https:\/\/www.facebook.com\/renato.dias.37","article_published_time":"2019-06-30T19:13:20+00:00","author":"Renato Dias","twitter_card":"summary_large_image","twitter_creator":"@RenatoDiasBat","twitter_site":"@RenatoDiasBat","twitter_misc":{"Escrito por":"Renato Dias","Est. tempo de leitura":"5 minutos"},"schema":{"@context":"https:\/\/schema.org","@graph":[{"@type":"Article","@id":"https:\/\/renatodias.online\/movimento\/2019\/06\/30\/luta-armada-adeus-a-revolucao-morre-clemente-o-ultimocomandante-militar-da-aln\/#article","isPartOf":{"@id":"https:\/\/renatodias.online\/movimento\/2019\/06\/30\/luta-armada-adeus-a-revolucao-morre-clemente-o-ultimocomandante-militar-da-aln\/"},"author":{"name":"Renato Dias","@id":"https:\/\/renatodias.online\/movimento\/#\/schema\/person\/bbab28833b1725a20f4083f49f1fb2a9"},"headline":"Luta armada \u2013 Adeus \u00e0 revolu\u00e7\u00e3o? Morre Clemente, o \u00faltimocomandante militar da ALN","datePublished":"2019-06-30T19:13:20+00:00","mainEntityOfPage":{"@id":"https:\/\/renatodias.online\/movimento\/2019\/06\/30\/luta-armada-adeus-a-revolucao-morre-clemente-o-ultimocomandante-militar-da-aln\/"},"wordCount":1101,"commentCount":0,"publisher":{"@id":"https:\/\/renatodias.online\/movimento\/#\/schema\/person\/bbab28833b1725a20f4083f49f1fb2a9"},"image":{"@id":"https:\/\/renatodias.online\/movimento\/2019\/06\/30\/luta-armada-adeus-a-revolucao-morre-clemente-o-ultimocomandante-militar-da-aln\/#primaryimage"},"thumbnailUrl":"","articleSection":["Pol\u00edtica"],"inLanguage":"pt-BR","potentialAction":[{"@type":"CommentAction","name":"Comment","target":["https:\/\/renatodias.online\/movimento\/2019\/06\/30\/luta-armada-adeus-a-revolucao-morre-clemente-o-ultimocomandante-militar-da-aln\/#respond"]}]},{"@type":"WebPage","@id":"https:\/\/renatodias.online\/movimento\/2019\/06\/30\/luta-armada-adeus-a-revolucao-morre-clemente-o-ultimocomandante-militar-da-aln\/","url":"https:\/\/renatodias.online\/movimento\/2019\/06\/30\/luta-armada-adeus-a-revolucao-morre-clemente-o-ultimocomandante-militar-da-aln\/","name":"Luta armada \u2013 Adeus \u00e0 revolu\u00e7\u00e3o? Morre Clemente, o \u00faltimocomandante militar da ALN -","isPartOf":{"@id":"https:\/\/renatodias.online\/movimento\/#website"},"primaryImageOfPage":{"@id":"https:\/\/renatodias.online\/movimento\/2019\/06\/30\/luta-armada-adeus-a-revolucao-morre-clemente-o-ultimocomandante-militar-da-aln\/#primaryimage"},"image":{"@id":"https:\/\/renatodias.online\/movimento\/2019\/06\/30\/luta-armada-adeus-a-revolucao-morre-clemente-o-ultimocomandante-militar-da-aln\/#primaryimage"},"thumbnailUrl":"","datePublished":"2019-06-30T19:13:20+00:00","breadcrumb":{"@id":"https:\/\/renatodias.online\/movimento\/2019\/06\/30\/luta-armada-adeus-a-revolucao-morre-clemente-o-ultimocomandante-militar-da-aln\/#breadcrumb"},"inLanguage":"pt-BR","potentialAction":[{"@type":"ReadAction","target":["https:\/\/renatodias.online\/movimento\/2019\/06\/30\/luta-armada-adeus-a-revolucao-morre-clemente-o-ultimocomandante-militar-da-aln\/"]}]},{"@type":"ImageObject","inLanguage":"pt-BR","@id":"https:\/\/renatodias.online\/movimento\/2019\/06\/30\/luta-armada-adeus-a-revolucao-morre-clemente-o-ultimocomandante-militar-da-aln\/#primaryimage","url":"","contentUrl":""},{"@type":"BreadcrumbList","@id":"https:\/\/renatodias.online\/movimento\/2019\/06\/30\/luta-armada-adeus-a-revolucao-morre-clemente-o-ultimocomandante-militar-da-aln\/#breadcrumb","itemListElement":[{"@type":"ListItem","position":1,"name":"In\u00edcio","item":"https:\/\/renatodias.online\/movimento\/"},{"@type":"ListItem","position":2,"name":"Luta armada \u2013 Adeus \u00e0 revolu\u00e7\u00e3o? Morre Clemente, o \u00faltimocomandante militar da ALN"}]},{"@type":"WebSite","@id":"https:\/\/renatodias.online\/movimento\/#website","url":"https:\/\/renatodias.online\/movimento\/","name":"","description":"","publisher":{"@id":"https:\/\/renatodias.online\/movimento\/#\/schema\/person\/bbab28833b1725a20f4083f49f1fb2a9"},"potentialAction":[{"@type":"SearchAction","target":{"@type":"EntryPoint","urlTemplate":"https:\/\/renatodias.online\/movimento\/?s={search_term_string}"},"query-input":{"@type":"PropertyValueSpecification","valueRequired":true,"valueName":"search_term_string"}}],"inLanguage":"pt-BR"},{"@type":["Person","Organization"],"@id":"https:\/\/renatodias.online\/movimento\/#\/schema\/person\/bbab28833b1725a20f4083f49f1fb2a9","name":"Renato Dias","image":{"@type":"ImageObject","inLanguage":"pt-BR","@id":"https:\/\/renatodias.online\/movimento\/wp-content\/uploads\/2023\/03\/cropped-cropped-cropped-logofinal.jpeg","url":"https:\/\/renatodias.online\/movimento\/wp-content\/uploads\/2023\/03\/cropped-cropped-cropped-logofinal.jpeg","contentUrl":"https:\/\/renatodias.online\/movimento\/wp-content\/uploads\/2023\/03\/cropped-cropped-cropped-logofinal.jpeg","width":1280,"height":219,"caption":"Renato Dias"},"logo":{"@id":"https:\/\/renatodias.online\/movimento\/wp-content\/uploads\/2023\/03\/cropped-cropped-cropped-logofinal.jpeg"},"description":"Renato Dias, 58 anos, \u00e9 graduado em Jornalismo, formado em Ci\u00eancias Sociais, com p\u00f3s-gradua\u00e7\u00e3o em Pol\u00edticas P\u00fablicas, mestre em Direito e Rela\u00e7\u00f5es Internacionais, ex-aluno extraordin\u00e1rio do Doutorado em Psicologia Social, ex-estudante do Curso de Psican\u00e1lise do Centro de Estudos Psicanal\u00edticos do Estado de Goi\u00e1s, ministrado pelo m\u00e9dico psiquiatra e psicanalista Daniel Em\u00eddio de Souza. \u00c9 autor de 30 livros-reportagem, oito document\u00e1rios, ganhou 30 pr\u00eamios e \u00e9 torcedor apaixonado do maior do Centro-Oeste, o Vila Nova Futebol Clube. Casado com Meirilane Dias, \u00e9 pai de Juliana Dias, jornalista; Daniel Dias, economista; e Maria Rosa Dias, estudante antifascista, socialista e trotskista.\u00a0Com tr\u00eas pets: Porquinho [Bull Dog Franc\u00eas], Dalila [Basset Hound] e Geleia [Basset Hound]. Al\u00e9m do eterno gato Tutuquinho, que virou estrela.","sameAs":["https:\/\/www.facebook.com\/renato.dias.37","#breve","https:\/\/renatodias.tumblr.com\/"],"url":"https:\/\/renatodias.online\/movimento\/author\/renatodias\/"}]}},"_links":{"self":[{"href":"https:\/\/renatodias.online\/movimento\/wp-json\/wp\/v2\/posts\/1413","targetHints":{"allow":["GET"]}}],"collection":[{"href":"https:\/\/renatodias.online\/movimento\/wp-json\/wp\/v2\/posts"}],"about":[{"href":"https:\/\/renatodias.online\/movimento\/wp-json\/wp\/v2\/types\/post"}],"author":[{"embeddable":true,"href":"https:\/\/renatodias.online\/movimento\/wp-json\/wp\/v2\/users\/2"}],"replies":[{"embeddable":true,"href":"https:\/\/renatodias.online\/movimento\/wp-json\/wp\/v2\/comments?post=1413"}],"version-history":[{"count":0,"href":"https:\/\/renatodias.online\/movimento\/wp-json\/wp\/v2\/posts\/1413\/revisions"}],"wp:featuredmedia":[{"embeddable":true,"href":"https:\/\/renatodias.online\/movimento\/wp-json\/"}],"wp:attachment":[{"href":"https:\/\/renatodias.online\/movimento\/wp-json\/wp\/v2\/media?parent=1413"}],"wp:term":[{"taxonomy":"category","embeddable":true,"href":"https:\/\/renatodias.online\/movimento\/wp-json\/wp\/v2\/categories?post=1413"},{"taxonomy":"post_tag","embeddable":true,"href":"https:\/\/renatodias.online\/movimento\/wp-json\/wp\/v2\/tags?post=1413"}],"curies":[{"name":"wp","href":"https:\/\/api.w.org\/{rel}","templated":true}]}}