{"id":14086,"date":"2022-09-12T11:18:06","date_gmt":"2022-09-12T14:18:06","guid":{"rendered":"https:\/\/renatodias.online\/movimento\/?p=14086"},"modified":"2022-09-12T11:19:04","modified_gmt":"2022-09-12T14:19:04","slug":"reta-final-marconi-pisa-no-acelerador","status":"publish","type":"post","link":"https:\/\/renatodias.online\/movimento\/2022\/09\/12\/reta-final-marconi-pisa-no-acelerador\/","title":{"rendered":"Reta final: Marconi pisa no acelerador"},"content":{"rendered":"<p><figure id=\"attachment_13833\" aria-describedby=\"caption-attachment-13833\" style=\"width: 860px\" class=\"wp-caption alignnone\"><img loading=\"lazy\" decoding=\"async\" class=\"wp-image-13833 size-full\" src=\"https:\/\/renatodias.online\/movimento\/wp-content\/uploads\/2022\/08\/Senado.jpg\" alt=\"\" width=\"860\" height=\"570\" \/><figcaption id=\"caption-attachment-13833\" class=\"wp-caption-text\"><span style=\"color: #808000;\"><strong>O Senado da Rep\u00fablica, em Bras\u00edlia [DF]<\/strong><\/span><\/figcaption><\/figure><strong><img loading=\"lazy\" decoding=\"async\" class=\"size-medium wp-image-5007 aligncenter\" src=\"https:\/\/renatodias.online\/movimento\/wp-content\/uploads\/2021\/01\/Alto-da-p\u00e1gina-Banner-Exclusivo-300x91.png\" alt=\"\" width=\"300\" height=\"91\" \/><\/strong><\/p>\n<h1 style=\"text-align: center;\"><span style=\"color: #0000ff;\"><strong>A 20 dias das elei\u00e7\u00f5es<\/strong><\/span><\/h1>\n<h1 style=\"text-align: center;\"><span style=\"color: #ff9900;\"><strong>Tucano lidera a disputa ao Senado<\/strong><\/span><\/h1>\n<figure id=\"attachment_14090\" aria-describedby=\"caption-attachment-14090\" style=\"width: 852px\" class=\"wp-caption alignnone\"><img loading=\"lazy\" decoding=\"async\" class=\"wp-image-14090 size-full\" src=\"https:\/\/renatodias.online\/movimento\/wp-content\/uploads\/2022\/09\/Marconi-Perillo-reta-final-link.jpg\" alt=\"\" width=\"852\" height=\"1280\" srcset=\"https:\/\/renatodias.online\/movimento\/wp-content\/uploads\/2022\/09\/Marconi-Perillo-reta-final-link.jpg 852w, https:\/\/renatodias.online\/movimento\/wp-content\/uploads\/2022\/09\/Marconi-Perillo-reta-final-link-200x300.jpg 200w, https:\/\/renatodias.online\/movimento\/wp-content\/uploads\/2022\/09\/Marconi-Perillo-reta-final-link-682x1024.jpg 682w, https:\/\/renatodias.online\/movimento\/wp-content\/uploads\/2022\/09\/Marconi-Perillo-reta-final-link-768x1154.jpg 768w, https:\/\/renatodias.online\/movimento\/wp-content\/uploads\/2022\/09\/Marconi-Perillo-reta-final-link-750x1127.jpg 750w\" sizes=\"auto, (max-width: 852px) 100vw, 852px\" \/><figcaption id=\"caption-attachment-14090\" class=\"wp-caption-text\"><span style=\"color: #0000ff;\"><strong>Marconi Perillo na missa, em Trindade<\/strong><\/span><\/figcaption><\/figure>\n<p>O ex-governador e candidato ao Senado, Marconi Perillo recebeu o carinho e o apoio de eleitores de Aparecida de Goi\u00e2nia, em caminhada na Vila Bras\u00edlia. Acompanhado de vereadores, candidatos a deputado e lideran\u00e7as,\u00a0ele percorreu a Avenida Rud\u00e1, importante centro comercial da cidade, cumprimentando e conversando com comerciantes e popula\u00e7\u00e3o em geral.<\/p>\n<p>O tucano informa que vem sendo\u00a0recebido &#8220;nas caminhadas, nas reuni\u00f5es, de uma forma muito carinhosa, por toda a popula\u00e7\u00e3o&#8221;. &#8220;Todo mundo se lembrando dos meus feitos como governador, das minhas realiza\u00e7\u00f5es, celebrando o meu trabalho como senador tamb\u00e9m&#8221;, afirmou. A receptividade calorosa ao candidato foi justificada, durante a caminhada na Vila Bras\u00edlia.<\/p>\n<p>&#8220;Sou Marconi, ele \u00e9 o melhor do estado de Goi\u00e1s. Ele \u00e9 quem fez, ele \u00e9 quem faz&#8221;, disse, entusiasmado, o comerciante Daniel Caetano, ap\u00f3s cumprimentar o candidato em sua loja. Tamb\u00e9m comerciante, Rildo Ant\u00f4nio Carrijo disse que ele e a sua fam\u00edlia j\u00e1 acompanham o trabalho do ex-governador h\u00e1 muito tempo. &#8220;Ele foi muito bom para Goi\u00e1s. J\u00e1 tem uma hist\u00f3ria&#8221;, afirmou. Jailton Alves de Oliveira, estudante de Medicina, fez quest\u00e3o de cumprimentar e tirar uma foto com Marconi.<\/p>\n<p>O presidente da C\u00e2mara Municipal de Aparecida,\u00a0Andr\u00e9 Fortaleza (MDB), coordenador da campanha do candidato no munic\u00edpio, foi um dos vereadores que acompanharam Marconi na caminhada. Ele\u00a0disse que a campanha corpo a corpo \u00e9 importante e revela a aceita\u00e7\u00e3o positiva da candidatura do ex-governador. &#8220;E ele j\u00e1 tem este perfil, de andar pr\u00f3ximo das pessoas&#8221;, diz. O vereador Get\u00falio Andrade (PV) afirma que a receptividade demonstrada durante a caminhada &#8220;n\u00e3o poderia ser diferente, porque Marconi j\u00e1 tem servi\u00e7o prestado&#8221;.<\/p>\n<p>J\u00e1 o vereador Leandro da Pamonharia (Agir) conta que Marconi \u00e9 experiente e sabe que &#8220;o povo quer isso, precisa disso, do contato corpo a corpo com o candidato&#8221;. O vereador de Goi\u00e2nia, \u00c1lvaro C\u00e1ssio (PRTB) afirmou estar animado com a campanha de Marconi. &#8220;Ele tem um legado. Onde ele chega \u00e9 muito bem recebido por toda a popula\u00e7\u00e3o, que est\u00e1 reconhecendo que Marconi \u00e9 o melhor para Goi\u00e1s&#8221;, afirmou.<\/p>\n<h1 style=\"text-align: center;\"><strong><img loading=\"lazy\" decoding=\"async\" class=\"size-medium wp-image-13781 aligncenter\" src=\"https:\/\/renatodias.online\/movimento\/wp-content\/uploads\/2022\/08\/Raio-X-especial-300x112.png\" alt=\"\" width=\"300\" height=\"112\" \/><\/strong><\/h1>\n<h1 style=\"text-align: center;\"><strong><img loading=\"lazy\" decoding=\"async\" class=\"size-medium wp-image-12933 aligncenter\" src=\"https:\/\/renatodias.online\/movimento\/wp-content\/uploads\/2022\/06\/Saiba-mais-300x103.png\" alt=\"\" width=\"300\" height=\"103\" srcset=\"https:\/\/renatodias.online\/movimento\/wp-content\/uploads\/2022\/06\/Saiba-mais-300x103.png 300w, https:\/\/renatodias.online\/movimento\/wp-content\/uploads\/2022\/06\/Saiba-mais.png 572w\" sizes=\"auto, (max-width: 300px) 100vw, 300px\" \/><\/strong><\/h1>\n<h1 style=\"text-align: center;\"><span style=\"color: #0000ff;\"><strong>Tucano no Sindicato dos M\u00fasicos<\/strong><\/span><\/h1>\n<figure id=\"attachment_14087\" aria-describedby=\"caption-attachment-14087\" style=\"width: 1280px\" class=\"wp-caption alignnone\"><img loading=\"lazy\" decoding=\"async\" class=\"wp-image-14087 size-full\" src=\"https:\/\/renatodias.online\/movimento\/wp-content\/uploads\/2022\/09\/Marconi-Perillo-e-os-musicos.jpg\" alt=\"\" width=\"1280\" height=\"853\" srcset=\"https:\/\/renatodias.online\/movimento\/wp-content\/uploads\/2022\/09\/Marconi-Perillo-e-os-musicos.jpg 1280w, https:\/\/renatodias.online\/movimento\/wp-content\/uploads\/2022\/09\/Marconi-Perillo-e-os-musicos-300x200.jpg 300w, https:\/\/renatodias.online\/movimento\/wp-content\/uploads\/2022\/09\/Marconi-Perillo-e-os-musicos-768x512.jpg 768w, https:\/\/renatodias.online\/movimento\/wp-content\/uploads\/2022\/09\/Marconi-Perillo-e-os-musicos-360x240.jpg 360w, https:\/\/renatodias.online\/movimento\/wp-content\/uploads\/2022\/09\/Marconi-Perillo-e-os-musicos-750x500.jpg 750w\" sizes=\"auto, (max-width: 1280px) 100vw, 1280px\" \/><figcaption id=\"caption-attachment-14087\" class=\"wp-caption-text\"><strong><span style=\"color: #0000ff;\">No Sindicato dos M\u00fasicos<\/span><\/strong><\/figcaption><\/figure>\n<h1 style=\"text-align: center;\"><span style=\"color: #ff9900;\"><strong>Foco nos setores art\u00edsticos e culturais<\/strong><\/span><\/h1>\n<p>O Sindicato dos M\u00fasicos Profissionais do Estado de Goi\u00e1s declarou apoio \u00e0 candidatura de Marconi Perillo (PSDB 456) ao Senado Federal. Uma carta, assinada pelo presidente da entidade, Moacir Brito Nascimento, mostra que o apoio foi consagrado. \u201cNesse momento que se avizinha o pleito para o Senado Federal reiteramos o nosso irrestrito apoio \u00e0 sua candidatura, com a certeza de plena vit\u00f3ria nas urnas, que trar\u00e1 melhores dias para o setor Art\u00edstico Cultural e demais segmentos da sociedade\u201d, diz a carta.<\/p>\n<p>O documento foi entregue ao candidato durante reuni\u00e3o no Sindicato dos Trabalhadores no Com\u00e9rcio de Min\u00e9rios e Derivados de Petr\u00f3leo do Estado de Goi\u00e1s (SINDIPETRO). \u201cFalo de cora\u00e7\u00e3o, que estamos, de maneira irrestrita, apoiando a candidatura de Marconi Perillo. Pessoa que sempre esteve junto com a cultura, com a arte e demais segmentos da sociedade goiana \u00e9 brasileira\u201d, afirmou Moacir ao entregar a carta de apoio para Marconi.<\/p>\n<h1 style=\"text-align: center;\"><strong><img loading=\"lazy\" decoding=\"async\" class=\"size-full wp-image-13832 aligncenter\" src=\"https:\/\/renatodias.online\/movimento\/wp-content\/uploads\/2022\/08\/Veja.jpg\" alt=\"\" width=\"300\" height=\"150\" \/><\/strong><\/h1>\n<h1 style=\"text-align: center;\"><span style=\"color: #808080;\"><strong>Giro na Cidade de Goi\u00e1s<\/strong><\/span><\/h1>\n<p style=\"text-align: center;\"><span style=\"color: #800080;\"><strong>\u201cGosto muito daqui e sempre busquei contribuir&#8221;, diz o tucano<\/strong><\/span><\/p>\n<p>O candidato a senador Marconi Perillo (PSDB) se encontrou com Aderson Gouvea (PT), prefeito da Cidade de Goi\u00e1s, tamb\u00e9m conhecida como Goi\u00e1s Velho, e lideran\u00e7as pol\u00edticas locais. &#8220;Marconi \u00e9 um amigo de Goi\u00e1s e tem sua marca aqui na cidade. E ele modernizou o estado, que era um antes dele e \u00e9 outro depois&#8221;, afirmou o prefeito.<\/p>\n<p>Aderson Gouveia lembrou de diversas a\u00e7\u00f5es do tucano, como os incentivos ao Festival Internacional de Cinema e V\u00eddeo Ambiental (Fica) e ao reconhecimento de Goi\u00e1s Velho como patrim\u00f4nio mundial da Organiza\u00e7\u00e3o das Na\u00e7\u00f5es Unidas para a Educa\u00e7\u00e3o, a Ci\u00eancia e a Cultura (Unesco).<\/p>\n<p>&#8220;Gosto muito daqui e sempre busquei contribuir, colocando a cidade no centro das discuss\u00f5es. N\u00e3o s\u00f3 trouxe obras f\u00edsicas, mas busquei cuidar do patrim\u00f4nio&#8221; afirmou Marconi.Caso seja eleito senador, o tucano prometeu contribuir ainda mais em diversos segmentos, especificamente na divulga\u00e7\u00e3o tur\u00edstica e na atra\u00e7\u00e3o de uma universidade.<\/p>\n<h1 style=\"text-align: center;\"><strong><img loading=\"lazy\" decoding=\"async\" class=\"size-medium wp-image-11445 aligncenter\" src=\"https:\/\/renatodias.online\/movimento\/wp-content\/uploads\/2022\/03\/Eleicoes-de-2022-300x169.jpeg\" alt=\"\" width=\"300\" height=\"169\" srcset=\"https:\/\/renatodias.online\/movimento\/wp-content\/uploads\/2022\/03\/Eleicoes-de-2022-300x169.jpeg 300w, https:\/\/renatodias.online\/movimento\/wp-content\/uploads\/2022\/03\/Eleicoes-de-2022.jpeg 639w\" sizes=\"auto, (max-width: 300px) 100vw, 300px\" \/><\/strong><\/h1>\n<h1 style=\"text-align: center;\"><span style=\"color: #008000;\"><strong>Ipor\u00e1 para em ato pluripartid\u00e1rio<\/strong><\/span><\/h1>\n<p style=\"text-align: center;\"><strong><span style=\"color: #3366ff;\">Firme com Marconi, afirma prefeito de Ipor\u00e1, Na\u00e7oitan Leite com suporte de sete vereador<\/span>es <\/strong><\/p>\n<p>O prefeito de Ipor\u00e1, Na\u00e7oitan Leite, confirmou apoio \u00e0 candidatura de Marconi Perillo (PSDB) ao Senado Federal. \u201cEstamos todo mundo firme nessa campanha com o Marconi\u201d, afirmou.\u00a0Na\u00e7oitan tamb\u00e9m confirmou o apoio de pelo menos sete vereadores do munic\u00edpio ao candidato tucano. S\u00e3o eles: Keilo Pereira Borges, Pirulito Mec\u00e2nico, Eder Rangel, Didi Coutinho, Roni Cardoso, Heb Keller e Frederico Big.<\/p>\n<p>Em v\u00eddeo que circula nas redes sociais, o prefeito agradece aos vereadores e reafirma a alian\u00e7a em prol da elei\u00e7\u00e3o de Marconi ao Senado. \u201cQuero agradecer a presen\u00e7a de vereadores da nossa base\u201d, disse. \u201cEstamos juntos. Obrigado pela presen\u00e7a de voc\u00eas e pelo apoio\u201d, disparou.<\/p>\n<h1 style=\"text-align: center;\"><strong><img loading=\"lazy\" decoding=\"async\" class=\"alignnone wp-image-12491 size-full\" src=\"https:\/\/renatodias.online\/movimento\/wp-content\/uploads\/2022\/05\/Lancamento-1.png\" alt=\"\" width=\"822\" height=\"168\" \/><\/strong><\/h1>\n<h1 style=\"text-align: center;\"><span style=\"color: #666699;\"><strong>De livro sobre Tia T\u00f3<\/strong><\/span><\/h1>\n<p style=\"text-align: center;\"><span style=\"color: #800000;\"><strong>Tucano \u00e9 um dos autores da obra e prestigiou o evento em frente ao Museu Casa de Cora Coralina<\/strong><\/span><\/p>\n<figure id=\"attachment_14089\" aria-describedby=\"caption-attachment-14089\" style=\"width: 1280px\" class=\"wp-caption alignnone\"><img loading=\"lazy\" decoding=\"async\" class=\"wp-image-14089 size-full\" src=\"https:\/\/renatodias.online\/movimento\/wp-content\/uploads\/2022\/09\/Marconi-Perillo-em-lancamento-de-livro.jpg\" alt=\"\" width=\"1280\" height=\"853\" srcset=\"https:\/\/renatodias.online\/movimento\/wp-content\/uploads\/2022\/09\/Marconi-Perillo-em-lancamento-de-livro.jpg 1280w, https:\/\/renatodias.online\/movimento\/wp-content\/uploads\/2022\/09\/Marconi-Perillo-em-lancamento-de-livro-300x200.jpg 300w, https:\/\/renatodias.online\/movimento\/wp-content\/uploads\/2022\/09\/Marconi-Perillo-em-lancamento-de-livro-768x512.jpg 768w, https:\/\/renatodias.online\/movimento\/wp-content\/uploads\/2022\/09\/Marconi-Perillo-em-lancamento-de-livro-360x240.jpg 360w, https:\/\/renatodias.online\/movimento\/wp-content\/uploads\/2022\/09\/Marconi-Perillo-em-lancamento-de-livro-750x500.jpg 750w\" sizes=\"auto, (max-width: 1280px) 100vw, 1280px\" \/><figcaption id=\"caption-attachment-14089\" class=\"wp-caption-text\"><span style=\"color: #0000ff;\"><strong>Marconi Perillo em lan\u00e7amento de livro<\/strong><\/span><\/figcaption><\/figure>\n<p>O candidato a senador Marconi Perillo (PSDB) participou, na Cidade de Goi\u00e1s, tamb\u00e9m conhecida como Goi\u00e1s Velho, do lan\u00e7amento do livro &#8220;Antolinda Baia Borges, Tia T\u00f3: Vida \u00e9 Obra&#8221;, em homenagem a uma das maiores defensoras da cultura do munic\u00edpio.<\/p>\n<p>&#8220;Sou f\u00e3 incondicional da Tia T\u00f3. N\u00f3s \u00e9ramos amigos queridos. Eu tive o orgulho, ao longo de tr\u00eas d\u00e9cadas, de conviver com ela&#8221;, disse o tucano, um dos autores do livro, que lembrou do legado dela para a cidade.<\/p>\n<p>&#8220;Parte do que eu tinha para falar sobre Tia T\u00f3 eu escrevi em uma das p\u00e1ginas do livro. Para mim, o t\u00edtulo do que eu redigi, &#8216;Para Sempre Tia T\u00f3&#8217;, tem tudo a ver com ela, que estar\u00e1 para sempre no meu cora\u00e7\u00e3o e na minha mem\u00f3ria&#8221;, registra.<\/p>\n<p>O evento, que contou com um sarau, foi realizado em frente \u00e0 Casa de Cora Coralina sob a coordena\u00e7\u00e3o do produtor cultural Px Silveira e de Marlene Vellasco, respons\u00e1vel pelo museu sobre a poetisa vilaboense.<\/p>\n<h1 style=\"text-align: center;\"><span style=\"color: #808000;\"><strong>Divino Pai Eterno<\/strong><\/span><\/h1>\n<h1 style=\"text-align: center;\"><span style=\"color: #0000ff;\"><strong>Marconi recebe b\u00ean\u00e7\u00e3o<\/strong><\/span><\/h1>\n<h1 style=\"text-align: center;\"><span style=\"color: #ff00ff;\"><strong>Missa no Santu\u00e1rio Bas\u00edlica <\/strong><\/span><\/h1>\n<p style=\"text-align: center;\"><span style=\"color: #ff0000;\"><strong>\u00a0<\/strong><strong>Candidato tucano esteve na igreja em Trindade e agradeceu pelo bom momento da campanha\u00a0<\/strong><\/span><\/p>\n<p><strong>\u00a0<\/strong>O ex-governador, e candidato ao Senado, Marconi Perillo (PSDB) participou de missa dominical no Santu\u00e1rio Bas\u00edlica do Divino Pai Eterno, em Trindade. A celebra\u00e7\u00e3o foi conduzida pelo padre Sidney Martins, prefeito do Santu\u00e1rio, e transmitida ao vivo pela TV Pai Eterno e pelas r\u00e1dios Difusora e Rede Vale FM.<\/p>\n<p>O tucano recebeu do Padre Sidney as boas vindas e uma ben\u00e7\u00e3o direcionada a candidatos neste ano. &#8220;Que a sabedoria de Deus possa conduzi-los, neste momento. Se assim o permitir, tamb\u00e9m na miss\u00e3o de governar, na miss\u00e3o de fazer o bem para todos n\u00f3s. Que Deus aben\u00e7oe sempre &#8220;, disse o religioso, em sua rogativa.<\/p>\n<p>Ao final da missa, o ex-governador foi cercado de muitos admiradores e apoiadores que o cumprimentaram e pediram para tirar fotos. As manifesta\u00e7\u00f5es espont\u00e2neas de apoio e carinho emocionaram o tucano. Marconi, que \u00e9 devoto e romeiro do Divino Pai Eterno desde a inf\u00e2ncia, sempre participa de missas e da Romaria em Trindade.<\/p>\n<p>&#8220;\u00c9 uma alegria estar aqui, muito bom come\u00e7ar o dia rezando&#8221;, disse o ex-governador ao chegar ao Santu\u00e1rio para seu momento de f\u00e9 e agradecimento em rela\u00e7\u00e3o a boa condu\u00e7\u00e3o e bom momento de sua campanha. &#8220;Sempre pedimos ao Divino Pai Eterno que ele possa nos conduzir\u00a0em todos os projetos da nossa vida&#8221;, disse.<\/p>\n<figure id=\"attachment_5231\" aria-describedby=\"caption-attachment-5231\" style=\"width: 1024px\" class=\"wp-caption alignnone\"><img loading=\"lazy\" decoding=\"async\" class=\"wp-image-5231 size-large\" src=\"https:\/\/renatodias.online\/movimento\/wp-content\/uploads\/2021\/02\/marconiperilo-1024x682.jpeg\" alt=\"\" width=\"1024\" height=\"682\" srcset=\"https:\/\/renatodias.online\/movimento\/wp-content\/uploads\/2021\/02\/marconiperilo-1024x682.jpeg 1024w, https:\/\/renatodias.online\/movimento\/wp-content\/uploads\/2021\/02\/marconiperilo-300x200.jpeg 300w, https:\/\/renatodias.online\/movimento\/wp-content\/uploads\/2021\/02\/marconiperilo-768x512.jpeg 768w, https:\/\/renatodias.online\/movimento\/wp-content\/uploads\/2021\/02\/marconiperilo-360x240.jpeg 360w, https:\/\/renatodias.online\/movimento\/wp-content\/uploads\/2021\/02\/marconiperilo-750x500.jpeg 750w, https:\/\/renatodias.online\/movimento\/wp-content\/uploads\/2021\/02\/marconiperilo.jpeg 1280w\" sizes=\"auto, (max-width: 1024px) 100vw, 1024px\" \/><figcaption id=\"caption-attachment-5231\" class=\"wp-caption-text\"><span style=\"color: #0000ff;\"><strong>Marconi Perillo<\/strong><\/span><\/figcaption><\/figure>\n","protected":false},"excerpt":{"rendered":"<p>A 20 dias das elei\u00e7\u00f5es Tucano lidera a disputa ao Senado O ex-governador e candidato ao Senado, Marconi Perillo recebeu o carinho e o apoio de eleitores de Aparecida de Goi\u00e2nia, em caminhada na Vila Bras\u00edlia. Acompanhado de vereadores, candidatos a deputado e lideran\u00e7as,\u00a0ele percorreu a Avenida Rud\u00e1, importante centro comercial da cidade, cumprimentando e<\/p>\n","protected":false},"author":2,"featured_media":14091,"comment_status":"open","ping_status":"open","sticky":false,"template":"","format":"standard","meta":{"_acf_changed":false,"_monsterinsights_skip_tracking":false,"_monsterinsights_sitenote_active":false,"_monsterinsights_sitenote_note":"","_monsterinsights_sitenote_category":0,"footnotes":""},"categories":[4],"tags":[],"class_list":["post-14086","post","type-post","status-publish","format-standard","has-post-thumbnail","hentry","category-politica"],"acf":[],"yoast_head":"<!-- This site is optimized with the Yoast SEO plugin v27.4 - https:\/\/yoast.com\/product\/yoast-seo-wordpress\/ -->\n<title>Reta final: Marconi pisa no acelerador -<\/title>\n<meta name=\"robots\" content=\"index, follow, max-snippet:-1, max-image-preview:large, max-video-preview:-1\" \/>\n<link rel=\"canonical\" href=\"https:\/\/renatodias.online\/movimento\/2022\/09\/12\/reta-final-marconi-pisa-no-acelerador\/\" \/>\n<meta property=\"og:locale\" content=\"pt_BR\" \/>\n<meta property=\"og:type\" content=\"article\" \/>\n<meta property=\"og:title\" content=\"Reta final: Marconi pisa no acelerador -\" \/>\n<meta property=\"og:description\" content=\"A 20 dias das elei\u00e7\u00f5es Tucano lidera a disputa ao Senado O ex-governador e candidato ao Senado, Marconi Perillo recebeu o carinho e o apoio de eleitores de Aparecida de Goi\u00e2nia, em caminhada na Vila Bras\u00edlia. Acompanhado de vereadores, candidatos a deputado e lideran\u00e7as,\u00a0ele percorreu a Avenida Rud\u00e1, importante centro comercial da cidade, cumprimentando e\" \/>\n<meta property=\"og:url\" content=\"https:\/\/renatodias.online\/movimento\/2022\/09\/12\/reta-final-marconi-pisa-no-acelerador\/\" \/>\n<meta property=\"article:publisher\" content=\"https:\/\/www.facebook.com\/renato.dias.37\" \/>\n<meta property=\"article:author\" content=\"https:\/\/www.facebook.com\/renato.dias.37\" \/>\n<meta property=\"article:published_time\" content=\"2022-09-12T14:18:06+00:00\" \/>\n<meta property=\"article:modified_time\" content=\"2022-09-12T14:19:04+00:00\" \/>\n<meta property=\"og:image\" content=\"https:\/\/renatodias.online\/movimento\/wp-content\/uploads\/2022\/09\/Marconi-Perillo-link-e1664417302981.jpg\" \/>\n\t<meta property=\"og:image:width\" content=\"360\" \/>\n\t<meta property=\"og:image:height\" content=\"351\" \/>\n\t<meta property=\"og:image:type\" content=\"image\/jpeg\" \/>\n<meta name=\"author\" content=\"Renato Dias\" \/>\n<meta name=\"twitter:card\" content=\"summary_large_image\" \/>\n<meta name=\"twitter:creator\" content=\"@RenatoDiasBat\" \/>\n<meta name=\"twitter:site\" content=\"@RenatoDiasBat\" \/>\n<meta name=\"twitter:label1\" content=\"Escrito por\" \/>\n\t<meta name=\"twitter:data1\" content=\"Renato Dias\" \/>\n\t<meta name=\"twitter:label2\" content=\"Est. tempo de leitura\" \/>\n\t<meta name=\"twitter:data2\" content=\"7 minutos\" \/>\n<script type=\"application\/ld+json\" class=\"yoast-schema-graph\">{\"@context\":\"https:\\\/\\\/schema.org\",\"@graph\":[{\"@type\":\"Article\",\"@id\":\"https:\\\/\\\/renatodias.online\\\/movimento\\\/2022\\\/09\\\/12\\\/reta-final-marconi-pisa-no-acelerador\\\/#article\",\"isPartOf\":{\"@id\":\"https:\\\/\\\/renatodias.online\\\/movimento\\\/2022\\\/09\\\/12\\\/reta-final-marconi-pisa-no-acelerador\\\/\"},\"author\":{\"name\":\"Renato Dias\",\"@id\":\"https:\\\/\\\/renatodias.online\\\/movimento\\\/#\\\/schema\\\/person\\\/bbab28833b1725a20f4083f49f1fb2a9\"},\"headline\":\"Reta final: Marconi pisa no acelerador\",\"datePublished\":\"2022-09-12T14:18:06+00:00\",\"dateModified\":\"2022-09-12T14:19:04+00:00\",\"mainEntityOfPage\":{\"@id\":\"https:\\\/\\\/renatodias.online\\\/movimento\\\/2022\\\/09\\\/12\\\/reta-final-marconi-pisa-no-acelerador\\\/\"},\"wordCount\":1378,\"commentCount\":0,\"publisher\":{\"@id\":\"https:\\\/\\\/renatodias.online\\\/movimento\\\/#\\\/schema\\\/person\\\/bbab28833b1725a20f4083f49f1fb2a9\"},\"image\":{\"@id\":\"https:\\\/\\\/renatodias.online\\\/movimento\\\/2022\\\/09\\\/12\\\/reta-final-marconi-pisa-no-acelerador\\\/#primaryimage\"},\"thumbnailUrl\":\"https:\\\/\\\/renatodias.online\\\/movimento\\\/wp-content\\\/uploads\\\/2022\\\/09\\\/Marconi-Perillo-link-e1664417302981.jpg\",\"articleSection\":[\"Pol\u00edtica\"],\"inLanguage\":\"pt-BR\",\"potentialAction\":[{\"@type\":\"CommentAction\",\"name\":\"Comment\",\"target\":[\"https:\\\/\\\/renatodias.online\\\/movimento\\\/2022\\\/09\\\/12\\\/reta-final-marconi-pisa-no-acelerador\\\/#respond\"]}]},{\"@type\":\"WebPage\",\"@id\":\"https:\\\/\\\/renatodias.online\\\/movimento\\\/2022\\\/09\\\/12\\\/reta-final-marconi-pisa-no-acelerador\\\/\",\"url\":\"https:\\\/\\\/renatodias.online\\\/movimento\\\/2022\\\/09\\\/12\\\/reta-final-marconi-pisa-no-acelerador\\\/\",\"name\":\"Reta final: Marconi pisa no acelerador -\",\"isPartOf\":{\"@id\":\"https:\\\/\\\/renatodias.online\\\/movimento\\\/#website\"},\"primaryImageOfPage\":{\"@id\":\"https:\\\/\\\/renatodias.online\\\/movimento\\\/2022\\\/09\\\/12\\\/reta-final-marconi-pisa-no-acelerador\\\/#primaryimage\"},\"image\":{\"@id\":\"https:\\\/\\\/renatodias.online\\\/movimento\\\/2022\\\/09\\\/12\\\/reta-final-marconi-pisa-no-acelerador\\\/#primaryimage\"},\"thumbnailUrl\":\"https:\\\/\\\/renatodias.online\\\/movimento\\\/wp-content\\\/uploads\\\/2022\\\/09\\\/Marconi-Perillo-link-e1664417302981.jpg\",\"datePublished\":\"2022-09-12T14:18:06+00:00\",\"dateModified\":\"2022-09-12T14:19:04+00:00\",\"breadcrumb\":{\"@id\":\"https:\\\/\\\/renatodias.online\\\/movimento\\\/2022\\\/09\\\/12\\\/reta-final-marconi-pisa-no-acelerador\\\/#breadcrumb\"},\"inLanguage\":\"pt-BR\",\"potentialAction\":[{\"@type\":\"ReadAction\",\"target\":[\"https:\\\/\\\/renatodias.online\\\/movimento\\\/2022\\\/09\\\/12\\\/reta-final-marconi-pisa-no-acelerador\\\/\"]}]},{\"@type\":\"ImageObject\",\"inLanguage\":\"pt-BR\",\"@id\":\"https:\\\/\\\/renatodias.online\\\/movimento\\\/2022\\\/09\\\/12\\\/reta-final-marconi-pisa-no-acelerador\\\/#primaryimage\",\"url\":\"https:\\\/\\\/renatodias.online\\\/movimento\\\/wp-content\\\/uploads\\\/2022\\\/09\\\/Marconi-Perillo-link-e1664417302981.jpg\",\"contentUrl\":\"https:\\\/\\\/renatodias.online\\\/movimento\\\/wp-content\\\/uploads\\\/2022\\\/09\\\/Marconi-Perillo-link-e1664417302981.jpg\",\"width\":360,\"height\":351,\"caption\":\"Marconi Perillo\"},{\"@type\":\"BreadcrumbList\",\"@id\":\"https:\\\/\\\/renatodias.online\\\/movimento\\\/2022\\\/09\\\/12\\\/reta-final-marconi-pisa-no-acelerador\\\/#breadcrumb\",\"itemListElement\":[{\"@type\":\"ListItem\",\"position\":1,\"name\":\"In\u00edcio\",\"item\":\"https:\\\/\\\/renatodias.online\\\/movimento\\\/\"},{\"@type\":\"ListItem\",\"position\":2,\"name\":\"Reta final: Marconi pisa no acelerador\"}]},{\"@type\":\"WebSite\",\"@id\":\"https:\\\/\\\/renatodias.online\\\/movimento\\\/#website\",\"url\":\"https:\\\/\\\/renatodias.online\\\/movimento\\\/\",\"name\":\"\",\"description\":\"\",\"publisher\":{\"@id\":\"https:\\\/\\\/renatodias.online\\\/movimento\\\/#\\\/schema\\\/person\\\/bbab28833b1725a20f4083f49f1fb2a9\"},\"potentialAction\":[{\"@type\":\"SearchAction\",\"target\":{\"@type\":\"EntryPoint\",\"urlTemplate\":\"https:\\\/\\\/renatodias.online\\\/movimento\\\/?s={search_term_string}\"},\"query-input\":{\"@type\":\"PropertyValueSpecification\",\"valueRequired\":true,\"valueName\":\"search_term_string\"}}],\"inLanguage\":\"pt-BR\"},{\"@type\":[\"Person\",\"Organization\"],\"@id\":\"https:\\\/\\\/renatodias.online\\\/movimento\\\/#\\\/schema\\\/person\\\/bbab28833b1725a20f4083f49f1fb2a9\",\"name\":\"Renato Dias\",\"image\":{\"@type\":\"ImageObject\",\"inLanguage\":\"pt-BR\",\"@id\":\"https:\\\/\\\/renatodias.online\\\/movimento\\\/wp-content\\\/uploads\\\/2023\\\/03\\\/cropped-cropped-cropped-logofinal.jpeg\",\"url\":\"https:\\\/\\\/renatodias.online\\\/movimento\\\/wp-content\\\/uploads\\\/2023\\\/03\\\/cropped-cropped-cropped-logofinal.jpeg\",\"contentUrl\":\"https:\\\/\\\/renatodias.online\\\/movimento\\\/wp-content\\\/uploads\\\/2023\\\/03\\\/cropped-cropped-cropped-logofinal.jpeg\",\"width\":1280,\"height\":219,\"caption\":\"Renato Dias\"},\"logo\":{\"@id\":\"https:\\\/\\\/renatodias.online\\\/movimento\\\/wp-content\\\/uploads\\\/2023\\\/03\\\/cropped-cropped-cropped-logofinal.jpeg\"},\"description\":\"Renato Dias, 58 anos, \u00e9 graduado em Jornalismo, formado em Ci\u00eancias Sociais, com p\u00f3s-gradua\u00e7\u00e3o em Pol\u00edticas P\u00fablicas, mestre em Direito e Rela\u00e7\u00f5es Internacionais, ex-aluno extraordin\u00e1rio do Doutorado em Psicologia Social, ex-estudante do Curso de Psican\u00e1lise do Centro de Estudos Psicanal\u00edticos do Estado de Goi\u00e1s, ministrado pelo m\u00e9dico psiquiatra e psicanalista Daniel Em\u00eddio de Souza. \u00c9 autor de 30 livros-reportagem, oito document\u00e1rios, ganhou 30 pr\u00eamios e \u00e9 torcedor apaixonado do maior do Centro-Oeste, o Vila Nova Futebol Clube. Casado com Meirilane Dias, \u00e9 pai de Juliana Dias, jornalista; Daniel Dias, economista; e Maria Rosa Dias, estudante antifascista, socialista e trotskista.\u00a0Com tr\u00eas pets: Porquinho [Bull Dog Franc\u00eas], Dalila [Basset Hound] e Geleia [Basset Hound]. Al\u00e9m do eterno gato Tutuquinho, que virou estrela.\",\"sameAs\":[\"https:\\\/\\\/www.facebook.com\\\/renato.dias.37\",\"#breve\",\"https:\\\/\\\/renatodias.tumblr.com\\\/\"],\"url\":\"https:\\\/\\\/renatodias.online\\\/movimento\\\/author\\\/renatodias\\\/\"}]}<\/script>\n<!-- \/ Yoast SEO plugin. -->","yoast_head_json":{"title":"Reta final: Marconi pisa no acelerador -","robots":{"index":"index","follow":"follow","max-snippet":"max-snippet:-1","max-image-preview":"max-image-preview:large","max-video-preview":"max-video-preview:-1"},"canonical":"https:\/\/renatodias.online\/movimento\/2022\/09\/12\/reta-final-marconi-pisa-no-acelerador\/","og_locale":"pt_BR","og_type":"article","og_title":"Reta final: Marconi pisa no acelerador -","og_description":"A 20 dias das elei\u00e7\u00f5es Tucano lidera a disputa ao Senado O ex-governador e candidato ao Senado, Marconi Perillo recebeu o carinho e o apoio de eleitores de Aparecida de Goi\u00e2nia, em caminhada na Vila Bras\u00edlia. Acompanhado de vereadores, candidatos a deputado e lideran\u00e7as,\u00a0ele percorreu a Avenida Rud\u00e1, importante centro comercial da cidade, cumprimentando e","og_url":"https:\/\/renatodias.online\/movimento\/2022\/09\/12\/reta-final-marconi-pisa-no-acelerador\/","article_publisher":"https:\/\/www.facebook.com\/renato.dias.37","article_author":"https:\/\/www.facebook.com\/renato.dias.37","article_published_time":"2022-09-12T14:18:06+00:00","article_modified_time":"2022-09-12T14:19:04+00:00","og_image":[{"width":360,"height":351,"url":"https:\/\/renatodias.online\/movimento\/wp-content\/uploads\/2022\/09\/Marconi-Perillo-link-e1664417302981.jpg","type":"image\/jpeg"}],"author":"Renato Dias","twitter_card":"summary_large_image","twitter_creator":"@RenatoDiasBat","twitter_site":"@RenatoDiasBat","twitter_misc":{"Escrito por":"Renato Dias","Est. tempo de leitura":"7 minutos"},"schema":{"@context":"https:\/\/schema.org","@graph":[{"@type":"Article","@id":"https:\/\/renatodias.online\/movimento\/2022\/09\/12\/reta-final-marconi-pisa-no-acelerador\/#article","isPartOf":{"@id":"https:\/\/renatodias.online\/movimento\/2022\/09\/12\/reta-final-marconi-pisa-no-acelerador\/"},"author":{"name":"Renato Dias","@id":"https:\/\/renatodias.online\/movimento\/#\/schema\/person\/bbab28833b1725a20f4083f49f1fb2a9"},"headline":"Reta final: Marconi pisa no acelerador","datePublished":"2022-09-12T14:18:06+00:00","dateModified":"2022-09-12T14:19:04+00:00","mainEntityOfPage":{"@id":"https:\/\/renatodias.online\/movimento\/2022\/09\/12\/reta-final-marconi-pisa-no-acelerador\/"},"wordCount":1378,"commentCount":0,"publisher":{"@id":"https:\/\/renatodias.online\/movimento\/#\/schema\/person\/bbab28833b1725a20f4083f49f1fb2a9"},"image":{"@id":"https:\/\/renatodias.online\/movimento\/2022\/09\/12\/reta-final-marconi-pisa-no-acelerador\/#primaryimage"},"thumbnailUrl":"https:\/\/renatodias.online\/movimento\/wp-content\/uploads\/2022\/09\/Marconi-Perillo-link-e1664417302981.jpg","articleSection":["Pol\u00edtica"],"inLanguage":"pt-BR","potentialAction":[{"@type":"CommentAction","name":"Comment","target":["https:\/\/renatodias.online\/movimento\/2022\/09\/12\/reta-final-marconi-pisa-no-acelerador\/#respond"]}]},{"@type":"WebPage","@id":"https:\/\/renatodias.online\/movimento\/2022\/09\/12\/reta-final-marconi-pisa-no-acelerador\/","url":"https:\/\/renatodias.online\/movimento\/2022\/09\/12\/reta-final-marconi-pisa-no-acelerador\/","name":"Reta final: Marconi pisa no acelerador -","isPartOf":{"@id":"https:\/\/renatodias.online\/movimento\/#website"},"primaryImageOfPage":{"@id":"https:\/\/renatodias.online\/movimento\/2022\/09\/12\/reta-final-marconi-pisa-no-acelerador\/#primaryimage"},"image":{"@id":"https:\/\/renatodias.online\/movimento\/2022\/09\/12\/reta-final-marconi-pisa-no-acelerador\/#primaryimage"},"thumbnailUrl":"https:\/\/renatodias.online\/movimento\/wp-content\/uploads\/2022\/09\/Marconi-Perillo-link-e1664417302981.jpg","datePublished":"2022-09-12T14:18:06+00:00","dateModified":"2022-09-12T14:19:04+00:00","breadcrumb":{"@id":"https:\/\/renatodias.online\/movimento\/2022\/09\/12\/reta-final-marconi-pisa-no-acelerador\/#breadcrumb"},"inLanguage":"pt-BR","potentialAction":[{"@type":"ReadAction","target":["https:\/\/renatodias.online\/movimento\/2022\/09\/12\/reta-final-marconi-pisa-no-acelerador\/"]}]},{"@type":"ImageObject","inLanguage":"pt-BR","@id":"https:\/\/renatodias.online\/movimento\/2022\/09\/12\/reta-final-marconi-pisa-no-acelerador\/#primaryimage","url":"https:\/\/renatodias.online\/movimento\/wp-content\/uploads\/2022\/09\/Marconi-Perillo-link-e1664417302981.jpg","contentUrl":"https:\/\/renatodias.online\/movimento\/wp-content\/uploads\/2022\/09\/Marconi-Perillo-link-e1664417302981.jpg","width":360,"height":351,"caption":"Marconi Perillo"},{"@type":"BreadcrumbList","@id":"https:\/\/renatodias.online\/movimento\/2022\/09\/12\/reta-final-marconi-pisa-no-acelerador\/#breadcrumb","itemListElement":[{"@type":"ListItem","position":1,"name":"In\u00edcio","item":"https:\/\/renatodias.online\/movimento\/"},{"@type":"ListItem","position":2,"name":"Reta final: Marconi pisa no acelerador"}]},{"@type":"WebSite","@id":"https:\/\/renatodias.online\/movimento\/#website","url":"https:\/\/renatodias.online\/movimento\/","name":"","description":"","publisher":{"@id":"https:\/\/renatodias.online\/movimento\/#\/schema\/person\/bbab28833b1725a20f4083f49f1fb2a9"},"potentialAction":[{"@type":"SearchAction","target":{"@type":"EntryPoint","urlTemplate":"https:\/\/renatodias.online\/movimento\/?s={search_term_string}"},"query-input":{"@type":"PropertyValueSpecification","valueRequired":true,"valueName":"search_term_string"}}],"inLanguage":"pt-BR"},{"@type":["Person","Organization"],"@id":"https:\/\/renatodias.online\/movimento\/#\/schema\/person\/bbab28833b1725a20f4083f49f1fb2a9","name":"Renato Dias","image":{"@type":"ImageObject","inLanguage":"pt-BR","@id":"https:\/\/renatodias.online\/movimento\/wp-content\/uploads\/2023\/03\/cropped-cropped-cropped-logofinal.jpeg","url":"https:\/\/renatodias.online\/movimento\/wp-content\/uploads\/2023\/03\/cropped-cropped-cropped-logofinal.jpeg","contentUrl":"https:\/\/renatodias.online\/movimento\/wp-content\/uploads\/2023\/03\/cropped-cropped-cropped-logofinal.jpeg","width":1280,"height":219,"caption":"Renato Dias"},"logo":{"@id":"https:\/\/renatodias.online\/movimento\/wp-content\/uploads\/2023\/03\/cropped-cropped-cropped-logofinal.jpeg"},"description":"Renato Dias, 58 anos, \u00e9 graduado em Jornalismo, formado em Ci\u00eancias Sociais, com p\u00f3s-gradua\u00e7\u00e3o em Pol\u00edticas P\u00fablicas, mestre em Direito e Rela\u00e7\u00f5es Internacionais, ex-aluno extraordin\u00e1rio do Doutorado em Psicologia Social, ex-estudante do Curso de Psican\u00e1lise do Centro de Estudos Psicanal\u00edticos do Estado de Goi\u00e1s, ministrado pelo m\u00e9dico psiquiatra e psicanalista Daniel Em\u00eddio de Souza. \u00c9 autor de 30 livros-reportagem, oito document\u00e1rios, ganhou 30 pr\u00eamios e \u00e9 torcedor apaixonado do maior do Centro-Oeste, o Vila Nova Futebol Clube. Casado com Meirilane Dias, \u00e9 pai de Juliana Dias, jornalista; Daniel Dias, economista; e Maria Rosa Dias, estudante antifascista, socialista e trotskista.\u00a0Com tr\u00eas pets: Porquinho [Bull Dog Franc\u00eas], Dalila [Basset Hound] e Geleia [Basset Hound]. Al\u00e9m do eterno gato Tutuquinho, que virou estrela.","sameAs":["https:\/\/www.facebook.com\/renato.dias.37","#breve","https:\/\/renatodias.tumblr.com\/"],"url":"https:\/\/renatodias.online\/movimento\/author\/renatodias\/"}]}},"_links":{"self":[{"href":"https:\/\/renatodias.online\/movimento\/wp-json\/wp\/v2\/posts\/14086","targetHints":{"allow":["GET"]}}],"collection":[{"href":"https:\/\/renatodias.online\/movimento\/wp-json\/wp\/v2\/posts"}],"about":[{"href":"https:\/\/renatodias.online\/movimento\/wp-json\/wp\/v2\/types\/post"}],"author":[{"embeddable":true,"href":"https:\/\/renatodias.online\/movimento\/wp-json\/wp\/v2\/users\/2"}],"replies":[{"embeddable":true,"href":"https:\/\/renatodias.online\/movimento\/wp-json\/wp\/v2\/comments?post=14086"}],"version-history":[{"count":2,"href":"https:\/\/renatodias.online\/movimento\/wp-json\/wp\/v2\/posts\/14086\/revisions"}],"predecessor-version":[{"id":14093,"href":"https:\/\/renatodias.online\/movimento\/wp-json\/wp\/v2\/posts\/14086\/revisions\/14093"}],"wp:featuredmedia":[{"embeddable":true,"href":"https:\/\/renatodias.online\/movimento\/wp-json\/wp\/v2\/media\/14091"}],"wp:attachment":[{"href":"https:\/\/renatodias.online\/movimento\/wp-json\/wp\/v2\/media?parent=14086"}],"wp:term":[{"taxonomy":"category","embeddable":true,"href":"https:\/\/renatodias.online\/movimento\/wp-json\/wp\/v2\/categories?post=14086"},{"taxonomy":"post_tag","embeddable":true,"href":"https:\/\/renatodias.online\/movimento\/wp-json\/wp\/v2\/tags?post=14086"}],"curies":[{"name":"wp","href":"https:\/\/api.w.org\/{rel}","templated":true}]}}