{"id":1408,"date":"2019-06-29T13:06:56","date_gmt":"2019-06-29T16:06:56","guid":{"rendered":"http:\/\/renatodias.online\/gyn\/?p=1408"},"modified":"2019-06-29T13:06:56","modified_gmt":"2019-06-29T16:06:56","slug":"assembleia-legislativa-faz-audiencia-publica","status":"publish","type":"post","link":"https:\/\/renatodias.online\/movimento\/2019\/06\/29\/assembleia-legislativa-faz-audiencia-publica\/","title":{"rendered":"Assembleia Legislativa faz audi\u00eancia p\u00fablica"},"content":{"rendered":"<p>\t\t\t\t<strong>Sa\u00fade P\u00fablica<\/strong><\/p>\n<p><strong>Assembleia Legislativa faz audi\u00eancia p\u00fablica<\/strong><\/p>\n<p><strong>A regula\u00e7\u00e3o, hoje, \u00e9 uma atribui\u00e7\u00e3o da Secretaria Municipal de Sa\u00fade de Goi\u00e2nia<\/strong><\/p>\n<p><strong>Renato Dias<\/strong><\/p>\n<p>A Assembleia Legislativa do Estado de Goi\u00e2nia realizou, nesta sexta-feira, audi\u00eancia p\u00fablica. Na pauta, a regula\u00e7\u00e3o dos leitos em unidades estaduais de sa\u00fade. O f\u00f3rum \u00e9 uma atividade da Comiss\u00e3o de Sa\u00fade e Promo\u00e7\u00e3o Social da Casa de Leis. Com 200 par\u00adticipantes. De 50 munic\u00edpios. A organiza\u00e7\u00e3o era do deputado estadual Gustavo Sebba.<\/p>\n<p>O parlamentar aponta a crise aguda na sa\u00fade, quer um diagn\u00f3stico do quadro e o es\u00adtabelecimento de di\u00e1logo para equacionar o cen\u00e1rio. Com uma mudan\u00e7a de baixo para cima, diz. Conversar com os usu\u00e1rios e os gestores municipais para projetar um novo desenho do atual modelo de gest\u00e3o p\u00fablica de regula\u00e7\u00e3o, prop\u00f5e o \u2018enfant terrible\u2019.<\/p>\n<p><strong>Quadro comparativo<\/strong><\/p>\n<p>M\u00e9dico, no exerc\u00edcio do segundo mandato, ele quer fazer um quadro comparativo. Qual? Em rela\u00e7\u00e3o ao n\u00famero de vagas nos leitos de UTIs [Unidades de Terapia Inten\u00adsiva] e os registrados nos portais de transpar\u00eancia. Al\u00e9m de Gustavo Sebba, integraram a mesa os deputados estaduais Ant\u00f4nio Gomide, Coronel Adailton e H\u00e9lio de Souza.<\/p>\n<p>O ato teve a presen\u00e7a do secret\u00e1rio estadual de sa\u00fade, Ismael Alexandrino Jr. Mais: da promotora de Justi\u00e7a, Karina D\u2019 Abruzzo. Assim como do presidente do Conselho Esta\u00addual de Sa\u00fade, Venerando Lemes. Al\u00e9m da vice-presidente do Conselho das Secretarias Municipais de Sa\u00fade, Jackeline Rocha, e do prefeito de Cristian\u00f3polis, Jairo Gomes.<\/p>\n<p>A regula\u00e7\u00e3o, hoje, \u00e9 uma atribui\u00e7\u00e3o da Secretaria Municipal de Sa\u00fade de Goi\u00e2nia. A ges\u00adt\u00e3o de leitos n\u00e3o atende \u00e0 demanda, frisa Gustavo Sebba. O secret\u00e1rio estadual aponta que o Estado tem inten\u00e7\u00e3o de trazer para si a responsabilidade de gerenciar as regula\u00e7\u00f5es de leitos em unidades p\u00fablicas e conveniadas ao Sistema \u00danico de Sa\u00fade.<\/p>\n<p><strong>Parcerias<\/strong><\/p>\n<p>A gerente da Secretaria de Sa\u00fade de Goi\u00e2nia, Andr\u00e9a Maria Peixoto Fael, acredita que o Estado e os munic\u00edpios devem agir em parceria. Para que seja poss\u00edvel entregar \u00e0 popula\u00e7\u00e3o um servi\u00e7o de excel\u00eancia, pontua ela. A gestora p\u00fablica quer que a administra\u00e7\u00e3o da\u00a0 regula\u00e7\u00e3o permane\u00e7a com SMS Goi\u00e2nia, mas admite que sobrecarga.\t\t<\/p>\n","protected":false},"excerpt":{"rendered":"<p>Sa\u00fade P\u00fablica Assembleia Legislativa faz audi\u00eancia p\u00fablica A regula\u00e7\u00e3o, hoje, \u00e9 uma atribui\u00e7\u00e3o da Secretaria Municipal de Sa\u00fade de Goi\u00e2nia Renato Dias A Assembleia Legislativa do Estado de Goi\u00e2nia realizou, nesta sexta-feira, audi\u00eancia p\u00fablica. Na pauta, a regula\u00e7\u00e3o dos leitos em unidades estaduais de sa\u00fade. O f\u00f3rum \u00e9 uma atividade da Comiss\u00e3o de Sa\u00fade e<\/p>\n","protected":false},"author":2,"featured_media":1409,"comment_status":"open","ping_status":"open","sticky":false,"template":"","format":"standard","meta":{"_acf_changed":false,"_monsterinsights_skip_tracking":false,"_monsterinsights_sitenote_active":false,"_monsterinsights_sitenote_note":"","_monsterinsights_sitenote_category":0,"footnotes":""},"categories":[4],"tags":[],"class_list":["post-1408","post","type-post","status-publish","format-standard","has-post-thumbnail","hentry","category-politica"],"acf":[],"yoast_head":"<!-- This site is optimized with the Yoast SEO plugin v27.4 - https:\/\/yoast.com\/product\/yoast-seo-wordpress\/ -->\n<title>Assembleia Legislativa faz audi\u00eancia p\u00fablica -<\/title>\n<meta name=\"robots\" content=\"index, follow, max-snippet:-1, max-image-preview:large, max-video-preview:-1\" \/>\n<link rel=\"canonical\" href=\"https:\/\/renatodias.online\/movimento\/2019\/06\/29\/assembleia-legislativa-faz-audiencia-publica\/\" \/>\n<meta property=\"og:locale\" content=\"pt_BR\" \/>\n<meta property=\"og:type\" content=\"article\" \/>\n<meta property=\"og:title\" content=\"Assembleia Legislativa faz audi\u00eancia p\u00fablica -\" \/>\n<meta property=\"og:description\" content=\"Sa\u00fade P\u00fablica Assembleia Legislativa faz audi\u00eancia p\u00fablica A regula\u00e7\u00e3o, hoje, \u00e9 uma atribui\u00e7\u00e3o da Secretaria Municipal de Sa\u00fade de Goi\u00e2nia Renato Dias A Assembleia Legislativa do Estado de Goi\u00e2nia realizou, nesta sexta-feira, audi\u00eancia p\u00fablica. Na pauta, a regula\u00e7\u00e3o dos leitos em unidades estaduais de sa\u00fade. O f\u00f3rum \u00e9 uma atividade da Comiss\u00e3o de Sa\u00fade e\" \/>\n<meta property=\"og:url\" content=\"https:\/\/renatodias.online\/movimento\/2019\/06\/29\/assembleia-legislativa-faz-audiencia-publica\/\" \/>\n<meta property=\"article:publisher\" content=\"https:\/\/www.facebook.com\/renato.dias.37\" \/>\n<meta property=\"article:author\" content=\"https:\/\/www.facebook.com\/renato.dias.37\" \/>\n<meta property=\"article:published_time\" content=\"2019-06-29T16:06:56+00:00\" \/>\n<meta name=\"author\" content=\"Renato Dias\" \/>\n<meta name=\"twitter:card\" content=\"summary_large_image\" \/>\n<meta name=\"twitter:creator\" content=\"@RenatoDiasBat\" \/>\n<meta name=\"twitter:site\" content=\"@RenatoDiasBat\" \/>\n<meta name=\"twitter:label1\" content=\"Escrito por\" \/>\n\t<meta name=\"twitter:data1\" content=\"Renato Dias\" \/>\n\t<meta name=\"twitter:label2\" content=\"Est. tempo de leitura\" \/>\n\t<meta name=\"twitter:data2\" content=\"2 minutos\" \/>\n<script type=\"application\/ld+json\" class=\"yoast-schema-graph\">{\"@context\":\"https:\\\/\\\/schema.org\",\"@graph\":[{\"@type\":\"Article\",\"@id\":\"https:\\\/\\\/renatodias.online\\\/movimento\\\/2019\\\/06\\\/29\\\/assembleia-legislativa-faz-audiencia-publica\\\/#article\",\"isPartOf\":{\"@id\":\"https:\\\/\\\/renatodias.online\\\/movimento\\\/2019\\\/06\\\/29\\\/assembleia-legislativa-faz-audiencia-publica\\\/\"},\"author\":{\"name\":\"Renato Dias\",\"@id\":\"https:\\\/\\\/renatodias.online\\\/movimento\\\/#\\\/schema\\\/person\\\/bbab28833b1725a20f4083f49f1fb2a9\"},\"headline\":\"Assembleia Legislativa faz audi\u00eancia p\u00fablica\",\"datePublished\":\"2019-06-29T16:06:56+00:00\",\"mainEntityOfPage\":{\"@id\":\"https:\\\/\\\/renatodias.online\\\/movimento\\\/2019\\\/06\\\/29\\\/assembleia-legislativa-faz-audiencia-publica\\\/\"},\"wordCount\":418,\"commentCount\":0,\"publisher\":{\"@id\":\"https:\\\/\\\/renatodias.online\\\/movimento\\\/#\\\/schema\\\/person\\\/bbab28833b1725a20f4083f49f1fb2a9\"},\"image\":{\"@id\":\"https:\\\/\\\/renatodias.online\\\/movimento\\\/2019\\\/06\\\/29\\\/assembleia-legislativa-faz-audiencia-publica\\\/#primaryimage\"},\"thumbnailUrl\":\"\",\"articleSection\":[\"Pol\u00edtica\"],\"inLanguage\":\"pt-BR\",\"potentialAction\":[{\"@type\":\"CommentAction\",\"name\":\"Comment\",\"target\":[\"https:\\\/\\\/renatodias.online\\\/movimento\\\/2019\\\/06\\\/29\\\/assembleia-legislativa-faz-audiencia-publica\\\/#respond\"]}]},{\"@type\":\"WebPage\",\"@id\":\"https:\\\/\\\/renatodias.online\\\/movimento\\\/2019\\\/06\\\/29\\\/assembleia-legislativa-faz-audiencia-publica\\\/\",\"url\":\"https:\\\/\\\/renatodias.online\\\/movimento\\\/2019\\\/06\\\/29\\\/assembleia-legislativa-faz-audiencia-publica\\\/\",\"name\":\"Assembleia Legislativa faz audi\u00eancia p\u00fablica -\",\"isPartOf\":{\"@id\":\"https:\\\/\\\/renatodias.online\\\/movimento\\\/#website\"},\"primaryImageOfPage\":{\"@id\":\"https:\\\/\\\/renatodias.online\\\/movimento\\\/2019\\\/06\\\/29\\\/assembleia-legislativa-faz-audiencia-publica\\\/#primaryimage\"},\"image\":{\"@id\":\"https:\\\/\\\/renatodias.online\\\/movimento\\\/2019\\\/06\\\/29\\\/assembleia-legislativa-faz-audiencia-publica\\\/#primaryimage\"},\"thumbnailUrl\":\"\",\"datePublished\":\"2019-06-29T16:06:56+00:00\",\"breadcrumb\":{\"@id\":\"https:\\\/\\\/renatodias.online\\\/movimento\\\/2019\\\/06\\\/29\\\/assembleia-legislativa-faz-audiencia-publica\\\/#breadcrumb\"},\"inLanguage\":\"pt-BR\",\"potentialAction\":[{\"@type\":\"ReadAction\",\"target\":[\"https:\\\/\\\/renatodias.online\\\/movimento\\\/2019\\\/06\\\/29\\\/assembleia-legislativa-faz-audiencia-publica\\\/\"]}]},{\"@type\":\"ImageObject\",\"inLanguage\":\"pt-BR\",\"@id\":\"https:\\\/\\\/renatodias.online\\\/movimento\\\/2019\\\/06\\\/29\\\/assembleia-legislativa-faz-audiencia-publica\\\/#primaryimage\",\"url\":\"\",\"contentUrl\":\"\"},{\"@type\":\"BreadcrumbList\",\"@id\":\"https:\\\/\\\/renatodias.online\\\/movimento\\\/2019\\\/06\\\/29\\\/assembleia-legislativa-faz-audiencia-publica\\\/#breadcrumb\",\"itemListElement\":[{\"@type\":\"ListItem\",\"position\":1,\"name\":\"In\u00edcio\",\"item\":\"https:\\\/\\\/renatodias.online\\\/movimento\\\/\"},{\"@type\":\"ListItem\",\"position\":2,\"name\":\"Assembleia Legislativa faz audi\u00eancia p\u00fablica\"}]},{\"@type\":\"WebSite\",\"@id\":\"https:\\\/\\\/renatodias.online\\\/movimento\\\/#website\",\"url\":\"https:\\\/\\\/renatodias.online\\\/movimento\\\/\",\"name\":\"\",\"description\":\"\",\"publisher\":{\"@id\":\"https:\\\/\\\/renatodias.online\\\/movimento\\\/#\\\/schema\\\/person\\\/bbab28833b1725a20f4083f49f1fb2a9\"},\"potentialAction\":[{\"@type\":\"SearchAction\",\"target\":{\"@type\":\"EntryPoint\",\"urlTemplate\":\"https:\\\/\\\/renatodias.online\\\/movimento\\\/?s={search_term_string}\"},\"query-input\":{\"@type\":\"PropertyValueSpecification\",\"valueRequired\":true,\"valueName\":\"search_term_string\"}}],\"inLanguage\":\"pt-BR\"},{\"@type\":[\"Person\",\"Organization\"],\"@id\":\"https:\\\/\\\/renatodias.online\\\/movimento\\\/#\\\/schema\\\/person\\\/bbab28833b1725a20f4083f49f1fb2a9\",\"name\":\"Renato Dias\",\"image\":{\"@type\":\"ImageObject\",\"inLanguage\":\"pt-BR\",\"@id\":\"https:\\\/\\\/renatodias.online\\\/movimento\\\/wp-content\\\/uploads\\\/2023\\\/03\\\/cropped-cropped-cropped-logofinal.jpeg\",\"url\":\"https:\\\/\\\/renatodias.online\\\/movimento\\\/wp-content\\\/uploads\\\/2023\\\/03\\\/cropped-cropped-cropped-logofinal.jpeg\",\"contentUrl\":\"https:\\\/\\\/renatodias.online\\\/movimento\\\/wp-content\\\/uploads\\\/2023\\\/03\\\/cropped-cropped-cropped-logofinal.jpeg\",\"width\":1280,\"height\":219,\"caption\":\"Renato Dias\"},\"logo\":{\"@id\":\"https:\\\/\\\/renatodias.online\\\/movimento\\\/wp-content\\\/uploads\\\/2023\\\/03\\\/cropped-cropped-cropped-logofinal.jpeg\"},\"description\":\"Renato Dias, 58 anos, \u00e9 graduado em Jornalismo, formado em Ci\u00eancias Sociais, com p\u00f3s-gradua\u00e7\u00e3o em Pol\u00edticas P\u00fablicas, mestre em Direito e Rela\u00e7\u00f5es Internacionais, ex-aluno extraordin\u00e1rio do Doutorado em Psicologia Social, ex-estudante do Curso de Psican\u00e1lise do Centro de Estudos Psicanal\u00edticos do Estado de Goi\u00e1s, ministrado pelo m\u00e9dico psiquiatra e psicanalista Daniel Em\u00eddio de Souza. \u00c9 autor de 30 livros-reportagem, oito document\u00e1rios, ganhou 30 pr\u00eamios e \u00e9 torcedor apaixonado do maior do Centro-Oeste, o Vila Nova Futebol Clube. Casado com Meirilane Dias, \u00e9 pai de Juliana Dias, jornalista; Daniel Dias, economista; e Maria Rosa Dias, estudante antifascista, socialista e trotskista.\u00a0Com tr\u00eas pets: Porquinho [Bull Dog Franc\u00eas], Dalila [Basset Hound] e Geleia [Basset Hound]. Al\u00e9m do eterno gato Tutuquinho, que virou estrela.\",\"sameAs\":[\"https:\\\/\\\/www.facebook.com\\\/renato.dias.37\",\"#breve\",\"https:\\\/\\\/renatodias.tumblr.com\\\/\"],\"url\":\"https:\\\/\\\/renatodias.online\\\/movimento\\\/author\\\/renatodias\\\/\"}]}<\/script>\n<!-- \/ Yoast SEO plugin. -->","yoast_head_json":{"title":"Assembleia Legislativa faz audi\u00eancia p\u00fablica -","robots":{"index":"index","follow":"follow","max-snippet":"max-snippet:-1","max-image-preview":"max-image-preview:large","max-video-preview":"max-video-preview:-1"},"canonical":"https:\/\/renatodias.online\/movimento\/2019\/06\/29\/assembleia-legislativa-faz-audiencia-publica\/","og_locale":"pt_BR","og_type":"article","og_title":"Assembleia Legislativa faz audi\u00eancia p\u00fablica -","og_description":"Sa\u00fade P\u00fablica Assembleia Legislativa faz audi\u00eancia p\u00fablica A regula\u00e7\u00e3o, hoje, \u00e9 uma atribui\u00e7\u00e3o da Secretaria Municipal de Sa\u00fade de Goi\u00e2nia Renato Dias A Assembleia Legislativa do Estado de Goi\u00e2nia realizou, nesta sexta-feira, audi\u00eancia p\u00fablica. Na pauta, a regula\u00e7\u00e3o dos leitos em unidades estaduais de sa\u00fade. O f\u00f3rum \u00e9 uma atividade da Comiss\u00e3o de Sa\u00fade e","og_url":"https:\/\/renatodias.online\/movimento\/2019\/06\/29\/assembleia-legislativa-faz-audiencia-publica\/","article_publisher":"https:\/\/www.facebook.com\/renato.dias.37","article_author":"https:\/\/www.facebook.com\/renato.dias.37","article_published_time":"2019-06-29T16:06:56+00:00","author":"Renato Dias","twitter_card":"summary_large_image","twitter_creator":"@RenatoDiasBat","twitter_site":"@RenatoDiasBat","twitter_misc":{"Escrito por":"Renato Dias","Est. tempo de leitura":"2 minutos"},"schema":{"@context":"https:\/\/schema.org","@graph":[{"@type":"Article","@id":"https:\/\/renatodias.online\/movimento\/2019\/06\/29\/assembleia-legislativa-faz-audiencia-publica\/#article","isPartOf":{"@id":"https:\/\/renatodias.online\/movimento\/2019\/06\/29\/assembleia-legislativa-faz-audiencia-publica\/"},"author":{"name":"Renato Dias","@id":"https:\/\/renatodias.online\/movimento\/#\/schema\/person\/bbab28833b1725a20f4083f49f1fb2a9"},"headline":"Assembleia Legislativa faz audi\u00eancia p\u00fablica","datePublished":"2019-06-29T16:06:56+00:00","mainEntityOfPage":{"@id":"https:\/\/renatodias.online\/movimento\/2019\/06\/29\/assembleia-legislativa-faz-audiencia-publica\/"},"wordCount":418,"commentCount":0,"publisher":{"@id":"https:\/\/renatodias.online\/movimento\/#\/schema\/person\/bbab28833b1725a20f4083f49f1fb2a9"},"image":{"@id":"https:\/\/renatodias.online\/movimento\/2019\/06\/29\/assembleia-legislativa-faz-audiencia-publica\/#primaryimage"},"thumbnailUrl":"","articleSection":["Pol\u00edtica"],"inLanguage":"pt-BR","potentialAction":[{"@type":"CommentAction","name":"Comment","target":["https:\/\/renatodias.online\/movimento\/2019\/06\/29\/assembleia-legislativa-faz-audiencia-publica\/#respond"]}]},{"@type":"WebPage","@id":"https:\/\/renatodias.online\/movimento\/2019\/06\/29\/assembleia-legislativa-faz-audiencia-publica\/","url":"https:\/\/renatodias.online\/movimento\/2019\/06\/29\/assembleia-legislativa-faz-audiencia-publica\/","name":"Assembleia Legislativa faz audi\u00eancia p\u00fablica -","isPartOf":{"@id":"https:\/\/renatodias.online\/movimento\/#website"},"primaryImageOfPage":{"@id":"https:\/\/renatodias.online\/movimento\/2019\/06\/29\/assembleia-legislativa-faz-audiencia-publica\/#primaryimage"},"image":{"@id":"https:\/\/renatodias.online\/movimento\/2019\/06\/29\/assembleia-legislativa-faz-audiencia-publica\/#primaryimage"},"thumbnailUrl":"","datePublished":"2019-06-29T16:06:56+00:00","breadcrumb":{"@id":"https:\/\/renatodias.online\/movimento\/2019\/06\/29\/assembleia-legislativa-faz-audiencia-publica\/#breadcrumb"},"inLanguage":"pt-BR","potentialAction":[{"@type":"ReadAction","target":["https:\/\/renatodias.online\/movimento\/2019\/06\/29\/assembleia-legislativa-faz-audiencia-publica\/"]}]},{"@type":"ImageObject","inLanguage":"pt-BR","@id":"https:\/\/renatodias.online\/movimento\/2019\/06\/29\/assembleia-legislativa-faz-audiencia-publica\/#primaryimage","url":"","contentUrl":""},{"@type":"BreadcrumbList","@id":"https:\/\/renatodias.online\/movimento\/2019\/06\/29\/assembleia-legislativa-faz-audiencia-publica\/#breadcrumb","itemListElement":[{"@type":"ListItem","position":1,"name":"In\u00edcio","item":"https:\/\/renatodias.online\/movimento\/"},{"@type":"ListItem","position":2,"name":"Assembleia Legislativa faz audi\u00eancia p\u00fablica"}]},{"@type":"WebSite","@id":"https:\/\/renatodias.online\/movimento\/#website","url":"https:\/\/renatodias.online\/movimento\/","name":"","description":"","publisher":{"@id":"https:\/\/renatodias.online\/movimento\/#\/schema\/person\/bbab28833b1725a20f4083f49f1fb2a9"},"potentialAction":[{"@type":"SearchAction","target":{"@type":"EntryPoint","urlTemplate":"https:\/\/renatodias.online\/movimento\/?s={search_term_string}"},"query-input":{"@type":"PropertyValueSpecification","valueRequired":true,"valueName":"search_term_string"}}],"inLanguage":"pt-BR"},{"@type":["Person","Organization"],"@id":"https:\/\/renatodias.online\/movimento\/#\/schema\/person\/bbab28833b1725a20f4083f49f1fb2a9","name":"Renato Dias","image":{"@type":"ImageObject","inLanguage":"pt-BR","@id":"https:\/\/renatodias.online\/movimento\/wp-content\/uploads\/2023\/03\/cropped-cropped-cropped-logofinal.jpeg","url":"https:\/\/renatodias.online\/movimento\/wp-content\/uploads\/2023\/03\/cropped-cropped-cropped-logofinal.jpeg","contentUrl":"https:\/\/renatodias.online\/movimento\/wp-content\/uploads\/2023\/03\/cropped-cropped-cropped-logofinal.jpeg","width":1280,"height":219,"caption":"Renato Dias"},"logo":{"@id":"https:\/\/renatodias.online\/movimento\/wp-content\/uploads\/2023\/03\/cropped-cropped-cropped-logofinal.jpeg"},"description":"Renato Dias, 58 anos, \u00e9 graduado em Jornalismo, formado em Ci\u00eancias Sociais, com p\u00f3s-gradua\u00e7\u00e3o em Pol\u00edticas P\u00fablicas, mestre em Direito e Rela\u00e7\u00f5es Internacionais, ex-aluno extraordin\u00e1rio do Doutorado em Psicologia Social, ex-estudante do Curso de Psican\u00e1lise do Centro de Estudos Psicanal\u00edticos do Estado de Goi\u00e1s, ministrado pelo m\u00e9dico psiquiatra e psicanalista Daniel Em\u00eddio de Souza. \u00c9 autor de 30 livros-reportagem, oito document\u00e1rios, ganhou 30 pr\u00eamios e \u00e9 torcedor apaixonado do maior do Centro-Oeste, o Vila Nova Futebol Clube. Casado com Meirilane Dias, \u00e9 pai de Juliana Dias, jornalista; Daniel Dias, economista; e Maria Rosa Dias, estudante antifascista, socialista e trotskista.\u00a0Com tr\u00eas pets: Porquinho [Bull Dog Franc\u00eas], Dalila [Basset Hound] e Geleia [Basset Hound]. Al\u00e9m do eterno gato Tutuquinho, que virou estrela.","sameAs":["https:\/\/www.facebook.com\/renato.dias.37","#breve","https:\/\/renatodias.tumblr.com\/"],"url":"https:\/\/renatodias.online\/movimento\/author\/renatodias\/"}]}},"_links":{"self":[{"href":"https:\/\/renatodias.online\/movimento\/wp-json\/wp\/v2\/posts\/1408","targetHints":{"allow":["GET"]}}],"collection":[{"href":"https:\/\/renatodias.online\/movimento\/wp-json\/wp\/v2\/posts"}],"about":[{"href":"https:\/\/renatodias.online\/movimento\/wp-json\/wp\/v2\/types\/post"}],"author":[{"embeddable":true,"href":"https:\/\/renatodias.online\/movimento\/wp-json\/wp\/v2\/users\/2"}],"replies":[{"embeddable":true,"href":"https:\/\/renatodias.online\/movimento\/wp-json\/wp\/v2\/comments?post=1408"}],"version-history":[{"count":0,"href":"https:\/\/renatodias.online\/movimento\/wp-json\/wp\/v2\/posts\/1408\/revisions"}],"wp:featuredmedia":[{"embeddable":true,"href":"https:\/\/renatodias.online\/movimento\/wp-json\/"}],"wp:attachment":[{"href":"https:\/\/renatodias.online\/movimento\/wp-json\/wp\/v2\/media?parent=1408"}],"wp:term":[{"taxonomy":"category","embeddable":true,"href":"https:\/\/renatodias.online\/movimento\/wp-json\/wp\/v2\/categories?post=1408"},{"taxonomy":"post_tag","embeddable":true,"href":"https:\/\/renatodias.online\/movimento\/wp-json\/wp\/v2\/tags?post=1408"}],"curies":[{"name":"wp","href":"https:\/\/api.w.org\/{rel}","templated":true}]}}