{"id":14063,"date":"2022-09-12T10:33:30","date_gmt":"2022-09-12T13:33:30","guid":{"rendered":"https:\/\/renatodias.online\/movimento\/?p=14063"},"modified":"2022-09-12T10:33:30","modified_gmt":"2022-09-12T13:33:30","slug":"arquiteto-do-protagonismo-de-marconi","status":"publish","type":"post","link":"https:\/\/renatodias.online\/movimento\/2022\/09\/12\/arquiteto-do-protagonismo-de-marconi\/","title":{"rendered":"Arquiteto do protagonismo de Marconi"},"content":{"rendered":"<p><strong><img loading=\"lazy\" decoding=\"async\" class=\"size-medium wp-image-5007 aligncenter\" src=\"https:\/\/renatodias.online\/movimento\/wp-content\/uploads\/2021\/01\/Alto-da-p\u00e1gina-Banner-Exclusivo-300x91.png\" alt=\"\" width=\"300\" height=\"91\" \/><\/strong><\/p>\n<h1 style=\"text-align: center;\"><span style=\"color: #808000;\"><strong>Jayme Rinc\u00f3n define t\u00e1ticas e estrat\u00e9gia<\/strong><\/span><\/h1>\n<h1><img loading=\"lazy\" decoding=\"async\" class=\"size-medium wp-image-11445 aligncenter\" src=\"https:\/\/renatodias.online\/movimento\/wp-content\/uploads\/2022\/03\/Eleicoes-de-2022-300x169.jpeg\" alt=\"\" width=\"300\" height=\"169\" srcset=\"https:\/\/renatodias.online\/movimento\/wp-content\/uploads\/2022\/03\/Eleicoes-de-2022-300x169.jpeg 300w, https:\/\/renatodias.online\/movimento\/wp-content\/uploads\/2022\/03\/Eleicoes-de-2022.jpeg 639w\" sizes=\"auto, (max-width: 300px) 100vw, 300px\" \/><\/h1>\n<h1 style=\"text-align: center;\"><span style=\"color: #666699;\"><strong>Marconi Perillo lidera, isolado, ao Senado<\/strong><\/span><\/h1>\n<figure id=\"attachment_14028\" aria-describedby=\"caption-attachment-14028\" style=\"width: 268px\" class=\"wp-caption aligncenter\"><img loading=\"lazy\" decoding=\"async\" class=\"size-medium wp-image-14028\" src=\"https:\/\/renatodias.online\/movimento\/wp-content\/uploads\/2022\/09\/Marconi-Perillo-figurinha-paz-e-amor-268x300.png\" alt=\"\" width=\"268\" height=\"300\" srcset=\"https:\/\/renatodias.online\/movimento\/wp-content\/uploads\/2022\/09\/Marconi-Perillo-figurinha-paz-e-amor-268x300.png 268w, https:\/\/renatodias.online\/movimento\/wp-content\/uploads\/2022\/09\/Marconi-Perillo-figurinha-paz-e-amor-913x1024.png 913w, https:\/\/renatodias.online\/movimento\/wp-content\/uploads\/2022\/09\/Marconi-Perillo-figurinha-paz-e-amor-768x861.png 768w, https:\/\/renatodias.online\/movimento\/wp-content\/uploads\/2022\/09\/Marconi-Perillo-figurinha-paz-e-amor-750x841.png 750w, https:\/\/renatodias.online\/movimento\/wp-content\/uploads\/2022\/09\/Marconi-Perillo-figurinha-paz-e-amor.png 1080w\" sizes=\"auto, (max-width: 268px) 100vw, 268px\" \/><figcaption id=\"caption-attachment-14028\" class=\"wp-caption-text\"><span style=\"color: #0000ff;\"><strong>Marconi Perillo figurinha especial do \u00e1lbum da sele\u00e7\u00e3o<\/strong><\/span><\/figcaption><\/figure>\n<p><strong>Renato Dias<\/strong><\/p>\n<p>Arquiteto das t\u00e1ticas e da estrat\u00e9gia jur\u00eddica que provou a sua inoc\u00eancia e de Marconi Perillo na Opera\u00e7\u00e3o Cash Delivery, r\u00e9plica da Lava Jato, e enterrou os processos na Corte Suprema, <strong><span style=\"color: #0000ff;\">Jayme Rinc\u00f3n \u00e9 o respons\u00e1vel pela retomada do protagonismo pol\u00edtico do l\u00edder tucano<\/span><\/strong> nas elei\u00e7\u00f5es de 2 de outubro<\/p>\n<blockquote>\n<h2><span style=\"color: #ff9900;\"><strong>Ex-governador \u00e9 l\u00edder isolado nas pesquisas Serpes, Ipec, Tv Record, Diagn\u00f3stico, Di\u00e1rio de Goi\u00e1s<\/strong><\/span><\/h2>\n<p><img loading=\"lazy\" decoding=\"async\" class=\"alignnone wp-image-13942 size-full\" src=\"https:\/\/renatodias.online\/movimento\/wp-content\/uploads\/2022\/08\/Pesquisa-ao-Senado-1.jpg\" alt=\"\" width=\"1270\" height=\"751\" srcset=\"https:\/\/renatodias.online\/movimento\/wp-content\/uploads\/2022\/08\/Pesquisa-ao-Senado-1.jpg 1270w, https:\/\/renatodias.online\/movimento\/wp-content\/uploads\/2022\/08\/Pesquisa-ao-Senado-1-300x177.jpg 300w, https:\/\/renatodias.online\/movimento\/wp-content\/uploads\/2022\/08\/Pesquisa-ao-Senado-1-768x454.jpg 768w, https:\/\/renatodias.online\/movimento\/wp-content\/uploads\/2022\/08\/Pesquisa-ao-Senado-1-750x444.jpg 750w\" sizes=\"auto, (max-width: 1270px) 100vw, 1270px\" \/><\/p><\/blockquote>\n<p>Aos 59 anos de idade, o ex-governador do Estado de Goi\u00e1s por quatro mandatos faz, hoje, uma campanha estilo paz e amor. Sem ataques pessoais vis a advers\u00e1rios. Com a apresenta\u00e7\u00e3o de projetos. Ao Senado. <span style=\"color: #0000ff;\"><strong>Al\u00e9m de revelar o que fez e ainda poder\u00e1 realizar na C\u00e2mara Alta, em Bras\u00edlia, a capital do Pa\u00eds<\/strong><\/span><\/p>\n<blockquote>\n<h2><span style=\"color: #ff9900;\"><strong>Nada de ataques pessoais, com apresenta\u00e7\u00e3o de propostas e relato de suas obras<\/strong><\/span><\/h2>\n<p><img loading=\"lazy\" decoding=\"async\" class=\"size-full wp-image-14027 aligncenter\" src=\"https:\/\/renatodias.online\/movimento\/wp-content\/uploads\/2022\/09\/Paz-e-amor-especial.jpg\" alt=\"\" width=\"225\" height=\"225\" srcset=\"https:\/\/renatodias.online\/movimento\/wp-content\/uploads\/2022\/09\/Paz-e-amor-especial.jpg 225w, https:\/\/renatodias.online\/movimento\/wp-content\/uploads\/2022\/09\/Paz-e-amor-especial-150x150.jpg 150w\" sizes=\"auto, (max-width: 225px) 100vw, 225px\" \/><\/p><\/blockquote>\n<p>Como uma v\u00edtima <strong>de Lawfare, persegui\u00e7\u00e3o jur\u00eddica implac\u00e1vel com a motiva\u00e7\u00e3o pol\u00edtica expl\u00edcita, pornogr\u00e1fica,<\/strong> Jayme Rinc\u00f3n, assim como Marconi Perillo, n\u00e3o guarda \u00f3dio, est\u00e1 longe de destilar rancor contra os homens da conspira\u00e7\u00e3o, j\u00e1 que mant\u00e9m, hoje, os olhares voltado para o futuro pr\u00f3ximo.<\/p>\n<figure id=\"attachment_13417\" aria-describedby=\"caption-attachment-13417\" style=\"width: 900px\" class=\"wp-caption alignnone\"><img loading=\"lazy\" decoding=\"async\" class=\"size-full wp-image-13417\" src=\"https:\/\/renatodias.online\/movimento\/wp-content\/uploads\/2022\/07\/Marconi-Perillo-especial.jpg\" alt=\"\" width=\"900\" height=\"653\" \/><figcaption id=\"caption-attachment-13417\" class=\"wp-caption-text\"><span style=\"color: #0000ff;\"><strong>Marconi Perillo<\/strong><\/span><\/figcaption><\/figure>\n","protected":false},"excerpt":{"rendered":"<p>Jayme Rinc\u00f3n define t\u00e1ticas e estrat\u00e9gia Marconi Perillo lidera, isolado, ao Senado Renato Dias Arquiteto das t\u00e1ticas e da estrat\u00e9gia jur\u00eddica que provou a sua inoc\u00eancia e de Marconi Perillo na Opera\u00e7\u00e3o Cash Delivery, r\u00e9plica da Lava Jato, e enterrou os processos na Corte Suprema, Jayme Rinc\u00f3n \u00e9 o respons\u00e1vel pela retomada do protagonismo pol\u00edtico<\/p>\n","protected":false},"author":2,"featured_media":14026,"comment_status":"open","ping_status":"open","sticky":false,"template":"","format":"standard","meta":{"_acf_changed":false,"_monsterinsights_skip_tracking":false,"_monsterinsights_sitenote_active":false,"_monsterinsights_sitenote_note":"","_monsterinsights_sitenote_category":0,"footnotes":""},"categories":[4],"tags":[],"class_list":["post-14063","post","type-post","status-publish","format-standard","has-post-thumbnail","hentry","category-politica"],"acf":[],"yoast_head":"<!-- This site is optimized with the Yoast SEO plugin v27.4 - https:\/\/yoast.com\/product\/yoast-seo-wordpress\/ -->\n<title>Arquiteto do protagonismo de Marconi -<\/title>\n<meta name=\"robots\" content=\"index, follow, max-snippet:-1, max-image-preview:large, max-video-preview:-1\" \/>\n<link rel=\"canonical\" href=\"https:\/\/renatodias.online\/movimento\/2022\/09\/12\/arquiteto-do-protagonismo-de-marconi\/\" \/>\n<meta property=\"og:locale\" content=\"pt_BR\" \/>\n<meta property=\"og:type\" content=\"article\" \/>\n<meta property=\"og:title\" content=\"Arquiteto do protagonismo de Marconi -\" \/>\n<meta property=\"og:description\" content=\"Jayme Rinc\u00f3n define t\u00e1ticas e estrat\u00e9gia Marconi Perillo lidera, isolado, ao Senado Renato Dias Arquiteto das t\u00e1ticas e da estrat\u00e9gia jur\u00eddica que provou a sua inoc\u00eancia e de Marconi Perillo na Opera\u00e7\u00e3o Cash Delivery, r\u00e9plica da Lava Jato, e enterrou os processos na Corte Suprema, Jayme Rinc\u00f3n \u00e9 o respons\u00e1vel pela retomada do protagonismo pol\u00edtico\" \/>\n<meta property=\"og:url\" content=\"https:\/\/renatodias.online\/movimento\/2022\/09\/12\/arquiteto-do-protagonismo-de-marconi\/\" \/>\n<meta property=\"article:publisher\" content=\"https:\/\/www.facebook.com\/renato.dias.37\" \/>\n<meta property=\"article:author\" content=\"https:\/\/www.facebook.com\/renato.dias.37\" \/>\n<meta property=\"article:published_time\" content=\"2022-09-12T13:33:30+00:00\" \/>\n<meta property=\"og:image\" content=\"https:\/\/renatodias.online\/movimento\/wp-content\/uploads\/2022\/09\/Jayme-Rincon-e1662374356619.jpg\" \/>\n\t<meta property=\"og:image:width\" content=\"380\" \/>\n\t<meta property=\"og:image:height\" content=\"242\" \/>\n\t<meta property=\"og:image:type\" content=\"image\/jpeg\" \/>\n<meta name=\"author\" content=\"Renato Dias\" \/>\n<meta name=\"twitter:card\" content=\"summary_large_image\" \/>\n<meta name=\"twitter:creator\" content=\"@RenatoDiasBat\" \/>\n<meta name=\"twitter:site\" content=\"@RenatoDiasBat\" \/>\n<meta name=\"twitter:label1\" content=\"Escrito por\" \/>\n\t<meta name=\"twitter:data1\" content=\"Renato Dias\" \/>\n\t<meta name=\"twitter:label2\" content=\"Est. tempo de leitura\" \/>\n\t<meta name=\"twitter:data2\" content=\"1 minuto\" \/>\n<script type=\"application\/ld+json\" class=\"yoast-schema-graph\">{\"@context\":\"https:\\\/\\\/schema.org\",\"@graph\":[{\"@type\":\"Article\",\"@id\":\"https:\\\/\\\/renatodias.online\\\/movimento\\\/2022\\\/09\\\/12\\\/arquiteto-do-protagonismo-de-marconi\\\/#article\",\"isPartOf\":{\"@id\":\"https:\\\/\\\/renatodias.online\\\/movimento\\\/2022\\\/09\\\/12\\\/arquiteto-do-protagonismo-de-marconi\\\/\"},\"author\":{\"name\":\"Renato Dias\",\"@id\":\"https:\\\/\\\/renatodias.online\\\/movimento\\\/#\\\/schema\\\/person\\\/bbab28833b1725a20f4083f49f1fb2a9\"},\"headline\":\"Arquiteto do protagonismo de Marconi\",\"datePublished\":\"2022-09-12T13:33:30+00:00\",\"mainEntityOfPage\":{\"@id\":\"https:\\\/\\\/renatodias.online\\\/movimento\\\/2022\\\/09\\\/12\\\/arquiteto-do-protagonismo-de-marconi\\\/\"},\"wordCount\":254,\"commentCount\":0,\"publisher\":{\"@id\":\"https:\\\/\\\/renatodias.online\\\/movimento\\\/#\\\/schema\\\/person\\\/bbab28833b1725a20f4083f49f1fb2a9\"},\"image\":{\"@id\":\"https:\\\/\\\/renatodias.online\\\/movimento\\\/2022\\\/09\\\/12\\\/arquiteto-do-protagonismo-de-marconi\\\/#primaryimage\"},\"thumbnailUrl\":\"https:\\\/\\\/renatodias.online\\\/movimento\\\/wp-content\\\/uploads\\\/2022\\\/09\\\/Jayme-Rincon-e1662374356619.jpg\",\"articleSection\":[\"Pol\u00edtica\"],\"inLanguage\":\"pt-BR\",\"potentialAction\":[{\"@type\":\"CommentAction\",\"name\":\"Comment\",\"target\":[\"https:\\\/\\\/renatodias.online\\\/movimento\\\/2022\\\/09\\\/12\\\/arquiteto-do-protagonismo-de-marconi\\\/#respond\"]}]},{\"@type\":\"WebPage\",\"@id\":\"https:\\\/\\\/renatodias.online\\\/movimento\\\/2022\\\/09\\\/12\\\/arquiteto-do-protagonismo-de-marconi\\\/\",\"url\":\"https:\\\/\\\/renatodias.online\\\/movimento\\\/2022\\\/09\\\/12\\\/arquiteto-do-protagonismo-de-marconi\\\/\",\"name\":\"Arquiteto do protagonismo de Marconi -\",\"isPartOf\":{\"@id\":\"https:\\\/\\\/renatodias.online\\\/movimento\\\/#website\"},\"primaryImageOfPage\":{\"@id\":\"https:\\\/\\\/renatodias.online\\\/movimento\\\/2022\\\/09\\\/12\\\/arquiteto-do-protagonismo-de-marconi\\\/#primaryimage\"},\"image\":{\"@id\":\"https:\\\/\\\/renatodias.online\\\/movimento\\\/2022\\\/09\\\/12\\\/arquiteto-do-protagonismo-de-marconi\\\/#primaryimage\"},\"thumbnailUrl\":\"https:\\\/\\\/renatodias.online\\\/movimento\\\/wp-content\\\/uploads\\\/2022\\\/09\\\/Jayme-Rincon-e1662374356619.jpg\",\"datePublished\":\"2022-09-12T13:33:30+00:00\",\"breadcrumb\":{\"@id\":\"https:\\\/\\\/renatodias.online\\\/movimento\\\/2022\\\/09\\\/12\\\/arquiteto-do-protagonismo-de-marconi\\\/#breadcrumb\"},\"inLanguage\":\"pt-BR\",\"potentialAction\":[{\"@type\":\"ReadAction\",\"target\":[\"https:\\\/\\\/renatodias.online\\\/movimento\\\/2022\\\/09\\\/12\\\/arquiteto-do-protagonismo-de-marconi\\\/\"]}]},{\"@type\":\"ImageObject\",\"inLanguage\":\"pt-BR\",\"@id\":\"https:\\\/\\\/renatodias.online\\\/movimento\\\/2022\\\/09\\\/12\\\/arquiteto-do-protagonismo-de-marconi\\\/#primaryimage\",\"url\":\"https:\\\/\\\/renatodias.online\\\/movimento\\\/wp-content\\\/uploads\\\/2022\\\/09\\\/Jayme-Rincon-e1662374356619.jpg\",\"contentUrl\":\"https:\\\/\\\/renatodias.online\\\/movimento\\\/wp-content\\\/uploads\\\/2022\\\/09\\\/Jayme-Rincon-e1662374356619.jpg\",\"width\":380,\"height\":242,\"caption\":\"Jayme Rinc\u00f3n\"},{\"@type\":\"BreadcrumbList\",\"@id\":\"https:\\\/\\\/renatodias.online\\\/movimento\\\/2022\\\/09\\\/12\\\/arquiteto-do-protagonismo-de-marconi\\\/#breadcrumb\",\"itemListElement\":[{\"@type\":\"ListItem\",\"position\":1,\"name\":\"In\u00edcio\",\"item\":\"https:\\\/\\\/renatodias.online\\\/movimento\\\/\"},{\"@type\":\"ListItem\",\"position\":2,\"name\":\"Arquiteto do protagonismo de Marconi\"}]},{\"@type\":\"WebSite\",\"@id\":\"https:\\\/\\\/renatodias.online\\\/movimento\\\/#website\",\"url\":\"https:\\\/\\\/renatodias.online\\\/movimento\\\/\",\"name\":\"\",\"description\":\"\",\"publisher\":{\"@id\":\"https:\\\/\\\/renatodias.online\\\/movimento\\\/#\\\/schema\\\/person\\\/bbab28833b1725a20f4083f49f1fb2a9\"},\"potentialAction\":[{\"@type\":\"SearchAction\",\"target\":{\"@type\":\"EntryPoint\",\"urlTemplate\":\"https:\\\/\\\/renatodias.online\\\/movimento\\\/?s={search_term_string}\"},\"query-input\":{\"@type\":\"PropertyValueSpecification\",\"valueRequired\":true,\"valueName\":\"search_term_string\"}}],\"inLanguage\":\"pt-BR\"},{\"@type\":[\"Person\",\"Organization\"],\"@id\":\"https:\\\/\\\/renatodias.online\\\/movimento\\\/#\\\/schema\\\/person\\\/bbab28833b1725a20f4083f49f1fb2a9\",\"name\":\"Renato Dias\",\"image\":{\"@type\":\"ImageObject\",\"inLanguage\":\"pt-BR\",\"@id\":\"https:\\\/\\\/renatodias.online\\\/movimento\\\/wp-content\\\/uploads\\\/2023\\\/03\\\/cropped-cropped-cropped-logofinal.jpeg\",\"url\":\"https:\\\/\\\/renatodias.online\\\/movimento\\\/wp-content\\\/uploads\\\/2023\\\/03\\\/cropped-cropped-cropped-logofinal.jpeg\",\"contentUrl\":\"https:\\\/\\\/renatodias.online\\\/movimento\\\/wp-content\\\/uploads\\\/2023\\\/03\\\/cropped-cropped-cropped-logofinal.jpeg\",\"width\":1280,\"height\":219,\"caption\":\"Renato Dias\"},\"logo\":{\"@id\":\"https:\\\/\\\/renatodias.online\\\/movimento\\\/wp-content\\\/uploads\\\/2023\\\/03\\\/cropped-cropped-cropped-logofinal.jpeg\"},\"description\":\"Renato Dias, 58 anos, \u00e9 graduado em Jornalismo, formado em Ci\u00eancias Sociais, com p\u00f3s-gradua\u00e7\u00e3o em Pol\u00edticas P\u00fablicas, mestre em Direito e Rela\u00e7\u00f5es Internacionais, ex-aluno extraordin\u00e1rio do Doutorado em Psicologia Social, ex-estudante do Curso de Psican\u00e1lise do Centro de Estudos Psicanal\u00edticos do Estado de Goi\u00e1s, ministrado pelo m\u00e9dico psiquiatra e psicanalista Daniel Em\u00eddio de Souza. \u00c9 autor de 30 livros-reportagem, oito document\u00e1rios, ganhou 30 pr\u00eamios e \u00e9 torcedor apaixonado do maior do Centro-Oeste, o Vila Nova Futebol Clube. Casado com Meirilane Dias, \u00e9 pai de Juliana Dias, jornalista; Daniel Dias, economista; e Maria Rosa Dias, estudante antifascista, socialista e trotskista.\u00a0Com tr\u00eas pets: Porquinho [Bull Dog Franc\u00eas], Dalila [Basset Hound] e Geleia [Basset Hound]. Al\u00e9m do eterno gato Tutuquinho, que virou estrela.\",\"sameAs\":[\"https:\\\/\\\/www.facebook.com\\\/renato.dias.37\",\"#breve\",\"https:\\\/\\\/renatodias.tumblr.com\\\/\"],\"url\":\"https:\\\/\\\/renatodias.online\\\/movimento\\\/author\\\/renatodias\\\/\"}]}<\/script>\n<!-- \/ Yoast SEO plugin. -->","yoast_head_json":{"title":"Arquiteto do protagonismo de Marconi -","robots":{"index":"index","follow":"follow","max-snippet":"max-snippet:-1","max-image-preview":"max-image-preview:large","max-video-preview":"max-video-preview:-1"},"canonical":"https:\/\/renatodias.online\/movimento\/2022\/09\/12\/arquiteto-do-protagonismo-de-marconi\/","og_locale":"pt_BR","og_type":"article","og_title":"Arquiteto do protagonismo de Marconi -","og_description":"Jayme Rinc\u00f3n define t\u00e1ticas e estrat\u00e9gia Marconi Perillo lidera, isolado, ao Senado Renato Dias Arquiteto das t\u00e1ticas e da estrat\u00e9gia jur\u00eddica que provou a sua inoc\u00eancia e de Marconi Perillo na Opera\u00e7\u00e3o Cash Delivery, r\u00e9plica da Lava Jato, e enterrou os processos na Corte Suprema, Jayme Rinc\u00f3n \u00e9 o respons\u00e1vel pela retomada do protagonismo pol\u00edtico","og_url":"https:\/\/renatodias.online\/movimento\/2022\/09\/12\/arquiteto-do-protagonismo-de-marconi\/","article_publisher":"https:\/\/www.facebook.com\/renato.dias.37","article_author":"https:\/\/www.facebook.com\/renato.dias.37","article_published_time":"2022-09-12T13:33:30+00:00","og_image":[{"width":380,"height":242,"url":"https:\/\/renatodias.online\/movimento\/wp-content\/uploads\/2022\/09\/Jayme-Rincon-e1662374356619.jpg","type":"image\/jpeg"}],"author":"Renato Dias","twitter_card":"summary_large_image","twitter_creator":"@RenatoDiasBat","twitter_site":"@RenatoDiasBat","twitter_misc":{"Escrito por":"Renato Dias","Est. tempo de leitura":"1 minuto"},"schema":{"@context":"https:\/\/schema.org","@graph":[{"@type":"Article","@id":"https:\/\/renatodias.online\/movimento\/2022\/09\/12\/arquiteto-do-protagonismo-de-marconi\/#article","isPartOf":{"@id":"https:\/\/renatodias.online\/movimento\/2022\/09\/12\/arquiteto-do-protagonismo-de-marconi\/"},"author":{"name":"Renato Dias","@id":"https:\/\/renatodias.online\/movimento\/#\/schema\/person\/bbab28833b1725a20f4083f49f1fb2a9"},"headline":"Arquiteto do protagonismo de Marconi","datePublished":"2022-09-12T13:33:30+00:00","mainEntityOfPage":{"@id":"https:\/\/renatodias.online\/movimento\/2022\/09\/12\/arquiteto-do-protagonismo-de-marconi\/"},"wordCount":254,"commentCount":0,"publisher":{"@id":"https:\/\/renatodias.online\/movimento\/#\/schema\/person\/bbab28833b1725a20f4083f49f1fb2a9"},"image":{"@id":"https:\/\/renatodias.online\/movimento\/2022\/09\/12\/arquiteto-do-protagonismo-de-marconi\/#primaryimage"},"thumbnailUrl":"https:\/\/renatodias.online\/movimento\/wp-content\/uploads\/2022\/09\/Jayme-Rincon-e1662374356619.jpg","articleSection":["Pol\u00edtica"],"inLanguage":"pt-BR","potentialAction":[{"@type":"CommentAction","name":"Comment","target":["https:\/\/renatodias.online\/movimento\/2022\/09\/12\/arquiteto-do-protagonismo-de-marconi\/#respond"]}]},{"@type":"WebPage","@id":"https:\/\/renatodias.online\/movimento\/2022\/09\/12\/arquiteto-do-protagonismo-de-marconi\/","url":"https:\/\/renatodias.online\/movimento\/2022\/09\/12\/arquiteto-do-protagonismo-de-marconi\/","name":"Arquiteto do protagonismo de Marconi -","isPartOf":{"@id":"https:\/\/renatodias.online\/movimento\/#website"},"primaryImageOfPage":{"@id":"https:\/\/renatodias.online\/movimento\/2022\/09\/12\/arquiteto-do-protagonismo-de-marconi\/#primaryimage"},"image":{"@id":"https:\/\/renatodias.online\/movimento\/2022\/09\/12\/arquiteto-do-protagonismo-de-marconi\/#primaryimage"},"thumbnailUrl":"https:\/\/renatodias.online\/movimento\/wp-content\/uploads\/2022\/09\/Jayme-Rincon-e1662374356619.jpg","datePublished":"2022-09-12T13:33:30+00:00","breadcrumb":{"@id":"https:\/\/renatodias.online\/movimento\/2022\/09\/12\/arquiteto-do-protagonismo-de-marconi\/#breadcrumb"},"inLanguage":"pt-BR","potentialAction":[{"@type":"ReadAction","target":["https:\/\/renatodias.online\/movimento\/2022\/09\/12\/arquiteto-do-protagonismo-de-marconi\/"]}]},{"@type":"ImageObject","inLanguage":"pt-BR","@id":"https:\/\/renatodias.online\/movimento\/2022\/09\/12\/arquiteto-do-protagonismo-de-marconi\/#primaryimage","url":"https:\/\/renatodias.online\/movimento\/wp-content\/uploads\/2022\/09\/Jayme-Rincon-e1662374356619.jpg","contentUrl":"https:\/\/renatodias.online\/movimento\/wp-content\/uploads\/2022\/09\/Jayme-Rincon-e1662374356619.jpg","width":380,"height":242,"caption":"Jayme Rinc\u00f3n"},{"@type":"BreadcrumbList","@id":"https:\/\/renatodias.online\/movimento\/2022\/09\/12\/arquiteto-do-protagonismo-de-marconi\/#breadcrumb","itemListElement":[{"@type":"ListItem","position":1,"name":"In\u00edcio","item":"https:\/\/renatodias.online\/movimento\/"},{"@type":"ListItem","position":2,"name":"Arquiteto do protagonismo de Marconi"}]},{"@type":"WebSite","@id":"https:\/\/renatodias.online\/movimento\/#website","url":"https:\/\/renatodias.online\/movimento\/","name":"","description":"","publisher":{"@id":"https:\/\/renatodias.online\/movimento\/#\/schema\/person\/bbab28833b1725a20f4083f49f1fb2a9"},"potentialAction":[{"@type":"SearchAction","target":{"@type":"EntryPoint","urlTemplate":"https:\/\/renatodias.online\/movimento\/?s={search_term_string}"},"query-input":{"@type":"PropertyValueSpecification","valueRequired":true,"valueName":"search_term_string"}}],"inLanguage":"pt-BR"},{"@type":["Person","Organization"],"@id":"https:\/\/renatodias.online\/movimento\/#\/schema\/person\/bbab28833b1725a20f4083f49f1fb2a9","name":"Renato Dias","image":{"@type":"ImageObject","inLanguage":"pt-BR","@id":"https:\/\/renatodias.online\/movimento\/wp-content\/uploads\/2023\/03\/cropped-cropped-cropped-logofinal.jpeg","url":"https:\/\/renatodias.online\/movimento\/wp-content\/uploads\/2023\/03\/cropped-cropped-cropped-logofinal.jpeg","contentUrl":"https:\/\/renatodias.online\/movimento\/wp-content\/uploads\/2023\/03\/cropped-cropped-cropped-logofinal.jpeg","width":1280,"height":219,"caption":"Renato Dias"},"logo":{"@id":"https:\/\/renatodias.online\/movimento\/wp-content\/uploads\/2023\/03\/cropped-cropped-cropped-logofinal.jpeg"},"description":"Renato Dias, 58 anos, \u00e9 graduado em Jornalismo, formado em Ci\u00eancias Sociais, com p\u00f3s-gradua\u00e7\u00e3o em Pol\u00edticas P\u00fablicas, mestre em Direito e Rela\u00e7\u00f5es Internacionais, ex-aluno extraordin\u00e1rio do Doutorado em Psicologia Social, ex-estudante do Curso de Psican\u00e1lise do Centro de Estudos Psicanal\u00edticos do Estado de Goi\u00e1s, ministrado pelo m\u00e9dico psiquiatra e psicanalista Daniel Em\u00eddio de Souza. \u00c9 autor de 30 livros-reportagem, oito document\u00e1rios, ganhou 30 pr\u00eamios e \u00e9 torcedor apaixonado do maior do Centro-Oeste, o Vila Nova Futebol Clube. Casado com Meirilane Dias, \u00e9 pai de Juliana Dias, jornalista; Daniel Dias, economista; e Maria Rosa Dias, estudante antifascista, socialista e trotskista.\u00a0Com tr\u00eas pets: Porquinho [Bull Dog Franc\u00eas], Dalila [Basset Hound] e Geleia [Basset Hound]. Al\u00e9m do eterno gato Tutuquinho, que virou estrela.","sameAs":["https:\/\/www.facebook.com\/renato.dias.37","#breve","https:\/\/renatodias.tumblr.com\/"],"url":"https:\/\/renatodias.online\/movimento\/author\/renatodias\/"}]}},"_links":{"self":[{"href":"https:\/\/renatodias.online\/movimento\/wp-json\/wp\/v2\/posts\/14063","targetHints":{"allow":["GET"]}}],"collection":[{"href":"https:\/\/renatodias.online\/movimento\/wp-json\/wp\/v2\/posts"}],"about":[{"href":"https:\/\/renatodias.online\/movimento\/wp-json\/wp\/v2\/types\/post"}],"author":[{"embeddable":true,"href":"https:\/\/renatodias.online\/movimento\/wp-json\/wp\/v2\/users\/2"}],"replies":[{"embeddable":true,"href":"https:\/\/renatodias.online\/movimento\/wp-json\/wp\/v2\/comments?post=14063"}],"version-history":[{"count":1,"href":"https:\/\/renatodias.online\/movimento\/wp-json\/wp\/v2\/posts\/14063\/revisions"}],"predecessor-version":[{"id":14064,"href":"https:\/\/renatodias.online\/movimento\/wp-json\/wp\/v2\/posts\/14063\/revisions\/14064"}],"wp:featuredmedia":[{"embeddable":true,"href":"https:\/\/renatodias.online\/movimento\/wp-json\/wp\/v2\/media\/14026"}],"wp:attachment":[{"href":"https:\/\/renatodias.online\/movimento\/wp-json\/wp\/v2\/media?parent=14063"}],"wp:term":[{"taxonomy":"category","embeddable":true,"href":"https:\/\/renatodias.online\/movimento\/wp-json\/wp\/v2\/categories?post=14063"},{"taxonomy":"post_tag","embeddable":true,"href":"https:\/\/renatodias.online\/movimento\/wp-json\/wp\/v2\/tags?post=14063"}],"curies":[{"name":"wp","href":"https:\/\/api.w.org\/{rel}","templated":true}]}}