{"id":1405,"date":"2019-06-27T20:18:56","date_gmt":"2019-06-27T23:18:56","guid":{"rendered":"http:\/\/renatodias.online\/gyn\/?p=1405"},"modified":"2019-06-27T20:18:56","modified_gmt":"2019-06-27T23:18:56","slug":"ato-hoje-19h30-alexandre-liah-recebe-comenda","status":"publish","type":"post","link":"https:\/\/renatodias.online\/movimento\/2019\/06\/27\/ato-hoje-19h30-alexandre-liah-recebe-comenda\/","title":{"rendered":"Ato, hoje, 19h30 Alexandre Liah recebe comenda"},"content":{"rendered":"<p>\t\t\t\t<strong>Ato, hoje, 19h30<\/strong><\/p>\n<p><strong>Alexandre Liah recebe comenda<\/strong><\/p>\n<p><strong>C\u00e2mara Municipal lembra Dia da Cultura e outorga medalha J\u00falio Vilela<\/strong><\/p>\n<p><strong>Renato Dias<\/strong><\/p>\n<p>O artista pl\u00e1stico, um dos \u00edcones da vanguarda est\u00e9tica pict\u00f3rica em Goi\u00e1s, Alexandre Liah, com um p\u00e9 no velho Imp\u00e9rio Sovi\u00e9tico, origin\u00e1rio da Revolu\u00e7\u00e3o Russa deflagrada em 26 de ou\u00adtu\u00adbro de 1917 e que acabou em 25 de dezembro de 1991, com o an\u00fancio solene de Mikhail Gorbatchev, receber\u00e1, hoje, no Plen\u00e1rio da C\u00e2mara Municipal de Goi\u00e2nia, em sess\u00e3o a ser pre\u00adsi\u00addida pelo vereador Rom\u00e1rio Policarpo [PROS], a Comenda do M\u00e9rito da Cultura J\u00falio Vilela.<\/p>\n<p><strong>Artes visuais<\/strong><\/p>\n<p>Especial, a sess\u00e3o ocorrer\u00e1 na Casa de Leis, \u00e0s 19h30. A proposta \u00e9 de autoria do vereador tu\u00adca\u00adno Anselmo Pereira. Trata-se de um ato solene de comemora\u00e7\u00e3o do Dia da Cultura. Assim como de outorga de comendas.\u00a0 Celebrado no mercado das artes e da cultura, com tr\u00e2nsito no Bra\u00adsil e na Am\u00e9rica Latina, Alexandre Liah tem passagens marcadas na Faculdade de Artes Visuais da Universidade Federal de Goi\u00e1s [FAV-UFG] e o Instituto do Estado Basileu Fran\u00e7a.<\/p>\n<p><strong>Servi\u00e7o<\/strong><\/p>\n<p><strong>Ato:<\/strong> Dia da Cultura e outorga de comenda<\/p>\n<p><strong>Data:<\/strong> Nesta sexta-feira, 28 de junho de 2019<\/p>\n<p><strong>Hor\u00e1rio:<\/strong> 19h30<\/p>\n<p><strong>Local:<\/strong> Plen\u00e1rio da C\u00e2mara Municipal de Goi\u00e2nia<\/p>\n<p><strong>Artista homenageado:<\/strong> Alexandre Liah<\/p>\n<p><strong>Entrada:<\/strong> Aberta ao p\u00fablico<\/p>\n<p>Nome da comenda: J\u00falio Vilela\t\t<\/p>\n","protected":false},"excerpt":{"rendered":"<p>Ato, hoje, 19h30 Alexandre Liah recebe comenda C\u00e2mara Municipal lembra Dia da Cultura e outorga medalha J\u00falio Vilela Renato Dias O artista pl\u00e1stico, um dos \u00edcones da vanguarda est\u00e9tica pict\u00f3rica em Goi\u00e1s, Alexandre Liah, com um p\u00e9 no velho Imp\u00e9rio Sovi\u00e9tico, origin\u00e1rio da Revolu\u00e7\u00e3o Russa deflagrada em 26 de ou\u00adtu\u00adbro de 1917 e que acabou<\/p>\n","protected":false},"author":2,"featured_media":1406,"comment_status":"open","ping_status":"open","sticky":false,"template":"","format":"standard","meta":{"_acf_changed":false,"_monsterinsights_skip_tracking":false,"_monsterinsights_sitenote_active":false,"_monsterinsights_sitenote_note":"","_monsterinsights_sitenote_category":0,"footnotes":""},"categories":[25,4],"tags":[],"class_list":["post-1405","post","type-post","status-publish","format-standard","has-post-thumbnail","hentry","category-agenda","category-politica"],"acf":[],"yoast_head":"<!-- This site is optimized with the Yoast SEO plugin v27.4 - https:\/\/yoast.com\/product\/yoast-seo-wordpress\/ -->\n<title>Ato, hoje, 19h30 Alexandre Liah recebe comenda -<\/title>\n<meta name=\"robots\" content=\"index, follow, max-snippet:-1, max-image-preview:large, max-video-preview:-1\" \/>\n<link rel=\"canonical\" href=\"https:\/\/renatodias.online\/movimento\/2019\/06\/27\/ato-hoje-19h30-alexandre-liah-recebe-comenda\/\" \/>\n<meta property=\"og:locale\" content=\"pt_BR\" \/>\n<meta property=\"og:type\" content=\"article\" \/>\n<meta property=\"og:title\" content=\"Ato, hoje, 19h30 Alexandre Liah recebe comenda -\" \/>\n<meta property=\"og:description\" content=\"Ato, hoje, 19h30 Alexandre Liah recebe comenda C\u00e2mara Municipal lembra Dia da Cultura e outorga medalha J\u00falio Vilela Renato Dias O artista pl\u00e1stico, um dos \u00edcones da vanguarda est\u00e9tica pict\u00f3rica em Goi\u00e1s, Alexandre Liah, com um p\u00e9 no velho Imp\u00e9rio Sovi\u00e9tico, origin\u00e1rio da Revolu\u00e7\u00e3o Russa deflagrada em 26 de ou\u00adtu\u00adbro de 1917 e que acabou\" \/>\n<meta property=\"og:url\" content=\"https:\/\/renatodias.online\/movimento\/2019\/06\/27\/ato-hoje-19h30-alexandre-liah-recebe-comenda\/\" \/>\n<meta property=\"article:publisher\" content=\"https:\/\/www.facebook.com\/renato.dias.37\" \/>\n<meta property=\"article:author\" content=\"https:\/\/www.facebook.com\/renato.dias.37\" \/>\n<meta property=\"article:published_time\" content=\"2019-06-27T23:18:56+00:00\" \/>\n<meta name=\"author\" content=\"Renato Dias\" \/>\n<meta name=\"twitter:card\" content=\"summary_large_image\" \/>\n<meta name=\"twitter:creator\" content=\"@RenatoDiasBat\" \/>\n<meta name=\"twitter:site\" content=\"@RenatoDiasBat\" \/>\n<meta name=\"twitter:label1\" content=\"Escrito por\" \/>\n\t<meta name=\"twitter:data1\" content=\"Renato Dias\" \/>\n\t<meta name=\"twitter:label2\" content=\"Est. tempo de leitura\" \/>\n\t<meta name=\"twitter:data2\" content=\"1 minuto\" \/>\n<script type=\"application\/ld+json\" class=\"yoast-schema-graph\">{\"@context\":\"https:\\\/\\\/schema.org\",\"@graph\":[{\"@type\":\"Article\",\"@id\":\"https:\\\/\\\/renatodias.online\\\/movimento\\\/2019\\\/06\\\/27\\\/ato-hoje-19h30-alexandre-liah-recebe-comenda\\\/#article\",\"isPartOf\":{\"@id\":\"https:\\\/\\\/renatodias.online\\\/movimento\\\/2019\\\/06\\\/27\\\/ato-hoje-19h30-alexandre-liah-recebe-comenda\\\/\"},\"author\":{\"name\":\"Renato Dias\",\"@id\":\"https:\\\/\\\/renatodias.online\\\/movimento\\\/#\\\/schema\\\/person\\\/bbab28833b1725a20f4083f49f1fb2a9\"},\"headline\":\"Ato, hoje, 19h30 Alexandre Liah recebe comenda\",\"datePublished\":\"2019-06-27T23:18:56+00:00\",\"mainEntityOfPage\":{\"@id\":\"https:\\\/\\\/renatodias.online\\\/movimento\\\/2019\\\/06\\\/27\\\/ato-hoje-19h30-alexandre-liah-recebe-comenda\\\/\"},\"wordCount\":250,\"commentCount\":0,\"publisher\":{\"@id\":\"https:\\\/\\\/renatodias.online\\\/movimento\\\/#\\\/schema\\\/person\\\/bbab28833b1725a20f4083f49f1fb2a9\"},\"image\":{\"@id\":\"https:\\\/\\\/renatodias.online\\\/movimento\\\/2019\\\/06\\\/27\\\/ato-hoje-19h30-alexandre-liah-recebe-comenda\\\/#primaryimage\"},\"thumbnailUrl\":\"\",\"articleSection\":[\"Agenda\",\"Pol\u00edtica\"],\"inLanguage\":\"pt-BR\",\"potentialAction\":[{\"@type\":\"CommentAction\",\"name\":\"Comment\",\"target\":[\"https:\\\/\\\/renatodias.online\\\/movimento\\\/2019\\\/06\\\/27\\\/ato-hoje-19h30-alexandre-liah-recebe-comenda\\\/#respond\"]}]},{\"@type\":\"WebPage\",\"@id\":\"https:\\\/\\\/renatodias.online\\\/movimento\\\/2019\\\/06\\\/27\\\/ato-hoje-19h30-alexandre-liah-recebe-comenda\\\/\",\"url\":\"https:\\\/\\\/renatodias.online\\\/movimento\\\/2019\\\/06\\\/27\\\/ato-hoje-19h30-alexandre-liah-recebe-comenda\\\/\",\"name\":\"Ato, hoje, 19h30 Alexandre Liah recebe comenda -\",\"isPartOf\":{\"@id\":\"https:\\\/\\\/renatodias.online\\\/movimento\\\/#website\"},\"primaryImageOfPage\":{\"@id\":\"https:\\\/\\\/renatodias.online\\\/movimento\\\/2019\\\/06\\\/27\\\/ato-hoje-19h30-alexandre-liah-recebe-comenda\\\/#primaryimage\"},\"image\":{\"@id\":\"https:\\\/\\\/renatodias.online\\\/movimento\\\/2019\\\/06\\\/27\\\/ato-hoje-19h30-alexandre-liah-recebe-comenda\\\/#primaryimage\"},\"thumbnailUrl\":\"\",\"datePublished\":\"2019-06-27T23:18:56+00:00\",\"breadcrumb\":{\"@id\":\"https:\\\/\\\/renatodias.online\\\/movimento\\\/2019\\\/06\\\/27\\\/ato-hoje-19h30-alexandre-liah-recebe-comenda\\\/#breadcrumb\"},\"inLanguage\":\"pt-BR\",\"potentialAction\":[{\"@type\":\"ReadAction\",\"target\":[\"https:\\\/\\\/renatodias.online\\\/movimento\\\/2019\\\/06\\\/27\\\/ato-hoje-19h30-alexandre-liah-recebe-comenda\\\/\"]}]},{\"@type\":\"ImageObject\",\"inLanguage\":\"pt-BR\",\"@id\":\"https:\\\/\\\/renatodias.online\\\/movimento\\\/2019\\\/06\\\/27\\\/ato-hoje-19h30-alexandre-liah-recebe-comenda\\\/#primaryimage\",\"url\":\"\",\"contentUrl\":\"\"},{\"@type\":\"BreadcrumbList\",\"@id\":\"https:\\\/\\\/renatodias.online\\\/movimento\\\/2019\\\/06\\\/27\\\/ato-hoje-19h30-alexandre-liah-recebe-comenda\\\/#breadcrumb\",\"itemListElement\":[{\"@type\":\"ListItem\",\"position\":1,\"name\":\"In\u00edcio\",\"item\":\"https:\\\/\\\/renatodias.online\\\/movimento\\\/\"},{\"@type\":\"ListItem\",\"position\":2,\"name\":\"Ato, hoje, 19h30 Alexandre Liah recebe comenda\"}]},{\"@type\":\"WebSite\",\"@id\":\"https:\\\/\\\/renatodias.online\\\/movimento\\\/#website\",\"url\":\"https:\\\/\\\/renatodias.online\\\/movimento\\\/\",\"name\":\"\",\"description\":\"\",\"publisher\":{\"@id\":\"https:\\\/\\\/renatodias.online\\\/movimento\\\/#\\\/schema\\\/person\\\/bbab28833b1725a20f4083f49f1fb2a9\"},\"potentialAction\":[{\"@type\":\"SearchAction\",\"target\":{\"@type\":\"EntryPoint\",\"urlTemplate\":\"https:\\\/\\\/renatodias.online\\\/movimento\\\/?s={search_term_string}\"},\"query-input\":{\"@type\":\"PropertyValueSpecification\",\"valueRequired\":true,\"valueName\":\"search_term_string\"}}],\"inLanguage\":\"pt-BR\"},{\"@type\":[\"Person\",\"Organization\"],\"@id\":\"https:\\\/\\\/renatodias.online\\\/movimento\\\/#\\\/schema\\\/person\\\/bbab28833b1725a20f4083f49f1fb2a9\",\"name\":\"Renato Dias\",\"image\":{\"@type\":\"ImageObject\",\"inLanguage\":\"pt-BR\",\"@id\":\"https:\\\/\\\/renatodias.online\\\/movimento\\\/wp-content\\\/uploads\\\/2023\\\/03\\\/cropped-cropped-cropped-logofinal.jpeg\",\"url\":\"https:\\\/\\\/renatodias.online\\\/movimento\\\/wp-content\\\/uploads\\\/2023\\\/03\\\/cropped-cropped-cropped-logofinal.jpeg\",\"contentUrl\":\"https:\\\/\\\/renatodias.online\\\/movimento\\\/wp-content\\\/uploads\\\/2023\\\/03\\\/cropped-cropped-cropped-logofinal.jpeg\",\"width\":1280,\"height\":219,\"caption\":\"Renato Dias\"},\"logo\":{\"@id\":\"https:\\\/\\\/renatodias.online\\\/movimento\\\/wp-content\\\/uploads\\\/2023\\\/03\\\/cropped-cropped-cropped-logofinal.jpeg\"},\"description\":\"Renato Dias, 58 anos, \u00e9 graduado em Jornalismo, formado em Ci\u00eancias Sociais, com p\u00f3s-gradua\u00e7\u00e3o em Pol\u00edticas P\u00fablicas, mestre em Direito e Rela\u00e7\u00f5es Internacionais, ex-aluno extraordin\u00e1rio do Doutorado em Psicologia Social, ex-estudante do Curso de Psican\u00e1lise do Centro de Estudos Psicanal\u00edticos do Estado de Goi\u00e1s, ministrado pelo m\u00e9dico psiquiatra e psicanalista Daniel Em\u00eddio de Souza. \u00c9 autor de 30 livros-reportagem, oito document\u00e1rios, ganhou 30 pr\u00eamios e \u00e9 torcedor apaixonado do maior do Centro-Oeste, o Vila Nova Futebol Clube. Casado com Meirilane Dias, \u00e9 pai de Juliana Dias, jornalista; Daniel Dias, economista; e Maria Rosa Dias, estudante antifascista, socialista e trotskista.\u00a0Com tr\u00eas pets: Porquinho [Bull Dog Franc\u00eas], Dalila [Basset Hound] e Geleia [Basset Hound]. Al\u00e9m do eterno gato Tutuquinho, que virou estrela.\",\"sameAs\":[\"https:\\\/\\\/www.facebook.com\\\/renato.dias.37\",\"#breve\",\"https:\\\/\\\/renatodias.tumblr.com\\\/\"],\"url\":\"https:\\\/\\\/renatodias.online\\\/movimento\\\/author\\\/renatodias\\\/\"}]}<\/script>\n<!-- \/ Yoast SEO plugin. -->","yoast_head_json":{"title":"Ato, hoje, 19h30 Alexandre Liah recebe comenda -","robots":{"index":"index","follow":"follow","max-snippet":"max-snippet:-1","max-image-preview":"max-image-preview:large","max-video-preview":"max-video-preview:-1"},"canonical":"https:\/\/renatodias.online\/movimento\/2019\/06\/27\/ato-hoje-19h30-alexandre-liah-recebe-comenda\/","og_locale":"pt_BR","og_type":"article","og_title":"Ato, hoje, 19h30 Alexandre Liah recebe comenda -","og_description":"Ato, hoje, 19h30 Alexandre Liah recebe comenda C\u00e2mara Municipal lembra Dia da Cultura e outorga medalha J\u00falio Vilela Renato Dias O artista pl\u00e1stico, um dos \u00edcones da vanguarda est\u00e9tica pict\u00f3rica em Goi\u00e1s, Alexandre Liah, com um p\u00e9 no velho Imp\u00e9rio Sovi\u00e9tico, origin\u00e1rio da Revolu\u00e7\u00e3o Russa deflagrada em 26 de ou\u00adtu\u00adbro de 1917 e que acabou","og_url":"https:\/\/renatodias.online\/movimento\/2019\/06\/27\/ato-hoje-19h30-alexandre-liah-recebe-comenda\/","article_publisher":"https:\/\/www.facebook.com\/renato.dias.37","article_author":"https:\/\/www.facebook.com\/renato.dias.37","article_published_time":"2019-06-27T23:18:56+00:00","author":"Renato Dias","twitter_card":"summary_large_image","twitter_creator":"@RenatoDiasBat","twitter_site":"@RenatoDiasBat","twitter_misc":{"Escrito por":"Renato Dias","Est. tempo de leitura":"1 minuto"},"schema":{"@context":"https:\/\/schema.org","@graph":[{"@type":"Article","@id":"https:\/\/renatodias.online\/movimento\/2019\/06\/27\/ato-hoje-19h30-alexandre-liah-recebe-comenda\/#article","isPartOf":{"@id":"https:\/\/renatodias.online\/movimento\/2019\/06\/27\/ato-hoje-19h30-alexandre-liah-recebe-comenda\/"},"author":{"name":"Renato Dias","@id":"https:\/\/renatodias.online\/movimento\/#\/schema\/person\/bbab28833b1725a20f4083f49f1fb2a9"},"headline":"Ato, hoje, 19h30 Alexandre Liah recebe comenda","datePublished":"2019-06-27T23:18:56+00:00","mainEntityOfPage":{"@id":"https:\/\/renatodias.online\/movimento\/2019\/06\/27\/ato-hoje-19h30-alexandre-liah-recebe-comenda\/"},"wordCount":250,"commentCount":0,"publisher":{"@id":"https:\/\/renatodias.online\/movimento\/#\/schema\/person\/bbab28833b1725a20f4083f49f1fb2a9"},"image":{"@id":"https:\/\/renatodias.online\/movimento\/2019\/06\/27\/ato-hoje-19h30-alexandre-liah-recebe-comenda\/#primaryimage"},"thumbnailUrl":"","articleSection":["Agenda","Pol\u00edtica"],"inLanguage":"pt-BR","potentialAction":[{"@type":"CommentAction","name":"Comment","target":["https:\/\/renatodias.online\/movimento\/2019\/06\/27\/ato-hoje-19h30-alexandre-liah-recebe-comenda\/#respond"]}]},{"@type":"WebPage","@id":"https:\/\/renatodias.online\/movimento\/2019\/06\/27\/ato-hoje-19h30-alexandre-liah-recebe-comenda\/","url":"https:\/\/renatodias.online\/movimento\/2019\/06\/27\/ato-hoje-19h30-alexandre-liah-recebe-comenda\/","name":"Ato, hoje, 19h30 Alexandre Liah recebe comenda -","isPartOf":{"@id":"https:\/\/renatodias.online\/movimento\/#website"},"primaryImageOfPage":{"@id":"https:\/\/renatodias.online\/movimento\/2019\/06\/27\/ato-hoje-19h30-alexandre-liah-recebe-comenda\/#primaryimage"},"image":{"@id":"https:\/\/renatodias.online\/movimento\/2019\/06\/27\/ato-hoje-19h30-alexandre-liah-recebe-comenda\/#primaryimage"},"thumbnailUrl":"","datePublished":"2019-06-27T23:18:56+00:00","breadcrumb":{"@id":"https:\/\/renatodias.online\/movimento\/2019\/06\/27\/ato-hoje-19h30-alexandre-liah-recebe-comenda\/#breadcrumb"},"inLanguage":"pt-BR","potentialAction":[{"@type":"ReadAction","target":["https:\/\/renatodias.online\/movimento\/2019\/06\/27\/ato-hoje-19h30-alexandre-liah-recebe-comenda\/"]}]},{"@type":"ImageObject","inLanguage":"pt-BR","@id":"https:\/\/renatodias.online\/movimento\/2019\/06\/27\/ato-hoje-19h30-alexandre-liah-recebe-comenda\/#primaryimage","url":"","contentUrl":""},{"@type":"BreadcrumbList","@id":"https:\/\/renatodias.online\/movimento\/2019\/06\/27\/ato-hoje-19h30-alexandre-liah-recebe-comenda\/#breadcrumb","itemListElement":[{"@type":"ListItem","position":1,"name":"In\u00edcio","item":"https:\/\/renatodias.online\/movimento\/"},{"@type":"ListItem","position":2,"name":"Ato, hoje, 19h30 Alexandre Liah recebe comenda"}]},{"@type":"WebSite","@id":"https:\/\/renatodias.online\/movimento\/#website","url":"https:\/\/renatodias.online\/movimento\/","name":"","description":"","publisher":{"@id":"https:\/\/renatodias.online\/movimento\/#\/schema\/person\/bbab28833b1725a20f4083f49f1fb2a9"},"potentialAction":[{"@type":"SearchAction","target":{"@type":"EntryPoint","urlTemplate":"https:\/\/renatodias.online\/movimento\/?s={search_term_string}"},"query-input":{"@type":"PropertyValueSpecification","valueRequired":true,"valueName":"search_term_string"}}],"inLanguage":"pt-BR"},{"@type":["Person","Organization"],"@id":"https:\/\/renatodias.online\/movimento\/#\/schema\/person\/bbab28833b1725a20f4083f49f1fb2a9","name":"Renato Dias","image":{"@type":"ImageObject","inLanguage":"pt-BR","@id":"https:\/\/renatodias.online\/movimento\/wp-content\/uploads\/2023\/03\/cropped-cropped-cropped-logofinal.jpeg","url":"https:\/\/renatodias.online\/movimento\/wp-content\/uploads\/2023\/03\/cropped-cropped-cropped-logofinal.jpeg","contentUrl":"https:\/\/renatodias.online\/movimento\/wp-content\/uploads\/2023\/03\/cropped-cropped-cropped-logofinal.jpeg","width":1280,"height":219,"caption":"Renato Dias"},"logo":{"@id":"https:\/\/renatodias.online\/movimento\/wp-content\/uploads\/2023\/03\/cropped-cropped-cropped-logofinal.jpeg"},"description":"Renato Dias, 58 anos, \u00e9 graduado em Jornalismo, formado em Ci\u00eancias Sociais, com p\u00f3s-gradua\u00e7\u00e3o em Pol\u00edticas P\u00fablicas, mestre em Direito e Rela\u00e7\u00f5es Internacionais, ex-aluno extraordin\u00e1rio do Doutorado em Psicologia Social, ex-estudante do Curso de Psican\u00e1lise do Centro de Estudos Psicanal\u00edticos do Estado de Goi\u00e1s, ministrado pelo m\u00e9dico psiquiatra e psicanalista Daniel Em\u00eddio de Souza. \u00c9 autor de 30 livros-reportagem, oito document\u00e1rios, ganhou 30 pr\u00eamios e \u00e9 torcedor apaixonado do maior do Centro-Oeste, o Vila Nova Futebol Clube. Casado com Meirilane Dias, \u00e9 pai de Juliana Dias, jornalista; Daniel Dias, economista; e Maria Rosa Dias, estudante antifascista, socialista e trotskista.\u00a0Com tr\u00eas pets: Porquinho [Bull Dog Franc\u00eas], Dalila [Basset Hound] e Geleia [Basset Hound]. Al\u00e9m do eterno gato Tutuquinho, que virou estrela.","sameAs":["https:\/\/www.facebook.com\/renato.dias.37","#breve","https:\/\/renatodias.tumblr.com\/"],"url":"https:\/\/renatodias.online\/movimento\/author\/renatodias\/"}]}},"_links":{"self":[{"href":"https:\/\/renatodias.online\/movimento\/wp-json\/wp\/v2\/posts\/1405","targetHints":{"allow":["GET"]}}],"collection":[{"href":"https:\/\/renatodias.online\/movimento\/wp-json\/wp\/v2\/posts"}],"about":[{"href":"https:\/\/renatodias.online\/movimento\/wp-json\/wp\/v2\/types\/post"}],"author":[{"embeddable":true,"href":"https:\/\/renatodias.online\/movimento\/wp-json\/wp\/v2\/users\/2"}],"replies":[{"embeddable":true,"href":"https:\/\/renatodias.online\/movimento\/wp-json\/wp\/v2\/comments?post=1405"}],"version-history":[{"count":0,"href":"https:\/\/renatodias.online\/movimento\/wp-json\/wp\/v2\/posts\/1405\/revisions"}],"wp:featuredmedia":[{"embeddable":true,"href":"https:\/\/renatodias.online\/movimento\/wp-json\/"}],"wp:attachment":[{"href":"https:\/\/renatodias.online\/movimento\/wp-json\/wp\/v2\/media?parent=1405"}],"wp:term":[{"taxonomy":"category","embeddable":true,"href":"https:\/\/renatodias.online\/movimento\/wp-json\/wp\/v2\/categories?post=1405"},{"taxonomy":"post_tag","embeddable":true,"href":"https:\/\/renatodias.online\/movimento\/wp-json\/wp\/v2\/tags?post=1405"}],"curies":[{"name":"wp","href":"https:\/\/api.w.org\/{rel}","templated":true}]}}