{"id":13838,"date":"2022-08-21T23:46:43","date_gmt":"2022-08-22T02:46:43","guid":{"rendered":"https:\/\/renatodias.online\/movimento\/?p=13838"},"modified":"2022-08-21T23:46:43","modified_gmt":"2022-08-22T02:46:43","slug":"perillo-cresce-e-dispara-ao-senado","status":"publish","type":"post","link":"https:\/\/renatodias.online\/movimento\/2022\/08\/21\/perillo-cresce-e-dispara-ao-senado\/","title":{"rendered":"Perillo cresce e dispara ao Senado"},"content":{"rendered":"<p><strong><img loading=\"lazy\" decoding=\"async\" class=\"wp-image-11445 size-full aligncenter\" src=\"https:\/\/renatodias.online\/movimento\/wp-content\/uploads\/2022\/03\/Eleicoes-de-2022.jpeg\" alt=\"\" width=\"639\" height=\"361\" srcset=\"https:\/\/renatodias.online\/movimento\/wp-content\/uploads\/2022\/03\/Eleicoes-de-2022.jpeg 639w, https:\/\/renatodias.online\/movimento\/wp-content\/uploads\/2022\/03\/Eleicoes-de-2022-300x169.jpeg 300w\" sizes=\"auto, (max-width: 639px) 100vw, 639px\" \/><\/strong><\/p>\n<h1 style=\"text-align: center;\"><span style=\"color: #800000;\"><strong>Tucano abre quase 10 pontos de vantagem\u00a0<\/strong><\/span><\/h1>\n<p><img loading=\"lazy\" decoding=\"async\" class=\"size-full wp-image-13832 aligncenter\" src=\"https:\/\/renatodias.online\/movimento\/wp-content\/uploads\/2022\/08\/Veja.jpg\" alt=\"\" width=\"300\" height=\"150\" \/><\/p>\n<h1><img loading=\"lazy\" decoding=\"async\" class=\"wp-image-13839 size-large aligncenter\" src=\"https:\/\/renatodias.online\/movimento\/wp-content\/uploads\/2022\/08\/Serpes-1020x1024.png\" alt=\"\" width=\"1020\" height=\"1024\" srcset=\"https:\/\/renatodias.online\/movimento\/wp-content\/uploads\/2022\/08\/Serpes-1020x1024.png 1020w, https:\/\/renatodias.online\/movimento\/wp-content\/uploads\/2022\/08\/Serpes-300x300.png 300w, https:\/\/renatodias.online\/movimento\/wp-content\/uploads\/2022\/08\/Serpes-150x150.png 150w, https:\/\/renatodias.online\/movimento\/wp-content\/uploads\/2022\/08\/Serpes-768x771.png 768w, https:\/\/renatodias.online\/movimento\/wp-content\/uploads\/2022\/08\/Serpes-750x753.png 750w, https:\/\/renatodias.online\/movimento\/wp-content\/uploads\/2022\/08\/Serpes.png 1080w\" sizes=\"auto, (max-width: 1020px) 100vw, 1020px\" \/><\/h1>\n<h1 style=\"text-align: center;\"><span style=\"color: #0000ff;\"><strong>\u00c9 a pesquisa Serpes\/O Popular<\/strong><\/span><\/h1>\n<h1 style=\"text-align: center;\"><span style=\"color: #ff9900;\"><strong>Ao Senado<\/strong><\/span><\/h1>\n<p><figure id=\"attachment_13833\" aria-describedby=\"caption-attachment-13833\" style=\"width: 860px\" class=\"wp-caption alignnone\"><img loading=\"lazy\" decoding=\"async\" class=\"wp-image-13833 size-full\" src=\"https:\/\/renatodias.online\/movimento\/wp-content\/uploads\/2022\/08\/Senado.jpg\" alt=\"\" width=\"860\" height=\"570\" \/><figcaption id=\"caption-attachment-13833\" class=\"wp-caption-text\"><span style=\"color: #808000;\"><strong>O Senado da Rep\u00fablica, em Bras\u00edlia [DF]<\/strong><\/span><\/figcaption><\/figure><strong>Renato Dias\u00a0<\/strong><\/p>\n<p><strong>Marconi Perillo [PSDB], hoje com 24,7% das inten\u00e7\u00f5es de votos, lidera a disputa eleitoral ao Senado da Rep\u00fablica<\/strong>. \u00c9 o que aponta levantamento estat\u00edstico realizado pelo Instituto <strong>Serpes<\/strong> e publicado por <strong>O Popular<\/strong>.<\/p>\n<blockquote>\n<h1><span style=\"color: #008000;\"><strong>\u00c9 a segunda rodada. Para as elei\u00e7\u00f5es ao Senado<\/strong><\/span><\/h1>\n<\/blockquote>\n<p>\u00c9 a segunda rodada. Para as elei\u00e7\u00f5es ao Senado. O l\u00edder tucano, ex-governador do Estado de Goi\u00e1s por quatro mandatos, <strong>est\u00e1 9,3 pontos percentuais acima do segundo colocado<\/strong>, o deputado federal <strong>Waldir Soares [UB]<\/strong>, 15,4%.<\/p>\n<blockquote>\n<h1><span style=\"color: #008000;\"><strong>Mais: as elei\u00e7\u00f5es ocorrem dia 2 de outubro de 2022<\/strong><\/span><\/h1>\n<\/blockquote>\n<p>Os n\u00fameros correspondem \u00e0 estimulada. <strong>O presidente da Federa\u00e7\u00e3o PSDB e Cidadania<\/strong>\u00a0<strong>cresceu 5,6 pontos percentuais.<\/strong> Em rela\u00e7\u00e3o \u00e0 primeira rodada. Ele havia obtido 19,1%. Mais: as elei\u00e7\u00f5es ocorrem dia 2 de outubro de 2022.<\/p>\n<blockquote>\n<h1><span style=\"color: #008000;\"><strong>Na espont\u00e2nea, um crescimento de 5,4 pontos percentuais<\/strong><\/span><\/h1>\n<p><img loading=\"lazy\" decoding=\"async\" class=\"size-medium wp-image-13781 aligncenter\" src=\"https:\/\/renatodias.online\/movimento\/wp-content\/uploads\/2022\/08\/Raio-X-especial-300x112.png\" alt=\"\" width=\"300\" height=\"112\" \/><\/p><\/blockquote>\n<p>Jo\u00e3o Campos [Republicanos] \u00e9 o terceiro, com 6%. J\u00e1 Wilder Morais [PL], 4,7%. Vilmar Rocha [PSD] aparece com 3,6%. Alexandre Baldy [PP], 2,5%. Denise Carvalho [PC do B] com 2,4%. Leonardo Rizzo [Novo], 2%.<\/p>\n<blockquote>\n<h1><span style=\"color: #008000;\"><strong>Serpes\/O Popular foi executada entre os dias 13 e 17 de agosto<\/strong><\/span><\/h1>\n<\/blockquote>\n<p>Os trotskistas Ant\u00f4nio Carlos da Paix\u00e3o [PCO], 1,4%, e Hemanuele Jacob [Psol], 1,1%.\u00a0 A porcentagem dos eleitores que n\u00e3o votariam ou anulariam o voto \u00e9 de 9,6%. Os indecisos totalizariam\u00a0 26,6%.<\/p>\n<blockquote>\n<h1><span style=\"color: #008000;\"><strong>Serpes realizou 801 entrevistas<\/strong><\/span><\/h1>\n<\/blockquote>\n<p>A pesquisa na <strong>modalidade espont\u00e2nea mostra que Marconi Perillo pulou de 3,7% para 9,1%.<\/strong>\u00a0 <strong>Um crescimento estat\u00edstico expressivo. De 5,4 pontos percentuais<\/strong>. Para cima. Delegado, Waldir Soares tem 4%.<\/p>\n<p><img loading=\"lazy\" decoding=\"async\" class=\"size-medium wp-image-13698 aligncenter\" src=\"https:\/\/renatodias.online\/movimento\/wp-content\/uploads\/2022\/08\/Saiba-mais-300x103.png\" alt=\"\" width=\"300\" height=\"103\" \/><\/p>\n<h1 style=\"text-align: center;\"><span style=\"color: #666699;\"><strong>Protocolo no TRE [GO] \u00e9 08758\/2022 <\/strong><\/span><\/h1>\n<p>A pesquisa Serpes\/O Popular foi executada entre os dias <strong>13 e 17 de agosto de 2022<\/strong>. <strong>A margem de erro \u00e9 de 3,5 pontos percentuais<\/strong>. Serpes realizou 801 entrevistas. O protocolo no TRE de Goi\u00e1s \u00e9 08758\/2022 e no TSE com o n\u00famero BR-00273\/2022.<\/p>\n<figure id=\"attachment_13367\" aria-describedby=\"caption-attachment-13367\" style=\"width: 620px\" class=\"wp-caption aligncenter\"><img loading=\"lazy\" decoding=\"async\" class=\"wp-image-13367 size-full\" src=\"https:\/\/renatodias.online\/movimento\/wp-content\/uploads\/2022\/07\/Urnas-eletronicas-especial.jpeg\" alt=\"\" width=\"620\" height=\"300\" srcset=\"https:\/\/renatodias.online\/movimento\/wp-content\/uploads\/2022\/07\/Urnas-eletronicas-especial.jpeg 620w, https:\/\/renatodias.online\/movimento\/wp-content\/uploads\/2022\/07\/Urnas-eletronicas-especial-300x145.jpeg 300w\" sizes=\"auto, (max-width: 620px) 100vw, 620px\" \/><figcaption id=\"caption-attachment-13367\" class=\"wp-caption-text\"><strong>Urnas eletr\u00f4nicas do TSE<\/strong><\/figcaption><\/figure>\n","protected":false},"excerpt":{"rendered":"<p>Tucano abre quase 10 pontos de vantagem\u00a0 \u00c9 a pesquisa Serpes\/O Popular Ao Senado Renato Dias\u00a0 Marconi Perillo [PSDB], hoje com 24,7% das inten\u00e7\u00f5es de votos, lidera a disputa eleitoral ao Senado da Rep\u00fablica. \u00c9 o que aponta levantamento estat\u00edstico realizado pelo Instituto Serpes e publicado por O Popular. \u00c9 a segunda rodada. Para as<\/p>\n","protected":false},"author":2,"featured_media":13840,"comment_status":"open","ping_status":"open","sticky":false,"template":"","format":"standard","meta":{"_acf_changed":false,"_monsterinsights_skip_tracking":false,"_monsterinsights_sitenote_active":false,"_monsterinsights_sitenote_note":"","_monsterinsights_sitenote_category":0,"footnotes":""},"categories":[4],"tags":[],"class_list":["post-13838","post","type-post","status-publish","format-standard","has-post-thumbnail","hentry","category-politica"],"acf":[],"yoast_head":"<!-- This site is optimized with the Yoast SEO plugin v27.4 - https:\/\/yoast.com\/product\/yoast-seo-wordpress\/ -->\n<title>Perillo cresce e dispara ao Senado -<\/title>\n<meta name=\"robots\" content=\"index, follow, max-snippet:-1, max-image-preview:large, max-video-preview:-1\" \/>\n<link rel=\"canonical\" href=\"https:\/\/renatodias.online\/movimento\/2022\/08\/21\/perillo-cresce-e-dispara-ao-senado\/\" \/>\n<meta property=\"og:locale\" content=\"pt_BR\" \/>\n<meta property=\"og:type\" content=\"article\" \/>\n<meta property=\"og:title\" content=\"Perillo cresce e dispara ao Senado -\" \/>\n<meta property=\"og:description\" content=\"Tucano abre quase 10 pontos de vantagem\u00a0 \u00c9 a pesquisa Serpes\/O Popular Ao Senado Renato Dias\u00a0 Marconi Perillo [PSDB], hoje com 24,7% das inten\u00e7\u00f5es de votos, lidera a disputa eleitoral ao Senado da Rep\u00fablica. \u00c9 o que aponta levantamento estat\u00edstico realizado pelo Instituto Serpes e publicado por O Popular. \u00c9 a segunda rodada. Para as\" \/>\n<meta property=\"og:url\" content=\"https:\/\/renatodias.online\/movimento\/2022\/08\/21\/perillo-cresce-e-dispara-ao-senado\/\" \/>\n<meta property=\"article:publisher\" content=\"https:\/\/www.facebook.com\/renato.dias.37\" \/>\n<meta property=\"article:author\" content=\"https:\/\/www.facebook.com\/renato.dias.37\" \/>\n<meta property=\"article:published_time\" content=\"2022-08-22T02:46:43+00:00\" \/>\n<meta property=\"og:image\" content=\"https:\/\/renatodias.online\/movimento\/wp-content\/uploads\/2022\/08\/Marconi-Perillo-Serpes.png\" \/>\n\t<meta property=\"og:image:width\" content=\"1080\" \/>\n\t<meta property=\"og:image:height\" content=\"928\" \/>\n\t<meta property=\"og:image:type\" content=\"image\/png\" \/>\n<meta name=\"author\" content=\"Renato Dias\" \/>\n<meta name=\"twitter:card\" content=\"summary_large_image\" \/>\n<meta name=\"twitter:creator\" content=\"@RenatoDiasBat\" \/>\n<meta name=\"twitter:site\" content=\"@RenatoDiasBat\" \/>\n<meta name=\"twitter:label1\" content=\"Escrito por\" \/>\n\t<meta name=\"twitter:data1\" content=\"Renato Dias\" \/>\n\t<meta name=\"twitter:label2\" content=\"Est. tempo de leitura\" \/>\n\t<meta name=\"twitter:data2\" content=\"2 minutos\" \/>\n<script type=\"application\/ld+json\" class=\"yoast-schema-graph\">{\"@context\":\"https:\\\/\\\/schema.org\",\"@graph\":[{\"@type\":\"Article\",\"@id\":\"https:\\\/\\\/renatodias.online\\\/movimento\\\/2022\\\/08\\\/21\\\/perillo-cresce-e-dispara-ao-senado\\\/#article\",\"isPartOf\":{\"@id\":\"https:\\\/\\\/renatodias.online\\\/movimento\\\/2022\\\/08\\\/21\\\/perillo-cresce-e-dispara-ao-senado\\\/\"},\"author\":{\"name\":\"Renato Dias\",\"@id\":\"https:\\\/\\\/renatodias.online\\\/movimento\\\/#\\\/schema\\\/person\\\/bbab28833b1725a20f4083f49f1fb2a9\"},\"headline\":\"Perillo cresce e dispara ao Senado\",\"datePublished\":\"2022-08-22T02:46:43+00:00\",\"mainEntityOfPage\":{\"@id\":\"https:\\\/\\\/renatodias.online\\\/movimento\\\/2022\\\/08\\\/21\\\/perillo-cresce-e-dispara-ao-senado\\\/\"},\"wordCount\":318,\"commentCount\":0,\"publisher\":{\"@id\":\"https:\\\/\\\/renatodias.online\\\/movimento\\\/#\\\/schema\\\/person\\\/bbab28833b1725a20f4083f49f1fb2a9\"},\"image\":{\"@id\":\"https:\\\/\\\/renatodias.online\\\/movimento\\\/2022\\\/08\\\/21\\\/perillo-cresce-e-dispara-ao-senado\\\/#primaryimage\"},\"thumbnailUrl\":\"https:\\\/\\\/renatodias.online\\\/movimento\\\/wp-content\\\/uploads\\\/2022\\\/08\\\/Marconi-Perillo-Serpes.png\",\"articleSection\":[\"Pol\u00edtica\"],\"inLanguage\":\"pt-BR\",\"potentialAction\":[{\"@type\":\"CommentAction\",\"name\":\"Comment\",\"target\":[\"https:\\\/\\\/renatodias.online\\\/movimento\\\/2022\\\/08\\\/21\\\/perillo-cresce-e-dispara-ao-senado\\\/#respond\"]}]},{\"@type\":\"WebPage\",\"@id\":\"https:\\\/\\\/renatodias.online\\\/movimento\\\/2022\\\/08\\\/21\\\/perillo-cresce-e-dispara-ao-senado\\\/\",\"url\":\"https:\\\/\\\/renatodias.online\\\/movimento\\\/2022\\\/08\\\/21\\\/perillo-cresce-e-dispara-ao-senado\\\/\",\"name\":\"Perillo cresce e dispara ao Senado -\",\"isPartOf\":{\"@id\":\"https:\\\/\\\/renatodias.online\\\/movimento\\\/#website\"},\"primaryImageOfPage\":{\"@id\":\"https:\\\/\\\/renatodias.online\\\/movimento\\\/2022\\\/08\\\/21\\\/perillo-cresce-e-dispara-ao-senado\\\/#primaryimage\"},\"image\":{\"@id\":\"https:\\\/\\\/renatodias.online\\\/movimento\\\/2022\\\/08\\\/21\\\/perillo-cresce-e-dispara-ao-senado\\\/#primaryimage\"},\"thumbnailUrl\":\"https:\\\/\\\/renatodias.online\\\/movimento\\\/wp-content\\\/uploads\\\/2022\\\/08\\\/Marconi-Perillo-Serpes.png\",\"datePublished\":\"2022-08-22T02:46:43+00:00\",\"breadcrumb\":{\"@id\":\"https:\\\/\\\/renatodias.online\\\/movimento\\\/2022\\\/08\\\/21\\\/perillo-cresce-e-dispara-ao-senado\\\/#breadcrumb\"},\"inLanguage\":\"pt-BR\",\"potentialAction\":[{\"@type\":\"ReadAction\",\"target\":[\"https:\\\/\\\/renatodias.online\\\/movimento\\\/2022\\\/08\\\/21\\\/perillo-cresce-e-dispara-ao-senado\\\/\"]}]},{\"@type\":\"ImageObject\",\"inLanguage\":\"pt-BR\",\"@id\":\"https:\\\/\\\/renatodias.online\\\/movimento\\\/2022\\\/08\\\/21\\\/perillo-cresce-e-dispara-ao-senado\\\/#primaryimage\",\"url\":\"https:\\\/\\\/renatodias.online\\\/movimento\\\/wp-content\\\/uploads\\\/2022\\\/08\\\/Marconi-Perillo-Serpes.png\",\"contentUrl\":\"https:\\\/\\\/renatodias.online\\\/movimento\\\/wp-content\\\/uploads\\\/2022\\\/08\\\/Marconi-Perillo-Serpes.png\",\"width\":1080,\"height\":928,\"caption\":\"Marconi Perillo\"},{\"@type\":\"BreadcrumbList\",\"@id\":\"https:\\\/\\\/renatodias.online\\\/movimento\\\/2022\\\/08\\\/21\\\/perillo-cresce-e-dispara-ao-senado\\\/#breadcrumb\",\"itemListElement\":[{\"@type\":\"ListItem\",\"position\":1,\"name\":\"In\u00edcio\",\"item\":\"https:\\\/\\\/renatodias.online\\\/movimento\\\/\"},{\"@type\":\"ListItem\",\"position\":2,\"name\":\"Perillo cresce e dispara ao Senado\"}]},{\"@type\":\"WebSite\",\"@id\":\"https:\\\/\\\/renatodias.online\\\/movimento\\\/#website\",\"url\":\"https:\\\/\\\/renatodias.online\\\/movimento\\\/\",\"name\":\"\",\"description\":\"\",\"publisher\":{\"@id\":\"https:\\\/\\\/renatodias.online\\\/movimento\\\/#\\\/schema\\\/person\\\/bbab28833b1725a20f4083f49f1fb2a9\"},\"potentialAction\":[{\"@type\":\"SearchAction\",\"target\":{\"@type\":\"EntryPoint\",\"urlTemplate\":\"https:\\\/\\\/renatodias.online\\\/movimento\\\/?s={search_term_string}\"},\"query-input\":{\"@type\":\"PropertyValueSpecification\",\"valueRequired\":true,\"valueName\":\"search_term_string\"}}],\"inLanguage\":\"pt-BR\"},{\"@type\":[\"Person\",\"Organization\"],\"@id\":\"https:\\\/\\\/renatodias.online\\\/movimento\\\/#\\\/schema\\\/person\\\/bbab28833b1725a20f4083f49f1fb2a9\",\"name\":\"Renato Dias\",\"image\":{\"@type\":\"ImageObject\",\"inLanguage\":\"pt-BR\",\"@id\":\"https:\\\/\\\/renatodias.online\\\/movimento\\\/wp-content\\\/uploads\\\/2023\\\/03\\\/cropped-cropped-cropped-logofinal.jpeg\",\"url\":\"https:\\\/\\\/renatodias.online\\\/movimento\\\/wp-content\\\/uploads\\\/2023\\\/03\\\/cropped-cropped-cropped-logofinal.jpeg\",\"contentUrl\":\"https:\\\/\\\/renatodias.online\\\/movimento\\\/wp-content\\\/uploads\\\/2023\\\/03\\\/cropped-cropped-cropped-logofinal.jpeg\",\"width\":1280,\"height\":219,\"caption\":\"Renato Dias\"},\"logo\":{\"@id\":\"https:\\\/\\\/renatodias.online\\\/movimento\\\/wp-content\\\/uploads\\\/2023\\\/03\\\/cropped-cropped-cropped-logofinal.jpeg\"},\"description\":\"Renato Dias, 58 anos, \u00e9 graduado em Jornalismo, formado em Ci\u00eancias Sociais, com p\u00f3s-gradua\u00e7\u00e3o em Pol\u00edticas P\u00fablicas, mestre em Direito e Rela\u00e7\u00f5es Internacionais, ex-aluno extraordin\u00e1rio do Doutorado em Psicologia Social, ex-estudante do Curso de Psican\u00e1lise do Centro de Estudos Psicanal\u00edticos do Estado de Goi\u00e1s, ministrado pelo m\u00e9dico psiquiatra e psicanalista Daniel Em\u00eddio de Souza. \u00c9 autor de 30 livros-reportagem, oito document\u00e1rios, ganhou 30 pr\u00eamios e \u00e9 torcedor apaixonado do maior do Centro-Oeste, o Vila Nova Futebol Clube. Casado com Meirilane Dias, \u00e9 pai de Juliana Dias, jornalista; Daniel Dias, economista; e Maria Rosa Dias, estudante antifascista, socialista e trotskista.\u00a0Com tr\u00eas pets: Porquinho [Bull Dog Franc\u00eas], Dalila [Basset Hound] e Geleia [Basset Hound]. Al\u00e9m do eterno gato Tutuquinho, que virou estrela.\",\"sameAs\":[\"https:\\\/\\\/www.facebook.com\\\/renato.dias.37\",\"#breve\",\"https:\\\/\\\/renatodias.tumblr.com\\\/\"],\"url\":\"https:\\\/\\\/renatodias.online\\\/movimento\\\/author\\\/renatodias\\\/\"}]}<\/script>\n<!-- \/ Yoast SEO plugin. -->","yoast_head_json":{"title":"Perillo cresce e dispara ao Senado -","robots":{"index":"index","follow":"follow","max-snippet":"max-snippet:-1","max-image-preview":"max-image-preview:large","max-video-preview":"max-video-preview:-1"},"canonical":"https:\/\/renatodias.online\/movimento\/2022\/08\/21\/perillo-cresce-e-dispara-ao-senado\/","og_locale":"pt_BR","og_type":"article","og_title":"Perillo cresce e dispara ao Senado -","og_description":"Tucano abre quase 10 pontos de vantagem\u00a0 \u00c9 a pesquisa Serpes\/O Popular Ao Senado Renato Dias\u00a0 Marconi Perillo [PSDB], hoje com 24,7% das inten\u00e7\u00f5es de votos, lidera a disputa eleitoral ao Senado da Rep\u00fablica. \u00c9 o que aponta levantamento estat\u00edstico realizado pelo Instituto Serpes e publicado por O Popular. \u00c9 a segunda rodada. Para as","og_url":"https:\/\/renatodias.online\/movimento\/2022\/08\/21\/perillo-cresce-e-dispara-ao-senado\/","article_publisher":"https:\/\/www.facebook.com\/renato.dias.37","article_author":"https:\/\/www.facebook.com\/renato.dias.37","article_published_time":"2022-08-22T02:46:43+00:00","og_image":[{"width":1080,"height":928,"url":"https:\/\/renatodias.online\/movimento\/wp-content\/uploads\/2022\/08\/Marconi-Perillo-Serpes.png","type":"image\/png"}],"author":"Renato Dias","twitter_card":"summary_large_image","twitter_creator":"@RenatoDiasBat","twitter_site":"@RenatoDiasBat","twitter_misc":{"Escrito por":"Renato Dias","Est. tempo de leitura":"2 minutos"},"schema":{"@context":"https:\/\/schema.org","@graph":[{"@type":"Article","@id":"https:\/\/renatodias.online\/movimento\/2022\/08\/21\/perillo-cresce-e-dispara-ao-senado\/#article","isPartOf":{"@id":"https:\/\/renatodias.online\/movimento\/2022\/08\/21\/perillo-cresce-e-dispara-ao-senado\/"},"author":{"name":"Renato Dias","@id":"https:\/\/renatodias.online\/movimento\/#\/schema\/person\/bbab28833b1725a20f4083f49f1fb2a9"},"headline":"Perillo cresce e dispara ao Senado","datePublished":"2022-08-22T02:46:43+00:00","mainEntityOfPage":{"@id":"https:\/\/renatodias.online\/movimento\/2022\/08\/21\/perillo-cresce-e-dispara-ao-senado\/"},"wordCount":318,"commentCount":0,"publisher":{"@id":"https:\/\/renatodias.online\/movimento\/#\/schema\/person\/bbab28833b1725a20f4083f49f1fb2a9"},"image":{"@id":"https:\/\/renatodias.online\/movimento\/2022\/08\/21\/perillo-cresce-e-dispara-ao-senado\/#primaryimage"},"thumbnailUrl":"https:\/\/renatodias.online\/movimento\/wp-content\/uploads\/2022\/08\/Marconi-Perillo-Serpes.png","articleSection":["Pol\u00edtica"],"inLanguage":"pt-BR","potentialAction":[{"@type":"CommentAction","name":"Comment","target":["https:\/\/renatodias.online\/movimento\/2022\/08\/21\/perillo-cresce-e-dispara-ao-senado\/#respond"]}]},{"@type":"WebPage","@id":"https:\/\/renatodias.online\/movimento\/2022\/08\/21\/perillo-cresce-e-dispara-ao-senado\/","url":"https:\/\/renatodias.online\/movimento\/2022\/08\/21\/perillo-cresce-e-dispara-ao-senado\/","name":"Perillo cresce e dispara ao Senado -","isPartOf":{"@id":"https:\/\/renatodias.online\/movimento\/#website"},"primaryImageOfPage":{"@id":"https:\/\/renatodias.online\/movimento\/2022\/08\/21\/perillo-cresce-e-dispara-ao-senado\/#primaryimage"},"image":{"@id":"https:\/\/renatodias.online\/movimento\/2022\/08\/21\/perillo-cresce-e-dispara-ao-senado\/#primaryimage"},"thumbnailUrl":"https:\/\/renatodias.online\/movimento\/wp-content\/uploads\/2022\/08\/Marconi-Perillo-Serpes.png","datePublished":"2022-08-22T02:46:43+00:00","breadcrumb":{"@id":"https:\/\/renatodias.online\/movimento\/2022\/08\/21\/perillo-cresce-e-dispara-ao-senado\/#breadcrumb"},"inLanguage":"pt-BR","potentialAction":[{"@type":"ReadAction","target":["https:\/\/renatodias.online\/movimento\/2022\/08\/21\/perillo-cresce-e-dispara-ao-senado\/"]}]},{"@type":"ImageObject","inLanguage":"pt-BR","@id":"https:\/\/renatodias.online\/movimento\/2022\/08\/21\/perillo-cresce-e-dispara-ao-senado\/#primaryimage","url":"https:\/\/renatodias.online\/movimento\/wp-content\/uploads\/2022\/08\/Marconi-Perillo-Serpes.png","contentUrl":"https:\/\/renatodias.online\/movimento\/wp-content\/uploads\/2022\/08\/Marconi-Perillo-Serpes.png","width":1080,"height":928,"caption":"Marconi Perillo"},{"@type":"BreadcrumbList","@id":"https:\/\/renatodias.online\/movimento\/2022\/08\/21\/perillo-cresce-e-dispara-ao-senado\/#breadcrumb","itemListElement":[{"@type":"ListItem","position":1,"name":"In\u00edcio","item":"https:\/\/renatodias.online\/movimento\/"},{"@type":"ListItem","position":2,"name":"Perillo cresce e dispara ao Senado"}]},{"@type":"WebSite","@id":"https:\/\/renatodias.online\/movimento\/#website","url":"https:\/\/renatodias.online\/movimento\/","name":"","description":"","publisher":{"@id":"https:\/\/renatodias.online\/movimento\/#\/schema\/person\/bbab28833b1725a20f4083f49f1fb2a9"},"potentialAction":[{"@type":"SearchAction","target":{"@type":"EntryPoint","urlTemplate":"https:\/\/renatodias.online\/movimento\/?s={search_term_string}"},"query-input":{"@type":"PropertyValueSpecification","valueRequired":true,"valueName":"search_term_string"}}],"inLanguage":"pt-BR"},{"@type":["Person","Organization"],"@id":"https:\/\/renatodias.online\/movimento\/#\/schema\/person\/bbab28833b1725a20f4083f49f1fb2a9","name":"Renato Dias","image":{"@type":"ImageObject","inLanguage":"pt-BR","@id":"https:\/\/renatodias.online\/movimento\/wp-content\/uploads\/2023\/03\/cropped-cropped-cropped-logofinal.jpeg","url":"https:\/\/renatodias.online\/movimento\/wp-content\/uploads\/2023\/03\/cropped-cropped-cropped-logofinal.jpeg","contentUrl":"https:\/\/renatodias.online\/movimento\/wp-content\/uploads\/2023\/03\/cropped-cropped-cropped-logofinal.jpeg","width":1280,"height":219,"caption":"Renato Dias"},"logo":{"@id":"https:\/\/renatodias.online\/movimento\/wp-content\/uploads\/2023\/03\/cropped-cropped-cropped-logofinal.jpeg"},"description":"Renato Dias, 58 anos, \u00e9 graduado em Jornalismo, formado em Ci\u00eancias Sociais, com p\u00f3s-gradua\u00e7\u00e3o em Pol\u00edticas P\u00fablicas, mestre em Direito e Rela\u00e7\u00f5es Internacionais, ex-aluno extraordin\u00e1rio do Doutorado em Psicologia Social, ex-estudante do Curso de Psican\u00e1lise do Centro de Estudos Psicanal\u00edticos do Estado de Goi\u00e1s, ministrado pelo m\u00e9dico psiquiatra e psicanalista Daniel Em\u00eddio de Souza. \u00c9 autor de 30 livros-reportagem, oito document\u00e1rios, ganhou 30 pr\u00eamios e \u00e9 torcedor apaixonado do maior do Centro-Oeste, o Vila Nova Futebol Clube. Casado com Meirilane Dias, \u00e9 pai de Juliana Dias, jornalista; Daniel Dias, economista; e Maria Rosa Dias, estudante antifascista, socialista e trotskista.\u00a0Com tr\u00eas pets: Porquinho [Bull Dog Franc\u00eas], Dalila [Basset Hound] e Geleia [Basset Hound]. Al\u00e9m do eterno gato Tutuquinho, que virou estrela.","sameAs":["https:\/\/www.facebook.com\/renato.dias.37","#breve","https:\/\/renatodias.tumblr.com\/"],"url":"https:\/\/renatodias.online\/movimento\/author\/renatodias\/"}]}},"_links":{"self":[{"href":"https:\/\/renatodias.online\/movimento\/wp-json\/wp\/v2\/posts\/13838","targetHints":{"allow":["GET"]}}],"collection":[{"href":"https:\/\/renatodias.online\/movimento\/wp-json\/wp\/v2\/posts"}],"about":[{"href":"https:\/\/renatodias.online\/movimento\/wp-json\/wp\/v2\/types\/post"}],"author":[{"embeddable":true,"href":"https:\/\/renatodias.online\/movimento\/wp-json\/wp\/v2\/users\/2"}],"replies":[{"embeddable":true,"href":"https:\/\/renatodias.online\/movimento\/wp-json\/wp\/v2\/comments?post=13838"}],"version-history":[{"count":1,"href":"https:\/\/renatodias.online\/movimento\/wp-json\/wp\/v2\/posts\/13838\/revisions"}],"predecessor-version":[{"id":13841,"href":"https:\/\/renatodias.online\/movimento\/wp-json\/wp\/v2\/posts\/13838\/revisions\/13841"}],"wp:featuredmedia":[{"embeddable":true,"href":"https:\/\/renatodias.online\/movimento\/wp-json\/wp\/v2\/media\/13840"}],"wp:attachment":[{"href":"https:\/\/renatodias.online\/movimento\/wp-json\/wp\/v2\/media?parent=13838"}],"wp:term":[{"taxonomy":"category","embeddable":true,"href":"https:\/\/renatodias.online\/movimento\/wp-json\/wp\/v2\/categories?post=13838"},{"taxonomy":"post_tag","embeddable":true,"href":"https:\/\/renatodias.online\/movimento\/wp-json\/wp\/v2\/tags?post=13838"}],"curies":[{"name":"wp","href":"https:\/\/api.w.org\/{rel}","templated":true}]}}