{"id":13738,"date":"2022-08-16T20:10:53","date_gmt":"2022-08-16T23:10:53","guid":{"rendered":"https:\/\/renatodias.online\/movimento\/?p=13738"},"modified":"2022-08-16T20:12:11","modified_gmt":"2022-08-16T23:12:11","slug":"isaura-lemos-55-anos-de-lutas","status":"publish","type":"post","link":"https:\/\/renatodias.online\/movimento\/2022\/08\/16\/isaura-lemos-55-anos-de-lutas\/","title":{"rendered":"Isaura Lemos: 55 anos de lutas"},"content":{"rendered":"<p><img loading=\"lazy\" decoding=\"async\" class=\"wp-image-11445 size-full aligncenter\" src=\"https:\/\/renatodias.online\/movimento\/wp-content\/uploads\/2022\/03\/Eleicoes-de-2022.jpeg\" alt=\"\" width=\"639\" height=\"361\" srcset=\"https:\/\/renatodias.online\/movimento\/wp-content\/uploads\/2022\/03\/Eleicoes-de-2022.jpeg 639w, https:\/\/renatodias.online\/movimento\/wp-content\/uploads\/2022\/03\/Eleicoes-de-2022-300x169.jpeg 300w\" sizes=\"auto, (max-width: 639px) 100vw, 639px\" \/><\/p>\n<h1><img loading=\"lazy\" decoding=\"async\" class=\"alignnone wp-image-9334 size-full\" src=\"https:\/\/renatodias.online\/movimento\/wp-content\/uploads\/2021\/10\/Personagens-da-luta-contra-a-ditadura-Card.jpg\" alt=\"\" width=\"1167\" height=\"341\" \/><\/h1>\n<h2 style=\"text-align: center;\"><span style=\"color: #ff0000;\">Contra a ditadura, ontem. Fora Bolsonaro, hoje<br \/>\n<\/span><\/h2>\n<figure id=\"attachment_11710\" aria-describedby=\"caption-attachment-11710\" style=\"width: 933px\" class=\"wp-caption alignnone\"><img loading=\"lazy\" decoding=\"async\" class=\"size-full wp-image-11710\" src=\"https:\/\/renatodias.online\/movimento\/wp-content\/uploads\/2022\/04\/Sessao-especial-Isaura-Lemos.jpg\" alt=\"\" width=\"933\" height=\"623\" \/><figcaption id=\"caption-attachment-11710\" class=\"wp-caption-text\"><span style=\"color: #808000;\"><strong>Isaura Lemos<\/strong><\/span><\/figcaption><\/figure>\n<h1 style=\"text-align: center;\"><span style=\"color: #0000ff;\">Elei\u00e7\u00e3o \u00e0 Assembleia Legislativa<\/span><\/h1>\n<p><strong>Renato Dias<\/strong><\/p>\n<p>Ativista estudantil em 1968, o ano que n\u00e3o terminou, <span style=\"color: #ff00ff;\"><strong>Isaura Lemos<\/strong><\/span> integrou a A\u00e7\u00e3o Popular e participou da resist\u00eancia \u00e0 ditadura civil e militar no Brasil. Uma noite que durou 21 anos. A AP foi incorporada ao PC do B, no ano de 1972. Tempos sombrios.<\/p>\n<blockquote>\n<h1><strong><span style=\"color: #ff6600;\">Anistia, retorno \u00e0 vida legal e nos movimentos sociais<\/span>\u00a0<\/strong><\/h1>\n<figure id=\"attachment_3058\" aria-describedby=\"caption-attachment-3058\" style=\"width: 768px\" class=\"wp-caption alignnone\"><img loading=\"lazy\" decoding=\"async\" class=\"wp-image-3058 size-full\" src=\"https:\/\/renatodias.online\/movimento\/wp-content\/uploads\/2019\/11\/Ditadura-civil-e-militar-cinema-pol\u00edtico-1.jpg\" alt=\"Ditadura civil e militar - cinema pol\u00edtico 1\" width=\"768\" height=\"469\" srcset=\"https:\/\/renatodias.online\/movimento\/wp-content\/uploads\/2019\/11\/Ditadura-civil-e-militar-cinema-pol\u00edtico-1.jpg 768w, https:\/\/renatodias.online\/movimento\/wp-content\/uploads\/2019\/11\/Ditadura-civil-e-militar-cinema-pol\u00edtico-1-300x183.jpg 300w, https:\/\/renatodias.online\/movimento\/wp-content\/uploads\/2019\/11\/Ditadura-civil-e-militar-cinema-pol\u00edtico-1-750x458.jpg 750w\" sizes=\"auto, (max-width: 768px) 100vw, 768px\" \/><figcaption id=\"caption-attachment-3058\" class=\"wp-caption-text\"><strong><span style=\"color: #666699;\">Ditadura civil e militar<\/span><\/strong><\/figcaption><\/figure><\/blockquote>\n<p>Com a Lei de Anistia, sancionada em 28 de agosto de 1979, ela, <span style=\"color: #800000;\"><strong>Euler Ivo Vieira<\/strong><\/span>, o seu marido, e a primeira filha, <span style=\"color: #33cccc;\"><strong>Tatiana Lemos<\/strong><\/span>, nascida no Acre, em \u00e1rea erma, ensaiam o retorno a Goi\u00e2nia j\u00e1 em 1980. O casal cria o Movimento Contra a Carestia [Goi\u00e1s].<\/p>\n<blockquote>\n<h1><span style=\"color: #ff6600;\"><strong>Ela disputa a elei\u00e7\u00e3o \u00e0 Assembleia dia 2 de outubro\u00a0<\/strong><\/span><\/h1>\n<figure id=\"attachment_12809\" aria-describedby=\"caption-attachment-12809\" style=\"width: 1140px\" class=\"wp-caption alignnone\"><img loading=\"lazy\" decoding=\"async\" class=\"wp-image-12809 size-large\" src=\"https:\/\/renatodias.online\/movimento\/wp-content\/uploads\/2022\/06\/Os-generais-de-Jair-Bolsonaro-reportagem-especial-1536x1024.jpg\" alt=\"\" width=\"1140\" height=\"760\" srcset=\"https:\/\/renatodias.online\/movimento\/wp-content\/uploads\/2022\/06\/Os-generais-de-Jair-Bolsonaro-reportagem-especial-1536x1024.jpg 1536w, https:\/\/renatodias.online\/movimento\/wp-content\/uploads\/2022\/06\/Os-generais-de-Jair-Bolsonaro-reportagem-especial-300x200.jpg 300w, https:\/\/renatodias.online\/movimento\/wp-content\/uploads\/2022\/06\/Os-generais-de-Jair-Bolsonaro-reportagem-especial-768x512.jpg 768w, https:\/\/renatodias.online\/movimento\/wp-content\/uploads\/2022\/06\/Os-generais-de-Jair-Bolsonaro-reportagem-especial-2048x1365.jpg 2048w, https:\/\/renatodias.online\/movimento\/wp-content\/uploads\/2022\/06\/Os-generais-de-Jair-Bolsonaro-reportagem-especial-360x240.jpg 360w, https:\/\/renatodias.online\/movimento\/wp-content\/uploads\/2022\/06\/Os-generais-de-Jair-Bolsonaro-reportagem-especial-750x500.jpg 750w\" sizes=\"auto, (max-width: 1140px) 100vw, 1140px\" \/><figcaption id=\"caption-attachment-12809\" class=\"wp-caption-text\"><strong><span style=\"color: #666699;\">Os generais de Jair Bolsonaro<\/span><\/strong><\/figcaption><\/figure><\/blockquote>\n<p>Isaura Lemos j\u00e1 exerceu cinco mandatos consecutivos de deputada estadual e presidiu o PC do B Estadual. Ela lidera o MLCP, por Habita\u00e7\u00e3o Popular, e disputa, no pr\u00f3ximo dia 2 de outubro, as elei\u00e7\u00f5es para a <span style=\"color: #808000;\"><strong>Assembleia Legislativa do Estado de Goi\u00e1s [Alego]<\/strong><\/span>.<\/p>\n<p><iframe loading=\"lazy\" title=\"Elis Regina O B\u00eabado e A Equilibrista\" width=\"960\" height=\"720\" src=\"https:\/\/www.youtube.com\/embed\/6kVBqefGcf4?feature=oembed\" frameborder=\"0\" allow=\"accelerometer; autoplay; clipboard-write; encrypted-media; gyroscope; picture-in-picture; web-share\" referrerpolicy=\"strict-origin-when-cross-origin\" allowfullscreen><\/iframe><\/p>\n<figure id=\"attachment_13365\" aria-describedby=\"caption-attachment-13365\" style=\"width: 750px\" class=\"wp-caption alignnone\"><img loading=\"lazy\" decoding=\"async\" class=\"wp-image-13365 size-full\" src=\"https:\/\/renatodias.online\/movimento\/wp-content\/uploads\/2022\/07\/Federacao-Brasil-da-Esperanca.jpeg\" alt=\"\" width=\"750\" height=\"440\" \/><figcaption id=\"caption-attachment-13365\" class=\"wp-caption-text\"><span style=\"color: #666699;\"><strong>Federa\u00e7\u00e3o Brasil da Esperan\u00e7a<\/strong><\/span><\/figcaption><\/figure>\n","protected":false},"excerpt":{"rendered":"<p>Contra a ditadura, ontem. Fora Bolsonaro, hoje Elei\u00e7\u00e3o \u00e0 Assembleia Legislativa Renato Dias Ativista estudantil em 1968, o ano que n\u00e3o terminou, Isaura Lemos integrou a A\u00e7\u00e3o Popular e participou da resist\u00eancia \u00e0 ditadura civil e militar no Brasil. Uma noite que durou 21 anos. A AP foi incorporada ao PC do B, no ano<\/p>\n","protected":false},"author":2,"featured_media":13739,"comment_status":"open","ping_status":"open","sticky":false,"template":"","format":"standard","meta":{"_acf_changed":false,"_monsterinsights_skip_tracking":false,"_monsterinsights_sitenote_active":false,"_monsterinsights_sitenote_note":"","_monsterinsights_sitenote_category":0,"footnotes":""},"categories":[4],"tags":[],"class_list":["post-13738","post","type-post","status-publish","format-standard","has-post-thumbnail","hentry","category-politica"],"acf":[],"yoast_head":"<!-- This site is optimized with the Yoast SEO plugin v27.4 - https:\/\/yoast.com\/product\/yoast-seo-wordpress\/ -->\n<title>Isaura Lemos: 55 anos de lutas -<\/title>\n<meta name=\"robots\" content=\"index, follow, max-snippet:-1, max-image-preview:large, max-video-preview:-1\" \/>\n<link rel=\"canonical\" href=\"https:\/\/renatodias.online\/movimento\/2022\/08\/16\/isaura-lemos-55-anos-de-lutas\/\" \/>\n<meta property=\"og:locale\" content=\"pt_BR\" \/>\n<meta property=\"og:type\" content=\"article\" \/>\n<meta property=\"og:title\" content=\"Isaura Lemos: 55 anos de lutas -\" \/>\n<meta property=\"og:description\" content=\"Contra a ditadura, ontem. Fora Bolsonaro, hoje Elei\u00e7\u00e3o \u00e0 Assembleia Legislativa Renato Dias Ativista estudantil em 1968, o ano que n\u00e3o terminou, Isaura Lemos integrou a A\u00e7\u00e3o Popular e participou da resist\u00eancia \u00e0 ditadura civil e militar no Brasil. Uma noite que durou 21 anos. A AP foi incorporada ao PC do B, no ano\" \/>\n<meta property=\"og:url\" content=\"https:\/\/renatodias.online\/movimento\/2022\/08\/16\/isaura-lemos-55-anos-de-lutas\/\" \/>\n<meta property=\"article:publisher\" content=\"https:\/\/www.facebook.com\/renato.dias.37\" \/>\n<meta property=\"article:author\" content=\"https:\/\/www.facebook.com\/renato.dias.37\" \/>\n<meta property=\"article:published_time\" content=\"2022-08-16T23:10:53+00:00\" \/>\n<meta property=\"article:modified_time\" content=\"2022-08-16T23:12:11+00:00\" \/>\n<meta property=\"og:image\" content=\"https:\/\/renatodias.online\/movimento\/wp-content\/uploads\/2022\/08\/Isaura-Lemos-Card-e1660691287441.png\" \/>\n\t<meta property=\"og:image:width\" content=\"360\" \/>\n\t<meta property=\"og:image:height\" content=\"361\" \/>\n\t<meta property=\"og:image:type\" content=\"image\/png\" \/>\n<meta name=\"author\" content=\"Renato Dias\" \/>\n<meta name=\"twitter:card\" content=\"summary_large_image\" \/>\n<meta name=\"twitter:creator\" content=\"@RenatoDiasBat\" \/>\n<meta name=\"twitter:site\" content=\"@RenatoDiasBat\" \/>\n<meta name=\"twitter:label1\" content=\"Escrito por\" \/>\n\t<meta name=\"twitter:data1\" content=\"Renato Dias\" \/>\n\t<meta name=\"twitter:label2\" content=\"Est. tempo de leitura\" \/>\n\t<meta name=\"twitter:data2\" content=\"1 minuto\" \/>\n<script type=\"application\/ld+json\" class=\"yoast-schema-graph\">{\"@context\":\"https:\\\/\\\/schema.org\",\"@graph\":[{\"@type\":\"Article\",\"@id\":\"https:\\\/\\\/renatodias.online\\\/movimento\\\/2022\\\/08\\\/16\\\/isaura-lemos-55-anos-de-lutas\\\/#article\",\"isPartOf\":{\"@id\":\"https:\\\/\\\/renatodias.online\\\/movimento\\\/2022\\\/08\\\/16\\\/isaura-lemos-55-anos-de-lutas\\\/\"},\"author\":{\"name\":\"Renato Dias\",\"@id\":\"https:\\\/\\\/renatodias.online\\\/movimento\\\/#\\\/schema\\\/person\\\/bbab28833b1725a20f4083f49f1fb2a9\"},\"headline\":\"Isaura Lemos: 55 anos de lutas\",\"datePublished\":\"2022-08-16T23:10:53+00:00\",\"dateModified\":\"2022-08-16T23:12:11+00:00\",\"mainEntityOfPage\":{\"@id\":\"https:\\\/\\\/renatodias.online\\\/movimento\\\/2022\\\/08\\\/16\\\/isaura-lemos-55-anos-de-lutas\\\/\"},\"wordCount\":222,\"commentCount\":0,\"publisher\":{\"@id\":\"https:\\\/\\\/renatodias.online\\\/movimento\\\/#\\\/schema\\\/person\\\/bbab28833b1725a20f4083f49f1fb2a9\"},\"image\":{\"@id\":\"https:\\\/\\\/renatodias.online\\\/movimento\\\/2022\\\/08\\\/16\\\/isaura-lemos-55-anos-de-lutas\\\/#primaryimage\"},\"thumbnailUrl\":\"https:\\\/\\\/renatodias.online\\\/movimento\\\/wp-content\\\/uploads\\\/2022\\\/08\\\/Isaura-Lemos-Card-e1660691287441.png\",\"articleSection\":[\"Pol\u00edtica\"],\"inLanguage\":\"pt-BR\",\"potentialAction\":[{\"@type\":\"CommentAction\",\"name\":\"Comment\",\"target\":[\"https:\\\/\\\/renatodias.online\\\/movimento\\\/2022\\\/08\\\/16\\\/isaura-lemos-55-anos-de-lutas\\\/#respond\"]}]},{\"@type\":\"WebPage\",\"@id\":\"https:\\\/\\\/renatodias.online\\\/movimento\\\/2022\\\/08\\\/16\\\/isaura-lemos-55-anos-de-lutas\\\/\",\"url\":\"https:\\\/\\\/renatodias.online\\\/movimento\\\/2022\\\/08\\\/16\\\/isaura-lemos-55-anos-de-lutas\\\/\",\"name\":\"Isaura Lemos: 55 anos de lutas -\",\"isPartOf\":{\"@id\":\"https:\\\/\\\/renatodias.online\\\/movimento\\\/#website\"},\"primaryImageOfPage\":{\"@id\":\"https:\\\/\\\/renatodias.online\\\/movimento\\\/2022\\\/08\\\/16\\\/isaura-lemos-55-anos-de-lutas\\\/#primaryimage\"},\"image\":{\"@id\":\"https:\\\/\\\/renatodias.online\\\/movimento\\\/2022\\\/08\\\/16\\\/isaura-lemos-55-anos-de-lutas\\\/#primaryimage\"},\"thumbnailUrl\":\"https:\\\/\\\/renatodias.online\\\/movimento\\\/wp-content\\\/uploads\\\/2022\\\/08\\\/Isaura-Lemos-Card-e1660691287441.png\",\"datePublished\":\"2022-08-16T23:10:53+00:00\",\"dateModified\":\"2022-08-16T23:12:11+00:00\",\"breadcrumb\":{\"@id\":\"https:\\\/\\\/renatodias.online\\\/movimento\\\/2022\\\/08\\\/16\\\/isaura-lemos-55-anos-de-lutas\\\/#breadcrumb\"},\"inLanguage\":\"pt-BR\",\"potentialAction\":[{\"@type\":\"ReadAction\",\"target\":[\"https:\\\/\\\/renatodias.online\\\/movimento\\\/2022\\\/08\\\/16\\\/isaura-lemos-55-anos-de-lutas\\\/\"]}]},{\"@type\":\"ImageObject\",\"inLanguage\":\"pt-BR\",\"@id\":\"https:\\\/\\\/renatodias.online\\\/movimento\\\/2022\\\/08\\\/16\\\/isaura-lemos-55-anos-de-lutas\\\/#primaryimage\",\"url\":\"https:\\\/\\\/renatodias.online\\\/movimento\\\/wp-content\\\/uploads\\\/2022\\\/08\\\/Isaura-Lemos-Card-e1660691287441.png\",\"contentUrl\":\"https:\\\/\\\/renatodias.online\\\/movimento\\\/wp-content\\\/uploads\\\/2022\\\/08\\\/Isaura-Lemos-Card-e1660691287441.png\",\"width\":360,\"height\":361},{\"@type\":\"BreadcrumbList\",\"@id\":\"https:\\\/\\\/renatodias.online\\\/movimento\\\/2022\\\/08\\\/16\\\/isaura-lemos-55-anos-de-lutas\\\/#breadcrumb\",\"itemListElement\":[{\"@type\":\"ListItem\",\"position\":1,\"name\":\"In\u00edcio\",\"item\":\"https:\\\/\\\/renatodias.online\\\/movimento\\\/\"},{\"@type\":\"ListItem\",\"position\":2,\"name\":\"Isaura Lemos: 55 anos de lutas\"}]},{\"@type\":\"WebSite\",\"@id\":\"https:\\\/\\\/renatodias.online\\\/movimento\\\/#website\",\"url\":\"https:\\\/\\\/renatodias.online\\\/movimento\\\/\",\"name\":\"\",\"description\":\"\",\"publisher\":{\"@id\":\"https:\\\/\\\/renatodias.online\\\/movimento\\\/#\\\/schema\\\/person\\\/bbab28833b1725a20f4083f49f1fb2a9\"},\"potentialAction\":[{\"@type\":\"SearchAction\",\"target\":{\"@type\":\"EntryPoint\",\"urlTemplate\":\"https:\\\/\\\/renatodias.online\\\/movimento\\\/?s={search_term_string}\"},\"query-input\":{\"@type\":\"PropertyValueSpecification\",\"valueRequired\":true,\"valueName\":\"search_term_string\"}}],\"inLanguage\":\"pt-BR\"},{\"@type\":[\"Person\",\"Organization\"],\"@id\":\"https:\\\/\\\/renatodias.online\\\/movimento\\\/#\\\/schema\\\/person\\\/bbab28833b1725a20f4083f49f1fb2a9\",\"name\":\"Renato Dias\",\"image\":{\"@type\":\"ImageObject\",\"inLanguage\":\"pt-BR\",\"@id\":\"https:\\\/\\\/renatodias.online\\\/movimento\\\/wp-content\\\/uploads\\\/2023\\\/03\\\/cropped-cropped-cropped-logofinal.jpeg\",\"url\":\"https:\\\/\\\/renatodias.online\\\/movimento\\\/wp-content\\\/uploads\\\/2023\\\/03\\\/cropped-cropped-cropped-logofinal.jpeg\",\"contentUrl\":\"https:\\\/\\\/renatodias.online\\\/movimento\\\/wp-content\\\/uploads\\\/2023\\\/03\\\/cropped-cropped-cropped-logofinal.jpeg\",\"width\":1280,\"height\":219,\"caption\":\"Renato Dias\"},\"logo\":{\"@id\":\"https:\\\/\\\/renatodias.online\\\/movimento\\\/wp-content\\\/uploads\\\/2023\\\/03\\\/cropped-cropped-cropped-logofinal.jpeg\"},\"description\":\"Renato Dias, 58 anos, \u00e9 graduado em Jornalismo, formado em Ci\u00eancias Sociais, com p\u00f3s-gradua\u00e7\u00e3o em Pol\u00edticas P\u00fablicas, mestre em Direito e Rela\u00e7\u00f5es Internacionais, ex-aluno extraordin\u00e1rio do Doutorado em Psicologia Social, ex-estudante do Curso de Psican\u00e1lise do Centro de Estudos Psicanal\u00edticos do Estado de Goi\u00e1s, ministrado pelo m\u00e9dico psiquiatra e psicanalista Daniel Em\u00eddio de Souza. \u00c9 autor de 30 livros-reportagem, oito document\u00e1rios, ganhou 30 pr\u00eamios e \u00e9 torcedor apaixonado do maior do Centro-Oeste, o Vila Nova Futebol Clube. Casado com Meirilane Dias, \u00e9 pai de Juliana Dias, jornalista; Daniel Dias, economista; e Maria Rosa Dias, estudante antifascista, socialista e trotskista.\u00a0Com tr\u00eas pets: Porquinho [Bull Dog Franc\u00eas], Dalila [Basset Hound] e Geleia [Basset Hound]. Al\u00e9m do eterno gato Tutuquinho, que virou estrela.\",\"sameAs\":[\"https:\\\/\\\/www.facebook.com\\\/renato.dias.37\",\"#breve\",\"https:\\\/\\\/renatodias.tumblr.com\\\/\"],\"url\":\"https:\\\/\\\/renatodias.online\\\/movimento\\\/author\\\/renatodias\\\/\"}]}<\/script>\n<!-- \/ Yoast SEO plugin. -->","yoast_head_json":{"title":"Isaura Lemos: 55 anos de lutas -","robots":{"index":"index","follow":"follow","max-snippet":"max-snippet:-1","max-image-preview":"max-image-preview:large","max-video-preview":"max-video-preview:-1"},"canonical":"https:\/\/renatodias.online\/movimento\/2022\/08\/16\/isaura-lemos-55-anos-de-lutas\/","og_locale":"pt_BR","og_type":"article","og_title":"Isaura Lemos: 55 anos de lutas -","og_description":"Contra a ditadura, ontem. Fora Bolsonaro, hoje Elei\u00e7\u00e3o \u00e0 Assembleia Legislativa Renato Dias Ativista estudantil em 1968, o ano que n\u00e3o terminou, Isaura Lemos integrou a A\u00e7\u00e3o Popular e participou da resist\u00eancia \u00e0 ditadura civil e militar no Brasil. Uma noite que durou 21 anos. A AP foi incorporada ao PC do B, no ano","og_url":"https:\/\/renatodias.online\/movimento\/2022\/08\/16\/isaura-lemos-55-anos-de-lutas\/","article_publisher":"https:\/\/www.facebook.com\/renato.dias.37","article_author":"https:\/\/www.facebook.com\/renato.dias.37","article_published_time":"2022-08-16T23:10:53+00:00","article_modified_time":"2022-08-16T23:12:11+00:00","og_image":[{"width":360,"height":361,"url":"https:\/\/renatodias.online\/movimento\/wp-content\/uploads\/2022\/08\/Isaura-Lemos-Card-e1660691287441.png","type":"image\/png"}],"author":"Renato Dias","twitter_card":"summary_large_image","twitter_creator":"@RenatoDiasBat","twitter_site":"@RenatoDiasBat","twitter_misc":{"Escrito por":"Renato Dias","Est. tempo de leitura":"1 minuto"},"schema":{"@context":"https:\/\/schema.org","@graph":[{"@type":"Article","@id":"https:\/\/renatodias.online\/movimento\/2022\/08\/16\/isaura-lemos-55-anos-de-lutas\/#article","isPartOf":{"@id":"https:\/\/renatodias.online\/movimento\/2022\/08\/16\/isaura-lemos-55-anos-de-lutas\/"},"author":{"name":"Renato Dias","@id":"https:\/\/renatodias.online\/movimento\/#\/schema\/person\/bbab28833b1725a20f4083f49f1fb2a9"},"headline":"Isaura Lemos: 55 anos de lutas","datePublished":"2022-08-16T23:10:53+00:00","dateModified":"2022-08-16T23:12:11+00:00","mainEntityOfPage":{"@id":"https:\/\/renatodias.online\/movimento\/2022\/08\/16\/isaura-lemos-55-anos-de-lutas\/"},"wordCount":222,"commentCount":0,"publisher":{"@id":"https:\/\/renatodias.online\/movimento\/#\/schema\/person\/bbab28833b1725a20f4083f49f1fb2a9"},"image":{"@id":"https:\/\/renatodias.online\/movimento\/2022\/08\/16\/isaura-lemos-55-anos-de-lutas\/#primaryimage"},"thumbnailUrl":"https:\/\/renatodias.online\/movimento\/wp-content\/uploads\/2022\/08\/Isaura-Lemos-Card-e1660691287441.png","articleSection":["Pol\u00edtica"],"inLanguage":"pt-BR","potentialAction":[{"@type":"CommentAction","name":"Comment","target":["https:\/\/renatodias.online\/movimento\/2022\/08\/16\/isaura-lemos-55-anos-de-lutas\/#respond"]}]},{"@type":"WebPage","@id":"https:\/\/renatodias.online\/movimento\/2022\/08\/16\/isaura-lemos-55-anos-de-lutas\/","url":"https:\/\/renatodias.online\/movimento\/2022\/08\/16\/isaura-lemos-55-anos-de-lutas\/","name":"Isaura Lemos: 55 anos de lutas -","isPartOf":{"@id":"https:\/\/renatodias.online\/movimento\/#website"},"primaryImageOfPage":{"@id":"https:\/\/renatodias.online\/movimento\/2022\/08\/16\/isaura-lemos-55-anos-de-lutas\/#primaryimage"},"image":{"@id":"https:\/\/renatodias.online\/movimento\/2022\/08\/16\/isaura-lemos-55-anos-de-lutas\/#primaryimage"},"thumbnailUrl":"https:\/\/renatodias.online\/movimento\/wp-content\/uploads\/2022\/08\/Isaura-Lemos-Card-e1660691287441.png","datePublished":"2022-08-16T23:10:53+00:00","dateModified":"2022-08-16T23:12:11+00:00","breadcrumb":{"@id":"https:\/\/renatodias.online\/movimento\/2022\/08\/16\/isaura-lemos-55-anos-de-lutas\/#breadcrumb"},"inLanguage":"pt-BR","potentialAction":[{"@type":"ReadAction","target":["https:\/\/renatodias.online\/movimento\/2022\/08\/16\/isaura-lemos-55-anos-de-lutas\/"]}]},{"@type":"ImageObject","inLanguage":"pt-BR","@id":"https:\/\/renatodias.online\/movimento\/2022\/08\/16\/isaura-lemos-55-anos-de-lutas\/#primaryimage","url":"https:\/\/renatodias.online\/movimento\/wp-content\/uploads\/2022\/08\/Isaura-Lemos-Card-e1660691287441.png","contentUrl":"https:\/\/renatodias.online\/movimento\/wp-content\/uploads\/2022\/08\/Isaura-Lemos-Card-e1660691287441.png","width":360,"height":361},{"@type":"BreadcrumbList","@id":"https:\/\/renatodias.online\/movimento\/2022\/08\/16\/isaura-lemos-55-anos-de-lutas\/#breadcrumb","itemListElement":[{"@type":"ListItem","position":1,"name":"In\u00edcio","item":"https:\/\/renatodias.online\/movimento\/"},{"@type":"ListItem","position":2,"name":"Isaura Lemos: 55 anos de lutas"}]},{"@type":"WebSite","@id":"https:\/\/renatodias.online\/movimento\/#website","url":"https:\/\/renatodias.online\/movimento\/","name":"","description":"","publisher":{"@id":"https:\/\/renatodias.online\/movimento\/#\/schema\/person\/bbab28833b1725a20f4083f49f1fb2a9"},"potentialAction":[{"@type":"SearchAction","target":{"@type":"EntryPoint","urlTemplate":"https:\/\/renatodias.online\/movimento\/?s={search_term_string}"},"query-input":{"@type":"PropertyValueSpecification","valueRequired":true,"valueName":"search_term_string"}}],"inLanguage":"pt-BR"},{"@type":["Person","Organization"],"@id":"https:\/\/renatodias.online\/movimento\/#\/schema\/person\/bbab28833b1725a20f4083f49f1fb2a9","name":"Renato Dias","image":{"@type":"ImageObject","inLanguage":"pt-BR","@id":"https:\/\/renatodias.online\/movimento\/wp-content\/uploads\/2023\/03\/cropped-cropped-cropped-logofinal.jpeg","url":"https:\/\/renatodias.online\/movimento\/wp-content\/uploads\/2023\/03\/cropped-cropped-cropped-logofinal.jpeg","contentUrl":"https:\/\/renatodias.online\/movimento\/wp-content\/uploads\/2023\/03\/cropped-cropped-cropped-logofinal.jpeg","width":1280,"height":219,"caption":"Renato Dias"},"logo":{"@id":"https:\/\/renatodias.online\/movimento\/wp-content\/uploads\/2023\/03\/cropped-cropped-cropped-logofinal.jpeg"},"description":"Renato Dias, 58 anos, \u00e9 graduado em Jornalismo, formado em Ci\u00eancias Sociais, com p\u00f3s-gradua\u00e7\u00e3o em Pol\u00edticas P\u00fablicas, mestre em Direito e Rela\u00e7\u00f5es Internacionais, ex-aluno extraordin\u00e1rio do Doutorado em Psicologia Social, ex-estudante do Curso de Psican\u00e1lise do Centro de Estudos Psicanal\u00edticos do Estado de Goi\u00e1s, ministrado pelo m\u00e9dico psiquiatra e psicanalista Daniel Em\u00eddio de Souza. \u00c9 autor de 30 livros-reportagem, oito document\u00e1rios, ganhou 30 pr\u00eamios e \u00e9 torcedor apaixonado do maior do Centro-Oeste, o Vila Nova Futebol Clube. Casado com Meirilane Dias, \u00e9 pai de Juliana Dias, jornalista; Daniel Dias, economista; e Maria Rosa Dias, estudante antifascista, socialista e trotskista.\u00a0Com tr\u00eas pets: Porquinho [Bull Dog Franc\u00eas], Dalila [Basset Hound] e Geleia [Basset Hound]. Al\u00e9m do eterno gato Tutuquinho, que virou estrela.","sameAs":["https:\/\/www.facebook.com\/renato.dias.37","#breve","https:\/\/renatodias.tumblr.com\/"],"url":"https:\/\/renatodias.online\/movimento\/author\/renatodias\/"}]}},"_links":{"self":[{"href":"https:\/\/renatodias.online\/movimento\/wp-json\/wp\/v2\/posts\/13738","targetHints":{"allow":["GET"]}}],"collection":[{"href":"https:\/\/renatodias.online\/movimento\/wp-json\/wp\/v2\/posts"}],"about":[{"href":"https:\/\/renatodias.online\/movimento\/wp-json\/wp\/v2\/types\/post"}],"author":[{"embeddable":true,"href":"https:\/\/renatodias.online\/movimento\/wp-json\/wp\/v2\/users\/2"}],"replies":[{"embeddable":true,"href":"https:\/\/renatodias.online\/movimento\/wp-json\/wp\/v2\/comments?post=13738"}],"version-history":[{"count":2,"href":"https:\/\/renatodias.online\/movimento\/wp-json\/wp\/v2\/posts\/13738\/revisions"}],"predecessor-version":[{"id":13741,"href":"https:\/\/renatodias.online\/movimento\/wp-json\/wp\/v2\/posts\/13738\/revisions\/13741"}],"wp:featuredmedia":[{"embeddable":true,"href":"https:\/\/renatodias.online\/movimento\/wp-json\/wp\/v2\/media\/13739"}],"wp:attachment":[{"href":"https:\/\/renatodias.online\/movimento\/wp-json\/wp\/v2\/media?parent=13738"}],"wp:term":[{"taxonomy":"category","embeddable":true,"href":"https:\/\/renatodias.online\/movimento\/wp-json\/wp\/v2\/categories?post=13738"},{"taxonomy":"post_tag","embeddable":true,"href":"https:\/\/renatodias.online\/movimento\/wp-json\/wp\/v2\/tags?post=13738"}],"curies":[{"name":"wp","href":"https:\/\/api.w.org\/{rel}","templated":true}]}}