{"id":1365,"date":"2019-06-21T15:25:51","date_gmt":"2019-06-21T18:25:51","guid":{"rendered":"http:\/\/renatodias.online\/gyn\/?p=1365"},"modified":"2020-05-27T20:02:12","modified_gmt":"2020-05-27T23:02:12","slug":"espetaculo-cult-regina-jardim-no-palco-com-rodagem-por-alemanha-portugal-e-chile-artista-e-papa-premios-de-festivais","status":"publish","type":"post","link":"https:\/\/renatodias.online\/movimento\/2019\/06\/21\/espetaculo-cult-regina-jardim-no-palco-com-rodagem-por-alemanha-portugal-e-chile-artista-e-papa-premios-de-festivais\/","title":{"rendered":"Espet\u00e1culo cult Regina Jardim no palco Com rodagem por Alemanha, Portugal e Chile, artista \u00e9 papa-pr\u00eamios de festivais"},"content":{"rendered":"<p><strong>Espet\u00e1culo cult<\/strong><\/p>\n<p><strong>Regina Jardim no palco<\/strong><\/p>\n<p><strong>Com rodagem por Alemanha, Portugal e Chile, artista \u00e9 papa-pr\u00eamios de festivais<\/strong><\/p>\n<p><strong>Renato Dias<\/strong><\/p>\n<figure id=\"attachment_1366\" aria-describedby=\"caption-attachment-1366\" style=\"width: 265px\" class=\"wp-caption alignleft\"><img loading=\"lazy\" decoding=\"async\" class=\"size-medium wp-image-1366\" src=\"https:\/\/renatodias.online\/wp-content\/uploads\/2019\/06\/FB_IMG_1526350470356-265x300.jpg\" alt=\"\" width=\"265\" height=\"300\" \/><figcaption id=\"caption-attachment-1366\" class=\"wp-caption-text\">As m\u00faltiplas faces e imagens de Regina Jardim<\/figcaption><\/figure>\n<p>Ela teve passagem pelo Conservat\u00f3rio da UFG. Para aprender teoria musical. Depois piano, coral e teatro. No M\u00fasika Centro de Estudos. Al\u00e9m de um circuito na Alemanha em 1997. Onde gravou backing vocal do CD da banda <em>Side by Side<\/em>. A estrada a levou a Portugal. Com re\u00adtor\u00adno \u00e0 Bras\u00edlia. Para cantar em bares noturnos. \u00c9 Regina Jardim. Uma diva. A artista apresenta-se nesta ter\u00e7a-feira, 18h30: Projeto Casablanca Sess\u00e3o Seis e Meia. Produ\u00e7\u00e3o de Itamar Correia.<\/p>\n<p><strong>&#8211; Designer, fot\u00f3grafa e terapeuta por forma\u00e7\u00e3o, eu adotei a m\u00fasica<\/strong>.<\/p>\n<p>A cantora, compositora, int\u00e9rprete, com voz aveludada,<\/p>\n<figure id=\"attachment_1367\" aria-describedby=\"caption-attachment-1367\" style=\"width: 300px\" class=\"wp-caption alignright\"><img loading=\"lazy\" decoding=\"async\" class=\"size-medium wp-image-1367\" src=\"https:\/\/renatodias.online\/wp-content\/uploads\/2019\/06\/FB_IMG_1526350483052-300x241.jpg\" alt=\"\" width=\"300\" height=\"241\" \/><figcaption id=\"caption-attachment-1367\" class=\"wp-caption-text\">As m\u00faltiplas faces e imagens de Regina Jardim<\/figcaption><\/figure>\n<p>realizou de 2001 a 2003 espet\u00e1culos singulares. Com destaque para o de Goi\u00e2nia. Um show produzido na Universidade Federal de Goi\u00e1s. Mais: um concerto em Mogi Mirim, no Estado de S\u00e3o Paulo, realizado no Teatro da Municipal, revela. A artista participou do Festival Cultura, pela TV Cultura, interpretando a m\u00fasica Cassorotiba, da compositora Mar\u00edlia Medalha, e classificou-se na 1\u00aa etapa do festival.<\/p>\n<p><strong>&#8211; Al\u00e9m disso, fiz grava\u00e7\u00f5es essas, como backing, para o CD do cantor e compositor Gustavo Veiga Jardim<\/strong>.<\/p>\n<figure id=\"attachment_1368\" aria-describedby=\"caption-attachment-1368\" style=\"width: 268px\" class=\"wp-caption alignleft\"><img loading=\"lazy\" decoding=\"async\" class=\"wp-image-1368 size-medium\" src=\"https:\/\/renatodias.online\/wp-content\/uploads\/2019\/06\/FB_IMG_1526350748361-268x300.jpg\" alt=\"\" width=\"268\" height=\"300\" \/><figcaption id=\"caption-attachment-1368\" class=\"wp-caption-text\">Regina Jardim<\/figcaption><\/figure>\n<p>Regina Jardim informa, com exclusividade, ter se mudado para o Chile. Ano: em 2008.\u00a0 A volta ocorreu no ano seguinte. Para gravar a m\u00fasica \u2018Cora\u00e7\u00e3o Retirante\u2019, de Gustavo Veiga Jardim. Para o CD Menino Metido a Valente. Ela participou do programa \u2018Almo\u00e7ando com os amigos\u2019.\u00a0 Em 2010 realizou tr\u00eas apresenta\u00e7\u00f5es no Goi\u00e2nia Ouro. Em tempo: executou projetos liter\u00e1rios do SESC. Multifacetada, interpretou o conto de Bariani Ortencio e cantigas de roda.<\/p>\n<p><strong>&#8211; Ainda apresentei-me na Feira de artigos de Rock, no Col\u00e9gio Marista, e no Chorinho, projeto da Prefeitura de Goi\u00e2nia, realizado no Grande Hotel<\/strong>.<\/p>\n<p>Inventiva e inquieta, louca para produzir est\u00e9tica, brilhou na Revirada Cultural em 2012, <img loading=\"lazy\" decoding=\"async\" class=\"size-medium wp-image-1371 alignright\" src=\"https:\/\/renatodias.online\/wp-content\/uploads\/2019\/06\/IMG-20170627-WA0087-180x300.jpg\" alt=\"\" width=\"180\" height=\"300\" \/>destacou-se em apresenta\u00e7\u00f5es em bares na cidade de Piren\u00f3polis, e no Bar Cerrado, Mercado da 74 e em especial no show de Gustavo Veiga Jardim. No FICA, na Cidade de Goi\u00e1s. Regina Jardim soltou a voz em festivais de cinema como \u2018GO Filme \u2013 Goi\u00e2nia Film Festival\u2019 e no no 7\u00ba Goi\u00e2nia Canto de Ouro. Como alegria pouca \u00e9 bobagem, participou do Festival Canta Cerrado.<\/p>\n<p><strong>&#8211; Fiquei em 2\u00ba lugar ao interpretar a can\u00e7\u00e3o <\/strong><strong>\u2018Olhos nos Olhos<\/strong><strong>\u2019, de Chico Buarque de Holanda. <\/strong><\/p>\n<p><strong>\u00a0<\/strong><\/p>\n","protected":false},"excerpt":{"rendered":"<p>Espet\u00e1culo cult Regina Jardim no palco Com rodagem por Alemanha, Portugal e Chile, artista \u00e9 papa-pr\u00eamios de festivais Renato Dias Ela teve passagem pelo Conservat\u00f3rio da UFG. Para aprender teoria musical. Depois piano, coral e teatro. No M\u00fasika Centro de Estudos. Al\u00e9m de um circuito na Alemanha em 1997. Onde gravou backing vocal do CD<\/p>\n","protected":false},"author":2,"featured_media":2457,"comment_status":"open","ping_status":"open","sticky":false,"template":"","format":"standard","meta":{"_acf_changed":false,"_monsterinsights_skip_tracking":false,"_monsterinsights_sitenote_active":false,"_monsterinsights_sitenote_note":"","_monsterinsights_sitenote_category":0,"footnotes":""},"categories":[25,2,29],"tags":[],"class_list":["post-1365","post","type-post","status-publish","format-standard","has-post-thumbnail","hentry","category-agenda","category-arte","category-shows"],"acf":[],"yoast_head":"<!-- This site is optimized with the Yoast SEO plugin v27.4 - https:\/\/yoast.com\/product\/yoast-seo-wordpress\/ -->\n<title>Espet\u00e1culo cult Regina Jardim no palco Com rodagem por Alemanha, Portugal e Chile, artista \u00e9 papa-pr\u00eamios de festivais -<\/title>\n<meta name=\"robots\" content=\"index, follow, max-snippet:-1, max-image-preview:large, max-video-preview:-1\" \/>\n<link rel=\"canonical\" href=\"https:\/\/renatodias.online\/movimento\/2019\/06\/21\/espetaculo-cult-regina-jardim-no-palco-com-rodagem-por-alemanha-portugal-e-chile-artista-e-papa-premios-de-festivais\/\" \/>\n<meta property=\"og:locale\" content=\"pt_BR\" \/>\n<meta property=\"og:type\" content=\"article\" \/>\n<meta property=\"og:title\" content=\"Espet\u00e1culo cult Regina Jardim no palco Com rodagem por Alemanha, Portugal e Chile, artista \u00e9 papa-pr\u00eamios de festivais -\" \/>\n<meta property=\"og:description\" content=\"Espet\u00e1culo cult Regina Jardim no palco Com rodagem por Alemanha, Portugal e Chile, artista \u00e9 papa-pr\u00eamios de festivais Renato Dias Ela teve passagem pelo Conservat\u00f3rio da UFG. Para aprender teoria musical. Depois piano, coral e teatro. No M\u00fasika Centro de Estudos. Al\u00e9m de um circuito na Alemanha em 1997. Onde gravou backing vocal do CD\" \/>\n<meta property=\"og:url\" content=\"https:\/\/renatodias.online\/movimento\/2019\/06\/21\/espetaculo-cult-regina-jardim-no-palco-com-rodagem-por-alemanha-portugal-e-chile-artista-e-papa-premios-de-festivais\/\" \/>\n<meta property=\"article:publisher\" content=\"https:\/\/www.facebook.com\/renato.dias.37\" \/>\n<meta property=\"article:author\" content=\"https:\/\/www.facebook.com\/renato.dias.37\" \/>\n<meta property=\"article:published_time\" content=\"2019-06-21T18:25:51+00:00\" \/>\n<meta property=\"article:modified_time\" content=\"2020-05-27T23:02:12+00:00\" \/>\n<meta property=\"og:image\" content=\"https:\/\/renatodias.online\/movimento\/wp-content\/uploads\/2019\/09\/IMG-20190913-WA0063.jpg\" \/>\n\t<meta property=\"og:image:width\" content=\"1280\" \/>\n\t<meta property=\"og:image:height\" content=\"856\" \/>\n\t<meta property=\"og:image:type\" content=\"image\/jpeg\" \/>\n<meta name=\"author\" content=\"Renato Dias\" \/>\n<meta name=\"twitter:card\" content=\"summary_large_image\" \/>\n<meta name=\"twitter:creator\" content=\"@RenatoDiasBat\" \/>\n<meta name=\"twitter:site\" content=\"@RenatoDiasBat\" \/>\n<meta name=\"twitter:label1\" content=\"Escrito por\" \/>\n\t<meta name=\"twitter:data1\" content=\"Renato Dias\" \/>\n\t<meta name=\"twitter:label2\" content=\"Est. tempo de leitura\" \/>\n\t<meta name=\"twitter:data2\" content=\"2 minutos\" \/>\n<script type=\"application\/ld+json\" class=\"yoast-schema-graph\">{\"@context\":\"https:\\\/\\\/schema.org\",\"@graph\":[{\"@type\":\"Article\",\"@id\":\"https:\\\/\\\/renatodias.online\\\/movimento\\\/2019\\\/06\\\/21\\\/espetaculo-cult-regina-jardim-no-palco-com-rodagem-por-alemanha-portugal-e-chile-artista-e-papa-premios-de-festivais\\\/#article\",\"isPartOf\":{\"@id\":\"https:\\\/\\\/renatodias.online\\\/movimento\\\/2019\\\/06\\\/21\\\/espetaculo-cult-regina-jardim-no-palco-com-rodagem-por-alemanha-portugal-e-chile-artista-e-papa-premios-de-festivais\\\/\"},\"author\":{\"name\":\"Renato Dias\",\"@id\":\"https:\\\/\\\/renatodias.online\\\/movimento\\\/#\\\/schema\\\/person\\\/bbab28833b1725a20f4083f49f1fb2a9\"},\"headline\":\"Espet\u00e1culo cult Regina Jardim no palco Com rodagem por Alemanha, Portugal e Chile, artista \u00e9 papa-pr\u00eamios de festivais\",\"datePublished\":\"2019-06-21T18:25:51+00:00\",\"dateModified\":\"2020-05-27T23:02:12+00:00\",\"mainEntityOfPage\":{\"@id\":\"https:\\\/\\\/renatodias.online\\\/movimento\\\/2019\\\/06\\\/21\\\/espetaculo-cult-regina-jardim-no-palco-com-rodagem-por-alemanha-portugal-e-chile-artista-e-papa-premios-de-festivais\\\/\"},\"wordCount\":468,\"commentCount\":0,\"publisher\":{\"@id\":\"https:\\\/\\\/renatodias.online\\\/movimento\\\/#\\\/schema\\\/person\\\/bbab28833b1725a20f4083f49f1fb2a9\"},\"image\":{\"@id\":\"https:\\\/\\\/renatodias.online\\\/movimento\\\/2019\\\/06\\\/21\\\/espetaculo-cult-regina-jardim-no-palco-com-rodagem-por-alemanha-portugal-e-chile-artista-e-papa-premios-de-festivais\\\/#primaryimage\"},\"thumbnailUrl\":\"https:\\\/\\\/renatodias.online\\\/movimento\\\/wp-content\\\/uploads\\\/2019\\\/09\\\/IMG-20190913-WA0063.jpg\",\"articleSection\":[\"Agenda\",\"Arte\",\"Shows\"],\"inLanguage\":\"pt-BR\",\"potentialAction\":[{\"@type\":\"CommentAction\",\"name\":\"Comment\",\"target\":[\"https:\\\/\\\/renatodias.online\\\/movimento\\\/2019\\\/06\\\/21\\\/espetaculo-cult-regina-jardim-no-palco-com-rodagem-por-alemanha-portugal-e-chile-artista-e-papa-premios-de-festivais\\\/#respond\"]}]},{\"@type\":\"WebPage\",\"@id\":\"https:\\\/\\\/renatodias.online\\\/movimento\\\/2019\\\/06\\\/21\\\/espetaculo-cult-regina-jardim-no-palco-com-rodagem-por-alemanha-portugal-e-chile-artista-e-papa-premios-de-festivais\\\/\",\"url\":\"https:\\\/\\\/renatodias.online\\\/movimento\\\/2019\\\/06\\\/21\\\/espetaculo-cult-regina-jardim-no-palco-com-rodagem-por-alemanha-portugal-e-chile-artista-e-papa-premios-de-festivais\\\/\",\"name\":\"Espet\u00e1culo cult Regina Jardim no palco Com rodagem por Alemanha, Portugal e Chile, artista \u00e9 papa-pr\u00eamios de festivais -\",\"isPartOf\":{\"@id\":\"https:\\\/\\\/renatodias.online\\\/movimento\\\/#website\"},\"primaryImageOfPage\":{\"@id\":\"https:\\\/\\\/renatodias.online\\\/movimento\\\/2019\\\/06\\\/21\\\/espetaculo-cult-regina-jardim-no-palco-com-rodagem-por-alemanha-portugal-e-chile-artista-e-papa-premios-de-festivais\\\/#primaryimage\"},\"image\":{\"@id\":\"https:\\\/\\\/renatodias.online\\\/movimento\\\/2019\\\/06\\\/21\\\/espetaculo-cult-regina-jardim-no-palco-com-rodagem-por-alemanha-portugal-e-chile-artista-e-papa-premios-de-festivais\\\/#primaryimage\"},\"thumbnailUrl\":\"https:\\\/\\\/renatodias.online\\\/movimento\\\/wp-content\\\/uploads\\\/2019\\\/09\\\/IMG-20190913-WA0063.jpg\",\"datePublished\":\"2019-06-21T18:25:51+00:00\",\"dateModified\":\"2020-05-27T23:02:12+00:00\",\"breadcrumb\":{\"@id\":\"https:\\\/\\\/renatodias.online\\\/movimento\\\/2019\\\/06\\\/21\\\/espetaculo-cult-regina-jardim-no-palco-com-rodagem-por-alemanha-portugal-e-chile-artista-e-papa-premios-de-festivais\\\/#breadcrumb\"},\"inLanguage\":\"pt-BR\",\"potentialAction\":[{\"@type\":\"ReadAction\",\"target\":[\"https:\\\/\\\/renatodias.online\\\/movimento\\\/2019\\\/06\\\/21\\\/espetaculo-cult-regina-jardim-no-palco-com-rodagem-por-alemanha-portugal-e-chile-artista-e-papa-premios-de-festivais\\\/\"]}]},{\"@type\":\"ImageObject\",\"inLanguage\":\"pt-BR\",\"@id\":\"https:\\\/\\\/renatodias.online\\\/movimento\\\/2019\\\/06\\\/21\\\/espetaculo-cult-regina-jardim-no-palco-com-rodagem-por-alemanha-portugal-e-chile-artista-e-papa-premios-de-festivais\\\/#primaryimage\",\"url\":\"https:\\\/\\\/renatodias.online\\\/movimento\\\/wp-content\\\/uploads\\\/2019\\\/09\\\/IMG-20190913-WA0063.jpg\",\"contentUrl\":\"https:\\\/\\\/renatodias.online\\\/movimento\\\/wp-content\\\/uploads\\\/2019\\\/09\\\/IMG-20190913-WA0063.jpg\",\"width\":1280,\"height\":856,\"caption\":\"Regina Jardim\"},{\"@type\":\"BreadcrumbList\",\"@id\":\"https:\\\/\\\/renatodias.online\\\/movimento\\\/2019\\\/06\\\/21\\\/espetaculo-cult-regina-jardim-no-palco-com-rodagem-por-alemanha-portugal-e-chile-artista-e-papa-premios-de-festivais\\\/#breadcrumb\",\"itemListElement\":[{\"@type\":\"ListItem\",\"position\":1,\"name\":\"In\u00edcio\",\"item\":\"https:\\\/\\\/renatodias.online\\\/movimento\\\/\"},{\"@type\":\"ListItem\",\"position\":2,\"name\":\"Espet\u00e1culo cult Regina Jardim no palco Com rodagem por Alemanha, Portugal e Chile, artista \u00e9 papa-pr\u00eamios de festivais\"}]},{\"@type\":\"WebSite\",\"@id\":\"https:\\\/\\\/renatodias.online\\\/movimento\\\/#website\",\"url\":\"https:\\\/\\\/renatodias.online\\\/movimento\\\/\",\"name\":\"\",\"description\":\"\",\"publisher\":{\"@id\":\"https:\\\/\\\/renatodias.online\\\/movimento\\\/#\\\/schema\\\/person\\\/bbab28833b1725a20f4083f49f1fb2a9\"},\"potentialAction\":[{\"@type\":\"SearchAction\",\"target\":{\"@type\":\"EntryPoint\",\"urlTemplate\":\"https:\\\/\\\/renatodias.online\\\/movimento\\\/?s={search_term_string}\"},\"query-input\":{\"@type\":\"PropertyValueSpecification\",\"valueRequired\":true,\"valueName\":\"search_term_string\"}}],\"inLanguage\":\"pt-BR\"},{\"@type\":[\"Person\",\"Organization\"],\"@id\":\"https:\\\/\\\/renatodias.online\\\/movimento\\\/#\\\/schema\\\/person\\\/bbab28833b1725a20f4083f49f1fb2a9\",\"name\":\"Renato Dias\",\"image\":{\"@type\":\"ImageObject\",\"inLanguage\":\"pt-BR\",\"@id\":\"https:\\\/\\\/renatodias.online\\\/movimento\\\/wp-content\\\/uploads\\\/2023\\\/03\\\/cropped-cropped-cropped-logofinal.jpeg\",\"url\":\"https:\\\/\\\/renatodias.online\\\/movimento\\\/wp-content\\\/uploads\\\/2023\\\/03\\\/cropped-cropped-cropped-logofinal.jpeg\",\"contentUrl\":\"https:\\\/\\\/renatodias.online\\\/movimento\\\/wp-content\\\/uploads\\\/2023\\\/03\\\/cropped-cropped-cropped-logofinal.jpeg\",\"width\":1280,\"height\":219,\"caption\":\"Renato Dias\"},\"logo\":{\"@id\":\"https:\\\/\\\/renatodias.online\\\/movimento\\\/wp-content\\\/uploads\\\/2023\\\/03\\\/cropped-cropped-cropped-logofinal.jpeg\"},\"description\":\"Renato Dias, 58 anos, \u00e9 graduado em Jornalismo, formado em Ci\u00eancias Sociais, com p\u00f3s-gradua\u00e7\u00e3o em Pol\u00edticas P\u00fablicas, mestre em Direito e Rela\u00e7\u00f5es Internacionais, ex-aluno extraordin\u00e1rio do Doutorado em Psicologia Social, ex-estudante do Curso de Psican\u00e1lise do Centro de Estudos Psicanal\u00edticos do Estado de Goi\u00e1s, ministrado pelo m\u00e9dico psiquiatra e psicanalista Daniel Em\u00eddio de Souza. \u00c9 autor de 30 livros-reportagem, oito document\u00e1rios, ganhou 30 pr\u00eamios e \u00e9 torcedor apaixonado do maior do Centro-Oeste, o Vila Nova Futebol Clube. Casado com Meirilane Dias, \u00e9 pai de Juliana Dias, jornalista; Daniel Dias, economista; e Maria Rosa Dias, estudante antifascista, socialista e trotskista.\u00a0Com tr\u00eas pets: Porquinho [Bull Dog Franc\u00eas], Dalila [Basset Hound] e Geleia [Basset Hound]. Al\u00e9m do eterno gato Tutuquinho, que virou estrela.\",\"sameAs\":[\"https:\\\/\\\/www.facebook.com\\\/renato.dias.37\",\"#breve\",\"https:\\\/\\\/renatodias.tumblr.com\\\/\"],\"url\":\"https:\\\/\\\/renatodias.online\\\/movimento\\\/author\\\/renatodias\\\/\"}]}<\/script>\n<!-- \/ Yoast SEO plugin. -->","yoast_head_json":{"title":"Espet\u00e1culo cult Regina Jardim no palco Com rodagem por Alemanha, Portugal e Chile, artista \u00e9 papa-pr\u00eamios de festivais -","robots":{"index":"index","follow":"follow","max-snippet":"max-snippet:-1","max-image-preview":"max-image-preview:large","max-video-preview":"max-video-preview:-1"},"canonical":"https:\/\/renatodias.online\/movimento\/2019\/06\/21\/espetaculo-cult-regina-jardim-no-palco-com-rodagem-por-alemanha-portugal-e-chile-artista-e-papa-premios-de-festivais\/","og_locale":"pt_BR","og_type":"article","og_title":"Espet\u00e1culo cult Regina Jardim no palco Com rodagem por Alemanha, Portugal e Chile, artista \u00e9 papa-pr\u00eamios de festivais -","og_description":"Espet\u00e1culo cult Regina Jardim no palco Com rodagem por Alemanha, Portugal e Chile, artista \u00e9 papa-pr\u00eamios de festivais Renato Dias Ela teve passagem pelo Conservat\u00f3rio da UFG. Para aprender teoria musical. Depois piano, coral e teatro. No M\u00fasika Centro de Estudos. Al\u00e9m de um circuito na Alemanha em 1997. Onde gravou backing vocal do CD","og_url":"https:\/\/renatodias.online\/movimento\/2019\/06\/21\/espetaculo-cult-regina-jardim-no-palco-com-rodagem-por-alemanha-portugal-e-chile-artista-e-papa-premios-de-festivais\/","article_publisher":"https:\/\/www.facebook.com\/renato.dias.37","article_author":"https:\/\/www.facebook.com\/renato.dias.37","article_published_time":"2019-06-21T18:25:51+00:00","article_modified_time":"2020-05-27T23:02:12+00:00","og_image":[{"width":1280,"height":856,"url":"https:\/\/renatodias.online\/movimento\/wp-content\/uploads\/2019\/09\/IMG-20190913-WA0063.jpg","type":"image\/jpeg"}],"author":"Renato Dias","twitter_card":"summary_large_image","twitter_creator":"@RenatoDiasBat","twitter_site":"@RenatoDiasBat","twitter_misc":{"Escrito por":"Renato Dias","Est. tempo de leitura":"2 minutos"},"schema":{"@context":"https:\/\/schema.org","@graph":[{"@type":"Article","@id":"https:\/\/renatodias.online\/movimento\/2019\/06\/21\/espetaculo-cult-regina-jardim-no-palco-com-rodagem-por-alemanha-portugal-e-chile-artista-e-papa-premios-de-festivais\/#article","isPartOf":{"@id":"https:\/\/renatodias.online\/movimento\/2019\/06\/21\/espetaculo-cult-regina-jardim-no-palco-com-rodagem-por-alemanha-portugal-e-chile-artista-e-papa-premios-de-festivais\/"},"author":{"name":"Renato Dias","@id":"https:\/\/renatodias.online\/movimento\/#\/schema\/person\/bbab28833b1725a20f4083f49f1fb2a9"},"headline":"Espet\u00e1culo cult Regina Jardim no palco Com rodagem por Alemanha, Portugal e Chile, artista \u00e9 papa-pr\u00eamios de festivais","datePublished":"2019-06-21T18:25:51+00:00","dateModified":"2020-05-27T23:02:12+00:00","mainEntityOfPage":{"@id":"https:\/\/renatodias.online\/movimento\/2019\/06\/21\/espetaculo-cult-regina-jardim-no-palco-com-rodagem-por-alemanha-portugal-e-chile-artista-e-papa-premios-de-festivais\/"},"wordCount":468,"commentCount":0,"publisher":{"@id":"https:\/\/renatodias.online\/movimento\/#\/schema\/person\/bbab28833b1725a20f4083f49f1fb2a9"},"image":{"@id":"https:\/\/renatodias.online\/movimento\/2019\/06\/21\/espetaculo-cult-regina-jardim-no-palco-com-rodagem-por-alemanha-portugal-e-chile-artista-e-papa-premios-de-festivais\/#primaryimage"},"thumbnailUrl":"https:\/\/renatodias.online\/movimento\/wp-content\/uploads\/2019\/09\/IMG-20190913-WA0063.jpg","articleSection":["Agenda","Arte","Shows"],"inLanguage":"pt-BR","potentialAction":[{"@type":"CommentAction","name":"Comment","target":["https:\/\/renatodias.online\/movimento\/2019\/06\/21\/espetaculo-cult-regina-jardim-no-palco-com-rodagem-por-alemanha-portugal-e-chile-artista-e-papa-premios-de-festivais\/#respond"]}]},{"@type":"WebPage","@id":"https:\/\/renatodias.online\/movimento\/2019\/06\/21\/espetaculo-cult-regina-jardim-no-palco-com-rodagem-por-alemanha-portugal-e-chile-artista-e-papa-premios-de-festivais\/","url":"https:\/\/renatodias.online\/movimento\/2019\/06\/21\/espetaculo-cult-regina-jardim-no-palco-com-rodagem-por-alemanha-portugal-e-chile-artista-e-papa-premios-de-festivais\/","name":"Espet\u00e1culo cult Regina Jardim no palco Com rodagem por Alemanha, Portugal e Chile, artista \u00e9 papa-pr\u00eamios de festivais -","isPartOf":{"@id":"https:\/\/renatodias.online\/movimento\/#website"},"primaryImageOfPage":{"@id":"https:\/\/renatodias.online\/movimento\/2019\/06\/21\/espetaculo-cult-regina-jardim-no-palco-com-rodagem-por-alemanha-portugal-e-chile-artista-e-papa-premios-de-festivais\/#primaryimage"},"image":{"@id":"https:\/\/renatodias.online\/movimento\/2019\/06\/21\/espetaculo-cult-regina-jardim-no-palco-com-rodagem-por-alemanha-portugal-e-chile-artista-e-papa-premios-de-festivais\/#primaryimage"},"thumbnailUrl":"https:\/\/renatodias.online\/movimento\/wp-content\/uploads\/2019\/09\/IMG-20190913-WA0063.jpg","datePublished":"2019-06-21T18:25:51+00:00","dateModified":"2020-05-27T23:02:12+00:00","breadcrumb":{"@id":"https:\/\/renatodias.online\/movimento\/2019\/06\/21\/espetaculo-cult-regina-jardim-no-palco-com-rodagem-por-alemanha-portugal-e-chile-artista-e-papa-premios-de-festivais\/#breadcrumb"},"inLanguage":"pt-BR","potentialAction":[{"@type":"ReadAction","target":["https:\/\/renatodias.online\/movimento\/2019\/06\/21\/espetaculo-cult-regina-jardim-no-palco-com-rodagem-por-alemanha-portugal-e-chile-artista-e-papa-premios-de-festivais\/"]}]},{"@type":"ImageObject","inLanguage":"pt-BR","@id":"https:\/\/renatodias.online\/movimento\/2019\/06\/21\/espetaculo-cult-regina-jardim-no-palco-com-rodagem-por-alemanha-portugal-e-chile-artista-e-papa-premios-de-festivais\/#primaryimage","url":"https:\/\/renatodias.online\/movimento\/wp-content\/uploads\/2019\/09\/IMG-20190913-WA0063.jpg","contentUrl":"https:\/\/renatodias.online\/movimento\/wp-content\/uploads\/2019\/09\/IMG-20190913-WA0063.jpg","width":1280,"height":856,"caption":"Regina Jardim"},{"@type":"BreadcrumbList","@id":"https:\/\/renatodias.online\/movimento\/2019\/06\/21\/espetaculo-cult-regina-jardim-no-palco-com-rodagem-por-alemanha-portugal-e-chile-artista-e-papa-premios-de-festivais\/#breadcrumb","itemListElement":[{"@type":"ListItem","position":1,"name":"In\u00edcio","item":"https:\/\/renatodias.online\/movimento\/"},{"@type":"ListItem","position":2,"name":"Espet\u00e1culo cult Regina Jardim no palco Com rodagem por Alemanha, Portugal e Chile, artista \u00e9 papa-pr\u00eamios de festivais"}]},{"@type":"WebSite","@id":"https:\/\/renatodias.online\/movimento\/#website","url":"https:\/\/renatodias.online\/movimento\/","name":"","description":"","publisher":{"@id":"https:\/\/renatodias.online\/movimento\/#\/schema\/person\/bbab28833b1725a20f4083f49f1fb2a9"},"potentialAction":[{"@type":"SearchAction","target":{"@type":"EntryPoint","urlTemplate":"https:\/\/renatodias.online\/movimento\/?s={search_term_string}"},"query-input":{"@type":"PropertyValueSpecification","valueRequired":true,"valueName":"search_term_string"}}],"inLanguage":"pt-BR"},{"@type":["Person","Organization"],"@id":"https:\/\/renatodias.online\/movimento\/#\/schema\/person\/bbab28833b1725a20f4083f49f1fb2a9","name":"Renato Dias","image":{"@type":"ImageObject","inLanguage":"pt-BR","@id":"https:\/\/renatodias.online\/movimento\/wp-content\/uploads\/2023\/03\/cropped-cropped-cropped-logofinal.jpeg","url":"https:\/\/renatodias.online\/movimento\/wp-content\/uploads\/2023\/03\/cropped-cropped-cropped-logofinal.jpeg","contentUrl":"https:\/\/renatodias.online\/movimento\/wp-content\/uploads\/2023\/03\/cropped-cropped-cropped-logofinal.jpeg","width":1280,"height":219,"caption":"Renato Dias"},"logo":{"@id":"https:\/\/renatodias.online\/movimento\/wp-content\/uploads\/2023\/03\/cropped-cropped-cropped-logofinal.jpeg"},"description":"Renato Dias, 58 anos, \u00e9 graduado em Jornalismo, formado em Ci\u00eancias Sociais, com p\u00f3s-gradua\u00e7\u00e3o em Pol\u00edticas P\u00fablicas, mestre em Direito e Rela\u00e7\u00f5es Internacionais, ex-aluno extraordin\u00e1rio do Doutorado em Psicologia Social, ex-estudante do Curso de Psican\u00e1lise do Centro de Estudos Psicanal\u00edticos do Estado de Goi\u00e1s, ministrado pelo m\u00e9dico psiquiatra e psicanalista Daniel Em\u00eddio de Souza. \u00c9 autor de 30 livros-reportagem, oito document\u00e1rios, ganhou 30 pr\u00eamios e \u00e9 torcedor apaixonado do maior do Centro-Oeste, o Vila Nova Futebol Clube. Casado com Meirilane Dias, \u00e9 pai de Juliana Dias, jornalista; Daniel Dias, economista; e Maria Rosa Dias, estudante antifascista, socialista e trotskista.\u00a0Com tr\u00eas pets: Porquinho [Bull Dog Franc\u00eas], Dalila [Basset Hound] e Geleia [Basset Hound]. Al\u00e9m do eterno gato Tutuquinho, que virou estrela.","sameAs":["https:\/\/www.facebook.com\/renato.dias.37","#breve","https:\/\/renatodias.tumblr.com\/"],"url":"https:\/\/renatodias.online\/movimento\/author\/renatodias\/"}]}},"_links":{"self":[{"href":"https:\/\/renatodias.online\/movimento\/wp-json\/wp\/v2\/posts\/1365","targetHints":{"allow":["GET"]}}],"collection":[{"href":"https:\/\/renatodias.online\/movimento\/wp-json\/wp\/v2\/posts"}],"about":[{"href":"https:\/\/renatodias.online\/movimento\/wp-json\/wp\/v2\/types\/post"}],"author":[{"embeddable":true,"href":"https:\/\/renatodias.online\/movimento\/wp-json\/wp\/v2\/users\/2"}],"replies":[{"embeddable":true,"href":"https:\/\/renatodias.online\/movimento\/wp-json\/wp\/v2\/comments?post=1365"}],"version-history":[{"count":2,"href":"https:\/\/renatodias.online\/movimento\/wp-json\/wp\/v2\/posts\/1365\/revisions"}],"predecessor-version":[{"id":3725,"href":"https:\/\/renatodias.online\/movimento\/wp-json\/wp\/v2\/posts\/1365\/revisions\/3725"}],"wp:featuredmedia":[{"embeddable":true,"href":"https:\/\/renatodias.online\/movimento\/wp-json\/wp\/v2\/media\/2457"}],"wp:attachment":[{"href":"https:\/\/renatodias.online\/movimento\/wp-json\/wp\/v2\/media?parent=1365"}],"wp:term":[{"taxonomy":"category","embeddable":true,"href":"https:\/\/renatodias.online\/movimento\/wp-json\/wp\/v2\/categories?post=1365"},{"taxonomy":"post_tag","embeddable":true,"href":"https:\/\/renatodias.online\/movimento\/wp-json\/wp\/v2\/tags?post=1365"}],"curies":[{"name":"wp","href":"https:\/\/api.w.org\/{rel}","templated":true}]}}