{"id":13532,"date":"2022-08-04T15:47:56","date_gmt":"2022-08-04T18:47:56","guid":{"rendered":"https:\/\/renatodias.online\/movimento\/?p=13532"},"modified":"2022-08-04T15:48:47","modified_gmt":"2022-08-04T18:48:47","slug":"denise-carvalho-o-que-ela-pensa","status":"publish","type":"post","link":"https:\/\/renatodias.online\/movimento\/2022\/08\/04\/denise-carvalho-o-que-ela-pensa\/","title":{"rendered":"Denise Carvalho: o que ela pensa?"},"content":{"rendered":"<p><img loading=\"lazy\" decoding=\"async\" class=\"alignnone wp-image-11445 size-full\" src=\"https:\/\/renatodias.online\/movimento\/wp-content\/uploads\/2022\/03\/Eleicoes-de-2022.jpeg\" alt=\"\" width=\"639\" height=\"361\" srcset=\"https:\/\/renatodias.online\/movimento\/wp-content\/uploads\/2022\/03\/Eleicoes-de-2022.jpeg 639w, https:\/\/renatodias.online\/movimento\/wp-content\/uploads\/2022\/03\/Eleicoes-de-2022-300x169.jpeg 300w\" sizes=\"auto, (max-width: 639px) 100vw, 639px\" \/><\/p>\n<div style=\"width: 960px;\" class=\"wp-video\"><!--[if lt IE 9]><script>document.createElement('video');<\/script><![endif]-->\n<video class=\"wp-video-shortcode\" id=\"video-13532-1\" width=\"960\" height=\"540\" preload=\"metadata\" controls=\"controls\"><source type=\"video\/mp4\" src=\"https:\/\/renatodias.online\/movimento\/wp-content\/uploads\/2022\/08\/VID-20220801-WA0043.mp4?_=1\" \/><a href=\"https:\/\/renatodias.online\/movimento\/wp-content\/uploads\/2022\/08\/VID-20220801-WA0043.mp4\">https:\/\/renatodias.online\/movimento\/wp-content\/uploads\/2022\/08\/VID-20220801-WA0043.mp4<\/a><\/video><\/div>\n<p><strong>\u00a0<\/strong><\/p>\n<p><strong><img loading=\"lazy\" decoding=\"async\" class=\"size-full wp-image-13381 aligncenter\" src=\"https:\/\/renatodias.online\/movimento\/wp-content\/uploads\/2022\/07\/Podcast.jpg\" alt=\"\" width=\"200\" height=\"200\" srcset=\"https:\/\/renatodias.online\/movimento\/wp-content\/uploads\/2022\/07\/Podcast.jpg 200w, https:\/\/renatodias.online\/movimento\/wp-content\/uploads\/2022\/07\/Podcast-150x150.jpg 150w\" sizes=\"auto, (max-width: 200px) 100vw, 200px\" \/><\/strong><\/p>\n<!--[if lt IE 9]><script>document.createElement('audio');<\/script><![endif]-->\n<audio class=\"wp-audio-shortcode\" id=\"audio-13532-1\" preload=\"none\" style=\"width: 100%;\" controls=\"controls\"><source type=\"audio\/mpeg\" src=\"https:\/\/renatodias.online\/movimento\/wp-content\/uploads\/2022\/08\/AUD-20220803-WA0115-online-audio-converter.com_.mp3?_=1\" \/><a href=\"https:\/\/renatodias.online\/movimento\/wp-content\/uploads\/2022\/08\/AUD-20220803-WA0115-online-audio-converter.com_.mp3\">https:\/\/renatodias.online\/movimento\/wp-content\/uploads\/2022\/08\/AUD-20220803-WA0115-online-audio-converter.com_.mp3<\/a><\/audio>\n<h1 style=\"text-align: center;\"><span style=\"color: #0000ff;\"><strong>Raio X de suas ideias<br \/>\n<\/strong><\/span><\/h1>\n<figure id=\"attachment_13116\" aria-describedby=\"caption-attachment-13116\" style=\"width: 1140px\" class=\"wp-caption alignnone\"><img loading=\"lazy\" decoding=\"async\" class=\"wp-image-13116 size-large\" src=\"https:\/\/renatodias.online\/movimento\/wp-content\/uploads\/2022\/07\/Congresso-Nacional-especial-1560x1024.jpg\" alt=\"\" width=\"1140\" height=\"748\" \/><figcaption id=\"caption-attachment-13116\" class=\"wp-caption-text\"><strong>Congresso Nacional , em Bras\u00edlia [DF], com a C\u00e2mara dos Deputados federais e o Senado<br \/><\/strong><\/figcaption><\/figure>\n<h1 style=\"text-align: center;\"><span style=\"color: #ff0000;\"><strong>Uma mulher de esquerda no Senado<\/strong><\/span><\/h1>\n<p><img loading=\"lazy\" decoding=\"async\" class=\"size-medium wp-image-13537 aligncenter\" src=\"https:\/\/renatodias.online\/movimento\/wp-content\/uploads\/2022\/08\/Denise-Carvalho-2-180x300.jpg\" alt=\"\" width=\"180\" height=\"300\" srcset=\"https:\/\/renatodias.online\/movimento\/wp-content\/uploads\/2022\/08\/Denise-Carvalho-2-180x300.jpg 180w, https:\/\/renatodias.online\/movimento\/wp-content\/uploads\/2022\/08\/Denise-Carvalho-2-614x1024.jpg 614w, https:\/\/renatodias.online\/movimento\/wp-content\/uploads\/2022\/08\/Denise-Carvalho-2-768x1280.jpg 768w, https:\/\/renatodias.online\/movimento\/wp-content\/uploads\/2022\/08\/Denise-Carvalho-2-922x1536.jpg 922w, https:\/\/renatodias.online\/movimento\/wp-content\/uploads\/2022\/08\/Denise-Carvalho-2-750x1250.jpg 750w, https:\/\/renatodias.online\/movimento\/wp-content\/uploads\/2022\/08\/Denise-Carvalho-2.jpg 960w\" sizes=\"auto, (max-width: 180px) 100vw, 180px\" \/><\/p>\n<p>&nbsp;<\/p>\n<h1 style=\"text-align: center;\"><span style=\"color: #ff00ff;\"><strong>2<\/strong><\/span><\/h1>\n<h1 style=\"text-align: center;\"><span style=\"color: #ff00ff;\"><strong>De outubro<\/strong><\/span><\/h1>\n<h1 style=\"text-align: center;\"><span style=\"color: #ff00ff;\"><strong>de 2022<\/strong><\/span><\/h1>\n<figure id=\"attachment_13535\" aria-describedby=\"caption-attachment-13535\" style=\"width: 200px\" class=\"wp-caption aligncenter\"><img loading=\"lazy\" decoding=\"async\" class=\"size-medium wp-image-13535\" src=\"https:\/\/renatodias.online\/movimento\/wp-content\/uploads\/2022\/08\/Denise-Carvalho-link-200x300.jpg\" alt=\"\" width=\"200\" height=\"300\" srcset=\"https:\/\/renatodias.online\/movimento\/wp-content\/uploads\/2022\/08\/Denise-Carvalho-link-200x300.jpg 200w, https:\/\/renatodias.online\/movimento\/wp-content\/uploads\/2022\/08\/Denise-Carvalho-link-682x1024.jpg 682w, https:\/\/renatodias.online\/movimento\/wp-content\/uploads\/2022\/08\/Denise-Carvalho-link-768x1152.jpg 768w, https:\/\/renatodias.online\/movimento\/wp-content\/uploads\/2022\/08\/Denise-Carvalho-link-750x1125.jpg 750w, https:\/\/renatodias.online\/movimento\/wp-content\/uploads\/2022\/08\/Denise-Carvalho-link.jpg 853w\" sizes=\"auto, (max-width: 200px) 100vw, 200px\" \/><figcaption id=\"caption-attachment-13535\" class=\"wp-caption-text\"><strong>Denise Carvalho<\/strong><\/figcaption><\/figure>\n<p><strong>O que pensas em rela\u00e7\u00e3o ao Teto de Gastos e \u00e0s Reformas Trabalhista e Previdenci\u00e1ria?<\/strong><\/p>\n<p><strong>Denise Carvalho \u2013<\/strong> Vamos rever tudo isso no Governo do Lula porque essas reformas foram contra os trabalhadores e as trabalhadoras.\u00a0 N\u00e3o ampliaram a capacidade do pa\u00eds de gerar novos empregos. A reforma trabalhista trouxe tamb\u00e9m o enfraquecimento do poder dos sindicatos, restri\u00e7\u00f5es da atua\u00e7\u00e3o da justi\u00e7a do trabalho e a fragiliza\u00e7\u00e3o das rela\u00e7\u00f5es trabalhistas. A reforma trabalhista, juntamente com a reforma da previd\u00eancia social e do or\u00e7amento federal, consubstanciada no estabelecimento de um teto de gastos, soma-se tamb\u00e9m \u00e0 proposta de reforma administrativa que afeta direitos do funcionalismo p\u00fablico. S\u00e3o pe\u00e7as que se articulam e t\u00eam o objetivo de aumentar o lucro das empresas privadas, ampliando o espa\u00e7o de mercado delas por meio do encolhimento do setor p\u00fablico, atado pelo limite de gastos.\u00a0 A reforma da previd\u00eancia, por sua vez, visava a redu\u00e7\u00e3o dos gastos p\u00fablicos com as aposentadorias, o aumento da oferta de m\u00e3o de obra, mantendo os trabalhadores e as trabalhadoras por mais tempo no mercado de trabalho e, ainda, implantar a universaliza\u00e7\u00e3o da previd\u00eancia privada. Tentaram iludir o nosso povo com o discurso demag\u00f3gico e neoliberal de que essas reformas trariam de volta o crescimento econ\u00f4mico, tornariam o Brasil mais competitivo e, assim, ampliariam a cria\u00e7\u00e3o de novos postos de trabalho. Puro engodo. Efetivamente os empregos se tornaram, no m\u00ednimo, p\u00edfios e prec\u00e1rios. A Organiza\u00e7\u00e3o Internacional do Trabalho (OIT) tem alertado para a necessidade dos pa\u00edses adotarem pol\u00edticas p\u00fablicas mais incisivas para auxiliar no processo de recupera\u00e7\u00e3o do n\u00edvel de emprego. De acordo com o mais recente relat\u00f3rio apresentado pela OIT, \u201cPerspectivas Sociais e de Emprego no Mundo \u2013 Tend\u00eancias 2022\u201d, a maioria dos pa\u00edses est\u00e1 enfrentando dificuldades para retomar aos n\u00edveis pr\u00e9-pandemia de cria\u00e7\u00e3o de postos de trabalho. Considerando que as reformas no Brasil antecedem \u00e0 pandemia, nossa situa\u00e7\u00e3o \u00e9 bastante desconfort\u00e1vel. A Organiza\u00e7\u00e3o prev\u00ea que apenas em 2024 voltar\u00edamos ao patamar de 2019. Para isso ocorrer, acreditamos que a implementa\u00e7\u00e3o de pol\u00edticas p\u00fablicas de gera\u00e7\u00e3o de emprego articuladas tanto com entidades de trabalhadores e trabalhadoras, quanto de empregadores e empregadoras, torna-se essencial. As elei\u00e7\u00f5es de outubro ser\u00e3o um bom momento para os cidad\u00e3os e as cidad\u00e3s apontarem projetos pol\u00edticos capazes de reverter essa trag\u00e9dia social e econ\u00f4mica que se materializa no desemprego, aumento da mis\u00e9ria e da fome.<\/p>\n<figure id=\"attachment_12876\" aria-describedby=\"caption-attachment-12876\" style=\"width: 377px\" class=\"wp-caption aligncenter\"><img loading=\"lazy\" decoding=\"async\" class=\"size-full wp-image-12876\" src=\"https:\/\/renatodias.online\/movimento\/wp-content\/uploads\/2022\/06\/Jair-Bolsonaro-Autogolpe.jpg\" alt=\"\" width=\"377\" height=\"576\" \/><figcaption id=\"caption-attachment-12876\" class=\"wp-caption-text\"><strong>Jair Bolsonaro &#8211; Cr\u00e9dito: Isto \u00e9<\/strong><\/figcaption><\/figure>\n<p><strong>Sigilo de 100 anos? Um revoga\u00e7o \u00e9 poss\u00edvel?<\/strong><\/p>\n<p><strong>Denise Carvalho &#8211;<\/strong> Sigilo de 100 anos \u00e9 um artif\u00edcio antidemocr\u00e1tico que deve ser revogado. \u00c9 fundamental que todos os governos tenham transpar\u00eancia no exerc\u00edcio do mandato. Sigilo de cem anos at\u00e9 sobre o cart\u00e3o de vacina dele pr\u00f3prio? Isso \u00e9 uma excresc\u00eancia. Sigilo para n\u00e3o se apurar o que? Lula vai revogar este sigilo que foi imposto por decreto. \u00c9 uma atitude contra o caminho da transpar\u00eancia e de aprofundamento democr\u00e1tico do Brasil.<\/p>\n<figure id=\"attachment_12121\" aria-describedby=\"caption-attachment-12121\" style=\"width: 1080px\" class=\"wp-caption alignnone\"><img loading=\"lazy\" decoding=\"async\" class=\"wp-image-12121 size-full\" src=\"https:\/\/renatodias.online\/movimento\/wp-content\/uploads\/2022\/05\/Lula-no-1o-de-maio-de-2022.png\" alt=\"\" width=\"1080\" height=\"792\" srcset=\"https:\/\/renatodias.online\/movimento\/wp-content\/uploads\/2022\/05\/Lula-no-1o-de-maio-de-2022.png 1080w, https:\/\/renatodias.online\/movimento\/wp-content\/uploads\/2022\/05\/Lula-no-1o-de-maio-de-2022-300x220.png 300w, https:\/\/renatodias.online\/movimento\/wp-content\/uploads\/2022\/05\/Lula-no-1o-de-maio-de-2022-768x563.png 768w, https:\/\/renatodias.online\/movimento\/wp-content\/uploads\/2022\/05\/Lula-no-1o-de-maio-de-2022-750x550.png 750w\" sizes=\"auto, (max-width: 1080px) 100vw, 1080px\" \/><figcaption id=\"caption-attachment-12121\" class=\"wp-caption-text\"><strong>Lula no 1\u00ba de maio de 2022, em S\u00e3o Paulo<\/strong><\/figcaption><\/figure>\n<p><strong>A amea\u00e7a de golpe de Estado civil e militar em 7 de setembro de 2022 \u00e9 real?<\/strong><\/p>\n<p><strong>Denise Carvalho &#8211; <\/strong>Possibilidade h\u00e1, por isso precisamos defender nossa jovem democracia e as conquistas que tivemos com o fim da ditadura militar. A popula\u00e7\u00e3o j\u00e1 est\u00e1 resistindo e se mobilizando contra esta possibilidade de golpe. O mundo est\u00e1 atento e n\u00e3o ser\u00e1 uma empreitada f\u00e1cil para os golpistas.<\/p>\n<figure id=\"attachment_8457\" aria-describedby=\"caption-attachment-8457\" style=\"width: 1225px\" class=\"wp-caption alignnone\"><img loading=\"lazy\" decoding=\"async\" class=\"wp-image-8457 size-full\" src=\"https:\/\/renatodias.online\/movimento\/wp-content\/uploads\/2021\/08\/Desfile-de-blindados.jpeg\" alt=\"\" width=\"1225\" height=\"815\" srcset=\"https:\/\/renatodias.online\/movimento\/wp-content\/uploads\/2021\/08\/Desfile-de-blindados.jpeg 1225w, https:\/\/renatodias.online\/movimento\/wp-content\/uploads\/2021\/08\/Desfile-de-blindados-300x200.jpeg 300w, https:\/\/renatodias.online\/movimento\/wp-content\/uploads\/2021\/08\/Desfile-de-blindados-768x511.jpeg 768w, https:\/\/renatodias.online\/movimento\/wp-content\/uploads\/2021\/08\/Desfile-de-blindados-360x240.jpeg 360w, https:\/\/renatodias.online\/movimento\/wp-content\/uploads\/2021\/08\/Desfile-de-blindados-750x499.jpeg 750w\" sizes=\"auto, (max-width: 1225px) 100vw, 1225px\" \/><figcaption id=\"caption-attachment-8457\" class=\"wp-caption-text\"><strong>Desfile de blindados<\/strong><\/figcaption><\/figure>\n","protected":false},"excerpt":{"rendered":"<p>\u00a0 Raio X de suas ideias Uma mulher de esquerda no Senado &nbsp; 2 De outubro de 2022 O que pensas em rela\u00e7\u00e3o ao Teto de Gastos e \u00e0s Reformas Trabalhista e Previdenci\u00e1ria? Denise Carvalho \u2013 Vamos rever tudo isso no Governo do Lula porque essas reformas foram contra os trabalhadores e as trabalhadoras.\u00a0 N\u00e3o<\/p>\n","protected":false},"author":2,"featured_media":13538,"comment_status":"open","ping_status":"open","sticky":false,"template":"","format":"standard","meta":{"_acf_changed":false,"_monsterinsights_skip_tracking":false,"_monsterinsights_sitenote_active":false,"_monsterinsights_sitenote_note":"","_monsterinsights_sitenote_category":0,"footnotes":""},"categories":[4],"tags":[],"class_list":["post-13532","post","type-post","status-publish","format-standard","has-post-thumbnail","hentry","category-politica"],"acf":[],"yoast_head":"<!-- This site is optimized with the Yoast SEO plugin v27.4 - https:\/\/yoast.com\/product\/yoast-seo-wordpress\/ -->\n<title>Denise Carvalho: o que ela pensa? -<\/title>\n<meta name=\"robots\" content=\"index, follow, max-snippet:-1, max-image-preview:large, max-video-preview:-1\" \/>\n<link rel=\"canonical\" href=\"https:\/\/renatodias.online\/movimento\/2022\/08\/04\/denise-carvalho-o-que-ela-pensa\/\" \/>\n<meta property=\"og:locale\" content=\"pt_BR\" \/>\n<meta property=\"og:type\" content=\"article\" \/>\n<meta property=\"og:title\" content=\"Denise Carvalho: o que ela pensa? -\" \/>\n<meta property=\"og:description\" content=\"\u00a0 Raio X de suas ideias Uma mulher de esquerda no Senado &nbsp; 2 De outubro de 2022 O que pensas em rela\u00e7\u00e3o ao Teto de Gastos e \u00e0s Reformas Trabalhista e Previdenci\u00e1ria? Denise Carvalho \u2013 Vamos rever tudo isso no Governo do Lula porque essas reformas foram contra os trabalhadores e as trabalhadoras.\u00a0 N\u00e3o\" \/>\n<meta property=\"og:url\" content=\"https:\/\/renatodias.online\/movimento\/2022\/08\/04\/denise-carvalho-o-que-ela-pensa\/\" \/>\n<meta property=\"article:publisher\" content=\"https:\/\/www.facebook.com\/renato.dias.37\" \/>\n<meta property=\"article:author\" content=\"https:\/\/www.facebook.com\/renato.dias.37\" \/>\n<meta property=\"article:published_time\" content=\"2022-08-04T18:47:56+00:00\" \/>\n<meta property=\"article:modified_time\" content=\"2022-08-04T18:48:47+00:00\" \/>\n<meta property=\"og:image\" content=\"https:\/\/renatodias.online\/movimento\/wp-content\/uploads\/2022\/08\/Denise-Carvalho-5-e1663812805542.jpg\" \/>\n\t<meta property=\"og:image:width\" content=\"290\" \/>\n\t<meta property=\"og:image:height\" content=\"242\" \/>\n\t<meta property=\"og:image:type\" content=\"image\/jpeg\" \/>\n<meta name=\"author\" content=\"Renato Dias\" \/>\n<meta name=\"twitter:card\" content=\"summary_large_image\" \/>\n<meta name=\"twitter:creator\" content=\"@RenatoDiasBat\" \/>\n<meta name=\"twitter:site\" content=\"@RenatoDiasBat\" \/>\n<meta name=\"twitter:label1\" content=\"Escrito por\" \/>\n\t<meta name=\"twitter:data1\" content=\"Renato Dias\" \/>\n\t<meta name=\"twitter:label2\" content=\"Est. tempo de leitura\" \/>\n\t<meta name=\"twitter:data2\" content=\"4 minutos\" \/>\n<script type=\"application\/ld+json\" class=\"yoast-schema-graph\">{\"@context\":\"https:\\\/\\\/schema.org\",\"@graph\":[{\"@type\":\"Article\",\"@id\":\"https:\\\/\\\/renatodias.online\\\/movimento\\\/2022\\\/08\\\/04\\\/denise-carvalho-o-que-ela-pensa\\\/#article\",\"isPartOf\":{\"@id\":\"https:\\\/\\\/renatodias.online\\\/movimento\\\/2022\\\/08\\\/04\\\/denise-carvalho-o-que-ela-pensa\\\/\"},\"author\":{\"name\":\"Renato Dias\",\"@id\":\"https:\\\/\\\/renatodias.online\\\/movimento\\\/#\\\/schema\\\/person\\\/bbab28833b1725a20f4083f49f1fb2a9\"},\"headline\":\"Denise Carvalho: o que ela pensa?\",\"datePublished\":\"2022-08-04T18:47:56+00:00\",\"dateModified\":\"2022-08-04T18:48:47+00:00\",\"mainEntityOfPage\":{\"@id\":\"https:\\\/\\\/renatodias.online\\\/movimento\\\/2022\\\/08\\\/04\\\/denise-carvalho-o-que-ela-pensa\\\/\"},\"wordCount\":714,\"commentCount\":0,\"publisher\":{\"@id\":\"https:\\\/\\\/renatodias.online\\\/movimento\\\/#\\\/schema\\\/person\\\/bbab28833b1725a20f4083f49f1fb2a9\"},\"image\":{\"@id\":\"https:\\\/\\\/renatodias.online\\\/movimento\\\/2022\\\/08\\\/04\\\/denise-carvalho-o-que-ela-pensa\\\/#primaryimage\"},\"thumbnailUrl\":\"https:\\\/\\\/renatodias.online\\\/movimento\\\/wp-content\\\/uploads\\\/2022\\\/08\\\/Denise-Carvalho-5-e1663812805542.jpg\",\"articleSection\":[\"Pol\u00edtica\"],\"inLanguage\":\"pt-BR\",\"potentialAction\":[{\"@type\":\"CommentAction\",\"name\":\"Comment\",\"target\":[\"https:\\\/\\\/renatodias.online\\\/movimento\\\/2022\\\/08\\\/04\\\/denise-carvalho-o-que-ela-pensa\\\/#respond\"]}]},{\"@type\":\"WebPage\",\"@id\":\"https:\\\/\\\/renatodias.online\\\/movimento\\\/2022\\\/08\\\/04\\\/denise-carvalho-o-que-ela-pensa\\\/\",\"url\":\"https:\\\/\\\/renatodias.online\\\/movimento\\\/2022\\\/08\\\/04\\\/denise-carvalho-o-que-ela-pensa\\\/\",\"name\":\"Denise Carvalho: o que ela pensa? -\",\"isPartOf\":{\"@id\":\"https:\\\/\\\/renatodias.online\\\/movimento\\\/#website\"},\"primaryImageOfPage\":{\"@id\":\"https:\\\/\\\/renatodias.online\\\/movimento\\\/2022\\\/08\\\/04\\\/denise-carvalho-o-que-ela-pensa\\\/#primaryimage\"},\"image\":{\"@id\":\"https:\\\/\\\/renatodias.online\\\/movimento\\\/2022\\\/08\\\/04\\\/denise-carvalho-o-que-ela-pensa\\\/#primaryimage\"},\"thumbnailUrl\":\"https:\\\/\\\/renatodias.online\\\/movimento\\\/wp-content\\\/uploads\\\/2022\\\/08\\\/Denise-Carvalho-5-e1663812805542.jpg\",\"datePublished\":\"2022-08-04T18:47:56+00:00\",\"dateModified\":\"2022-08-04T18:48:47+00:00\",\"breadcrumb\":{\"@id\":\"https:\\\/\\\/renatodias.online\\\/movimento\\\/2022\\\/08\\\/04\\\/denise-carvalho-o-que-ela-pensa\\\/#breadcrumb\"},\"inLanguage\":\"pt-BR\",\"potentialAction\":[{\"@type\":\"ReadAction\",\"target\":[\"https:\\\/\\\/renatodias.online\\\/movimento\\\/2022\\\/08\\\/04\\\/denise-carvalho-o-que-ela-pensa\\\/\"]}]},{\"@type\":\"ImageObject\",\"inLanguage\":\"pt-BR\",\"@id\":\"https:\\\/\\\/renatodias.online\\\/movimento\\\/2022\\\/08\\\/04\\\/denise-carvalho-o-que-ela-pensa\\\/#primaryimage\",\"url\":\"https:\\\/\\\/renatodias.online\\\/movimento\\\/wp-content\\\/uploads\\\/2022\\\/08\\\/Denise-Carvalho-5-e1663812805542.jpg\",\"contentUrl\":\"https:\\\/\\\/renatodias.online\\\/movimento\\\/wp-content\\\/uploads\\\/2022\\\/08\\\/Denise-Carvalho-5-e1663812805542.jpg\",\"width\":290,\"height\":242,\"caption\":\"Denise Carvalho\"},{\"@type\":\"BreadcrumbList\",\"@id\":\"https:\\\/\\\/renatodias.online\\\/movimento\\\/2022\\\/08\\\/04\\\/denise-carvalho-o-que-ela-pensa\\\/#breadcrumb\",\"itemListElement\":[{\"@type\":\"ListItem\",\"position\":1,\"name\":\"In\u00edcio\",\"item\":\"https:\\\/\\\/renatodias.online\\\/movimento\\\/\"},{\"@type\":\"ListItem\",\"position\":2,\"name\":\"Denise Carvalho: o que ela pensa?\"}]},{\"@type\":\"WebSite\",\"@id\":\"https:\\\/\\\/renatodias.online\\\/movimento\\\/#website\",\"url\":\"https:\\\/\\\/renatodias.online\\\/movimento\\\/\",\"name\":\"\",\"description\":\"\",\"publisher\":{\"@id\":\"https:\\\/\\\/renatodias.online\\\/movimento\\\/#\\\/schema\\\/person\\\/bbab28833b1725a20f4083f49f1fb2a9\"},\"potentialAction\":[{\"@type\":\"SearchAction\",\"target\":{\"@type\":\"EntryPoint\",\"urlTemplate\":\"https:\\\/\\\/renatodias.online\\\/movimento\\\/?s={search_term_string}\"},\"query-input\":{\"@type\":\"PropertyValueSpecification\",\"valueRequired\":true,\"valueName\":\"search_term_string\"}}],\"inLanguage\":\"pt-BR\"},{\"@type\":[\"Person\",\"Organization\"],\"@id\":\"https:\\\/\\\/renatodias.online\\\/movimento\\\/#\\\/schema\\\/person\\\/bbab28833b1725a20f4083f49f1fb2a9\",\"name\":\"Renato Dias\",\"image\":{\"@type\":\"ImageObject\",\"inLanguage\":\"pt-BR\",\"@id\":\"https:\\\/\\\/renatodias.online\\\/movimento\\\/wp-content\\\/uploads\\\/2023\\\/03\\\/cropped-cropped-cropped-logofinal.jpeg\",\"url\":\"https:\\\/\\\/renatodias.online\\\/movimento\\\/wp-content\\\/uploads\\\/2023\\\/03\\\/cropped-cropped-cropped-logofinal.jpeg\",\"contentUrl\":\"https:\\\/\\\/renatodias.online\\\/movimento\\\/wp-content\\\/uploads\\\/2023\\\/03\\\/cropped-cropped-cropped-logofinal.jpeg\",\"width\":1280,\"height\":219,\"caption\":\"Renato Dias\"},\"logo\":{\"@id\":\"https:\\\/\\\/renatodias.online\\\/movimento\\\/wp-content\\\/uploads\\\/2023\\\/03\\\/cropped-cropped-cropped-logofinal.jpeg\"},\"description\":\"Renato Dias, 58 anos, \u00e9 graduado em Jornalismo, formado em Ci\u00eancias Sociais, com p\u00f3s-gradua\u00e7\u00e3o em Pol\u00edticas P\u00fablicas, mestre em Direito e Rela\u00e7\u00f5es Internacionais, ex-aluno extraordin\u00e1rio do Doutorado em Psicologia Social, ex-estudante do Curso de Psican\u00e1lise do Centro de Estudos Psicanal\u00edticos do Estado de Goi\u00e1s, ministrado pelo m\u00e9dico psiquiatra e psicanalista Daniel Em\u00eddio de Souza. \u00c9 autor de 30 livros-reportagem, oito document\u00e1rios, ganhou 30 pr\u00eamios e \u00e9 torcedor apaixonado do maior do Centro-Oeste, o Vila Nova Futebol Clube. Casado com Meirilane Dias, \u00e9 pai de Juliana Dias, jornalista; Daniel Dias, economista; e Maria Rosa Dias, estudante antifascista, socialista e trotskista.\u00a0Com tr\u00eas pets: Porquinho [Bull Dog Franc\u00eas], Dalila [Basset Hound] e Geleia [Basset Hound]. Al\u00e9m do eterno gato Tutuquinho, que virou estrela.\",\"sameAs\":[\"https:\\\/\\\/www.facebook.com\\\/renato.dias.37\",\"#breve\",\"https:\\\/\\\/renatodias.tumblr.com\\\/\"],\"url\":\"https:\\\/\\\/renatodias.online\\\/movimento\\\/author\\\/renatodias\\\/\"}]}<\/script>\n<!-- \/ Yoast SEO plugin. -->","yoast_head_json":{"title":"Denise Carvalho: o que ela pensa? -","robots":{"index":"index","follow":"follow","max-snippet":"max-snippet:-1","max-image-preview":"max-image-preview:large","max-video-preview":"max-video-preview:-1"},"canonical":"https:\/\/renatodias.online\/movimento\/2022\/08\/04\/denise-carvalho-o-que-ela-pensa\/","og_locale":"pt_BR","og_type":"article","og_title":"Denise Carvalho: o que ela pensa? -","og_description":"\u00a0 Raio X de suas ideias Uma mulher de esquerda no Senado &nbsp; 2 De outubro de 2022 O que pensas em rela\u00e7\u00e3o ao Teto de Gastos e \u00e0s Reformas Trabalhista e Previdenci\u00e1ria? Denise Carvalho \u2013 Vamos rever tudo isso no Governo do Lula porque essas reformas foram contra os trabalhadores e as trabalhadoras.\u00a0 N\u00e3o","og_url":"https:\/\/renatodias.online\/movimento\/2022\/08\/04\/denise-carvalho-o-que-ela-pensa\/","article_publisher":"https:\/\/www.facebook.com\/renato.dias.37","article_author":"https:\/\/www.facebook.com\/renato.dias.37","article_published_time":"2022-08-04T18:47:56+00:00","article_modified_time":"2022-08-04T18:48:47+00:00","og_image":[{"width":290,"height":242,"url":"https:\/\/renatodias.online\/movimento\/wp-content\/uploads\/2022\/08\/Denise-Carvalho-5-e1663812805542.jpg","type":"image\/jpeg"}],"author":"Renato Dias","twitter_card":"summary_large_image","twitter_creator":"@RenatoDiasBat","twitter_site":"@RenatoDiasBat","twitter_misc":{"Escrito por":"Renato Dias","Est. tempo de leitura":"4 minutos"},"schema":{"@context":"https:\/\/schema.org","@graph":[{"@type":"Article","@id":"https:\/\/renatodias.online\/movimento\/2022\/08\/04\/denise-carvalho-o-que-ela-pensa\/#article","isPartOf":{"@id":"https:\/\/renatodias.online\/movimento\/2022\/08\/04\/denise-carvalho-o-que-ela-pensa\/"},"author":{"name":"Renato Dias","@id":"https:\/\/renatodias.online\/movimento\/#\/schema\/person\/bbab28833b1725a20f4083f49f1fb2a9"},"headline":"Denise Carvalho: o que ela pensa?","datePublished":"2022-08-04T18:47:56+00:00","dateModified":"2022-08-04T18:48:47+00:00","mainEntityOfPage":{"@id":"https:\/\/renatodias.online\/movimento\/2022\/08\/04\/denise-carvalho-o-que-ela-pensa\/"},"wordCount":714,"commentCount":0,"publisher":{"@id":"https:\/\/renatodias.online\/movimento\/#\/schema\/person\/bbab28833b1725a20f4083f49f1fb2a9"},"image":{"@id":"https:\/\/renatodias.online\/movimento\/2022\/08\/04\/denise-carvalho-o-que-ela-pensa\/#primaryimage"},"thumbnailUrl":"https:\/\/renatodias.online\/movimento\/wp-content\/uploads\/2022\/08\/Denise-Carvalho-5-e1663812805542.jpg","articleSection":["Pol\u00edtica"],"inLanguage":"pt-BR","potentialAction":[{"@type":"CommentAction","name":"Comment","target":["https:\/\/renatodias.online\/movimento\/2022\/08\/04\/denise-carvalho-o-que-ela-pensa\/#respond"]}]},{"@type":"WebPage","@id":"https:\/\/renatodias.online\/movimento\/2022\/08\/04\/denise-carvalho-o-que-ela-pensa\/","url":"https:\/\/renatodias.online\/movimento\/2022\/08\/04\/denise-carvalho-o-que-ela-pensa\/","name":"Denise Carvalho: o que ela pensa? -","isPartOf":{"@id":"https:\/\/renatodias.online\/movimento\/#website"},"primaryImageOfPage":{"@id":"https:\/\/renatodias.online\/movimento\/2022\/08\/04\/denise-carvalho-o-que-ela-pensa\/#primaryimage"},"image":{"@id":"https:\/\/renatodias.online\/movimento\/2022\/08\/04\/denise-carvalho-o-que-ela-pensa\/#primaryimage"},"thumbnailUrl":"https:\/\/renatodias.online\/movimento\/wp-content\/uploads\/2022\/08\/Denise-Carvalho-5-e1663812805542.jpg","datePublished":"2022-08-04T18:47:56+00:00","dateModified":"2022-08-04T18:48:47+00:00","breadcrumb":{"@id":"https:\/\/renatodias.online\/movimento\/2022\/08\/04\/denise-carvalho-o-que-ela-pensa\/#breadcrumb"},"inLanguage":"pt-BR","potentialAction":[{"@type":"ReadAction","target":["https:\/\/renatodias.online\/movimento\/2022\/08\/04\/denise-carvalho-o-que-ela-pensa\/"]}]},{"@type":"ImageObject","inLanguage":"pt-BR","@id":"https:\/\/renatodias.online\/movimento\/2022\/08\/04\/denise-carvalho-o-que-ela-pensa\/#primaryimage","url":"https:\/\/renatodias.online\/movimento\/wp-content\/uploads\/2022\/08\/Denise-Carvalho-5-e1663812805542.jpg","contentUrl":"https:\/\/renatodias.online\/movimento\/wp-content\/uploads\/2022\/08\/Denise-Carvalho-5-e1663812805542.jpg","width":290,"height":242,"caption":"Denise Carvalho"},{"@type":"BreadcrumbList","@id":"https:\/\/renatodias.online\/movimento\/2022\/08\/04\/denise-carvalho-o-que-ela-pensa\/#breadcrumb","itemListElement":[{"@type":"ListItem","position":1,"name":"In\u00edcio","item":"https:\/\/renatodias.online\/movimento\/"},{"@type":"ListItem","position":2,"name":"Denise Carvalho: o que ela pensa?"}]},{"@type":"WebSite","@id":"https:\/\/renatodias.online\/movimento\/#website","url":"https:\/\/renatodias.online\/movimento\/","name":"","description":"","publisher":{"@id":"https:\/\/renatodias.online\/movimento\/#\/schema\/person\/bbab28833b1725a20f4083f49f1fb2a9"},"potentialAction":[{"@type":"SearchAction","target":{"@type":"EntryPoint","urlTemplate":"https:\/\/renatodias.online\/movimento\/?s={search_term_string}"},"query-input":{"@type":"PropertyValueSpecification","valueRequired":true,"valueName":"search_term_string"}}],"inLanguage":"pt-BR"},{"@type":["Person","Organization"],"@id":"https:\/\/renatodias.online\/movimento\/#\/schema\/person\/bbab28833b1725a20f4083f49f1fb2a9","name":"Renato Dias","image":{"@type":"ImageObject","inLanguage":"pt-BR","@id":"https:\/\/renatodias.online\/movimento\/wp-content\/uploads\/2023\/03\/cropped-cropped-cropped-logofinal.jpeg","url":"https:\/\/renatodias.online\/movimento\/wp-content\/uploads\/2023\/03\/cropped-cropped-cropped-logofinal.jpeg","contentUrl":"https:\/\/renatodias.online\/movimento\/wp-content\/uploads\/2023\/03\/cropped-cropped-cropped-logofinal.jpeg","width":1280,"height":219,"caption":"Renato Dias"},"logo":{"@id":"https:\/\/renatodias.online\/movimento\/wp-content\/uploads\/2023\/03\/cropped-cropped-cropped-logofinal.jpeg"},"description":"Renato Dias, 58 anos, \u00e9 graduado em Jornalismo, formado em Ci\u00eancias Sociais, com p\u00f3s-gradua\u00e7\u00e3o em Pol\u00edticas P\u00fablicas, mestre em Direito e Rela\u00e7\u00f5es Internacionais, ex-aluno extraordin\u00e1rio do Doutorado em Psicologia Social, ex-estudante do Curso de Psican\u00e1lise do Centro de Estudos Psicanal\u00edticos do Estado de Goi\u00e1s, ministrado pelo m\u00e9dico psiquiatra e psicanalista Daniel Em\u00eddio de Souza. \u00c9 autor de 30 livros-reportagem, oito document\u00e1rios, ganhou 30 pr\u00eamios e \u00e9 torcedor apaixonado do maior do Centro-Oeste, o Vila Nova Futebol Clube. Casado com Meirilane Dias, \u00e9 pai de Juliana Dias, jornalista; Daniel Dias, economista; e Maria Rosa Dias, estudante antifascista, socialista e trotskista.\u00a0Com tr\u00eas pets: Porquinho [Bull Dog Franc\u00eas], Dalila [Basset Hound] e Geleia [Basset Hound]. Al\u00e9m do eterno gato Tutuquinho, que virou estrela.","sameAs":["https:\/\/www.facebook.com\/renato.dias.37","#breve","https:\/\/renatodias.tumblr.com\/"],"url":"https:\/\/renatodias.online\/movimento\/author\/renatodias\/"}]}},"_links":{"self":[{"href":"https:\/\/renatodias.online\/movimento\/wp-json\/wp\/v2\/posts\/13532","targetHints":{"allow":["GET"]}}],"collection":[{"href":"https:\/\/renatodias.online\/movimento\/wp-json\/wp\/v2\/posts"}],"about":[{"href":"https:\/\/renatodias.online\/movimento\/wp-json\/wp\/v2\/types\/post"}],"author":[{"embeddable":true,"href":"https:\/\/renatodias.online\/movimento\/wp-json\/wp\/v2\/users\/2"}],"replies":[{"embeddable":true,"href":"https:\/\/renatodias.online\/movimento\/wp-json\/wp\/v2\/comments?post=13532"}],"version-history":[{"count":1,"href":"https:\/\/renatodias.online\/movimento\/wp-json\/wp\/v2\/posts\/13532\/revisions"}],"predecessor-version":[{"id":13539,"href":"https:\/\/renatodias.online\/movimento\/wp-json\/wp\/v2\/posts\/13532\/revisions\/13539"}],"wp:featuredmedia":[{"embeddable":true,"href":"https:\/\/renatodias.online\/movimento\/wp-json\/wp\/v2\/media\/13538"}],"wp:attachment":[{"href":"https:\/\/renatodias.online\/movimento\/wp-json\/wp\/v2\/media?parent=13532"}],"wp:term":[{"taxonomy":"category","embeddable":true,"href":"https:\/\/renatodias.online\/movimento\/wp-json\/wp\/v2\/categories?post=13532"},{"taxonomy":"post_tag","embeddable":true,"href":"https:\/\/renatodias.online\/movimento\/wp-json\/wp\/v2\/tags?post=13532"}],"curies":[{"name":"wp","href":"https:\/\/api.w.org\/{rel}","templated":true}]}}