{"id":13453,"date":"2022-07-29T22:44:41","date_gmt":"2022-07-30T01:44:41","guid":{"rendered":"https:\/\/renatodias.online\/movimento\/?p=13453"},"modified":"2022-07-29T22:44:41","modified_gmt":"2022-07-30T01:44:41","slug":"perillo-teria-fechado-com-lula","status":"publish","type":"post","link":"https:\/\/renatodias.online\/movimento\/2022\/07\/29\/perillo-teria-fechado-com-lula\/","title":{"rendered":"Perillo teria fechado com Lula"},"content":{"rendered":"<p><strong><img loading=\"lazy\" decoding=\"async\" class=\"alignnone wp-image-5007 size-large\" src=\"https:\/\/renatodias.online\/movimento\/wp-content\/uploads\/2021\/01\/Alto-da-p\u00e1gina-Banner-Exclusivo-1024x311.png\" alt=\"\" width=\"1024\" height=\"311\" \/><\/strong><\/p>\n<p><img loading=\"lazy\" decoding=\"async\" class=\"wp-image-11445 size-full aligncenter\" src=\"https:\/\/renatodias.online\/movimento\/wp-content\/uploads\/2022\/03\/Eleicoes-de-2022.jpeg\" alt=\"\" width=\"639\" height=\"361\" srcset=\"https:\/\/renatodias.online\/movimento\/wp-content\/uploads\/2022\/03\/Eleicoes-de-2022.jpeg 639w, https:\/\/renatodias.online\/movimento\/wp-content\/uploads\/2022\/03\/Eleicoes-de-2022-300x169.jpeg 300w\" sizes=\"auto, (max-width: 639px) 100vw, 639px\" \/><\/p>\n<h1 style=\"text-align: center;\"><span style=\"color: #993366;\"><strong>Palanque eleitoral j\u00e1 incluiria PSDB, Cidadania, PT, PSB, PV, PC do B e Rede<\/strong><\/span><\/h1>\n<figure id=\"attachment_5257\" aria-describedby=\"caption-attachment-5257\" style=\"width: 1280px\" class=\"wp-caption alignnone\"><img loading=\"lazy\" decoding=\"async\" class=\"size-full wp-image-5257\" src=\"https:\/\/renatodias.online\/movimento\/wp-content\/uploads\/2021\/02\/marconiperillo10.jpeg\" alt=\"\" width=\"1280\" height=\"853\" \/><figcaption id=\"caption-attachment-5257\" class=\"wp-caption-text\"><strong>Marconi Perillo<\/strong><\/figcaption><\/figure>\n<h2 style=\"text-align: center;\"><span style=\"color: #666699;\"><strong>Tucano quer atrair Avante, Solidariedade, PDT, PSD<\/strong><\/span><\/h2>\n<figure id=\"attachment_5361\" aria-describedby=\"caption-attachment-5361\" style=\"width: 112px\" class=\"wp-caption aligncenter\"><img loading=\"lazy\" decoding=\"async\" class=\"size-medium wp-image-5361\" src=\"https:\/\/renatodias.online\/movimento\/wp-content\/uploads\/2021\/03\/Luiz-Inacio-Lula-da-Silva-1-112x300.jpg\" alt=\"Luiz In\u00e1cio Lula da Silva \u2013 caricatura\" width=\"112\" height=\"300\" \/><figcaption id=\"caption-attachment-5361\" class=\"wp-caption-text\"><span style=\"color: #800080;\"><strong>Luiz In\u00e1cio Lula da Silva<\/strong><\/span><\/figcaption><\/figure>\n<h1 style=\"text-align: center;\"><span style=\"color: #0000ff;\"><strong>PCO pode dar apoio informal<\/strong><\/span><\/h1>\n<p><strong>Renato Dias\u00a0<\/strong><\/p>\n<p>O ex-governador do Estado de Goi\u00e1s por quatro mandatos <strong>Marconi Perillo [PSDB]<\/strong> j\u00e1 teria celebrado alian\u00e7a pol\u00edtica e eleitoral, t\u00e1tica e estrat\u00e9gica, entre PSDB, Cidadania, PT, PSB, PV, Rede e PC do B. O tucano quer atrair tamb\u00e9m Avante, PDT e Solidariedade. O PSD continua sob sua mira. O PCO pode dar um apoio informal. Dissid\u00eancias do Podemos, PP e MDB integrar\u00e3o a coliga\u00e7\u00e3o. \u00c9 o que apurou com exclusividade o <span style=\"color: #808000;\"><strong>Portal de Not\u00edcias www renatodias.online<\/strong><\/span><\/p>\n<blockquote>\n<h1><span style=\"color: #0000ff;\"><strong>Maior tempo de Tv e r\u00e1dio e um gordo Fundo Eleitoral\u00a0<\/strong><\/span><\/h1>\n<\/blockquote>\n<p>Por ter eleito a maior bancada \u00e0 C\u00e2mara dos Deputados, em Bras\u00edlia [DF], a capital da Rep\u00fablica, em 2018, o PT possui o maior tempo de Tv e r\u00e1dio e de Fundo Eleitoral. Instalada em 220 cidades, a legenda tem capilaridade em Goi\u00e1s. A sigla conta com as expressivas inten\u00e7\u00f5es de votos em Luiz In\u00e1cio Lula da Silva. O petista \u00e9 cotado, hoje, para ganhar no 1\u00b0 turno.<strong> O que impulsionaria Marconi Perillo nas pesquisas, provocaria o 2\u00b0\u00a0turno em 2022 e o levaria \u00e0 Casa Verde.<\/strong><\/p>\n<blockquote>\n<h1><span style=\"color: #0000ff;\"><strong>Pesquisa aponta Marconi Perillo em segundo lugar\u00a0<\/strong><\/span><\/h1>\n<\/blockquote>\n<p><strong>Pesquisa de opini\u00e3o p\u00fablica divulgada pela Tv Record aponta que, hoje, o cardeal tucano estaria em segundo lugar na corrida eleitoral ao Pal\u00e1cio das Esmeraldas.<\/strong> Em um empate t\u00e9cnico com Gustavo Mendanha [Patriota]. O ex-prefeito de Aparecida de Goi\u00e2nia. J\u00e1 o levantamento estat\u00edstico que foi realizado pelo Instituto Serpes, publicado no jornal e no Portal de Not\u00edcias de O Popular, registra tamb\u00e9m um empate. Mais: com uma leve e minima vantagem do ex &#8211; emedebista.<\/p>\n<blockquote>\n<h1><span style=\"color: #0000ff;\"><strong>Oito postulantes ao Pal\u00e1cio das Esmeraldas em 2022<\/strong><\/span><\/h1>\n<\/blockquote>\n<p>As elei\u00e7\u00f5es ao Governo do Estado de Goi\u00e1s ter\u00e3o as participa\u00e7\u00f5es do deputado federal Vitor Hugo [PL]. Assim como de Edgar Diniz, a op\u00e7\u00e3o nas urnas eletr\u00f4nicas do Novo. A soci\u00f3loga C\u00edntia Dias \u00e9 o nome do Psol. Os comunistas saem em faixa pr\u00f3pria com a professora Helga Martins [PCB]. Reinaldo de Assis Pantale\u00e3o, historiador adepto das ideias de Karl Marx, da Unidade Popular [UP], est\u00e1 no p\u00e1reo para 2 de outubro de 2022. <strong>A elei\u00e7\u00e3o deve ser disputada voto a voto.<\/strong><\/p>\n<blockquote>\n<h1><strong><span style=\"color: #0000ff;\">Um ex\u00e9rcito extra, especial, progressista<\/span>\u00a0<\/strong><\/h1>\n<\/blockquote>\n<p>Marconi Perillo ir\u00e1 obter um ex\u00e9rcito extra, especial para derrotar Ronaldo Caiado [Uni\u00e3o Brasil] e Daniel Vilela [MDB], al\u00e9m de Jair Bolsonaro [PL]. <strong>Os ativistas da CUT, CTB, UNE, UBES, UEE, UJS, MST, MTST, MLCP, os movimentos sociais contra o racismo, a viol\u00eancia \u00e0s mulheres, \u00e0 homofobia, a xenofobia. Assim como as mil\u00edcias digitais progressistas<\/strong> que denunciam e combatem as Fake News, pela democracia e os direitos humanos<\/p>\n<p><img loading=\"lazy\" decoding=\"async\" class=\"wp-image-12933 size-full aligncenter\" src=\"https:\/\/renatodias.online\/movimento\/wp-content\/uploads\/2022\/06\/Saiba-mais.png\" alt=\"\" width=\"572\" height=\"196\" srcset=\"https:\/\/renatodias.online\/movimento\/wp-content\/uploads\/2022\/06\/Saiba-mais.png 572w, https:\/\/renatodias.online\/movimento\/wp-content\/uploads\/2022\/06\/Saiba-mais-300x103.png 300w\" sizes=\"auto, (max-width: 572px) 100vw, 572px\" \/><\/p>\n<h1 style=\"text-align: center;\"><strong>Veja<\/strong><\/h1>\n<h1 style=\"text-align: center;\"><span style=\"color: #ff6600;\"><strong>Quem est\u00e1 na disputa<\/strong><\/span><\/h1>\n<h1 style=\"text-align: center;\"><span style=\"color: #993300;\"><strong>Ao Governo do Estado de Goi\u00e1s<\/strong><\/span><\/h1>\n<h1 style=\"text-align: center;\"><strong>\u00a0<span style=\"color: #ff00ff;\">2022<\/span><br \/>\n<\/strong><\/h1>\n<p style=\"text-align: center;\"><strong>_ Ronaldo Caiado<\/strong><\/p>\n<p style=\"text-align: center;\"><strong>_ Marconi Perillo<\/strong><\/p>\n<p style=\"text-align: center;\"><strong>_ Gustavo Mendanha<\/strong><\/p>\n<p style=\"text-align: center;\"><strong>_ Vitor Hugo<\/strong><\/p>\n<p style=\"text-align: center;\"><strong>_ Edgar Diniz<\/strong><\/p>\n<p style=\"text-align: center;\"><strong>_ C\u00edntia Dias<\/strong><\/p>\n<p style=\"text-align: center;\"><strong>_ Helga Martins<\/strong><\/p>\n<p style=\"text-align: center;\"><strong>_ Reinaldo Pantale\u00e3o<\/strong><\/p>\n<figure id=\"attachment_13367\" aria-describedby=\"caption-attachment-13367\" style=\"width: 620px\" class=\"wp-caption aligncenter\"><img loading=\"lazy\" decoding=\"async\" class=\"wp-image-13367 size-full\" src=\"https:\/\/renatodias.online\/movimento\/wp-content\/uploads\/2022\/07\/Urnas-eletronicas-especial.jpeg\" alt=\"\" width=\"620\" height=\"300\" srcset=\"https:\/\/renatodias.online\/movimento\/wp-content\/uploads\/2022\/07\/Urnas-eletronicas-especial.jpeg 620w, https:\/\/renatodias.online\/movimento\/wp-content\/uploads\/2022\/07\/Urnas-eletronicas-especial-300x145.jpeg 300w\" sizes=\"auto, (max-width: 620px) 100vw, 620px\" \/><figcaption id=\"caption-attachment-13367\" class=\"wp-caption-text\"><strong>Urnas eletr\u00f4nicas do TSE<\/strong><\/figcaption><\/figure>\n","protected":false},"excerpt":{"rendered":"<p>Palanque eleitoral j\u00e1 incluiria PSDB, Cidadania, PT, PSB, PV, PC do B e Rede Tucano quer atrair Avante, Solidariedade, PDT, PSD PCO pode dar apoio informal Renato Dias\u00a0 O ex-governador do Estado de Goi\u00e1s por quatro mandatos Marconi Perillo [PSDB] j\u00e1 teria celebrado alian\u00e7a pol\u00edtica e eleitoral, t\u00e1tica e estrat\u00e9gica, entre PSDB, Cidadania, PT, PSB,<\/p>\n","protected":false},"author":2,"featured_media":13345,"comment_status":"open","ping_status":"open","sticky":false,"template":"","format":"standard","meta":{"_acf_changed":false,"_monsterinsights_skip_tracking":false,"_monsterinsights_sitenote_active":false,"_monsterinsights_sitenote_note":"","_monsterinsights_sitenote_category":0,"footnotes":""},"categories":[4],"tags":[],"class_list":["post-13453","post","type-post","status-publish","format-standard","has-post-thumbnail","hentry","category-politica"],"acf":[],"yoast_head":"<!-- This site is optimized with the Yoast SEO plugin v27.4 - https:\/\/yoast.com\/product\/yoast-seo-wordpress\/ -->\n<title>Perillo teria fechado com Lula -<\/title>\n<meta name=\"robots\" content=\"index, follow, max-snippet:-1, max-image-preview:large, max-video-preview:-1\" \/>\n<link rel=\"canonical\" href=\"https:\/\/renatodias.online\/movimento\/2022\/07\/29\/perillo-teria-fechado-com-lula\/\" \/>\n<meta property=\"og:locale\" content=\"pt_BR\" \/>\n<meta property=\"og:type\" content=\"article\" \/>\n<meta property=\"og:title\" content=\"Perillo teria fechado com Lula -\" \/>\n<meta property=\"og:description\" content=\"Palanque eleitoral j\u00e1 incluiria PSDB, Cidadania, PT, PSB, PV, PC do B e Rede Tucano quer atrair Avante, Solidariedade, PDT, PSD PCO pode dar apoio informal Renato Dias\u00a0 O ex-governador do Estado de Goi\u00e1s por quatro mandatos Marconi Perillo [PSDB] j\u00e1 teria celebrado alian\u00e7a pol\u00edtica e eleitoral, t\u00e1tica e estrat\u00e9gica, entre PSDB, Cidadania, PT, PSB,\" \/>\n<meta property=\"og:url\" content=\"https:\/\/renatodias.online\/movimento\/2022\/07\/29\/perillo-teria-fechado-com-lula\/\" \/>\n<meta property=\"article:publisher\" content=\"https:\/\/www.facebook.com\/renato.dias.37\" \/>\n<meta property=\"article:author\" content=\"https:\/\/www.facebook.com\/renato.dias.37\" \/>\n<meta property=\"article:published_time\" content=\"2022-07-30T01:44:41+00:00\" \/>\n<meta property=\"og:image\" content=\"https:\/\/renatodias.online\/movimento\/wp-content\/uploads\/2022\/07\/Lula-e-Marconi-Perillo-e1658952010327.jpg\" \/>\n\t<meta property=\"og:image:width\" content=\"360\" \/>\n\t<meta property=\"og:image:height\" content=\"242\" \/>\n\t<meta property=\"og:image:type\" content=\"image\/jpeg\" \/>\n<meta name=\"author\" content=\"Renato Dias\" \/>\n<meta name=\"twitter:card\" content=\"summary_large_image\" \/>\n<meta name=\"twitter:creator\" content=\"@RenatoDiasBat\" \/>\n<meta name=\"twitter:site\" content=\"@RenatoDiasBat\" \/>\n<meta name=\"twitter:label1\" content=\"Escrito por\" \/>\n\t<meta name=\"twitter:data1\" content=\"Renato Dias\" \/>\n\t<meta name=\"twitter:label2\" content=\"Est. tempo de leitura\" \/>\n\t<meta name=\"twitter:data2\" content=\"3 minutos\" \/>\n<script type=\"application\/ld+json\" class=\"yoast-schema-graph\">{\"@context\":\"https:\\\/\\\/schema.org\",\"@graph\":[{\"@type\":\"Article\",\"@id\":\"https:\\\/\\\/renatodias.online\\\/movimento\\\/2022\\\/07\\\/29\\\/perillo-teria-fechado-com-lula\\\/#article\",\"isPartOf\":{\"@id\":\"https:\\\/\\\/renatodias.online\\\/movimento\\\/2022\\\/07\\\/29\\\/perillo-teria-fechado-com-lula\\\/\"},\"author\":{\"name\":\"Renato Dias\",\"@id\":\"https:\\\/\\\/renatodias.online\\\/movimento\\\/#\\\/schema\\\/person\\\/bbab28833b1725a20f4083f49f1fb2a9\"},\"headline\":\"Perillo teria fechado com Lula\",\"datePublished\":\"2022-07-30T01:44:41+00:00\",\"mainEntityOfPage\":{\"@id\":\"https:\\\/\\\/renatodias.online\\\/movimento\\\/2022\\\/07\\\/29\\\/perillo-teria-fechado-com-lula\\\/\"},\"wordCount\":548,\"commentCount\":0,\"publisher\":{\"@id\":\"https:\\\/\\\/renatodias.online\\\/movimento\\\/#\\\/schema\\\/person\\\/bbab28833b1725a20f4083f49f1fb2a9\"},\"image\":{\"@id\":\"https:\\\/\\\/renatodias.online\\\/movimento\\\/2022\\\/07\\\/29\\\/perillo-teria-fechado-com-lula\\\/#primaryimage\"},\"thumbnailUrl\":\"https:\\\/\\\/renatodias.online\\\/movimento\\\/wp-content\\\/uploads\\\/2022\\\/07\\\/Lula-e-Marconi-Perillo-e1658952010327.jpg\",\"articleSection\":[\"Pol\u00edtica\"],\"inLanguage\":\"pt-BR\",\"potentialAction\":[{\"@type\":\"CommentAction\",\"name\":\"Comment\",\"target\":[\"https:\\\/\\\/renatodias.online\\\/movimento\\\/2022\\\/07\\\/29\\\/perillo-teria-fechado-com-lula\\\/#respond\"]}]},{\"@type\":\"WebPage\",\"@id\":\"https:\\\/\\\/renatodias.online\\\/movimento\\\/2022\\\/07\\\/29\\\/perillo-teria-fechado-com-lula\\\/\",\"url\":\"https:\\\/\\\/renatodias.online\\\/movimento\\\/2022\\\/07\\\/29\\\/perillo-teria-fechado-com-lula\\\/\",\"name\":\"Perillo teria fechado com Lula -\",\"isPartOf\":{\"@id\":\"https:\\\/\\\/renatodias.online\\\/movimento\\\/#website\"},\"primaryImageOfPage\":{\"@id\":\"https:\\\/\\\/renatodias.online\\\/movimento\\\/2022\\\/07\\\/29\\\/perillo-teria-fechado-com-lula\\\/#primaryimage\"},\"image\":{\"@id\":\"https:\\\/\\\/renatodias.online\\\/movimento\\\/2022\\\/07\\\/29\\\/perillo-teria-fechado-com-lula\\\/#primaryimage\"},\"thumbnailUrl\":\"https:\\\/\\\/renatodias.online\\\/movimento\\\/wp-content\\\/uploads\\\/2022\\\/07\\\/Lula-e-Marconi-Perillo-e1658952010327.jpg\",\"datePublished\":\"2022-07-30T01:44:41+00:00\",\"breadcrumb\":{\"@id\":\"https:\\\/\\\/renatodias.online\\\/movimento\\\/2022\\\/07\\\/29\\\/perillo-teria-fechado-com-lula\\\/#breadcrumb\"},\"inLanguage\":\"pt-BR\",\"potentialAction\":[{\"@type\":\"ReadAction\",\"target\":[\"https:\\\/\\\/renatodias.online\\\/movimento\\\/2022\\\/07\\\/29\\\/perillo-teria-fechado-com-lula\\\/\"]}]},{\"@type\":\"ImageObject\",\"inLanguage\":\"pt-BR\",\"@id\":\"https:\\\/\\\/renatodias.online\\\/movimento\\\/2022\\\/07\\\/29\\\/perillo-teria-fechado-com-lula\\\/#primaryimage\",\"url\":\"https:\\\/\\\/renatodias.online\\\/movimento\\\/wp-content\\\/uploads\\\/2022\\\/07\\\/Lula-e-Marconi-Perillo-e1658952010327.jpg\",\"contentUrl\":\"https:\\\/\\\/renatodias.online\\\/movimento\\\/wp-content\\\/uploads\\\/2022\\\/07\\\/Lula-e-Marconi-Perillo-e1658952010327.jpg\",\"width\":360,\"height\":242,\"caption\":\"Luiz In\u00e1cio Lula da Silva e Marconi Perillo\"},{\"@type\":\"BreadcrumbList\",\"@id\":\"https:\\\/\\\/renatodias.online\\\/movimento\\\/2022\\\/07\\\/29\\\/perillo-teria-fechado-com-lula\\\/#breadcrumb\",\"itemListElement\":[{\"@type\":\"ListItem\",\"position\":1,\"name\":\"In\u00edcio\",\"item\":\"https:\\\/\\\/renatodias.online\\\/movimento\\\/\"},{\"@type\":\"ListItem\",\"position\":2,\"name\":\"Perillo teria fechado com Lula\"}]},{\"@type\":\"WebSite\",\"@id\":\"https:\\\/\\\/renatodias.online\\\/movimento\\\/#website\",\"url\":\"https:\\\/\\\/renatodias.online\\\/movimento\\\/\",\"name\":\"\",\"description\":\"\",\"publisher\":{\"@id\":\"https:\\\/\\\/renatodias.online\\\/movimento\\\/#\\\/schema\\\/person\\\/bbab28833b1725a20f4083f49f1fb2a9\"},\"potentialAction\":[{\"@type\":\"SearchAction\",\"target\":{\"@type\":\"EntryPoint\",\"urlTemplate\":\"https:\\\/\\\/renatodias.online\\\/movimento\\\/?s={search_term_string}\"},\"query-input\":{\"@type\":\"PropertyValueSpecification\",\"valueRequired\":true,\"valueName\":\"search_term_string\"}}],\"inLanguage\":\"pt-BR\"},{\"@type\":[\"Person\",\"Organization\"],\"@id\":\"https:\\\/\\\/renatodias.online\\\/movimento\\\/#\\\/schema\\\/person\\\/bbab28833b1725a20f4083f49f1fb2a9\",\"name\":\"Renato Dias\",\"image\":{\"@type\":\"ImageObject\",\"inLanguage\":\"pt-BR\",\"@id\":\"https:\\\/\\\/renatodias.online\\\/movimento\\\/wp-content\\\/uploads\\\/2023\\\/03\\\/cropped-cropped-cropped-logofinal.jpeg\",\"url\":\"https:\\\/\\\/renatodias.online\\\/movimento\\\/wp-content\\\/uploads\\\/2023\\\/03\\\/cropped-cropped-cropped-logofinal.jpeg\",\"contentUrl\":\"https:\\\/\\\/renatodias.online\\\/movimento\\\/wp-content\\\/uploads\\\/2023\\\/03\\\/cropped-cropped-cropped-logofinal.jpeg\",\"width\":1280,\"height\":219,\"caption\":\"Renato Dias\"},\"logo\":{\"@id\":\"https:\\\/\\\/renatodias.online\\\/movimento\\\/wp-content\\\/uploads\\\/2023\\\/03\\\/cropped-cropped-cropped-logofinal.jpeg\"},\"description\":\"Renato Dias, 58 anos, \u00e9 graduado em Jornalismo, formado em Ci\u00eancias Sociais, com p\u00f3s-gradua\u00e7\u00e3o em Pol\u00edticas P\u00fablicas, mestre em Direito e Rela\u00e7\u00f5es Internacionais, ex-aluno extraordin\u00e1rio do Doutorado em Psicologia Social, ex-estudante do Curso de Psican\u00e1lise do Centro de Estudos Psicanal\u00edticos do Estado de Goi\u00e1s, ministrado pelo m\u00e9dico psiquiatra e psicanalista Daniel Em\u00eddio de Souza. \u00c9 autor de 30 livros-reportagem, oito document\u00e1rios, ganhou 30 pr\u00eamios e \u00e9 torcedor apaixonado do maior do Centro-Oeste, o Vila Nova Futebol Clube. Casado com Meirilane Dias, \u00e9 pai de Juliana Dias, jornalista; Daniel Dias, economista; e Maria Rosa Dias, estudante antifascista, socialista e trotskista.\u00a0Com tr\u00eas pets: Porquinho [Bull Dog Franc\u00eas], Dalila [Basset Hound] e Geleia [Basset Hound]. Al\u00e9m do eterno gato Tutuquinho, que virou estrela.\",\"sameAs\":[\"https:\\\/\\\/www.facebook.com\\\/renato.dias.37\",\"#breve\",\"https:\\\/\\\/renatodias.tumblr.com\\\/\"],\"url\":\"https:\\\/\\\/renatodias.online\\\/movimento\\\/author\\\/renatodias\\\/\"}]}<\/script>\n<!-- \/ Yoast SEO plugin. -->","yoast_head_json":{"title":"Perillo teria fechado com Lula -","robots":{"index":"index","follow":"follow","max-snippet":"max-snippet:-1","max-image-preview":"max-image-preview:large","max-video-preview":"max-video-preview:-1"},"canonical":"https:\/\/renatodias.online\/movimento\/2022\/07\/29\/perillo-teria-fechado-com-lula\/","og_locale":"pt_BR","og_type":"article","og_title":"Perillo teria fechado com Lula -","og_description":"Palanque eleitoral j\u00e1 incluiria PSDB, Cidadania, PT, PSB, PV, PC do B e Rede Tucano quer atrair Avante, Solidariedade, PDT, PSD PCO pode dar apoio informal Renato Dias\u00a0 O ex-governador do Estado de Goi\u00e1s por quatro mandatos Marconi Perillo [PSDB] j\u00e1 teria celebrado alian\u00e7a pol\u00edtica e eleitoral, t\u00e1tica e estrat\u00e9gica, entre PSDB, Cidadania, PT, PSB,","og_url":"https:\/\/renatodias.online\/movimento\/2022\/07\/29\/perillo-teria-fechado-com-lula\/","article_publisher":"https:\/\/www.facebook.com\/renato.dias.37","article_author":"https:\/\/www.facebook.com\/renato.dias.37","article_published_time":"2022-07-30T01:44:41+00:00","og_image":[{"width":360,"height":242,"url":"https:\/\/renatodias.online\/movimento\/wp-content\/uploads\/2022\/07\/Lula-e-Marconi-Perillo-e1658952010327.jpg","type":"image\/jpeg"}],"author":"Renato Dias","twitter_card":"summary_large_image","twitter_creator":"@RenatoDiasBat","twitter_site":"@RenatoDiasBat","twitter_misc":{"Escrito por":"Renato Dias","Est. tempo de leitura":"3 minutos"},"schema":{"@context":"https:\/\/schema.org","@graph":[{"@type":"Article","@id":"https:\/\/renatodias.online\/movimento\/2022\/07\/29\/perillo-teria-fechado-com-lula\/#article","isPartOf":{"@id":"https:\/\/renatodias.online\/movimento\/2022\/07\/29\/perillo-teria-fechado-com-lula\/"},"author":{"name":"Renato Dias","@id":"https:\/\/renatodias.online\/movimento\/#\/schema\/person\/bbab28833b1725a20f4083f49f1fb2a9"},"headline":"Perillo teria fechado com Lula","datePublished":"2022-07-30T01:44:41+00:00","mainEntityOfPage":{"@id":"https:\/\/renatodias.online\/movimento\/2022\/07\/29\/perillo-teria-fechado-com-lula\/"},"wordCount":548,"commentCount":0,"publisher":{"@id":"https:\/\/renatodias.online\/movimento\/#\/schema\/person\/bbab28833b1725a20f4083f49f1fb2a9"},"image":{"@id":"https:\/\/renatodias.online\/movimento\/2022\/07\/29\/perillo-teria-fechado-com-lula\/#primaryimage"},"thumbnailUrl":"https:\/\/renatodias.online\/movimento\/wp-content\/uploads\/2022\/07\/Lula-e-Marconi-Perillo-e1658952010327.jpg","articleSection":["Pol\u00edtica"],"inLanguage":"pt-BR","potentialAction":[{"@type":"CommentAction","name":"Comment","target":["https:\/\/renatodias.online\/movimento\/2022\/07\/29\/perillo-teria-fechado-com-lula\/#respond"]}]},{"@type":"WebPage","@id":"https:\/\/renatodias.online\/movimento\/2022\/07\/29\/perillo-teria-fechado-com-lula\/","url":"https:\/\/renatodias.online\/movimento\/2022\/07\/29\/perillo-teria-fechado-com-lula\/","name":"Perillo teria fechado com Lula -","isPartOf":{"@id":"https:\/\/renatodias.online\/movimento\/#website"},"primaryImageOfPage":{"@id":"https:\/\/renatodias.online\/movimento\/2022\/07\/29\/perillo-teria-fechado-com-lula\/#primaryimage"},"image":{"@id":"https:\/\/renatodias.online\/movimento\/2022\/07\/29\/perillo-teria-fechado-com-lula\/#primaryimage"},"thumbnailUrl":"https:\/\/renatodias.online\/movimento\/wp-content\/uploads\/2022\/07\/Lula-e-Marconi-Perillo-e1658952010327.jpg","datePublished":"2022-07-30T01:44:41+00:00","breadcrumb":{"@id":"https:\/\/renatodias.online\/movimento\/2022\/07\/29\/perillo-teria-fechado-com-lula\/#breadcrumb"},"inLanguage":"pt-BR","potentialAction":[{"@type":"ReadAction","target":["https:\/\/renatodias.online\/movimento\/2022\/07\/29\/perillo-teria-fechado-com-lula\/"]}]},{"@type":"ImageObject","inLanguage":"pt-BR","@id":"https:\/\/renatodias.online\/movimento\/2022\/07\/29\/perillo-teria-fechado-com-lula\/#primaryimage","url":"https:\/\/renatodias.online\/movimento\/wp-content\/uploads\/2022\/07\/Lula-e-Marconi-Perillo-e1658952010327.jpg","contentUrl":"https:\/\/renatodias.online\/movimento\/wp-content\/uploads\/2022\/07\/Lula-e-Marconi-Perillo-e1658952010327.jpg","width":360,"height":242,"caption":"Luiz In\u00e1cio Lula da Silva e Marconi Perillo"},{"@type":"BreadcrumbList","@id":"https:\/\/renatodias.online\/movimento\/2022\/07\/29\/perillo-teria-fechado-com-lula\/#breadcrumb","itemListElement":[{"@type":"ListItem","position":1,"name":"In\u00edcio","item":"https:\/\/renatodias.online\/movimento\/"},{"@type":"ListItem","position":2,"name":"Perillo teria fechado com Lula"}]},{"@type":"WebSite","@id":"https:\/\/renatodias.online\/movimento\/#website","url":"https:\/\/renatodias.online\/movimento\/","name":"","description":"","publisher":{"@id":"https:\/\/renatodias.online\/movimento\/#\/schema\/person\/bbab28833b1725a20f4083f49f1fb2a9"},"potentialAction":[{"@type":"SearchAction","target":{"@type":"EntryPoint","urlTemplate":"https:\/\/renatodias.online\/movimento\/?s={search_term_string}"},"query-input":{"@type":"PropertyValueSpecification","valueRequired":true,"valueName":"search_term_string"}}],"inLanguage":"pt-BR"},{"@type":["Person","Organization"],"@id":"https:\/\/renatodias.online\/movimento\/#\/schema\/person\/bbab28833b1725a20f4083f49f1fb2a9","name":"Renato Dias","image":{"@type":"ImageObject","inLanguage":"pt-BR","@id":"https:\/\/renatodias.online\/movimento\/wp-content\/uploads\/2023\/03\/cropped-cropped-cropped-logofinal.jpeg","url":"https:\/\/renatodias.online\/movimento\/wp-content\/uploads\/2023\/03\/cropped-cropped-cropped-logofinal.jpeg","contentUrl":"https:\/\/renatodias.online\/movimento\/wp-content\/uploads\/2023\/03\/cropped-cropped-cropped-logofinal.jpeg","width":1280,"height":219,"caption":"Renato Dias"},"logo":{"@id":"https:\/\/renatodias.online\/movimento\/wp-content\/uploads\/2023\/03\/cropped-cropped-cropped-logofinal.jpeg"},"description":"Renato Dias, 58 anos, \u00e9 graduado em Jornalismo, formado em Ci\u00eancias Sociais, com p\u00f3s-gradua\u00e7\u00e3o em Pol\u00edticas P\u00fablicas, mestre em Direito e Rela\u00e7\u00f5es Internacionais, ex-aluno extraordin\u00e1rio do Doutorado em Psicologia Social, ex-estudante do Curso de Psican\u00e1lise do Centro de Estudos Psicanal\u00edticos do Estado de Goi\u00e1s, ministrado pelo m\u00e9dico psiquiatra e psicanalista Daniel Em\u00eddio de Souza. \u00c9 autor de 30 livros-reportagem, oito document\u00e1rios, ganhou 30 pr\u00eamios e \u00e9 torcedor apaixonado do maior do Centro-Oeste, o Vila Nova Futebol Clube. Casado com Meirilane Dias, \u00e9 pai de Juliana Dias, jornalista; Daniel Dias, economista; e Maria Rosa Dias, estudante antifascista, socialista e trotskista.\u00a0Com tr\u00eas pets: Porquinho [Bull Dog Franc\u00eas], Dalila [Basset Hound] e Geleia [Basset Hound]. Al\u00e9m do eterno gato Tutuquinho, que virou estrela.","sameAs":["https:\/\/www.facebook.com\/renato.dias.37","#breve","https:\/\/renatodias.tumblr.com\/"],"url":"https:\/\/renatodias.online\/movimento\/author\/renatodias\/"}]}},"_links":{"self":[{"href":"https:\/\/renatodias.online\/movimento\/wp-json\/wp\/v2\/posts\/13453","targetHints":{"allow":["GET"]}}],"collection":[{"href":"https:\/\/renatodias.online\/movimento\/wp-json\/wp\/v2\/posts"}],"about":[{"href":"https:\/\/renatodias.online\/movimento\/wp-json\/wp\/v2\/types\/post"}],"author":[{"embeddable":true,"href":"https:\/\/renatodias.online\/movimento\/wp-json\/wp\/v2\/users\/2"}],"replies":[{"embeddable":true,"href":"https:\/\/renatodias.online\/movimento\/wp-json\/wp\/v2\/comments?post=13453"}],"version-history":[{"count":1,"href":"https:\/\/renatodias.online\/movimento\/wp-json\/wp\/v2\/posts\/13453\/revisions"}],"predecessor-version":[{"id":13454,"href":"https:\/\/renatodias.online\/movimento\/wp-json\/wp\/v2\/posts\/13453\/revisions\/13454"}],"wp:featuredmedia":[{"embeddable":true,"href":"https:\/\/renatodias.online\/movimento\/wp-json\/wp\/v2\/media\/13345"}],"wp:attachment":[{"href":"https:\/\/renatodias.online\/movimento\/wp-json\/wp\/v2\/media?parent=13453"}],"wp:term":[{"taxonomy":"category","embeddable":true,"href":"https:\/\/renatodias.online\/movimento\/wp-json\/wp\/v2\/categories?post=13453"},{"taxonomy":"post_tag","embeddable":true,"href":"https:\/\/renatodias.online\/movimento\/wp-json\/wp\/v2\/tags?post=13453"}],"curies":[{"name":"wp","href":"https:\/\/api.w.org\/{rel}","templated":true}]}}