{"id":13430,"date":"2022-07-27T17:47:17","date_gmt":"2022-07-27T20:47:17","guid":{"rendered":"https:\/\/renatodias.online\/movimento\/?p=13430"},"modified":"2022-07-27T17:47:17","modified_gmt":"2022-07-27T20:47:17","slug":"caiado-enfrenta-desgastes","status":"publish","type":"post","link":"https:\/\/renatodias.online\/movimento\/2022\/07\/27\/caiado-enfrenta-desgastes\/","title":{"rendered":"Caiado enfrenta desgastes"},"content":{"rendered":"<p><strong><img loading=\"lazy\" decoding=\"async\" class=\"alignnone wp-image-5007 size-large\" src=\"https:\/\/renatodias.online\/movimento\/wp-content\/uploads\/2021\/01\/Alto-da-p\u00e1gina-Banner-Exclusivo-1024x311.png\" alt=\"\" width=\"1024\" height=\"311\" \/><\/strong><\/p>\n<h1 style=\"text-align: center;\"><strong>N\u00fameros mostram m\u00e1 gest\u00e3o<\/strong><\/h1>\n<h1 style=\"text-align: center;\"><strong>Governador pode ser derrotado<\/strong><\/h1>\n<p><strong>\u00a0<\/strong><\/p>\n<h1 style=\"text-align: center;\"><strong>2<\/strong><\/h1>\n<h1 style=\"text-align: center;\"><strong>De outubro de <\/strong><strong>2022<\/strong><\/h1>\n<p><strong>\u00a0<\/strong><\/p>\n<p><strong>Renato Dias<\/strong><\/p>\n<p>O governador do Estado de Goi\u00e1s, <span style=\"color: #0000ff;\"><strong>Ronaldo Caiado [Uni\u00e3o Brasil], que disputa a reelei\u00e7\u00e3o, pode ser derrotado<\/strong><\/span> nas urnas em outubro de 2022. Basta leitura aplicada das tend\u00eancias. Nas pesquisas de cen\u00e1rios.<\/p>\n<figure id=\"attachment_13363\" aria-describedby=\"caption-attachment-13363\" style=\"width: 948px\" class=\"wp-caption aligncenter\"><img loading=\"lazy\" decoding=\"async\" class=\"wp-image-13363 size-full\" src=\"https:\/\/renatodias.online\/movimento\/wp-content\/uploads\/2022\/07\/Ronaldo-Caiado-e-Jair-Bolsonaro-especial.png\" alt=\"\" width=\"948\" height=\"580\" srcset=\"https:\/\/renatodias.online\/movimento\/wp-content\/uploads\/2022\/07\/Ronaldo-Caiado-e-Jair-Bolsonaro-especial.png 948w, https:\/\/renatodias.online\/movimento\/wp-content\/uploads\/2022\/07\/Ronaldo-Caiado-e-Jair-Bolsonaro-especial-300x184.png 300w, https:\/\/renatodias.online\/movimento\/wp-content\/uploads\/2022\/07\/Ronaldo-Caiado-e-Jair-Bolsonaro-especial-768x470.png 768w, https:\/\/renatodias.online\/movimento\/wp-content\/uploads\/2022\/07\/Ronaldo-Caiado-e-Jair-Bolsonaro-especial-750x459.png 750w\" sizes=\"auto, (max-width: 948px) 100vw, 948px\" \/><figcaption id=\"caption-attachment-13363\" class=\"wp-caption-text\"><strong>Ronaldo Caiado e Jair Bolsonaro : tudo bem?<\/strong><\/figcaption><\/figure>\n<p>Ronaldo Caiado, Marconi Perillo [PSDB], Gustavo Mendanha [Patriota], Wolmir Amado [PT], Vitor Hugo [PL], Helga Martins [PCB], al\u00e9m de Edgar Brito [Novo] e Reinaldo Pantale\u00e3o [UP] est\u00e3o no p\u00e1reo.<\/p>\n<p><img loading=\"lazy\" decoding=\"async\" class=\"size-medium wp-image-10152 aligncenter\" src=\"https:\/\/renatodias.online\/movimento\/wp-content\/uploads\/2021\/12\/Patriota-300x78.jpg\" alt=\"\" width=\"300\" height=\"78\" srcset=\"https:\/\/renatodias.online\/movimento\/wp-content\/uploads\/2021\/12\/Patriota-300x78.jpg 300w, https:\/\/renatodias.online\/movimento\/wp-content\/uploads\/2021\/12\/Patriota-768x200.jpg 768w, https:\/\/renatodias.online\/movimento\/wp-content\/uploads\/2021\/12\/Patriota-750x196.jpg 750w, https:\/\/renatodias.online\/movimento\/wp-content\/uploads\/2021\/12\/Patriota.jpg 820w\" sizes=\"auto, (max-width: 300px) 100vw, 300px\" \/><\/p>\n<figure id=\"attachment_7838\" aria-describedby=\"caption-attachment-7838\" style=\"width: 986px\" class=\"wp-caption alignnone\"><img loading=\"lazy\" decoding=\"async\" class=\"size-full wp-image-7838\" src=\"https:\/\/renatodias.online\/movimento\/wp-content\/uploads\/2021\/07\/Gustavo-Mendanha-_-Link.jpg\" alt=\"\" width=\"986\" height=\"617\" \/><figcaption id=\"caption-attachment-7838\" class=\"wp-caption-text\">Gustavo Mendanha<\/figcaption><\/figure>\n<figure id=\"attachment_9691\" aria-describedby=\"caption-attachment-9691\" style=\"width: 300px\" class=\"wp-caption aligncenter\"><img loading=\"lazy\" decoding=\"async\" class=\"size-medium wp-image-9691\" src=\"https:\/\/renatodias.online\/movimento\/wp-content\/uploads\/2021\/11\/Tucano-o-simbolo-do-PSDB-300x220.jpg\" alt=\"\" width=\"300\" height=\"220\" \/><figcaption id=\"caption-attachment-9691\" class=\"wp-caption-text\"><strong>Tucano, o s\u00edmbolo do PSDB<\/strong><\/figcaption><\/figure>\n<p>&nbsp;<\/p>\n<figure id=\"attachment_5257\" aria-describedby=\"caption-attachment-5257\" style=\"width: 1280px\" class=\"wp-caption alignnone\"><img loading=\"lazy\" decoding=\"async\" class=\"size-full wp-image-5257\" src=\"https:\/\/renatodias.online\/movimento\/wp-content\/uploads\/2021\/02\/marconiperillo10.jpeg\" alt=\"\" width=\"1280\" height=\"853\" \/><figcaption id=\"caption-attachment-5257\" class=\"wp-caption-text\"><strong>Marconi Perillo<\/strong><\/figcaption><\/figure>\n<p>&nbsp;<\/p>\n<figure id=\"attachment_13365\" aria-describedby=\"caption-attachment-13365\" style=\"width: 300px\" class=\"wp-caption aligncenter\"><img loading=\"lazy\" decoding=\"async\" class=\"size-medium wp-image-13365\" src=\"https:\/\/renatodias.online\/movimento\/wp-content\/uploads\/2022\/07\/Federacao-Brasil-da-Esperanca-300x176.jpeg\" alt=\"\" width=\"300\" height=\"176\" \/><figcaption id=\"caption-attachment-13365\" class=\"wp-caption-text\"><strong>Federa\u00e7\u00e3o Brasil da Esperan\u00e7a<\/strong><\/figcaption><\/figure>\n<p>&nbsp;<\/p>\n<figure id=\"attachment_9628\" aria-describedby=\"caption-attachment-9628\" style=\"width: 1280px\" class=\"wp-caption alignnone\"><img loading=\"lazy\" decoding=\"async\" class=\"wp-image-9628 size-full\" src=\"https:\/\/renatodias.online\/movimento\/wp-content\/uploads\/2021\/11\/Wolmir-Amado.jpeg\" alt=\"\" width=\"1280\" height=\"853\" \/><figcaption id=\"caption-attachment-9628\" class=\"wp-caption-text\"><strong>Wolmir Therezio Amado<\/strong><\/figcaption><\/figure>\n<p>A campanha eleitoral ainda n\u00e3o come\u00e7ou. Com propaganda de Tv, r\u00e1dio, caminhadas, reuni\u00f5es, com\u00edcios, viagens, visitas, o velho corpo a corpo. Al\u00e9m da invas\u00e3o das redes sociais. Com m\u00faltiplas plataformas.<\/p>\n<blockquote>\n<h1><span style=\"color: #0000ff;\"><strong>A campanha eleitoral ainda n\u00e3o come\u00e7ou<\/strong><\/span><\/h1>\n<\/blockquote>\n<p>Os atuais indicadores econ\u00f4micos, sociais, sanit\u00e1rios, culturais, educacionais ser\u00e3o expostos. Mais: apresentados aos 4,8 milh\u00f5es de eleitores dos 246 munic\u00edpios do Estado de Goi\u00e1s. Com 7,2 mi de habitantes<\/p>\n<figure id=\"attachment_13367\" aria-describedby=\"caption-attachment-13367\" style=\"width: 620px\" class=\"wp-caption aligncenter\"><img loading=\"lazy\" decoding=\"async\" class=\"wp-image-13367 size-full\" src=\"https:\/\/renatodias.online\/movimento\/wp-content\/uploads\/2022\/07\/Urnas-eletronicas-especial.jpeg\" alt=\"\" width=\"620\" height=\"300\" srcset=\"https:\/\/renatodias.online\/movimento\/wp-content\/uploads\/2022\/07\/Urnas-eletronicas-especial.jpeg 620w, https:\/\/renatodias.online\/movimento\/wp-content\/uploads\/2022\/07\/Urnas-eletronicas-especial-300x145.jpeg 300w\" sizes=\"auto, (max-width: 620px) 100vw, 620px\" \/><figcaption id=\"caption-attachment-13367\" class=\"wp-caption-text\"><strong>Urnas eletr\u00f4nicas do TSE<\/strong><\/figcaption><\/figure>\n<p>O funcionalismo p\u00fablico pode ser uma pedra no sapato de Ronaldo Caiado. Motivo real: extin\u00e7\u00e3o de direitos e a n\u00e3o reposi\u00e7\u00e3o das perdas salariais com a infla\u00e7\u00e3o. O F\u00f3rum Sindical exigia 25,35% e n\u00e3o foi atendido.<\/p>\n<blockquote>\n<h1><strong><span style=\"color: #0000ff;\">F\u00f3rum Sindical exigia 25,35% e n\u00e3o foi atendido<\/span><\/strong><\/h1>\n<\/blockquote>\n<p>Um desastre. Assim pode ser classificada a sua gest\u00e3o da Pandemia do Covid 19: um milh\u00e3o 478 mil e 375 pessoas infectadas. Com 26 mil e 824 mortos. Registro: mais 278 \u00f3bitos suspeitos sob investiga\u00e7\u00e3o.<\/p>\n<figure id=\"attachment_10310\" aria-describedby=\"caption-attachment-10310\" style=\"width: 1170px\" class=\"wp-caption alignnone\"><img loading=\"lazy\" decoding=\"async\" class=\"wp-image-10310 size-full\" src=\"https:\/\/renatodias.online\/movimento\/wp-content\/uploads\/2022\/01\/Coronavirus-Jardel-Sebba.jpg\" alt=\"\" width=\"1170\" height=\"700\" srcset=\"https:\/\/renatodias.online\/movimento\/wp-content\/uploads\/2022\/01\/Coronavirus-Jardel-Sebba.jpg 1170w, https:\/\/renatodias.online\/movimento\/wp-content\/uploads\/2022\/01\/Coronavirus-Jardel-Sebba-300x179.jpg 300w, https:\/\/renatodias.online\/movimento\/wp-content\/uploads\/2022\/01\/Coronavirus-Jardel-Sebba-768x459.jpg 768w, https:\/\/renatodias.online\/movimento\/wp-content\/uploads\/2022\/01\/Coronavirus-Jardel-Sebba-750x449.jpg 750w\" sizes=\"auto, (max-width: 1170px) 100vw, 1170px\" \/><figcaption id=\"caption-attachment-10310\" class=\"wp-caption-text\"><strong>Coronav\u00edrus<\/strong><\/figcaption><\/figure>\n<p>Goi\u00e1s aparece no topo do ranking nacional de feminic\u00eddios. As pol\u00edticas p\u00fablicas do Estado s\u00e3o p\u00edfias, sem planejamento. Um aumento de 50% de 2018 para o ano de 2021. Apenas no ano passado, 54 mortes<\/p>\n<p><img loading=\"lazy\" decoding=\"async\" class=\"alignnone wp-image-12534 size-full\" src=\"https:\/\/renatodias.online\/movimento\/wp-content\/uploads\/2022\/05\/Feminicidio.png\" alt=\"\" width=\"960\" height=\"600\" srcset=\"https:\/\/renatodias.online\/movimento\/wp-content\/uploads\/2022\/05\/Feminicidio.png 960w, https:\/\/renatodias.online\/movimento\/wp-content\/uploads\/2022\/05\/Feminicidio-300x188.png 300w, https:\/\/renatodias.online\/movimento\/wp-content\/uploads\/2022\/05\/Feminicidio-768x480.png 768w, https:\/\/renatodias.online\/movimento\/wp-content\/uploads\/2022\/05\/Feminicidio-750x469.png 750w\" sizes=\"auto, (max-width: 960px) 100vw, 960px\" \/><\/p>\n<p>A escalada da crise econ\u00f4mica em Goi\u00e1s traz desemprego de 332 mil trabalhadores. Dados do PNAD, do IBGE. A renda domiciliar despencou para os \u00edndices de 2017. J\u00e1 a informalidade deu um elevado salto:40,9%<\/p>\n<figure id=\"attachment_6447\" aria-describedby=\"caption-attachment-6447\" style=\"width: 800px\" class=\"wp-caption aligncenter\"><img loading=\"lazy\" decoding=\"async\" class=\"wp-image-6447 size-full\" src=\"https:\/\/renatodias.online\/movimento\/wp-content\/uploads\/2021\/05\/Desemprego.jpg\" alt=\"\" width=\"800\" height=\"534\" \/><figcaption id=\"caption-attachment-6447\" class=\"wp-caption-text\"><strong>A crise em Goi\u00e1s: o desemprego<\/strong><\/figcaption><\/figure>\n<p>O \u00cdndice Nacional de Pre\u00e7os ao Consumidor Amplo, de mar\u00e7o de 2021 a mar\u00e7o de 2022, em Goi\u00e2nia, a capital de Goi\u00e1s, \u00e9 de 12,18%, a maior dos 27 anos da economia. Desde a implanta\u00e7\u00e3o do Plano Real, em 1994.<\/p>\n<figure id=\"attachment_4420\" aria-describedby=\"caption-attachment-4420\" style=\"width: 248px\" class=\"wp-caption aligncenter\"><img loading=\"lazy\" decoding=\"async\" class=\"wp-image-4420 size-full\" src=\"https:\/\/renatodias.online\/movimento\/wp-content\/uploads\/2020\/09\/Drag\u00e3o-da-infla\u00e7\u00e3o-3.png\" alt=\"\" width=\"248\" height=\"193\" \/><figcaption id=\"caption-attachment-4420\" class=\"wp-caption-text\"><strong>Drag\u00e3o da infla\u00e7\u00e3o<\/strong><\/figcaption><\/figure>\n<p>A evas\u00e3o escolar na rede de ensino em Goi\u00e1s teria retirado das listas das salas de aulas 68 mil e 63 estudantes no ano de 2020. J\u00e1 em 2021 a crise continuou com 35 mil alunos sem matr\u00edculas e frequ\u00eancias.<\/p>\n<blockquote>\n<h1><span style=\"color: #0000ff;\"><strong>Goi\u00e1s teria retirado das listas das salas de aulas 68 mil e 63 estudantes no ano de 2020<\/strong><\/span><\/h1>\n<\/blockquote>\n<p>Em tempo: a falta de acesso \u00e0 rede mundial de computadores, \u00e0 internet, a aus\u00eancia de computadores para uso pessoal, o PC, e a inseguran\u00e7a alimentar prejudicaram tamb\u00e9m o desempenho dos estudantes<\/p>\n<figure id=\"attachment_6485\" aria-describedby=\"caption-attachment-6485\" style=\"width: 1600px\" class=\"wp-caption alignnone\"><img loading=\"lazy\" decoding=\"async\" class=\"wp-image-6485 size-full\" src=\"https:\/\/renatodias.online\/movimento\/wp-content\/uploads\/2021\/05\/Educacao-sob-a-Pandemia.jpg\" alt=\"\" width=\"1600\" height=\"800\" srcset=\"https:\/\/renatodias.online\/movimento\/wp-content\/uploads\/2021\/05\/Educacao-sob-a-Pandemia.jpg 1600w, https:\/\/renatodias.online\/movimento\/wp-content\/uploads\/2021\/05\/Educacao-sob-a-Pandemia-300x150.jpg 300w, https:\/\/renatodias.online\/movimento\/wp-content\/uploads\/2021\/05\/Educacao-sob-a-Pandemia-768x384.jpg 768w, https:\/\/renatodias.online\/movimento\/wp-content\/uploads\/2021\/05\/Educacao-sob-a-Pandemia-1536x768.jpg 1536w, https:\/\/renatodias.online\/movimento\/wp-content\/uploads\/2021\/05\/Educacao-sob-a-Pandemia-555x278.jpg 555w, https:\/\/renatodias.online\/movimento\/wp-content\/uploads\/2021\/05\/Educacao-sob-a-Pandemia-750x375.jpg 750w\" sizes=\"auto, (max-width: 1600px) 100vw, 1600px\" \/><figcaption id=\"caption-attachment-6485\" class=\"wp-caption-text\"><strong>A educa\u00e7\u00e3o sob a Pandemia<br \/><\/strong><\/figcaption><\/figure>\n<p>O Pal\u00e1cio das Esmeraldas, sob a orienta\u00e7\u00e3o neoliberal da Secretaria de Estado da Economia, destruiu as pol\u00edticas p\u00fablicas de fomento \u00e0s artes e aos espet\u00e1culos. Um diagn\u00f3stico do F\u00f3rum de Cultura de Goi\u00e1s<\/p>\n<p><img loading=\"lazy\" decoding=\"async\" class=\"wp-image-10452 size-full aligncenter\" src=\"https:\/\/renatodias.online\/movimento\/wp-content\/uploads\/2022\/01\/Artes-Plasticas.jpg\" alt=\"\" width=\"810\" height=\"471\" srcset=\"https:\/\/renatodias.online\/movimento\/wp-content\/uploads\/2022\/01\/Artes-Plasticas.jpg 810w, https:\/\/renatodias.online\/movimento\/wp-content\/uploads\/2022\/01\/Artes-Plasticas-300x174.jpg 300w, https:\/\/renatodias.online\/movimento\/wp-content\/uploads\/2022\/01\/Artes-Plasticas-768x447.jpg 768w, https:\/\/renatodias.online\/movimento\/wp-content\/uploads\/2022\/01\/Artes-Plasticas-750x436.jpg 750w\" sizes=\"auto, (max-width: 810px) 100vw, 810px\" \/><\/p>\n<p>A viol\u00eancia policial, por agentes do Estado, \u00e9 respons\u00e1vel por 30% das mortes violentas, em Goi\u00e1s. A cultura hegem\u00f4nica \u00e9 de que a corpora\u00e7\u00e3o deve &#8220;matar mais&#8221;.\u00a0 \u00c9 o segundo no ranking nacional em interven\u00e7\u00e3o policial.<\/p>\n<p><img loading=\"lazy\" decoding=\"async\" class=\"size-medium wp-image-7457 aligncenter\" src=\"https:\/\/renatodias.online\/movimento\/wp-content\/uploads\/2021\/06\/Sangue-_-1-300x200.jpeg\" alt=\"\" width=\"300\" height=\"200\" \/><\/p>\n<p>Os n\u00fameros estarrecedores n\u00e3o param. O Estado de Goi\u00e1s \u00e9, hoje, o terceiro no Brasil com a maior taxa de mortalidade em a\u00e7\u00f5es da seguran\u00e7a p\u00fablica. Pesquisa da professora da UFG,\u00a0Dalva Maria de Lima.<\/p>\n<figure id=\"attachment_7808\" aria-describedby=\"caption-attachment-7808\" style=\"width: 1140px\" class=\"wp-caption alignnone\"><img loading=\"lazy\" decoding=\"async\" class=\"wp-image-7808 size-large\" src=\"https:\/\/renatodias.online\/movimento\/wp-content\/uploads\/2021\/07\/Luto-_-1-1514x1024.jpg\" alt=\"\" width=\"1140\" height=\"771\" \/><figcaption id=\"caption-attachment-7808\" class=\"wp-caption-text\"><strong>O \u00faltimo adeus. A dor da partida. O pranto<\/strong><\/figcaption><\/figure>\n","protected":false},"excerpt":{"rendered":"<p>N\u00fameros mostram m\u00e1 gest\u00e3o Governador pode ser derrotado \u00a0 2 De outubro de 2022 \u00a0 Renato Dias O governador do Estado de Goi\u00e1s, Ronaldo Caiado [Uni\u00e3o Brasil], que disputa a reelei\u00e7\u00e3o, pode ser derrotado nas urnas em outubro de 2022. Basta leitura aplicada das tend\u00eancias. Nas pesquisas de cen\u00e1rios. Ronaldo Caiado, Marconi Perillo [PSDB], Gustavo<\/p>\n","protected":false},"author":2,"featured_media":6797,"comment_status":"open","ping_status":"open","sticky":false,"template":"","format":"standard","meta":{"_acf_changed":false,"_monsterinsights_skip_tracking":false,"_monsterinsights_sitenote_active":false,"_monsterinsights_sitenote_note":"","_monsterinsights_sitenote_category":0,"footnotes":""},"categories":[4],"tags":[],"class_list":["post-13430","post","type-post","status-publish","format-standard","has-post-thumbnail","hentry","category-politica"],"acf":[],"yoast_head":"<!-- This site is optimized with the Yoast SEO plugin v27.4 - https:\/\/yoast.com\/product\/yoast-seo-wordpress\/ -->\n<title>Caiado enfrenta desgastes -<\/title>\n<meta name=\"robots\" content=\"index, follow, max-snippet:-1, max-image-preview:large, max-video-preview:-1\" \/>\n<link rel=\"canonical\" href=\"https:\/\/renatodias.online\/movimento\/2022\/07\/27\/caiado-enfrenta-desgastes\/\" \/>\n<meta property=\"og:locale\" content=\"pt_BR\" \/>\n<meta property=\"og:type\" content=\"article\" \/>\n<meta property=\"og:title\" content=\"Caiado enfrenta desgastes -\" \/>\n<meta property=\"og:description\" content=\"N\u00fameros mostram m\u00e1 gest\u00e3o Governador pode ser derrotado \u00a0 2 De outubro de 2022 \u00a0 Renato Dias O governador do Estado de Goi\u00e1s, Ronaldo Caiado [Uni\u00e3o Brasil], que disputa a reelei\u00e7\u00e3o, pode ser derrotado nas urnas em outubro de 2022. Basta leitura aplicada das tend\u00eancias. Nas pesquisas de cen\u00e1rios. Ronaldo Caiado, Marconi Perillo [PSDB], Gustavo\" \/>\n<meta property=\"og:url\" content=\"https:\/\/renatodias.online\/movimento\/2022\/07\/27\/caiado-enfrenta-desgastes\/\" \/>\n<meta property=\"article:publisher\" content=\"https:\/\/www.facebook.com\/renato.dias.37\" \/>\n<meta property=\"article:author\" content=\"https:\/\/www.facebook.com\/renato.dias.37\" \/>\n<meta property=\"article:published_time\" content=\"2022-07-27T20:47:17+00:00\" \/>\n<meta property=\"og:image\" content=\"https:\/\/renatodias.online\/movimento\/wp-content\/uploads\/2021\/05\/Ronaldo-Caiado-e-Jair-Bolsonaro.jpeg\" \/>\n\t<meta property=\"og:image:width\" content=\"1280\" \/>\n\t<meta property=\"og:image:height\" content=\"853\" \/>\n\t<meta property=\"og:image:type\" content=\"image\/jpeg\" \/>\n<meta name=\"author\" content=\"Renato Dias\" \/>\n<meta name=\"twitter:card\" content=\"summary_large_image\" \/>\n<meta name=\"twitter:creator\" content=\"@RenatoDiasBat\" \/>\n<meta name=\"twitter:site\" content=\"@RenatoDiasBat\" \/>\n<meta name=\"twitter:label1\" content=\"Escrito por\" \/>\n\t<meta name=\"twitter:data1\" content=\"Renato Dias\" \/>\n\t<meta name=\"twitter:label2\" content=\"Est. tempo de leitura\" \/>\n\t<meta name=\"twitter:data2\" content=\"4 minutos\" \/>\n<script type=\"application\/ld+json\" class=\"yoast-schema-graph\">{\"@context\":\"https:\\\/\\\/schema.org\",\"@graph\":[{\"@type\":\"Article\",\"@id\":\"https:\\\/\\\/renatodias.online\\\/movimento\\\/2022\\\/07\\\/27\\\/caiado-enfrenta-desgastes\\\/#article\",\"isPartOf\":{\"@id\":\"https:\\\/\\\/renatodias.online\\\/movimento\\\/2022\\\/07\\\/27\\\/caiado-enfrenta-desgastes\\\/\"},\"author\":{\"name\":\"Renato Dias\",\"@id\":\"https:\\\/\\\/renatodias.online\\\/movimento\\\/#\\\/schema\\\/person\\\/bbab28833b1725a20f4083f49f1fb2a9\"},\"headline\":\"Caiado enfrenta desgastes\",\"datePublished\":\"2022-07-27T20:47:17+00:00\",\"mainEntityOfPage\":{\"@id\":\"https:\\\/\\\/renatodias.online\\\/movimento\\\/2022\\\/07\\\/27\\\/caiado-enfrenta-desgastes\\\/\"},\"wordCount\":713,\"commentCount\":0,\"publisher\":{\"@id\":\"https:\\\/\\\/renatodias.online\\\/movimento\\\/#\\\/schema\\\/person\\\/bbab28833b1725a20f4083f49f1fb2a9\"},\"image\":{\"@id\":\"https:\\\/\\\/renatodias.online\\\/movimento\\\/2022\\\/07\\\/27\\\/caiado-enfrenta-desgastes\\\/#primaryimage\"},\"thumbnailUrl\":\"https:\\\/\\\/renatodias.online\\\/movimento\\\/wp-content\\\/uploads\\\/2021\\\/05\\\/Ronaldo-Caiado-e-Jair-Bolsonaro.jpeg\",\"articleSection\":[\"Pol\u00edtica\"],\"inLanguage\":\"pt-BR\",\"potentialAction\":[{\"@type\":\"CommentAction\",\"name\":\"Comment\",\"target\":[\"https:\\\/\\\/renatodias.online\\\/movimento\\\/2022\\\/07\\\/27\\\/caiado-enfrenta-desgastes\\\/#respond\"]}]},{\"@type\":\"WebPage\",\"@id\":\"https:\\\/\\\/renatodias.online\\\/movimento\\\/2022\\\/07\\\/27\\\/caiado-enfrenta-desgastes\\\/\",\"url\":\"https:\\\/\\\/renatodias.online\\\/movimento\\\/2022\\\/07\\\/27\\\/caiado-enfrenta-desgastes\\\/\",\"name\":\"Caiado enfrenta desgastes -\",\"isPartOf\":{\"@id\":\"https:\\\/\\\/renatodias.online\\\/movimento\\\/#website\"},\"primaryImageOfPage\":{\"@id\":\"https:\\\/\\\/renatodias.online\\\/movimento\\\/2022\\\/07\\\/27\\\/caiado-enfrenta-desgastes\\\/#primaryimage\"},\"image\":{\"@id\":\"https:\\\/\\\/renatodias.online\\\/movimento\\\/2022\\\/07\\\/27\\\/caiado-enfrenta-desgastes\\\/#primaryimage\"},\"thumbnailUrl\":\"https:\\\/\\\/renatodias.online\\\/movimento\\\/wp-content\\\/uploads\\\/2021\\\/05\\\/Ronaldo-Caiado-e-Jair-Bolsonaro.jpeg\",\"datePublished\":\"2022-07-27T20:47:17+00:00\",\"breadcrumb\":{\"@id\":\"https:\\\/\\\/renatodias.online\\\/movimento\\\/2022\\\/07\\\/27\\\/caiado-enfrenta-desgastes\\\/#breadcrumb\"},\"inLanguage\":\"pt-BR\",\"potentialAction\":[{\"@type\":\"ReadAction\",\"target\":[\"https:\\\/\\\/renatodias.online\\\/movimento\\\/2022\\\/07\\\/27\\\/caiado-enfrenta-desgastes\\\/\"]}]},{\"@type\":\"ImageObject\",\"inLanguage\":\"pt-BR\",\"@id\":\"https:\\\/\\\/renatodias.online\\\/movimento\\\/2022\\\/07\\\/27\\\/caiado-enfrenta-desgastes\\\/#primaryimage\",\"url\":\"https:\\\/\\\/renatodias.online\\\/movimento\\\/wp-content\\\/uploads\\\/2021\\\/05\\\/Ronaldo-Caiado-e-Jair-Bolsonaro.jpeg\",\"contentUrl\":\"https:\\\/\\\/renatodias.online\\\/movimento\\\/wp-content\\\/uploads\\\/2021\\\/05\\\/Ronaldo-Caiado-e-Jair-Bolsonaro.jpeg\",\"width\":1280,\"height\":853,\"caption\":\"Ronaldo Caiado e Jair Bolsonaro\"},{\"@type\":\"BreadcrumbList\",\"@id\":\"https:\\\/\\\/renatodias.online\\\/movimento\\\/2022\\\/07\\\/27\\\/caiado-enfrenta-desgastes\\\/#breadcrumb\",\"itemListElement\":[{\"@type\":\"ListItem\",\"position\":1,\"name\":\"In\u00edcio\",\"item\":\"https:\\\/\\\/renatodias.online\\\/movimento\\\/\"},{\"@type\":\"ListItem\",\"position\":2,\"name\":\"Caiado enfrenta desgastes\"}]},{\"@type\":\"WebSite\",\"@id\":\"https:\\\/\\\/renatodias.online\\\/movimento\\\/#website\",\"url\":\"https:\\\/\\\/renatodias.online\\\/movimento\\\/\",\"name\":\"\",\"description\":\"\",\"publisher\":{\"@id\":\"https:\\\/\\\/renatodias.online\\\/movimento\\\/#\\\/schema\\\/person\\\/bbab28833b1725a20f4083f49f1fb2a9\"},\"potentialAction\":[{\"@type\":\"SearchAction\",\"target\":{\"@type\":\"EntryPoint\",\"urlTemplate\":\"https:\\\/\\\/renatodias.online\\\/movimento\\\/?s={search_term_string}\"},\"query-input\":{\"@type\":\"PropertyValueSpecification\",\"valueRequired\":true,\"valueName\":\"search_term_string\"}}],\"inLanguage\":\"pt-BR\"},{\"@type\":[\"Person\",\"Organization\"],\"@id\":\"https:\\\/\\\/renatodias.online\\\/movimento\\\/#\\\/schema\\\/person\\\/bbab28833b1725a20f4083f49f1fb2a9\",\"name\":\"Renato Dias\",\"image\":{\"@type\":\"ImageObject\",\"inLanguage\":\"pt-BR\",\"@id\":\"https:\\\/\\\/renatodias.online\\\/movimento\\\/wp-content\\\/uploads\\\/2023\\\/03\\\/cropped-cropped-cropped-logofinal.jpeg\",\"url\":\"https:\\\/\\\/renatodias.online\\\/movimento\\\/wp-content\\\/uploads\\\/2023\\\/03\\\/cropped-cropped-cropped-logofinal.jpeg\",\"contentUrl\":\"https:\\\/\\\/renatodias.online\\\/movimento\\\/wp-content\\\/uploads\\\/2023\\\/03\\\/cropped-cropped-cropped-logofinal.jpeg\",\"width\":1280,\"height\":219,\"caption\":\"Renato Dias\"},\"logo\":{\"@id\":\"https:\\\/\\\/renatodias.online\\\/movimento\\\/wp-content\\\/uploads\\\/2023\\\/03\\\/cropped-cropped-cropped-logofinal.jpeg\"},\"description\":\"Renato Dias, 58 anos, \u00e9 graduado em Jornalismo, formado em Ci\u00eancias Sociais, com p\u00f3s-gradua\u00e7\u00e3o em Pol\u00edticas P\u00fablicas, mestre em Direito e Rela\u00e7\u00f5es Internacionais, ex-aluno extraordin\u00e1rio do Doutorado em Psicologia Social, ex-estudante do Curso de Psican\u00e1lise do Centro de Estudos Psicanal\u00edticos do Estado de Goi\u00e1s, ministrado pelo m\u00e9dico psiquiatra e psicanalista Daniel Em\u00eddio de Souza. \u00c9 autor de 30 livros-reportagem, oito document\u00e1rios, ganhou 30 pr\u00eamios e \u00e9 torcedor apaixonado do maior do Centro-Oeste, o Vila Nova Futebol Clube. Casado com Meirilane Dias, \u00e9 pai de Juliana Dias, jornalista; Daniel Dias, economista; e Maria Rosa Dias, estudante antifascista, socialista e trotskista.\u00a0Com tr\u00eas pets: Porquinho [Bull Dog Franc\u00eas], Dalila [Basset Hound] e Geleia [Basset Hound]. Al\u00e9m do eterno gato Tutuquinho, que virou estrela.\",\"sameAs\":[\"https:\\\/\\\/www.facebook.com\\\/renato.dias.37\",\"#breve\",\"https:\\\/\\\/renatodias.tumblr.com\\\/\"],\"url\":\"https:\\\/\\\/renatodias.online\\\/movimento\\\/author\\\/renatodias\\\/\"}]}<\/script>\n<!-- \/ Yoast SEO plugin. -->","yoast_head_json":{"title":"Caiado enfrenta desgastes -","robots":{"index":"index","follow":"follow","max-snippet":"max-snippet:-1","max-image-preview":"max-image-preview:large","max-video-preview":"max-video-preview:-1"},"canonical":"https:\/\/renatodias.online\/movimento\/2022\/07\/27\/caiado-enfrenta-desgastes\/","og_locale":"pt_BR","og_type":"article","og_title":"Caiado enfrenta desgastes -","og_description":"N\u00fameros mostram m\u00e1 gest\u00e3o Governador pode ser derrotado \u00a0 2 De outubro de 2022 \u00a0 Renato Dias O governador do Estado de Goi\u00e1s, Ronaldo Caiado [Uni\u00e3o Brasil], que disputa a reelei\u00e7\u00e3o, pode ser derrotado nas urnas em outubro de 2022. Basta leitura aplicada das tend\u00eancias. Nas pesquisas de cen\u00e1rios. Ronaldo Caiado, Marconi Perillo [PSDB], Gustavo","og_url":"https:\/\/renatodias.online\/movimento\/2022\/07\/27\/caiado-enfrenta-desgastes\/","article_publisher":"https:\/\/www.facebook.com\/renato.dias.37","article_author":"https:\/\/www.facebook.com\/renato.dias.37","article_published_time":"2022-07-27T20:47:17+00:00","og_image":[{"width":1280,"height":853,"url":"https:\/\/renatodias.online\/movimento\/wp-content\/uploads\/2021\/05\/Ronaldo-Caiado-e-Jair-Bolsonaro.jpeg","type":"image\/jpeg"}],"author":"Renato Dias","twitter_card":"summary_large_image","twitter_creator":"@RenatoDiasBat","twitter_site":"@RenatoDiasBat","twitter_misc":{"Escrito por":"Renato Dias","Est. tempo de leitura":"4 minutos"},"schema":{"@context":"https:\/\/schema.org","@graph":[{"@type":"Article","@id":"https:\/\/renatodias.online\/movimento\/2022\/07\/27\/caiado-enfrenta-desgastes\/#article","isPartOf":{"@id":"https:\/\/renatodias.online\/movimento\/2022\/07\/27\/caiado-enfrenta-desgastes\/"},"author":{"name":"Renato Dias","@id":"https:\/\/renatodias.online\/movimento\/#\/schema\/person\/bbab28833b1725a20f4083f49f1fb2a9"},"headline":"Caiado enfrenta desgastes","datePublished":"2022-07-27T20:47:17+00:00","mainEntityOfPage":{"@id":"https:\/\/renatodias.online\/movimento\/2022\/07\/27\/caiado-enfrenta-desgastes\/"},"wordCount":713,"commentCount":0,"publisher":{"@id":"https:\/\/renatodias.online\/movimento\/#\/schema\/person\/bbab28833b1725a20f4083f49f1fb2a9"},"image":{"@id":"https:\/\/renatodias.online\/movimento\/2022\/07\/27\/caiado-enfrenta-desgastes\/#primaryimage"},"thumbnailUrl":"https:\/\/renatodias.online\/movimento\/wp-content\/uploads\/2021\/05\/Ronaldo-Caiado-e-Jair-Bolsonaro.jpeg","articleSection":["Pol\u00edtica"],"inLanguage":"pt-BR","potentialAction":[{"@type":"CommentAction","name":"Comment","target":["https:\/\/renatodias.online\/movimento\/2022\/07\/27\/caiado-enfrenta-desgastes\/#respond"]}]},{"@type":"WebPage","@id":"https:\/\/renatodias.online\/movimento\/2022\/07\/27\/caiado-enfrenta-desgastes\/","url":"https:\/\/renatodias.online\/movimento\/2022\/07\/27\/caiado-enfrenta-desgastes\/","name":"Caiado enfrenta desgastes -","isPartOf":{"@id":"https:\/\/renatodias.online\/movimento\/#website"},"primaryImageOfPage":{"@id":"https:\/\/renatodias.online\/movimento\/2022\/07\/27\/caiado-enfrenta-desgastes\/#primaryimage"},"image":{"@id":"https:\/\/renatodias.online\/movimento\/2022\/07\/27\/caiado-enfrenta-desgastes\/#primaryimage"},"thumbnailUrl":"https:\/\/renatodias.online\/movimento\/wp-content\/uploads\/2021\/05\/Ronaldo-Caiado-e-Jair-Bolsonaro.jpeg","datePublished":"2022-07-27T20:47:17+00:00","breadcrumb":{"@id":"https:\/\/renatodias.online\/movimento\/2022\/07\/27\/caiado-enfrenta-desgastes\/#breadcrumb"},"inLanguage":"pt-BR","potentialAction":[{"@type":"ReadAction","target":["https:\/\/renatodias.online\/movimento\/2022\/07\/27\/caiado-enfrenta-desgastes\/"]}]},{"@type":"ImageObject","inLanguage":"pt-BR","@id":"https:\/\/renatodias.online\/movimento\/2022\/07\/27\/caiado-enfrenta-desgastes\/#primaryimage","url":"https:\/\/renatodias.online\/movimento\/wp-content\/uploads\/2021\/05\/Ronaldo-Caiado-e-Jair-Bolsonaro.jpeg","contentUrl":"https:\/\/renatodias.online\/movimento\/wp-content\/uploads\/2021\/05\/Ronaldo-Caiado-e-Jair-Bolsonaro.jpeg","width":1280,"height":853,"caption":"Ronaldo Caiado e Jair Bolsonaro"},{"@type":"BreadcrumbList","@id":"https:\/\/renatodias.online\/movimento\/2022\/07\/27\/caiado-enfrenta-desgastes\/#breadcrumb","itemListElement":[{"@type":"ListItem","position":1,"name":"In\u00edcio","item":"https:\/\/renatodias.online\/movimento\/"},{"@type":"ListItem","position":2,"name":"Caiado enfrenta desgastes"}]},{"@type":"WebSite","@id":"https:\/\/renatodias.online\/movimento\/#website","url":"https:\/\/renatodias.online\/movimento\/","name":"","description":"","publisher":{"@id":"https:\/\/renatodias.online\/movimento\/#\/schema\/person\/bbab28833b1725a20f4083f49f1fb2a9"},"potentialAction":[{"@type":"SearchAction","target":{"@type":"EntryPoint","urlTemplate":"https:\/\/renatodias.online\/movimento\/?s={search_term_string}"},"query-input":{"@type":"PropertyValueSpecification","valueRequired":true,"valueName":"search_term_string"}}],"inLanguage":"pt-BR"},{"@type":["Person","Organization"],"@id":"https:\/\/renatodias.online\/movimento\/#\/schema\/person\/bbab28833b1725a20f4083f49f1fb2a9","name":"Renato Dias","image":{"@type":"ImageObject","inLanguage":"pt-BR","@id":"https:\/\/renatodias.online\/movimento\/wp-content\/uploads\/2023\/03\/cropped-cropped-cropped-logofinal.jpeg","url":"https:\/\/renatodias.online\/movimento\/wp-content\/uploads\/2023\/03\/cropped-cropped-cropped-logofinal.jpeg","contentUrl":"https:\/\/renatodias.online\/movimento\/wp-content\/uploads\/2023\/03\/cropped-cropped-cropped-logofinal.jpeg","width":1280,"height":219,"caption":"Renato Dias"},"logo":{"@id":"https:\/\/renatodias.online\/movimento\/wp-content\/uploads\/2023\/03\/cropped-cropped-cropped-logofinal.jpeg"},"description":"Renato Dias, 58 anos, \u00e9 graduado em Jornalismo, formado em Ci\u00eancias Sociais, com p\u00f3s-gradua\u00e7\u00e3o em Pol\u00edticas P\u00fablicas, mestre em Direito e Rela\u00e7\u00f5es Internacionais, ex-aluno extraordin\u00e1rio do Doutorado em Psicologia Social, ex-estudante do Curso de Psican\u00e1lise do Centro de Estudos Psicanal\u00edticos do Estado de Goi\u00e1s, ministrado pelo m\u00e9dico psiquiatra e psicanalista Daniel Em\u00eddio de Souza. \u00c9 autor de 30 livros-reportagem, oito document\u00e1rios, ganhou 30 pr\u00eamios e \u00e9 torcedor apaixonado do maior do Centro-Oeste, o Vila Nova Futebol Clube. Casado com Meirilane Dias, \u00e9 pai de Juliana Dias, jornalista; Daniel Dias, economista; e Maria Rosa Dias, estudante antifascista, socialista e trotskista.\u00a0Com tr\u00eas pets: Porquinho [Bull Dog Franc\u00eas], Dalila [Basset Hound] e Geleia [Basset Hound]. Al\u00e9m do eterno gato Tutuquinho, que virou estrela.","sameAs":["https:\/\/www.facebook.com\/renato.dias.37","#breve","https:\/\/renatodias.tumblr.com\/"],"url":"https:\/\/renatodias.online\/movimento\/author\/renatodias\/"}]}},"_links":{"self":[{"href":"https:\/\/renatodias.online\/movimento\/wp-json\/wp\/v2\/posts\/13430","targetHints":{"allow":["GET"]}}],"collection":[{"href":"https:\/\/renatodias.online\/movimento\/wp-json\/wp\/v2\/posts"}],"about":[{"href":"https:\/\/renatodias.online\/movimento\/wp-json\/wp\/v2\/types\/post"}],"author":[{"embeddable":true,"href":"https:\/\/renatodias.online\/movimento\/wp-json\/wp\/v2\/users\/2"}],"replies":[{"embeddable":true,"href":"https:\/\/renatodias.online\/movimento\/wp-json\/wp\/v2\/comments?post=13430"}],"version-history":[{"count":1,"href":"https:\/\/renatodias.online\/movimento\/wp-json\/wp\/v2\/posts\/13430\/revisions"}],"predecessor-version":[{"id":13431,"href":"https:\/\/renatodias.online\/movimento\/wp-json\/wp\/v2\/posts\/13430\/revisions\/13431"}],"wp:featuredmedia":[{"embeddable":true,"href":"https:\/\/renatodias.online\/movimento\/wp-json\/wp\/v2\/media\/6797"}],"wp:attachment":[{"href":"https:\/\/renatodias.online\/movimento\/wp-json\/wp\/v2\/media?parent=13430"}],"wp:term":[{"taxonomy":"category","embeddable":true,"href":"https:\/\/renatodias.online\/movimento\/wp-json\/wp\/v2\/categories?post=13430"},{"taxonomy":"post_tag","embeddable":true,"href":"https:\/\/renatodias.online\/movimento\/wp-json\/wp\/v2\/tags?post=13430"}],"curies":[{"name":"wp","href":"https:\/\/api.w.org\/{rel}","templated":true}]}}