{"id":13319,"date":"2022-07-22T14:52:57","date_gmt":"2022-07-22T17:52:57","guid":{"rendered":"https:\/\/renatodias.online\/movimento\/?p=13319"},"modified":"2022-07-22T14:53:45","modified_gmt":"2022-07-22T17:53:45","slug":"lula-ganha-e-caiado-perde","status":"publish","type":"post","link":"https:\/\/renatodias.online\/movimento\/2022\/07\/22\/lula-ganha-e-caiado-perde\/","title":{"rendered":"\u2018Lula ganha e Caiado perde\u2019"},"content":{"rendered":"<figure id=\"attachment_13121\" aria-describedby=\"caption-attachment-13121\" style=\"width: 768px\" class=\"wp-caption aligncenter\"><img loading=\"lazy\" decoding=\"async\" class=\"wp-image-13121 size-full\" src=\"https:\/\/renatodias.online\/movimento\/wp-content\/uploads\/2022\/07\/Lula-e-Alckmin.jpg\" alt=\"\" width=\"768\" height=\"512\" \/><figcaption id=\"caption-attachment-13121\" class=\"wp-caption-text\"><strong>Luiz In\u00e1cio Lula da Silva e Geraldo e Alckmin<\/strong><\/figcaption><\/figure>\n<p><strong><img loading=\"lazy\" decoding=\"async\" class=\"wp-image-11445 size-full aligncenter\" src=\"https:\/\/renatodias.online\/movimento\/wp-content\/uploads\/2022\/03\/Eleicoes-de-2022.jpeg\" alt=\"\" width=\"639\" height=\"361\" srcset=\"https:\/\/renatodias.online\/movimento\/wp-content\/uploads\/2022\/03\/Eleicoes-de-2022.jpeg 639w, https:\/\/renatodias.online\/movimento\/wp-content\/uploads\/2022\/03\/Eleicoes-de-2022-300x169.jpeg 300w\" sizes=\"auto, (max-width: 639px) 100vw, 639px\" \/><\/strong><strong><img loading=\"lazy\" decoding=\"async\" class=\"alignnone wp-image-4894 size-large\" src=\"https:\/\/renatodias.online\/movimento\/wp-content\/uploads\/2020\/11\/Alto-da-p\u00e1gina-Banner-Exclusivo-1-1024x311.png\" alt=\"\" width=\"1024\" height=\"311\" \/><\/strong><\/p>\n<h1 style=\"text-align: center;\"><span style=\"color: #ff0000;\"><strong>Proje\u00e7\u00f5es de K\u00e1tia Maria<\/strong><\/span><\/h1>\n<p><img loading=\"lazy\" decoding=\"async\" class=\"wp-image-8352 size-thumbnail aligncenter\" src=\"https:\/\/renatodias.online\/movimento\/wp-content\/uploads\/2021\/08\/Estrela-do-PT-150x150.jpg\" alt=\"\" width=\"150\" height=\"150\" \/><\/p>\n<h1 style=\"text-align: center;\"><span style=\"color: #0000ff;\"><strong>Presidente do PT acena a Marconi Perillo<\/strong><\/span><\/h1>\n<figure id=\"attachment_7726\" aria-describedby=\"caption-attachment-7726\" style=\"width: 1920px\" class=\"wp-caption alignnone\"><img loading=\"lazy\" decoding=\"async\" class=\"wp-image-7726 size-full\" src=\"https:\/\/renatodias.online\/movimento\/wp-content\/uploads\/2021\/07\/Tucano-PSDB.jpg\" alt=\"\" width=\"1920\" height=\"600\" srcset=\"https:\/\/renatodias.online\/movimento\/wp-content\/uploads\/2021\/07\/Tucano-PSDB.jpg 1920w, https:\/\/renatodias.online\/movimento\/wp-content\/uploads\/2021\/07\/Tucano-PSDB-300x94.jpg 300w, https:\/\/renatodias.online\/movimento\/wp-content\/uploads\/2021\/07\/Tucano-PSDB-768x240.jpg 768w, https:\/\/renatodias.online\/movimento\/wp-content\/uploads\/2021\/07\/Tucano-PSDB-1536x480.jpg 1536w, https:\/\/renatodias.online\/movimento\/wp-content\/uploads\/2021\/07\/Tucano-PSDB-750x234.jpg 750w\" sizes=\"auto, (max-width: 1920px) 100vw, 1920px\" \/><figcaption id=\"caption-attachment-7726\" class=\"wp-caption-text\"><strong>Tucano, s\u00edmbolo do PSDB<\/strong><\/figcaption><\/figure>\n<p><strong>Renato Dias\u00a0<\/strong><\/p>\n<p>O ex-presidente da Rep\u00fablica Luiz In\u00e1cio Lula da Silva [PT] pode, sim, ser eleito j\u00e1 no primeiro turno, em 2 de outubro de 2022. \u00c9 o que analisa a professora graduada no curso de Pedagogia e mestre em Meio Ambiente e Sustentabilidade, <span style=\"color: #ff0000;\"><strong>K\u00e1tia Maria<\/strong><\/span>, presidente do PT em Goi\u00e1s. Integrante do PT Para Vencer.<\/p>\n<blockquote>\n<h1><span style=\"color: #ff0000;\"><strong>Com a evolu\u00e7\u00e3o da crise, a escalada da viol\u00eancia e a Pandemia, Jair Bolsonaro pode perder no 1\u00b0 turno<\/strong><\/span><\/h1>\n<\/blockquote>\n<p><strong>K\u00e1tia Maria, presidente do PT<\/strong><\/p>\n<figure id=\"attachment_6797\" aria-describedby=\"caption-attachment-6797\" style=\"width: 1280px\" class=\"wp-caption alignnone\"><img loading=\"lazy\" decoding=\"async\" class=\"wp-image-6797 size-full\" src=\"https:\/\/renatodias.online\/movimento\/wp-content\/uploads\/2021\/05\/Ronaldo-Caiado-e-Jair-Bolsonaro.jpeg\" alt=\"\" width=\"1280\" height=\"853\" \/><figcaption id=\"caption-attachment-6797\" class=\"wp-caption-text\"><strong>Ronaldo Caiado e Jair Bolsonaro<\/strong><\/figcaption><\/figure>\n<p>O Brasil sangra, hoje, com quase 700 mil mortes por Covid 19, enfrenta uma nova onda, al\u00e9m da marcha do desemprego, a infla\u00e7\u00e3o em dois d\u00edgitos, a volta ao Mapa da Fome da ONU, com n\u00famero de 33 milh\u00f5es de miser\u00e1veis, assim como o isolamento internacional, denuncia a dirigente.<\/p>\n<blockquote>\n<h1><span style=\"color: #ff0000;\"><strong>O Brasil precisa retomar o crescimento sustent\u00e1vel e distribuir renda, poder e direitos<\/strong><\/span><\/h1>\n<\/blockquote>\n<p><strong>K\u00e1tia Maria, presidente do PT<\/strong><\/p>\n<figure id=\"attachment_6447\" aria-describedby=\"caption-attachment-6447\" style=\"width: 800px\" class=\"wp-caption aligncenter\"><img loading=\"lazy\" decoding=\"async\" class=\"wp-image-6447 size-full\" src=\"https:\/\/renatodias.online\/movimento\/wp-content\/uploads\/2021\/05\/Desemprego.jpg\" alt=\"\" width=\"800\" height=\"534\" \/><figcaption id=\"caption-attachment-6447\" class=\"wp-caption-text\"><strong>A crise em Goi\u00e1s: o desemprego<\/strong><\/figcaption><\/figure>\n<p>O PT continua o di\u00e1logo amplo e fraterno com o ex-governador do Estado de Goi\u00e1s <strong>Marconi Perillo [PSDB]<\/strong>. Uma alian\u00e7a pol\u00edtica e eleitoral \u00e9 poss\u00edvel, diz. Com PT, PC do B, PV, PSB, Rede e a socialdemocrata Federa\u00e7\u00e3o PSDB e Cidadania. A defini\u00e7\u00e3o sai at\u00e9 5 de agosto, frisa <strong>K\u00e1tia Maria.<\/strong><\/p>\n<blockquote>\n<h1><span style=\"color: #ff0000;\"><strong>Jos\u00e9 Guimar\u00e3es, coordenador do GT Eleitoral Nacional, conversa com PSDB-Cidadania<\/strong><\/span><\/h1>\n<\/blockquote>\n<p><strong>K\u00e1tia Maria, presidente do PT<\/strong><\/p>\n<figure id=\"attachment_5231\" aria-describedby=\"caption-attachment-5231\" style=\"width: 1024px\" class=\"wp-caption alignnone\"><img loading=\"lazy\" decoding=\"async\" class=\"wp-image-5231 size-large\" src=\"https:\/\/renatodias.online\/movimento\/wp-content\/uploads\/2021\/02\/marconiperilo-1024x682.jpeg\" alt=\"\" width=\"1024\" height=\"682\" srcset=\"https:\/\/renatodias.online\/movimento\/wp-content\/uploads\/2021\/02\/marconiperilo-1024x682.jpeg 1024w, https:\/\/renatodias.online\/movimento\/wp-content\/uploads\/2021\/02\/marconiperilo-300x200.jpeg 300w, https:\/\/renatodias.online\/movimento\/wp-content\/uploads\/2021\/02\/marconiperilo-768x512.jpeg 768w, https:\/\/renatodias.online\/movimento\/wp-content\/uploads\/2021\/02\/marconiperilo-360x240.jpeg 360w, https:\/\/renatodias.online\/movimento\/wp-content\/uploads\/2021\/02\/marconiperilo-750x500.jpeg 750w, https:\/\/renatodias.online\/movimento\/wp-content\/uploads\/2021\/02\/marconiperilo.jpeg 1280w\" sizes=\"auto, (max-width: 1024px) 100vw, 1024px\" \/><figcaption id=\"caption-attachment-5231\" class=\"wp-caption-text\">Marconi Perillo<\/figcaption><\/figure>\n<p>Com uma plataforma republicana e n\u00e3o patrimonialista, de oposi\u00e7\u00e3o a Jair Messias Bolsonaro, Ronaldo Caiado [Uni\u00e3o Brasil] e Rog\u00e9rio Cruz [Republicanos], o suporte pol\u00edtico e institucional de Luiz In\u00e1cio Lula da Silva, K\u00e1tia Maria \u00e9 pr\u00e9-candidata a deputada estadual. Com chances de vit\u00f3ria.<\/p>\n<blockquote>\n<h1><span style=\"color: #ff0000;\"><strong>Pedagoga mestre \u00e9 pr\u00e9-candidata a deputada estadual em 2 de outubro<\/strong><\/span><\/h1>\n<\/blockquote>\n<p>&nbsp;<\/p>\n<figure id=\"attachment_12386\" aria-describedby=\"caption-attachment-12386\" style=\"width: 264px\" class=\"wp-caption aligncenter\"><img loading=\"lazy\" decoding=\"async\" class=\"wp-image-12386 size-full\" src=\"https:\/\/renatodias.online\/movimento\/wp-content\/uploads\/2022\/05\/Katia-Maria.jpg\" alt=\"\" width=\"264\" height=\"191\" srcset=\"https:\/\/renatodias.online\/movimento\/wp-content\/uploads\/2022\/05\/Katia-Maria.jpg 264w, https:\/\/renatodias.online\/movimento\/wp-content\/uploads\/2022\/05\/Katia-Maria-85x60.jpg 85w\" sizes=\"auto, (max-width: 264px) 100vw, 264px\" \/><figcaption id=\"caption-attachment-12386\" class=\"wp-caption-text\"><strong>Katia Maria<\/strong><\/figcaption><\/figure>\n<p><strong>\u00a0<\/strong><\/p>\n","protected":false},"excerpt":{"rendered":"<p>Proje\u00e7\u00f5es de K\u00e1tia Maria Presidente do PT acena a Marconi Perillo Renato Dias\u00a0 O ex-presidente da Rep\u00fablica Luiz In\u00e1cio Lula da Silva [PT] pode, sim, ser eleito j\u00e1 no primeiro turno, em 2 de outubro de 2022. \u00c9 o que analisa a professora graduada no curso de Pedagogia e mestre em Meio Ambiente e Sustentabilidade,<\/p>\n","protected":false},"author":2,"featured_media":12387,"comment_status":"open","ping_status":"open","sticky":false,"template":"","format":"standard","meta":{"_acf_changed":false,"_monsterinsights_skip_tracking":false,"_monsterinsights_sitenote_active":false,"_monsterinsights_sitenote_note":"","_monsterinsights_sitenote_category":0,"footnotes":""},"categories":[4],"tags":[],"class_list":["post-13319","post","type-post","status-publish","format-standard","has-post-thumbnail","hentry","category-politica"],"acf":[],"yoast_head":"<!-- This site is optimized with the Yoast SEO plugin v27.4 - https:\/\/yoast.com\/product\/yoast-seo-wordpress\/ -->\n<title>\u2018Lula ganha e Caiado perde\u2019 -<\/title>\n<meta name=\"robots\" content=\"index, follow, max-snippet:-1, max-image-preview:large, max-video-preview:-1\" \/>\n<link rel=\"canonical\" href=\"https:\/\/renatodias.online\/movimento\/2022\/07\/22\/lula-ganha-e-caiado-perde\/\" \/>\n<meta property=\"og:locale\" content=\"pt_BR\" \/>\n<meta property=\"og:type\" content=\"article\" \/>\n<meta property=\"og:title\" content=\"\u2018Lula ganha e Caiado perde\u2019 -\" \/>\n<meta property=\"og:description\" content=\"Proje\u00e7\u00f5es de K\u00e1tia Maria Presidente do PT acena a Marconi Perillo Renato Dias\u00a0 O ex-presidente da Rep\u00fablica Luiz In\u00e1cio Lula da Silva [PT] pode, sim, ser eleito j\u00e1 no primeiro turno, em 2 de outubro de 2022. \u00c9 o que analisa a professora graduada no curso de Pedagogia e mestre em Meio Ambiente e Sustentabilidade,\" \/>\n<meta property=\"og:url\" content=\"https:\/\/renatodias.online\/movimento\/2022\/07\/22\/lula-ganha-e-caiado-perde\/\" \/>\n<meta property=\"article:publisher\" content=\"https:\/\/www.facebook.com\/renato.dias.37\" \/>\n<meta property=\"article:author\" content=\"https:\/\/www.facebook.com\/renato.dias.37\" \/>\n<meta property=\"article:published_time\" content=\"2022-07-22T17:52:57+00:00\" \/>\n<meta property=\"article:modified_time\" content=\"2022-07-22T17:53:45+00:00\" \/>\n<meta property=\"og:image\" content=\"https:\/\/renatodias.online\/movimento\/wp-content\/uploads\/2022\/05\/Katia-Maria-Link.jpg\" \/>\n\t<meta property=\"og:image:width\" content=\"427\" \/>\n\t<meta property=\"og:image:height\" content=\"240\" \/>\n\t<meta property=\"og:image:type\" content=\"image\/jpeg\" \/>\n<meta name=\"author\" content=\"Renato Dias\" \/>\n<meta name=\"twitter:card\" content=\"summary_large_image\" \/>\n<meta name=\"twitter:creator\" content=\"@RenatoDiasBat\" \/>\n<meta name=\"twitter:site\" content=\"@RenatoDiasBat\" \/>\n<meta name=\"twitter:label1\" content=\"Escrito por\" \/>\n\t<meta name=\"twitter:data1\" content=\"Renato Dias\" \/>\n\t<meta name=\"twitter:label2\" content=\"Est. tempo de leitura\" \/>\n\t<meta name=\"twitter:data2\" content=\"2 minutos\" \/>\n<script type=\"application\/ld+json\" class=\"yoast-schema-graph\">{\"@context\":\"https:\\\/\\\/schema.org\",\"@graph\":[{\"@type\":\"Article\",\"@id\":\"https:\\\/\\\/renatodias.online\\\/movimento\\\/2022\\\/07\\\/22\\\/lula-ganha-e-caiado-perde\\\/#article\",\"isPartOf\":{\"@id\":\"https:\\\/\\\/renatodias.online\\\/movimento\\\/2022\\\/07\\\/22\\\/lula-ganha-e-caiado-perde\\\/\"},\"author\":{\"name\":\"Renato Dias\",\"@id\":\"https:\\\/\\\/renatodias.online\\\/movimento\\\/#\\\/schema\\\/person\\\/bbab28833b1725a20f4083f49f1fb2a9\"},\"headline\":\"\u2018Lula ganha e Caiado perde\u2019\",\"datePublished\":\"2022-07-22T17:52:57+00:00\",\"dateModified\":\"2022-07-22T17:53:45+00:00\",\"mainEntityOfPage\":{\"@id\":\"https:\\\/\\\/renatodias.online\\\/movimento\\\/2022\\\/07\\\/22\\\/lula-ganha-e-caiado-perde\\\/\"},\"wordCount\":382,\"commentCount\":0,\"publisher\":{\"@id\":\"https:\\\/\\\/renatodias.online\\\/movimento\\\/#\\\/schema\\\/person\\\/bbab28833b1725a20f4083f49f1fb2a9\"},\"image\":{\"@id\":\"https:\\\/\\\/renatodias.online\\\/movimento\\\/2022\\\/07\\\/22\\\/lula-ganha-e-caiado-perde\\\/#primaryimage\"},\"thumbnailUrl\":\"https:\\\/\\\/renatodias.online\\\/movimento\\\/wp-content\\\/uploads\\\/2022\\\/05\\\/Katia-Maria-Link.jpg\",\"articleSection\":[\"Pol\u00edtica\"],\"inLanguage\":\"pt-BR\",\"potentialAction\":[{\"@type\":\"CommentAction\",\"name\":\"Comment\",\"target\":[\"https:\\\/\\\/renatodias.online\\\/movimento\\\/2022\\\/07\\\/22\\\/lula-ganha-e-caiado-perde\\\/#respond\"]}]},{\"@type\":\"WebPage\",\"@id\":\"https:\\\/\\\/renatodias.online\\\/movimento\\\/2022\\\/07\\\/22\\\/lula-ganha-e-caiado-perde\\\/\",\"url\":\"https:\\\/\\\/renatodias.online\\\/movimento\\\/2022\\\/07\\\/22\\\/lula-ganha-e-caiado-perde\\\/\",\"name\":\"\u2018Lula ganha e Caiado perde\u2019 -\",\"isPartOf\":{\"@id\":\"https:\\\/\\\/renatodias.online\\\/movimento\\\/#website\"},\"primaryImageOfPage\":{\"@id\":\"https:\\\/\\\/renatodias.online\\\/movimento\\\/2022\\\/07\\\/22\\\/lula-ganha-e-caiado-perde\\\/#primaryimage\"},\"image\":{\"@id\":\"https:\\\/\\\/renatodias.online\\\/movimento\\\/2022\\\/07\\\/22\\\/lula-ganha-e-caiado-perde\\\/#primaryimage\"},\"thumbnailUrl\":\"https:\\\/\\\/renatodias.online\\\/movimento\\\/wp-content\\\/uploads\\\/2022\\\/05\\\/Katia-Maria-Link.jpg\",\"datePublished\":\"2022-07-22T17:52:57+00:00\",\"dateModified\":\"2022-07-22T17:53:45+00:00\",\"breadcrumb\":{\"@id\":\"https:\\\/\\\/renatodias.online\\\/movimento\\\/2022\\\/07\\\/22\\\/lula-ganha-e-caiado-perde\\\/#breadcrumb\"},\"inLanguage\":\"pt-BR\",\"potentialAction\":[{\"@type\":\"ReadAction\",\"target\":[\"https:\\\/\\\/renatodias.online\\\/movimento\\\/2022\\\/07\\\/22\\\/lula-ganha-e-caiado-perde\\\/\"]}]},{\"@type\":\"ImageObject\",\"inLanguage\":\"pt-BR\",\"@id\":\"https:\\\/\\\/renatodias.online\\\/movimento\\\/2022\\\/07\\\/22\\\/lula-ganha-e-caiado-perde\\\/#primaryimage\",\"url\":\"https:\\\/\\\/renatodias.online\\\/movimento\\\/wp-content\\\/uploads\\\/2022\\\/05\\\/Katia-Maria-Link.jpg\",\"contentUrl\":\"https:\\\/\\\/renatodias.online\\\/movimento\\\/wp-content\\\/uploads\\\/2022\\\/05\\\/Katia-Maria-Link.jpg\",\"width\":427,\"height\":240,\"caption\":\"Katia Maria\"},{\"@type\":\"BreadcrumbList\",\"@id\":\"https:\\\/\\\/renatodias.online\\\/movimento\\\/2022\\\/07\\\/22\\\/lula-ganha-e-caiado-perde\\\/#breadcrumb\",\"itemListElement\":[{\"@type\":\"ListItem\",\"position\":1,\"name\":\"In\u00edcio\",\"item\":\"https:\\\/\\\/renatodias.online\\\/movimento\\\/\"},{\"@type\":\"ListItem\",\"position\":2,\"name\":\"\u2018Lula ganha e Caiado perde\u2019\"}]},{\"@type\":\"WebSite\",\"@id\":\"https:\\\/\\\/renatodias.online\\\/movimento\\\/#website\",\"url\":\"https:\\\/\\\/renatodias.online\\\/movimento\\\/\",\"name\":\"\",\"description\":\"\",\"publisher\":{\"@id\":\"https:\\\/\\\/renatodias.online\\\/movimento\\\/#\\\/schema\\\/person\\\/bbab28833b1725a20f4083f49f1fb2a9\"},\"potentialAction\":[{\"@type\":\"SearchAction\",\"target\":{\"@type\":\"EntryPoint\",\"urlTemplate\":\"https:\\\/\\\/renatodias.online\\\/movimento\\\/?s={search_term_string}\"},\"query-input\":{\"@type\":\"PropertyValueSpecification\",\"valueRequired\":true,\"valueName\":\"search_term_string\"}}],\"inLanguage\":\"pt-BR\"},{\"@type\":[\"Person\",\"Organization\"],\"@id\":\"https:\\\/\\\/renatodias.online\\\/movimento\\\/#\\\/schema\\\/person\\\/bbab28833b1725a20f4083f49f1fb2a9\",\"name\":\"Renato Dias\",\"image\":{\"@type\":\"ImageObject\",\"inLanguage\":\"pt-BR\",\"@id\":\"https:\\\/\\\/renatodias.online\\\/movimento\\\/wp-content\\\/uploads\\\/2023\\\/03\\\/cropped-cropped-cropped-logofinal.jpeg\",\"url\":\"https:\\\/\\\/renatodias.online\\\/movimento\\\/wp-content\\\/uploads\\\/2023\\\/03\\\/cropped-cropped-cropped-logofinal.jpeg\",\"contentUrl\":\"https:\\\/\\\/renatodias.online\\\/movimento\\\/wp-content\\\/uploads\\\/2023\\\/03\\\/cropped-cropped-cropped-logofinal.jpeg\",\"width\":1280,\"height\":219,\"caption\":\"Renato Dias\"},\"logo\":{\"@id\":\"https:\\\/\\\/renatodias.online\\\/movimento\\\/wp-content\\\/uploads\\\/2023\\\/03\\\/cropped-cropped-cropped-logofinal.jpeg\"},\"description\":\"Renato Dias, 58 anos, \u00e9 graduado em Jornalismo, formado em Ci\u00eancias Sociais, com p\u00f3s-gradua\u00e7\u00e3o em Pol\u00edticas P\u00fablicas, mestre em Direito e Rela\u00e7\u00f5es Internacionais, ex-aluno extraordin\u00e1rio do Doutorado em Psicologia Social, ex-estudante do Curso de Psican\u00e1lise do Centro de Estudos Psicanal\u00edticos do Estado de Goi\u00e1s, ministrado pelo m\u00e9dico psiquiatra e psicanalista Daniel Em\u00eddio de Souza. \u00c9 autor de 30 livros-reportagem, oito document\u00e1rios, ganhou 30 pr\u00eamios e \u00e9 torcedor apaixonado do maior do Centro-Oeste, o Vila Nova Futebol Clube. Casado com Meirilane Dias, \u00e9 pai de Juliana Dias, jornalista; Daniel Dias, economista; e Maria Rosa Dias, estudante antifascista, socialista e trotskista.\u00a0Com tr\u00eas pets: Porquinho [Bull Dog Franc\u00eas], Dalila [Basset Hound] e Geleia [Basset Hound]. Al\u00e9m do eterno gato Tutuquinho, que virou estrela.\",\"sameAs\":[\"https:\\\/\\\/www.facebook.com\\\/renato.dias.37\",\"#breve\",\"https:\\\/\\\/renatodias.tumblr.com\\\/\"],\"url\":\"https:\\\/\\\/renatodias.online\\\/movimento\\\/author\\\/renatodias\\\/\"}]}<\/script>\n<!-- \/ Yoast SEO plugin. -->","yoast_head_json":{"title":"\u2018Lula ganha e Caiado perde\u2019 -","robots":{"index":"index","follow":"follow","max-snippet":"max-snippet:-1","max-image-preview":"max-image-preview:large","max-video-preview":"max-video-preview:-1"},"canonical":"https:\/\/renatodias.online\/movimento\/2022\/07\/22\/lula-ganha-e-caiado-perde\/","og_locale":"pt_BR","og_type":"article","og_title":"\u2018Lula ganha e Caiado perde\u2019 -","og_description":"Proje\u00e7\u00f5es de K\u00e1tia Maria Presidente do PT acena a Marconi Perillo Renato Dias\u00a0 O ex-presidente da Rep\u00fablica Luiz In\u00e1cio Lula da Silva [PT] pode, sim, ser eleito j\u00e1 no primeiro turno, em 2 de outubro de 2022. \u00c9 o que analisa a professora graduada no curso de Pedagogia e mestre em Meio Ambiente e Sustentabilidade,","og_url":"https:\/\/renatodias.online\/movimento\/2022\/07\/22\/lula-ganha-e-caiado-perde\/","article_publisher":"https:\/\/www.facebook.com\/renato.dias.37","article_author":"https:\/\/www.facebook.com\/renato.dias.37","article_published_time":"2022-07-22T17:52:57+00:00","article_modified_time":"2022-07-22T17:53:45+00:00","og_image":[{"width":427,"height":240,"url":"https:\/\/renatodias.online\/movimento\/wp-content\/uploads\/2022\/05\/Katia-Maria-Link.jpg","type":"image\/jpeg"}],"author":"Renato Dias","twitter_card":"summary_large_image","twitter_creator":"@RenatoDiasBat","twitter_site":"@RenatoDiasBat","twitter_misc":{"Escrito por":"Renato Dias","Est. tempo de leitura":"2 minutos"},"schema":{"@context":"https:\/\/schema.org","@graph":[{"@type":"Article","@id":"https:\/\/renatodias.online\/movimento\/2022\/07\/22\/lula-ganha-e-caiado-perde\/#article","isPartOf":{"@id":"https:\/\/renatodias.online\/movimento\/2022\/07\/22\/lula-ganha-e-caiado-perde\/"},"author":{"name":"Renato Dias","@id":"https:\/\/renatodias.online\/movimento\/#\/schema\/person\/bbab28833b1725a20f4083f49f1fb2a9"},"headline":"\u2018Lula ganha e Caiado perde\u2019","datePublished":"2022-07-22T17:52:57+00:00","dateModified":"2022-07-22T17:53:45+00:00","mainEntityOfPage":{"@id":"https:\/\/renatodias.online\/movimento\/2022\/07\/22\/lula-ganha-e-caiado-perde\/"},"wordCount":382,"commentCount":0,"publisher":{"@id":"https:\/\/renatodias.online\/movimento\/#\/schema\/person\/bbab28833b1725a20f4083f49f1fb2a9"},"image":{"@id":"https:\/\/renatodias.online\/movimento\/2022\/07\/22\/lula-ganha-e-caiado-perde\/#primaryimage"},"thumbnailUrl":"https:\/\/renatodias.online\/movimento\/wp-content\/uploads\/2022\/05\/Katia-Maria-Link.jpg","articleSection":["Pol\u00edtica"],"inLanguage":"pt-BR","potentialAction":[{"@type":"CommentAction","name":"Comment","target":["https:\/\/renatodias.online\/movimento\/2022\/07\/22\/lula-ganha-e-caiado-perde\/#respond"]}]},{"@type":"WebPage","@id":"https:\/\/renatodias.online\/movimento\/2022\/07\/22\/lula-ganha-e-caiado-perde\/","url":"https:\/\/renatodias.online\/movimento\/2022\/07\/22\/lula-ganha-e-caiado-perde\/","name":"\u2018Lula ganha e Caiado perde\u2019 -","isPartOf":{"@id":"https:\/\/renatodias.online\/movimento\/#website"},"primaryImageOfPage":{"@id":"https:\/\/renatodias.online\/movimento\/2022\/07\/22\/lula-ganha-e-caiado-perde\/#primaryimage"},"image":{"@id":"https:\/\/renatodias.online\/movimento\/2022\/07\/22\/lula-ganha-e-caiado-perde\/#primaryimage"},"thumbnailUrl":"https:\/\/renatodias.online\/movimento\/wp-content\/uploads\/2022\/05\/Katia-Maria-Link.jpg","datePublished":"2022-07-22T17:52:57+00:00","dateModified":"2022-07-22T17:53:45+00:00","breadcrumb":{"@id":"https:\/\/renatodias.online\/movimento\/2022\/07\/22\/lula-ganha-e-caiado-perde\/#breadcrumb"},"inLanguage":"pt-BR","potentialAction":[{"@type":"ReadAction","target":["https:\/\/renatodias.online\/movimento\/2022\/07\/22\/lula-ganha-e-caiado-perde\/"]}]},{"@type":"ImageObject","inLanguage":"pt-BR","@id":"https:\/\/renatodias.online\/movimento\/2022\/07\/22\/lula-ganha-e-caiado-perde\/#primaryimage","url":"https:\/\/renatodias.online\/movimento\/wp-content\/uploads\/2022\/05\/Katia-Maria-Link.jpg","contentUrl":"https:\/\/renatodias.online\/movimento\/wp-content\/uploads\/2022\/05\/Katia-Maria-Link.jpg","width":427,"height":240,"caption":"Katia Maria"},{"@type":"BreadcrumbList","@id":"https:\/\/renatodias.online\/movimento\/2022\/07\/22\/lula-ganha-e-caiado-perde\/#breadcrumb","itemListElement":[{"@type":"ListItem","position":1,"name":"In\u00edcio","item":"https:\/\/renatodias.online\/movimento\/"},{"@type":"ListItem","position":2,"name":"\u2018Lula ganha e Caiado perde\u2019"}]},{"@type":"WebSite","@id":"https:\/\/renatodias.online\/movimento\/#website","url":"https:\/\/renatodias.online\/movimento\/","name":"","description":"","publisher":{"@id":"https:\/\/renatodias.online\/movimento\/#\/schema\/person\/bbab28833b1725a20f4083f49f1fb2a9"},"potentialAction":[{"@type":"SearchAction","target":{"@type":"EntryPoint","urlTemplate":"https:\/\/renatodias.online\/movimento\/?s={search_term_string}"},"query-input":{"@type":"PropertyValueSpecification","valueRequired":true,"valueName":"search_term_string"}}],"inLanguage":"pt-BR"},{"@type":["Person","Organization"],"@id":"https:\/\/renatodias.online\/movimento\/#\/schema\/person\/bbab28833b1725a20f4083f49f1fb2a9","name":"Renato Dias","image":{"@type":"ImageObject","inLanguage":"pt-BR","@id":"https:\/\/renatodias.online\/movimento\/wp-content\/uploads\/2023\/03\/cropped-cropped-cropped-logofinal.jpeg","url":"https:\/\/renatodias.online\/movimento\/wp-content\/uploads\/2023\/03\/cropped-cropped-cropped-logofinal.jpeg","contentUrl":"https:\/\/renatodias.online\/movimento\/wp-content\/uploads\/2023\/03\/cropped-cropped-cropped-logofinal.jpeg","width":1280,"height":219,"caption":"Renato Dias"},"logo":{"@id":"https:\/\/renatodias.online\/movimento\/wp-content\/uploads\/2023\/03\/cropped-cropped-cropped-logofinal.jpeg"},"description":"Renato Dias, 58 anos, \u00e9 graduado em Jornalismo, formado em Ci\u00eancias Sociais, com p\u00f3s-gradua\u00e7\u00e3o em Pol\u00edticas P\u00fablicas, mestre em Direito e Rela\u00e7\u00f5es Internacionais, ex-aluno extraordin\u00e1rio do Doutorado em Psicologia Social, ex-estudante do Curso de Psican\u00e1lise do Centro de Estudos Psicanal\u00edticos do Estado de Goi\u00e1s, ministrado pelo m\u00e9dico psiquiatra e psicanalista Daniel Em\u00eddio de Souza. \u00c9 autor de 30 livros-reportagem, oito document\u00e1rios, ganhou 30 pr\u00eamios e \u00e9 torcedor apaixonado do maior do Centro-Oeste, o Vila Nova Futebol Clube. Casado com Meirilane Dias, \u00e9 pai de Juliana Dias, jornalista; Daniel Dias, economista; e Maria Rosa Dias, estudante antifascista, socialista e trotskista.\u00a0Com tr\u00eas pets: Porquinho [Bull Dog Franc\u00eas], Dalila [Basset Hound] e Geleia [Basset Hound]. Al\u00e9m do eterno gato Tutuquinho, que virou estrela.","sameAs":["https:\/\/www.facebook.com\/renato.dias.37","#breve","https:\/\/renatodias.tumblr.com\/"],"url":"https:\/\/renatodias.online\/movimento\/author\/renatodias\/"}]}},"_links":{"self":[{"href":"https:\/\/renatodias.online\/movimento\/wp-json\/wp\/v2\/posts\/13319","targetHints":{"allow":["GET"]}}],"collection":[{"href":"https:\/\/renatodias.online\/movimento\/wp-json\/wp\/v2\/posts"}],"about":[{"href":"https:\/\/renatodias.online\/movimento\/wp-json\/wp\/v2\/types\/post"}],"author":[{"embeddable":true,"href":"https:\/\/renatodias.online\/movimento\/wp-json\/wp\/v2\/users\/2"}],"replies":[{"embeddable":true,"href":"https:\/\/renatodias.online\/movimento\/wp-json\/wp\/v2\/comments?post=13319"}],"version-history":[{"count":2,"href":"https:\/\/renatodias.online\/movimento\/wp-json\/wp\/v2\/posts\/13319\/revisions"}],"predecessor-version":[{"id":13321,"href":"https:\/\/renatodias.online\/movimento\/wp-json\/wp\/v2\/posts\/13319\/revisions\/13321"}],"wp:featuredmedia":[{"embeddable":true,"href":"https:\/\/renatodias.online\/movimento\/wp-json\/wp\/v2\/media\/12387"}],"wp:attachment":[{"href":"https:\/\/renatodias.online\/movimento\/wp-json\/wp\/v2\/media?parent=13319"}],"wp:term":[{"taxonomy":"category","embeddable":true,"href":"https:\/\/renatodias.online\/movimento\/wp-json\/wp\/v2\/categories?post=13319"},{"taxonomy":"post_tag","embeddable":true,"href":"https:\/\/renatodias.online\/movimento\/wp-json\/wp\/v2\/tags?post=13319"}],"curies":[{"name":"wp","href":"https:\/\/api.w.org\/{rel}","templated":true}]}}