{"id":13285,"date":"2022-07-10T23:40:34","date_gmt":"2022-07-11T02:40:34","guid":{"rendered":"https:\/\/renatodias.online\/movimento\/?p=13285"},"modified":"2022-07-10T23:40:34","modified_gmt":"2022-07-11T02:40:34","slug":"caiado-perdera-as-eleicoes","status":"publish","type":"post","link":"https:\/\/renatodias.online\/movimento\/2022\/07\/10\/caiado-perdera-as-eleicoes\/","title":{"rendered":"Caiado perder\u00e1 as elei\u00e7\u00f5es?"},"content":{"rendered":"<p><strong><img loading=\"lazy\" decoding=\"async\" class=\"aligncenter wp-image-11445 size-full\" src=\"https:\/\/renatodias.online\/movimento\/wp-content\/uploads\/2022\/03\/Eleicoes-de-2022.jpeg\" alt=\"\" width=\"639\" height=\"361\" srcset=\"https:\/\/renatodias.online\/movimento\/wp-content\/uploads\/2022\/03\/Eleicoes-de-2022.jpeg 639w, https:\/\/renatodias.online\/movimento\/wp-content\/uploads\/2022\/03\/Eleicoes-de-2022-300x169.jpeg 300w\" sizes=\"auto, (max-width: 639px) 100vw, 639px\" \/><\/strong><\/p>\n<p><strong>\u00a0<\/strong><\/p>\n<figure id=\"attachment_5888\" aria-describedby=\"caption-attachment-5888\" style=\"width: 150px\" class=\"wp-caption aligncenter\"><img loading=\"lazy\" decoding=\"async\" class=\"wp-image-5888 size-thumbnail\" src=\"https:\/\/renatodias.online\/movimento\/wp-content\/uploads\/2021\/04\/Bomba-A-morte-da-Politica-150x150.jpg\" alt=\"explosivo\" width=\"150\" height=\"150\" \/><figcaption id=\"caption-attachment-5888\" class=\"wp-caption-text\"><span style=\"color: #ff6600;\"><strong>explosivo<\/strong><\/span><\/figcaption><\/figure>\n<p><strong>\u00a0<\/strong><\/p>\n<h1 style=\"text-align: center;\"><span style=\"color: #0000ff;\"><strong>Entenda os motivos da derrota iminente<\/strong><\/span><\/h1>\n<figure id=\"attachment_8777\" aria-describedby=\"caption-attachment-8777\" style=\"width: 1500px\" class=\"wp-caption alignnone\"><img loading=\"lazy\" decoding=\"async\" class=\"size-full wp-image-8777\" src=\"https:\/\/renatodias.online\/movimento\/wp-content\/uploads\/2021\/08\/Ronaldo-Caiado-_-Link.jpeg\" alt=\"\" width=\"1500\" height=\"1025\" \/><figcaption id=\"caption-attachment-8777\" class=\"wp-caption-text\"><strong>Ronaldo Caiado: crise aguda<\/strong><\/figcaption><\/figure>\n<p style=\"text-align: center;\"><strong>Renato Dias<\/strong><\/p>\n<p>O atual governador do Estado de Goi\u00e1s, <strong>Ronaldo Caiado [Uni\u00e3o Brasil]<\/strong>, que disputar\u00e1 a reelei\u00e7\u00e3o, <strong>sofrer\u00e1 uma derrota nas urnas em outubro de 2022<\/strong>. Basta uma leitura aplicada das <strong>tend\u00eancias nas pesquisas de cen\u00e1rios<\/strong>.<\/p>\n<h1 style=\"text-align: center;\"><span style=\"color: #800080;\"><strong>7<\/strong><\/span><\/h1>\n<h1 style=\"text-align: center;\"><span style=\"color: #993300;\"><strong>Candidatos<\/strong><\/span><\/h1>\n<h1 style=\"text-align: center;\"><span style=\"color: #008000;\"><strong>\u00e0 Casa Verde<\/strong><\/span><\/h1>\n<p>Sete postulantes concorrer\u00e3o \u00e0 Casa Verde. Ronaldo Caiado, <strong>Marconi Perillo<\/strong> [PSDB], <strong>Gustavo Mendanha<\/strong> [Patriota], <strong>Wolmir Amado<\/strong> [PT], <strong>Vitor Hugo<\/strong> [PL], <strong>Helga Martins<\/strong> [PCB], al\u00e9m de Edgar Brito [Novo].<\/p>\n<p><figure id=\"attachment_5257\" aria-describedby=\"caption-attachment-5257\" style=\"width: 1280px\" class=\"wp-caption alignnone\"><img loading=\"lazy\" decoding=\"async\" class=\"size-full wp-image-5257\" src=\"https:\/\/renatodias.online\/movimento\/wp-content\/uploads\/2021\/02\/marconiperillo10.jpeg\" alt=\"\" width=\"1280\" height=\"853\" \/><figcaption id=\"caption-attachment-5257\" class=\"wp-caption-text\"><strong>Marconi Perillo [PSDB] aparece em segundo lugar<br \/><\/strong><\/figcaption><\/figure><strong>A campanha eleitoral ainda n\u00e3o come\u00e7ou<\/strong>. Com propaganda de Tv, r\u00e1dio, caminhadas, reuni\u00f5es, com\u00edcios, viagens, visitas, o velho corpo a corpo. Al\u00e9m da invas\u00e3o das redes sociais. Com m\u00faltiplas plataformas.<\/p>\n<figure id=\"attachment_7838\" aria-describedby=\"caption-attachment-7838\" style=\"width: 986px\" class=\"wp-caption alignnone\"><img loading=\"lazy\" decoding=\"async\" class=\"size-full wp-image-7838\" src=\"https:\/\/renatodias.online\/movimento\/wp-content\/uploads\/2021\/07\/Gustavo-Mendanha-_-Link.jpg\" alt=\"\" width=\"986\" height=\"617\" \/><figcaption id=\"caption-attachment-7838\" class=\"wp-caption-text\"><strong>Gustavo Mendanha: a campanha n\u00e3o come\u00e7ou<br \/><\/strong><\/figcaption><\/figure>\n<p>Os atuais indicadores econ\u00f4micos, sociais, sanit\u00e1rios, culturais, educacionais ser\u00e3o expostos. Mais: apresentados aos <strong>4,8 milh\u00f5es de eleitores<\/strong> dos <strong>246 munic\u00edpios<\/strong> do Estado de Goi\u00e1s. Com <strong>7,2 mi de habitantes<\/strong><\/p>\n<h1 style=\"text-align: center;\"><span style=\"color: #ff00ff;\"><strong>4,8 <\/strong><\/span><\/h1>\n<h1 style=\"text-align: center;\"><span style=\"color: #ff00ff;\"><strong>Milh\u00f5es de<\/strong><\/span><\/h1>\n<h1 style=\"text-align: center;\"><span style=\"color: #ff00ff;\"><strong>eleitores<\/strong><\/span><\/h1>\n<figure id=\"attachment_3176\" aria-describedby=\"caption-attachment-3176\" style=\"width: 680px\" class=\"wp-caption aligncenter\"><img loading=\"lazy\" decoding=\"async\" class=\"wp-image-3176 size-full\" src=\"https:\/\/renatodias.online\/movimento\/wp-content\/uploads\/2020\/03\/Urnas-eletr\u00f4nicas.png\" alt=\"\" width=\"680\" height=\"453\" srcset=\"https:\/\/renatodias.online\/movimento\/wp-content\/uploads\/2020\/03\/Urnas-eletr\u00f4nicas.png 680w, https:\/\/renatodias.online\/movimento\/wp-content\/uploads\/2020\/03\/Urnas-eletr\u00f4nicas-300x200.png 300w, https:\/\/renatodias.online\/movimento\/wp-content\/uploads\/2020\/03\/Urnas-eletr\u00f4nicas-360x240.png 360w\" sizes=\"auto, (max-width: 680px) 100vw, 680px\" \/><figcaption id=\"caption-attachment-3176\" class=\"wp-caption-text\"><strong>Urnas eletr\u00f4nicas <br \/><\/strong><\/figcaption><\/figure>\n<p>O funcionalismo p\u00fablico pode ser uma pedra no sapato de Ronaldo Caiado. Motivo real: extin\u00e7\u00e3o de direitos e a n\u00e3o reposi\u00e7\u00e3o das perdas salariais com a infla\u00e7\u00e3o. <strong>O F\u00f3rum Sindical exigia 25,35% e n\u00e3o foi atendido.<\/strong><\/p>\n<blockquote>\n<h1><span style=\"color: #ff00ff;\"><strong>O F\u00f3rum Sindical exigia reposi\u00e7\u00e3o ao funcionalismo p\u00fablico de 25,35% e n\u00e3o foi atendido<\/strong><\/span><\/h1>\n<\/blockquote>\n<p>Um desastre. Assim pode ser classificada a sua gest\u00e3o da Pandemia do Covid 19: <strong>um milh\u00e3o, 478 mil e 375 pessoas infectadas.<\/strong> Com <strong>26 mil e 824 mortos<\/strong>. Registro: mais <strong>278 \u00f3bitos suspeitos<\/strong> sob investiga\u00e7\u00e3o.<\/p>\n<blockquote>\n<h1><span style=\"color: #ff00ff;\"><strong>Um milh\u00e3o, 478 mil e 375 pessoas infectadas. Com 26 mil, 824 mortos e 278 \u00f3bitos suspeitos<br \/>\n<\/strong><\/span><\/h1>\n<figure id=\"attachment_3497\" aria-describedby=\"caption-attachment-3497\" style=\"width: 1200px\" class=\"wp-caption alignnone\"><img loading=\"lazy\" decoding=\"async\" class=\"wp-image-3497 size-full\" src=\"https:\/\/renatodias.online\/movimento\/wp-content\/uploads\/2020\/05\/Imagem-do-Covid-19-8.jpg\" alt=\"\" width=\"1200\" height=\"617\" srcset=\"https:\/\/renatodias.online\/movimento\/wp-content\/uploads\/2020\/05\/Imagem-do-Covid-19-8.jpg 1200w, https:\/\/renatodias.online\/movimento\/wp-content\/uploads\/2020\/05\/Imagem-do-Covid-19-8-300x154.jpg 300w, https:\/\/renatodias.online\/movimento\/wp-content\/uploads\/2020\/05\/Imagem-do-Covid-19-8-768x395.jpg 768w, https:\/\/renatodias.online\/movimento\/wp-content\/uploads\/2020\/05\/Imagem-do-Covid-19-8-1024x527.jpg 1024w, https:\/\/renatodias.online\/movimento\/wp-content\/uploads\/2020\/05\/Imagem-do-Covid-19-8-750x386.jpg 750w\" sizes=\"auto, (max-width: 1200px) 100vw, 1200px\" \/><figcaption id=\"caption-attachment-3497\" class=\"wp-caption-text\"><strong>Covid-19<\/strong><\/figcaption><\/figure><\/blockquote>\n<p><strong>Goi\u00e1s aparece no topo do ranking nacional de <span style=\"color: #ff0000;\">feminic\u00eddios<\/span><\/strong>. As pol\u00edticas p\u00fablicas do Estado s\u00e3o p\u00edfias, sem planejamento. Um aumento de 50% de 2018 para o ano de 2021. Apenas no ano passado, 54 mortes<\/p>\n<p><img loading=\"lazy\" decoding=\"async\" class=\"wp-image-4168 size-large aligncenter\" src=\"https:\/\/renatodias.online\/movimento\/wp-content\/uploads\/2020\/08\/Viol\u00eancia-contra-a-mulher-833x1024.png\" alt=\"\" width=\"833\" height=\"1024\" \/><\/p>\n<blockquote>\n<h1><span style=\"color: #ff00ff;\"><strong>Feminic\u00eddios: um aumento dos crimes de 50% de 2018 para o ano de 2021<\/strong><\/span><\/h1>\n<\/blockquote>\n<p>A escalada da crise econ\u00f4mica em Goi\u00e1s traz <strong>desemprego de 332 mil trabalhadores<\/strong>. Dados do PNAD, do IBGE. <strong>A renda domiciliar despencou para os \u00edndices de 2017<\/strong>. J\u00e1 a <strong>informalidade deu um elevado salto:40,9%<\/strong><\/p>\n<blockquote>\n<h1><strong><span style=\"color: #ff00ff;\"> Desemprego de 332 mil trabalhadores e informalidade deu um elevado salto:40,9%<\/span><br \/>\n<\/strong><\/h1>\n<\/blockquote>\n<figure id=\"attachment_6447\" aria-describedby=\"caption-attachment-6447\" style=\"width: 800px\" class=\"wp-caption aligncenter\"><img loading=\"lazy\" decoding=\"async\" class=\"wp-image-6447 size-full\" src=\"https:\/\/renatodias.online\/movimento\/wp-content\/uploads\/2021\/05\/Desemprego.jpg\" alt=\"\" width=\"800\" height=\"534\" \/><figcaption id=\"caption-attachment-6447\" class=\"wp-caption-text\"><strong>O desemprego<\/strong><\/figcaption><\/figure>\n<p>O \u00cdndice Nacional de Pre\u00e7os ao Consumidor Amplo, de mar\u00e7o de 2021 a mar\u00e7o de 2022, em Goi\u00e2nia, a capital de Goi\u00e1s, \u00e9 <strong>de 12,18%, a maior dos 27 anos da economia. Desde a implanta\u00e7\u00e3o do Plano Real, em 1994.<\/strong><\/p>\n<blockquote>\n<h1><span style=\"color: #ff00ff;\"><strong>O maior \u00edndice de IPCA dos \u00faltimos 27 anos. Desde a implanta\u00e7\u00e3o do Plano Real<\/strong><\/span><\/h1>\n<\/blockquote>\n<p>A <strong>evas\u00e3o escolar<\/strong> na rede de ensino em Goi\u00e1s teria retirado das listas das salas de aulas <strong>68 mil e 63 estudantes no ano de 2020.<\/strong> <strong>J\u00e1 em 2021 a crise continuou com 35 mil alunos sem matr\u00edculas e frequ\u00eancias.<\/strong><\/p>\n<blockquote>\n<h1><strong><span style=\"color: #ff00ff;\">Evas\u00e3o escolar: 68 mil e 63 estudantes no ano de 2020 e 2021 com 35 mil alunos sem matr\u00edculas e frequ\u00eancias<\/span><br \/>\n<\/strong><\/h1>\n<\/blockquote>\n<p>Em tempo: <strong>a falta de acesso \u00e0 rede mundial de computadores<\/strong>, \u00e0 internet, a <strong>aus\u00eancia de computadores <\/strong>para uso pessoal, o PC, e <strong>a inseguran\u00e7a alimentar<\/strong> prejudicaram tamb\u00e9m o desempenho dos estudantes<\/p>\n<blockquote>\n<h1><strong><span style=\"color: #ff00ff;\">Falta de acesso \u00e0 internet, aus\u00eancia de computadores e a inseguran\u00e7a alimentar<\/span><br \/>\n<\/strong><\/h1>\n<\/blockquote>\n<p>O Pal\u00e1cio das Esmeraldas, sob a orienta\u00e7\u00e3o neoliberal da Secretaria de Estado da Economia, <strong>destruiu as pol\u00edticas p\u00fablicas de fomento \u00e0s artes e aos espet\u00e1culos<\/strong>. Um diagn\u00f3stico do F\u00f3rum de Cultura de Goi\u00e1s<\/p>\n<blockquote>\n<h1><span style=\"color: #ff00ff;\">A destrui\u00e7\u00e3o das pol\u00edticas de fomento \u00e0 cultura, artes e espet\u00e1culos e Secult como moeda de troca<\/span><\/h1>\n<\/blockquote>\n<p><strong>A viol\u00eancia policial, por agentes do Estado, \u00e9 respons\u00e1vel por 30% das mortes violentas, em Goi\u00e1s. A cultura hegem\u00f4nica \u00e9 de que a corpora\u00e7\u00e3o deve &#8220;matar mais&#8221;.<\/strong>\u00a0 \u00c9 o segundo no ranking nacional em interven\u00e7\u00e3o policial.<\/p>\n<blockquote>\n<h1><span style=\"color: #ff00ff;\"><strong>A viol\u00eancia policial, por agentes do Estado, \u00e9 respons\u00e1vel por 30% das mortes violentas, em Goi\u00e1s<\/strong><\/span><\/h1>\n<p><img loading=\"lazy\" decoding=\"async\" class=\"size-full wp-image-6054 aligncenter\" src=\"https:\/\/renatodias.online\/movimento\/wp-content\/uploads\/2021\/04\/Imagem-de-sangue-e1657251646184.jpg\" alt=\"\" width=\"360\" height=\"240\" \/><\/p><\/blockquote>\n<p>Os n\u00fameros estarrecedores n\u00e3o param. <strong>O Estado de Goi\u00e1s \u00e9, hoje, o terceiro no Brasil com a maior taxa de mortalidade em a\u00e7\u00f5es da seguran\u00e7a p\u00fablica<\/strong>. Pesquisa da professora da UFG,\u00a0Dalva Maria de Lima.<\/p>\n<blockquote>\n<h1><span style=\"color: #ff00ff;\"><strong>Goi\u00e1s \u00e9, hoje, o terceiro no Brasil com a maior taxa de mortalidade em a\u00e7\u00f5es da seguran\u00e7a p\u00fablica<\/strong><\/span><\/h1>\n<p><img loading=\"lazy\" decoding=\"async\" class=\"size-medium wp-image-7457 aligncenter\" src=\"https:\/\/renatodias.online\/movimento\/wp-content\/uploads\/2021\/06\/Sangue-_-1-300x200.jpeg\" alt=\"\" width=\"300\" height=\"200\" \/><\/p>\n<h1><span style=\"color: #ff00ff;\"><strong>A cultura hegem\u00f4nica \u00e9 de que a corpora\u00e7\u00e3o deve &#8220;matar mais&#8221;<\/strong><\/span><\/h1>\n<\/blockquote>\n<p><img loading=\"lazy\" decoding=\"async\" class=\"alignnone wp-image-2918 size-large\" src=\"https:\/\/renatodias.online\/movimento\/wp-content\/uploads\/2019\/11\/Marcas-de-tiros-1024x768.png\" alt=\"\" width=\"1024\" height=\"768\" \/><\/p>\n<p><strong><img loading=\"lazy\" decoding=\"async\" class=\"wp-image-10971 size-full aligncenter\" src=\"https:\/\/renatodias.online\/movimento\/wp-content\/uploads\/2022\/02\/Saiba-mais.png\" alt=\"\" width=\"572\" height=\"196\" srcset=\"https:\/\/renatodias.online\/movimento\/wp-content\/uploads\/2022\/02\/Saiba-mais.png 572w, https:\/\/renatodias.online\/movimento\/wp-content\/uploads\/2022\/02\/Saiba-mais-300x103.png 300w\" sizes=\"auto, (max-width: 572px) 100vw, 572px\" \/><\/strong><\/p>\n<h1 style=\"text-align: center;\"><span style=\"color: #808080;\"><strong>Proje\u00e7\u00f5es<\/strong><\/span><\/h1>\n<h1 style=\"text-align: center;\"><span style=\"color: #808000;\"><strong>An\u00e1lise da pesquisa<\/strong><\/span><\/h1>\n<h1 style=\"text-align: center;\"><span style=\"color: #800000;\"><strong>Quem for ao segundo turno derrota Ronaldo Caiado<\/strong><\/span><\/h1>\n<p><strong>Renato Dias<\/strong><\/p>\n<p>Levantamento estat\u00edstico realizado pelo Instituto de Pesquisas RealTime Big Data ao Governo do Estado de Goi\u00e1s, divulgada pela Tv Record, aponta <strong>Ronaldo Caiado<\/strong> [Uni\u00e3o Brasil] com <strong>34%<\/strong> das inten\u00e7\u00f5es de votos.<\/p>\n<blockquote>\n<h1><span style=\"color: #0000ff;\"><strong>Ronaldo Caiado<\/strong> [Uni\u00e3o Brasil]: <strong>34%<\/strong><br \/>\n<\/span><\/h1>\n<\/blockquote>\n<p>Sem apresentar a sua pr\u00e9-candidatura ao Pal\u00e1cio das Esmeraldas, <strong>Marconi Perillo [PSDB], \u00e9 o 2\u00b0: 19%.<\/strong> N\u00e3o custa lembrar: o l\u00edder tucano \u00e9 o primeiro isolado e favorito para a corrida ao Senado da Rep\u00fablica.<\/p>\n<blockquote>\n<h1><span style=\"color: #0000ff;\"><strong>Marconi Perillo [PSDB] \u00e9 o 2\u00b0: 19%<\/strong><\/span><\/h1>\n<\/blockquote>\n<p>O ex-prefeito do munic\u00edpio de Aparecida de Goi\u00e2nia, segundo maior col\u00e9gio eleitoral do Estado, <strong>Gustavo Mendanha [Patriota], chega em terceiro lugar, com 18%<\/strong>, na acirrada disputa eleitoral \u00e0 Casa Verde, em 2022.<\/p>\n<blockquote>\n<h1><strong><span style=\"color: #0000ff;\">Gustavo Mendanha [Patriota] \u00e9 3\u00ba: 18%<\/span><br \/>\n<\/strong><\/h1>\n<\/blockquote>\n<p>O ex-reitor da PUC Goi\u00e1s <strong>Wolmir Amado<\/strong> n\u00e3o havia sido oficializado pelo PT \u00e0 \u00e9poca da realiza\u00e7\u00e3o da pesquisa eleitoral. Nem \u00e9 identificado pelo eleitor como o nome de Luiz In\u00e1cio Lula da Silva e Geraldo Alckmin.<\/p>\n<blockquote>\n<h1><span style=\"color: #0000ff;\"><strong>Wolmir Amado<\/strong> [PT]: 8%<\/span><\/h1>\n<\/blockquote>\n<p>O band leader da Frente Brasil Esperan\u00e7a, integrada por PT PC do B e PV, com chances de obter apoios de PSB, Psol, Rede, assim como do PCO, est\u00e1 empatado tecnicamente com <strong>Vitor Hugo<\/strong> [PL]: <strong>com 8% e 9%<\/strong><\/p>\n<blockquote>\n<h1><span style=\"color: #0000ff;\"><strong>Vitor Hugo<\/strong> [PL]: 9%<br \/>\n<\/span><\/h1>\n<\/blockquote>\n<p><strong>A matem\u00e1tica dos votos v\u00e1lidos projeta, sem o in\u00edcio da desconstru\u00e7\u00e3o da Era Ronaldo Caiado, 34% para o nome do Uni\u00e3o Brasil e 66% para as oposi\u00e7\u00f5es<\/strong>. Quem chegar ao 2\u00b0 turno pode vencer o pleito. <strong>Marconi Perillo est\u00e1, hoje, na frente<\/strong><\/p>\n<h1 style=\"text-align: center;\"><span style=\"color: #800000;\">Ronaldo Caiado: 34%<\/span><\/h1>\n<h1 style=\"text-align: center;\"><span style=\"color: #800000;\">Oposi\u00e7\u00f5es: 66%<\/span><\/h1>\n<blockquote>\n<h1><span style=\"color: #0000ff;\"><span style=\"color: #ff0000;\">Quem chegar ao 2\u00b0 turno pode vencer o pleito.<\/span> <strong>Marconi Perillo [PSDB] estaria, hoje, na frente<\/strong><\/span><\/h1>\n<figure id=\"attachment_8967\" aria-describedby=\"caption-attachment-8967\" style=\"width: 1024px\" class=\"wp-caption alignnone\"><img loading=\"lazy\" decoding=\"async\" class=\"size-full wp-image-8967\" src=\"https:\/\/renatodias.online\/movimento\/wp-content\/uploads\/2021\/09\/Explosivo-1.jpg\" alt=\"\" width=\"1024\" height=\"536\" \/><figcaption id=\"caption-attachment-8967\" class=\"wp-caption-text\"><strong>Cen\u00e1rio pol\u00edtico em Goi\u00e1s, julho de 2022<\/strong><\/figcaption><\/figure><\/blockquote>\n","protected":false},"excerpt":{"rendered":"<p>\u00a0 \u00a0 Entenda os motivos da derrota iminente Renato Dias O atual governador do Estado de Goi\u00e1s, Ronaldo Caiado [Uni\u00e3o Brasil], que disputar\u00e1 a reelei\u00e7\u00e3o, sofrer\u00e1 uma derrota nas urnas em outubro de 2022. Basta uma leitura aplicada das tend\u00eancias nas pesquisas de cen\u00e1rios. 7 Candidatos \u00e0 Casa Verde Sete postulantes concorrer\u00e3o \u00e0 Casa Verde.<\/p>\n","protected":false},"author":2,"featured_media":6358,"comment_status":"open","ping_status":"open","sticky":false,"template":"","format":"standard","meta":{"_acf_changed":false,"_monsterinsights_skip_tracking":false,"_monsterinsights_sitenote_active":false,"_monsterinsights_sitenote_note":"","_monsterinsights_sitenote_category":0,"footnotes":""},"categories":[4],"tags":[],"class_list":["post-13285","post","type-post","status-publish","format-standard","has-post-thumbnail","hentry","category-politica"],"acf":[],"yoast_head":"<!-- This site is optimized with the Yoast SEO plugin v27.4 - https:\/\/yoast.com\/product\/yoast-seo-wordpress\/ -->\n<title>Caiado perder\u00e1 as elei\u00e7\u00f5es? -<\/title>\n<meta name=\"robots\" content=\"index, follow, max-snippet:-1, max-image-preview:large, max-video-preview:-1\" \/>\n<link rel=\"canonical\" href=\"https:\/\/renatodias.online\/movimento\/2022\/07\/10\/caiado-perdera-as-eleicoes\/\" \/>\n<meta property=\"og:locale\" content=\"pt_BR\" \/>\n<meta property=\"og:type\" content=\"article\" \/>\n<meta property=\"og:title\" content=\"Caiado perder\u00e1 as elei\u00e7\u00f5es? -\" \/>\n<meta property=\"og:description\" content=\"\u00a0 \u00a0 Entenda os motivos da derrota iminente Renato Dias O atual governador do Estado de Goi\u00e1s, Ronaldo Caiado [Uni\u00e3o Brasil], que disputar\u00e1 a reelei\u00e7\u00e3o, sofrer\u00e1 uma derrota nas urnas em outubro de 2022. Basta uma leitura aplicada das tend\u00eancias nas pesquisas de cen\u00e1rios. 7 Candidatos \u00e0 Casa Verde Sete postulantes concorrer\u00e3o \u00e0 Casa Verde.\" \/>\n<meta property=\"og:url\" content=\"https:\/\/renatodias.online\/movimento\/2022\/07\/10\/caiado-perdera-as-eleicoes\/\" \/>\n<meta property=\"article:publisher\" content=\"https:\/\/www.facebook.com\/renato.dias.37\" \/>\n<meta property=\"article:author\" content=\"https:\/\/www.facebook.com\/renato.dias.37\" \/>\n<meta property=\"article:published_time\" content=\"2022-07-11T02:40:34+00:00\" \/>\n<meta property=\"og:image\" content=\"https:\/\/renatodias.online\/movimento\/wp-content\/uploads\/2021\/04\/ronadocaiado.jpg\" \/>\n\t<meta property=\"og:image:width\" content=\"839\" \/>\n\t<meta property=\"og:image:height\" content=\"600\" \/>\n\t<meta property=\"og:image:type\" content=\"image\/jpeg\" \/>\n<meta name=\"author\" content=\"Renato Dias\" \/>\n<meta name=\"twitter:card\" content=\"summary_large_image\" \/>\n<meta name=\"twitter:creator\" content=\"@RenatoDiasBat\" \/>\n<meta name=\"twitter:site\" content=\"@RenatoDiasBat\" \/>\n<meta name=\"twitter:label1\" content=\"Escrito por\" \/>\n\t<meta name=\"twitter:data1\" content=\"Renato Dias\" \/>\n\t<meta name=\"twitter:label2\" content=\"Est. tempo de leitura\" \/>\n\t<meta name=\"twitter:data2\" content=\"5 minutos\" \/>\n<script type=\"application\/ld+json\" class=\"yoast-schema-graph\">{\"@context\":\"https:\\\/\\\/schema.org\",\"@graph\":[{\"@type\":\"Article\",\"@id\":\"https:\\\/\\\/renatodias.online\\\/movimento\\\/2022\\\/07\\\/10\\\/caiado-perdera-as-eleicoes\\\/#article\",\"isPartOf\":{\"@id\":\"https:\\\/\\\/renatodias.online\\\/movimento\\\/2022\\\/07\\\/10\\\/caiado-perdera-as-eleicoes\\\/\"},\"author\":{\"name\":\"Renato Dias\",\"@id\":\"https:\\\/\\\/renatodias.online\\\/movimento\\\/#\\\/schema\\\/person\\\/bbab28833b1725a20f4083f49f1fb2a9\"},\"headline\":\"Caiado perder\u00e1 as elei\u00e7\u00f5es?\",\"datePublished\":\"2022-07-11T02:40:34+00:00\",\"mainEntityOfPage\":{\"@id\":\"https:\\\/\\\/renatodias.online\\\/movimento\\\/2022\\\/07\\\/10\\\/caiado-perdera-as-eleicoes\\\/\"},\"wordCount\":1069,\"commentCount\":0,\"publisher\":{\"@id\":\"https:\\\/\\\/renatodias.online\\\/movimento\\\/#\\\/schema\\\/person\\\/bbab28833b1725a20f4083f49f1fb2a9\"},\"image\":{\"@id\":\"https:\\\/\\\/renatodias.online\\\/movimento\\\/2022\\\/07\\\/10\\\/caiado-perdera-as-eleicoes\\\/#primaryimage\"},\"thumbnailUrl\":\"https:\\\/\\\/renatodias.online\\\/movimento\\\/wp-content\\\/uploads\\\/2021\\\/04\\\/ronadocaiado.jpg\",\"articleSection\":[\"Pol\u00edtica\"],\"inLanguage\":\"pt-BR\",\"potentialAction\":[{\"@type\":\"CommentAction\",\"name\":\"Comment\",\"target\":[\"https:\\\/\\\/renatodias.online\\\/movimento\\\/2022\\\/07\\\/10\\\/caiado-perdera-as-eleicoes\\\/#respond\"]}]},{\"@type\":\"WebPage\",\"@id\":\"https:\\\/\\\/renatodias.online\\\/movimento\\\/2022\\\/07\\\/10\\\/caiado-perdera-as-eleicoes\\\/\",\"url\":\"https:\\\/\\\/renatodias.online\\\/movimento\\\/2022\\\/07\\\/10\\\/caiado-perdera-as-eleicoes\\\/\",\"name\":\"Caiado perder\u00e1 as elei\u00e7\u00f5es? -\",\"isPartOf\":{\"@id\":\"https:\\\/\\\/renatodias.online\\\/movimento\\\/#website\"},\"primaryImageOfPage\":{\"@id\":\"https:\\\/\\\/renatodias.online\\\/movimento\\\/2022\\\/07\\\/10\\\/caiado-perdera-as-eleicoes\\\/#primaryimage\"},\"image\":{\"@id\":\"https:\\\/\\\/renatodias.online\\\/movimento\\\/2022\\\/07\\\/10\\\/caiado-perdera-as-eleicoes\\\/#primaryimage\"},\"thumbnailUrl\":\"https:\\\/\\\/renatodias.online\\\/movimento\\\/wp-content\\\/uploads\\\/2021\\\/04\\\/ronadocaiado.jpg\",\"datePublished\":\"2022-07-11T02:40:34+00:00\",\"breadcrumb\":{\"@id\":\"https:\\\/\\\/renatodias.online\\\/movimento\\\/2022\\\/07\\\/10\\\/caiado-perdera-as-eleicoes\\\/#breadcrumb\"},\"inLanguage\":\"pt-BR\",\"potentialAction\":[{\"@type\":\"ReadAction\",\"target\":[\"https:\\\/\\\/renatodias.online\\\/movimento\\\/2022\\\/07\\\/10\\\/caiado-perdera-as-eleicoes\\\/\"]}]},{\"@type\":\"ImageObject\",\"inLanguage\":\"pt-BR\",\"@id\":\"https:\\\/\\\/renatodias.online\\\/movimento\\\/2022\\\/07\\\/10\\\/caiado-perdera-as-eleicoes\\\/#primaryimage\",\"url\":\"https:\\\/\\\/renatodias.online\\\/movimento\\\/wp-content\\\/uploads\\\/2021\\\/04\\\/ronadocaiado.jpg\",\"contentUrl\":\"https:\\\/\\\/renatodias.online\\\/movimento\\\/wp-content\\\/uploads\\\/2021\\\/04\\\/ronadocaiado.jpg\",\"width\":839,\"height\":600,\"caption\":\"Ronaldo Caiado\"},{\"@type\":\"BreadcrumbList\",\"@id\":\"https:\\\/\\\/renatodias.online\\\/movimento\\\/2022\\\/07\\\/10\\\/caiado-perdera-as-eleicoes\\\/#breadcrumb\",\"itemListElement\":[{\"@type\":\"ListItem\",\"position\":1,\"name\":\"In\u00edcio\",\"item\":\"https:\\\/\\\/renatodias.online\\\/movimento\\\/\"},{\"@type\":\"ListItem\",\"position\":2,\"name\":\"Caiado perder\u00e1 as elei\u00e7\u00f5es?\"}]},{\"@type\":\"WebSite\",\"@id\":\"https:\\\/\\\/renatodias.online\\\/movimento\\\/#website\",\"url\":\"https:\\\/\\\/renatodias.online\\\/movimento\\\/\",\"name\":\"\",\"description\":\"\",\"publisher\":{\"@id\":\"https:\\\/\\\/renatodias.online\\\/movimento\\\/#\\\/schema\\\/person\\\/bbab28833b1725a20f4083f49f1fb2a9\"},\"potentialAction\":[{\"@type\":\"SearchAction\",\"target\":{\"@type\":\"EntryPoint\",\"urlTemplate\":\"https:\\\/\\\/renatodias.online\\\/movimento\\\/?s={search_term_string}\"},\"query-input\":{\"@type\":\"PropertyValueSpecification\",\"valueRequired\":true,\"valueName\":\"search_term_string\"}}],\"inLanguage\":\"pt-BR\"},{\"@type\":[\"Person\",\"Organization\"],\"@id\":\"https:\\\/\\\/renatodias.online\\\/movimento\\\/#\\\/schema\\\/person\\\/bbab28833b1725a20f4083f49f1fb2a9\",\"name\":\"Renato Dias\",\"image\":{\"@type\":\"ImageObject\",\"inLanguage\":\"pt-BR\",\"@id\":\"https:\\\/\\\/renatodias.online\\\/movimento\\\/wp-content\\\/uploads\\\/2023\\\/03\\\/cropped-cropped-cropped-logofinal.jpeg\",\"url\":\"https:\\\/\\\/renatodias.online\\\/movimento\\\/wp-content\\\/uploads\\\/2023\\\/03\\\/cropped-cropped-cropped-logofinal.jpeg\",\"contentUrl\":\"https:\\\/\\\/renatodias.online\\\/movimento\\\/wp-content\\\/uploads\\\/2023\\\/03\\\/cropped-cropped-cropped-logofinal.jpeg\",\"width\":1280,\"height\":219,\"caption\":\"Renato Dias\"},\"logo\":{\"@id\":\"https:\\\/\\\/renatodias.online\\\/movimento\\\/wp-content\\\/uploads\\\/2023\\\/03\\\/cropped-cropped-cropped-logofinal.jpeg\"},\"description\":\"Renato Dias, 58 anos, \u00e9 graduado em Jornalismo, formado em Ci\u00eancias Sociais, com p\u00f3s-gradua\u00e7\u00e3o em Pol\u00edticas P\u00fablicas, mestre em Direito e Rela\u00e7\u00f5es Internacionais, ex-aluno extraordin\u00e1rio do Doutorado em Psicologia Social, ex-estudante do Curso de Psican\u00e1lise do Centro de Estudos Psicanal\u00edticos do Estado de Goi\u00e1s, ministrado pelo m\u00e9dico psiquiatra e psicanalista Daniel Em\u00eddio de Souza. \u00c9 autor de 30 livros-reportagem, oito document\u00e1rios, ganhou 30 pr\u00eamios e \u00e9 torcedor apaixonado do maior do Centro-Oeste, o Vila Nova Futebol Clube. Casado com Meirilane Dias, \u00e9 pai de Juliana Dias, jornalista; Daniel Dias, economista; e Maria Rosa Dias, estudante antifascista, socialista e trotskista.\u00a0Com tr\u00eas pets: Porquinho [Bull Dog Franc\u00eas], Dalila [Basset Hound] e Geleia [Basset Hound]. Al\u00e9m do eterno gato Tutuquinho, que virou estrela.\",\"sameAs\":[\"https:\\\/\\\/www.facebook.com\\\/renato.dias.37\",\"#breve\",\"https:\\\/\\\/renatodias.tumblr.com\\\/\"],\"url\":\"https:\\\/\\\/renatodias.online\\\/movimento\\\/author\\\/renatodias\\\/\"}]}<\/script>\n<!-- \/ Yoast SEO plugin. -->","yoast_head_json":{"title":"Caiado perder\u00e1 as elei\u00e7\u00f5es? -","robots":{"index":"index","follow":"follow","max-snippet":"max-snippet:-1","max-image-preview":"max-image-preview:large","max-video-preview":"max-video-preview:-1"},"canonical":"https:\/\/renatodias.online\/movimento\/2022\/07\/10\/caiado-perdera-as-eleicoes\/","og_locale":"pt_BR","og_type":"article","og_title":"Caiado perder\u00e1 as elei\u00e7\u00f5es? -","og_description":"\u00a0 \u00a0 Entenda os motivos da derrota iminente Renato Dias O atual governador do Estado de Goi\u00e1s, Ronaldo Caiado [Uni\u00e3o Brasil], que disputar\u00e1 a reelei\u00e7\u00e3o, sofrer\u00e1 uma derrota nas urnas em outubro de 2022. Basta uma leitura aplicada das tend\u00eancias nas pesquisas de cen\u00e1rios. 7 Candidatos \u00e0 Casa Verde Sete postulantes concorrer\u00e3o \u00e0 Casa Verde.","og_url":"https:\/\/renatodias.online\/movimento\/2022\/07\/10\/caiado-perdera-as-eleicoes\/","article_publisher":"https:\/\/www.facebook.com\/renato.dias.37","article_author":"https:\/\/www.facebook.com\/renato.dias.37","article_published_time":"2022-07-11T02:40:34+00:00","og_image":[{"width":839,"height":600,"url":"https:\/\/renatodias.online\/movimento\/wp-content\/uploads\/2021\/04\/ronadocaiado.jpg","type":"image\/jpeg"}],"author":"Renato Dias","twitter_card":"summary_large_image","twitter_creator":"@RenatoDiasBat","twitter_site":"@RenatoDiasBat","twitter_misc":{"Escrito por":"Renato Dias","Est. tempo de leitura":"5 minutos"},"schema":{"@context":"https:\/\/schema.org","@graph":[{"@type":"Article","@id":"https:\/\/renatodias.online\/movimento\/2022\/07\/10\/caiado-perdera-as-eleicoes\/#article","isPartOf":{"@id":"https:\/\/renatodias.online\/movimento\/2022\/07\/10\/caiado-perdera-as-eleicoes\/"},"author":{"name":"Renato Dias","@id":"https:\/\/renatodias.online\/movimento\/#\/schema\/person\/bbab28833b1725a20f4083f49f1fb2a9"},"headline":"Caiado perder\u00e1 as elei\u00e7\u00f5es?","datePublished":"2022-07-11T02:40:34+00:00","mainEntityOfPage":{"@id":"https:\/\/renatodias.online\/movimento\/2022\/07\/10\/caiado-perdera-as-eleicoes\/"},"wordCount":1069,"commentCount":0,"publisher":{"@id":"https:\/\/renatodias.online\/movimento\/#\/schema\/person\/bbab28833b1725a20f4083f49f1fb2a9"},"image":{"@id":"https:\/\/renatodias.online\/movimento\/2022\/07\/10\/caiado-perdera-as-eleicoes\/#primaryimage"},"thumbnailUrl":"https:\/\/renatodias.online\/movimento\/wp-content\/uploads\/2021\/04\/ronadocaiado.jpg","articleSection":["Pol\u00edtica"],"inLanguage":"pt-BR","potentialAction":[{"@type":"CommentAction","name":"Comment","target":["https:\/\/renatodias.online\/movimento\/2022\/07\/10\/caiado-perdera-as-eleicoes\/#respond"]}]},{"@type":"WebPage","@id":"https:\/\/renatodias.online\/movimento\/2022\/07\/10\/caiado-perdera-as-eleicoes\/","url":"https:\/\/renatodias.online\/movimento\/2022\/07\/10\/caiado-perdera-as-eleicoes\/","name":"Caiado perder\u00e1 as elei\u00e7\u00f5es? -","isPartOf":{"@id":"https:\/\/renatodias.online\/movimento\/#website"},"primaryImageOfPage":{"@id":"https:\/\/renatodias.online\/movimento\/2022\/07\/10\/caiado-perdera-as-eleicoes\/#primaryimage"},"image":{"@id":"https:\/\/renatodias.online\/movimento\/2022\/07\/10\/caiado-perdera-as-eleicoes\/#primaryimage"},"thumbnailUrl":"https:\/\/renatodias.online\/movimento\/wp-content\/uploads\/2021\/04\/ronadocaiado.jpg","datePublished":"2022-07-11T02:40:34+00:00","breadcrumb":{"@id":"https:\/\/renatodias.online\/movimento\/2022\/07\/10\/caiado-perdera-as-eleicoes\/#breadcrumb"},"inLanguage":"pt-BR","potentialAction":[{"@type":"ReadAction","target":["https:\/\/renatodias.online\/movimento\/2022\/07\/10\/caiado-perdera-as-eleicoes\/"]}]},{"@type":"ImageObject","inLanguage":"pt-BR","@id":"https:\/\/renatodias.online\/movimento\/2022\/07\/10\/caiado-perdera-as-eleicoes\/#primaryimage","url":"https:\/\/renatodias.online\/movimento\/wp-content\/uploads\/2021\/04\/ronadocaiado.jpg","contentUrl":"https:\/\/renatodias.online\/movimento\/wp-content\/uploads\/2021\/04\/ronadocaiado.jpg","width":839,"height":600,"caption":"Ronaldo Caiado"},{"@type":"BreadcrumbList","@id":"https:\/\/renatodias.online\/movimento\/2022\/07\/10\/caiado-perdera-as-eleicoes\/#breadcrumb","itemListElement":[{"@type":"ListItem","position":1,"name":"In\u00edcio","item":"https:\/\/renatodias.online\/movimento\/"},{"@type":"ListItem","position":2,"name":"Caiado perder\u00e1 as elei\u00e7\u00f5es?"}]},{"@type":"WebSite","@id":"https:\/\/renatodias.online\/movimento\/#website","url":"https:\/\/renatodias.online\/movimento\/","name":"","description":"","publisher":{"@id":"https:\/\/renatodias.online\/movimento\/#\/schema\/person\/bbab28833b1725a20f4083f49f1fb2a9"},"potentialAction":[{"@type":"SearchAction","target":{"@type":"EntryPoint","urlTemplate":"https:\/\/renatodias.online\/movimento\/?s={search_term_string}"},"query-input":{"@type":"PropertyValueSpecification","valueRequired":true,"valueName":"search_term_string"}}],"inLanguage":"pt-BR"},{"@type":["Person","Organization"],"@id":"https:\/\/renatodias.online\/movimento\/#\/schema\/person\/bbab28833b1725a20f4083f49f1fb2a9","name":"Renato Dias","image":{"@type":"ImageObject","inLanguage":"pt-BR","@id":"https:\/\/renatodias.online\/movimento\/wp-content\/uploads\/2023\/03\/cropped-cropped-cropped-logofinal.jpeg","url":"https:\/\/renatodias.online\/movimento\/wp-content\/uploads\/2023\/03\/cropped-cropped-cropped-logofinal.jpeg","contentUrl":"https:\/\/renatodias.online\/movimento\/wp-content\/uploads\/2023\/03\/cropped-cropped-cropped-logofinal.jpeg","width":1280,"height":219,"caption":"Renato Dias"},"logo":{"@id":"https:\/\/renatodias.online\/movimento\/wp-content\/uploads\/2023\/03\/cropped-cropped-cropped-logofinal.jpeg"},"description":"Renato Dias, 58 anos, \u00e9 graduado em Jornalismo, formado em Ci\u00eancias Sociais, com p\u00f3s-gradua\u00e7\u00e3o em Pol\u00edticas P\u00fablicas, mestre em Direito e Rela\u00e7\u00f5es Internacionais, ex-aluno extraordin\u00e1rio do Doutorado em Psicologia Social, ex-estudante do Curso de Psican\u00e1lise do Centro de Estudos Psicanal\u00edticos do Estado de Goi\u00e1s, ministrado pelo m\u00e9dico psiquiatra e psicanalista Daniel Em\u00eddio de Souza. \u00c9 autor de 30 livros-reportagem, oito document\u00e1rios, ganhou 30 pr\u00eamios e \u00e9 torcedor apaixonado do maior do Centro-Oeste, o Vila Nova Futebol Clube. Casado com Meirilane Dias, \u00e9 pai de Juliana Dias, jornalista; Daniel Dias, economista; e Maria Rosa Dias, estudante antifascista, socialista e trotskista.\u00a0Com tr\u00eas pets: Porquinho [Bull Dog Franc\u00eas], Dalila [Basset Hound] e Geleia [Basset Hound]. Al\u00e9m do eterno gato Tutuquinho, que virou estrela.","sameAs":["https:\/\/www.facebook.com\/renato.dias.37","#breve","https:\/\/renatodias.tumblr.com\/"],"url":"https:\/\/renatodias.online\/movimento\/author\/renatodias\/"}]}},"_links":{"self":[{"href":"https:\/\/renatodias.online\/movimento\/wp-json\/wp\/v2\/posts\/13285","targetHints":{"allow":["GET"]}}],"collection":[{"href":"https:\/\/renatodias.online\/movimento\/wp-json\/wp\/v2\/posts"}],"about":[{"href":"https:\/\/renatodias.online\/movimento\/wp-json\/wp\/v2\/types\/post"}],"author":[{"embeddable":true,"href":"https:\/\/renatodias.online\/movimento\/wp-json\/wp\/v2\/users\/2"}],"replies":[{"embeddable":true,"href":"https:\/\/renatodias.online\/movimento\/wp-json\/wp\/v2\/comments?post=13285"}],"version-history":[{"count":1,"href":"https:\/\/renatodias.online\/movimento\/wp-json\/wp\/v2\/posts\/13285\/revisions"}],"predecessor-version":[{"id":13286,"href":"https:\/\/renatodias.online\/movimento\/wp-json\/wp\/v2\/posts\/13285\/revisions\/13286"}],"wp:featuredmedia":[{"embeddable":true,"href":"https:\/\/renatodias.online\/movimento\/wp-json\/wp\/v2\/media\/6358"}],"wp:attachment":[{"href":"https:\/\/renatodias.online\/movimento\/wp-json\/wp\/v2\/media?parent=13285"}],"wp:term":[{"taxonomy":"category","embeddable":true,"href":"https:\/\/renatodias.online\/movimento\/wp-json\/wp\/v2\/categories?post=13285"},{"taxonomy":"post_tag","embeddable":true,"href":"https:\/\/renatodias.online\/movimento\/wp-json\/wp\/v2\/tags?post=13285"}],"curies":[{"name":"wp","href":"https:\/\/api.w.org\/{rel}","templated":true}]}}