{"id":13126,"date":"2022-07-05T18:13:01","date_gmt":"2022-07-05T21:13:01","guid":{"rendered":"https:\/\/renatodias.online\/movimento\/?p=13126"},"modified":"2022-07-05T18:13:01","modified_gmt":"2022-07-05T21:13:01","slug":"catalao-baixarias-ataques-vis-torpes","status":"publish","type":"post","link":"https:\/\/renatodias.online\/movimento\/2022\/07\/05\/catalao-baixarias-ataques-vis-torpes\/","title":{"rendered":"Catal\u00e3o: baixarias, ataques vis, torpes\u00a0"},"content":{"rendered":"<figure id=\"attachment_4514\" aria-describedby=\"caption-attachment-4514\" style=\"width: 1024px\" class=\"wp-caption alignnone\"><img loading=\"lazy\" decoding=\"async\" class=\"wp-image-4514 size-large\" src=\"https:\/\/renatodias.online\/movimento\/wp-content\/uploads\/2020\/09\/Catal\u00e3o-6-1024x576.jpg\" alt=\"\" width=\"1024\" height=\"576\" \/><figcaption id=\"caption-attachment-4514\" class=\"wp-caption-text\"><strong>Catal\u00e3o<\/strong><\/figcaption><\/figure>\n<p><strong><img loading=\"lazy\" decoding=\"async\" class=\"aligncenter wp-image-10966 size-thumbnail\" src=\"https:\/\/renatodias.online\/movimento\/wp-content\/uploads\/2022\/02\/Urgente-150x150.jpg\" alt=\"\" width=\"150\" height=\"150\" \/><\/strong><\/p>\n<h1 style=\"text-align: center;\"><span style=\"color: #0000ff;\"><strong>Al\u00f4, TRE, TSE, MP, PGR eleitoral!<\/strong><\/span><\/h1>\n<h1><img loading=\"lazy\" decoding=\"async\" class=\"wp-image-10330 size-full aligncenter\" src=\"https:\/\/renatodias.online\/movimento\/wp-content\/uploads\/2022\/01\/Fake-News.jpg\" alt=\"\" width=\"750\" height=\"500\" srcset=\"https:\/\/renatodias.online\/movimento\/wp-content\/uploads\/2022\/01\/Fake-News.jpg 750w, https:\/\/renatodias.online\/movimento\/wp-content\/uploads\/2022\/01\/Fake-News-360x240.jpg 360w\" sizes=\"auto, (max-width: 750px) 100vw, 750px\" \/><\/h1>\n<h1 style=\"text-align: center;\"><span style=\"color: #0000ff;\"><strong>Elei\u00e7\u00f5es de 2 de outubro de 2022<\/strong><\/span><\/h1>\n<p><strong>Renato Dias\u00a0<\/strong><\/p>\n<p><strong>Um festival de baixarias, ataques torpes e acusa\u00e7\u00f5es vis marcam, hoje, a pr\u00e9-campanha eleitoral no munic\u00edpio de Catal\u00e3o<\/strong>. Munic\u00edpio com quase 120 mil habitantes. Fake News amea\u00e7am a legisla\u00e7\u00e3o eleitoral e a lisura do processo democr\u00e1tico em 2022.<\/p>\n<p><img loading=\"lazy\" decoding=\"async\" class=\"aligncenter wp-image-11445 size-full\" src=\"https:\/\/renatodias.online\/movimento\/wp-content\/uploads\/2022\/03\/Eleicoes-de-2022.jpeg\" alt=\"\" width=\"639\" height=\"361\" srcset=\"https:\/\/renatodias.online\/movimento\/wp-content\/uploads\/2022\/03\/Eleicoes-de-2022.jpeg 639w, https:\/\/renatodias.online\/movimento\/wp-content\/uploads\/2022\/03\/Eleicoes-de-2022-300x169.jpeg 300w\" sizes=\"auto, (max-width: 639px) 100vw, 639px\" \/><\/p>\n<p>Pesquisa divulgada pela Tv Gazeta, com a participa\u00e7\u00e3o do advogado especialista em Direito Eleitoral e analista do cen\u00e1rio pol\u00edtico, mostra o deputado estadual <strong>Gustavo Sebba [PSDB] l\u00edder isolado na disputa \u00e0 Assembleia Legislativa.<\/strong><\/p>\n<figure id=\"attachment_4614\" aria-describedby=\"caption-attachment-4614\" style=\"width: 1280px\" class=\"wp-caption alignnone\"><img loading=\"lazy\" decoding=\"async\" class=\"size-full wp-image-4614\" src=\"https:\/\/renatodias.online\/movimento\/wp-content\/uploads\/2020\/09\/Gustavo-Sebba-1.jpg\" alt=\"Gustavo Sebba\" width=\"1280\" height=\"853\" \/><figcaption id=\"caption-attachment-4614\" class=\"wp-caption-text\"><strong>Gustavo Sebba<\/strong><\/figcaption><\/figure>\n<p>Os resultados do levantamento estat\u00edstico elevaram o tom dos advers\u00e1rios contra a reelei\u00e7\u00e3o de Gustavo Sebba e ao m\u00e9dico, <strong>ex-presidente da Assembleia, ex-deputado estadual por quatro mandatos consecutivos ex-prefeito de Catal\u00e3o governador interino em dois epis\u00f3dios hist\u00f3ricos Jardel Sebba.<\/strong><\/p>\n<figure id=\"attachment_3190\" aria-describedby=\"caption-attachment-3190\" style=\"width: 1024px\" class=\"wp-caption alignnone\"><img loading=\"lazy\" decoding=\"async\" class=\"wp-image-3190 size-large\" src=\"https:\/\/renatodias.online\/movimento\/wp-content\/uploads\/2020\/03\/M\u00e9dico-Jardel-Sebba-1-1024x788.jpg\" alt=\"M\u00e9dico Jardel Sebba\" width=\"1024\" height=\"788\" srcset=\"https:\/\/renatodias.online\/movimento\/wp-content\/uploads\/2020\/03\/M\u00e9dico-Jardel-Sebba-1-1024x788.jpg 1024w, https:\/\/renatodias.online\/movimento\/wp-content\/uploads\/2020\/03\/M\u00e9dico-Jardel-Sebba-1-300x231.jpg 300w, https:\/\/renatodias.online\/movimento\/wp-content\/uploads\/2020\/03\/M\u00e9dico-Jardel-Sebba-1-768x591.jpg 768w, https:\/\/renatodias.online\/movimento\/wp-content\/uploads\/2020\/03\/M\u00e9dico-Jardel-Sebba-1-750x577.jpg 750w, https:\/\/renatodias.online\/movimento\/wp-content\/uploads\/2020\/03\/M\u00e9dico-Jardel-Sebba-1.jpg 1600w\" sizes=\"auto, (max-width: 1024px) 100vw, 1024px\" \/><figcaption id=\"caption-attachment-3190\" class=\"wp-caption-text\"><strong>M\u00e9dico Jardel Sebba<\/strong><\/figcaption><\/figure>\n<p>Gustavo Sebba aparece, hoje<strong>, com 21% das inten\u00e7\u00f5es de votos<\/strong>. Nas elei\u00e7\u00f5es de 2018 ele obteve 14%. A campanha eleitoral nem come\u00e7ou. O l\u00edder tucano possui capilaridade em mais 60 munic\u00edpios. Os que ficaram em sua frente nas urnas passadas no PSDB est\u00e3o fora do p\u00e1reo para o ano de 2022.<\/p>\n<figure id=\"attachment_7726\" aria-describedby=\"caption-attachment-7726\" style=\"width: 1920px\" class=\"wp-caption alignnone\"><img loading=\"lazy\" decoding=\"async\" class=\"wp-image-7726 size-full\" src=\"https:\/\/renatodias.online\/movimento\/wp-content\/uploads\/2021\/07\/Tucano-PSDB.jpg\" alt=\"\" width=\"1920\" height=\"600\" srcset=\"https:\/\/renatodias.online\/movimento\/wp-content\/uploads\/2021\/07\/Tucano-PSDB.jpg 1920w, https:\/\/renatodias.online\/movimento\/wp-content\/uploads\/2021\/07\/Tucano-PSDB-300x94.jpg 300w, https:\/\/renatodias.online\/movimento\/wp-content\/uploads\/2021\/07\/Tucano-PSDB-768x240.jpg 768w, https:\/\/renatodias.online\/movimento\/wp-content\/uploads\/2021\/07\/Tucano-PSDB-1536x480.jpg 1536w, https:\/\/renatodias.online\/movimento\/wp-content\/uploads\/2021\/07\/Tucano-PSDB-750x234.jpg 750w\" sizes=\"auto, (max-width: 1920px) 100vw, 1920px\" \/><figcaption id=\"caption-attachment-7726\" class=\"wp-caption-text\"><strong>Tucano, s\u00edmbolo do PSDB<\/strong><\/figcaption><\/figure>\n<p><strong>Desastre administrativo. Assim pode ser classificada a atual administra\u00e7\u00e3o da Prefeitura Municipal de Catal\u00e3o<\/strong>. A sa\u00fade na UTI, um caos na Educa\u00e7\u00e3o, a desativa\u00e7\u00e3o dos programas sociais,\u00a0a n\u00e3o concess\u00e3o de direitos aos servidores p\u00fablicos. <strong>O nome de Jardel Sebba \u00e9 ventilado. Para 2024.<\/strong><\/p>\n<h1 style=\"text-align: center;\"><span style=\"color: #0000ff;\"><strong>2024<\/strong><\/span><\/h1>\n<h1 style=\"text-align: center;\"><span style=\"color: #ff9900;\"><strong>Na agenda<\/strong><\/span><\/h1>\n<h1 style=\"text-align: center;\"><span style=\"color: #008080;\"><strong>de Catal\u00e3o<\/strong><\/span><\/h1>\n<p>Um tsunami de not\u00edcias falsas, montagens, rep\u00fablica de grampos ilegais, vigil\u00e2ncia e monitoramento de advers\u00e1rios no munic\u00edpio de Catal\u00e3o exigem interven\u00e7\u00f5es urgentes do <strong>Tribunal Regional Eleitoral de Goi\u00e1s, TSE, Minist\u00e9rio P\u00fablico\u00a0Estadual [GO] e ainda Procuradoria da Rep\u00fablica Eleitoral.<\/strong><\/p>\n<figure id=\"attachment_12782\" aria-describedby=\"caption-attachment-12782\" style=\"width: 1140px\" class=\"wp-caption alignnone\"><img loading=\"lazy\" decoding=\"async\" class=\"wp-image-12782 size-large\" src=\"https:\/\/renatodias.online\/movimento\/wp-content\/uploads\/2022\/06\/Ministerio-Publico-1536x1024.jpg\" alt=\"\" width=\"1140\" height=\"760\" \/><figcaption id=\"caption-attachment-12782\" class=\"wp-caption-text\"><strong>Minist\u00e9rio P\u00fablico<\/strong><\/figcaption><\/figure>\n","protected":false},"excerpt":{"rendered":"<p>Al\u00f4, TRE, TSE, MP, PGR eleitoral! Elei\u00e7\u00f5es de 2 de outubro de 2022 Renato Dias\u00a0 Um festival de baixarias, ataques torpes e acusa\u00e7\u00f5es vis marcam, hoje, a pr\u00e9-campanha eleitoral no munic\u00edpio de Catal\u00e3o. Munic\u00edpio com quase 120 mil habitantes. Fake News amea\u00e7am a legisla\u00e7\u00e3o eleitoral e a lisura do processo democr\u00e1tico em 2022. Pesquisa divulgada<\/p>\n","protected":false},"author":2,"featured_media":13127,"comment_status":"open","ping_status":"open","sticky":false,"template":"","format":"standard","meta":{"_acf_changed":false,"_monsterinsights_skip_tracking":false,"_monsterinsights_sitenote_active":false,"_monsterinsights_sitenote_note":"","_monsterinsights_sitenote_category":0,"footnotes":""},"categories":[1],"tags":[],"class_list":["post-13126","post","type-post","status-publish","format-standard","has-post-thumbnail","hentry","category-cinema"],"acf":[],"yoast_head":"<!-- This site is optimized with the Yoast SEO plugin v27.4 - https:\/\/yoast.com\/product\/yoast-seo-wordpress\/ -->\n<title>Catal\u00e3o: baixarias, ataques vis, torpes\u00a0 -<\/title>\n<meta name=\"robots\" content=\"index, follow, max-snippet:-1, max-image-preview:large, max-video-preview:-1\" \/>\n<link rel=\"canonical\" href=\"https:\/\/renatodias.online\/movimento\/2022\/07\/05\/catalao-baixarias-ataques-vis-torpes\/\" \/>\n<meta property=\"og:locale\" content=\"pt_BR\" \/>\n<meta property=\"og:type\" content=\"article\" \/>\n<meta property=\"og:title\" content=\"Catal\u00e3o: baixarias, ataques vis, torpes\u00a0 -\" \/>\n<meta property=\"og:description\" content=\"Al\u00f4, TRE, TSE, MP, PGR eleitoral! Elei\u00e7\u00f5es de 2 de outubro de 2022 Renato Dias\u00a0 Um festival de baixarias, ataques torpes e acusa\u00e7\u00f5es vis marcam, hoje, a pr\u00e9-campanha eleitoral no munic\u00edpio de Catal\u00e3o. Munic\u00edpio com quase 120 mil habitantes. Fake News amea\u00e7am a legisla\u00e7\u00e3o eleitoral e a lisura do processo democr\u00e1tico em 2022. Pesquisa divulgada\" \/>\n<meta property=\"og:url\" content=\"https:\/\/renatodias.online\/movimento\/2022\/07\/05\/catalao-baixarias-ataques-vis-torpes\/\" \/>\n<meta property=\"article:publisher\" content=\"https:\/\/www.facebook.com\/renato.dias.37\" \/>\n<meta property=\"article:author\" content=\"https:\/\/www.facebook.com\/renato.dias.37\" \/>\n<meta property=\"article:published_time\" content=\"2022-07-05T21:13:01+00:00\" \/>\n<meta property=\"og:image\" content=\"https:\/\/renatodias.online\/movimento\/wp-content\/uploads\/2022\/07\/Fake-News-1-e1657055560184.jpg\" \/>\n\t<meta property=\"og:image:width\" content=\"400\" \/>\n\t<meta property=\"og:image:height\" content=\"225\" \/>\n\t<meta property=\"og:image:type\" content=\"image\/jpeg\" \/>\n<meta name=\"author\" content=\"Renato Dias\" \/>\n<meta name=\"twitter:card\" content=\"summary_large_image\" \/>\n<meta name=\"twitter:creator\" content=\"@RenatoDiasBat\" \/>\n<meta name=\"twitter:site\" content=\"@RenatoDiasBat\" \/>\n<meta name=\"twitter:label1\" content=\"Escrito por\" \/>\n\t<meta name=\"twitter:data1\" content=\"Renato Dias\" \/>\n\t<meta name=\"twitter:label2\" content=\"Est. tempo de leitura\" \/>\n\t<meta name=\"twitter:data2\" content=\"2 minutos\" \/>\n<script type=\"application\/ld+json\" class=\"yoast-schema-graph\">{\"@context\":\"https:\\\/\\\/schema.org\",\"@graph\":[{\"@type\":\"Article\",\"@id\":\"https:\\\/\\\/renatodias.online\\\/movimento\\\/2022\\\/07\\\/05\\\/catalao-baixarias-ataques-vis-torpes\\\/#article\",\"isPartOf\":{\"@id\":\"https:\\\/\\\/renatodias.online\\\/movimento\\\/2022\\\/07\\\/05\\\/catalao-baixarias-ataques-vis-torpes\\\/\"},\"author\":{\"name\":\"Renato Dias\",\"@id\":\"https:\\\/\\\/renatodias.online\\\/movimento\\\/#\\\/schema\\\/person\\\/bbab28833b1725a20f4083f49f1fb2a9\"},\"headline\":\"Catal\u00e3o: baixarias, ataques vis, torpes\u00a0\",\"datePublished\":\"2022-07-05T21:13:01+00:00\",\"mainEntityOfPage\":{\"@id\":\"https:\\\/\\\/renatodias.online\\\/movimento\\\/2022\\\/07\\\/05\\\/catalao-baixarias-ataques-vis-torpes\\\/\"},\"wordCount\":356,\"commentCount\":0,\"publisher\":{\"@id\":\"https:\\\/\\\/renatodias.online\\\/movimento\\\/#\\\/schema\\\/person\\\/bbab28833b1725a20f4083f49f1fb2a9\"},\"image\":{\"@id\":\"https:\\\/\\\/renatodias.online\\\/movimento\\\/2022\\\/07\\\/05\\\/catalao-baixarias-ataques-vis-torpes\\\/#primaryimage\"},\"thumbnailUrl\":\"https:\\\/\\\/renatodias.online\\\/movimento\\\/wp-content\\\/uploads\\\/2022\\\/07\\\/Fake-News-1-e1708712010404.jpg\",\"articleSection\":[\"Cinema\"],\"inLanguage\":\"pt-BR\",\"potentialAction\":[{\"@type\":\"CommentAction\",\"name\":\"Comment\",\"target\":[\"https:\\\/\\\/renatodias.online\\\/movimento\\\/2022\\\/07\\\/05\\\/catalao-baixarias-ataques-vis-torpes\\\/#respond\"]}]},{\"@type\":\"WebPage\",\"@id\":\"https:\\\/\\\/renatodias.online\\\/movimento\\\/2022\\\/07\\\/05\\\/catalao-baixarias-ataques-vis-torpes\\\/\",\"url\":\"https:\\\/\\\/renatodias.online\\\/movimento\\\/2022\\\/07\\\/05\\\/catalao-baixarias-ataques-vis-torpes\\\/\",\"name\":\"Catal\u00e3o: baixarias, ataques vis, torpes\u00a0 -\",\"isPartOf\":{\"@id\":\"https:\\\/\\\/renatodias.online\\\/movimento\\\/#website\"},\"primaryImageOfPage\":{\"@id\":\"https:\\\/\\\/renatodias.online\\\/movimento\\\/2022\\\/07\\\/05\\\/catalao-baixarias-ataques-vis-torpes\\\/#primaryimage\"},\"image\":{\"@id\":\"https:\\\/\\\/renatodias.online\\\/movimento\\\/2022\\\/07\\\/05\\\/catalao-baixarias-ataques-vis-torpes\\\/#primaryimage\"},\"thumbnailUrl\":\"https:\\\/\\\/renatodias.online\\\/movimento\\\/wp-content\\\/uploads\\\/2022\\\/07\\\/Fake-News-1-e1708712010404.jpg\",\"datePublished\":\"2022-07-05T21:13:01+00:00\",\"breadcrumb\":{\"@id\":\"https:\\\/\\\/renatodias.online\\\/movimento\\\/2022\\\/07\\\/05\\\/catalao-baixarias-ataques-vis-torpes\\\/#breadcrumb\"},\"inLanguage\":\"pt-BR\",\"potentialAction\":[{\"@type\":\"ReadAction\",\"target\":[\"https:\\\/\\\/renatodias.online\\\/movimento\\\/2022\\\/07\\\/05\\\/catalao-baixarias-ataques-vis-torpes\\\/\"]}]},{\"@type\":\"ImageObject\",\"inLanguage\":\"pt-BR\",\"@id\":\"https:\\\/\\\/renatodias.online\\\/movimento\\\/2022\\\/07\\\/05\\\/catalao-baixarias-ataques-vis-torpes\\\/#primaryimage\",\"url\":\"https:\\\/\\\/renatodias.online\\\/movimento\\\/wp-content\\\/uploads\\\/2022\\\/07\\\/Fake-News-1-e1708712010404.jpg\",\"contentUrl\":\"https:\\\/\\\/renatodias.online\\\/movimento\\\/wp-content\\\/uploads\\\/2022\\\/07\\\/Fake-News-1-e1708712010404.jpg\",\"width\":300,\"height\":169},{\"@type\":\"BreadcrumbList\",\"@id\":\"https:\\\/\\\/renatodias.online\\\/movimento\\\/2022\\\/07\\\/05\\\/catalao-baixarias-ataques-vis-torpes\\\/#breadcrumb\",\"itemListElement\":[{\"@type\":\"ListItem\",\"position\":1,\"name\":\"In\u00edcio\",\"item\":\"https:\\\/\\\/renatodias.online\\\/movimento\\\/\"},{\"@type\":\"ListItem\",\"position\":2,\"name\":\"Catal\u00e3o: baixarias, ataques vis, torpes\u00a0\"}]},{\"@type\":\"WebSite\",\"@id\":\"https:\\\/\\\/renatodias.online\\\/movimento\\\/#website\",\"url\":\"https:\\\/\\\/renatodias.online\\\/movimento\\\/\",\"name\":\"\",\"description\":\"\",\"publisher\":{\"@id\":\"https:\\\/\\\/renatodias.online\\\/movimento\\\/#\\\/schema\\\/person\\\/bbab28833b1725a20f4083f49f1fb2a9\"},\"potentialAction\":[{\"@type\":\"SearchAction\",\"target\":{\"@type\":\"EntryPoint\",\"urlTemplate\":\"https:\\\/\\\/renatodias.online\\\/movimento\\\/?s={search_term_string}\"},\"query-input\":{\"@type\":\"PropertyValueSpecification\",\"valueRequired\":true,\"valueName\":\"search_term_string\"}}],\"inLanguage\":\"pt-BR\"},{\"@type\":[\"Person\",\"Organization\"],\"@id\":\"https:\\\/\\\/renatodias.online\\\/movimento\\\/#\\\/schema\\\/person\\\/bbab28833b1725a20f4083f49f1fb2a9\",\"name\":\"Renato Dias\",\"image\":{\"@type\":\"ImageObject\",\"inLanguage\":\"pt-BR\",\"@id\":\"https:\\\/\\\/renatodias.online\\\/movimento\\\/wp-content\\\/uploads\\\/2023\\\/03\\\/cropped-cropped-cropped-logofinal.jpeg\",\"url\":\"https:\\\/\\\/renatodias.online\\\/movimento\\\/wp-content\\\/uploads\\\/2023\\\/03\\\/cropped-cropped-cropped-logofinal.jpeg\",\"contentUrl\":\"https:\\\/\\\/renatodias.online\\\/movimento\\\/wp-content\\\/uploads\\\/2023\\\/03\\\/cropped-cropped-cropped-logofinal.jpeg\",\"width\":1280,\"height\":219,\"caption\":\"Renato Dias\"},\"logo\":{\"@id\":\"https:\\\/\\\/renatodias.online\\\/movimento\\\/wp-content\\\/uploads\\\/2023\\\/03\\\/cropped-cropped-cropped-logofinal.jpeg\"},\"description\":\"Renato Dias, 58 anos, \u00e9 graduado em Jornalismo, formado em Ci\u00eancias Sociais, com p\u00f3s-gradua\u00e7\u00e3o em Pol\u00edticas P\u00fablicas, mestre em Direito e Rela\u00e7\u00f5es Internacionais, ex-aluno extraordin\u00e1rio do Doutorado em Psicologia Social, ex-estudante do Curso de Psican\u00e1lise do Centro de Estudos Psicanal\u00edticos do Estado de Goi\u00e1s, ministrado pelo m\u00e9dico psiquiatra e psicanalista Daniel Em\u00eddio de Souza. \u00c9 autor de 30 livros-reportagem, oito document\u00e1rios, ganhou 30 pr\u00eamios e \u00e9 torcedor apaixonado do maior do Centro-Oeste, o Vila Nova Futebol Clube. Casado com Meirilane Dias, \u00e9 pai de Juliana Dias, jornalista; Daniel Dias, economista; e Maria Rosa Dias, estudante antifascista, socialista e trotskista.\u00a0Com tr\u00eas pets: Porquinho [Bull Dog Franc\u00eas], Dalila [Basset Hound] e Geleia [Basset Hound]. Al\u00e9m do eterno gato Tutuquinho, que virou estrela.\",\"sameAs\":[\"https:\\\/\\\/www.facebook.com\\\/renato.dias.37\",\"#breve\",\"https:\\\/\\\/renatodias.tumblr.com\\\/\"],\"url\":\"https:\\\/\\\/renatodias.online\\\/movimento\\\/author\\\/renatodias\\\/\"}]}<\/script>\n<!-- \/ Yoast SEO plugin. -->","yoast_head_json":{"title":"Catal\u00e3o: baixarias, ataques vis, torpes\u00a0 -","robots":{"index":"index","follow":"follow","max-snippet":"max-snippet:-1","max-image-preview":"max-image-preview:large","max-video-preview":"max-video-preview:-1"},"canonical":"https:\/\/renatodias.online\/movimento\/2022\/07\/05\/catalao-baixarias-ataques-vis-torpes\/","og_locale":"pt_BR","og_type":"article","og_title":"Catal\u00e3o: baixarias, ataques vis, torpes\u00a0 -","og_description":"Al\u00f4, TRE, TSE, MP, PGR eleitoral! Elei\u00e7\u00f5es de 2 de outubro de 2022 Renato Dias\u00a0 Um festival de baixarias, ataques torpes e acusa\u00e7\u00f5es vis marcam, hoje, a pr\u00e9-campanha eleitoral no munic\u00edpio de Catal\u00e3o. Munic\u00edpio com quase 120 mil habitantes. Fake News amea\u00e7am a legisla\u00e7\u00e3o eleitoral e a lisura do processo democr\u00e1tico em 2022. Pesquisa divulgada","og_url":"https:\/\/renatodias.online\/movimento\/2022\/07\/05\/catalao-baixarias-ataques-vis-torpes\/","article_publisher":"https:\/\/www.facebook.com\/renato.dias.37","article_author":"https:\/\/www.facebook.com\/renato.dias.37","article_published_time":"2022-07-05T21:13:01+00:00","og_image":[{"width":400,"height":225,"url":"https:\/\/renatodias.online\/movimento\/wp-content\/uploads\/2022\/07\/Fake-News-1-e1657055560184.jpg","type":"image\/jpeg"}],"author":"Renato Dias","twitter_card":"summary_large_image","twitter_creator":"@RenatoDiasBat","twitter_site":"@RenatoDiasBat","twitter_misc":{"Escrito por":"Renato Dias","Est. tempo de leitura":"2 minutos"},"schema":{"@context":"https:\/\/schema.org","@graph":[{"@type":"Article","@id":"https:\/\/renatodias.online\/movimento\/2022\/07\/05\/catalao-baixarias-ataques-vis-torpes\/#article","isPartOf":{"@id":"https:\/\/renatodias.online\/movimento\/2022\/07\/05\/catalao-baixarias-ataques-vis-torpes\/"},"author":{"name":"Renato Dias","@id":"https:\/\/renatodias.online\/movimento\/#\/schema\/person\/bbab28833b1725a20f4083f49f1fb2a9"},"headline":"Catal\u00e3o: baixarias, ataques vis, torpes\u00a0","datePublished":"2022-07-05T21:13:01+00:00","mainEntityOfPage":{"@id":"https:\/\/renatodias.online\/movimento\/2022\/07\/05\/catalao-baixarias-ataques-vis-torpes\/"},"wordCount":356,"commentCount":0,"publisher":{"@id":"https:\/\/renatodias.online\/movimento\/#\/schema\/person\/bbab28833b1725a20f4083f49f1fb2a9"},"image":{"@id":"https:\/\/renatodias.online\/movimento\/2022\/07\/05\/catalao-baixarias-ataques-vis-torpes\/#primaryimage"},"thumbnailUrl":"https:\/\/renatodias.online\/movimento\/wp-content\/uploads\/2022\/07\/Fake-News-1-e1708712010404.jpg","articleSection":["Cinema"],"inLanguage":"pt-BR","potentialAction":[{"@type":"CommentAction","name":"Comment","target":["https:\/\/renatodias.online\/movimento\/2022\/07\/05\/catalao-baixarias-ataques-vis-torpes\/#respond"]}]},{"@type":"WebPage","@id":"https:\/\/renatodias.online\/movimento\/2022\/07\/05\/catalao-baixarias-ataques-vis-torpes\/","url":"https:\/\/renatodias.online\/movimento\/2022\/07\/05\/catalao-baixarias-ataques-vis-torpes\/","name":"Catal\u00e3o: baixarias, ataques vis, torpes\u00a0 -","isPartOf":{"@id":"https:\/\/renatodias.online\/movimento\/#website"},"primaryImageOfPage":{"@id":"https:\/\/renatodias.online\/movimento\/2022\/07\/05\/catalao-baixarias-ataques-vis-torpes\/#primaryimage"},"image":{"@id":"https:\/\/renatodias.online\/movimento\/2022\/07\/05\/catalao-baixarias-ataques-vis-torpes\/#primaryimage"},"thumbnailUrl":"https:\/\/renatodias.online\/movimento\/wp-content\/uploads\/2022\/07\/Fake-News-1-e1708712010404.jpg","datePublished":"2022-07-05T21:13:01+00:00","breadcrumb":{"@id":"https:\/\/renatodias.online\/movimento\/2022\/07\/05\/catalao-baixarias-ataques-vis-torpes\/#breadcrumb"},"inLanguage":"pt-BR","potentialAction":[{"@type":"ReadAction","target":["https:\/\/renatodias.online\/movimento\/2022\/07\/05\/catalao-baixarias-ataques-vis-torpes\/"]}]},{"@type":"ImageObject","inLanguage":"pt-BR","@id":"https:\/\/renatodias.online\/movimento\/2022\/07\/05\/catalao-baixarias-ataques-vis-torpes\/#primaryimage","url":"https:\/\/renatodias.online\/movimento\/wp-content\/uploads\/2022\/07\/Fake-News-1-e1708712010404.jpg","contentUrl":"https:\/\/renatodias.online\/movimento\/wp-content\/uploads\/2022\/07\/Fake-News-1-e1708712010404.jpg","width":300,"height":169},{"@type":"BreadcrumbList","@id":"https:\/\/renatodias.online\/movimento\/2022\/07\/05\/catalao-baixarias-ataques-vis-torpes\/#breadcrumb","itemListElement":[{"@type":"ListItem","position":1,"name":"In\u00edcio","item":"https:\/\/renatodias.online\/movimento\/"},{"@type":"ListItem","position":2,"name":"Catal\u00e3o: baixarias, ataques vis, torpes\u00a0"}]},{"@type":"WebSite","@id":"https:\/\/renatodias.online\/movimento\/#website","url":"https:\/\/renatodias.online\/movimento\/","name":"","description":"","publisher":{"@id":"https:\/\/renatodias.online\/movimento\/#\/schema\/person\/bbab28833b1725a20f4083f49f1fb2a9"},"potentialAction":[{"@type":"SearchAction","target":{"@type":"EntryPoint","urlTemplate":"https:\/\/renatodias.online\/movimento\/?s={search_term_string}"},"query-input":{"@type":"PropertyValueSpecification","valueRequired":true,"valueName":"search_term_string"}}],"inLanguage":"pt-BR"},{"@type":["Person","Organization"],"@id":"https:\/\/renatodias.online\/movimento\/#\/schema\/person\/bbab28833b1725a20f4083f49f1fb2a9","name":"Renato Dias","image":{"@type":"ImageObject","inLanguage":"pt-BR","@id":"https:\/\/renatodias.online\/movimento\/wp-content\/uploads\/2023\/03\/cropped-cropped-cropped-logofinal.jpeg","url":"https:\/\/renatodias.online\/movimento\/wp-content\/uploads\/2023\/03\/cropped-cropped-cropped-logofinal.jpeg","contentUrl":"https:\/\/renatodias.online\/movimento\/wp-content\/uploads\/2023\/03\/cropped-cropped-cropped-logofinal.jpeg","width":1280,"height":219,"caption":"Renato Dias"},"logo":{"@id":"https:\/\/renatodias.online\/movimento\/wp-content\/uploads\/2023\/03\/cropped-cropped-cropped-logofinal.jpeg"},"description":"Renato Dias, 58 anos, \u00e9 graduado em Jornalismo, formado em Ci\u00eancias Sociais, com p\u00f3s-gradua\u00e7\u00e3o em Pol\u00edticas P\u00fablicas, mestre em Direito e Rela\u00e7\u00f5es Internacionais, ex-aluno extraordin\u00e1rio do Doutorado em Psicologia Social, ex-estudante do Curso de Psican\u00e1lise do Centro de Estudos Psicanal\u00edticos do Estado de Goi\u00e1s, ministrado pelo m\u00e9dico psiquiatra e psicanalista Daniel Em\u00eddio de Souza. \u00c9 autor de 30 livros-reportagem, oito document\u00e1rios, ganhou 30 pr\u00eamios e \u00e9 torcedor apaixonado do maior do Centro-Oeste, o Vila Nova Futebol Clube. Casado com Meirilane Dias, \u00e9 pai de Juliana Dias, jornalista; Daniel Dias, economista; e Maria Rosa Dias, estudante antifascista, socialista e trotskista.\u00a0Com tr\u00eas pets: Porquinho [Bull Dog Franc\u00eas], Dalila [Basset Hound] e Geleia [Basset Hound]. Al\u00e9m do eterno gato Tutuquinho, que virou estrela.","sameAs":["https:\/\/www.facebook.com\/renato.dias.37","#breve","https:\/\/renatodias.tumblr.com\/"],"url":"https:\/\/renatodias.online\/movimento\/author\/renatodias\/"}]}},"_links":{"self":[{"href":"https:\/\/renatodias.online\/movimento\/wp-json\/wp\/v2\/posts\/13126","targetHints":{"allow":["GET"]}}],"collection":[{"href":"https:\/\/renatodias.online\/movimento\/wp-json\/wp\/v2\/posts"}],"about":[{"href":"https:\/\/renatodias.online\/movimento\/wp-json\/wp\/v2\/types\/post"}],"author":[{"embeddable":true,"href":"https:\/\/renatodias.online\/movimento\/wp-json\/wp\/v2\/users\/2"}],"replies":[{"embeddable":true,"href":"https:\/\/renatodias.online\/movimento\/wp-json\/wp\/v2\/comments?post=13126"}],"version-history":[{"count":1,"href":"https:\/\/renatodias.online\/movimento\/wp-json\/wp\/v2\/posts\/13126\/revisions"}],"predecessor-version":[{"id":13128,"href":"https:\/\/renatodias.online\/movimento\/wp-json\/wp\/v2\/posts\/13126\/revisions\/13128"}],"wp:featuredmedia":[{"embeddable":true,"href":"https:\/\/renatodias.online\/movimento\/wp-json\/wp\/v2\/media\/13127"}],"wp:attachment":[{"href":"https:\/\/renatodias.online\/movimento\/wp-json\/wp\/v2\/media?parent=13126"}],"wp:term":[{"taxonomy":"category","embeddable":true,"href":"https:\/\/renatodias.online\/movimento\/wp-json\/wp\/v2\/categories?post=13126"},{"taxonomy":"post_tag","embeddable":true,"href":"https:\/\/renatodias.online\/movimento\/wp-json\/wp\/v2\/tags?post=13126"}],"curies":[{"name":"wp","href":"https:\/\/api.w.org\/{rel}","templated":true}]}}