{"id":13120,"date":"2022-07-05T17:53:18","date_gmt":"2022-07-05T20:53:18","guid":{"rendered":"https:\/\/renatodias.online\/movimento\/?p=13120"},"modified":"2022-07-05T17:53:18","modified_gmt":"2022-07-05T20:53:18","slug":"lula-no-1-turno-cre-rosemar-cardoso-maciel","status":"publish","type":"post","link":"https:\/\/renatodias.online\/movimento\/2022\/07\/05\/lula-no-1-turno-cre-rosemar-cardoso-maciel\/","title":{"rendered":"Lula no 1\u00b0 turno, cr\u00ea Rosemar Cardoso Maciel"},"content":{"rendered":"<h2 style=\"text-align: center;\"><strong><img loading=\"lazy\" decoding=\"async\" class=\"wp-image-11445 size-full aligncenter\" src=\"https:\/\/renatodias.online\/movimento\/wp-content\/uploads\/2022\/03\/Eleicoes-de-2022.jpeg\" alt=\"\" width=\"639\" height=\"361\" srcset=\"https:\/\/renatodias.online\/movimento\/wp-content\/uploads\/2022\/03\/Eleicoes-de-2022.jpeg 639w, https:\/\/renatodias.online\/movimento\/wp-content\/uploads\/2022\/03\/Eleicoes-de-2022-300x169.jpeg 300w\" sizes=\"auto, (max-width: 639px) 100vw, 639px\" \/><\/strong><span style=\"color: #ff0000;\"><strong>Para derrotar projeto dist\u00f3pico de destrui\u00e7\u00e3o nacional<\/strong><\/span><\/h2>\n<figure id=\"attachment_13121\" aria-describedby=\"caption-attachment-13121\" style=\"width: 768px\" class=\"wp-caption aligncenter\"><img loading=\"lazy\" decoding=\"async\" class=\"wp-image-13121 size-full\" src=\"https:\/\/renatodias.online\/movimento\/wp-content\/uploads\/2022\/07\/Lula-e-Alckmin.jpg\" alt=\"\" width=\"768\" height=\"512\" \/><figcaption id=\"caption-attachment-13121\" class=\"wp-caption-text\"><strong>Luiz In\u00e1cio Lula da Silva e Geraldo e Alckmin<\/strong><\/figcaption><\/figure>\n<h2><img loading=\"lazy\" decoding=\"async\" class=\"size-full wp-image-11298 aligncenter\" src=\"https:\/\/renatodias.online\/movimento\/wp-content\/uploads\/2022\/03\/Entrevista-Especial.png\" alt=\"\" width=\"225\" height=\"225\" srcset=\"https:\/\/renatodias.online\/movimento\/wp-content\/uploads\/2022\/03\/Entrevista-Especial.png 225w, https:\/\/renatodias.online\/movimento\/wp-content\/uploads\/2022\/03\/Entrevista-Especial-150x150.png 150w\" sizes=\"auto, (max-width: 225px) 100vw, 225px\" \/><\/h2>\n<h2 style=\"text-align: center;\"><span style=\"color: #808000;\"><strong>Engenheiro e sindicalista v\u00ea fracasso em autogolpe<\/strong><\/span><\/h2>\n<p><strong>Renato Dias<\/strong><\/p>\n<p>O engenheiro <strong><span style=\"color: #ff0000;\">Rosemar Cardoso Maciel, sindicalista e membro da Frente Brasil Esperan\u00e7a<\/span><\/strong>, integrada por PT, PC do B e PV, com apoio nacional de PSB, Psol, Rede, PCO, Solidariedade, uma parte do PSD, PSDB, MDB e PDT, afirma que <strong>Luiz In\u00e1cio Lula da Silva<\/strong> est\u00e1 mais pr\u00f3ximo da elei\u00e7\u00e3o j\u00e1 no primeiro turno, em 2 de outubro de 2022.<\/p>\n<blockquote>\n<h1><span style=\"color: #0000ff;\"><strong>N\u00e3o ocorrer\u00e1 autogolpe do suposto Messias, Jair Bolsonaro<\/strong><\/span><\/h1>\n<\/blockquote>\n<p><span style=\"color: #ff0000;\"><strong>Rosemar Cardoso Maciel<\/strong><\/span><\/p>\n<figure id=\"attachment_12809\" aria-describedby=\"caption-attachment-12809\" style=\"width: 1140px\" class=\"wp-caption alignnone\"><img loading=\"lazy\" decoding=\"async\" class=\"wp-image-12809 size-large\" src=\"https:\/\/renatodias.online\/movimento\/wp-content\/uploads\/2022\/06\/Os-generais-de-Jair-Bolsonaro-reportagem-especial-1536x1024.jpg\" alt=\"\" width=\"1140\" height=\"760\" srcset=\"https:\/\/renatodias.online\/movimento\/wp-content\/uploads\/2022\/06\/Os-generais-de-Jair-Bolsonaro-reportagem-especial-1536x1024.jpg 1536w, https:\/\/renatodias.online\/movimento\/wp-content\/uploads\/2022\/06\/Os-generais-de-Jair-Bolsonaro-reportagem-especial-300x200.jpg 300w, https:\/\/renatodias.online\/movimento\/wp-content\/uploads\/2022\/06\/Os-generais-de-Jair-Bolsonaro-reportagem-especial-768x512.jpg 768w, https:\/\/renatodias.online\/movimento\/wp-content\/uploads\/2022\/06\/Os-generais-de-Jair-Bolsonaro-reportagem-especial-2048x1365.jpg 2048w, https:\/\/renatodias.online\/movimento\/wp-content\/uploads\/2022\/06\/Os-generais-de-Jair-Bolsonaro-reportagem-especial-360x240.jpg 360w, https:\/\/renatodias.online\/movimento\/wp-content\/uploads\/2022\/06\/Os-generais-de-Jair-Bolsonaro-reportagem-especial-750x500.jpg 750w\" sizes=\"auto, (max-width: 1140px) 100vw, 1140px\" \/><figcaption id=\"caption-attachment-12809\" class=\"wp-caption-text\"><strong>Os generais de Jair Bolsonaro<\/strong><\/figcaption><\/figure>\n<p>O ativista pol\u00edtico de esquerda, apaixonado pelo <strong><span style=\"color: #ff0000;\">Vila Nova [GO]<\/span>, Cear\u00e1 [CE] e Botafogo [RJ],<\/strong> v\u00ea, hoje, clima para uma Am\u00e9rica Latina \u00e0 esquerda, sublinha. Vermelha, resume. Com as derrotas consecutivas, nas urnas, dos respectivos pa\u00edses, de<strong> nomes com plataformas pol\u00edticas dist\u00f3picas, regressivas, assim como de linhagem neoliberais<\/strong>, dispara.<\/p>\n<figure id=\"attachment_11471\" aria-describedby=\"caption-attachment-11471\" style=\"width: 800px\" class=\"wp-caption aligncenter\"><img loading=\"lazy\" decoding=\"async\" class=\"wp-image-11471 size-full\" src=\"https:\/\/renatodias.online\/movimento\/wp-content\/uploads\/2022\/03\/Salvador-Allende-e-Gabriel-Boric.jpeg\" alt=\"\" width=\"800\" height=\"450\" srcset=\"https:\/\/renatodias.online\/movimento\/wp-content\/uploads\/2022\/03\/Salvador-Allende-e-Gabriel-Boric.jpeg 800w, https:\/\/renatodias.online\/movimento\/wp-content\/uploads\/2022\/03\/Salvador-Allende-e-Gabriel-Boric-300x169.jpeg 300w, https:\/\/renatodias.online\/movimento\/wp-content\/uploads\/2022\/03\/Salvador-Allende-e-Gabriel-Boric-768x432.jpeg 768w, https:\/\/renatodias.online\/movimento\/wp-content\/uploads\/2022\/03\/Salvador-Allende-e-Gabriel-Boric-750x422.jpeg 750w\" sizes=\"auto, (max-width: 800px) 100vw, 800px\" \/><figcaption id=\"caption-attachment-11471\" class=\"wp-caption-text\"><strong>Salvador Allende e Gabriel Boric: adelante, Chile!<br \/><\/strong><\/figcaption><\/figure>\n<blockquote>\n<h2><span style=\"color: #0000ff;\"><strong>Argentina, Bol\u00edvia, Chile, Col\u00f4mbia, Peru, M\u00e9xico, Honduras, Nicar\u00e1gua, Cuba, Venezuela<\/strong><\/span><\/h2>\n<\/blockquote>\n<p><span style=\"color: #ff0000;\"><strong>Rosemar Cardoso Maciel<\/strong><\/span><\/p>\n<p>As oposi\u00e7\u00f5es, no segundo turno, possuem chances de derrotarem o atual governador do Estado de Goi\u00e1s, Ronaldo Caiado [Uni\u00e3o Brasil].<span style=\"color: #ff0000;\"> <strong>O ex-reitor Wolmir Amado [PT] deve costurar um palanque amplo com PT, PSB, PV, PC do B, PCO, a Rede Sustentabilidade e at\u00e9 o Psol<\/strong><\/span> para ganhar as elei\u00e7\u00f5es, explica, animado,<span style=\"color: #ff0000;\"> <strong>Rosemar Cardoso Maciel<\/strong>.<\/span><\/p>\n<figure id=\"attachment_9629\" aria-describedby=\"caption-attachment-9629\" style=\"width: 627px\" class=\"wp-caption aligncenter\"><img loading=\"lazy\" decoding=\"async\" class=\"wp-image-9629 size-full\" src=\"https:\/\/renatodias.online\/movimento\/wp-content\/uploads\/2021\/11\/Wolmir-Therezio-Amado.jpg\" alt=\"\" width=\"627\" height=\"400\" \/><figcaption id=\"caption-attachment-9629\" class=\"wp-caption-text\"><strong>Wolmir Therezio Amado<\/strong><\/figcaption><\/figure>\n<p><img loading=\"lazy\" decoding=\"async\" class=\"wp-image-13122 size-full aligncenter\" src=\"https:\/\/renatodias.online\/movimento\/wp-content\/uploads\/2022\/07\/FBE.jpg\" alt=\"\" width=\"259\" height=\"195\" \/><\/p>\n","protected":false},"excerpt":{"rendered":"<p>Para derrotar projeto dist\u00f3pico de destrui\u00e7\u00e3o nacional Engenheiro e sindicalista v\u00ea fracasso em autogolpe Renato Dias O engenheiro Rosemar Cardoso Maciel, sindicalista e membro da Frente Brasil Esperan\u00e7a, integrada por PT, PC do B e PV, com apoio nacional de PSB, Psol, Rede, PCO, Solidariedade, uma parte do PSD, PSDB, MDB e PDT, afirma que<\/p>\n","protected":false},"author":2,"featured_media":4003,"comment_status":"open","ping_status":"open","sticky":false,"template":"","format":"standard","meta":{"_acf_changed":false,"_monsterinsights_skip_tracking":false,"_monsterinsights_sitenote_active":false,"_monsterinsights_sitenote_note":"","_monsterinsights_sitenote_category":0,"footnotes":""},"categories":[57],"tags":[],"class_list":["post-13120","post","type-post","status-publish","format-standard","has-post-thumbnail","hentry","category-entrevista"],"acf":[],"yoast_head":"<!-- This site is optimized with the Yoast SEO plugin v27.4 - https:\/\/yoast.com\/product\/yoast-seo-wordpress\/ -->\n<title>Lula no 1\u00b0 turno, cr\u00ea Rosemar Cardoso Maciel -<\/title>\n<meta name=\"robots\" content=\"index, follow, max-snippet:-1, max-image-preview:large, max-video-preview:-1\" \/>\n<link rel=\"canonical\" href=\"https:\/\/renatodias.online\/movimento\/2022\/07\/05\/lula-no-1-turno-cre-rosemar-cardoso-maciel\/\" \/>\n<meta property=\"og:locale\" content=\"pt_BR\" \/>\n<meta property=\"og:type\" content=\"article\" \/>\n<meta property=\"og:title\" content=\"Lula no 1\u00b0 turno, cr\u00ea Rosemar Cardoso Maciel -\" \/>\n<meta property=\"og:description\" content=\"Para derrotar projeto dist\u00f3pico de destrui\u00e7\u00e3o nacional Engenheiro e sindicalista v\u00ea fracasso em autogolpe Renato Dias O engenheiro Rosemar Cardoso Maciel, sindicalista e membro da Frente Brasil Esperan\u00e7a, integrada por PT, PC do B e PV, com apoio nacional de PSB, Psol, Rede, PCO, Solidariedade, uma parte do PSD, PSDB, MDB e PDT, afirma que\" \/>\n<meta property=\"og:url\" content=\"https:\/\/renatodias.online\/movimento\/2022\/07\/05\/lula-no-1-turno-cre-rosemar-cardoso-maciel\/\" \/>\n<meta property=\"article:publisher\" content=\"https:\/\/www.facebook.com\/renato.dias.37\" \/>\n<meta property=\"article:author\" content=\"https:\/\/www.facebook.com\/renato.dias.37\" \/>\n<meta property=\"article:published_time\" content=\"2022-07-05T20:53:18+00:00\" \/>\n<meta property=\"og:image\" content=\"https:\/\/renatodias.online\/movimento\/wp-content\/uploads\/2020\/06\/Rosemar-Cardoso-Maciel-6-e1656530282141.png\" \/>\n\t<meta property=\"og:image:width\" content=\"360\" \/>\n\t<meta property=\"og:image:height\" content=\"381\" \/>\n\t<meta property=\"og:image:type\" content=\"image\/png\" \/>\n<meta name=\"author\" content=\"Renato Dias\" \/>\n<meta name=\"twitter:card\" content=\"summary_large_image\" \/>\n<meta name=\"twitter:creator\" content=\"@RenatoDiasBat\" \/>\n<meta name=\"twitter:site\" content=\"@RenatoDiasBat\" \/>\n<meta name=\"twitter:label1\" content=\"Escrito por\" \/>\n\t<meta name=\"twitter:data1\" content=\"Renato Dias\" \/>\n\t<meta name=\"twitter:label2\" content=\"Est. tempo de leitura\" \/>\n\t<meta name=\"twitter:data2\" content=\"1 minuto\" \/>\n<script type=\"application\/ld+json\" class=\"yoast-schema-graph\">{\"@context\":\"https:\\\/\\\/schema.org\",\"@graph\":[{\"@type\":\"Article\",\"@id\":\"https:\\\/\\\/renatodias.online\\\/movimento\\\/2022\\\/07\\\/05\\\/lula-no-1-turno-cre-rosemar-cardoso-maciel\\\/#article\",\"isPartOf\":{\"@id\":\"https:\\\/\\\/renatodias.online\\\/movimento\\\/2022\\\/07\\\/05\\\/lula-no-1-turno-cre-rosemar-cardoso-maciel\\\/\"},\"author\":{\"name\":\"Renato Dias\",\"@id\":\"https:\\\/\\\/renatodias.online\\\/movimento\\\/#\\\/schema\\\/person\\\/bbab28833b1725a20f4083f49f1fb2a9\"},\"headline\":\"Lula no 1\u00b0 turno, cr\u00ea Rosemar Cardoso Maciel\",\"datePublished\":\"2022-07-05T20:53:18+00:00\",\"mainEntityOfPage\":{\"@id\":\"https:\\\/\\\/renatodias.online\\\/movimento\\\/2022\\\/07\\\/05\\\/lula-no-1-turno-cre-rosemar-cardoso-maciel\\\/\"},\"wordCount\":279,\"commentCount\":0,\"publisher\":{\"@id\":\"https:\\\/\\\/renatodias.online\\\/movimento\\\/#\\\/schema\\\/person\\\/bbab28833b1725a20f4083f49f1fb2a9\"},\"image\":{\"@id\":\"https:\\\/\\\/renatodias.online\\\/movimento\\\/2022\\\/07\\\/05\\\/lula-no-1-turno-cre-rosemar-cardoso-maciel\\\/#primaryimage\"},\"thumbnailUrl\":\"https:\\\/\\\/renatodias.online\\\/movimento\\\/wp-content\\\/uploads\\\/2020\\\/06\\\/Rosemar-Cardoso-Maciel-6-e1656530282141.png\",\"articleSection\":[\"Entrevista\"],\"inLanguage\":\"pt-BR\",\"potentialAction\":[{\"@type\":\"CommentAction\",\"name\":\"Comment\",\"target\":[\"https:\\\/\\\/renatodias.online\\\/movimento\\\/2022\\\/07\\\/05\\\/lula-no-1-turno-cre-rosemar-cardoso-maciel\\\/#respond\"]}]},{\"@type\":\"WebPage\",\"@id\":\"https:\\\/\\\/renatodias.online\\\/movimento\\\/2022\\\/07\\\/05\\\/lula-no-1-turno-cre-rosemar-cardoso-maciel\\\/\",\"url\":\"https:\\\/\\\/renatodias.online\\\/movimento\\\/2022\\\/07\\\/05\\\/lula-no-1-turno-cre-rosemar-cardoso-maciel\\\/\",\"name\":\"Lula no 1\u00b0 turno, cr\u00ea Rosemar Cardoso Maciel -\",\"isPartOf\":{\"@id\":\"https:\\\/\\\/renatodias.online\\\/movimento\\\/#website\"},\"primaryImageOfPage\":{\"@id\":\"https:\\\/\\\/renatodias.online\\\/movimento\\\/2022\\\/07\\\/05\\\/lula-no-1-turno-cre-rosemar-cardoso-maciel\\\/#primaryimage\"},\"image\":{\"@id\":\"https:\\\/\\\/renatodias.online\\\/movimento\\\/2022\\\/07\\\/05\\\/lula-no-1-turno-cre-rosemar-cardoso-maciel\\\/#primaryimage\"},\"thumbnailUrl\":\"https:\\\/\\\/renatodias.online\\\/movimento\\\/wp-content\\\/uploads\\\/2020\\\/06\\\/Rosemar-Cardoso-Maciel-6-e1656530282141.png\",\"datePublished\":\"2022-07-05T20:53:18+00:00\",\"breadcrumb\":{\"@id\":\"https:\\\/\\\/renatodias.online\\\/movimento\\\/2022\\\/07\\\/05\\\/lula-no-1-turno-cre-rosemar-cardoso-maciel\\\/#breadcrumb\"},\"inLanguage\":\"pt-BR\",\"potentialAction\":[{\"@type\":\"ReadAction\",\"target\":[\"https:\\\/\\\/renatodias.online\\\/movimento\\\/2022\\\/07\\\/05\\\/lula-no-1-turno-cre-rosemar-cardoso-maciel\\\/\"]}]},{\"@type\":\"ImageObject\",\"inLanguage\":\"pt-BR\",\"@id\":\"https:\\\/\\\/renatodias.online\\\/movimento\\\/2022\\\/07\\\/05\\\/lula-no-1-turno-cre-rosemar-cardoso-maciel\\\/#primaryimage\",\"url\":\"https:\\\/\\\/renatodias.online\\\/movimento\\\/wp-content\\\/uploads\\\/2020\\\/06\\\/Rosemar-Cardoso-Maciel-6-e1656530282141.png\",\"contentUrl\":\"https:\\\/\\\/renatodias.online\\\/movimento\\\/wp-content\\\/uploads\\\/2020\\\/06\\\/Rosemar-Cardoso-Maciel-6-e1656530282141.png\",\"width\":360,\"height\":381,\"caption\":\"Rosemar Cardoso Maciel\"},{\"@type\":\"BreadcrumbList\",\"@id\":\"https:\\\/\\\/renatodias.online\\\/movimento\\\/2022\\\/07\\\/05\\\/lula-no-1-turno-cre-rosemar-cardoso-maciel\\\/#breadcrumb\",\"itemListElement\":[{\"@type\":\"ListItem\",\"position\":1,\"name\":\"In\u00edcio\",\"item\":\"https:\\\/\\\/renatodias.online\\\/movimento\\\/\"},{\"@type\":\"ListItem\",\"position\":2,\"name\":\"Lula no 1\u00b0 turno, cr\u00ea Rosemar Cardoso Maciel\"}]},{\"@type\":\"WebSite\",\"@id\":\"https:\\\/\\\/renatodias.online\\\/movimento\\\/#website\",\"url\":\"https:\\\/\\\/renatodias.online\\\/movimento\\\/\",\"name\":\"\",\"description\":\"\",\"publisher\":{\"@id\":\"https:\\\/\\\/renatodias.online\\\/movimento\\\/#\\\/schema\\\/person\\\/bbab28833b1725a20f4083f49f1fb2a9\"},\"potentialAction\":[{\"@type\":\"SearchAction\",\"target\":{\"@type\":\"EntryPoint\",\"urlTemplate\":\"https:\\\/\\\/renatodias.online\\\/movimento\\\/?s={search_term_string}\"},\"query-input\":{\"@type\":\"PropertyValueSpecification\",\"valueRequired\":true,\"valueName\":\"search_term_string\"}}],\"inLanguage\":\"pt-BR\"},{\"@type\":[\"Person\",\"Organization\"],\"@id\":\"https:\\\/\\\/renatodias.online\\\/movimento\\\/#\\\/schema\\\/person\\\/bbab28833b1725a20f4083f49f1fb2a9\",\"name\":\"Renato Dias\",\"image\":{\"@type\":\"ImageObject\",\"inLanguage\":\"pt-BR\",\"@id\":\"https:\\\/\\\/renatodias.online\\\/movimento\\\/wp-content\\\/uploads\\\/2023\\\/03\\\/cropped-cropped-cropped-logofinal.jpeg\",\"url\":\"https:\\\/\\\/renatodias.online\\\/movimento\\\/wp-content\\\/uploads\\\/2023\\\/03\\\/cropped-cropped-cropped-logofinal.jpeg\",\"contentUrl\":\"https:\\\/\\\/renatodias.online\\\/movimento\\\/wp-content\\\/uploads\\\/2023\\\/03\\\/cropped-cropped-cropped-logofinal.jpeg\",\"width\":1280,\"height\":219,\"caption\":\"Renato Dias\"},\"logo\":{\"@id\":\"https:\\\/\\\/renatodias.online\\\/movimento\\\/wp-content\\\/uploads\\\/2023\\\/03\\\/cropped-cropped-cropped-logofinal.jpeg\"},\"description\":\"Renato Dias, 58 anos, \u00e9 graduado em Jornalismo, formado em Ci\u00eancias Sociais, com p\u00f3s-gradua\u00e7\u00e3o em Pol\u00edticas P\u00fablicas, mestre em Direito e Rela\u00e7\u00f5es Internacionais, ex-aluno extraordin\u00e1rio do Doutorado em Psicologia Social, ex-estudante do Curso de Psican\u00e1lise do Centro de Estudos Psicanal\u00edticos do Estado de Goi\u00e1s, ministrado pelo m\u00e9dico psiquiatra e psicanalista Daniel Em\u00eddio de Souza. \u00c9 autor de 30 livros-reportagem, oito document\u00e1rios, ganhou 30 pr\u00eamios e \u00e9 torcedor apaixonado do maior do Centro-Oeste, o Vila Nova Futebol Clube. Casado com Meirilane Dias, \u00e9 pai de Juliana Dias, jornalista; Daniel Dias, economista; e Maria Rosa Dias, estudante antifascista, socialista e trotskista.\u00a0Com tr\u00eas pets: Porquinho [Bull Dog Franc\u00eas], Dalila [Basset Hound] e Geleia [Basset Hound]. Al\u00e9m do eterno gato Tutuquinho, que virou estrela.\",\"sameAs\":[\"https:\\\/\\\/www.facebook.com\\\/renato.dias.37\",\"#breve\",\"https:\\\/\\\/renatodias.tumblr.com\\\/\"],\"url\":\"https:\\\/\\\/renatodias.online\\\/movimento\\\/author\\\/renatodias\\\/\"}]}<\/script>\n<!-- \/ Yoast SEO plugin. -->","yoast_head_json":{"title":"Lula no 1\u00b0 turno, cr\u00ea Rosemar Cardoso Maciel -","robots":{"index":"index","follow":"follow","max-snippet":"max-snippet:-1","max-image-preview":"max-image-preview:large","max-video-preview":"max-video-preview:-1"},"canonical":"https:\/\/renatodias.online\/movimento\/2022\/07\/05\/lula-no-1-turno-cre-rosemar-cardoso-maciel\/","og_locale":"pt_BR","og_type":"article","og_title":"Lula no 1\u00b0 turno, cr\u00ea Rosemar Cardoso Maciel -","og_description":"Para derrotar projeto dist\u00f3pico de destrui\u00e7\u00e3o nacional Engenheiro e sindicalista v\u00ea fracasso em autogolpe Renato Dias O engenheiro Rosemar Cardoso Maciel, sindicalista e membro da Frente Brasil Esperan\u00e7a, integrada por PT, PC do B e PV, com apoio nacional de PSB, Psol, Rede, PCO, Solidariedade, uma parte do PSD, PSDB, MDB e PDT, afirma que","og_url":"https:\/\/renatodias.online\/movimento\/2022\/07\/05\/lula-no-1-turno-cre-rosemar-cardoso-maciel\/","article_publisher":"https:\/\/www.facebook.com\/renato.dias.37","article_author":"https:\/\/www.facebook.com\/renato.dias.37","article_published_time":"2022-07-05T20:53:18+00:00","og_image":[{"width":360,"height":381,"url":"https:\/\/renatodias.online\/movimento\/wp-content\/uploads\/2020\/06\/Rosemar-Cardoso-Maciel-6-e1656530282141.png","type":"image\/png"}],"author":"Renato Dias","twitter_card":"summary_large_image","twitter_creator":"@RenatoDiasBat","twitter_site":"@RenatoDiasBat","twitter_misc":{"Escrito por":"Renato Dias","Est. tempo de leitura":"1 minuto"},"schema":{"@context":"https:\/\/schema.org","@graph":[{"@type":"Article","@id":"https:\/\/renatodias.online\/movimento\/2022\/07\/05\/lula-no-1-turno-cre-rosemar-cardoso-maciel\/#article","isPartOf":{"@id":"https:\/\/renatodias.online\/movimento\/2022\/07\/05\/lula-no-1-turno-cre-rosemar-cardoso-maciel\/"},"author":{"name":"Renato Dias","@id":"https:\/\/renatodias.online\/movimento\/#\/schema\/person\/bbab28833b1725a20f4083f49f1fb2a9"},"headline":"Lula no 1\u00b0 turno, cr\u00ea Rosemar Cardoso Maciel","datePublished":"2022-07-05T20:53:18+00:00","mainEntityOfPage":{"@id":"https:\/\/renatodias.online\/movimento\/2022\/07\/05\/lula-no-1-turno-cre-rosemar-cardoso-maciel\/"},"wordCount":279,"commentCount":0,"publisher":{"@id":"https:\/\/renatodias.online\/movimento\/#\/schema\/person\/bbab28833b1725a20f4083f49f1fb2a9"},"image":{"@id":"https:\/\/renatodias.online\/movimento\/2022\/07\/05\/lula-no-1-turno-cre-rosemar-cardoso-maciel\/#primaryimage"},"thumbnailUrl":"https:\/\/renatodias.online\/movimento\/wp-content\/uploads\/2020\/06\/Rosemar-Cardoso-Maciel-6-e1656530282141.png","articleSection":["Entrevista"],"inLanguage":"pt-BR","potentialAction":[{"@type":"CommentAction","name":"Comment","target":["https:\/\/renatodias.online\/movimento\/2022\/07\/05\/lula-no-1-turno-cre-rosemar-cardoso-maciel\/#respond"]}]},{"@type":"WebPage","@id":"https:\/\/renatodias.online\/movimento\/2022\/07\/05\/lula-no-1-turno-cre-rosemar-cardoso-maciel\/","url":"https:\/\/renatodias.online\/movimento\/2022\/07\/05\/lula-no-1-turno-cre-rosemar-cardoso-maciel\/","name":"Lula no 1\u00b0 turno, cr\u00ea Rosemar Cardoso Maciel -","isPartOf":{"@id":"https:\/\/renatodias.online\/movimento\/#website"},"primaryImageOfPage":{"@id":"https:\/\/renatodias.online\/movimento\/2022\/07\/05\/lula-no-1-turno-cre-rosemar-cardoso-maciel\/#primaryimage"},"image":{"@id":"https:\/\/renatodias.online\/movimento\/2022\/07\/05\/lula-no-1-turno-cre-rosemar-cardoso-maciel\/#primaryimage"},"thumbnailUrl":"https:\/\/renatodias.online\/movimento\/wp-content\/uploads\/2020\/06\/Rosemar-Cardoso-Maciel-6-e1656530282141.png","datePublished":"2022-07-05T20:53:18+00:00","breadcrumb":{"@id":"https:\/\/renatodias.online\/movimento\/2022\/07\/05\/lula-no-1-turno-cre-rosemar-cardoso-maciel\/#breadcrumb"},"inLanguage":"pt-BR","potentialAction":[{"@type":"ReadAction","target":["https:\/\/renatodias.online\/movimento\/2022\/07\/05\/lula-no-1-turno-cre-rosemar-cardoso-maciel\/"]}]},{"@type":"ImageObject","inLanguage":"pt-BR","@id":"https:\/\/renatodias.online\/movimento\/2022\/07\/05\/lula-no-1-turno-cre-rosemar-cardoso-maciel\/#primaryimage","url":"https:\/\/renatodias.online\/movimento\/wp-content\/uploads\/2020\/06\/Rosemar-Cardoso-Maciel-6-e1656530282141.png","contentUrl":"https:\/\/renatodias.online\/movimento\/wp-content\/uploads\/2020\/06\/Rosemar-Cardoso-Maciel-6-e1656530282141.png","width":360,"height":381,"caption":"Rosemar Cardoso Maciel"},{"@type":"BreadcrumbList","@id":"https:\/\/renatodias.online\/movimento\/2022\/07\/05\/lula-no-1-turno-cre-rosemar-cardoso-maciel\/#breadcrumb","itemListElement":[{"@type":"ListItem","position":1,"name":"In\u00edcio","item":"https:\/\/renatodias.online\/movimento\/"},{"@type":"ListItem","position":2,"name":"Lula no 1\u00b0 turno, cr\u00ea Rosemar Cardoso Maciel"}]},{"@type":"WebSite","@id":"https:\/\/renatodias.online\/movimento\/#website","url":"https:\/\/renatodias.online\/movimento\/","name":"","description":"","publisher":{"@id":"https:\/\/renatodias.online\/movimento\/#\/schema\/person\/bbab28833b1725a20f4083f49f1fb2a9"},"potentialAction":[{"@type":"SearchAction","target":{"@type":"EntryPoint","urlTemplate":"https:\/\/renatodias.online\/movimento\/?s={search_term_string}"},"query-input":{"@type":"PropertyValueSpecification","valueRequired":true,"valueName":"search_term_string"}}],"inLanguage":"pt-BR"},{"@type":["Person","Organization"],"@id":"https:\/\/renatodias.online\/movimento\/#\/schema\/person\/bbab28833b1725a20f4083f49f1fb2a9","name":"Renato Dias","image":{"@type":"ImageObject","inLanguage":"pt-BR","@id":"https:\/\/renatodias.online\/movimento\/wp-content\/uploads\/2023\/03\/cropped-cropped-cropped-logofinal.jpeg","url":"https:\/\/renatodias.online\/movimento\/wp-content\/uploads\/2023\/03\/cropped-cropped-cropped-logofinal.jpeg","contentUrl":"https:\/\/renatodias.online\/movimento\/wp-content\/uploads\/2023\/03\/cropped-cropped-cropped-logofinal.jpeg","width":1280,"height":219,"caption":"Renato Dias"},"logo":{"@id":"https:\/\/renatodias.online\/movimento\/wp-content\/uploads\/2023\/03\/cropped-cropped-cropped-logofinal.jpeg"},"description":"Renato Dias, 58 anos, \u00e9 graduado em Jornalismo, formado em Ci\u00eancias Sociais, com p\u00f3s-gradua\u00e7\u00e3o em Pol\u00edticas P\u00fablicas, mestre em Direito e Rela\u00e7\u00f5es Internacionais, ex-aluno extraordin\u00e1rio do Doutorado em Psicologia Social, ex-estudante do Curso de Psican\u00e1lise do Centro de Estudos Psicanal\u00edticos do Estado de Goi\u00e1s, ministrado pelo m\u00e9dico psiquiatra e psicanalista Daniel Em\u00eddio de Souza. \u00c9 autor de 30 livros-reportagem, oito document\u00e1rios, ganhou 30 pr\u00eamios e \u00e9 torcedor apaixonado do maior do Centro-Oeste, o Vila Nova Futebol Clube. Casado com Meirilane Dias, \u00e9 pai de Juliana Dias, jornalista; Daniel Dias, economista; e Maria Rosa Dias, estudante antifascista, socialista e trotskista.\u00a0Com tr\u00eas pets: Porquinho [Bull Dog Franc\u00eas], Dalila [Basset Hound] e Geleia [Basset Hound]. Al\u00e9m do eterno gato Tutuquinho, que virou estrela.","sameAs":["https:\/\/www.facebook.com\/renato.dias.37","#breve","https:\/\/renatodias.tumblr.com\/"],"url":"https:\/\/renatodias.online\/movimento\/author\/renatodias\/"}]}},"_links":{"self":[{"href":"https:\/\/renatodias.online\/movimento\/wp-json\/wp\/v2\/posts\/13120","targetHints":{"allow":["GET"]}}],"collection":[{"href":"https:\/\/renatodias.online\/movimento\/wp-json\/wp\/v2\/posts"}],"about":[{"href":"https:\/\/renatodias.online\/movimento\/wp-json\/wp\/v2\/types\/post"}],"author":[{"embeddable":true,"href":"https:\/\/renatodias.online\/movimento\/wp-json\/wp\/v2\/users\/2"}],"replies":[{"embeddable":true,"href":"https:\/\/renatodias.online\/movimento\/wp-json\/wp\/v2\/comments?post=13120"}],"version-history":[{"count":1,"href":"https:\/\/renatodias.online\/movimento\/wp-json\/wp\/v2\/posts\/13120\/revisions"}],"predecessor-version":[{"id":13123,"href":"https:\/\/renatodias.online\/movimento\/wp-json\/wp\/v2\/posts\/13120\/revisions\/13123"}],"wp:featuredmedia":[{"embeddable":true,"href":"https:\/\/renatodias.online\/movimento\/wp-json\/wp\/v2\/media\/4003"}],"wp:attachment":[{"href":"https:\/\/renatodias.online\/movimento\/wp-json\/wp\/v2\/media?parent=13120"}],"wp:term":[{"taxonomy":"category","embeddable":true,"href":"https:\/\/renatodias.online\/movimento\/wp-json\/wp\/v2\/categories?post=13120"},{"taxonomy":"post_tag","embeddable":true,"href":"https:\/\/renatodias.online\/movimento\/wp-json\/wp\/v2\/tags?post=13120"}],"curies":[{"name":"wp","href":"https:\/\/api.w.org\/{rel}","templated":true}]}}